{"id":100208,"date":"2025-11-10T13:26:08","date_gmt":"2025-11-10T16:26:08","guid":{"rendered":"https:\/\/med.estrategia.com\/portal\/?p=100208"},"modified":"2025-11-10T13:26:11","modified_gmt":"2025-11-10T16:26:11","slug":"concursos-publicos-para-medicos-na-regiao-sul-veja-editais-prazos-e-vagas","status":"publish","type":"post","link":"https:\/\/med.estrategia.com\/portal\/concursos\/concursos-publicos-para-medicos-na-regiao-sul-veja-editais-prazos-e-vagas\/","title":{"rendered":"Concursos p\u00fablicos para m\u00e9dicos na regi\u00e3o Sul: veja editais, prazos e vagas"},"content":{"rendered":"<p>As <strong>Prefeituras de Morro da Fuma&ccedil;a, Brun&oacute;polis<\/strong>, ambas localizadas no <strong>estado de Santa Catarina<\/strong>, e <strong>Ivat&eacute;<\/strong>, no estado do <strong>Paran&aacute; <\/strong>j&aacute; est&atilde;o com as inscri&ccedil;&otilde;es abertas para os c<strong>oncurso p&uacute;blicos <\/strong>com <strong>vagas na &aacute;rea m&eacute;dica. <\/strong><p>Os editais oferecem oportunidades que envolvem desde cl&iacute;nicas gerais at&eacute; especializa&ccedil;&otilde;es, com jornadas diversificadas e remunera&ccedil;&otilde;es que variam entre R$ 2.365,59 a R$ 22,9 mil, conforme o cargo m&eacute;dico. <\/p><p>Todos os editais ofertam<strong> vagas imediatas, h&aacute; forma&ccedil;&atilde;o de cadastro reserva<\/strong> tamb&eacute;m para Morro da Fuma&ccedil;a e Brun&oacute;polis. Acompanhe, a seguir, as <strong>principais datas e informa&ccedil;&otilde;es de cada edital<\/strong>.<\/p><p>\n\n\n<div id=\"new-form\">\n\t<form id=\"forms_layout\">\n\t<input type=\"hidden\" id=\"chave_de\" name=\"chave_de\" value=\"01_EMED_LEADS_TOTAIS\" \/>\n\t\t<input type=\"hidden\" id=\"mid\" name=\"mid\" value=\"515009018\" \/>\n\t\t<input type=\"hidden\" id=\"Objetivo\" name=\"Objetivo\" value=\"Medicina\" \/>\n\t\t<input type=\"hidden\" id=\"Estado_de_Origem_do_IP\" name=\"Estado_de_Origem_do_IP\"  value=\"\" \/>\n\t\t<input type=\"hidden\" id=\"Cidade_de_Origem_do_IP\" name=\"Cidade_de_Origem_do_IP\" value=\"\" \/>\n\t\t<input type=\"hidden\" id=\"Modo_de_entrada\" name=\"Modo_de_entrada\" value=\"Portal\" \/>\n\t\t<input type=\"hidden\" id=\"Pagina_Origem\" name=\"Pagina_Origem\" value=\"\" \/>\n\n\t\t<div class=\"texto\">\n\t\t\t<div id=\"ez-toc-container\" class=\"ez-toc-v2_0_79_2 counter-hierarchy ez-toc-counter ez-toc-transparent ez-toc-container-direction\">\n<div class=\"ez-toc-title-container\"><p class=\"ez-toc-title\" style=\"cursor:inherit\">Navegue pelo conte\u00fado<\/p>\n<\/div><nav><ul class='ez-toc-list ez-toc-list-level-1 ' ><ul class='ez-toc-list-level-3' ><li class='ez-toc-heading-level-3'><a class=\"ez-toc-link ez-toc-heading-1\" href=\"https:\/\/med.estrategia.com\/portal\/concursos\/concursos-publicos-para-medicos-na-regiao-sul-veja-editais-prazos-e-vagas\/#Inscreva-se-em-nossa-newsletter\" >Inscreva-se em nossa newsletter!<\/a><\/li><\/ul><\/li><li class='ez-toc-page-1 ez-toc-heading-level-2'><a class=\"ez-toc-link ez-toc-heading-2\" href=\"https:\/\/med.estrategia.com\/portal\/concursos\/concursos-publicos-para-medicos-na-regiao-sul-veja-editais-prazos-e-vagas\/#Concurso-Prefeitura-de-Morro-da-FumacaSC\" >Concurso Prefeitura de Morro da Fuma&ccedil;a\/SC<\/a><ul class='ez-toc-list-level-3' ><li class='ez-toc-heading-level-3'><a class=\"ez-toc-link ez-toc-heading-3\" href=\"https:\/\/med.estrategia.com\/portal\/concursos\/concursos-publicos-para-medicos-na-regiao-sul-veja-editais-prazos-e-vagas\/#Vagas-%E2%80%93-Morro-da-FumacaSC\" >Vagas &ndash; Morro da Fuma&ccedil;a\/SC<\/a><\/li><li class='ez-toc-page-1 ez-toc-heading-level-3'><a class=\"ez-toc-link ez-toc-heading-4\" href=\"https:\/\/med.estrategia.com\/portal\/concursos\/concursos-publicos-para-medicos-na-regiao-sul-veja-editais-prazos-e-vagas\/#Como-sera-o-Processo-Seletivo\" >Como ser&aacute; o Processo Seletivo<\/a><\/li><\/ul><\/li><li class='ez-toc-page-1 ez-toc-heading-level-2'><a class=\"ez-toc-link ez-toc-heading-5\" href=\"https:\/\/med.estrategia.com\/portal\/concursos\/concursos-publicos-para-medicos-na-regiao-sul-veja-editais-prazos-e-vagas\/#Concurso-Prefeitura-de-BrunopolisSC\" >Concurso Prefeitura de Brun&oacute;polis\/SC<\/a><ul class='ez-toc-list-level-3' ><li class='ez-toc-heading-level-3'><a class=\"ez-toc-link ez-toc-heading-6\" href=\"https:\/\/med.estrategia.com\/portal\/concursos\/concursos-publicos-para-medicos-na-regiao-sul-veja-editais-prazos-e-vagas\/#Vagas-%E2%80%93-BrunopolisSC\" >Vagas &ndash; Brun&oacute;polis\/SC<\/a><\/li><li class='ez-toc-page-1 ez-toc-heading-level-3'><a class=\"ez-toc-link ez-toc-heading-7\" href=\"https:\/\/med.estrategia.com\/portal\/concursos\/concursos-publicos-para-medicos-na-regiao-sul-veja-editais-prazos-e-vagas\/#Como-sera-o-Processo-Seletivo-2\" >Como ser&aacute; o Processo Seletivo<\/a><\/li><\/ul><\/li><li class='ez-toc-page-1 ez-toc-heading-level-2'><a class=\"ez-toc-link ez-toc-heading-8\" href=\"https:\/\/med.estrategia.com\/portal\/concursos\/concursos-publicos-para-medicos-na-regiao-sul-veja-editais-prazos-e-vagas\/#Concurso-Prefeitura-de-IvatePR\" >Concurso Prefeitura de Ivat&eacute;\/PR<\/a><ul class='ez-toc-list-level-3' ><li class='ez-toc-heading-level-3'><a class=\"ez-toc-link ez-toc-heading-9\" href=\"https:\/\/med.estrategia.com\/portal\/concursos\/concursos-publicos-para-medicos-na-regiao-sul-veja-editais-prazos-e-vagas\/#Vagas-%E2%80%93-IvatePR\" >Vagas &ndash; Ivat&eacute;\/PR<\/a><\/li><li class='ez-toc-page-1 ez-toc-heading-level-3'><a class=\"ez-toc-link ez-toc-heading-10\" href=\"https:\/\/med.estrategia.com\/portal\/concursos\/concursos-publicos-para-medicos-na-regiao-sul-veja-editais-prazos-e-vagas\/#Como-sera-o-Processo-Seletivo-3\" >Como ser&aacute; o Processo Seletivo<\/a><\/li><\/ul><\/li><li class='ez-toc-page-1 ez-toc-heading-level-2'><a class=\"ez-toc-link ez-toc-heading-11\" href=\"https:\/\/med.estrategia.com\/portal\/concursos\/concursos-publicos-para-medicos-na-regiao-sul-veja-editais-prazos-e-vagas\/#Prepare-se-para-o-concurso-publico-na-area-medica-com-o-Estrategia-MED\" >Prepare-se para o concurso p&uacute;blico na &aacute;rea m&eacute;dica com o Estrat&eacute;gia MED!&nbsp;&nbsp;<\/a><\/li><\/ul><\/nav><\/div>\n<h3 class=\"news\"><span class=\"ez-toc-section\" id=\"Inscreva-se-em-nossa-newsletter\"><\/span>Inscreva-se em nossa newsletter!<span class=\"ez-toc-section-end\"><\/span><\/h3>\n\t\t\t<p>Receba not\u00edcias sobre resid\u00eancia m\u00e9dica, revalida\u00e7\u00e3o de diplomas e concursos m\u00e9dicos, al\u00e9m de materiais de estudo gratuitos e informa\u00e7\u00f5es relevantes do mundo da Medicina.<\/p>\n\t\t<\/div>\n\t\t<div class=\"campos\">\n\t\t\t<div class=\"first_name labels\">\n\t\t\t\t<input type=\"text\" class=\"input_labels\" id=\"first_name\" name=\"Nome_Completo\" placeholder=\"Nome\" required \/>\n\t\t\t<\/div>\n\t\t\t<div class=\"email labels\">\n\t\t\t\t<input type=\"email\" class=\"input_labels\" id=\"email\" name=\"Email\" placeholder=\"E-mail\" required \/>\n\t\t\t<\/div>\n\t\t\t<button type=\"submit\" class=\"button_layout\">\n\t\t\t\t<div id=\"lblBotao\">Inscreva-se<\/div>\n\t\t\t\t<span id=\"divSpiner\" class=\"loader\" role=\"status\" style=\"display: none;\"><\/span>\t\n\t\t\t<\/button>\n\t\t<\/div><!-- \/campos -->\n\t\t\n\t\t<label class=\"container_checkbox\">Voc\u00ea concorda com a nossa\n\t\t\t<a class=\"politics_privacy_ahref\" target=\"_blank\" href=\"https:\/\/gratis.estrategiaconcursos.com.br\/politica-de-privacidade\/\">Pol\u00edtica de Privacidade<\/a> e aceita receber informa\u00e7\u00f5es adicionais do Estrat\u00e9gia Educacional.\n\t\t\t<input id=\"checkbox_layout\" type=\"checkbox\" checked=\"checked\" required \/>\n\t\t\t<span class=\"checkbox\"><\/span>\n\t\t<\/label>\n\t\t<div id=\"msg\"><\/div>\n\t\t<div id=\"error\" class=\"error\">\n\t\t<\/div>\n\t<\/form>\n<\/div><!-- \/new-form -->\n\n\n\n<\/p><h2 class=\"wp-block-heading\" id=\"h-concurso-prefeitura-de-morro-da-fumaca-sc\"><span class=\"ez-toc-section\" id=\"Concurso-Prefeitura-de-Morro-da-FumacaSC\"><\/span><mark style=\"background-color:#0693e3\" class=\"has-inline-color has-black-color\">Concurso Prefeitura de Morro da Fuma&ccedil;a\/SC<\/mark><span class=\"ez-toc-section-end\"><\/span><\/h2><figure class=\"wp-block-table\"><table class=\"has-fixed-layout\"><tbody><tr><td><strong>Vagas Ofertadas<\/strong><\/td><td class=\"has-text-align-center\" data-align=\"center\">2 + CR<\/td><\/tr><tr><td><strong>Banca organizadora<\/strong><\/td><td class=\"has-text-align-center\" data-align=\"center\"><a href=\"https:\/\/unesc.selecao.net.br\/informacoes\/235\/\" target=\"_blank\">UNESC<\/a><\/td><\/tr><tr><td><strong>Vencimentos<\/strong><\/td><td class=\"has-text-align-center\" data-align=\"center\">R$ 2.365,59<br>R$ 10.627,05 <br>R$ 21.254,10<\/td><\/tr><tr><td><strong>Carga Hor&aacute;ria<\/strong> <strong>Semanal<\/strong><\/td><td class=\"has-text-align-center\" data-align=\"center\">4 horas<br>20 horas <br>40 horas<\/td><\/tr><tr><td><strong>Composi&ccedil;&atilde;o do Processo Seletivo<\/strong><\/td><td class=\"has-text-align-center\" data-align=\"center\">Prova Escrita Objetiva <\/td><\/tr><tr><td><strong>Taxa de Inscri&ccedil;&atilde;o<\/strong><\/td><td class=\"has-text-align-center\" data-align=\"center\">R$ 150,00<\/td><\/tr><tr><td><strong>Per&iacute;odo de Inscri&ccedil;&otilde;es <\/strong><\/td><td class=\"has-text-align-center\" data-align=\"center\">31\/10\/2025 a 1\/12\/2025<\/td><\/tr><tr><td><strong>Prova Escrita Objetiva<\/strong><\/td><td class=\"has-text-align-center\" data-align=\"center\">14\/12\/2025<\/td><\/tr><tr><td><strong>Homologa&ccedil;&atilde;o final do certame<\/strong><\/td><td class=\"has-text-align-center\" data-align=\"center\">22\/01\/2026<\/td><\/tr><\/tbody><\/table><\/figure><div class=\"wp-block-buttons is-content-justification-center is-layout-flex wp-container-core-buttons-is-layout-1 wp-block-buttons-is-layout-flex\">\n<div class=\"wp-block-button has-custom-font-size has-medium-font-size\"><a class=\"wp-block-button__link wp-element-button\" href=\"https:\/\/med.estrategia.com\/portal\/wp-content\/uploads\/2025\/11\/edital_MorrodaFumaca.pdf\" target=\"_blank\">confira aqui o edital completo!<\/a><\/div>\n<\/div><h3 class=\"wp-block-heading\" id=\"h-vagas-morro-da-fumaca-sc\"><span class=\"ez-toc-section\" id=\"Vagas-%E2%80%93-Morro-da-FumacaSC\"><\/span>Vagas &ndash; Morro da Fuma&ccedil;a\/SC<span class=\"ez-toc-section-end\"><\/span><\/h3><figure class=\"wp-block-table\"><table class=\"has-fixed-layout\"><thead><tr><th class=\"has-text-align-center\" data-align=\"center\">CARGO<\/th><th class=\"has-text-align-center\" data-align=\"center\">VAGAS<\/th><th class=\"has-text-align-center\" data-align=\"center\">REMUNERA&Ccedil;&Atilde;O<\/th><th class=\"has-text-align-center\" data-align=\"center\">CARGA HOR&Aacute;RIA<\/th><\/tr><\/thead><tbody><tr><td class=\"has-text-align-center\" data-align=\"center\">Clinico Geral (20h)<\/td><td class=\"has-text-align-center\" data-align=\"center\">1 + CR<\/td><td class=\"has-text-align-center\" data-align=\"center\">R$ 10.627,05<\/td><td class=\"has-text-align-center\" data-align=\"center\">20 horas<\/td><\/tr><tr><td class=\"has-text-align-center\" data-align=\"center\">Clinico Geral (40h)<\/td><td class=\"has-text-align-center\" data-align=\"center\">1 + CR<\/td><td class=\"has-text-align-center\" data-align=\"center\">R$ 21.254,10<\/td><td class=\"has-text-align-center\" data-align=\"center\">40 horas<\/td><\/tr><tr><td class=\"has-text-align-center\" data-align=\"center\">Ginecologista<\/td><td class=\"has-text-align-center\" data-align=\"center\">CR<\/td><td class=\"has-text-align-center\" data-align=\"center\">R$ 10.627,05<\/td><td class=\"has-text-align-center\" data-align=\"center\">20 horas<\/td><\/tr><tr><td class=\"has-text-align-center\" data-align=\"center\">Pediatra<\/td><td class=\"has-text-align-center\" data-align=\"center\">CR<\/td><td class=\"has-text-align-center\" data-align=\"center\">R$ 10.627,05<\/td><td class=\"has-text-align-center\" data-align=\"center\">20 horas<\/td><\/tr><tr><td class=\"has-text-align-center\" data-align=\"center\">Psiquiatra CAPS<\/td><td class=\"has-text-align-center\" data-align=\"center\">CR<\/td><td class=\"has-text-align-center\" data-align=\"center\">R$ 2.365,59<\/td><td class=\"has-text-align-center\" data-align=\"center\">4 horas<\/td><\/tr><\/tbody><\/table><\/figure><p>Como requisito para o cargo m&eacute;dico, o candidato precisa possuir diploma de ensino superior, com habilita&ccedil;&atilde;o em medicina geral ou com especialidade na &aacute;rea pretendida, com registro no &oacute;rg&atilde;o competente. <\/p><h3 class=\"wp-block-heading\" id=\"h-como-sera-o-processo-seletivo\"><span class=\"ez-toc-section\" id=\"Como-sera-o-Processo-Seletivo\"><\/span>Como ser&aacute; o Processo Seletivo<span class=\"ez-toc-section-end\"><\/span><\/h3><p>A avalia&ccedil;&atilde;o se dar&aacute; por meio da aplica&ccedil;&atilde;o de uma prova escrita objetiva, de car&aacute;ter eliminat&oacute;rio, <strong>aplicada no dia 14 de dezembro de 2025<\/strong>, das 8h15 &agrave;s 11h15, na cidade de Crici&uacute;ma\/SC. A prova escrita objetiva <strong>contar&aacute; com 40 quest&otilde;es<\/strong>, com cinco alternativas, conforme o quadro abaixo:<\/p><figure class=\"wp-block-table\"><table><thead><tr><th>Tipo de Prova<\/th><th class=\"has-text-align-center\" data-align=\"center\">N&ordm; de Quest&otilde;es<\/th><th class=\"has-text-align-center\" data-align=\"center\">Valor de cada quest&atilde;o<\/th><th class=\"has-text-align-center\" data-align=\"center\">Valor Total<\/th><\/tr><\/thead><tbody><tr><td>L&iacute;ngua Portuguesa <\/td><td class=\"has-text-align-center\" data-align=\"center\">05<\/td><td class=\"has-text-align-center\" data-align=\"center\">0,20<\/td><td class=\"has-text-align-center\" data-align=\"center\">3,0<\/td><\/tr><tr><td>Matem&aacute;tica <\/td><td class=\"has-text-align-center\" data-align=\"center\">05<\/td><td class=\"has-text-align-center\" data-align=\"center\">0,20<\/td><td class=\"has-text-align-center\" data-align=\"center\">3,0<\/td><\/tr><tr><td>Conhecimentos Gerais e Atualidades<\/td><td class=\"has-text-align-center\" data-align=\"center\">05<\/td><td class=\"has-text-align-center\" data-align=\"center\">0,20<\/td><td class=\"has-text-align-center\" data-align=\"center\">7,0<\/td><\/tr><tr><td>Conhecimentos Espec&iacute;ficos<\/td><td class=\"has-text-align-center\" data-align=\"center\">20<\/td><td class=\"has-text-align-center\" data-align=\"center\">0,28<\/td><td class=\"has-text-align-center\" data-align=\"center\">10<\/td><\/tr><\/tbody><\/table><figcaption class=\"wp-element-caption\">O candidato dever&aacute; obter nota igual ou superior a 3 pontos, numa escala de 0 a 10 pontos, do total da prova objetiva, para ser considerado aprovado e classificado.<\/figcaption><\/figure><p>Para informa&ccedil;&otilde;es sobre o concurso p&uacute;blico de Morro da Fuma&ccedil;a, <a href=\"https:\/\/www.estrategiaconcursos.com.br\/blog\/concurso-prefeitura-morro-da-fumaca\/\" target=\"_blank\">acesse aqui<\/a>!<\/p><h2 class=\"wp-block-heading\" id=\"h-concurso-prefeitura-de-brunopolis-sc\"><span class=\"ez-toc-section\" id=\"Concurso-Prefeitura-de-BrunopolisSC\"><\/span><mark style=\"background-color:#0693e3\" class=\"has-inline-color has-black-color\">Concurso Prefeitura de Brun&oacute;polis\/SC<\/mark><span class=\"ez-toc-section-end\"><\/span><\/h2><figure class=\"wp-block-table\"><table class=\"has-fixed-layout\"><tbody><tr><td><strong>Vagas Ofertadas<\/strong><\/td><td class=\"has-text-align-center\" data-align=\"center\">1 + CR<\/td><\/tr><tr><td><strong>Banca organizadora<\/strong><\/td><td class=\"has-text-align-center\" data-align=\"center\"><a href=\"https:\/\/institutofenix.selecao.net.br\/informacoes\/74\/\" target=\"_blank\">Instituto F&ecirc;nix<\/a><\/td><\/tr><tr><td><strong>Vencimentos<\/strong><\/td><td class=\"has-text-align-center\" data-align=\"center\">R$ 15.000,00<\/td><\/tr><tr><td><strong>Carga Hor&aacute;ria<\/strong><\/td><td class=\"has-text-align-center\" data-align=\"center\">40 horas semanais<\/td><\/tr><tr><td><strong>Composi&ccedil;&atilde;o do Processo Seletivo<\/strong><\/td><td class=\"has-text-align-center\" data-align=\"center\">Prova Objetiva e avalia&ccedil;&atilde;o de t&iacute;tulos<\/td><\/tr><tr><td><strong>Taxa de Inscri&ccedil;&atilde;o<\/strong><\/td><td class=\"has-text-align-center\" data-align=\"center\">R$ 100,00<\/td><\/tr><tr><td><strong>Per&iacute;odo de Inscri&ccedil;&otilde;es<\/strong><\/td><td class=\"has-text-align-center\" data-align=\"center\">10\/11\/2025 a 10\/12\/2025<\/td><\/tr><tr><td><strong>Prova Objetiva<\/strong><\/td><td class=\"has-text-align-center\" data-align=\"center\">21\/12\/2025<\/td><\/tr><tr><td><strong>Resultado Final<\/strong><\/td><td class=\"has-text-align-center\" data-align=\"center\">29\/12\/2025<\/td><\/tr><\/tbody><\/table><\/figure><div class=\"wp-block-buttons is-content-justification-center is-layout-flex wp-container-core-buttons-is-layout-2 wp-block-buttons-is-layout-flex\">\n<div class=\"wp-block-button has-custom-font-size has-medium-font-size\"><a class=\"wp-block-button__link wp-element-button\" href=\"https:\/\/med.estrategia.com\/portal\/wp-content\/uploads\/2025\/11\/Edital_brunopolis.pdf\" target=\"_blank\">CONFIRA AQUI O EDITAL completo!<\/a><\/div>\n<\/div><h3 class=\"wp-block-heading\" id=\"h-vagas-brunopolis-sc\"><span class=\"ez-toc-section\" id=\"Vagas-%E2%80%93-BrunopolisSC\"><\/span>Vagas &ndash; <mark style=\"background-color:#ffffff\" class=\"has-inline-color has-black-color\">Brun&oacute;polis\/SC<\/mark><span class=\"ez-toc-section-end\"><\/span><\/h3><figure class=\"wp-block-table\"><table class=\"has-fixed-layout\"><thead><tr><th class=\"has-text-align-center\" data-align=\"center\">CARGO<\/th><th class=\"has-text-align-center\" data-align=\"center\">VAGAS<\/th><th class=\"has-text-align-center\" data-align=\"center\">REMUNERA&Ccedil;&Atilde;O<\/th><th class=\"has-text-align-center\" data-align=\"center\">CARGA HOR&Aacute;RIA<\/th><\/tr><\/thead><tbody><tr><td class=\"has-text-align-center\" data-align=\"center\">M&eacute;dico Cl&iacute;nico Geral<\/td><td class=\"has-text-align-center\" data-align=\"center\">1 + CR<\/td><td class=\"has-text-align-center\" data-align=\"center\">R$ 22.991,23<\/td><td class=\"has-text-align-center\" data-align=\"center\">40 horas<\/td><\/tr><\/tbody><\/table><\/figure><p>O candidato precisa possuir ensino superior completo em Medicina; e registro no respectivo conselho de classe. <\/p><h3 class=\"wp-block-heading\" id=\"h-como-sera-o-processo-seletivo-0\"><span class=\"ez-toc-section\" id=\"Como-sera-o-Processo-Seletivo-2\"><\/span>Como ser&aacute; o Processo Seletivo<span class=\"ez-toc-section-end\"><\/span><\/h3><p>O processo seletivo conta com uma <strong>prova objetiva prevista para o dia 21 de dezembro de 2025<\/strong>, das 9h &agrave;s 12h; e uma <strong>avalia&ccedil;&atilde;o de t&iacute;tulos<\/strong>. Com <strong>25 quest&otilde;es objetivas<\/strong>, a avalia&ccedil;&atilde;o ter&aacute; <strong>dura&ccedil;&atilde;o m&aacute;xima de 3 horas<\/strong>, e ser&aacute; considerado aprovado o candidato que obtiver, no m&iacute;nimo, 6 pontos do total da prova objetiva. Confira a divis&atilde;o de quest&otilde;es e como se dar&aacute; a pontua&ccedil;&atilde;o da prova objetiva:<\/p><figure class=\"wp-block-table\"><table><thead><tr><th>Mat&eacute;ria<\/th><th class=\"has-text-align-center\" data-align=\"center\">N&ordm; de Quest&otilde;es<\/th><th class=\"has-text-align-center\" data-align=\"center\">Valor de cada quest&atilde;o<\/th><th class=\"has-text-align-center\" data-align=\"center\">Pontua&ccedil;&atilde;o Total<\/th><\/tr><\/thead><tbody><tr><td>L&iacute;ngua Portuguesa<\/td><td class=\"has-text-align-center\" data-align=\"center\">5<\/td><td class=\"has-text-align-center\" data-align=\"center\">0,30<\/td><td class=\"has-text-align-center\" data-align=\"center\">1,50<\/td><\/tr><tr><td>Matem&aacute;tica<\/td><td class=\"has-text-align-center\" data-align=\"center\">5<\/td><td class=\"has-text-align-center\" data-align=\"center\">0,20<\/td><td class=\"has-text-align-center\" data-align=\"center\">1,00<\/td><\/tr><tr><td>Conhecimentos Espec&iacute;ficos do Cargo<\/td><td class=\"has-text-align-center\" data-align=\"center\">15<\/td><td class=\"has-text-align-center\" data-align=\"center\">0,40<\/td><td class=\"has-text-align-center\" data-align=\"center\">6,00<\/td><\/tr><\/tbody><\/table><\/figure><p>A<strong> prova de T&iacute;tulos<\/strong> &eacute; de car&aacute;ter classificat&oacute;rio, ser&aacute; realizada entre os dias 10 de novembro a 10 de dezembro de 2025. A avalia&ccedil;&atilde;o de T&iacute;tulos seguir&aacute; a pontua&ccedil;&atilde;o conforme a tabela a seguir:<\/p><figure class=\"wp-block-image size-full\"><img decoding=\"async\" width=\"835\" height=\"207\" src=\"https:\/\/med.estrategia.com\/portal\/wp-content\/uploads\/2025\/11\/titulos_Brunopolis.png\" alt=\"\" class=\"wp-image-100225\" srcset=\"https:\/\/med.estrategia.com\/portal\/wp-content\/uploads\/2025\/11\/titulos_Brunopolis.png 835w, https:\/\/med.estrategia.com\/portal\/wp-content\/uploads\/2025\/11\/titulos_Brunopolis-768x190.png 768w, https:\/\/med.estrategia.com\/portal\/wp-content\/uploads\/2025\/11\/titulos_Brunopolis-800x198.png 800w\" sizes=\"(max-width: 835px) 100vw, 835px\" \/><\/figure><p>Para informa&ccedil;&otilde;es sobre o concurso p&uacute;blico de <mark style=\"background-color:#ffffff\" class=\"has-inline-color has-black-color\">Brun&oacute;polis<\/mark>, <a href=\"https:\/\/www.estrategiaconcursos.com.br\/blog\/concurso-prefeitura-brunopolis\/\" target=\"_blank\">acesse aqui!<\/a><\/p><h2 class=\"wp-block-heading\" id=\"h-concurso-prefeitura-de-ivate-pr\"><span class=\"ez-toc-section\" id=\"Concurso-Prefeitura-de-IvatePR\"><\/span><mark style=\"background-color:#0693e3\" class=\"has-inline-color has-black-color\">Concurso Prefeitura de Ivat&eacute;\/PR<\/mark><span class=\"ez-toc-section-end\"><\/span><\/h2><figure class=\"wp-block-table\"><table class=\"has-fixed-layout\"><tbody><tr><td><strong>Vagas Ofertadas<\/strong><\/td><td class=\"has-text-align-center\" data-align=\"center\">2<\/td><\/tr><tr><td><strong>Banca organizadora<\/strong><\/td><td class=\"has-text-align-center\" data-align=\"center\"><a href=\"https:\/\/concursos.unioeste.br\/concursos\/publicacoes\/PREFEITURA+MUNICIPAL+DE+IVAT%C3%89\/95\" target=\"_blank\">Unioeste<\/a><\/td><\/tr><tr><td><strong>Vencimentos<\/strong><\/td><td class=\"has-text-align-center\" data-align=\"center\">R$ 18.804,96<\/td><\/tr><tr><td><strong>Carga Hor&aacute;ria<\/strong> <strong>Semanal<\/strong><\/td><td class=\"has-text-align-center\" data-align=\"center\">40 horas<\/td><\/tr><tr><td><strong>Composi&ccedil;&atilde;o do Processo Seletivo<\/strong><\/td><td class=\"has-text-align-center\" data-align=\"center\">Prova Escrita Objetiva e avalia&ccedil;&atilde;o de t&iacute;tulos<\/td><\/tr><tr><td><strong>Taxa de Inscri&ccedil;&atilde;o<\/strong><\/td><td class=\"has-text-align-center\" data-align=\"center\">R$ 120,00<\/td><\/tr><tr><td><strong>Per&iacute;odo de Inscri&ccedil;&otilde;es <\/strong><\/td><td class=\"has-text-align-center\" data-align=\"center\">7\/11\/2025 a 11\/12\/2025<\/td><\/tr><tr><td><strong>Prova Escrita Objetiva<\/strong><\/td><td class=\"has-text-align-center\" data-align=\"center\">18\/01\/2026<\/td><\/tr><tr><td><strong>Homologa&ccedil;&atilde;o final do certame<\/strong><\/td><td class=\"has-text-align-center\" data-align=\"center\">a ser divulgado<\/td><\/tr><\/tbody><\/table><\/figure><div class=\"wp-block-buttons is-content-justification-center is-layout-flex wp-container-core-buttons-is-layout-3 wp-block-buttons-is-layout-flex\">\n<div class=\"wp-block-button has-custom-font-size has-medium-font-size\"><a class=\"wp-block-button__link wp-element-button\" href=\"https:\/\/med.estrategia.com\/portal\/wp-content\/uploads\/2025\/11\/edital_n_0012025_abertura_do_concurso_publico_de_ivate_2025_10_29_19_11_59-1.pdf\" target=\"_blank\">confira aqui o edital completo!<\/a><\/div>\n<\/div><h3 class=\"wp-block-heading\" id=\"h-vagas-ivate-pr\"><span class=\"ez-toc-section\" id=\"Vagas-%E2%80%93-IvatePR\"><\/span>Vagas &ndash; Ivat&eacute;\/PR<span class=\"ez-toc-section-end\"><\/span><\/h3><figure class=\"wp-block-table\"><table class=\"has-fixed-layout\"><thead><tr><th class=\"has-text-align-center\" data-align=\"center\">CARGO<\/th><th class=\"has-text-align-center\" data-align=\"center\">VAGAS<\/th><th class=\"has-text-align-center\" data-align=\"center\">REMUNERA&Ccedil;&Atilde;O<\/th><th class=\"has-text-align-center\" data-align=\"center\">CARGA HOR&Aacute;RIA<\/th><\/tr><\/thead><tbody><tr><td class=\"has-text-align-center\" data-align=\"center\">M&eacute;dico <\/td><td class=\"has-text-align-center\" data-align=\"center\">2<\/td><td class=\"has-text-align-center\" data-align=\"center\">R$ 18.804,96<\/td><td class=\"has-text-align-center\" data-align=\"center\">40 horas<\/td><\/tr><\/tbody><\/table><\/figure><p>Como requisito para o cargo m&eacute;dico, o candidato precisa ter superior completo em Medicina e Registro profissional junto ao Conselho Regional de Medicina. <\/p><h3 class=\"wp-block-heading\" id=\"h-como-sera-o-processo-seletivo-1\"><span class=\"ez-toc-section\" id=\"Como-sera-o-Processo-Seletivo-3\"><\/span>Como ser&aacute; o Processo Seletivo<span class=\"ez-toc-section-end\"><\/span><\/h3><p>A avalia&ccedil;&atilde;o se dar&aacute; por meio da aplica&ccedil;&atilde;o de uma prova escrita objetiva, de car&aacute;ter eliminat&oacute;rio, <strong>aplicada no dia 18 de janeiro de 2026<\/strong>, no Munic&iacute;pio de Ivat&eacute;. A prova escrita objetiva ter&aacute; <strong>dura&ccedil;&atilde;o de 3 horas e contar&aacute; com 40 quest&otilde;es<\/strong> de m&uacute;ltipla escolha, conforme o quadro abaixo:<\/p><figure class=\"wp-block-table\"><table><thead><tr><th>Tipo de Prova<\/th><th class=\"has-text-align-center\" data-align=\"center\">N&ordm; de Quest&otilde;es<\/th><th class=\"has-text-align-center\" data-align=\"center\">Valor de cada quest&atilde;o<\/th><th class=\"has-text-align-center\" data-align=\"center\">Valor Total<\/th><\/tr><\/thead><tbody><tr><td>L&iacute;ngua Portuguesa <\/td><td class=\"has-text-align-center\" data-align=\"center\">05<\/td><td class=\"has-text-align-center\" data-align=\"center\">2,0<\/td><td class=\"has-text-align-center\" data-align=\"center\">10<\/td><\/tr><tr><td>Matem&aacute;tica\/Racioc&iacute;nio L&oacute;gico<\/td><td class=\"has-text-align-center\" data-align=\"center\">05<\/td><td class=\"has-text-align-center\" data-align=\"center\">2,0<\/td><td class=\"has-text-align-center\" data-align=\"center\">10<\/td><\/tr><tr><td>Inform&aacute;tica<\/td><td class=\"has-text-align-center\" data-align=\"center\">05<\/td><td class=\"has-text-align-center\" data-align=\"center\">2,0<\/td><td class=\"has-text-align-center\" data-align=\"center\">10<\/td><\/tr><tr><td>Conhecimentos Gerais<\/td><td class=\"has-text-align-center\" data-align=\"center\">05<\/td><td class=\"has-text-align-center\" data-align=\"center\">2,0<\/td><td class=\"has-text-align-center\" data-align=\"center\">10<\/td><\/tr><tr><td>Conhecimentos Espec&iacute;ficos<\/td><td class=\"has-text-align-center\" data-align=\"center\">20<\/td><td class=\"has-text-align-center\" data-align=\"center\">3,0<\/td><td class=\"has-text-align-center\" data-align=\"center\">60<\/td><\/tr><\/tbody><\/table><figcaption class=\"wp-element-caption\">O candidato precisa obter no m&iacute;nimo 50 pontos da prova objetiva para ser considerado aprovado e classificado.<\/figcaption><\/figure><p>A<strong> prova de T&iacute;tulos<\/strong> &eacute; de car&aacute;ter classificat&oacute;rio, e para os candidatos aos cargos de n&iacute;vel superior e habilitados na prova escrita objetiva. A avalia&ccedil;&atilde;o de T&iacute;tulos seguir&aacute; a pontua&ccedil;&atilde;o da tabela a seguir:<\/p><figure class=\"wp-block-image size-full\"><img decoding=\"async\" width=\"883\" height=\"256\" src=\"https:\/\/med.estrategia.com\/portal\/wp-content\/uploads\/2025\/11\/titulos_Ivate.png\" alt=\"\" class=\"wp-image-100228\" srcset=\"https:\/\/med.estrategia.com\/portal\/wp-content\/uploads\/2025\/11\/titulos_Ivate.png 883w, https:\/\/med.estrategia.com\/portal\/wp-content\/uploads\/2025\/11\/titulos_Ivate-768x223.png 768w, https:\/\/med.estrategia.com\/portal\/wp-content\/uploads\/2025\/11\/titulos_Ivate-800x232.png 800w\" sizes=\"(max-width: 883px) 100vw, 883px\" \/><\/figure><p>Confira mais informa&ccedil;&otilde;es sobre o concurso p&uacute;blico de <mark style=\"background-color:#ffffff\" class=\"has-inline-color has-black-color\">Ivat&eacute;<\/mark>, <a href=\"https:\/\/www.estrategiaconcursos.com.br\/blog\/concurso-prefeitura-ivate\/\" target=\"_blank\">acesse aqui!<\/a><\/p><h2 class=\"wp-block-heading\" id=\"h-prepare-se-para-o-concurso-publico-na-area-medica-com-o-estrategia-med-nbsp-nbsp\"><span class=\"ez-toc-section\" id=\"Prepare-se-para-o-concurso-publico-na-area-medica-com-o-Estrategia-MED\"><\/span>Prepare-se para o concurso p&uacute;blico na &aacute;rea m&eacute;dica com o Estrat&eacute;gia MED!&nbsp;&nbsp;<span class=\"ez-toc-section-end\"><\/span><\/h2><p>Com o&nbsp;<a href=\"https:\/\/med.estrategia.com\/concurso\/concursos-medicos-prefeituras\" target=\"_blank\">Sprint Concursos M&eacute;dicos &ndash; Prefeituras&nbsp;<\/a>voc&ecirc; se prepara de forma direcionada para sair na frente da concorr&ecirc;ncia, com a experi&ecirc;ncia da marca que mais aprova em concursos p&uacute;blicos no Brasil. O material inclui as disciplinas mais cobradas neste tipo de sele&ccedil;&atilde;o: L&iacute;ngua Portuguesa, Matem&aacute;tica, Racioc&iacute;nio L&oacute;gico, Legisla&ccedil;&atilde;o do SUS e Bio&eacute;tica. Al&eacute;m do material de&nbsp;Cl&iacute;nica Geral, para ajudar os que buscam cargos como generalista, cl&iacute;nico ou emergencista.<\/p><p>Conhe&ccedil;a tamb&eacute;m o nosso&nbsp;<a href=\"https:\/\/med.estrategia.com\/curso\/banco-de-questes-resumos-estrategicos-anual\/\" target=\"_blank\">Banco de Quest&otilde;es<\/a>, que atualmente conta com mais de 200 mil quest&otilde;es cadastradas e n&atilde;o para de crescer. Vem ser coruja!<\/p><div class=\"wp-block-image\">\n<figure class=\"aligncenter size-full\"><img decoding=\"async\" width=\"1280\" height=\"622\" src=\"https:\/\/med.estrategia.com\/portal\/wp-content\/uploads\/2025\/08\/concursos_medicos.jpg\" alt=\"concursos_medicos\" class=\"wp-image-91529\" srcset=\"https:\/\/med.estrategia.com\/portal\/wp-content\/uploads\/2025\/08\/concursos_medicos.jpg 1280w, https:\/\/med.estrategia.com\/portal\/wp-content\/uploads\/2025\/08\/concursos_medicos-1024x498.jpg 1024w, https:\/\/med.estrategia.com\/portal\/wp-content\/uploads\/2025\/08\/concursos_medicos-768x373.jpg 768w, https:\/\/med.estrategia.com\/portal\/wp-content\/uploads\/2025\/08\/concursos_medicos-800x389.jpg 800w, https:\/\/med.estrategia.com\/portal\/wp-content\/uploads\/2025\/08\/concursos_medicos-1160x564.jpg 1160w\" sizes=\"(max-width: 1280px) 100vw, 1280px\" \/><\/figure><\/div><p><\/p><\/p>\n","protected":false},"excerpt":{"rendered":"As Prefeituras de Morro da Fuma&ccedil;a, Brun&oacute;polis, ambas localizadas no estado de Santa Catarina, e Ivat&eacute;, no estado&hellip;\n","protected":false},"author":45,"featured_media":100231,"comment_status":"closed","ping_status":"closed","sticky":false,"template":"","format":"standard","meta":{"wl_entities_gutenberg":"","footnotes":""},"categories":[474],"tags":[],"wl_entity_type":[199],"class_list":{"0":"post-100208","1":"post","2":"type-post","3":"status-publish","4":"format-standard","5":"has-post-thumbnail","7":"category-concursos","8":"wl_entity_type-article"},"acf":[],"yoast_head":"<!-- This site is optimized with the Yoast SEO Premium plugin v26.6 (Yoast SEO v26.6) - https:\/\/yoast.com\/wordpress\/plugins\/seo\/ -->\n<title>Concursos p\u00fablicos para m\u00e9dicos na regi\u00e3o Sul<\/title>\n<meta name=\"description\" content=\"Veja os editais abertos de concursos para m\u00e9dicos. Confira em nosso blog as vagas, sal\u00e1rios, prazos de inscri\u00e7\u00e3o e oportunidades.\" \/>\n<meta name=\"robots\" content=\"index, follow, max-snippet:-1, max-image-preview:large, max-video-preview:-1\" \/>\n<link rel=\"canonical\" href=\"https:\/\/med.estrategia.com\/portal\/concursos\/concursos-publicos-para-medicos-na-regiao-sul-veja-editais-prazos-e-vagas\/\" \/>\n<meta property=\"og:locale\" content=\"pt_BR\" \/>\n<meta property=\"og:type\" content=\"article\" \/>\n<meta property=\"og:title\" content=\"Concursos p\u00fablicos para m\u00e9dicos na regi\u00e3o Sul: veja editais, prazos e vagas\" \/>\n<meta property=\"og:description\" content=\"Veja os editais abertos de concursos para m\u00e9dicos. Confira em nosso blog as vagas, sal\u00e1rios, prazos de inscri\u00e7\u00e3o e oportunidades.\" \/>\n<meta property=\"og:url\" content=\"https:\/\/med.estrategia.com\/portal\/concursos\/concursos-publicos-para-medicos-na-regiao-sul-veja-editais-prazos-e-vagas\/\" \/>\n<meta property=\"og:site_name\" content=\"Estrat\u00e9gia MED\" \/>\n<meta property=\"article:publisher\" content=\"https:\/\/www.facebook.com\/estrategiamed1\" \/>\n<meta property=\"article:published_time\" content=\"2025-11-10T16:26:08+00:00\" \/>\n<meta property=\"article:modified_time\" content=\"2025-11-10T16:26:11+00:00\" \/>\n<meta property=\"og:image\" content=\"https:\/\/med.estrategia.com\/portal\/wp-content\/uploads\/2025\/11\/Cap_SC-E-PR.jpg\" \/>\n\t<meta property=\"og:image:width\" content=\"1280\" \/>\n\t<meta property=\"og:image:height\" content=\"720\" \/>\n\t<meta property=\"og:image:type\" content=\"image\/jpeg\" \/>\n<meta name=\"author\" content=\"Priscila Pereira\" \/>\n<meta name=\"twitter:card\" content=\"summary_large_image\" \/>\n<meta name=\"twitter:creator\" content=\"@estrategiamed_\" \/>\n<meta name=\"twitter:site\" content=\"@estrategiamed_\" \/>\n<meta name=\"twitter:label1\" content=\"Escrito por\" \/>\n\t<meta name=\"twitter:data1\" content=\"Priscila Pereira\" \/>\n\t<meta name=\"twitter:label2\" content=\"Est. tempo de leitura\" \/>\n\t<meta name=\"twitter:data2\" content=\"5 minutos\" \/>\n<script type=\"application\/ld+json\" class=\"yoast-schema-graph\">{\"@context\":\"https:\/\/schema.org\",\"@graph\":[{\"@type\":\"WebPage\",\"@id\":\"https:\/\/med.estrategia.com\/portal\/concursos\/concursos-publicos-para-medicos-na-regiao-sul-veja-editais-prazos-e-vagas\/\",\"url\":\"https:\/\/med.estrategia.com\/portal\/concursos\/concursos-publicos-para-medicos-na-regiao-sul-veja-editais-prazos-e-vagas\/\",\"name\":\"Concursos p\u00fablicos para m\u00e9dicos na regi\u00e3o Sul\",\"isPartOf\":{\"@id\":\"https:\/\/med.estrategia.com\/portal\/#website\"},\"primaryImageOfPage\":{\"@id\":\"https:\/\/med.estrategia.com\/portal\/concursos\/concursos-publicos-para-medicos-na-regiao-sul-veja-editais-prazos-e-vagas\/#primaryimage\"},\"image\":{\"@id\":\"https:\/\/med.estrategia.com\/portal\/concursos\/concursos-publicos-para-medicos-na-regiao-sul-veja-editais-prazos-e-vagas\/#primaryimage\"},\"thumbnailUrl\":\"https:\/\/med.estrategia.com\/portal\/wp-content\/uploads\/2025\/11\/Cap_SC-E-PR.jpg\",\"datePublished\":\"2025-11-10T16:26:08+00:00\",\"dateModified\":\"2025-11-10T16:26:11+00:00\",\"author\":{\"@id\":\"https:\/\/med.estrategia.com\/portal\/#\/schema\/person\/d1df06a83a849b79b2d480e7d8952ce3\"},\"description\":\"Veja os editais abertos de concursos para m\u00e9dicos. Confira em nosso blog as vagas, sal\u00e1rios, prazos de inscri\u00e7\u00e3o e oportunidades.\",\"breadcrumb\":{\"@id\":\"https:\/\/med.estrategia.com\/portal\/concursos\/concursos-publicos-para-medicos-na-regiao-sul-veja-editais-prazos-e-vagas\/#breadcrumb\"},\"inLanguage\":\"pt-BR\",\"potentialAction\":[{\"@type\":\"ReadAction\",\"target\":[\"https:\/\/med.estrategia.com\/portal\/concursos\/concursos-publicos-para-medicos-na-regiao-sul-veja-editais-prazos-e-vagas\/\"]}]},{\"@type\":\"ImageObject\",\"inLanguage\":\"pt-BR\",\"@id\":\"https:\/\/med.estrategia.com\/portal\/concursos\/concursos-publicos-para-medicos-na-regiao-sul-veja-editais-prazos-e-vagas\/#primaryimage\",\"url\":\"https:\/\/med.estrategia.com\/portal\/wp-content\/uploads\/2025\/11\/Cap_SC-E-PR.jpg\",\"contentUrl\":\"https:\/\/med.estrategia.com\/portal\/wp-content\/uploads\/2025\/11\/Cap_SC-E-PR.jpg\",\"width\":1280,\"height\":720,\"caption\":\"Estrat\u00e9gia MED | Concurso p\u00fablico Sul\"},{\"@type\":\"BreadcrumbList\",\"@id\":\"https:\/\/med.estrategia.com\/portal\/concursos\/concursos-publicos-para-medicos-na-regiao-sul-veja-editais-prazos-e-vagas\/#breadcrumb\",\"itemListElement\":[{\"@type\":\"ListItem\",\"position\":1,\"name\":\"Home\",\"item\":\"https:\/\/med.estrategia.com\/portal\/\"},{\"@type\":\"ListItem\",\"position\":2,\"name\":\"Concursos M\u00e9dicos\",\"item\":\"https:\/\/med.estrategia.com\/portal\/concursos\/\"},{\"@type\":\"ListItem\",\"position\":3,\"name\":\"Concursos p\u00fablicos para m\u00e9dicos na regi\u00e3o Sul: veja editais, prazos e vagas\"}]},{\"@type\":\"WebSite\",\"@id\":\"https:\/\/med.estrategia.com\/portal\/#website\",\"url\":\"https:\/\/med.estrategia.com\/portal\/\",\"name\":\"Estrat\u00e9gia MED\",\"description\":\"\",\"potentialAction\":[{\"@type\":\"SearchAction\",\"target\":{\"@type\":\"EntryPoint\",\"urlTemplate\":\"https:\/\/med.estrategia.com\/portal\/?s={search_term_string}\"},\"query-input\":{\"@type\":\"PropertyValueSpecification\",\"valueRequired\":true,\"valueName\":\"search_term_string\"}}],\"inLanguage\":\"pt-BR\"},{\"@type\":\"Person\",\"@id\":\"https:\/\/med.estrategia.com\/portal\/#\/schema\/person\/d1df06a83a849b79b2d480e7d8952ce3\",\"name\":\"Priscila Pereira\",\"image\":{\"@type\":\"ImageObject\",\"inLanguage\":\"pt-BR\",\"@id\":\"https:\/\/med.estrategia.com\/portal\/#\/schema\/person\/image\/\",\"url\":\"https:\/\/secure.gravatar.com\/avatar\/fe94f8430a1d23a69c0bc7aab6202e21?s=96&d=mm&r=g\",\"contentUrl\":\"https:\/\/secure.gravatar.com\/avatar\/fe94f8430a1d23a69c0bc7aab6202e21?s=96&d=mm&r=g\",\"caption\":\"Priscila Pereira\"},\"description\":\"Formada e p\u00f3s-graduada na \u00e1rea de comunica\u00e7\u00e3o, divido minha paix\u00e3o entre o jornalismo e os esportes\",\"url\":\"https:\/\/med.estrategia.com\/portal\/author\/priscila-pereira\/\"}]}<\/script>\n<!-- \/ Yoast SEO Premium plugin. -->","yoast_head_json":{"title":"Concursos p\u00fablicos para m\u00e9dicos na regi\u00e3o Sul","description":"Veja os editais abertos de concursos para m\u00e9dicos. Confira em nosso blog as vagas, sal\u00e1rios, prazos de inscri\u00e7\u00e3o e oportunidades.","robots":{"index":"index","follow":"follow","max-snippet":"max-snippet:-1","max-image-preview":"max-image-preview:large","max-video-preview":"max-video-preview:-1"},"canonical":"https:\/\/med.estrategia.com\/portal\/concursos\/concursos-publicos-para-medicos-na-regiao-sul-veja-editais-prazos-e-vagas\/","og_locale":"pt_BR","og_type":"article","og_title":"Concursos p\u00fablicos para m\u00e9dicos na regi\u00e3o Sul: veja editais, prazos e vagas","og_description":"Veja os editais abertos de concursos para m\u00e9dicos. Confira em nosso blog as vagas, sal\u00e1rios, prazos de inscri\u00e7\u00e3o e oportunidades.","og_url":"https:\/\/med.estrategia.com\/portal\/concursos\/concursos-publicos-para-medicos-na-regiao-sul-veja-editais-prazos-e-vagas\/","og_site_name":"Estrat\u00e9gia MED","article_publisher":"https:\/\/www.facebook.com\/estrategiamed1","article_published_time":"2025-11-10T16:26:08+00:00","article_modified_time":"2025-11-10T16:26:11+00:00","og_image":[{"width":1280,"height":720,"url":"https:\/\/med.estrategia.com\/portal\/wp-content\/uploads\/2025\/11\/Cap_SC-E-PR.jpg","type":"image\/jpeg"}],"author":"Priscila Pereira","twitter_card":"summary_large_image","twitter_creator":"@estrategiamed_","twitter_site":"@estrategiamed_","twitter_misc":{"Escrito por":"Priscila Pereira","Est. tempo de leitura":"5 minutos"},"schema":{"@context":"https:\/\/schema.org","@graph":[{"@type":"WebPage","@id":"https:\/\/med.estrategia.com\/portal\/concursos\/concursos-publicos-para-medicos-na-regiao-sul-veja-editais-prazos-e-vagas\/","url":"https:\/\/med.estrategia.com\/portal\/concursos\/concursos-publicos-para-medicos-na-regiao-sul-veja-editais-prazos-e-vagas\/","name":"Concursos p\u00fablicos para m\u00e9dicos na regi\u00e3o Sul","isPartOf":{"@id":"https:\/\/med.estrategia.com\/portal\/#website"},"primaryImageOfPage":{"@id":"https:\/\/med.estrategia.com\/portal\/concursos\/concursos-publicos-para-medicos-na-regiao-sul-veja-editais-prazos-e-vagas\/#primaryimage"},"image":{"@id":"https:\/\/med.estrategia.com\/portal\/concursos\/concursos-publicos-para-medicos-na-regiao-sul-veja-editais-prazos-e-vagas\/#primaryimage"},"thumbnailUrl":"https:\/\/med.estrategia.com\/portal\/wp-content\/uploads\/2025\/11\/Cap_SC-E-PR.jpg","datePublished":"2025-11-10T16:26:08+00:00","dateModified":"2025-11-10T16:26:11+00:00","author":{"@id":"https:\/\/med.estrategia.com\/portal\/#\/schema\/person\/d1df06a83a849b79b2d480e7d8952ce3"},"description":"Veja os editais abertos de concursos para m\u00e9dicos. Confira em nosso blog as vagas, sal\u00e1rios, prazos de inscri\u00e7\u00e3o e oportunidades.","breadcrumb":{"@id":"https:\/\/med.estrategia.com\/portal\/concursos\/concursos-publicos-para-medicos-na-regiao-sul-veja-editais-prazos-e-vagas\/#breadcrumb"},"inLanguage":"pt-BR","potentialAction":[{"@type":"ReadAction","target":["https:\/\/med.estrategia.com\/portal\/concursos\/concursos-publicos-para-medicos-na-regiao-sul-veja-editais-prazos-e-vagas\/"]}]},{"@type":"ImageObject","inLanguage":"pt-BR","@id":"https:\/\/med.estrategia.com\/portal\/concursos\/concursos-publicos-para-medicos-na-regiao-sul-veja-editais-prazos-e-vagas\/#primaryimage","url":"https:\/\/med.estrategia.com\/portal\/wp-content\/uploads\/2025\/11\/Cap_SC-E-PR.jpg","contentUrl":"https:\/\/med.estrategia.com\/portal\/wp-content\/uploads\/2025\/11\/Cap_SC-E-PR.jpg","width":1280,"height":720,"caption":"Estrat\u00e9gia MED | Concurso p\u00fablico Sul"},{"@type":"BreadcrumbList","@id":"https:\/\/med.estrategia.com\/portal\/concursos\/concursos-publicos-para-medicos-na-regiao-sul-veja-editais-prazos-e-vagas\/#breadcrumb","itemListElement":[{"@type":"ListItem","position":1,"name":"Home","item":"https:\/\/med.estrategia.com\/portal\/"},{"@type":"ListItem","position":2,"name":"Concursos M\u00e9dicos","item":"https:\/\/med.estrategia.com\/portal\/concursos\/"},{"@type":"ListItem","position":3,"name":"Concursos p\u00fablicos para m\u00e9dicos na regi\u00e3o Sul: veja editais, prazos e vagas"}]},{"@type":"WebSite","@id":"https:\/\/med.estrategia.com\/portal\/#website","url":"https:\/\/med.estrategia.com\/portal\/","name":"Estrat\u00e9gia MED","description":"","potentialAction":[{"@type":"SearchAction","target":{"@type":"EntryPoint","urlTemplate":"https:\/\/med.estrategia.com\/portal\/?s={search_term_string}"},"query-input":{"@type":"PropertyValueSpecification","valueRequired":true,"valueName":"search_term_string"}}],"inLanguage":"pt-BR"},{"@type":"Person","@id":"https:\/\/med.estrategia.com\/portal\/#\/schema\/person\/d1df06a83a849b79b2d480e7d8952ce3","name":"Priscila Pereira","image":{"@type":"ImageObject","inLanguage":"pt-BR","@id":"https:\/\/med.estrategia.com\/portal\/#\/schema\/person\/image\/","url":"https:\/\/secure.gravatar.com\/avatar\/fe94f8430a1d23a69c0bc7aab6202e21?s=96&d=mm&r=g","contentUrl":"https:\/\/secure.gravatar.com\/avatar\/fe94f8430a1d23a69c0bc7aab6202e21?s=96&d=mm&r=g","caption":"Priscila Pereira"},"description":"Formada e p\u00f3s-graduada na \u00e1rea de comunica\u00e7\u00e3o, divido minha paix\u00e3o entre o jornalismo e os esportes","url":"https:\/\/med.estrategia.com\/portal\/author\/priscila-pereira\/"}]}},"_wl_alt_label":[],"wl:entity_url":"\/post\/concursos-publicos-para-medicos-na-regiao-sul-veja-editais-prazos-e-vagas-100208","_links":{"self":[{"href":"https:\/\/med.estrategia.com\/portal\/wp-json\/wp\/v2\/posts\/100208","targetHints":{"allow":["GET"]}}],"collection":[{"href":"https:\/\/med.estrategia.com\/portal\/wp-json\/wp\/v2\/posts"}],"about":[{"href":"https:\/\/med.estrategia.com\/portal\/wp-json\/wp\/v2\/types\/post"}],"author":[{"embeddable":true,"href":"https:\/\/med.estrategia.com\/portal\/wp-json\/wp\/v2\/users\/45"}],"replies":[{"embeddable":true,"href":"https:\/\/med.estrategia.com\/portal\/wp-json\/wp\/v2\/comments?post=100208"}],"version-history":[{"count":2,"href":"https:\/\/med.estrategia.com\/portal\/wp-json\/wp\/v2\/posts\/100208\/revisions"}],"predecessor-version":[{"id":100236,"href":"https:\/\/med.estrategia.com\/portal\/wp-json\/wp\/v2\/posts\/100208\/revisions\/100236"}],"wp:featuredmedia":[{"embeddable":true,"href":"https:\/\/med.estrategia.com\/portal\/wp-json\/wp\/v2\/media\/100231"}],"wp:attachment":[{"href":"https:\/\/med.estrategia.com\/portal\/wp-json\/wp\/v2\/media?parent=100208"}],"wp:term":[{"taxonomy":"category","embeddable":true,"href":"https:\/\/med.estrategia.com\/portal\/wp-json\/wp\/v2\/categories?post=100208"},{"taxonomy":"post_tag","embeddable":true,"href":"https:\/\/med.estrategia.com\/portal\/wp-json\/wp\/v2\/tags?post=100208"},{"taxonomy":"wl_entity_type","embeddable":true,"href":"https:\/\/med.estrategia.com\/portal\/wp-json\/wp\/v2\/wl_entity_type?post=100208"}],"curies":[{"name":"wp","href":"https:\/\/api.w.org\/{rel}","templated":true}]}}