{"id":102414,"date":"2025-12-01T09:02:02","date_gmt":"2025-12-01T12:02:02","guid":{"rendered":"https:\/\/med.estrategia.com\/portal\/?p=102414"},"modified":"2025-12-01T09:02:07","modified_gmt":"2025-12-01T12:02:07","slug":"resumo-de-sindrome-de-hipoventilacao-da-obesidade","status":"publish","type":"post","link":"https:\/\/med.estrategia.com\/portal\/conteudos-gratis\/doencas\/resumo-de-sindrome-de-hipoventilacao-da-obesidade\/","title":{"rendered":"Resumo de S\u00edndrome de Hipoventila\u00e7\u00e3o da Obesidade"},"content":{"rendered":"<p><strong>Ol&aacute;, querido doutor e doutora!<\/strong> A s&iacute;ndrome de hipoventila&ccedil;&atilde;o da obesidade representa uma condi&ccedil;&atilde;o respirat&oacute;ria associada &agrave; obesidade, hipercapnia diurna e dist&uacute;rbios respirat&oacute;rios do sono, formando um quadro progressivo que impacta aspectos respirat&oacute;rios, metab&oacute;licos e cardiovasculares. O diagn&oacute;stico &iacute;ntegra achados cl&iacute;nicos, gasom&eacute;tricos e polissonogr&aacute;ficos, enquanto o tratamento se estrutura em suporte ventilat&oacute;rio e redu&ccedil;&atilde;o sustentada de peso.&nbsp;<p><em>A presen&ccedil;a de PaCO2 igual ou maior que 45 mmHg em vig&iacute;lia constitui um dos crit&eacute;rios centrais para confirmar a s&iacute;ndrome<\/em>.<\/p><div id=\"ez-toc-container\" class=\"ez-toc-v2_0_79_2 counter-hierarchy ez-toc-counter ez-toc-transparent ez-toc-container-direction\">\n<div class=\"ez-toc-title-container\"><p class=\"ez-toc-title\" style=\"cursor:inherit\">Navegue pelo conte\u00fado<\/p>\n<\/div><nav><ul class='ez-toc-list ez-toc-list-level-1 ' ><li class='ez-toc-page-1 ez-toc-heading-level-2'><a class=\"ez-toc-link ez-toc-heading-1\" href=\"https:\/\/med.estrategia.com\/portal\/conteudos-gratis\/doencas\/resumo-de-sindrome-de-hipoventilacao-da-obesidade\/#O-que-e-Sindrome-de-Hipoventilacao-da-Obesidade\" >O que &eacute; S&iacute;ndrome de Hipoventila&ccedil;&atilde;o da Obesidade&nbsp;<\/a><\/li><li class='ez-toc-page-1 ez-toc-heading-level-2'><a class=\"ez-toc-link ez-toc-heading-2\" href=\"https:\/\/med.estrategia.com\/portal\/conteudos-gratis\/doencas\/resumo-de-sindrome-de-hipoventilacao-da-obesidade\/#Fatores-de-risco-e-condicoes-associadas\" >Fatores de risco e condi&ccedil;&otilde;es associadas&nbsp;&nbsp;<\/a><\/li><li class='ez-toc-page-1 ez-toc-heading-level-2'><a class=\"ez-toc-link ez-toc-heading-3\" href=\"https:\/\/med.estrategia.com\/portal\/conteudos-gratis\/doencas\/resumo-de-sindrome-de-hipoventilacao-da-obesidade\/#Quadro-clinico\" >Quadro cl&iacute;nico<\/a><\/li><li class='ez-toc-page-1 ez-toc-heading-level-2'><a class=\"ez-toc-link ez-toc-heading-4\" href=\"https:\/\/med.estrategia.com\/portal\/conteudos-gratis\/doencas\/resumo-de-sindrome-de-hipoventilacao-da-obesidade\/#Diagnostico\" >Diagn&oacute;stico&nbsp;<\/a><\/li><li class='ez-toc-page-1 ez-toc-heading-level-2'><a class=\"ez-toc-link ez-toc-heading-5\" href=\"https:\/\/med.estrategia.com\/portal\/conteudos-gratis\/doencas\/resumo-de-sindrome-de-hipoventilacao-da-obesidade\/#Estadiamento\" >Estadiamento<\/a><\/li><li class='ez-toc-page-1 ez-toc-heading-level-2'><a class=\"ez-toc-link ez-toc-heading-6\" href=\"https:\/\/med.estrategia.com\/portal\/conteudos-gratis\/doencas\/resumo-de-sindrome-de-hipoventilacao-da-obesidade\/#Tratamento\" >Tratamento<\/a><\/li><li class='ez-toc-page-1 ez-toc-heading-level-2'><a class=\"ez-toc-link ez-toc-heading-7\" href=\"https:\/\/med.estrategia.com\/portal\/conteudos-gratis\/doencas\/resumo-de-sindrome-de-hipoventilacao-da-obesidade\/#Veja-Tambem\" >Veja Tamb&eacute;m<\/a><\/li><li class='ez-toc-page-1 ez-toc-heading-level-2'><a class=\"ez-toc-link ez-toc-heading-8\" href=\"https:\/\/med.estrategia.com\/portal\/conteudos-gratis\/doencas\/resumo-de-sindrome-de-hipoventilacao-da-obesidade\/#Canal-do-YouTube\" >Canal do YouTube&nbsp;<\/a><\/li><li class='ez-toc-page-1 ez-toc-heading-level-2'><a class=\"ez-toc-link ez-toc-heading-9\" href=\"https:\/\/med.estrategia.com\/portal\/conteudos-gratis\/doencas\/resumo-de-sindrome-de-hipoventilacao-da-obesidade\/#Referencias-Bibliograficas\" >Refer&ecirc;ncias Bibliogr&aacute;ficas&nbsp;<\/a><\/li><\/ul><\/nav><\/div>\n<h2 class=\"wp-block-heading\" id=\"h-o-que-e-sindrome-de-hipoventilacao-da-obesidade-nbsp\"><span class=\"ez-toc-section\" id=\"O-que-e-Sindrome-de-Hipoventilacao-da-Obesidade\"><\/span>O que &eacute; S&iacute;ndrome de Hipoventila&ccedil;&atilde;o da Obesidade&nbsp;<span class=\"ez-toc-section-end\"><\/span><\/h2><p>A <strong>s&iacute;ndrome de hipoventila&ccedil;&atilde;o da obesidade<\/strong> representa um dist&uacute;rbio respirat&oacute;rio cr&ocirc;nico no qual ocorre <strong>obesidade associada &agrave; hipoventila&ccedil;&atilde;o diurna<\/strong> e <strong>altera&ccedil;&otilde;es relevantes nos padr&otilde;es ventilat&oacute;rios durante o sono<\/strong>. A condi&ccedil;&atilde;o reflete a intera&ccedil;&atilde;o entre excesso de peso, eleva&ccedil;&atilde;o sustentada da <strong>PaCO2 em vig&iacute;lia<\/strong> e presen&ccedil;a de <strong>dist&uacute;rbios respirat&oacute;rios do sono<\/strong>, especialmente apneia obstrutiva. Esses elementos, quando persistem, levam a <strong>comprometimento respirat&oacute;rio, metab&oacute;lico e cardiovascular<\/strong>.<\/p><h2 class=\"wp-block-heading\" id=\"h-fatores-de-risco-e-condicoes-associadas-nbsp-nbsp\"><span class=\"ez-toc-section\" id=\"Fatores-de-risco-e-condicoes-associadas\"><\/span>Fatores de risco e condi&ccedil;&otilde;es associadas&nbsp;&nbsp;<span class=\"ez-toc-section-end\"><\/span><\/h2><h4 class=\"wp-block-heading\" id=\"h-obesidade-e-caracteristicas-antropometricas\">Obesidade e caracter&iacute;sticas antropom&eacute;tricas<\/h4><p>A <strong>eleva&ccedil;&atilde;o progressiva do IMC<\/strong> intensifica a limita&ccedil;&atilde;o da caixa tor&aacute;cica e reduz volumes pulmonares, favorecendo hipoventila&ccedil;&atilde;o. Pacientes com <strong>IMC acima de 40 kg por metro quadrado<\/strong> apresentam probabilidade mais elevada de desenvolver reten&ccedil;&atilde;o de CO2. A <strong>circunfer&ecirc;ncia cervical aumentada<\/strong> tamb&eacute;m se relaciona ao risco aumentado, indicando deposi&ccedil;&atilde;o adiposa em regi&otilde;es cr&iacute;ticas da via a&eacute;rea.<\/p><h4 class=\"wp-block-heading\" id=\"h-apneia-obstrutiva-do-sono-associada\">Apneia obstrutiva do sono associada<\/h4><p>A coexist&ecirc;ncia de <strong>apneia obstrutiva do sono<\/strong> constitui importante marcador cl&iacute;nico. A <strong>gravidade da apneia<\/strong> correlaciona-se com maior comprometimento ventilat&oacute;rio, refletindo epis&oacute;dios repetidos de obstru&ccedil;&atilde;o e dessatura&ccedil;&atilde;o durante o sono. Pacientes com apneia mais intensa exibem maior predisposi&ccedil;&atilde;o &agrave; hipercapnia sustentada.<\/p><h4 class=\"wp-block-heading\" id=\"h-comprometimento-mecanico-da-ventilacao\">Comprometimento mec&acirc;nico da ventila&ccedil;&atilde;o<\/h4><p>A redu&ccedil;&atilde;o da <strong>capacidade vital<\/strong> e a presen&ccedil;a de restri&ccedil;&atilde;o tor&aacute;cica evidenciam impacto significativo na mec&acirc;nica respirat&oacute;ria. Esses achados refletem maior trabalho para gerar volumes adequados, reduzindo a efici&ecirc;ncia ventilat&oacute;ria. A associa&ccedil;&atilde;o com <strong>hipoxemia em vig&iacute;lia<\/strong> refor&ccedil;a o car&aacute;ter progressivo do comprometimento respirat&oacute;rio.<\/p><h4 class=\"wp-block-heading\" id=\"h-alteracoes-metabolicas-e-inflamatorias\">Altera&ccedil;&otilde;es metab&oacute;licas e inflamat&oacute;rias<\/h4><p>A presen&ccedil;a de <strong>resist&ecirc;ncia &agrave; leptina<\/strong>, t&iacute;pica do ambiente metab&oacute;lico da obesidade, pode reduzir o est&iacute;mulo ventilat&oacute;rio e favorecer reten&ccedil;&atilde;o de CO2. Estados de <strong>inflama&ccedil;&atilde;o cr&ocirc;nica de baixo grau<\/strong>, resist&ecirc;ncia &agrave; insulina e presen&ccedil;a de <strong>diabetes<\/strong> tamb&eacute;m s&atilde;o observados com frequ&ecirc;ncia, ampliando altera&ccedil;&otilde;es respirat&oacute;rias e cardiovasculares.<\/p><h4 class=\"wp-block-heading\" id=\"h-uso-de-substancias-depressoras-do-drive-respiratorio\">Uso de subst&acirc;ncias depressoras do drive respirat&oacute;rio<\/h4><p>O uso de <strong>sedativos, opioides e &aacute;lcool<\/strong> pode agravar a hipoventila&ccedil;&atilde;o, diminuindo o drive central e a resposta compensat&oacute;ria &agrave; hipercapnia. Esses agentes ampliam o risco de descompensa&ccedil;&atilde;o, especialmente em pacientes j&aacute; expostos a sobrecarga ventilat&oacute;ria significativa.<\/p><h2 class=\"wp-block-heading\" id=\"h-quadro-clinico\"><span class=\"ez-toc-section\" id=\"Quadro-clinico\"><\/span>Quadro cl&iacute;nico<span class=\"ez-toc-section-end\"><\/span><\/h2><h4 class=\"wp-block-heading\" id=\"h-manifestacoes-respiratorias-diurnas\">Manifesta&ccedil;&otilde;es respirat&oacute;rias diurnas<\/h4><p>A presen&ccedil;a de <strong>hipercapnia persistente<\/strong>, associada a sensa&ccedil;&atilde;o de ventila&ccedil;&atilde;o insuficiente e padr&atilde;o respirat&oacute;rio superficial, caracteriza o per&iacute;odo de vig&iacute;lia. Muitos pacientes exibem <strong>hipoxemia leve a moderada<\/strong>, relatam limita&ccedil;&atilde;o ao esfor&ccedil;o e podem apresentar sintomas compat&iacute;veis com insufici&ecirc;ncia ventilat&oacute;ria cr&ocirc;nica. Em casos avan&ccedil;ados, surgem sinais de <strong>cor pulmonale<\/strong>, como turg&ecirc;ncia jugular e edema perif&eacute;rico.<\/p><h4 class=\"wp-block-heading\" id=\"h-sintomas-noturnos-e-alteracoes-do-sono\">Sintomas noturnos e altera&ccedil;&otilde;es do sono<\/h4><p>Os epis&oacute;dios de <strong>sono fragmentado<\/strong> e <strong>ronco intenso<\/strong> s&atilde;o frequentes, especialmente quando h&aacute; apneia obstrutiva associada. Despertares com sensa&ccedil;&atilde;o de sufoca&ccedil;&atilde;o, cefaleia matinal e sonol&ecirc;ncia diurna refletem per&iacute;odos prolongados de hipoventila&ccedil;&atilde;o durante o sono. A dessatura&ccedil;&atilde;o noturna &eacute; marcante e contribui para piora da hipercapnia ao despertar.<\/p><h4 class=\"wp-block-heading\" id=\"h-fenotipos-clinicos-de-apresentacao\">Fen&oacute;tipos cl&iacute;nicos de apresenta&ccedil;&atilde;o<\/h4><p>Alguns pacientes apresentam s&iacute;ndrome dominada por <strong>hipoventila&ccedil;&atilde;o durante o sono em est&aacute;gio REM<\/strong>, com m&iacute;nima apneia obstrutiva. Outros exibem quadro com <strong>apneias prolongadas e hipopneias repetidas<\/strong>, resultando em flutua&ccedil;&otilde;es acentuadas de CO2. Fen&oacute;tipos com <strong>obesidade mais severa e mec&acirc;nica ventilat&oacute;ria mais comprometida<\/strong> respondem melhor &agrave; ventila&ccedil;&atilde;o n&atilde;o invasiva, enquanto perfis com apneias longas tendem a apresentar melhora significativa com CPAP.<\/p><h4 class=\"wp-block-heading\" id=\"h-achados-associados-e-sinais-de-alerta\">Achados associados e sinais de alerta<\/h4><p>O desenvolvimento de <strong>hipertens&atilde;o pulmonar<\/strong>, reten&ccedil;&atilde;o h&iacute;drica e aumento progressivo da PaCO2 s&atilde;o sinais que indicam agravamento cl&iacute;nico. Cefaleia matinal persistente, redu&ccedil;&atilde;o da concentra&ccedil;&atilde;o e ganho de peso r&aacute;pido podem refletir deteriora&ccedil;&atilde;o ventilat&oacute;ria. Na maioria dos pacientes, observa-se presen&ccedil;a de <strong>sonol&ecirc;ncia excessiva<\/strong>, embora nem sempre seja universal.<\/p><h2 class=\"wp-block-heading\" id=\"h-diagnostico-nbsp\"><span class=\"ez-toc-section\" id=\"Diagnostico\"><\/span>Diagn&oacute;stico&nbsp;<span class=\"ez-toc-section-end\"><\/span><\/h2><h4 class=\"wp-block-heading\" id=\"h-criterios-diagnosticos-obrigatorios\">Crit&eacute;rios diagn&oacute;sticos obrigat&oacute;rios<\/h4><p>A condi&ccedil;&atilde;o requer <strong>IMC igual ou maior que 30 kg por metro quadrado<\/strong>, associado a <strong>hipercapnia diurna com PaCO2 igual ou maior que 45 mmHg<\/strong> em vig&iacute;lia. Esses achados refletem a incapacidade de manter ventila&ccedil;&atilde;o alveolar adequada. Al&eacute;m disso, deve haver <strong>dist&uacute;rbio respirat&oacute;rio do sono<\/strong>, seja apneia obstrutiva ou hipoventila&ccedil;&atilde;o n&atilde;o obstrutiva documentada em polissonografia.<\/p><h4 class=\"wp-block-heading\" id=\"h-exclusao-de-outras-causas-de-hipoventilacao\">Exclus&atilde;o de outras causas de hipoventila&ccedil;&atilde;o<\/h4><p>&Eacute; indispens&aacute;vel verificar aus&ecirc;ncia de doen&ccedil;as que produzam hipoventila&ccedil;&atilde;o alveolar por mecanismos alternativos. Devem ser descartados <strong>doen&ccedil;as pulmonares obstrutivas ou restritivas significativas<\/strong>, <strong>dist&uacute;rbios neuromusculares<\/strong>, altera&ccedil;&otilde;es da parede tor&aacute;cica como <strong>cifoescoliose severa<\/strong> e causas metab&oacute;licas como <strong>hipotireoidismo<\/strong>. Essa etapa confirma que a hipoventila&ccedil;&atilde;o decorre do ambiente fisiopatol&oacute;gico da obesidade.<\/p><h4 class=\"wp-block-heading\" id=\"h-avaliacao-clinica-e-gasometrica\">Avalia&ccedil;&atilde;o cl&iacute;nica e gasom&eacute;trica<\/h4><p>A <strong>gasometria arterial em vig&iacute;lia<\/strong> constitui o padr&atilde;o para confirmar a hipercapnia. A presen&ccedil;a de <strong>PaO2 reduzida<\/strong> pode refor&ccedil;ar o comprometimento ventilat&oacute;rio. Valores elevados de <strong>bicarbonato s&eacute;rico acima de 27 mmol por litro<\/strong> sugerem reten&ccedil;&atilde;o cr&ocirc;nica de CO2 e auxiliam na triagem, embora n&atilde;o integrem a defini&ccedil;&atilde;o formal.<\/p><h4 class=\"wp-block-heading\" id=\"h-polissonografia-e-caracterizacao-do-sono\">Polissonografia e caracteriza&ccedil;&atilde;o do sono<\/h4><p>A polissonografia &eacute; necess&aacute;ria para documentar <strong>apneia obstrutiva do sono<\/strong> ou <strong>hipoventila&ccedil;&atilde;o noturna<\/strong>. Evid&ecirc;ncias de eleva&ccedil;&atilde;o sustentada da PaCO2 ou de seus equivalentes transcut&acirc;neos durante o sono confirmam participa&ccedil;&atilde;o do dist&uacute;rbio respirat&oacute;rio. Em cerca de noventa por cento dos pacientes, observa-se apneia obstrutiva concomitante.<\/p><h4 class=\"wp-block-heading\" id=\"h-ferramentas-auxiliares-de-triagem\">Ferramentas auxiliares de triagem<\/h4><p>Medidas simples como <strong>oximetria em vig&iacute;lia<\/strong>, satura&ccedil;&atilde;o persistentemente reduzida e eleva&ccedil;&atilde;o do bicarbonato ajudam a identificar pacientes que necessitam de investiga&ccedil;&atilde;o completa. Question&aacute;rios como a <strong>Epworth Sleepiness Scale<\/strong> podem apoiar o reconhecimento, embora n&atilde;o devam ser utilizados isoladamente.<\/p><h2 class=\"wp-block-heading\" id=\"h-estadiamento\"><span class=\"ez-toc-section\" id=\"Estadiamento\"><\/span>Estadiamento<span class=\"ez-toc-section-end\"><\/span><\/h2><p>A <strong>classifica&ccedil;&atilde;o em est&aacute;gios<\/strong> considera IMC elevado, presen&ccedil;a de apneia obstrutiva do sono, hipoventila&ccedil;&atilde;o noturna e hipercapnia em vig&iacute;lia. Ao reconhecer esses n&iacute;veis de gravidade, o m&eacute;dico consegue <strong>estratificar risco, antecipar complica&ccedil;&otilde;es<\/strong> e selecionar interven&ccedil;&otilde;es mais intensivas em grupos avan&ccedil;ados, reduzindo progress&atilde;o para insufici&ecirc;ncia respirat&oacute;ria e eventos cardiovasculares em pacientes com <strong>s&iacute;ndrome de hipoventila&ccedil;&atilde;o da obesidade<\/strong>.<\/p><figure class=\"wp-block-table\"><table class=\"has-fixed-layout\"><tbody><tr><td><strong>Est&aacute;gio<\/strong><\/td><td><strong>Caracter&iacute;sticas durante o sono<\/strong><\/td><td><strong>PaCO2 em vig&iacute;lia<\/strong><\/td><td><strong>Bicarbonato s&eacute;rico<\/strong><\/td><td><strong>Perfil cl&iacute;nico<\/strong><\/td><\/tr><tr><td><strong>Est&aacute;gio 0<\/strong><\/td><td>Presen&ccedil;a de <strong>apneia obstrutiva do sono<\/strong> sem hipoventila&ccedil;&atilde;o<\/td><td>Normal<\/td><td>Normal<\/td><td>Paciente com obesidade e apneia, por&eacute;m <strong>sem hipoventila&ccedil;&atilde;o<\/strong>; grupo em risco.<\/td><\/tr><tr><td><strong>Est&aacute;gio I<\/strong><\/td><td><strong>Hipoventila&ccedil;&atilde;o com hipercapnia intermitente<\/strong> durante o sono, com recupera&ccedil;&atilde;o completa ao despertar<\/td><td>Normal<\/td><td><strong>Menor que 27 mmol por litro<\/strong><\/td><td>Indica pr&oacute;dromo; refor&ccedil;a necessidade de <strong>controle da apneia e perda ponderal<\/strong>.<\/td><\/tr><tr><td><strong>Est&aacute;gio II<\/strong><\/td><td>Hipoventila&ccedil;&atilde;o noturna <strong>sem normaliza&ccedil;&atilde;o matinal da PaCO2<\/strong><\/td><td>Normal ou discretamente elevada ao despertar<\/td><td><strong>Igual ou maior que 27 mmol por litro<\/strong><\/td><td>Sinaliza reten&ccedil;&atilde;o cr&ocirc;nica inicial de CO2; risco crescente para evolu&ccedil;&atilde;o.<\/td><\/tr><tr><td><strong>Est&aacute;gio III<\/strong><\/td><td>Hipoventila&ccedil;&atilde;o sustentada durante o sono<\/td><td><strong>Maior que 45 mmHg<\/strong><\/td><td>Geralmente elevado<\/td><td>Configura s&iacute;ndrome de hipoventila&ccedil;&atilde;o da obesidade com hipercapnia diurna estabelecida.<\/td><\/tr><tr><td><strong>Est&aacute;gio IV<\/strong><\/td><td>Hipoventila&ccedil;&atilde;o sustentada com agravamento progressivo<\/td><td><strong>Maior que 45 mmHg<\/strong>, frequentemente mais elevada<\/td><td>Elevado<\/td><td>Quadro avan&ccedil;ado, com <strong>comorbidades cardiometab&oacute;licas<\/strong> e maior vulnerabilidade cl&iacute;nica.<\/td><\/tr><\/tbody><\/table><\/figure><h2 class=\"wp-block-heading\" id=\"h-tratamento\"><span class=\"ez-toc-section\" id=\"Tratamento\"><\/span>Tratamento<span class=\"ez-toc-section-end\"><\/span><\/h2><h4 class=\"wp-block-heading\" id=\"h-pressao-positiva-cpap\">Press&atilde;o positiva: CPAP<\/h4><p>A <strong>CPAP &eacute; geralmente o tratamento de primeira escolha<\/strong> em pacientes com s&iacute;ndrome de hipoventila&ccedil;&atilde;o da obesidade associada a apneia obstrutiva do sono moderada ou grave. Ao estabilizar a via a&eacute;rea superior e reduzir apneias e hipopneias, a CPAP melhora o padr&atilde;o de sono, <strong>aumenta a oxigena&ccedil;&atilde;o noturna e reduz a hipercapnia<\/strong>, principalmente em fen&oacute;tipo dominado por obstru&ccedil;&atilde;o de via a&eacute;rea. A resposta cl&iacute;nica &eacute; avaliada nas primeiras semanas por meio de sintomas, ader&ecirc;ncia ao equipamento e <strong>reavalia&ccedil;&atilde;o gasom&eacute;trica em vig&iacute;lia<\/strong>.<\/p><p>Quando, apesar de uso adequado, persiste <strong>hipercapnia diurna, dessatura&ccedil;&atilde;o importante ou sintomas residuais<\/strong>, a CPAP passa a ser considerada insuficiente. Nesses cen&aacute;rios, o paciente pode ser reclassificado para um fen&oacute;tipo com hipoventila&ccedil;&atilde;o mais pronunciada, indicando necessidade de escalonamento para modalidades de ventila&ccedil;&atilde;o n&atilde;o invasiva, em busca de maior suporte ventilat&oacute;rio e melhor controle de <strong>PaCO2 e satura&ccedil;&atilde;o de oxig&ecirc;nio<\/strong>.<\/p><h4 class=\"wp-block-heading\" id=\"h-ventilacao-nao-invasiva-vni\">Ventila&ccedil;&atilde;o n&atilde;o invasiva (VNI)<\/h4><p>A <strong>ventila&ccedil;&atilde;o n&atilde;o invasiva com modalidades bilevel<\/strong> &eacute; indicada em pacientes com hipoventila&ccedil;&atilde;o importante, especialmente quando n&atilde;o h&aacute; apneia obstrutiva relevante ou quando a CPAP n&atilde;o corrige a hipercapnia. Ao fornecer press&otilde;es inspirat&oacute;ria e expirat&oacute;ria distintas, a VNI aumenta o volume corrente, reduz o trabalho respirat&oacute;rio e favorece <strong>elimina&ccedil;&atilde;o de CO2<\/strong>, com impacto r&aacute;pido na gasometria e no al&iacute;vio de sintomas como sonol&ecirc;ncia, cefaleia matinal e dispneia. Em perfis mais graves, o uso de modos com volume alvo auxilia no ajuste fino da ventila&ccedil;&atilde;o.<\/p><p>Na <strong>insufici&ecirc;ncia respirat&oacute;ria aguda sobreposta &agrave; hipoventila&ccedil;&atilde;o cr&ocirc;nica<\/strong>, a VNI &eacute; frequentemente utilizada em ambiente hospitalar para reverter descompensa&ccedil;&otilde;es e evitar intuba&ccedil;&atilde;o orotraqueal. Ap&oacute;s estabiliza&ccedil;&atilde;o, muitos pacientes mant&ecirc;m indica&ccedil;&atilde;o de ventila&ccedil;&atilde;o n&atilde;o invasiva domiciliar, com ajustes peri&oacute;dicos de par&acirc;metros e monitoriza&ccedil;&atilde;o de <strong>PaCO2, PaO2 e sintomas<\/strong> em seguimento ambulatorial.<\/p><h4 class=\"wp-block-heading\" id=\"h-oxigenoterapia-suplementar\">Oxigenoterapia suplementar<\/h4><p>A <strong>oxigenoterapia isolada n&atilde;o &eacute; recomendada<\/strong> como estrat&eacute;gia de controle da s&iacute;ndrome de hipoventila&ccedil;&atilde;o da obesidade a longo prazo. O fornecimento de oxig&ecirc;nio sem suporte ventilat&oacute;rio pode agravar a reten&ccedil;&atilde;o de CO2, atenuando o drive respirat&oacute;rio e aumentando a hipercapnia, particularmente em fra&ccedil;&otilde;es inspiradas mais elevadas. Por isso, o oxig&ecirc;nio &eacute; reservado a situa&ccedil;&otilde;es em que, mesmo com CPAP ou VNI otimizadas, persiste <strong>hipoxemia significativa<\/strong>, sendo ent&atilde;o utilizado como complemento.<\/p><p>No contexto de <strong>insufici&ecirc;ncia respirat&oacute;ria hiperc&aacute;pnica aguda<\/strong>, o oxig&ecirc;nio &eacute; frequentemente necess&aacute;rio, mas deve ser ofertado em associa&ccedil;&atilde;o a ventila&ccedil;&atilde;o n&atilde;o invasiva, com monitoriza&ccedil;&atilde;o rigorosa de gasometria e ajustes de fluxo e FiO2. Idealmente, o objetivo &eacute; manter satura&ccedil;&atilde;o adequada sem eleva&ccedil;&atilde;o excessiva da PaCO2, evitando piora do estado cl&iacute;nico e necessidade de <strong>suporte ventilat&oacute;rio invasivo<\/strong>.<\/p><h4 class=\"wp-block-heading\" id=\"h-intervencoes-de-perda-ponderal\">Interven&ccedil;&otilde;es de perda ponderal<\/h4><p>A <strong>redu&ccedil;&atilde;o do peso corporal<\/strong> tem potencial de modificar de forma profunda a hist&oacute;ria natural da s&iacute;ndrome de hipoventila&ccedil;&atilde;o da obesidade. Perdas de 25 a 30 por cento do peso inicial podem levar &agrave; normaliza&ccedil;&atilde;o da ventila&ccedil;&atilde;o, redu&ccedil;&atilde;o da apneia, melhora da fun&ccedil;&atilde;o pulmonar e diminui&ccedil;&atilde;o da necessidade de CPAP ou VNI. Programas estruturados com dieta hipocal&oacute;rica, <strong>orienta&ccedil;&atilde;o nutricional intensiva e atividade f&iacute;sica adaptada<\/strong> contribuem para esse objetivo, embora a manuten&ccedil;&atilde;o do resultado seja desafiadora em muitos pacientes.<\/p><p>Quando medidas comportamentais n&atilde;o alcan&ccedil;am metas terap&ecirc;uticas, podem ser considerados <strong>medicamentos para tratamento da obesidade<\/strong>, em articula&ccedil;&atilde;o com equipe especializada. Agentes como agonistas de GLP-1 e f&aacute;rmacos combinados que atuam na supress&atilde;o do apetite e no balan&ccedil;o energ&eacute;tico podem favorecer perda ponderal sustentada, com repercuss&atilde;o positiva sobre volumes pulmonares, <strong>apneia obstrutiva do sono e n&iacute;veis de PaCO2<\/strong>. A sele&ccedil;&atilde;o do f&aacute;rmaco deve considerar perfil cardiovascular, presen&ccedil;a de diabetes e potencial de efeitos adversos.<\/p><p>A <strong>cirurgia bari&aacute;trica<\/strong> representa uma op&ccedil;&atilde;o relevante para pacientes com obesidade grave e s&iacute;ndrome de hipoventila&ccedil;&atilde;o da obesidade, especialmente quando h&aacute; falha de interven&ccedil;&otilde;es conservadoras. Procedimentos como <strong>bypass g&aacute;strico ou gastrectomia vertical<\/strong> promovem perda ponderal significativa e duradoura, associada &agrave; melhora de hipoventila&ccedil;&atilde;o, &agrave; possibilidade de descontinua&ccedil;&atilde;o da ventila&ccedil;&atilde;o n&atilde;o invasiva em parte dos casos e &agrave; redu&ccedil;&atilde;o de comorbidades cardiometab&oacute;licas. O planejamento cir&uacute;rgico exige avalia&ccedil;&atilde;o perioperat&oacute;ria cuidadosa, com foco em risco de complica&ccedil;&otilde;es respirat&oacute;rias e necessidade de <strong>monitoriza&ccedil;&atilde;o intensiva no p&oacute;s-operat&oacute;rio<\/strong>.<\/p><p><strong><em>Venha fazer parte da maior plataforma de Medicina do Brasil! O Estrat&eacute;gia MED possui os materiais mais atualizados e cursos ministrados por especialistas na &aacute;rea. N&atilde;o perca a oportunidade de elevar seus estudos, inscreva-se agora e comece a construir um caminho de excel&ecirc;ncia na medicina!<\/em><\/strong>&nbsp;<\/p><h2 class=\"wp-block-heading\" id=\"h-veja-tambem\"><span class=\"ez-toc-section\" id=\"Veja-Tambem\"><\/span>Veja Tamb&eacute;m<span class=\"ez-toc-section-end\"><\/span><\/h2><ul class=\"wp-block-list\">\n<li><a href=\"https:\/\/med.estrategia.com\/portal\/conteudos-gratis\/farmacos\/resumo-de-mounjaro-tirzepatida-indicacoes-e-mais\/\">Resumo de Mounjaro&reg; (Tirzepatida): indica&ccedil;&otilde;es e mais!<\/a><\/li>\n\n\n\n<li><a href=\"https:\/\/med.estrategia.com\/portal\/conteudos-gratis\/farmacos\/resumo-sobre-ozempic-indicacoes-efeitos-adversos-e-mais\/\">Resumo sobre Ozempic&reg;: indica&ccedil;&otilde;es, efeitos adversos e mais!<\/a><\/li>\n\n\n\n<li><a href=\"https:\/\/med.estrategia.com\/portal\/conteudos-gratis\/farmacos\/resumo-sobre-wegovy-indicacoes-efeitos-adversos-e-mais\/\">Resumo sobre Wegovy&reg;: indica&ccedil;&otilde;es, efeitos adversos e mais!<\/a><\/li>\n\n\n\n<li><a href=\"https:\/\/med.estrategia.com\/portal\/conteudos-gratis\/farmacos\/resumo-de-ferripolimaltose-farmacologia-indicacoes-e-mais\/\">Resumo de Ferripolimaltose: farmacologia, indica&ccedil;&otilde;es e mais!<\/a><\/li>\n\n\n\n<li><a href=\"https:\/\/med.estrategia.com\/portal\/conteudos-gratis\/doencas\/obesidade-2\/\">Obesidade: classifica&ccedil;&atilde;o, diagn&oacute;stico e tratamento!<\/a><\/li>\n\n\n\n<li><a href=\"https:\/\/med.estrategia.com\/portal\/aluno-de-medicina\/dicas-de-estudo\/obesidade-na-infancia-e-adolescencia\/\">ResuMED de obesidade na inf&acirc;ncia e adolesc&ecirc;ncia: causas, diagn&oacute;sticos e comorbidades;<\/a><\/li>\n\n\n\n<li><a href=\"https:\/\/med.estrategia.com\/portal\/aluno-de-medicina\/dicas-de-estudo\/a-cirurgia-bariatrica-tratando-obesidade\/\">ResuMED de cirurgia bari&aacute;trica: tratando obesidade;<\/a><\/li>\n\n\n\n<li><a href=\"https:\/\/med.estrategia.com\/portal\/atualidades\/novas-diretrizes-sbd-2024-diagnostico-e-tratamento-do-diabetes\/\">Novas diretrizes SBD 2024: diagn&oacute;stico e tratamento do diabetes<\/a><\/li>\n<\/ul><h2 class=\"wp-block-heading\" id=\"h-canal-do-youtube-nbsp\"><span class=\"ez-toc-section\" id=\"Canal-do-YouTube\"><\/span>Canal do YouTube&nbsp;<span class=\"ez-toc-section-end\"><\/span><\/h2><ul class=\"wp-block-list\">\n<li><a href=\"https:\/\/www.youtube.com\/@EstrategiaMED\" target=\"_blank\" rel=\"noopener noreferrer\">YouTube do Estrat&eacute;gia MED<\/a><\/li>\n<\/ul><h2 class=\"wp-block-heading\" id=\"h-referencias-bibliograficas-nbsp\"><span class=\"ez-toc-section\" id=\"Referencias-Bibliograficas\"><\/span>Refer&ecirc;ncias Bibliogr&aacute;ficas&nbsp;<span class=\"ez-toc-section-end\"><\/span><\/h2><ol class=\"wp-block-list\">\n<li>EBSCO Information Services. <strong>Obesity Hypoventilation Syndrome<\/strong>. DynaMed. 2025. Dispon&iacute;vel em:<a href=\"https:\/\/www.dynamed.com\/condition\/obesity-hypoventilation-syndrome\" target=\"_blank\" rel=\"noopener noreferrer\"> https:\/\/www.dynamed.com\/condition\/obesity-hypoventilation-syndrome<\/a><\/li>\n<\/ol><\/p>\n","protected":false},"excerpt":{"rendered":"Ol&aacute;, querido doutor e doutora! A s&iacute;ndrome de hipoventila&ccedil;&atilde;o da obesidade representa uma condi&ccedil;&atilde;o respirat&oacute;ria associada &agrave; obesidade,&hellip;\n","protected":false},"author":46,"featured_media":102415,"comment_status":"closed","ping_status":"closed","sticky":false,"template":"","format":"standard","meta":{"wl_entities_gutenberg":"","footnotes":""},"categories":[304],"tags":[1572],"wl_entity_type":[199],"class_list":{"0":"post-102414","1":"post","2":"type-post","3":"status-publish","4":"format-standard","5":"has-post-thumbnail","7":"category-doencas","8":"tag-sindrome-de-hipoventilacao-da-obesidade","9":"wl_entity_type-article"},"acf":[],"yoast_head":"<!-- This site is optimized with the Yoast SEO Premium plugin v26.6 (Yoast SEO v26.6) - https:\/\/yoast.com\/wordpress\/plugins\/seo\/ -->\n<title>Resumo de S\u00edndrome de Hipoventila\u00e7\u00e3o da Obesidade<\/title>\n<meta name=\"description\" content=\"Na s\u00edndrome de hipoventila\u00e7\u00e3o da obesidade ocorre obesidade associada \u00e0 hipoventila\u00e7\u00e3o diurna e altera\u00e7\u00f5es ventilat\u00f3rias durante o sono.\" \/>\n<meta name=\"robots\" content=\"index, follow, max-snippet:-1, max-image-preview:large, max-video-preview:-1\" \/>\n<link rel=\"canonical\" href=\"https:\/\/med.estrategia.com\/portal\/conteudos-gratis\/doencas\/resumo-de-sindrome-de-hipoventilacao-da-obesidade\/\" \/>\n<meta property=\"og:locale\" content=\"pt_BR\" \/>\n<meta property=\"og:type\" content=\"article\" \/>\n<meta property=\"og:title\" content=\"Resumo de S\u00edndrome de Hipoventila\u00e7\u00e3o da Obesidade\" \/>\n<meta property=\"og:description\" content=\"Na s\u00edndrome de hipoventila\u00e7\u00e3o da obesidade ocorre obesidade associada \u00e0 hipoventila\u00e7\u00e3o diurna e altera\u00e7\u00f5es ventilat\u00f3rias durante o sono.\" \/>\n<meta property=\"og:url\" content=\"https:\/\/med.estrategia.com\/portal\/conteudos-gratis\/doencas\/resumo-de-sindrome-de-hipoventilacao-da-obesidade\/\" \/>\n<meta property=\"og:site_name\" content=\"Estrat\u00e9gia MED\" \/>\n<meta property=\"article:publisher\" content=\"https:\/\/www.facebook.com\/estrategiamed1\" \/>\n<meta property=\"article:published_time\" content=\"2025-12-01T12:02:02+00:00\" \/>\n<meta property=\"article:modified_time\" content=\"2025-12-01T12:02:07+00:00\" \/>\n<meta property=\"og:image\" content=\"https:\/\/med.estrategia.com\/portal\/wp-content\/uploads\/2025\/12\/pexels-anntarazevich-5910763.jpg\" \/>\n\t<meta property=\"og:image:width\" content=\"1920\" \/>\n\t<meta property=\"og:image:height\" content=\"1280\" \/>\n\t<meta property=\"og:image:type\" content=\"image\/jpeg\" \/>\n<meta name=\"author\" content=\"Pablo Fernandes\" \/>\n<meta name=\"twitter:card\" content=\"summary_large_image\" \/>\n<meta name=\"twitter:creator\" content=\"@estrategiamed_\" \/>\n<meta name=\"twitter:site\" content=\"@estrategiamed_\" \/>\n<meta name=\"twitter:label1\" content=\"Escrito por\" \/>\n\t<meta name=\"twitter:data1\" content=\"Pablo Fernandes\" \/>\n\t<meta name=\"twitter:label2\" content=\"Est. tempo de leitura\" \/>\n\t<meta name=\"twitter:data2\" content=\"11 minutos\" \/>\n<script type=\"application\/ld+json\" class=\"yoast-schema-graph\">{\"@context\":\"https:\/\/schema.org\",\"@graph\":[{\"@type\":\"WebPage\",\"@id\":\"https:\/\/med.estrategia.com\/portal\/conteudos-gratis\/doencas\/resumo-de-sindrome-de-hipoventilacao-da-obesidade\/\",\"url\":\"https:\/\/med.estrategia.com\/portal\/conteudos-gratis\/doencas\/resumo-de-sindrome-de-hipoventilacao-da-obesidade\/\",\"name\":\"Resumo de S\u00edndrome de Hipoventila\u00e7\u00e3o da Obesidade\",\"isPartOf\":{\"@id\":\"https:\/\/med.estrategia.com\/portal\/#website\"},\"primaryImageOfPage\":{\"@id\":\"https:\/\/med.estrategia.com\/portal\/conteudos-gratis\/doencas\/resumo-de-sindrome-de-hipoventilacao-da-obesidade\/#primaryimage\"},\"image\":{\"@id\":\"https:\/\/med.estrategia.com\/portal\/conteudos-gratis\/doencas\/resumo-de-sindrome-de-hipoventilacao-da-obesidade\/#primaryimage\"},\"thumbnailUrl\":\"https:\/\/med.estrategia.com\/portal\/wp-content\/uploads\/2025\/12\/pexels-anntarazevich-5910763.jpg\",\"datePublished\":\"2025-12-01T12:02:02+00:00\",\"dateModified\":\"2025-12-01T12:02:07+00:00\",\"author\":{\"@id\":\"https:\/\/med.estrategia.com\/portal\/#\/schema\/person\/67a72aa9c51ed5919796767d808606b4\"},\"description\":\"Na s\u00edndrome de hipoventila\u00e7\u00e3o da obesidade ocorre obesidade associada \u00e0 hipoventila\u00e7\u00e3o diurna e altera\u00e7\u00f5es ventilat\u00f3rias durante o sono.\",\"breadcrumb\":{\"@id\":\"https:\/\/med.estrategia.com\/portal\/conteudos-gratis\/doencas\/resumo-de-sindrome-de-hipoventilacao-da-obesidade\/#breadcrumb\"},\"inLanguage\":\"pt-BR\",\"potentialAction\":[{\"@type\":\"ReadAction\",\"target\":[\"https:\/\/med.estrategia.com\/portal\/conteudos-gratis\/doencas\/resumo-de-sindrome-de-hipoventilacao-da-obesidade\/\"]}]},{\"@type\":\"ImageObject\",\"inLanguage\":\"pt-BR\",\"@id\":\"https:\/\/med.estrategia.com\/portal\/conteudos-gratis\/doencas\/resumo-de-sindrome-de-hipoventilacao-da-obesidade\/#primaryimage\",\"url\":\"https:\/\/med.estrategia.com\/portal\/wp-content\/uploads\/2025\/12\/pexels-anntarazevich-5910763.jpg\",\"contentUrl\":\"https:\/\/med.estrategia.com\/portal\/wp-content\/uploads\/2025\/12\/pexels-anntarazevich-5910763.jpg\",\"width\":1920,\"height\":1280,\"caption\":\"Pexels.\"},{\"@type\":\"BreadcrumbList\",\"@id\":\"https:\/\/med.estrategia.com\/portal\/conteudos-gratis\/doencas\/resumo-de-sindrome-de-hipoventilacao-da-obesidade\/#breadcrumb\",\"itemListElement\":[{\"@type\":\"ListItem\",\"position\":1,\"name\":\"Home\",\"item\":\"https:\/\/med.estrategia.com\/portal\/\"},{\"@type\":\"ListItem\",\"position\":2,\"name\":\"Conte\u00fados Gr\u00e1tis\",\"item\":\"https:\/\/med.estrategia.com\/portal\/conteudos-gratis\/\"},{\"@type\":\"ListItem\",\"position\":3,\"name\":\"Doen\u00e7as\",\"item\":\"https:\/\/med.estrategia.com\/portal\/conteudos-gratis\/doencas\/\"},{\"@type\":\"ListItem\",\"position\":4,\"name\":\"Resumo de S\u00edndrome de Hipoventila\u00e7\u00e3o da Obesidade\"}]},{\"@type\":\"WebSite\",\"@id\":\"https:\/\/med.estrategia.com\/portal\/#website\",\"url\":\"https:\/\/med.estrategia.com\/portal\/\",\"name\":\"Estrat\u00e9gia MED\",\"description\":\"\",\"potentialAction\":[{\"@type\":\"SearchAction\",\"target\":{\"@type\":\"EntryPoint\",\"urlTemplate\":\"https:\/\/med.estrategia.com\/portal\/?s={search_term_string}\"},\"query-input\":{\"@type\":\"PropertyValueSpecification\",\"valueRequired\":true,\"valueName\":\"search_term_string\"}}],\"inLanguage\":\"pt-BR\"},{\"@type\":\"Person\",\"@id\":\"https:\/\/med.estrategia.com\/portal\/#\/schema\/person\/67a72aa9c51ed5919796767d808606b4\",\"name\":\"Pablo Fernandes\",\"image\":{\"@type\":\"ImageObject\",\"inLanguage\":\"pt-BR\",\"@id\":\"https:\/\/med.estrategia.com\/portal\/#\/schema\/person\/image\/\",\"url\":\"https:\/\/med.estrategia.com\/portal\/wp-content\/uploads\/2025\/07\/DSC_0059-1-150x150.jpg\",\"contentUrl\":\"https:\/\/med.estrategia.com\/portal\/wp-content\/uploads\/2025\/07\/DSC_0059-1-150x150.jpg\",\"caption\":\"Pablo Fernandes\"},\"description\":\"R1 em Medicina de Fam\u00edlia e Comunidade, mineiro e apaixonado por Jesus.\",\"sameAs\":[\"https:\/\/www.instagram.com\/pablowiil\/\"],\"url\":\"https:\/\/med.estrategia.com\/portal\/author\/pablo-souza\/\"}]}<\/script>\n<!-- \/ Yoast SEO Premium plugin. -->","yoast_head_json":{"title":"Resumo de S\u00edndrome de Hipoventila\u00e7\u00e3o da Obesidade","description":"Na s\u00edndrome de hipoventila\u00e7\u00e3o da obesidade ocorre obesidade associada \u00e0 hipoventila\u00e7\u00e3o diurna e altera\u00e7\u00f5es ventilat\u00f3rias durante o sono.","robots":{"index":"index","follow":"follow","max-snippet":"max-snippet:-1","max-image-preview":"max-image-preview:large","max-video-preview":"max-video-preview:-1"},"canonical":"https:\/\/med.estrategia.com\/portal\/conteudos-gratis\/doencas\/resumo-de-sindrome-de-hipoventilacao-da-obesidade\/","og_locale":"pt_BR","og_type":"article","og_title":"Resumo de S\u00edndrome de Hipoventila\u00e7\u00e3o da Obesidade","og_description":"Na s\u00edndrome de hipoventila\u00e7\u00e3o da obesidade ocorre obesidade associada \u00e0 hipoventila\u00e7\u00e3o diurna e altera\u00e7\u00f5es ventilat\u00f3rias durante o sono.","og_url":"https:\/\/med.estrategia.com\/portal\/conteudos-gratis\/doencas\/resumo-de-sindrome-de-hipoventilacao-da-obesidade\/","og_site_name":"Estrat\u00e9gia MED","article_publisher":"https:\/\/www.facebook.com\/estrategiamed1","article_published_time":"2025-12-01T12:02:02+00:00","article_modified_time":"2025-12-01T12:02:07+00:00","og_image":[{"width":1920,"height":1280,"url":"https:\/\/med.estrategia.com\/portal\/wp-content\/uploads\/2025\/12\/pexels-anntarazevich-5910763.jpg","type":"image\/jpeg"}],"author":"Pablo Fernandes","twitter_card":"summary_large_image","twitter_creator":"@estrategiamed_","twitter_site":"@estrategiamed_","twitter_misc":{"Escrito por":"Pablo Fernandes","Est. tempo de leitura":"11 minutos"},"schema":{"@context":"https:\/\/schema.org","@graph":[{"@type":"WebPage","@id":"https:\/\/med.estrategia.com\/portal\/conteudos-gratis\/doencas\/resumo-de-sindrome-de-hipoventilacao-da-obesidade\/","url":"https:\/\/med.estrategia.com\/portal\/conteudos-gratis\/doencas\/resumo-de-sindrome-de-hipoventilacao-da-obesidade\/","name":"Resumo de S\u00edndrome de Hipoventila\u00e7\u00e3o da Obesidade","isPartOf":{"@id":"https:\/\/med.estrategia.com\/portal\/#website"},"primaryImageOfPage":{"@id":"https:\/\/med.estrategia.com\/portal\/conteudos-gratis\/doencas\/resumo-de-sindrome-de-hipoventilacao-da-obesidade\/#primaryimage"},"image":{"@id":"https:\/\/med.estrategia.com\/portal\/conteudos-gratis\/doencas\/resumo-de-sindrome-de-hipoventilacao-da-obesidade\/#primaryimage"},"thumbnailUrl":"https:\/\/med.estrategia.com\/portal\/wp-content\/uploads\/2025\/12\/pexels-anntarazevich-5910763.jpg","datePublished":"2025-12-01T12:02:02+00:00","dateModified":"2025-12-01T12:02:07+00:00","author":{"@id":"https:\/\/med.estrategia.com\/portal\/#\/schema\/person\/67a72aa9c51ed5919796767d808606b4"},"description":"Na s\u00edndrome de hipoventila\u00e7\u00e3o da obesidade ocorre obesidade associada \u00e0 hipoventila\u00e7\u00e3o diurna e altera\u00e7\u00f5es ventilat\u00f3rias durante o sono.","breadcrumb":{"@id":"https:\/\/med.estrategia.com\/portal\/conteudos-gratis\/doencas\/resumo-de-sindrome-de-hipoventilacao-da-obesidade\/#breadcrumb"},"inLanguage":"pt-BR","potentialAction":[{"@type":"ReadAction","target":["https:\/\/med.estrategia.com\/portal\/conteudos-gratis\/doencas\/resumo-de-sindrome-de-hipoventilacao-da-obesidade\/"]}]},{"@type":"ImageObject","inLanguage":"pt-BR","@id":"https:\/\/med.estrategia.com\/portal\/conteudos-gratis\/doencas\/resumo-de-sindrome-de-hipoventilacao-da-obesidade\/#primaryimage","url":"https:\/\/med.estrategia.com\/portal\/wp-content\/uploads\/2025\/12\/pexels-anntarazevich-5910763.jpg","contentUrl":"https:\/\/med.estrategia.com\/portal\/wp-content\/uploads\/2025\/12\/pexels-anntarazevich-5910763.jpg","width":1920,"height":1280,"caption":"Pexels."},{"@type":"BreadcrumbList","@id":"https:\/\/med.estrategia.com\/portal\/conteudos-gratis\/doencas\/resumo-de-sindrome-de-hipoventilacao-da-obesidade\/#breadcrumb","itemListElement":[{"@type":"ListItem","position":1,"name":"Home","item":"https:\/\/med.estrategia.com\/portal\/"},{"@type":"ListItem","position":2,"name":"Conte\u00fados Gr\u00e1tis","item":"https:\/\/med.estrategia.com\/portal\/conteudos-gratis\/"},{"@type":"ListItem","position":3,"name":"Doen\u00e7as","item":"https:\/\/med.estrategia.com\/portal\/conteudos-gratis\/doencas\/"},{"@type":"ListItem","position":4,"name":"Resumo de S\u00edndrome de Hipoventila\u00e7\u00e3o da Obesidade"}]},{"@type":"WebSite","@id":"https:\/\/med.estrategia.com\/portal\/#website","url":"https:\/\/med.estrategia.com\/portal\/","name":"Estrat\u00e9gia MED","description":"","potentialAction":[{"@type":"SearchAction","target":{"@type":"EntryPoint","urlTemplate":"https:\/\/med.estrategia.com\/portal\/?s={search_term_string}"},"query-input":{"@type":"PropertyValueSpecification","valueRequired":true,"valueName":"search_term_string"}}],"inLanguage":"pt-BR"},{"@type":"Person","@id":"https:\/\/med.estrategia.com\/portal\/#\/schema\/person\/67a72aa9c51ed5919796767d808606b4","name":"Pablo Fernandes","image":{"@type":"ImageObject","inLanguage":"pt-BR","@id":"https:\/\/med.estrategia.com\/portal\/#\/schema\/person\/image\/","url":"https:\/\/med.estrategia.com\/portal\/wp-content\/uploads\/2025\/07\/DSC_0059-1-150x150.jpg","contentUrl":"https:\/\/med.estrategia.com\/portal\/wp-content\/uploads\/2025\/07\/DSC_0059-1-150x150.jpg","caption":"Pablo Fernandes"},"description":"R1 em Medicina de Fam\u00edlia e Comunidade, mineiro e apaixonado por Jesus.","sameAs":["https:\/\/www.instagram.com\/pablowiil\/"],"url":"https:\/\/med.estrategia.com\/portal\/author\/pablo-souza\/"}]}},"_wl_alt_label":[],"wl:entity_url":"\/post\/resumo-de-sindrome-de-hipoventilacao-da-obesidade-102414","_links":{"self":[{"href":"https:\/\/med.estrategia.com\/portal\/wp-json\/wp\/v2\/posts\/102414","targetHints":{"allow":["GET"]}}],"collection":[{"href":"https:\/\/med.estrategia.com\/portal\/wp-json\/wp\/v2\/posts"}],"about":[{"href":"https:\/\/med.estrategia.com\/portal\/wp-json\/wp\/v2\/types\/post"}],"author":[{"embeddable":true,"href":"https:\/\/med.estrategia.com\/portal\/wp-json\/wp\/v2\/users\/46"}],"replies":[{"embeddable":true,"href":"https:\/\/med.estrategia.com\/portal\/wp-json\/wp\/v2\/comments?post=102414"}],"version-history":[{"count":1,"href":"https:\/\/med.estrategia.com\/portal\/wp-json\/wp\/v2\/posts\/102414\/revisions"}],"predecessor-version":[{"id":102416,"href":"https:\/\/med.estrategia.com\/portal\/wp-json\/wp\/v2\/posts\/102414\/revisions\/102416"}],"wp:featuredmedia":[{"embeddable":true,"href":"https:\/\/med.estrategia.com\/portal\/wp-json\/wp\/v2\/media\/102415"}],"wp:attachment":[{"href":"https:\/\/med.estrategia.com\/portal\/wp-json\/wp\/v2\/media?parent=102414"}],"wp:term":[{"taxonomy":"category","embeddable":true,"href":"https:\/\/med.estrategia.com\/portal\/wp-json\/wp\/v2\/categories?post=102414"},{"taxonomy":"post_tag","embeddable":true,"href":"https:\/\/med.estrategia.com\/portal\/wp-json\/wp\/v2\/tags?post=102414"},{"taxonomy":"wl_entity_type","embeddable":true,"href":"https:\/\/med.estrategia.com\/portal\/wp-json\/wp\/v2\/wl_entity_type?post=102414"}],"curies":[{"name":"wp","href":"https:\/\/api.w.org\/{rel}","templated":true}]}}