{"id":104329,"date":"2025-12-22T09:14:58","date_gmt":"2025-12-22T12:14:58","guid":{"rendered":"https:\/\/med.estrategia.com\/portal\/?p=104329"},"modified":"2025-12-22T09:16:09","modified_gmt":"2025-12-22T12:16:09","slug":"resumo-de-probioticos-riscos-tratamento-e-mais","status":"publish","type":"post","link":"https:\/\/med.estrategia.com\/portal\/conteudos-gratis\/farmacos\/resumo-de-probioticos-riscos-tratamento-e-mais\/","title":{"rendered":"Resumo de Probi\u00f3ticos: indica\u00e7\u00e3o, evid\u00eancias e mais!"},"content":{"rendered":"<p><strong>Ol&aacute;, querido doutor e doutora!<\/strong> Os probi&oacute;ticos v&ecirc;m sendo amplamente estudados como estrat&eacute;gia adjuvante em diferentes cen&aacute;rios cl&iacute;nicos, com evid&ecirc;ncias vari&aacute;veis conforme a <strong>cepa<\/strong>, <strong>dose<\/strong> e <strong>popula&ccedil;&atilde;o avaliada<\/strong>. O conhecimento atualizado permite delimitar indica&ccedil;&otilde;es mais bem estabelecidas, reconhecer limita&ccedil;&otilde;es metodol&oacute;gicas e avaliar riscos em grupos vulner&aacute;veis.&nbsp;<p><em>Os benef&iacute;cios dos probi&oacute;ticos s&atilde;o cepa dependentes e n&atilde;o devem ser extrapolados entre produtos diferentes, mesmo quando pertencem ao mesmo g&ecirc;nero.<\/em><\/p><div id=\"ez-toc-container\" class=\"ez-toc-v2_0_79_2 counter-hierarchy ez-toc-counter ez-toc-transparent ez-toc-container-direction\">\n<div class=\"ez-toc-title-container\"><p class=\"ez-toc-title\" style=\"cursor:inherit\">Navegue pelo conte\u00fado<\/p>\n<\/div><nav><ul class='ez-toc-list ez-toc-list-level-1 ' ><li class='ez-toc-page-1 ez-toc-heading-level-2'><a class=\"ez-toc-link ez-toc-heading-1\" href=\"https:\/\/med.estrategia.com\/portal\/conteudos-gratis\/farmacos\/resumo-de-probioticos-riscos-tratamento-e-mais\/#O-que-sao-Probioticos\" >O que s&atilde;o Probi&oacute;ticos&nbsp;<\/a><\/li><li class='ez-toc-page-1 ez-toc-heading-level-2'><a class=\"ez-toc-link ez-toc-heading-2\" href=\"https:\/\/med.estrategia.com\/portal\/conteudos-gratis\/farmacos\/resumo-de-probioticos-riscos-tratamento-e-mais\/#Principais-microrganismos-utilizados\" >Principais microrganismos utilizados&nbsp;&nbsp;<\/a><\/li><li class='ez-toc-page-1 ez-toc-heading-level-2'><a class=\"ez-toc-link ez-toc-heading-3\" href=\"https:\/\/med.estrategia.com\/portal\/conteudos-gratis\/farmacos\/resumo-de-probioticos-riscos-tratamento-e-mais\/#Mecanismos-de-acao\" >Mecanismos de a&ccedil;&atilde;o<\/a><\/li><li class='ez-toc-page-1 ez-toc-heading-level-2'><a class=\"ez-toc-link ez-toc-heading-4\" href=\"https:\/\/med.estrategia.com\/portal\/conteudos-gratis\/farmacos\/resumo-de-probioticos-riscos-tratamento-e-mais\/#Evidencias-clinicas-e-indicacoes\" >Evid&ecirc;ncias cl&iacute;nicas e indica&ccedil;&otilde;es<\/a><\/li><li class='ez-toc-page-1 ez-toc-heading-level-2'><a class=\"ez-toc-link ez-toc-heading-5\" href=\"https:\/\/med.estrategia.com\/portal\/conteudos-gratis\/farmacos\/resumo-de-probioticos-riscos-tratamento-e-mais\/#Uso-em-populacoes-especificas\" >Uso em popula&ccedil;&otilde;es espec&iacute;ficas&nbsp;<\/a><\/li><li class='ez-toc-page-1 ez-toc-heading-level-2'><a class=\"ez-toc-link ez-toc-heading-6\" href=\"https:\/\/med.estrategia.com\/portal\/conteudos-gratis\/farmacos\/resumo-de-probioticos-riscos-tratamento-e-mais\/#Seguranca-e-eventos-adversos\" >Seguran&ccedil;a e eventos adversos<\/a><\/li><li class='ez-toc-page-1 ez-toc-heading-level-2'><a class=\"ez-toc-link ez-toc-heading-7\" href=\"https:\/\/med.estrategia.com\/portal\/conteudos-gratis\/farmacos\/resumo-de-probioticos-riscos-tratamento-e-mais\/#Limitacoes-das-evidencias-e-controversias-atuais\" >Limita&ccedil;&otilde;es das evid&ecirc;ncias e controv&eacute;rsias atuais<\/a><\/li><li class='ez-toc-page-1 ez-toc-heading-level-2'><a class=\"ez-toc-link ez-toc-heading-8\" href=\"https:\/\/med.estrategia.com\/portal\/conteudos-gratis\/farmacos\/resumo-de-probioticos-riscos-tratamento-e-mais\/#Veja-Tambem\" >Veja Tamb&eacute;m<\/a><\/li><li class='ez-toc-page-1 ez-toc-heading-level-2'><a class=\"ez-toc-link ez-toc-heading-9\" href=\"https:\/\/med.estrategia.com\/portal\/conteudos-gratis\/farmacos\/resumo-de-probioticos-riscos-tratamento-e-mais\/#Canal-do-YouTube\" >Canal do YouTube&nbsp;<\/a><\/li><li class='ez-toc-page-1 ez-toc-heading-level-2'><a class=\"ez-toc-link ez-toc-heading-10\" href=\"https:\/\/med.estrategia.com\/portal\/conteudos-gratis\/farmacos\/resumo-de-probioticos-riscos-tratamento-e-mais\/#Referencias-Bibliograficas\" >Refer&ecirc;ncias Bibliogr&aacute;ficas&nbsp;<\/a><\/li><\/ul><\/nav><\/div>\n<h2 class=\"wp-block-heading\" id=\"h-o-que-sao-probioticos-nbsp\"><span class=\"ez-toc-section\" id=\"O-que-sao-Probioticos\"><\/span>O que s&atilde;o Probi&oacute;ticos&nbsp;<span class=\"ez-toc-section-end\"><\/span><\/h2><p>Probi&oacute;ticos s&atilde;o <strong>microrganismos vivos<\/strong> que, quando administrados em <strong>quantidade adequada<\/strong>, podem gerar <strong>efeitos cl&iacute;nicos ben&eacute;ficos ao hospedeiro<\/strong>. Em geral, incluem bact&eacute;rias e leveduras selecionadas, capazes de resistir ao ambiente gastrointestinal, aderir transitoriamente &agrave; mucosa intestinal e interagir com a <strong>microbiota residente<\/strong> e com o sistema imune.<\/p><h2 class=\"wp-block-heading\" id=\"h-principais-microrganismos-utilizados-nbsp-nbsp\"><span class=\"ez-toc-section\" id=\"Principais-microrganismos-utilizados\"><\/span>Principais microrganismos utilizados&nbsp;&nbsp;<span class=\"ez-toc-section-end\"><\/span><\/h2><h4 class=\"wp-block-heading\" id=\"h-lactobacillus\"><strong>Lactobacillus<\/strong><\/h4><p>Grupo amplamente utilizado, com cepas capazes de sobreviver ao pH g&aacute;strico e aderir &agrave; mucosa intestinal. Est&atilde;o associados &agrave; <strong>modula&ccedil;&atilde;o da microbiota<\/strong>, redu&ccedil;&atilde;o da coloniza&ccedil;&atilde;o por pat&oacute;genos e intera&ccedil;&atilde;o com a resposta imune local.<\/p><h4 class=\"wp-block-heading\" id=\"h-bifidobacterium\"><strong>Bifidobacterium<\/strong><\/h4><p>Microrganismos predominantes no intestino de lactentes e presentes em menor propor&ccedil;&atilde;o ao longo da vida adulta. Relacionam-se &agrave; <strong>fermenta&ccedil;&atilde;o de carboidratos<\/strong>, produ&ccedil;&atilde;o de &aacute;cidos graxos de cadeia curta e manuten&ccedil;&atilde;o da <strong>integridade da barreira intestinal<\/strong>.<\/p><h4 class=\"wp-block-heading\" id=\"h-saccharomyces-nbsp\"><strong>Saccharomyces<\/strong>&nbsp;<\/h4><p>Levedura n&atilde;o patog&ecirc;nica, com destaque para sua resist&ecirc;ncia a antibi&oacute;ticos. Utilizada principalmente em contextos de <strong>diarreia associada ao uso de antimicrobianos<\/strong> e preven&ccedil;&atilde;o de recorr&ecirc;ncia de diarreias infecciosas.<\/p><h4 class=\"wp-block-heading\" id=\"h-outras-cepas-com-uso-clinico-descrito\"><strong>Outras cepas com uso cl&iacute;nico descrito<\/strong><\/h4><p>Incluem esp&eacute;cies de <em>Streptococcus<\/em>, <em>Enterococcus<\/em> e <em>Escherichia coli<\/em> n&atilde;o patog&ecirc;nica, empregadas em situa&ccedil;&otilde;es espec&iacute;ficas, sempre considerando <strong>avalia&ccedil;&atilde;o individualizada<\/strong> e evid&ecirc;ncias dispon&iacute;veis para cada cepa.<\/p><h2 class=\"wp-block-heading\" id=\"h-mecanismos-de-acao\"><span class=\"ez-toc-section\" id=\"Mecanismos-de-acao\"><\/span>Mecanismos de a&ccedil;&atilde;o<span class=\"ez-toc-section-end\"><\/span><\/h2><h4 class=\"wp-block-heading\" id=\"h-modulacao-da-microbiota-intestinal\"><strong>Modula&ccedil;&atilde;o da microbiota intestinal<\/strong><\/h4><p>Atuam na competi&ccedil;&atilde;o por nutrientes e s&iacute;tios de ades&atilde;o, contribuindo para a <strong>redu&ccedil;&atilde;o da coloniza&ccedil;&atilde;o por microrganismos potencialmente patog&ecirc;nicos<\/strong> e para o equil&iacute;brio da microbiota residente.<\/p><h4 class=\"wp-block-heading\" id=\"h-fortalecimento-da-barreira-intestinal\"><strong>Fortalecimento da barreira intestinal<\/strong><\/h4><p>Estimulam a produ&ccedil;&atilde;o de muco e influenciam a express&atilde;o de prote&iacute;nas de jun&ccedil;&atilde;o celular, favorecendo a <strong>diminui&ccedil;&atilde;o da permeabilidade intestinal<\/strong>.<\/p><h4 class=\"wp-block-heading\" id=\"h-interacao-com-o-sistema-imune\"><strong>Intera&ccedil;&atilde;o com o sistema imune<\/strong><\/h4><p>Podem modular respostas imunes inatas e adaptativas, com impacto na produ&ccedil;&atilde;o de citocinas e na atividade de c&eacute;lulas apresentadoras de ant&iacute;geno, promovendo <strong>respostas inflamat&oacute;rias mais reguladas<\/strong>.<\/p><h4 class=\"wp-block-heading\" id=\"h-producao-de-metabolitos-bioativos\"><strong>Produ&ccedil;&atilde;o de metab&oacute;litos bioativos<\/strong><\/h4><p>A fermenta&ccedil;&atilde;o de substratos gera &aacute;cidos graxos de cadeia curta e outras subst&acirc;ncias com efeitos sobre o pH intestinal, motilidade e fun&ccedil;&atilde;o epitelial, contribuindo para um <strong>ambiente intestinal mais est&aacute;vel<\/strong>.<\/p><h2 class=\"wp-block-heading\" id=\"h-evidencias-clinicas-e-indicacoes\"><span class=\"ez-toc-section\" id=\"Evidencias-clinicas-e-indicacoes\"><\/span>Evid&ecirc;ncias cl&iacute;nicas e indica&ccedil;&otilde;es<span class=\"ez-toc-section-end\"><\/span><\/h2><p>A evid&ecirc;ncia sobre probi&oacute;ticos &eacute; <strong>cepa e dose dependente<\/strong>, com maior consist&ecirc;ncia em cen&aacute;rios espec&iacute;ficos. Na pr&aacute;tica, a decis&atilde;o deve considerar <strong>qual produto<\/strong> foi estudado, <strong>em que dose<\/strong>, por <strong>quanto tempo<\/strong>, e o <strong>perfil de risco<\/strong> do paciente.<\/p><h4 class=\"wp-block-heading\" id=\"h-prevencao-de-diarreia-associada-a-antibioticos\"><strong>Preven&ccedil;&atilde;o de diarreia associada a antibi&oacute;ticos<\/strong><\/h4><p>&Eacute; uma das indica&ccedil;&otilde;es com melhor suporte. Em pediatria, h&aacute; dados favor&aacute;veis com <strong>Lactobacillus rhamnosus GG<\/strong> e <strong>Saccharomyces boulardii<\/strong>, sobretudo em doses <strong>&ge; 5 bilh&otilde;es de UFC por dia<\/strong>, com redu&ccedil;&atilde;o do risco de diarreia e magnitude de efeito clinicamente relevante.<\/p><h4 class=\"wp-block-heading\" id=\"h-prevencao-de-diarreia-associada-a-clostridioides-difficile-em-pacientes-em-uso-de-antibioticos\"><strong>Preven&ccedil;&atilde;o de diarreia associada a Clostridioides difficile em pacientes em uso de antibi&oacute;ticos<\/strong><\/h4><p>H&aacute; evid&ecirc;ncia de redu&ccedil;&atilde;o de risco em adultos e crian&ccedil;as, com benef&iacute;cio absoluto geralmente pequeno, mas mensur&aacute;vel em popula&ccedil;&otilde;es sob antibi&oacute;ticos. Em pacientes <strong>n&atilde;o imunocomprometidos<\/strong>, o perfil de tolerabilidade costuma ser adequado.<\/p><h4 class=\"wp-block-heading\" id=\"h-prevencao-de-enterocolite-necrosante-em-prematuros\"><strong>Preven&ccedil;&atilde;o de enterocolite necrosante em prematuros<\/strong><\/h4><p>Diretrizes gastroenterol&oacute;gicas restringem a recomenda&ccedil;&atilde;o a situa&ccedil;&otilde;es espec&iacute;ficas e refor&ccedil;am a necessidade de <strong>sele&ccedil;&atilde;o criteriosa da cepa ou combina&ccedil;&atilde;o<\/strong> e avalia&ccedil;&atilde;o institucional da qualidade do produto, especialmente em unidades neonatais.<\/p><h4 class=\"wp-block-heading\" id=\"h-pouchite\"><strong>Pouchite<\/strong><\/h4><p>Em pacientes com reservat&oacute;rio ileal, algumas formula&ccedil;&otilde;es probi&oacute;ticas apresentam dados favor&aacute;veis para <strong>manuten&ccedil;&atilde;o de remiss&atilde;o<\/strong> em contextos selecionados, sempre considerando o produto e o esquema utilizados.<\/p><h4 class=\"wp-block-heading\" id=\"h-doenca-inflamatoria-intestinal-e-sindrome-do-intestino-irritavel\"><strong>Doen&ccedil;a inflamat&oacute;ria intestinal e s&iacute;ndrome do intestino irrit&aacute;vel<\/strong><\/h4><p>Para uso rotineiro, a evid&ecirc;ncia &eacute; <strong>heterog&ecirc;nea<\/strong> e, em muitos cen&aacute;rios, insuficiente para recomenda&ccedil;&atilde;o ampla. Quando empregados, os benef&iacute;cios tendem a ser <strong>modestos e vari&aacute;veis<\/strong>, dependentes da cepa estudada.<\/p><h4 class=\"wp-block-heading\" id=\"h-constipacao-funcional-e-diarreia-infecciosa-aguda\"><strong>Constipa&ccedil;&atilde;o funcional e diarreia infecciosa aguda<\/strong><\/h4><p>Podem ocorrer benef&iacute;cios em subgrupos espec&iacute;ficos, com melhora discreta da frequ&ecirc;ncia evacuat&oacute;ria ou redu&ccedil;&atilde;o do tempo de sintomas, por&eacute;m com consist&ecirc;ncia inferior &agrave;s indica&ccedil;&otilde;es relacionadas ao uso de antibi&oacute;ticos.<\/p><h4 class=\"wp-block-heading\" id=\"h-seguranca-e-precaucoes\"><strong>Seguran&ccedil;a e precau&ccedil;&otilde;es<\/strong><\/h4><p>De modo geral, os probi&oacute;ticos apresentam <strong>boa tolerabilidade<\/strong>. Ainda assim, recomenda-se cautela e, muitas vezes, evitar o uso em <strong>imunocomprometidos<\/strong>, pacientes <strong>gravemente debilitados<\/strong> ou com <strong>cateter venoso central<\/strong>, devido ao risco raro de infec&ccedil;&atilde;o sist&ecirc;mica. A decis&atilde;o deve ser <strong>individualizada<\/strong>, ponderando risco e benef&iacute;cio cl&iacute;nico.<\/p><h2 class=\"wp-block-heading\" id=\"h-uso-em-populacoes-especificas-nbsp\"><span class=\"ez-toc-section\" id=\"Uso-em-populacoes-especificas\"><\/span>Uso em popula&ccedil;&otilde;es espec&iacute;ficas&nbsp;<span class=\"ez-toc-section-end\"><\/span><\/h2><h4 class=\"wp-block-heading\" id=\"h-criancas\"><strong>Crian&ccedil;as<\/strong><\/h4><p>Em pediatria, probi&oacute;ticos como <strong>Lactobacillus rhamnosus GG<\/strong> e <strong>Saccharomyces boulardii<\/strong> apresentam evid&ecirc;ncia consistente para <strong>preven&ccedil;&atilde;o de diarreia associada a antibi&oacute;ticos<\/strong>, com redu&ccedil;&atilde;o significativa do risco, al&eacute;m de <strong>diminui&ccedil;&atilde;o da dura&ccedil;&atilde;o da diarreia aguda<\/strong>. O perfil de tolerabilidade &eacute;, em geral, favor&aacute;vel.<br><\/p><p>Em rec&eacute;m-nascidos prematuros, o uso de <strong>combina&ccedil;&otilde;es espec&iacute;ficas de Lactobacillus e Bifidobacterium<\/strong> est&aacute; associado &agrave; redu&ccedil;&atilde;o da incid&ecirc;ncia de <strong>enterocolite necrosante<\/strong>, devendo-se atentar para a sele&ccedil;&atilde;o criteriosa do produto e para protocolos institucionais.<\/p><h4 class=\"wp-block-heading\" id=\"h-adultos\"><strong>Adultos<\/strong><\/h4><p>Em adultos sob uso de antibi&oacute;ticos, alguns probi&oacute;ticos demonstram <strong>redu&ccedil;&atilde;o do risco de diarreia associada ao Clostridioides difficile<\/strong>, sobretudo em pacientes <strong>n&atilde;o imunocomprometidos<\/strong>.<br><\/p><p>Em indiv&iacute;duos com <strong>pouchite<\/strong>, determinadas combina&ccedil;&otilde;es multicepas podem ser consideradas para <strong>manuten&ccedil;&atilde;o de remiss&atilde;o<\/strong>, embora a qualidade da evid&ecirc;ncia seja limitada e a indica&ccedil;&atilde;o deva ser individualizada.<\/p><h4 class=\"wp-block-heading\" id=\"h-populacoes-imunocomprometidas-ou-gravemente-debilitadas\"><strong>Popula&ccedil;&otilde;es imunocomprometidas ou gravemente debilitadas<\/strong><\/h4><p>Nesses grupos, recomenda-se <strong>evitar o uso rotineiro de probi&oacute;ticos<\/strong>, em raz&atilde;o do risco aumentado, ainda que raro, de <strong>bacteremia ou fungemia<\/strong> associada aos microrganismos administrados. Pacientes com cateter venoso central, neutropenia, doen&ccedil;a cr&iacute;tica ou imunossupress&atilde;o significativa exigem <strong>avalia&ccedil;&atilde;o rigorosa de seguran&ccedil;a<\/strong>, com prefer&ecirc;ncia por n&atilde;o utiliza&ccedil;&atilde;o.<\/p><h2 class=\"wp-block-heading\" id=\"h-seguranca-e-eventos-adversos\"><span class=\"ez-toc-section\" id=\"Seguranca-e-eventos-adversos\"><\/span>Seguran&ccedil;a e eventos adversos<span class=\"ez-toc-section-end\"><\/span><\/h2><p>Os dados dispon&iacute;veis indicam que os probi&oacute;ticos apresentam <strong>perfil de seguran&ccedil;a favor&aacute;vel<\/strong> em crian&ccedil;as, adultos e rec&eacute;m-nascidos prematuros <strong>n&atilde;o imunocomprometidos<\/strong>. Os eventos adversos relatados s&atilde;o, na maioria das vezes, <strong>leves e autolimitados<\/strong>, incluindo desconforto gastrointestinal, como <strong>dor abdominal<\/strong>, <strong>flatul&ecirc;ncia<\/strong>, <strong>constipa&ccedil;&atilde;o<\/strong> e <strong>n&aacute;usea<\/strong>.<\/p><h4 class=\"wp-block-heading\" id=\"h-criancas-e-adultos\"><strong>Crian&ccedil;as e adultos<\/strong><\/h4><p>Em indiv&iacute;duos imunocompetentes, estudos cl&iacute;nicos demonstram <strong>baixa incid&ecirc;ncia de eventos adversos graves<\/strong>, sem aumento consistente do risco de infec&ccedil;&atilde;o sist&ecirc;mica. Em adultos, o padr&atilde;o &eacute; semelhante, com predom&iacute;nio de sintomas gastrointestinais leves e aus&ecirc;ncia de eleva&ccedil;&atilde;o relevante de complica&ccedil;&otilde;es infecciosas.<\/p><h4 class=\"wp-block-heading\" id=\"h-recem-nascidos-prematuros\"><strong>Rec&eacute;m-nascidos prematuros<\/strong><\/h4><p>Em prematuros, an&aacute;lises recentes mostram que a ocorr&ecirc;ncia de <strong>sepse relacionada ao uso de probi&oacute;ticos &eacute; extremamente rara<\/strong>. Observa-se redu&ccedil;&atilde;o da mortalidade e da incid&ecirc;ncia de enterocolite necrosante, com rela&ccedil;&atilde;o risco benef&iacute;cio geralmente favor&aacute;vel. Ainda assim, h&aacute; relatos isolados de <strong>transloca&ccedil;&atilde;o bacteriana<\/strong>, sepse associada ao microrganismo administrado e epis&oacute;dios vinculados &agrave; <strong>contamina&ccedil;&atilde;o do produto<\/strong>, o que refor&ccedil;a a necessidade de controle rigoroso de qualidade e vigil&acirc;ncia cl&iacute;nica.<\/p><h4 class=\"wp-block-heading\" id=\"h-pacientes-imunocomprometidos-ou-gravemente-debilitados\"><strong>Pacientes imunocomprometidos ou gravemente debilitados<\/strong><\/h4><p>Nessa popula&ccedil;&atilde;o, existe <strong>risco aumentado de bacteremia ou fungemia<\/strong>, embora a incid&ecirc;ncia absoluta permane&ccedil;a baixa. O uso deve ser <strong>evitado ou cuidadosamente avaliado<\/strong> em pacientes com imunodefici&ecirc;ncia, neutropenia, doen&ccedil;a cr&iacute;tica, presen&ccedil;a de cateter venoso central ou comprometimento da barreira intestinal.<\/p><h2 class=\"wp-block-heading\" id=\"h-limitacoes-das-evidencias-e-controversias-atuais\"><span class=\"ez-toc-section\" id=\"Limitacoes-das-evidencias-e-controversias-atuais\"><\/span>Limita&ccedil;&otilde;es das evid&ecirc;ncias e controv&eacute;rsias atuais<span class=\"ez-toc-section-end\"><\/span><\/h2><h4 class=\"wp-block-heading\" id=\"h-criancas-0\"><strong>Crian&ccedil;as<\/strong><\/h4><p>A efic&aacute;cia pedi&aacute;trica se concentra em <strong>poucas cepas<\/strong> e em indica&ccedil;&otilde;es mais bem estudadas, como <strong>preven&ccedil;&atilde;o de diarreia associada a antibi&oacute;ticos<\/strong> e alguns cen&aacute;rios de <strong>gastroenterite aguda<\/strong>. Ainda assim, h&aacute; grande variabilidade entre ensaios, com diferen&ccedil;as relevantes em <strong>dose<\/strong>, <strong>dura&ccedil;&atilde;o<\/strong>, desfechos e formula&ccedil;&otilde;es. Em dist&uacute;rbios funcionais como <strong>dor abdominal funcional<\/strong> e <strong>constipa&ccedil;&atilde;o<\/strong>, os resultados s&atilde;o inconsistentes e, em geral, n&atilde;o sustentam recomenda&ccedil;&atilde;o ampla em diretrizes.<\/p><h4 class=\"wp-block-heading\" id=\"h-adultos-0\"><strong>Adultos<\/strong><\/h4><p>Em adultos, sociedades gastroenterol&oacute;gicas destacam que a qualidade da evid&ecirc;ncia para preven&ccedil;&atilde;o de diarreia associada ao <strong>Clostridioides difficile<\/strong> tende a ser baixa, com benef&iacute;cio geralmente <strong>modesto<\/strong>. Para outras indica&ccedil;&otilde;es, como <strong>s&iacute;ndrome do intestino irrit&aacute;vel<\/strong> e <strong>doen&ccedil;a inflamat&oacute;ria intestinal<\/strong>, os dados s&atilde;o heterog&ecirc;neos, com variabilidade de resultados e baixa previsibilidade de resposta. Um ponto recorrente &eacute; que efeitos de uma cepa <strong>n&atilde;o podem ser generalizados<\/strong> para outras cepas e produtos.<\/p><h4 class=\"wp-block-heading\" id=\"h-prematuros\"><strong>Prematuros<\/strong><\/h4><p>Em prematuros, h&aacute; evid&ecirc;ncia moderada de redu&ccedil;&atilde;o de <strong>enterocolite necrosante<\/strong> e mortalidade com probi&oacute;ticos multicepas. Por&eacute;m, persiste debate por limita&ccedil;&otilde;es regulat&oacute;rias e de implementa&ccedil;&atilde;o, incluindo aus&ecirc;ncia de produtos com padr&atilde;o farmac&ecirc;utico uniforme em muitos pa&iacute;ses, risco de <strong>contamina&ccedil;&atilde;o<\/strong> e incerteza em subgrupos de maior vulnerabilidade, como rec&eacute;m-nascidos de <strong>extremo baixo peso<\/strong>. Isso sustenta recomenda&ccedil;&otilde;es de cautela, escolha rigorosa do produto e protocolos institucionais.<\/p><h4 class=\"wp-block-heading\" id=\"h-pacientes-imunocomprometidos\"><strong>Pacientes imunocomprometidos<\/strong><\/h4><p>A controv&eacute;rsia &eacute; mais relevante nesse grupo, em que h&aacute; preocupa&ccedil;&atilde;o com <strong>seguran&ccedil;a<\/strong> e falta de dados robustos. Embora eventos graves sejam raros, h&aacute; relatos de <strong>bacteremia e fungemia<\/strong> associadas a microrganismos probi&oacute;ticos, al&eacute;m do risco potencial em pacientes com barreira intestinal comprometida, neutropenia e cateter venoso central. Diretrizes tendem a desencorajar o uso rotineiro pela combina&ccedil;&atilde;o de incerteza de benef&iacute;cio e preocupa&ccedil;&atilde;o com eventos adversos.<\/p><h4 class=\"wp-block-heading\" id=\"h-questoes-transversais\"><strong>Quest&otilde;es transversais<\/strong><\/h4><p>H&aacute; subnotifica&ccedil;&atilde;o de eventos adversos, poucos estudos com avalia&ccedil;&atilde;o de <strong>efeitos a longo prazo<\/strong>, e grande parte da literatura utiliza suplementos com controle de qualidade vari&aacute;vel, o que limita a confiabilidade externa. A aus&ecirc;ncia de padroniza&ccedil;&atilde;o de <strong>UFC<\/strong>, viabilidade at&eacute; o fim da validade e rastreabilidade de cepas tamb&eacute;m dificulta a compara&ccedil;&atilde;o entre estudos.<\/p><p><strong><em>Venha fazer parte da maior plataforma de Medicina do Brasil! O Estrat&eacute;gia MED possui os materiais mais atualizados e cursos ministrados por especialistas na &aacute;rea. N&atilde;o perca a oportunidade de elevar seus estudos, inscreva-se agora e comece a construir um caminho de excel&ecirc;ncia na medicina!<\/em><\/strong>&nbsp;<\/p><h2 class=\"wp-block-heading\" id=\"h-veja-tambem\"><span class=\"ez-toc-section\" id=\"Veja-Tambem\"><\/span>Veja Tamb&eacute;m<span class=\"ez-toc-section-end\"><\/span><\/h2><ul class=\"wp-block-list\">\n<li><a href=\"https:\/\/med.estrategia.com\/portal\/conteudos-gratis\/doencas\/resumo-de-disbiose-intestinal-fatores-de-risco-sintomas-e-mais\/\">Resumo de Disbiose Intestinal: fatores de risco, sintomas e mais!<\/a><\/li>\n\n\n\n<li><a href=\"https:\/\/med.estrategia.com\/portal\/conteudos-gratis\/ciclo-basico\/resumo-de-microbiota-intestinal-funcao-formacao-e-mais\/\">Resumo de Microbiota Intestinal: fun&ccedil;&atilde;o, forma&ccedil;&atilde;o e mais!<\/a><\/li>\n\n\n\n<li><a href=\"https:\/\/med.estrategia.com\/portal\/conteudos-gratis\/ciclo-basico\/resumo-de-imunidade-inata-conceito-funcao-e-mais\/\">Resumo de Imunidade Inata: conceito, fun&ccedil;&atilde;o e mais!<\/a><\/li>\n\n\n\n<li><a href=\"https:\/\/med.estrategia.com\/portal\/conteudos-gratis\/doencas\/resumo-de-doencas-autoimunes-conceito-classificacao-e-mais\/\">Resumo de Doen&ccedil;as Autoimunes: conceito, classifica&ccedil;&atilde;o e mais!<\/a><\/li>\n\n\n\n<li><a href=\"https:\/\/med.estrategia.com\/portal\/conteudos-gratis\/doencas\/resumo-sobre-tiamina-vitamina-b1-indicacoes-farmacologia-e-mais\/\">Resumo sobre tiamina (vitamina B1): indica&ccedil;&otilde;es, farmacologia e mais!<\/a><\/li>\n\n\n\n<li><a href=\"https:\/\/med.estrategia.com\/portal\/conteudos-gratis\/doencas\/resumo-de-deficiencia-de-vitamina-e-diagnostico-tratamento-e-mais\/\">Resumo de defici&ecirc;ncia de vitamina E: diagn&oacute;stico, tratamento e mais!<\/a><\/li>\n\n\n\n<li><a href=\"https:\/\/med.estrategia.com\/portal\/conteudos-gratis\/doencas\/resumo-de-deficiencia-de-vitamina-b12-diagnostico-tratamento-e-mais\/\">Resumo de defici&ecirc;ncia de vitamina b12: diagn&oacute;stico e mais!<\/a><\/li>\n\n\n\n<li><a href=\"https:\/\/med.estrategia.com\/portal\/conteudos-gratis\/doencas\/resumo-de-escorbuto-diagnostico-tratamento-e-mais\/\">Resumo de escorbuto: diagn&oacute;stico, tratamento e mais!<\/a><\/li>\n<\/ul><h2 class=\"wp-block-heading\" id=\"h-canal-do-youtube-nbsp\"><span class=\"ez-toc-section\" id=\"Canal-do-YouTube\"><\/span>Canal do YouTube&nbsp;<span class=\"ez-toc-section-end\"><\/span><\/h2><ul class=\"wp-block-list\">\n<li><a href=\"https:\/\/www.youtube.com\/@EstrategiaMED\" target=\"_blank\" rel=\"noopener noreferrer\">YouTube do Estrat&eacute;gia MED<\/a><\/li>\n<\/ul><h2 class=\"wp-block-heading\" id=\"h-referencias-bibliograficas-nbsp\"><span class=\"ez-toc-section\" id=\"Referencias-Bibliograficas\"><\/span>Refer&ecirc;ncias Bibliogr&aacute;ficas&nbsp;<span class=\"ez-toc-section-end\"><\/span><\/h2><ol class=\"wp-block-list\">\n<li>DYNAMED. <strong>Probiotics<\/strong>. Ipswich: EBSCO Information Services, 2025.<\/li>\n<\/ol><ol start=\"2\" class=\"wp-block-list\">\n<li>ESMAEILINEZHAD, Z.; GHOSH, N. R.; WALSH, C. M. et al. <strong>Probiotics for the prevention of <\/strong><strong><em>Clostridioides difficile<\/em><\/strong><strong>-associated diarrhea in adults and children<\/strong>. <em>The Cochrane Database of Systematic Reviews<\/em>, v. 2025, n. 9, CD006095, 2025. DOI: 10.1002\/14651858.CD006095.pub5.<\/li>\n<\/ol><ol start=\"3\" class=\"wp-block-list\">\n<li>SU, G. L.; KO, C. W.; BERCIK, P. et al. <strong>AGA clinical practice guidelines on the role of probiotics in the management of gastrointestinal disorders<\/strong>. <em>Gastroenterology<\/em>, v. 159, n. 2, p. 697&ndash;705, 2020. DOI: 10.1053\/j.gastro.2020.05.059.<\/li>\n<\/ol><\/p>\n","protected":false},"excerpt":{"rendered":"Ol&aacute;, querido doutor e doutora! Os probi&oacute;ticos v&ecirc;m sendo amplamente estudados como estrat&eacute;gia adjuvante em diferentes cen&aacute;rios cl&iacute;nicos,&hellip;\n","protected":false},"author":46,"featured_media":104330,"comment_status":"closed","ping_status":"closed","sticky":false,"template":"","format":"standard","meta":{"wl_entities_gutenberg":"","footnotes":""},"categories":[306],"tags":[1589],"wl_entity_type":[199],"class_list":{"0":"post-104329","1":"post","2":"type-post","3":"status-publish","4":"format-standard","5":"has-post-thumbnail","7":"category-farmacos","8":"tag-probioticos","9":"wl_entity_type-article"},"acf":[],"yoast_head":"<!-- This site is optimized with the Yoast SEO Premium plugin v26.6 (Yoast SEO v26.6) - https:\/\/yoast.com\/wordpress\/plugins\/seo\/ -->\n<title>Resumo de Probi\u00f3ticos: indica\u00e7\u00e3o, evid\u00eancias e mais!<\/title>\n<meta name=\"description\" content=\"Probi\u00f3ticos s\u00e3o microrganismos vivos que, quando administrados em quantidade adequada, podem gerar efeitos cl\u00ednicos ben\u00e9ficos ao hospedeiro.\" \/>\n<meta name=\"robots\" content=\"index, follow, max-snippet:-1, max-image-preview:large, max-video-preview:-1\" \/>\n<link rel=\"canonical\" href=\"https:\/\/med.estrategia.com\/portal\/conteudos-gratis\/farmacos\/resumo-de-probioticos-riscos-tratamento-e-mais\/\" \/>\n<meta property=\"og:locale\" content=\"pt_BR\" \/>\n<meta property=\"og:type\" content=\"article\" \/>\n<meta property=\"og:title\" content=\"Resumo de Probi\u00f3ticos: indica\u00e7\u00e3o, evid\u00eancias e mais!\" \/>\n<meta property=\"og:description\" content=\"Probi\u00f3ticos s\u00e3o microrganismos vivos que, quando administrados em quantidade adequada, podem gerar efeitos cl\u00ednicos ben\u00e9ficos ao hospedeiro.\" \/>\n<meta property=\"og:url\" content=\"https:\/\/med.estrategia.com\/portal\/conteudos-gratis\/farmacos\/resumo-de-probioticos-riscos-tratamento-e-mais\/\" \/>\n<meta property=\"og:site_name\" content=\"Estrat\u00e9gia MED\" \/>\n<meta property=\"article:publisher\" content=\"https:\/\/www.facebook.com\/estrategiamed1\" \/>\n<meta property=\"article:published_time\" content=\"2025-12-22T12:14:58+00:00\" \/>\n<meta property=\"article:modified_time\" content=\"2025-12-22T12:16:09+00:00\" \/>\n<meta property=\"og:image\" content=\"https:\/\/med.estrategia.com\/portal\/wp-content\/uploads\/2025\/12\/pexels-alicia-harper-3093892-7510940-1.jpg\" \/>\n\t<meta property=\"og:image:width\" content=\"1920\" \/>\n\t<meta property=\"og:image:height\" content=\"1281\" \/>\n\t<meta property=\"og:image:type\" content=\"image\/jpeg\" \/>\n<meta name=\"author\" content=\"Pablo Fernandes\" \/>\n<meta name=\"twitter:card\" content=\"summary_large_image\" \/>\n<meta name=\"twitter:creator\" content=\"@estrategiamed_\" \/>\n<meta name=\"twitter:site\" content=\"@estrategiamed_\" \/>\n<meta name=\"twitter:label1\" content=\"Escrito por\" \/>\n\t<meta name=\"twitter:data1\" content=\"Pablo Fernandes\" \/>\n\t<meta name=\"twitter:label2\" content=\"Est. tempo de leitura\" \/>\n\t<meta name=\"twitter:data2\" content=\"9 minutos\" \/>\n<script type=\"application\/ld+json\" class=\"yoast-schema-graph\">{\"@context\":\"https:\/\/schema.org\",\"@graph\":[{\"@type\":\"WebPage\",\"@id\":\"https:\/\/med.estrategia.com\/portal\/conteudos-gratis\/farmacos\/resumo-de-probioticos-riscos-tratamento-e-mais\/\",\"url\":\"https:\/\/med.estrategia.com\/portal\/conteudos-gratis\/farmacos\/resumo-de-probioticos-riscos-tratamento-e-mais\/\",\"name\":\"Resumo de Probi\u00f3ticos: indica\u00e7\u00e3o, evid\u00eancias e mais!\",\"isPartOf\":{\"@id\":\"https:\/\/med.estrategia.com\/portal\/#website\"},\"primaryImageOfPage\":{\"@id\":\"https:\/\/med.estrategia.com\/portal\/conteudos-gratis\/farmacos\/resumo-de-probioticos-riscos-tratamento-e-mais\/#primaryimage\"},\"image\":{\"@id\":\"https:\/\/med.estrategia.com\/portal\/conteudos-gratis\/farmacos\/resumo-de-probioticos-riscos-tratamento-e-mais\/#primaryimage\"},\"thumbnailUrl\":\"https:\/\/med.estrategia.com\/portal\/wp-content\/uploads\/2025\/12\/pexels-alicia-harper-3093892-7510940-1.jpg\",\"datePublished\":\"2025-12-22T12:14:58+00:00\",\"dateModified\":\"2025-12-22T12:16:09+00:00\",\"author\":{\"@id\":\"https:\/\/med.estrategia.com\/portal\/#\/schema\/person\/67a72aa9c51ed5919796767d808606b4\"},\"description\":\"Probi\u00f3ticos s\u00e3o microrganismos vivos que, quando administrados em quantidade adequada, podem gerar efeitos cl\u00ednicos ben\u00e9ficos ao hospedeiro.\",\"breadcrumb\":{\"@id\":\"https:\/\/med.estrategia.com\/portal\/conteudos-gratis\/farmacos\/resumo-de-probioticos-riscos-tratamento-e-mais\/#breadcrumb\"},\"inLanguage\":\"pt-BR\",\"potentialAction\":[{\"@type\":\"ReadAction\",\"target\":[\"https:\/\/med.estrategia.com\/portal\/conteudos-gratis\/farmacos\/resumo-de-probioticos-riscos-tratamento-e-mais\/\"]}]},{\"@type\":\"ImageObject\",\"inLanguage\":\"pt-BR\",\"@id\":\"https:\/\/med.estrategia.com\/portal\/conteudos-gratis\/farmacos\/resumo-de-probioticos-riscos-tratamento-e-mais\/#primaryimage\",\"url\":\"https:\/\/med.estrategia.com\/portal\/wp-content\/uploads\/2025\/12\/pexels-alicia-harper-3093892-7510940-1.jpg\",\"contentUrl\":\"https:\/\/med.estrategia.com\/portal\/wp-content\/uploads\/2025\/12\/pexels-alicia-harper-3093892-7510940-1.jpg\",\"width\":1920,\"height\":1281,\"caption\":\"Pexels.\"},{\"@type\":\"BreadcrumbList\",\"@id\":\"https:\/\/med.estrategia.com\/portal\/conteudos-gratis\/farmacos\/resumo-de-probioticos-riscos-tratamento-e-mais\/#breadcrumb\",\"itemListElement\":[{\"@type\":\"ListItem\",\"position\":1,\"name\":\"Home\",\"item\":\"https:\/\/med.estrategia.com\/portal\/\"},{\"@type\":\"ListItem\",\"position\":2,\"name\":\"Conte\u00fados Gr\u00e1tis\",\"item\":\"https:\/\/med.estrategia.com\/portal\/conteudos-gratis\/\"},{\"@type\":\"ListItem\",\"position\":3,\"name\":\"F\u00e1rmacos\",\"item\":\"https:\/\/med.estrategia.com\/portal\/conteudos-gratis\/farmacos\/\"},{\"@type\":\"ListItem\",\"position\":4,\"name\":\"Resumo de Probi\u00f3ticos: indica\u00e7\u00e3o, evid\u00eancias e mais!\"}]},{\"@type\":\"WebSite\",\"@id\":\"https:\/\/med.estrategia.com\/portal\/#website\",\"url\":\"https:\/\/med.estrategia.com\/portal\/\",\"name\":\"Estrat\u00e9gia MED\",\"description\":\"\",\"potentialAction\":[{\"@type\":\"SearchAction\",\"target\":{\"@type\":\"EntryPoint\",\"urlTemplate\":\"https:\/\/med.estrategia.com\/portal\/?s={search_term_string}\"},\"query-input\":{\"@type\":\"PropertyValueSpecification\",\"valueRequired\":true,\"valueName\":\"search_term_string\"}}],\"inLanguage\":\"pt-BR\"},{\"@type\":\"Person\",\"@id\":\"https:\/\/med.estrategia.com\/portal\/#\/schema\/person\/67a72aa9c51ed5919796767d808606b4\",\"name\":\"Pablo Fernandes\",\"image\":{\"@type\":\"ImageObject\",\"inLanguage\":\"pt-BR\",\"@id\":\"https:\/\/med.estrategia.com\/portal\/#\/schema\/person\/image\/\",\"url\":\"https:\/\/med.estrategia.com\/portal\/wp-content\/uploads\/2025\/07\/DSC_0059-1-150x150.jpg\",\"contentUrl\":\"https:\/\/med.estrategia.com\/portal\/wp-content\/uploads\/2025\/07\/DSC_0059-1-150x150.jpg\",\"caption\":\"Pablo Fernandes\"},\"description\":\"R1 em Medicina de Fam\u00edlia e Comunidade, mineiro e apaixonado por Jesus.\",\"sameAs\":[\"https:\/\/www.instagram.com\/pablowiil\/\"],\"url\":\"https:\/\/med.estrategia.com\/portal\/author\/pablo-souza\/\"}]}<\/script>\n<!-- \/ Yoast SEO Premium plugin. -->","yoast_head_json":{"title":"Resumo de Probi\u00f3ticos: indica\u00e7\u00e3o, evid\u00eancias e mais!","description":"Probi\u00f3ticos s\u00e3o microrganismos vivos que, quando administrados em quantidade adequada, podem gerar efeitos cl\u00ednicos ben\u00e9ficos ao hospedeiro.","robots":{"index":"index","follow":"follow","max-snippet":"max-snippet:-1","max-image-preview":"max-image-preview:large","max-video-preview":"max-video-preview:-1"},"canonical":"https:\/\/med.estrategia.com\/portal\/conteudos-gratis\/farmacos\/resumo-de-probioticos-riscos-tratamento-e-mais\/","og_locale":"pt_BR","og_type":"article","og_title":"Resumo de Probi\u00f3ticos: indica\u00e7\u00e3o, evid\u00eancias e mais!","og_description":"Probi\u00f3ticos s\u00e3o microrganismos vivos que, quando administrados em quantidade adequada, podem gerar efeitos cl\u00ednicos ben\u00e9ficos ao hospedeiro.","og_url":"https:\/\/med.estrategia.com\/portal\/conteudos-gratis\/farmacos\/resumo-de-probioticos-riscos-tratamento-e-mais\/","og_site_name":"Estrat\u00e9gia MED","article_publisher":"https:\/\/www.facebook.com\/estrategiamed1","article_published_time":"2025-12-22T12:14:58+00:00","article_modified_time":"2025-12-22T12:16:09+00:00","og_image":[{"width":1920,"height":1281,"url":"https:\/\/med.estrategia.com\/portal\/wp-content\/uploads\/2025\/12\/pexels-alicia-harper-3093892-7510940-1.jpg","type":"image\/jpeg"}],"author":"Pablo Fernandes","twitter_card":"summary_large_image","twitter_creator":"@estrategiamed_","twitter_site":"@estrategiamed_","twitter_misc":{"Escrito por":"Pablo Fernandes","Est. tempo de leitura":"9 minutos"},"schema":{"@context":"https:\/\/schema.org","@graph":[{"@type":"WebPage","@id":"https:\/\/med.estrategia.com\/portal\/conteudos-gratis\/farmacos\/resumo-de-probioticos-riscos-tratamento-e-mais\/","url":"https:\/\/med.estrategia.com\/portal\/conteudos-gratis\/farmacos\/resumo-de-probioticos-riscos-tratamento-e-mais\/","name":"Resumo de Probi\u00f3ticos: indica\u00e7\u00e3o, evid\u00eancias e mais!","isPartOf":{"@id":"https:\/\/med.estrategia.com\/portal\/#website"},"primaryImageOfPage":{"@id":"https:\/\/med.estrategia.com\/portal\/conteudos-gratis\/farmacos\/resumo-de-probioticos-riscos-tratamento-e-mais\/#primaryimage"},"image":{"@id":"https:\/\/med.estrategia.com\/portal\/conteudos-gratis\/farmacos\/resumo-de-probioticos-riscos-tratamento-e-mais\/#primaryimage"},"thumbnailUrl":"https:\/\/med.estrategia.com\/portal\/wp-content\/uploads\/2025\/12\/pexels-alicia-harper-3093892-7510940-1.jpg","datePublished":"2025-12-22T12:14:58+00:00","dateModified":"2025-12-22T12:16:09+00:00","author":{"@id":"https:\/\/med.estrategia.com\/portal\/#\/schema\/person\/67a72aa9c51ed5919796767d808606b4"},"description":"Probi\u00f3ticos s\u00e3o microrganismos vivos que, quando administrados em quantidade adequada, podem gerar efeitos cl\u00ednicos ben\u00e9ficos ao hospedeiro.","breadcrumb":{"@id":"https:\/\/med.estrategia.com\/portal\/conteudos-gratis\/farmacos\/resumo-de-probioticos-riscos-tratamento-e-mais\/#breadcrumb"},"inLanguage":"pt-BR","potentialAction":[{"@type":"ReadAction","target":["https:\/\/med.estrategia.com\/portal\/conteudos-gratis\/farmacos\/resumo-de-probioticos-riscos-tratamento-e-mais\/"]}]},{"@type":"ImageObject","inLanguage":"pt-BR","@id":"https:\/\/med.estrategia.com\/portal\/conteudos-gratis\/farmacos\/resumo-de-probioticos-riscos-tratamento-e-mais\/#primaryimage","url":"https:\/\/med.estrategia.com\/portal\/wp-content\/uploads\/2025\/12\/pexels-alicia-harper-3093892-7510940-1.jpg","contentUrl":"https:\/\/med.estrategia.com\/portal\/wp-content\/uploads\/2025\/12\/pexels-alicia-harper-3093892-7510940-1.jpg","width":1920,"height":1281,"caption":"Pexels."},{"@type":"BreadcrumbList","@id":"https:\/\/med.estrategia.com\/portal\/conteudos-gratis\/farmacos\/resumo-de-probioticos-riscos-tratamento-e-mais\/#breadcrumb","itemListElement":[{"@type":"ListItem","position":1,"name":"Home","item":"https:\/\/med.estrategia.com\/portal\/"},{"@type":"ListItem","position":2,"name":"Conte\u00fados Gr\u00e1tis","item":"https:\/\/med.estrategia.com\/portal\/conteudos-gratis\/"},{"@type":"ListItem","position":3,"name":"F\u00e1rmacos","item":"https:\/\/med.estrategia.com\/portal\/conteudos-gratis\/farmacos\/"},{"@type":"ListItem","position":4,"name":"Resumo de Probi\u00f3ticos: indica\u00e7\u00e3o, evid\u00eancias e mais!"}]},{"@type":"WebSite","@id":"https:\/\/med.estrategia.com\/portal\/#website","url":"https:\/\/med.estrategia.com\/portal\/","name":"Estrat\u00e9gia MED","description":"","potentialAction":[{"@type":"SearchAction","target":{"@type":"EntryPoint","urlTemplate":"https:\/\/med.estrategia.com\/portal\/?s={search_term_string}"},"query-input":{"@type":"PropertyValueSpecification","valueRequired":true,"valueName":"search_term_string"}}],"inLanguage":"pt-BR"},{"@type":"Person","@id":"https:\/\/med.estrategia.com\/portal\/#\/schema\/person\/67a72aa9c51ed5919796767d808606b4","name":"Pablo Fernandes","image":{"@type":"ImageObject","inLanguage":"pt-BR","@id":"https:\/\/med.estrategia.com\/portal\/#\/schema\/person\/image\/","url":"https:\/\/med.estrategia.com\/portal\/wp-content\/uploads\/2025\/07\/DSC_0059-1-150x150.jpg","contentUrl":"https:\/\/med.estrategia.com\/portal\/wp-content\/uploads\/2025\/07\/DSC_0059-1-150x150.jpg","caption":"Pablo Fernandes"},"description":"R1 em Medicina de Fam\u00edlia e Comunidade, mineiro e apaixonado por Jesus.","sameAs":["https:\/\/www.instagram.com\/pablowiil\/"],"url":"https:\/\/med.estrategia.com\/portal\/author\/pablo-souza\/"}]}},"_wl_alt_label":[],"wl:entity_url":"\/post\/resumo-de-probioticos-riscos-tratamento-e-mais","_links":{"self":[{"href":"https:\/\/med.estrategia.com\/portal\/wp-json\/wp\/v2\/posts\/104329","targetHints":{"allow":["GET"]}}],"collection":[{"href":"https:\/\/med.estrategia.com\/portal\/wp-json\/wp\/v2\/posts"}],"about":[{"href":"https:\/\/med.estrategia.com\/portal\/wp-json\/wp\/v2\/types\/post"}],"author":[{"embeddable":true,"href":"https:\/\/med.estrategia.com\/portal\/wp-json\/wp\/v2\/users\/46"}],"replies":[{"embeddable":true,"href":"https:\/\/med.estrategia.com\/portal\/wp-json\/wp\/v2\/comments?post=104329"}],"version-history":[{"count":2,"href":"https:\/\/med.estrategia.com\/portal\/wp-json\/wp\/v2\/posts\/104329\/revisions"}],"predecessor-version":[{"id":104332,"href":"https:\/\/med.estrategia.com\/portal\/wp-json\/wp\/v2\/posts\/104329\/revisions\/104332"}],"wp:featuredmedia":[{"embeddable":true,"href":"https:\/\/med.estrategia.com\/portal\/wp-json\/wp\/v2\/media\/104330"}],"wp:attachment":[{"href":"https:\/\/med.estrategia.com\/portal\/wp-json\/wp\/v2\/media?parent=104329"}],"wp:term":[{"taxonomy":"category","embeddable":true,"href":"https:\/\/med.estrategia.com\/portal\/wp-json\/wp\/v2\/categories?post=104329"},{"taxonomy":"post_tag","embeddable":true,"href":"https:\/\/med.estrategia.com\/portal\/wp-json\/wp\/v2\/tags?post=104329"},{"taxonomy":"wl_entity_type","embeddable":true,"href":"https:\/\/med.estrategia.com\/portal\/wp-json\/wp\/v2\/wl_entity_type?post=104329"}],"curies":[{"name":"wp","href":"https:\/\/api.w.org\/{rel}","templated":true}]}}