{"id":106038,"date":"2026-01-26T15:51:06","date_gmt":"2026-01-26T18:51:06","guid":{"rendered":"https:\/\/med.estrategia.com\/portal\/?p=106038"},"modified":"2026-01-26T15:52:20","modified_gmt":"2026-01-26T18:52:20","slug":"portaria-do-ms-inclui-anomalias-congenitas-na-lista-de-notificacoes-compulsorias","status":"publish","type":"post","link":"https:\/\/med.estrategia.com\/portal\/noticias\/portaria-do-ms-inclui-anomalias-congenitas-na-lista-de-notificacoes-compulsorias\/","title":{"rendered":"Portaria do MS inclui anomalias cong\u00eanitas na lista de notifica\u00e7\u00f5es compuls\u00f3rias"},"content":{"rendered":"<p>A <strong>Lista Nacional de Notifica&ccedil;&atilde;o Compuls&oacute;ria de doen&ccedil;as, agravos e eventos de sa&uacute;de p&uacute;blica<\/strong> foi atualizada pela <strong>Portaria GM\/MS n&ordm; 10.175<\/strong>, publicada no <strong>Di&aacute;rio Oficial da Uni&atilde;o<\/strong> desta segunda-feira (26). A norma altera o Anexo 1 do Anexo V da Portaria de Consolida&ccedil;&atilde;o GM\/MS n&ordm; 4\/2017 para incluir as <strong>anomalias cong&ecirc;nitas<\/strong> como nova notifica&ccedil;&atilde;o obrigat&oacute;ria em todo o pa&iacute;s. Clique no bot&atilde;o abaixo para conferir a portaria na &iacute;ntegra:<div class=\"wp-block-buttons is-content-justification-center is-layout-flex wp-container-core-buttons-is-layout-1 wp-block-buttons-is-layout-flex\">\n<div class=\"wp-block-button\"><a class=\"wp-block-button__link wp-element-button\" href=\"https:\/\/med.estrategia.com\/portal\/wp-content\/uploads\/2026\/01\/PORTARIA-GM_MS-No-10.175-DE-23-DE-JANEIRO-DE-2026-PORTARIA-GM_MS-No-10.175-DE-23-DE-JANEIRO-DE-2026-DOU-Imprensa-Nacional.pdf\" target=\"_blank\">Portaria GM\/MS n&ordm; 10.175<\/a><\/div>\n<\/div><p>A nova portaria determina que as <strong>anomalias cong&ecirc;nitas<\/strong> passem a integrar a Lista Nacional de Notifica&ccedil;&atilde;o Compuls&oacute;ria, no item 4 da rela&ccedil;&atilde;o oficial utilizada pelos servi&ccedil;os de sa&uacute;de p&uacute;blicos e privados. A inclus&atilde;o significa que <strong>casos identificados dever&atilde;o ser notificados aos sistemas de vigil&acirc;ncia epidemiol&oacute;gica<\/strong>, com <strong>periodicidade semanal<\/strong>, da mesma forma que outros eventos j&aacute; monitorados. A medida entrou em vigor na mesmo data da publica&ccedil;&atilde;o e ajusta o anexo que orienta a rotina de registro e envio de dados para Minist&eacute;rio da Sa&uacute;de, secretarias estaduais e municipais.<\/p><p>\n\n\n<div id=\"new-form\">\n\t<form id=\"forms_layout\">\n\t<input type=\"hidden\" id=\"chave_de\" name=\"chave_de\" value=\"01_EMED_LEADS_TOTAIS\" \/>\n\t\t<input type=\"hidden\" id=\"mid\" name=\"mid\" value=\"515009018\" \/>\n\t\t<input type=\"hidden\" id=\"Objetivo\" name=\"Objetivo\" value=\"Medicina\" \/>\n\t\t<input type=\"hidden\" id=\"Estado_de_Origem_do_IP\" name=\"Estado_de_Origem_do_IP\"  value=\"\" \/>\n\t\t<input type=\"hidden\" id=\"Cidade_de_Origem_do_IP\" name=\"Cidade_de_Origem_do_IP\" value=\"\" \/>\n\t\t<input type=\"hidden\" id=\"Modo_de_entrada\" name=\"Modo_de_entrada\" value=\"Portal\" \/>\n\t\t<input type=\"hidden\" id=\"Pagina_Origem\" name=\"Pagina_Origem\" value=\"\" \/>\n\n\t\t<div class=\"texto\">\n\t\t\t<div id=\"ez-toc-container\" class=\"ez-toc-v2_0_79_2 counter-hierarchy ez-toc-counter ez-toc-transparent ez-toc-container-direction\">\n<div class=\"ez-toc-title-container\"><p class=\"ez-toc-title\" style=\"cursor:inherit\">Navegue pelo conte\u00fado<\/p>\n<\/div><nav><ul class='ez-toc-list ez-toc-list-level-1 ' ><ul class='ez-toc-list-level-3' ><li class='ez-toc-heading-level-3'><a class=\"ez-toc-link ez-toc-heading-1\" href=\"https:\/\/med.estrategia.com\/portal\/noticias\/portaria-do-ms-inclui-anomalias-congenitas-na-lista-de-notificacoes-compulsorias\/#Inscreva-se-em-nossa-newsletter\" >Inscreva-se em nossa newsletter!<\/a><\/li><\/ul><\/li><li class='ez-toc-page-1 ez-toc-heading-level-2'><a class=\"ez-toc-link ez-toc-heading-2\" href=\"https:\/\/med.estrategia.com\/portal\/noticias\/portaria-do-ms-inclui-anomalias-congenitas-na-lista-de-notificacoes-compulsorias\/#Lista-Nacional-de-Notificacao-Compulsoria-atualizada\" >Lista Nacional de Notifica&ccedil;&atilde;o Compuls&oacute;ria atualizada<\/a><\/li><\/ul><\/nav><\/div>\n<h3 class=\"news\"><span class=\"ez-toc-section\" id=\"Inscreva-se-em-nossa-newsletter\"><\/span>Inscreva-se em nossa newsletter!<span class=\"ez-toc-section-end\"><\/span><\/h3>\n\t\t\t<p>Receba not\u00edcias sobre resid\u00eancia m\u00e9dica, revalida\u00e7\u00e3o de diplomas e concursos m\u00e9dicos, al\u00e9m de materiais de estudo gratuitos e informa\u00e7\u00f5es relevantes do mundo da Medicina.<\/p>\n\t\t<\/div>\n\t\t<div class=\"campos\">\n\t\t\t<div class=\"first_name labels\">\n\t\t\t\t<input type=\"text\" class=\"input_labels\" id=\"first_name\" name=\"Nome_Completo\" placeholder=\"Nome\" required \/>\n\t\t\t<\/div>\n\t\t\t<div class=\"email labels\">\n\t\t\t\t<input type=\"email\" class=\"input_labels\" id=\"email\" name=\"Email\" placeholder=\"E-mail\" required \/>\n\t\t\t<\/div>\n\t\t\t<button type=\"submit\" class=\"button_layout\">\n\t\t\t\t<div id=\"lblBotao\">Inscreva-se<\/div>\n\t\t\t\t<span id=\"divSpiner\" class=\"loader\" role=\"status\" style=\"display: none;\"><\/span>\t\n\t\t\t<\/button>\n\t\t<\/div><!-- \/campos -->\n\t\t\n\t\t<label class=\"container_checkbox\">Voc\u00ea concorda com a nossa\n\t\t\t<a class=\"politics_privacy_ahref\" target=\"_blank\" href=\"https:\/\/gratis.estrategiaconcursos.com.br\/politica-de-privacidade\/\">Pol\u00edtica de Privacidade<\/a> e aceita receber informa\u00e7\u00f5es adicionais do Estrat\u00e9gia Educacional.\n\t\t\t<input id=\"checkbox_layout\" type=\"checkbox\" checked=\"checked\" required \/>\n\t\t\t<span class=\"checkbox\"><\/span>\n\t\t<\/label>\n\t\t<div id=\"msg\"><\/div>\n\t\t<div id=\"error\" class=\"error\">\n\t\t<\/div>\n\t<\/form>\n<\/div><!-- \/new-form -->\n\n\n\n<\/p><h2 class=\"wp-block-heading\" id=\"lista-nacional-de-notificao-compulsria-atualizada\"><span class=\"ez-toc-section\" id=\"Lista-Nacional-de-Notificacao-Compulsoria-atualizada\"><\/span>Lista Nacional de Notifica&ccedil;&atilde;o Compuls&oacute;ria atualizada<span class=\"ez-toc-section-end\"><\/span><\/h2><p>Abaixo, a tabela atualizada da Lista Nacional de Notifica&ccedil;&atilde;o Compuls&oacute;ria de Doen&ccedil;as, Agravos e Eventos de Sa&uacute;de P&uacute;blica, conforme o Anexo da Portaria GM\/MS n&ordm; 10.175\/2026.<\/p><figure class=\"wp-block-table is-style-stripes\"><table class=\"has-fixed-layout\"><tbody><tr><td class=\"has-text-align-center\" data-align=\"center\"><strong>N&ordm;<\/strong><\/td><td><strong>DOEN&Ccedil;A OU AGRAVO (Ordem alfab&eacute;tica)<\/strong><\/td><td class=\"has-text-align-center\" data-align=\"center\" colspan=\"4\"><strong>Periodicidade de notifica&ccedil;&atilde;o<\/strong><\/td><\/tr><tr><td class=\"has-text-align-center\" data-align=\"center\"><\/td><td><\/td><td class=\"has-text-align-center\" data-align=\"center\" colspan=\"3\"><strong>Imediata (at&eacute; 24 horas) para*<\/strong><\/td><td class=\"has-text-align-center\" data-align=\"center\"><strong>Semanal<\/strong><\/td><\/tr><tr><td class=\"has-text-align-center\" data-align=\"center\"><\/td><td><\/td><td class=\"has-text-align-center\" data-align=\"center\"><strong>MS<\/strong><\/td><td class=\"has-text-align-center\" data-align=\"center\"><strong>SES<\/strong><\/td><td class=\"has-text-align-center\" data-align=\"center\"><strong>SMS<\/strong><\/td><td class=\"has-text-align-center\" data-align=\"center\"><\/td><\/tr><tr><td class=\"has-text-align-center\" data-align=\"center\">1<\/td><td>a. Acidente de trabalho com exposi&ccedil;&atilde;o a material biol&oacute;gico<\/td><td class=\"has-text-align-center\" data-align=\"center\"><\/td><td class=\"has-text-align-center\" data-align=\"center\"><\/td><td class=\"has-text-align-center\" data-align=\"center\"><\/td><td class=\"has-text-align-center\" data-align=\"center\">X<\/td><\/tr><tr><td class=\"has-text-align-center\" data-align=\"center\"><\/td><td>b. Acidente de trabalho<\/td><td class=\"has-text-align-center\" data-align=\"center\"><\/td><td class=\"has-text-align-center\" data-align=\"center\"><\/td><td class=\"has-text-align-center\" data-align=\"center\">X<\/td><td class=\"has-text-align-center\" data-align=\"center\"><\/td><\/tr><tr><td class=\"has-text-align-center\" data-align=\"center\">2<\/td><td>Acidente por animal pe&ccedil;onhento<\/td><td class=\"has-text-align-center\" data-align=\"center\"><\/td><td class=\"has-text-align-center\" data-align=\"center\"><\/td><td class=\"has-text-align-center\" data-align=\"center\">X<\/td><td class=\"has-text-align-center\" data-align=\"center\"><\/td><\/tr><tr><td class=\"has-text-align-center\" data-align=\"center\">3<\/td><td>Acidente por animal potencialmente transmissor da raiva<\/td><td class=\"has-text-align-center\" data-align=\"center\"><\/td><td class=\"has-text-align-center\" data-align=\"center\"><\/td><td class=\"has-text-align-center\" data-align=\"center\">X<\/td><td class=\"has-text-align-center\" data-align=\"center\"><\/td><\/tr><tr><td class=\"has-text-align-center\" data-align=\"center\">4<\/td><td>Anomalias cong&ecirc;nitas<\/td><td class=\"has-text-align-center\" data-align=\"center\"><\/td><td class=\"has-text-align-center\" data-align=\"center\"><\/td><td class=\"has-text-align-center\" data-align=\"center\"><\/td><td class=\"has-text-align-center\" data-align=\"center\">X<\/td><\/tr><tr><td class=\"has-text-align-center\" data-align=\"center\">5<\/td><td>Botulismo<\/td><td class=\"has-text-align-center\" data-align=\"center\">X<\/td><td class=\"has-text-align-center\" data-align=\"center\">X<\/td><td class=\"has-text-align-center\" data-align=\"center\">X<\/td><td class=\"has-text-align-center\" data-align=\"center\"><\/td><\/tr><tr><td class=\"has-text-align-center\" data-align=\"center\">6<\/td><td>C&acirc;ncer relacionado ao trabalho<\/td><td class=\"has-text-align-center\" data-align=\"center\"><\/td><td class=\"has-text-align-center\" data-align=\"center\"><\/td><td class=\"has-text-align-center\" data-align=\"center\"><\/td><td class=\"has-text-align-center\" data-align=\"center\">X<\/td><\/tr><tr><td class=\"has-text-align-center\" data-align=\"center\">7<\/td><td>C&oacute;lera<\/td><td class=\"has-text-align-center\" data-align=\"center\">X<\/td><td class=\"has-text-align-center\" data-align=\"center\">X<\/td><td class=\"has-text-align-center\" data-align=\"center\">X<\/td><td class=\"has-text-align-center\" data-align=\"center\"><\/td><\/tr><tr><td class=\"has-text-align-center\" data-align=\"center\">8<\/td><td>Coqueluche<\/td><td class=\"has-text-align-center\" data-align=\"center\"><\/td><td class=\"has-text-align-center\" data-align=\"center\">X<\/td><td class=\"has-text-align-center\" data-align=\"center\">X<\/td><td class=\"has-text-align-center\" data-align=\"center\"><\/td><\/tr><tr><td class=\"has-text-align-center\" data-align=\"center\">9<\/td><td>Covid-19<\/td><td class=\"has-text-align-center\" data-align=\"center\">X<\/td><td class=\"has-text-align-center\" data-align=\"center\">X<\/td><td class=\"has-text-align-center\" data-align=\"center\">X<\/td><td class=\"has-text-align-center\" data-align=\"center\"><\/td><\/tr><tr><td class=\"has-text-align-center\" data-align=\"center\">10<\/td><td>a. Dengue &ndash; Casos<\/td><td class=\"has-text-align-center\" data-align=\"center\"><\/td><td class=\"has-text-align-center\" data-align=\"center\"><\/td><td class=\"has-text-align-center\" data-align=\"center\"><\/td><td class=\"has-text-align-center\" data-align=\"center\">X<\/td><\/tr><tr><td class=\"has-text-align-center\" data-align=\"center\"><\/td><td>b. Dengue &ndash; &Oacute;bitos<\/td><td class=\"has-text-align-center\" data-align=\"center\">X<\/td><td class=\"has-text-align-center\" data-align=\"center\">X<\/td><td class=\"has-text-align-center\" data-align=\"center\">X<\/td><td class=\"has-text-align-center\" data-align=\"center\"><\/td><\/tr><tr><td class=\"has-text-align-center\" data-align=\"center\">11<\/td><td>Dermatose ocupacionais<\/td><td class=\"has-text-align-center\" data-align=\"center\"><\/td><td class=\"has-text-align-center\" data-align=\"center\"><\/td><td class=\"has-text-align-center\" data-align=\"center\"><\/td><td class=\"has-text-align-center\" data-align=\"center\">X<\/td><\/tr><tr><td class=\"has-text-align-center\" data-align=\"center\">12<\/td><td>Difteria<\/td><td class=\"has-text-align-center\" data-align=\"center\"><\/td><td class=\"has-text-align-center\" data-align=\"center\">X<\/td><td class=\"has-text-align-center\" data-align=\"center\">X<\/td><td class=\"has-text-align-center\" data-align=\"center\"><\/td><\/tr><tr><td class=\"has-text-align-center\" data-align=\"center\">13<\/td><td>Dist&uacute;rbio de voz relacionado ao trabalho<\/td><td class=\"has-text-align-center\" data-align=\"center\"><\/td><td class=\"has-text-align-center\" data-align=\"center\"><\/td><td class=\"has-text-align-center\" data-align=\"center\"><\/td><td class=\"has-text-align-center\" data-align=\"center\">X<\/td><\/tr><tr><td class=\"has-text-align-center\" data-align=\"center\">14<\/td><td>a. Doen&ccedil;a de Chagas Aguda<\/td><td class=\"has-text-align-center\" data-align=\"center\"><\/td><td class=\"has-text-align-center\" data-align=\"center\">X<\/td><td class=\"has-text-align-center\" data-align=\"center\">X<\/td><td class=\"has-text-align-center\" data-align=\"center\"><\/td><\/tr><tr><td class=\"has-text-align-center\" data-align=\"center\"><\/td><td>b. Doen&ccedil;a de Chagas Cr&ocirc;nica<\/td><td class=\"has-text-align-center\" data-align=\"center\"><\/td><td class=\"has-text-align-center\" data-align=\"center\"><\/td><td class=\"has-text-align-center\" data-align=\"center\"><\/td><td class=\"has-text-align-center\" data-align=\"center\">X<\/td><\/tr><tr><td class=\"has-text-align-center\" data-align=\"center\">15<\/td><td>Doen&ccedil;a de Creutzfeldt-Jakob (DCJ)<\/td><td class=\"has-text-align-center\" data-align=\"center\"><\/td><td class=\"has-text-align-center\" data-align=\"center\"><\/td><td class=\"has-text-align-center\" data-align=\"center\"><\/td><td class=\"has-text-align-center\" data-align=\"center\">X<\/td><\/tr><tr><td class=\"has-text-align-center\" data-align=\"center\">16<\/td><td>Doen&ccedil;a Falciforme<\/td><td class=\"has-text-align-center\" data-align=\"center\"><\/td><td class=\"has-text-align-center\" data-align=\"center\"><\/td><td class=\"has-text-align-center\" data-align=\"center\"><\/td><td class=\"has-text-align-center\" data-align=\"center\">X<\/td><\/tr><tr><td class=\"has-text-align-center\" data-align=\"center\">17<\/td><td>a. Doen&ccedil;a Invasiva por &ldquo;Haemophilus Influenza&rdquo;<\/td><td class=\"has-text-align-center\" data-align=\"center\"><\/td><td class=\"has-text-align-center\" data-align=\"center\">X<\/td><td class=\"has-text-align-center\" data-align=\"center\">X<\/td><td class=\"has-text-align-center\" data-align=\"center\"><\/td><\/tr><tr><td class=\"has-text-align-center\" data-align=\"center\"><\/td><td>b. Doen&ccedil;a Meningoc&oacute;cica e outras meningites<\/td><td class=\"has-text-align-center\" data-align=\"center\"><\/td><td class=\"has-text-align-center\" data-align=\"center\">X<\/td><td class=\"has-text-align-center\" data-align=\"center\">X<\/td><td class=\"has-text-align-center\" data-align=\"center\"><\/td><\/tr><tr><td class=\"has-text-align-center\" data-align=\"center\">18<\/td><td>Doen&ccedil;as com suspeita de dissemina&ccedil;&atilde;o intencional:a. Antraz pneum&ocirc;nicob. Tularemiac. Var&iacute;ola<\/td><td class=\"has-text-align-center\" data-align=\"center\">X<\/td><td class=\"has-text-align-center\" data-align=\"center\">X<\/td><td class=\"has-text-align-center\" data-align=\"center\">X<\/td><td class=\"has-text-align-center\" data-align=\"center\"><\/td><\/tr><tr><td class=\"has-text-align-center\" data-align=\"center\">19<\/td><td>Doen&ccedil;as febris hemorr&aacute;gicas emergentes\/ reemergentes:a. Arenav&iacute;rusb. Ebola<\/td><td class=\"has-text-align-center\" data-align=\"center\">X<\/td><td class=\"has-text-align-center\" data-align=\"center\">X<\/td><td class=\"has-text-align-center\" data-align=\"center\">X<\/td><td class=\"has-text-align-center\" data-align=\"center\"><\/td><\/tr><tr><td class=\"has-text-align-center\" data-align=\"center\"><\/td><td>c. Marburgd. Lassae. Febre purp&uacute;rica brasileira<\/td><td class=\"has-text-align-center\" data-align=\"center\"><\/td><td class=\"has-text-align-center\" data-align=\"center\"><\/td><td class=\"has-text-align-center\" data-align=\"center\"><\/td><td class=\"has-text-align-center\" data-align=\"center\"><\/td><\/tr><tr><td class=\"has-text-align-center\" data-align=\"center\">20<\/td><td>a. Doen&ccedil;a aguda pelo v&iacute;rus Zika<\/td><td class=\"has-text-align-center\" data-align=\"center\"><\/td><td class=\"has-text-align-center\" data-align=\"center\"><\/td><td class=\"has-text-align-center\" data-align=\"center\"><\/td><td class=\"has-text-align-center\" data-align=\"center\">X<\/td><\/tr><tr><td class=\"has-text-align-center\" data-align=\"center\"><\/td><td>b. Doen&ccedil;a aguda pelo v&iacute;rus Zika em gestante<\/td><td class=\"has-text-align-center\" data-align=\"center\"><\/td><td class=\"has-text-align-center\" data-align=\"center\">X<\/td><td class=\"has-text-align-center\" data-align=\"center\">X<\/td><td class=\"has-text-align-center\" data-align=\"center\"><\/td><\/tr><tr><td class=\"has-text-align-center\" data-align=\"center\"><\/td><td>c. &Oacute;bito com suspeita de doen&ccedil;a pelo v&iacute;rus Zika<\/td><td class=\"has-text-align-center\" data-align=\"center\">X<\/td><td class=\"has-text-align-center\" data-align=\"center\">X<\/td><td class=\"has-text-align-center\" data-align=\"center\">X<\/td><td class=\"has-text-align-center\" data-align=\"center\"><\/td><\/tr><tr><td class=\"has-text-align-center\" data-align=\"center\"><\/td><td>d. S&iacute;ndrome cong&ecirc;nita associada &agrave; infec&ccedil;&atilde;o pelo v&iacute;rus Zika<\/td><td class=\"has-text-align-center\" data-align=\"center\"><\/td><td class=\"has-text-align-center\" data-align=\"center\"><\/td><td class=\"has-text-align-center\" data-align=\"center\"><\/td><td class=\"has-text-align-center\" data-align=\"center\">X<\/td><\/tr><tr><td class=\"has-text-align-center\" data-align=\"center\">21<\/td><td>Esporotricose humana<\/td><td class=\"has-text-align-center\" data-align=\"center\"><\/td><td class=\"has-text-align-center\" data-align=\"center\"><\/td><td class=\"has-text-align-center\" data-align=\"center\"><\/td><td class=\"has-text-align-center\" data-align=\"center\">X<\/td><\/tr><tr><td class=\"has-text-align-center\" data-align=\"center\">22<\/td><td>Esquistossomose<\/td><td class=\"has-text-align-center\" data-align=\"center\"><\/td><td class=\"has-text-align-center\" data-align=\"center\"><\/td><td class=\"has-text-align-center\" data-align=\"center\"><\/td><td class=\"has-text-align-center\" data-align=\"center\">X<\/td><\/tr><tr><td class=\"has-text-align-center\" data-align=\"center\">23<\/td><td>Evento de Sa&uacute;de P&uacute;blica (ESP) que se constitua amea&ccedil;a &agrave; sa&uacute;de p&uacute;blica (ver defini&ccedil;&atilde;o no art. 2&ordm; desta portaria)<\/td><td class=\"has-text-align-center\" data-align=\"center\">X<\/td><td class=\"has-text-align-center\" data-align=\"center\">X<\/td><td class=\"has-text-align-center\" data-align=\"center\">X<\/td><td class=\"has-text-align-center\" data-align=\"center\"><\/td><\/tr><tr><td class=\"has-text-align-center\" data-align=\"center\">24<\/td><td>Eventos adversos graves ou &oacute;bitos p&oacute;s vacina&ccedil;&atilde;o<\/td><td class=\"has-text-align-center\" data-align=\"center\">X<\/td><td class=\"has-text-align-center\" data-align=\"center\">X<\/td><td class=\"has-text-align-center\" data-align=\"center\">X<\/td><td class=\"has-text-align-center\" data-align=\"center\"><\/td><\/tr><tr><td class=\"has-text-align-center\" data-align=\"center\">25<\/td><td>Febre Amarela<\/td><td class=\"has-text-align-center\" data-align=\"center\">X<\/td><td class=\"has-text-align-center\" data-align=\"center\">X<\/td><td class=\"has-text-align-center\" data-align=\"center\">X<\/td><td class=\"has-text-align-center\" data-align=\"center\"><\/td><\/tr><tr><td class=\"has-text-align-center\" data-align=\"center\">26<\/td><td>a. Febre de Chikungunya<\/td><td class=\"has-text-align-center\" data-align=\"center\"><\/td><td class=\"has-text-align-center\" data-align=\"center\"><\/td><td class=\"has-text-align-center\" data-align=\"center\"><\/td><td class=\"has-text-align-center\" data-align=\"center\">X<\/td><\/tr><tr><td class=\"has-text-align-center\" data-align=\"center\"><\/td><td>b. Febre de Chikungunya em &aacute;reas sem transmiss&atilde;o<\/td><td class=\"has-text-align-center\" data-align=\"center\">X<\/td><td class=\"has-text-align-center\" data-align=\"center\">X<\/td><td class=\"has-text-align-center\" data-align=\"center\">X<\/td><td class=\"has-text-align-center\" data-align=\"center\"><\/td><\/tr><tr><td class=\"has-text-align-center\" data-align=\"center\"><\/td><td>c. &Oacute;bito com suspeita de Febre de Chikungunya<\/td><td class=\"has-text-align-center\" data-align=\"center\">X<\/td><td class=\"has-text-align-center\" data-align=\"center\">X<\/td><td class=\"has-text-align-center\" data-align=\"center\">X<\/td><td class=\"has-text-align-center\" data-align=\"center\"><\/td><\/tr><tr><td class=\"has-text-align-center\" data-align=\"center\">27<\/td><td>Febre do Nilo Ocidental e outras arboviroses de import&acirc;ncia em sa&uacute;de p&uacute;blica<\/td><td class=\"has-text-align-center\" data-align=\"center\">X<\/td><td class=\"has-text-align-center\" data-align=\"center\">X<\/td><td class=\"has-text-align-center\" data-align=\"center\">X<\/td><td class=\"has-text-align-center\" data-align=\"center\"><\/td><\/tr><tr><td class=\"has-text-align-center\" data-align=\"center\">28<\/td><td>Febre Maculosa e outras Riquetisioses<\/td><td class=\"has-text-align-center\" data-align=\"center\">X<\/td><td class=\"has-text-align-center\" data-align=\"center\">X<\/td><td class=\"has-text-align-center\" data-align=\"center\">X<\/td><td class=\"has-text-align-center\" data-align=\"center\"><\/td><\/tr><tr><td class=\"has-text-align-center\" data-align=\"center\">29<\/td><td>Febre Tifoide<\/td><td class=\"has-text-align-center\" data-align=\"center\"><\/td><td class=\"has-text-align-center\" data-align=\"center\">X<\/td><td class=\"has-text-align-center\" data-align=\"center\">X<\/td><td class=\"has-text-align-center\" data-align=\"center\"><\/td><\/tr><tr><td class=\"has-text-align-center\" data-align=\"center\">30<\/td><td>Hansen&iacute;ase<\/td><td class=\"has-text-align-center\" data-align=\"center\"><\/td><td class=\"has-text-align-center\" data-align=\"center\"><\/td><td class=\"has-text-align-center\" data-align=\"center\"><\/td><td class=\"has-text-align-center\" data-align=\"center\">X<\/td><\/tr><tr><td class=\"has-text-align-center\" data-align=\"center\">31<\/td><td>Hantavirose<\/td><td class=\"has-text-align-center\" data-align=\"center\">X<\/td><td class=\"has-text-align-center\" data-align=\"center\">X<\/td><td class=\"has-text-align-center\" data-align=\"center\">X<\/td><td class=\"has-text-align-center\" data-align=\"center\"><\/td><\/tr><tr><td class=\"has-text-align-center\" data-align=\"center\">32<\/td><td>Hepatites virais<\/td><td class=\"has-text-align-center\" data-align=\"center\"><\/td><td class=\"has-text-align-center\" data-align=\"center\"><\/td><td class=\"has-text-align-center\" data-align=\"center\"><\/td><td class=\"has-text-align-center\" data-align=\"center\">X<\/td><\/tr><tr><td class=\"has-text-align-center\" data-align=\"center\">33<\/td><td>Infec&ccedil;&atilde;o pelo v&iacute;rus da hepatite B em gestante, parturiente ou pu&eacute;rpera e Crian&ccedil;a exposta ao risco de transmiss&atilde;o vertical da hepatite B<\/td><td class=\"has-text-align-center\" data-align=\"center\"><\/td><td class=\"has-text-align-center\" data-align=\"center\"><\/td><td class=\"has-text-align-center\" data-align=\"center\"><\/td><td class=\"has-text-align-center\" data-align=\"center\">X<\/td><\/tr><tr><td class=\"has-text-align-center\" data-align=\"center\">34<\/td><td>HIV\/AIDS &ndash; Infec&ccedil;&atilde;o pelo V&iacute;rus da Imunodefici&ecirc;ncia Humana ou S&iacute;ndrome da Imunodefici&ecirc;ncia Adquirida<\/td><td class=\"has-text-align-center\" data-align=\"center\"><\/td><td class=\"has-text-align-center\" data-align=\"center\"><\/td><td class=\"has-text-align-center\" data-align=\"center\"><\/td><td class=\"has-text-align-center\" data-align=\"center\">X<\/td><\/tr><tr><td class=\"has-text-align-center\" data-align=\"center\">35<\/td><td>Infec&ccedil;&atilde;o pelo HIV em gestante, parturiente ou pu&eacute;rpera e Crian&ccedil;a exposta ao risco de transmiss&atilde;o vertical do HIV<\/td><td class=\"has-text-align-center\" data-align=\"center\"><\/td><td class=\"has-text-align-center\" data-align=\"center\"><\/td><td class=\"has-text-align-center\" data-align=\"center\"><\/td><td class=\"has-text-align-center\" data-align=\"center\">X<\/td><\/tr><tr><td class=\"has-text-align-center\" data-align=\"center\">36<\/td><td>Infec&ccedil;&atilde;o pelo V&iacute;rus da Imunodefici&ecirc;ncia Humana (HIV)<\/td><td class=\"has-text-align-center\" data-align=\"center\"><\/td><td class=\"has-text-align-center\" data-align=\"center\"><\/td><td class=\"has-text-align-center\" data-align=\"center\"><\/td><td class=\"has-text-align-center\" data-align=\"center\">X<\/td><\/tr><tr><td class=\"has-text-align-center\" data-align=\"center\">37<\/td><td>Infec&ccedil;&atilde;o pelo V&iacute;rus Linfotr&oacute;pico de C&eacute;lulas T Humanas (HTLV)<\/td><td class=\"has-text-align-center\" data-align=\"center\"><\/td><td class=\"has-text-align-center\" data-align=\"center\"><\/td><td class=\"has-text-align-center\" data-align=\"center\"><\/td><td class=\"has-text-align-center\" data-align=\"center\">X<\/td><\/tr><tr><td class=\"has-text-align-center\" data-align=\"center\">38<\/td><td>Infec&ccedil;&atilde;o pelo HTLV em gestante, parturiente ou pu&eacute;rpera e Crian&ccedil;a exposta ao risco de transmiss&atilde;o vertical do HTLV<\/td><td class=\"has-text-align-center\" data-align=\"center\"><\/td><td class=\"has-text-align-center\" data-align=\"center\"><\/td><td class=\"has-text-align-center\" data-align=\"center\"><\/td><td class=\"has-text-align-center\" data-align=\"center\">X<\/td><\/tr><tr><td class=\"has-text-align-center\" data-align=\"center\">39<\/td><td>Influenza humana produzida por novo subtipo viral<\/td><td class=\"has-text-align-center\" data-align=\"center\">X<\/td><td class=\"has-text-align-center\" data-align=\"center\">X<\/td><td class=\"has-text-align-center\" data-align=\"center\">X<\/td><td class=\"has-text-align-center\" data-align=\"center\"><\/td><\/tr><tr><td class=\"has-text-align-center\" data-align=\"center\">40<\/td><td>Intoxica&ccedil;&atilde;o Ex&oacute;gena (por subst&acirc;ncias qu&iacute;micas, incluindo agrot&oacute;xicos, gases t&oacute;xicos e metais pesados)<\/td><td class=\"has-text-align-center\" data-align=\"center\"><\/td><td class=\"has-text-align-center\" data-align=\"center\"><\/td><td class=\"has-text-align-center\" data-align=\"center\"><\/td><td class=\"has-text-align-center\" data-align=\"center\">X<\/td><\/tr><tr><td class=\"has-text-align-center\" data-align=\"center\">41<\/td><td>Leishmaniose Tegumentar Americana<\/td><td class=\"has-text-align-center\" data-align=\"center\"><\/td><td class=\"has-text-align-center\" data-align=\"center\"><\/td><td class=\"has-text-align-center\" data-align=\"center\"><\/td><td class=\"has-text-align-center\" data-align=\"center\">X<\/td><\/tr><tr><td class=\"has-text-align-center\" data-align=\"center\">42<\/td><td>Leishmaniose Visceral<\/td><td class=\"has-text-align-center\" data-align=\"center\"><\/td><td class=\"has-text-align-center\" data-align=\"center\"><\/td><td class=\"has-text-align-center\" data-align=\"center\"><\/td><td class=\"has-text-align-center\" data-align=\"center\">X<\/td><\/tr><tr><td class=\"has-text-align-center\" data-align=\"center\">43<\/td><td>Leptospirose<\/td><td class=\"has-text-align-center\" data-align=\"center\"><\/td><td class=\"has-text-align-center\" data-align=\"center\"><\/td><td class=\"has-text-align-center\" data-align=\"center\">X<\/td><td class=\"has-text-align-center\" data-align=\"center\"><\/td><\/tr><tr><td class=\"has-text-align-center\" data-align=\"center\">44<\/td><td>Les&otilde;es por Esfor&ccedil;os Repetitivos\/ Dist&uacute;rbios Osteomusculares Relacionados ao Trabalho (LER\/DORT)<\/td><td class=\"has-text-align-center\" data-align=\"center\"><\/td><td class=\"has-text-align-center\" data-align=\"center\"><\/td><td class=\"has-text-align-center\" data-align=\"center\"><\/td><td class=\"has-text-align-center\" data-align=\"center\">X<\/td><\/tr><tr><td class=\"has-text-align-center\" data-align=\"center\">45<\/td><td>a. Mal&aacute;ria na regi&atilde;o amaz&ocirc;nica<\/td><td class=\"has-text-align-center\" data-align=\"center\"><\/td><td class=\"has-text-align-center\" data-align=\"center\"><\/td><td class=\"has-text-align-center\" data-align=\"center\"><\/td><td class=\"has-text-align-center\" data-align=\"center\">X<\/td><\/tr><tr><td class=\"has-text-align-center\" data-align=\"center\"><\/td><td>b. Mal&aacute;ria na regi&atilde;o extra-Amaz&ocirc;nica<\/td><td class=\"has-text-align-center\" data-align=\"center\">X<\/td><td class=\"has-text-align-center\" data-align=\"center\">X<\/td><td class=\"has-text-align-center\" data-align=\"center\">X<\/td><td class=\"has-text-align-center\" data-align=\"center\"><\/td><\/tr><tr><td class=\"has-text-align-center\" data-align=\"center\">46<\/td><td>Monkeypox (var&iacute;ola dos macacos)<\/td><td class=\"has-text-align-center\" data-align=\"center\">X<\/td><td class=\"has-text-align-center\" data-align=\"center\">X<\/td><td class=\"has-text-align-center\" data-align=\"center\">X<\/td><td class=\"has-text-align-center\" data-align=\"center\"><\/td><\/tr><tr><td class=\"has-text-align-center\" data-align=\"center\">47<\/td><td>&Oacute;bito:a. Infantilb. Materno<\/td><td class=\"has-text-align-center\" data-align=\"center\"><\/td><td class=\"has-text-align-center\" data-align=\"center\"><\/td><td class=\"has-text-align-center\" data-align=\"center\"><\/td><td class=\"has-text-align-center\" data-align=\"center\">X<\/td><\/tr><tr><td class=\"has-text-align-center\" data-align=\"center\">48<\/td><td>Perda Auditiva relacionada ao trabalho<\/td><td class=\"has-text-align-center\" data-align=\"center\"><\/td><td class=\"has-text-align-center\" data-align=\"center\"><\/td><td class=\"has-text-align-center\" data-align=\"center\"><\/td><td class=\"has-text-align-center\" data-align=\"center\">X<\/td><\/tr><tr><td class=\"has-text-align-center\" data-align=\"center\">49<\/td><td>Pneumoconioses relacionadas ao trabalho<\/td><td class=\"has-text-align-center\" data-align=\"center\"><\/td><td class=\"has-text-align-center\" data-align=\"center\"><\/td><td class=\"has-text-align-center\" data-align=\"center\"><\/td><td class=\"has-text-align-center\" data-align=\"center\">X<\/td><\/tr><tr><td class=\"has-text-align-center\" data-align=\"center\">50<\/td><td>Peste<\/td><td class=\"has-text-align-center\" data-align=\"center\">X<\/td><td class=\"has-text-align-center\" data-align=\"center\">X<\/td><td class=\"has-text-align-center\" data-align=\"center\">X<\/td><td class=\"has-text-align-center\" data-align=\"center\"><\/td><\/tr><tr><td class=\"has-text-align-center\" data-align=\"center\">51<\/td><td>Poliomielite por poliov&iacute;rus selvagem<\/td><td class=\"has-text-align-center\" data-align=\"center\">X<\/td><td class=\"has-text-align-center\" data-align=\"center\">X<\/td><td class=\"has-text-align-center\" data-align=\"center\">X<\/td><td class=\"has-text-align-center\" data-align=\"center\"><\/td><\/tr><tr><td class=\"has-text-align-center\" data-align=\"center\">52<\/td><td>Raiva humana<\/td><td class=\"has-text-align-center\" data-align=\"center\">X<\/td><td class=\"has-text-align-center\" data-align=\"center\">X<\/td><td class=\"has-text-align-center\" data-align=\"center\">X<\/td><td class=\"has-text-align-center\" data-align=\"center\"><\/td><\/tr><tr><td class=\"has-text-align-center\" data-align=\"center\">53<\/td><td>S&iacute;ndrome da Rub&eacute;ola Cong&ecirc;nita<\/td><td class=\"has-text-align-center\" data-align=\"center\">X<\/td><td class=\"has-text-align-center\" data-align=\"center\">X<\/td><td class=\"has-text-align-center\" data-align=\"center\">X<\/td><td class=\"has-text-align-center\" data-align=\"center\"><\/td><\/tr><tr><td class=\"has-text-align-center\" data-align=\"center\">54<\/td><td>Doen&ccedil;as Exantem&aacute;ticas:a. Sarampob. Rub&eacute;ola<\/td><td class=\"has-text-align-center\" data-align=\"center\">X<\/td><td class=\"has-text-align-center\" data-align=\"center\">X<\/td><td class=\"has-text-align-center\" data-align=\"center\">X<\/td><td class=\"has-text-align-center\" data-align=\"center\"><\/td><\/tr><tr><td class=\"has-text-align-center\" data-align=\"center\">55<\/td><td>S&iacute;filis:a. Adquiridab. Cong&ecirc;nitac. Em gestante<\/td><td class=\"has-text-align-center\" data-align=\"center\"><\/td><td class=\"has-text-align-center\" data-align=\"center\"><\/td><td class=\"has-text-align-center\" data-align=\"center\"><\/td><td class=\"has-text-align-center\" data-align=\"center\">X<\/td><\/tr><tr><td class=\"has-text-align-center\" data-align=\"center\">56<\/td><td>S&iacute;ndrome da Paralisia Fl&aacute;cida Aguda<\/td><td class=\"has-text-align-center\" data-align=\"center\">X<\/td><td class=\"has-text-align-center\" data-align=\"center\">X<\/td><td class=\"has-text-align-center\" data-align=\"center\">X<\/td><td class=\"has-text-align-center\" data-align=\"center\"><\/td><\/tr><tr><td class=\"has-text-align-center\" data-align=\"center\">57<\/td><td>S&iacute;ndrome Inflamat&oacute;ria Multissist&ecirc;mica em Adultos (SIM-A) associada &agrave; covid-19<\/td><td class=\"has-text-align-center\" data-align=\"center\">X<\/td><td class=\"has-text-align-center\" data-align=\"center\">X<\/td><td class=\"has-text-align-center\" data-align=\"center\">X<\/td><td class=\"has-text-align-center\" data-align=\"center\"><\/td><\/tr><tr><td class=\"has-text-align-center\" data-align=\"center\">58<\/td><td>S&iacute;ndrome Inflamat&oacute;ria Multissit&ecirc;mica Pedi&aacute;trica (SIM-P) associada &agrave; covid-19<\/td><td class=\"has-text-align-center\" data-align=\"center\">X<\/td><td class=\"has-text-align-center\" data-align=\"center\">X<\/td><td class=\"has-text-align-center\" data-align=\"center\">X<\/td><td class=\"has-text-align-center\" data-align=\"center\"><\/td><\/tr><tr><td class=\"has-text-align-center\" data-align=\"center\">59<\/td><td>S&iacute;ndrome Respirat&oacute;ria Aguda Grave (SRAG) associada a Coronav&iacute;rusa. SARSCoVb. MERS- CoVc. SARS-CoV-2<\/td><td class=\"has-text-align-center\" data-align=\"center\">X<\/td><td class=\"has-text-align-center\" data-align=\"center\">X<\/td><td class=\"has-text-align-center\" data-align=\"center\">X<\/td><td class=\"has-text-align-center\" data-align=\"center\"><\/td><\/tr><tr><td class=\"has-text-align-center\" data-align=\"center\">60<\/td><td>S&iacute;ndrome Gripal suspeita de covid-19<\/td><td class=\"has-text-align-center\" data-align=\"center\">X<\/td><td class=\"has-text-align-center\" data-align=\"center\">X<\/td><td class=\"has-text-align-center\" data-align=\"center\">X<\/td><td class=\"has-text-align-center\" data-align=\"center\"><\/td><\/tr><tr><td class=\"has-text-align-center\" data-align=\"center\">61<\/td><td>T&eacute;tano:a. Acidentalb. Neonatal<\/td><td class=\"has-text-align-center\" data-align=\"center\"><\/td><td class=\"has-text-align-center\" data-align=\"center\"><\/td><td class=\"has-text-align-center\" data-align=\"center\">X<\/td><td class=\"has-text-align-center\" data-align=\"center\"><\/td><\/tr><tr><td class=\"has-text-align-center\" data-align=\"center\">62<\/td><td>Toxoplasmose gestacional e cong&ecirc;nita<\/td><td class=\"has-text-align-center\" data-align=\"center\"><\/td><td class=\"has-text-align-center\" data-align=\"center\"><\/td><td class=\"has-text-align-center\" data-align=\"center\"><\/td><td class=\"has-text-align-center\" data-align=\"center\">X<\/td><\/tr><tr><td class=\"has-text-align-center\" data-align=\"center\">63<\/td><td>Transtornos mentais relacionados ao trabalho<\/td><td class=\"has-text-align-center\" data-align=\"center\"><\/td><td class=\"has-text-align-center\" data-align=\"center\"><\/td><td class=\"has-text-align-center\" data-align=\"center\"><\/td><td class=\"has-text-align-center\" data-align=\"center\">X<\/td><\/tr><tr><td class=\"has-text-align-center\" data-align=\"center\">64<\/td><td>Tuberculose<\/td><td class=\"has-text-align-center\" data-align=\"center\"><\/td><td class=\"has-text-align-center\" data-align=\"center\"><\/td><td class=\"has-text-align-center\" data-align=\"center\"><\/td><td class=\"has-text-align-center\" data-align=\"center\">X<\/td><\/tr><tr><td class=\"has-text-align-center\" data-align=\"center\">65<\/td><td>Varicela &ndash; caso grave internado ou &oacute;bito<\/td><td class=\"has-text-align-center\" data-align=\"center\"><\/td><td class=\"has-text-align-center\" data-align=\"center\">X<\/td><td class=\"has-text-align-center\" data-align=\"center\">X<\/td><td class=\"has-text-align-center\" data-align=\"center\"><\/td><\/tr><tr><td class=\"has-text-align-center\" data-align=\"center\">66<\/td><td>a. Viol&ecirc;ncia dom&eacute;stica e\/ou outras viol&ecirc;ncias<\/td><td class=\"has-text-align-center\" data-align=\"center\"><\/td><td class=\"has-text-align-center\" data-align=\"center\"><\/td><td class=\"has-text-align-center\" data-align=\"center\"><\/td><td class=\"has-text-align-center\" data-align=\"center\">X<\/td><\/tr><tr><td class=\"has-text-align-center\" data-align=\"center\"><\/td><td>b. Viol&ecirc;ncia sexual e tentativa de suic&iacute;dio<\/td><td class=\"has-text-align-center\" data-align=\"center\"><\/td><td class=\"has-text-align-center\" data-align=\"center\"><\/td><td class=\"has-text-align-center\" data-align=\"center\">X<\/td><td class=\"has-text-align-center\" data-align=\"center\"><\/td><\/tr><\/tbody><\/table><\/figure><p class=\"wp-block-verse\">Saiba mais sobre <a href=\"https:\/\/med.estrategia.com\/portal\/noticias\/como-funciona-a-notificacao-compulsoria-na-saude-publica-brasileira\/\" target=\"_blank\">como funciona a Notifica&ccedil;&atilde;o Compuls&oacute;ria na sa&uacute;de p&uacute;blica brasileira<\/a><\/p><p>Se voc&ecirc; quer ficar por dentro de mais conte&uacute;dos relevantes sobre a &aacute;rea m&eacute;dica, continue acompanhando o material preparado pelo Portal de Not&iacute;cias do <a href=\"https:\/\/med.estrategia.com\/\" target=\"_blank\">Estrat&eacute;gia MED<\/a>. Aqui, voc&ecirc; encontrar&aacute; informa&ccedil;&otilde;es atualizadas sobre resid&ecirc;ncias, carreira m&eacute;dica e muito mais.<\/p><p>\n\n\n\n\n\n\n<\/p><\/p>\n","protected":false},"excerpt":{"rendered":"A Lista Nacional de Notifica&ccedil;&atilde;o Compuls&oacute;ria de doen&ccedil;as, agravos e eventos de sa&uacute;de p&uacute;blica foi atualizada pela Portaria&hellip;\n","protected":false},"author":52,"featured_media":51919,"comment_status":"closed","ping_status":"closed","sticky":false,"template":"","format":"standard","meta":{"wl_entities_gutenberg":"","footnotes":""},"categories":[300],"tags":[],"wl_entity_type":[199],"class_list":{"0":"post-106038","1":"post","2":"type-post","3":"status-publish","4":"format-standard","5":"has-post-thumbnail","7":"category-noticias","8":"wl_entity_type-article"},"acf":[],"yoast_head":"<!-- This site is optimized with the Yoast SEO Premium plugin v26.6 (Yoast SEO v26.6) - https:\/\/yoast.com\/wordpress\/plugins\/seo\/ -->\n<title>Portaria do MS inclui anomalias cong\u00eanitas na lista de notifica\u00e7\u00f5es compuls\u00f3rias<\/title>\n<meta name=\"description\" content=\"A Lista Nacional de Notifica\u00e7\u00e3o Compuls\u00f3ria de doen\u00e7as, agravos e eventos de sa\u00fade p\u00fablica foi atualizada pela Portaria GM\/MS n\u00ba 10.175, publicada no Di\u00e1rio Oficial da Uni\u00e3o desta segunda-feira (26).\" \/>\n<meta name=\"robots\" content=\"index, follow, max-snippet:-1, max-image-preview:large, max-video-preview:-1\" \/>\n<link rel=\"canonical\" href=\"https:\/\/med.estrategia.com\/portal\/noticias\/portaria-do-ms-inclui-anomalias-congenitas-na-lista-de-notificacoes-compulsorias\/\" \/>\n<meta property=\"og:locale\" content=\"pt_BR\" \/>\n<meta property=\"og:type\" content=\"article\" \/>\n<meta property=\"og:title\" content=\"Portaria do MS inclui anomalias cong\u00eanitas na lista de notifica\u00e7\u00f5es compuls\u00f3rias\" \/>\n<meta property=\"og:description\" content=\"A Lista Nacional de Notifica\u00e7\u00e3o Compuls\u00f3ria de doen\u00e7as, agravos e eventos de sa\u00fade p\u00fablica foi atualizada pela Portaria GM\/MS n\u00ba 10.175, publicada no Di\u00e1rio Oficial da Uni\u00e3o desta segunda-feira (26).\" \/>\n<meta property=\"og:url\" content=\"https:\/\/med.estrategia.com\/portal\/noticias\/portaria-do-ms-inclui-anomalias-congenitas-na-lista-de-notificacoes-compulsorias\/\" \/>\n<meta property=\"og:site_name\" content=\"Estrat\u00e9gia MED\" \/>\n<meta property=\"article:publisher\" content=\"https:\/\/www.facebook.com\/estrategiamed1\" \/>\n<meta property=\"article:published_time\" content=\"2026-01-26T18:51:06+00:00\" \/>\n<meta property=\"article:modified_time\" content=\"2026-01-26T18:52:20+00:00\" \/>\n<meta property=\"og:image\" content=\"https:\/\/med.estrategia.com\/portal\/wp-content\/uploads\/2023\/11\/ministerio-da-saude.jpg\" \/>\n\t<meta property=\"og:image:width\" content=\"1920\" \/>\n\t<meta property=\"og:image:height\" content=\"1204\" \/>\n\t<meta property=\"og:image:type\" content=\"image\/jpeg\" \/>\n<meta name=\"author\" content=\"Arion Wolff\" \/>\n<meta name=\"twitter:card\" content=\"summary_large_image\" \/>\n<meta name=\"twitter:creator\" content=\"@estrategiamed_\" \/>\n<meta name=\"twitter:site\" content=\"@estrategiamed_\" \/>\n<meta name=\"twitter:label1\" content=\"Escrito por\" \/>\n\t<meta name=\"twitter:data1\" content=\"Arion Wolff\" \/>\n\t<meta name=\"twitter:label2\" content=\"Est. tempo de leitura\" \/>\n\t<meta name=\"twitter:data2\" content=\"4 minutos\" \/>\n<script type=\"application\/ld+json\" class=\"yoast-schema-graph\">{\"@context\":\"https:\/\/schema.org\",\"@graph\":[{\"@type\":\"WebPage\",\"@id\":\"https:\/\/med.estrategia.com\/portal\/noticias\/portaria-do-ms-inclui-anomalias-congenitas-na-lista-de-notificacoes-compulsorias\/\",\"url\":\"https:\/\/med.estrategia.com\/portal\/noticias\/portaria-do-ms-inclui-anomalias-congenitas-na-lista-de-notificacoes-compulsorias\/\",\"name\":\"Portaria do MS inclui anomalias cong\u00eanitas na lista de notifica\u00e7\u00f5es compuls\u00f3rias\",\"isPartOf\":{\"@id\":\"https:\/\/med.estrategia.com\/portal\/#website\"},\"primaryImageOfPage\":{\"@id\":\"https:\/\/med.estrategia.com\/portal\/noticias\/portaria-do-ms-inclui-anomalias-congenitas-na-lista-de-notificacoes-compulsorias\/#primaryimage\"},\"image\":{\"@id\":\"https:\/\/med.estrategia.com\/portal\/noticias\/portaria-do-ms-inclui-anomalias-congenitas-na-lista-de-notificacoes-compulsorias\/#primaryimage\"},\"thumbnailUrl\":\"https:\/\/med.estrategia.com\/portal\/wp-content\/uploads\/2023\/11\/ministerio-da-saude.jpg\",\"datePublished\":\"2026-01-26T18:51:06+00:00\",\"dateModified\":\"2026-01-26T18:52:20+00:00\",\"author\":{\"@id\":\"https:\/\/med.estrategia.com\/portal\/#\/schema\/person\/b6aba49604868a427dd15c3b1fc6a8bc\"},\"description\":\"A Lista Nacional de Notifica\u00e7\u00e3o Compuls\u00f3ria de doen\u00e7as, agravos e eventos de sa\u00fade p\u00fablica foi atualizada pela Portaria GM\/MS n\u00ba 10.175, publicada no Di\u00e1rio Oficial da Uni\u00e3o desta segunda-feira (26).\",\"breadcrumb\":{\"@id\":\"https:\/\/med.estrategia.com\/portal\/noticias\/portaria-do-ms-inclui-anomalias-congenitas-na-lista-de-notificacoes-compulsorias\/#breadcrumb\"},\"inLanguage\":\"pt-BR\",\"potentialAction\":[{\"@type\":\"ReadAction\",\"target\":[\"https:\/\/med.estrategia.com\/portal\/noticias\/portaria-do-ms-inclui-anomalias-congenitas-na-lista-de-notificacoes-compulsorias\/\"]}]},{\"@type\":\"ImageObject\",\"inLanguage\":\"pt-BR\",\"@id\":\"https:\/\/med.estrategia.com\/portal\/noticias\/portaria-do-ms-inclui-anomalias-congenitas-na-lista-de-notificacoes-compulsorias\/#primaryimage\",\"url\":\"https:\/\/med.estrategia.com\/portal\/wp-content\/uploads\/2023\/11\/ministerio-da-saude.jpg\",\"contentUrl\":\"https:\/\/med.estrategia.com\/portal\/wp-content\/uploads\/2023\/11\/ministerio-da-saude.jpg\",\"width\":1920,\"height\":1204,\"caption\":\"Cr\u00e9ditos: Rafa Neddermeyer\/Ag\u00eancia Brasil\"},{\"@type\":\"BreadcrumbList\",\"@id\":\"https:\/\/med.estrategia.com\/portal\/noticias\/portaria-do-ms-inclui-anomalias-congenitas-na-lista-de-notificacoes-compulsorias\/#breadcrumb\",\"itemListElement\":[{\"@type\":\"ListItem\",\"position\":1,\"name\":\"Home\",\"item\":\"https:\/\/med.estrategia.com\/portal\/\"},{\"@type\":\"ListItem\",\"position\":2,\"name\":\"Not\u00edcias\",\"item\":\"https:\/\/med.estrategia.com\/portal\/noticias\/\"},{\"@type\":\"ListItem\",\"position\":3,\"name\":\"Portaria do MS inclui anomalias cong\u00eanitas na lista de notifica\u00e7\u00f5es compuls\u00f3rias\"}]},{\"@type\":\"WebSite\",\"@id\":\"https:\/\/med.estrategia.com\/portal\/#website\",\"url\":\"https:\/\/med.estrategia.com\/portal\/\",\"name\":\"Estrat\u00e9gia MED\",\"description\":\"\",\"potentialAction\":[{\"@type\":\"SearchAction\",\"target\":{\"@type\":\"EntryPoint\",\"urlTemplate\":\"https:\/\/med.estrategia.com\/portal\/?s={search_term_string}\"},\"query-input\":{\"@type\":\"PropertyValueSpecification\",\"valueRequired\":true,\"valueName\":\"search_term_string\"}}],\"inLanguage\":\"pt-BR\"},{\"@type\":\"Person\",\"@id\":\"https:\/\/med.estrategia.com\/portal\/#\/schema\/person\/b6aba49604868a427dd15c3b1fc6a8bc\",\"name\":\"Arion Wolff\",\"image\":{\"@type\":\"ImageObject\",\"inLanguage\":\"pt-BR\",\"@id\":\"https:\/\/med.estrategia.com\/portal\/#\/schema\/person\/image\/\",\"url\":\"https:\/\/med.estrategia.com\/portal\/wp-content\/uploads\/2023\/12\/arion-wolff-estrategia-med-150x150.jpg\",\"contentUrl\":\"https:\/\/med.estrategia.com\/portal\/wp-content\/uploads\/2023\/12\/arion-wolff-estrategia-med-150x150.jpg\",\"caption\":\"Arion Wolff\"},\"description\":\"Jornalista formado pela UNIFATEC e p\u00f3s-graduado em Jornalismo Digital pela UNINTER. Escrevo sobre medicina, resid\u00eancia m\u00e9dica e sa\u00fade. Entusiasta de filmes, livros, bons dramas e romances gen\u00e9ricos.\",\"sameAs\":[\"http:\/\/med.estrategia.com\"],\"url\":\"https:\/\/med.estrategia.com\/portal\/author\/arion-santos\/\"}]}<\/script>\n<!-- \/ Yoast SEO Premium plugin. -->","yoast_head_json":{"title":"Portaria do MS inclui anomalias cong\u00eanitas na lista de notifica\u00e7\u00f5es compuls\u00f3rias","description":"A Lista Nacional de Notifica\u00e7\u00e3o Compuls\u00f3ria de doen\u00e7as, agravos e eventos de sa\u00fade p\u00fablica foi atualizada pela Portaria GM\/MS n\u00ba 10.175, publicada no Di\u00e1rio Oficial da Uni\u00e3o desta segunda-feira (26).","robots":{"index":"index","follow":"follow","max-snippet":"max-snippet:-1","max-image-preview":"max-image-preview:large","max-video-preview":"max-video-preview:-1"},"canonical":"https:\/\/med.estrategia.com\/portal\/noticias\/portaria-do-ms-inclui-anomalias-congenitas-na-lista-de-notificacoes-compulsorias\/","og_locale":"pt_BR","og_type":"article","og_title":"Portaria do MS inclui anomalias cong\u00eanitas na lista de notifica\u00e7\u00f5es compuls\u00f3rias","og_description":"A Lista Nacional de Notifica\u00e7\u00e3o Compuls\u00f3ria de doen\u00e7as, agravos e eventos de sa\u00fade p\u00fablica foi atualizada pela Portaria GM\/MS n\u00ba 10.175, publicada no Di\u00e1rio Oficial da Uni\u00e3o desta segunda-feira (26).","og_url":"https:\/\/med.estrategia.com\/portal\/noticias\/portaria-do-ms-inclui-anomalias-congenitas-na-lista-de-notificacoes-compulsorias\/","og_site_name":"Estrat\u00e9gia MED","article_publisher":"https:\/\/www.facebook.com\/estrategiamed1","article_published_time":"2026-01-26T18:51:06+00:00","article_modified_time":"2026-01-26T18:52:20+00:00","og_image":[{"width":1920,"height":1204,"url":"https:\/\/med.estrategia.com\/portal\/wp-content\/uploads\/2023\/11\/ministerio-da-saude.jpg","type":"image\/jpeg"}],"author":"Arion Wolff","twitter_card":"summary_large_image","twitter_creator":"@estrategiamed_","twitter_site":"@estrategiamed_","twitter_misc":{"Escrito por":"Arion Wolff","Est. tempo de leitura":"4 minutos"},"schema":{"@context":"https:\/\/schema.org","@graph":[{"@type":"WebPage","@id":"https:\/\/med.estrategia.com\/portal\/noticias\/portaria-do-ms-inclui-anomalias-congenitas-na-lista-de-notificacoes-compulsorias\/","url":"https:\/\/med.estrategia.com\/portal\/noticias\/portaria-do-ms-inclui-anomalias-congenitas-na-lista-de-notificacoes-compulsorias\/","name":"Portaria do MS inclui anomalias cong\u00eanitas na lista de notifica\u00e7\u00f5es compuls\u00f3rias","isPartOf":{"@id":"https:\/\/med.estrategia.com\/portal\/#website"},"primaryImageOfPage":{"@id":"https:\/\/med.estrategia.com\/portal\/noticias\/portaria-do-ms-inclui-anomalias-congenitas-na-lista-de-notificacoes-compulsorias\/#primaryimage"},"image":{"@id":"https:\/\/med.estrategia.com\/portal\/noticias\/portaria-do-ms-inclui-anomalias-congenitas-na-lista-de-notificacoes-compulsorias\/#primaryimage"},"thumbnailUrl":"https:\/\/med.estrategia.com\/portal\/wp-content\/uploads\/2023\/11\/ministerio-da-saude.jpg","datePublished":"2026-01-26T18:51:06+00:00","dateModified":"2026-01-26T18:52:20+00:00","author":{"@id":"https:\/\/med.estrategia.com\/portal\/#\/schema\/person\/b6aba49604868a427dd15c3b1fc6a8bc"},"description":"A Lista Nacional de Notifica\u00e7\u00e3o Compuls\u00f3ria de doen\u00e7as, agravos e eventos de sa\u00fade p\u00fablica foi atualizada pela Portaria GM\/MS n\u00ba 10.175, publicada no Di\u00e1rio Oficial da Uni\u00e3o desta segunda-feira (26).","breadcrumb":{"@id":"https:\/\/med.estrategia.com\/portal\/noticias\/portaria-do-ms-inclui-anomalias-congenitas-na-lista-de-notificacoes-compulsorias\/#breadcrumb"},"inLanguage":"pt-BR","potentialAction":[{"@type":"ReadAction","target":["https:\/\/med.estrategia.com\/portal\/noticias\/portaria-do-ms-inclui-anomalias-congenitas-na-lista-de-notificacoes-compulsorias\/"]}]},{"@type":"ImageObject","inLanguage":"pt-BR","@id":"https:\/\/med.estrategia.com\/portal\/noticias\/portaria-do-ms-inclui-anomalias-congenitas-na-lista-de-notificacoes-compulsorias\/#primaryimage","url":"https:\/\/med.estrategia.com\/portal\/wp-content\/uploads\/2023\/11\/ministerio-da-saude.jpg","contentUrl":"https:\/\/med.estrategia.com\/portal\/wp-content\/uploads\/2023\/11\/ministerio-da-saude.jpg","width":1920,"height":1204,"caption":"Cr\u00e9ditos: Rafa Neddermeyer\/Ag\u00eancia Brasil"},{"@type":"BreadcrumbList","@id":"https:\/\/med.estrategia.com\/portal\/noticias\/portaria-do-ms-inclui-anomalias-congenitas-na-lista-de-notificacoes-compulsorias\/#breadcrumb","itemListElement":[{"@type":"ListItem","position":1,"name":"Home","item":"https:\/\/med.estrategia.com\/portal\/"},{"@type":"ListItem","position":2,"name":"Not\u00edcias","item":"https:\/\/med.estrategia.com\/portal\/noticias\/"},{"@type":"ListItem","position":3,"name":"Portaria do MS inclui anomalias cong\u00eanitas na lista de notifica\u00e7\u00f5es compuls\u00f3rias"}]},{"@type":"WebSite","@id":"https:\/\/med.estrategia.com\/portal\/#website","url":"https:\/\/med.estrategia.com\/portal\/","name":"Estrat\u00e9gia MED","description":"","potentialAction":[{"@type":"SearchAction","target":{"@type":"EntryPoint","urlTemplate":"https:\/\/med.estrategia.com\/portal\/?s={search_term_string}"},"query-input":{"@type":"PropertyValueSpecification","valueRequired":true,"valueName":"search_term_string"}}],"inLanguage":"pt-BR"},{"@type":"Person","@id":"https:\/\/med.estrategia.com\/portal\/#\/schema\/person\/b6aba49604868a427dd15c3b1fc6a8bc","name":"Arion Wolff","image":{"@type":"ImageObject","inLanguage":"pt-BR","@id":"https:\/\/med.estrategia.com\/portal\/#\/schema\/person\/image\/","url":"https:\/\/med.estrategia.com\/portal\/wp-content\/uploads\/2023\/12\/arion-wolff-estrategia-med-150x150.jpg","contentUrl":"https:\/\/med.estrategia.com\/portal\/wp-content\/uploads\/2023\/12\/arion-wolff-estrategia-med-150x150.jpg","caption":"Arion Wolff"},"description":"Jornalista formado pela UNIFATEC e p\u00f3s-graduado em Jornalismo Digital pela UNINTER. Escrevo sobre medicina, resid\u00eancia m\u00e9dica e sa\u00fade. Entusiasta de filmes, livros, bons dramas e romances gen\u00e9ricos.","sameAs":["http:\/\/med.estrategia.com"],"url":"https:\/\/med.estrategia.com\/portal\/author\/arion-santos\/"}]}},"_wl_alt_label":[],"wl:entity_url":"\/post\/portaria-do-ms-inclui-anomalias-congenitas-na-lista-de-notificacoes-compulsorias-106038","_links":{"self":[{"href":"https:\/\/med.estrategia.com\/portal\/wp-json\/wp\/v2\/posts\/106038","targetHints":{"allow":["GET"]}}],"collection":[{"href":"https:\/\/med.estrategia.com\/portal\/wp-json\/wp\/v2\/posts"}],"about":[{"href":"https:\/\/med.estrategia.com\/portal\/wp-json\/wp\/v2\/types\/post"}],"author":[{"embeddable":true,"href":"https:\/\/med.estrategia.com\/portal\/wp-json\/wp\/v2\/users\/52"}],"replies":[{"embeddable":true,"href":"https:\/\/med.estrategia.com\/portal\/wp-json\/wp\/v2\/comments?post=106038"}],"version-history":[{"count":2,"href":"https:\/\/med.estrategia.com\/portal\/wp-json\/wp\/v2\/posts\/106038\/revisions"}],"predecessor-version":[{"id":106043,"href":"https:\/\/med.estrategia.com\/portal\/wp-json\/wp\/v2\/posts\/106038\/revisions\/106043"}],"wp:featuredmedia":[{"embeddable":true,"href":"https:\/\/med.estrategia.com\/portal\/wp-json\/wp\/v2\/media\/51919"}],"wp:attachment":[{"href":"https:\/\/med.estrategia.com\/portal\/wp-json\/wp\/v2\/media?parent=106038"}],"wp:term":[{"taxonomy":"category","embeddable":true,"href":"https:\/\/med.estrategia.com\/portal\/wp-json\/wp\/v2\/categories?post=106038"},{"taxonomy":"post_tag","embeddable":true,"href":"https:\/\/med.estrategia.com\/portal\/wp-json\/wp\/v2\/tags?post=106038"},{"taxonomy":"wl_entity_type","embeddable":true,"href":"https:\/\/med.estrategia.com\/portal\/wp-json\/wp\/v2\/wl_entity_type?post=106038"}],"curies":[{"name":"wp","href":"https:\/\/api.w.org\/{rel}","templated":true}]}}