{"id":106980,"date":"2026-02-11T11:03:38","date_gmt":"2026-02-11T14:03:38","guid":{"rendered":"https:\/\/med.estrategia.com\/portal\/?p=106980"},"modified":"2026-02-24T11:34:27","modified_gmt":"2026-02-24T14:34:27","slug":"portaria-do-mec-revoga-edital-de-chamamento-para-novos-cursos-de-medicina","status":"publish","type":"post","link":"https:\/\/med.estrategia.com\/portal\/noticias\/portaria-do-mec-revoga-edital-de-chamamento-para-novos-cursos-de-medicina\/","title":{"rendered":"Portaria do MEC revoga edital de chamamento para novos cursos de Medicina"},"content":{"rendered":"<p>O <strong>Minist&eacute;rio da Educa&ccedil;&atilde;o (MEC)<\/strong> publicou, nesta ter&ccedil;a-feira (10), a <strong>Portaria MEC n&ordm; 129<\/strong>, de 9 de fevereiro de 2026, no <strong>Di&aacute;rio Oficial da Uni&atilde;o<\/strong>, revogando integralmente o Edital de Chamamento P&uacute;blico n&ordm; 01, de 4 de outubro de 2023, <strong>voltado &agrave; autoriza&ccedil;&atilde;o de novos cursos de Medicina em institui&ccedil;&otilde;es privadas de ensino superior<\/strong>. Confira o documento abaixo:<div class=\"wp-block-buttons is-content-justification-center is-layout-flex wp-container-core-buttons-is-layout-1 wp-block-buttons-is-layout-flex\">\n<div class=\"wp-block-button\"><a class=\"wp-block-button__link wp-element-button\" href=\"https:\/\/med.estrategia.com\/portal\/wp-content\/uploads\/2026\/02\/PORTARIA-MEC-No-129-DE-9-DE-FEVEREIRO-DE-2026-PORTARIA-MEC-No-129-DE-9-DE-FEVEREIRO-DE-2026-DOU-Imprensa-Nacional.pdf\" target=\"_blank\">Portaria MEC n&ordm; 129<\/a><\/div>\n<\/div><div id=\"ez-toc-container\" class=\"ez-toc-v2_0_79_2 counter-hierarchy ez-toc-counter ez-toc-transparent ez-toc-container-direction\">\n<div class=\"ez-toc-title-container\"><p class=\"ez-toc-title\" style=\"cursor:inherit\">Navegue pelo conte\u00fado<\/p>\n<\/div><nav><ul class='ez-toc-list ez-toc-list-level-1 ' ><li class='ez-toc-page-1 ez-toc-heading-level-2'><a class=\"ez-toc-link ez-toc-heading-1\" href=\"https:\/\/med.estrategia.com\/portal\/noticias\/portaria-do-mec-revoga-edital-de-chamamento-para-novos-cursos-de-medicina\/#O-que-era-o-Edital-no-012023\" >O que era o Edital n&ordm; 01\/2023<\/a><ul class='ez-toc-list-level-3' ><li class='ez-toc-heading-level-3'><a class=\"ez-toc-link ez-toc-heading-2\" href=\"https:\/\/med.estrategia.com\/portal\/noticias\/portaria-do-mec-revoga-edital-de-chamamento-para-novos-cursos-de-medicina\/#Inscreva-se-em-nossa-newsletter\" >Inscreva-se em nossa newsletter!<\/a><\/li><\/ul><\/li><li class='ez-toc-page-1 ez-toc-heading-level-2'><a class=\"ez-toc-link ez-toc-heading-3\" href=\"https:\/\/med.estrategia.com\/portal\/noticias\/portaria-do-mec-revoga-edital-de-chamamento-para-novos-cursos-de-medicina\/#Por-que-o-MEC-decidiu-revogar-o-edital\" >Por que o MEC decidiu revogar o edital<\/a><\/li><li class='ez-toc-page-1 ez-toc-heading-level-2'><a class=\"ez-toc-link ez-toc-heading-4\" href=\"https:\/\/med.estrategia.com\/portal\/noticias\/portaria-do-mec-revoga-edital-de-chamamento-para-novos-cursos-de-medicina\/#Papel-do-STF-do-Enamed-e-das-novas-DCNs\" >Papel do STF, do Enamed e das novas DCNs<\/a><\/li><li class='ez-toc-page-1 ez-toc-heading-level-2'><a class=\"ez-toc-link ez-toc-heading-5\" href=\"https:\/\/med.estrategia.com\/portal\/noticias\/portaria-do-mec-revoga-edital-de-chamamento-para-novos-cursos-de-medicina\/#Fundamentacao-juridica-da-revogacao\" >Fundamenta&ccedil;&atilde;o jur&iacute;dica da revoga&ccedil;&atilde;o<\/a><\/li><\/ul><\/nav><\/div>\n<h2 class=\"wp-block-heading\" id=\"h-o-que-era-o-edital-n&ordm;-01-2023\"><span class=\"ez-toc-section\" id=\"O-que-era-o-Edital-no-012023\"><\/span>O que era o Edital n&ordm; 01\/2023<span class=\"ez-toc-section-end\"><\/span><\/h2><p>O edital revogado fazia parte da pol&iacute;tica do <strong>Programa Mais M&eacute;dicos<\/strong>, prevista na <a href=\"https:\/\/www.planalto.gov.br\/ccivil_03\/_ato2011-2014\/2013\/lei\/l12871.htm\" target=\"_blank\">Lei n&ordm; 12.871\/2013<\/a>, e tinha como objetivo <strong>selecionar propostas de mantenedoras<\/strong> privadas de Institui&ccedil;&otilde;es de Ensino Superior (IES) para <strong>abertura de cursos de Medicina<\/strong> em regi&otilde;es com car&ecirc;ncia de m&eacute;dicos e com capacidade instalada de servi&ccedil;os de sa&uacute;de para oferta de campos de pr&aacute;tica.<\/p><p>Ele foi estruturado com base em estudos t&eacute;cnicos do MEC, Minist&eacute;rio da Sa&uacute;de, Minist&eacute;rio do Planejamento e Ipea, <strong>projetando mais de 5 mil novas vagas<\/strong> distribu&iacute;das em 95 cursos, priorizando regi&otilde;es com menos de 2,5 m&eacute;dicos por 1.000 habitantes e com hospitais com, pelo menos, 80 leitos e infraestrutura m&iacute;nima para forma&ccedil;&atilde;o m&eacute;dica.&#8203;<\/p><p>\n\n\n<div id=\"new-form\">\n\t<form id=\"forms_layout\">\n\t<input type=\"hidden\" id=\"chave_de\" name=\"chave_de\" value=\"01_EMED_LEADS_TOTAIS\" \/>\n\t\t<input type=\"hidden\" id=\"mid\" name=\"mid\" value=\"515009018\" \/>\n\t\t<input type=\"hidden\" id=\"Objetivo\" name=\"Objetivo\" value=\"Medicina\" \/>\n\t\t<input type=\"hidden\" id=\"Estado_de_Origem_do_IP\" name=\"Estado_de_Origem_do_IP\"  value=\"\" \/>\n\t\t<input type=\"hidden\" id=\"Cidade_de_Origem_do_IP\" name=\"Cidade_de_Origem_do_IP\" value=\"\" \/>\n\t\t<input type=\"hidden\" id=\"Modo_de_entrada\" name=\"Modo_de_entrada\" value=\"Portal\" \/>\n\t\t<input type=\"hidden\" id=\"Pagina_Origem\" name=\"Pagina_Origem\" value=\"\" \/>\n\n\t\t<div class=\"texto\">\n\t\t\t<h3 class=\"news\"><span class=\"ez-toc-section\" id=\"Inscreva-se-em-nossa-newsletter\"><\/span>Inscreva-se em nossa newsletter!<span class=\"ez-toc-section-end\"><\/span><\/h3>\n\t\t\t<p>Receba not\u00edcias sobre resid\u00eancia m\u00e9dica, revalida\u00e7\u00e3o de diplomas e concursos m\u00e9dicos, al\u00e9m de materiais de estudo gratuitos e informa\u00e7\u00f5es relevantes do mundo da Medicina.<\/p>\n\t\t<\/div>\n\t\t<div class=\"campos\">\n\t\t\t<div class=\"first_name labels\">\n\t\t\t\t<input type=\"text\" class=\"input_labels\" id=\"first_name\" name=\"Nome_Completo\" placeholder=\"Nome\" required \/>\n\t\t\t<\/div>\n\t\t\t<div class=\"email labels\">\n\t\t\t\t<input type=\"email\" class=\"input_labels\" id=\"email\" name=\"Email\" placeholder=\"E-mail\" required \/>\n\t\t\t<\/div>\n\t\t\t<button type=\"submit\" class=\"button_layout\">\n\t\t\t\t<div id=\"lblBotao\">Inscreva-se<\/div>\n\t\t\t\t<span id=\"divSpiner\" class=\"loader\" role=\"status\" style=\"display: none;\"><\/span>\t\n\t\t\t<\/button>\n\t\t<\/div><!-- \/campos -->\n\t\t\n\t\t<label class=\"container_checkbox\">Voc\u00ea concorda com a nossa\n\t\t\t<a class=\"politics_privacy_ahref\" target=\"_blank\" href=\"https:\/\/gratis.estrategiaconcursos.com.br\/politica-de-privacidade\/\">Pol\u00edtica de Privacidade<\/a> e aceita receber informa\u00e7\u00f5es adicionais do Estrat\u00e9gia Educacional.\n\t\t\t<input id=\"checkbox_layout\" type=\"checkbox\" checked=\"checked\" required \/>\n\t\t\t<span class=\"checkbox\"><\/span>\n\t\t<\/label>\n\t\t<div id=\"msg\"><\/div>\n\t\t<div id=\"error\" class=\"error\">\n\t\t<\/div>\n\t<\/form>\n<\/div><!-- \/new-form -->\n\n\n\n<\/p><h2 class=\"wp-block-heading\" id=\"h-por-que-o-mec-decidiu-revogar-o-edital\"><span class=\"ez-toc-section\" id=\"Por-que-o-MEC-decidiu-revogar-o-edital\"><\/span>Por que o MEC decidiu revogar o edital<span class=\"ez-toc-section-end\"><\/span><\/h2><p>A Portaria MEC n&ordm; 129 se apoia, entre outros fundamentos, na <a href=\"https:\/\/med.estrategia.com\/portal\/wp-content\/uploads\/2026\/02\/NT-SERES-2026-medicina.pdf\" target=\"_blank\">Nota T&eacute;cnica n&ordm; 1\/2026\/CGCP\/DPR\/SERES\/SERES<\/a>, de 6 de fevereiro de 2026, que demonstra que o contexto f&aacute;tico e jur&iacute;dico que justificou o edital mudou de forma significativa. A nota aponta tr&ecirc;s eixos principais:&#8203;<\/p><ul class=\"wp-block-list\">\n<li><strong>Judicializa&ccedil;&atilde;o em massa da regula&ccedil;&atilde;o de Medicina:<\/strong>&nbsp;ap&oacute;s o sobrestamento de novos editais pela Portaria MEC n&ordm; 328\/2018, houve mais de 360 liminares obrigando o MEC a analisar pedidos de abertura e amplia&ccedil;&atilde;o de vagas fora da sistem&aacute;tica de chamamento p&uacute;blico, gerando cerca de 60 mil vagas pleiteadas.&#8203;<\/li>\n\n\n\n<li><strong>Expans&atilde;o j&aacute; concretizada por outras vias:<\/strong>&nbsp;entre 2024 e fevereiro de 2026, decis&otilde;es judiciais e processos administrativos resultaram em 5.382 novas vagas de Medicina, n&uacute;mero pr&oacute;ximo ao projetado originalmente pelo edital, e, somados aumentos administrativos, chegou-se a 7.424 novas vagas, superando o volume previsto no chamamento de 2023.&#8203;<\/li>\n\n\n\n<li><strong>Altera&ccedil;&atilde;o do cen&aacute;rio de campos de pr&aacute;tica e da rede SUS:<\/strong>&nbsp;a expans&atilde;o descoordenada, inclusive em sistemas estaduais e distrital (com, hoje, 77 cursos fora do sistema federal), passou a pressionar a capacidade de hospitais e servi&ccedil;os de sa&uacute;de, comprometendo a disponibilidade de campos de pr&aacute;tica adequados em v&aacute;rias regi&otilde;es antes consideradas aptas pelo edital.&#8203;<\/li>\n<\/ul><p>Diante desse quadro, o MEC concluiu que a continuidade do Edital n&ordm; 01\/2023 se tornou incompat&iacute;vel com o marco legal da Lei do Mais M&eacute;dicos e com o princ&iacute;pio da garantia de qualidade da forma&ccedil;&atilde;o m&eacute;dica, al&eacute;m de gerar risco de sobreposi&ccedil;&atilde;o de ofertas e satura&ccedil;&atilde;o de campos de pr&aacute;tica.&#8203;<\/p><h2 class=\"wp-block-heading\" id=\"h-papel-do-stf-do-enamed-e-das-novas-dcns\"><span class=\"ez-toc-section\" id=\"Papel-do-STF-do-Enamed-e-das-novas-DCNs\"><\/span>Papel do STF, do Enamed e das novas DCNs<span class=\"ez-toc-section-end\"><\/span><\/h2><p>A Nota T&eacute;cnica tamb&eacute;m destaca a repercuss&atilde;o das decis&otilde;es do <strong>Supremo Tribunal Federal<\/strong>, que confirmaram a <strong>exig&ecirc;ncia de chamamento p&uacute;blico para novos cursos de Medicina<\/strong>, mas obrigaram o MEC a manter cursos autorizados por decis&atilde;o judicial e a concluir centenas de processos j&aacute; em andamento, alterando a base de c&aacute;lculo usada para planejar o edital de 2023.<\/p><p>Al&eacute;m disso, o cen&aacute;rio regulat&oacute;rio foi afetado pela cria&ccedil;&atilde;o do <strong>Exame Nacional de Avalia&ccedil;&atilde;o da Forma&ccedil;&atilde;o M&eacute;dica (Enamed)<\/strong>, que, em sua primeira aplica&ccedil;&atilde;o em 2025, apontou <a href=\"https:\/\/med.estrategia.com\/portal\/noticias\/mais-de-30-dos-cursos-de-medicina-recebem-nota-insatisfatoria-no-enamed-confira-os-dados\/\" target=\"_blank\">desempenho insuficiente em cerca de um ter&ccedil;o dos cursos avaliados<\/a>, e pela homologa&ccedil;&atilde;o das novas <strong>Diretrizes Curriculares Nacionais (DCNs)<\/strong> de Medicina em 2025, refor&ccedil;ando a necessidade de reavaliar crit&eacute;rios de expans&atilde;o com foco em qualidade.&#8203;<\/p><h2 class=\"wp-block-heading\" id=\"h-fundamentacao-juridica-da-revogacao\"><span class=\"ez-toc-section\" id=\"Fundamentacao-juridica-da-revogacao\"><\/span>Fundamenta&ccedil;&atilde;o jur&iacute;dica da revoga&ccedil;&atilde;o<span class=\"ez-toc-section-end\"><\/span><\/h2><p>A Nota T&eacute;cnica sustenta que, diante das mudan&ccedil;as supervenientes, o edital se tornou <strong>inadequado ao interesse p&uacute;blico<\/strong>, cabendo &agrave; Administra&ccedil;&atilde;o exercer sua autotutela, com base em princ&iacute;pios como legalidade, juridicidade, motiva&ccedil;&atilde;o, seguran&ccedil;a jur&iacute;dica e supremacia do interesse p&uacute;blico.<\/p><p>A revoga&ccedil;&atilde;o, portanto, n&atilde;o gera direito adquirido &agrave;s institui&ccedil;&otilde;es interessadas, que detinham apenas expectativa de direito condicionada &agrave; manuten&ccedil;&atilde;o do certame e &agrave; preserva&ccedil;&atilde;o das premissas que o justificaram.&#8203;<\/p><p>Ainda, segundo a nota, a revoga&ccedil;&atilde;o do Edital n&ordm; 01\/2023 n&atilde;o significa abandonar a pol&iacute;tica de expans&atilde;o da forma&ccedil;&atilde;o m&eacute;dica, mas sim <strong>ajustar o planejamento para garantir coer&ecirc;ncia com o Programa Mais M&eacute;dicos<\/strong>, com a capacidade do SUS e com os novos instrumentos regulat&oacute;rios.<\/p><p>Permanecem em vigor a <a href=\"https:\/\/abmes.org.br\/legislacoes\/detalhe\/4260\/portaria-mec-n-650\" target=\"_blank\">Portaria MEC n&ordm; 650\/2023<\/a>, que reorganiza a pol&iacute;tica de chamamento p&uacute;blico, e o Edital n&ordm; 05\/2024, voltado a institui&ccedil;&otilde;es mantidas por unidades hospitalares, abrindo espa&ccedil;o para que novos editais sejam formulados posteriormente, com crit&eacute;rios revisados &agrave; luz dos dados atualizados e dos diagn&oacute;sticos produzidos pelo Enamed e pelo Censo da Educa&ccedil;&atilde;o Superior.<\/p><p>Se voc&ecirc; quer ficar por dentro de mais conte&uacute;dos relevantes sobre a &aacute;rea m&eacute;dica, continue acompanhando o material preparado pelo Portal de Not&iacute;cias do&nbsp;<a href=\"https:\/\/med.estrategia.com\/\" target=\"_blank\">Estrat&eacute;gia MED<\/a>. Aqui, voc&ecirc; encontrar&aacute; informa&ccedil;&otilde;es atualizadas sobre resid&ecirc;ncias, carreira m&eacute;dica e muito mais.<\/p><p>\n\n\n\n<a id=\"cta\" class=\"cta-imagem\" href=\"https:\/\/med.estrategia.com\/cursos\/\" target=\"blank\">\n                <img decoding=\"async\" width=\"100%\" src=\"https:\/\/med.estrategia.com\/portal\/wp-content\/uploads\/2025\/08\/estrategia_geral.jpg\" alt=\"\" title=\"estrategia_geral\">\n        <\/a>\n<\/p><\/p>\n","protected":false},"excerpt":{"rendered":"O Minist&eacute;rio da Educa&ccedil;&atilde;o (MEC) publicou, nesta ter&ccedil;a-feira (10), a Portaria MEC n&ordm; 129, de 9 de fevereiro&hellip;\n","protected":false},"author":52,"featured_media":70112,"comment_status":"closed","ping_status":"closed","sticky":false,"template":"","format":"standard","meta":{"wl_entities_gutenberg":"","footnotes":""},"categories":[300],"tags":[],"wl_entity_type":[199],"class_list":{"0":"post-106980","1":"post","2":"type-post","3":"status-publish","4":"format-standard","5":"has-post-thumbnail","7":"category-noticias","8":"wl_entity_type-article"},"acf":[],"yoast_head":"<!-- This site is optimized with the Yoast SEO Premium plugin v26.6 (Yoast SEO v26.6) - https:\/\/yoast.com\/wordpress\/plugins\/seo\/ -->\n<title>Portaria do MEC revoga edital de chamamento para novos cursos de Medicina<\/title>\n<meta name=\"description\" content=\"O MEC publicou, nesta ter\u00e7a-feira (10), a Portaria MEC n\u00ba 129, de 9 de fevereiro de 2026, no Di\u00e1rio Oficial da Uni\u00e3o, revogando integralmente o Edital de Chamamento P\u00fablico n\u00ba 01, de 4 de outubro de 2023, voltado \u00e0 autoriza\u00e7\u00e3o de novos cursos de Medicina em institui\u00e7\u00f5es privadas de ensino superior.\" \/>\n<meta name=\"robots\" content=\"index, follow, max-snippet:-1, max-image-preview:large, max-video-preview:-1\" \/>\n<link rel=\"canonical\" href=\"https:\/\/med.estrategia.com\/portal\/noticias\/portaria-do-mec-revoga-edital-de-chamamento-para-novos-cursos-de-medicina\/\" \/>\n<meta property=\"og:locale\" content=\"pt_BR\" \/>\n<meta property=\"og:type\" content=\"article\" \/>\n<meta property=\"og:title\" content=\"Portaria do MEC revoga edital de chamamento para novos cursos de Medicina\" \/>\n<meta property=\"og:description\" content=\"O MEC publicou, nesta ter\u00e7a-feira (10), a Portaria MEC n\u00ba 129, de 9 de fevereiro de 2026, no Di\u00e1rio Oficial da Uni\u00e3o, revogando integralmente o Edital de Chamamento P\u00fablico n\u00ba 01, de 4 de outubro de 2023, voltado \u00e0 autoriza\u00e7\u00e3o de novos cursos de Medicina em institui\u00e7\u00f5es privadas de ensino superior.\" \/>\n<meta property=\"og:url\" content=\"https:\/\/med.estrategia.com\/portal\/noticias\/portaria-do-mec-revoga-edital-de-chamamento-para-novos-cursos-de-medicina\/\" \/>\n<meta property=\"og:site_name\" content=\"Estrat\u00e9gia MED\" \/>\n<meta property=\"article:publisher\" content=\"https:\/\/www.facebook.com\/estrategiamed1\" \/>\n<meta property=\"article:published_time\" content=\"2026-02-11T14:03:38+00:00\" \/>\n<meta property=\"article:modified_time\" content=\"2026-02-24T14:34:27+00:00\" \/>\n<meta property=\"og:image\" content=\"https:\/\/med.estrategia.com\/portal\/wp-content\/uploads\/2024\/09\/raf03692_0.jpg\" \/>\n\t<meta property=\"og:image:width\" content=\"1920\" \/>\n\t<meta property=\"og:image:height\" content=\"1280\" \/>\n\t<meta property=\"og:image:type\" content=\"image\/jpeg\" \/>\n<meta name=\"author\" content=\"Arion Wolff\" \/>\n<meta name=\"twitter:card\" content=\"summary_large_image\" \/>\n<meta name=\"twitter:creator\" content=\"@estrategiamed_\" \/>\n<meta name=\"twitter:site\" content=\"@estrategiamed_\" \/>\n<meta name=\"twitter:label1\" content=\"Escrito por\" \/>\n\t<meta name=\"twitter:data1\" content=\"Arion Wolff\" \/>\n\t<meta name=\"twitter:label2\" content=\"Est. tempo de leitura\" \/>\n\t<meta name=\"twitter:data2\" content=\"4 minutos\" \/>\n<script type=\"application\/ld+json\" class=\"yoast-schema-graph\">{\"@context\":\"https:\/\/schema.org\",\"@graph\":[{\"@type\":\"WebPage\",\"@id\":\"https:\/\/med.estrategia.com\/portal\/noticias\/portaria-do-mec-revoga-edital-de-chamamento-para-novos-cursos-de-medicina\/\",\"url\":\"https:\/\/med.estrategia.com\/portal\/noticias\/portaria-do-mec-revoga-edital-de-chamamento-para-novos-cursos-de-medicina\/\",\"name\":\"Portaria do MEC revoga edital de chamamento para novos cursos de Medicina\",\"isPartOf\":{\"@id\":\"https:\/\/med.estrategia.com\/portal\/#website\"},\"primaryImageOfPage\":{\"@id\":\"https:\/\/med.estrategia.com\/portal\/noticias\/portaria-do-mec-revoga-edital-de-chamamento-para-novos-cursos-de-medicina\/#primaryimage\"},\"image\":{\"@id\":\"https:\/\/med.estrategia.com\/portal\/noticias\/portaria-do-mec-revoga-edital-de-chamamento-para-novos-cursos-de-medicina\/#primaryimage\"},\"thumbnailUrl\":\"https:\/\/med.estrategia.com\/portal\/wp-content\/uploads\/2024\/09\/raf03692_0.jpg\",\"datePublished\":\"2026-02-11T14:03:38+00:00\",\"dateModified\":\"2026-02-24T14:34:27+00:00\",\"author\":{\"@id\":\"https:\/\/med.estrategia.com\/portal\/#\/schema\/person\/b6aba49604868a427dd15c3b1fc6a8bc\"},\"description\":\"O MEC publicou, nesta ter\u00e7a-feira (10), a Portaria MEC n\u00ba 129, de 9 de fevereiro de 2026, no Di\u00e1rio Oficial da Uni\u00e3o, revogando integralmente o Edital de Chamamento P\u00fablico n\u00ba 01, de 4 de outubro de 2023, voltado \u00e0 autoriza\u00e7\u00e3o de novos cursos de Medicina em institui\u00e7\u00f5es privadas de ensino superior.\",\"breadcrumb\":{\"@id\":\"https:\/\/med.estrategia.com\/portal\/noticias\/portaria-do-mec-revoga-edital-de-chamamento-para-novos-cursos-de-medicina\/#breadcrumb\"},\"inLanguage\":\"pt-BR\",\"potentialAction\":[{\"@type\":\"ReadAction\",\"target\":[\"https:\/\/med.estrategia.com\/portal\/noticias\/portaria-do-mec-revoga-edital-de-chamamento-para-novos-cursos-de-medicina\/\"]}]},{\"@type\":\"ImageObject\",\"inLanguage\":\"pt-BR\",\"@id\":\"https:\/\/med.estrategia.com\/portal\/noticias\/portaria-do-mec-revoga-edital-de-chamamento-para-novos-cursos-de-medicina\/#primaryimage\",\"url\":\"https:\/\/med.estrategia.com\/portal\/wp-content\/uploads\/2024\/09\/raf03692_0.jpg\",\"contentUrl\":\"https:\/\/med.estrategia.com\/portal\/wp-content\/uploads\/2024\/09\/raf03692_0.jpg\",\"width\":1920,\"height\":1280,\"caption\":\"Foto: Rafa Neddermeyer\/Ag\u00eancia Brasil\"},{\"@type\":\"BreadcrumbList\",\"@id\":\"https:\/\/med.estrategia.com\/portal\/noticias\/portaria-do-mec-revoga-edital-de-chamamento-para-novos-cursos-de-medicina\/#breadcrumb\",\"itemListElement\":[{\"@type\":\"ListItem\",\"position\":1,\"name\":\"Home\",\"item\":\"https:\/\/med.estrategia.com\/portal\/\"},{\"@type\":\"ListItem\",\"position\":2,\"name\":\"Not\u00edcias\",\"item\":\"https:\/\/med.estrategia.com\/portal\/noticias\/\"},{\"@type\":\"ListItem\",\"position\":3,\"name\":\"Portaria do MEC revoga edital de chamamento para novos cursos de Medicina\"}]},{\"@type\":\"WebSite\",\"@id\":\"https:\/\/med.estrategia.com\/portal\/#website\",\"url\":\"https:\/\/med.estrategia.com\/portal\/\",\"name\":\"Estrat\u00e9gia MED\",\"description\":\"\",\"potentialAction\":[{\"@type\":\"SearchAction\",\"target\":{\"@type\":\"EntryPoint\",\"urlTemplate\":\"https:\/\/med.estrategia.com\/portal\/?s={search_term_string}\"},\"query-input\":{\"@type\":\"PropertyValueSpecification\",\"valueRequired\":true,\"valueName\":\"search_term_string\"}}],\"inLanguage\":\"pt-BR\"},{\"@type\":\"Person\",\"@id\":\"https:\/\/med.estrategia.com\/portal\/#\/schema\/person\/b6aba49604868a427dd15c3b1fc6a8bc\",\"name\":\"Arion Wolff\",\"image\":{\"@type\":\"ImageObject\",\"inLanguage\":\"pt-BR\",\"@id\":\"https:\/\/med.estrategia.com\/portal\/#\/schema\/person\/image\/\",\"url\":\"https:\/\/med.estrategia.com\/portal\/wp-content\/uploads\/2023\/12\/arion-wolff-estrategia-med-150x150.jpg\",\"contentUrl\":\"https:\/\/med.estrategia.com\/portal\/wp-content\/uploads\/2023\/12\/arion-wolff-estrategia-med-150x150.jpg\",\"caption\":\"Arion Wolff\"},\"description\":\"Jornalista formado pela UNIFATEC e p\u00f3s-graduado em Jornalismo Digital pela UNINTER. Escrevo sobre medicina, resid\u00eancia m\u00e9dica e sa\u00fade. Entusiasta de filmes, livros, bons dramas e romances gen\u00e9ricos.\",\"sameAs\":[\"http:\/\/med.estrategia.com\"],\"url\":\"https:\/\/med.estrategia.com\/portal\/author\/arion-santos\/\"}]}<\/script>\n<!-- \/ Yoast SEO Premium plugin. -->","yoast_head_json":{"title":"Portaria do MEC revoga edital de chamamento para novos cursos de Medicina","description":"O MEC publicou, nesta ter\u00e7a-feira (10), a Portaria MEC n\u00ba 129, de 9 de fevereiro de 2026, no Di\u00e1rio Oficial da Uni\u00e3o, revogando integralmente o Edital de Chamamento P\u00fablico n\u00ba 01, de 4 de outubro de 2023, voltado \u00e0 autoriza\u00e7\u00e3o de novos cursos de Medicina em institui\u00e7\u00f5es privadas de ensino superior.","robots":{"index":"index","follow":"follow","max-snippet":"max-snippet:-1","max-image-preview":"max-image-preview:large","max-video-preview":"max-video-preview:-1"},"canonical":"https:\/\/med.estrategia.com\/portal\/noticias\/portaria-do-mec-revoga-edital-de-chamamento-para-novos-cursos-de-medicina\/","og_locale":"pt_BR","og_type":"article","og_title":"Portaria do MEC revoga edital de chamamento para novos cursos de Medicina","og_description":"O MEC publicou, nesta ter\u00e7a-feira (10), a Portaria MEC n\u00ba 129, de 9 de fevereiro de 2026, no Di\u00e1rio Oficial da Uni\u00e3o, revogando integralmente o Edital de Chamamento P\u00fablico n\u00ba 01, de 4 de outubro de 2023, voltado \u00e0 autoriza\u00e7\u00e3o de novos cursos de Medicina em institui\u00e7\u00f5es privadas de ensino superior.","og_url":"https:\/\/med.estrategia.com\/portal\/noticias\/portaria-do-mec-revoga-edital-de-chamamento-para-novos-cursos-de-medicina\/","og_site_name":"Estrat\u00e9gia MED","article_publisher":"https:\/\/www.facebook.com\/estrategiamed1","article_published_time":"2026-02-11T14:03:38+00:00","article_modified_time":"2026-02-24T14:34:27+00:00","og_image":[{"width":1920,"height":1280,"url":"https:\/\/med.estrategia.com\/portal\/wp-content\/uploads\/2024\/09\/raf03692_0.jpg","type":"image\/jpeg"}],"author":"Arion Wolff","twitter_card":"summary_large_image","twitter_creator":"@estrategiamed_","twitter_site":"@estrategiamed_","twitter_misc":{"Escrito por":"Arion Wolff","Est. tempo de leitura":"4 minutos"},"schema":{"@context":"https:\/\/schema.org","@graph":[{"@type":"WebPage","@id":"https:\/\/med.estrategia.com\/portal\/noticias\/portaria-do-mec-revoga-edital-de-chamamento-para-novos-cursos-de-medicina\/","url":"https:\/\/med.estrategia.com\/portal\/noticias\/portaria-do-mec-revoga-edital-de-chamamento-para-novos-cursos-de-medicina\/","name":"Portaria do MEC revoga edital de chamamento para novos cursos de Medicina","isPartOf":{"@id":"https:\/\/med.estrategia.com\/portal\/#website"},"primaryImageOfPage":{"@id":"https:\/\/med.estrategia.com\/portal\/noticias\/portaria-do-mec-revoga-edital-de-chamamento-para-novos-cursos-de-medicina\/#primaryimage"},"image":{"@id":"https:\/\/med.estrategia.com\/portal\/noticias\/portaria-do-mec-revoga-edital-de-chamamento-para-novos-cursos-de-medicina\/#primaryimage"},"thumbnailUrl":"https:\/\/med.estrategia.com\/portal\/wp-content\/uploads\/2024\/09\/raf03692_0.jpg","datePublished":"2026-02-11T14:03:38+00:00","dateModified":"2026-02-24T14:34:27+00:00","author":{"@id":"https:\/\/med.estrategia.com\/portal\/#\/schema\/person\/b6aba49604868a427dd15c3b1fc6a8bc"},"description":"O MEC publicou, nesta ter\u00e7a-feira (10), a Portaria MEC n\u00ba 129, de 9 de fevereiro de 2026, no Di\u00e1rio Oficial da Uni\u00e3o, revogando integralmente o Edital de Chamamento P\u00fablico n\u00ba 01, de 4 de outubro de 2023, voltado \u00e0 autoriza\u00e7\u00e3o de novos cursos de Medicina em institui\u00e7\u00f5es privadas de ensino superior.","breadcrumb":{"@id":"https:\/\/med.estrategia.com\/portal\/noticias\/portaria-do-mec-revoga-edital-de-chamamento-para-novos-cursos-de-medicina\/#breadcrumb"},"inLanguage":"pt-BR","potentialAction":[{"@type":"ReadAction","target":["https:\/\/med.estrategia.com\/portal\/noticias\/portaria-do-mec-revoga-edital-de-chamamento-para-novos-cursos-de-medicina\/"]}]},{"@type":"ImageObject","inLanguage":"pt-BR","@id":"https:\/\/med.estrategia.com\/portal\/noticias\/portaria-do-mec-revoga-edital-de-chamamento-para-novos-cursos-de-medicina\/#primaryimage","url":"https:\/\/med.estrategia.com\/portal\/wp-content\/uploads\/2024\/09\/raf03692_0.jpg","contentUrl":"https:\/\/med.estrategia.com\/portal\/wp-content\/uploads\/2024\/09\/raf03692_0.jpg","width":1920,"height":1280,"caption":"Foto: Rafa Neddermeyer\/Ag\u00eancia Brasil"},{"@type":"BreadcrumbList","@id":"https:\/\/med.estrategia.com\/portal\/noticias\/portaria-do-mec-revoga-edital-de-chamamento-para-novos-cursos-de-medicina\/#breadcrumb","itemListElement":[{"@type":"ListItem","position":1,"name":"Home","item":"https:\/\/med.estrategia.com\/portal\/"},{"@type":"ListItem","position":2,"name":"Not\u00edcias","item":"https:\/\/med.estrategia.com\/portal\/noticias\/"},{"@type":"ListItem","position":3,"name":"Portaria do MEC revoga edital de chamamento para novos cursos de Medicina"}]},{"@type":"WebSite","@id":"https:\/\/med.estrategia.com\/portal\/#website","url":"https:\/\/med.estrategia.com\/portal\/","name":"Estrat\u00e9gia MED","description":"","potentialAction":[{"@type":"SearchAction","target":{"@type":"EntryPoint","urlTemplate":"https:\/\/med.estrategia.com\/portal\/?s={search_term_string}"},"query-input":{"@type":"PropertyValueSpecification","valueRequired":true,"valueName":"search_term_string"}}],"inLanguage":"pt-BR"},{"@type":"Person","@id":"https:\/\/med.estrategia.com\/portal\/#\/schema\/person\/b6aba49604868a427dd15c3b1fc6a8bc","name":"Arion Wolff","image":{"@type":"ImageObject","inLanguage":"pt-BR","@id":"https:\/\/med.estrategia.com\/portal\/#\/schema\/person\/image\/","url":"https:\/\/med.estrategia.com\/portal\/wp-content\/uploads\/2023\/12\/arion-wolff-estrategia-med-150x150.jpg","contentUrl":"https:\/\/med.estrategia.com\/portal\/wp-content\/uploads\/2023\/12\/arion-wolff-estrategia-med-150x150.jpg","caption":"Arion Wolff"},"description":"Jornalista formado pela UNIFATEC e p\u00f3s-graduado em Jornalismo Digital pela UNINTER. Escrevo sobre medicina, resid\u00eancia m\u00e9dica e sa\u00fade. Entusiasta de filmes, livros, bons dramas e romances gen\u00e9ricos.","sameAs":["http:\/\/med.estrategia.com"],"url":"https:\/\/med.estrategia.com\/portal\/author\/arion-santos\/"}]}},"_wl_alt_label":[],"wl:entity_url":"\/post\/portaria-do-mec-revoga-edital-de-chamamento-para-cursos-de-medicina-em-instituicoes-privadas-106980","_links":{"self":[{"href":"https:\/\/med.estrategia.com\/portal\/wp-json\/wp\/v2\/posts\/106980","targetHints":{"allow":["GET"]}}],"collection":[{"href":"https:\/\/med.estrategia.com\/portal\/wp-json\/wp\/v2\/posts"}],"about":[{"href":"https:\/\/med.estrategia.com\/portal\/wp-json\/wp\/v2\/types\/post"}],"author":[{"embeddable":true,"href":"https:\/\/med.estrategia.com\/portal\/wp-json\/wp\/v2\/users\/52"}],"replies":[{"embeddable":true,"href":"https:\/\/med.estrategia.com\/portal\/wp-json\/wp\/v2\/comments?post=106980"}],"version-history":[{"count":3,"href":"https:\/\/med.estrategia.com\/portal\/wp-json\/wp\/v2\/posts\/106980\/revisions"}],"predecessor-version":[{"id":106987,"href":"https:\/\/med.estrategia.com\/portal\/wp-json\/wp\/v2\/posts\/106980\/revisions\/106987"}],"wp:featuredmedia":[{"embeddable":true,"href":"https:\/\/med.estrategia.com\/portal\/wp-json\/wp\/v2\/media\/70112"}],"wp:attachment":[{"href":"https:\/\/med.estrategia.com\/portal\/wp-json\/wp\/v2\/media?parent=106980"}],"wp:term":[{"taxonomy":"category","embeddable":true,"href":"https:\/\/med.estrategia.com\/portal\/wp-json\/wp\/v2\/categories?post=106980"},{"taxonomy":"post_tag","embeddable":true,"href":"https:\/\/med.estrategia.com\/portal\/wp-json\/wp\/v2\/tags?post=106980"},{"taxonomy":"wl_entity_type","embeddable":true,"href":"https:\/\/med.estrategia.com\/portal\/wp-json\/wp\/v2\/wl_entity_type?post=106980"}],"curies":[{"name":"wp","href":"https:\/\/api.w.org\/{rel}","templated":true}]}}