{"id":107541,"date":"2026-02-26T15:18:26","date_gmt":"2026-02-26T18:18:26","guid":{"rendered":"https:\/\/med.estrategia.com\/portal\/?p=107541"},"modified":"2026-02-26T15:19:01","modified_gmt":"2026-02-26T18:19:01","slug":"prefeitura-de-mogi-mirim-abre-vagas-medicos","status":"publish","type":"post","link":"https:\/\/med.estrategia.com\/portal\/concursos\/prefeitura-de-mogi-mirim-abre-vagas-medicos\/","title":{"rendered":"Prefeitura de Mogi Mirim abre novo concurso com vagas na \u00e1rea m\u00e9dica"},"content":{"rendered":"<p>A Prefeitura de <strong>Mogi Mirim<\/strong>, estado de S&atilde;o Paulo, publicou o edital para o <strong>concurso p&uacute;blico<\/strong> com oportunidades para<strong> m&eacute;dicos especialistas<\/strong>. No total, ser&atilde;o <strong>19 vagas para ampla concorr&ecirc;ncia<\/strong>, al&eacute;m de forma&ccedil;&atilde;o de cadastro reserva, com remunera&ccedil;&atilde;o inicial de <strong>R$ 4.862,12<\/strong> para uma carga hor&aacute;ria de <strong>20 horas semanais.<\/strong><p><strong>As inscri&ccedil;&otilde;es j&aacute; est&atilde;o abertas<\/strong> e seguem at&eacute; o <strong>dia 26 de mar&ccedil;o de 2026<\/strong>. Os candidatos interessados podem acessar o site da banca,<a href=\"https:\/\/www.ibamsp-concursos.org.br\/informacoes\/118\/\" target=\"_blank\"> IBAM<\/a>, respons&aacute;vel pelo edital para realizar a inscri&ccedil;&atilde;o. O <strong>valor da taxa &eacute; de R$ 105,00<\/strong> e pode ser pago at&eacute; o <strong>dia 27 de mar&ccedil;o de 2026.<\/strong><\/p><p>O processo seletivo conta com uma <strong>prova objetiva<\/strong> prevista para o dia <strong>26 de abril de 2026<\/strong> e uma <strong>avalia&ccedil;&atilde;o de t&iacute;tulos<\/strong> para os candidatos aos cargos de n&iacute;vel superior. Confira a seguir mais informa&ccedil;&otilde;es sobre o edital. <\/p><div class=\"wp-block-buttons is-content-justification-center is-layout-flex wp-container-core-buttons-is-layout-1 wp-block-buttons-is-layout-flex\">\n<div class=\"wp-block-button\"><a class=\"wp-block-button__link wp-element-button\" href=\"https:\/\/med.estrategia.com\/portal\/wp-content\/uploads\/2026\/02\/Prefeitura_Mogi_Mirim_2026.pdf\" target=\"_blank\">edital &ndash; prefeitura de mogi mirim 2026<\/a><\/div>\n<\/div><div id=\"ez-toc-container\" class=\"ez-toc-v2_0_79_2 counter-hierarchy ez-toc-counter ez-toc-transparent ez-toc-container-direction\">\n<div class=\"ez-toc-title-container\"><p class=\"ez-toc-title\" style=\"cursor:inherit\">Navegue pelo conte\u00fado<\/p>\n<\/div><nav><ul class='ez-toc-list ez-toc-list-level-1 ' ><li class='ez-toc-page-1 ez-toc-heading-level-2'><a class=\"ez-toc-link ez-toc-heading-1\" href=\"https:\/\/med.estrategia.com\/portal\/concursos\/prefeitura-de-mogi-mirim-abre-vagas-medicos\/#Resumo-Edital-%E2%80%93-Mogi-Mirim-2026\" >Resumo Edital &ndash; Mogi Mirim 2026<\/a><\/li><li class='ez-toc-page-1 ez-toc-heading-level-2'><a class=\"ez-toc-link ez-toc-heading-2\" href=\"https:\/\/med.estrategia.com\/portal\/concursos\/prefeitura-de-mogi-mirim-abre-vagas-medicos\/#Quadro-de-Vagas\" >Quadro de Vagas<\/a><\/li><li class='ez-toc-page-1 ez-toc-heading-level-2'><a class=\"ez-toc-link ez-toc-heading-3\" href=\"https:\/\/med.estrategia.com\/portal\/concursos\/prefeitura-de-mogi-mirim-abre-vagas-medicos\/#Processo-Seletivo\" >Processo Seletivo<\/a><\/li><li class='ez-toc-page-1 ez-toc-heading-level-2'><a class=\"ez-toc-link ez-toc-heading-4\" href=\"https:\/\/med.estrategia.com\/portal\/concursos\/prefeitura-de-mogi-mirim-abre-vagas-medicos\/#Sobre-a-cidade-de-Mogi-Mirim-SP\" >Sobre a cidade de Mogi Mirim- SP<\/a><\/li><li class='ez-toc-page-1 ez-toc-heading-level-2'><a class=\"ez-toc-link ez-toc-heading-5\" href=\"https:\/\/med.estrategia.com\/portal\/concursos\/prefeitura-de-mogi-mirim-abre-vagas-medicos\/#Prepare-se-para-o-concurso-publico-de-Mogi-Mirim-com-o-Estrategia-MED\" >Prepare-se para o concurso p&uacute;blico de Mogi Mirim com o Estrat&eacute;gia MED!<\/a><\/li><\/ul><\/nav><\/div>\n<h2 class=\"wp-block-heading\" id=\"h-resumo-edital-mogi-mirim-2026\"><span class=\"ez-toc-section\" id=\"Resumo-Edital-%E2%80%93-Mogi-Mirim-2026\"><\/span>Resumo Edital &ndash; Mogi Mirim 2026<span class=\"ez-toc-section-end\"><\/span><\/h2><figure class=\"wp-block-table\"><table><tbody><tr><td>Vagas Ofertadas<\/td><td>19 + CR<\/td><\/tr><tr><td>Remunera&ccedil;&atilde;o<\/td><td>R$ 4.862,12<\/td><\/tr><tr><td>Carga Hor&aacute;ria Semanal&nbsp;&nbsp;<\/td><td>20 horas&nbsp;<\/td><\/tr><tr><td>Composi&ccedil;&atilde;o do Processo Seletivo<\/td><td>Prova Objetiva e avalia&ccedil;&atilde;o de t&iacute;tulos<\/td><\/tr><tr><td>Taxa de Inscri&ccedil;&atilde;o<\/td><td>R$ 105,00<\/td><\/tr><tr><td>Per&iacute;odo de Inscri&ccedil;&atilde;o<\/td><td>26\/02\/2026 a 26\/03\/2026<\/td><\/tr><tr><td>&Uacute;ltimo dia para o pagamento da taxa<\/td><td>27\/03\/2026<\/td><\/tr><tr><td>Convoca&ccedil;&atilde;o para as provas objetivas<\/td><td>18\/04\/2026<\/td><\/tr><tr><td>Prova Objetiva<\/td><td>26\/04\/2026<\/td><\/tr><tr><td>Divulga&ccedil;&atilde;o dos Gabaritos (somente pela internet)<\/td><td>28\/04\/2026<\/td><\/tr><tr><td>Recursos contra os Gabaritos<\/td><td>29 e 30\/04\/2026<\/td><\/tr><tr><td>Convoca&ccedil;&atilde;o para Entrega de T&iacute;tulos<\/td><td>04\/05\/2026<\/td><\/tr><tr><td>Divulga&ccedil;&atilde;o da decis&atilde;o dos Recursos contra os<br>Gabaritos e Divulga&ccedil;&atilde;o das Notas das Provas Objetivas<\/td><td>23\/05\/2026<\/td><\/tr><tr><td>Recursos contra as notas das Provas Objetivas<\/td><td>25 e 26\/05\/2026<\/td><\/tr><tr><td>Divulga&ccedil;&atilde;o dos resultados da Prova de T&iacute;tulos<\/td><td>08\/06\/2026<\/td><\/tr><tr><td>Divulga&ccedil;&atilde;o da Classifica&ccedil;&atilde;o Preliminar<\/td><td>15\/06\/2026<\/td><\/tr><tr><td>Divulga&ccedil;&atilde;o do resultado dos Recursos interpostos<br>contra a Classifica&ccedil;&atilde;o e Classifica&ccedil;&atilde;o Final<\/td><td>&nbsp;23\/06\/2026<\/td><\/tr><\/tbody><\/table><\/figure><h2 class=\"wp-block-heading\" id=\"h-quadro-de-vagas\"><span class=\"ez-toc-section\" id=\"Quadro-de-Vagas\"><\/span>Quadro de Vagas<span class=\"ez-toc-section-end\"><\/span><\/h2><figure class=\"wp-block-table\"><table><tbody><tr><td>Especialidade<\/td><td>Vagas<\/td><td>Carga Hor&aacute;ria Semanal<\/td><td>Remunera&ccedil;&atilde;o<\/td><\/tr><tr><td>Alergologista<\/td><td>CR<\/td><td>20 horas<\/td><td>R$ 4.862,12<\/td><\/tr><tr><td>Angiologista<\/td><td>1<\/td><td>20 horas<\/td><td>R$ 4.862,12<\/td><\/tr><tr><td>Cirurgi&atilde;o Geral<\/td><td>CR<\/td><td>20 horas<\/td><td>R$ 4.862,12<\/td><\/tr><tr><td>Cl&iacute;nico Geral<\/td><td>1<\/td><td>20 horas<\/td><td>R$ 4.862,12<\/td><\/tr><tr><td>Dermatologista<\/td><td>CR<\/td><td>20 horas<\/td><td>R$ 4.862,12<\/td><\/tr><tr><td>Endocrinologista<\/td><td>1<\/td><td>20 horas<\/td><td>R$ 4.862,12<\/td><\/tr><tr><td>M&eacute;dico Fisiatra<\/td><td>1<\/td><td>20 horas<\/td><td>R$ 4.862,12<\/td><\/tr><tr><td>Gastroenterologista<\/td><td>1<\/td><td>20 horas<\/td><td>R$ 4.862,12<\/td><\/tr><tr><td>Geriatra<\/td><td>CR<\/td><td>20 horas<\/td><td>R$ 4.862,12<\/td><\/tr><tr><td>Ginecologista Obstetra<\/td><td>1<\/td><td>20 horas<\/td><td>R$ 4.862,12<\/td><\/tr><tr><td>Hematologista<\/td><td>CR<\/td><td>20 horas<\/td><td>R$ 4.862,12<\/td><\/tr><tr><td>Imunologista<\/td><td>1<\/td><td>20 horas<\/td><td>R$ 4.862,12<\/td><\/tr><tr><td>Infectologista<\/td><td>CR<\/td><td>20 horas<\/td><td>R$ 4.862,12<\/td><\/tr><tr><td>Mastologista<\/td><td>1<\/td><td>20 horas<\/td><td>R$ 4.862,12<\/td><\/tr><tr><td>Nefrologista<\/td><td>1<\/td><td>20 horas<\/td><td>R$ 4.862,12<\/td><\/tr><tr><td>Neonatologista<\/td><td>1<\/td><td>20 horas<\/td><td>R$ 4.862,12<\/td><\/tr><tr><td>Neurologista<\/td><td>CR<\/td><td>20 horas<\/td><td>R$ 4.862,12<\/td><\/tr><tr><td>Neuropediatra<\/td><td>1<\/td><td>20 horas<\/td><td>R$ 4.862,12<\/td><\/tr><tr><td>Oftalmologista<\/td><td>1<\/td><td>20 horas<\/td><td>R$ 4.862,12<\/td><\/tr><tr><td>Oncologista<\/td><td>CR<\/td><td>20 horas<\/td><td>R$ 4.862,12<\/td><\/tr><tr><td>Ortopedista<\/td><td>1<\/td><td>20 horas<\/td><td>R$ 4.862,12<\/td><\/tr><tr><td>Otorrinolaringologista<\/td><td>1<\/td><td>20 horas<\/td><td>R$ 4.862,12<\/td><\/tr><tr><td>Pediatra<\/td><td>2<\/td><td>20 horas<\/td><td>R$ 4.862,12<\/td><\/tr><tr><td>Pneumologista<\/td><td>CR<\/td><td>20 horas<\/td><td>R$ 4.862,12<\/td><\/tr><tr><td>Proctologista<\/td><td>CR<\/td><td>20 horas<\/td><td>R$ 4.862,12<\/td><\/tr><tr><td>Psiquiatra<\/td><td>2<\/td><td>20 horas<\/td><td>R$ 4.862,12<\/td><\/tr><tr><td>Regulador<\/td><td>CR<\/td><td>20 horas<\/td><td>R$ 4.862,12<\/td><\/tr><tr><td>Reumatologista<\/td><td>CR<\/td><td>20 horas<\/td><td>R$ 4.862,12<\/td><\/tr><tr><td>Sanitarista<\/td><td>CR<\/td><td>20 horas<\/td><td>R$ 4.862,12<\/td><\/tr><tr><td>Socorrista<\/td><td>1<\/td><td>20 horas<\/td><td>R$ 4.862,12<\/td><\/tr><tr><td>Urologista<\/td><td>CR<\/td><td>20 horas<\/td><td>R$ 4.862,12<\/td><\/tr><\/tbody><\/table><\/figure><p>Para as vagas na &aacute;rea m&eacute;dica, o candidato precisa ter ensino superior completo em Medicina, registro profissional ativo e especializa&ccedil;&atilde;o na &aacute;rea. <\/p><h2 class=\"wp-block-heading\" id=\"h-processo-seletivo\"><span class=\"ez-toc-section\" id=\"Processo-Seletivo\"><\/span>Processo Seletivo<span class=\"ez-toc-section-end\"><\/span><\/h2><p>O processo seletivo para esse edital conta com <strong>uma prova objetiva prevista para o dia 26 de abril de 2026<\/strong>. De car&aacute;ter classificat&oacute;rio\/eliminat&oacute;rio, ser&atilde;o <strong>40 quest&otilde;es de m&uacute;ltipla escolha<\/strong>, com quatro alternativas, sendo apenas uma &uacute;nica resposta correta.<\/p><p>As quest&otilde;es da prova objetiva est&atilde;o distribu&iacute;das da seguinte forma:<\/p><ul class=\"wp-block-list\">\n<li>10 quest&otilde;es de L&iacute;ngua Portuguesa;<\/li>\n\n\n\n<li>5 quest&otilde;es de Matem&aacute;tica; <\/li>\n\n\n\n<li>5 quest&otilde;es de Conhecimentos Gerais;<\/li>\n\n\n\n<li>15 quest&otilde;es de Pol&iacute;ticas P&uacute;blicas; e<\/li>\n\n\n\n<li>05 quest&otilde;es Conhecimentos Espec&iacute;ficos.<\/li>\n<\/ul><p>O candidato para ser aprovado\/classificado precisa obter uma nota igual ou superior a 50% do total de pontos da prova objetiva.<\/p><h3 class=\"wp-block-heading\" id=\"h-prova-de-titulos\">Prova de T&iacute;tulos<\/h3><p>A prova de T&iacute;tulos &eacute; de car&aacute;ter classificat&oacute;rio, e para os candidatos aos cargos de n&iacute;vel superior habilitados na prova escrita objetiva.<br><\/p><figure class=\"wp-block-table\"><table><thead><tr><th><strong>T&iacute;tulo \/ Qualifica&ccedil;&atilde;o<\/strong><\/th><th class=\"has-text-align-left\" data-align=\"left\"><strong>Comprovantes Necess&aacute;rios<\/strong><\/th><th><strong>Valor Unit&aacute;rio<\/strong><\/th><th><strong>Valor M&aacute;ximo<\/strong><\/th><\/tr><\/thead><tbody><tr><td><strong>Doutor<\/strong>&nbsp;na &aacute;rea em que concorre<\/td><td class=\"has-text-align-left\" data-align=\"left\">Diploma registrado ou declara&ccedil;&atilde;o\/certificado de conclus&atilde;o + Hist&oacute;rico Escolar (com data da cola&ccedil;&atilde;o de grau).<\/td><td>2,5<\/td><td>2,5<\/td><\/tr><tr><td><strong>Mestre<\/strong>&nbsp;na &aacute;rea em que concorre<\/td><td class=\"has-text-align-left\" data-align=\"left\">Comprovantes: Diploma devidamente registrado ou declara&ccedil;&atilde;o\/certificado de conclus&atilde;o de curso, acompanhado do respectivo Hist&oacute;rico Escolar, com registro da data da cola&ccedil;&atilde;o de grau.<\/td><td>1,5<\/td><td>1,5<\/td><\/tr><tr><td><strong>Curso de<\/strong> <strong>P&oacute;s-Gradua&ccedil;&atilde;o Lato-Sensu<\/strong>&nbsp;&ndash; Especializa&ccedil;&atilde;o na &aacute;rea em que concorre (m&iacute;n. 360h)<\/td><td class=\"has-text-align-left\" data-align=\"left\">Diploma registrado ou declara&ccedil;&atilde;o\/certificado de conclus&atilde;o + Hist&oacute;rico Escolar.<\/td><td>1,0<\/td><td>1,0<\/td><\/tr><\/tbody><\/table><\/figure><h2 class=\"wp-block-heading\" id=\"h-sobre-a-cidade-de-mogi-mirim-sp\"><span class=\"ez-toc-section\" id=\"Sobre-a-cidade-de-Mogi-Mirim-SP\"><\/span>Sobre a cidade de Mogi Mirim- SP<span class=\"ez-toc-section-end\"><\/span><\/h2><p>A cidade de <strong>Mogi Mirim<\/strong> est&aacute; situada na regi&atilde;o leste do estado de S&atilde;o Paulo, fazendo parte da <strong>Regi&atilde;o Metropolitana de Campinas<\/strong>.&nbsp; A dist&acirc;ncia aproximada entre as duas cidades &eacute; de cerca de 120 a 130 quil&ocirc;metros.<\/p><p>Possui <strong>92.558 habitantes<\/strong>, segundo dados do Censo de 2022 publicados no site do Instituto Brasileiro de Geografia e Estat&iacute;stica (IBGE).<\/p><p>Mogi Mirim oferece uma boa qualidade de vida para seus habitantes, com op&ccedil;&otilde;es de lazer, cultura e educa&ccedil;&atilde;o. Al&eacute;m disso, a localiza&ccedil;&atilde;o estrat&eacute;gica pr&oacute;xima a S&atilde;o Paulo a torna um local atraente para quem deseja viver em uma &aacute;rea mais tranquila, mas com f&aacute;cil acesso &agrave; metr&oacute;pole.<\/p><p>Com rela&ccedil;&atilde;o &agrave; sa&uacute;de, <strong>o munic&iacute;pio conta com 13 unidades b&aacute;sicas de sa&uacute;de<\/strong>, <strong>mas nenhum hospital p&uacute;blico<\/strong> <strong>e nem particular.&nbsp;&nbsp;<\/strong><\/p><h2 class=\"wp-block-heading\" id=\"h-prepare-se-para-o-concurso-publico-de-mogi-mirim-com-o-estrategia-med\"><span class=\"ez-toc-section\" id=\"Prepare-se-para-o-concurso-publico-de-Mogi-Mirim-com-o-Estrategia-MED\"><\/span>Prepare-se para o concurso p&uacute;blico de Mogi Mirim com o Estrat&eacute;gia MED!<span class=\"ez-toc-section-end\"><\/span><\/h2><p>Com o&nbsp;<a href=\"https:\/\/med.estrategia.com\/concurso\/concursos-medicos-prefeituras\" target=\"_blank\">Sprint Concursos M&eacute;dicos &ndash; Prefeituras<\/a>&nbsp;voc&ecirc; se prepara de forma direcionada para sair na frente da concorr&ecirc;ncia, com a experi&ecirc;ncia da marca que mais aprova em concursos p&uacute;blicos no Brasil. O material inclui as disciplinas mais cobradas neste tipo de sele&ccedil;&atilde;o: L&iacute;ngua Portuguesa, Matem&aacute;tica, Racioc&iacute;nio L&oacute;gico, Legisla&ccedil;&atilde;o do SUS e Bio&eacute;tica. Al&eacute;m do material de&nbsp;Cl&iacute;nica Geral, para ajudar os que buscam cargos como generalista, cl&iacute;nico ou emergencista.<\/p><p>Conhe&ccedil;a tamb&eacute;m o nosso&nbsp;<a href=\"https:\/\/med.estrategia.com\/concurso\/banco-de-questoes\" target=\"_blank\">Banco de Quest&otilde;es<\/a>, que atualmente conta com mais de 200 mil quest&otilde;es cadastradas e n&atilde;o para de crescer. Vem ser coruja!<\/p><div class=\"wp-block-image\">\n<figure class=\"aligncenter size-full\"><img decoding=\"async\" width=\"1280\" height=\"622\" src=\"https:\/\/med.estrategia.com\/portal\/wp-content\/uploads\/2025\/08\/concursos_medicos.jpg\" alt=\"concursos_medicos\" class=\"wp-image-91529\" srcset=\"https:\/\/med.estrategia.com\/portal\/wp-content\/uploads\/2025\/08\/concursos_medicos.jpg 1280w, https:\/\/med.estrategia.com\/portal\/wp-content\/uploads\/2025\/08\/concursos_medicos-1024x498.jpg 1024w, https:\/\/med.estrategia.com\/portal\/wp-content\/uploads\/2025\/08\/concursos_medicos-768x373.jpg 768w, https:\/\/med.estrategia.com\/portal\/wp-content\/uploads\/2025\/08\/concursos_medicos-800x389.jpg 800w, https:\/\/med.estrategia.com\/portal\/wp-content\/uploads\/2025\/08\/concursos_medicos-1160x564.jpg 1160w\" sizes=\"(max-width: 1280px) 100vw, 1280px\" \/><\/figure><\/div><\/p>\n","protected":false},"excerpt":{"rendered":"A Prefeitura de Mogi Mirim, estado de S&atilde;o Paulo, publicou o edital para o concurso p&uacute;blico com oportunidades&hellip;\n","protected":false},"author":45,"featured_media":107547,"comment_status":"closed","ping_status":"closed","sticky":false,"template":"","format":"standard","meta":{"wl_entities_gutenberg":"","footnotes":""},"categories":[474],"tags":[],"wl_entity_type":[199],"class_list":{"0":"post-107541","1":"post","2":"type-post","3":"status-publish","4":"format-standard","5":"has-post-thumbnail","7":"category-concursos","8":"wl_entity_type-article"},"acf":[],"yoast_head":"<!-- This site is optimized with the Yoast SEO Premium plugin v26.6 (Yoast SEO v26.6) - https:\/\/yoast.com\/wordpress\/plugins\/seo\/ -->\n<title>Mogi Mirim abre novo concurso com vagas na \u00e1rea m\u00e9dica<\/title>\n<meta name=\"description\" content=\"Os candidatos interessados em participar do concurso p\u00fablico podem se inscrever at\u00e9 o dia 26 de mar\u00e7o. Sal\u00e1rio inicial \u00e9 de R$ 4,8 mil.\" \/>\n<meta name=\"robots\" content=\"index, follow, max-snippet:-1, max-image-preview:large, max-video-preview:-1\" \/>\n<link rel=\"canonical\" href=\"https:\/\/med.estrategia.com\/portal\/concursos\/prefeitura-de-mogi-mirim-abre-vagas-medicos\/\" \/>\n<meta property=\"og:locale\" content=\"pt_BR\" \/>\n<meta property=\"og:type\" content=\"article\" \/>\n<meta property=\"og:title\" content=\"Prefeitura de Mogi Mirim abre novo concurso com vagas na \u00e1rea m\u00e9dica\" \/>\n<meta property=\"og:description\" content=\"Os candidatos interessados em participar do concurso p\u00fablico podem se inscrever at\u00e9 o dia 26 de mar\u00e7o. Sal\u00e1rio inicial \u00e9 de R$ 4,8 mil.\" \/>\n<meta property=\"og:url\" content=\"https:\/\/med.estrategia.com\/portal\/concursos\/prefeitura-de-mogi-mirim-abre-vagas-medicos\/\" \/>\n<meta property=\"og:site_name\" content=\"Estrat\u00e9gia MED\" \/>\n<meta property=\"article:publisher\" content=\"https:\/\/www.facebook.com\/estrategiamed1\" \/>\n<meta property=\"article:published_time\" content=\"2026-02-26T18:18:26+00:00\" \/>\n<meta property=\"article:modified_time\" content=\"2026-02-26T18:19:01+00:00\" \/>\n<meta property=\"og:image\" content=\"https:\/\/med.estrategia.com\/portal\/wp-content\/uploads\/2026\/02\/Capa_prefeitura_Mogi-Mirim.jpg\" \/>\n\t<meta property=\"og:image:width\" content=\"1280\" \/>\n\t<meta property=\"og:image:height\" content=\"720\" \/>\n\t<meta property=\"og:image:type\" content=\"image\/jpeg\" \/>\n<meta name=\"author\" content=\"Priscila Pereira\" \/>\n<meta name=\"twitter:card\" content=\"summary_large_image\" \/>\n<meta name=\"twitter:creator\" content=\"@estrategiamed_\" \/>\n<meta name=\"twitter:site\" content=\"@estrategiamed_\" \/>\n<meta name=\"twitter:label1\" content=\"Escrito por\" \/>\n\t<meta name=\"twitter:data1\" content=\"Priscila Pereira\" \/>\n\t<meta name=\"twitter:label2\" content=\"Est. tempo de leitura\" \/>\n\t<meta name=\"twitter:data2\" content=\"4 minutos\" \/>\n<script type=\"application\/ld+json\" class=\"yoast-schema-graph\">{\"@context\":\"https:\/\/schema.org\",\"@graph\":[{\"@type\":\"WebPage\",\"@id\":\"https:\/\/med.estrategia.com\/portal\/concursos\/prefeitura-de-mogi-mirim-abre-vagas-medicos\/\",\"url\":\"https:\/\/med.estrategia.com\/portal\/concursos\/prefeitura-de-mogi-mirim-abre-vagas-medicos\/\",\"name\":\"Mogi Mirim abre novo concurso com vagas na \u00e1rea m\u00e9dica\",\"isPartOf\":{\"@id\":\"https:\/\/med.estrategia.com\/portal\/#website\"},\"primaryImageOfPage\":{\"@id\":\"https:\/\/med.estrategia.com\/portal\/concursos\/prefeitura-de-mogi-mirim-abre-vagas-medicos\/#primaryimage\"},\"image\":{\"@id\":\"https:\/\/med.estrategia.com\/portal\/concursos\/prefeitura-de-mogi-mirim-abre-vagas-medicos\/#primaryimage\"},\"thumbnailUrl\":\"https:\/\/med.estrategia.com\/portal\/wp-content\/uploads\/2026\/02\/Capa_prefeitura_Mogi-Mirim.jpg\",\"datePublished\":\"2026-02-26T18:18:26+00:00\",\"dateModified\":\"2026-02-26T18:19:01+00:00\",\"author\":{\"@id\":\"https:\/\/med.estrategia.com\/portal\/#\/schema\/person\/d1df06a83a849b79b2d480e7d8952ce3\"},\"description\":\"Os candidatos interessados em participar do concurso p\u00fablico podem se inscrever at\u00e9 o dia 26 de mar\u00e7o. Sal\u00e1rio inicial \u00e9 de R$ 4,8 mil.\",\"breadcrumb\":{\"@id\":\"https:\/\/med.estrategia.com\/portal\/concursos\/prefeitura-de-mogi-mirim-abre-vagas-medicos\/#breadcrumb\"},\"inLanguage\":\"pt-BR\",\"potentialAction\":[{\"@type\":\"ReadAction\",\"target\":[\"https:\/\/med.estrategia.com\/portal\/concursos\/prefeitura-de-mogi-mirim-abre-vagas-medicos\/\"]}]},{\"@type\":\"ImageObject\",\"inLanguage\":\"pt-BR\",\"@id\":\"https:\/\/med.estrategia.com\/portal\/concursos\/prefeitura-de-mogi-mirim-abre-vagas-medicos\/#primaryimage\",\"url\":\"https:\/\/med.estrategia.com\/portal\/wp-content\/uploads\/2026\/02\/Capa_prefeitura_Mogi-Mirim.jpg\",\"contentUrl\":\"https:\/\/med.estrategia.com\/portal\/wp-content\/uploads\/2026\/02\/Capa_prefeitura_Mogi-Mirim.jpg\",\"width\":1280,\"height\":720},{\"@type\":\"BreadcrumbList\",\"@id\":\"https:\/\/med.estrategia.com\/portal\/concursos\/prefeitura-de-mogi-mirim-abre-vagas-medicos\/#breadcrumb\",\"itemListElement\":[{\"@type\":\"ListItem\",\"position\":1,\"name\":\"Home\",\"item\":\"https:\/\/med.estrategia.com\/portal\/\"},{\"@type\":\"ListItem\",\"position\":2,\"name\":\"Concursos M\u00e9dicos\",\"item\":\"https:\/\/med.estrategia.com\/portal\/concursos\/\"},{\"@type\":\"ListItem\",\"position\":3,\"name\":\"Prefeitura de Mogi Mirim abre novo concurso com vagas na \u00e1rea m\u00e9dica\"}]},{\"@type\":\"WebSite\",\"@id\":\"https:\/\/med.estrategia.com\/portal\/#website\",\"url\":\"https:\/\/med.estrategia.com\/portal\/\",\"name\":\"Estrat\u00e9gia MED\",\"description\":\"\",\"potentialAction\":[{\"@type\":\"SearchAction\",\"target\":{\"@type\":\"EntryPoint\",\"urlTemplate\":\"https:\/\/med.estrategia.com\/portal\/?s={search_term_string}\"},\"query-input\":{\"@type\":\"PropertyValueSpecification\",\"valueRequired\":true,\"valueName\":\"search_term_string\"}}],\"inLanguage\":\"pt-BR\"},{\"@type\":\"Person\",\"@id\":\"https:\/\/med.estrategia.com\/portal\/#\/schema\/person\/d1df06a83a849b79b2d480e7d8952ce3\",\"name\":\"Priscila Pereira\",\"image\":{\"@type\":\"ImageObject\",\"inLanguage\":\"pt-BR\",\"@id\":\"https:\/\/med.estrategia.com\/portal\/#\/schema\/person\/image\/\",\"url\":\"https:\/\/secure.gravatar.com\/avatar\/fe94f8430a1d23a69c0bc7aab6202e21?s=96&d=mm&r=g\",\"contentUrl\":\"https:\/\/secure.gravatar.com\/avatar\/fe94f8430a1d23a69c0bc7aab6202e21?s=96&d=mm&r=g\",\"caption\":\"Priscila Pereira\"},\"description\":\"Formada e p\u00f3s-graduada na \u00e1rea de comunica\u00e7\u00e3o, divido minha paix\u00e3o entre o jornalismo e os esportes\",\"url\":\"https:\/\/med.estrategia.com\/portal\/author\/priscila-pereira\/\"}]}<\/script>\n<!-- \/ Yoast SEO Premium plugin. -->","yoast_head_json":{"title":"Mogi Mirim abre novo concurso com vagas na \u00e1rea m\u00e9dica","description":"Os candidatos interessados em participar do concurso p\u00fablico podem se inscrever at\u00e9 o dia 26 de mar\u00e7o. Sal\u00e1rio inicial \u00e9 de R$ 4,8 mil.","robots":{"index":"index","follow":"follow","max-snippet":"max-snippet:-1","max-image-preview":"max-image-preview:large","max-video-preview":"max-video-preview:-1"},"canonical":"https:\/\/med.estrategia.com\/portal\/concursos\/prefeitura-de-mogi-mirim-abre-vagas-medicos\/","og_locale":"pt_BR","og_type":"article","og_title":"Prefeitura de Mogi Mirim abre novo concurso com vagas na \u00e1rea m\u00e9dica","og_description":"Os candidatos interessados em participar do concurso p\u00fablico podem se inscrever at\u00e9 o dia 26 de mar\u00e7o. Sal\u00e1rio inicial \u00e9 de R$ 4,8 mil.","og_url":"https:\/\/med.estrategia.com\/portal\/concursos\/prefeitura-de-mogi-mirim-abre-vagas-medicos\/","og_site_name":"Estrat\u00e9gia MED","article_publisher":"https:\/\/www.facebook.com\/estrategiamed1","article_published_time":"2026-02-26T18:18:26+00:00","article_modified_time":"2026-02-26T18:19:01+00:00","og_image":[{"width":1280,"height":720,"url":"https:\/\/med.estrategia.com\/portal\/wp-content\/uploads\/2026\/02\/Capa_prefeitura_Mogi-Mirim.jpg","type":"image\/jpeg"}],"author":"Priscila Pereira","twitter_card":"summary_large_image","twitter_creator":"@estrategiamed_","twitter_site":"@estrategiamed_","twitter_misc":{"Escrito por":"Priscila Pereira","Est. tempo de leitura":"4 minutos"},"schema":{"@context":"https:\/\/schema.org","@graph":[{"@type":"WebPage","@id":"https:\/\/med.estrategia.com\/portal\/concursos\/prefeitura-de-mogi-mirim-abre-vagas-medicos\/","url":"https:\/\/med.estrategia.com\/portal\/concursos\/prefeitura-de-mogi-mirim-abre-vagas-medicos\/","name":"Mogi Mirim abre novo concurso com vagas na \u00e1rea m\u00e9dica","isPartOf":{"@id":"https:\/\/med.estrategia.com\/portal\/#website"},"primaryImageOfPage":{"@id":"https:\/\/med.estrategia.com\/portal\/concursos\/prefeitura-de-mogi-mirim-abre-vagas-medicos\/#primaryimage"},"image":{"@id":"https:\/\/med.estrategia.com\/portal\/concursos\/prefeitura-de-mogi-mirim-abre-vagas-medicos\/#primaryimage"},"thumbnailUrl":"https:\/\/med.estrategia.com\/portal\/wp-content\/uploads\/2026\/02\/Capa_prefeitura_Mogi-Mirim.jpg","datePublished":"2026-02-26T18:18:26+00:00","dateModified":"2026-02-26T18:19:01+00:00","author":{"@id":"https:\/\/med.estrategia.com\/portal\/#\/schema\/person\/d1df06a83a849b79b2d480e7d8952ce3"},"description":"Os candidatos interessados em participar do concurso p\u00fablico podem se inscrever at\u00e9 o dia 26 de mar\u00e7o. Sal\u00e1rio inicial \u00e9 de R$ 4,8 mil.","breadcrumb":{"@id":"https:\/\/med.estrategia.com\/portal\/concursos\/prefeitura-de-mogi-mirim-abre-vagas-medicos\/#breadcrumb"},"inLanguage":"pt-BR","potentialAction":[{"@type":"ReadAction","target":["https:\/\/med.estrategia.com\/portal\/concursos\/prefeitura-de-mogi-mirim-abre-vagas-medicos\/"]}]},{"@type":"ImageObject","inLanguage":"pt-BR","@id":"https:\/\/med.estrategia.com\/portal\/concursos\/prefeitura-de-mogi-mirim-abre-vagas-medicos\/#primaryimage","url":"https:\/\/med.estrategia.com\/portal\/wp-content\/uploads\/2026\/02\/Capa_prefeitura_Mogi-Mirim.jpg","contentUrl":"https:\/\/med.estrategia.com\/portal\/wp-content\/uploads\/2026\/02\/Capa_prefeitura_Mogi-Mirim.jpg","width":1280,"height":720},{"@type":"BreadcrumbList","@id":"https:\/\/med.estrategia.com\/portal\/concursos\/prefeitura-de-mogi-mirim-abre-vagas-medicos\/#breadcrumb","itemListElement":[{"@type":"ListItem","position":1,"name":"Home","item":"https:\/\/med.estrategia.com\/portal\/"},{"@type":"ListItem","position":2,"name":"Concursos M\u00e9dicos","item":"https:\/\/med.estrategia.com\/portal\/concursos\/"},{"@type":"ListItem","position":3,"name":"Prefeitura de Mogi Mirim abre novo concurso com vagas na \u00e1rea m\u00e9dica"}]},{"@type":"WebSite","@id":"https:\/\/med.estrategia.com\/portal\/#website","url":"https:\/\/med.estrategia.com\/portal\/","name":"Estrat\u00e9gia MED","description":"","potentialAction":[{"@type":"SearchAction","target":{"@type":"EntryPoint","urlTemplate":"https:\/\/med.estrategia.com\/portal\/?s={search_term_string}"},"query-input":{"@type":"PropertyValueSpecification","valueRequired":true,"valueName":"search_term_string"}}],"inLanguage":"pt-BR"},{"@type":"Person","@id":"https:\/\/med.estrategia.com\/portal\/#\/schema\/person\/d1df06a83a849b79b2d480e7d8952ce3","name":"Priscila Pereira","image":{"@type":"ImageObject","inLanguage":"pt-BR","@id":"https:\/\/med.estrategia.com\/portal\/#\/schema\/person\/image\/","url":"https:\/\/secure.gravatar.com\/avatar\/fe94f8430a1d23a69c0bc7aab6202e21?s=96&d=mm&r=g","contentUrl":"https:\/\/secure.gravatar.com\/avatar\/fe94f8430a1d23a69c0bc7aab6202e21?s=96&d=mm&r=g","caption":"Priscila Pereira"},"description":"Formada e p\u00f3s-graduada na \u00e1rea de comunica\u00e7\u00e3o, divido minha paix\u00e3o entre o jornalismo e os esportes","url":"https:\/\/med.estrategia.com\/portal\/author\/priscila-pereira\/"}]}},"_wl_alt_label":[],"wl:entity_url":"\/post\/-107541","_links":{"self":[{"href":"https:\/\/med.estrategia.com\/portal\/wp-json\/wp\/v2\/posts\/107541","targetHints":{"allow":["GET"]}}],"collection":[{"href":"https:\/\/med.estrategia.com\/portal\/wp-json\/wp\/v2\/posts"}],"about":[{"href":"https:\/\/med.estrategia.com\/portal\/wp-json\/wp\/v2\/types\/post"}],"author":[{"embeddable":true,"href":"https:\/\/med.estrategia.com\/portal\/wp-json\/wp\/v2\/users\/45"}],"replies":[{"embeddable":true,"href":"https:\/\/med.estrategia.com\/portal\/wp-json\/wp\/v2\/comments?post=107541"}],"version-history":[{"count":4,"href":"https:\/\/med.estrategia.com\/portal\/wp-json\/wp\/v2\/posts\/107541\/revisions"}],"predecessor-version":[{"id":107655,"href":"https:\/\/med.estrategia.com\/portal\/wp-json\/wp\/v2\/posts\/107541\/revisions\/107655"}],"wp:featuredmedia":[{"embeddable":true,"href":"https:\/\/med.estrategia.com\/portal\/wp-json\/wp\/v2\/media\/107547"}],"wp:attachment":[{"href":"https:\/\/med.estrategia.com\/portal\/wp-json\/wp\/v2\/media?parent=107541"}],"wp:term":[{"taxonomy":"category","embeddable":true,"href":"https:\/\/med.estrategia.com\/portal\/wp-json\/wp\/v2\/categories?post=107541"},{"taxonomy":"post_tag","embeddable":true,"href":"https:\/\/med.estrategia.com\/portal\/wp-json\/wp\/v2\/tags?post=107541"},{"taxonomy":"wl_entity_type","embeddable":true,"href":"https:\/\/med.estrategia.com\/portal\/wp-json\/wp\/v2\/wl_entity_type?post=107541"}],"curies":[{"name":"wp","href":"https:\/\/api.w.org\/{rel}","templated":true}]}}