{"id":107598,"date":"2026-02-27T09:06:43","date_gmt":"2026-02-27T12:06:43","guid":{"rendered":"https:\/\/med.estrategia.com\/portal\/?p=107598"},"modified":"2026-03-02T10:51:30","modified_gmt":"2026-03-02T13:51:30","slug":"resumo-sobre-colite-segmentar-associada-a-diverticulose-definicao-etiologias-e-mais","status":"publish","type":"post","link":"https:\/\/med.estrategia.com\/portal\/conteudos-gratis\/doencas\/resumo-sobre-colite-segmentar-associada-a-diverticulose-definicao-etiologias-e-mais\/","title":{"rendered":"Resumo sobre Colite segmentar associada \u00e0 diverticulose: defini\u00e7\u00e3o, etiologias e mais!"},"content":{"rendered":"<p>E a&iacute;, doc! Vamos explorar mais um tema essencial? Hoje o foco &eacute; a <strong>colite segmentar associada &agrave; diverticulose<\/strong>, uma condi&ccedil;&atilde;o inflamat&oacute;ria que acomete segmentos do c&oacute;lon portadores de divert&iacute;culos, geralmente poupando o reto e &aacute;reas sem diverticulose.&nbsp;<p>O Estrat&eacute;gia MED est&aacute; aqui para descomplicar esse conceito e ajudar voc&ecirc; a aprofundar seus conhecimentos, promovendo uma pr&aacute;tica cl&iacute;nica cada vez mais eficaz e segura.<\/p><p>Vamos nessa!<\/p><div id=\"ez-toc-container\" class=\"ez-toc-v2_0_79_2 counter-hierarchy ez-toc-counter ez-toc-transparent ez-toc-container-direction\">\n<div class=\"ez-toc-title-container\"><p class=\"ez-toc-title\" style=\"cursor:inherit\">Navegue pelo conte\u00fado<\/p>\n<\/div><nav><ul class='ez-toc-list ez-toc-list-level-1 ' ><li class='ez-toc-page-1 ez-toc-heading-level-2'><a class=\"ez-toc-link ez-toc-heading-1\" href=\"https:\/\/med.estrategia.com\/portal\/conteudos-gratis\/doencas\/resumo-sobre-colite-segmentar-associada-a-diverticulose-definicao-etiologias-e-mais\/#Definicao-de-Colite-segmentar-associada-a-diverticulose\" >Defini&ccedil;&atilde;o de Colite segmentar associada a diverticulose<\/a><\/li><li class='ez-toc-page-1 ez-toc-heading-level-2'><a class=\"ez-toc-link ez-toc-heading-2\" href=\"https:\/\/med.estrategia.com\/portal\/conteudos-gratis\/doencas\/resumo-sobre-colite-segmentar-associada-a-diverticulose-definicao-etiologias-e-mais\/#Fisiopatologia-da-Colite-segmentar-associada-a-diverticulose\" >Fisiopatologia da Colite segmentar associada a diverticulose<\/a><\/li><li class='ez-toc-page-1 ez-toc-heading-level-2'><a class=\"ez-toc-link ez-toc-heading-3\" href=\"https:\/\/med.estrategia.com\/portal\/conteudos-gratis\/doencas\/resumo-sobre-colite-segmentar-associada-a-diverticulose-definicao-etiologias-e-mais\/#Manifestacoes-clinicas-da-Colite-segmentar-associada-a-diverticulose\" >Manifesta&ccedil;&otilde;es cl&iacute;nicas da Colite segmentar associada a diverticulose<\/a><\/li><li class='ez-toc-page-1 ez-toc-heading-level-2'><a class=\"ez-toc-link ez-toc-heading-4\" href=\"https:\/\/med.estrategia.com\/portal\/conteudos-gratis\/doencas\/resumo-sobre-colite-segmentar-associada-a-diverticulose-definicao-etiologias-e-mais\/#Diagnostico-da-Colite-segmentar-associada-a-diverticulose\" >Diagn&oacute;stico da Colite segmentar associada a diverticulose<\/a><\/li><li class='ez-toc-page-1 ez-toc-heading-level-2'><a class=\"ez-toc-link ez-toc-heading-5\" href=\"https:\/\/med.estrategia.com\/portal\/conteudos-gratis\/doencas\/resumo-sobre-colite-segmentar-associada-a-diverticulose-definicao-etiologias-e-mais\/#Tratamento-da-Colite-segmentar-associada-a-diverticulose\" >Tratamento da Colite segmentar associada a diverticulose<\/a><\/li><li class='ez-toc-page-1 ez-toc-heading-level-2'><a class=\"ez-toc-link ez-toc-heading-6\" href=\"https:\/\/med.estrategia.com\/portal\/conteudos-gratis\/doencas\/resumo-sobre-colite-segmentar-associada-a-diverticulose-definicao-etiologias-e-mais\/#Veja-tambem\" >Veja tamb&eacute;m!<\/a><\/li><li class='ez-toc-page-1 ez-toc-heading-level-2'><a class=\"ez-toc-link ez-toc-heading-7\" href=\"https:\/\/med.estrategia.com\/portal\/conteudos-gratis\/doencas\/resumo-sobre-colite-segmentar-associada-a-diverticulose-definicao-etiologias-e-mais\/#Referencias\" >Refer&ecirc;ncias<\/a><\/li><\/ul><\/nav><\/div>\n<h2 class=\"wp-block-heading\" id=\"h-definicao-de-colite-segmentar-associada-a-diverticulose\"><span class=\"ez-toc-section\" id=\"Definicao-de-Colite-segmentar-associada-a-diverticulose\"><\/span>Defini&ccedil;&atilde;o de Colite segmentar associada a diverticulose<span class=\"ez-toc-section-end\"><\/span><\/h2><p>A colite segmentar associada &agrave; diverticulose, tamb&eacute;m chamada de SCAD, &eacute; uma condi&ccedil;&atilde;o inflamat&oacute;ria caracterizada por inflama&ccedil;&atilde;o cr&ocirc;nica da mucosa em um segmento do c&oacute;lon que apresenta divert&iacute;culos, ocorrendo mais frequentemente no c&oacute;lon sigmoide.<\/p><p>Trata-se de uma complica&ccedil;&atilde;o da diverticulose, na qual h&aacute; presen&ccedil;a de divert&iacute;culos, mas com inflama&ccedil;&atilde;o restrita ao segmento col&ocirc;nico acometido, diferindo da diverticulite, que envolve inflama&ccedil;&atilde;o do divert&iacute;culo e dos tecidos adjacentes.<\/p><p>Do ponto de vista endosc&oacute;pico e histol&oacute;gico, a SCAD pode variar desde altera&ccedil;&otilde;es inflamat&oacute;rias leves, com hemorragias submucosas, at&eacute; um quadro de inflama&ccedil;&atilde;o cr&ocirc;nica ativa exuberante, podendo mimetizar doen&ccedil;a inflamat&oacute;ria intestinal.<\/p><h2 class=\"wp-block-heading\" id=\"h-fisiopatologia-da-colite-segmentar-associada-a-diverticulose\"><span class=\"ez-toc-section\" id=\"Fisiopatologia-da-Colite-segmentar-associada-a-diverticulose\"><\/span>Fisiopatologia da Colite segmentar associada a diverticulose<span class=\"ez-toc-section-end\"><\/span><\/h2><p>A fisiopatologia da <strong>colite segmentar associada &agrave; diverticulose<\/strong> ainda n&atilde;o est&aacute; completamente esclarecida, mas diferentes mecanismos t&ecirc;m sido propostos para explicar o processo inflamat&oacute;rio localizado nos segmentos do c&oacute;lon acometidos por divert&iacute;culos.<\/p><p>Um dos mecanismos sugeridos &eacute; o <strong>prolapso da mucosa col&ocirc;nica<\/strong>. Acredita-se que a mucosa prolapsada fique mais exposta ao estresse mec&acirc;nico e ao atrito intraluminal, o que favoreceria inflama&ccedil;&atilde;o cr&ocirc;nica da parede intestinal. Esse est&iacute;mulo repetido poderia desencadear altera&ccedil;&otilde;es estruturais e resposta inflamat&oacute;ria persistente.<\/p><p>Outro fator implicado &eacute; a <strong>estase fecal<\/strong> nos segmentos com diverticulose. O ac&uacute;mulo de conte&uacute;do fecal pode promover altera&ccedil;&otilde;es na microbiota intestinal e na atividade enzim&aacute;tica bacteriana, contribuindo para um ambiente pr&oacute;-inflamat&oacute;rio. Al&eacute;m disso, a estase pode aumentar a exposi&ccedil;&atilde;o da mucosa a ant&iacute;genos intraluminais, favorecendo uma resposta inflamat&oacute;ria local.<\/p><p>Altera&ccedil;&otilde;es na <strong>permeabilidade da mucosa intestinal<\/strong> tamb&eacute;m podem desempenhar papel relevante, permitindo maior intera&ccedil;&atilde;o entre ant&iacute;genos luminais e o sistema imunol&oacute;gico da mucosa, perpetuando o processo inflamat&oacute;rio.<\/p><p>Por fim, a <strong>altera&ccedil;&atilde;o da microcircula&ccedil;&atilde;o local<\/strong>, com epis&oacute;dios de isquemia focal da mucosa, &eacute; outro mecanismo proposto. A redu&ccedil;&atilde;o do fluxo sangu&iacute;neo em &aacute;reas espec&iacute;ficas do c&oacute;lon pode levar a dano tecidual e inflama&ccedil;&atilde;o, contribuindo para o padr&atilde;o segmentar caracter&iacute;stico da doen&ccedil;a.<\/p><h2 class=\"wp-block-heading\" id=\"h-manifestacoes-clinicas-da-colite-segmentar-associada-a-diverticulose\"><span class=\"ez-toc-section\" id=\"Manifestacoes-clinicas-da-Colite-segmentar-associada-a-diverticulose\"><\/span>Manifesta&ccedil;&otilde;es cl&iacute;nicas da Colite segmentar associada a diverticulose<span class=\"ez-toc-section-end\"><\/span><\/h2><p>As manifesta&ccedil;&otilde;es cl&iacute;nicas da <strong>colite segmentar associada &agrave; diverticulose<\/strong> costumam ser inespec&iacute;ficas, o que pode dificultar o reconhecimento inicial da condi&ccedil;&atilde;o.<\/p><p>Os pacientes geralmente apresentam <strong>diarreia cr&ocirc;nica<\/strong>, que pode ser persistente ou intermitente. Al&eacute;m disso, &eacute; comum a queixa de <strong>dor abdominal em c&oacute;lica<\/strong>, predominando no quadrante inferior esquerdo, regi&atilde;o onde a diverticulose &eacute; mais frequente, especialmente no sigmoide.<\/p><p>Em alguns casos, ocorre <strong>hematochezia intermitente<\/strong>, caracterizada pela elimina&ccedil;&atilde;o de sangue vivo nas fezes. Aproximadamente um ter&ccedil;o dos pacientes apresenta mais de um sintoma no momento do diagn&oacute;stico, combinando dor, altera&ccedil;&atilde;o do h&aacute;bito intestinal e sangramento retal.<\/p><p>Do ponto de vista laboratorial, o <strong>hemograma costuma ser normal<\/strong>, embora possa haver altera&ccedil;&otilde;es nos casos com inflama&ccedil;&atilde;o mais intensa. Marcadores inflamat&oacute;rios fecais, como <strong>calprotectina<\/strong> ou <strong>lactoferrina fecal<\/strong>, podem estar elevados quando h&aacute; inflama&ccedil;&atilde;o intestinal significativa.<\/p><p>Nos exames de imagem, particularmente na tomografia computadorizada de abdome, pode-se observar <strong>espessamento da parede col&ocirc;nica<\/strong> no segmento acometido por diverticulose. Em alguns pacientes, tamb&eacute;m &eacute; poss&iacute;vel identificar <strong>estria&ccedil;&otilde;es da gordura peric&oacute;lica<\/strong>, sugerindo inflama&ccedil;&atilde;o local.<\/p><h2 class=\"wp-block-heading\" id=\"h-diagnostico-da-colite-segmentar-associada-a-diverticulose\"><span class=\"ez-toc-section\" id=\"Diagnostico-da-Colite-segmentar-associada-a-diverticulose\"><\/span>Diagn&oacute;stico da Colite segmentar associada a diverticulose<span class=\"ez-toc-section-end\"><\/span><\/h2><p>O diagn&oacute;stico da <strong>colite segmentar associada &agrave; diverticulose<\/strong> &eacute; realizado principalmente por meio de <strong>avalia&ccedil;&atilde;o endosc&oacute;pica com bi&oacute;psia<\/strong>, geralmente durante investiga&ccedil;&atilde;o de diarreia cr&ocirc;nica e dor abdominal.<\/p><p>A confirma&ccedil;&atilde;o diagn&oacute;stica baseia-se na presen&ccedil;a de <strong>inflama&ccedil;&atilde;o limitada ao segmento do c&oacute;lon que apresenta divert&iacute;culos<\/strong>, associada a <strong>altera&ccedil;&otilde;es inflamat&oacute;rias cr&ocirc;nicas na bi&oacute;psia<\/strong>, com preserva&ccedil;&atilde;o do reto. Um ponto fundamental &eacute; que <strong>n&atilde;o &eacute; necess&aacute;rio antecedente de diverticulite<\/strong> para estabelecer o diagn&oacute;stico.<\/p><h3 class=\"wp-block-heading\" id=\"h-achados-endoscopicos\">Achados endosc&oacute;picos<\/h3><p>Na endoscopia, a inflama&ccedil;&atilde;o acomete tipicamente a <strong>mucosa interdiverticular<\/strong>, sem envolvimento dos &oacute;stios diverticulares. A distribui&ccedil;&atilde;o &eacute; caracter&iacute;stica, afetando principalmente o <strong>sigmoide<\/strong> e, eventualmente, o c&oacute;lon descendente, com <strong>preserva&ccedil;&atilde;o do reto<\/strong>.<\/p><p>Os achados endosc&oacute;picos podem variar em intensidade e foram classificados em quatro subtipos:<\/p><ul class=\"wp-block-list\">\n<li>Tipo A, padr&atilde;o de pregas crescentes: les&otilde;es arredondadas e avermelhadas, medindo entre 0,5 e 1,5 cm, localizadas no topo das pregas col&ocirc;nicas;<\/li>\n\n\n\n<li>Tipo B, padr&atilde;o semelhante &agrave; retocolite ulcerativa leve a moderada: perda do padr&atilde;o vascular submucoso, edema de mucosa, hiperemia e eros&otilde;es difusas;<\/li>\n\n\n\n<li>Tipo C, padr&atilde;o semelhante &agrave; doen&ccedil;a de Crohn: presen&ccedil;a de &uacute;lceras aftoides isoladas;<\/li>\n\n\n\n<li>Tipo D, padr&atilde;o semelhante &agrave; retocolite ulcerativa grave: perda do padr&atilde;o vascular, hiperemia intensa, ulcera&ccedil;&otilde;es difusas e redu&ccedil;&atilde;o do calibre luminal.<\/li>\n<\/ul><h3 class=\"wp-block-heading\" id=\"h-achados-histologicos\">Achados histol&oacute;gicos<\/h3><p>A histologia demonstra <strong>inflama&ccedil;&atilde;o cr&ocirc;nica vari&aacute;vel conforme o subtipo<\/strong>, sendo um achado marcante a <strong>normalidade das bi&oacute;psias retais<\/strong>.<\/p><p>No tipo A, observa-se infiltra&ccedil;&atilde;o inflamat&oacute;ria por linf&oacute;citos e neutr&oacute;filos, sem altera&ccedil;&otilde;es significativas da arquitetura glandular.<\/p><p>Nos tipos B e D, predominam altera&ccedil;&otilde;es cr&ocirc;nicas da l&acirc;mina pr&oacute;pria, como plasmocitose basal, inflama&ccedil;&atilde;o mista difusa, metaplasia de c&eacute;lulas de Paneth, distor&ccedil;&atilde;o das criptas, criptite, abscessos cr&iacute;pticos e hemorragia cr&iacute;ptica.<\/p><p>No tipo C, podem estar presentes inflama&ccedil;&atilde;o transmural, fissuras, granulomas epitelioides e vasculite linfo-histiocit&aacute;ria.<\/p><h2 class=\"wp-block-heading\" id=\"h-tratamento-da-colite-segmentar-associada-a-diverticulose\"><span class=\"ez-toc-section\" id=\"Tratamento-da-Colite-segmentar-associada-a-diverticulose\"><\/span>Tratamento da Colite segmentar associada a diverticulose<span class=\"ez-toc-section-end\"><\/span><\/h2><ul class=\"wp-block-list\">\n<li><strong>Tratamento inicial com antibi&oacute;ticos:<\/strong> a primeira abordagem terap&ecirc;utica consiste na administra&ccedil;&atilde;o de ciprofloxacino 500 mg por via oral duas vezes ao dia associado a metronidazol 10 mg\/kg por dia, dividido em duas ou tr&ecirc;s doses, durante 10 a 14 dias, com o objetivo de reduzir a inflama&ccedil;&atilde;o possivelmente relacionada &agrave; altera&ccedil;&atilde;o da flora intestinal e ao estase fecal.<\/li>\n\n\n\n<li><strong>Adi&ccedil;&atilde;o de mesalazina nos casos sem resposta:<\/strong> em pacientes que n&atilde;o apresentam melhora adequada com antibi&oacute;ticos, recomenda-se introduzir mesalazina 800 mg por via oral tr&ecirc;s vezes ao dia por 7 a 10 dias; se a resposta for insuficiente ap&oacute;s duas a quatro semanas, a dose pode ser aumentada para 1600 mg tr&ecirc;s vezes ao dia.<\/li>\n\n\n\n<li><strong>Uso de corticosteroides nos casos refrat&aacute;rios:<\/strong> quando h&aacute; falha terap&ecirc;utica com antibi&oacute;ticos e mesalazina, indica-se prednisona 40 mg ao dia por uma semana, seguida de redu&ccedil;&atilde;o gradual ao longo de aproximadamente seis semanas at&eacute; a suspens&atilde;o; a budesonida pode ser considerada como alternativa em situa&ccedil;&otilde;es selecionadas.<\/li>\n\n\n\n<li><strong>Tratamento cir&uacute;rgico em casos graves ou dependentes de corticoide:<\/strong> a ressec&ccedil;&atilde;o segmentar do c&oacute;lon &eacute; reservada para pacientes com doen&ccedil;a refrat&aacute;ria ou dependente de esteroides, definida pela impossibilidade de reduzir a prednisona para menos de 10 mg por dia dentro de tr&ecirc;s meses sem recorr&ecirc;ncia, ou reca&iacute;da em at&eacute; tr&ecirc;s meses ap&oacute;s a suspens&atilde;o.<\/li>\n\n\n\n<li><strong>Terapias imunomoduladoras ou biol&oacute;gicas<\/strong>: embora existam dados limitados, relatos sugerem que imunomoduladores e agentes biol&oacute;gicos, nos moldes utilizados na doen&ccedil;a inflamat&oacute;ria intestinal, podem beneficiar pacientes com doen&ccedil;a persistente apesar do tratamento convencional.<\/li>\n<\/ul><h2 class=\"wp-block-heading\" id=\"h-veja-tambem\"><span class=\"ez-toc-section\" id=\"Veja-tambem\"><\/span>Veja tamb&eacute;m!<span class=\"ez-toc-section-end\"><\/span><\/h2><ul class=\"wp-block-list\">\n<li><a href=\"https:\/\/med.estrategia.com\/portal\/conteudos-gratis\/doencas\/resumo-de-distensao-abdominal-diagnostico-tratamento-e-mais\/\">Resumo de distens&atilde;o abdominal: diagn&oacute;stico, tratamento e mais!<\/a><\/li>\n\n\n\n<li><a href=\"https:\/\/med.estrategia.com\/portal\/conteudos-gratis\/doencas\/resumo-de-hematemese-diagnostico-tratamento-e-mais\/\">Resumo de hemat&ecirc;mese: diagn&oacute;stico, tratamento e mais!<\/a>&nbsp;<\/li>\n\n\n\n<li><a href=\"https:\/\/med.estrategia.com\/portal\/conteudos-gratis\/doencas\/resumo-de-dispepsia-funcional-diagnostico-tratamento-e-mais\/\">Resumo de dispepsia funcional: diagn&oacute;stico, tratamento e mais!<\/a>&nbsp;<\/li>\n\n\n\n<li><a href=\"https:\/\/med.estrategia.com\/portal\/conteudos-gratis\/doencas\/resumo-de-melena-diagnostico-tratamento-e-mais\/\">Resumo de melena: diagn&oacute;stico, tratamento e mais!<\/a><\/li>\n\n\n\n<li><a href=\"https:\/\/med.estrategia.com\/portal\/aluno-de-medicina\/dicas-de-estudo\/resumed-de-disfagia\/\">Resumo de Disfagia: dist&uacute;rbios da motilidade do es&ocirc;fago<\/a><\/li>\n\n\n\n<li><a href=\"https:\/\/med.estrategia.com\/portal\/aluno-de-medicina\/dicas-de-estudo\/estomago\/\">Resumo de est&ocirc;mago: anatomia, fisiologia e algumas patologias<\/a><\/li>\n\n\n\n<li><a href=\"https:\/\/med.estrategia.com\/portal\/aluno-de-medicina\/dicas-de-estudo\/abdome-agudo-perfurativo-definicao-causas-tratamento-e-muito-mais\/\">Resumo de Abdome Agudo Perfurativo: defini&ccedil;&atilde;o, causas, tratamento e muito mais<\/a><\/li>\n\n\n\n<li><a href=\"https:\/\/med.estrategia.com\/portal\/aluno-de-medicina\/dicas-de-estudo\/neoplasia-de-esofago\/\">Resumo de Neoplasia do es&ocirc;fago: o que &eacute;, tratamento e mais<\/a><\/li>\n<\/ul><h2 class=\"wp-block-heading\" id=\"h-referencias\"><span class=\"ez-toc-section\" id=\"Referencias\"><\/span>Refer&ecirc;ncias<span class=\"ez-toc-section-end\"><\/span><\/h2><p>John H Pemberton, MDAnne Peery, MD, MSCR. Segmental colitis associated with diverticulosis. UpToDate, 2025. Dispon&iacute;vel em: <a href=\"https:\/\/www.uptodate.com\/contents\/segmental-colitis-associated-with-diverticulosis\" target=\"_blank\" rel=\"noopener noreferrer\">UpToDate<\/a><\/p><p>\n\n\n\n<a id=\"cta\" class=\"cta-imagem\" href=\"https:\/\/med.estrategia.com\/cursos\/\" target=\"blank\">\n                <img decoding=\"async\" width=\"100%\" src=\"https:\/\/med.estrategia.com\/portal\/wp-content\/uploads\/2025\/08\/estrategia_geral.jpg\" alt=\"\" title=\"estrategia_geral\">\n        <\/a>\n<\/p><\/p>\n","protected":false},"excerpt":{"rendered":"E a&iacute;, doc! Vamos explorar mais um tema essencial? Hoje o foco &eacute; a colite segmentar associada &agrave;&hellip;\n","protected":false},"author":53,"featured_media":107599,"comment_status":"closed","ping_status":"closed","sticky":false,"template":"","format":"standard","meta":{"wl_entities_gutenberg":"","footnotes":""},"categories":[304],"tags":[157,39],"wl_entity_type":[199],"class_list":{"0":"post-107598","1":"post","2":"type-post","3":"status-publish","4":"format-standard","5":"has-post-thumbnail","7":"category-doencas","8":"tag-coloproctologia","9":"tag-gastroenterologia","10":"wl_entity_type-article"},"acf":[],"yoast_head":"<!-- This site is optimized with the Yoast SEO Premium plugin v26.6 (Yoast SEO v26.6) - https:\/\/yoast.com\/wordpress\/plugins\/seo\/ -->\n<title>Resumo sobre Colite segmentar associada \u00e0 diverticulose: defini\u00e7\u00e3o, etiologias e mais!<\/title>\n<meta name=\"description\" content=\"A colite segmentar associada \u00e0 diverticulose \u00e9 uma condi\u00e7\u00e3o inflamat\u00f3ria que acomete segmentos do c\u00f3lon portadores de divert\u00edculos. Entenda!\" \/>\n<meta name=\"robots\" content=\"index, follow, max-snippet:-1, max-image-preview:large, max-video-preview:-1\" \/>\n<link rel=\"canonical\" href=\"https:\/\/med.estrategia.com\/portal\/conteudos-gratis\/doencas\/resumo-sobre-colite-segmentar-associada-a-diverticulose-definicao-etiologias-e-mais\/\" \/>\n<meta property=\"og:locale\" content=\"pt_BR\" \/>\n<meta property=\"og:type\" content=\"article\" \/>\n<meta property=\"og:title\" content=\"Resumo sobre Colite segmentar associada \u00e0 diverticulose: defini\u00e7\u00e3o, etiologias e mais!\" \/>\n<meta property=\"og:description\" content=\"A colite segmentar associada \u00e0 diverticulose \u00e9 uma condi\u00e7\u00e3o inflamat\u00f3ria que acomete segmentos do c\u00f3lon portadores de divert\u00edculos. Entenda!\" \/>\n<meta property=\"og:url\" content=\"https:\/\/med.estrategia.com\/portal\/conteudos-gratis\/doencas\/resumo-sobre-colite-segmentar-associada-a-diverticulose-definicao-etiologias-e-mais\/\" \/>\n<meta property=\"og:site_name\" content=\"Estrat\u00e9gia MED\" \/>\n<meta property=\"article:publisher\" content=\"https:\/\/www.facebook.com\/estrategiamed1\" \/>\n<meta property=\"article:published_time\" content=\"2026-02-27T12:06:43+00:00\" \/>\n<meta property=\"article:modified_time\" content=\"2026-03-02T13:51:30+00:00\" \/>\n<meta property=\"og:image\" content=\"https:\/\/med.estrategia.com\/portal\/wp-content\/uploads\/2026\/02\/Colon.png\" \/>\n\t<meta property=\"og:image:width\" content=\"519\" \/>\n\t<meta property=\"og:image:height\" content=\"367\" \/>\n\t<meta property=\"og:image:type\" content=\"image\/png\" \/>\n<meta name=\"author\" content=\"Laelson Junior\" \/>\n<meta name=\"twitter:card\" content=\"summary_large_image\" \/>\n<meta name=\"twitter:creator\" content=\"@estrategiamed_\" \/>\n<meta name=\"twitter:site\" content=\"@estrategiamed_\" \/>\n<meta name=\"twitter:label1\" content=\"Escrito por\" \/>\n\t<meta name=\"twitter:data1\" content=\"Laelson Junior\" \/>\n\t<meta name=\"twitter:label2\" content=\"Est. tempo de leitura\" \/>\n\t<meta name=\"twitter:data2\" content=\"7 minutos\" \/>\n<script type=\"application\/ld+json\" class=\"yoast-schema-graph\">{\"@context\":\"https:\/\/schema.org\",\"@graph\":[{\"@type\":\"WebPage\",\"@id\":\"https:\/\/med.estrategia.com\/portal\/conteudos-gratis\/doencas\/resumo-sobre-colite-segmentar-associada-a-diverticulose-definicao-etiologias-e-mais\/\",\"url\":\"https:\/\/med.estrategia.com\/portal\/conteudos-gratis\/doencas\/resumo-sobre-colite-segmentar-associada-a-diverticulose-definicao-etiologias-e-mais\/\",\"name\":\"Resumo sobre Colite segmentar associada \u00e0 diverticulose: defini\u00e7\u00e3o, etiologias e mais!\",\"isPartOf\":{\"@id\":\"https:\/\/med.estrategia.com\/portal\/#website\"},\"primaryImageOfPage\":{\"@id\":\"https:\/\/med.estrategia.com\/portal\/conteudos-gratis\/doencas\/resumo-sobre-colite-segmentar-associada-a-diverticulose-definicao-etiologias-e-mais\/#primaryimage\"},\"image\":{\"@id\":\"https:\/\/med.estrategia.com\/portal\/conteudos-gratis\/doencas\/resumo-sobre-colite-segmentar-associada-a-diverticulose-definicao-etiologias-e-mais\/#primaryimage\"},\"thumbnailUrl\":\"https:\/\/med.estrategia.com\/portal\/wp-content\/uploads\/2026\/02\/Colon.png\",\"datePublished\":\"2026-02-27T12:06:43+00:00\",\"dateModified\":\"2026-03-02T13:51:30+00:00\",\"author\":{\"@id\":\"https:\/\/med.estrategia.com\/portal\/#\/schema\/person\/d67a9b23b48ad79833939ef92444e548\"},\"description\":\"A colite segmentar associada \u00e0 diverticulose \u00e9 uma condi\u00e7\u00e3o inflamat\u00f3ria que acomete segmentos do c\u00f3lon portadores de divert\u00edculos. Entenda!\",\"breadcrumb\":{\"@id\":\"https:\/\/med.estrategia.com\/portal\/conteudos-gratis\/doencas\/resumo-sobre-colite-segmentar-associada-a-diverticulose-definicao-etiologias-e-mais\/#breadcrumb\"},\"inLanguage\":\"pt-BR\",\"potentialAction\":[{\"@type\":\"ReadAction\",\"target\":[\"https:\/\/med.estrategia.com\/portal\/conteudos-gratis\/doencas\/resumo-sobre-colite-segmentar-associada-a-diverticulose-definicao-etiologias-e-mais\/\"]}]},{\"@type\":\"ImageObject\",\"inLanguage\":\"pt-BR\",\"@id\":\"https:\/\/med.estrategia.com\/portal\/conteudos-gratis\/doencas\/resumo-sobre-colite-segmentar-associada-a-diverticulose-definicao-etiologias-e-mais\/#primaryimage\",\"url\":\"https:\/\/med.estrategia.com\/portal\/wp-content\/uploads\/2026\/02\/Colon.png\",\"contentUrl\":\"https:\/\/med.estrategia.com\/portal\/wp-content\/uploads\/2026\/02\/Colon.png\",\"width\":519,\"height\":367,\"caption\":\"Fonte: Freepik\"},{\"@type\":\"BreadcrumbList\",\"@id\":\"https:\/\/med.estrategia.com\/portal\/conteudos-gratis\/doencas\/resumo-sobre-colite-segmentar-associada-a-diverticulose-definicao-etiologias-e-mais\/#breadcrumb\",\"itemListElement\":[{\"@type\":\"ListItem\",\"position\":1,\"name\":\"Home\",\"item\":\"https:\/\/med.estrategia.com\/portal\/\"},{\"@type\":\"ListItem\",\"position\":2,\"name\":\"Conte\u00fados Gr\u00e1tis\",\"item\":\"https:\/\/med.estrategia.com\/portal\/conteudos-gratis\/\"},{\"@type\":\"ListItem\",\"position\":3,\"name\":\"Doen\u00e7as\",\"item\":\"https:\/\/med.estrategia.com\/portal\/conteudos-gratis\/doencas\/\"},{\"@type\":\"ListItem\",\"position\":4,\"name\":\"Resumo sobre Colite segmentar associada \u00e0 diverticulose: defini\u00e7\u00e3o, etiologias e mais!\"}]},{\"@type\":\"WebSite\",\"@id\":\"https:\/\/med.estrategia.com\/portal\/#website\",\"url\":\"https:\/\/med.estrategia.com\/portal\/\",\"name\":\"Estrat\u00e9gia MED\",\"description\":\"\",\"potentialAction\":[{\"@type\":\"SearchAction\",\"target\":{\"@type\":\"EntryPoint\",\"urlTemplate\":\"https:\/\/med.estrategia.com\/portal\/?s={search_term_string}\"},\"query-input\":{\"@type\":\"PropertyValueSpecification\",\"valueRequired\":true,\"valueName\":\"search_term_string\"}}],\"inLanguage\":\"pt-BR\"},{\"@type\":\"Person\",\"@id\":\"https:\/\/med.estrategia.com\/portal\/#\/schema\/person\/d67a9b23b48ad79833939ef92444e548\",\"name\":\"Laelson Junior\",\"image\":{\"@type\":\"ImageObject\",\"inLanguage\":\"pt-BR\",\"@id\":\"https:\/\/med.estrategia.com\/portal\/#\/schema\/person\/image\/\",\"url\":\"https:\/\/med.estrategia.com\/portal\/wp-content\/uploads\/2025\/08\/HE4_3032-150x150.jpg\",\"contentUrl\":\"https:\/\/med.estrategia.com\/portal\/wp-content\/uploads\/2025\/08\/HE4_3032-150x150.jpg\",\"caption\":\"Laelson Junior\"},\"description\":\"Estudante de medicina, sergipano morando na Bahia, crist\u00e3o, cin\u00e9filo. Atualmente estou no 11\u00b0 semestre e cada vez mais me surpreendo e admiro o mundo da medicina. Gosto de pegar uma praia sempre e estar em contato com a natureza.\",\"sameAs\":[\"http:\/\/estrategia.com\"],\"url\":\"https:\/\/med.estrategia.com\/portal\/author\/laelson-junior\/\"}]}<\/script>\n<!-- \/ Yoast SEO Premium plugin. -->","yoast_head_json":{"title":"Resumo sobre Colite segmentar associada \u00e0 diverticulose: defini\u00e7\u00e3o, etiologias e mais!","description":"A colite segmentar associada \u00e0 diverticulose \u00e9 uma condi\u00e7\u00e3o inflamat\u00f3ria que acomete segmentos do c\u00f3lon portadores de divert\u00edculos. Entenda!","robots":{"index":"index","follow":"follow","max-snippet":"max-snippet:-1","max-image-preview":"max-image-preview:large","max-video-preview":"max-video-preview:-1"},"canonical":"https:\/\/med.estrategia.com\/portal\/conteudos-gratis\/doencas\/resumo-sobre-colite-segmentar-associada-a-diverticulose-definicao-etiologias-e-mais\/","og_locale":"pt_BR","og_type":"article","og_title":"Resumo sobre Colite segmentar associada \u00e0 diverticulose: defini\u00e7\u00e3o, etiologias e mais!","og_description":"A colite segmentar associada \u00e0 diverticulose \u00e9 uma condi\u00e7\u00e3o inflamat\u00f3ria que acomete segmentos do c\u00f3lon portadores de divert\u00edculos. Entenda!","og_url":"https:\/\/med.estrategia.com\/portal\/conteudos-gratis\/doencas\/resumo-sobre-colite-segmentar-associada-a-diverticulose-definicao-etiologias-e-mais\/","og_site_name":"Estrat\u00e9gia MED","article_publisher":"https:\/\/www.facebook.com\/estrategiamed1","article_published_time":"2026-02-27T12:06:43+00:00","article_modified_time":"2026-03-02T13:51:30+00:00","og_image":[{"width":519,"height":367,"url":"https:\/\/med.estrategia.com\/portal\/wp-content\/uploads\/2026\/02\/Colon.png","type":"image\/png"}],"author":"Laelson Junior","twitter_card":"summary_large_image","twitter_creator":"@estrategiamed_","twitter_site":"@estrategiamed_","twitter_misc":{"Escrito por":"Laelson Junior","Est. tempo de leitura":"7 minutos"},"schema":{"@context":"https:\/\/schema.org","@graph":[{"@type":"WebPage","@id":"https:\/\/med.estrategia.com\/portal\/conteudos-gratis\/doencas\/resumo-sobre-colite-segmentar-associada-a-diverticulose-definicao-etiologias-e-mais\/","url":"https:\/\/med.estrategia.com\/portal\/conteudos-gratis\/doencas\/resumo-sobre-colite-segmentar-associada-a-diverticulose-definicao-etiologias-e-mais\/","name":"Resumo sobre Colite segmentar associada \u00e0 diverticulose: defini\u00e7\u00e3o, etiologias e mais!","isPartOf":{"@id":"https:\/\/med.estrategia.com\/portal\/#website"},"primaryImageOfPage":{"@id":"https:\/\/med.estrategia.com\/portal\/conteudos-gratis\/doencas\/resumo-sobre-colite-segmentar-associada-a-diverticulose-definicao-etiologias-e-mais\/#primaryimage"},"image":{"@id":"https:\/\/med.estrategia.com\/portal\/conteudos-gratis\/doencas\/resumo-sobre-colite-segmentar-associada-a-diverticulose-definicao-etiologias-e-mais\/#primaryimage"},"thumbnailUrl":"https:\/\/med.estrategia.com\/portal\/wp-content\/uploads\/2026\/02\/Colon.png","datePublished":"2026-02-27T12:06:43+00:00","dateModified":"2026-03-02T13:51:30+00:00","author":{"@id":"https:\/\/med.estrategia.com\/portal\/#\/schema\/person\/d67a9b23b48ad79833939ef92444e548"},"description":"A colite segmentar associada \u00e0 diverticulose \u00e9 uma condi\u00e7\u00e3o inflamat\u00f3ria que acomete segmentos do c\u00f3lon portadores de divert\u00edculos. Entenda!","breadcrumb":{"@id":"https:\/\/med.estrategia.com\/portal\/conteudos-gratis\/doencas\/resumo-sobre-colite-segmentar-associada-a-diverticulose-definicao-etiologias-e-mais\/#breadcrumb"},"inLanguage":"pt-BR","potentialAction":[{"@type":"ReadAction","target":["https:\/\/med.estrategia.com\/portal\/conteudos-gratis\/doencas\/resumo-sobre-colite-segmentar-associada-a-diverticulose-definicao-etiologias-e-mais\/"]}]},{"@type":"ImageObject","inLanguage":"pt-BR","@id":"https:\/\/med.estrategia.com\/portal\/conteudos-gratis\/doencas\/resumo-sobre-colite-segmentar-associada-a-diverticulose-definicao-etiologias-e-mais\/#primaryimage","url":"https:\/\/med.estrategia.com\/portal\/wp-content\/uploads\/2026\/02\/Colon.png","contentUrl":"https:\/\/med.estrategia.com\/portal\/wp-content\/uploads\/2026\/02\/Colon.png","width":519,"height":367,"caption":"Fonte: Freepik"},{"@type":"BreadcrumbList","@id":"https:\/\/med.estrategia.com\/portal\/conteudos-gratis\/doencas\/resumo-sobre-colite-segmentar-associada-a-diverticulose-definicao-etiologias-e-mais\/#breadcrumb","itemListElement":[{"@type":"ListItem","position":1,"name":"Home","item":"https:\/\/med.estrategia.com\/portal\/"},{"@type":"ListItem","position":2,"name":"Conte\u00fados Gr\u00e1tis","item":"https:\/\/med.estrategia.com\/portal\/conteudos-gratis\/"},{"@type":"ListItem","position":3,"name":"Doen\u00e7as","item":"https:\/\/med.estrategia.com\/portal\/conteudos-gratis\/doencas\/"},{"@type":"ListItem","position":4,"name":"Resumo sobre Colite segmentar associada \u00e0 diverticulose: defini\u00e7\u00e3o, etiologias e mais!"}]},{"@type":"WebSite","@id":"https:\/\/med.estrategia.com\/portal\/#website","url":"https:\/\/med.estrategia.com\/portal\/","name":"Estrat\u00e9gia MED","description":"","potentialAction":[{"@type":"SearchAction","target":{"@type":"EntryPoint","urlTemplate":"https:\/\/med.estrategia.com\/portal\/?s={search_term_string}"},"query-input":{"@type":"PropertyValueSpecification","valueRequired":true,"valueName":"search_term_string"}}],"inLanguage":"pt-BR"},{"@type":"Person","@id":"https:\/\/med.estrategia.com\/portal\/#\/schema\/person\/d67a9b23b48ad79833939ef92444e548","name":"Laelson Junior","image":{"@type":"ImageObject","inLanguage":"pt-BR","@id":"https:\/\/med.estrategia.com\/portal\/#\/schema\/person\/image\/","url":"https:\/\/med.estrategia.com\/portal\/wp-content\/uploads\/2025\/08\/HE4_3032-150x150.jpg","contentUrl":"https:\/\/med.estrategia.com\/portal\/wp-content\/uploads\/2025\/08\/HE4_3032-150x150.jpg","caption":"Laelson Junior"},"description":"Estudante de medicina, sergipano morando na Bahia, crist\u00e3o, cin\u00e9filo. Atualmente estou no 11\u00b0 semestre e cada vez mais me surpreendo e admiro o mundo da medicina. Gosto de pegar uma praia sempre e estar em contato com a natureza.","sameAs":["http:\/\/estrategia.com"],"url":"https:\/\/med.estrategia.com\/portal\/author\/laelson-junior\/"}]}},"_wl_alt_label":[],"wl:entity_url":"\/post\/resumo-sobre-colite-segmentar-associada-a-diverticulose-definicao-etiologias-e-mais-107598","_links":{"self":[{"href":"https:\/\/med.estrategia.com\/portal\/wp-json\/wp\/v2\/posts\/107598","targetHints":{"allow":["GET"]}}],"collection":[{"href":"https:\/\/med.estrategia.com\/portal\/wp-json\/wp\/v2\/posts"}],"about":[{"href":"https:\/\/med.estrategia.com\/portal\/wp-json\/wp\/v2\/types\/post"}],"author":[{"embeddable":true,"href":"https:\/\/med.estrategia.com\/portal\/wp-json\/wp\/v2\/users\/53"}],"replies":[{"embeddable":true,"href":"https:\/\/med.estrategia.com\/portal\/wp-json\/wp\/v2\/comments?post=107598"}],"version-history":[{"count":3,"href":"https:\/\/med.estrategia.com\/portal\/wp-json\/wp\/v2\/posts\/107598\/revisions"}],"predecessor-version":[{"id":107719,"href":"https:\/\/med.estrategia.com\/portal\/wp-json\/wp\/v2\/posts\/107598\/revisions\/107719"}],"wp:featuredmedia":[{"embeddable":true,"href":"https:\/\/med.estrategia.com\/portal\/wp-json\/wp\/v2\/media\/107599"}],"wp:attachment":[{"href":"https:\/\/med.estrategia.com\/portal\/wp-json\/wp\/v2\/media?parent=107598"}],"wp:term":[{"taxonomy":"category","embeddable":true,"href":"https:\/\/med.estrategia.com\/portal\/wp-json\/wp\/v2\/categories?post=107598"},{"taxonomy":"post_tag","embeddable":true,"href":"https:\/\/med.estrategia.com\/portal\/wp-json\/wp\/v2\/tags?post=107598"},{"taxonomy":"wl_entity_type","embeddable":true,"href":"https:\/\/med.estrategia.com\/portal\/wp-json\/wp\/v2\/wl_entity_type?post=107598"}],"curies":[{"name":"wp","href":"https:\/\/api.w.org\/{rel}","templated":true}]}}