{"id":109031,"date":"2026-04-02T16:07:41","date_gmt":"2026-04-02T19:07:41","guid":{"rendered":"https:\/\/med.estrategia.com\/portal\/?p=109031"},"modified":"2026-04-02T17:42:09","modified_gmt":"2026-04-02T20:42:09","slug":"universidade-federal-tocantins-uft-vagas-medicos","status":"publish","type":"post","link":"https:\/\/med.estrategia.com\/portal\/concursos\/universidade-federal-tocantins-uft-vagas-medicos\/","title":{"rendered":"UFT abre inscri\u00e7\u00f5es para concurso com 24 vagas na \u00e1rea m\u00e9dica"},"content":{"rendered":"<p>A <strong>Universidade Federal de Tocantins (UFT), <\/strong>abriu nesta quinta-feira, 2 de mar&ccedil;o, as <strong>inscri&ccedil;&otilde;es<\/strong> para o <strong>concurso p&uacute;blico<\/strong> com <strong>5<\/strong> <strong>vagas imediatas<\/strong> e outras <strong>19 <\/strong>para forma&ccedil;&atilde;o de <strong>cadastro reserva <\/strong>para os <strong>cargos de m&eacute;dico<\/strong>. Sob organiza&ccedil;&atilde;o da banca <a href=\"http:\/\/www.copese.uft.edu.br\/index.php?option=com_content&amp;task=view&amp;id=381&amp;Itemid=268\" target=\"_blank\">Copese\/UFT<\/a>, os candidatos interessados podem se inscrever <strong>at&eacute; o dia 4 de maio de 2026<\/strong>. &nbsp;O valor da taxa de inscri&ccedil;&atilde;o &eacute; de <strong>R$180,00<\/strong> para n&iacute;vel superior.<p>As vagas s&atilde;o para os cargos de<strong> Cl&iacute;nica M&eacute;dica, Medicina da Fam&iacute;lia e Comunidade, Medicina do Trabalho e Psiquiatria.<\/strong> A remunera&ccedil;&atilde;o inicial &eacute; de <strong>R$ 4.976,27 <\/strong>para uma jornada de <strong>20 horas <\/strong>por semana. <\/p><p>O processo seletivo ser&aacute; por meio de uma <strong>prova objetiva<\/strong> prevista para o dia <strong>7 de junho de 2026.<\/strong> Confira a seguir mais informa&ccedil;&otilde;es sobre o concurso UFT 2026. <\/p><div class=\"wp-block-buttons is-content-justification-center is-layout-flex wp-container-core-buttons-is-layout-1 wp-block-buttons-is-layout-flex\">\n<div class=\"wp-block-button\"><a class=\"wp-block-button__link wp-element-button\" href=\"https:\/\/med.estrategia.com\/portal\/wp-content\/uploads\/2026\/04\/Edital-no-18_2026-TAE_UFT2026_-PUBLICADO-EM-31_03_2026.pdf\" target=\"_blank\">edital &ndash; prefeitura de UFT 2026<\/a><\/div>\n<\/div><div id=\"ez-toc-container\" class=\"ez-toc-v2_0_79_2 counter-hierarchy ez-toc-counter ez-toc-transparent ez-toc-container-direction\">\n<div class=\"ez-toc-title-container\"><p class=\"ez-toc-title\" style=\"cursor:inherit\">Navegue pelo conte\u00fado<\/p>\n<\/div><nav><ul class='ez-toc-list ez-toc-list-level-1 ' ><li class='ez-toc-page-1 ez-toc-heading-level-2'><a class=\"ez-toc-link ez-toc-heading-1\" href=\"https:\/\/med.estrategia.com\/portal\/concursos\/universidade-federal-tocantins-uft-vagas-medicos\/#Resumo-do-Edital-da-UFT-2026\" >Resumo do Edital da UFT 2026<\/a><\/li><li class='ez-toc-page-1 ez-toc-heading-level-2'><a class=\"ez-toc-link ez-toc-heading-2\" href=\"https:\/\/med.estrategia.com\/portal\/concursos\/universidade-federal-tocantins-uft-vagas-medicos\/#Quadro-de-Vagas\" >Quadro de Vagas<\/a><\/li><li class='ez-toc-page-1 ez-toc-heading-level-2'><a class=\"ez-toc-link ez-toc-heading-3\" href=\"https:\/\/med.estrategia.com\/portal\/concursos\/universidade-federal-tocantins-uft-vagas-medicos\/#Processo-Seletivo\" >Processo Seletivo<\/a><\/li><li class='ez-toc-page-1 ez-toc-heading-level-2'><a class=\"ez-toc-link ez-toc-heading-4\" href=\"https:\/\/med.estrategia.com\/portal\/concursos\/universidade-federal-tocantins-uft-vagas-medicos\/#Prepare-se-para-o-concurso-publico-UFT-com-o-Estrategia-MED\" >Prepare-se para o concurso p&uacute;blico UFT com o Estrat&eacute;gia MED!<\/a><\/li><\/ul><\/nav><\/div>\n<h2 class=\"wp-block-heading\" id=\"h-resumo-do-edital-da-uft-2026\"><span class=\"ez-toc-section\" id=\"Resumo-do-Edital-da-UFT-2026\"><\/span>Resumo do Edital da UFT 2026<span class=\"ez-toc-section-end\"><\/span><\/h2><figure class=\"wp-block-table\"><table><tbody><tr><td>Vagas Ofertadas<\/td><td>5 + 19 CR<\/td><\/tr><tr><td>Remunera&ccedil;&atilde;o<\/td><td>R$ 4.976,27<\/td><\/tr><tr><td>Carga Hor&aacute;ria Semanal&nbsp;&nbsp;<\/td><td>20 horas<\/td><\/tr><tr><td>Composi&ccedil;&atilde;o do Processo Seletivo<\/td><td>Prova Objetiva<\/td><\/tr><tr><td>Taxa de Inscri&ccedil;&atilde;o<\/td><td>R$ 180,00<\/td><\/tr><tr><td>Per&iacute;odo de inscri&ccedil;&otilde;es<\/td><td>02\/04\/2026 a 04\/05\/2026<\/td><\/tr><tr><td>&Uacute;ltimo dia para pagamento da taxa de inscri&ccedil;&atilde;o<\/td><td>05\/05\/2026<\/td><\/tr><tr><td>Divulga&ccedil;&atilde;o dos locais da prova<\/td><td>25\/05\/2026<\/td><\/tr><tr><td>Realiza&ccedil;&atilde;o da prova objetiva<\/td><td>07\/06\/2026<\/td><\/tr><tr><td>Divulga&ccedil;&atilde;o dos gabaritos provis&oacute;rios e dos cadernos de prova<\/td><td>07\/06\/2026<\/td><\/tr><tr><td>Prazo para interposi&ccedil;&atilde;o de Recursos contra as quest&otilde;es e gabarito provis&oacute;rio da provas<\/td><td>08\/06\/2026<\/td><\/tr><tr><td>Divulga&ccedil;&atilde;o do Gabarito Definitivo<\/td><td>15\/06\/2026<\/td><\/tr><tr><td>Publica&ccedil;&atilde;o do Resultado final<\/td><td>30\/06\/2026<\/td><\/tr><tr><td>Homologa&ccedil;&atilde;o do Resultado Final<\/td><td>02\/07\/2026<\/td><\/tr><\/tbody><\/table><\/figure><p>O candidato precisa ter diploma, devidamente registrado, de conclus&atilde;o de curso superior em Medicina, expedido por institui&ccedil;&atilde;o de ensino superior reconhecida pelo MEC. Registro profissional ativo no Conselho Regional de Medicina do Estado do Tocantins; Registro de Qualifica&ccedil;&atilde;o de Especialista; Resid&ecirc;ncia M&eacute;dica reconhecida pela Comiss&atilde;o Nacional de Resid&ecirc;ncia M&eacute;dica (CNRM) na &aacute;rea pretendida ou T&iacute;tulo de Especialista emitido pela Associa&ccedil;&atilde;o M&eacute;dica Brasileira ou Sociedade Brasileira de Medicina. <\/p><h2 class=\"wp-block-heading\" id=\"h-quadro-de-vagas\"><span class=\"ez-toc-section\" id=\"Quadro-de-Vagas\"><\/span>Quadro de Vagas<span class=\"ez-toc-section-end\"><\/span><\/h2><p>O <strong>concurso p&uacute;blico <\/strong>UFT disponibilizou para esse edital um total de <strong>24 vagas<\/strong> no total, conforme a lista a seguir:<\/p><figure class=\"wp-block-table\"><table><tbody><tr><td class=\"has-text-align-center\" data-align=\"center\">Cargo<\/td><td class=\"has-text-align-center\" data-align=\"center\">Vagas Ampla Concorr&ecirc;ncia<\/td><td class=\"has-text-align-center\" data-align=\"center\">Vagas Cadastro Reserva<\/td><td>Carga Hor&aacute;ria<\/td><td>Remunera&ccedil;&atilde;o<\/td><\/tr><tr><td class=\"has-text-align-center\" data-align=\"center\">M&eacute;dico Cl&iacute;nica M&eacute;dica<\/td><td class=\"has-text-align-center\" data-align=\"center\">2<\/td><td class=\"has-text-align-center\" data-align=\"center\">7<\/td><td>20 horas<\/td><td>R$ 4.976,27<\/td><\/tr><tr><td class=\"has-text-align-center\" data-align=\"center\">Medicina da Fam&iacute;lia<br>e Comunidade<\/td><td class=\"has-text-align-center\" data-align=\"center\">1<\/td><td class=\"has-text-align-center\" data-align=\"center\">4<\/td><td>20 horas<\/td><td>R$ 4.976,27<\/td><\/tr><tr><td class=\"has-text-align-center\" data-align=\"center\">Medicina do Trabalho <\/td><td class=\"has-text-align-center\" data-align=\"center\">1<\/td><td class=\"has-text-align-center\" data-align=\"center\">4<\/td><td>20 horas<\/td><td>R$ 4.976,27<\/td><\/tr><tr><td class=\"has-text-align-center\" data-align=\"center\">Psiquiatra<\/td><td class=\"has-text-align-center\" data-align=\"center\">1<\/td><td class=\"has-text-align-center\" data-align=\"center\">4<\/td><td>20 horas<\/td><td>R$ 4.976,27<\/td><\/tr><\/tbody><\/table><\/figure><p>\n\n\n<div id=\"new-form\">\n\t<form id=\"forms_layout\">\n\t<input type=\"hidden\" id=\"chave_de\" name=\"chave_de\" value=\"01_EMED_LEADS_TOTAIS\" \/>\n\t\t<input type=\"hidden\" id=\"mid\" name=\"mid\" value=\"515009018\" \/>\n\t\t<input type=\"hidden\" id=\"Objetivo\" name=\"Objetivo\" value=\"Medicina\" \/>\n\t\t<input type=\"hidden\" id=\"Estado_de_Origem_do_IP\" name=\"Estado_de_Origem_do_IP\"  value=\"\" \/>\n\t\t<input type=\"hidden\" id=\"Cidade_de_Origem_do_IP\" name=\"Cidade_de_Origem_do_IP\" value=\"\" \/>\n\t\t<input type=\"hidden\" id=\"Modo_de_entrada\" name=\"Modo_de_entrada\" value=\"Portal\" \/>\n\t\t<input type=\"hidden\" id=\"Pagina_Origem\" name=\"Pagina_Origem\" value=\"\" \/>\n\n\t\t<div class=\"texto\">\n\t\t\t<h3 class=\"news\">Inscreva-se em nossa newsletter!<\/h3>\n\t\t\t<p>Receba not\u00edcias sobre resid\u00eancia m\u00e9dica, revalida\u00e7\u00e3o de diplomas e concursos m\u00e9dicos, al\u00e9m de materiais de estudo gratuitos e informa\u00e7\u00f5es relevantes do mundo da Medicina.<\/p>\n\t\t<\/div>\n\t\t<div class=\"campos\">\n\t\t\t<div class=\"first_name labels\">\n\t\t\t\t<input type=\"text\" class=\"input_labels\" id=\"first_name\" name=\"Nome_Completo\" placeholder=\"Nome\" required \/>\n\t\t\t<\/div>\n\t\t\t<div class=\"email labels\">\n\t\t\t\t<input type=\"email\" class=\"input_labels\" id=\"email\" name=\"Email\" placeholder=\"E-mail\" required \/>\n\t\t\t<\/div>\n\t\t\t<button type=\"submit\" class=\"button_layout\">\n\t\t\t\t<div id=\"lblBotao\">Inscreva-se<\/div>\n\t\t\t\t<span id=\"divSpiner\" class=\"loader\" role=\"status\" style=\"display: none;\"><\/span>\t\n\t\t\t<\/button>\n\t\t<\/div><!-- \/campos -->\n\t\t\n\t\t<label class=\"container_checkbox\">Voc\u00ea concorda com a nossa\n\t\t\t<a class=\"politics_privacy_ahref\" target=\"_blank\" href=\"https:\/\/gratis.estrategiaconcursos.com.br\/politica-de-privacidade\/\">Pol\u00edtica de Privacidade<\/a> e aceita receber informa\u00e7\u00f5es adicionais do Estrat\u00e9gia Educacional.\n\t\t\t<input id=\"checkbox_layout\" type=\"checkbox\" checked=\"checked\" required \/>\n\t\t\t<span class=\"checkbox\"><\/span>\n\t\t<\/label>\n\t\t<div id=\"msg\"><\/div>\n\t\t<div id=\"error\" class=\"error\">\n\t\t<\/div>\n\t<\/form>\n<\/div><!-- \/new-form -->\n\n\n\n<\/p><h2 class=\"wp-block-heading\" id=\"h-processo-seletivo\"><span class=\"ez-toc-section\" id=\"Processo-Seletivo\"><\/span>Processo Seletivo<span class=\"ez-toc-section-end\"><\/span><\/h2><p>O processo seletivo para este edital &eacute; composto por uma prova objetiva prevista para o dia <strong>7 de junho de 2026<\/strong>, <strong>das 14h40 &agrave;s 18h40.<\/strong> De car&aacute;ter eliminat&oacute;rio e classificat&oacute;rio, a prova conta com <strong>50 quest&otilde;es de m&uacute;ltipla escolha<\/strong>, com cinco alternativas, sendo apenas uma a correta.&nbsp;&nbsp;<\/p><ul class=\"wp-block-list\">\n<li>10 quest&otilde;es de L&iacute;ngua Portuguesa;&nbsp;&nbsp;<\/li>\n\n\n\n<li>5 quest&otilde;es de Atualidades e Conhecimentos Gerais;<\/li>\n\n\n\n<li>5 quest&otilde;es de No&ccedil;&otilde;es de Inform&aacute;tica;<\/li>\n\n\n\n<li>10 quest&otilde;es de Legisla&ccedil;&atilde;o Aplicada ao Servi&ccedil;o P&uacute;blico; e<\/li>\n\n\n\n<li>20 quest&otilde;es de Conhecimento Espec&iacute;fico.<\/li>\n<\/ul><p>Ser&aacute; reprovado o candidato que obtiver nota final inferior a 50 pontos ou que zerar (n&atilde;o acertar pelo menos uma quest&atilde;o) em qualquer uma das &aacute;reas de conhecimento.<\/p><p>Para informa&ccedil;&otilde;es sobre o <strong>concurso p&uacute;blico<\/strong> com vagas em outras &aacute;reas, <a href=\"https:\/\/www.estrategiaconcursos.com.br\/blog\/concurso-uft-2026-edital-publicado\/\" target=\"_blank\">acesse aqui! <\/a><\/p><h2 class=\"wp-block-heading\" id=\"h-prepare-se-para-o-concurso-publico-uft-com-o-estrategia-med\"><span class=\"ez-toc-section\" id=\"Prepare-se-para-o-concurso-publico-UFT-com-o-Estrategia-MED\"><\/span>Prepare-se para o concurso p&uacute;blico UFT com o Estrat&eacute;gia MED!<span class=\"ez-toc-section-end\"><\/span><\/h2><p>Com os&nbsp;<a href=\"https:\/\/med.estrategia.com\/curso\/assinatura-concursos-medicos\/\" target=\"_blank\">Cursos voltados para a &aacute;rea m&eacute;dica do Estrat&eacute;gia MED<\/a>&nbsp;voc&ecirc; ter&aacute; acesso a uma ampla variedade de materiais voltados para concursos p&uacute;blicos em cargos m&eacute;dicos. Produtos com mais de 3.500 quest&otilde;es comentadas, abrangendo as disciplinas mais recorrentes nesse tipo de sele&ccedil;&atilde;o: Portugu&ecirc;s, Matem&aacute;tica, Inform&aacute;tica, Direito e, naturalmente, Medicina, entre outros.<\/p><p>Conhe&ccedil;a tamb&eacute;m o nosso<a href=\"https:\/\/med.estrategia.com\/curso\/banco-de-questes-resumos-estrategicos-anual\/\" target=\"_blank\">&nbsp;Banco de Quest&otilde;es<\/a>, que atualmente conta com mais de 200 mil quest&otilde;es cadastradas e n&atilde;o para de crescer. Vem ser coruja!<\/p><div class=\"wp-block-image\">\n<figure class=\"aligncenter size-full\"><img decoding=\"async\" width=\"1280\" height=\"622\" src=\"https:\/\/med.estrategia.com\/portal\/wp-content\/uploads\/2025\/08\/concursos_medicos.jpg\" alt=\"concursos_medicos\" class=\"wp-image-91529\" srcset=\"https:\/\/med.estrategia.com\/portal\/wp-content\/uploads\/2025\/08\/concursos_medicos.jpg 1280w, https:\/\/med.estrategia.com\/portal\/wp-content\/uploads\/2025\/08\/concursos_medicos-1024x498.jpg 1024w, https:\/\/med.estrategia.com\/portal\/wp-content\/uploads\/2025\/08\/concursos_medicos-768x373.jpg 768w, https:\/\/med.estrategia.com\/portal\/wp-content\/uploads\/2025\/08\/concursos_medicos-800x389.jpg 800w, https:\/\/med.estrategia.com\/portal\/wp-content\/uploads\/2025\/08\/concursos_medicos-1160x564.jpg 1160w\" sizes=\"(max-width: 1280px) 100vw, 1280px\" \/><\/figure><\/div><\/p>\n","protected":false},"excerpt":{"rendered":"A Universidade Federal de Tocantins (UFT), abriu nesta quinta-feira, 2 de mar&ccedil;o, as inscri&ccedil;&otilde;es para o concurso p&uacute;blico&hellip;\n","protected":false},"author":45,"featured_media":109059,"comment_status":"closed","ping_status":"closed","sticky":false,"template":"","format":"standard","meta":{"wl_entities_gutenberg":"","footnotes":""},"categories":[474],"tags":[],"wl_entity_type":[199],"class_list":{"0":"post-109031","1":"post","2":"type-post","3":"status-publish","4":"format-standard","5":"has-post-thumbnail","7":"category-concursos","8":"wl_entity_type-article"},"acf":[],"yoast_head":"<!-- This site is optimized with the Yoast SEO Premium plugin v26.6 (Yoast SEO v26.6) - https:\/\/yoast.com\/wordpress\/plugins\/seo\/ -->\n<title>UFT abre inscri\u00e7\u00f5es para concurso com 24 vagas na \u00e1rea m\u00e9dica<\/title>\n<meta name=\"description\" content=\"Confira as vagas na \u00e1rea m\u00e9dica para o concurso p\u00fablico da Universidade Federal de Tocantins (UFT). Saiba mais em nosso blog!\" \/>\n<meta name=\"robots\" content=\"index, follow, max-snippet:-1, max-image-preview:large, max-video-preview:-1\" \/>\n<link rel=\"canonical\" href=\"https:\/\/med.estrategia.com\/portal\/concursos\/universidade-federal-tocantins-uft-vagas-medicos\/\" \/>\n<meta property=\"og:locale\" content=\"pt_BR\" \/>\n<meta property=\"og:type\" content=\"article\" \/>\n<meta property=\"og:title\" content=\"UFT abre inscri\u00e7\u00f5es para concurso com 24 vagas na \u00e1rea m\u00e9dica\" \/>\n<meta property=\"og:description\" content=\"Confira as vagas na \u00e1rea m\u00e9dica para o concurso p\u00fablico da Universidade Federal de Tocantins (UFT). Saiba mais em nosso blog!\" \/>\n<meta property=\"og:url\" content=\"https:\/\/med.estrategia.com\/portal\/concursos\/universidade-federal-tocantins-uft-vagas-medicos\/\" \/>\n<meta property=\"og:site_name\" content=\"Estrat\u00e9gia MED\" \/>\n<meta property=\"article:publisher\" content=\"https:\/\/www.facebook.com\/estrategiamed1\" \/>\n<meta property=\"article:published_time\" content=\"2026-04-02T19:07:41+00:00\" \/>\n<meta property=\"article:modified_time\" content=\"2026-04-02T20:42:09+00:00\" \/>\n<meta property=\"og:image\" content=\"https:\/\/med.estrategia.com\/portal\/wp-content\/uploads\/2026\/04\/Capa_Concurso_UFT.jpg\" \/>\n\t<meta property=\"og:image:width\" content=\"1280\" \/>\n\t<meta property=\"og:image:height\" content=\"720\" \/>\n\t<meta property=\"og:image:type\" content=\"image\/jpeg\" \/>\n<meta name=\"author\" content=\"Priscila Pereira\" \/>\n<meta name=\"twitter:card\" content=\"summary_large_image\" \/>\n<meta name=\"twitter:creator\" content=\"@estrategiamed_\" \/>\n<meta name=\"twitter:site\" content=\"@estrategiamed_\" \/>\n<meta name=\"twitter:label1\" content=\"Escrito por\" \/>\n\t<meta name=\"twitter:data1\" content=\"Priscila Pereira\" \/>\n\t<meta name=\"twitter:label2\" content=\"Est. tempo de leitura\" \/>\n\t<meta name=\"twitter:data2\" content=\"3 minutos\" \/>\n<script type=\"application\/ld+json\" class=\"yoast-schema-graph\">{\"@context\":\"https:\/\/schema.org\",\"@graph\":[{\"@type\":\"WebPage\",\"@id\":\"https:\/\/med.estrategia.com\/portal\/concursos\/universidade-federal-tocantins-uft-vagas-medicos\/\",\"url\":\"https:\/\/med.estrategia.com\/portal\/concursos\/universidade-federal-tocantins-uft-vagas-medicos\/\",\"name\":\"UFT abre inscri\u00e7\u00f5es para concurso com 24 vagas na \u00e1rea m\u00e9dica\",\"isPartOf\":{\"@id\":\"https:\/\/med.estrategia.com\/portal\/#website\"},\"primaryImageOfPage\":{\"@id\":\"https:\/\/med.estrategia.com\/portal\/concursos\/universidade-federal-tocantins-uft-vagas-medicos\/#primaryimage\"},\"image\":{\"@id\":\"https:\/\/med.estrategia.com\/portal\/concursos\/universidade-federal-tocantins-uft-vagas-medicos\/#primaryimage\"},\"thumbnailUrl\":\"https:\/\/med.estrategia.com\/portal\/wp-content\/uploads\/2026\/04\/Capa_Concurso_UFT.jpg\",\"datePublished\":\"2026-04-02T19:07:41+00:00\",\"dateModified\":\"2026-04-02T20:42:09+00:00\",\"author\":{\"@id\":\"https:\/\/med.estrategia.com\/portal\/#\/schema\/person\/d1df06a83a849b79b2d480e7d8952ce3\"},\"description\":\"Confira as vagas na \u00e1rea m\u00e9dica para o concurso p\u00fablico da Universidade Federal de Tocantins (UFT). Saiba mais em nosso blog!\",\"breadcrumb\":{\"@id\":\"https:\/\/med.estrategia.com\/portal\/concursos\/universidade-federal-tocantins-uft-vagas-medicos\/#breadcrumb\"},\"inLanguage\":\"pt-BR\",\"potentialAction\":[{\"@type\":\"ReadAction\",\"target\":[\"https:\/\/med.estrategia.com\/portal\/concursos\/universidade-federal-tocantins-uft-vagas-medicos\/\"]}]},{\"@type\":\"ImageObject\",\"inLanguage\":\"pt-BR\",\"@id\":\"https:\/\/med.estrategia.com\/portal\/concursos\/universidade-federal-tocantins-uft-vagas-medicos\/#primaryimage\",\"url\":\"https:\/\/med.estrategia.com\/portal\/wp-content\/uploads\/2026\/04\/Capa_Concurso_UFT.jpg\",\"contentUrl\":\"https:\/\/med.estrategia.com\/portal\/wp-content\/uploads\/2026\/04\/Capa_Concurso_UFT.jpg\",\"width\":1280,\"height\":720,\"caption\":\"Estrat\u00e9gia MED | Concurso P\u00fablico UFT\"},{\"@type\":\"BreadcrumbList\",\"@id\":\"https:\/\/med.estrategia.com\/portal\/concursos\/universidade-federal-tocantins-uft-vagas-medicos\/#breadcrumb\",\"itemListElement\":[{\"@type\":\"ListItem\",\"position\":1,\"name\":\"Home\",\"item\":\"https:\/\/med.estrategia.com\/portal\/\"},{\"@type\":\"ListItem\",\"position\":2,\"name\":\"Concursos M\u00e9dicos\",\"item\":\"https:\/\/med.estrategia.com\/portal\/concursos\/\"},{\"@type\":\"ListItem\",\"position\":3,\"name\":\"UFT abre inscri\u00e7\u00f5es para concurso com 24 vagas na \u00e1rea m\u00e9dica\"}]},{\"@type\":\"WebSite\",\"@id\":\"https:\/\/med.estrategia.com\/portal\/#website\",\"url\":\"https:\/\/med.estrategia.com\/portal\/\",\"name\":\"Estrat\u00e9gia MED\",\"description\":\"\",\"potentialAction\":[{\"@type\":\"SearchAction\",\"target\":{\"@type\":\"EntryPoint\",\"urlTemplate\":\"https:\/\/med.estrategia.com\/portal\/?s={search_term_string}\"},\"query-input\":{\"@type\":\"PropertyValueSpecification\",\"valueRequired\":true,\"valueName\":\"search_term_string\"}}],\"inLanguage\":\"pt-BR\"},{\"@type\":\"Person\",\"@id\":\"https:\/\/med.estrategia.com\/portal\/#\/schema\/person\/d1df06a83a849b79b2d480e7d8952ce3\",\"name\":\"Priscila Pereira\",\"image\":{\"@type\":\"ImageObject\",\"inLanguage\":\"pt-BR\",\"@id\":\"https:\/\/med.estrategia.com\/portal\/#\/schema\/person\/image\/\",\"url\":\"https:\/\/secure.gravatar.com\/avatar\/fe94f8430a1d23a69c0bc7aab6202e21?s=96&d=mm&r=g\",\"contentUrl\":\"https:\/\/secure.gravatar.com\/avatar\/fe94f8430a1d23a69c0bc7aab6202e21?s=96&d=mm&r=g\",\"caption\":\"Priscila Pereira\"},\"description\":\"Formada e p\u00f3s-graduada na \u00e1rea de comunica\u00e7\u00e3o, divido minha paix\u00e3o entre o jornalismo e os esportes\",\"url\":\"https:\/\/med.estrategia.com\/portal\/author\/priscila-pereira\/\"}]}<\/script>\n<!-- \/ Yoast SEO Premium plugin. -->","yoast_head_json":{"title":"UFT abre inscri\u00e7\u00f5es para concurso com 24 vagas na \u00e1rea m\u00e9dica","description":"Confira as vagas na \u00e1rea m\u00e9dica para o concurso p\u00fablico da Universidade Federal de Tocantins (UFT). Saiba mais em nosso blog!","robots":{"index":"index","follow":"follow","max-snippet":"max-snippet:-1","max-image-preview":"max-image-preview:large","max-video-preview":"max-video-preview:-1"},"canonical":"https:\/\/med.estrategia.com\/portal\/concursos\/universidade-federal-tocantins-uft-vagas-medicos\/","og_locale":"pt_BR","og_type":"article","og_title":"UFT abre inscri\u00e7\u00f5es para concurso com 24 vagas na \u00e1rea m\u00e9dica","og_description":"Confira as vagas na \u00e1rea m\u00e9dica para o concurso p\u00fablico da Universidade Federal de Tocantins (UFT). Saiba mais em nosso blog!","og_url":"https:\/\/med.estrategia.com\/portal\/concursos\/universidade-federal-tocantins-uft-vagas-medicos\/","og_site_name":"Estrat\u00e9gia MED","article_publisher":"https:\/\/www.facebook.com\/estrategiamed1","article_published_time":"2026-04-02T19:07:41+00:00","article_modified_time":"2026-04-02T20:42:09+00:00","og_image":[{"width":1280,"height":720,"url":"https:\/\/med.estrategia.com\/portal\/wp-content\/uploads\/2026\/04\/Capa_Concurso_UFT.jpg","type":"image\/jpeg"}],"author":"Priscila Pereira","twitter_card":"summary_large_image","twitter_creator":"@estrategiamed_","twitter_site":"@estrategiamed_","twitter_misc":{"Escrito por":"Priscila Pereira","Est. tempo de leitura":"3 minutos"},"schema":{"@context":"https:\/\/schema.org","@graph":[{"@type":"WebPage","@id":"https:\/\/med.estrategia.com\/portal\/concursos\/universidade-federal-tocantins-uft-vagas-medicos\/","url":"https:\/\/med.estrategia.com\/portal\/concursos\/universidade-federal-tocantins-uft-vagas-medicos\/","name":"UFT abre inscri\u00e7\u00f5es para concurso com 24 vagas na \u00e1rea m\u00e9dica","isPartOf":{"@id":"https:\/\/med.estrategia.com\/portal\/#website"},"primaryImageOfPage":{"@id":"https:\/\/med.estrategia.com\/portal\/concursos\/universidade-federal-tocantins-uft-vagas-medicos\/#primaryimage"},"image":{"@id":"https:\/\/med.estrategia.com\/portal\/concursos\/universidade-federal-tocantins-uft-vagas-medicos\/#primaryimage"},"thumbnailUrl":"https:\/\/med.estrategia.com\/portal\/wp-content\/uploads\/2026\/04\/Capa_Concurso_UFT.jpg","datePublished":"2026-04-02T19:07:41+00:00","dateModified":"2026-04-02T20:42:09+00:00","author":{"@id":"https:\/\/med.estrategia.com\/portal\/#\/schema\/person\/d1df06a83a849b79b2d480e7d8952ce3"},"description":"Confira as vagas na \u00e1rea m\u00e9dica para o concurso p\u00fablico da Universidade Federal de Tocantins (UFT). Saiba mais em nosso blog!","breadcrumb":{"@id":"https:\/\/med.estrategia.com\/portal\/concursos\/universidade-federal-tocantins-uft-vagas-medicos\/#breadcrumb"},"inLanguage":"pt-BR","potentialAction":[{"@type":"ReadAction","target":["https:\/\/med.estrategia.com\/portal\/concursos\/universidade-federal-tocantins-uft-vagas-medicos\/"]}]},{"@type":"ImageObject","inLanguage":"pt-BR","@id":"https:\/\/med.estrategia.com\/portal\/concursos\/universidade-federal-tocantins-uft-vagas-medicos\/#primaryimage","url":"https:\/\/med.estrategia.com\/portal\/wp-content\/uploads\/2026\/04\/Capa_Concurso_UFT.jpg","contentUrl":"https:\/\/med.estrategia.com\/portal\/wp-content\/uploads\/2026\/04\/Capa_Concurso_UFT.jpg","width":1280,"height":720,"caption":"Estrat\u00e9gia MED | Concurso P\u00fablico UFT"},{"@type":"BreadcrumbList","@id":"https:\/\/med.estrategia.com\/portal\/concursos\/universidade-federal-tocantins-uft-vagas-medicos\/#breadcrumb","itemListElement":[{"@type":"ListItem","position":1,"name":"Home","item":"https:\/\/med.estrategia.com\/portal\/"},{"@type":"ListItem","position":2,"name":"Concursos M\u00e9dicos","item":"https:\/\/med.estrategia.com\/portal\/concursos\/"},{"@type":"ListItem","position":3,"name":"UFT abre inscri\u00e7\u00f5es para concurso com 24 vagas na \u00e1rea m\u00e9dica"}]},{"@type":"WebSite","@id":"https:\/\/med.estrategia.com\/portal\/#website","url":"https:\/\/med.estrategia.com\/portal\/","name":"Estrat\u00e9gia MED","description":"","potentialAction":[{"@type":"SearchAction","target":{"@type":"EntryPoint","urlTemplate":"https:\/\/med.estrategia.com\/portal\/?s={search_term_string}"},"query-input":{"@type":"PropertyValueSpecification","valueRequired":true,"valueName":"search_term_string"}}],"inLanguage":"pt-BR"},{"@type":"Person","@id":"https:\/\/med.estrategia.com\/portal\/#\/schema\/person\/d1df06a83a849b79b2d480e7d8952ce3","name":"Priscila Pereira","image":{"@type":"ImageObject","inLanguage":"pt-BR","@id":"https:\/\/med.estrategia.com\/portal\/#\/schema\/person\/image\/","url":"https:\/\/secure.gravatar.com\/avatar\/fe94f8430a1d23a69c0bc7aab6202e21?s=96&d=mm&r=g","contentUrl":"https:\/\/secure.gravatar.com\/avatar\/fe94f8430a1d23a69c0bc7aab6202e21?s=96&d=mm&r=g","caption":"Priscila Pereira"},"description":"Formada e p\u00f3s-graduada na \u00e1rea de comunica\u00e7\u00e3o, divido minha paix\u00e3o entre o jornalismo e os esportes","url":"https:\/\/med.estrategia.com\/portal\/author\/priscila-pereira\/"}]}},"_wl_alt_label":[],"wl:entity_url":"\/post\/-109031","_links":{"self":[{"href":"https:\/\/med.estrategia.com\/portal\/wp-json\/wp\/v2\/posts\/109031","targetHints":{"allow":["GET"]}}],"collection":[{"href":"https:\/\/med.estrategia.com\/portal\/wp-json\/wp\/v2\/posts"}],"about":[{"href":"https:\/\/med.estrategia.com\/portal\/wp-json\/wp\/v2\/types\/post"}],"author":[{"embeddable":true,"href":"https:\/\/med.estrategia.com\/portal\/wp-json\/wp\/v2\/users\/45"}],"replies":[{"embeddable":true,"href":"https:\/\/med.estrategia.com\/portal\/wp-json\/wp\/v2\/comments?post=109031"}],"version-history":[{"count":3,"href":"https:\/\/med.estrategia.com\/portal\/wp-json\/wp\/v2\/posts\/109031\/revisions"}],"predecessor-version":[{"id":109077,"href":"https:\/\/med.estrategia.com\/portal\/wp-json\/wp\/v2\/posts\/109031\/revisions\/109077"}],"wp:featuredmedia":[{"embeddable":true,"href":"https:\/\/med.estrategia.com\/portal\/wp-json\/wp\/v2\/media\/109059"}],"wp:attachment":[{"href":"https:\/\/med.estrategia.com\/portal\/wp-json\/wp\/v2\/media?parent=109031"}],"wp:term":[{"taxonomy":"category","embeddable":true,"href":"https:\/\/med.estrategia.com\/portal\/wp-json\/wp\/v2\/categories?post=109031"},{"taxonomy":"post_tag","embeddable":true,"href":"https:\/\/med.estrategia.com\/portal\/wp-json\/wp\/v2\/tags?post=109031"},{"taxonomy":"wl_entity_type","embeddable":true,"href":"https:\/\/med.estrategia.com\/portal\/wp-json\/wp\/v2\/wl_entity_type?post=109031"}],"curies":[{"name":"wp","href":"https:\/\/api.w.org\/{rel}","templated":true}]}}