{"id":109242,"date":"2026-04-27T03:27:47","date_gmt":"2026-04-27T06:27:47","guid":{"rendered":"https:\/\/med.estrategia.com\/portal\/?p=109242"},"modified":"2026-04-27T12:34:11","modified_gmt":"2026-04-27T15:34:11","slug":"inep-libera-cronograma-do-enamed-2026-junto-ao-edital-do-enade","status":"publish","type":"post","link":"https:\/\/med.estrategia.com\/portal\/noticias\/inep-libera-cronograma-do-enamed-2026-junto-ao-edital-do-enade\/","title":{"rendered":"INEP libera cronograma do Enamed 2026 junto ao edital do Enade; confira a data da prova"},"content":{"rendered":"<p>O Minist&eacute;rio da Educa&ccedil;&atilde;o (MEC) e o Instituto Nacional de Estudos e Pesquisas Educacionais An&iacute;sio Teixeira (Inep) divulgaram hoje (27) o <strong>edital do Exame Nacional de Desempenho dos Estudantes (Enade) 2026<\/strong>. Junto ao documento, tamb&eacute;m foram publicadas as <strong>primeiras informa&ccedil;&otilde;es e o cronograma oficial do Exame Nacional de Avalia&ccedil;&atilde;o da Forma&ccedil;&atilde;o M&eacute;dica (Enamed) 2026<\/strong>, modalidade da avalia&ccedil;&atilde;o para os cursos de gradua&ccedil;&atilde;o em medicina.<p>De acordo com o edital, a prova objetiva do Enamed 2026 ser&aacute; aplicada no dia <strong>13 de setembro de 2026<\/strong>. As datas do Enamed foram disponibilizadas no Di&aacute;rio Oficial da Uni&atilde;o, incluindo o dia de aplica&ccedil;&atilde;o da prova objetiva e o per&iacute;odo de inscri&ccedil;&otilde;es\/indica&ccedil;&atilde;o do local de provas. Confira os detalhes abaixo.<\/p><div class=\"wp-block-buttons is-content-justification-center is-layout-flex wp-container-core-buttons-is-layout-1 wp-block-buttons-is-layout-flex\">\n<div class=\"wp-block-button\"><a class=\"wp-block-button__link wp-element-button\" href=\"https:\/\/med.estrategia.com\/portal\/wp-content\/uploads\/2026\/04\/EDITAL-No-49-DE-24-DE-ABRIL-DE-2026-EDITAL-No-49-DE-24-DE-ABRIL-DE-2026-DOU-Imprensa-Nacional.pdf\" target=\"_blank\" rel=\"noopener noreferrer\">edital enade e cronograma enamed 2026<\/a><\/div>\n<\/div><p>O Enamed <strong>tamb&eacute;m ser&aacute; aplicado aos estudantes do quarto ano dos cursos de medicina<\/strong>, al&eacute;m dos concluintes. De acordo com o edital, <strong>a participa&ccedil;&atilde;o ser&aacute; obrigat&oacute;ria<\/strong> para todos os alunos regularmente matriculados nessa etapa e passar&aacute; a integrar a matriz curricular dos cursos. <strong>A prova aplicada ser&aacute; a mesma destinada aos formandos e ter&aacute; car&aacute;ter formativo<\/strong>, com o objetivo de acompanhar a aquisi&ccedil;&atilde;o progressiva de compet&ecirc;ncias ao longo da gradua&ccedil;&atilde;o. Os resultados obtidos ser&atilde;o utilizados pelas institui&ccedil;&otilde;es de ensino superior para acompanhamento do desempenho acad&ecirc;mico e autoavalia&ccedil;&atilde;o, al&eacute;m de subsidiar an&aacute;lises diagn&oacute;sticas pelo Minist&eacute;rio da Educa&ccedil;&atilde;o, <strong>sem impacto no c&aacute;lculo do Conceito Enade dos cursos avaliados<\/strong>.<\/p><p>Apesar de o edital n&atilde;o detalhar esse ponto, a expectativa &eacute; de que o <strong>Exame Nacional de Resid&ecirc;ncia (Enare)<\/strong> <strong>mantenha as mesmas datas de inscri&ccedil;&atilde;o e de aplica&ccedil;&atilde;o das provas para todos os candidatos<\/strong>, incluindo aqueles que disputam vagas com pr&eacute;-requisito, al&eacute;m dos programas de acesso direto. Na &uacute;ltima edi&ccedil;&atilde;o, <a href=\"https:\/\/med.estrategia.com\/portal\/noticias\/edital-residencia-medica-enare-2025-2026\/\">o cronograma foi unificado para os dois grupos<\/a>.<\/p><figure class=\"wp-block-embed is-type-video is-provider-youtube wp-block-embed-youtube wp-embed-aspect-16-9 wp-has-aspect-ratio\"><div class=\"wp-block-embed__wrapper\">\n<div class=\"cs-embed cs-embed-responsive\"><iframe title=\"ENAMED 2026: Cronograma Oficial Liberado!\" width=\"1200\" height=\"675\" src=\"https:\/\/www.youtube.com\/embed\/0ZRrt-Td14I?feature=oembed\" frameborder=\"0\" allow=\"accelerometer; autoplay; clipboard-write; encrypted-media; gyroscope; picture-in-picture; web-share\" referrerpolicy=\"strict-origin-when-cross-origin\" allowfullscreen><\/iframe><\/div>\n<\/div><\/figure><div id=\"ez-toc-container\" class=\"ez-toc-v2_0_79_2 counter-hierarchy ez-toc-counter ez-toc-transparent ez-toc-container-direction\">\n<div class=\"ez-toc-title-container\"><p class=\"ez-toc-title\" style=\"cursor:inherit\">Navegue pelo conte\u00fado<\/p>\n<\/div><nav><ul class='ez-toc-list ez-toc-list-level-1 ' ><li class='ez-toc-page-1 ez-toc-heading-level-2'><a class=\"ez-toc-link ez-toc-heading-1\" href=\"https:\/\/med.estrategia.com\/portal\/noticias\/inep-libera-cronograma-do-enamed-2026-junto-ao-edital-do-enade\/#Cronograma-Resumo-Enamed-2026\" >Cronograma Resumo Enamed 2026<\/a><ul class='ez-toc-list-level-3' ><li class='ez-toc-heading-level-3'><a class=\"ez-toc-link ez-toc-heading-2\" href=\"https:\/\/med.estrategia.com\/portal\/noticias\/inep-libera-cronograma-do-enamed-2026-junto-ao-edital-do-enade\/#Inscreva-se-em-nossa-newsletter\" >Inscreva-se em nossa newsletter!<\/a><\/li><\/ul><\/li><li class='ez-toc-page-1 ez-toc-heading-level-2'><a class=\"ez-toc-link ez-toc-heading-3\" href=\"https:\/\/med.estrategia.com\/portal\/noticias\/inep-libera-cronograma-do-enamed-2026-junto-ao-edital-do-enade\/#O-Enamed\" >O Enamed<\/a><\/li><\/ul><\/nav><\/div>\n<h2 class=\"wp-block-heading\" id=\"h-cronograma-resumo-enamed-2026\"><span class=\"ez-toc-section\" id=\"Cronograma-Resumo-Enamed-2026\"><\/span>Cronograma Resumo Enamed 2026<span class=\"ez-toc-section-end\"><\/span><\/h2><ul class=\"wp-block-list\">\n<li><strong>Preenchimento do cadastro e indica&ccedil;&atilde;o do local de prova:<\/strong> 08 a 22\/06\/2026;<\/li>\n\n\n\n<li><strong>1&ordm; per&iacute;odo para Preenchimento do Question&aacute;rio do Estudante:<\/strong> 08 a 22\/06\/2026;<\/li>\n\n\n\n<li><strong>2&ordm; per&iacute;odo para Preenchimento do Question&aacute;rio do Estudante:<\/strong> 08\/07 a 12\/09\/2026<\/li>\n\n\n\n<li><strong>Divulga&ccedil;&atilde;o dos locais de prova:<\/strong> 04\/09\/2026;<\/li>\n\n\n\n<li><strong>Aplica&ccedil;&atilde;o da prova:<\/strong> 13\/09\/2026;<\/li>\n\n\n\n<li><strong>Divulga&ccedil;&atilde;o do gabarito preliminar:<\/strong> 15\/09\/2026;<\/li>\n\n\n\n<li><strong>Interposi&ccedil;&atilde;o de recursos contra o gabarito preliminar:<\/strong> 15 e 16\/09\/2026;<\/li>\n\n\n\n<li><strong>Divulga&ccedil;&atilde;o do gabarito definitivo:<\/strong> 04\/12\/2026;<\/li>\n\n\n\n<li><strong>Divulga&ccedil;&atilde;o do resultado individual:<\/strong> 04\/12\/2026;<\/li>\n\n\n\n<li><strong>Divulga&ccedil;&atilde;o dos resultados: Conceito Enade e Microdados:<\/strong> a partir de 14\/12\/2026;<\/li>\n\n\n\n<li><strong>.Divulga&ccedil;&atilde;o do Boletim de Desempenho no Enade\/divulga&ccedil;&atilde;o dos resultados dos estudantes do quarto ano:<\/strong> a partir de 12\/01\/2027.<\/li>\n<\/ul><p>\n\n\n<div id=\"new-form\">\n\t<form id=\"forms_layout\">\n\t<input type=\"hidden\" id=\"chave_de\" name=\"chave_de\" value=\"01_EMED_LEADS_TOTAIS\" \/>\n\t\t<input type=\"hidden\" id=\"mid\" name=\"mid\" value=\"515009018\" \/>\n\t\t<input type=\"hidden\" id=\"Objetivo\" name=\"Objetivo\" value=\"Medicina\" \/>\n\t\t<input type=\"hidden\" id=\"Estado_de_Origem_do_IP\" name=\"Estado_de_Origem_do_IP\"  value=\"\" \/>\n\t\t<input type=\"hidden\" id=\"Cidade_de_Origem_do_IP\" name=\"Cidade_de_Origem_do_IP\" value=\"\" \/>\n\t\t<input type=\"hidden\" id=\"Modo_de_entrada\" name=\"Modo_de_entrada\" value=\"Portal\" \/>\n\t\t<input type=\"hidden\" id=\"Pagina_Origem\" name=\"Pagina_Origem\" value=\"\" \/>\n\n\t\t<div class=\"texto\">\n\t\t\t<h3 class=\"news\"><span class=\"ez-toc-section\" id=\"Inscreva-se-em-nossa-newsletter\"><\/span>Inscreva-se em nossa newsletter!<span class=\"ez-toc-section-end\"><\/span><\/h3>\n\t\t\t<p>Receba not\u00edcias sobre resid\u00eancia m\u00e9dica, revalida\u00e7\u00e3o de diplomas e concursos m\u00e9dicos, al\u00e9m de materiais de estudo gratuitos e informa\u00e7\u00f5es relevantes do mundo da Medicina.<\/p>\n\t\t<\/div>\n\t\t<div class=\"campos\">\n\t\t\t<div class=\"first_name labels\">\n\t\t\t\t<input type=\"text\" class=\"input_labels\" id=\"first_name\" name=\"Nome_Completo\" placeholder=\"Nome\" required \/>\n\t\t\t<\/div>\n\t\t\t<div class=\"email labels\">\n\t\t\t\t<input type=\"email\" class=\"input_labels\" id=\"email\" name=\"Email\" placeholder=\"E-mail\" required \/>\n\t\t\t<\/div>\n\t\t\t<button type=\"submit\" class=\"button_layout\">\n\t\t\t\t<div id=\"lblBotao\">Inscreva-se<\/div>\n\t\t\t\t<span id=\"divSpiner\" class=\"loader\" role=\"status\" style=\"display: none;\"><\/span>\t\n\t\t\t<\/button>\n\t\t<\/div><!-- \/campos -->\n\t\t\n\t\t<label class=\"container_checkbox\">Voc\u00ea concorda com a nossa\n\t\t\t<a class=\"politics_privacy_ahref\" target=\"_blank\" href=\"https:\/\/gratis.estrategiaconcursos.com.br\/politica-de-privacidade\/\">Pol\u00edtica de Privacidade<\/a> e aceita receber informa\u00e7\u00f5es adicionais do Estrat\u00e9gia Educacional.\n\t\t\t<input id=\"checkbox_layout\" type=\"checkbox\" checked=\"checked\" required \/>\n\t\t\t<span class=\"checkbox\"><\/span>\n\t\t<\/label>\n\t\t<div id=\"msg\"><\/div>\n\t\t<div id=\"error\" class=\"error\">\n\t\t<\/div>\n\t<\/form>\n<\/div><!-- \/new-form -->\n\n\n\n<\/p><h2 class=\"wp-block-heading\" id=\"h-o-enamed\"><span class=\"ez-toc-section\" id=\"O-Enamed\"><\/span>O Enamed<span class=\"ez-toc-section-end\"><\/span><\/h2><p>O&nbsp;<strong>Exame Nacional de Avalia&ccedil;&atilde;o da Forma&ccedil;&atilde;o M&eacute;dica (Enamed)<\/strong>&nbsp;&eacute; uma avalia&ccedil;&atilde;o rec&eacute;m-criada, que teve a sua primeira edi&ccedil;&atilde;o aplicada em 2025 pelo&nbsp;<strong>Instituto Nacional de Estudos e Pesquisas Educacionais An&iacute;sio Teixeira (Inep)<\/strong>. Ele unifica os instrumentos de avalia&ccedil;&atilde;o do&nbsp;<strong>Enade para Medicina<\/strong>&nbsp;com a prova objetiva do&nbsp;<strong>Enare para vagas de Acesso Direto<\/strong>, criando um exame &uacute;nico, anual e&nbsp;<strong>obrigat&oacute;rio para concluintes da gradua&ccedil;&atilde;o em Medicina<\/strong>. A prova abordar&aacute;, principalmente, conte&uacute;dos das&nbsp;<strong>cinco grandes &aacute;reas da Medicina<\/strong>.<\/p><p>Ou seja: o Enamed continua exercendo a fun&ccedil;&atilde;o de avalia&ccedil;&atilde;o das institui&ccedil;&otilde;es formadoras e da qualidade da forma&ccedil;&atilde;o m&eacute;dica no Brasil &ndash; como fazia o Enade &ndash; mas, al&eacute;m disso,&nbsp;<strong>sua nota poder&aacute; ser usada no processo seletivo do Enare<\/strong>&nbsp;para as especialidades de&nbsp;<strong>Acesso Direto.<\/strong>&nbsp;<\/p><p>Se voc&ecirc; quer ficar por dentro de mais conte&uacute;dos relevantes sobre a &aacute;rea m&eacute;dica, continue acompanhando o material preparado pelo Portal de Not&iacute;cias do Estrat&eacute;gia MED. Aqui, voc&ecirc; encontrar&aacute; informa&ccedil;&otilde;es atualizadas sobre resid&ecirc;ncias, carreira m&eacute;dica e muito mais.<\/p><p>\n\n\n\n<a id=\"cta\" class=\"cta-imagem\" href=\"https:\/\/med.estrategia.com\/cursos\/enare\/\" target=\"blank\">\n                <img decoding=\"async\" width=\"100%\" src=\"https:\/\/med.estrategia.com\/portal\/wp-content\/uploads\/2025\/08\/enamed_enare.jpg\" alt=\"enamed_enare\" title=\"enamed_enare\">\n        <\/a>\n<\/p><\/p>\n","protected":false},"excerpt":{"rendered":"O Minist&eacute;rio da Educa&ccedil;&atilde;o (MEC) e o Instituto Nacional de Estudos e Pesquisas Educacionais An&iacute;sio Teixeira (Inep) divulgaram&hellip;\n","protected":false},"author":22,"featured_media":87434,"comment_status":"closed","ping_status":"closed","sticky":true,"template":"","format":"standard","meta":{"wl_entities_gutenberg":"","footnotes":""},"categories":[300],"tags":[],"wl_entity_type":[199],"class_list":{"0":"post-109242","1":"post","2":"type-post","3":"status-publish","4":"format-standard","5":"has-post-thumbnail","7":"category-noticias","8":"wl_entity_type-article"},"acf":[],"yoast_head":"<!-- This site is optimized with the Yoast SEO Premium plugin v26.6 (Yoast SEO v26.6) - https:\/\/yoast.com\/wordpress\/plugins\/seo\/ -->\n<title>INEP libera cronograma do Enamed 2026 junto ao edital do Enade; confira a data da prova<\/title>\n<meta name=\"robots\" content=\"index, follow, max-snippet:-1, max-image-preview:large, max-video-preview:-1\" \/>\n<link rel=\"canonical\" href=\"https:\/\/med.estrategia.com\/portal\/noticias\/inep-libera-cronograma-do-enamed-2026-junto-ao-edital-do-enade\/\" \/>\n<meta property=\"og:locale\" content=\"pt_BR\" \/>\n<meta property=\"og:type\" content=\"article\" \/>\n<meta property=\"og:title\" content=\"INEP libera cronograma do Enamed 2026 junto ao edital do Enade; confira a data da prova\" \/>\n<meta property=\"og:description\" content=\"O Minist&eacute;rio da Educa&ccedil;&atilde;o (MEC) e o Instituto Nacional de Estudos e Pesquisas Educacionais An&iacute;sio Teixeira (Inep) divulgaram&hellip;\" \/>\n<meta property=\"og:url\" content=\"https:\/\/med.estrategia.com\/portal\/noticias\/inep-libera-cronograma-do-enamed-2026-junto-ao-edital-do-enade\/\" \/>\n<meta property=\"og:site_name\" content=\"Estrat\u00e9gia MED\" \/>\n<meta property=\"article:publisher\" content=\"https:\/\/www.facebook.com\/estrategiamed1\" \/>\n<meta property=\"article:published_time\" content=\"2026-04-27T06:27:47+00:00\" \/>\n<meta property=\"article:modified_time\" content=\"2026-04-27T15:34:11+00:00\" \/>\n<meta property=\"og:image\" content=\"https:\/\/med.estrategia.com\/portal\/wp-content\/uploads\/2025\/05\/enamed-atualizacao.png\" \/>\n\t<meta property=\"og:image:width\" content=\"1920\" \/>\n\t<meta property=\"og:image:height\" content=\"1080\" \/>\n\t<meta property=\"og:image:type\" content=\"image\/png\" \/>\n<meta name=\"author\" content=\"Erika Coelho\" \/>\n<meta name=\"twitter:card\" content=\"summary_large_image\" \/>\n<meta name=\"twitter:creator\" content=\"@estrategiamed_\" \/>\n<meta name=\"twitter:site\" content=\"@estrategiamed_\" \/>\n<meta name=\"twitter:label1\" content=\"Escrito por\" \/>\n\t<meta name=\"twitter:data1\" content=\"Erika Coelho\" \/>\n\t<meta name=\"twitter:label2\" content=\"Est. tempo de leitura\" \/>\n\t<meta name=\"twitter:data2\" content=\"3 minutos\" \/>\n<script type=\"application\/ld+json\" class=\"yoast-schema-graph\">{\"@context\":\"https:\/\/schema.org\",\"@graph\":[{\"@type\":\"WebPage\",\"@id\":\"https:\/\/med.estrategia.com\/portal\/noticias\/inep-libera-cronograma-do-enamed-2026-junto-ao-edital-do-enade\/\",\"url\":\"https:\/\/med.estrategia.com\/portal\/noticias\/inep-libera-cronograma-do-enamed-2026-junto-ao-edital-do-enade\/\",\"name\":\"INEP libera cronograma do Enamed 2026 junto ao edital do Enade; confira a data da prova\",\"isPartOf\":{\"@id\":\"https:\/\/med.estrategia.com\/portal\/#website\"},\"primaryImageOfPage\":{\"@id\":\"https:\/\/med.estrategia.com\/portal\/noticias\/inep-libera-cronograma-do-enamed-2026-junto-ao-edital-do-enade\/#primaryimage\"},\"image\":{\"@id\":\"https:\/\/med.estrategia.com\/portal\/noticias\/inep-libera-cronograma-do-enamed-2026-junto-ao-edital-do-enade\/#primaryimage\"},\"thumbnailUrl\":\"https:\/\/med.estrategia.com\/portal\/wp-content\/uploads\/2025\/05\/enamed-atualizacao.png\",\"datePublished\":\"2026-04-27T06:27:47+00:00\",\"dateModified\":\"2026-04-27T15:34:11+00:00\",\"author\":{\"@id\":\"https:\/\/med.estrategia.com\/portal\/#\/schema\/person\/8e7c9b2f53f2eede3b8880ad86ff20a3\"},\"breadcrumb\":{\"@id\":\"https:\/\/med.estrategia.com\/portal\/noticias\/inep-libera-cronograma-do-enamed-2026-junto-ao-edital-do-enade\/#breadcrumb\"},\"inLanguage\":\"pt-BR\",\"potentialAction\":[{\"@type\":\"ReadAction\",\"target\":[\"https:\/\/med.estrategia.com\/portal\/noticias\/inep-libera-cronograma-do-enamed-2026-junto-ao-edital-do-enade\/\"]}]},{\"@type\":\"ImageObject\",\"inLanguage\":\"pt-BR\",\"@id\":\"https:\/\/med.estrategia.com\/portal\/noticias\/inep-libera-cronograma-do-enamed-2026-junto-ao-edital-do-enade\/#primaryimage\",\"url\":\"https:\/\/med.estrategia.com\/portal\/wp-content\/uploads\/2025\/05\/enamed-atualizacao.png\",\"contentUrl\":\"https:\/\/med.estrategia.com\/portal\/wp-content\/uploads\/2025\/05\/enamed-atualizacao.png\",\"width\":1920,\"height\":1080},{\"@type\":\"BreadcrumbList\",\"@id\":\"https:\/\/med.estrategia.com\/portal\/noticias\/inep-libera-cronograma-do-enamed-2026-junto-ao-edital-do-enade\/#breadcrumb\",\"itemListElement\":[{\"@type\":\"ListItem\",\"position\":1,\"name\":\"Home\",\"item\":\"https:\/\/med.estrategia.com\/portal\/\"},{\"@type\":\"ListItem\",\"position\":2,\"name\":\"Not\u00edcias\",\"item\":\"https:\/\/med.estrategia.com\/portal\/noticias\/\"},{\"@type\":\"ListItem\",\"position\":3,\"name\":\"INEP libera cronograma do Enamed 2026 junto ao edital do Enade; confira a data da prova\"}]},{\"@type\":\"WebSite\",\"@id\":\"https:\/\/med.estrategia.com\/portal\/#website\",\"url\":\"https:\/\/med.estrategia.com\/portal\/\",\"name\":\"Estrat\u00e9gia MED\",\"description\":\"\",\"potentialAction\":[{\"@type\":\"SearchAction\",\"target\":{\"@type\":\"EntryPoint\",\"urlTemplate\":\"https:\/\/med.estrategia.com\/portal\/?s={search_term_string}\"},\"query-input\":{\"@type\":\"PropertyValueSpecification\",\"valueRequired\":true,\"valueName\":\"search_term_string\"}}],\"inLanguage\":\"pt-BR\"},{\"@type\":\"Person\",\"@id\":\"https:\/\/med.estrategia.com\/portal\/#\/schema\/person\/8e7c9b2f53f2eede3b8880ad86ff20a3\",\"name\":\"Erika Coelho\",\"image\":{\"@type\":\"ImageObject\",\"inLanguage\":\"pt-BR\",\"@id\":\"https:\/\/med.estrategia.com\/portal\/#\/schema\/person\/image\/\",\"url\":\"https:\/\/secure.gravatar.com\/avatar\/8ef9ff2e2fa53829c640cca8d1a45178?s=96&d=mm&r=g\",\"contentUrl\":\"https:\/\/secure.gravatar.com\/avatar\/8ef9ff2e2fa53829c640cca8d1a45178?s=96&d=mm&r=g\",\"caption\":\"Erika Coelho\"},\"description\":\"Jornalista pela Universidade Presbiteriana Mackenzie, escrevo sobre educa\u00e7\u00e3o, sa\u00fade e pol\u00edticas p\u00fablicas\",\"url\":\"https:\/\/med.estrategia.com\/portal\/author\/erika\/\"}]}<\/script>\n<!-- \/ Yoast SEO Premium plugin. -->","yoast_head_json":{"title":"INEP libera cronograma do Enamed 2026 junto ao edital do Enade; confira a data da prova","robots":{"index":"index","follow":"follow","max-snippet":"max-snippet:-1","max-image-preview":"max-image-preview:large","max-video-preview":"max-video-preview:-1"},"canonical":"https:\/\/med.estrategia.com\/portal\/noticias\/inep-libera-cronograma-do-enamed-2026-junto-ao-edital-do-enade\/","og_locale":"pt_BR","og_type":"article","og_title":"INEP libera cronograma do Enamed 2026 junto ao edital do Enade; confira a data da prova","og_description":"O Minist&eacute;rio da Educa&ccedil;&atilde;o (MEC) e o Instituto Nacional de Estudos e Pesquisas Educacionais An&iacute;sio Teixeira (Inep) divulgaram&hellip;","og_url":"https:\/\/med.estrategia.com\/portal\/noticias\/inep-libera-cronograma-do-enamed-2026-junto-ao-edital-do-enade\/","og_site_name":"Estrat\u00e9gia MED","article_publisher":"https:\/\/www.facebook.com\/estrategiamed1","article_published_time":"2026-04-27T06:27:47+00:00","article_modified_time":"2026-04-27T15:34:11+00:00","og_image":[{"width":1920,"height":1080,"url":"https:\/\/med.estrategia.com\/portal\/wp-content\/uploads\/2025\/05\/enamed-atualizacao.png","type":"image\/png"}],"author":"Erika Coelho","twitter_card":"summary_large_image","twitter_creator":"@estrategiamed_","twitter_site":"@estrategiamed_","twitter_misc":{"Escrito por":"Erika Coelho","Est. tempo de leitura":"3 minutos"},"schema":{"@context":"https:\/\/schema.org","@graph":[{"@type":"WebPage","@id":"https:\/\/med.estrategia.com\/portal\/noticias\/inep-libera-cronograma-do-enamed-2026-junto-ao-edital-do-enade\/","url":"https:\/\/med.estrategia.com\/portal\/noticias\/inep-libera-cronograma-do-enamed-2026-junto-ao-edital-do-enade\/","name":"INEP libera cronograma do Enamed 2026 junto ao edital do Enade; confira a data da prova","isPartOf":{"@id":"https:\/\/med.estrategia.com\/portal\/#website"},"primaryImageOfPage":{"@id":"https:\/\/med.estrategia.com\/portal\/noticias\/inep-libera-cronograma-do-enamed-2026-junto-ao-edital-do-enade\/#primaryimage"},"image":{"@id":"https:\/\/med.estrategia.com\/portal\/noticias\/inep-libera-cronograma-do-enamed-2026-junto-ao-edital-do-enade\/#primaryimage"},"thumbnailUrl":"https:\/\/med.estrategia.com\/portal\/wp-content\/uploads\/2025\/05\/enamed-atualizacao.png","datePublished":"2026-04-27T06:27:47+00:00","dateModified":"2026-04-27T15:34:11+00:00","author":{"@id":"https:\/\/med.estrategia.com\/portal\/#\/schema\/person\/8e7c9b2f53f2eede3b8880ad86ff20a3"},"breadcrumb":{"@id":"https:\/\/med.estrategia.com\/portal\/noticias\/inep-libera-cronograma-do-enamed-2026-junto-ao-edital-do-enade\/#breadcrumb"},"inLanguage":"pt-BR","potentialAction":[{"@type":"ReadAction","target":["https:\/\/med.estrategia.com\/portal\/noticias\/inep-libera-cronograma-do-enamed-2026-junto-ao-edital-do-enade\/"]}]},{"@type":"ImageObject","inLanguage":"pt-BR","@id":"https:\/\/med.estrategia.com\/portal\/noticias\/inep-libera-cronograma-do-enamed-2026-junto-ao-edital-do-enade\/#primaryimage","url":"https:\/\/med.estrategia.com\/portal\/wp-content\/uploads\/2025\/05\/enamed-atualizacao.png","contentUrl":"https:\/\/med.estrategia.com\/portal\/wp-content\/uploads\/2025\/05\/enamed-atualizacao.png","width":1920,"height":1080},{"@type":"BreadcrumbList","@id":"https:\/\/med.estrategia.com\/portal\/noticias\/inep-libera-cronograma-do-enamed-2026-junto-ao-edital-do-enade\/#breadcrumb","itemListElement":[{"@type":"ListItem","position":1,"name":"Home","item":"https:\/\/med.estrategia.com\/portal\/"},{"@type":"ListItem","position":2,"name":"Not\u00edcias","item":"https:\/\/med.estrategia.com\/portal\/noticias\/"},{"@type":"ListItem","position":3,"name":"INEP libera cronograma do Enamed 2026 junto ao edital do Enade; confira a data da prova"}]},{"@type":"WebSite","@id":"https:\/\/med.estrategia.com\/portal\/#website","url":"https:\/\/med.estrategia.com\/portal\/","name":"Estrat\u00e9gia MED","description":"","potentialAction":[{"@type":"SearchAction","target":{"@type":"EntryPoint","urlTemplate":"https:\/\/med.estrategia.com\/portal\/?s={search_term_string}"},"query-input":{"@type":"PropertyValueSpecification","valueRequired":true,"valueName":"search_term_string"}}],"inLanguage":"pt-BR"},{"@type":"Person","@id":"https:\/\/med.estrategia.com\/portal\/#\/schema\/person\/8e7c9b2f53f2eede3b8880ad86ff20a3","name":"Erika Coelho","image":{"@type":"ImageObject","inLanguage":"pt-BR","@id":"https:\/\/med.estrategia.com\/portal\/#\/schema\/person\/image\/","url":"https:\/\/secure.gravatar.com\/avatar\/8ef9ff2e2fa53829c640cca8d1a45178?s=96&d=mm&r=g","contentUrl":"https:\/\/secure.gravatar.com\/avatar\/8ef9ff2e2fa53829c640cca8d1a45178?s=96&d=mm&r=g","caption":"Erika Coelho"},"description":"Jornalista pela Universidade Presbiteriana Mackenzie, escrevo sobre educa\u00e7\u00e3o, sa\u00fade e pol\u00edticas p\u00fablicas","url":"https:\/\/med.estrategia.com\/portal\/author\/erika\/"}]}},"_wl_alt_label":[],"wl:entity_url":"\/post\/edital-enade-confira-a-data-do-enamed-2026-109242","_links":{"self":[{"href":"https:\/\/med.estrategia.com\/portal\/wp-json\/wp\/v2\/posts\/109242","targetHints":{"allow":["GET"]}}],"collection":[{"href":"https:\/\/med.estrategia.com\/portal\/wp-json\/wp\/v2\/posts"}],"about":[{"href":"https:\/\/med.estrategia.com\/portal\/wp-json\/wp\/v2\/types\/post"}],"author":[{"embeddable":true,"href":"https:\/\/med.estrategia.com\/portal\/wp-json\/wp\/v2\/users\/22"}],"replies":[{"embeddable":true,"href":"https:\/\/med.estrategia.com\/portal\/wp-json\/wp\/v2\/comments?post=109242"}],"version-history":[{"count":6,"href":"https:\/\/med.estrategia.com\/portal\/wp-json\/wp\/v2\/posts\/109242\/revisions"}],"predecessor-version":[{"id":109658,"href":"https:\/\/med.estrategia.com\/portal\/wp-json\/wp\/v2\/posts\/109242\/revisions\/109658"}],"wp:featuredmedia":[{"embeddable":true,"href":"https:\/\/med.estrategia.com\/portal\/wp-json\/wp\/v2\/media\/87434"}],"wp:attachment":[{"href":"https:\/\/med.estrategia.com\/portal\/wp-json\/wp\/v2\/media?parent=109242"}],"wp:term":[{"taxonomy":"category","embeddable":true,"href":"https:\/\/med.estrategia.com\/portal\/wp-json\/wp\/v2\/categories?post=109242"},{"taxonomy":"post_tag","embeddable":true,"href":"https:\/\/med.estrategia.com\/portal\/wp-json\/wp\/v2\/tags?post=109242"},{"taxonomy":"wl_entity_type","embeddable":true,"href":"https:\/\/med.estrategia.com\/portal\/wp-json\/wp\/v2\/wl_entity_type?post=109242"}],"curies":[{"name":"wp","href":"https:\/\/api.w.org\/{rel}","templated":true}]}}