{"id":109664,"date":"2026-04-28T09:47:32","date_gmt":"2026-04-28T12:47:32","guid":{"rendered":"https:\/\/med.estrategia.com\/portal\/?p=109664"},"modified":"2026-04-28T12:25:18","modified_gmt":"2026-04-28T15:25:18","slug":"instituicoes-confirmadas-no-enare-2026-2027","status":"publish","type":"post","link":"https:\/\/med.estrategia.com\/portal\/noticias\/instituicoes-confirmadas-no-enare-2026-2027\/","title":{"rendered":"Institui\u00e7\u00f5es confirmadas no ENARE 2026\/2027"},"content":{"rendered":"<p>Para quem pretende ingressar na resid&ecirc;ncia m&eacute;dica em 2027 por meio do<strong> Exame Nacional de Resid&ecirc;ncia (ENARE)<\/strong>, acompanhar a <strong>lista de institui&ccedil;&otilde;es participantes e as vagas ofertadas<\/strong> &eacute; indispens&aacute;vel. A defini&ccedil;&atilde;o da institui&ccedil;&atilde;o onde ser&aacute; realizada a resid&ecirc;ncia pode influenciar significativamente a qualidade da forma&ccedil;&atilde;o e as oportunidades profissionais futuras.<p>Por este motivo, para te manter bem informado, separamos em primeira m&atilde;o, quais delas pretendem aderir ao <strong>ENARE 2026\/2027 para resid&ecirc;ncia m&eacute;dica<\/strong> e quais devem manter seu seletivo pr&oacute;prio. Acompanhe as atualiza&ccedil;&otilde;es abaixo!<\/p><p>\n\n\n<div id=\"new-form\">\n\t<form id=\"forms_layout\">\n\t<input type=\"hidden\" id=\"chave_de\" name=\"chave_de\" value=\"01_EMED_LEADS_TOTAIS\" \/>\n\t\t<input type=\"hidden\" id=\"mid\" name=\"mid\" value=\"515009018\" \/>\n\t\t<input type=\"hidden\" id=\"Objetivo\" name=\"Objetivo\" value=\"Medicina\" \/>\n\t\t<input type=\"hidden\" id=\"Estado_de_Origem_do_IP\" name=\"Estado_de_Origem_do_IP\"  value=\"\" \/>\n\t\t<input type=\"hidden\" id=\"Cidade_de_Origem_do_IP\" name=\"Cidade_de_Origem_do_IP\" value=\"\" \/>\n\t\t<input type=\"hidden\" id=\"Modo_de_entrada\" name=\"Modo_de_entrada\" value=\"Portal\" \/>\n\t\t<input type=\"hidden\" id=\"Pagina_Origem\" name=\"Pagina_Origem\" value=\"\" \/>\n\n\t\t<div class=\"texto\">\n\t\t\t<div id=\"ez-toc-container\" class=\"ez-toc-v2_0_79_2 counter-hierarchy ez-toc-counter ez-toc-transparent ez-toc-container-direction\">\n<div class=\"ez-toc-title-container\"><p class=\"ez-toc-title\" style=\"cursor:inherit\">Navegue pelo conte\u00fado<\/p>\n<\/div><nav><ul class='ez-toc-list ez-toc-list-level-1 ' ><ul class='ez-toc-list-level-3' ><li class='ez-toc-heading-level-3'><a class=\"ez-toc-link ez-toc-heading-1\" href=\"https:\/\/med.estrategia.com\/portal\/noticias\/instituicoes-confirmadas-no-enare-2026-2027\/#Inscreva-se-em-nossa-newsletter\" >Inscreva-se em nossa newsletter!<\/a><\/li><\/ul><\/li><li class='ez-toc-page-1 ez-toc-heading-level-2'><a class=\"ez-toc-link ez-toc-heading-2\" href=\"https:\/\/med.estrategia.com\/portal\/noticias\/instituicoes-confirmadas-no-enare-2026-2027\/#Instituicoes-confirmadas-no-ENARE-20262027\" >Institui&ccedil;&otilde;es confirmadas no ENARE 2026\/2027<\/a><\/li><li class='ez-toc-page-1 ez-toc-heading-level-2'><a class=\"ez-toc-link ez-toc-heading-3\" href=\"https:\/\/med.estrategia.com\/portal\/noticias\/instituicoes-confirmadas-no-enare-2026-2027\/#Instituicoes-que-nao-devem-aderir-ao-ENARE-20262027\" >Institui&ccedil;&otilde;es que n&atilde;o devem aderir ao ENARE 2026\/2027<\/a><\/li><li class='ez-toc-page-1 ez-toc-heading-level-2'><a class=\"ez-toc-link ez-toc-heading-4\" href=\"https:\/\/med.estrategia.com\/portal\/noticias\/instituicoes-confirmadas-no-enare-2026-2027\/#Como-sera-o-ENARE-20262027\" >Como ser&aacute; o ENARE 2026\/2027?<\/a><\/li><\/ul><\/nav><\/div>\n<h3 class=\"news\"><span class=\"ez-toc-section\" id=\"Inscreva-se-em-nossa-newsletter\"><\/span>Inscreva-se em nossa newsletter!<span class=\"ez-toc-section-end\"><\/span><\/h3>\n\t\t\t<p>Receba not\u00edcias sobre resid\u00eancia m\u00e9dica, revalida\u00e7\u00e3o de diplomas e concursos m\u00e9dicos, al\u00e9m de materiais de estudo gratuitos e informa\u00e7\u00f5es relevantes do mundo da Medicina.<\/p>\n\t\t<\/div>\n\t\t<div class=\"campos\">\n\t\t\t<div class=\"first_name labels\">\n\t\t\t\t<input type=\"text\" class=\"input_labels\" id=\"first_name\" name=\"Nome_Completo\" placeholder=\"Nome\" required \/>\n\t\t\t<\/div>\n\t\t\t<div class=\"email labels\">\n\t\t\t\t<input type=\"email\" class=\"input_labels\" id=\"email\" name=\"Email\" placeholder=\"E-mail\" required \/>\n\t\t\t<\/div>\n\t\t\t<button type=\"submit\" class=\"button_layout\">\n\t\t\t\t<div id=\"lblBotao\">Inscreva-se<\/div>\n\t\t\t\t<span id=\"divSpiner\" class=\"loader\" role=\"status\" style=\"display: none;\"><\/span>\t\n\t\t\t<\/button>\n\t\t<\/div><!-- \/campos -->\n\t\t\n\t\t<label class=\"container_checkbox\">Voc\u00ea concorda com a nossa\n\t\t\t<a class=\"politics_privacy_ahref\" target=\"_blank\" href=\"https:\/\/gratis.estrategiaconcursos.com.br\/politica-de-privacidade\/\">Pol\u00edtica de Privacidade<\/a> e aceita receber informa\u00e7\u00f5es adicionais do Estrat\u00e9gia Educacional.\n\t\t\t<input id=\"checkbox_layout\" type=\"checkbox\" checked=\"checked\" required \/>\n\t\t\t<span class=\"checkbox\"><\/span>\n\t\t<\/label>\n\t\t<div id=\"msg\"><\/div>\n\t\t<div id=\"error\" class=\"error\">\n\t\t<\/div>\n\t<\/form>\n<\/div><!-- \/new-form -->\n\n\n\n<\/p><h2 class=\"wp-block-heading\" id=\"h-instituicoes-confirmadas-no-enare-2026-2027\"><span class=\"ez-toc-section\" id=\"Instituicoes-confirmadas-no-ENARE-20262027\"><\/span>Institui&ccedil;&otilde;es confirmadas no ENARE 2026\/2027<span class=\"ez-toc-section-end\"><\/span><\/h2><p>A seguir, confira as <strong>institui&ccedil;&otilde;es<\/strong> <strong>confirmadas no<\/strong> <strong>ENARE 2026\/2027<\/strong> <strong>para resid&ecirc;ncia m&eacute;dica<\/strong>:<\/p><figure class=\"wp-block-table has-small-font-size\"><table><thead><tr><th class=\"has-text-align-center\" data-align=\"center\">UF<\/th><th class=\"has-text-align-center\" data-align=\"center\">INSTITUI&Ccedil;&Atilde;O<\/th><\/tr><\/thead><tbody><tr><td class=\"has-text-align-center\" data-align=\"center\">MG<\/td><td class=\"has-text-align-center\" data-align=\"center\">Hospital Eduardo de Menezes<\/td><\/tr><tr><td class=\"has-text-align-center\" data-align=\"center\">MG<\/td><td class=\"has-text-align-center\" data-align=\"center\">Hospital da Pol&iacute;cia Militar de Minas Gerais<\/td><\/tr><tr><td class=\"has-text-align-center\" data-align=\"center\">BA<\/td><td class=\"has-text-align-center\" data-align=\"center\">Hospital Geral Roberto Santos<\/td><\/tr><tr><td class=\"has-text-align-center\" data-align=\"center\">RJ<\/td><td class=\"has-text-align-center\" data-align=\"center\">Hospital Federal do Andara&iacute;<\/td><\/tr><tr><td class=\"has-text-align-center\" data-align=\"center\">MG<\/td><td class=\"has-text-align-center\" data-align=\"center\">Hospital Regional Ant&ocirc;nio Dias<\/td><\/tr><tr><td class=\"has-text-align-center\" data-align=\"center\">CE<\/td><td class=\"has-text-align-center\" data-align=\"center\">Instituto Madre Teresa de Apoio a Vida<\/td><\/tr><tr><td class=\"has-text-align-center\" data-align=\"center\">CE<\/td><td class=\"has-text-align-center\" data-align=\"center\">Secretaria Municipal da Sa&uacute;de de Sobral<\/td><\/tr><tr><td class=\"has-text-align-center\" data-align=\"center\">SP<\/td><td class=\"has-text-align-center\" data-align=\"center\">Unaerp<\/td><\/tr><tr><td class=\"has-text-align-center\" data-align=\"center\">MS<\/td><td class=\"has-text-align-center\" data-align=\"center\">Universidade Federal de Mato Grosso do Sul (UFMS)<\/td><\/tr><tr><td class=\"has-text-align-center\" data-align=\"center\">RJ<\/td><td class=\"has-text-align-center\" data-align=\"center\">Universidade Federal do Rio de Janeiro (UFRJ)<\/td><\/tr><tr><td class=\"has-text-align-center\" data-align=\"center\">TO<\/td><td class=\"has-text-align-center\" data-align=\"center\">Universidade Federal do Tocantins (UFT)<\/td><\/tr><\/tbody><\/table><\/figure><h2 class=\"wp-block-heading\" id=\"h-instituicoes-que-nao-devem-aderir-ao-enare-2026-2027\"><span class=\"ez-toc-section\" id=\"Instituicoes-que-nao-devem-aderir-ao-ENARE-20262027\"><\/span>Institui&ccedil;&otilde;es que n&atilde;o devem aderir ao ENARE 2026\/2027<span class=\"ez-toc-section-end\"><\/span><\/h2><p>Al&eacute;m das confirmadas na nova edi&ccedil;&atilde;o do exame, tivemos retorno de <strong>institui&ccedil;&otilde;es que pretendem manter seletivo pr&oacute;prio OU devem participar de outro seletivo unificado para o ciclo 2026\/2027<\/strong> de resid&ecirc;ncia m&eacute;dica. Confira quais s&atilde;o:<\/p><figure class=\"wp-block-table has-small-font-size\"><table><thead><tr><th class=\"has-text-align-center\" data-align=\"center\">UF<\/th><th class=\"has-text-align-center\" data-align=\"center\">INSTITUI&Ccedil;&Atilde;O<\/th><th class=\"has-text-align-center\" data-align=\"center\">SELETIVO<\/th><\/tr><\/thead><tbody><tr><td class=\"has-text-align-center\" data-align=\"center\">SP<\/td><td class=\"has-text-align-center\" data-align=\"center\">Hospital Oftalmol&oacute;gico de Sorocaba (HOS\/BOS)<\/td><td class=\"has-text-align-center\" data-align=\"center\">Pr&oacute;prio<\/td><\/tr><tr><td class=\"has-text-align-center\" data-align=\"center\">SP<\/td><td class=\"has-text-align-center\" data-align=\"center\">Hospital S&iacute;rio-Liban&ecirc;s<\/td><td class=\"has-text-align-center\" data-align=\"center\">Pr&oacute;prio<\/td><\/tr><tr><td class=\"has-text-align-center\" data-align=\"center\">SP<\/td><td class=\"has-text-align-center\" data-align=\"center\">Instituto de Assist&ecirc;ncia M&eacute;dica ao Servidor P&uacute;blico Estadual de S&atilde;o Paulo (IAMSPE)<\/td><td class=\"has-text-align-center\" data-align=\"center\">Pr&oacute;prio<\/td><\/tr><tr><td class=\"has-text-align-center\" data-align=\"center\">SP<\/td><td class=\"has-text-align-center\" data-align=\"center\">PUC-Campinas<\/td><td class=\"has-text-align-center\" data-align=\"center\">Pr&oacute;prio<\/td><\/tr><tr><td class=\"has-text-align-center\" data-align=\"center\">SP<\/td><td class=\"has-text-align-center\" data-align=\"center\">Universidade Estadual Paulista (UNESP)<\/td><td class=\"has-text-align-center\" data-align=\"center\">Pr&oacute;prio<\/td><\/tr><tr><td class=\"has-text-align-center\" data-align=\"center\">RS<\/td><td class=\"has-text-align-center\" data-align=\"center\">Universidade Federal de Ci&ecirc;ncias da Sa&uacute;de de Porto Alegre (UFCSPA)<\/td><td class=\"has-text-align-center\" data-align=\"center\">Pr&oacute;prio<\/td><\/tr><tr><td class=\"has-text-align-center\" data-align=\"center\">RS<\/td><td class=\"has-text-align-center\" data-align=\"center\">Universidade Federal de Santa Maria<\/td><td class=\"has-text-align-center\" data-align=\"center\">AMRIGS<\/td><\/tr><tr><td class=\"has-text-align-center\" data-align=\"center\">SP<\/td><td class=\"has-text-align-center\" data-align=\"center\">Universidade de S&atilde;o Paulo (USP-SP)<\/td><td class=\"has-text-align-center\" data-align=\"center\">Pr&oacute;prio<\/td><\/tr><\/tbody><\/table><\/figure><p class=\"wp-block-verse has-text-align-center has-medium-font-size\"><strong>Confirma&ccedil;&atilde;o e informa&ccedil;&otilde;es detalhadas sobre os processos seletivos pr&oacute;prios\/unificados dever&atilde;o ser divulgadas posteriormente, por meio dos respectivos editais.<\/strong><\/p><h2 class=\"wp-block-heading\" id=\"h-como-sera-o-enare-2026-2027\"><span class=\"ez-toc-section\" id=\"Como-sera-o-ENARE-20262027\"><\/span>Como ser&aacute; o ENARE 2026\/2027?<span class=\"ez-toc-section-end\"><\/span><\/h2><p>O Exame Nacional de Resid&ecirc;ncia (Enare) 2026\/2027, assim como sua &uacute;ltima edi&ccedil;&atilde;o finalizada, contar&aacute; com&nbsp;<strong>uma &uacute;nica etapa obrigat&oacute;ria e eliminat&oacute;ria: uma prova escrita objetiva<\/strong>, que valer&aacute; 100% da nota final dos candidatos.<\/p><p>Para os programas de Resid&ecirc;ncia M&eacute;dica de<strong>&nbsp;Acesso Direto<\/strong>, as provas ser&atilde;o<strong>&nbsp;aplicadas pelo Instituto Nacional de Estudos e Pesquisas Educacionais An&iacute;sio Teixeira (Inep)<\/strong>, integradas ao&nbsp;<a href=\"https:\/\/med.estrategia.com\/portal\/noticias\/o-que-e-o-enamed-nota-podera-ser-utilizada-no-enare\/\" target=\"_blank\">Exame Nacional de Avalia&ccedil;&atilde;o da Forma&ccedil;&atilde;o M&eacute;dica (Enamed)<\/a>.<\/p><div class=\"wp-block-buttons is-content-justification-center is-layout-flex wp-container-core-buttons-is-layout-1 wp-block-buttons-is-layout-flex\">\n<div class=\"wp-block-button\"><a class=\"wp-block-button__link wp-element-button\" href=\"https:\/\/med.estrategia.com\/portal\/residencia-medica\/enare-vagas-cronograma-provas-edital\/\" target=\"_blank\">Tudo sobre o Enare<\/a><\/div>\n\n\n\n<div class=\"wp-block-button\"><a class=\"wp-block-button__link wp-element-button\" href=\"https:\/\/med.estrategia.com\/portal\/noticias\/o-que-e-o-enamed-nota-podera-ser-utilizada-no-enare\/\" target=\"_blank\">Saiba mais sobre o Enamed<\/a><\/div>\n<\/div><p>J&aacute; as provas para&nbsp;<strong>Ano Adicional, &Aacute;rea de Atua&ccedil;&atilde;o, Pr&eacute;-requisito e Resid&ecirc;ncia Multiprofissional e em &Aacute;rea Profissional da Sa&uacute;de<\/strong>&nbsp;ficar&atilde;o a cargo de bancas contratadas especificamente para essa finalidade. <\/p><p class=\"wp-block-verse\">Confira tamb&eacute;m: <br>+ <a href=\"https:\/\/med.estrategia.com\/portal\/noticias\/adesao-instituicoes-enare-2026-2027\/\">Institui&ccedil;&otilde;es poder&atilde;o aderir ao ENARE 2026\/2027 a partir de 27 de abril<\/a><br>+ <a href=\"https:\/\/med.estrategia.com\/portal\/noticias\/inep-libera-cronograma-do-enamed-2026-junto-ao-edital-do-enade\/\">INEP libera cronograma do Enamed 2026 junto ao edital do Enade; confira a data da prova<\/a><\/p><p>Para n&atilde;o perder nenhuma atualiza&ccedil;&atilde;o no universo da medicina e ficar por dentro dos seletivos de Resid&ecirc;ncia M&eacute;dica, de revalida&ccedil;&atilde;o de diplomas e conte&uacute;dos t&eacute;cnicos, continue acessando o&nbsp;<a href=\"https:\/\/med.estrategia.com\/portal\/\" target=\"_blank\">Portal do Estrat&eacute;gia MED<\/a>!<\/p><p>\n\n\n\n<a id=\"cta\" class=\"cta-imagem\" href=\"https:\/\/med.estrategia.com\/cursos\/enare\/\" target=\"blank\">\n                <img decoding=\"async\" width=\"100%\" src=\"https:\/\/med.estrategia.com\/portal\/wp-content\/uploads\/2025\/08\/enamed_enare.jpg\" alt=\"enamed_enare\" title=\"enamed_enare\">\n        <\/a>\n<\/p><\/p>\n","protected":false},"excerpt":{"rendered":"Para quem pretende ingressar na resid&ecirc;ncia m&eacute;dica em 2027 por meio do Exame Nacional de Resid&ecirc;ncia (ENARE), acompanhar&hellip;\n","protected":false},"author":39,"featured_media":85462,"comment_status":"closed","ping_status":"closed","sticky":true,"template":"","format":"standard","meta":{"wl_entities_gutenberg":"","footnotes":""},"categories":[300],"tags":[],"wl_entity_type":[199],"class_list":{"0":"post-109664","1":"post","2":"type-post","3":"status-publish","4":"format-standard","5":"has-post-thumbnail","7":"category-noticias","8":"wl_entity_type-article"},"acf":[],"yoast_head":"<!-- This site is optimized with the Yoast SEO Premium plugin v26.6 (Yoast SEO v26.6) - https:\/\/yoast.com\/wordpress\/plugins\/seo\/ -->\n<title>Institui\u00e7\u00f5es confirmadas no ENARE 2026\/2027<\/title>\n<meta name=\"description\" content=\"Confira com o Estrat\u00e9gia MED quais institui\u00e7\u00f5es aderiram ao processo seletivo de Resid\u00eancia M\u00e9dica do ENARE 2026\/2027!\" \/>\n<meta name=\"robots\" content=\"index, follow, max-snippet:-1, max-image-preview:large, max-video-preview:-1\" \/>\n<link rel=\"canonical\" href=\"https:\/\/med.estrategia.com\/portal\/noticias\/instituicoes-confirmadas-no-enare-2026-2027\/\" \/>\n<meta property=\"og:locale\" content=\"pt_BR\" \/>\n<meta property=\"og:type\" content=\"article\" \/>\n<meta property=\"og:title\" content=\"Institui\u00e7\u00f5es confirmadas no ENARE 2026\/2027\" \/>\n<meta property=\"og:description\" content=\"Confira com o Estrat\u00e9gia MED quais institui\u00e7\u00f5es aderiram ao processo seletivo de Resid\u00eancia M\u00e9dica do ENARE 2026\/2027!\" \/>\n<meta property=\"og:url\" content=\"https:\/\/med.estrategia.com\/portal\/noticias\/instituicoes-confirmadas-no-enare-2026-2027\/\" \/>\n<meta property=\"og:site_name\" content=\"Estrat\u00e9gia MED\" \/>\n<meta property=\"article:publisher\" content=\"https:\/\/www.facebook.com\/estrategiamed1\" \/>\n<meta property=\"article:published_time\" content=\"2026-04-28T12:47:32+00:00\" \/>\n<meta property=\"article:modified_time\" content=\"2026-04-28T15:25:18+00:00\" \/>\n<meta property=\"og:image\" content=\"https:\/\/med.estrategia.com\/portal\/wp-content\/uploads\/2025\/04\/enare-atualizacao.jpg\" \/>\n\t<meta property=\"og:image:width\" content=\"1920\" \/>\n\t<meta property=\"og:image:height\" content=\"1080\" \/>\n\t<meta property=\"og:image:type\" content=\"image\/jpeg\" \/>\n<meta name=\"author\" content=\"Ana Carolina Damasceno\" \/>\n<meta name=\"twitter:card\" content=\"summary_large_image\" \/>\n<meta name=\"twitter:creator\" content=\"@estrategiamed_\" \/>\n<meta name=\"twitter:site\" content=\"@estrategiamed_\" \/>\n<meta name=\"twitter:label1\" content=\"Escrito por\" \/>\n\t<meta name=\"twitter:data1\" content=\"Ana Carolina Damasceno\" \/>\n\t<meta name=\"twitter:label2\" content=\"Est. tempo de leitura\" \/>\n\t<meta name=\"twitter:data2\" content=\"3 minutos\" \/>\n<script type=\"application\/ld+json\" class=\"yoast-schema-graph\">{\"@context\":\"https:\/\/schema.org\",\"@graph\":[{\"@type\":\"WebPage\",\"@id\":\"https:\/\/med.estrategia.com\/portal\/noticias\/instituicoes-confirmadas-no-enare-2026-2027\/\",\"url\":\"https:\/\/med.estrategia.com\/portal\/noticias\/instituicoes-confirmadas-no-enare-2026-2027\/\",\"name\":\"Institui\u00e7\u00f5es confirmadas no ENARE 2026\/2027\",\"isPartOf\":{\"@id\":\"https:\/\/med.estrategia.com\/portal\/#website\"},\"primaryImageOfPage\":{\"@id\":\"https:\/\/med.estrategia.com\/portal\/noticias\/instituicoes-confirmadas-no-enare-2026-2027\/#primaryimage\"},\"image\":{\"@id\":\"https:\/\/med.estrategia.com\/portal\/noticias\/instituicoes-confirmadas-no-enare-2026-2027\/#primaryimage\"},\"thumbnailUrl\":\"https:\/\/med.estrategia.com\/portal\/wp-content\/uploads\/2025\/04\/enare-atualizacao.jpg\",\"datePublished\":\"2026-04-28T12:47:32+00:00\",\"dateModified\":\"2026-04-28T15:25:18+00:00\",\"author\":{\"@id\":\"https:\/\/med.estrategia.com\/portal\/#\/schema\/person\/2f553adbb8e25fe39d145c5b2927f58c\"},\"description\":\"Confira com o Estrat\u00e9gia MED quais institui\u00e7\u00f5es aderiram ao processo seletivo de Resid\u00eancia M\u00e9dica do ENARE 2026\/2027!\",\"breadcrumb\":{\"@id\":\"https:\/\/med.estrategia.com\/portal\/noticias\/instituicoes-confirmadas-no-enare-2026-2027\/#breadcrumb\"},\"inLanguage\":\"pt-BR\",\"potentialAction\":[{\"@type\":\"ReadAction\",\"target\":[\"https:\/\/med.estrategia.com\/portal\/noticias\/instituicoes-confirmadas-no-enare-2026-2027\/\"]}]},{\"@type\":\"ImageObject\",\"inLanguage\":\"pt-BR\",\"@id\":\"https:\/\/med.estrategia.com\/portal\/noticias\/instituicoes-confirmadas-no-enare-2026-2027\/#primaryimage\",\"url\":\"https:\/\/med.estrategia.com\/portal\/wp-content\/uploads\/2025\/04\/enare-atualizacao.jpg\",\"contentUrl\":\"https:\/\/med.estrategia.com\/portal\/wp-content\/uploads\/2025\/04\/enare-atualizacao.jpg\",\"width\":1920,\"height\":1080,\"caption\":\"Estrat\u00e9gia MED | Foto: Divulga\u00e7\u00e3o\/UFMG\"},{\"@type\":\"BreadcrumbList\",\"@id\":\"https:\/\/med.estrategia.com\/portal\/noticias\/instituicoes-confirmadas-no-enare-2026-2027\/#breadcrumb\",\"itemListElement\":[{\"@type\":\"ListItem\",\"position\":1,\"name\":\"Home\",\"item\":\"https:\/\/med.estrategia.com\/portal\/\"},{\"@type\":\"ListItem\",\"position\":2,\"name\":\"Not\u00edcias\",\"item\":\"https:\/\/med.estrategia.com\/portal\/noticias\/\"},{\"@type\":\"ListItem\",\"position\":3,\"name\":\"Institui\u00e7\u00f5es confirmadas no ENARE 2026\/2027\"}]},{\"@type\":\"WebSite\",\"@id\":\"https:\/\/med.estrategia.com\/portal\/#website\",\"url\":\"https:\/\/med.estrategia.com\/portal\/\",\"name\":\"Estrat\u00e9gia MED\",\"description\":\"\",\"potentialAction\":[{\"@type\":\"SearchAction\",\"target\":{\"@type\":\"EntryPoint\",\"urlTemplate\":\"https:\/\/med.estrategia.com\/portal\/?s={search_term_string}\"},\"query-input\":{\"@type\":\"PropertyValueSpecification\",\"valueRequired\":true,\"valueName\":\"search_term_string\"}}],\"inLanguage\":\"pt-BR\"},{\"@type\":\"Person\",\"@id\":\"https:\/\/med.estrategia.com\/portal\/#\/schema\/person\/2f553adbb8e25fe39d145c5b2927f58c\",\"name\":\"Ana Carolina Damasceno\",\"image\":{\"@type\":\"ImageObject\",\"inLanguage\":\"pt-BR\",\"@id\":\"https:\/\/med.estrategia.com\/portal\/#\/schema\/person\/image\/\",\"url\":\"https:\/\/med.estrategia.com\/portal\/wp-content\/uploads\/2021\/09\/WhatsApp-Image-2023-08-18-at-16.46.43-150x150.jpeg\",\"contentUrl\":\"https:\/\/med.estrategia.com\/portal\/wp-content\/uploads\/2021\/09\/WhatsApp-Image-2023-08-18-at-16.46.43-150x150.jpeg\",\"caption\":\"Ana Carolina Damasceno\"},\"description\":\"Coordenadora de Jornalismo EMED. Comunicadora por natureza e forma\u00e7\u00e3o, que ama e perde a no\u00e7\u00e3o do tempo com m\u00fasica e s\u00e9rie.\",\"url\":\"https:\/\/med.estrategia.com\/portal\/author\/ana-carolina-damasceno\/\"}]}<\/script>\n<!-- \/ Yoast SEO Premium plugin. -->","yoast_head_json":{"title":"Institui\u00e7\u00f5es confirmadas no ENARE 2026\/2027","description":"Confira com o Estrat\u00e9gia MED quais institui\u00e7\u00f5es aderiram ao processo seletivo de Resid\u00eancia M\u00e9dica do ENARE 2026\/2027!","robots":{"index":"index","follow":"follow","max-snippet":"max-snippet:-1","max-image-preview":"max-image-preview:large","max-video-preview":"max-video-preview:-1"},"canonical":"https:\/\/med.estrategia.com\/portal\/noticias\/instituicoes-confirmadas-no-enare-2026-2027\/","og_locale":"pt_BR","og_type":"article","og_title":"Institui\u00e7\u00f5es confirmadas no ENARE 2026\/2027","og_description":"Confira com o Estrat\u00e9gia MED quais institui\u00e7\u00f5es aderiram ao processo seletivo de Resid\u00eancia M\u00e9dica do ENARE 2026\/2027!","og_url":"https:\/\/med.estrategia.com\/portal\/noticias\/instituicoes-confirmadas-no-enare-2026-2027\/","og_site_name":"Estrat\u00e9gia MED","article_publisher":"https:\/\/www.facebook.com\/estrategiamed1","article_published_time":"2026-04-28T12:47:32+00:00","article_modified_time":"2026-04-28T15:25:18+00:00","og_image":[{"width":1920,"height":1080,"url":"https:\/\/med.estrategia.com\/portal\/wp-content\/uploads\/2025\/04\/enare-atualizacao.jpg","type":"image\/jpeg"}],"author":"Ana Carolina Damasceno","twitter_card":"summary_large_image","twitter_creator":"@estrategiamed_","twitter_site":"@estrategiamed_","twitter_misc":{"Escrito por":"Ana Carolina Damasceno","Est. tempo de leitura":"3 minutos"},"schema":{"@context":"https:\/\/schema.org","@graph":[{"@type":"WebPage","@id":"https:\/\/med.estrategia.com\/portal\/noticias\/instituicoes-confirmadas-no-enare-2026-2027\/","url":"https:\/\/med.estrategia.com\/portal\/noticias\/instituicoes-confirmadas-no-enare-2026-2027\/","name":"Institui\u00e7\u00f5es confirmadas no ENARE 2026\/2027","isPartOf":{"@id":"https:\/\/med.estrategia.com\/portal\/#website"},"primaryImageOfPage":{"@id":"https:\/\/med.estrategia.com\/portal\/noticias\/instituicoes-confirmadas-no-enare-2026-2027\/#primaryimage"},"image":{"@id":"https:\/\/med.estrategia.com\/portal\/noticias\/instituicoes-confirmadas-no-enare-2026-2027\/#primaryimage"},"thumbnailUrl":"https:\/\/med.estrategia.com\/portal\/wp-content\/uploads\/2025\/04\/enare-atualizacao.jpg","datePublished":"2026-04-28T12:47:32+00:00","dateModified":"2026-04-28T15:25:18+00:00","author":{"@id":"https:\/\/med.estrategia.com\/portal\/#\/schema\/person\/2f553adbb8e25fe39d145c5b2927f58c"},"description":"Confira com o Estrat\u00e9gia MED quais institui\u00e7\u00f5es aderiram ao processo seletivo de Resid\u00eancia M\u00e9dica do ENARE 2026\/2027!","breadcrumb":{"@id":"https:\/\/med.estrategia.com\/portal\/noticias\/instituicoes-confirmadas-no-enare-2026-2027\/#breadcrumb"},"inLanguage":"pt-BR","potentialAction":[{"@type":"ReadAction","target":["https:\/\/med.estrategia.com\/portal\/noticias\/instituicoes-confirmadas-no-enare-2026-2027\/"]}]},{"@type":"ImageObject","inLanguage":"pt-BR","@id":"https:\/\/med.estrategia.com\/portal\/noticias\/instituicoes-confirmadas-no-enare-2026-2027\/#primaryimage","url":"https:\/\/med.estrategia.com\/portal\/wp-content\/uploads\/2025\/04\/enare-atualizacao.jpg","contentUrl":"https:\/\/med.estrategia.com\/portal\/wp-content\/uploads\/2025\/04\/enare-atualizacao.jpg","width":1920,"height":1080,"caption":"Estrat\u00e9gia MED | Foto: Divulga\u00e7\u00e3o\/UFMG"},{"@type":"BreadcrumbList","@id":"https:\/\/med.estrategia.com\/portal\/noticias\/instituicoes-confirmadas-no-enare-2026-2027\/#breadcrumb","itemListElement":[{"@type":"ListItem","position":1,"name":"Home","item":"https:\/\/med.estrategia.com\/portal\/"},{"@type":"ListItem","position":2,"name":"Not\u00edcias","item":"https:\/\/med.estrategia.com\/portal\/noticias\/"},{"@type":"ListItem","position":3,"name":"Institui\u00e7\u00f5es confirmadas no ENARE 2026\/2027"}]},{"@type":"WebSite","@id":"https:\/\/med.estrategia.com\/portal\/#website","url":"https:\/\/med.estrategia.com\/portal\/","name":"Estrat\u00e9gia MED","description":"","potentialAction":[{"@type":"SearchAction","target":{"@type":"EntryPoint","urlTemplate":"https:\/\/med.estrategia.com\/portal\/?s={search_term_string}"},"query-input":{"@type":"PropertyValueSpecification","valueRequired":true,"valueName":"search_term_string"}}],"inLanguage":"pt-BR"},{"@type":"Person","@id":"https:\/\/med.estrategia.com\/portal\/#\/schema\/person\/2f553adbb8e25fe39d145c5b2927f58c","name":"Ana Carolina Damasceno","image":{"@type":"ImageObject","inLanguage":"pt-BR","@id":"https:\/\/med.estrategia.com\/portal\/#\/schema\/person\/image\/","url":"https:\/\/med.estrategia.com\/portal\/wp-content\/uploads\/2021\/09\/WhatsApp-Image-2023-08-18-at-16.46.43-150x150.jpeg","contentUrl":"https:\/\/med.estrategia.com\/portal\/wp-content\/uploads\/2021\/09\/WhatsApp-Image-2023-08-18-at-16.46.43-150x150.jpeg","caption":"Ana Carolina Damasceno"},"description":"Coordenadora de Jornalismo EMED. Comunicadora por natureza e forma\u00e7\u00e3o, que ama e perde a no\u00e7\u00e3o do tempo com m\u00fasica e s\u00e9rie.","url":"https:\/\/med.estrategia.com\/portal\/author\/ana-carolina-damasceno\/"}]}},"_wl_alt_label":[],"wl:entity_url":"\/post\/instituicoes-confirmadas-no-enare-2025-2026-109664","_links":{"self":[{"href":"https:\/\/med.estrategia.com\/portal\/wp-json\/wp\/v2\/posts\/109664","targetHints":{"allow":["GET"]}}],"collection":[{"href":"https:\/\/med.estrategia.com\/portal\/wp-json\/wp\/v2\/posts"}],"about":[{"href":"https:\/\/med.estrategia.com\/portal\/wp-json\/wp\/v2\/types\/post"}],"author":[{"embeddable":true,"href":"https:\/\/med.estrategia.com\/portal\/wp-json\/wp\/v2\/users\/39"}],"replies":[{"embeddable":true,"href":"https:\/\/med.estrategia.com\/portal\/wp-json\/wp\/v2\/comments?post=109664"}],"version-history":[{"count":18,"href":"https:\/\/med.estrategia.com\/portal\/wp-json\/wp\/v2\/posts\/109664\/revisions"}],"predecessor-version":[{"id":109693,"href":"https:\/\/med.estrategia.com\/portal\/wp-json\/wp\/v2\/posts\/109664\/revisions\/109693"}],"wp:featuredmedia":[{"embeddable":true,"href":"https:\/\/med.estrategia.com\/portal\/wp-json\/wp\/v2\/media\/85462"}],"wp:attachment":[{"href":"https:\/\/med.estrategia.com\/portal\/wp-json\/wp\/v2\/media?parent=109664"}],"wp:term":[{"taxonomy":"category","embeddable":true,"href":"https:\/\/med.estrategia.com\/portal\/wp-json\/wp\/v2\/categories?post=109664"},{"taxonomy":"post_tag","embeddable":true,"href":"https:\/\/med.estrategia.com\/portal\/wp-json\/wp\/v2\/tags?post=109664"},{"taxonomy":"wl_entity_type","embeddable":true,"href":"https:\/\/med.estrategia.com\/portal\/wp-json\/wp\/v2\/wl_entity_type?post=109664"}],"curies":[{"name":"wp","href":"https:\/\/api.w.org\/{rel}","templated":true}]}}