{"id":109678,"date":"2026-04-28T10:23:13","date_gmt":"2026-04-28T13:23:13","guid":{"rendered":"https:\/\/med.estrategia.com\/portal\/?p=109678"},"modified":"2026-04-28T10:23:17","modified_gmt":"2026-04-28T13:23:17","slug":"medicos-podem-se-inscrever-em-concurso-de-praia-grande-sp-ate-20-de-maio-confira-o-edital","status":"publish","type":"post","link":"https:\/\/med.estrategia.com\/portal\/concursos\/medicos-podem-se-inscrever-em-concurso-de-praia-grande-sp-ate-20-de-maio-confira-o-edital\/","title":{"rendered":"M\u00e9dicos podem se inscrever em concurso de Praia Grande\/SP at\u00e9 20 de maio; confira o edital"},"content":{"rendered":"<p>A <strong>Prefeitura de Praia Grande<\/strong>, no litoral paulista, publicou na &uacute;ltima sexta-feira (24) o edital de um novo concurso p&uacute;blico com <strong>oportunidades destinadas &agrave; &aacute;rea m&eacute;dica<\/strong>. A sele&ccedil;&atilde;o est&aacute; sendo organizada pelo Instituto Brasileiro de Administra&ccedil;&atilde;o Municipal (IBAM).<p>Ao todo, o certame oferece <strong>12 vagas para a &aacute;rea m&eacute;dica<\/strong>, com <strong>remunera&ccedil;&otilde;es que podem chegar a R$ 25 mil<\/strong>, conforme o cargo e a carga hor&aacute;ria estabelecida em edital.<\/p><p>As <strong>inscri&ccedil;&otilde;es<\/strong> tiveram in&iacute;cio no dia <strong>25 de abril<\/strong> <strong>e seguem abertas at&eacute; 20 de maio de 2026<\/strong>. Para participar, &eacute; necess&aacute;rio efetuar o pagamento de <strong>taxa de inscri&ccedil;&atilde;o no valor de R$ 96,00<\/strong>.<\/p><div class=\"wp-block-buttons is-content-justification-center is-layout-flex wp-container-core-buttons-is-layout-1 wp-block-buttons-is-layout-flex\">\n<div class=\"wp-block-button\"><a class=\"wp-block-button__link wp-element-button\" href=\"https:\/\/cdn.medblog.estrategiaeducacional.com.br\/wp-content\/uploads\/2026\/04\/praia-grande_edital2026.pdf\" target=\"_blank\" rel=\"noopener noreferrer\">confira o edital na &iacute;ntegra!<\/a><\/div>\n<\/div><p>O processo seletivo contar&aacute; com <strong>etapa &uacute;nica<\/strong>, composta por <strong>prova objetiva<\/strong>, de car&aacute;ter eliminat&oacute;rio e classificat&oacute;rio.<\/p><p>Acesse a <a href=\"https:\/\/www.ibamsp-concursos.org.br\/informacoes\/136\/\" target=\"_blank\" rel=\"noopener noreferrer\">p&aacute;gina oficial do certame<\/a> para acompanhar as publica&ccedil;&otilde;es e atualiza&ccedil;&otilde;es!<\/p><p>\n\n\n<div id=\"new-form\">\n\t<form id=\"forms_layout\">\n\t<input type=\"hidden\" id=\"chave_de\" name=\"chave_de\" value=\"01_EMED_LEADS_TOTAIS\" \/>\n\t\t<input type=\"hidden\" id=\"mid\" name=\"mid\" value=\"515009018\" \/>\n\t\t<input type=\"hidden\" id=\"Objetivo\" name=\"Objetivo\" value=\"Medicina\" \/>\n\t\t<input type=\"hidden\" id=\"Estado_de_Origem_do_IP\" name=\"Estado_de_Origem_do_IP\"  value=\"\" \/>\n\t\t<input type=\"hidden\" id=\"Cidade_de_Origem_do_IP\" name=\"Cidade_de_Origem_do_IP\" value=\"\" \/>\n\t\t<input type=\"hidden\" id=\"Modo_de_entrada\" name=\"Modo_de_entrada\" value=\"Portal\" \/>\n\t\t<input type=\"hidden\" id=\"Pagina_Origem\" name=\"Pagina_Origem\" value=\"\" \/>\n\n\t\t<div class=\"texto\">\n\t\t\t<h3 class=\"news\">Inscreva-se em nossa newsletter!<\/h3>\n\t\t\t<p>Receba not\u00edcias sobre resid\u00eancia m\u00e9dica, revalida\u00e7\u00e3o de diplomas e concursos m\u00e9dicos, al\u00e9m de materiais de estudo gratuitos e informa\u00e7\u00f5es relevantes do mundo da Medicina.<\/p>\n\t\t<\/div>\n\t\t<div class=\"campos\">\n\t\t\t<div class=\"first_name labels\">\n\t\t\t\t<input type=\"text\" class=\"input_labels\" id=\"first_name\" name=\"Nome_Completo\" placeholder=\"Nome\" required \/>\n\t\t\t<\/div>\n\t\t\t<div class=\"email labels\">\n\t\t\t\t<input type=\"email\" class=\"input_labels\" id=\"email\" name=\"Email\" placeholder=\"E-mail\" required \/>\n\t\t\t<\/div>\n\t\t\t<button type=\"submit\" class=\"button_layout\">\n\t\t\t\t<div id=\"lblBotao\">Inscreva-se<\/div>\n\t\t\t\t<span id=\"divSpiner\" class=\"loader\" role=\"status\" style=\"display: none;\"><\/span>\t\n\t\t\t<\/button>\n\t\t<\/div><!-- \/campos -->\n\t\t\n\t\t<label class=\"container_checkbox\">Voc\u00ea concorda com a nossa\n\t\t\t<a class=\"politics_privacy_ahref\" target=\"_blank\" href=\"https:\/\/gratis.estrategiaconcursos.com.br\/politica-de-privacidade\/\">Pol\u00edtica de Privacidade<\/a> e aceita receber informa\u00e7\u00f5es adicionais do Estrat\u00e9gia Educacional.\n\t\t\t<input id=\"checkbox_layout\" type=\"checkbox\" checked=\"checked\" required \/>\n\t\t\t<span class=\"checkbox\"><\/span>\n\t\t<\/label>\n\t\t<div id=\"msg\"><\/div>\n\t\t<div id=\"error\" class=\"error\">\n\t\t<\/div>\n\t<\/form>\n<\/div><!-- \/new-form -->\n\n\n\n<\/p><div id=\"ez-toc-container\" class=\"ez-toc-v2_0_79_2 counter-hierarchy ez-toc-counter ez-toc-transparent ez-toc-container-direction\">\n<div class=\"ez-toc-title-container\"><p class=\"ez-toc-title\" style=\"cursor:inherit\">Navegue pelo conte\u00fado<\/p>\n<\/div><nav><ul class='ez-toc-list ez-toc-list-level-1 ' ><li class='ez-toc-page-1 ez-toc-heading-level-2'><a class=\"ez-toc-link ez-toc-heading-1\" href=\"https:\/\/med.estrategia.com\/portal\/concursos\/medicos-podem-se-inscrever-em-concurso-de-praia-grande-sp-ate-20-de-maio-confira-o-edital\/#Processo-Seletivo\" >Processo Seletivo<\/a><\/li><li class='ez-toc-page-1 ez-toc-heading-level-2'><a class=\"ez-toc-link ez-toc-heading-2\" href=\"https:\/\/med.estrategia.com\/portal\/concursos\/medicos-podem-se-inscrever-em-concurso-de-praia-grande-sp-ate-20-de-maio-confira-o-edital\/#Vagas\" >Vagas<\/a><\/li><li class='ez-toc-page-1 ez-toc-heading-level-2'><a class=\"ez-toc-link ez-toc-heading-3\" href=\"https:\/\/med.estrategia.com\/portal\/concursos\/medicos-podem-se-inscrever-em-concurso-de-praia-grande-sp-ate-20-de-maio-confira-o-edital\/#Prepare-se-para-o-concurso-publico-de-Praia-Grande-com-o-Estrategia-MED\" >Prepare-se para o concurso p&uacute;blico de Praia Grande com o Estrat&eacute;gia MED!<\/a><\/li><\/ul><\/nav><\/div>\n<h2 class=\"wp-block-heading\" id=\"h-processo-seletivo\"><span class=\"ez-toc-section\" id=\"Processo-Seletivo\"><\/span>Processo Seletivo<span class=\"ez-toc-section-end\"><\/span><\/h2><p>A <strong>prova objetiva<\/strong> est&aacute; prevista para ser aplicada no dia <strong>14 de junho de 2026<\/strong>, com <strong>dura&ccedil;&atilde;o total de 3 horas e 30 minutos<\/strong>.<\/p><p>A avalia&ccedil;&atilde;o ser&aacute; composta por <strong>40 quest&otilde;es de m&uacute;ltipla escolha<\/strong>, distribu&iacute;das da seguinte forma:<\/p><ul class=\"wp-block-list\">\n<li><strong>10 quest&otilde;es de L&iacute;ngua Portuguesa<\/strong>;<\/li>\n\n\n\n<li><strong>20 quest&otilde;es de Pol&iacute;ticas P&uacute;blicas de Sa&uacute;de (SUS)<\/strong>;<\/li>\n\n\n\n<li><strong>10 quest&otilde;es de Conhecimentos Espec&iacute;ficos<\/strong>.<\/li>\n<\/ul><p>Para ser considerado <strong>habilitado<\/strong>, o candidato dever&aacute; obter <strong>no m&iacute;nimo 50% de acertos na prova<\/strong> e <strong>n&atilde;o zerar nenhuma das disciplinas avaliadas<\/strong>.<\/p><h2 class=\"wp-block-heading\" id=\"h-vagas\"><span class=\"ez-toc-section\" id=\"Vagas\"><\/span>Vagas<span class=\"ez-toc-section-end\"><\/span><\/h2><p>O edital prev&ecirc; <strong>12 vagas destinadas &agrave; &aacute;rea m&eacute;dica<\/strong>, distribu&iacute;das entre diferentes especialidades, confira:<\/p><figure class=\"wp-block-table has-small-font-size\"><table><thead><tr><th>CARGO<\/th><th class=\"has-text-align-center\" data-align=\"center\">VAGAS<\/th><th class=\"has-text-align-center\" data-align=\"center\">CARGA HOR&Aacute;RIA<\/th><th class=\"has-text-align-center\" data-align=\"center\">VENCIMENTO BASE<\/th><th class=\"has-text-align-center\" data-align=\"center\">OBSERVA&Ccedil;&Atilde;O<\/th><\/tr><\/thead><tbody><tr><td>M&eacute;dico de Fam&iacute;lia e Comunidade<\/td><td class=\"has-text-align-center\" data-align=\"center\">1<\/td><td class=\"has-text-align-center\" data-align=\"center\">40h<\/td><td class=\"has-text-align-center\" data-align=\"center\">R$ 11.194,96<\/td><td class=\"has-text-align-center\" data-align=\"center\">gratifica&ccedil;&atilde;o ESF de R$ 6.977,82 + gratifica&ccedil;&atilde;o dedica&ccedil;&atilde;o exclusiva de R$ 3.636,66 podendo chegar at&eacute; R$ 21.809,43<\/td><\/tr><tr><td>M&eacute;dico Mensalista &ndash; Ginecologista Ambulat&oacute;rio<\/td><td class=\"has-text-align-center\" data-align=\"center\">1<\/td><td class=\"has-text-align-center\" data-align=\"center\">20h<\/td><td class=\"has-text-align-center\" data-align=\"center\">R$ 5.773,44<\/td><td class=\"has-text-align-center\" data-align=\"center\">&ndash;<\/td><\/tr><tr><td>M&eacute;dico Mensalista &ndash; Cardiologista<\/td><td class=\"has-text-align-center\" data-align=\"center\">1<\/td><td class=\"has-text-align-center\" data-align=\"center\">20h<\/td><td class=\"has-text-align-center\" data-align=\"center\">R$ 5.773,44<\/td><td class=\"has-text-align-center\" data-align=\"center\">pode chegar &agrave; remunera&ccedil;&atilde;o de R$25.000,00 por produtividade conforme LC n&ordm; 701\/2015<\/td><\/tr><tr><td>M&eacute;dico Mensalista &ndash; do Trabalho<\/td><td class=\"has-text-align-center\" data-align=\"center\">1<\/td><td class=\"has-text-align-center\" data-align=\"center\">20h<\/td><td class=\"has-text-align-center\" data-align=\"center\">R$ 5.773,44<\/td><td class=\"has-text-align-center\" data-align=\"center\">pode chegar &agrave; remunera&ccedil;&atilde;o de R$25.000,00 por produtividade conforme LC n&ordm; 701\/2015<\/td><\/tr><tr><td>M&eacute;dico Mensalista &ndash; Hematologista<\/td><td class=\"has-text-align-center\" data-align=\"center\">1<\/td><td class=\"has-text-align-center\" data-align=\"center\">20h<\/td><td class=\"has-text-align-center\" data-align=\"center\">R$ 5.773,44<\/td><td class=\"has-text-align-center\" data-align=\"center\">pode chegar &agrave; remunera&ccedil;&atilde;o de R$25.000,00 por produtividade conforme LC n&ordm; 701\/2015<\/td><\/tr><tr><td>M&eacute;dico Mensalista &ndash; Infectologista Infantil<\/td><td class=\"has-text-align-center\" data-align=\"center\">1<\/td><td class=\"has-text-align-center\" data-align=\"center\">20h<\/td><td class=\"has-text-align-center\" data-align=\"center\">R$ 5.773,44<\/td><td class=\"has-text-align-center\" data-align=\"center\">pode chegar &agrave; remunera&ccedil;&atilde;o de R$25.000,00 por produtividade conforme LC n&ordm; 701\/2015<\/td><\/tr><tr><td>M&eacute;dico Mensalista &ndash; Nefrologista<\/td><td class=\"has-text-align-center\" data-align=\"center\">1<\/td><td class=\"has-text-align-center\" data-align=\"center\">20h<\/td><td class=\"has-text-align-center\" data-align=\"center\">R$ 5.773,44<\/td><td class=\"has-text-align-center\" data-align=\"center\">pode chegar &agrave; remunera&ccedil;&atilde;o de R$25.000,00 por produtividade conforme LC n&ordm; 701\/2015<\/td><\/tr><tr><td>M&eacute;dico Mensalista &ndash; Neurologista Infantil<\/td><td class=\"has-text-align-center\" data-align=\"center\">1<\/td><td class=\"has-text-align-center\" data-align=\"center\">20h<\/td><td class=\"has-text-align-center\" data-align=\"center\">R$ 5.773,44<\/td><td class=\"has-text-align-center\" data-align=\"center\">pode chegar &agrave; remunera&ccedil;&atilde;o de R$25.000,00 por produtividade conforme LC n&ordm; 701\/2015<\/td><\/tr><tr><td>M&eacute;dico Mensalista &ndash; Psiquiatra<\/td><td class=\"has-text-align-center\" data-align=\"center\">1<\/td><td class=\"has-text-align-center\" data-align=\"center\">20h<\/td><td class=\"has-text-align-center\" data-align=\"center\">R$ 5.773,44<\/td><td class=\"has-text-align-center\" data-align=\"center\">pode chegar &agrave; remunera&ccedil;&atilde;o de R$25.000,00 por produtividade conforme LC n&ordm; 701\/2015<\/td><\/tr><tr><td>M&eacute;dico Mensalista &ndash; Sanitarista<\/td><td class=\"has-text-align-center\" data-align=\"center\">1<\/td><td class=\"has-text-align-center\" data-align=\"center\">20h<\/td><td class=\"has-text-align-center\" data-align=\"center\">R$ 5.773,44<\/td><td class=\"has-text-align-center\" data-align=\"center\">pode chegar &agrave; remunera&ccedil;&atilde;o de R$25.000,00 por produtividade conforme LC n&ordm; 701\/2015<\/td><\/tr><tr><td>M&eacute;dico Mensalista &ndash; Pediatra<\/td><td class=\"has-text-align-center\" data-align=\"center\">1<\/td><td class=\"has-text-align-center\" data-align=\"center\">20h<\/td><td class=\"has-text-align-center\" data-align=\"center\">R$ 5.773,44<\/td><td class=\"has-text-align-center\" data-align=\"center\">pode chegar &agrave; remunera&ccedil;&atilde;o de R$25.000,00 por produtividade conforme LC n&ordm; 701\/2015<\/td><\/tr><tr><td>M&eacute;dico Plantonista &ndash; Pediatra de Pronto Socorro<\/td><td class=\"has-text-align-center\" data-align=\"center\">1<\/td><td class=\"has-text-align-center\" data-align=\"center\">24h<\/td><td class=\"has-text-align-center\" data-align=\"center\">R$ 6.912,88<\/td><td class=\"has-text-align-center\" data-align=\"center\">pode chegar &agrave; remunera&ccedil;&atilde;o de R$ 21.016,40 aos adesistas da escala diferenciada de 6 horas conforme LC n&ordm; 913\/2022.<\/td><\/tr><\/tbody><\/table><\/figure><h2 class=\"wp-block-heading\" id=\"h-prepare-se-para-o-concurso-publico-de-praia-grande-com-o-estrategia-med\"><span class=\"ez-toc-section\" id=\"Prepare-se-para-o-concurso-publico-de-Praia-Grande-com-o-Estrategia-MED\"><\/span>Prepare-se para o concurso p&uacute;blico de Praia Grande com o Estrat&eacute;gia MED!<span class=\"ez-toc-section-end\"><\/span><\/h2><p>Com o<a href=\"https:\/\/med.estrategia.com\/curso\/sprint-concursos-medicos-prefeituras\/\" target=\"_blank\">&nbsp;Sprint Concursos M&eacute;dicos &ndash; Prefeituras<\/a>&nbsp;voc&ecirc; se prepara de forma direcionada para sair na frente da concorr&ecirc;ncia, com a experi&ecirc;ncia da marca que mais aprova em concursos p&uacute;blicos no Brasil. O material inclui as disciplinas mais cobradas neste tipo de sele&ccedil;&atilde;o: L&iacute;ngua Portuguesa, Matem&aacute;tica, Racioc&iacute;nio L&oacute;gico, Legisla&ccedil;&atilde;o do SUS e Bio&eacute;tica. Al&eacute;m do material de&nbsp;Cl&iacute;nica Geral, para ajudar os que buscam cargos como generalista, cl&iacute;nico ou emergencista.<\/p><p>Conhe&ccedil;a tamb&eacute;m o nosso&nbsp;<a href=\"https:\/\/med.estrategia.com\/curso\/banco-de-questes-resumos-estrategicos-anual\/\" target=\"_blank\">Banco de Quest&otilde;es<\/a>, que atualmente conta com mais de 200 mil quest&otilde;es cadastradas e n&atilde;o para de crescer. Vem ser coruja!<\/p><p>\n\n\n\n<a id=\"cta\" class=\"cta-imagem\" href=\"https:\/\/med.estrategia.com\/cursos\/concursos-mdicos\/\" target=\"blank\">\n                <img decoding=\"async\" width=\"100%\" src=\"https:\/\/med.estrategia.com\/portal\/wp-content\/uploads\/2025\/08\/concursos_medicos.jpg\" alt=\"concursos_medicos\" title=\"concursos_medicos\">\n        <\/a>\n<\/p><\/p>\n","protected":false},"excerpt":{"rendered":"A Prefeitura de Praia Grande, no litoral paulista, publicou na &uacute;ltima sexta-feira (24) o edital de um novo&hellip;\n","protected":false},"author":39,"featured_media":109675,"comment_status":"closed","ping_status":"closed","sticky":false,"template":"","format":"standard","meta":{"wl_entities_gutenberg":"","footnotes":""},"categories":[474],"tags":[],"wl_entity_type":[199],"class_list":{"0":"post-109678","1":"post","2":"type-post","3":"status-publish","4":"format-standard","5":"has-post-thumbnail","7":"category-concursos","8":"wl_entity_type-article"},"acf":[],"yoast_head":"<!-- This site is optimized with the Yoast SEO Premium plugin v26.6 (Yoast SEO v26.6) - https:\/\/yoast.com\/wordpress\/plugins\/seo\/ -->\n<title>M\u00e9dicos podem se inscrever em concurso de Praia Grande\/SP at\u00e9 20 de maio; confira o edital<\/title>\n<meta name=\"robots\" content=\"index, follow, max-snippet:-1, max-image-preview:large, max-video-preview:-1\" \/>\n<link rel=\"canonical\" href=\"https:\/\/med.estrategia.com\/portal\/concursos\/medicos-podem-se-inscrever-em-concurso-de-praia-grande-sp-ate-20-de-maio-confira-o-edital\/\" \/>\n<meta property=\"og:locale\" content=\"pt_BR\" \/>\n<meta property=\"og:type\" content=\"article\" \/>\n<meta property=\"og:title\" content=\"M\u00e9dicos podem se inscrever em concurso de Praia Grande\/SP at\u00e9 20 de maio; confira o edital\" \/>\n<meta property=\"og:description\" content=\"A Prefeitura de Praia Grande, no litoral paulista, publicou na &uacute;ltima sexta-feira (24) o edital de um novo&hellip;\" \/>\n<meta property=\"og:url\" content=\"https:\/\/med.estrategia.com\/portal\/concursos\/medicos-podem-se-inscrever-em-concurso-de-praia-grande-sp-ate-20-de-maio-confira-o-edital\/\" \/>\n<meta property=\"og:site_name\" content=\"Estrat\u00e9gia MED\" \/>\n<meta property=\"article:publisher\" content=\"https:\/\/www.facebook.com\/estrategiamed1\" \/>\n<meta property=\"article:published_time\" content=\"2026-04-28T13:23:13+00:00\" \/>\n<meta property=\"article:modified_time\" content=\"2026-04-28T13:23:17+00:00\" \/>\n<meta property=\"og:image\" content=\"https:\/\/med.estrategia.com\/portal\/wp-content\/uploads\/2026\/04\/PRAIA-GRANDE-SP.jpg\" \/>\n\t<meta property=\"og:image:width\" content=\"1280\" \/>\n\t<meta property=\"og:image:height\" content=\"720\" \/>\n\t<meta property=\"og:image:type\" content=\"image\/jpeg\" \/>\n<meta name=\"author\" content=\"Ana Carolina Damasceno\" \/>\n<meta name=\"twitter:card\" content=\"summary_large_image\" \/>\n<meta name=\"twitter:creator\" content=\"@estrategiamed_\" \/>\n<meta name=\"twitter:site\" content=\"@estrategiamed_\" \/>\n<meta name=\"twitter:label1\" content=\"Escrito por\" \/>\n\t<meta name=\"twitter:data1\" content=\"Ana Carolina Damasceno\" \/>\n\t<meta name=\"twitter:label2\" content=\"Est. tempo de leitura\" \/>\n\t<meta name=\"twitter:data2\" content=\"3 minutos\" \/>\n<script type=\"application\/ld+json\" class=\"yoast-schema-graph\">{\"@context\":\"https:\/\/schema.org\",\"@graph\":[{\"@type\":\"WebPage\",\"@id\":\"https:\/\/med.estrategia.com\/portal\/concursos\/medicos-podem-se-inscrever-em-concurso-de-praia-grande-sp-ate-20-de-maio-confira-o-edital\/\",\"url\":\"https:\/\/med.estrategia.com\/portal\/concursos\/medicos-podem-se-inscrever-em-concurso-de-praia-grande-sp-ate-20-de-maio-confira-o-edital\/\",\"name\":\"M\u00e9dicos podem se inscrever em concurso de Praia Grande\/SP at\u00e9 20 de maio; confira o edital\",\"isPartOf\":{\"@id\":\"https:\/\/med.estrategia.com\/portal\/#website\"},\"primaryImageOfPage\":{\"@id\":\"https:\/\/med.estrategia.com\/portal\/concursos\/medicos-podem-se-inscrever-em-concurso-de-praia-grande-sp-ate-20-de-maio-confira-o-edital\/#primaryimage\"},\"image\":{\"@id\":\"https:\/\/med.estrategia.com\/portal\/concursos\/medicos-podem-se-inscrever-em-concurso-de-praia-grande-sp-ate-20-de-maio-confira-o-edital\/#primaryimage\"},\"thumbnailUrl\":\"https:\/\/med.estrategia.com\/portal\/wp-content\/uploads\/2026\/04\/PRAIA-GRANDE-SP.jpg\",\"datePublished\":\"2026-04-28T13:23:13+00:00\",\"dateModified\":\"2026-04-28T13:23:17+00:00\",\"author\":{\"@id\":\"https:\/\/med.estrategia.com\/portal\/#\/schema\/person\/2f553adbb8e25fe39d145c5b2927f58c\"},\"breadcrumb\":{\"@id\":\"https:\/\/med.estrategia.com\/portal\/concursos\/medicos-podem-se-inscrever-em-concurso-de-praia-grande-sp-ate-20-de-maio-confira-o-edital\/#breadcrumb\"},\"inLanguage\":\"pt-BR\",\"potentialAction\":[{\"@type\":\"ReadAction\",\"target\":[\"https:\/\/med.estrategia.com\/portal\/concursos\/medicos-podem-se-inscrever-em-concurso-de-praia-grande-sp-ate-20-de-maio-confira-o-edital\/\"]}]},{\"@type\":\"ImageObject\",\"inLanguage\":\"pt-BR\",\"@id\":\"https:\/\/med.estrategia.com\/portal\/concursos\/medicos-podem-se-inscrever-em-concurso-de-praia-grande-sp-ate-20-de-maio-confira-o-edital\/#primaryimage\",\"url\":\"https:\/\/med.estrategia.com\/portal\/wp-content\/uploads\/2026\/04\/PRAIA-GRANDE-SP.jpg\",\"contentUrl\":\"https:\/\/med.estrategia.com\/portal\/wp-content\/uploads\/2026\/04\/PRAIA-GRANDE-SP.jpg\",\"width\":1280,\"height\":720},{\"@type\":\"BreadcrumbList\",\"@id\":\"https:\/\/med.estrategia.com\/portal\/concursos\/medicos-podem-se-inscrever-em-concurso-de-praia-grande-sp-ate-20-de-maio-confira-o-edital\/#breadcrumb\",\"itemListElement\":[{\"@type\":\"ListItem\",\"position\":1,\"name\":\"Home\",\"item\":\"https:\/\/med.estrategia.com\/portal\/\"},{\"@type\":\"ListItem\",\"position\":2,\"name\":\"Concursos M\u00e9dicos\",\"item\":\"https:\/\/med.estrategia.com\/portal\/concursos\/\"},{\"@type\":\"ListItem\",\"position\":3,\"name\":\"M\u00e9dicos podem se inscrever em concurso de Praia Grande\/SP at\u00e9 20 de maio; confira o edital\"}]},{\"@type\":\"WebSite\",\"@id\":\"https:\/\/med.estrategia.com\/portal\/#website\",\"url\":\"https:\/\/med.estrategia.com\/portal\/\",\"name\":\"Estrat\u00e9gia MED\",\"description\":\"\",\"potentialAction\":[{\"@type\":\"SearchAction\",\"target\":{\"@type\":\"EntryPoint\",\"urlTemplate\":\"https:\/\/med.estrategia.com\/portal\/?s={search_term_string}\"},\"query-input\":{\"@type\":\"PropertyValueSpecification\",\"valueRequired\":true,\"valueName\":\"search_term_string\"}}],\"inLanguage\":\"pt-BR\"},{\"@type\":\"Person\",\"@id\":\"https:\/\/med.estrategia.com\/portal\/#\/schema\/person\/2f553adbb8e25fe39d145c5b2927f58c\",\"name\":\"Ana Carolina Damasceno\",\"image\":{\"@type\":\"ImageObject\",\"inLanguage\":\"pt-BR\",\"@id\":\"https:\/\/med.estrategia.com\/portal\/#\/schema\/person\/image\/\",\"url\":\"https:\/\/med.estrategia.com\/portal\/wp-content\/uploads\/2021\/09\/WhatsApp-Image-2023-08-18-at-16.46.43-150x150.jpeg\",\"contentUrl\":\"https:\/\/med.estrategia.com\/portal\/wp-content\/uploads\/2021\/09\/WhatsApp-Image-2023-08-18-at-16.46.43-150x150.jpeg\",\"caption\":\"Ana Carolina Damasceno\"},\"description\":\"Coordenadora de Jornalismo EMED. Comunicadora por natureza e forma\u00e7\u00e3o, que ama e perde a no\u00e7\u00e3o do tempo com m\u00fasica e s\u00e9rie.\",\"url\":\"https:\/\/med.estrategia.com\/portal\/author\/ana-carolina-damasceno\/\"}]}<\/script>\n<!-- \/ Yoast SEO Premium plugin. -->","yoast_head_json":{"title":"M\u00e9dicos podem se inscrever em concurso de Praia Grande\/SP at\u00e9 20 de maio; confira o edital","robots":{"index":"index","follow":"follow","max-snippet":"max-snippet:-1","max-image-preview":"max-image-preview:large","max-video-preview":"max-video-preview:-1"},"canonical":"https:\/\/med.estrategia.com\/portal\/concursos\/medicos-podem-se-inscrever-em-concurso-de-praia-grande-sp-ate-20-de-maio-confira-o-edital\/","og_locale":"pt_BR","og_type":"article","og_title":"M\u00e9dicos podem se inscrever em concurso de Praia Grande\/SP at\u00e9 20 de maio; confira o edital","og_description":"A Prefeitura de Praia Grande, no litoral paulista, publicou na &uacute;ltima sexta-feira (24) o edital de um novo&hellip;","og_url":"https:\/\/med.estrategia.com\/portal\/concursos\/medicos-podem-se-inscrever-em-concurso-de-praia-grande-sp-ate-20-de-maio-confira-o-edital\/","og_site_name":"Estrat\u00e9gia MED","article_publisher":"https:\/\/www.facebook.com\/estrategiamed1","article_published_time":"2026-04-28T13:23:13+00:00","article_modified_time":"2026-04-28T13:23:17+00:00","og_image":[{"width":1280,"height":720,"url":"https:\/\/med.estrategia.com\/portal\/wp-content\/uploads\/2026\/04\/PRAIA-GRANDE-SP.jpg","type":"image\/jpeg"}],"author":"Ana Carolina Damasceno","twitter_card":"summary_large_image","twitter_creator":"@estrategiamed_","twitter_site":"@estrategiamed_","twitter_misc":{"Escrito por":"Ana Carolina Damasceno","Est. tempo de leitura":"3 minutos"},"schema":{"@context":"https:\/\/schema.org","@graph":[{"@type":"WebPage","@id":"https:\/\/med.estrategia.com\/portal\/concursos\/medicos-podem-se-inscrever-em-concurso-de-praia-grande-sp-ate-20-de-maio-confira-o-edital\/","url":"https:\/\/med.estrategia.com\/portal\/concursos\/medicos-podem-se-inscrever-em-concurso-de-praia-grande-sp-ate-20-de-maio-confira-o-edital\/","name":"M\u00e9dicos podem se inscrever em concurso de Praia Grande\/SP at\u00e9 20 de maio; confira o edital","isPartOf":{"@id":"https:\/\/med.estrategia.com\/portal\/#website"},"primaryImageOfPage":{"@id":"https:\/\/med.estrategia.com\/portal\/concursos\/medicos-podem-se-inscrever-em-concurso-de-praia-grande-sp-ate-20-de-maio-confira-o-edital\/#primaryimage"},"image":{"@id":"https:\/\/med.estrategia.com\/portal\/concursos\/medicos-podem-se-inscrever-em-concurso-de-praia-grande-sp-ate-20-de-maio-confira-o-edital\/#primaryimage"},"thumbnailUrl":"https:\/\/med.estrategia.com\/portal\/wp-content\/uploads\/2026\/04\/PRAIA-GRANDE-SP.jpg","datePublished":"2026-04-28T13:23:13+00:00","dateModified":"2026-04-28T13:23:17+00:00","author":{"@id":"https:\/\/med.estrategia.com\/portal\/#\/schema\/person\/2f553adbb8e25fe39d145c5b2927f58c"},"breadcrumb":{"@id":"https:\/\/med.estrategia.com\/portal\/concursos\/medicos-podem-se-inscrever-em-concurso-de-praia-grande-sp-ate-20-de-maio-confira-o-edital\/#breadcrumb"},"inLanguage":"pt-BR","potentialAction":[{"@type":"ReadAction","target":["https:\/\/med.estrategia.com\/portal\/concursos\/medicos-podem-se-inscrever-em-concurso-de-praia-grande-sp-ate-20-de-maio-confira-o-edital\/"]}]},{"@type":"ImageObject","inLanguage":"pt-BR","@id":"https:\/\/med.estrategia.com\/portal\/concursos\/medicos-podem-se-inscrever-em-concurso-de-praia-grande-sp-ate-20-de-maio-confira-o-edital\/#primaryimage","url":"https:\/\/med.estrategia.com\/portal\/wp-content\/uploads\/2026\/04\/PRAIA-GRANDE-SP.jpg","contentUrl":"https:\/\/med.estrategia.com\/portal\/wp-content\/uploads\/2026\/04\/PRAIA-GRANDE-SP.jpg","width":1280,"height":720},{"@type":"BreadcrumbList","@id":"https:\/\/med.estrategia.com\/portal\/concursos\/medicos-podem-se-inscrever-em-concurso-de-praia-grande-sp-ate-20-de-maio-confira-o-edital\/#breadcrumb","itemListElement":[{"@type":"ListItem","position":1,"name":"Home","item":"https:\/\/med.estrategia.com\/portal\/"},{"@type":"ListItem","position":2,"name":"Concursos M\u00e9dicos","item":"https:\/\/med.estrategia.com\/portal\/concursos\/"},{"@type":"ListItem","position":3,"name":"M\u00e9dicos podem se inscrever em concurso de Praia Grande\/SP at\u00e9 20 de maio; confira o edital"}]},{"@type":"WebSite","@id":"https:\/\/med.estrategia.com\/portal\/#website","url":"https:\/\/med.estrategia.com\/portal\/","name":"Estrat\u00e9gia MED","description":"","potentialAction":[{"@type":"SearchAction","target":{"@type":"EntryPoint","urlTemplate":"https:\/\/med.estrategia.com\/portal\/?s={search_term_string}"},"query-input":{"@type":"PropertyValueSpecification","valueRequired":true,"valueName":"search_term_string"}}],"inLanguage":"pt-BR"},{"@type":"Person","@id":"https:\/\/med.estrategia.com\/portal\/#\/schema\/person\/2f553adbb8e25fe39d145c5b2927f58c","name":"Ana Carolina Damasceno","image":{"@type":"ImageObject","inLanguage":"pt-BR","@id":"https:\/\/med.estrategia.com\/portal\/#\/schema\/person\/image\/","url":"https:\/\/med.estrategia.com\/portal\/wp-content\/uploads\/2021\/09\/WhatsApp-Image-2023-08-18-at-16.46.43-150x150.jpeg","contentUrl":"https:\/\/med.estrategia.com\/portal\/wp-content\/uploads\/2021\/09\/WhatsApp-Image-2023-08-18-at-16.46.43-150x150.jpeg","caption":"Ana Carolina Damasceno"},"description":"Coordenadora de Jornalismo EMED. Comunicadora por natureza e forma\u00e7\u00e3o, que ama e perde a no\u00e7\u00e3o do tempo com m\u00fasica e s\u00e9rie.","url":"https:\/\/med.estrategia.com\/portal\/author\/ana-carolina-damasceno\/"}]}},"_wl_alt_label":[],"wl:entity_url":"\/post\/medicos-podem-se-inscrever-em-concurso-de-praia-grande-sp-ate-20-de-maio-confira-o-edital-109678","_links":{"self":[{"href":"https:\/\/med.estrategia.com\/portal\/wp-json\/wp\/v2\/posts\/109678","targetHints":{"allow":["GET"]}}],"collection":[{"href":"https:\/\/med.estrategia.com\/portal\/wp-json\/wp\/v2\/posts"}],"about":[{"href":"https:\/\/med.estrategia.com\/portal\/wp-json\/wp\/v2\/types\/post"}],"author":[{"embeddable":true,"href":"https:\/\/med.estrategia.com\/portal\/wp-json\/wp\/v2\/users\/39"}],"replies":[{"embeddable":true,"href":"https:\/\/med.estrategia.com\/portal\/wp-json\/wp\/v2\/comments?post=109678"}],"version-history":[{"count":1,"href":"https:\/\/med.estrategia.com\/portal\/wp-json\/wp\/v2\/posts\/109678\/revisions"}],"predecessor-version":[{"id":109680,"href":"https:\/\/med.estrategia.com\/portal\/wp-json\/wp\/v2\/posts\/109678\/revisions\/109680"}],"wp:featuredmedia":[{"embeddable":true,"href":"https:\/\/med.estrategia.com\/portal\/wp-json\/wp\/v2\/media\/109675"}],"wp:attachment":[{"href":"https:\/\/med.estrategia.com\/portal\/wp-json\/wp\/v2\/media?parent=109678"}],"wp:term":[{"taxonomy":"category","embeddable":true,"href":"https:\/\/med.estrategia.com\/portal\/wp-json\/wp\/v2\/categories?post=109678"},{"taxonomy":"post_tag","embeddable":true,"href":"https:\/\/med.estrategia.com\/portal\/wp-json\/wp\/v2\/tags?post=109678"},{"taxonomy":"wl_entity_type","embeddable":true,"href":"https:\/\/med.estrategia.com\/portal\/wp-json\/wp\/v2\/wl_entity_type?post=109678"}],"curies":[{"name":"wp","href":"https:\/\/api.w.org\/{rel}","templated":true}]}}