{"id":109695,"date":"2026-04-28T14:04:02","date_gmt":"2026-04-28T17:04:02","guid":{"rendered":"https:\/\/med.estrategia.com\/portal\/?p=109695"},"modified":"2026-04-28T14:04:05","modified_gmt":"2026-04-28T17:04:05","slug":"projetos-de-lei-propoem-reajuste-da-bolsa-de-residencia-medica","status":"publish","type":"post","link":"https:\/\/med.estrategia.com\/portal\/noticias\/projetos-de-lei-propoem-reajuste-da-bolsa-de-residencia-medica\/","title":{"rendered":"Projetos de lei prop\u00f5em reajuste da bolsa de resid\u00eancia m\u00e9dica e aguardam an\u00e1lise no Senado"},"content":{"rendered":"<p>Dois <strong>projetos de lei apresentados em<\/strong> <strong>14 de abril de 2026 no Senado Federal <\/strong>prop&otilde;em <strong>reajustes no valor da bolsa paga a m&eacute;dicos residentes<\/strong> e a cria&ccedil;&atilde;o de mecanismos permanentes de atualiza&ccedil;&atilde;o monet&aacute;ria. As propostas ainda aguardam distribui&ccedil;&atilde;o para as comiss&otilde;es tem&aacute;ticas da Casa.<p>Atualmente, <strong>o valor da bolsa de resid&ecirc;ncia m&eacute;dica &eacute; de R$ 4.106,09<\/strong>, montante <strong>considerado defasado <\/strong>por parlamentares autores das propostas, que destacam a import&acirc;ncia da resid&ecirc;ncia m&eacute;dica para a forma&ccedil;&atilde;o de especialistas e para o funcionamento do Sistema &Uacute;nico de Sa&uacute;de (SUS). Confira detalhes das propostas abaixo!<\/p><div id=\"ez-toc-container\" class=\"ez-toc-v2_0_79_2 counter-hierarchy ez-toc-counter ez-toc-transparent ez-toc-container-direction\">\n<div class=\"ez-toc-title-container\"><p class=\"ez-toc-title\" style=\"cursor:inherit\">Navegue pelo conte\u00fado<\/p>\n<\/div><nav><ul class='ez-toc-list ez-toc-list-level-1 ' ><li class='ez-toc-page-1 ez-toc-heading-level-2'><a class=\"ez-toc-link ez-toc-heading-1\" href=\"https:\/\/med.estrategia.com\/portal\/noticias\/projetos-de-lei-propoem-reajuste-da-bolsa-de-residencia-medica\/#PL-no-18002026-propoe-bolsa-de-R-7500-com-reajuste-anual-pelo-IPCA\" >PL n&ordm; 1800\/2026 prop&otilde;e bolsa de R$ 7.500 com reajuste anual pelo IPCA<\/a><\/li><li class='ez-toc-page-1 ez-toc-heading-level-2'><a class=\"ez-toc-link ez-toc-heading-2\" href=\"https:\/\/med.estrategia.com\/portal\/noticias\/projetos-de-lei-propoem-reajuste-da-bolsa-de-residencia-medica\/#PL-no-18092026-propoe-bolsa-de-R-8105-e-medidas-adicionais-de-valorizacao\" >PL n&ordm; 1809\/2026 prop&otilde;e bolsa de R$ 8.105 e medidas adicionais de valoriza&ccedil;&atilde;o<\/a><\/li><\/ul><\/nav><\/div>\n<h2 class=\"wp-block-heading\" id=\"h-pl-n&ordm;-1800-2026-propoe-bolsa-de-r-7-500-com-reajuste-anual-pelo-ipca\"><span class=\"ez-toc-section\" id=\"PL-no-18002026-propoe-bolsa-de-R-7500-com-reajuste-anual-pelo-IPCA\"><\/span>PL n&ordm; 1800\/2026 prop&otilde;e bolsa de R$ 7.500 com reajuste anual pelo IPCA<span class=\"ez-toc-section-end\"><\/span><\/h2><p>O <strong><a href=\"https:\/\/www25.senado.leg.br\/web\/atividade\/materias\/-\/materia\/173613\" target=\"_blank\" rel=\"noopener noreferrer\">Projeto de Lei n&ordm; 1800\/2026<\/a><\/strong>, de autoria do senador Rog&eacute;rio Carvalho (PT\/SE), <strong>prop&otilde;e a<\/strong> <strong>atualiza&ccedil;&atilde;o do valor da bolsa <\/strong>do m&eacute;dico residente<strong> para R$ 7.500<\/strong>.<\/p><p>Al&eacute;m do novo valor, o texto estabelece que <strong>a bolsa dever&aacute; ser reajustada anualmente, sempre no m&ecirc;s de janeiro<\/strong>, com base na varia&ccedil;&atilde;o acumulada do &Iacute;ndice Nacional de Pre&ccedil;os ao Consumidor Amplo (IPCA), indicador oficial de infla&ccedil;&atilde;o calculado pelo Instituto Brasileiro de Geografia e Estat&iacute;stica.<\/p><p>Na justificativa, o autor destaca que o valor atual da bolsa n&atilde;o acompanhou a infla&ccedil;&atilde;o acumulada desde 2011, o que teria provocado perda significativa do poder de compra dos residentes. O senador tamb&eacute;m aponta que a defasagem pode contribuir para o abandono de programas e dificultar a fixa&ccedil;&atilde;o de profissionais em regi&otilde;es com maior necessidade de especialistas.<\/p><div class=\"wp-block-buttons is-content-justification-center is-layout-flex wp-container-core-buttons-is-layout-1 wp-block-buttons-is-layout-flex\">\n<div class=\"wp-block-button\"><a class=\"wp-block-button__link wp-element-button\" href=\"https:\/\/cdn.medblog.estrategiaeducacional.com.br\/wp-content\/uploads\/2026\/04\/DOC-SF261901789000-20260414_assinado.pdf\" target=\"_blank\" rel=\"noopener noreferrer\">CONFIRA aqui O TEXTO NA &Iacute;NTEGRA<\/a><\/div>\n<\/div><h2 class=\"wp-block-heading\" id=\"h-pl-n&ordm;-1809-2026-propoe-bolsa-de-r-8-105-e-medidas-adicionais-de-valorizacao\"><span class=\"ez-toc-section\" id=\"PL-no-18092026-propoe-bolsa-de-R-8105-e-medidas-adicionais-de-valorizacao\"><\/span>PL n&ordm; 1809\/2026 prop&otilde;e bolsa de R$ 8.105 e medidas adicionais de valoriza&ccedil;&atilde;o<span class=\"ez-toc-section-end\"><\/span><\/h2><p>J&aacute; o <strong><a href=\"https:\/\/www25.senado.leg.br\/web\/atividade\/materias\/-\/materia\/173618\" target=\"_blank\" rel=\"noopener noreferrer\">Projeto de Lei n&ordm; 1809\/2026<\/a><\/strong>, apresentado pela senadora Roberta Acioly (Republicanos\/RR), <strong>prev&ecirc; a fixa&ccedil;&atilde;o da bolsa em<\/strong> <strong>R$ 8.105<\/strong>, valor superior ao proposto no outro texto.<\/p><p>Assim como o projeto anterior, a proposta estabelece reajuste anual com base no IPCA ou em outro &iacute;ndice oficial que venha a substitu&iacute;-lo. No entanto, o texto inclui dispositivos adicionais, como a possibilidade de <strong>complementa&ccedil;&atilde;o do valor da bolsa por estados, Distrito Federal, munic&iacute;pios ou institui&ccedil;&otilde;es mantenedoras<\/strong> <strong>dos programas<\/strong>.<\/p><p>O projeto tamb&eacute;m<strong> assegura a manuten&ccedil;&atilde;o de benef&iacute;cios j&aacute; previstos em lei<\/strong>, como alimenta&ccedil;&atilde;o e moradia ou aux&iacute;lio equivalente, quando n&atilde;o fornecidos pela institui&ccedil;&atilde;o respons&aacute;vel. Outro ponto previsto &eacute; a possibilidade de cria&ccedil;&atilde;o de <strong>programas espec&iacute;ficos de incentivo &agrave; forma&ccedil;&atilde;o m&eacute;dica em regi&otilde;es priorit&aacute;rias para o SUS<\/strong>.<\/p><p>Na justificativa, a autora argumenta que a atualiza&ccedil;&atilde;o do valor busca valorizar a resid&ecirc;ncia m&eacute;dica e tornar a forma&ccedil;&atilde;o mais atrativa, considerando a carga hor&aacute;ria elevada e a responsabilidade assistencial assumida pelos residentes.<\/p><div class=\"wp-block-buttons is-content-justification-center is-layout-flex wp-container-core-buttons-is-layout-2 wp-block-buttons-is-layout-flex\">\n<div class=\"wp-block-button\"><a class=\"wp-block-button__link wp-element-button\" href=\"https:\/\/med.estrategia.com\/portal\/wp-admin\/post.php?post=109695&amp;action=edit\">veja aqui o projeto de lei<\/a><\/div>\n<\/div><p>Ap&oacute;s a distribui&ccedil;&atilde;o para as comiss&otilde;es tem&aacute;ticas, <strong>as propostas dever&atilde;o passar por an&aacute;lise t&eacute;cnica e discuss&atilde;o entre os parlamentares antes de seguir para vota&ccedil;&atilde;o<\/strong>. Caso aprovadas nas duas Casas do Congresso Nacional, as mudan&ccedil;as depender&atilde;o de san&ccedil;&atilde;o presidencial para entrarem em vigor.<\/p><p>Se voc&ecirc; quer ficar por dentro de mais conte&uacute;dos relevantes sobre a &aacute;rea m&eacute;dica, continue acompanhando o material preparado pelo Portal de Not&iacute;cias do Estrat&eacute;gia MED. Aqui, voc&ecirc; encontrar&aacute; informa&ccedil;&otilde;es atualizadas sobre resid&ecirc;ncias, carreira m&eacute;dica e muito mais.<\/p><p>\n\n\n\n<a id=\"cta\" class=\"cta-imagem\" href=\"https:\/\/med.estrategia.com\/curso\/curso-intensivo-para-residencia-medica\/\" target=\"blank\">\n                <img decoding=\"async\" width=\"100%\" src=\"https:\/\/med.estrategia.com\/portal\/wp-content\/uploads\/2025\/08\/intensivo_rm.jpg\" alt=\"intensivo_rm\" title=\"intensivo_rm\">\n        <\/a>\n\n\n\n<\/p><p><\/p><\/p>\n","protected":false},"excerpt":{"rendered":"Dois projetos de lei apresentados em 14 de abril de 2026 no Senado Federal prop&otilde;em reajustes no valor&hellip;\n","protected":false},"author":39,"featured_media":107490,"comment_status":"closed","ping_status":"closed","sticky":false,"template":"","format":"standard","meta":{"wl_entities_gutenberg":"","footnotes":""},"categories":[300],"tags":[],"wl_entity_type":[199],"class_list":{"0":"post-109695","1":"post","2":"type-post","3":"status-publish","4":"format-standard","5":"has-post-thumbnail","7":"category-noticias","8":"wl_entity_type-article"},"acf":[],"yoast_head":"<!-- This site is optimized with the Yoast SEO Premium plugin v26.6 (Yoast SEO v26.6) - https:\/\/yoast.com\/wordpress\/plugins\/seo\/ -->\n<title>Projetos de lei prop\u00f5em reajuste da bolsa de resid\u00eancia m\u00e9dica e aguardam an\u00e1lise no Senado<\/title>\n<meta name=\"robots\" content=\"index, follow, max-snippet:-1, max-image-preview:large, max-video-preview:-1\" \/>\n<link rel=\"canonical\" href=\"https:\/\/med.estrategia.com\/portal\/noticias\/projetos-de-lei-propoem-reajuste-da-bolsa-de-residencia-medica\/\" \/>\n<meta property=\"og:locale\" content=\"pt_BR\" \/>\n<meta property=\"og:type\" content=\"article\" \/>\n<meta property=\"og:title\" content=\"Projetos de lei prop\u00f5em reajuste da bolsa de resid\u00eancia m\u00e9dica e aguardam an\u00e1lise no Senado\" \/>\n<meta property=\"og:description\" content=\"Dois projetos de lei apresentados em 14 de abril de 2026 no Senado Federal prop&otilde;em reajustes no valor&hellip;\" \/>\n<meta property=\"og:url\" content=\"https:\/\/med.estrategia.com\/portal\/noticias\/projetos-de-lei-propoem-reajuste-da-bolsa-de-residencia-medica\/\" \/>\n<meta property=\"og:site_name\" content=\"Estrat\u00e9gia MED\" \/>\n<meta property=\"article:publisher\" content=\"https:\/\/www.facebook.com\/estrategiamed1\" \/>\n<meta property=\"article:published_time\" content=\"2026-04-28T17:04:02+00:00\" \/>\n<meta property=\"article:modified_time\" content=\"2026-04-28T17:04:05+00:00\" \/>\n<meta property=\"og:image\" content=\"https:\/\/med.estrategia.com\/portal\/wp-content\/uploads\/2026\/02\/imagem_materia.jpg\" \/>\n\t<meta property=\"og:image:width\" content=\"860\" \/>\n\t<meta property=\"og:image:height\" content=\"570\" \/>\n\t<meta property=\"og:image:type\" content=\"image\/jpeg\" \/>\n<meta name=\"author\" content=\"Ana Carolina Damasceno\" \/>\n<meta name=\"twitter:card\" content=\"summary_large_image\" \/>\n<meta name=\"twitter:creator\" content=\"@estrategiamed_\" \/>\n<meta name=\"twitter:site\" content=\"@estrategiamed_\" \/>\n<meta name=\"twitter:label1\" content=\"Escrito por\" \/>\n\t<meta name=\"twitter:data1\" content=\"Ana Carolina Damasceno\" \/>\n\t<meta name=\"twitter:label2\" content=\"Est. tempo de leitura\" \/>\n\t<meta name=\"twitter:data2\" content=\"3 minutos\" \/>\n<script type=\"application\/ld+json\" class=\"yoast-schema-graph\">{\"@context\":\"https:\/\/schema.org\",\"@graph\":[{\"@type\":\"WebPage\",\"@id\":\"https:\/\/med.estrategia.com\/portal\/noticias\/projetos-de-lei-propoem-reajuste-da-bolsa-de-residencia-medica\/\",\"url\":\"https:\/\/med.estrategia.com\/portal\/noticias\/projetos-de-lei-propoem-reajuste-da-bolsa-de-residencia-medica\/\",\"name\":\"Projetos de lei prop\u00f5em reajuste da bolsa de resid\u00eancia m\u00e9dica e aguardam an\u00e1lise no Senado\",\"isPartOf\":{\"@id\":\"https:\/\/med.estrategia.com\/portal\/#website\"},\"primaryImageOfPage\":{\"@id\":\"https:\/\/med.estrategia.com\/portal\/noticias\/projetos-de-lei-propoem-reajuste-da-bolsa-de-residencia-medica\/#primaryimage\"},\"image\":{\"@id\":\"https:\/\/med.estrategia.com\/portal\/noticias\/projetos-de-lei-propoem-reajuste-da-bolsa-de-residencia-medica\/#primaryimage\"},\"thumbnailUrl\":\"https:\/\/med.estrategia.com\/portal\/wp-content\/uploads\/2026\/02\/imagem_materia.jpg\",\"datePublished\":\"2026-04-28T17:04:02+00:00\",\"dateModified\":\"2026-04-28T17:04:05+00:00\",\"author\":{\"@id\":\"https:\/\/med.estrategia.com\/portal\/#\/schema\/person\/2f553adbb8e25fe39d145c5b2927f58c\"},\"breadcrumb\":{\"@id\":\"https:\/\/med.estrategia.com\/portal\/noticias\/projetos-de-lei-propoem-reajuste-da-bolsa-de-residencia-medica\/#breadcrumb\"},\"inLanguage\":\"pt-BR\",\"potentialAction\":[{\"@type\":\"ReadAction\",\"target\":[\"https:\/\/med.estrategia.com\/portal\/noticias\/projetos-de-lei-propoem-reajuste-da-bolsa-de-residencia-medica\/\"]}]},{\"@type\":\"ImageObject\",\"inLanguage\":\"pt-BR\",\"@id\":\"https:\/\/med.estrategia.com\/portal\/noticias\/projetos-de-lei-propoem-reajuste-da-bolsa-de-residencia-medica\/#primaryimage\",\"url\":\"https:\/\/med.estrategia.com\/portal\/wp-content\/uploads\/2026\/02\/imagem_materia.jpg\",\"contentUrl\":\"https:\/\/med.estrategia.com\/portal\/wp-content\/uploads\/2026\/02\/imagem_materia.jpg\",\"width\":860,\"height\":570,\"caption\":\"Senado Federal. Foto: Marcos Oliveira\/Ag\u00eancia Senado\"},{\"@type\":\"BreadcrumbList\",\"@id\":\"https:\/\/med.estrategia.com\/portal\/noticias\/projetos-de-lei-propoem-reajuste-da-bolsa-de-residencia-medica\/#breadcrumb\",\"itemListElement\":[{\"@type\":\"ListItem\",\"position\":1,\"name\":\"Home\",\"item\":\"https:\/\/med.estrategia.com\/portal\/\"},{\"@type\":\"ListItem\",\"position\":2,\"name\":\"Not\u00edcias\",\"item\":\"https:\/\/med.estrategia.com\/portal\/noticias\/\"},{\"@type\":\"ListItem\",\"position\":3,\"name\":\"Projetos de lei prop\u00f5em reajuste da bolsa de resid\u00eancia m\u00e9dica e aguardam an\u00e1lise no Senado\"}]},{\"@type\":\"WebSite\",\"@id\":\"https:\/\/med.estrategia.com\/portal\/#website\",\"url\":\"https:\/\/med.estrategia.com\/portal\/\",\"name\":\"Estrat\u00e9gia MED\",\"description\":\"\",\"potentialAction\":[{\"@type\":\"SearchAction\",\"target\":{\"@type\":\"EntryPoint\",\"urlTemplate\":\"https:\/\/med.estrategia.com\/portal\/?s={search_term_string}\"},\"query-input\":{\"@type\":\"PropertyValueSpecification\",\"valueRequired\":true,\"valueName\":\"search_term_string\"}}],\"inLanguage\":\"pt-BR\"},{\"@type\":\"Person\",\"@id\":\"https:\/\/med.estrategia.com\/portal\/#\/schema\/person\/2f553adbb8e25fe39d145c5b2927f58c\",\"name\":\"Ana Carolina Damasceno\",\"image\":{\"@type\":\"ImageObject\",\"inLanguage\":\"pt-BR\",\"@id\":\"https:\/\/med.estrategia.com\/portal\/#\/schema\/person\/image\/\",\"url\":\"https:\/\/med.estrategia.com\/portal\/wp-content\/uploads\/2021\/09\/WhatsApp-Image-2023-08-18-at-16.46.43-150x150.jpeg\",\"contentUrl\":\"https:\/\/med.estrategia.com\/portal\/wp-content\/uploads\/2021\/09\/WhatsApp-Image-2023-08-18-at-16.46.43-150x150.jpeg\",\"caption\":\"Ana Carolina Damasceno\"},\"description\":\"Coordenadora de Jornalismo EMED. Comunicadora por natureza e forma\u00e7\u00e3o, que ama e perde a no\u00e7\u00e3o do tempo com m\u00fasica e s\u00e9rie.\",\"url\":\"https:\/\/med.estrategia.com\/portal\/author\/ana-carolina-damasceno\/\"}]}<\/script>\n<!-- \/ Yoast SEO Premium plugin. -->","yoast_head_json":{"title":"Projetos de lei prop\u00f5em reajuste da bolsa de resid\u00eancia m\u00e9dica e aguardam an\u00e1lise no Senado","robots":{"index":"index","follow":"follow","max-snippet":"max-snippet:-1","max-image-preview":"max-image-preview:large","max-video-preview":"max-video-preview:-1"},"canonical":"https:\/\/med.estrategia.com\/portal\/noticias\/projetos-de-lei-propoem-reajuste-da-bolsa-de-residencia-medica\/","og_locale":"pt_BR","og_type":"article","og_title":"Projetos de lei prop\u00f5em reajuste da bolsa de resid\u00eancia m\u00e9dica e aguardam an\u00e1lise no Senado","og_description":"Dois projetos de lei apresentados em 14 de abril de 2026 no Senado Federal prop&otilde;em reajustes no valor&hellip;","og_url":"https:\/\/med.estrategia.com\/portal\/noticias\/projetos-de-lei-propoem-reajuste-da-bolsa-de-residencia-medica\/","og_site_name":"Estrat\u00e9gia MED","article_publisher":"https:\/\/www.facebook.com\/estrategiamed1","article_published_time":"2026-04-28T17:04:02+00:00","article_modified_time":"2026-04-28T17:04:05+00:00","og_image":[{"width":860,"height":570,"url":"https:\/\/med.estrategia.com\/portal\/wp-content\/uploads\/2026\/02\/imagem_materia.jpg","type":"image\/jpeg"}],"author":"Ana Carolina Damasceno","twitter_card":"summary_large_image","twitter_creator":"@estrategiamed_","twitter_site":"@estrategiamed_","twitter_misc":{"Escrito por":"Ana Carolina Damasceno","Est. tempo de leitura":"3 minutos"},"schema":{"@context":"https:\/\/schema.org","@graph":[{"@type":"WebPage","@id":"https:\/\/med.estrategia.com\/portal\/noticias\/projetos-de-lei-propoem-reajuste-da-bolsa-de-residencia-medica\/","url":"https:\/\/med.estrategia.com\/portal\/noticias\/projetos-de-lei-propoem-reajuste-da-bolsa-de-residencia-medica\/","name":"Projetos de lei prop\u00f5em reajuste da bolsa de resid\u00eancia m\u00e9dica e aguardam an\u00e1lise no Senado","isPartOf":{"@id":"https:\/\/med.estrategia.com\/portal\/#website"},"primaryImageOfPage":{"@id":"https:\/\/med.estrategia.com\/portal\/noticias\/projetos-de-lei-propoem-reajuste-da-bolsa-de-residencia-medica\/#primaryimage"},"image":{"@id":"https:\/\/med.estrategia.com\/portal\/noticias\/projetos-de-lei-propoem-reajuste-da-bolsa-de-residencia-medica\/#primaryimage"},"thumbnailUrl":"https:\/\/med.estrategia.com\/portal\/wp-content\/uploads\/2026\/02\/imagem_materia.jpg","datePublished":"2026-04-28T17:04:02+00:00","dateModified":"2026-04-28T17:04:05+00:00","author":{"@id":"https:\/\/med.estrategia.com\/portal\/#\/schema\/person\/2f553adbb8e25fe39d145c5b2927f58c"},"breadcrumb":{"@id":"https:\/\/med.estrategia.com\/portal\/noticias\/projetos-de-lei-propoem-reajuste-da-bolsa-de-residencia-medica\/#breadcrumb"},"inLanguage":"pt-BR","potentialAction":[{"@type":"ReadAction","target":["https:\/\/med.estrategia.com\/portal\/noticias\/projetos-de-lei-propoem-reajuste-da-bolsa-de-residencia-medica\/"]}]},{"@type":"ImageObject","inLanguage":"pt-BR","@id":"https:\/\/med.estrategia.com\/portal\/noticias\/projetos-de-lei-propoem-reajuste-da-bolsa-de-residencia-medica\/#primaryimage","url":"https:\/\/med.estrategia.com\/portal\/wp-content\/uploads\/2026\/02\/imagem_materia.jpg","contentUrl":"https:\/\/med.estrategia.com\/portal\/wp-content\/uploads\/2026\/02\/imagem_materia.jpg","width":860,"height":570,"caption":"Senado Federal. Foto: Marcos Oliveira\/Ag\u00eancia Senado"},{"@type":"BreadcrumbList","@id":"https:\/\/med.estrategia.com\/portal\/noticias\/projetos-de-lei-propoem-reajuste-da-bolsa-de-residencia-medica\/#breadcrumb","itemListElement":[{"@type":"ListItem","position":1,"name":"Home","item":"https:\/\/med.estrategia.com\/portal\/"},{"@type":"ListItem","position":2,"name":"Not\u00edcias","item":"https:\/\/med.estrategia.com\/portal\/noticias\/"},{"@type":"ListItem","position":3,"name":"Projetos de lei prop\u00f5em reajuste da bolsa de resid\u00eancia m\u00e9dica e aguardam an\u00e1lise no Senado"}]},{"@type":"WebSite","@id":"https:\/\/med.estrategia.com\/portal\/#website","url":"https:\/\/med.estrategia.com\/portal\/","name":"Estrat\u00e9gia MED","description":"","potentialAction":[{"@type":"SearchAction","target":{"@type":"EntryPoint","urlTemplate":"https:\/\/med.estrategia.com\/portal\/?s={search_term_string}"},"query-input":{"@type":"PropertyValueSpecification","valueRequired":true,"valueName":"search_term_string"}}],"inLanguage":"pt-BR"},{"@type":"Person","@id":"https:\/\/med.estrategia.com\/portal\/#\/schema\/person\/2f553adbb8e25fe39d145c5b2927f58c","name":"Ana Carolina Damasceno","image":{"@type":"ImageObject","inLanguage":"pt-BR","@id":"https:\/\/med.estrategia.com\/portal\/#\/schema\/person\/image\/","url":"https:\/\/med.estrategia.com\/portal\/wp-content\/uploads\/2021\/09\/WhatsApp-Image-2023-08-18-at-16.46.43-150x150.jpeg","contentUrl":"https:\/\/med.estrategia.com\/portal\/wp-content\/uploads\/2021\/09\/WhatsApp-Image-2023-08-18-at-16.46.43-150x150.jpeg","caption":"Ana Carolina Damasceno"},"description":"Coordenadora de Jornalismo EMED. Comunicadora por natureza e forma\u00e7\u00e3o, que ama e perde a no\u00e7\u00e3o do tempo com m\u00fasica e s\u00e9rie.","url":"https:\/\/med.estrategia.com\/portal\/author\/ana-carolina-damasceno\/"}]}},"_wl_alt_label":[],"wl:entity_url":"\/post\/projetos-de-lei-propoem-reajuste-da-bolsa-de-residencia-medica-e-aguardam-analise-no-senado-109695","_links":{"self":[{"href":"https:\/\/med.estrategia.com\/portal\/wp-json\/wp\/v2\/posts\/109695","targetHints":{"allow":["GET"]}}],"collection":[{"href":"https:\/\/med.estrategia.com\/portal\/wp-json\/wp\/v2\/posts"}],"about":[{"href":"https:\/\/med.estrategia.com\/portal\/wp-json\/wp\/v2\/types\/post"}],"author":[{"embeddable":true,"href":"https:\/\/med.estrategia.com\/portal\/wp-json\/wp\/v2\/users\/39"}],"replies":[{"embeddable":true,"href":"https:\/\/med.estrategia.com\/portal\/wp-json\/wp\/v2\/comments?post=109695"}],"version-history":[{"count":1,"href":"https:\/\/med.estrategia.com\/portal\/wp-json\/wp\/v2\/posts\/109695\/revisions"}],"predecessor-version":[{"id":109698,"href":"https:\/\/med.estrategia.com\/portal\/wp-json\/wp\/v2\/posts\/109695\/revisions\/109698"}],"wp:featuredmedia":[{"embeddable":true,"href":"https:\/\/med.estrategia.com\/portal\/wp-json\/wp\/v2\/media\/107490"}],"wp:attachment":[{"href":"https:\/\/med.estrategia.com\/portal\/wp-json\/wp\/v2\/media?parent=109695"}],"wp:term":[{"taxonomy":"category","embeddable":true,"href":"https:\/\/med.estrategia.com\/portal\/wp-json\/wp\/v2\/categories?post=109695"},{"taxonomy":"post_tag","embeddable":true,"href":"https:\/\/med.estrategia.com\/portal\/wp-json\/wp\/v2\/tags?post=109695"},{"taxonomy":"wl_entity_type","embeddable":true,"href":"https:\/\/med.estrategia.com\/portal\/wp-json\/wp\/v2\/wl_entity_type?post=109695"}],"curies":[{"name":"wp","href":"https:\/\/api.w.org\/{rel}","templated":true}]}}