{"id":109712,"date":"2026-04-28T14:52:07","date_gmt":"2026-04-28T17:52:07","guid":{"rendered":"https:\/\/med.estrategia.com\/portal\/?p=109712"},"modified":"2026-04-28T14:52:11","modified_gmt":"2026-04-28T17:52:11","slug":"resumo-sobre-sindrome-da-boca-ardente-definicao-manifestacoes-clinicas-e-mais","status":"publish","type":"post","link":"https:\/\/med.estrategia.com\/portal\/conteudos-gratis\/doencas\/resumo-sobre-sindrome-da-boca-ardente-definicao-manifestacoes-clinicas-e-mais\/","title":{"rendered":"Resumo sobre S\u00edndrome da boca ardente: defini\u00e7\u00e3o, manifesta\u00e7\u00f5es cl\u00ednicas e mais!"},"content":{"rendered":"<p>E a&iacute;, doc! Vamos explorar mais um tema essencial? Hoje o foco &eacute; a <strong>S&iacute;ndrome da boca ardente<\/strong>, uma condi&ccedil;&atilde;o caracterizada pela sensa&ccedil;&atilde;o de queima&ccedil;&atilde;o cr&ocirc;nica na cavidade oral, geralmente sem altera&ccedil;&otilde;es cl&iacute;nicas vis&iacute;veis, podendo estar associada a fatores neurop&aacute;ticos, hormonais ou psicol&oacute;gicos.<p>O <strong>Estrat&eacute;gia MED<\/strong> est&aacute; aqui para descomplicar esse conceito e ajudar voc&ecirc; a aprofundar seus conhecimentos, promovendo uma pr&aacute;tica cl&iacute;nica cada vez mais eficaz e segura.<\/p><p>Vamos nessa!<\/p><div id=\"ez-toc-container\" class=\"ez-toc-v2_0_79_2 counter-hierarchy ez-toc-counter ez-toc-transparent ez-toc-container-direction\">\n<div class=\"ez-toc-title-container\"><p class=\"ez-toc-title\" style=\"cursor:inherit\">Navegue pelo conte\u00fado<\/p>\n<\/div><nav><ul class='ez-toc-list ez-toc-list-level-1 ' ><li class='ez-toc-page-1 ez-toc-heading-level-2'><a class=\"ez-toc-link ez-toc-heading-1\" href=\"https:\/\/med.estrategia.com\/portal\/conteudos-gratis\/doencas\/resumo-sobre-sindrome-da-boca-ardente-definicao-manifestacoes-clinicas-e-mais\/#Definicao-de-Sindrome-da-boca-ardente\" >Defini&ccedil;&atilde;o de S&iacute;ndrome da boca ardente<\/a><\/li><li class='ez-toc-page-1 ez-toc-heading-level-2'><a class=\"ez-toc-link ez-toc-heading-2\" href=\"https:\/\/med.estrategia.com\/portal\/conteudos-gratis\/doencas\/resumo-sobre-sindrome-da-boca-ardente-definicao-manifestacoes-clinicas-e-mais\/#Classificacao-da-Sindrome-da-boca-ardente\" >Classifica&ccedil;&atilde;o da S&iacute;ndrome da boca ardente<\/a><\/li><li class='ez-toc-page-1 ez-toc-heading-level-2'><a class=\"ez-toc-link ez-toc-heading-3\" href=\"https:\/\/med.estrategia.com\/portal\/conteudos-gratis\/doencas\/resumo-sobre-sindrome-da-boca-ardente-definicao-manifestacoes-clinicas-e-mais\/#Etiologia-da-Sindrome-da-boca-ardente\" >Etiologia da S&iacute;ndrome da boca ardente<\/a><\/li><li class='ez-toc-page-1 ez-toc-heading-level-2'><a class=\"ez-toc-link ez-toc-heading-4\" href=\"https:\/\/med.estrategia.com\/portal\/conteudos-gratis\/doencas\/resumo-sobre-sindrome-da-boca-ardente-definicao-manifestacoes-clinicas-e-mais\/#Fisiopatologia-da-Sindrome-da-boca-ardente\" >Fisiopatologia da S&iacute;ndrome da boca ardente<\/a><\/li><li class='ez-toc-page-1 ez-toc-heading-level-2'><a class=\"ez-toc-link ez-toc-heading-5\" href=\"https:\/\/med.estrategia.com\/portal\/conteudos-gratis\/doencas\/resumo-sobre-sindrome-da-boca-ardente-definicao-manifestacoes-clinicas-e-mais\/#Manifestacoes-clinicas-da-Sindrome-da-boca-ardente\" >Manifesta&ccedil;&otilde;es cl&iacute;nicas da S&iacute;ndrome da boca ardente<\/a><\/li><li class='ez-toc-page-1 ez-toc-heading-level-2'><a class=\"ez-toc-link ez-toc-heading-6\" href=\"https:\/\/med.estrategia.com\/portal\/conteudos-gratis\/doencas\/resumo-sobre-sindrome-da-boca-ardente-definicao-manifestacoes-clinicas-e-mais\/#Diagnostico-da-Sindrome-da-boca-ardente\" >Diagn&oacute;stico da S&iacute;ndrome da boca ardente<\/a><\/li><li class='ez-toc-page-1 ez-toc-heading-level-2'><a class=\"ez-toc-link ez-toc-heading-7\" href=\"https:\/\/med.estrategia.com\/portal\/conteudos-gratis\/doencas\/resumo-sobre-sindrome-da-boca-ardente-definicao-manifestacoes-clinicas-e-mais\/#Tratamento-da-Sindrome-da-boca-ardente\" >Tratamento da S&iacute;ndrome da boca ardente<\/a><\/li><li class='ez-toc-page-1 ez-toc-heading-level-2'><a class=\"ez-toc-link ez-toc-heading-8\" href=\"https:\/\/med.estrategia.com\/portal\/conteudos-gratis\/doencas\/resumo-sobre-sindrome-da-boca-ardente-definicao-manifestacoes-clinicas-e-mais\/#Veja-tambem\" >Veja tamb&eacute;m!<\/a><\/li><li class='ez-toc-page-1 ez-toc-heading-level-2'><a class=\"ez-toc-link ez-toc-heading-9\" href=\"https:\/\/med.estrategia.com\/portal\/conteudos-gratis\/doencas\/resumo-sobre-sindrome-da-boca-ardente-definicao-manifestacoes-clinicas-e-mais\/#Referencias\" >Refer&ecirc;ncias<\/a><\/li><\/ul><\/nav><\/div>\n<h2 class=\"wp-block-heading\" id=\"h-definicao-de-sindrome-da-boca-ardente\"><span class=\"ez-toc-section\" id=\"Definicao-de-Sindrome-da-boca-ardente\"><\/span>Defini&ccedil;&atilde;o de S&iacute;ndrome da boca ardente<span class=\"ez-toc-section-end\"><\/span><\/h2><p>A <strong>s&iacute;ndrome da boca ardente<\/strong> &eacute; uma condi&ccedil;&atilde;o cl&iacute;nica caracterizada por sensa&ccedil;&atilde;o de queima&ccedil;&atilde;o ou ardor na mucosa oral <strong>sem altera&ccedil;&otilde;es vis&iacute;veis ao exame<\/strong>, com dura&ccedil;&atilde;o m&iacute;nima de <strong>4 a 6 meses<\/strong>. Trata-se de uma condi&ccedil;&atilde;o <strong>idiop&aacute;tica<\/strong>, ou seja, sem causa claramente definida, cujo diagn&oacute;stico &eacute; <strong>cl&iacute;nico e de exclus&atilde;o<\/strong>, ap&oacute;s afastar outras etiologias de dor oral.<\/p><p>Al&eacute;m da sensa&ccedil;&atilde;o de ardor, os pacientes podem apresentar <strong>altera&ccedil;&otilde;es do paladar<\/strong>, como parageusia. A condi&ccedil;&atilde;o ocorre com maior frequ&ecirc;ncia em <strong>mulheres no per&iacute;odo peri ou p&oacute;s-menopausa<\/strong> e pode estar associada a fatores como altera&ccedil;&otilde;es neurossensoriais, dist&uacute;rbios psiqui&aacute;tricos e desregula&ccedil;&atilde;o do ritmo circadiano, os quais influenciam a percep&ccedil;&atilde;o da dor.<\/p><h2 class=\"wp-block-heading\" id=\"h-classificacao-da-sindrome-da-boca-ardente\"><span class=\"ez-toc-section\" id=\"Classificacao-da-Sindrome-da-boca-ardente\"><\/span>Classifica&ccedil;&atilde;o da S&iacute;ndrome da boca ardente<span class=\"ez-toc-section-end\"><\/span><\/h2><p>A <strong>s&iacute;ndrome da boca ardente<\/strong> pode ser classificada, segundo Lamey e Lewis, em tr&ecirc;s tipos, com base na varia&ccedil;&atilde;o dos sintomas ao longo do dia:<\/p><p>O <strong>Tipo 1<\/strong> caracteriza-se pela aus&ecirc;ncia de sintomas ao despertar, com piora progressiva da sensa&ccedil;&atilde;o de ardor ao longo do dia. Os sintomas podem variar durante a noite. Esse padr&atilde;o est&aacute; frequentemente associado a <strong>defici&ecirc;ncias nutricionais<\/strong> ou <strong>condi&ccedil;&otilde;es end&oacute;crinas<\/strong>, como o diabetes mellitus.<\/p><p>O <strong>Tipo 2<\/strong> apresenta sintomas cont&iacute;nuos durante todo o dia, sem per&iacute;odos de al&iacute;vio. Est&aacute; comumente relacionado a <strong>ansiedade cr&ocirc;nica<\/strong> e outros fatores psicol&oacute;gicos, sendo um dos tipos mais associados a transtornos emocionais.<\/p><p>O <strong>Tipo 3<\/strong> &eacute; marcado por sintomas intermitentes, com per&iacute;odos ao longo do dia em que o paciente pode ficar assintom&aacute;tico. Esse tipo pode estar associado a <strong>alergias alimentares<\/strong>, sendo essa uma poss&iacute;vel explica&ccedil;&atilde;o para a variabilidade dos sintomas.<\/p><h2 class=\"wp-block-heading\" id=\"h-etiologia-da-sindrome-da-boca-ardente\"><span class=\"ez-toc-section\" id=\"Etiologia-da-Sindrome-da-boca-ardente\"><\/span>Etiologia da S&iacute;ndrome da boca ardente<span class=\"ez-toc-section-end\"><\/span><\/h2><p>A <strong>etiologia da s&iacute;ndrome da boca ardente (SBA)<\/strong> n&atilde;o &eacute; completamente compreendida, sendo considerada <strong>multifatorial<\/strong>, com a participa&ccedil;&atilde;o de diversos mecanismos locais e sist&ecirc;micos.<\/p><p>Um dos principais fatores envolvidos &eacute; a influ&ecirc;ncia hormonal, j&aacute; que a condi&ccedil;&atilde;o &eacute; mais prevalente em mulheres no per&iacute;odo peri e p&oacute;s-menopausa. A <strong>redu&ccedil;&atilde;o dos n&iacute;veis de estrog&ecirc;nio<\/strong> pode levar &agrave; atrofia da mucosa oral, tornando-a mais suscet&iacute;vel a processos inflamat&oacute;rios e ao surgimento da sensa&ccedil;&atilde;o de ardor.<\/p><p>Fatores infecciosos tamb&eacute;m podem estar implicados. Em alguns casos, infec&ccedil;&otilde;es precedem o in&iacute;cio dos sintomas, sendo frequentemente identificados microrganismos como <em>Candida<\/em>, <em>Enterobacter<\/em>, <em>Fusospirochaetal<\/em>, <em>Helicobacter pylori<\/em> e <em>Klebsiella<\/em> em pacientes com a s&iacute;ndrome.<\/p><p>Doen&ccedil;as sist&ecirc;micas, como o <strong>diabetes mellitus<\/strong>, tamb&eacute;m est&atilde;o associadas, especialmente quando h&aacute; <strong>neuropatia perif&eacute;rica<\/strong>, sugerindo um mecanismo neurop&aacute;tico para os sintomas em parte dos pacientes.<\/p><p>Al&eacute;m disso, h&aacute; rela&ccedil;&atilde;o com agentes irritantes locais, incluindo materiais odontol&oacute;gicos (como merc&uacute;rio, am&aacute;lgama, metilmetacrilato, cloreto de cobalto, zinco e per&oacute;xido de benzo&iacute;la) e tamb&eacute;m com <strong>alergias alimentares<\/strong>, como a amendoim, &aacute;cido s&oacute;rbico, castanhas e canela.<\/p><p>Fatores neuropsiqui&aacute;tricos desempenham papel importante, com forte associa&ccedil;&atilde;o com condi&ccedil;&otilde;es como <strong>depress&atilde;o maior<\/strong>, ansiedade cr&ocirc;nica e outros transtornos do humor. Em muitos casos, a s&iacute;ndrome pode coexistir com essas condi&ccedil;&otilde;es ou surgir ap&oacute;s epis&oacute;dios agudos.<\/p><p>Outros fatores descritos incluem o uso de aparelhos ortod&ocirc;nticos, efeitos adversos de medicamentos, aumento de mediadores inflamat&oacute;rios como a bradicinina e a presen&ccedil;a de doen&ccedil;as dermatol&oacute;gicas associadas.<\/p><h2 class=\"wp-block-heading\" id=\"h-fisiopatologia-da-sindrome-da-boca-ardente\"><span class=\"ez-toc-section\" id=\"Fisiopatologia-da-Sindrome-da-boca-ardente\"><\/span>Fisiopatologia da S&iacute;ndrome da boca ardente<span class=\"ez-toc-section-end\"><\/span><\/h2><p>A <strong>fisiopatologia da s&iacute;ndrome da boca ardente (SBA)<\/strong> ainda n&atilde;o est&aacute; totalmente esclarecida, sendo provavelmente resultado da intera&ccedil;&atilde;o entre <strong>mecanismos neurop&aacute;ticos e psicog&ecirc;nicos<\/strong>.<\/p><p>Do ponto de vista neurol&oacute;gico, acredita-se que a dor esteja relacionada a altera&ccedil;&otilde;es na condu&ccedil;&atilde;o sensitiva ao longo do territ&oacute;rio do nervo trig&ecirc;meo, com evid&ecirc;ncias de <strong>altera&ccedil;&otilde;es histopatol&oacute;gicas em fibras nociceptivas<\/strong>. Al&eacute;m disso, h&aacute; ind&iacute;cios de disfun&ccedil;&atilde;o sensorial, com mudan&ccedil;as na percep&ccedil;&atilde;o do paladar e das sensa&ccedil;&otilde;es t&eacute;rmicas (calor e frio). Um dos mecanismos propostos envolve a <strong>hipofun&ccedil;&atilde;o da corda do t&iacute;mpano<\/strong>, levando &agrave; diminui&ccedil;&atilde;o do paladar e, consequentemente, &agrave; hiperatividade reflexa do nervo lingual, gerando a sensa&ccedil;&atilde;o de ardor.<\/p><p>Outras hip&oacute;teses incluem mecanismos semelhantes aos da <strong>dor fantasma<\/strong> e a presen&ccedil;a de <strong>neuropatia de pequenas fibras<\/strong>, refor&ccedil;ando o car&aacute;ter neurop&aacute;tico da condi&ccedil;&atilde;o. A xerostomia frequentemente relatada pelos pacientes parece estar mais relacionada &agrave; disfun&ccedil;&atilde;o neural do que propriamente a altera&ccedil;&otilde;es das gl&acirc;ndulas salivares.<\/p><p>Fatores sist&ecirc;micos e ambientais tamb&eacute;m contribuem para a fisiopatologia, como <strong>altera&ccedil;&otilde;es do ritmo circadiano<\/strong>, disfun&ccedil;&otilde;es do eixo hipot&aacute;lamo-hip&oacute;fise-adrenal, ansiedade cr&ocirc;nica, diabetes mellitus, infec&ccedil;&otilde;es e exposi&ccedil;&atilde;o a irritantes locais.<\/p><p>Al&eacute;m disso, <strong>microtraumas mec&acirc;nicos<\/strong>, como bruxismo, apertamento dent&aacute;rio e h&aacute;bitos como pressionar a l&iacute;ngua contra estruturas orais, podem atuar como fatores desencadeantes. Por fim, condi&ccedil;&otilde;es psiqui&aacute;tricas, especialmente ansiedade e depress&atilde;o, tendem a <strong>agravar e perpetuar os sintomas<\/strong>, desempenhando papel importante na modula&ccedil;&atilde;o da dor.<\/p><h2 class=\"wp-block-heading\" id=\"h-manifestacoes-clinicas-da-sindrome-da-boca-ardente\"><span class=\"ez-toc-section\" id=\"Manifestacoes-clinicas-da-Sindrome-da-boca-ardente\"><\/span>Manifesta&ccedil;&otilde;es cl&iacute;nicas da S&iacute;ndrome da boca ardente<span class=\"ez-toc-section-end\"><\/span><\/h2><p>As <strong>manifesta&ccedil;&otilde;es cl&iacute;nicas <\/strong>s&atilde;o predominantemente sensoriais e ocorrem <strong>na aus&ecirc;ncia de les&otilde;es vis&iacute;veis na mucosa oral<\/strong>, o que &eacute; um crit&eacute;rio fundamental para o diagn&oacute;stico.<\/p><p>O principal sintoma &eacute; uma <strong>dor em queima&ccedil;&atilde;o de car&aacute;ter profundo, geralmente bilateral<\/strong>, que se manifesta <strong>diariamente<\/strong> e persiste por um per&iacute;odo m&iacute;nimo de <strong>4 a 6 meses<\/strong>. Essa dor costuma apresentar <strong>intensidade constante ou progressiva ao longo do dia<\/strong>, sendo comum que o paciente acorde sem sintomas ou com sintomas leves, que pioram com o passar das horas.<\/p><p>Uma caracter&iacute;stica importante &eacute; que a dor <strong>n&atilde;o piora durante a alimenta&ccedil;&atilde;o<\/strong>, podendo inclusive <strong>melhorar ao comer ou beber<\/strong>, e <strong>n&atilde;o interfere no sono<\/strong>, o que ajuda a diferenci&aacute;-la de outras causas de dor orofacial.<\/p><p>Al&eacute;m da sensa&ccedil;&atilde;o de ardor, s&atilde;o frequentes sintomas associados, como:<\/p><ul class=\"wp-block-list\">\n<li><strong>Altera&ccedil;&otilde;es do paladar (disgeusia)<\/strong>, sendo comum a percep&ccedil;&atilde;o de gosto met&aacute;lico ou amargo;<\/li>\n\n\n\n<li><strong>Xerostomia<\/strong> (sensa&ccedil;&atilde;o de boca seca), mesmo sem redu&ccedil;&atilde;o objetiva do fluxo salivar;<\/li>\n\n\n\n<li><strong>Altera&ccedil;&otilde;es sensoriais ou quimiossensoriais<\/strong>, como mudan&ccedil;as na percep&ccedil;&atilde;o de temperatura ou sabor.<\/li>\n<\/ul><p>Tamb&eacute;m &eacute; comum a presen&ccedil;a de <strong>comorbidades psicol&oacute;gicas<\/strong>, como ansiedade, depress&atilde;o e outros transtornos do humor, que podem influenciar a intensidade e a persist&ecirc;ncia dos sintomas.<\/p><h2 class=\"wp-block-heading\" id=\"h-diagnostico-da-sindrome-da-boca-ardente\"><span class=\"ez-toc-section\" id=\"Diagnostico-da-Sindrome-da-boca-ardente\"><\/span>Diagn&oacute;stico da S&iacute;ndrome da boca ardente<span class=\"ez-toc-section-end\"><\/span><\/h2><p>A avalia&ccedil;&atilde;o inicia-se com uma anamnese detalhada, com caracteriza&ccedil;&atilde;o da dor quanto &agrave; intensidade, dura&ccedil;&atilde;o e padr&atilde;o ao longo do dia, al&eacute;m da investiga&ccedil;&atilde;o de doen&ccedil;as associadas, uso de medicamentos e hist&oacute;rico de pr&oacute;teses orais.<\/p><p>O exame f&iacute;sico da cavidade oral &eacute; fundamental e deve demonstrar mucosa com aspecto normal, sem les&otilde;es, o que &eacute; um crit&eacute;rio essencial para o diagn&oacute;stico.<\/p><p>A investiga&ccedil;&atilde;o complementar inclui avalia&ccedil;&atilde;o do estado psicol&oacute;gico, considerando a frequente associa&ccedil;&atilde;o com ansiedade e depress&atilde;o. Tamb&eacute;m &eacute; importante medir o fluxo salivar e avaliar a fun&ccedil;&atilde;o gustativa por m&eacute;todos objetivos.<\/p><p>Deve-se realizar exame neurol&oacute;gico e, quando indicado, exames de imagem para excluir doen&ccedil;as neurol&oacute;gicas. Culturas orais podem ser solicitadas para descartar infec&ccedil;&otilde;es bacterianas, f&uacute;ngicas ou virais. Em casos selecionados, testes al&eacute;rgicos s&atilde;o &uacute;teis.<\/p><p>Outras avalia&ccedil;&otilde;es incluem investiga&ccedil;&atilde;o de doen&ccedil;a do refluxo gastroesof&aacute;gico e exclus&atilde;o de altera&ccedil;&otilde;es hormonais, doen&ccedil;as autoimunes e defici&ecirc;ncias nutricionais.<\/p><p>A bi&oacute;psia <strong>n&atilde;o <\/strong>&eacute; indicada quando a mucosa oral &eacute; normal, sendo reservada apenas para situa&ccedil;&otilde;es em que h&aacute; les&otilde;es vis&iacute;veis.<\/p><h2 class=\"wp-block-heading\" id=\"h-tratamento-da-sindrome-da-boca-ardente\"><span class=\"ez-toc-section\" id=\"Tratamento-da-Sindrome-da-boca-ardente\"><\/span>Tratamento da S&iacute;ndrome da boca ardente<span class=\"ez-toc-section-end\"><\/span><\/h2><p>O <strong>tratamento da s&iacute;ndrome da boca ardente (SBA)<\/strong> &eacute; complexo e, em geral, envolve a combina&ccedil;&atilde;o de diferentes abordagens. &Eacute; importante orientar o paciente de que nem sempre &eacute; poss&iacute;vel alcan&ccedil;ar remiss&atilde;o completa, sendo o foco principal o controle dos sintomas.<\/p><h3 class=\"wp-block-heading\" id=\"h-medicacoes-topicas\">Medica&ccedil;&otilde;es t&oacute;picas<\/h3><p>As terapias t&oacute;picas atuam diretamente na mucosa oral, com o objetivo de reduzir a dor local. A <strong>capsaicina t&oacute;pica<\/strong> tem efeito dessensibilizante sobre fibras nervosas e pode aliviar o ardor, embora possa causar piora inicial dos sintomas e desconfortos gastrointestinais.<\/p><p>O <strong>clonazepam t&oacute;pico<\/strong>, utilizado por meio da dissolu&ccedil;&atilde;o do comprimido na boca, apresenta bons resultados na redu&ccedil;&atilde;o da dor, por&eacute;m pode levar &agrave; recorr&ecirc;ncia dos sintomas ap&oacute;s sua suspens&atilde;o, al&eacute;m de efeitos adversos como fadiga e xerostomia.<\/p><p>Outras op&ccedil;&otilde;es incluem subst&acirc;ncias n&atilde;o convencionais, como <strong>enxaguantes com pimenta dilu&iacute;da<\/strong>, al&eacute;m do uso de <strong>aloe vera<\/strong>, que pode contribuir para a melhora dos sintomas. Anest&eacute;sicos locais, como a lidoca&iacute;na, t&ecirc;m efeito apenas tempor&aacute;rio e n&atilde;o s&atilde;o eficazes no tratamento prolongado.<\/p><h3 class=\"wp-block-heading\" id=\"h-medicacoes-sistemicas\">Medica&ccedil;&otilde;es sist&ecirc;micas<\/h3><p>As medica&ccedil;&otilde;es sist&ecirc;micas s&atilde;o indicadas principalmente nos casos mais persistentes ou com componente neurop&aacute;tico importante. O <strong>clonazepam oral<\/strong>, em baixas doses, pode reduzir a dor, embora n&atilde;o atue sobre altera&ccedil;&otilde;es do paladar ou sintomas psicol&oacute;gicos, sendo mais indicado para uso de curto prazo.<\/p><p>A <strong>capsaicina <\/strong>por via oral tamb&eacute;m pode ser utilizada, mas seu uso &eacute; limitado pelos efeitos adversos, especialmente gastrointestinais.<\/p><p>Antidepressivos tric&iacute;clicos, como <strong>amitriptilina <\/strong>e <strong>nortriptilina<\/strong>, podem ajudar no controle da dor cr&ocirc;nica, apesar de poderem agravar a sensa&ccedil;&atilde;o de boca seca. J&aacute; os inibidores seletivos da recapta&ccedil;&atilde;o de serotonina, como sertralina, paroxetina e duloxetina, mostram benef&iacute;cio principalmente quando h&aacute; associa&ccedil;&atilde;o com transtornos de humor.<\/p><p>Antipsic&oacute;ticos como <strong>amisulprida <\/strong>e <strong>levosulpirida <\/strong>tamb&eacute;m demonstram efic&aacute;cia em alguns casos. A suplementa&ccedil;&atilde;o de vitaminas do complexo B, &aacute;cido f&oacute;lico e minerais pode ser &uacute;til, especialmente em pacientes com defici&ecirc;ncias nutricionais. Em mulheres no per&iacute;odo peri ou p&oacute;s-menopausa, a terapia de reposi&ccedil;&atilde;o hormonal pode contribuir para a redu&ccedil;&atilde;o dos sintomas.<\/p><h3 class=\"wp-block-heading\" id=\"h-modulacao-comportamental\">Modula&ccedil;&atilde;o comportamental<\/h3><p>A terapia cognitivo-comportamental &eacute; uma estrat&eacute;gia importante, especialmente nos pacientes com fatores psicol&oacute;gicos associados. T&eacute;cnicas como relaxamento, respira&ccedil;&atilde;o controlada e reestrutura&ccedil;&atilde;o cognitiva ajudam a reduzir a percep&ccedil;&atilde;o da dor e a modificar pensamentos disfuncionais relacionados aos sintomas.<\/p><h3 class=\"wp-block-heading\" id=\"h-terapia-com-laser-de-baixa-intensidade\">Terapia com laser de baixa intensidade<\/h3><p>A terapia com laser de baixa intensidade tem sido utilizada como alternativa no tratamento da SBA. Seu efeito est&aacute; relacionado &agrave; modula&ccedil;&atilde;o de mediadores qu&iacute;micos da dor e &agrave; inibi&ccedil;&atilde;o da transmiss&atilde;o dos est&iacute;mulos dolorosos. Embora apresente resultados promissores, ainda n&atilde;o h&aacute; padroniza&ccedil;&atilde;o quanto ao seu uso cl&iacute;nico.<\/p><h2 class=\"wp-block-heading\" id=\"h-veja-tambem\"><span class=\"ez-toc-section\" id=\"Veja-tambem\"><\/span>Veja tamb&eacute;m!<span class=\"ez-toc-section-end\"><\/span><\/h2><ul class=\"wp-block-list\">\n<li><a href=\"https:\/\/med.estrategia.com\/portal\/conteudos-gratis\/doencas\/resumo-de-sudorese-excessiva-hiperidrose-diagnostico-tratamento-e-mais\/\">Resumo de sudorese excessiva (hiperidrose): diagn&oacute;stico, tratamento e mais!<\/a>&nbsp;<\/li>\n\n\n\n<li><a href=\"https:\/\/med.estrategia.com\/portal\/conteudos-gratis\/doencas\/resumo-de-afasia-diagnostico-tratamento-e-mais\/\">Resumo de afasia: diagn&oacute;stico, tratamento e mais!<\/a>&nbsp;<\/li>\n\n\n\n<li><a href=\"https:\/\/med.estrategia.com\/portal\/conteudos-gratis\/doencas\/resumo-sobre-ataxia-definicao-manifestacoes-clinicas-e-mais\/\">Resumo sobre Ataxia: defini&ccedil;&atilde;o, manifesta&ccedil;&otilde;es cl&iacute;nicas e mais!<\/a><\/li>\n\n\n\n<li><a href=\"https:\/\/med.estrategia.com\/portal\/conteudos-gratis\/doencas\/resumo-sobre-sindrome-da-vasocontricao-cerebral-reversivel-definicao-fisiopatologia-e-mais\/\">Resumo sobre S&iacute;ndrome da vasocontri&ccedil;&atilde;o cerebral revers&iacute;vel: defini&ccedil;&atilde;o, fisiopatologia e mais!<\/a><\/li>\n\n\n\n<li><a href=\"https:\/\/med.estrategia.com\/portal\/conteudos-gratis\/doencas\/resumo-sobre-ataque-isquemico-transitorio-definicao-manifestacoes-clinicas-e-mais\/\">Resumo sobre Ataque isqu&ecirc;mico transit&oacute;rio: defini&ccedil;&atilde;o, manifesta&ccedil;&otilde;es cl&iacute;nicas e mais!<\/a><\/li>\n\n\n\n<li><a href=\"https:\/\/med.estrategia.com\/portal\/outros\/resumo-sobre-amnesia-global-transitoria-definicao-manifestacoes-e-mais\/\">Resumo sobre Amn&eacute;sia Global Transit&oacute;ria: defini&ccedil;&atilde;o, manifesta&ccedil;&otilde;es e mais!<\/a><\/li>\n\n\n\n<li><a href=\"https:\/\/med.estrategia.com\/portal\/conteudos-gratis\/doencas\/resumo-sobre-cefaleia-em-trovoada-definicao-etiologias-e-mais\/\">Resumo sobre Cefaleia em Trovoada: defini&ccedil;&atilde;o, etiologias e mais!<\/a><\/li>\n\n\n\n<li><a href=\"https:\/\/med.estrategia.com\/portal\/conteudos-gratis\/doencas\/resumo-sobre-hipotensao-intracraniana-espontanea-definicao-manifestacao-clinica-e-mais\/\">Resumo sobre Hipotens&atilde;o intracraniana espont&acirc;nea: defini&ccedil;&atilde;o, manifesta&ccedil;&atilde;o cl&iacute;nica e mais!<\/a>&nbsp;<\/li>\n<\/ul><h2 class=\"wp-block-heading\" id=\"h-referencias\"><span class=\"ez-toc-section\" id=\"Referencias\"><\/span>Refer&ecirc;ncias<span class=\"ez-toc-section-end\"><\/span><\/h2><p>Bookout GP, Ladd M, Short RE. Burning Mouth Syndrome. [Updated 2023 Jan 29]. In: StatPearls [Internet]. Treasure Island (FL): StatPearls Publishing; 2026 Jan-. Available from: <a href=\"https:\/\/www.ncbi.nlm.nih.gov\/books\/NBK519529\/\" target=\"_blank\" rel=\"noopener noreferrer\">https:\/\/www.ncbi.nlm.nih.gov\/books\/NBK519529\/<\/a><\/p><\/p>\n","protected":false},"excerpt":{"rendered":"E a&iacute;, doc! Vamos explorar mais um tema essencial? Hoje o foco &eacute; a S&iacute;ndrome da boca ardente,&hellip;\n","protected":false},"author":53,"featured_media":109714,"comment_status":"closed","ping_status":"closed","sticky":false,"template":"","format":"standard","meta":{"wl_entities_gutenberg":"","footnotes":""},"categories":[304],"tags":[58],"wl_entity_type":[199],"class_list":{"0":"post-109712","1":"post","2":"type-post","3":"status-publish","4":"format-standard","5":"has-post-thumbnail","7":"category-doencas","8":"tag-neurologia","9":"wl_entity_type-article"},"acf":[],"yoast_head":"<!-- This site is optimized with the Yoast SEO Premium plugin v26.6 (Yoast SEO v26.6) - https:\/\/yoast.com\/wordpress\/plugins\/seo\/ -->\n<title>Resumo sobre S\u00edndrome da boca ardente: defini\u00e7\u00e3o, manifesta\u00e7\u00f5es cl\u00ednicas e mais!<\/title>\n<meta name=\"description\" content=\"A s\u00edndrome da boca ardente \u00e9 uma condi\u00e7\u00e3o caracterizada pela sensa\u00e7\u00e3o de queima\u00e7\u00e3o cr\u00f4nica na cavidade oral, geralmente sem altera\u00e7\u00f5es cl\u00ednicas vis\u00edveis.\" \/>\n<meta name=\"robots\" content=\"index, follow, max-snippet:-1, max-image-preview:large, max-video-preview:-1\" \/>\n<link rel=\"canonical\" href=\"https:\/\/med.estrategia.com\/portal\/conteudos-gratis\/doencas\/resumo-sobre-sindrome-da-boca-ardente-definicao-manifestacoes-clinicas-e-mais\/\" \/>\n<meta property=\"og:locale\" content=\"pt_BR\" \/>\n<meta property=\"og:type\" content=\"article\" \/>\n<meta property=\"og:title\" content=\"Resumo sobre S\u00edndrome da boca ardente: defini\u00e7\u00e3o, manifesta\u00e7\u00f5es cl\u00ednicas e mais!\" \/>\n<meta property=\"og:description\" content=\"A s\u00edndrome da boca ardente \u00e9 uma condi\u00e7\u00e3o caracterizada pela sensa\u00e7\u00e3o de queima\u00e7\u00e3o cr\u00f4nica na cavidade oral, geralmente sem altera\u00e7\u00f5es cl\u00ednicas vis\u00edveis.\" \/>\n<meta property=\"og:url\" content=\"https:\/\/med.estrategia.com\/portal\/conteudos-gratis\/doencas\/resumo-sobre-sindrome-da-boca-ardente-definicao-manifestacoes-clinicas-e-mais\/\" \/>\n<meta property=\"og:site_name\" content=\"Estrat\u00e9gia MED\" \/>\n<meta property=\"article:publisher\" content=\"https:\/\/www.facebook.com\/estrategiamed1\" \/>\n<meta property=\"article:published_time\" content=\"2026-04-28T17:52:07+00:00\" \/>\n<meta property=\"article:modified_time\" content=\"2026-04-28T17:52:11+00:00\" \/>\n<meta property=\"og:image\" content=\"https:\/\/med.estrategia.com\/portal\/wp-content\/uploads\/2026\/04\/Boca-ardente.jpg\" \/>\n\t<meta property=\"og:image:width\" content=\"526\" \/>\n\t<meta property=\"og:image:height\" content=\"365\" \/>\n\t<meta property=\"og:image:type\" content=\"image\/jpeg\" \/>\n<meta name=\"author\" content=\"Laelson Junior\" \/>\n<meta name=\"twitter:card\" content=\"summary_large_image\" \/>\n<meta name=\"twitter:creator\" content=\"@estrategiamed_\" \/>\n<meta name=\"twitter:site\" content=\"@estrategiamed_\" \/>\n<meta name=\"twitter:label1\" content=\"Escrito por\" \/>\n\t<meta name=\"twitter:data1\" content=\"Laelson Junior\" \/>\n\t<meta name=\"twitter:label2\" content=\"Est. tempo de leitura\" \/>\n\t<meta name=\"twitter:data2\" content=\"10 minutos\" \/>\n<script type=\"application\/ld+json\" class=\"yoast-schema-graph\">{\"@context\":\"https:\/\/schema.org\",\"@graph\":[{\"@type\":\"WebPage\",\"@id\":\"https:\/\/med.estrategia.com\/portal\/conteudos-gratis\/doencas\/resumo-sobre-sindrome-da-boca-ardente-definicao-manifestacoes-clinicas-e-mais\/\",\"url\":\"https:\/\/med.estrategia.com\/portal\/conteudos-gratis\/doencas\/resumo-sobre-sindrome-da-boca-ardente-definicao-manifestacoes-clinicas-e-mais\/\",\"name\":\"Resumo sobre S\u00edndrome da boca ardente: defini\u00e7\u00e3o, manifesta\u00e7\u00f5es cl\u00ednicas e mais!\",\"isPartOf\":{\"@id\":\"https:\/\/med.estrategia.com\/portal\/#website\"},\"primaryImageOfPage\":{\"@id\":\"https:\/\/med.estrategia.com\/portal\/conteudos-gratis\/doencas\/resumo-sobre-sindrome-da-boca-ardente-definicao-manifestacoes-clinicas-e-mais\/#primaryimage\"},\"image\":{\"@id\":\"https:\/\/med.estrategia.com\/portal\/conteudos-gratis\/doencas\/resumo-sobre-sindrome-da-boca-ardente-definicao-manifestacoes-clinicas-e-mais\/#primaryimage\"},\"thumbnailUrl\":\"https:\/\/med.estrategia.com\/portal\/wp-content\/uploads\/2026\/04\/Boca-ardente.jpg\",\"datePublished\":\"2026-04-28T17:52:07+00:00\",\"dateModified\":\"2026-04-28T17:52:11+00:00\",\"author\":{\"@id\":\"https:\/\/med.estrategia.com\/portal\/#\/schema\/person\/d67a9b23b48ad79833939ef92444e548\"},\"description\":\"A s\u00edndrome da boca ardente \u00e9 uma condi\u00e7\u00e3o caracterizada pela sensa\u00e7\u00e3o de queima\u00e7\u00e3o cr\u00f4nica na cavidade oral, geralmente sem altera\u00e7\u00f5es cl\u00ednicas vis\u00edveis.\",\"breadcrumb\":{\"@id\":\"https:\/\/med.estrategia.com\/portal\/conteudos-gratis\/doencas\/resumo-sobre-sindrome-da-boca-ardente-definicao-manifestacoes-clinicas-e-mais\/#breadcrumb\"},\"inLanguage\":\"pt-BR\",\"potentialAction\":[{\"@type\":\"ReadAction\",\"target\":[\"https:\/\/med.estrategia.com\/portal\/conteudos-gratis\/doencas\/resumo-sobre-sindrome-da-boca-ardente-definicao-manifestacoes-clinicas-e-mais\/\"]}]},{\"@type\":\"ImageObject\",\"inLanguage\":\"pt-BR\",\"@id\":\"https:\/\/med.estrategia.com\/portal\/conteudos-gratis\/doencas\/resumo-sobre-sindrome-da-boca-ardente-definicao-manifestacoes-clinicas-e-mais\/#primaryimage\",\"url\":\"https:\/\/med.estrategia.com\/portal\/wp-content\/uploads\/2026\/04\/Boca-ardente.jpg\",\"contentUrl\":\"https:\/\/med.estrategia.com\/portal\/wp-content\/uploads\/2026\/04\/Boca-ardente.jpg\",\"width\":526,\"height\":365,\"caption\":\"Fonte: Magnific\"},{\"@type\":\"BreadcrumbList\",\"@id\":\"https:\/\/med.estrategia.com\/portal\/conteudos-gratis\/doencas\/resumo-sobre-sindrome-da-boca-ardente-definicao-manifestacoes-clinicas-e-mais\/#breadcrumb\",\"itemListElement\":[{\"@type\":\"ListItem\",\"position\":1,\"name\":\"Home\",\"item\":\"https:\/\/med.estrategia.com\/portal\/\"},{\"@type\":\"ListItem\",\"position\":2,\"name\":\"Conte\u00fados Gr\u00e1tis\",\"item\":\"https:\/\/med.estrategia.com\/portal\/conteudos-gratis\/\"},{\"@type\":\"ListItem\",\"position\":3,\"name\":\"Doen\u00e7as\",\"item\":\"https:\/\/med.estrategia.com\/portal\/conteudos-gratis\/doencas\/\"},{\"@type\":\"ListItem\",\"position\":4,\"name\":\"Resumo sobre S\u00edndrome da boca ardente: defini\u00e7\u00e3o, manifesta\u00e7\u00f5es cl\u00ednicas e mais!\"}]},{\"@type\":\"WebSite\",\"@id\":\"https:\/\/med.estrategia.com\/portal\/#website\",\"url\":\"https:\/\/med.estrategia.com\/portal\/\",\"name\":\"Estrat\u00e9gia MED\",\"description\":\"\",\"potentialAction\":[{\"@type\":\"SearchAction\",\"target\":{\"@type\":\"EntryPoint\",\"urlTemplate\":\"https:\/\/med.estrategia.com\/portal\/?s={search_term_string}\"},\"query-input\":{\"@type\":\"PropertyValueSpecification\",\"valueRequired\":true,\"valueName\":\"search_term_string\"}}],\"inLanguage\":\"pt-BR\"},{\"@type\":\"Person\",\"@id\":\"https:\/\/med.estrategia.com\/portal\/#\/schema\/person\/d67a9b23b48ad79833939ef92444e548\",\"name\":\"Laelson Junior\",\"image\":{\"@type\":\"ImageObject\",\"inLanguage\":\"pt-BR\",\"@id\":\"https:\/\/med.estrategia.com\/portal\/#\/schema\/person\/image\/\",\"url\":\"https:\/\/med.estrategia.com\/portal\/wp-content\/uploads\/2025\/08\/HE4_3032-150x150.jpg\",\"contentUrl\":\"https:\/\/med.estrategia.com\/portal\/wp-content\/uploads\/2025\/08\/HE4_3032-150x150.jpg\",\"caption\":\"Laelson Junior\"},\"description\":\"Estudante de medicina, sergipano morando na Bahia, crist\u00e3o, cin\u00e9filo. Atualmente estou no 11\u00b0 semestre e cada vez mais me surpreendo e admiro o mundo da medicina. Gosto de pegar uma praia sempre e estar em contato com a natureza.\",\"sameAs\":[\"http:\/\/estrategia.com\"],\"url\":\"https:\/\/med.estrategia.com\/portal\/author\/laelson-junior\/\"}]}<\/script>\n<!-- \/ Yoast SEO Premium plugin. -->","yoast_head_json":{"title":"Resumo sobre S\u00edndrome da boca ardente: defini\u00e7\u00e3o, manifesta\u00e7\u00f5es cl\u00ednicas e mais!","description":"A s\u00edndrome da boca ardente \u00e9 uma condi\u00e7\u00e3o caracterizada pela sensa\u00e7\u00e3o de queima\u00e7\u00e3o cr\u00f4nica na cavidade oral, geralmente sem altera\u00e7\u00f5es cl\u00ednicas vis\u00edveis.","robots":{"index":"index","follow":"follow","max-snippet":"max-snippet:-1","max-image-preview":"max-image-preview:large","max-video-preview":"max-video-preview:-1"},"canonical":"https:\/\/med.estrategia.com\/portal\/conteudos-gratis\/doencas\/resumo-sobre-sindrome-da-boca-ardente-definicao-manifestacoes-clinicas-e-mais\/","og_locale":"pt_BR","og_type":"article","og_title":"Resumo sobre S\u00edndrome da boca ardente: defini\u00e7\u00e3o, manifesta\u00e7\u00f5es cl\u00ednicas e mais!","og_description":"A s\u00edndrome da boca ardente \u00e9 uma condi\u00e7\u00e3o caracterizada pela sensa\u00e7\u00e3o de queima\u00e7\u00e3o cr\u00f4nica na cavidade oral, geralmente sem altera\u00e7\u00f5es cl\u00ednicas vis\u00edveis.","og_url":"https:\/\/med.estrategia.com\/portal\/conteudos-gratis\/doencas\/resumo-sobre-sindrome-da-boca-ardente-definicao-manifestacoes-clinicas-e-mais\/","og_site_name":"Estrat\u00e9gia MED","article_publisher":"https:\/\/www.facebook.com\/estrategiamed1","article_published_time":"2026-04-28T17:52:07+00:00","article_modified_time":"2026-04-28T17:52:11+00:00","og_image":[{"width":526,"height":365,"url":"https:\/\/med.estrategia.com\/portal\/wp-content\/uploads\/2026\/04\/Boca-ardente.jpg","type":"image\/jpeg"}],"author":"Laelson Junior","twitter_card":"summary_large_image","twitter_creator":"@estrategiamed_","twitter_site":"@estrategiamed_","twitter_misc":{"Escrito por":"Laelson Junior","Est. tempo de leitura":"10 minutos"},"schema":{"@context":"https:\/\/schema.org","@graph":[{"@type":"WebPage","@id":"https:\/\/med.estrategia.com\/portal\/conteudos-gratis\/doencas\/resumo-sobre-sindrome-da-boca-ardente-definicao-manifestacoes-clinicas-e-mais\/","url":"https:\/\/med.estrategia.com\/portal\/conteudos-gratis\/doencas\/resumo-sobre-sindrome-da-boca-ardente-definicao-manifestacoes-clinicas-e-mais\/","name":"Resumo sobre S\u00edndrome da boca ardente: defini\u00e7\u00e3o, manifesta\u00e7\u00f5es cl\u00ednicas e mais!","isPartOf":{"@id":"https:\/\/med.estrategia.com\/portal\/#website"},"primaryImageOfPage":{"@id":"https:\/\/med.estrategia.com\/portal\/conteudos-gratis\/doencas\/resumo-sobre-sindrome-da-boca-ardente-definicao-manifestacoes-clinicas-e-mais\/#primaryimage"},"image":{"@id":"https:\/\/med.estrategia.com\/portal\/conteudos-gratis\/doencas\/resumo-sobre-sindrome-da-boca-ardente-definicao-manifestacoes-clinicas-e-mais\/#primaryimage"},"thumbnailUrl":"https:\/\/med.estrategia.com\/portal\/wp-content\/uploads\/2026\/04\/Boca-ardente.jpg","datePublished":"2026-04-28T17:52:07+00:00","dateModified":"2026-04-28T17:52:11+00:00","author":{"@id":"https:\/\/med.estrategia.com\/portal\/#\/schema\/person\/d67a9b23b48ad79833939ef92444e548"},"description":"A s\u00edndrome da boca ardente \u00e9 uma condi\u00e7\u00e3o caracterizada pela sensa\u00e7\u00e3o de queima\u00e7\u00e3o cr\u00f4nica na cavidade oral, geralmente sem altera\u00e7\u00f5es cl\u00ednicas vis\u00edveis.","breadcrumb":{"@id":"https:\/\/med.estrategia.com\/portal\/conteudos-gratis\/doencas\/resumo-sobre-sindrome-da-boca-ardente-definicao-manifestacoes-clinicas-e-mais\/#breadcrumb"},"inLanguage":"pt-BR","potentialAction":[{"@type":"ReadAction","target":["https:\/\/med.estrategia.com\/portal\/conteudos-gratis\/doencas\/resumo-sobre-sindrome-da-boca-ardente-definicao-manifestacoes-clinicas-e-mais\/"]}]},{"@type":"ImageObject","inLanguage":"pt-BR","@id":"https:\/\/med.estrategia.com\/portal\/conteudos-gratis\/doencas\/resumo-sobre-sindrome-da-boca-ardente-definicao-manifestacoes-clinicas-e-mais\/#primaryimage","url":"https:\/\/med.estrategia.com\/portal\/wp-content\/uploads\/2026\/04\/Boca-ardente.jpg","contentUrl":"https:\/\/med.estrategia.com\/portal\/wp-content\/uploads\/2026\/04\/Boca-ardente.jpg","width":526,"height":365,"caption":"Fonte: Magnific"},{"@type":"BreadcrumbList","@id":"https:\/\/med.estrategia.com\/portal\/conteudos-gratis\/doencas\/resumo-sobre-sindrome-da-boca-ardente-definicao-manifestacoes-clinicas-e-mais\/#breadcrumb","itemListElement":[{"@type":"ListItem","position":1,"name":"Home","item":"https:\/\/med.estrategia.com\/portal\/"},{"@type":"ListItem","position":2,"name":"Conte\u00fados Gr\u00e1tis","item":"https:\/\/med.estrategia.com\/portal\/conteudos-gratis\/"},{"@type":"ListItem","position":3,"name":"Doen\u00e7as","item":"https:\/\/med.estrategia.com\/portal\/conteudos-gratis\/doencas\/"},{"@type":"ListItem","position":4,"name":"Resumo sobre S\u00edndrome da boca ardente: defini\u00e7\u00e3o, manifesta\u00e7\u00f5es cl\u00ednicas e mais!"}]},{"@type":"WebSite","@id":"https:\/\/med.estrategia.com\/portal\/#website","url":"https:\/\/med.estrategia.com\/portal\/","name":"Estrat\u00e9gia MED","description":"","potentialAction":[{"@type":"SearchAction","target":{"@type":"EntryPoint","urlTemplate":"https:\/\/med.estrategia.com\/portal\/?s={search_term_string}"},"query-input":{"@type":"PropertyValueSpecification","valueRequired":true,"valueName":"search_term_string"}}],"inLanguage":"pt-BR"},{"@type":"Person","@id":"https:\/\/med.estrategia.com\/portal\/#\/schema\/person\/d67a9b23b48ad79833939ef92444e548","name":"Laelson Junior","image":{"@type":"ImageObject","inLanguage":"pt-BR","@id":"https:\/\/med.estrategia.com\/portal\/#\/schema\/person\/image\/","url":"https:\/\/med.estrategia.com\/portal\/wp-content\/uploads\/2025\/08\/HE4_3032-150x150.jpg","contentUrl":"https:\/\/med.estrategia.com\/portal\/wp-content\/uploads\/2025\/08\/HE4_3032-150x150.jpg","caption":"Laelson Junior"},"description":"Estudante de medicina, sergipano morando na Bahia, crist\u00e3o, cin\u00e9filo. Atualmente estou no 11\u00b0 semestre e cada vez mais me surpreendo e admiro o mundo da medicina. Gosto de pegar uma praia sempre e estar em contato com a natureza.","sameAs":["http:\/\/estrategia.com"],"url":"https:\/\/med.estrategia.com\/portal\/author\/laelson-junior\/"}]}},"_wl_alt_label":[],"wl:entity_url":"\/post\/resumo-sobre-sindrome-da-boca-ardente-definicao-manifestacoes-clinicas-e-mais-109712","_links":{"self":[{"href":"https:\/\/med.estrategia.com\/portal\/wp-json\/wp\/v2\/posts\/109712","targetHints":{"allow":["GET"]}}],"collection":[{"href":"https:\/\/med.estrategia.com\/portal\/wp-json\/wp\/v2\/posts"}],"about":[{"href":"https:\/\/med.estrategia.com\/portal\/wp-json\/wp\/v2\/types\/post"}],"author":[{"embeddable":true,"href":"https:\/\/med.estrategia.com\/portal\/wp-json\/wp\/v2\/users\/53"}],"replies":[{"embeddable":true,"href":"https:\/\/med.estrategia.com\/portal\/wp-json\/wp\/v2\/comments?post=109712"}],"version-history":[{"count":1,"href":"https:\/\/med.estrategia.com\/portal\/wp-json\/wp\/v2\/posts\/109712\/revisions"}],"predecessor-version":[{"id":109715,"href":"https:\/\/med.estrategia.com\/portal\/wp-json\/wp\/v2\/posts\/109712\/revisions\/109715"}],"wp:featuredmedia":[{"embeddable":true,"href":"https:\/\/med.estrategia.com\/portal\/wp-json\/wp\/v2\/media\/109714"}],"wp:attachment":[{"href":"https:\/\/med.estrategia.com\/portal\/wp-json\/wp\/v2\/media?parent=109712"}],"wp:term":[{"taxonomy":"category","embeddable":true,"href":"https:\/\/med.estrategia.com\/portal\/wp-json\/wp\/v2\/categories?post=109712"},{"taxonomy":"post_tag","embeddable":true,"href":"https:\/\/med.estrategia.com\/portal\/wp-json\/wp\/v2\/tags?post=109712"},{"taxonomy":"wl_entity_type","embeddable":true,"href":"https:\/\/med.estrategia.com\/portal\/wp-json\/wp\/v2\/wl_entity_type?post=109712"}],"curies":[{"name":"wp","href":"https:\/\/api.w.org\/{rel}","templated":true}]}}