{"id":109716,"date":"2026-04-28T15:17:47","date_gmt":"2026-04-28T18:17:47","guid":{"rendered":"https:\/\/med.estrategia.com\/portal\/?p=109716"},"modified":"2026-04-28T15:17:51","modified_gmt":"2026-04-28T18:17:51","slug":"amb-publica-cartilha-sobre-uso-de-ia-na-medicina-e-avalia-nova-norma-do-cfm","status":"publish","type":"post","link":"https:\/\/med.estrategia.com\/portal\/noticias\/amb-publica-cartilha-sobre-uso-de-ia-na-medicina-e-avalia-nova-norma-do-cfm\/","title":{"rendered":"AMB publica cartilha sobre uso de IA na Medicina e avalia nova norma do CFM"},"content":{"rendered":"<p>A <strong>Associa&ccedil;&atilde;o M&eacute;dica Brasileira (AMB)<\/strong> lan&ccedil;ou uma cartilha voltada a m&eacute;dicos e institui&ccedil;&otilde;es de sa&uacute;de com <strong>orienta&ccedil;&otilde;es pr&aacute;ticas sobre o uso da intelig&ecirc;ncia artificial (IA) na medicina<\/strong>. O material foi elaborado pela Comiss&atilde;o de Sa&uacute;de Digital (CSD) da AMB e tem como base a <a href=\"https:\/\/med.estrategia.com\/portal\/noticias\/uso-de-inteligencia-artificial-na-medicina-passa-a-ter-regulamentacao-especifica-do-cfm\/\">Resolu&ccedil;&atilde;o CFM n&ordm; 2.454\/2026<\/a>, publicada pelo Conselho Federal de Medicina (CFM) em fevereiro deste ano.<p>A norma<strong> estabelece diretrizes in&eacute;ditas para a utiliza&ccedil;&atilde;o de IA no exerc&iacute;cio da medicina <\/strong>e determina prazo de 180 dias para adapta&ccedil;&atilde;o &agrave;s novas regras, com <strong>vig&ecirc;ncia prevista para agosto de 2026.<\/strong><\/p><p>Segundo a entidade, <strong>a cartilha foi criada para transformar o conte&uacute;do t&eacute;cnico da resolu&ccedil;&atilde;o em orienta&ccedil;&otilde;es objetivas<\/strong>, facilitando a implementa&ccedil;&atilde;o segura das tecnologias no cotidiano dos servi&ccedil;os de sa&uacute;de. O documento re&uacute;ne <strong>recomenda&ccedil;&otilde;es sobre registro do uso da IA em prontu&aacute;rio<\/strong>, <strong>transpar&ecirc;ncia ao paciente<\/strong> e<strong> crit&eacute;rios para avalia&ccedil;&atilde;o de riscos dos sistemas utilizados<\/strong>.<\/p><div class=\"wp-block-buttons is-content-justification-center is-layout-flex wp-container-core-buttons-is-layout-1 wp-block-buttons-is-layout-flex\">\n<div class=\"wp-block-button\"><a class=\"wp-block-button__link wp-element-button\" href=\"https:\/\/med.estrategia.com\/portal\/wp-content\/uploads\/2026\/04\/cartilha-saude-digital.pdf\" target=\"_blank\" rel=\"noopener noreferrer\">confira aqui a cartilha na &iacute;ntegra<\/a><\/div>\n<\/div><p>Al&eacute;m do material orientativo, a Comiss&atilde;o tamb&eacute;m divulgou um <a href=\"https:\/\/amb.org.br\/cartilha-saude-digital\/\" target=\"_blank\" rel=\"noopener noreferrer\">parecer institucional sobre a nova regulamenta&ccedil;&atilde;o<\/a>. Na avalia&ccedil;&atilde;o da AMB, a resolu&ccedil;&atilde;o representa um avan&ccedil;o ao reconhecer a intelig&ecirc;ncia artificial como ferramenta de apoio &agrave; atividade m&eacute;dica, mantendo a responsabilidade final das decis&otilde;es sob o m&eacute;dico.<\/p><p>O parecer, no entanto, <strong>aponta a necessidade de maior clareza em alguns pontos operacionais<\/strong>, como crit&eacute;rios para informar pacientes sobre o uso da tecnologia, par&acirc;metros m&iacute;nimos para valida&ccedil;&atilde;o de sistemas e defini&ccedil;&atilde;o de responsabilidades entre profissionais, institui&ccedil;&otilde;es e desenvolvedores.<\/p><p>Em nota, a AMB informou que o documento ser&aacute; encaminhado ao CFM como contribui&ccedil;&atilde;o t&eacute;cnica para o aprimoramento das diretrizes relacionadas ao uso de intelig&ecirc;ncia artificial na Medicina.<\/p><p>Se voc&ecirc; quer ficar por dentro de mais conte&uacute;dos relevantes sobre a &aacute;rea m&eacute;dica, continue acompanhando o material preparado pelo Portal de Not&iacute;cias do Estrat&eacute;gia MED. Aqui, voc&ecirc; encontrar&aacute; informa&ccedil;&otilde;es atualizadas sobre resid&ecirc;ncias, carreira m&eacute;dica e muito mais.<\/p><p>\n\n\n\n<a id=\"cta\" class=\"cta-imagem\" href=\"https:\/\/med.estrategia.com\/cursos\/\" target=\"blank\">\n                <img decoding=\"async\" width=\"100%\" src=\"https:\/\/med.estrategia.com\/portal\/wp-content\/uploads\/2025\/08\/estrategia_geral.jpg\" alt=\"\" title=\"estrategia_geral\">\n        <\/a>\n<\/p><\/p>\n","protected":false},"excerpt":{"rendered":"A Associa&ccedil;&atilde;o M&eacute;dica Brasileira (AMB) lan&ccedil;ou uma cartilha voltada a m&eacute;dicos e institui&ccedil;&otilde;es de sa&uacute;de com orienta&ccedil;&otilde;es pr&aacute;ticas&hellip;\n","protected":false},"author":39,"featured_media":109718,"comment_status":"closed","ping_status":"closed","sticky":false,"template":"","format":"standard","meta":{"wl_entities_gutenberg":"","footnotes":""},"categories":[300],"tags":[],"wl_entity_type":[199],"class_list":{"0":"post-109716","1":"post","2":"type-post","3":"status-publish","4":"format-standard","5":"has-post-thumbnail","7":"category-noticias","8":"wl_entity_type-article"},"acf":[],"yoast_head":"<!-- This site is optimized with the Yoast SEO Premium plugin v26.6 (Yoast SEO v26.6) - https:\/\/yoast.com\/wordpress\/plugins\/seo\/ -->\n<title>AMB publica cartilha sobre uso de IA na Medicina e avalia nova norma do CFM<\/title>\n<meta name=\"robots\" content=\"index, follow, max-snippet:-1, max-image-preview:large, max-video-preview:-1\" \/>\n<link rel=\"canonical\" href=\"https:\/\/med.estrategia.com\/portal\/noticias\/amb-publica-cartilha-sobre-uso-de-ia-na-medicina-e-avalia-nova-norma-do-cfm\/\" \/>\n<meta property=\"og:locale\" content=\"pt_BR\" \/>\n<meta property=\"og:type\" content=\"article\" \/>\n<meta property=\"og:title\" content=\"AMB publica cartilha sobre uso de IA na Medicina e avalia nova norma do CFM\" \/>\n<meta property=\"og:description\" content=\"A Associa&ccedil;&atilde;o M&eacute;dica Brasileira (AMB) lan&ccedil;ou uma cartilha voltada a m&eacute;dicos e institui&ccedil;&otilde;es de sa&uacute;de com orienta&ccedil;&otilde;es pr&aacute;ticas&hellip;\" \/>\n<meta property=\"og:url\" content=\"https:\/\/med.estrategia.com\/portal\/noticias\/amb-publica-cartilha-sobre-uso-de-ia-na-medicina-e-avalia-nova-norma-do-cfm\/\" \/>\n<meta property=\"og:site_name\" content=\"Estrat\u00e9gia MED\" \/>\n<meta property=\"article:publisher\" content=\"https:\/\/www.facebook.com\/estrategiamed1\" \/>\n<meta property=\"article:published_time\" content=\"2026-04-28T18:17:47+00:00\" \/>\n<meta property=\"article:modified_time\" content=\"2026-04-28T18:17:51+00:00\" \/>\n<meta property=\"og:image\" content=\"https:\/\/med.estrategia.com\/portal\/wp-content\/uploads\/2026\/04\/medical-banner-with-doctor-holding-stethoscope.jpg\" \/>\n\t<meta property=\"og:image:width\" content=\"1920\" \/>\n\t<meta property=\"og:image:height\" content=\"1282\" \/>\n\t<meta property=\"og:image:type\" content=\"image\/jpeg\" \/>\n<meta name=\"author\" content=\"Ana Carolina Damasceno\" \/>\n<meta name=\"twitter:card\" content=\"summary_large_image\" \/>\n<meta name=\"twitter:creator\" content=\"@estrategiamed_\" \/>\n<meta name=\"twitter:site\" content=\"@estrategiamed_\" \/>\n<meta name=\"twitter:label1\" content=\"Escrito por\" \/>\n\t<meta name=\"twitter:data1\" content=\"Ana Carolina Damasceno\" \/>\n\t<meta name=\"twitter:label2\" content=\"Est. tempo de leitura\" \/>\n\t<meta name=\"twitter:data2\" content=\"2 minutos\" \/>\n<script type=\"application\/ld+json\" class=\"yoast-schema-graph\">{\"@context\":\"https:\/\/schema.org\",\"@graph\":[{\"@type\":\"WebPage\",\"@id\":\"https:\/\/med.estrategia.com\/portal\/noticias\/amb-publica-cartilha-sobre-uso-de-ia-na-medicina-e-avalia-nova-norma-do-cfm\/\",\"url\":\"https:\/\/med.estrategia.com\/portal\/noticias\/amb-publica-cartilha-sobre-uso-de-ia-na-medicina-e-avalia-nova-norma-do-cfm\/\",\"name\":\"AMB publica cartilha sobre uso de IA na Medicina e avalia nova norma do CFM\",\"isPartOf\":{\"@id\":\"https:\/\/med.estrategia.com\/portal\/#website\"},\"primaryImageOfPage\":{\"@id\":\"https:\/\/med.estrategia.com\/portal\/noticias\/amb-publica-cartilha-sobre-uso-de-ia-na-medicina-e-avalia-nova-norma-do-cfm\/#primaryimage\"},\"image\":{\"@id\":\"https:\/\/med.estrategia.com\/portal\/noticias\/amb-publica-cartilha-sobre-uso-de-ia-na-medicina-e-avalia-nova-norma-do-cfm\/#primaryimage\"},\"thumbnailUrl\":\"https:\/\/med.estrategia.com\/portal\/wp-content\/uploads\/2026\/04\/medical-banner-with-doctor-holding-stethoscope.jpg\",\"datePublished\":\"2026-04-28T18:17:47+00:00\",\"dateModified\":\"2026-04-28T18:17:51+00:00\",\"author\":{\"@id\":\"https:\/\/med.estrategia.com\/portal\/#\/schema\/person\/2f553adbb8e25fe39d145c5b2927f58c\"},\"breadcrumb\":{\"@id\":\"https:\/\/med.estrategia.com\/portal\/noticias\/amb-publica-cartilha-sobre-uso-de-ia-na-medicina-e-avalia-nova-norma-do-cfm\/#breadcrumb\"},\"inLanguage\":\"pt-BR\",\"potentialAction\":[{\"@type\":\"ReadAction\",\"target\":[\"https:\/\/med.estrategia.com\/portal\/noticias\/amb-publica-cartilha-sobre-uso-de-ia-na-medicina-e-avalia-nova-norma-do-cfm\/\"]}]},{\"@type\":\"ImageObject\",\"inLanguage\":\"pt-BR\",\"@id\":\"https:\/\/med.estrategia.com\/portal\/noticias\/amb-publica-cartilha-sobre-uso-de-ia-na-medicina-e-avalia-nova-norma-do-cfm\/#primaryimage\",\"url\":\"https:\/\/med.estrategia.com\/portal\/wp-content\/uploads\/2026\/04\/medical-banner-with-doctor-holding-stethoscope.jpg\",\"contentUrl\":\"https:\/\/med.estrategia.com\/portal\/wp-content\/uploads\/2026\/04\/medical-banner-with-doctor-holding-stethoscope.jpg\",\"width\":1920,\"height\":1282,\"caption\":\"Foto: freepik\/Freepik\"},{\"@type\":\"BreadcrumbList\",\"@id\":\"https:\/\/med.estrategia.com\/portal\/noticias\/amb-publica-cartilha-sobre-uso-de-ia-na-medicina-e-avalia-nova-norma-do-cfm\/#breadcrumb\",\"itemListElement\":[{\"@type\":\"ListItem\",\"position\":1,\"name\":\"Home\",\"item\":\"https:\/\/med.estrategia.com\/portal\/\"},{\"@type\":\"ListItem\",\"position\":2,\"name\":\"Not\u00edcias\",\"item\":\"https:\/\/med.estrategia.com\/portal\/noticias\/\"},{\"@type\":\"ListItem\",\"position\":3,\"name\":\"AMB publica cartilha sobre uso de IA na Medicina e avalia nova norma do CFM\"}]},{\"@type\":\"WebSite\",\"@id\":\"https:\/\/med.estrategia.com\/portal\/#website\",\"url\":\"https:\/\/med.estrategia.com\/portal\/\",\"name\":\"Estrat\u00e9gia MED\",\"description\":\"\",\"potentialAction\":[{\"@type\":\"SearchAction\",\"target\":{\"@type\":\"EntryPoint\",\"urlTemplate\":\"https:\/\/med.estrategia.com\/portal\/?s={search_term_string}\"},\"query-input\":{\"@type\":\"PropertyValueSpecification\",\"valueRequired\":true,\"valueName\":\"search_term_string\"}}],\"inLanguage\":\"pt-BR\"},{\"@type\":\"Person\",\"@id\":\"https:\/\/med.estrategia.com\/portal\/#\/schema\/person\/2f553adbb8e25fe39d145c5b2927f58c\",\"name\":\"Ana Carolina Damasceno\",\"image\":{\"@type\":\"ImageObject\",\"inLanguage\":\"pt-BR\",\"@id\":\"https:\/\/med.estrategia.com\/portal\/#\/schema\/person\/image\/\",\"url\":\"https:\/\/med.estrategia.com\/portal\/wp-content\/uploads\/2021\/09\/WhatsApp-Image-2023-08-18-at-16.46.43-150x150.jpeg\",\"contentUrl\":\"https:\/\/med.estrategia.com\/portal\/wp-content\/uploads\/2021\/09\/WhatsApp-Image-2023-08-18-at-16.46.43-150x150.jpeg\",\"caption\":\"Ana Carolina Damasceno\"},\"description\":\"Coordenadora de Jornalismo EMED. Comunicadora por natureza e forma\u00e7\u00e3o, que ama e perde a no\u00e7\u00e3o do tempo com m\u00fasica e s\u00e9rie.\",\"url\":\"https:\/\/med.estrategia.com\/portal\/author\/ana-carolina-damasceno\/\"}]}<\/script>\n<!-- \/ Yoast SEO Premium plugin. -->","yoast_head_json":{"title":"AMB publica cartilha sobre uso de IA na Medicina e avalia nova norma do CFM","robots":{"index":"index","follow":"follow","max-snippet":"max-snippet:-1","max-image-preview":"max-image-preview:large","max-video-preview":"max-video-preview:-1"},"canonical":"https:\/\/med.estrategia.com\/portal\/noticias\/amb-publica-cartilha-sobre-uso-de-ia-na-medicina-e-avalia-nova-norma-do-cfm\/","og_locale":"pt_BR","og_type":"article","og_title":"AMB publica cartilha sobre uso de IA na Medicina e avalia nova norma do CFM","og_description":"A Associa&ccedil;&atilde;o M&eacute;dica Brasileira (AMB) lan&ccedil;ou uma cartilha voltada a m&eacute;dicos e institui&ccedil;&otilde;es de sa&uacute;de com orienta&ccedil;&otilde;es pr&aacute;ticas&hellip;","og_url":"https:\/\/med.estrategia.com\/portal\/noticias\/amb-publica-cartilha-sobre-uso-de-ia-na-medicina-e-avalia-nova-norma-do-cfm\/","og_site_name":"Estrat\u00e9gia MED","article_publisher":"https:\/\/www.facebook.com\/estrategiamed1","article_published_time":"2026-04-28T18:17:47+00:00","article_modified_time":"2026-04-28T18:17:51+00:00","og_image":[{"width":1920,"height":1282,"url":"https:\/\/med.estrategia.com\/portal\/wp-content\/uploads\/2026\/04\/medical-banner-with-doctor-holding-stethoscope.jpg","type":"image\/jpeg"}],"author":"Ana Carolina Damasceno","twitter_card":"summary_large_image","twitter_creator":"@estrategiamed_","twitter_site":"@estrategiamed_","twitter_misc":{"Escrito por":"Ana Carolina Damasceno","Est. tempo de leitura":"2 minutos"},"schema":{"@context":"https:\/\/schema.org","@graph":[{"@type":"WebPage","@id":"https:\/\/med.estrategia.com\/portal\/noticias\/amb-publica-cartilha-sobre-uso-de-ia-na-medicina-e-avalia-nova-norma-do-cfm\/","url":"https:\/\/med.estrategia.com\/portal\/noticias\/amb-publica-cartilha-sobre-uso-de-ia-na-medicina-e-avalia-nova-norma-do-cfm\/","name":"AMB publica cartilha sobre uso de IA na Medicina e avalia nova norma do CFM","isPartOf":{"@id":"https:\/\/med.estrategia.com\/portal\/#website"},"primaryImageOfPage":{"@id":"https:\/\/med.estrategia.com\/portal\/noticias\/amb-publica-cartilha-sobre-uso-de-ia-na-medicina-e-avalia-nova-norma-do-cfm\/#primaryimage"},"image":{"@id":"https:\/\/med.estrategia.com\/portal\/noticias\/amb-publica-cartilha-sobre-uso-de-ia-na-medicina-e-avalia-nova-norma-do-cfm\/#primaryimage"},"thumbnailUrl":"https:\/\/med.estrategia.com\/portal\/wp-content\/uploads\/2026\/04\/medical-banner-with-doctor-holding-stethoscope.jpg","datePublished":"2026-04-28T18:17:47+00:00","dateModified":"2026-04-28T18:17:51+00:00","author":{"@id":"https:\/\/med.estrategia.com\/portal\/#\/schema\/person\/2f553adbb8e25fe39d145c5b2927f58c"},"breadcrumb":{"@id":"https:\/\/med.estrategia.com\/portal\/noticias\/amb-publica-cartilha-sobre-uso-de-ia-na-medicina-e-avalia-nova-norma-do-cfm\/#breadcrumb"},"inLanguage":"pt-BR","potentialAction":[{"@type":"ReadAction","target":["https:\/\/med.estrategia.com\/portal\/noticias\/amb-publica-cartilha-sobre-uso-de-ia-na-medicina-e-avalia-nova-norma-do-cfm\/"]}]},{"@type":"ImageObject","inLanguage":"pt-BR","@id":"https:\/\/med.estrategia.com\/portal\/noticias\/amb-publica-cartilha-sobre-uso-de-ia-na-medicina-e-avalia-nova-norma-do-cfm\/#primaryimage","url":"https:\/\/med.estrategia.com\/portal\/wp-content\/uploads\/2026\/04\/medical-banner-with-doctor-holding-stethoscope.jpg","contentUrl":"https:\/\/med.estrategia.com\/portal\/wp-content\/uploads\/2026\/04\/medical-banner-with-doctor-holding-stethoscope.jpg","width":1920,"height":1282,"caption":"Foto: freepik\/Freepik"},{"@type":"BreadcrumbList","@id":"https:\/\/med.estrategia.com\/portal\/noticias\/amb-publica-cartilha-sobre-uso-de-ia-na-medicina-e-avalia-nova-norma-do-cfm\/#breadcrumb","itemListElement":[{"@type":"ListItem","position":1,"name":"Home","item":"https:\/\/med.estrategia.com\/portal\/"},{"@type":"ListItem","position":2,"name":"Not\u00edcias","item":"https:\/\/med.estrategia.com\/portal\/noticias\/"},{"@type":"ListItem","position":3,"name":"AMB publica cartilha sobre uso de IA na Medicina e avalia nova norma do CFM"}]},{"@type":"WebSite","@id":"https:\/\/med.estrategia.com\/portal\/#website","url":"https:\/\/med.estrategia.com\/portal\/","name":"Estrat\u00e9gia MED","description":"","potentialAction":[{"@type":"SearchAction","target":{"@type":"EntryPoint","urlTemplate":"https:\/\/med.estrategia.com\/portal\/?s={search_term_string}"},"query-input":{"@type":"PropertyValueSpecification","valueRequired":true,"valueName":"search_term_string"}}],"inLanguage":"pt-BR"},{"@type":"Person","@id":"https:\/\/med.estrategia.com\/portal\/#\/schema\/person\/2f553adbb8e25fe39d145c5b2927f58c","name":"Ana Carolina Damasceno","image":{"@type":"ImageObject","inLanguage":"pt-BR","@id":"https:\/\/med.estrategia.com\/portal\/#\/schema\/person\/image\/","url":"https:\/\/med.estrategia.com\/portal\/wp-content\/uploads\/2021\/09\/WhatsApp-Image-2023-08-18-at-16.46.43-150x150.jpeg","contentUrl":"https:\/\/med.estrategia.com\/portal\/wp-content\/uploads\/2021\/09\/WhatsApp-Image-2023-08-18-at-16.46.43-150x150.jpeg","caption":"Ana Carolina Damasceno"},"description":"Coordenadora de Jornalismo EMED. Comunicadora por natureza e forma\u00e7\u00e3o, que ama e perde a no\u00e7\u00e3o do tempo com m\u00fasica e s\u00e9rie.","url":"https:\/\/med.estrategia.com\/portal\/author\/ana-carolina-damasceno\/"}]}},"_wl_alt_label":[],"wl:entity_url":"\/post\/amb-publica-cartilha-sobre-uso-de-ia-na-medicina-e-avalia-nova-norma-do-cfm-109716","_links":{"self":[{"href":"https:\/\/med.estrategia.com\/portal\/wp-json\/wp\/v2\/posts\/109716","targetHints":{"allow":["GET"]}}],"collection":[{"href":"https:\/\/med.estrategia.com\/portal\/wp-json\/wp\/v2\/posts"}],"about":[{"href":"https:\/\/med.estrategia.com\/portal\/wp-json\/wp\/v2\/types\/post"}],"author":[{"embeddable":true,"href":"https:\/\/med.estrategia.com\/portal\/wp-json\/wp\/v2\/users\/39"}],"replies":[{"embeddable":true,"href":"https:\/\/med.estrategia.com\/portal\/wp-json\/wp\/v2\/comments?post=109716"}],"version-history":[{"count":1,"href":"https:\/\/med.estrategia.com\/portal\/wp-json\/wp\/v2\/posts\/109716\/revisions"}],"predecessor-version":[{"id":109719,"href":"https:\/\/med.estrategia.com\/portal\/wp-json\/wp\/v2\/posts\/109716\/revisions\/109719"}],"wp:featuredmedia":[{"embeddable":true,"href":"https:\/\/med.estrategia.com\/portal\/wp-json\/wp\/v2\/media\/109718"}],"wp:attachment":[{"href":"https:\/\/med.estrategia.com\/portal\/wp-json\/wp\/v2\/media?parent=109716"}],"wp:term":[{"taxonomy":"category","embeddable":true,"href":"https:\/\/med.estrategia.com\/portal\/wp-json\/wp\/v2\/categories?post=109716"},{"taxonomy":"post_tag","embeddable":true,"href":"https:\/\/med.estrategia.com\/portal\/wp-json\/wp\/v2\/tags?post=109716"},{"taxonomy":"wl_entity_type","embeddable":true,"href":"https:\/\/med.estrategia.com\/portal\/wp-json\/wp\/v2\/wl_entity_type?post=109716"}],"curies":[{"name":"wp","href":"https:\/\/api.w.org\/{rel}","templated":true}]}}