{"id":109721,"date":"2026-04-28T15:53:37","date_gmt":"2026-04-28T18:53:37","guid":{"rendered":"https:\/\/med.estrategia.com\/portal\/?p=109721"},"modified":"2026-04-28T15:53:40","modified_gmt":"2026-04-28T18:53:40","slug":"resumo-sobre-doenca-mista-do-tecido-conjuntivo-definicao-manifestacoes-clinicas-e-mais","status":"publish","type":"post","link":"https:\/\/med.estrategia.com\/portal\/conteudos-gratis\/doencas\/resumo-sobre-doenca-mista-do-tecido-conjuntivo-definicao-manifestacoes-clinicas-e-mais\/","title":{"rendered":"Resumo sobre Doen\u00e7a mista do tecido conjuntivo: defini\u00e7\u00e3o, manifesta\u00e7\u00f5es cl\u00ednicas e mais!"},"content":{"rendered":"<p>E a&iacute;, doc! Vamos explorar mais um tema essencial? Hoje o foco &eacute; a <strong>Doen&ccedil;a mista do tecido conjuntivo<\/strong>, uma condi&ccedil;&atilde;o autoimune caracterizada pela sobreposi&ccedil;&atilde;o de manifesta&ccedil;&otilde;es cl&iacute;nicas de doen&ccedil;as como l&uacute;pus eritematoso sist&ecirc;mico, esclerose sist&ecirc;mica e polimiosite, associada &agrave; presen&ccedil;a de anticorpos anti-U1-RNP.<p>O <strong>Estrat&eacute;gia MED<\/strong> est&aacute; aqui para descomplicar esse conceito e ajudar voc&ecirc; a aprofundar seus conhecimentos, promovendo uma pr&aacute;tica cl&iacute;nica cada vez mais eficaz e segura.<\/p><p>Vamos nessa!<\/p><div id=\"ez-toc-container\" class=\"ez-toc-v2_0_79_2 counter-hierarchy ez-toc-counter ez-toc-transparent ez-toc-container-direction\">\n<div class=\"ez-toc-title-container\"><p class=\"ez-toc-title\" style=\"cursor:inherit\">Navegue pelo conte\u00fado<\/p>\n<\/div><nav><ul class='ez-toc-list ez-toc-list-level-1 ' ><li class='ez-toc-page-1 ez-toc-heading-level-2'><a class=\"ez-toc-link ez-toc-heading-1\" href=\"https:\/\/med.estrategia.com\/portal\/conteudos-gratis\/doencas\/resumo-sobre-doenca-mista-do-tecido-conjuntivo-definicao-manifestacoes-clinicas-e-mais\/#Definicao-de-Doenca-mista-do-tecido-conjuntivo\" >Defini&ccedil;&atilde;o de Doen&ccedil;a mista do tecido conjuntivo<\/a><\/li><li class='ez-toc-page-1 ez-toc-heading-level-2'><a class=\"ez-toc-link ez-toc-heading-2\" href=\"https:\/\/med.estrategia.com\/portal\/conteudos-gratis\/doencas\/resumo-sobre-doenca-mista-do-tecido-conjuntivo-definicao-manifestacoes-clinicas-e-mais\/#Epidemiologia-da-Doenca-mista-do-tecido-conjuntivo\" >Epidemiologia da Doen&ccedil;a mista do tecido conjuntivo<\/a><\/li><li class='ez-toc-page-1 ez-toc-heading-level-2'><a class=\"ez-toc-link ez-toc-heading-3\" href=\"https:\/\/med.estrategia.com\/portal\/conteudos-gratis\/doencas\/resumo-sobre-doenca-mista-do-tecido-conjuntivo-definicao-manifestacoes-clinicas-e-mais\/#Fisiopatologia-da-Doenca-mista-do-tecido-conjuntivo\" >Fisiopatologia da Doen&ccedil;a mista do tecido conjuntivo<\/a><\/li><li class='ez-toc-page-1 ez-toc-heading-level-2'><a class=\"ez-toc-link ez-toc-heading-4\" href=\"https:\/\/med.estrategia.com\/portal\/conteudos-gratis\/doencas\/resumo-sobre-doenca-mista-do-tecido-conjuntivo-definicao-manifestacoes-clinicas-e-mais\/#Manifestacoes-clinicas-da-Doenca-mista-do-tecido-conjuntivo\" >Manifesta&ccedil;&otilde;es cl&iacute;nicas da Doen&ccedil;a mista do tecido conjuntivo<\/a><\/li><li class='ez-toc-page-1 ez-toc-heading-level-2'><a class=\"ez-toc-link ez-toc-heading-5\" href=\"https:\/\/med.estrategia.com\/portal\/conteudos-gratis\/doencas\/resumo-sobre-doenca-mista-do-tecido-conjuntivo-definicao-manifestacoes-clinicas-e-mais\/#Diagnostico-de-Doenca-mista-do-tecido-conjuntivo\" >Diagn&oacute;stico de Doen&ccedil;a mista do tecido conjuntivo<\/a><\/li><li class='ez-toc-page-1 ez-toc-heading-level-2'><a class=\"ez-toc-link ez-toc-heading-6\" href=\"https:\/\/med.estrategia.com\/portal\/conteudos-gratis\/doencas\/resumo-sobre-doenca-mista-do-tecido-conjuntivo-definicao-manifestacoes-clinicas-e-mais\/#Tratamento-da-Doenca-mista-do-tecido-conjuntivo\" >Tratamento da Doen&ccedil;a mista do tecido conjuntivo<\/a><\/li><li class='ez-toc-page-1 ez-toc-heading-level-2'><a class=\"ez-toc-link ez-toc-heading-7\" href=\"https:\/\/med.estrategia.com\/portal\/conteudos-gratis\/doencas\/resumo-sobre-doenca-mista-do-tecido-conjuntivo-definicao-manifestacoes-clinicas-e-mais\/#De-olho-na-prova\" >De olho na prova!<\/a><\/li><li class='ez-toc-page-1 ez-toc-heading-level-2'><a class=\"ez-toc-link ez-toc-heading-8\" href=\"https:\/\/med.estrategia.com\/portal\/conteudos-gratis\/doencas\/resumo-sobre-doenca-mista-do-tecido-conjuntivo-definicao-manifestacoes-clinicas-e-mais\/#Veja-tambem\" >Veja tamb&eacute;m!<\/a><\/li><li class='ez-toc-page-1 ez-toc-heading-level-2'><a class=\"ez-toc-link ez-toc-heading-9\" href=\"https:\/\/med.estrategia.com\/portal\/conteudos-gratis\/doencas\/resumo-sobre-doenca-mista-do-tecido-conjuntivo-definicao-manifestacoes-clinicas-e-mais\/#Referencias\" >Refer&ecirc;ncias<\/a><\/li><\/ul><\/nav><\/div>\n<h2 class=\"wp-block-heading\" id=\"h-definicao-de-doenca-mista-do-tecido-conjuntivo\"><span class=\"ez-toc-section\" id=\"Definicao-de-Doenca-mista-do-tecido-conjuntivo\"><\/span>Defini&ccedil;&atilde;o de Doen&ccedil;a mista do tecido conjuntivo<span class=\"ez-toc-section-end\"><\/span><\/h2><p>A doen&ccedil;a mista do tecido conjuntivo &eacute; uma doen&ccedil;a autoimune sist&ecirc;mica rara caracterizada pela combina&ccedil;&atilde;o de manifesta&ccedil;&otilde;es de diferentes doen&ccedil;as do tecido conjuntivo, como l&uacute;pus, esclerose sist&ecirc;mica e miopatias inflamat&oacute;rias. Seu principal marcador &eacute; a presen&ccedil;a de altos t&iacute;tulos de anticorpos anti-U1-RNP, geralmente associada ao fen&ocirc;meno de Raynaud e edema de m&atilde;os.<\/p><p>N&atilde;o possui caracter&iacute;sticas cl&iacute;nicas exclusivas e apresenta grande variabilidade entre os pacientes, havendo debate se &eacute; uma doen&ccedil;a pr&oacute;pria ou uma fase inicial de outras colagenoses.&nbsp;<\/p><p>O diagn&oacute;stico baseia-se na presen&ccedil;a de <strong>anti-U1-RNP<\/strong>, manifesta&ccedil;&otilde;es cl&iacute;nicas t&iacute;picas e sinais de sobreposi&ccedil;&atilde;o, podendo incluir acometimento de &oacute;rg&atilde;os como hipertens&atilde;o pulmonar ou manifesta&ccedil;&otilde;es espec&iacute;ficas de l&uacute;pus, esclerose sist&ecirc;mica e miosite.<\/p><h2 class=\"wp-block-heading\" id=\"h-epidemiologia-da-doenca-mista-do-tecido-conjuntivo\"><span class=\"ez-toc-section\" id=\"Epidemiologia-da-Doenca-mista-do-tecido-conjuntivo\"><\/span>Epidemiologia da Doen&ccedil;a mista do tecido conjuntivo<span class=\"ez-toc-section-end\"><\/span><\/h2><p>A doen&ccedil;a mista do tecido conjuntivo (DMTC) &eacute; rara, com incid&ecirc;ncia anual estimada entre 0,2 e 1,9 casos por 100.000 adultos. Ocorre em todo o mundo e em todas as etnias, sendo mais comum em adolescentes e adultos jovens, especialmente na segunda e terceira d&eacute;cadas de vida. H&aacute; um predom&iacute;nio marcante no sexo feminino, com propor&ccedil;&otilde;es que variam aproximadamente de 3:1 at&eacute; 16:1 em rela&ccedil;&atilde;o aos homens.<\/p><h2 class=\"wp-block-heading\" id=\"h-fisiopatologia-da-doenca-mista-do-tecido-conjuntivo\"><span class=\"ez-toc-section\" id=\"Fisiopatologia-da-Doenca-mista-do-tecido-conjuntivo\"><\/span>Fisiopatologia da Doen&ccedil;a mista do tecido conjuntivo<span class=\"ez-toc-section-end\"><\/span><\/h2><p>Fatores ambientais podem atuar como gatilhos em indiv&iacute;duos predispostos, levando &agrave; ativa&ccedil;&atilde;o do sistema imunol&oacute;gico. Entre eles est&atilde;o infec&ccedil;&otilde;es, como a COVID-19, exposi&ccedil;&atilde;o a subst&acirc;ncias qu&iacute;micas, como a s&iacute;lica, e, mais raramente, medicamentos como terapias anti-TNF.<\/p><p>Do ponto de vista gen&eacute;tico, h&aacute; associa&ccedil;&atilde;o com alelos do sistema HLA, especialmente o HLA-DRB1*04:01. Al&eacute;m disso, altera&ccedil;&otilde;es epigen&eacute;ticas, como mudan&ccedil;as na metila&ccedil;&atilde;o do DNA em genes relacionados &agrave; via do interferon tipo I, contribuem para a desregula&ccedil;&atilde;o da resposta imune.<\/p><p>No aspecto imunol&oacute;gico, destaca-se a presen&ccedil;a de autoanticorpos anti-U1-RNP. O papel exato desses anticorpos ainda n&atilde;o &eacute; totalmente definido, mas eles reconhecem diferentes partes do ant&iacute;geno.&nbsp;<\/p><p>Mecanismos como a expans&atilde;o da resposta imune para novos alvos e modifica&ccedil;&otilde;es de prote&iacute;nas durante a apoptose podem levar &agrave; perda de toler&acirc;ncia imunol&oacute;gica, mantendo a resposta autoimune e explicando a variedade de manifesta&ccedil;&otilde;es cl&iacute;nicas da doen&ccedil;a.<\/p><h2 class=\"wp-block-heading\" id=\"h-manifestacoes-clinicas-da-doenca-mista-do-tecido-conjuntivo\"><span class=\"ez-toc-section\" id=\"Manifestacoes-clinicas-da-Doenca-mista-do-tecido-conjuntivo\"><\/span>Manifesta&ccedil;&otilde;es cl&iacute;nicas da Doen&ccedil;a mista do tecido conjuntivo<span class=\"ez-toc-section-end\"><\/span><\/h2><p>A doen&ccedil;a mista do tecido conjuntivo apresenta grande variabilidade cl&iacute;nica, combinando caracter&iacute;sticas de diferentes doen&ccedil;as autoimunes. Os sintomas iniciais costumam ser inespec&iacute;ficos, incluindo fadiga, febre baixa, artralgias, mialgias, fen&ocirc;meno de Raynaud e edema de dedos.<\/p><h3 class=\"wp-block-heading\" id=\"h-manifestacoes-semelhantes-ao-lupus\">Manifesta&ccedil;&otilde;es semelhantes ao l&uacute;pus<\/h3><p>O acometimento cut&acirc;neo &eacute; muito frequente e pode ser a forma de apresenta&ccedil;&atilde;o inicial.<\/p><p>Entre as principais manifesta&ccedil;&otilde;es, destacam-se:<\/p><ul class=\"wp-block-list\">\n<li>Les&otilde;es cut&acirc;neas:\n<ul class=\"wp-block-list\">\n<li>Eritema malar em &ldquo;asa de borboleta&rdquo;;<\/li>\n\n\n\n<li>Placas disc&oacute;ides;<\/li>\n\n\n\n<li>Perniose (chilblains), especialmente em &aacute;reas expostas ao frio;<\/li>\n\n\n\n<li>Paniculite.<\/li>\n<\/ul>\n<\/li>\n\n\n\n<li>&Uacute;lceras em mucosas (oral e genital);<\/li>\n\n\n\n<li>Vasculite de pequenos vasos, podendo causar eritema ou ulcera&ccedil;&otilde;es.<\/li>\n<\/ul><p>Essas manifesta&ccedil;&otilde;es s&atilde;o clinicamente indistingu&iacute;veis das observadas no l&uacute;pus eritematoso sist&ecirc;mico.<\/p><h3 class=\"wp-block-heading\" id=\"h-manifestacoes-cardiovasculares\">Manifesta&ccedil;&otilde;es cardiovasculares<\/h3><p>O envolvimento card&iacute;aco ocorre em uma parcela significativa dos pacientes e pode contribuir para mortalidade.<\/p><p>Principais altera&ccedil;&otilde;es incluem:<\/p><ul class=\"wp-block-list\">\n<li>Pericardite, sendo a manifesta&ccedil;&atilde;o mais comum;<\/li>\n\n\n\n<li>Miocardite, menos frequente, podendo causar insufici&ecirc;ncia card&iacute;aca;<\/li>\n\n\n\n<li>Aterosclerose acelerada, com risco de doen&ccedil;a isqu&ecirc;mica;<\/li>\n\n\n\n<li>Altera&ccedil;&otilde;es de condu&ccedil;&atilde;o el&eacute;trica, como bloqueios card&iacute;acos.<\/li>\n<\/ul><h3 class=\"wp-block-heading\" id=\"h-manifestacoes-renais\">Manifesta&ccedil;&otilde;es renais<\/h3><p>O acometimento renal ocorre em cerca de um quarto dos pacientes e geralmente &eacute; mais leve que no l&uacute;pus.<\/p><p>Pode incluir:<\/p><ul class=\"wp-block-list\">\n<li>Nefropatia membranosa, a mais comum;<\/li>\n\n\n\n<li>Protein&uacute;ria e hemat&uacute;ria, frequentemente assintom&aacute;ticas no in&iacute;cio;<\/li>\n\n\n\n<li>Outras formas, como glomerulonefrite mesangial ou nefrite t&uacute;bulo-intersticial.<\/li>\n<\/ul><h3 class=\"wp-block-heading\" id=\"h-manifestacoes-neurologicas\">Manifesta&ccedil;&otilde;es neurol&oacute;gicas<\/h3><p>Em geral, s&atilde;o leves quando comparadas ao l&uacute;pus.<\/p><p>Podem ocorrer:<\/p><ul class=\"wp-block-list\">\n<li>Neuralgia do trig&ecirc;meo, manifesta&ccedil;&atilde;o mais caracter&iacute;stica;<\/li>\n\n\n\n<li>Cefaleia, frequentemente de origem vascular;<\/li>\n\n\n\n<li>Poss&iacute;vel perda auditiva neurossensorial;<\/li>\n\n\n\n<li>Raramente, complica&ccedil;&otilde;es neurol&oacute;gicas mais graves.<\/li>\n<\/ul><h3 class=\"wp-block-heading\" id=\"h-manifestacoes-hematologicas\">Manifesta&ccedil;&otilde;es hematol&oacute;gicas<\/h3><p>S&atilde;o incomuns, mas incluem:<\/p><ul class=\"wp-block-list\">\n<li>Trombocitopenia autoimune;<\/li>\n\n\n\n<li>Anemia hemol&iacute;tica autoimune.<\/li>\n<\/ul><p>Frequentemente s&atilde;o assintom&aacute;ticas e detectadas em exames laboratoriais.<\/p><h3 class=\"wp-block-heading\" id=\"h-manifestacoes-pulmonares\">Manifesta&ccedil;&otilde;es pulmonares<\/h3><p>O pulm&atilde;o &eacute; um dos &oacute;rg&atilde;os mais frequentemente acometidos.<\/p><p>As principais manifesta&ccedil;&otilde;es incluem:<\/p><ul class=\"wp-block-list\">\n<li>Doen&ccedil;a pulmonar intersticial, a mais comum;<\/li>\n\n\n\n<li>Derrame pleural e dor pleur&iacute;tica;<\/li>\n\n\n\n<li>Hemorragia alveolar (rara);<\/li>\n\n\n\n<li>Eventos tromboemb&oacute;licos.<\/li>\n<\/ul><h3 class=\"wp-block-heading\" id=\"h-caracteristicas-semelhantes-a-esclerose-sistemica\">Caracter&iacute;sticas semelhantes &agrave; esclerose sist&ecirc;mica<\/h3><p>A DMTC compartilha v&aacute;rias manifesta&ccedil;&otilde;es com a esclerose sist&ecirc;mica.<\/p><h4 class=\"wp-block-heading\" id=\"h-fenomeno-de-raynaud\">Fen&ocirc;meno de Raynaud<\/h4><p>&Eacute; uma das manifesta&ccedil;&otilde;es mais precoces e frequentes, caracterizado por mudan&ccedil;as de cor nos dedos devido ao vasoespasmo.<\/p><h4 class=\"wp-block-heading\" id=\"h-alteracoes-vasculares-e-digitais\">Altera&ccedil;&otilde;es vasculares e digitais<\/h4><ul class=\"wp-block-list\">\n<li>Edema de m&atilde;os e dedos;<\/li>\n\n\n\n<li>Evolu&ccedil;&atilde;o para espessamento cut&acirc;neo;<\/li>\n\n\n\n<li>&Uacute;lceras digitais e, raramente, autoamputa&ccedil;&atilde;o.<\/li>\n<\/ul><h4 class=\"wp-block-heading\" id=\"h-alteracoes-capilares\">Altera&ccedil;&otilde;es capilares<\/h4><ul class=\"wp-block-list\">\n<li>Altera&ccedil;&otilde;es na capilaroscopia periungueal, com dilata&ccedil;&atilde;o e rarefa&ccedil;&atilde;o capilar.<\/li>\n<\/ul><h4 class=\"wp-block-heading\" id=\"h-trato-gastrointestinal\">Trato gastrointestinal<\/h4><p>O acometimento &eacute; comum, principalmente por dismotilidade esof&aacute;gica:<\/p><ul class=\"wp-block-list\">\n<li>Disfagia;<\/li>\n\n\n\n<li>Pirose;<\/li>\n\n\n\n<li>Regurgita&ccedil;&atilde;o.<\/li>\n<\/ul><h3 class=\"wp-block-heading\" id=\"h-doenca-pulmonar-intersticial\">Doen&ccedil;a pulmonar intersticial<\/h3><p>Afeta cerca de metade dos pacientes e pode ser progressiva.<\/p><p>Caracter&iacute;sticas principais:<\/p><ul class=\"wp-block-list\">\n<li>Dispneia e tosse de evolu&ccedil;&atilde;o gradual;<\/li>\n\n\n\n<li>Padr&atilde;o mais comum de pneumonia intersticial n&atilde;o espec&iacute;fica;<\/li>\n\n\n\n<li>Pode evoluir para fibrose pulmonar.<\/li>\n<\/ul><h3 class=\"wp-block-heading\" id=\"h-hipertensao-arterial-pulmonar\">Hipertens&atilde;o arterial pulmonar<\/h3><p>&Eacute; uma complica&ccedil;&atilde;o grave e importante causa de mortalidade.<\/p><p>Manifesta-se por:<\/p><ul class=\"wp-block-list\">\n<li>Dispneia;<\/li>\n\n\n\n<li>Fadiga;<\/li>\n\n\n\n<li>Sinais de insufici&ecirc;ncia card&iacute;aca direita.<\/li>\n<\/ul><h3 class=\"wp-block-heading\" id=\"h-outras-manifestacoes\">Outras manifesta&ccedil;&otilde;es<\/h3><h4 class=\"wp-block-heading\" id=\"h-articulares\">Articulares<\/h4><ul class=\"wp-block-list\">\n<li>Artrite presente em cerca de 60 por cento dos casos;<\/li>\n\n\n\n<li>Semelhante &agrave; artrite reumatoide, podendo ser erosiva e deformante.<\/li>\n<\/ul><h4 class=\"wp-block-heading\" id=\"h-musculares\">Musculares<\/h4><ul class=\"wp-block-list\">\n<li>Mialgias frequentes;<\/li>\n\n\n\n<li>Miosite inflamat&oacute;ria com fraqueza muscular proximal.<\/li>\n<\/ul><h4 class=\"wp-block-heading\" id=\"h-sicca\">Sicca<\/h4><ul class=\"wp-block-list\">\n<li>Olhos secos;<\/li>\n\n\n\n<li>Boca seca.<\/li>\n<\/ul><h4 class=\"wp-block-heading\" id=\"h-gastrointestinais-adicionais\">Gastrointestinais adicionais<\/h4><p>Podem ocorrer manifesta&ccedil;&otilde;es menos comuns, como:<\/p><ul class=\"wp-block-list\">\n<li>Hepatite autoimune;<\/li>\n\n\n\n<li>Pancreatite;<\/li>\n\n\n\n<li>Vasculite mesent&eacute;rica;<\/li>\n\n\n\n<li>Dist&uacute;rbios de motilidade intestinal.<\/li>\n<\/ul><h2 class=\"wp-block-heading\" id=\"h-diagnostico-de-doenca-mista-do-tecido-conjuntivo\"><span class=\"ez-toc-section\" id=\"Diagnostico-de-Doenca-mista-do-tecido-conjuntivo\"><\/span>Diagn&oacute;stico de Doen&ccedil;a mista do tecido conjuntivo<span class=\"ez-toc-section-end\"><\/span><\/h2><p>O diagn&oacute;stico &eacute; desafiador, pois n&atilde;o existem crit&eacute;rios universalmente aceitos e a doen&ccedil;a apresenta grande variabilidade cl&iacute;nica. Ele &eacute; baseado na combina&ccedil;&atilde;o de achados cl&iacute;nicos, laboratoriais e na exclus&atilde;o de outras doen&ccedil;as reum&aacute;ticas.<\/p><h3 class=\"wp-block-heading\" id=\"h-quando-suspeitar\">Quando suspeitar<\/h3><p>A DMTC deve ser suspeitada em pacientes que apresentam sinais e sintomas sobrepostos de doen&ccedil;as do tecido conjuntivo, especialmente:<\/p><ul class=\"wp-block-list\">\n<li>L&uacute;pus eritematoso sist&ecirc;mico;<\/li>\n\n\n\n<li>Esclerose sist&ecirc;mica;<\/li>\n\n\n\n<li>Miopatias inflamat&oacute;rias;<\/li>\n\n\n\n<li>Artrite reumatoide.<\/li>\n<\/ul><p>Associados &agrave; presen&ccedil;a de anticorpos <strong>anti-U1-RNP<\/strong>.<\/p><p>Nos est&aacute;gios iniciais, os sintomas costumam ser inespec&iacute;ficos, como:<\/p><ul class=\"wp-block-list\">\n<li>Fadiga e febre;<\/li>\n\n\n\n<li>Artralgias e mialgias;<\/li>\n\n\n\n<li>Fen&ocirc;meno de Raynaud;<\/li>\n\n\n\n<li>Edema de dedos.<\/li>\n<\/ul><p>Al&eacute;m disso, manifesta&ccedil;&otilde;es como doen&ccedil;a pulmonar intersticial ou miosite podem ser formas iniciais de apresenta&ccedil;&atilde;o.<\/p><h3 class=\"wp-block-heading\" id=\"h-avaliacao-inicial\">Avalia&ccedil;&atilde;o inicial<\/h3><p>A investiga&ccedil;&atilde;o deve ser ampla e inclui anamnese detalhada, exame f&iacute;sico completo e exames complementares. Muitas vezes &eacute; necess&aacute;rio acompanhamento multidisciplinar, dependendo dos &oacute;rg&atilde;os acometidos.<\/p><h4 class=\"wp-block-heading\" id=\"h-historia-clinica\">Hist&oacute;ria cl&iacute;nica<\/h4><p>Deve abordar sintomas constitucionais, como febre e perda de peso, al&eacute;m de disfagia, &uacute;lceras orais, fen&ocirc;meno de Raynaud, dor articular, dor tor&aacute;cica, dispneia e fraqueza muscular proximal.<\/p><h4 class=\"wp-block-heading\" id=\"h-exame-fisico\">Exame f&iacute;sico<\/h4><p>Pode revelar edema de dedos, espessamento cut&acirc;neo, les&otilde;es cut&acirc;neas t&iacute;picas de l&uacute;pus, artrite, altera&ccedil;&otilde;es respirat&oacute;rias e fraqueza muscular. A capilaroscopia periungueal pode auxiliar na avalia&ccedil;&atilde;o, especialmente em pacientes com fen&ocirc;meno de Raynaud.<\/p><h3 class=\"wp-block-heading\" id=\"h-exames-laboratoriais\">Exames laboratoriais<\/h3><p>Os exames laboratoriais s&atilde;o fundamentais tanto para apoiar o diagn&oacute;stico quanto para avaliar a extens&atilde;o da doen&ccedil;a.<\/p><p>O hemograma pode mostrar leucopenia, anemia ou trombocitopenia. A avalia&ccedil;&atilde;o da fun&ccedil;&atilde;o renal, com creatinina e exame de urina, &eacute; importante para identificar acometimento renal precoce.<\/p><p>Entre os autoanticorpos, o FAN geralmente est&aacute; positivo em altos t&iacute;tulos, com padr&atilde;o pontilhado. O achado mais importante &eacute; a presen&ccedil;a de anticorpos anti-U1-RNP, considerada essencial para o diagn&oacute;stico. Outros autoanticorpos, como anti-dsDNA, anti-Sm e anti-Ro, podem estar presentes, mas sua persist&ecirc;ncia sugere evolu&ccedil;&atilde;o para outras doen&ccedil;as reum&aacute;ticas.<\/p><p>Marcadores inflamat&oacute;rios, como VHS e PCR, podem estar elevados e indicar atividade da doen&ccedil;a.<\/p><h3 class=\"wp-block-heading\" id=\"h-criterios-diagnosticos\">Crit&eacute;rios diagn&oacute;sticos<\/h3><p>Embora n&atilde;o exista consenso internacional, os principais crit&eacute;rios diagn&oacute;sticos compartilham elementos comuns. De forma geral, o diagn&oacute;stico &eacute; baseado na presen&ccedil;a de anticorpos anti-U1-RNP associados a manifesta&ccedil;&otilde;es cl&iacute;nicas caracter&iacute;sticas, como fen&ocirc;meno de Raynaud, edema de dedos, sinovite e miosite.<\/p><p>Diferentes crit&eacute;rios, como os de Kasukawa, Alarc&oacute;n-Segovia e Kahn, apresentam varia&ccedil;&otilde;es em sensibilidade e especificidade, podendo ser utilizados conforme o contexto cl&iacute;nico.<\/p><h3 class=\"wp-block-heading\" id=\"h-desafios-diagnosticos\">Desafios diagn&oacute;sticos<\/h3><p>A DMTC apresenta grande heterogeneidade cl&iacute;nica, e suas manifesta&ccedil;&otilde;es podem surgir de forma progressiva ao longo dos anos. Isso dificulta a distin&ccedil;&atilde;o inicial de outras doen&ccedil;as reum&aacute;ticas bem definidas.<\/p><p>Al&eacute;m disso, alguns pacientes podem apresentar sobreposi&ccedil;&atilde;o com outras doen&ccedil;as ou evoluir para condi&ccedil;&otilde;es espec&iacute;ficas, como l&uacute;pus ou esclerose sist&ecirc;mica. Em outros casos, podem preencher crit&eacute;rios para mais de uma doen&ccedil;a simultaneamente.<\/p><h3 class=\"wp-block-heading\" id=\"h-acompanhamento\">Acompanhamento<\/h3><p>Devido &agrave; possibilidade de evolu&ccedil;&atilde;o do quadro cl&iacute;nico, o seguimento a longo prazo &eacute; essencial. O diagn&oacute;stico deve ser constantemente reavaliado, considerando novas manifesta&ccedil;&otilde;es cl&iacute;nicas e laboratoriais.<\/p><p>A presen&ccedil;a de anticorpos anti-U1-RNP &eacute; indispens&aacute;vel, mas deve sempre ser interpretada no contexto cl&iacute;nico, sendo o acompanhamento cont&iacute;nuo fundamental para confirma&ccedil;&atilde;o diagn&oacute;stica e defini&ccedil;&atilde;o do manejo adequado.<\/p><h2 class=\"wp-block-heading\" id=\"h-tratamento-da-doenca-mista-do-tecido-conjuntivo\"><span class=\"ez-toc-section\" id=\"Tratamento-da-Doenca-mista-do-tecido-conjuntivo\"><\/span>Tratamento da Doen&ccedil;a mista do tecido conjuntivo<span class=\"ez-toc-section-end\"><\/span><\/h2><p>O tratamento da doen&ccedil;a mista do tecido conjuntivo (DMTC) &eacute; individualizado e baseado nas manifesta&ccedil;&otilde;es cl&iacute;nicas e nos &oacute;rg&atilde;os acometidos, j&aacute; que n&atilde;o h&aacute; protocolos padronizados definidos por grandes ensaios cl&iacute;nicos. De modo geral, o objetivo &eacute; controlar a atividade inflamat&oacute;ria, aliviar sintomas e prevenir complica&ccedil;&otilde;es, especialmente cardiopulmonares.<\/p><p>A doen&ccedil;a exige acompanhamento cont&iacute;nuo, pois suas manifesta&ccedil;&otilde;es podem surgir ou se modificar ao longo do tempo. Por isso, &eacute; fundamental a monitoriza&ccedil;&atilde;o peri&oacute;dica com exames como ecocardiograma, tomografia de t&oacute;rax e provas de fun&ccedil;&atilde;o pulmonar, principalmente para rastrear doen&ccedil;a pulmonar intersticial e hipertens&atilde;o pulmonar.<\/p><h3 class=\"wp-block-heading\" id=\"h-terapia-geral\">Terapia geral<\/h3><p>Alguns medicamentos s&atilde;o frequentemente utilizados como base do tratamento. A hidroxicloroquina tem papel importante, especialmente em manifesta&ccedil;&otilde;es semelhantes ao l&uacute;pus, podendo tamb&eacute;m reduzir complica&ccedil;&otilde;es pulmonares. Os glicocorticoides s&atilde;o eficazes no controle de manifesta&ccedil;&otilde;es inflamat&oacute;rias, mas devem ser usados com cautela e, sempre que poss&iacute;vel, em menores doses devido aos efeitos adversos.<\/p><p>Al&eacute;m disso, imunossupressores s&atilde;o frequentemente necess&aacute;rios, sendo escolhidos conforme o &oacute;rg&atilde;o acometido e a gravidade da doen&ccedil;a.<\/p><ul class=\"wp-block-list\">\n<li>Metotrexato: &uacute;til para artrite e miosite;<\/li>\n\n\n\n<li>Micofenolato de mofetila: preferido na doen&ccedil;a pulmonar intersticial;<\/li>\n\n\n\n<li>Rituximabe: op&ccedil;&atilde;o em casos refrat&aacute;rios ou pulmonares;<\/li>\n\n\n\n<li>Ciclofosfamida: reservada para casos mais graves.<\/li>\n<\/ul><h3 class=\"wp-block-heading\" id=\"h-acometimento-pulmonar\">Acometimento pulmonar<\/h3><p>O envolvimento pulmonar &eacute; uma das principais causas de morbidade e mortalidade na DMTC. A doen&ccedil;a pulmonar intersticial geralmente &eacute; tratada com micofenolato de mofetila como primeira linha, podendo-se utilizar ciclofosfamida ou rituximabe em situa&ccedil;&otilde;es mais graves ou refrat&aacute;rias.<\/p><p>J&aacute; a hipertens&atilde;o arterial pulmonar costuma responder menos aos corticoides e requer manejo especializado. O tratamento pode incluir vasodilatadores, como prostaglandinas, antagonistas do receptor de endotelina e inibidores da fosfodiesterase tipo 5.<\/p><h3 class=\"wp-block-heading\" id=\"h-manifestacoes-especificas\">Manifesta&ccedil;&otilde;es espec&iacute;ficas<\/h3><p>Algumas manifesta&ccedil;&otilde;es t&ecirc;m abordagens mais direcionadas:<\/p><ul class=\"wp-block-list\">\n<li><strong>Fen&ocirc;meno de Raynaud<\/strong>:\n<ul class=\"wp-block-list\">\n<li>Evitar frio, tabagismo e cafe&iacute;na;<\/li>\n\n\n\n<li>Bloqueadores de canais de c&aacute;lcio, como nifedipina;<\/li>\n\n\n\n<li>Outras op&ccedil;&otilde;es incluem vasodilatadores.<\/li>\n<\/ul>\n<\/li>\n\n\n\n<li><strong>Articular<\/strong>:\n<ul class=\"wp-block-list\">\n<li>Anti-inflamat&oacute;rios n&atilde;o esteroidais para sintomas leves;<\/li>\n\n\n\n<li>Hidroxicloroquina como base;<\/li>\n\n\n\n<li>Corticoides e metotrexato em casos persistentes.<\/li>\n<\/ul>\n<\/li>\n\n\n\n<li><strong>Muscular (miosite)<\/strong>:<br>A miosite geralmente responde a corticoides, sendo comum a necessidade de imunossupressores como metotrexato, azatioprina ou micofenolato. Casos resistentes podem se beneficiar de imunoglobulina intravenosa.<\/li>\n\n\n\n<li><strong>Serosas (pleurite e pericardite)<\/strong>:\n<ul class=\"wp-block-list\">\n<li>Geralmente respondem bem a corticoides;<\/li>\n\n\n\n<li>Podem exigir imunossupressores adicionais.<\/li>\n<\/ul>\n<\/li>\n<\/ul><h3 class=\"wp-block-heading\" id=\"h-trato-gastrointestinal-e-hematologico\">Trato gastrointestinal e hematol&oacute;gico<\/h3><p>O acometimento gastrointestinal &eacute; tratado de forma semelhante ao da esclerose sist&ecirc;mica. O refluxo &eacute; manejado com inibidores da bomba de pr&oacute;tons, al&eacute;m de medidas comportamentais e diet&eacute;ticas. Dist&uacute;rbios de motilidade podem exigir procin&eacute;ticos.<\/p><p>As manifesta&ccedil;&otilde;es hematol&oacute;gicas, como anemia hemol&iacute;tica e trombocitopenia, costumam ser tratadas inicialmente com corticoides. Em casos refrat&aacute;rios, pode-se utilizar rituximabe.<\/p><h3 class=\"wp-block-heading\" id=\"h-situacoes-especiais\">Situa&ccedil;&otilde;es especiais<\/h3><p>A gesta&ccedil;&atilde;o em pacientes com DMTC exige planejamento cuidadoso, pois h&aacute; maior risco de complica&ccedil;&otilde;es maternas e fetais. O controle adequado da doen&ccedil;a antes da gravidez melhora os desfechos, e o uso de hidroxicloroquina e imunossupressores seguros pode ser necess&aacute;rio.<\/p><p>Na forma pedi&aacute;trica, que &eacute; rara, o manejo segue princ&iacute;pios semelhantes ao da doen&ccedil;a em adultos, com aten&ccedil;&atilde;o especial ao risco de evolu&ccedil;&atilde;o para outras doen&ccedil;as do tecido conjuntivo.<\/p><h2 class=\"wp-block-heading\" id=\"h-de-olho-na-prova\"><span class=\"ez-toc-section\" id=\"De-olho-na-prova\"><\/span>De olho na prova!<span class=\"ez-toc-section-end\"><\/span><\/h2><p>N&atilde;o pense que esse assunto fica de fora das principais provas de resid&ecirc;ncia, concursos p&uacute;blicos e at&eacute; das avalia&ccedil;&otilde;es da gradua&ccedil;&atilde;o. Veja abaixo:<\/p><p><em>GO &ndash; Universidade de Rio Verde &ndash; UNIRV &ndash; 2019 &ndash; Resid&ecirc;ncia (Acesso Direto)<\/em><\/p><p>A doen&ccedil;a mista do tecido conjuntivo se caracteriza pela combina&ccedil;&atilde;o de achados cl&iacute;nicos do l&uacute;pus eritematoso sist&ecirc;mico, artrite reumatoide, polimiosite e esclerodermia. O anticorpo que caracteriza essa doen&ccedil;a &eacute; o:<\/p><p>A) Anti-RNP-U1.<\/p><p>B) Anti-Ro\/SS-A.<\/p><p>C) Anti-La\/SS-B.<\/p><p>D) Anti-CCP (anticorpos contra pept&iacute;deos citrulinados c&iacute;clicos).<\/p><p>Coment&aacute;rio da quest&atilde;o:<\/p><p>GABARITO: ALTERNATIVA A<\/p><p>A doen&ccedil;a mista do tecido conjuntivo (DMTC) &eacute; uma doen&ccedil;a rara de etiologia desconhecida que predomina em mulheres entre 3&ordf; e 6&ordf; d&eacute;cadas de vida. Clinicamente &eacute; marcada por reunir sinais e sintomas encontrados em outras tr&ecirc;s doen&ccedil;as do tecido conjuntivo: l&uacute;pus eritematoso sist&ecirc;mico (LES), esclerose sist&ecirc;mica e polimiosite, como fen&ocirc;meno de Raynaud, sinovite, miosite, entre outros. A DMTC n&atilde;o &eacute; uma simples sobreposi&ccedil;&atilde;o de outras condi&ccedil;&otilde;es, mas sim uma entidade &uacute;nica, com caracter&iacute;sticas cl&iacute;nicas e imunol&oacute;gicas pr&oacute;prias, inclusive com crit&eacute;rios diagn&oacute;sticos definidos. Feita essa breve introdu&ccedil;&atilde;o, vamos &agrave;s alternativas discutir qual &eacute; o autoanticorpo classicamente associado &agrave; DMTC:<\/p><p>A alternativa &ldquo;a&rdquo; est&aacute; correta porque o anti-RNP &eacute; crit&eacute;rio obrigat&oacute;rio para o diagn&oacute;stico de DMTC e est&aacute; presente em 100% dos pacientes, gerando um padr&atilde;o de FAN nuclear pontilhado grosso.<\/p><p>A alternativa &ldquo;b&rdquo;est&aacute; incorreta porque o anti-Ro ou anti-SSA &eacute; um autoanticorpo associado, classicamente, &agrave; s&iacute;ndrome de Sj&ouml;gren, mas tamb&eacute;m presente em diversas outras colagenoses, como no LES, mas sem rela&ccedil;&atilde;o com a DMTC.<\/p><p>A alternativa &ldquo;c&rdquo; est&aacute; incorreta porque o anti-La ou anti-SSB, assim como o anti-Ro, &eacute; um anticorpo muito associado &agrave; s&iacute;ndrome de Sj&ouml;gren, presente tamb&eacute;m em outras colagenoses, mas sem rela&ccedil;&atilde;o com a DMTC.<\/p><p>A alternativa &ldquo;d&rdquo; est&aacute; incorreta porque o anti-CCP &eacute; um autoanticorpo muito espec&iacute;fico de artrite reumatoide e sem rela&ccedil;&atilde;o com a DMTC.<\/p><h2 class=\"wp-block-heading\" id=\"h-veja-tambem\"><span class=\"ez-toc-section\" id=\"Veja-tambem\"><\/span>Veja tamb&eacute;m!<span class=\"ez-toc-section-end\"><\/span><\/h2><ul class=\"wp-block-list\">\n<li><a href=\"https:\/\/med.estrategia.com\/portal\/aluno-de-medicina\/febre-reumatica\/\">Resumo de febre reum&aacute;tica: conceitos, cl&iacute;nica, diagn&oacute;stico e tratamento<\/a><\/li>\n\n\n\n<li><a href=\"https:\/\/med.estrategia.com\/portal\/aluno-de-medicina\/artrose\/\">Artrose: o que &eacute;, sintomas e tipos<\/a><\/li>\n\n\n\n<li><a href=\"https:\/\/med.estrategia.com\/portal\/aluno-de-medicina\/dicas-de-estudo\/fibromialgia\/\">Fibromialgia: o que &eacute;, sintomas e muito mais<\/a><\/li>\n\n\n\n<li><a href=\"https:\/\/med.estrategia.com\/portal\/conteudos-gratis\/resumo-de-tecido-conjuntivo-componentes-funcoes-e-mais\/\">Resumo de tecido conjuntivo: componentes, fun&ccedil;&otilde;es e mais!<\/a><\/li>\n\n\n\n<li><a href=\"https:\/\/med.estrategia.com\/portal\/conteudos-gratis\/farmacos\/resumo-sobre-hidroxicloroquina-principais-indicacoes-farmacologia-e-mais\/\">Resumo sobre hidroxicloroquina: principais indica&ccedil;&otilde;es, farmacologia e mais!<\/a>&nbsp;<\/li>\n\n\n\n<li><a href=\"https:\/\/med.estrategia.com\/portal\/conteudos-gratis\/farmacos\/resumo-sobre-indometacina-definicao-uso-e-mais\/\">Resumo sobre Indometacina: defini&ccedil;&atilde;o, uso e mais!<\/a><\/li>\n\n\n\n<li><a href=\"https:\/\/med.estrategia.com\/portal\/conteudos-gratis\/doencas\/resumo-sobre-eritema-nodoso-definicao-manifestacoes-clinicas-e-mais\/\">Resumo sobre Eritema Nodoso: defini&ccedil;&atilde;o, manifesta&ccedil;&otilde;es cl&iacute;nicas e mais!<\/a><\/li>\n\n\n\n<li><a href=\"https:\/\/med.estrategia.com\/portal\/conteudos-gratis\/doencas\/resumo-sobre-sindrome-sapho-definicao-manifestacoes-clinicas-e-mais\/\">Resumo sobre S&iacute;ndrome SAPHO: defini&ccedil;&atilde;o, manifesta&ccedil;&otilde;es cl&iacute;nicas e mais!<\/a><\/li>\n\n\n\n<li><a href=\"https:\/\/med.estrategia.com\/portal\/conteudos-gratis\/doencas\/resumo-sobre-artrite-enteropatica-definicao-manifestacoes-clinicas-e-mais\/\">Resumo sobre Artrite Enterop&aacute;tica: defini&ccedil;&atilde;o, manifesta&ccedil;&otilde;es cl&iacute;nicas e mais!<\/a><\/li>\n<\/ul><h2 class=\"wp-block-heading\" id=\"h-referencias\"><span class=\"ez-toc-section\" id=\"Referencias\"><\/span>Refer&ecirc;ncias<span class=\"ez-toc-section-end\"><\/span><\/h2><p>Sapkota B, Al Khalili Y. Mixed Connective Tissue Disease. [Updated 2024 Jul 27]. In: StatPearls [Internet]. Treasure Island (FL): StatPearls Publishing; 2026 Jan-. Available from: <a href=\"https:\/\/www.ncbi.nlm.nih.gov\/books\/NBK542198\/\" target=\"_blank\" rel=\"noopener noreferrer\">https:\/\/www.ncbi.nlm.nih.gov\/books\/NBK542198\/<\/a><\/p><p>Voon Ong, PhD, FRCP. Mixed connective tissue disease. UpToDate, 2025. Dispon&iacute;vel em: <a href=\"https:\/\/www.uptodate.com\/contents\/mixed-connective-tissue-disease?search=doen%C3%A7a%20mista%20do%20tecido%20conjuntivo&amp;source=search_result&amp;selectedTitle=1~97&amp;usage_type=default&amp;display_rank=1\" target=\"_blank\" rel=\"noopener noreferrer\">UpToDate<\/a><\/p><\/p>\n","protected":false},"excerpt":{"rendered":"E a&iacute;, doc! Vamos explorar mais um tema essencial? Hoje o foco &eacute; a Doen&ccedil;a mista do tecido&hellip;\n","protected":false},"author":53,"featured_media":109722,"comment_status":"closed","ping_status":"closed","sticky":false,"template":"","format":"standard","meta":{"wl_entities_gutenberg":"","footnotes":""},"categories":[304],"tags":[64],"wl_entity_type":[199],"class_list":{"0":"post-109721","1":"post","2":"type-post","3":"status-publish","4":"format-standard","5":"has-post-thumbnail","7":"category-doencas","8":"tag-reumatologia","9":"wl_entity_type-article"},"acf":[],"yoast_head":"<!-- This site is optimized with the Yoast SEO Premium plugin v26.6 (Yoast SEO v26.6) - https:\/\/yoast.com\/wordpress\/plugins\/seo\/ -->\n<title>Resumo sobre Doen\u00e7a mista do tecido conjuntivo: defini\u00e7\u00e3o, manifesta\u00e7\u00f5es cl\u00ednicas e mais!<\/title>\n<meta name=\"description\" content=\"A doen\u00e7a mista do tecido conjuntivo \u00e9 uma condi\u00e7\u00e3o autoimune caracterizada pela sobreposi\u00e7\u00e3o de manifesta\u00e7\u00f5es cl\u00ednicas de doen\u00e7as reumatol\u00f3gicas.\" \/>\n<meta name=\"robots\" content=\"index, follow, max-snippet:-1, max-image-preview:large, max-video-preview:-1\" \/>\n<link rel=\"canonical\" href=\"https:\/\/med.estrategia.com\/portal\/conteudos-gratis\/doencas\/resumo-sobre-doenca-mista-do-tecido-conjuntivo-definicao-manifestacoes-clinicas-e-mais\/\" \/>\n<meta property=\"og:locale\" content=\"pt_BR\" \/>\n<meta property=\"og:type\" content=\"article\" \/>\n<meta property=\"og:title\" content=\"Resumo sobre Doen\u00e7a mista do tecido conjuntivo: defini\u00e7\u00e3o, manifesta\u00e7\u00f5es cl\u00ednicas e mais!\" \/>\n<meta property=\"og:description\" content=\"A doen\u00e7a mista do tecido conjuntivo \u00e9 uma condi\u00e7\u00e3o autoimune caracterizada pela sobreposi\u00e7\u00e3o de manifesta\u00e7\u00f5es cl\u00ednicas de doen\u00e7as reumatol\u00f3gicas.\" \/>\n<meta property=\"og:url\" content=\"https:\/\/med.estrategia.com\/portal\/conteudos-gratis\/doencas\/resumo-sobre-doenca-mista-do-tecido-conjuntivo-definicao-manifestacoes-clinicas-e-mais\/\" \/>\n<meta property=\"og:site_name\" content=\"Estrat\u00e9gia MED\" \/>\n<meta property=\"article:publisher\" content=\"https:\/\/www.facebook.com\/estrategiamed1\" \/>\n<meta property=\"article:published_time\" content=\"2026-04-28T18:53:37+00:00\" \/>\n<meta property=\"article:modified_time\" content=\"2026-04-28T18:53:40+00:00\" \/>\n<meta property=\"og:image\" content=\"https:\/\/med.estrategia.com\/portal\/wp-content\/uploads\/2026\/04\/Doenca-mista-do-tecido-conjuntivo.jpg\" \/>\n\t<meta property=\"og:image:width\" content=\"705\" \/>\n\t<meta property=\"og:image:height\" content=\"530\" \/>\n\t<meta property=\"og:image:type\" content=\"image\/jpeg\" \/>\n<meta name=\"author\" content=\"Laelson Junior\" \/>\n<meta name=\"twitter:card\" content=\"summary_large_image\" \/>\n<meta name=\"twitter:creator\" content=\"@estrategiamed_\" \/>\n<meta name=\"twitter:site\" content=\"@estrategiamed_\" \/>\n<meta name=\"twitter:label1\" content=\"Escrito por\" \/>\n\t<meta name=\"twitter:data1\" content=\"Laelson Junior\" \/>\n\t<meta name=\"twitter:label2\" content=\"Est. tempo de leitura\" \/>\n\t<meta name=\"twitter:data2\" content=\"13 minutos\" \/>\n<script type=\"application\/ld+json\" class=\"yoast-schema-graph\">{\"@context\":\"https:\/\/schema.org\",\"@graph\":[{\"@type\":\"WebPage\",\"@id\":\"https:\/\/med.estrategia.com\/portal\/conteudos-gratis\/doencas\/resumo-sobre-doenca-mista-do-tecido-conjuntivo-definicao-manifestacoes-clinicas-e-mais\/\",\"url\":\"https:\/\/med.estrategia.com\/portal\/conteudos-gratis\/doencas\/resumo-sobre-doenca-mista-do-tecido-conjuntivo-definicao-manifestacoes-clinicas-e-mais\/\",\"name\":\"Resumo sobre Doen\u00e7a mista do tecido conjuntivo: defini\u00e7\u00e3o, manifesta\u00e7\u00f5es cl\u00ednicas e mais!\",\"isPartOf\":{\"@id\":\"https:\/\/med.estrategia.com\/portal\/#website\"},\"primaryImageOfPage\":{\"@id\":\"https:\/\/med.estrategia.com\/portal\/conteudos-gratis\/doencas\/resumo-sobre-doenca-mista-do-tecido-conjuntivo-definicao-manifestacoes-clinicas-e-mais\/#primaryimage\"},\"image\":{\"@id\":\"https:\/\/med.estrategia.com\/portal\/conteudos-gratis\/doencas\/resumo-sobre-doenca-mista-do-tecido-conjuntivo-definicao-manifestacoes-clinicas-e-mais\/#primaryimage\"},\"thumbnailUrl\":\"https:\/\/med.estrategia.com\/portal\/wp-content\/uploads\/2026\/04\/Doenca-mista-do-tecido-conjuntivo.jpg\",\"datePublished\":\"2026-04-28T18:53:37+00:00\",\"dateModified\":\"2026-04-28T18:53:40+00:00\",\"author\":{\"@id\":\"https:\/\/med.estrategia.com\/portal\/#\/schema\/person\/d67a9b23b48ad79833939ef92444e548\"},\"description\":\"A doen\u00e7a mista do tecido conjuntivo \u00e9 uma condi\u00e7\u00e3o autoimune caracterizada pela sobreposi\u00e7\u00e3o de manifesta\u00e7\u00f5es cl\u00ednicas de doen\u00e7as reumatol\u00f3gicas.\",\"breadcrumb\":{\"@id\":\"https:\/\/med.estrategia.com\/portal\/conteudos-gratis\/doencas\/resumo-sobre-doenca-mista-do-tecido-conjuntivo-definicao-manifestacoes-clinicas-e-mais\/#breadcrumb\"},\"inLanguage\":\"pt-BR\",\"potentialAction\":[{\"@type\":\"ReadAction\",\"target\":[\"https:\/\/med.estrategia.com\/portal\/conteudos-gratis\/doencas\/resumo-sobre-doenca-mista-do-tecido-conjuntivo-definicao-manifestacoes-clinicas-e-mais\/\"]}]},{\"@type\":\"ImageObject\",\"inLanguage\":\"pt-BR\",\"@id\":\"https:\/\/med.estrategia.com\/portal\/conteudos-gratis\/doencas\/resumo-sobre-doenca-mista-do-tecido-conjuntivo-definicao-manifestacoes-clinicas-e-mais\/#primaryimage\",\"url\":\"https:\/\/med.estrategia.com\/portal\/wp-content\/uploads\/2026\/04\/Doenca-mista-do-tecido-conjuntivo.jpg\",\"contentUrl\":\"https:\/\/med.estrategia.com\/portal\/wp-content\/uploads\/2026\/04\/Doenca-mista-do-tecido-conjuntivo.jpg\",\"width\":705,\"height\":530,\"caption\":\"Erup\u00e7\u00e3o malar, com distribui\u00e7\u00e3o em forma de borboleta, em um paciente com doen\u00e7a mista do tecido conjuntivo (DMTC). Fonte: UpToDate\"},{\"@type\":\"BreadcrumbList\",\"@id\":\"https:\/\/med.estrategia.com\/portal\/conteudos-gratis\/doencas\/resumo-sobre-doenca-mista-do-tecido-conjuntivo-definicao-manifestacoes-clinicas-e-mais\/#breadcrumb\",\"itemListElement\":[{\"@type\":\"ListItem\",\"position\":1,\"name\":\"Home\",\"item\":\"https:\/\/med.estrategia.com\/portal\/\"},{\"@type\":\"ListItem\",\"position\":2,\"name\":\"Conte\u00fados Gr\u00e1tis\",\"item\":\"https:\/\/med.estrategia.com\/portal\/conteudos-gratis\/\"},{\"@type\":\"ListItem\",\"position\":3,\"name\":\"Doen\u00e7as\",\"item\":\"https:\/\/med.estrategia.com\/portal\/conteudos-gratis\/doencas\/\"},{\"@type\":\"ListItem\",\"position\":4,\"name\":\"Resumo sobre Doen\u00e7a mista do tecido conjuntivo: defini\u00e7\u00e3o, manifesta\u00e7\u00f5es cl\u00ednicas e mais!\"}]},{\"@type\":\"WebSite\",\"@id\":\"https:\/\/med.estrategia.com\/portal\/#website\",\"url\":\"https:\/\/med.estrategia.com\/portal\/\",\"name\":\"Estrat\u00e9gia MED\",\"description\":\"\",\"potentialAction\":[{\"@type\":\"SearchAction\",\"target\":{\"@type\":\"EntryPoint\",\"urlTemplate\":\"https:\/\/med.estrategia.com\/portal\/?s={search_term_string}\"},\"query-input\":{\"@type\":\"PropertyValueSpecification\",\"valueRequired\":true,\"valueName\":\"search_term_string\"}}],\"inLanguage\":\"pt-BR\"},{\"@type\":\"Person\",\"@id\":\"https:\/\/med.estrategia.com\/portal\/#\/schema\/person\/d67a9b23b48ad79833939ef92444e548\",\"name\":\"Laelson Junior\",\"image\":{\"@type\":\"ImageObject\",\"inLanguage\":\"pt-BR\",\"@id\":\"https:\/\/med.estrategia.com\/portal\/#\/schema\/person\/image\/\",\"url\":\"https:\/\/med.estrategia.com\/portal\/wp-content\/uploads\/2025\/08\/HE4_3032-150x150.jpg\",\"contentUrl\":\"https:\/\/med.estrategia.com\/portal\/wp-content\/uploads\/2025\/08\/HE4_3032-150x150.jpg\",\"caption\":\"Laelson Junior\"},\"description\":\"Estudante de medicina, sergipano morando na Bahia, crist\u00e3o, cin\u00e9filo. Atualmente estou no 11\u00b0 semestre e cada vez mais me surpreendo e admiro o mundo da medicina. Gosto de pegar uma praia sempre e estar em contato com a natureza.\",\"sameAs\":[\"http:\/\/estrategia.com\"],\"url\":\"https:\/\/med.estrategia.com\/portal\/author\/laelson-junior\/\"}]}<\/script>\n<!-- \/ Yoast SEO Premium plugin. -->","yoast_head_json":{"title":"Resumo sobre Doen\u00e7a mista do tecido conjuntivo: defini\u00e7\u00e3o, manifesta\u00e7\u00f5es cl\u00ednicas e mais!","description":"A doen\u00e7a mista do tecido conjuntivo \u00e9 uma condi\u00e7\u00e3o autoimune caracterizada pela sobreposi\u00e7\u00e3o de manifesta\u00e7\u00f5es cl\u00ednicas de doen\u00e7as reumatol\u00f3gicas.","robots":{"index":"index","follow":"follow","max-snippet":"max-snippet:-1","max-image-preview":"max-image-preview:large","max-video-preview":"max-video-preview:-1"},"canonical":"https:\/\/med.estrategia.com\/portal\/conteudos-gratis\/doencas\/resumo-sobre-doenca-mista-do-tecido-conjuntivo-definicao-manifestacoes-clinicas-e-mais\/","og_locale":"pt_BR","og_type":"article","og_title":"Resumo sobre Doen\u00e7a mista do tecido conjuntivo: defini\u00e7\u00e3o, manifesta\u00e7\u00f5es cl\u00ednicas e mais!","og_description":"A doen\u00e7a mista do tecido conjuntivo \u00e9 uma condi\u00e7\u00e3o autoimune caracterizada pela sobreposi\u00e7\u00e3o de manifesta\u00e7\u00f5es cl\u00ednicas de doen\u00e7as reumatol\u00f3gicas.","og_url":"https:\/\/med.estrategia.com\/portal\/conteudos-gratis\/doencas\/resumo-sobre-doenca-mista-do-tecido-conjuntivo-definicao-manifestacoes-clinicas-e-mais\/","og_site_name":"Estrat\u00e9gia MED","article_publisher":"https:\/\/www.facebook.com\/estrategiamed1","article_published_time":"2026-04-28T18:53:37+00:00","article_modified_time":"2026-04-28T18:53:40+00:00","og_image":[{"width":705,"height":530,"url":"https:\/\/med.estrategia.com\/portal\/wp-content\/uploads\/2026\/04\/Doenca-mista-do-tecido-conjuntivo.jpg","type":"image\/jpeg"}],"author":"Laelson Junior","twitter_card":"summary_large_image","twitter_creator":"@estrategiamed_","twitter_site":"@estrategiamed_","twitter_misc":{"Escrito por":"Laelson Junior","Est. tempo de leitura":"13 minutos"},"schema":{"@context":"https:\/\/schema.org","@graph":[{"@type":"WebPage","@id":"https:\/\/med.estrategia.com\/portal\/conteudos-gratis\/doencas\/resumo-sobre-doenca-mista-do-tecido-conjuntivo-definicao-manifestacoes-clinicas-e-mais\/","url":"https:\/\/med.estrategia.com\/portal\/conteudos-gratis\/doencas\/resumo-sobre-doenca-mista-do-tecido-conjuntivo-definicao-manifestacoes-clinicas-e-mais\/","name":"Resumo sobre Doen\u00e7a mista do tecido conjuntivo: defini\u00e7\u00e3o, manifesta\u00e7\u00f5es cl\u00ednicas e mais!","isPartOf":{"@id":"https:\/\/med.estrategia.com\/portal\/#website"},"primaryImageOfPage":{"@id":"https:\/\/med.estrategia.com\/portal\/conteudos-gratis\/doencas\/resumo-sobre-doenca-mista-do-tecido-conjuntivo-definicao-manifestacoes-clinicas-e-mais\/#primaryimage"},"image":{"@id":"https:\/\/med.estrategia.com\/portal\/conteudos-gratis\/doencas\/resumo-sobre-doenca-mista-do-tecido-conjuntivo-definicao-manifestacoes-clinicas-e-mais\/#primaryimage"},"thumbnailUrl":"https:\/\/med.estrategia.com\/portal\/wp-content\/uploads\/2026\/04\/Doenca-mista-do-tecido-conjuntivo.jpg","datePublished":"2026-04-28T18:53:37+00:00","dateModified":"2026-04-28T18:53:40+00:00","author":{"@id":"https:\/\/med.estrategia.com\/portal\/#\/schema\/person\/d67a9b23b48ad79833939ef92444e548"},"description":"A doen\u00e7a mista do tecido conjuntivo \u00e9 uma condi\u00e7\u00e3o autoimune caracterizada pela sobreposi\u00e7\u00e3o de manifesta\u00e7\u00f5es cl\u00ednicas de doen\u00e7as reumatol\u00f3gicas.","breadcrumb":{"@id":"https:\/\/med.estrategia.com\/portal\/conteudos-gratis\/doencas\/resumo-sobre-doenca-mista-do-tecido-conjuntivo-definicao-manifestacoes-clinicas-e-mais\/#breadcrumb"},"inLanguage":"pt-BR","potentialAction":[{"@type":"ReadAction","target":["https:\/\/med.estrategia.com\/portal\/conteudos-gratis\/doencas\/resumo-sobre-doenca-mista-do-tecido-conjuntivo-definicao-manifestacoes-clinicas-e-mais\/"]}]},{"@type":"ImageObject","inLanguage":"pt-BR","@id":"https:\/\/med.estrategia.com\/portal\/conteudos-gratis\/doencas\/resumo-sobre-doenca-mista-do-tecido-conjuntivo-definicao-manifestacoes-clinicas-e-mais\/#primaryimage","url":"https:\/\/med.estrategia.com\/portal\/wp-content\/uploads\/2026\/04\/Doenca-mista-do-tecido-conjuntivo.jpg","contentUrl":"https:\/\/med.estrategia.com\/portal\/wp-content\/uploads\/2026\/04\/Doenca-mista-do-tecido-conjuntivo.jpg","width":705,"height":530,"caption":"Erup\u00e7\u00e3o malar, com distribui\u00e7\u00e3o em forma de borboleta, em um paciente com doen\u00e7a mista do tecido conjuntivo (DMTC). Fonte: UpToDate"},{"@type":"BreadcrumbList","@id":"https:\/\/med.estrategia.com\/portal\/conteudos-gratis\/doencas\/resumo-sobre-doenca-mista-do-tecido-conjuntivo-definicao-manifestacoes-clinicas-e-mais\/#breadcrumb","itemListElement":[{"@type":"ListItem","position":1,"name":"Home","item":"https:\/\/med.estrategia.com\/portal\/"},{"@type":"ListItem","position":2,"name":"Conte\u00fados Gr\u00e1tis","item":"https:\/\/med.estrategia.com\/portal\/conteudos-gratis\/"},{"@type":"ListItem","position":3,"name":"Doen\u00e7as","item":"https:\/\/med.estrategia.com\/portal\/conteudos-gratis\/doencas\/"},{"@type":"ListItem","position":4,"name":"Resumo sobre Doen\u00e7a mista do tecido conjuntivo: defini\u00e7\u00e3o, manifesta\u00e7\u00f5es cl\u00ednicas e mais!"}]},{"@type":"WebSite","@id":"https:\/\/med.estrategia.com\/portal\/#website","url":"https:\/\/med.estrategia.com\/portal\/","name":"Estrat\u00e9gia MED","description":"","potentialAction":[{"@type":"SearchAction","target":{"@type":"EntryPoint","urlTemplate":"https:\/\/med.estrategia.com\/portal\/?s={search_term_string}"},"query-input":{"@type":"PropertyValueSpecification","valueRequired":true,"valueName":"search_term_string"}}],"inLanguage":"pt-BR"},{"@type":"Person","@id":"https:\/\/med.estrategia.com\/portal\/#\/schema\/person\/d67a9b23b48ad79833939ef92444e548","name":"Laelson Junior","image":{"@type":"ImageObject","inLanguage":"pt-BR","@id":"https:\/\/med.estrategia.com\/portal\/#\/schema\/person\/image\/","url":"https:\/\/med.estrategia.com\/portal\/wp-content\/uploads\/2025\/08\/HE4_3032-150x150.jpg","contentUrl":"https:\/\/med.estrategia.com\/portal\/wp-content\/uploads\/2025\/08\/HE4_3032-150x150.jpg","caption":"Laelson Junior"},"description":"Estudante de medicina, sergipano morando na Bahia, crist\u00e3o, cin\u00e9filo. Atualmente estou no 11\u00b0 semestre e cada vez mais me surpreendo e admiro o mundo da medicina. Gosto de pegar uma praia sempre e estar em contato com a natureza.","sameAs":["http:\/\/estrategia.com"],"url":"https:\/\/med.estrategia.com\/portal\/author\/laelson-junior\/"}]}},"_wl_alt_label":[],"wl:entity_url":"\/post\/resumo-sobre-doenca-mista-do-tecido-conjuntivo-definicao-manifestacoes-clinicas-e-mais-109721","_links":{"self":[{"href":"https:\/\/med.estrategia.com\/portal\/wp-json\/wp\/v2\/posts\/109721","targetHints":{"allow":["GET"]}}],"collection":[{"href":"https:\/\/med.estrategia.com\/portal\/wp-json\/wp\/v2\/posts"}],"about":[{"href":"https:\/\/med.estrategia.com\/portal\/wp-json\/wp\/v2\/types\/post"}],"author":[{"embeddable":true,"href":"https:\/\/med.estrategia.com\/portal\/wp-json\/wp\/v2\/users\/53"}],"replies":[{"embeddable":true,"href":"https:\/\/med.estrategia.com\/portal\/wp-json\/wp\/v2\/comments?post=109721"}],"version-history":[{"count":1,"href":"https:\/\/med.estrategia.com\/portal\/wp-json\/wp\/v2\/posts\/109721\/revisions"}],"predecessor-version":[{"id":109723,"href":"https:\/\/med.estrategia.com\/portal\/wp-json\/wp\/v2\/posts\/109721\/revisions\/109723"}],"wp:featuredmedia":[{"embeddable":true,"href":"https:\/\/med.estrategia.com\/portal\/wp-json\/wp\/v2\/media\/109722"}],"wp:attachment":[{"href":"https:\/\/med.estrategia.com\/portal\/wp-json\/wp\/v2\/media?parent=109721"}],"wp:term":[{"taxonomy":"category","embeddable":true,"href":"https:\/\/med.estrategia.com\/portal\/wp-json\/wp\/v2\/categories?post=109721"},{"taxonomy":"post_tag","embeddable":true,"href":"https:\/\/med.estrategia.com\/portal\/wp-json\/wp\/v2\/tags?post=109721"},{"taxonomy":"wl_entity_type","embeddable":true,"href":"https:\/\/med.estrategia.com\/portal\/wp-json\/wp\/v2\/wl_entity_type?post=109721"}],"curies":[{"name":"wp","href":"https:\/\/api.w.org\/{rel}","templated":true}]}}