{"id":109778,"date":"2026-04-29T23:25:30","date_gmt":"2026-04-30T02:25:30","guid":{"rendered":"https:\/\/med.estrategia.com\/portal\/?p=109778"},"modified":"2026-04-30T11:18:39","modified_gmt":"2026-04-30T14:18:39","slug":"resumo-sobre-urticaria-de-pressao-tardia-definicao-manifestacoes-clinicas-e-mais","status":"publish","type":"post","link":"https:\/\/med.estrategia.com\/portal\/conteudos-gratis\/doencas\/resumo-sobre-urticaria-de-pressao-tardia-definicao-manifestacoes-clinicas-e-mais\/","title":{"rendered":"Resumo sobre Urtic\u00e1ria de Press\u00e3o Tardia: defini\u00e7\u00e3o, manifesta\u00e7\u00f5es cl\u00ednicas e mais!"},"content":{"rendered":"<p>E a&iacute;, doc! Vamos explorar mais um tema essencial? Hoje o foco &eacute; a <strong>urtic&aacute;ria de press&atilde;o tardia<\/strong>, uma forma de urtic&aacute;ria f&iacute;sica caracterizada pelo aparecimento de edema doloroso e profundo horas ap&oacute;s a aplica&ccedil;&atilde;o de press&atilde;o prolongada na pele, como ao sentar, caminhar ou usar roupas apertadas, resultante da libera&ccedil;&atilde;o de mediadores inflamat&oacute;rios.<p>O <strong>Estrat&eacute;gia MED<\/strong> est&aacute; aqui para descomplicar esse conceito e ajudar voc&ecirc; a aprofundar seus conhecimentos, promovendo uma pr&aacute;tica cl&iacute;nica cada vez mais eficaz e segura.<\/p><p>Vamos nessa!<\/p><div id=\"ez-toc-container\" class=\"ez-toc-v2_0_79_2 counter-hierarchy ez-toc-counter ez-toc-transparent ez-toc-container-direction\">\n<div class=\"ez-toc-title-container\"><p class=\"ez-toc-title\" style=\"cursor:inherit\">Navegue pelo conte\u00fado<\/p>\n<\/div><nav><ul class='ez-toc-list ez-toc-list-level-1 ' ><li class='ez-toc-page-1 ez-toc-heading-level-2'><a class=\"ez-toc-link ez-toc-heading-1\" href=\"https:\/\/med.estrategia.com\/portal\/conteudos-gratis\/doencas\/resumo-sobre-urticaria-de-pressao-tardia-definicao-manifestacoes-clinicas-e-mais\/#Definicao-de-Urticaria-de-pressao-tardia\" >Defini&ccedil;&atilde;o de Urtic&aacute;ria de press&atilde;o tardia<\/a><\/li><li class='ez-toc-page-1 ez-toc-heading-level-2'><a class=\"ez-toc-link ez-toc-heading-2\" href=\"https:\/\/med.estrategia.com\/portal\/conteudos-gratis\/doencas\/resumo-sobre-urticaria-de-pressao-tardia-definicao-manifestacoes-clinicas-e-mais\/#Fisiopatologia-da-Urticaria-de-pressao-tardia\" >Fisiopatologia da Urtic&aacute;ria de press&atilde;o tardia<\/a><\/li><li class='ez-toc-page-1 ez-toc-heading-level-2'><a class=\"ez-toc-link ez-toc-heading-3\" href=\"https:\/\/med.estrategia.com\/portal\/conteudos-gratis\/doencas\/resumo-sobre-urticaria-de-pressao-tardia-definicao-manifestacoes-clinicas-e-mais\/#Manifestacoes-clinicas-da-Urticaria-de-pressao-tardia\" >Manifesta&ccedil;&otilde;es cl&iacute;nicas da Urtic&aacute;ria de press&atilde;o tardia<\/a><\/li><li class='ez-toc-page-1 ez-toc-heading-level-2'><a class=\"ez-toc-link ez-toc-heading-4\" href=\"https:\/\/med.estrategia.com\/portal\/conteudos-gratis\/doencas\/resumo-sobre-urticaria-de-pressao-tardia-definicao-manifestacoes-clinicas-e-mais\/#Diagnostico-da-Urticaria-de-pressao-tardia\" >Diagn&oacute;stico da Urtic&aacute;ria de press&atilde;o tardia<\/a><\/li><li class='ez-toc-page-1 ez-toc-heading-level-2'><a class=\"ez-toc-link ez-toc-heading-5\" href=\"https:\/\/med.estrategia.com\/portal\/conteudos-gratis\/doencas\/resumo-sobre-urticaria-de-pressao-tardia-definicao-manifestacoes-clinicas-e-mais\/#Tratamento-da-Urticaria-de-pressao-tardia\" >Tratamento da Urtic&aacute;ria de press&atilde;o tardia<\/a><\/li><li class='ez-toc-page-1 ez-toc-heading-level-2'><a class=\"ez-toc-link ez-toc-heading-6\" href=\"https:\/\/med.estrategia.com\/portal\/conteudos-gratis\/doencas\/resumo-sobre-urticaria-de-pressao-tardia-definicao-manifestacoes-clinicas-e-mais\/#Veja-tambem\" >Veja tamb&eacute;m!<\/a><\/li><li class='ez-toc-page-1 ez-toc-heading-level-2'><a class=\"ez-toc-link ez-toc-heading-7\" href=\"https:\/\/med.estrategia.com\/portal\/conteudos-gratis\/doencas\/resumo-sobre-urticaria-de-pressao-tardia-definicao-manifestacoes-clinicas-e-mais\/#Referencias\" >Refer&ecirc;ncias<\/a><\/li><\/ul><\/nav><\/div>\n<h2 class=\"wp-block-heading\" id=\"h-definicao-de-urticaria-de-pressao-tardia\"><span class=\"ez-toc-section\" id=\"Definicao-de-Urticaria-de-pressao-tardia\"><\/span>Defini&ccedil;&atilde;o de Urtic&aacute;ria de press&atilde;o tardia<span class=\"ez-toc-section-end\"><\/span><\/h2><p>A <strong>urtic&aacute;ria de press&atilde;o tardia<\/strong> &eacute; uma forma de urtic&aacute;ria cr&ocirc;nica induzida caracterizada pelo aparecimento <strong>retardado de edema profundo, eritematoso e geralmente doloroso<\/strong> em &aacute;reas da pele submetidas &agrave; <strong>press&atilde;o mec&acirc;nica sustentada<\/strong>.&nbsp;<\/p><p>As les&otilde;es surgem tipicamente <strong>4 a 6 horas ap&oacute;s o est&iacute;mulo<\/strong>, atingem seu pico algumas horas depois e podem <strong>persistir por 8 a 72 horas ou mais<\/strong>.<\/p><p>Diferentemente de outras formas de urtic&aacute;ria, essa condi&ccedil;&atilde;o acomete camadas mais profundas da pele, sendo frequentemente associada a sintomas sist&ecirc;micos, como <strong>mal-estar e fadiga<\/strong>, e podendo impactar significativamente a qualidade de vida.<\/p><h2 class=\"wp-block-heading\" id=\"h-fisiopatologia-da-urticaria-de-pressao-tardia\"><span class=\"ez-toc-section\" id=\"Fisiopatologia-da-Urticaria-de-pressao-tardia\"><\/span>Fisiopatologia da Urtic&aacute;ria de press&atilde;o tardia<span class=\"ez-toc-section-end\"><\/span><\/h2><p>A <strong>fisiopatologia da urtic&aacute;ria de press&atilde;o tardia<\/strong> &eacute; complexa e ainda n&atilde;o totalmente elucidada, envolvendo uma intera&ccedil;&atilde;o entre est&iacute;mulos mec&acirc;nicos e respostas inflamat&oacute;rias cut&acirc;neas profundas.<\/p><p>O processo inicia-se com a <strong>aplica&ccedil;&atilde;o de press&atilde;o mec&acirc;nica sustentada<\/strong>, que desencadeia um fen&ocirc;meno de mecanotransdu&ccedil;&atilde;o: o est&iacute;mulo f&iacute;sico &eacute; convertido em sinais celulares por meio da ativa&ccedil;&atilde;o de canais mecanossens&iacute;veis (como PIEZO), levando &agrave; ativa&ccedil;&atilde;o de c&eacute;lulas cut&acirc;neas, especialmente os mast&oacute;citos.<\/p><p>Os <strong>mast&oacute;citos desempenham papel central<\/strong>, sofrendo degranula&ccedil;&atilde;o e liberando mediadores inflamat&oacute;rios, como histamina, leucotrienos e prostaglandinas. No entanto, a histamina isoladamente n&atilde;o explica completamente o quadro, o que justifica a resposta limitada aos anti-histam&iacute;nicos.<\/p><p>Em seguida, ocorre o recrutamento de <strong>c&eacute;lulas inflamat&oacute;rias<\/strong>, como eosin&oacute;filos, neutr&oacute;filos, linf&oacute;citos e mon&oacute;citos, que infiltram a derme profunda e o tecido subcut&acirc;neo. Esse infiltrado celular contribui para o desenvolvimento de <strong>edema profundo e doloroso<\/strong>, caracter&iacute;stico da doen&ccedil;a.<\/p><p>A resposta inflamat&oacute;ria &eacute; sustentada por diversos <strong>mediadores e citocinas<\/strong>, como IL-1, IL-6, TNF-&alpha; e leucotrienos. A IL-1 e a IL-6 est&atilde;o particularmente relacionadas aos sintomas sist&ecirc;micos, como febre, mal-estar e artralgia.<\/p><p>Outro componente importante &eacute; a participa&ccedil;&atilde;o das <strong>cininas<\/strong>, que contribuem para a dor e a sensa&ccedil;&atilde;o de queima&ccedil;&atilde;o, al&eacute;m de mecanismos vasculares, como aumento da permeabilidade e express&atilde;o de mol&eacute;culas de ades&atilde;o endotelial, facilitando a migra&ccedil;&atilde;o celular para o local da les&atilde;o.<\/p><p>A fisiopatologia tamb&eacute;m apresenta semelhan&ccedil;as com a <strong>rea&ccedil;&atilde;o inflamat&oacute;ria tardia mediada por IgE<\/strong>, caracterizada por in&iacute;cio ap&oacute;s algumas horas do est&iacute;mulo, infiltra&ccedil;&atilde;o celular e manuten&ccedil;&atilde;o prolongada da inflama&ccedil;&atilde;o.<\/p><h2 class=\"wp-block-heading\" id=\"h-manifestacoes-clinicas-da-urticaria-de-pressao-tardia\"><span class=\"ez-toc-section\" id=\"Manifestacoes-clinicas-da-Urticaria-de-pressao-tardia\"><\/span>Manifesta&ccedil;&otilde;es cl&iacute;nicas da Urtic&aacute;ria de press&atilde;o tardia<span class=\"ez-toc-section-end\"><\/span><\/h2><p>As <strong>manifesta&ccedil;&otilde;es cl&iacute;nicas da urtic&aacute;ria de press&atilde;o tardia<\/strong> s&atilde;o caracter&iacute;sticas e diferem de outras formas de urtic&aacute;ria por seu in&iacute;cio retardado e acometimento mais profundo da pele.<\/p><p>O achado principal &eacute; o surgimento de <strong>edema profundo, eritematoso e geralmente doloroso<\/strong> nas &aacute;reas submetidas &agrave; <strong>press&atilde;o mec&acirc;nica sustentada<\/strong>, como ap&oacute;s caminhar, carregar peso, permanecer sentado ou usar roupas apertadas. Diferentemente da urtic&aacute;ria comum, o <strong>prurido &eacute; discreto ou ausente<\/strong>, sendo predominantes a dor e a sensa&ccedil;&atilde;o de queima&ccedil;&atilde;o.<\/p><p>Uma caracter&iacute;stica marcante &eacute; o <strong>in&iacute;cio tardio das les&otilde;es<\/strong>, que aparecem tipicamente entre <strong>4 e 6 horas ap&oacute;s o est&iacute;mulo<\/strong> (podendo variar de minutos at&eacute; v&aacute;rias horas), atingem um pico posteriormente e podem <strong>persistir por 12 a 72 horas ou at&eacute; alguns dias<\/strong>.<\/p><p>As les&otilde;es podem ocorrer em qualquer regi&atilde;o do corpo, mas s&atilde;o mais frequentes em &aacute;reas sujeitas &agrave; press&atilde;o, como <strong>palmas, plantas, membros e regi&otilde;es de apoio<\/strong>.<\/p><p>Al&eacute;m das manifesta&ccedil;&otilde;es cut&acirc;neas, podem ocorrer <strong>sintomas sist&ecirc;micos<\/strong>, especialmente em casos mais extensos ou com m&uacute;ltiplas les&otilde;es, como:<\/p><ul class=\"wp-block-list\">\n<li>mal-estar e fadiga;<\/li>\n\n\n\n<li>febre;<\/li>\n\n\n\n<li>cefaleia;<\/li>\n\n\n\n<li>artralgia;<\/li>\n\n\n\n<li>calafrios.<\/li>\n<\/ul><p>Esses sintomas costumam coincidir com a fase ativa das les&otilde;es e refletem a resposta inflamat&oacute;ria sist&ecirc;mica associada.<\/p><h2 class=\"wp-block-heading\" id=\"h-diagnostico-da-urticaria-de-pressao-tardia\"><span class=\"ez-toc-section\" id=\"Diagnostico-da-Urticaria-de-pressao-tardia\"><\/span>Diagn&oacute;stico da Urtic&aacute;ria de press&atilde;o tardia<span class=\"ez-toc-section-end\"><\/span><\/h2><p>O diagn&oacute;stico &eacute; principalmente <strong>cl&iacute;nico<\/strong>, baseado na hist&oacute;ria t&iacute;pica de aparecimento de les&otilde;es ap&oacute;s press&atilde;o mec&acirc;nica e no seu in&iacute;cio tardio.<\/p><h3 class=\"wp-block-heading\" id=\"h-avaliacao-clinica\">Avalia&ccedil;&atilde;o cl&iacute;nica<\/h3><p>A avalia&ccedil;&atilde;o cl&iacute;nica baseia-se principalmente na anamnese detalhada, buscando identificar o aparecimento de edema profundo e doloroso ap&oacute;s press&atilde;o mec&acirc;nica, como ao caminhar, carregar peso, permanecer sentado por longos per&iacute;odos ou usar roupas apertadas.&nbsp;<\/p><h3 class=\"wp-block-heading\" id=\"h-teste-de-provocacao\">Teste de provoca&ccedil;&atilde;o<\/h3><p>A confirma&ccedil;&atilde;o &eacute; feita por <strong>teste de provoca&ccedil;&atilde;o com press&atilde;o<\/strong>, que reproduz a les&atilde;o:<\/p><ul class=\"wp-block-list\">\n<li>aplica&ccedil;&atilde;o de press&atilde;o ou peso sobre a pele (antebra&ccedil;o, dorso ou ombro);<\/li>\n\n\n\n<li>principais m&eacute;todos:\n<ul class=\"wp-block-list\">\n<li>peso de aproximadamente 4 kg por alguns minutos;<\/li>\n\n\n\n<li>dermograf&ocirc;metro com press&atilde;o padronizada;<\/li>\n\n\n\n<li>dispositivos calibrados.<\/li>\n<\/ul>\n<\/li>\n<\/ul><p>A leitura deve ser feita ap&oacute;s <strong>4 a 6 horas<\/strong>, sendo positiva quando ocorre <strong>edema eritematoso no local<\/strong>.<\/p><p>Esse teste tamb&eacute;m pode avaliar o <strong>limiar individual de sensibilidade &agrave; press&atilde;o<\/strong>.<\/p><h3 class=\"wp-block-heading\" id=\"h-exames-laboratoriais\">Exames laboratoriais<\/h3><p>N&atilde;o s&atilde;o espec&iacute;ficos, mas podem mostrar:<\/p><ul class=\"wp-block-list\">\n<li>leucocitose;<\/li>\n\n\n\n<li>eleva&ccedil;&atilde;o da velocidade de hemossedimenta&ccedil;&atilde;o (VHS).<\/li>\n<\/ul><p>Servem apenas como apoio ao diagn&oacute;stico cl&iacute;nico.<\/p><h3 class=\"wp-block-heading\" id=\"h-histologia-quando-realizada\">Histologia (quando realizada)<\/h3><p>A bi&oacute;psia n&atilde;o &eacute; obrigat&oacute;ria, mas pode evidenciar:<\/p><ul class=\"wp-block-list\">\n<li>edema da derme profunda;<\/li>\n\n\n\n<li>infiltrado inflamat&oacute;rio (eosin&oacute;filos, neutr&oacute;filos e linf&oacute;citos).<\/li>\n<\/ul><p>Os achados variam conforme o tempo de evolu&ccedil;&atilde;o da les&atilde;o.<\/p><h2 class=\"wp-block-heading\" id=\"h-tratamento-da-urticaria-de-pressao-tardia\"><span class=\"ez-toc-section\" id=\"Tratamento-da-Urticaria-de-pressao-tardia\"><\/span>Tratamento da Urtic&aacute;ria de press&atilde;o tardia<span class=\"ez-toc-section-end\"><\/span><\/h2><p>O tratamento da urtic&aacute;ria de press&atilde;o tardia &eacute; frequentemente <strong>desafiador e, muitas vezes, insatisfat&oacute;rio<\/strong>, exigindo abordagem individualizada e combina&ccedil;&atilde;o de medidas.<\/p><h3 class=\"wp-block-heading\" id=\"h-medidas-gerais\">Medidas gerais<\/h3><p>A base do manejo &eacute; a <strong>orienta&ccedil;&atilde;o para evitar fatores desencadeantes<\/strong>, especialmente situa&ccedil;&otilde;es que envolvam <strong>press&atilde;o prolongada ou intensa sobre a pele<\/strong>, como carregar peso, permanecer muito tempo em uma mesma posi&ccedil;&atilde;o ou usar roupas apertadas.<\/p><h3 class=\"wp-block-heading\" id=\"h-anti-histaminicos\">Anti-histam&iacute;nicos<\/h3><p>Os <strong>anti-histam&iacute;nicos H1<\/strong> s&atilde;o frequentemente utilizados, por&eacute;m apresentam <strong>efic&aacute;cia limitada<\/strong>, j&aacute; que a histamina n&atilde;o &eacute; o &uacute;nico mediador envolvido na doen&ccedil;a. Ainda assim, podem ser &uacute;teis, principalmente quando h&aacute; <strong>urtic&aacute;ria cr&ocirc;nica associada<\/strong>, ajudando a controlar les&otilde;es mais superficiais. A associa&ccedil;&atilde;o com anti-H2 pode potencializar o efeito em alguns casos.<\/p><h3 class=\"wp-block-heading\" id=\"h-anti-inflamatorios-nao-esteroidais-aines\">Anti-inflamat&oacute;rios n&atilde;o esteroidais (AINEs)<\/h3><p>Os AINEs podem trazer benef&iacute;cio em alguns pacientes, provavelmente por atuarem sobre mediadores inflamat&oacute;rios. No entanto, devem ser usados com cautela, pois podem <strong>exacerbar urtic&aacute;ria cr&ocirc;nica associada<\/strong>.<\/p><h3 class=\"wp-block-heading\" id=\"h-corticosteroides\">Corticoster&oacute;ides<\/h3><p>Os <strong>corticosteroides sist&ecirc;micos<\/strong> podem ser indicados em casos mais graves, geralmente em esquemas de curta dura&ccedil;&atilde;o ou em dias alternados. Seu uso prolongado &eacute; limitado devido aos <strong>efeitos adversos<\/strong>. Corticosteroides t&oacute;picos potentes podem reduzir a resposta local &agrave; press&atilde;o em &aacute;reas espec&iacute;ficas.<\/p><h3 class=\"wp-block-heading\" id=\"h-terapias-alternativas\">Terapias alternativas<\/h3><p>Nos casos refrat&aacute;rios, outras op&ccedil;&otilde;es podem ser utilizadas, como:<\/p><ul class=\"wp-block-list\">\n<li>dapsona;<\/li>\n\n\n\n<li>sulfassalazina;<\/li>\n\n\n\n<li>colchicina;<\/li>\n\n\n\n<li>montelucaste;<\/li>\n\n\n\n<li>imunoglobulina intravenosa;<\/li>\n\n\n\n<li>omalizumabe.<\/li>\n<\/ul><p>Essas terapias atuam em diferentes pontos da resposta inflamat&oacute;ria e s&atilde;o reservadas para casos mais graves ou resistentes ao tratamento convencional.<\/p><h2 class=\"wp-block-heading\" id=\"h-veja-tambem\"><span class=\"ez-toc-section\" id=\"Veja-tambem\"><\/span>Veja tamb&eacute;m!<span class=\"ez-toc-section-end\"><\/span><\/h2><ul class=\"wp-block-list\">\n<li><a href=\"https:\/\/med.estrategia.com\/portal\/conteudos-gratis\/doencas\/resumo-sobre-hidradenite-supurativa-definicao-manifestacoes-clinicas-e-mais\/\">Resumo sobre Hidradenite Supurativa: defini&ccedil;&atilde;o, manifesta&ccedil;&otilde;es cl&iacute;nicas e mais!<\/a><\/li>\n\n\n\n<li><a href=\"https:\/\/med.estrategia.com\/portal\/conteudos-gratis\/doencas\/resumo-sobre-eritema-nodoso-definicao-manifestacoes-clinicas-e-mais\/\">Resumo sobre Eritema Nodoso: defini&ccedil;&atilde;o, manifesta&ccedil;&otilde;es cl&iacute;nicas e mais!<\/a><\/li>\n\n\n\n<li><a href=\"https:\/\/med.estrategia.com\/portal\/conteudos-gratis\/doencas\/sindrome-de-nicolau-definicao-fisiopatologia-e-mais\/\">Resumo sobre S&iacute;ndrome de Nicolau: defini&ccedil;&atilde;o, fisiopatologia e mais!<\/a><\/li>\n\n\n\n<li><a href=\"https:\/\/med.estrategia.com\/portal\/conteudos-gratis\/doencas\/resumo-sobre-eritromelalgia-definicao-manifestacoes-clinicas-e-mais\/\">Resumo sobre Eritromelalgia: defini&ccedil;&atilde;o, manifesta&ccedil;&otilde;es cl&iacute;nicas e mais!<\/a><\/li>\n\n\n\n<li><a href=\"https:\/\/med.estrategia.com\/portal\/conteudos-gratis\/doencas\/resumo-sobre-xantomas-definicao-fisiopatologia-e-mais\/\">Resumo sobre Xantomas: defini&ccedil;&atilde;o, fisiopatologia e mais!<\/a><\/li>\n\n\n\n<li><a href=\"https:\/\/med.estrategia.com\/portal\/conteudos-gratis\/doencas\/resumo-sobre-dermografismo-definicao-manifestacoes-clinicas-e-mais\/\">Resumo sobre Dermografismo: defini&ccedil;&atilde;o, manifesta&ccedil;&otilde;es cl&iacute;nicas e mais!<\/a><\/li>\n\n\n\n<li><a href=\"https:\/\/med.estrategia.com\/portal\/conteudos-gratis\/doencas\/resumo-sobre-urticaria-ao-frio-definicao-manifestacoes-clinicas-e-mais\/\">Resumo sobre Urtic&aacute;ria ao frio: defini&ccedil;&atilde;o, manifesta&ccedil;&otilde;es cl&iacute;nicas e mais!<\/a><\/li>\n\n\n\n<li><a href=\"https:\/\/med.estrategia.com\/portal\/conteudos-gratis\/doencas\/resumo-sobre-intolerancia-a-histamina-definicao-manifestacoes-clinicas-e-mais\/\">Resumo sobre Intoler&acirc;ncia &agrave; histamina: defini&ccedil;&atilde;o, manifesta&ccedil;&otilde;es cl&iacute;nicas e mais!<\/a><\/li>\n\n\n\n<li><a href=\"https:\/\/med.estrategia.com\/portal\/conteudos-gratis\/doencas\/resumo-sobre-mastocitose-cutanea-definicao-manifestacoes-clinicas-e-mais\/\">Resumo sobre Mastocitose Cut&acirc;nea: defini&ccedil;&atilde;o, manifesta&ccedil;&otilde;es cl&iacute;nicas e mais!<\/a><\/li>\n<\/ul><h2 class=\"wp-block-heading\" id=\"h-referencias\"><span class=\"ez-toc-section\" id=\"Referencias\"><\/span>Refer&ecirc;ncias<span class=\"ez-toc-section-end\"><\/span><\/h2><p>KULTHANAN, Kanokvalai et al. Pathophysiological insights into delayed pressure urticaria: a comprehensive review. <em>Asian Pacific Journal of Allergy and Immunology<\/em>, v. 43, n. 3, p. 382&ndash;402, 2025. DOI:<a href=\"https:\/\/doi.org\/10.12932\/ap-130825-2133\" target=\"_blank\" rel=\"noopener noreferrer\"> https:\/\/doi.org\/10.12932\/ap-130825-2133<\/a>.<\/p><p>PIRES, Andr&eacute;a H. S.; VALLE, Solange O. R.; PRIOLI, Renata N. T.; FRAN&Ccedil;A, Alfeu T. Urtic&aacute;ria de press&atilde;o tardia. <em>Revista Brasileira de Alergia e Imunopatologia<\/em>, v. 30, n. 5, p. 183&ndash;186, 2007.<\/p><\/p>\n","protected":false},"excerpt":{"rendered":"E a&iacute;, doc! Vamos explorar mais um tema essencial? Hoje o foco &eacute; a urtic&aacute;ria de press&atilde;o tardia,&hellip;\n","protected":false},"author":53,"featured_media":109779,"comment_status":"closed","ping_status":"closed","sticky":false,"template":"","format":"standard","meta":{"wl_entities_gutenberg":"","footnotes":""},"categories":[304],"tags":[60],"wl_entity_type":[199],"class_list":{"0":"post-109778","1":"post","2":"type-post","3":"status-publish","4":"format-standard","5":"has-post-thumbnail","7":"category-doencas","8":"tag-dermatologia","9":"wl_entity_type-article"},"acf":[],"yoast_head":"<!-- This site is optimized with the Yoast SEO Premium plugin v26.6 (Yoast SEO v26.6) - https:\/\/yoast.com\/wordpress\/plugins\/seo\/ -->\n<title>Resumo sobre Urtic\u00e1ria de Press\u00e3o Tardia: defini\u00e7\u00e3o, manifesta\u00e7\u00f5es cl\u00ednicas e mais!<\/title>\n<meta name=\"description\" content=\"A urtic\u00e1ria de press\u00e3o tardia \u00e9 uma forma caracterizada pelo aparecimento de edema doloroso e profundo horas ap\u00f3s press\u00e3o prolongada na pele. Veja!\" \/>\n<meta name=\"robots\" content=\"index, follow, max-snippet:-1, max-image-preview:large, max-video-preview:-1\" \/>\n<link rel=\"canonical\" href=\"https:\/\/med.estrategia.com\/portal\/conteudos-gratis\/doencas\/resumo-sobre-urticaria-de-pressao-tardia-definicao-manifestacoes-clinicas-e-mais\/\" \/>\n<meta property=\"og:locale\" content=\"pt_BR\" \/>\n<meta property=\"og:type\" content=\"article\" \/>\n<meta property=\"og:title\" content=\"Resumo sobre Urtic\u00e1ria de Press\u00e3o Tardia: defini\u00e7\u00e3o, manifesta\u00e7\u00f5es cl\u00ednicas e mais!\" \/>\n<meta property=\"og:description\" content=\"A urtic\u00e1ria de press\u00e3o tardia \u00e9 uma forma caracterizada pelo aparecimento de edema doloroso e profundo horas ap\u00f3s press\u00e3o prolongada na pele. Veja!\" \/>\n<meta property=\"og:url\" content=\"https:\/\/med.estrategia.com\/portal\/conteudos-gratis\/doencas\/resumo-sobre-urticaria-de-pressao-tardia-definicao-manifestacoes-clinicas-e-mais\/\" \/>\n<meta property=\"og:site_name\" content=\"Estrat\u00e9gia MED\" \/>\n<meta property=\"article:publisher\" content=\"https:\/\/www.facebook.com\/estrategiamed1\" \/>\n<meta property=\"article:published_time\" content=\"2026-04-30T02:25:30+00:00\" \/>\n<meta property=\"article:modified_time\" content=\"2026-04-30T14:18:39+00:00\" \/>\n<meta property=\"og:image\" content=\"https:\/\/med.estrategia.com\/portal\/wp-content\/uploads\/2026\/04\/Urticaria-por-pressao.jpg\" \/>\n\t<meta property=\"og:image:width\" content=\"534\" \/>\n\t<meta property=\"og:image:height\" content=\"371\" \/>\n\t<meta property=\"og:image:type\" content=\"image\/jpeg\" \/>\n<meta name=\"author\" content=\"Laelson Junior\" \/>\n<meta name=\"twitter:card\" content=\"summary_large_image\" \/>\n<meta name=\"twitter:creator\" content=\"@estrategiamed_\" \/>\n<meta name=\"twitter:site\" content=\"@estrategiamed_\" \/>\n<meta name=\"twitter:label1\" content=\"Escrito por\" \/>\n\t<meta name=\"twitter:data1\" content=\"Laelson Junior\" \/>\n\t<meta name=\"twitter:label2\" content=\"Est. tempo de leitura\" \/>\n\t<meta name=\"twitter:data2\" content=\"7 minutos\" \/>\n<script type=\"application\/ld+json\" class=\"yoast-schema-graph\">{\"@context\":\"https:\/\/schema.org\",\"@graph\":[{\"@type\":\"WebPage\",\"@id\":\"https:\/\/med.estrategia.com\/portal\/conteudos-gratis\/doencas\/resumo-sobre-urticaria-de-pressao-tardia-definicao-manifestacoes-clinicas-e-mais\/\",\"url\":\"https:\/\/med.estrategia.com\/portal\/conteudos-gratis\/doencas\/resumo-sobre-urticaria-de-pressao-tardia-definicao-manifestacoes-clinicas-e-mais\/\",\"name\":\"Resumo sobre Urtic\u00e1ria de Press\u00e3o Tardia: defini\u00e7\u00e3o, manifesta\u00e7\u00f5es cl\u00ednicas e mais!\",\"isPartOf\":{\"@id\":\"https:\/\/med.estrategia.com\/portal\/#website\"},\"primaryImageOfPage\":{\"@id\":\"https:\/\/med.estrategia.com\/portal\/conteudos-gratis\/doencas\/resumo-sobre-urticaria-de-pressao-tardia-definicao-manifestacoes-clinicas-e-mais\/#primaryimage\"},\"image\":{\"@id\":\"https:\/\/med.estrategia.com\/portal\/conteudos-gratis\/doencas\/resumo-sobre-urticaria-de-pressao-tardia-definicao-manifestacoes-clinicas-e-mais\/#primaryimage\"},\"thumbnailUrl\":\"https:\/\/med.estrategia.com\/portal\/wp-content\/uploads\/2026\/04\/Urticaria-por-pressao.jpg\",\"datePublished\":\"2026-04-30T02:25:30+00:00\",\"dateModified\":\"2026-04-30T14:18:39+00:00\",\"author\":{\"@id\":\"https:\/\/med.estrategia.com\/portal\/#\/schema\/person\/d67a9b23b48ad79833939ef92444e548\"},\"description\":\"A urtic\u00e1ria de press\u00e3o tardia \u00e9 uma forma caracterizada pelo aparecimento de edema doloroso e profundo horas ap\u00f3s press\u00e3o prolongada na pele. Veja!\",\"breadcrumb\":{\"@id\":\"https:\/\/med.estrategia.com\/portal\/conteudos-gratis\/doencas\/resumo-sobre-urticaria-de-pressao-tardia-definicao-manifestacoes-clinicas-e-mais\/#breadcrumb\"},\"inLanguage\":\"pt-BR\",\"potentialAction\":[{\"@type\":\"ReadAction\",\"target\":[\"https:\/\/med.estrategia.com\/portal\/conteudos-gratis\/doencas\/resumo-sobre-urticaria-de-pressao-tardia-definicao-manifestacoes-clinicas-e-mais\/\"]}]},{\"@type\":\"ImageObject\",\"inLanguage\":\"pt-BR\",\"@id\":\"https:\/\/med.estrategia.com\/portal\/conteudos-gratis\/doencas\/resumo-sobre-urticaria-de-pressao-tardia-definicao-manifestacoes-clinicas-e-mais\/#primaryimage\",\"url\":\"https:\/\/med.estrategia.com\/portal\/wp-content\/uploads\/2026\/04\/Urticaria-por-pressao.jpg\",\"contentUrl\":\"https:\/\/med.estrategia.com\/portal\/wp-content\/uploads\/2026\/04\/Urticaria-por-pressao.jpg\",\"width\":534,\"height\":371,\"caption\":\"Fonte: Magnific\"},{\"@type\":\"BreadcrumbList\",\"@id\":\"https:\/\/med.estrategia.com\/portal\/conteudos-gratis\/doencas\/resumo-sobre-urticaria-de-pressao-tardia-definicao-manifestacoes-clinicas-e-mais\/#breadcrumb\",\"itemListElement\":[{\"@type\":\"ListItem\",\"position\":1,\"name\":\"Home\",\"item\":\"https:\/\/med.estrategia.com\/portal\/\"},{\"@type\":\"ListItem\",\"position\":2,\"name\":\"Conte\u00fados Gr\u00e1tis\",\"item\":\"https:\/\/med.estrategia.com\/portal\/conteudos-gratis\/\"},{\"@type\":\"ListItem\",\"position\":3,\"name\":\"Doen\u00e7as\",\"item\":\"https:\/\/med.estrategia.com\/portal\/conteudos-gratis\/doencas\/\"},{\"@type\":\"ListItem\",\"position\":4,\"name\":\"Resumo sobre Urtic\u00e1ria de Press\u00e3o Tardia: defini\u00e7\u00e3o, manifesta\u00e7\u00f5es cl\u00ednicas e mais!\"}]},{\"@type\":\"WebSite\",\"@id\":\"https:\/\/med.estrategia.com\/portal\/#website\",\"url\":\"https:\/\/med.estrategia.com\/portal\/\",\"name\":\"Estrat\u00e9gia MED\",\"description\":\"\",\"potentialAction\":[{\"@type\":\"SearchAction\",\"target\":{\"@type\":\"EntryPoint\",\"urlTemplate\":\"https:\/\/med.estrategia.com\/portal\/?s={search_term_string}\"},\"query-input\":{\"@type\":\"PropertyValueSpecification\",\"valueRequired\":true,\"valueName\":\"search_term_string\"}}],\"inLanguage\":\"pt-BR\"},{\"@type\":\"Person\",\"@id\":\"https:\/\/med.estrategia.com\/portal\/#\/schema\/person\/d67a9b23b48ad79833939ef92444e548\",\"name\":\"Laelson Junior\",\"image\":{\"@type\":\"ImageObject\",\"inLanguage\":\"pt-BR\",\"@id\":\"https:\/\/med.estrategia.com\/portal\/#\/schema\/person\/image\/\",\"url\":\"https:\/\/med.estrategia.com\/portal\/wp-content\/uploads\/2025\/08\/HE4_3032-150x150.jpg\",\"contentUrl\":\"https:\/\/med.estrategia.com\/portal\/wp-content\/uploads\/2025\/08\/HE4_3032-150x150.jpg\",\"caption\":\"Laelson Junior\"},\"description\":\"Estudante de medicina, sergipano morando na Bahia, crist\u00e3o, cin\u00e9filo. Atualmente estou no 11\u00b0 semestre e cada vez mais me surpreendo e admiro o mundo da medicina. Gosto de pegar uma praia sempre e estar em contato com a natureza.\",\"sameAs\":[\"http:\/\/estrategia.com\"],\"url\":\"https:\/\/med.estrategia.com\/portal\/author\/laelson-junior\/\"}]}<\/script>\n<!-- \/ Yoast SEO Premium plugin. -->","yoast_head_json":{"title":"Resumo sobre Urtic\u00e1ria de Press\u00e3o Tardia: defini\u00e7\u00e3o, manifesta\u00e7\u00f5es cl\u00ednicas e mais!","description":"A urtic\u00e1ria de press\u00e3o tardia \u00e9 uma forma caracterizada pelo aparecimento de edema doloroso e profundo horas ap\u00f3s press\u00e3o prolongada na pele. Veja!","robots":{"index":"index","follow":"follow","max-snippet":"max-snippet:-1","max-image-preview":"max-image-preview:large","max-video-preview":"max-video-preview:-1"},"canonical":"https:\/\/med.estrategia.com\/portal\/conteudos-gratis\/doencas\/resumo-sobre-urticaria-de-pressao-tardia-definicao-manifestacoes-clinicas-e-mais\/","og_locale":"pt_BR","og_type":"article","og_title":"Resumo sobre Urtic\u00e1ria de Press\u00e3o Tardia: defini\u00e7\u00e3o, manifesta\u00e7\u00f5es cl\u00ednicas e mais!","og_description":"A urtic\u00e1ria de press\u00e3o tardia \u00e9 uma forma caracterizada pelo aparecimento de edema doloroso e profundo horas ap\u00f3s press\u00e3o prolongada na pele. Veja!","og_url":"https:\/\/med.estrategia.com\/portal\/conteudos-gratis\/doencas\/resumo-sobre-urticaria-de-pressao-tardia-definicao-manifestacoes-clinicas-e-mais\/","og_site_name":"Estrat\u00e9gia MED","article_publisher":"https:\/\/www.facebook.com\/estrategiamed1","article_published_time":"2026-04-30T02:25:30+00:00","article_modified_time":"2026-04-30T14:18:39+00:00","og_image":[{"width":534,"height":371,"url":"https:\/\/med.estrategia.com\/portal\/wp-content\/uploads\/2026\/04\/Urticaria-por-pressao.jpg","type":"image\/jpeg"}],"author":"Laelson Junior","twitter_card":"summary_large_image","twitter_creator":"@estrategiamed_","twitter_site":"@estrategiamed_","twitter_misc":{"Escrito por":"Laelson Junior","Est. tempo de leitura":"7 minutos"},"schema":{"@context":"https:\/\/schema.org","@graph":[{"@type":"WebPage","@id":"https:\/\/med.estrategia.com\/portal\/conteudos-gratis\/doencas\/resumo-sobre-urticaria-de-pressao-tardia-definicao-manifestacoes-clinicas-e-mais\/","url":"https:\/\/med.estrategia.com\/portal\/conteudos-gratis\/doencas\/resumo-sobre-urticaria-de-pressao-tardia-definicao-manifestacoes-clinicas-e-mais\/","name":"Resumo sobre Urtic\u00e1ria de Press\u00e3o Tardia: defini\u00e7\u00e3o, manifesta\u00e7\u00f5es cl\u00ednicas e mais!","isPartOf":{"@id":"https:\/\/med.estrategia.com\/portal\/#website"},"primaryImageOfPage":{"@id":"https:\/\/med.estrategia.com\/portal\/conteudos-gratis\/doencas\/resumo-sobre-urticaria-de-pressao-tardia-definicao-manifestacoes-clinicas-e-mais\/#primaryimage"},"image":{"@id":"https:\/\/med.estrategia.com\/portal\/conteudos-gratis\/doencas\/resumo-sobre-urticaria-de-pressao-tardia-definicao-manifestacoes-clinicas-e-mais\/#primaryimage"},"thumbnailUrl":"https:\/\/med.estrategia.com\/portal\/wp-content\/uploads\/2026\/04\/Urticaria-por-pressao.jpg","datePublished":"2026-04-30T02:25:30+00:00","dateModified":"2026-04-30T14:18:39+00:00","author":{"@id":"https:\/\/med.estrategia.com\/portal\/#\/schema\/person\/d67a9b23b48ad79833939ef92444e548"},"description":"A urtic\u00e1ria de press\u00e3o tardia \u00e9 uma forma caracterizada pelo aparecimento de edema doloroso e profundo horas ap\u00f3s press\u00e3o prolongada na pele. Veja!","breadcrumb":{"@id":"https:\/\/med.estrategia.com\/portal\/conteudos-gratis\/doencas\/resumo-sobre-urticaria-de-pressao-tardia-definicao-manifestacoes-clinicas-e-mais\/#breadcrumb"},"inLanguage":"pt-BR","potentialAction":[{"@type":"ReadAction","target":["https:\/\/med.estrategia.com\/portal\/conteudos-gratis\/doencas\/resumo-sobre-urticaria-de-pressao-tardia-definicao-manifestacoes-clinicas-e-mais\/"]}]},{"@type":"ImageObject","inLanguage":"pt-BR","@id":"https:\/\/med.estrategia.com\/portal\/conteudos-gratis\/doencas\/resumo-sobre-urticaria-de-pressao-tardia-definicao-manifestacoes-clinicas-e-mais\/#primaryimage","url":"https:\/\/med.estrategia.com\/portal\/wp-content\/uploads\/2026\/04\/Urticaria-por-pressao.jpg","contentUrl":"https:\/\/med.estrategia.com\/portal\/wp-content\/uploads\/2026\/04\/Urticaria-por-pressao.jpg","width":534,"height":371,"caption":"Fonte: Magnific"},{"@type":"BreadcrumbList","@id":"https:\/\/med.estrategia.com\/portal\/conteudos-gratis\/doencas\/resumo-sobre-urticaria-de-pressao-tardia-definicao-manifestacoes-clinicas-e-mais\/#breadcrumb","itemListElement":[{"@type":"ListItem","position":1,"name":"Home","item":"https:\/\/med.estrategia.com\/portal\/"},{"@type":"ListItem","position":2,"name":"Conte\u00fados Gr\u00e1tis","item":"https:\/\/med.estrategia.com\/portal\/conteudos-gratis\/"},{"@type":"ListItem","position":3,"name":"Doen\u00e7as","item":"https:\/\/med.estrategia.com\/portal\/conteudos-gratis\/doencas\/"},{"@type":"ListItem","position":4,"name":"Resumo sobre Urtic\u00e1ria de Press\u00e3o Tardia: defini\u00e7\u00e3o, manifesta\u00e7\u00f5es cl\u00ednicas e mais!"}]},{"@type":"WebSite","@id":"https:\/\/med.estrategia.com\/portal\/#website","url":"https:\/\/med.estrategia.com\/portal\/","name":"Estrat\u00e9gia MED","description":"","potentialAction":[{"@type":"SearchAction","target":{"@type":"EntryPoint","urlTemplate":"https:\/\/med.estrategia.com\/portal\/?s={search_term_string}"},"query-input":{"@type":"PropertyValueSpecification","valueRequired":true,"valueName":"search_term_string"}}],"inLanguage":"pt-BR"},{"@type":"Person","@id":"https:\/\/med.estrategia.com\/portal\/#\/schema\/person\/d67a9b23b48ad79833939ef92444e548","name":"Laelson Junior","image":{"@type":"ImageObject","inLanguage":"pt-BR","@id":"https:\/\/med.estrategia.com\/portal\/#\/schema\/person\/image\/","url":"https:\/\/med.estrategia.com\/portal\/wp-content\/uploads\/2025\/08\/HE4_3032-150x150.jpg","contentUrl":"https:\/\/med.estrategia.com\/portal\/wp-content\/uploads\/2025\/08\/HE4_3032-150x150.jpg","caption":"Laelson Junior"},"description":"Estudante de medicina, sergipano morando na Bahia, crist\u00e3o, cin\u00e9filo. Atualmente estou no 11\u00b0 semestre e cada vez mais me surpreendo e admiro o mundo da medicina. Gosto de pegar uma praia sempre e estar em contato com a natureza.","sameAs":["http:\/\/estrategia.com"],"url":"https:\/\/med.estrategia.com\/portal\/author\/laelson-junior\/"}]}},"_wl_alt_label":[],"wl:entity_url":"\/post\/resumo-sobre-urticaria-de-pressao-tardia-definicao-manifestacoes-clinicas-e-mais-109778","_links":{"self":[{"href":"https:\/\/med.estrategia.com\/portal\/wp-json\/wp\/v2\/posts\/109778","targetHints":{"allow":["GET"]}}],"collection":[{"href":"https:\/\/med.estrategia.com\/portal\/wp-json\/wp\/v2\/posts"}],"about":[{"href":"https:\/\/med.estrategia.com\/portal\/wp-json\/wp\/v2\/types\/post"}],"author":[{"embeddable":true,"href":"https:\/\/med.estrategia.com\/portal\/wp-json\/wp\/v2\/users\/53"}],"replies":[{"embeddable":true,"href":"https:\/\/med.estrategia.com\/portal\/wp-json\/wp\/v2\/comments?post=109778"}],"version-history":[{"count":2,"href":"https:\/\/med.estrategia.com\/portal\/wp-json\/wp\/v2\/posts\/109778\/revisions"}],"predecessor-version":[{"id":109801,"href":"https:\/\/med.estrategia.com\/portal\/wp-json\/wp\/v2\/posts\/109778\/revisions\/109801"}],"wp:featuredmedia":[{"embeddable":true,"href":"https:\/\/med.estrategia.com\/portal\/wp-json\/wp\/v2\/media\/109779"}],"wp:attachment":[{"href":"https:\/\/med.estrategia.com\/portal\/wp-json\/wp\/v2\/media?parent=109778"}],"wp:term":[{"taxonomy":"category","embeddable":true,"href":"https:\/\/med.estrategia.com\/portal\/wp-json\/wp\/v2\/categories?post=109778"},{"taxonomy":"post_tag","embeddable":true,"href":"https:\/\/med.estrategia.com\/portal\/wp-json\/wp\/v2\/tags?post=109778"},{"taxonomy":"wl_entity_type","embeddable":true,"href":"https:\/\/med.estrategia.com\/portal\/wp-json\/wp\/v2\/wl_entity_type?post=109778"}],"curies":[{"name":"wp","href":"https:\/\/api.w.org\/{rel}","templated":true}]}}