{"id":109945,"date":"2026-09-03T19:53:30","date_gmt":"2026-09-03T22:53:30","guid":{"rendered":"https:\/\/med.estrategia.com\/portal\/?p=109945"},"modified":"2026-09-03T20:17:18","modified_gmt":"2026-09-03T23:17:18","slug":"amrigs-edital-residencia-medica-2027","status":"publish","type":"post","link":"https:\/\/med.estrategia.com\/portal\/noticias\/amrigs-edital-residencia-medica-2027\/","title":{"rendered":"AMRIGS divulga edital de sele\u00e7\u00e3o unificada para resid\u00eancia m\u00e9dica em 2027"},"content":{"rendered":"<p class=\"wp-block-paragraph\">A <strong>Associa&ccedil;&atilde;o M&eacute;dica do Rio Grande do Sul (<a href=\"https:\/\/med.estrategia.com\/portal\/residencia-medica\/amrigs-rs-residencia-medica\/\" target=\"_blank\">AMRIGS<\/a>) <\/strong>divulgou o edital da nova edi&ccedil;&atilde;o de seu processo seletivo unificado para resid&ecirc;ncia m&eacute;dica, que prev&ecirc; o ingresso dos aprovados em programas ofertados pelas institui&ccedil;&otilde;es participantes em 2027. Com a publica&ccedil;&atilde;o oficial realizada em 3 de setembro, o certame abre o per&iacute;odo de <strong>inscri&ccedil;&otilde;es entre os dias 9 de setembro e 19 de outubro<\/strong>, e conta com uma <strong>taxa de participa&ccedil;&atilde;o<\/strong> que varia conforme o n&uacute;mero associa&ccedil;&otilde;es m&eacute;dicas, <strong>mais a taxa de inscri&ccedil;&atilde;o das institui&ccedil;&otilde;es escolhidas<\/strong>. <p class=\"wp-block-paragraph\">O exame AMRIGS &eacute; constitu&iacute;do por uma &uacute;nica etapa, prova objetiva, por&eacute;m, as institui&ccedil;&otilde;es participantes podem optar por avaliar os seus candidatos a partir de etapas extras, como an&aacute;lise curricular.<\/p><div id=\"ez-toc-container\" class=\"ez-toc-v2_0_86 counter-hierarchy ez-toc-counter ez-toc-transparent ez-toc-container-direction\">\n<div class=\"ez-toc-title-container\"><p class=\"ez-toc-title\" style=\"cursor:inherit\">Navegue pelo conte\u00fado<\/p>\n<\/div><nav><ul class='ez-toc-list ez-toc-list-level-1 ' ><li class='ez-toc-page-1 ez-toc-heading-level-2'><a class=\"ez-toc-link ez-toc-heading-1\" href=\"https:\/\/med.estrategia.com\/portal\/noticias\/amrigs-edital-residencia-medica-2027\/#Principais-datas-%E2%80%93-AMRIGS-2027\" >Principais datas &ndash; AMRIGS 2027<\/a><\/li><li class='ez-toc-page-1 ez-toc-heading-level-2'><a class=\"ez-toc-link ez-toc-heading-2\" href=\"https:\/\/med.estrategia.com\/portal\/noticias\/amrigs-edital-residencia-medica-2027\/#Taxa-de-Inscricao\" >Taxa de Inscri&ccedil;&atilde;o<\/a><\/li><li class='ez-toc-page-1 ez-toc-heading-level-2'><a class=\"ez-toc-link ez-toc-heading-3\" href=\"https:\/\/med.estrategia.com\/portal\/noticias\/amrigs-edital-residencia-medica-2027\/#Instituicoes-Participantes\" >Institui&ccedil;&otilde;es Participantes<\/a><\/li><li class='ez-toc-page-1 ez-toc-heading-level-2'><a class=\"ez-toc-link ez-toc-heading-4\" href=\"https:\/\/med.estrategia.com\/portal\/noticias\/amrigs-edital-residencia-medica-2027\/#Saiba-mais-sobre-a-AMRIGS\" >Saiba mais sobre a AMRIGS<\/a><\/li><li class='ez-toc-page-1 ez-toc-heading-level-2'><a class=\"ez-toc-link ez-toc-heading-5\" href=\"https:\/\/med.estrategia.com\/portal\/noticias\/amrigs-edital-residencia-medica-2027\/#Calendario-de-Residencia-Medica-20262027\" >Calend&aacute;rio de Resid&ecirc;ncia M&eacute;dica 2026\/2027<\/a><\/li><\/ul><\/nav><\/div>\n<h2 id=\"h-principais-datas-amrigs-2027\" class=\"wp-block-heading\"><span class=\"ez-toc-section\" id=\"Principais-datas-%E2%80%93-AMRIGS-2027\"><\/span>Principais datas &ndash; AMRIGS 2027<span class=\"ez-toc-section-end\"><\/span><\/h2><figure class=\"wp-block-table\"><table class=\"has-fixed-layout\"><tbody><tr><td><strong>Per&iacute;odo de Inscri&ccedil;&otilde;es<\/strong><\/td><td class=\"has-text-align-center\" data-align=\"center\">09\/09 a 19\/10\/2026<\/td><\/tr><tr><td><strong>Envio do Curr&iacute;culo<\/strong><\/td><td class=\"has-text-align-center\" data-align=\"center\">09\/09 a 27\/10\/2026<\/td><\/tr><tr><td><strong>Aplica&ccedil;&atilde;o da Prova Objetiva<\/strong><\/td><td class=\"has-text-align-center\" data-align=\"center\">22\/11\/2026<\/td><\/tr><tr><td><strong>Divulga&ccedil;&atilde;o do Gabarito Preliminar<\/strong><\/td><td class=\"has-text-align-center\" data-align=\"center\">23\/11\/2026<\/td><\/tr><tr><td><strong>Per&iacute;odo de Recursos (Gabarito)<\/strong><\/td><td class=\"has-text-align-center\" data-align=\"center\">25\/11 a 27\/11\/2026<\/td><\/tr><tr><td><strong>Divulga&ccedil;&atilde;o do Gabarito Definitivo<\/strong><\/td><td class=\"has-text-align-center\" data-align=\"center\">07\/12\/2026<\/td><\/tr><tr><td><strong>Resultado Final (Exame AMRIGS)<\/strong><\/td><td class=\"has-text-align-center\" data-align=\"center\">18\/12\/2026<\/td><\/tr><\/tbody><\/table><\/figure><div class=\"wp-block-buttons is-content-justification-center is-layout-flex wp-container-core-buttons-is-layout-fe48e5de wp-block-buttons-is-layout-flex\">\n<div class=\"wp-block-button\"><a class=\"wp-block-button__link wp-element-button\" href=\"https:\/\/cdn.medblog.estrategiaeducacional.com.br\/wp-content\/uploads\/2026\/09\/1111_EditalAbertura_Rev4_6a99eedaa2720.pdf\" target=\"_blank\">acesse o edital completo da amrigs 2027<\/a><\/div>\n<\/div><p class=\"wp-block-verse has-text-align-center\">&#9888;&#65039; <strong>Aten&ccedil;&atilde;o:<\/strong> Os candidatos devem acompanhar regularmente a <a href=\"https:\/\/www.amrigs.org.br\/prova\/\" target=\"_blank\">p&aacute;gina oficial do exame<\/a> para poss&iacute;veis retifica&ccedil;&otilde;es, bem como convoca&ccedil;&otilde;es espec&iacute;ficas de cada institui&ccedil;&atilde;o.<\/p><p>\n\n\n<div id=\"new-form\">\n\t<form id=\"forms_layout\">\n\t<input type=\"hidden\" id=\"chave_de\" name=\"chave_de\" value=\"01_EMED_LEADS_TOTAIS\" \/>\n\t\t<input type=\"hidden\" id=\"mid\" name=\"mid\" value=\"515009018\" \/>\n\t\t<input type=\"hidden\" id=\"Objetivo\" name=\"Objetivo\" value=\"Medicina\" \/>\n\t\t<input type=\"hidden\" id=\"Estado_de_Origem_do_IP\" name=\"Estado_de_Origem_do_IP\"  value=\"\" \/>\n\t\t<input type=\"hidden\" id=\"Cidade_de_Origem_do_IP\" name=\"Cidade_de_Origem_do_IP\" value=\"\" \/>\n\t\t<input type=\"hidden\" id=\"Modo_de_entrada\" name=\"Modo_de_entrada\" value=\"Portal\" \/>\n\t\t<input type=\"hidden\" id=\"Pagina_Origem\" name=\"Pagina_Origem\" value=\"\" \/>\n\n\t\t<div class=\"texto\">\n\t\t\t<h3 class=\"news\">Inscreva-se em nossa newsletter!<\/h3>\n\t\t\t<p>Receba not\u00edcias sobre resid\u00eancia m\u00e9dica, revalida\u00e7\u00e3o de diplomas e concursos m\u00e9dicos, al\u00e9m de materiais de estudo gratuitos e informa\u00e7\u00f5es relevantes do mundo da Medicina.<\/p>\n\t\t<\/div>\n\t\t<div class=\"campos\">\n\t\t\t<div class=\"first_name labels\">\n\t\t\t\t<input type=\"text\" class=\"input_labels\" id=\"first_name\" name=\"Nome_Completo\" placeholder=\"Nome\" required \/>\n\t\t\t<\/div>\n\t\t\t<div class=\"email labels\">\n\t\t\t\t<input type=\"email\" class=\"input_labels\" id=\"email\" name=\"Email\" placeholder=\"E-mail\" required \/>\n\t\t\t<\/div>\n\t\t\t<button type=\"submit\" class=\"button_layout\">\n\t\t\t\t<div id=\"lblBotao\">Inscreva-se<\/div>\n\t\t\t\t<span id=\"divSpiner\" class=\"loader\" role=\"status\" style=\"display: none;\"><\/span>\t\n\t\t\t<\/button>\n\t\t<\/div><!-- \/campos -->\n\t\t\n\t\t<label class=\"container_checkbox\">Voc\u00ea concorda com a nossa\n\t\t\t<a class=\"politics_privacy_ahref\" target=\"_blank\" href=\"https:\/\/gratis.estrategiaconcursos.com.br\/politica-de-privacidade\/\">Pol\u00edtica de Privacidade<\/a> e aceita receber informa\u00e7\u00f5es adicionais do Estrat\u00e9gia Educacional.\n\t\t\t<input id=\"checkbox_layout\" type=\"checkbox\" checked=\"checked\" required \/>\n\t\t\t<span class=\"checkbox\"><\/span>\n\t\t<\/label>\n\t\t<div id=\"msg\"><\/div>\n\t\t<div id=\"error\" class=\"error\">\n\t\t<\/div>\n\t<\/form>\n<\/div><!-- \/new-form -->\n\n\n\n<\/p><h2 id=\"h-taxa-de-inscricao\" class=\"wp-block-heading\"><span class=\"ez-toc-section\" id=\"Taxa-de-Inscricao\"><\/span>Taxa de Inscri&ccedil;&atilde;o<span class=\"ez-toc-section-end\"><\/span><\/h2><ul class=\"wp-block-list\">\n<li><strong>Autoavalia&ccedil;&atilde;o: <\/strong>R$250,00<\/li>\n\n\n\n<li><strong>Acesso Direto:<\/strong> R$850 a R$3.850 (a depender do n&uacute;mero de Associa&ccedil;&otilde;es\/Estados escolhidos) + taxa da institui&ccedil;&atilde;o<\/li>\n\n\n\n<li><strong>Pr&eacute;-Requisito: <\/strong>R$600 a R$2.900 (a depender do n&uacute;mero de Associa&ccedil;&otilde;es\/Estados escolhidos) + taxa da institui&ccedil;&atilde;o<\/li>\n<\/ul><h2 id=\"h-instituicoes-participantes-0\" class=\"wp-block-heading\"><span class=\"ez-toc-section\" id=\"Instituicoes-Participantes\"><\/span>Institui&ccedil;&otilde;es Participantes<span class=\"ez-toc-section-end\"><\/span><\/h2><p class=\"wp-block-paragraph\">O exame AMRIGS &eacute; utilizado por dezenas de institui&ccedil;&otilde;es de sa&uacute;de como meio de entrada para a resid&ecirc;ncia m&eacute;dica, principalmente no Rio Grande do Sul, mas com abrang&ecirc;ncia em estados como Santa Catarina, Mato Grosso do Sul e Rond&ocirc;nia. Confira a lista completa de institui&ccedil;&otilde;es participantes:<\/p><ul class=\"wp-block-list\">\n<li><em>Aguardando divulga&ccedil;&atilde;o.<\/em><\/li>\n<\/ul><h2 id=\"h-saiba-mais-sobre-a-amrigs\" class=\"wp-block-heading\"><span class=\"ez-toc-section\" id=\"Saiba-mais-sobre-a-AMRIGS\"><\/span>Saiba mais sobre a AMRIGS<span class=\"ez-toc-section-end\"><\/span><\/h2><p class=\"wp-block-paragraph\">A&nbsp;<strong><a href=\"https:\/\/www.amrigs.org.br\/\" target=\"_blank\">Associa&ccedil;&atilde;o M&eacute;dica do Rio Grande do Sul<\/a>&nbsp;(AMRIGS)<\/strong>&nbsp;foi fundada em 1951 e tem como objetivo agrupar todos os m&eacute;dicos do estado em um s&oacute; local, em busca de debater, trocar experi&ecirc;ncias e atualiza&ccedil;&otilde;es sobre a vida pr&aacute;tica e acad&ecirc;mica. Al&eacute;m disso, &eacute; um espa&ccedil;o que conta com audit&oacute;rio e&nbsp;<strong>salas equipadas<\/strong>&nbsp;para a forma&ccedil;&atilde;o dos m&eacute;dicos.<\/p><p class=\"wp-block-paragraph\">A AMRIGS &eacute; respons&aacute;vel pelo&nbsp;<strong>Processo Seletivo Unificado (PSU) do Rio Grande do Sul<\/strong>. A sele&ccedil;&atilde;o para a resid&ecirc;ncia m&eacute;dica &eacute; feita por uma&nbsp;prova&nbsp;para as especialidades de&nbsp;<strong>Acesso direto<\/strong>&nbsp;e com&nbsp;<strong>Pr&eacute;-Requisito.&nbsp;<\/strong>O processo seletivo &eacute; conhecido no Brasil todo como uma das avalia&ccedil;&otilde;es mais importantes para o ingresso na resid&ecirc;ncia m&eacute;dica.<\/p><p class=\"wp-block-paragraph\">Quer saber ainda mais? Dispomos abaixo alguns artigos que podem ser &uacute;teis na hora de se preparar para a sele&ccedil;&atilde;o que vem a&iacute;. N&atilde;o deixe de conferir!<\/p><p class=\"wp-block-preformatted\">Tudo sobre o processo seletivo: <a href=\"https:\/\/med.estrategia.com\/portal\/residencia-medica\/amrigs-rs-residencia-medica\/\" target=\"_blank\">Resid&ecirc;ncia M&eacute;dica AMRIGS: edital, cronograma, provas e mais!<\/a><\/p><p class=\"wp-block-preformatted\">Concorr&ecirc;ncia da &uacute;ltima edi&ccedil;&atilde;o: <a href=\"https:\/\/med.estrategia.com\/portal\/noticias\/amrigs-2026-confira-a-concorrencia-para-residencia-medica\/\">AMRIGS 2026: confira a concorr&ecirc;ncia para Resid&ecirc;ncia M&eacute;dica<\/a><\/p><h2 id=\"h-calendario-de-residencia-medica-2026-2027\" class=\"wp-block-heading\"><span class=\"ez-toc-section\" id=\"Calendario-de-Residencia-Medica-20262027\"><\/span>Calend&aacute;rio de Resid&ecirc;ncia M&eacute;dica 2026\/2027<span class=\"ez-toc-section-end\"><\/span><\/h2><p class=\"wp-block-paragraph\">Para n&atilde;o perder nenhum prazo, o Estrat&eacute;gia MED mant&eacute;m um guia completo e constantemente atualizado com as datas das provas, per&iacute;odos de inscri&ccedil;&atilde;o e status dos editais de resid&ecirc;ncia m&eacute;dica em todas as regi&otilde;es do Brasil. Acompanhe a nossa cobertura e organize seu cronograma de estudos com precis&atilde;o:<\/p><div class=\"wp-block-buttons is-content-justification-center is-layout-flex wp-container-core-buttons-is-layout-fe48e5de wp-block-buttons-is-layout-flex\">\n<div class=\"wp-block-button\"><a class=\"wp-block-button__link wp-element-button\" href=\"https:\/\/med.estrategia.com\/portal\/residencia-medica\/calendario-de-residencia-medica-confira-as-datas-das-proximas-provas\/\" target=\"_blank\">acesse aqui o calend&aacute;rio de resid&ecirc;ncia m&eacute;dica!<\/a><\/div>\n<\/div><p class=\"wp-block-paragraph\">Se voc&ecirc; quer ficar por dentro de mais conte&uacute;dos relevantes sobre a &aacute;rea m&eacute;dica, continue acompanhando o material preparado pelo Portal de Not&iacute;cias do Estrat&eacute;gia MED. Aqui, voc&ecirc; encontrar&aacute; informa&ccedil;&otilde;es atualizadas sobre resid&ecirc;ncias, carreira m&eacute;dica e muito mais.<\/p><p class=\"wp-block-paragraph\"><a id=\"cta\" class=\"cta-imagem\" href=\"https:\/\/med.estrategia.com\/cursos\/combos\/\" target=\"blank\">\n                <img decoding=\"async\" width=\"100%\" src=\"https:\/\/med.estrategia.com\/portal\/wp-content\/uploads\/2025\/08\/combo_sprints.jpg\" alt=\"combo sprints\" title=\"combo_sprints\">\n        <\/a>\n<\/p><\/p>\n","protected":false},"excerpt":{"rendered":"A Associa&ccedil;&atilde;o M&eacute;dica do Rio Grande do Sul (AMRIGS) divulgou o edital da nova edi&ccedil;&atilde;o de seu processo&hellip;\n","protected":false},"author":39,"featured_media":110680,"comment_status":"closed","ping_status":"closed","sticky":true,"template":"","format":"standard","meta":{"footnotes":""},"categories":[300],"tags":[],"class_list":["post-109945","post","type-post","status-publish","format-standard","has-post-thumbnail","category-noticias"],"acf":[],"yoast_head":"<!-- This site is optimized with the Yoast SEO Premium plugin v26.6 (Yoast SEO v26.6) - https:\/\/yoast.com\/wordpress\/plugins\/seo\/ -->\n<title>AMRIGS 2027: edital para Resid\u00eancia M\u00e9dica publicado!<\/title>\n<meta name=\"description\" content=\"Saiu o edital! Venha conferir as principais informa\u00e7\u00f5es do edital do exame unificado AMRIGS 2027.\" \/>\n<meta name=\"robots\" content=\"index, follow, max-snippet:-1, max-image-preview:large, max-video-preview:-1\" \/>\n<link rel=\"canonical\" href=\"https:\/\/med.estrategia.com\/portal\/noticias\/amrigs-edital-residencia-medica-2027\/\" \/>\n<meta property=\"og:locale\" content=\"pt_BR\" \/>\n<meta property=\"og:type\" content=\"article\" \/>\n<meta property=\"og:title\" content=\"AMRIGS divulga edital de sele\u00e7\u00e3o unificada para resid\u00eancia m\u00e9dica em 2027\" \/>\n<meta property=\"og:description\" content=\"Saiu o edital! Venha conferir as principais informa\u00e7\u00f5es do edital do exame unificado AMRIGS 2027.\" \/>\n<meta property=\"og:url\" content=\"https:\/\/med.estrategia.com\/portal\/noticias\/amrigs-edital-residencia-medica-2027\/\" \/>\n<meta property=\"og:site_name\" content=\"Estrat\u00e9gia MED\" \/>\n<meta property=\"article:publisher\" content=\"https:\/\/www.facebook.com\/estrategiamed1\" \/>\n<meta property=\"article:published_time\" content=\"2026-09-03T22:53:30+00:00\" \/>\n<meta property=\"article:modified_time\" content=\"2026-09-03T23:17:18+00:00\" \/>\n<meta property=\"og:image\" content=\"https:\/\/med.estrategia.com\/portal\/wp-content\/uploads\/2026\/05\/CAPA-AMRIGS.jpg\" \/>\n\t<meta property=\"og:image:width\" content=\"1920\" \/>\n\t<meta property=\"og:image:height\" content=\"1080\" \/>\n\t<meta property=\"og:image:type\" content=\"image\/jpeg\" \/>\n<meta name=\"author\" content=\"Ana Carolina Damasceno\" \/>\n<meta name=\"twitter:card\" content=\"summary_large_image\" \/>\n<meta name=\"twitter:creator\" content=\"@estrategiamed_\" \/>\n<meta name=\"twitter:site\" content=\"@estrategiamed_\" \/>\n<meta name=\"twitter:label1\" content=\"Escrito por\" \/>\n\t<meta name=\"twitter:data1\" content=\"Ana Carolina Damasceno\" \/>\n\t<meta name=\"twitter:label2\" content=\"Est. tempo de leitura\" \/>\n\t<meta name=\"twitter:data2\" content=\"3 minutos\" \/>\n<script type=\"application\/ld+json\" class=\"yoast-schema-graph\">{\"@context\":\"https:\/\/schema.org\",\"@graph\":[{\"@type\":\"WebPage\",\"@id\":\"https:\/\/med.estrategia.com\/portal\/noticias\/amrigs-edital-residencia-medica-2027\/\",\"url\":\"https:\/\/med.estrategia.com\/portal\/noticias\/amrigs-edital-residencia-medica-2027\/\",\"name\":\"AMRIGS 2027: edital para Resid\u00eancia M\u00e9dica publicado!\",\"isPartOf\":{\"@id\":\"https:\/\/med.estrategia.com\/portal\/#website\"},\"primaryImageOfPage\":{\"@id\":\"https:\/\/med.estrategia.com\/portal\/noticias\/amrigs-edital-residencia-medica-2027\/#primaryimage\"},\"image\":{\"@id\":\"https:\/\/med.estrategia.com\/portal\/noticias\/amrigs-edital-residencia-medica-2027\/#primaryimage\"},\"thumbnailUrl\":\"https:\/\/med.estrategia.com\/portal\/wp-content\/uploads\/2026\/05\/CAPA-AMRIGS.jpg\",\"datePublished\":\"2026-09-03T22:53:30+00:00\",\"dateModified\":\"2026-09-03T23:17:18+00:00\",\"author\":{\"@id\":\"https:\/\/med.estrategia.com\/portal\/#\/schema\/person\/2f553adbb8e25fe39d145c5b2927f58c\"},\"description\":\"Saiu o edital! Venha conferir as principais informa\u00e7\u00f5es do edital do exame unificado AMRIGS 2027.\",\"breadcrumb\":{\"@id\":\"https:\/\/med.estrategia.com\/portal\/noticias\/amrigs-edital-residencia-medica-2027\/#breadcrumb\"},\"inLanguage\":\"pt-BR\",\"potentialAction\":[{\"@type\":\"ReadAction\",\"target\":[\"https:\/\/med.estrategia.com\/portal\/noticias\/amrigs-edital-residencia-medica-2027\/\"]}]},{\"@type\":\"ImageObject\",\"inLanguage\":\"pt-BR\",\"@id\":\"https:\/\/med.estrategia.com\/portal\/noticias\/amrigs-edital-residencia-medica-2027\/#primaryimage\",\"url\":\"https:\/\/med.estrategia.com\/portal\/wp-content\/uploads\/2026\/05\/CAPA-AMRIGS.jpg\",\"contentUrl\":\"https:\/\/med.estrategia.com\/portal\/wp-content\/uploads\/2026\/05\/CAPA-AMRIGS.jpg\",\"width\":1920,\"height\":1080},{\"@type\":\"BreadcrumbList\",\"@id\":\"https:\/\/med.estrategia.com\/portal\/noticias\/amrigs-edital-residencia-medica-2027\/#breadcrumb\",\"itemListElement\":[{\"@type\":\"ListItem\",\"position\":1,\"name\":\"Home\",\"item\":\"https:\/\/med.estrategia.com\/portal\/\"},{\"@type\":\"ListItem\",\"position\":2,\"name\":\"Not\u00edcias\",\"item\":\"https:\/\/med.estrategia.com\/portal\/noticias\/\"},{\"@type\":\"ListItem\",\"position\":3,\"name\":\"AMRIGS divulga edital de sele\u00e7\u00e3o unificada para resid\u00eancia m\u00e9dica em 2027\"}]},{\"@type\":\"WebSite\",\"@id\":\"https:\/\/med.estrategia.com\/portal\/#website\",\"url\":\"https:\/\/med.estrategia.com\/portal\/\",\"name\":\"Estrat\u00e9gia MED\",\"description\":\"\",\"potentialAction\":[{\"@type\":\"SearchAction\",\"target\":{\"@type\":\"EntryPoint\",\"urlTemplate\":\"https:\/\/med.estrategia.com\/portal\/?s={search_term_string}\"},\"query-input\":{\"@type\":\"PropertyValueSpecification\",\"valueRequired\":true,\"valueName\":\"search_term_string\"}}],\"inLanguage\":\"pt-BR\"},{\"@type\":\"Person\",\"@id\":\"https:\/\/med.estrategia.com\/portal\/#\/schema\/person\/2f553adbb8e25fe39d145c5b2927f58c\",\"name\":\"Ana Carolina Damasceno\",\"image\":{\"@type\":\"ImageObject\",\"inLanguage\":\"pt-BR\",\"@id\":\"https:\/\/med.estrategia.com\/portal\/#\/schema\/person\/image\/\",\"url\":\"https:\/\/med.estrategia.com\/portal\/wp-content\/uploads\/2026\/07\/Sem-titulo-150x150.png\",\"contentUrl\":\"https:\/\/med.estrategia.com\/portal\/wp-content\/uploads\/2026\/07\/Sem-titulo-150x150.png\",\"caption\":\"Ana Carolina Damasceno\"},\"description\":\"Coordenadora de Jornalismo EMED. Comunicadora por natureza e forma\u00e7\u00e3o, que ama e perde a no\u00e7\u00e3o do tempo com m\u00fasica e s\u00e9rie.\",\"url\":\"https:\/\/med.estrategia.com\/portal\/author\/ana-carolina-damasceno\/\"}]}<\/script>\n<!-- \/ Yoast SEO Premium plugin. -->","yoast_head_json":{"title":"AMRIGS 2027: edital para Resid\u00eancia M\u00e9dica publicado!","description":"Saiu o edital! Venha conferir as principais informa\u00e7\u00f5es do edital do exame unificado AMRIGS 2027.","robots":{"index":"index","follow":"follow","max-snippet":"max-snippet:-1","max-image-preview":"max-image-preview:large","max-video-preview":"max-video-preview:-1"},"canonical":"https:\/\/med.estrategia.com\/portal\/noticias\/amrigs-edital-residencia-medica-2027\/","og_locale":"pt_BR","og_type":"article","og_title":"AMRIGS divulga edital de sele\u00e7\u00e3o unificada para resid\u00eancia m\u00e9dica em 2027","og_description":"Saiu o edital! Venha conferir as principais informa\u00e7\u00f5es do edital do exame unificado AMRIGS 2027.","og_url":"https:\/\/med.estrategia.com\/portal\/noticias\/amrigs-edital-residencia-medica-2027\/","og_site_name":"Estrat\u00e9gia MED","article_publisher":"https:\/\/www.facebook.com\/estrategiamed1","article_published_time":"2026-09-03T22:53:30+00:00","article_modified_time":"2026-09-03T23:17:18+00:00","og_image":[{"width":1920,"height":1080,"url":"https:\/\/med.estrategia.com\/portal\/wp-content\/uploads\/2026\/05\/CAPA-AMRIGS.jpg","type":"image\/jpeg"}],"author":"Ana Carolina Damasceno","twitter_card":"summary_large_image","twitter_creator":"@estrategiamed_","twitter_site":"@estrategiamed_","twitter_misc":{"Escrito por":"Ana Carolina Damasceno","Est. tempo de leitura":"3 minutos"},"schema":{"@context":"https:\/\/schema.org","@graph":[{"@type":"WebPage","@id":"https:\/\/med.estrategia.com\/portal\/noticias\/amrigs-edital-residencia-medica-2027\/","url":"https:\/\/med.estrategia.com\/portal\/noticias\/amrigs-edital-residencia-medica-2027\/","name":"AMRIGS 2027: edital para Resid\u00eancia M\u00e9dica publicado!","isPartOf":{"@id":"https:\/\/med.estrategia.com\/portal\/#website"},"primaryImageOfPage":{"@id":"https:\/\/med.estrategia.com\/portal\/noticias\/amrigs-edital-residencia-medica-2027\/#primaryimage"},"image":{"@id":"https:\/\/med.estrategia.com\/portal\/noticias\/amrigs-edital-residencia-medica-2027\/#primaryimage"},"thumbnailUrl":"https:\/\/med.estrategia.com\/portal\/wp-content\/uploads\/2026\/05\/CAPA-AMRIGS.jpg","datePublished":"2026-09-03T22:53:30+00:00","dateModified":"2026-09-03T23:17:18+00:00","author":{"@id":"https:\/\/med.estrategia.com\/portal\/#\/schema\/person\/2f553adbb8e25fe39d145c5b2927f58c"},"description":"Saiu o edital! Venha conferir as principais informa\u00e7\u00f5es do edital do exame unificado AMRIGS 2027.","breadcrumb":{"@id":"https:\/\/med.estrategia.com\/portal\/noticias\/amrigs-edital-residencia-medica-2027\/#breadcrumb"},"inLanguage":"pt-BR","potentialAction":[{"@type":"ReadAction","target":["https:\/\/med.estrategia.com\/portal\/noticias\/amrigs-edital-residencia-medica-2027\/"]}]},{"@type":"ImageObject","inLanguage":"pt-BR","@id":"https:\/\/med.estrategia.com\/portal\/noticias\/amrigs-edital-residencia-medica-2027\/#primaryimage","url":"https:\/\/med.estrategia.com\/portal\/wp-content\/uploads\/2026\/05\/CAPA-AMRIGS.jpg","contentUrl":"https:\/\/med.estrategia.com\/portal\/wp-content\/uploads\/2026\/05\/CAPA-AMRIGS.jpg","width":1920,"height":1080},{"@type":"BreadcrumbList","@id":"https:\/\/med.estrategia.com\/portal\/noticias\/amrigs-edital-residencia-medica-2027\/#breadcrumb","itemListElement":[{"@type":"ListItem","position":1,"name":"Home","item":"https:\/\/med.estrategia.com\/portal\/"},{"@type":"ListItem","position":2,"name":"Not\u00edcias","item":"https:\/\/med.estrategia.com\/portal\/noticias\/"},{"@type":"ListItem","position":3,"name":"AMRIGS divulga edital de sele\u00e7\u00e3o unificada para resid\u00eancia m\u00e9dica em 2027"}]},{"@type":"WebSite","@id":"https:\/\/med.estrategia.com\/portal\/#website","url":"https:\/\/med.estrategia.com\/portal\/","name":"Estrat\u00e9gia MED","description":"","potentialAction":[{"@type":"SearchAction","target":{"@type":"EntryPoint","urlTemplate":"https:\/\/med.estrategia.com\/portal\/?s={search_term_string}"},"query-input":{"@type":"PropertyValueSpecification","valueRequired":true,"valueName":"search_term_string"}}],"inLanguage":"pt-BR"},{"@type":"Person","@id":"https:\/\/med.estrategia.com\/portal\/#\/schema\/person\/2f553adbb8e25fe39d145c5b2927f58c","name":"Ana Carolina Damasceno","image":{"@type":"ImageObject","inLanguage":"pt-BR","@id":"https:\/\/med.estrategia.com\/portal\/#\/schema\/person\/image\/","url":"https:\/\/med.estrategia.com\/portal\/wp-content\/uploads\/2026\/07\/Sem-titulo-150x150.png","contentUrl":"https:\/\/med.estrategia.com\/portal\/wp-content\/uploads\/2026\/07\/Sem-titulo-150x150.png","caption":"Ana Carolina Damasceno"},"description":"Coordenadora de Jornalismo EMED. Comunicadora por natureza e forma\u00e7\u00e3o, que ama e perde a no\u00e7\u00e3o do tempo com m\u00fasica e s\u00e9rie.","url":"https:\/\/med.estrategia.com\/portal\/author\/ana-carolina-damasceno\/"}]}},"_links":{"self":[{"href":"https:\/\/med.estrategia.com\/portal\/wp-json\/wp\/v2\/posts\/109945","targetHints":{"allow":["GET"]}}],"collection":[{"href":"https:\/\/med.estrategia.com\/portal\/wp-json\/wp\/v2\/posts"}],"about":[{"href":"https:\/\/med.estrategia.com\/portal\/wp-json\/wp\/v2\/types\/post"}],"author":[{"embeddable":true,"href":"https:\/\/med.estrategia.com\/portal\/wp-json\/wp\/v2\/users\/39"}],"replies":[{"embeddable":true,"href":"https:\/\/med.estrategia.com\/portal\/wp-json\/wp\/v2\/comments?post=109945"}],"version-history":[{"count":9,"href":"https:\/\/med.estrategia.com\/portal\/wp-json\/wp\/v2\/posts\/109945\/revisions"}],"predecessor-version":[{"id":113474,"href":"https:\/\/med.estrategia.com\/portal\/wp-json\/wp\/v2\/posts\/109945\/revisions\/113474"}],"wp:featuredmedia":[{"embeddable":true,"href":"https:\/\/med.estrategia.com\/portal\/wp-json\/wp\/v2\/media\/110680"}],"wp:attachment":[{"href":"https:\/\/med.estrategia.com\/portal\/wp-json\/wp\/v2\/media?parent=109945"}],"wp:term":[{"taxonomy":"category","embeddable":true,"href":"https:\/\/med.estrategia.com\/portal\/wp-json\/wp\/v2\/categories?post=109945"},{"taxonomy":"post_tag","embeddable":true,"href":"https:\/\/med.estrategia.com\/portal\/wp-json\/wp\/v2\/tags?post=109945"}],"curies":[{"name":"wp","href":"https:\/\/api.w.org\/{rel}","templated":true}]}}