{"id":110627,"date":"2026-05-29T12:49:43","date_gmt":"2026-05-29T15:49:43","guid":{"rendered":"https:\/\/med.estrategia.com\/portal\/?p=110627"},"modified":"2026-05-29T12:49:50","modified_gmt":"2026-05-29T15:49:50","slug":"cfm-regulamenta-terapias-focais-cancer-de-prostata","status":"publish","type":"post","link":"https:\/\/med.estrategia.com\/portal\/noticias\/cfm-regulamenta-terapias-focais-cancer-de-prostata\/","title":{"rendered":"CFM regulamenta novas terapias para tratamento do c\u00e2ncer de pr\u00f3stata"},"content":{"rendered":"<p class=\"wp-block-paragraph\">O Conselho Federal de Medicina (CFM) publicou na &uacute;ltima quarta-feira (27), no Di&aacute;rio Oficial da Uni&atilde;o, a <a href=\"https:\/\/sistemas.cfm.org.br\/normas\/visualizar\/resolucoes\/BR\/2026\/2457\" target=\"_blank\">Resolu&ccedil;&atilde;o CFM n&ordm; 2.457\/2026<\/a>, que regulamenta a indica&ccedil;&atilde;o, execu&ccedil;&atilde;o e acompanhamento da <strong>crioterapia<\/strong> e do<strong> ultrassom focalizado de alta intensidade (HIFU)<\/strong> como <strong>alternativas terap&ecirc;uticas para o tratamento do c&acirc;ncer de pr&oacute;stata<\/strong>.<p class=\"wp-block-paragraph\">A norma estabelece crit&eacute;rios t&eacute;cnicos e &eacute;ticos para a <strong>utiliza&ccedil;&atilde;o das chamadas terapias focais<\/strong>, que t&ecirc;m como objetivo <strong>destruir &aacute;reas espec&iacute;ficas atingidas pela neoplasia<\/strong>, preservando tecidos adjacentes e reduzindo efeitos colaterais associados aos tratamentos radicais tradicionais. Segundo o texto, as t&eacute;cnicas podem contribuir para a <strong>preserva&ccedil;&atilde;o da fun&ccedil;&atilde;o sexual e da contin&ecirc;ncia urin&aacute;ria<\/strong> em pacientes selecionados.<\/p><p class=\"wp-block-paragraph\">De acordo com o CFM, as terapias focais <strong>n&atilde;o s&atilde;o consideradas tratamento prim&aacute;rio padr&atilde;o-ouro <\/strong>para o c&acirc;ncer de pr&oacute;stata e <strong>devem ser indicadas apenas ap&oacute;s decis&atilde;o compartilhada entre m&eacute;dico e paciente<\/strong>, mediante assinatura de termo de consentimento livre e esclarecido.<\/p><div id=\"ez-toc-container\" class=\"ez-toc-v2_0_86 counter-hierarchy ez-toc-counter ez-toc-transparent ez-toc-container-direction\">\n<div class=\"ez-toc-title-container\"><p class=\"ez-toc-title\" style=\"cursor:inherit\">Navegue pelo conte\u00fado<\/p>\n<\/div><nav><ul class='ez-toc-list ez-toc-list-level-1 ' ><li class='ez-toc-page-1 ez-toc-heading-level-2'><a class=\"ez-toc-link ez-toc-heading-1\" href=\"https:\/\/med.estrategia.com\/portal\/noticias\/cfm-regulamenta-terapias-focais-cancer-de-prostata\/#Terapias-serao-indicadas-para-casos-especificos\" >Terapias ser&atilde;o indicadas para casos espec&iacute;ficos<\/a><\/li><li class='ez-toc-page-1 ez-toc-heading-level-2'><a class=\"ez-toc-link ez-toc-heading-2\" href=\"https:\/\/med.estrategia.com\/portal\/noticias\/cfm-regulamenta-terapias-focais-cancer-de-prostata\/#Resolucao-mantem-outras-terapias-em-carater-experimental\" >Resolu&ccedil;&atilde;o mant&eacute;m outras terapias em car&aacute;ter experimental<\/a><\/li><li class='ez-toc-page-1 ez-toc-heading-level-2'><a class=\"ez-toc-link ez-toc-heading-3\" href=\"https:\/\/med.estrategia.com\/portal\/noticias\/cfm-regulamenta-terapias-focais-cancer-de-prostata\/#Acompanhamento-devera-incluir-PSA-biopsia-e-ressonancia\" >Acompanhamento dever&aacute; incluir PSA, bi&oacute;psia e resson&acirc;ncia<\/a><\/li><\/ul><\/nav><\/div>\n<h2 class=\"wp-block-heading\" id=\"h-terapias-serao-indicadas-para-casos-especificos\"><span class=\"ez-toc-section\" id=\"Terapias-serao-indicadas-para-casos-especificos\"><\/span>Terapias ser&atilde;o indicadas para casos espec&iacute;ficos<span class=\"ez-toc-section-end\"><\/span><\/h2><p class=\"wp-block-paragraph\">A resolu&ccedil;&atilde;o determina que a terapia focal poder&aacute; ser i<strong>ndicada para pacientes com c&acirc;ncer de pr&oacute;stata de risco intermedi&aacute;rio favor&aacute;vel, unifocal e unilateral<\/strong>, desde que n&atilde;o exista discord&acirc;ncia entre os exames de imagem e os resultados anatomopatol&oacute;gicos em rela&ccedil;&atilde;o &agrave; lateralidade da les&atilde;o. Tamb&eacute;m <strong>fica autorizada a utiliza&ccedil;&atilde;o das terapias como tratamento de resgate <\/strong>para pacientes previamente submetidos &agrave; radioterapia externa ou braquiterapia.<\/p><p class=\"wp-block-paragraph\">Por outro lado, <strong>a norma veda<\/strong> a realiza&ccedil;&atilde;o dos procedimentos <strong>em pacientes classificados <\/strong>com c&acirc;ncer de pr&oacute;stata de <strong>risco intermedi&aacute;rio desfavor&aacute;vel, alto ou muito alto<\/strong>.<\/p><p class=\"wp-block-paragraph\">Em car&aacute;ter excepcional, a terapia focal poder&aacute; ser considerada em pacientes com c&acirc;ncer de pr&oacute;stata de baixo risco, classificados como ISUP 1, nos casos de les&otilde;es de grande volume ou quando houver baixa ades&atilde;o &agrave; vigil&acirc;ncia ativa.<\/p><h2 class=\"wp-block-heading\" id=\"h-resolucao-mantem-outras-terapias-em-carater-experimental\"><span class=\"ez-toc-section\" id=\"Resolucao-mantem-outras-terapias-em-carater-experimental\"><\/span>Resolu&ccedil;&atilde;o mant&eacute;m outras terapias em car&aacute;ter experimental<span class=\"ez-toc-section-end\"><\/span><\/h2><p class=\"wp-block-paragraph\">Al&eacute;m do HIFU e da crioterapia, <strong>a resolu&ccedil;&atilde;o cita outras modalidades de terapia focal<\/strong>, como terapia fotodin&acirc;mica, eletropora&ccedil;&atilde;o irrevers&iacute;vel, abla&ccedil;&atilde;o a laser focal e Tulsa (abla&ccedil;&atilde;o transuretral da pr&oacute;stata com ultrassom).<\/p><p class=\"wp-block-paragraph\">No entanto, <strong>devido ao baixo n&iacute;vel de evid&ecirc;ncia cient&iacute;fica e &agrave; escassez de estudos de longo prazo<\/strong>, o CFM determinou que essas t&eacute;cnicas permane&ccedil;am restritas ao ambiente de pesquisa cl&iacute;nica, vinculadas a protocolos aprovados pelo sistema CEP\/Conep.<\/p><h2 class=\"wp-block-heading\" id=\"h-acompanhamento-devera-incluir-psa-biopsia-e-ressonancia\"><span class=\"ez-toc-section\" id=\"Acompanhamento-devera-incluir-PSA-biopsia-e-ressonancia\"><\/span>Acompanhamento dever&aacute; incluir PSA, bi&oacute;psia e resson&acirc;ncia<span class=\"ez-toc-section-end\"><\/span><\/h2><p class=\"wp-block-paragraph\">A norma tamb&eacute;m<strong> estabelece regras para o seguimento cl&iacute;nico <\/strong>dos pacientes submetidos &agrave;s terapias focais. Entre as exig&ecirc;ncias est&atilde;o a <strong>dosagem peri&oacute;dica do PSA<\/strong>, realiza&ccedil;&atilde;o de <strong>bi&oacute;psia prost&aacute;tica<\/strong> entre seis e doze meses ap&oacute;s o tratamento e resson&acirc;ncia magn&eacute;tica multiparam&eacute;trica anual. Segundo o texto, o acompanhamento tem como objetivo <strong>monitorar a efic&aacute;cia oncol&oacute;gica das terapias <\/strong>e identificar precocemente eventuais sinais de progress&atilde;o da doen&ccedil;a.<\/p><p class=\"wp-block-paragraph\">Dentre os motivos da resolu&ccedil;&atilde;o, o CFM afirma que os avan&ccedil;os tecnol&oacute;gicos e o maior conhecimento sobre a biologia molecular do c&acirc;ncer de pr&oacute;stata <strong>permitiram o desenvolvimento de abordagens menos invasivas<\/strong>, voltadas &agrave; redu&ccedil;&atilde;o dos impactos na qualidade de vida dos pacientes.<\/p><p class=\"wp-block-paragraph\">A autarquia destaca, por&eacute;m, que<strong> ainda existem d&uacute;vidas sobre as melhores indica&ccedil;&otilde;es cl&iacute;nicas e sobre o controle oncol&oacute;gico<\/strong> de longo prazo das terapias focais, motivo pelo qual considerou necess&aacute;ria a defini&ccedil;&atilde;o de crit&eacute;rios rigorosos para sua utiliza&ccedil;&atilde;o.<\/p><div class=\"wp-block-buttons is-content-justification-center is-layout-flex wp-container-core-buttons-is-layout-fe48e5de wp-block-buttons-is-layout-flex\">\n<div class=\"wp-block-button\"><a class=\"wp-block-button__link wp-element-button\" href=\"https:\/\/sistemas.cfm.org.br\/normas\/visualizar\/resolucoes\/BR\/2026\/2457\" target=\"_blank\">CONFIRA AQUI A RESOLU&Ccedil;&Atilde;O COMPLETA!<\/a><\/div>\n<\/div><p class=\"wp-block-paragraph\"><\/p><\/p>\n","protected":false},"excerpt":{"rendered":"O Conselho Federal de Medicina (CFM) publicou na &uacute;ltima quarta-feira (27), no Di&aacute;rio Oficial da Uni&atilde;o, a Resolu&ccedil;&atilde;o&hellip;\n","protected":false},"author":39,"featured_media":110628,"comment_status":"closed","ping_status":"closed","sticky":false,"template":"","format":"standard","meta":{"wl_entities_gutenberg":"","footnotes":""},"categories":[300],"tags":[],"wl_entity_type":[199],"class_list":["post-110627","post","type-post","status-publish","format-standard","has-post-thumbnail","category-noticias","wl_entity_type-article"],"acf":[],"yoast_head":"<!-- This site is optimized with the Yoast SEO Premium plugin v26.6 (Yoast SEO v26.6) - https:\/\/yoast.com\/wordpress\/plugins\/seo\/ -->\n<title>CFM regulamenta novas terapias para tratamento do c\u00e2ncer de pr\u00f3stata<\/title>\n<meta name=\"description\" content=\"O CFM publicou a resolu\u00e7\u00e3o que regulamenta o uso de HIFU e crioterapia como terapias focais para tratamento do c\u00e2ncer de pr\u00f3stata em casos selecionados.\" \/>\n<meta name=\"robots\" content=\"index, follow, max-snippet:-1, max-image-preview:large, max-video-preview:-1\" \/>\n<link rel=\"canonical\" href=\"https:\/\/med.estrategia.com\/portal\/noticias\/cfm-regulamenta-terapias-focais-cancer-de-prostata\/\" \/>\n<meta property=\"og:locale\" content=\"pt_BR\" \/>\n<meta property=\"og:type\" content=\"article\" \/>\n<meta property=\"og:title\" content=\"CFM regulamenta novas terapias para tratamento do c\u00e2ncer de pr\u00f3stata\" \/>\n<meta property=\"og:description\" content=\"O CFM publicou a resolu\u00e7\u00e3o que regulamenta o uso de HIFU e crioterapia como terapias focais para tratamento do c\u00e2ncer de pr\u00f3stata em casos selecionados.\" \/>\n<meta property=\"og:url\" content=\"https:\/\/med.estrategia.com\/portal\/noticias\/cfm-regulamenta-terapias-focais-cancer-de-prostata\/\" \/>\n<meta property=\"og:site_name\" content=\"Estrat\u00e9gia MED\" \/>\n<meta property=\"article:publisher\" content=\"https:\/\/www.facebook.com\/estrategiamed1\" \/>\n<meta property=\"article:published_time\" content=\"2026-05-29T15:49:43+00:00\" \/>\n<meta property=\"article:modified_time\" content=\"2026-05-29T15:49:50+00:00\" \/>\n<meta property=\"og:image\" content=\"https:\/\/med.estrategia.com\/portal\/wp-content\/uploads\/2026\/05\/stethoscope-around-colon-cancer-ribbon.jpg\" \/>\n\t<meta property=\"og:image:width\" content=\"1920\" \/>\n\t<meta property=\"og:image:height\" content=\"1280\" \/>\n\t<meta property=\"og:image:type\" content=\"image\/jpeg\" \/>\n<meta name=\"author\" content=\"Ana Carolina Damasceno\" \/>\n<meta name=\"twitter:card\" content=\"summary_large_image\" \/>\n<meta name=\"twitter:creator\" content=\"@estrategiamed_\" \/>\n<meta name=\"twitter:site\" content=\"@estrategiamed_\" \/>\n<meta name=\"twitter:label1\" content=\"Escrito por\" \/>\n\t<meta name=\"twitter:data1\" content=\"Ana Carolina Damasceno\" \/>\n\t<meta name=\"twitter:label2\" content=\"Est. tempo de leitura\" \/>\n\t<meta name=\"twitter:data2\" content=\"3 minutos\" \/>\n<script type=\"application\/ld+json\" class=\"yoast-schema-graph\">{\"@context\":\"https:\/\/schema.org\",\"@graph\":[{\"@type\":\"WebPage\",\"@id\":\"https:\/\/med.estrategia.com\/portal\/noticias\/cfm-regulamenta-terapias-focais-cancer-de-prostata\/\",\"url\":\"https:\/\/med.estrategia.com\/portal\/noticias\/cfm-regulamenta-terapias-focais-cancer-de-prostata\/\",\"name\":\"CFM regulamenta novas terapias para tratamento do c\u00e2ncer de pr\u00f3stata\",\"isPartOf\":{\"@id\":\"https:\/\/med.estrategia.com\/portal\/#website\"},\"primaryImageOfPage\":{\"@id\":\"https:\/\/med.estrategia.com\/portal\/noticias\/cfm-regulamenta-terapias-focais-cancer-de-prostata\/#primaryimage\"},\"image\":{\"@id\":\"https:\/\/med.estrategia.com\/portal\/noticias\/cfm-regulamenta-terapias-focais-cancer-de-prostata\/#primaryimage\"},\"thumbnailUrl\":\"https:\/\/med.estrategia.com\/portal\/wp-content\/uploads\/2026\/05\/stethoscope-around-colon-cancer-ribbon.jpg\",\"datePublished\":\"2026-05-29T15:49:43+00:00\",\"dateModified\":\"2026-05-29T15:49:50+00:00\",\"author\":{\"@id\":\"https:\/\/med.estrategia.com\/portal\/#\/schema\/person\/2f553adbb8e25fe39d145c5b2927f58c\"},\"description\":\"O CFM publicou a resolu\u00e7\u00e3o que regulamenta o uso de HIFU e crioterapia como terapias focais para tratamento do c\u00e2ncer de pr\u00f3stata em casos selecionados.\",\"breadcrumb\":{\"@id\":\"https:\/\/med.estrategia.com\/portal\/noticias\/cfm-regulamenta-terapias-focais-cancer-de-prostata\/#breadcrumb\"},\"inLanguage\":\"pt-BR\",\"potentialAction\":[{\"@type\":\"ReadAction\",\"target\":[\"https:\/\/med.estrategia.com\/portal\/noticias\/cfm-regulamenta-terapias-focais-cancer-de-prostata\/\"]}]},{\"@type\":\"ImageObject\",\"inLanguage\":\"pt-BR\",\"@id\":\"https:\/\/med.estrategia.com\/portal\/noticias\/cfm-regulamenta-terapias-focais-cancer-de-prostata\/#primaryimage\",\"url\":\"https:\/\/med.estrategia.com\/portal\/wp-content\/uploads\/2026\/05\/stethoscope-around-colon-cancer-ribbon.jpg\",\"contentUrl\":\"https:\/\/med.estrategia.com\/portal\/wp-content\/uploads\/2026\/05\/stethoscope-around-colon-cancer-ribbon.jpg\",\"width\":1920,\"height\":1280,\"caption\":\"Foto: freepik\/Magnific\"},{\"@type\":\"BreadcrumbList\",\"@id\":\"https:\/\/med.estrategia.com\/portal\/noticias\/cfm-regulamenta-terapias-focais-cancer-de-prostata\/#breadcrumb\",\"itemListElement\":[{\"@type\":\"ListItem\",\"position\":1,\"name\":\"Home\",\"item\":\"https:\/\/med.estrategia.com\/portal\/\"},{\"@type\":\"ListItem\",\"position\":2,\"name\":\"Not\u00edcias\",\"item\":\"https:\/\/med.estrategia.com\/portal\/noticias\/\"},{\"@type\":\"ListItem\",\"position\":3,\"name\":\"CFM regulamenta novas terapias para tratamento do c\u00e2ncer de pr\u00f3stata\"}]},{\"@type\":\"WebSite\",\"@id\":\"https:\/\/med.estrategia.com\/portal\/#website\",\"url\":\"https:\/\/med.estrategia.com\/portal\/\",\"name\":\"Estrat\u00e9gia MED\",\"description\":\"\",\"potentialAction\":[{\"@type\":\"SearchAction\",\"target\":{\"@type\":\"EntryPoint\",\"urlTemplate\":\"https:\/\/med.estrategia.com\/portal\/?s={search_term_string}\"},\"query-input\":{\"@type\":\"PropertyValueSpecification\",\"valueRequired\":true,\"valueName\":\"search_term_string\"}}],\"inLanguage\":\"pt-BR\"},{\"@type\":\"Person\",\"@id\":\"https:\/\/med.estrategia.com\/portal\/#\/schema\/person\/2f553adbb8e25fe39d145c5b2927f58c\",\"name\":\"Ana Carolina Damasceno\",\"image\":{\"@type\":\"ImageObject\",\"inLanguage\":\"pt-BR\",\"@id\":\"https:\/\/med.estrategia.com\/portal\/#\/schema\/person\/image\/\",\"url\":\"https:\/\/med.estrategia.com\/portal\/wp-content\/uploads\/2026\/07\/Sem-titulo-150x150.png\",\"contentUrl\":\"https:\/\/med.estrategia.com\/portal\/wp-content\/uploads\/2026\/07\/Sem-titulo-150x150.png\",\"caption\":\"Ana Carolina Damasceno\"},\"description\":\"Coordenadora de Jornalismo EMED. Comunicadora por natureza e forma\u00e7\u00e3o, que ama e perde a no\u00e7\u00e3o do tempo com m\u00fasica e s\u00e9rie.\",\"url\":\"https:\/\/med.estrategia.com\/portal\/author\/ana-carolina-damasceno\/\"}]}<\/script>\n<!-- \/ Yoast SEO Premium plugin. -->","yoast_head_json":{"title":"CFM regulamenta novas terapias para tratamento do c\u00e2ncer de pr\u00f3stata","description":"O CFM publicou a resolu\u00e7\u00e3o que regulamenta o uso de HIFU e crioterapia como terapias focais para tratamento do c\u00e2ncer de pr\u00f3stata em casos selecionados.","robots":{"index":"index","follow":"follow","max-snippet":"max-snippet:-1","max-image-preview":"max-image-preview:large","max-video-preview":"max-video-preview:-1"},"canonical":"https:\/\/med.estrategia.com\/portal\/noticias\/cfm-regulamenta-terapias-focais-cancer-de-prostata\/","og_locale":"pt_BR","og_type":"article","og_title":"CFM regulamenta novas terapias para tratamento do c\u00e2ncer de pr\u00f3stata","og_description":"O CFM publicou a resolu\u00e7\u00e3o que regulamenta o uso de HIFU e crioterapia como terapias focais para tratamento do c\u00e2ncer de pr\u00f3stata em casos selecionados.","og_url":"https:\/\/med.estrategia.com\/portal\/noticias\/cfm-regulamenta-terapias-focais-cancer-de-prostata\/","og_site_name":"Estrat\u00e9gia MED","article_publisher":"https:\/\/www.facebook.com\/estrategiamed1","article_published_time":"2026-05-29T15:49:43+00:00","article_modified_time":"2026-05-29T15:49:50+00:00","og_image":[{"width":1920,"height":1280,"url":"https:\/\/med.estrategia.com\/portal\/wp-content\/uploads\/2026\/05\/stethoscope-around-colon-cancer-ribbon.jpg","type":"image\/jpeg"}],"author":"Ana Carolina Damasceno","twitter_card":"summary_large_image","twitter_creator":"@estrategiamed_","twitter_site":"@estrategiamed_","twitter_misc":{"Escrito por":"Ana Carolina Damasceno","Est. tempo de leitura":"3 minutos"},"schema":{"@context":"https:\/\/schema.org","@graph":[{"@type":"WebPage","@id":"https:\/\/med.estrategia.com\/portal\/noticias\/cfm-regulamenta-terapias-focais-cancer-de-prostata\/","url":"https:\/\/med.estrategia.com\/portal\/noticias\/cfm-regulamenta-terapias-focais-cancer-de-prostata\/","name":"CFM regulamenta novas terapias para tratamento do c\u00e2ncer de pr\u00f3stata","isPartOf":{"@id":"https:\/\/med.estrategia.com\/portal\/#website"},"primaryImageOfPage":{"@id":"https:\/\/med.estrategia.com\/portal\/noticias\/cfm-regulamenta-terapias-focais-cancer-de-prostata\/#primaryimage"},"image":{"@id":"https:\/\/med.estrategia.com\/portal\/noticias\/cfm-regulamenta-terapias-focais-cancer-de-prostata\/#primaryimage"},"thumbnailUrl":"https:\/\/med.estrategia.com\/portal\/wp-content\/uploads\/2026\/05\/stethoscope-around-colon-cancer-ribbon.jpg","datePublished":"2026-05-29T15:49:43+00:00","dateModified":"2026-05-29T15:49:50+00:00","author":{"@id":"https:\/\/med.estrategia.com\/portal\/#\/schema\/person\/2f553adbb8e25fe39d145c5b2927f58c"},"description":"O CFM publicou a resolu\u00e7\u00e3o que regulamenta o uso de HIFU e crioterapia como terapias focais para tratamento do c\u00e2ncer de pr\u00f3stata em casos selecionados.","breadcrumb":{"@id":"https:\/\/med.estrategia.com\/portal\/noticias\/cfm-regulamenta-terapias-focais-cancer-de-prostata\/#breadcrumb"},"inLanguage":"pt-BR","potentialAction":[{"@type":"ReadAction","target":["https:\/\/med.estrategia.com\/portal\/noticias\/cfm-regulamenta-terapias-focais-cancer-de-prostata\/"]}]},{"@type":"ImageObject","inLanguage":"pt-BR","@id":"https:\/\/med.estrategia.com\/portal\/noticias\/cfm-regulamenta-terapias-focais-cancer-de-prostata\/#primaryimage","url":"https:\/\/med.estrategia.com\/portal\/wp-content\/uploads\/2026\/05\/stethoscope-around-colon-cancer-ribbon.jpg","contentUrl":"https:\/\/med.estrategia.com\/portal\/wp-content\/uploads\/2026\/05\/stethoscope-around-colon-cancer-ribbon.jpg","width":1920,"height":1280,"caption":"Foto: freepik\/Magnific"},{"@type":"BreadcrumbList","@id":"https:\/\/med.estrategia.com\/portal\/noticias\/cfm-regulamenta-terapias-focais-cancer-de-prostata\/#breadcrumb","itemListElement":[{"@type":"ListItem","position":1,"name":"Home","item":"https:\/\/med.estrategia.com\/portal\/"},{"@type":"ListItem","position":2,"name":"Not\u00edcias","item":"https:\/\/med.estrategia.com\/portal\/noticias\/"},{"@type":"ListItem","position":3,"name":"CFM regulamenta novas terapias para tratamento do c\u00e2ncer de pr\u00f3stata"}]},{"@type":"WebSite","@id":"https:\/\/med.estrategia.com\/portal\/#website","url":"https:\/\/med.estrategia.com\/portal\/","name":"Estrat\u00e9gia MED","description":"","potentialAction":[{"@type":"SearchAction","target":{"@type":"EntryPoint","urlTemplate":"https:\/\/med.estrategia.com\/portal\/?s={search_term_string}"},"query-input":{"@type":"PropertyValueSpecification","valueRequired":true,"valueName":"search_term_string"}}],"inLanguage":"pt-BR"},{"@type":"Person","@id":"https:\/\/med.estrategia.com\/portal\/#\/schema\/person\/2f553adbb8e25fe39d145c5b2927f58c","name":"Ana Carolina Damasceno","image":{"@type":"ImageObject","inLanguage":"pt-BR","@id":"https:\/\/med.estrategia.com\/portal\/#\/schema\/person\/image\/","url":"https:\/\/med.estrategia.com\/portal\/wp-content\/uploads\/2026\/07\/Sem-titulo-150x150.png","contentUrl":"https:\/\/med.estrategia.com\/portal\/wp-content\/uploads\/2026\/07\/Sem-titulo-150x150.png","caption":"Ana Carolina Damasceno"},"description":"Coordenadora de Jornalismo EMED. Comunicadora por natureza e forma\u00e7\u00e3o, que ama e perde a no\u00e7\u00e3o do tempo com m\u00fasica e s\u00e9rie.","url":"https:\/\/med.estrategia.com\/portal\/author\/ana-carolina-damasceno\/"}]}},"_wl_alt_label":[],"wl:entity_url":"\/post\/cfm-regulamenta-novas-terapias-focais-para-tratamento-do-cancer-de-prostata-110627","_links":{"self":[{"href":"https:\/\/med.estrategia.com\/portal\/wp-json\/wp\/v2\/posts\/110627","targetHints":{"allow":["GET"]}}],"collection":[{"href":"https:\/\/med.estrategia.com\/portal\/wp-json\/wp\/v2\/posts"}],"about":[{"href":"https:\/\/med.estrategia.com\/portal\/wp-json\/wp\/v2\/types\/post"}],"author":[{"embeddable":true,"href":"https:\/\/med.estrategia.com\/portal\/wp-json\/wp\/v2\/users\/39"}],"replies":[{"embeddable":true,"href":"https:\/\/med.estrategia.com\/portal\/wp-json\/wp\/v2\/comments?post=110627"}],"version-history":[{"count":1,"href":"https:\/\/med.estrategia.com\/portal\/wp-json\/wp\/v2\/posts\/110627\/revisions"}],"predecessor-version":[{"id":110629,"href":"https:\/\/med.estrategia.com\/portal\/wp-json\/wp\/v2\/posts\/110627\/revisions\/110629"}],"wp:featuredmedia":[{"embeddable":true,"href":"https:\/\/med.estrategia.com\/portal\/wp-json\/wp\/v2\/media\/110628"}],"wp:attachment":[{"href":"https:\/\/med.estrategia.com\/portal\/wp-json\/wp\/v2\/media?parent=110627"}],"wp:term":[{"taxonomy":"category","embeddable":true,"href":"https:\/\/med.estrategia.com\/portal\/wp-json\/wp\/v2\/categories?post=110627"},{"taxonomy":"post_tag","embeddable":true,"href":"https:\/\/med.estrategia.com\/portal\/wp-json\/wp\/v2\/tags?post=110627"},{"taxonomy":"wl_entity_type","embeddable":true,"href":"https:\/\/med.estrategia.com\/portal\/wp-json\/wp\/v2\/wl_entity_type?post=110627"}],"curies":[{"name":"wp","href":"https:\/\/api.w.org\/{rel}","templated":true}]}}