{"id":111212,"date":"2026-06-23T08:48:23","date_gmt":"2026-06-23T11:48:23","guid":{"rendered":"https:\/\/med.estrategia.com\/portal\/?p=111212"},"modified":"2026-06-23T09:14:08","modified_gmt":"2026-06-23T12:14:08","slug":"residencia-medica-2026-2-consesp-novos-editais","status":"publish","type":"post","link":"https:\/\/med.estrategia.com\/portal\/noticias\/residencia-medica-2026-2-consesp-novos-editais\/","title":{"rendered":"Novos editais de resid\u00eancia m\u00e9dica para ingresso ainda em 2026 s\u00e3o divulgados; confira vagas e datas"},"content":{"rendered":"<p class=\"wp-block-paragraph\">A Consesp Concursos divulgou recentemente <strong>tr&ecirc;s editais de processos seletivos<\/strong> para programas de resid&ecirc;ncia m&eacute;dica com in&iacute;cio das atividades ainda neste ano, em setembro. As sele&ccedil;&otilde;es contemplam vagas na <strong>Santa Casa de Campo Grande<\/strong>, na <strong>Santa Casa de Fernand&oacute;polis<\/strong> e no <strong>Hospital e Maternidade SEPACO<\/strong>. <p class=\"wp-block-paragraph\">Em comum, os editais preveem<strong> aplica&ccedil;&atilde;o das provas em agosto de 2026<\/strong> e taxas de inscri&ccedil;&atilde;o que <strong>variam entre R$ 600 e R$ 700<\/strong>, a depender da institui&ccedil;&atilde;o. Abaixo, confira as principais datas, o quadro de vagas ofertado por cada institui&ccedil;&atilde;o e os editais de cada seletivo.<\/p><p>\n\n\n<div id=\"new-form\">\n\t<form id=\"forms_layout\">\n\t<input type=\"hidden\" id=\"chave_de\" name=\"chave_de\" value=\"01_EMED_LEADS_TOTAIS\" \/>\n\t\t<input type=\"hidden\" id=\"mid\" name=\"mid\" value=\"515009018\" \/>\n\t\t<input type=\"hidden\" id=\"Objetivo\" name=\"Objetivo\" value=\"Medicina\" \/>\n\t\t<input type=\"hidden\" id=\"Estado_de_Origem_do_IP\" name=\"Estado_de_Origem_do_IP\"  value=\"\" \/>\n\t\t<input type=\"hidden\" id=\"Cidade_de_Origem_do_IP\" name=\"Cidade_de_Origem_do_IP\" value=\"\" \/>\n\t\t<input type=\"hidden\" id=\"Modo_de_entrada\" name=\"Modo_de_entrada\" value=\"Portal\" \/>\n\t\t<input type=\"hidden\" id=\"Pagina_Origem\" name=\"Pagina_Origem\" value=\"\" \/>\n\n\t\t<div class=\"texto\">\n\t\t\t<div id=\"ez-toc-container\" class=\"ez-toc-v2_0_86 counter-hierarchy ez-toc-counter ez-toc-transparent ez-toc-container-direction\">\n<div class=\"ez-toc-title-container\"><p class=\"ez-toc-title\" style=\"cursor:inherit\">Navegue pelo conte\u00fado<\/p>\n<\/div><nav><ul class='ez-toc-list ez-toc-list-level-1 ' ><ul class='ez-toc-list-level-3' ><li class='ez-toc-heading-level-3'><a class=\"ez-toc-link ez-toc-heading-1\" href=\"https:\/\/med.estrategia.com\/portal\/noticias\/residencia-medica-2026-2-consesp-novos-editais\/#Inscreva-se-em-nossa-newsletter\" >Inscreva-se em nossa newsletter!<\/a><\/li><\/ul><\/li><li class='ez-toc-page-1 ez-toc-heading-level-2'><a class=\"ez-toc-link ez-toc-heading-2\" href=\"https:\/\/med.estrategia.com\/portal\/noticias\/residencia-medica-2026-2-consesp-novos-editais\/#Residencia-Medica-20262-da-Santa-Casa-de-Campo-Grande\" >Resid&ecirc;ncia M&eacute;dica 2026.2 da Santa Casa de Campo Grande<\/a><ul class='ez-toc-list-level-3' ><li class='ez-toc-heading-level-3'><a class=\"ez-toc-link ez-toc-heading-3\" href=\"https:\/\/med.estrategia.com\/portal\/noticias\/residencia-medica-2026-2-consesp-novos-editais\/#Quadro-de-vagas\" >Quadro de vagas<\/a><\/li><li class='ez-toc-page-1 ez-toc-heading-level-3'><a class=\"ez-toc-link ez-toc-heading-4\" href=\"https:\/\/med.estrategia.com\/portal\/noticias\/residencia-medica-2026-2-consesp-novos-editais\/#Principais-datas-e-Edital\" >Principais datas e Edital<\/a><\/li><\/ul><\/li><li class='ez-toc-page-1 ez-toc-heading-level-2'><a class=\"ez-toc-link ez-toc-heading-5\" href=\"https:\/\/med.estrategia.com\/portal\/noticias\/residencia-medica-2026-2-consesp-novos-editais\/#Residencia-Medica-20262-da-Santa-Casa-de-Fernandopolis\" >Resid&ecirc;ncia M&eacute;dica 2026.2 da Santa Casa de Fernand&oacute;polis<\/a><ul class='ez-toc-list-level-3' ><li class='ez-toc-heading-level-3'><a class=\"ez-toc-link ez-toc-heading-6\" href=\"https:\/\/med.estrategia.com\/portal\/noticias\/residencia-medica-2026-2-consesp-novos-editais\/#Quadro-de-vagas-2\" >Quadro de vagas<\/a><\/li><li class='ez-toc-page-1 ez-toc-heading-level-3'><a class=\"ez-toc-link ez-toc-heading-7\" href=\"https:\/\/med.estrategia.com\/portal\/noticias\/residencia-medica-2026-2-consesp-novos-editais\/#Principais-datas-e-Edital-2\" >Principais datas e Edital<\/a><\/li><\/ul><\/li><li class='ez-toc-page-1 ez-toc-heading-level-2'><a class=\"ez-toc-link ez-toc-heading-8\" href=\"https:\/\/med.estrategia.com\/portal\/noticias\/residencia-medica-2026-2-consesp-novos-editais\/#Residencia-Medica-20262-do-Hospital-e-Maternidade-SEPACO\" >Resid&ecirc;ncia M&eacute;dica 2026.2 do Hospital e Maternidade SEPACO<\/a><ul class='ez-toc-list-level-3' ><li class='ez-toc-heading-level-3'><a class=\"ez-toc-link ez-toc-heading-9\" href=\"https:\/\/med.estrategia.com\/portal\/noticias\/residencia-medica-2026-2-consesp-novos-editais\/#Quadro-de-vagas-3\" >Quadro de vagas<\/a><\/li><li class='ez-toc-page-1 ez-toc-heading-level-3'><a class=\"ez-toc-link ez-toc-heading-10\" href=\"https:\/\/med.estrategia.com\/portal\/noticias\/residencia-medica-2026-2-consesp-novos-editais\/#Principais-datas-e-Edital-3\" >Principais datas e Edital<\/a><\/li><\/ul><\/li><li class='ez-toc-page-1 ez-toc-heading-level-2'><a class=\"ez-toc-link ez-toc-heading-11\" href=\"https:\/\/med.estrategia.com\/portal\/noticias\/residencia-medica-2026-2-consesp-novos-editais\/#Calendario-de-Residencia-Medica-20262027\" >Calend&aacute;rio de Resid&ecirc;ncia M&eacute;dica 2026\/2027<\/a><\/li><\/ul><\/nav><\/div>\n<h3 class=\"news\"><span class=\"ez-toc-section\" id=\"Inscreva-se-em-nossa-newsletter\"><\/span>Inscreva-se em nossa newsletter!<span class=\"ez-toc-section-end\"><\/span><\/h3>\n\t\t\t<p>Receba not\u00edcias sobre resid\u00eancia m\u00e9dica, revalida\u00e7\u00e3o de diplomas e concursos m\u00e9dicos, al\u00e9m de materiais de estudo gratuitos e informa\u00e7\u00f5es relevantes do mundo da Medicina.<\/p>\n\t\t<\/div>\n\t\t<div class=\"campos\">\n\t\t\t<div class=\"first_name labels\">\n\t\t\t\t<input type=\"text\" class=\"input_labels\" id=\"first_name\" name=\"Nome_Completo\" placeholder=\"Nome\" required \/>\n\t\t\t<\/div>\n\t\t\t<div class=\"email labels\">\n\t\t\t\t<input type=\"email\" class=\"input_labels\" id=\"email\" name=\"Email\" placeholder=\"E-mail\" required \/>\n\t\t\t<\/div>\n\t\t\t<button type=\"submit\" class=\"button_layout\">\n\t\t\t\t<div id=\"lblBotao\">Inscreva-se<\/div>\n\t\t\t\t<span id=\"divSpiner\" class=\"loader\" role=\"status\" style=\"display: none;\"><\/span>\t\n\t\t\t<\/button>\n\t\t<\/div><!-- \/campos -->\n\t\t\n\t\t<label class=\"container_checkbox\">Voc\u00ea concorda com a nossa\n\t\t\t<a class=\"politics_privacy_ahref\" target=\"_blank\" href=\"https:\/\/gratis.estrategiaconcursos.com.br\/politica-de-privacidade\/\">Pol\u00edtica de Privacidade<\/a> e aceita receber informa\u00e7\u00f5es adicionais do Estrat\u00e9gia Educacional.\n\t\t\t<input id=\"checkbox_layout\" type=\"checkbox\" checked=\"checked\" required \/>\n\t\t\t<span class=\"checkbox\"><\/span>\n\t\t<\/label>\n\t\t<div id=\"msg\"><\/div>\n\t\t<div id=\"error\" class=\"error\">\n\t\t<\/div>\n\t<\/form>\n<\/div><!-- \/new-form -->\n\n\n\n<\/p><h2 class=\"wp-block-heading\" id=\"h-residencia-medica-2026-2-da-santa-casa-de-campo-grande\"><span class=\"ez-toc-section\" id=\"Residencia-Medica-20262-da-Santa-Casa-de-Campo-Grande\"><\/span>Resid&ecirc;ncia M&eacute;dica 2026.2 da Santa Casa de Campo Grande<span class=\"ez-toc-section-end\"><\/span><\/h2><p class=\"wp-block-paragraph\">A<strong> Santa Casa de Campo Grande<\/strong> publicou em 16 de junho o edital para ingresso em parte de seus programas de resid&ecirc;ncia m&eacute;dica, com in&iacute;cio das atividades ainda no segundo semestre de 2026. O processo seletivo contar&aacute; com uma <strong>&uacute;nica etapa<\/strong>, constitu&iacute;da por <strong>prova objetiva a ser aplicada no dia 8 de agosto<\/strong>. A taxa de inscri&ccedil;&atilde;o &eacute; de <strong>R$680<\/strong>.<\/p><p class=\"wp-block-paragraph\">Confira abaixo as principais datas do edital e a distribui&ccedil;&atilde;o de vagas por especialidade.<\/p><h3 class=\"wp-block-heading\" id=\"h-quadro-de-vagas\"><span class=\"ez-toc-section\" id=\"Quadro-de-vagas\"><\/span>Quadro de vagas<span class=\"ez-toc-section-end\"><\/span><\/h3><figure class=\"wp-block-table\"><table class=\"has-fixed-layout\"><thead><tr><th>ESPECIALIDADE<\/th><th class=\"has-text-align-center\" data-align=\"center\">TOTAL DE VAGAS<\/th><\/tr><\/thead><tbody><tr><td>Medicina de Emerg&ecirc;ncia<\/td><td class=\"has-text-align-center\" data-align=\"center\">2<\/td><\/tr><tr><td>Cirurgia Vascular<\/td><td class=\"has-text-align-center\" data-align=\"center\">1<\/td><\/tr><\/tbody><\/table><\/figure><h3 class=\"wp-block-heading\" id=\"h-principais-datas-e-edital\"><span class=\"ez-toc-section\" id=\"Principais-datas-e-Edital\"><\/span>Principais datas e Edital<span class=\"ez-toc-section-end\"><\/span><\/h3><figure class=\"wp-block-table\"><table class=\"has-fixed-layout\"><tbody><tr><td><strong>Per&iacute;odo de Inscri&ccedil;&otilde;es<\/strong><\/td><td class=\"has-text-align-center\" data-align=\"center\">02 a 19\/07\/2026<\/td><\/tr><tr><td><strong>Prova Objetiva<\/strong><\/td><td class=\"has-text-align-center\" data-align=\"center\">08\/08\/2026<\/td><\/tr><tr><td><strong>Gabarito Preliminar<\/strong><\/td><td class=\"has-text-align-center\" data-align=\"center\">10\/08\/2026<\/td><\/tr><tr><td><strong>Resultado Preliminar<\/strong><\/td><td class=\"has-text-align-center\" data-align=\"center\">21\/08\/2026<\/td><\/tr><tr><td><strong>Resultado Final<\/strong><\/td><td class=\"has-text-align-center\" data-align=\"center\">25\/08\/2026<\/td><\/tr><\/tbody><\/table><\/figure><div class=\"wp-block-buttons is-content-justification-center is-layout-flex wp-container-core-buttons-is-layout-fe48e5de wp-block-buttons-is-layout-flex\">\n<div class=\"wp-block-button\"><a class=\"wp-block-button__link wp-element-button\" href=\"https:\/\/med.estrategia.com\/portal\/wp-content\/uploads\/2026\/06\/4896_campogranderesidnciamdicaadepr20262semestre.pdf\" target=\"_blank\">acesse o edital completo!<\/a><\/div>\n\n\n\n<div class=\"wp-block-button\"><a class=\"wp-block-button__link wp-element-button\" href=\"https:\/\/sis.consesp.com.br\/site\/index.php?pg=concursos\/info&amp;codigo=4896\" target=\"_blank\">acompanhe a p&aacute;gina da sele&ccedil;&atilde;o<\/a><\/div>\n<\/div><p class=\"wp-block-verse has-text-align-center\">&#9888;&#65039;&nbsp;<strong>Aten&ccedil;&atilde;o:<\/strong>&nbsp;&Eacute; de inteira responsabilidade do candidato acompanhar a publica&ccedil;&atilde;o de todos os atos referentes a esta sele&ccedil;&atilde;o na&nbsp;p&aacute;gina oficial do certame.<\/p><h2 class=\"wp-block-heading\" id=\"h-residencia-medica-2026-2-da-santa-casa-de-fernandopolis\"><span class=\"ez-toc-section\" id=\"Residencia-Medica-20262-da-Santa-Casa-de-Fernandopolis\"><\/span>Resid&ecirc;ncia M&eacute;dica 2026.2 da Santa Casa de Fernand&oacute;polis<span class=\"ez-toc-section-end\"><\/span><\/h2><p class=\"wp-block-paragraph\">Divulgado em 11 de junho e retificado posteriormente no dia 16, o edital da sele&ccedil;&atilde;o da <strong>Santa Casa de Fernand&oacute;polis<\/strong> oferece uma vaga em Anestesiologia para quem deseja iniciar o programa ainda neste ano. Os candidatos ser&atilde;o avaliados por meio de<strong> uma &uacute;nica etapa &mdash; prova objetiva<\/strong>, conforme cronograma previsto no edital. A <strong>taxa de inscri&ccedil;&atilde;o &eacute; de R$600<\/strong>.<\/p><p class=\"wp-block-paragraph\">Veja a seguir as datas mais importantes do processo seletivo e o quadro completo de vagas.<\/p><h3 class=\"wp-block-heading\" id=\"h-quadro-de-vagas-0\"><span class=\"ez-toc-section\" id=\"Quadro-de-vagas-2\"><\/span>Quadro de vagas<span class=\"ez-toc-section-end\"><\/span><\/h3><figure class=\"wp-block-table\"><table class=\"has-fixed-layout\"><thead><tr><th>ESPECIALIDADE<\/th><th class=\"has-text-align-center\" data-align=\"center\">TOTAL DE VAGAS<\/th><\/tr><\/thead><tbody><tr><td>Anestesiologia<\/td><td class=\"has-text-align-center\" data-align=\"center\">1<\/td><\/tr><\/tbody><\/table><\/figure><h3 class=\"wp-block-heading\" id=\"h-principais-datas-e-edital-0\"><span class=\"ez-toc-section\" id=\"Principais-datas-e-Edital-2\"><\/span>Principais datas e Edital<span class=\"ez-toc-section-end\"><\/span><\/h3><figure class=\"wp-block-table\"><table class=\"has-fixed-layout\"><tbody><tr><td><strong>Per&iacute;odo de Inscri&ccedil;&otilde;es<\/strong><\/td><td class=\"has-text-align-center\" data-align=\"center\">26\/06 a 19\/07\/2026<\/td><\/tr><tr><td><strong>Prova Objetiva<\/strong><\/td><td class=\"has-text-align-center\" data-align=\"center\">01\/08\/2026<\/td><\/tr><tr><td><strong>Gabarito Preliminar<\/strong><\/td><td class=\"has-text-align-center\" data-align=\"center\">03\/08\/2026<\/td><\/tr><tr><td><strong>Resultado Preliminar<\/strong><\/td><td class=\"has-text-align-center\" data-align=\"center\">14\/08\/2026<\/td><\/tr><tr><td><strong>Resultado Final<\/strong><\/td><td class=\"has-text-align-center\" data-align=\"center\">21\/08\/2026<\/td><\/tr><\/tbody><\/table><\/figure><div class=\"wp-block-buttons is-content-justification-center is-layout-flex wp-container-core-buttons-is-layout-fe48e5de wp-block-buttons-is-layout-flex\">\n<div class=\"wp-block-button\"><a class=\"wp-block-button__link wp-element-button\" href=\"https:\/\/cdn.medblog.estrategiaeducacional.com.br\/wp-content\/uploads\/2026\/06\/4892_fernandpolisres.mdica2semestreretificadonantegra.pdf\" target=\"_blank\">acesse o edital completo!<\/a><\/div>\n\n\n\n<div class=\"wp-block-button\"><a class=\"wp-block-button__link wp-element-button\" href=\"https:\/\/sis.consesp.com.br\/site\/index.php?pg=concursos\/info&amp;codigo=4892\" target=\"_blank\">acompanhe a p&aacute;gina da sele&ccedil;&atilde;o<\/a><\/div>\n<\/div><p class=\"wp-block-verse has-text-align-center\">&#9888;&#65039;&nbsp;<strong>Aten&ccedil;&atilde;o:<\/strong>&nbsp;&Eacute; de inteira responsabilidade do candidato acompanhar a publica&ccedil;&atilde;o de todos os atos referentes a esta sele&ccedil;&atilde;o na&nbsp;p&aacute;gina oficial do certame.<\/p><h2 class=\"wp-block-heading\" id=\"h-residencia-medica-2026-2-do-hospital-e-maternidade-sepaco\"><span class=\"ez-toc-section\" id=\"Residencia-Medica-20262-do-Hospital-e-Maternidade-SEPACO\"><\/span>Resid&ecirc;ncia M&eacute;dica 2026.2 do Hospital e Maternidade SEPACO<span class=\"ez-toc-section-end\"><\/span><\/h2><p class=\"wp-block-paragraph\">O <strong>Hospital e Maternidade Sepaco <\/strong>&eacute; a terceira institui&ccedil;&atilde;o que integra o conjunto de editais divulgados recentemente pela banca e conta com <strong>taxa de inscri&ccedil;&atilde;o de R$700<\/strong>. O certame contempla uma vaga para quem deseja ingressar no programa de Medicina Intensiva Pedi&aacute;trica da institui&ccedil;&atilde;o ainda neste ano e conta com uma etapa, composta por uma prova objetiva a ser aplicada em formato virtual.<\/p><p class=\"wp-block-paragraph\">Abaixo, confira o cronograma do processo seletivo e as vagas disponibilizadas pela institui&ccedil;&atilde;o.<\/p><h3 class=\"wp-block-heading\" id=\"h-quadro-de-vagas-1\"><span class=\"ez-toc-section\" id=\"Quadro-de-vagas-3\"><\/span>Quadro de vagas<span class=\"ez-toc-section-end\"><\/span><\/h3><figure class=\"wp-block-table\"><table class=\"has-fixed-layout\"><thead><tr><th>ESPECIALIDADE<\/th><th class=\"has-text-align-center\" data-align=\"center\">TOTAL DE VAGAS<\/th><\/tr><\/thead><tbody><tr><td>Medicina Intensiva Pedi&aacute;trica<\/td><td class=\"has-text-align-center\" data-align=\"center\">1<\/td><\/tr><\/tbody><\/table><\/figure><h3 class=\"wp-block-heading\" id=\"h-principais-datas-e-edital-1\"><span class=\"ez-toc-section\" id=\"Principais-datas-e-Edital-3\"><\/span>Principais datas e Edital<span class=\"ez-toc-section-end\"><\/span><\/h3><figure class=\"wp-block-table\"><table class=\"has-fixed-layout\"><tbody><tr><td><strong>Per&iacute;odo de Inscri&ccedil;&otilde;es<\/strong><\/td><td class=\"has-text-align-center\" data-align=\"center\">08 a 26\/07\/2026<\/td><\/tr><tr><td><strong>Prova Objetiva<\/strong><\/td><td class=\"has-text-align-center\" data-align=\"center\">05\/08\/2026<\/td><\/tr><tr><td><strong>Gabarito Preliminar<\/strong><\/td><td class=\"has-text-align-center\" data-align=\"center\">05\/08\/2026<\/td><\/tr><tr><td><strong>Resultado Preliminar<\/strong><\/td><td class=\"has-text-align-center\" data-align=\"center\">17\/08\/2026<\/td><\/tr><tr><td><strong>Resultado Final<\/strong><\/td><td class=\"has-text-align-center\" data-align=\"center\">24\/08\/2026<\/td><\/tr><\/tbody><\/table><\/figure><div class=\"wp-block-buttons is-content-justification-center is-layout-flex wp-container-core-buttons-is-layout-fe48e5de wp-block-buttons-is-layout-flex\">\n<div class=\"wp-block-button\"><a class=\"wp-block-button__link wp-element-button\" href=\"https:\/\/med.estrategia.com\/portal\/wp-content\/uploads\/2026\/06\/4900_sopaulohospitalsepaco.pdf\" target=\"_blank\">acesse o edital completo!<\/a><\/div>\n\n\n\n<div class=\"wp-block-button\"><a class=\"wp-block-button__link wp-element-button\" href=\"https:\/\/sis.consesp.com.br\/site\/index.php?pg=concursos\/info&amp;codigo=4900\" target=\"_blank\">acompanhe a p&aacute;gina da sele&ccedil;&atilde;o<\/a><\/div>\n<\/div><p class=\"wp-block-verse has-text-align-center\">&#9888;&#65039;&nbsp;<strong>Aten&ccedil;&atilde;o:<\/strong>&nbsp;&Eacute; de inteira responsabilidade do candidato acompanhar a publica&ccedil;&atilde;o de todos os atos referentes a esta sele&ccedil;&atilde;o na&nbsp;p&aacute;gina oficial do certame.<\/p><h2 class=\"wp-block-heading\"><span class=\"ez-toc-section\" id=\"Calendario-de-Residencia-Medica-20262027\"><\/span>Calend&aacute;rio de Resid&ecirc;ncia M&eacute;dica 2026\/2027<span class=\"ez-toc-section-end\"><\/span><\/h2><p class=\"wp-block-paragraph\">Para garantir que voc&ecirc; n&atilde;o perca nenhum prazo importante, o Estrat&eacute;gia MED mant&eacute;m um guia constantemente atualizado com todas as datas de provas, inscri&ccedil;&otilde;es e status dos principais processos seletivos de Resid&ecirc;ncia M&eacute;dica de todo o Brasil. Fique um passo &agrave; frente na sua prepara&ccedil;&atilde;o e organize seus estudos de forma inteligente!<\/p><p class=\"wp-block-paragraph\"><a href=\"https:\/\/med.estrategia.com\/portal\/residencia-medica\/calendario-de-residencia-medica-confira-as-datas-das-proximas-provas\/\">Acesse aqui o Calend&aacute;rio de Resid&ecirc;ncia M&eacute;dica 2026\/2027<\/a>&nbsp;completo e confira as pr&oacute;ximas oportunidades.<\/p><p class=\"wp-block-paragraph\"><a id=\"cta\" class=\"cta-imagem\" href=\"https:\/\/med.estrategia.com\/cursos\/gratuitos\/\" target=\"blank\">\n                <img decoding=\"async\" width=\"100%\" src=\"https:\/\/med.estrategia.com\/portal\/wp-content\/uploads\/2025\/08\/cursos_gratuitos.jpg\" alt=\"cursos gratuitos\" title=\"cursos_gratuitos\">\n        <\/a>\n<\/p><\/p>\n","protected":false},"excerpt":{"rendered":"As oportunidades s\u00e3o para a Santa Casa de Campo Grande, Santa Casa de Fernand\u00f3polis e Hospital e Maternidade SEPACO\n","protected":false},"author":39,"featured_media":111208,"comment_status":"closed","ping_status":"closed","sticky":false,"template":"","format":"standard","meta":{"wl_entities_gutenberg":"","footnotes":""},"categories":[300],"tags":[],"wl_entity_type":[199],"class_list":["post-111212","post","type-post","status-publish","format-standard","has-post-thumbnail","category-noticias","wl_entity_type-article"],"acf":[],"yoast_head":"<!-- This site is optimized with the Yoast SEO Premium plugin v26.6 (Yoast SEO v26.6) - https:\/\/yoast.com\/wordpress\/plugins\/seo\/ -->\n<title>Novos editais de resid\u00eancia m\u00e9dica para ingresso ainda em 2026 s\u00e3o divulgados; confira vagas e datas<\/title>\n<meta name=\"description\" content=\"A Consesp divulgou editais de resid\u00eancia m\u00e9dica para ingresso ainda em 2026. Confira as vagas, datas de inscri\u00e7\u00e3o e cronograma da Santa Casa de Campo Grande, Santa Casa de Fernand\u00f3polis e Hospital Sepaco.\" \/>\n<meta name=\"robots\" content=\"index, follow, max-snippet:-1, max-image-preview:large, max-video-preview:-1\" \/>\n<link rel=\"canonical\" href=\"https:\/\/med.estrategia.com\/portal\/noticias\/residencia-medica-2026-2-consesp-novos-editais\/\" \/>\n<meta property=\"og:locale\" content=\"pt_BR\" \/>\n<meta property=\"og:type\" content=\"article\" \/>\n<meta property=\"og:title\" content=\"Novos editais de resid\u00eancia m\u00e9dica para ingresso ainda em 2026 s\u00e3o divulgados; confira vagas e datas\" \/>\n<meta property=\"og:description\" content=\"A Consesp divulgou editais de resid\u00eancia m\u00e9dica para ingresso ainda em 2026. Confira as vagas, datas de inscri\u00e7\u00e3o e cronograma da Santa Casa de Campo Grande, Santa Casa de Fernand\u00f3polis e Hospital Sepaco.\" \/>\n<meta property=\"og:url\" content=\"https:\/\/med.estrategia.com\/portal\/noticias\/residencia-medica-2026-2-consesp-novos-editais\/\" \/>\n<meta property=\"og:site_name\" content=\"Estrat\u00e9gia MED\" \/>\n<meta property=\"article:publisher\" content=\"https:\/\/www.facebook.com\/estrategiamed1\" \/>\n<meta property=\"article:published_time\" content=\"2026-06-23T11:48:23+00:00\" \/>\n<meta property=\"article:modified_time\" content=\"2026-06-23T12:14:08+00:00\" \/>\n<meta property=\"og:image\" content=\"https:\/\/med.estrategia.com\/portal\/wp-content\/uploads\/2026\/06\/CAPA-GERAL-RESIDENCIA.jpg\" \/>\n\t<meta property=\"og:image:width\" content=\"1920\" \/>\n\t<meta property=\"og:image:height\" content=\"1080\" \/>\n\t<meta property=\"og:image:type\" content=\"image\/jpeg\" \/>\n<meta name=\"author\" content=\"Ana Carolina Damasceno\" \/>\n<meta name=\"twitter:card\" content=\"summary_large_image\" \/>\n<meta name=\"twitter:creator\" content=\"@estrategiamed_\" \/>\n<meta name=\"twitter:site\" content=\"@estrategiamed_\" \/>\n<meta name=\"twitter:label1\" content=\"Escrito por\" \/>\n\t<meta name=\"twitter:data1\" content=\"Ana Carolina Damasceno\" \/>\n\t<meta name=\"twitter:label2\" content=\"Est. tempo de leitura\" \/>\n\t<meta name=\"twitter:data2\" content=\"3 minutos\" \/>\n<script type=\"application\/ld+json\" class=\"yoast-schema-graph\">{\"@context\":\"https:\/\/schema.org\",\"@graph\":[{\"@type\":\"WebPage\",\"@id\":\"https:\/\/med.estrategia.com\/portal\/noticias\/residencia-medica-2026-2-consesp-novos-editais\/\",\"url\":\"https:\/\/med.estrategia.com\/portal\/noticias\/residencia-medica-2026-2-consesp-novos-editais\/\",\"name\":\"Novos editais de resid\u00eancia m\u00e9dica para ingresso ainda em 2026 s\u00e3o divulgados; confira vagas e datas\",\"isPartOf\":{\"@id\":\"https:\/\/med.estrategia.com\/portal\/#website\"},\"primaryImageOfPage\":{\"@id\":\"https:\/\/med.estrategia.com\/portal\/noticias\/residencia-medica-2026-2-consesp-novos-editais\/#primaryimage\"},\"image\":{\"@id\":\"https:\/\/med.estrategia.com\/portal\/noticias\/residencia-medica-2026-2-consesp-novos-editais\/#primaryimage\"},\"thumbnailUrl\":\"https:\/\/med.estrategia.com\/portal\/wp-content\/uploads\/2026\/06\/CAPA-GERAL-RESIDENCIA.jpg\",\"datePublished\":\"2026-06-23T11:48:23+00:00\",\"dateModified\":\"2026-06-23T12:14:08+00:00\",\"author\":{\"@id\":\"https:\/\/med.estrategia.com\/portal\/#\/schema\/person\/2f553adbb8e25fe39d145c5b2927f58c\"},\"description\":\"A Consesp divulgou editais de resid\u00eancia m\u00e9dica para ingresso ainda em 2026. Confira as vagas, datas de inscri\u00e7\u00e3o e cronograma da Santa Casa de Campo Grande, Santa Casa de Fernand\u00f3polis e Hospital Sepaco.\",\"breadcrumb\":{\"@id\":\"https:\/\/med.estrategia.com\/portal\/noticias\/residencia-medica-2026-2-consesp-novos-editais\/#breadcrumb\"},\"inLanguage\":\"pt-BR\",\"potentialAction\":[{\"@type\":\"ReadAction\",\"target\":[\"https:\/\/med.estrategia.com\/portal\/noticias\/residencia-medica-2026-2-consesp-novos-editais\/\"]}]},{\"@type\":\"ImageObject\",\"inLanguage\":\"pt-BR\",\"@id\":\"https:\/\/med.estrategia.com\/portal\/noticias\/residencia-medica-2026-2-consesp-novos-editais\/#primaryimage\",\"url\":\"https:\/\/med.estrategia.com\/portal\/wp-content\/uploads\/2026\/06\/CAPA-GERAL-RESIDENCIA.jpg\",\"contentUrl\":\"https:\/\/med.estrategia.com\/portal\/wp-content\/uploads\/2026\/06\/CAPA-GERAL-RESIDENCIA.jpg\",\"width\":1920,\"height\":1080},{\"@type\":\"BreadcrumbList\",\"@id\":\"https:\/\/med.estrategia.com\/portal\/noticias\/residencia-medica-2026-2-consesp-novos-editais\/#breadcrumb\",\"itemListElement\":[{\"@type\":\"ListItem\",\"position\":1,\"name\":\"Home\",\"item\":\"https:\/\/med.estrategia.com\/portal\/\"},{\"@type\":\"ListItem\",\"position\":2,\"name\":\"Not\u00edcias\",\"item\":\"https:\/\/med.estrategia.com\/portal\/noticias\/\"},{\"@type\":\"ListItem\",\"position\":3,\"name\":\"Novos editais de resid\u00eancia m\u00e9dica para ingresso ainda em 2026 s\u00e3o divulgados; confira vagas e datas\"}]},{\"@type\":\"WebSite\",\"@id\":\"https:\/\/med.estrategia.com\/portal\/#website\",\"url\":\"https:\/\/med.estrategia.com\/portal\/\",\"name\":\"Estrat\u00e9gia MED\",\"description\":\"\",\"potentialAction\":[{\"@type\":\"SearchAction\",\"target\":{\"@type\":\"EntryPoint\",\"urlTemplate\":\"https:\/\/med.estrategia.com\/portal\/?s={search_term_string}\"},\"query-input\":{\"@type\":\"PropertyValueSpecification\",\"valueRequired\":true,\"valueName\":\"search_term_string\"}}],\"inLanguage\":\"pt-BR\"},{\"@type\":\"Person\",\"@id\":\"https:\/\/med.estrategia.com\/portal\/#\/schema\/person\/2f553adbb8e25fe39d145c5b2927f58c\",\"name\":\"Ana Carolina Damasceno\",\"image\":{\"@type\":\"ImageObject\",\"inLanguage\":\"pt-BR\",\"@id\":\"https:\/\/med.estrategia.com\/portal\/#\/schema\/person\/image\/\",\"url\":\"https:\/\/med.estrategia.com\/portal\/wp-content\/uploads\/2026\/07\/Sem-titulo-150x150.png\",\"contentUrl\":\"https:\/\/med.estrategia.com\/portal\/wp-content\/uploads\/2026\/07\/Sem-titulo-150x150.png\",\"caption\":\"Ana Carolina Damasceno\"},\"description\":\"Coordenadora de Jornalismo EMED. Comunicadora por natureza e forma\u00e7\u00e3o, que ama e perde a no\u00e7\u00e3o do tempo com m\u00fasica e s\u00e9rie.\",\"url\":\"https:\/\/med.estrategia.com\/portal\/author\/ana-carolina-damasceno\/\"}]}<\/script>\n<!-- \/ Yoast SEO Premium plugin. -->","yoast_head_json":{"title":"Novos editais de resid\u00eancia m\u00e9dica para ingresso ainda em 2026 s\u00e3o divulgados; confira vagas e datas","description":"A Consesp divulgou editais de resid\u00eancia m\u00e9dica para ingresso ainda em 2026. Confira as vagas, datas de inscri\u00e7\u00e3o e cronograma da Santa Casa de Campo Grande, Santa Casa de Fernand\u00f3polis e Hospital Sepaco.","robots":{"index":"index","follow":"follow","max-snippet":"max-snippet:-1","max-image-preview":"max-image-preview:large","max-video-preview":"max-video-preview:-1"},"canonical":"https:\/\/med.estrategia.com\/portal\/noticias\/residencia-medica-2026-2-consesp-novos-editais\/","og_locale":"pt_BR","og_type":"article","og_title":"Novos editais de resid\u00eancia m\u00e9dica para ingresso ainda em 2026 s\u00e3o divulgados; confira vagas e datas","og_description":"A Consesp divulgou editais de resid\u00eancia m\u00e9dica para ingresso ainda em 2026. Confira as vagas, datas de inscri\u00e7\u00e3o e cronograma da Santa Casa de Campo Grande, Santa Casa de Fernand\u00f3polis e Hospital Sepaco.","og_url":"https:\/\/med.estrategia.com\/portal\/noticias\/residencia-medica-2026-2-consesp-novos-editais\/","og_site_name":"Estrat\u00e9gia MED","article_publisher":"https:\/\/www.facebook.com\/estrategiamed1","article_published_time":"2026-06-23T11:48:23+00:00","article_modified_time":"2026-06-23T12:14:08+00:00","og_image":[{"width":1920,"height":1080,"url":"https:\/\/med.estrategia.com\/portal\/wp-content\/uploads\/2026\/06\/CAPA-GERAL-RESIDENCIA.jpg","type":"image\/jpeg"}],"author":"Ana Carolina Damasceno","twitter_card":"summary_large_image","twitter_creator":"@estrategiamed_","twitter_site":"@estrategiamed_","twitter_misc":{"Escrito por":"Ana Carolina Damasceno","Est. tempo de leitura":"3 minutos"},"schema":{"@context":"https:\/\/schema.org","@graph":[{"@type":"WebPage","@id":"https:\/\/med.estrategia.com\/portal\/noticias\/residencia-medica-2026-2-consesp-novos-editais\/","url":"https:\/\/med.estrategia.com\/portal\/noticias\/residencia-medica-2026-2-consesp-novos-editais\/","name":"Novos editais de resid\u00eancia m\u00e9dica para ingresso ainda em 2026 s\u00e3o divulgados; confira vagas e datas","isPartOf":{"@id":"https:\/\/med.estrategia.com\/portal\/#website"},"primaryImageOfPage":{"@id":"https:\/\/med.estrategia.com\/portal\/noticias\/residencia-medica-2026-2-consesp-novos-editais\/#primaryimage"},"image":{"@id":"https:\/\/med.estrategia.com\/portal\/noticias\/residencia-medica-2026-2-consesp-novos-editais\/#primaryimage"},"thumbnailUrl":"https:\/\/med.estrategia.com\/portal\/wp-content\/uploads\/2026\/06\/CAPA-GERAL-RESIDENCIA.jpg","datePublished":"2026-06-23T11:48:23+00:00","dateModified":"2026-06-23T12:14:08+00:00","author":{"@id":"https:\/\/med.estrategia.com\/portal\/#\/schema\/person\/2f553adbb8e25fe39d145c5b2927f58c"},"description":"A Consesp divulgou editais de resid\u00eancia m\u00e9dica para ingresso ainda em 2026. Confira as vagas, datas de inscri\u00e7\u00e3o e cronograma da Santa Casa de Campo Grande, Santa Casa de Fernand\u00f3polis e Hospital Sepaco.","breadcrumb":{"@id":"https:\/\/med.estrategia.com\/portal\/noticias\/residencia-medica-2026-2-consesp-novos-editais\/#breadcrumb"},"inLanguage":"pt-BR","potentialAction":[{"@type":"ReadAction","target":["https:\/\/med.estrategia.com\/portal\/noticias\/residencia-medica-2026-2-consesp-novos-editais\/"]}]},{"@type":"ImageObject","inLanguage":"pt-BR","@id":"https:\/\/med.estrategia.com\/portal\/noticias\/residencia-medica-2026-2-consesp-novos-editais\/#primaryimage","url":"https:\/\/med.estrategia.com\/portal\/wp-content\/uploads\/2026\/06\/CAPA-GERAL-RESIDENCIA.jpg","contentUrl":"https:\/\/med.estrategia.com\/portal\/wp-content\/uploads\/2026\/06\/CAPA-GERAL-RESIDENCIA.jpg","width":1920,"height":1080},{"@type":"BreadcrumbList","@id":"https:\/\/med.estrategia.com\/portal\/noticias\/residencia-medica-2026-2-consesp-novos-editais\/#breadcrumb","itemListElement":[{"@type":"ListItem","position":1,"name":"Home","item":"https:\/\/med.estrategia.com\/portal\/"},{"@type":"ListItem","position":2,"name":"Not\u00edcias","item":"https:\/\/med.estrategia.com\/portal\/noticias\/"},{"@type":"ListItem","position":3,"name":"Novos editais de resid\u00eancia m\u00e9dica para ingresso ainda em 2026 s\u00e3o divulgados; confira vagas e datas"}]},{"@type":"WebSite","@id":"https:\/\/med.estrategia.com\/portal\/#website","url":"https:\/\/med.estrategia.com\/portal\/","name":"Estrat\u00e9gia MED","description":"","potentialAction":[{"@type":"SearchAction","target":{"@type":"EntryPoint","urlTemplate":"https:\/\/med.estrategia.com\/portal\/?s={search_term_string}"},"query-input":{"@type":"PropertyValueSpecification","valueRequired":true,"valueName":"search_term_string"}}],"inLanguage":"pt-BR"},{"@type":"Person","@id":"https:\/\/med.estrategia.com\/portal\/#\/schema\/person\/2f553adbb8e25fe39d145c5b2927f58c","name":"Ana Carolina Damasceno","image":{"@type":"ImageObject","inLanguage":"pt-BR","@id":"https:\/\/med.estrategia.com\/portal\/#\/schema\/person\/image\/","url":"https:\/\/med.estrategia.com\/portal\/wp-content\/uploads\/2026\/07\/Sem-titulo-150x150.png","contentUrl":"https:\/\/med.estrategia.com\/portal\/wp-content\/uploads\/2026\/07\/Sem-titulo-150x150.png","caption":"Ana Carolina Damasceno"},"description":"Coordenadora de Jornalismo EMED. Comunicadora por natureza e forma\u00e7\u00e3o, que ama e perde a no\u00e7\u00e3o do tempo com m\u00fasica e s\u00e9rie.","url":"https:\/\/med.estrategia.com\/portal\/author\/ana-carolina-damasceno\/"}]}},"_wl_alt_label":[],"wl:entity_url":"\/post\/novos-editais-de-residencia-medica-para-ingresso-ainda-em-2026-sao-divulgados-confira-vagas-e-datas-111212","_links":{"self":[{"href":"https:\/\/med.estrategia.com\/portal\/wp-json\/wp\/v2\/posts\/111212","targetHints":{"allow":["GET"]}}],"collection":[{"href":"https:\/\/med.estrategia.com\/portal\/wp-json\/wp\/v2\/posts"}],"about":[{"href":"https:\/\/med.estrategia.com\/portal\/wp-json\/wp\/v2\/types\/post"}],"author":[{"embeddable":true,"href":"https:\/\/med.estrategia.com\/portal\/wp-json\/wp\/v2\/users\/39"}],"replies":[{"embeddable":true,"href":"https:\/\/med.estrategia.com\/portal\/wp-json\/wp\/v2\/comments?post=111212"}],"version-history":[{"count":3,"href":"https:\/\/med.estrategia.com\/portal\/wp-json\/wp\/v2\/posts\/111212\/revisions"}],"predecessor-version":[{"id":111231,"href":"https:\/\/med.estrategia.com\/portal\/wp-json\/wp\/v2\/posts\/111212\/revisions\/111231"}],"wp:featuredmedia":[{"embeddable":true,"href":"https:\/\/med.estrategia.com\/portal\/wp-json\/wp\/v2\/media\/111208"}],"wp:attachment":[{"href":"https:\/\/med.estrategia.com\/portal\/wp-json\/wp\/v2\/media?parent=111212"}],"wp:term":[{"taxonomy":"category","embeddable":true,"href":"https:\/\/med.estrategia.com\/portal\/wp-json\/wp\/v2\/categories?post=111212"},{"taxonomy":"post_tag","embeddable":true,"href":"https:\/\/med.estrategia.com\/portal\/wp-json\/wp\/v2\/tags?post=111212"},{"taxonomy":"wl_entity_type","embeddable":true,"href":"https:\/\/med.estrategia.com\/portal\/wp-json\/wp\/v2\/wl_entity_type?post=111212"}],"curies":[{"name":"wp","href":"https:\/\/api.w.org\/{rel}","templated":true}]}}