{"id":111446,"date":"2026-06-30T22:35:50","date_gmt":"2026-07-01T01:35:50","guid":{"rendered":"https:\/\/med.estrategia.com\/portal\/?p=111446"},"modified":"2026-07-01T09:06:24","modified_gmt":"2026-07-01T12:06:24","slug":"resumo-sobre-radiculopatia-cervical-definicao-manifestacoes-clinicas-e-mais","status":"publish","type":"post","link":"https:\/\/med.estrategia.com\/portal\/outros\/resumo-sobre-radiculopatia-cervical-definicao-manifestacoes-clinicas-e-mais\/","title":{"rendered":"Resumo sobre Radiculopatia Cervical: defini\u00e7\u00e3o, manifesta\u00e7\u00f5es cl\u00ednicas e mais!"},"content":{"rendered":"<p class=\"wp-block-paragraph\">E a&iacute;, doc! Vamos explorar mais um tema essencial? Hoje o foco &eacute; a <strong>radiculopatia cervical<\/strong>, uma condi&ccedil;&atilde;o caracterizada pela compress&atilde;o ou irrita&ccedil;&atilde;o de uma raiz nervosa na coluna cervical, geralmente causada por h&eacute;rnia de disco ou altera&ccedil;&otilde;es degenerativas.&nbsp;<p class=\"wp-block-paragraph\">O <strong>Estrat&eacute;gia MED<\/strong> est&aacute; aqui para descomplicar esse conceito e ajudar voc&ecirc; a aprofundar seus conhecimentos, promovendo uma pr&aacute;tica cl&iacute;nica cada vez mais eficaz e segura.<\/p><p class=\"wp-block-paragraph\">Vamos nessa!<\/p><div id=\"ez-toc-container\" class=\"ez-toc-v2_0_86 counter-hierarchy ez-toc-counter ez-toc-transparent ez-toc-container-direction\">\n<div class=\"ez-toc-title-container\"><p class=\"ez-toc-title\" style=\"cursor:inherit\">Navegue pelo conte\u00fado<\/p>\n<\/div><nav><ul class='ez-toc-list ez-toc-list-level-1 ' ><li class='ez-toc-page-1 ez-toc-heading-level-2'><a class=\"ez-toc-link ez-toc-heading-1\" href=\"https:\/\/med.estrategia.com\/portal\/outros\/resumo-sobre-radiculopatia-cervical-definicao-manifestacoes-clinicas-e-mais\/#Definicao-de-Radiculopatia-Cervical\" >Defini&ccedil;&atilde;o de Radiculopatia Cervical<\/a><\/li><li class='ez-toc-page-1 ez-toc-heading-level-2'><a class=\"ez-toc-link ez-toc-heading-2\" href=\"https:\/\/med.estrategia.com\/portal\/outros\/resumo-sobre-radiculopatia-cervical-definicao-manifestacoes-clinicas-e-mais\/#Etiologia-da-Radiculopatia-Cervical\" >Etiologia da Radiculopatia Cervical<\/a><\/li><li class='ez-toc-page-1 ez-toc-heading-level-2'><a class=\"ez-toc-link ez-toc-heading-3\" href=\"https:\/\/med.estrategia.com\/portal\/outros\/resumo-sobre-radiculopatia-cervical-definicao-manifestacoes-clinicas-e-mais\/#Fisiopatologia-da-Radiculopatia-Cervical\" >Fisiopatologia da Radiculopatia Cervical<\/a><\/li><li class='ez-toc-page-1 ez-toc-heading-level-2'><a class=\"ez-toc-link ez-toc-heading-4\" href=\"https:\/\/med.estrategia.com\/portal\/outros\/resumo-sobre-radiculopatia-cervical-definicao-manifestacoes-clinicas-e-mais\/#Manifestacoes-clinicas-da-Radiculopatia-Cervical\" >Manifesta&ccedil;&otilde;es cl&iacute;nicas da Radiculopatia Cervical<\/a><\/li><li class='ez-toc-page-1 ez-toc-heading-level-2'><a class=\"ez-toc-link ez-toc-heading-5\" href=\"https:\/\/med.estrategia.com\/portal\/outros\/resumo-sobre-radiculopatia-cervical-definicao-manifestacoes-clinicas-e-mais\/#Diagnostico-da-Radiculopatia-Cervical\" >Diagn&oacute;stico da Radiculopatia Cervical<\/a><\/li><li class='ez-toc-page-1 ez-toc-heading-level-2'><a class=\"ez-toc-link ez-toc-heading-6\" href=\"https:\/\/med.estrategia.com\/portal\/outros\/resumo-sobre-radiculopatia-cervical-definicao-manifestacoes-clinicas-e-mais\/#Tratamento-da-Radiculopatia-Cervical\" >Tratamento da Radiculopatia Cervical<\/a><\/li><li class='ez-toc-page-1 ez-toc-heading-level-2'><a class=\"ez-toc-link ez-toc-heading-7\" href=\"https:\/\/med.estrategia.com\/portal\/outros\/resumo-sobre-radiculopatia-cervical-definicao-manifestacoes-clinicas-e-mais\/#Referencias\" >Refer&ecirc;ncias<\/a><\/li><\/ul><\/nav><\/div>\n<h2 class=\"wp-block-heading\" id=\"h-definicao-de-radiculopatia-cervical\"><span class=\"ez-toc-section\" id=\"Definicao-de-Radiculopatia-Cervical\"><\/span>Defini&ccedil;&atilde;o de Radiculopatia Cervical<span class=\"ez-toc-section-end\"><\/span><\/h2><p class=\"wp-block-paragraph\">A radiculopatia cervical &eacute; uma condi&ccedil;&atilde;o em que ocorre compress&atilde;o ou comprometimento de uma raiz nervosa na coluna cervical, geralmente por compress&atilde;o mec&acirc;nica. Essa imping&ecirc;ncia da raiz nervosa pode gerar dor que se irradia al&eacute;m do pesco&ccedil;o, alcan&ccedil;ando bra&ccedil;os, ombros, t&oacute;rax e regi&atilde;o superior das costas.&nbsp;<\/p><p class=\"wp-block-paragraph\">Al&eacute;m da dor, podem surgir d&eacute;ficits neurol&oacute;gicos como fraqueza muscular e redu&ccedil;&atilde;o ou perda de reflexos osteotend&iacute;neos. Em geral, a condi&ccedil;&atilde;o pode impactar significativamente a fun&ccedil;&atilde;o, a produtividade e a qualidade de vida, podendo evoluir com piora dos d&eacute;ficits quando n&atilde;o adequadamente manejada.<\/p><h2 class=\"wp-block-heading\" id=\"h-etiologia-da-radiculopatia-cervical\"><span class=\"ez-toc-section\" id=\"Etiologia-da-Radiculopatia-Cervical\"><\/span>Etiologia da Radiculopatia Cervical<span class=\"ez-toc-section-end\"><\/span><\/h2><p class=\"wp-block-paragraph\">A radiculopatia cervical ocorre por compress&atilde;o ou inflama&ccedil;&atilde;o qu&iacute;mica de uma raiz nervosa espinhal. Em pacientes mais jovens, as causas mais comuns s&atilde;o trauma e h&eacute;rnia de disco. Com o envelhecimento, predominam processos degenerativos, como degenera&ccedil;&atilde;o discal nas quinta e sexta d&eacute;cadas e estenose foraminal por altera&ccedil;&otilde;es artr&oacute;sicas na s&eacute;tima d&eacute;cada.<\/p><p class=\"wp-block-paragraph\">De forma geral, a maioria dos casos est&aacute; ligada a <strong>altera&ccedil;&otilde;es espondil&oacute;ticas progressivas<\/strong> nas <strong>articula&ccedil;&otilde;es uncovertebrais<\/strong> e <strong>facet&aacute;rias <\/strong>ou &agrave; <strong>protrus&atilde;o do n&uacute;cleo pulposo<\/strong> degenerado. Isso leva &agrave; forma&ccedil;&atilde;o de oste&oacute;fitos, perda da altura discal e estreitamento do forame intervertebral, comprimindo a raiz nervosa e estruturas vasculares associadas.<\/p><p class=\"wp-block-paragraph\">Al&eacute;m da compress&atilde;o mec&acirc;nica, h&aacute; um componente <strong>isqu&ecirc;mico <\/strong>e <strong>inflamat&oacute;rio<\/strong>, com interrup&ccedil;&atilde;o do fluxo axonal e venoso e libera&ccedil;&atilde;o de mediadores pr&oacute; inflamat&oacute;rios que aumentam edema e dor.<\/p><p class=\"wp-block-paragraph\"><strong>Fatores de risco<\/strong> incluem predisposi&ccedil;&atilde;o gen&eacute;tica, tabagismo, que acelera a degenera&ccedil;&atilde;o discal, e fatores ocupacionais como flex&atilde;o cervical prolongada, trabalho com os bra&ccedil;os elevados e sobrecarga repetitiva dos membros superiores.<\/p><h2 class=\"wp-block-heading\" id=\"h-fisiopatologia-da-radiculopatia-cervical\"><span class=\"ez-toc-section\" id=\"Fisiopatologia-da-Radiculopatia-Cervical\"><\/span>Fisiopatologia da Radiculopatia Cervical<span class=\"ez-toc-section-end\"><\/span><\/h2><p class=\"wp-block-paragraph\">A fisiopatologia da radiculopatia cervical envolve a a&ccedil;&atilde;o combinada de fatores mec&acirc;nicos, inflamat&oacute;rios e vasculares sobre a raiz nervosa espinhal. O principal mecanismo &eacute; a compress&atilde;o mec&acirc;nica, causada por h&eacute;rnia discal, complexos disco osteofit&aacute;rios ou hipertrofia das articula&ccedil;&otilde;es facet&aacute;rias, o que reduz o espa&ccedil;o foraminal e pode provocar compress&atilde;o direta ou estiramento din&acirc;mico da raiz durante os movimentos do pesco&ccedil;o.<\/p><p class=\"wp-block-paragraph\">Essa compress&atilde;o leva &agrave; interrup&ccedil;&atilde;o do fluxo venoso e do transporte axonal, resultando em isquemia intraneural. Em paralelo, ocorre sensibiliza&ccedil;&atilde;o qu&iacute;mica, na qual o disco degenerado e tecidos lesionados liberam mediadores inflamat&oacute;rios como TNF alfa, interleucinas 1 e 6, subst&acirc;ncia P e bradicinina. Essas subst&acirc;ncias reduzem o limiar de ativa&ccedil;&atilde;o dos neur&ocirc;nios do g&acirc;nglio da raiz dorsal, aumentando a sensibilidade &agrave; dor, al&eacute;m de contribu&iacute;rem para edema neural e maior vulnerabilidade &agrave; compress&atilde;o.<\/p><p class=\"wp-block-paragraph\">Em muitos casos, os sintomas podem regredir com a redu&ccedil;&atilde;o da inflama&ccedil;&atilde;o e a reabsor&ccedil;&atilde;o espont&acirc;nea do material discal herniado. No entanto, a persist&ecirc;ncia ou piora de d&eacute;ficits neurol&oacute;gicos geralmente indica compress&atilde;o cont&iacute;nua da raiz nervosa, podendo exigir descompress&atilde;o cir&uacute;rgica para evitar dano funcional permanente.<\/p><h2 class=\"wp-block-heading\" id=\"h-manifestacoes-clinicas-da-radiculopatia-cervical\"><span class=\"ez-toc-section\" id=\"Manifestacoes-clinicas-da-Radiculopatia-Cervical\"><\/span>Manifesta&ccedil;&otilde;es cl&iacute;nicas da Radiculopatia Cervical<span class=\"ez-toc-section-end\"><\/span><\/h2><p class=\"wp-block-paragraph\">As manifesta&ccedil;&otilde;es cl&iacute;nicas da radiculopatia cervical podem ser organizadas em hist&oacute;ria cl&iacute;nica, sintomas associados e achados no exame f&iacute;sico.<\/p><h3 class=\"wp-block-heading\" id=\"h-historia-clinica-e-dor\">Hist&oacute;ria cl&iacute;nica e dor<\/h3><p class=\"wp-block-paragraph\">O quadro t&iacute;pico &eacute; de dor cervical com irradia&ccedil;&atilde;o para o membro superior, seguindo um padr&atilde;o dermatom&eacute;rico correspondente &agrave; raiz nervosa acometida. A dor &eacute; frequentemente descrita como em choque ou el&eacute;trica. Em geral, o in&iacute;cio &eacute; unilateral e pode variar de intensidade ao longo do tempo.<\/p><h3 class=\"wp-block-heading\" id=\"h-sintomas-associados\">Sintomas associados<\/h3><p class=\"wp-block-paragraph\">Al&eacute;m da dor, podem ocorrer:<\/p><ul class=\"wp-block-list\">\n<li>Parestesias (formigamento);<\/li>\n\n\n\n<li>Dorm&ecirc;ncia;<\/li>\n\n\n\n<li>Fraqueza muscular no territ&oacute;rio da raiz afetada.<\/li>\n<\/ul><p class=\"wp-block-paragraph\">Os sintomas tendem a piorar com extens&atilde;o do pesco&ccedil;o, rota&ccedil;&atilde;o para o lado sintom&aacute;tico e atividades com os bra&ccedil;os elevados.<\/p><h3 class=\"wp-block-heading\" id=\"h-exame-fisico\">Exame f&iacute;sico<\/h3><p class=\"wp-block-paragraph\">Os principais achados incluem:<\/p><ul class=\"wp-block-list\">\n<li>Limita&ccedil;&atilde;o da mobilidade cervical, especialmente extens&atilde;o;<\/li>\n\n\n\n<li>D&eacute;ficits motores em mi&oacute;tomos espec&iacute;ficos (C5 a T1);<\/li>\n\n\n\n<li>Altera&ccedil;&otilde;es sensitivas em distribui&ccedil;&atilde;o dermatom&eacute;rica;<\/li>\n\n\n\n<li>Redu&ccedil;&atilde;o ou assimetria de reflexos (bicipital C5 C6, braquiorradial C6, tricipital C7).<\/li>\n<\/ul><p class=\"wp-block-paragraph\">O teste de Spurling pode reproduzir a dor radicular e ajudar na confirma&ccedil;&atilde;o diagn&oacute;stica.<\/p><h3 class=\"wp-block-heading\" id=\"h-avaliacao-de-gravidade-e-mielopatia\">Avalia&ccedil;&atilde;o de gravidade e mielopatia<\/h3><p class=\"wp-block-paragraph\">&Eacute; essencial investigar sinais de comprometimento medular, que sugerem mielopatia cervical, como:<\/p><ul class=\"wp-block-list\">\n<li>Altera&ccedil;&atilde;o da marcha;<\/li>\n\n\n\n<li>Descoordena&ccedil;&atilde;o ou clumsiness das m&atilde;os;<\/li>\n\n\n\n<li>Sensa&ccedil;&atilde;o de pernas pesadas;<\/li>\n\n\n\n<li>Poss&iacute;veis altera&ccedil;&otilde;es auton&ocirc;micas.<\/li>\n<\/ul><h3 class=\"wp-block-heading\" id=\"h-sinais-de-alerta\">Sinais de alerta<\/h3><p class=\"wp-block-paragraph\">Devem ser pesquisados sinais que podem indicar infec&ccedil;&atilde;o ou neoplasia:<\/p><ul class=\"wp-block-list\">\n<li>Febre;<\/li>\n\n\n\n<li>Sudorese noturna;<\/li>\n\n\n\n<li>Perda de peso inexplicada;<\/li>\n\n\n\n<li>Imunossupress&atilde;o;<\/li>\n\n\n\n<li>Dor persistente em repouso.<\/li>\n<\/ul><h2 class=\"wp-block-heading\" id=\"h-diagnostico-da-radiculopatia-cervical\"><span class=\"ez-toc-section\" id=\"Diagnostico-da-Radiculopatia-Cervical\"><\/span>Diagn&oacute;stico da Radiculopatia Cervical<span class=\"ez-toc-section-end\"><\/span><\/h2><p class=\"wp-block-paragraph\">O diagn&oacute;stico da radiculopatia cervical &eacute; principalmente cl&iacute;nico, sendo complementado por exames de imagem e estudos eletrofisiol&oacute;gicos quando necess&aacute;rio. Nenhum exame isolado confirma o diagn&oacute;stico de forma definitiva, sendo essencial a correla&ccedil;&atilde;o entre hist&oacute;ria, exame f&iacute;sico e achados complementares.<\/p><h3 class=\"wp-block-heading\" id=\"h-exames-de-imagem\">Exames de imagem<\/h3><ul class=\"wp-block-list\">\n<li><strong>Radiografia simples<\/strong>: utilizada inicialmente na avalia&ccedil;&atilde;o de dor cervical e de membros superiores. Pode mostrar estreitamento do espa&ccedil;o discal e sinais de doen&ccedil;a degenerativa. Incid&ecirc;ncias obl&iacute;quas ajudam a identificar estreitamento foraminal relacionado aos sintomas. As incid&ecirc;ncias com flex&atilde;o e extens&atilde;o s&atilde;o &uacute;teis quando h&aacute; suspeita de instabilidade. A incid&ecirc;ncia transoral pode ser indicada se houver suspeita de les&atilde;o atlantoaxial.<\/li>\n\n\n\n<li><strong>Tomografia computadorizada (TC)<\/strong>: &eacute; mais &uacute;til em contextos traum&aacute;ticos. Permite excelente avalia&ccedil;&atilde;o &oacute;ssea e identifica estenose foraminal de origem &oacute;ssea, mas tem menor utilidade para avalia&ccedil;&atilde;o de tecidos moles.<\/li>\n\n\n\n<li><strong>Resson&acirc;ncia magn&eacute;tica (RM)<\/strong>: &eacute; o m&eacute;todo de escolha. Permite visualizar h&eacute;rnias discais, compress&atilde;o de raiz nervosa e altera&ccedil;&otilde;es degenerativas. Apesar de sua alta sensibilidade, altera&ccedil;&otilde;es como protrus&otilde;es discais ou estreitamento foraminal podem existir sem sintomas, exigindo correla&ccedil;&atilde;o cl&iacute;nica. Tamb&eacute;m pode identificar altera&ccedil;&otilde;es como mudan&ccedil;as de Modic.<\/li>\n<\/ul><h3 class=\"wp-block-heading\" id=\"h-exames-complementares\">Exames complementares<\/h3><ul class=\"wp-block-list\">\n<li><strong>Eletromiografia (EMG)<\/strong>: auxilia na confirma&ccedil;&atilde;o de disfun&ccedil;&atilde;o da raiz nervosa afetada, especialmente quando h&aacute; d&uacute;vida entre achados cl&iacute;nicos e de imagem.<\/li>\n\n\n\n<li>Bloqueio seletivo de raiz nervosa: pode ter fun&ccedil;&atilde;o diagn&oacute;stica e terap&ecirc;utica, ajudando a identificar o n&iacute;vel exato respons&aacute;vel pela dor e proporcionando al&iacute;vio tempor&aacute;rio dos sintomas.<\/li>\n<\/ul><h2 class=\"wp-block-heading\" id=\"h-tratamento-da-radiculopatia-cervical\"><span class=\"ez-toc-section\" id=\"Tratamento-da-Radiculopatia-Cervical\"><\/span>Tratamento da Radiculopatia Cervical<span class=\"ez-toc-section-end\"><\/span><\/h2><p class=\"wp-block-paragraph\">O tratamento &eacute; progressivo e tem como metas principais reduzir a dor, restaurar a fun&ccedil;&atilde;o neurol&oacute;gica e prevenir recorr&ecirc;ncias. A maioria dos pacientes evolui com melhora espont&acirc;nea, geralmente em 8 a 12 semanas, sem necessidade de interven&ccedil;&atilde;o cir&uacute;rgica.<\/p><h3 class=\"wp-block-heading\" id=\"h-tratamento-conservador\">Tratamento conservador<\/h3><p class=\"wp-block-paragraph\">O manejo inicial &eacute; cl&iacute;nico e indicado para a maioria dos casos, especialmente na fase aguda. O paciente deve ser orientado a manter atividades di&aacute;rias conforme toler&acirc;ncia, evitando repouso prolongado. A fisioterapia estruturada &eacute; um dos pilares do tratamento, pois pode acelerar a recupera&ccedil;&atilde;o funcional e reduzir a dor.&nbsp;<\/p><p class=\"wp-block-paragraph\">Medidas de suporte como travesseiro cervical e uso tempor&aacute;rio de colar cervical macio podem ser &uacute;teis em alguns casos. Terapias complementares, como acupuntura, tamb&eacute;m podem ser consideradas como adjuvantes.<\/p><p class=\"wp-block-paragraph\">Do ponto de vista medicamentoso, o controle da inflama&ccedil;&atilde;o e da dor &eacute; central. Utilizam se anti-inflamat&oacute;rios n&atilde;o esteroidais por curto per&iacute;odo, al&eacute;m de analg&eacute;sicos simples quando necess&aacute;rio. Em casos selecionados, podem ser usados f&aacute;rmacos para dor neurop&aacute;tica e corticoide oral em cursos curtos. Opioides devem ser evitados de rotina, sendo reservados apenas para situa&ccedil;&otilde;es espec&iacute;ficas.<\/p><p class=\"wp-block-paragraph\"><strong>Principais medidas conservadoras:<\/strong><\/p><ul class=\"wp-block-list\">\n<li>Manuten&ccedil;&atilde;o de atividades leves conforme toler&acirc;ncia;<\/li>\n\n\n\n<li>Fisioterapia estruturada;<\/li>\n\n\n\n<li>Uso de travesseiro cervical e colar macio por curto per&iacute;odo;<\/li>\n\n\n\n<li>AINEs por 1 a 2 semanas;<\/li>\n\n\n\n<li>Analg&eacute;sicos simples;<\/li>\n\n\n\n<li>F&aacute;rmacos para dor neurop&aacute;tica como gabapentina e pregabalina;<\/li>\n\n\n\n<li>Corticoide oral em casos selecionados;<\/li>\n\n\n\n<li>Acupuntura como terapia adjuvante.<\/li>\n<\/ul><h3 class=\"wp-block-heading\" id=\"h-injecoes-epidurais\">Inje&ccedil;&otilde;es epidurais<\/h3><p class=\"wp-block-paragraph\">As inje&ccedil;&otilde;es epidurais de corticoide s&atilde;o op&ccedil;&otilde;es intermedi&aacute;rias entre tratamento cl&iacute;nico e cir&uacute;rgico. S&atilde;o indicadas em pacientes com dor persistente ou limita&ccedil;&atilde;o funcional importante.<\/p><p class=\"wp-block-paragraph\">Esses procedimentos s&atilde;o preferencialmente realizados por via interlaminar e guiados por imagem, o que aumenta a seguran&ccedil;a. Podem proporcionar redu&ccedil;&atilde;o significativa da dor e acelerar o retorno &agrave;s atividades, com benef&iacute;cio que pode durar semanas ou meses.<\/p><p class=\"wp-block-paragraph\"><strong>Principais caracter&iacute;sticas:<\/strong><\/p><ul class=\"wp-block-list\">\n<li>Via preferencial interlaminar;<\/li>\n\n\n\n<li>Guiado por imagem;<\/li>\n\n\n\n<li>Efeito analg&eacute;sico relevante;<\/li>\n\n\n\n<li>Pode acelerar recupera&ccedil;&atilde;o funcional;<\/li>\n\n\n\n<li>Uso repetido apenas em casos selecionados.<\/li>\n<\/ul><h3 class=\"wp-block-heading\" id=\"h-tratamento-cirurgico\">Tratamento cir&uacute;rgico<\/h3><p class=\"wp-block-paragraph\">A cirurgia &eacute; indicada quando h&aacute; falha do tratamento conservador ap&oacute;s 6 a 12 semanas ou em casos com d&eacute;ficit neurol&oacute;gico progressivo ou dor incapacitante.<\/p><p class=\"wp-block-paragraph\">Existem duas abordagens principais, anterior e posterior, ambas com bons resultados quando bem indicadas. A escolha depende do tipo e localiza&ccedil;&atilde;o da compress&atilde;o.<\/p><p class=\"wp-block-paragraph\"><strong>Indica&ccedil;&otilde;es principais:<\/strong><\/p><ul class=\"wp-block-list\">\n<li>Falha do tratamento conservador por 6 a 12 semanas;<\/li>\n\n\n\n<li>Dor intensa e incapacitante persistente;<\/li>\n\n\n\n<li>D&eacute;ficit neurol&oacute;gico progressivo.<\/li>\n<\/ul><p class=\"wp-block-paragraph\"><strong>T&eacute;cnicas cir&uacute;rgicas:<\/strong><\/p><ul class=\"wp-block-list\">\n<li>Abordagem anterior: discectomia com fus&atilde;o ou artroplastia discal;<\/li>\n\n\n\n<li>Abordagem posterior: foraminotomia com ou sem remo&ccedil;&atilde;o de fragmento discal.<\/li>\n<\/ul><h2 class=\"wp-block-heading\" id=\"h-referencias\"><span class=\"ez-toc-section\" id=\"Referencias\"><\/span>Refer&ecirc;ncias<span class=\"ez-toc-section-end\"><\/span><\/h2><p class=\"wp-block-paragraph\">Margetis K, Magnus W, Mesfin FB. Cervical Radiculopathy. [Updated 2025 Aug 6]. In: StatPearls [Internet]. Treasure Island (FL): StatPearls Publishing; 2026 Jan-. Available from: <a href=\"https:\/\/www.ncbi.nlm.nih.gov\/books\/NBK441828\/\" target=\"_blank\" rel=\"noopener noreferrer\">https:\/\/www.ncbi.nlm.nih.gov\/books\/NBK441828\/<\/a><\/p><p class=\"wp-block-paragraph\">Milind J Kothari, DOKathy Chuang, MD. <strong>Clinical features and diagnosis of cervical radiculopathy<\/strong>. UpToDate, 2025. Dispon&iacute;vel em: <a href=\"https:\/\/www.uptodate.com\/contents\/clinical-features-and-diagnosis-of-cervical-radiculopathy?search=radiculopatia%20cervical&amp;source=search_result&amp;selectedTitle=2~43&amp;usage_type=default&amp;display_rank=2&amp;searchCorrelationId=1d5685cc-cd72-4a03-9dc0-55d4fbd9d7bf&amp;searchCorrelationTerm=radiculopatia%20cervical\" target=\"_blank\" rel=\"noopener noreferrer\">UpToDate<\/a><\/p><p class=\"wp-block-paragraph\"><a id=\"cta\" class=\"cta-imagem\" href=\"https:\/\/med.estrategia.com\/cursos\/gratuitos\/\" target=\"blank\">\n                <img decoding=\"async\" width=\"100%\" src=\"https:\/\/med.estrategia.com\/portal\/wp-content\/uploads\/2025\/08\/cursos_gratuitos.jpg\" alt=\"cursos gratuitos\" title=\"cursos_gratuitos\">\n        <\/a>\n<\/p><\/p>\n","protected":false},"excerpt":{"rendered":"E a&iacute;, doc! Vamos explorar mais um tema essencial? Hoje o foco &eacute; a radiculopatia cervical, uma condi&ccedil;&atilde;o&hellip;\n","protected":false},"author":53,"featured_media":111447,"comment_status":"closed","ping_status":"closed","sticky":false,"template":"","format":"standard","meta":{"wl_entities_gutenberg":"","footnotes":""},"categories":[1],"tags":[],"wl_entity_type":[199],"class_list":["post-111446","post","type-post","status-publish","format-standard","has-post-thumbnail","category-outros","wl_entity_type-article"],"acf":[],"yoast_head":"<!-- This site is optimized with the Yoast SEO Premium plugin v26.6 (Yoast SEO v26.6) - https:\/\/yoast.com\/wordpress\/plugins\/seo\/ -->\n<title>Resumo sobre Radiculopatia Cervical: defini\u00e7\u00e3o, manifesta\u00e7\u00f5es cl\u00ednicas e mais!<\/title>\n<meta name=\"description\" content=\"A radiculopatia cervical \u00e9 uma condi\u00e7\u00e3o caracterizada pela compress\u00e3o ou irrita\u00e7\u00e3o de uma raiz nervosa na coluna cervical. Entenda!\" \/>\n<meta name=\"robots\" content=\"index, follow, max-snippet:-1, max-image-preview:large, max-video-preview:-1\" \/>\n<link rel=\"canonical\" href=\"https:\/\/med.estrategia.com\/portal\/outros\/resumo-sobre-radiculopatia-cervical-definicao-manifestacoes-clinicas-e-mais\/\" \/>\n<meta property=\"og:locale\" content=\"pt_BR\" \/>\n<meta property=\"og:type\" content=\"article\" \/>\n<meta property=\"og:title\" content=\"Resumo sobre Radiculopatia Cervical: defini\u00e7\u00e3o, manifesta\u00e7\u00f5es cl\u00ednicas e mais!\" \/>\n<meta property=\"og:description\" content=\"A radiculopatia cervical \u00e9 uma condi\u00e7\u00e3o caracterizada pela compress\u00e3o ou irrita\u00e7\u00e3o de uma raiz nervosa na coluna cervical. Entenda!\" \/>\n<meta property=\"og:url\" content=\"https:\/\/med.estrategia.com\/portal\/outros\/resumo-sobre-radiculopatia-cervical-definicao-manifestacoes-clinicas-e-mais\/\" \/>\n<meta property=\"og:site_name\" content=\"Estrat\u00e9gia MED\" \/>\n<meta property=\"article:publisher\" content=\"https:\/\/www.facebook.com\/estrategiamed1\" \/>\n<meta property=\"article:published_time\" content=\"2026-07-01T01:35:50+00:00\" \/>\n<meta property=\"article:modified_time\" content=\"2026-07-01T12:06:24+00:00\" \/>\n<meta property=\"og:image\" content=\"https:\/\/med.estrategia.com\/portal\/wp-content\/uploads\/2026\/06\/cervicalgia.png\" \/>\n\t<meta property=\"og:image:width\" content=\"576\" \/>\n\t<meta property=\"og:image:height\" content=\"378\" \/>\n\t<meta property=\"og:image:type\" content=\"image\/png\" \/>\n<meta name=\"author\" content=\"Laelson Junior\" \/>\n<meta name=\"twitter:card\" content=\"summary_large_image\" \/>\n<meta name=\"twitter:creator\" content=\"@estrategiamed_\" \/>\n<meta name=\"twitter:site\" content=\"@estrategiamed_\" \/>\n<meta name=\"twitter:label1\" content=\"Escrito por\" \/>\n\t<meta name=\"twitter:data1\" content=\"Laelson Junior\" \/>\n\t<meta name=\"twitter:label2\" content=\"Est. tempo de leitura\" \/>\n\t<meta name=\"twitter:data2\" content=\"8 minutos\" \/>\n<script type=\"application\/ld+json\" class=\"yoast-schema-graph\">{\"@context\":\"https:\/\/schema.org\",\"@graph\":[{\"@type\":\"WebPage\",\"@id\":\"https:\/\/med.estrategia.com\/portal\/outros\/resumo-sobre-radiculopatia-cervical-definicao-manifestacoes-clinicas-e-mais\/\",\"url\":\"https:\/\/med.estrategia.com\/portal\/outros\/resumo-sobre-radiculopatia-cervical-definicao-manifestacoes-clinicas-e-mais\/\",\"name\":\"Resumo sobre Radiculopatia Cervical: defini\u00e7\u00e3o, manifesta\u00e7\u00f5es cl\u00ednicas e mais!\",\"isPartOf\":{\"@id\":\"https:\/\/med.estrategia.com\/portal\/#website\"},\"primaryImageOfPage\":{\"@id\":\"https:\/\/med.estrategia.com\/portal\/outros\/resumo-sobre-radiculopatia-cervical-definicao-manifestacoes-clinicas-e-mais\/#primaryimage\"},\"image\":{\"@id\":\"https:\/\/med.estrategia.com\/portal\/outros\/resumo-sobre-radiculopatia-cervical-definicao-manifestacoes-clinicas-e-mais\/#primaryimage\"},\"thumbnailUrl\":\"https:\/\/med.estrategia.com\/portal\/wp-content\/uploads\/2026\/06\/cervicalgia.png\",\"datePublished\":\"2026-07-01T01:35:50+00:00\",\"dateModified\":\"2026-07-01T12:06:24+00:00\",\"author\":{\"@id\":\"https:\/\/med.estrategia.com\/portal\/#\/schema\/person\/d67a9b23b48ad79833939ef92444e548\"},\"description\":\"A radiculopatia cervical \u00e9 uma condi\u00e7\u00e3o caracterizada pela compress\u00e3o ou irrita\u00e7\u00e3o de uma raiz nervosa na coluna cervical. Entenda!\",\"breadcrumb\":{\"@id\":\"https:\/\/med.estrategia.com\/portal\/outros\/resumo-sobre-radiculopatia-cervical-definicao-manifestacoes-clinicas-e-mais\/#breadcrumb\"},\"inLanguage\":\"pt-BR\",\"potentialAction\":[{\"@type\":\"ReadAction\",\"target\":[\"https:\/\/med.estrategia.com\/portal\/outros\/resumo-sobre-radiculopatia-cervical-definicao-manifestacoes-clinicas-e-mais\/\"]}]},{\"@type\":\"ImageObject\",\"inLanguage\":\"pt-BR\",\"@id\":\"https:\/\/med.estrategia.com\/portal\/outros\/resumo-sobre-radiculopatia-cervical-definicao-manifestacoes-clinicas-e-mais\/#primaryimage\",\"url\":\"https:\/\/med.estrategia.com\/portal\/wp-content\/uploads\/2026\/06\/cervicalgia.png\",\"contentUrl\":\"https:\/\/med.estrategia.com\/portal\/wp-content\/uploads\/2026\/06\/cervicalgia.png\",\"width\":576,\"height\":378,\"caption\":\"Fonte: Magnifict\"},{\"@type\":\"BreadcrumbList\",\"@id\":\"https:\/\/med.estrategia.com\/portal\/outros\/resumo-sobre-radiculopatia-cervical-definicao-manifestacoes-clinicas-e-mais\/#breadcrumb\",\"itemListElement\":[{\"@type\":\"ListItem\",\"position\":1,\"name\":\"Home\",\"item\":\"https:\/\/med.estrategia.com\/portal\/\"},{\"@type\":\"ListItem\",\"position\":2,\"name\":\"Outros\",\"item\":\"https:\/\/med.estrategia.com\/portal\/outros\/\"},{\"@type\":\"ListItem\",\"position\":3,\"name\":\"Resumo sobre Radiculopatia Cervical: defini\u00e7\u00e3o, manifesta\u00e7\u00f5es cl\u00ednicas e mais!\"}]},{\"@type\":\"WebSite\",\"@id\":\"https:\/\/med.estrategia.com\/portal\/#website\",\"url\":\"https:\/\/med.estrategia.com\/portal\/\",\"name\":\"Estrat\u00e9gia MED\",\"description\":\"\",\"potentialAction\":[{\"@type\":\"SearchAction\",\"target\":{\"@type\":\"EntryPoint\",\"urlTemplate\":\"https:\/\/med.estrategia.com\/portal\/?s={search_term_string}\"},\"query-input\":{\"@type\":\"PropertyValueSpecification\",\"valueRequired\":true,\"valueName\":\"search_term_string\"}}],\"inLanguage\":\"pt-BR\"},{\"@type\":\"Person\",\"@id\":\"https:\/\/med.estrategia.com\/portal\/#\/schema\/person\/d67a9b23b48ad79833939ef92444e548\",\"name\":\"Laelson Junior\",\"image\":{\"@type\":\"ImageObject\",\"inLanguage\":\"pt-BR\",\"@id\":\"https:\/\/med.estrategia.com\/portal\/#\/schema\/person\/image\/\",\"url\":\"https:\/\/med.estrategia.com\/portal\/wp-content\/uploads\/2025\/08\/HE4_3032-150x150.jpg\",\"contentUrl\":\"https:\/\/med.estrategia.com\/portal\/wp-content\/uploads\/2025\/08\/HE4_3032-150x150.jpg\",\"caption\":\"Laelson Junior\"},\"description\":\"M\u00e9dico, sergipano morando na Bahia, crist\u00e3o, cin\u00e9filo. Cada vez mais me surpreendo e admiro o mundo da medicina. Gosto de pegar uma praia sempre e estar em contato com a natureza.\",\"sameAs\":[\"http:\/\/estrategia.com\"],\"url\":\"https:\/\/med.estrategia.com\/portal\/author\/laelson-junior\/\"}]}<\/script>\n<!-- \/ Yoast SEO Premium plugin. -->","yoast_head_json":{"title":"Resumo sobre Radiculopatia Cervical: defini\u00e7\u00e3o, manifesta\u00e7\u00f5es cl\u00ednicas e mais!","description":"A radiculopatia cervical \u00e9 uma condi\u00e7\u00e3o caracterizada pela compress\u00e3o ou irrita\u00e7\u00e3o de uma raiz nervosa na coluna cervical. Entenda!","robots":{"index":"index","follow":"follow","max-snippet":"max-snippet:-1","max-image-preview":"max-image-preview:large","max-video-preview":"max-video-preview:-1"},"canonical":"https:\/\/med.estrategia.com\/portal\/outros\/resumo-sobre-radiculopatia-cervical-definicao-manifestacoes-clinicas-e-mais\/","og_locale":"pt_BR","og_type":"article","og_title":"Resumo sobre Radiculopatia Cervical: defini\u00e7\u00e3o, manifesta\u00e7\u00f5es cl\u00ednicas e mais!","og_description":"A radiculopatia cervical \u00e9 uma condi\u00e7\u00e3o caracterizada pela compress\u00e3o ou irrita\u00e7\u00e3o de uma raiz nervosa na coluna cervical. Entenda!","og_url":"https:\/\/med.estrategia.com\/portal\/outros\/resumo-sobre-radiculopatia-cervical-definicao-manifestacoes-clinicas-e-mais\/","og_site_name":"Estrat\u00e9gia MED","article_publisher":"https:\/\/www.facebook.com\/estrategiamed1","article_published_time":"2026-07-01T01:35:50+00:00","article_modified_time":"2026-07-01T12:06:24+00:00","og_image":[{"width":576,"height":378,"url":"https:\/\/med.estrategia.com\/portal\/wp-content\/uploads\/2026\/06\/cervicalgia.png","type":"image\/png"}],"author":"Laelson Junior","twitter_card":"summary_large_image","twitter_creator":"@estrategiamed_","twitter_site":"@estrategiamed_","twitter_misc":{"Escrito por":"Laelson Junior","Est. tempo de leitura":"8 minutos"},"schema":{"@context":"https:\/\/schema.org","@graph":[{"@type":"WebPage","@id":"https:\/\/med.estrategia.com\/portal\/outros\/resumo-sobre-radiculopatia-cervical-definicao-manifestacoes-clinicas-e-mais\/","url":"https:\/\/med.estrategia.com\/portal\/outros\/resumo-sobre-radiculopatia-cervical-definicao-manifestacoes-clinicas-e-mais\/","name":"Resumo sobre Radiculopatia Cervical: defini\u00e7\u00e3o, manifesta\u00e7\u00f5es cl\u00ednicas e mais!","isPartOf":{"@id":"https:\/\/med.estrategia.com\/portal\/#website"},"primaryImageOfPage":{"@id":"https:\/\/med.estrategia.com\/portal\/outros\/resumo-sobre-radiculopatia-cervical-definicao-manifestacoes-clinicas-e-mais\/#primaryimage"},"image":{"@id":"https:\/\/med.estrategia.com\/portal\/outros\/resumo-sobre-radiculopatia-cervical-definicao-manifestacoes-clinicas-e-mais\/#primaryimage"},"thumbnailUrl":"https:\/\/med.estrategia.com\/portal\/wp-content\/uploads\/2026\/06\/cervicalgia.png","datePublished":"2026-07-01T01:35:50+00:00","dateModified":"2026-07-01T12:06:24+00:00","author":{"@id":"https:\/\/med.estrategia.com\/portal\/#\/schema\/person\/d67a9b23b48ad79833939ef92444e548"},"description":"A radiculopatia cervical \u00e9 uma condi\u00e7\u00e3o caracterizada pela compress\u00e3o ou irrita\u00e7\u00e3o de uma raiz nervosa na coluna cervical. Entenda!","breadcrumb":{"@id":"https:\/\/med.estrategia.com\/portal\/outros\/resumo-sobre-radiculopatia-cervical-definicao-manifestacoes-clinicas-e-mais\/#breadcrumb"},"inLanguage":"pt-BR","potentialAction":[{"@type":"ReadAction","target":["https:\/\/med.estrategia.com\/portal\/outros\/resumo-sobre-radiculopatia-cervical-definicao-manifestacoes-clinicas-e-mais\/"]}]},{"@type":"ImageObject","inLanguage":"pt-BR","@id":"https:\/\/med.estrategia.com\/portal\/outros\/resumo-sobre-radiculopatia-cervical-definicao-manifestacoes-clinicas-e-mais\/#primaryimage","url":"https:\/\/med.estrategia.com\/portal\/wp-content\/uploads\/2026\/06\/cervicalgia.png","contentUrl":"https:\/\/med.estrategia.com\/portal\/wp-content\/uploads\/2026\/06\/cervicalgia.png","width":576,"height":378,"caption":"Fonte: Magnifict"},{"@type":"BreadcrumbList","@id":"https:\/\/med.estrategia.com\/portal\/outros\/resumo-sobre-radiculopatia-cervical-definicao-manifestacoes-clinicas-e-mais\/#breadcrumb","itemListElement":[{"@type":"ListItem","position":1,"name":"Home","item":"https:\/\/med.estrategia.com\/portal\/"},{"@type":"ListItem","position":2,"name":"Outros","item":"https:\/\/med.estrategia.com\/portal\/outros\/"},{"@type":"ListItem","position":3,"name":"Resumo sobre Radiculopatia Cervical: defini\u00e7\u00e3o, manifesta\u00e7\u00f5es cl\u00ednicas e mais!"}]},{"@type":"WebSite","@id":"https:\/\/med.estrategia.com\/portal\/#website","url":"https:\/\/med.estrategia.com\/portal\/","name":"Estrat\u00e9gia MED","description":"","potentialAction":[{"@type":"SearchAction","target":{"@type":"EntryPoint","urlTemplate":"https:\/\/med.estrategia.com\/portal\/?s={search_term_string}"},"query-input":{"@type":"PropertyValueSpecification","valueRequired":true,"valueName":"search_term_string"}}],"inLanguage":"pt-BR"},{"@type":"Person","@id":"https:\/\/med.estrategia.com\/portal\/#\/schema\/person\/d67a9b23b48ad79833939ef92444e548","name":"Laelson Junior","image":{"@type":"ImageObject","inLanguage":"pt-BR","@id":"https:\/\/med.estrategia.com\/portal\/#\/schema\/person\/image\/","url":"https:\/\/med.estrategia.com\/portal\/wp-content\/uploads\/2025\/08\/HE4_3032-150x150.jpg","contentUrl":"https:\/\/med.estrategia.com\/portal\/wp-content\/uploads\/2025\/08\/HE4_3032-150x150.jpg","caption":"Laelson Junior"},"description":"M\u00e9dico, sergipano morando na Bahia, crist\u00e3o, cin\u00e9filo. Cada vez mais me surpreendo e admiro o mundo da medicina. Gosto de pegar uma praia sempre e estar em contato com a natureza.","sameAs":["http:\/\/estrategia.com"],"url":"https:\/\/med.estrategia.com\/portal\/author\/laelson-junior\/"}]}},"_wl_alt_label":[],"wl:entity_url":"\/post\/resumo-sobre-radiculopatia-cervical-definicao-manifestacoes-clinicas-e-mais-111446","_links":{"self":[{"href":"https:\/\/med.estrategia.com\/portal\/wp-json\/wp\/v2\/posts\/111446","targetHints":{"allow":["GET"]}}],"collection":[{"href":"https:\/\/med.estrategia.com\/portal\/wp-json\/wp\/v2\/posts"}],"about":[{"href":"https:\/\/med.estrategia.com\/portal\/wp-json\/wp\/v2\/types\/post"}],"author":[{"embeddable":true,"href":"https:\/\/med.estrategia.com\/portal\/wp-json\/wp\/v2\/users\/53"}],"replies":[{"embeddable":true,"href":"https:\/\/med.estrategia.com\/portal\/wp-json\/wp\/v2\/comments?post=111446"}],"version-history":[{"count":2,"href":"https:\/\/med.estrategia.com\/portal\/wp-json\/wp\/v2\/posts\/111446\/revisions"}],"predecessor-version":[{"id":111461,"href":"https:\/\/med.estrategia.com\/portal\/wp-json\/wp\/v2\/posts\/111446\/revisions\/111461"}],"wp:featuredmedia":[{"embeddable":true,"href":"https:\/\/med.estrategia.com\/portal\/wp-json\/wp\/v2\/media\/111447"}],"wp:attachment":[{"href":"https:\/\/med.estrategia.com\/portal\/wp-json\/wp\/v2\/media?parent=111446"}],"wp:term":[{"taxonomy":"category","embeddable":true,"href":"https:\/\/med.estrategia.com\/portal\/wp-json\/wp\/v2\/categories?post=111446"},{"taxonomy":"post_tag","embeddable":true,"href":"https:\/\/med.estrategia.com\/portal\/wp-json\/wp\/v2\/tags?post=111446"},{"taxonomy":"wl_entity_type","embeddable":true,"href":"https:\/\/med.estrategia.com\/portal\/wp-json\/wp\/v2\/wl_entity_type?post=111446"}],"curies":[{"name":"wp","href":"https:\/\/api.w.org\/{rel}","templated":true}]}}