{"id":111636,"date":"2026-07-16T22:10:15","date_gmt":"2026-07-17T01:10:15","guid":{"rendered":"https:\/\/med.estrategia.com\/portal\/?p=111636"},"modified":"2026-08-19T10:53:37","modified_gmt":"2026-08-19T13:53:37","slug":"enare-2026-2027-inscritos-recorde","status":"publish","type":"post","link":"https:\/\/med.estrategia.com\/portal\/noticias\/enare-2026-2027-inscritos-recorde\/","title":{"rendered":"ENARE 2026\/2027: exame bate recordes; veja a evolu\u00e7\u00e3o de inscritos e vagas"},"content":{"rendered":"<p class=\"wp-block-paragraph\">A <strong>HU Brasil<\/strong>, antiga Ebserh, divulgou no dia 16 de julho a rela&ccedil;&atilde;o preliminar de candidatos inscritos nos programas de <strong>resid&ecirc;ncia m&eacute;dica de Acesso Direto<\/strong> <strong>do ENARE 2026\/2027<\/strong>. Posteriormente, no dia 30 do mesmo m&ecirc;s, foi divulgada a rela&ccedil;&atilde;o preliminar de candidatos inscritos nos programas com pr&eacute;-requisito exigido, assim como de &aacute;reas de atua&ccedil;&atilde;o e anos adicionais.<p class=\"wp-block-paragraph\">Mesmo antes da homologa&ccedil;&atilde;o definitiva das inscri&ccedil;&otilde;es, a nova edi&ccedil;&atilde;o do Exame Nacional de Resid&ecirc;ncia <strong>j&aacute; registra um<\/strong> <strong>novo recorde de participantes<\/strong>, refor&ccedil;ando a expans&atilde;o do exame, que cresce ano ap&oacute;s ano com a ades&atilde;o de novas institui&ccedil;&otilde;es e a amplia&ccedil;&atilde;o da oferta de vagas.<\/p><p class=\"wp-block-paragraph\">Segundo a rela&ccedil;&atilde;o definitiva de inscritos, foram contabilizadas <strong>89.933 inscri&ccedil;&otilde;es para os programas de Acesso Direto<\/strong>, superando as <strong>80.127 inscri&ccedil;&otilde;es homologadas<\/strong> <a href=\"https:\/\/med.estrategia.com\/portal\/noticias\/enare-2025-2026-bate-novo-recorde-e-ultrapassa-87-mil-inscricoes-para-residencia-medica\/\" target=\"_blank\">registradas na modalidade na edi&ccedil;&atilde;o anterior<\/a>. Os n&uacute;meros foram atualizados ap&oacute;s o per&iacute;odo de recursos, j&aacute; que a <strong>rela&ccedil;&atilde;o definitiva de candidatos inscritos foi publicada apenas em<\/strong> <strong>31 de julho<\/strong>.<\/p><p class=\"wp-block-paragraph\">J&aacute; para as <strong>especialidades R+<\/strong>, foram contabilizadas <strong>8.101 inscri&ccedil;&otilde;es preliminares<\/strong>. A rela&ccedil;&atilde;o definitiva, divulgada no dia 18 de agosto, <strong>n&atilde;o trouxe modifica&ccedil;&otilde;es no total de candidatos<\/strong>.<\/p><div class=\"wp-block-buttons is-content-justification-center is-layout-flex wp-container-core-buttons-is-layout-fe48e5de wp-block-buttons-is-layout-flex\">\n<div class=\"wp-block-button\"><a class=\"wp-block-button__link wp-element-button\" href=\"https:\/\/enare2026.conhecimento.fgv.br\/docs\/3aea57ca8c6880f59761c95bdbb6a0a0.pdf?v=6bc1ef7d\" target=\"_blank\">inscri&ccedil;&otilde;es definitivas &ndash; acesso direto (31\/07\/2026)<\/a><\/div>\n\n\n\n<div class=\"wp-block-button\"><a class=\"wp-block-button__link wp-element-button\" href=\"https:\/\/med.estrategia.com\/portal\/wp-content\/uploads\/2026\/08\/resultado_definitivo_inscritos_pr_aa_aa.pdf\" target=\"_blank\">inscri&ccedil;&otilde;es definitivas &ndash; r+ (18\/08\/2026)<\/a><\/div>\n<\/div><div class=\"wp-block-buttons is-content-justification-center is-layout-flex wp-container-core-buttons-is-layout-fe48e5de wp-block-buttons-is-layout-flex\">\n<div class=\"wp-block-button\"><a class=\"wp-block-button__link wp-element-button\" href=\"https:\/\/med.estrategia.com\/portal\/residencia-medica\/enare-relacao-candidato-vaga\/\" target=\"_blank\">confira tamb&eacute;m a concorr&ecirc;ncia do enare 2026\/2027!<\/a><\/div>\n<\/div><p class=\"wp-block-verse\">Para a atual sele&ccedil;&atilde;o de resid&ecirc;ncia m&eacute;dica, est&atilde;o dispon&iacute;veis&nbsp;<strong>6.034 vagas de acesso direto<\/strong>, al&eacute;m de&nbsp;<strong>2.253 vagas voltadas a pr&eacute;-requisito, ano adicional e &aacute;rea de atua&ccedil;&atilde;o (R+)<\/strong>.&nbsp;<em>Esses n&uacute;meros correspondem &agrave; atualiza&ccedil;&atilde;o do quadro de vagas realizada em 6 de julho de 2026 e podem sofrer altera&ccedil;&otilde;es<\/em>.<\/p><div class=\"wp-block-buttons is-content-justification-center is-layout-flex wp-container-core-buttons-is-layout-fe48e5de wp-block-buttons-is-layout-flex\">\n<div class=\"wp-block-button\"><a class=\"wp-block-button__link wp-element-button\" href=\"https:\/\/enare2026.conhecimento.fgv.br\/vagas\/medica-acesso-direto\/\" target=\"_blank\" rel=\"noopener noreferrer\">QUADRO DE VAGAS &ndash; ACESSO DIRETO<\/a><\/div>\n\n\n\n<div class=\"wp-block-button\"><a class=\"wp-block-button__link wp-element-button\" href=\"https:\/\/enare2026.conhecimento.fgv.br\/vagas\/medica-pre-requisito\/\" target=\"_blank\">QUADRO DE VAGAS &ndash; R+<\/a><\/div>\n<\/div><p class=\"wp-block-verse has-text-align-center\"><strong>Aviso<\/strong>: Os candidatos devem acompanhar poss&iacute;veis retifica&ccedil;&otilde;es na p&aacute;gina oficial do processo seletivo.<\/p><div id=\"ez-toc-container\" class=\"ez-toc-v2_0_86 counter-hierarchy ez-toc-counter ez-toc-transparent ez-toc-container-direction\">\n<div class=\"ez-toc-title-container\"><p class=\"ez-toc-title\" style=\"cursor:inherit\">Navegue pelo conte\u00fado<\/p>\n<\/div><nav><ul class='ez-toc-list ez-toc-list-level-1 ' ><li class='ez-toc-page-1 ez-toc-heading-level-2'><a class=\"ez-toc-link ez-toc-heading-1\" href=\"https:\/\/med.estrategia.com\/portal\/noticias\/enare-2026-2027-inscritos-recorde\/#Evolucao-das-inscricoes-no-ENARE\" >Evolu&ccedil;&atilde;o das inscri&ccedil;&otilde;es no ENARE<\/a><\/li><li class='ez-toc-page-1 ez-toc-heading-level-2'><a class=\"ez-toc-link ez-toc-heading-2\" href=\"https:\/\/med.estrategia.com\/portal\/noticias\/enare-2026-2027-inscritos-recorde\/#Cronograma-Enare-20262027\" >Cronograma Enare 2026\/2027<\/a><\/li><\/ul><\/nav><\/div>\n<h2 id=\"h-evolucao-das-inscricoes-no-enare\" class=\"wp-block-heading\"><span class=\"ez-toc-section\" id=\"Evolucao-das-inscricoes-no-ENARE\"><\/span>Evolu&ccedil;&atilde;o das inscri&ccedil;&otilde;es no ENARE<span class=\"ez-toc-section-end\"><\/span><\/h2><p class=\"wp-block-paragraph\">Desde sua cria&ccedil;&atilde;o, o ENARE vem ampliando o n&uacute;mero de institui&ccedil;&otilde;es participantes, vagas ofertadas e candidatos inscritos, consolidando-se como o maior processo seletivo de resid&ecirc;ncia m&eacute;dica do Brasil. <\/p><h3 id=\"h-inscritos-por-edicao\" class=\"wp-block-heading\">Inscritos por edi&ccedil;&atilde;o<\/h3><p class=\"wp-block-paragraph\">Veja abaixo a evolu&ccedil;&atilde;o das &uacute;ltimas edi&ccedil;&otilde;es:<\/p><figure class=\"wp-block-table\"><table class=\"has-fixed-layout\"><thead><tr><th class=\"has-text-align-center\" data-align=\"center\">Edi&ccedil;&atilde;o<\/th><th class=\"has-text-align-center\" data-align=\"center\">Vagas*<\/th><th class=\"has-text-align-center\" data-align=\"center\">N&uacute;mero total de inscritos<\/th><th class=\"has-text-align-center\" data-align=\"center\">Concorr&ecirc;ncia geral**<\/th><\/tr><\/thead><tbody><tr><td class=\"has-text-align-center\" data-align=\"center\">2020<\/td><td class=\"has-text-align-center\" data-align=\"center\">302<\/td><td class=\"has-text-align-center\" data-align=\"center\">1.390<\/td><td class=\"has-text-align-center\" data-align=\"center\">4,6<\/td><\/tr><tr><td class=\"has-text-align-center\" data-align=\"center\">2021<\/td><td class=\"has-text-align-center\" data-align=\"center\">2.336<\/td><td class=\"has-text-align-center\" data-align=\"center\">18.636<\/td><td class=\"has-text-align-center\" data-align=\"center\">7,98<\/td><\/tr><tr><td class=\"has-text-align-center\" data-align=\"center\">2022<\/td><td class=\"has-text-align-center\" data-align=\"center\">2.668<\/td><td class=\"has-text-align-center\" data-align=\"center\">27.755<\/td><td class=\"has-text-align-center\" data-align=\"center\">10,4<\/td><\/tr><tr><td class=\"has-text-align-center\" data-align=\"center\">2023<\/td><td class=\"has-text-align-center\" data-align=\"center\">3.143<\/td><td class=\"has-text-align-center\" data-align=\"center\">36.556<\/td><td class=\"has-text-align-center\" data-align=\"center\">11,63<\/td><\/tr><tr><td class=\"has-text-align-center\" data-align=\"center\">2024<\/td><td class=\"has-text-align-center\" data-align=\"center\">4.874<\/td><td class=\"has-text-align-center\" data-align=\"center\">53.171<\/td><td class=\"has-text-align-center\" data-align=\"center\">10,9<\/td><\/tr><tr><td class=\"has-text-align-center\" data-align=\"center\">2025<\/td><td class=\"has-text-align-center\" data-align=\"center\">6.939<\/td><td class=\"has-text-align-center\" data-align=\"center\">87.040<\/td><td class=\"has-text-align-center\" data-align=\"center\">12,54<\/td><\/tr><tr><td class=\"has-text-align-center\" data-align=\"center\"><strong>2026<\/strong><\/td><td class=\"has-text-align-center\" data-align=\"center\"><strong>8.287<\/strong><\/td><td class=\"has-text-align-center\" data-align=\"center\"><strong>98.034<\/strong><\/td><td class=\"has-text-align-center\" data-align=\"center\">11,83<\/td><\/tr><\/tbody><\/table><figcaption class=\"wp-element-caption\">* N&uacute;mero de vagas ofertadas durante a divulga&ccedil;&atilde;o das inscri&ccedil;&otilde;es homologadas. O quadro poder&aacute; sofrer altera&ccedil;&otilde;es por meio de retifica&ccedil;&otilde;es.<br>** Quantidade de candidatos por vaga ofertada.<\/figcaption><\/figure><h3 id=\"h-evolucao-dos-inscritos-por-modalidade\" class=\"wp-block-heading\">Evolu&ccedil;&atilde;o dos inscritos por modalidade<\/h3><p class=\"wp-block-paragraph\">Confira tamb&eacute;m a evolu&ccedil;&atilde;o de inscritos entre as modalidades de programas ofertados na resid&ecirc;ncia m&eacute;dica &mdash; Acesso Direto e com Pr&eacute;-Requisito exigido (R+):<\/p><figure class=\"wp-block-table\"><table class=\"has-fixed-layout\"><thead><tr><th class=\"has-text-align-center\" data-align=\"center\">Edi&ccedil;&atilde;o<\/th><th class=\"has-text-align-center\" data-align=\"center\">Inscritos Acesso Direto<\/th><th class=\"has-text-align-center\" data-align=\"center\">Inscritos R+<\/th><\/tr><\/thead><tbody><tr><td class=\"has-text-align-center\" data-align=\"center\">2020<\/td><td class=\"has-text-align-center\" data-align=\"center\">1.244<\/td><td class=\"has-text-align-center\" data-align=\"center\">146<\/td><\/tr><tr><td class=\"has-text-align-center\" data-align=\"center\">2021<\/td><td class=\"has-text-align-center\" data-align=\"center\">15.835<\/td><td class=\"has-text-align-center\" data-align=\"center\">2.801<\/td><\/tr><tr><td class=\"has-text-align-center\" data-align=\"center\">2022<\/td><td class=\"has-text-align-center\" data-align=\"center\">24.420<\/td><td class=\"has-text-align-center\" data-align=\"center\">3.335<\/td><\/tr><tr><td class=\"has-text-align-center\" data-align=\"center\">2023<\/td><td class=\"has-text-align-center\" data-align=\"center\">32.891<\/td><td class=\"has-text-align-center\" data-align=\"center\">3.665<\/td><\/tr><tr><td class=\"has-text-align-center\" data-align=\"center\">2024<\/td><td class=\"has-text-align-center\" data-align=\"center\">48.148<\/td><td class=\"has-text-align-center\" data-align=\"center\">5.023<\/td><\/tr><tr><td class=\"has-text-align-center\" data-align=\"center\">2025<\/td><td class=\"has-text-align-center\" data-align=\"center\">80.127<\/td><td class=\"has-text-align-center\" data-align=\"center\">6.913<\/td><\/tr><tr><td class=\"has-text-align-center\" data-align=\"center\"><strong>2026<\/strong><\/td><td class=\"has-text-align-center\" data-align=\"center\"><strong>89.933<\/strong><\/td><td class=\"has-text-align-center\" data-align=\"center\"><strong>8.101<\/strong><\/td><\/tr><\/tbody><\/table><\/figure><h2 id=\"h-cronograma-enare-2026-2027\" class=\"wp-block-heading\"><span class=\"ez-toc-section\" id=\"Cronograma-Enare-20262027\"><\/span>Cronograma Enare 2026\/2027<span class=\"ez-toc-section-end\"><\/span><\/h2><p class=\"wp-block-paragraph\">Acesse o cronograma completo do Enare 2026\/2027, incluindo as retifica&ccedil;&otilde;es, clicando no bot&atilde;o abaixo:<\/p><div class=\"wp-block-buttons is-content-justification-center is-layout-flex wp-container-core-buttons-is-layout-fe48e5de wp-block-buttons-is-layout-flex\">\n<div class=\"wp-block-button\"><a class=\"wp-block-button__link wp-element-button\" href=\"https:\/\/med.estrategia.com\/portal\/residencia-medica\/enare-vagas-cronograma-provas-edital\/#Cronograma-Enare-20262027-%E2%80%93-atual-edicao\" target=\"_blank\">cronograma enare 2026\/2026<\/a><\/div>\n<\/div><p class=\"wp-block-paragraph\">Quer saber ainda mais sobre o maior processo seletivo de resid&ecirc;ncia m&eacute;dica do Brasil? Dispomos abaixo alguns artigos preparados exclusivamente para voc&ecirc;, que deseja fazer parte de um dos programas ofertados pelas institui&ccedil;&otilde;es participantes da nova edi&ccedil;&atilde;o. N&atilde;o deixe de conferir!<\/p><p class=\"wp-block-preformatted\">Tudo sobre o processo seletivo do Enare:&nbsp;<a href=\"https:\/\/med.estrategia.com\/portal\/residencia-medica\/enare-vagas-cronograma-provas-edital\/\" target=\"_blank\">Enare: edital, cronograma, vagas de resid&ecirc;ncia m&eacute;dica, prova e mais!<\/a><\/p><p class=\"wp-block-preformatted\">Tudo sobre a escolha de vagas:&nbsp;<a href=\"https:\/\/med.estrategia.com\/portal\/residencia-medica\/entenda-como-vai-funcionar-a-escolha-da-instituicao-para-o-enare\/\" target=\"_blank\">Entenda como vai funcionar a escolha da institui&ccedil;&atilde;o para o Enare 2026\/2027<\/a><\/p><p class=\"wp-block-preformatted\">Notas de corte:&nbsp;<a href=\"https:\/\/med.estrategia.com\/portal\/residencia-medica\/nota-de-corte-enare\/\" target=\"_blank\">Nota de Corte Enare: confira as pontua&ccedil;&otilde;es m&iacute;nimas das tr&ecirc;s &uacute;ltimas edi&ccedil;&otilde;es do exame<\/a><\/p><p class=\"wp-block-preformatted\">Calend&aacute;rio de Provas de resid&ecirc;ncia m&eacute;dica:&nbsp;<a href=\"https:\/\/med.estrategia.com\/portal\/residencia-medica\/calendario-de-residencia-medica-confira-as-datas-das-proximas-provas\/\" target=\"_blank\">Resid&ecirc;ncia M&eacute;dica 2026\/2027<\/a><\/p><p class=\"wp-block-paragraph\"><a id=\"cta\" class=\"cta-imagem\" href=\"https:\/\/med.estrategia.com\/cursos\/enare\/\" target=\"blank\">\n                <img decoding=\"async\" width=\"100%\" src=\"https:\/\/med.estrategia.com\/portal\/wp-content\/uploads\/2025\/08\/enamed_enare.jpg\" alt=\"enamed_enare\" title=\"enamed_enare\">\n        <\/a>\n\n\n\n<\/p><p class=\"wp-block-paragraph\"><\/p><\/p>\n","protected":false},"excerpt":{"rendered":"Edi\u00e7\u00e3o do ENARE 2026\/2027 alcan\u00e7a maior n\u00famero de inscritos da hist\u00f3ria no Acesso Direto e R+\n","protected":false},"author":39,"featured_media":110678,"comment_status":"closed","ping_status":"closed","sticky":false,"template":"","format":"standard","meta":{"wl_entities_gutenberg":"","footnotes":""},"categories":[300],"tags":[],"wl_entity_type":[199],"class_list":["post-111636","post","type-post","status-publish","format-standard","has-post-thumbnail","category-noticias","wl_entity_type-article"],"acf":[],"yoast_head":"<!-- This site is optimized with the Yoast SEO Premium plugin v26.6 (Yoast SEO v26.6) - https:\/\/yoast.com\/wordpress\/plugins\/seo\/ -->\n<title>ENARE 2026\/2027: exame bate recordes; veja a evolu\u00e7\u00e3o de inscritos e vagas<\/title>\n<meta name=\"description\" content=\"Edi\u00e7\u00e3o do ENARE 2026\/2027 alcan\u00e7a maior n\u00famero de inscritos da hist\u00f3ria no Acesso Direto e Pr\u00e9-Requisito!\" \/>\n<meta name=\"robots\" content=\"index, follow, max-snippet:-1, max-image-preview:large, max-video-preview:-1\" \/>\n<link rel=\"canonical\" href=\"https:\/\/med.estrategia.com\/portal\/noticias\/enare-2026-2027-inscritos-recorde\/\" \/>\n<meta property=\"og:locale\" content=\"pt_BR\" \/>\n<meta property=\"og:type\" content=\"article\" \/>\n<meta property=\"og:title\" content=\"ENARE 2026\/2027: exame bate recordes; veja a evolu\u00e7\u00e3o de inscritos e vagas\" \/>\n<meta property=\"og:description\" content=\"Edi\u00e7\u00e3o do ENARE 2026\/2027 alcan\u00e7a maior n\u00famero de inscritos da hist\u00f3ria no Acesso Direto e Pr\u00e9-Requisito!\" \/>\n<meta property=\"og:url\" content=\"https:\/\/med.estrategia.com\/portal\/noticias\/enare-2026-2027-inscritos-recorde\/\" \/>\n<meta property=\"og:site_name\" content=\"Estrat\u00e9gia MED\" \/>\n<meta property=\"article:publisher\" content=\"https:\/\/www.facebook.com\/estrategiamed1\" \/>\n<meta property=\"article:published_time\" content=\"2026-07-17T01:10:15+00:00\" \/>\n<meta property=\"article:modified_time\" content=\"2026-08-19T13:53:37+00:00\" \/>\n<meta property=\"og:image\" content=\"https:\/\/med.estrategia.com\/portal\/wp-content\/uploads\/2026\/04\/CAPA-ENARE.jpg\" \/>\n\t<meta property=\"og:image:width\" content=\"1920\" \/>\n\t<meta property=\"og:image:height\" content=\"1080\" \/>\n\t<meta property=\"og:image:type\" content=\"image\/jpeg\" \/>\n<meta name=\"author\" content=\"Ana Carolina Damasceno\" \/>\n<meta name=\"twitter:card\" content=\"summary_large_image\" \/>\n<meta name=\"twitter:creator\" content=\"@estrategiamed_\" \/>\n<meta name=\"twitter:site\" content=\"@estrategiamed_\" \/>\n<meta name=\"twitter:label1\" content=\"Escrito por\" \/>\n\t<meta name=\"twitter:data1\" content=\"Ana Carolina Damasceno\" \/>\n\t<meta name=\"twitter:label2\" content=\"Est. tempo de leitura\" \/>\n\t<meta name=\"twitter:data2\" content=\"3 minutos\" \/>\n<script type=\"application\/ld+json\" class=\"yoast-schema-graph\">{\"@context\":\"https:\/\/schema.org\",\"@graph\":[{\"@type\":\"WebPage\",\"@id\":\"https:\/\/med.estrategia.com\/portal\/noticias\/enare-2026-2027-inscritos-recorde\/\",\"url\":\"https:\/\/med.estrategia.com\/portal\/noticias\/enare-2026-2027-inscritos-recorde\/\",\"name\":\"ENARE 2026\/2027: exame bate recordes; veja a evolu\u00e7\u00e3o de inscritos e vagas\",\"isPartOf\":{\"@id\":\"https:\/\/med.estrategia.com\/portal\/#website\"},\"primaryImageOfPage\":{\"@id\":\"https:\/\/med.estrategia.com\/portal\/noticias\/enare-2026-2027-inscritos-recorde\/#primaryimage\"},\"image\":{\"@id\":\"https:\/\/med.estrategia.com\/portal\/noticias\/enare-2026-2027-inscritos-recorde\/#primaryimage\"},\"thumbnailUrl\":\"https:\/\/med.estrategia.com\/portal\/wp-content\/uploads\/2026\/04\/CAPA-ENARE.jpg\",\"datePublished\":\"2026-07-17T01:10:15+00:00\",\"dateModified\":\"2026-08-19T13:53:37+00:00\",\"author\":{\"@id\":\"https:\/\/med.estrategia.com\/portal\/#\/schema\/person\/2f553adbb8e25fe39d145c5b2927f58c\"},\"description\":\"Edi\u00e7\u00e3o do ENARE 2026\/2027 alcan\u00e7a maior n\u00famero de inscritos da hist\u00f3ria no Acesso Direto e Pr\u00e9-Requisito!\",\"breadcrumb\":{\"@id\":\"https:\/\/med.estrategia.com\/portal\/noticias\/enare-2026-2027-inscritos-recorde\/#breadcrumb\"},\"inLanguage\":\"pt-BR\",\"potentialAction\":[{\"@type\":\"ReadAction\",\"target\":[\"https:\/\/med.estrategia.com\/portal\/noticias\/enare-2026-2027-inscritos-recorde\/\"]}]},{\"@type\":\"ImageObject\",\"inLanguage\":\"pt-BR\",\"@id\":\"https:\/\/med.estrategia.com\/portal\/noticias\/enare-2026-2027-inscritos-recorde\/#primaryimage\",\"url\":\"https:\/\/med.estrategia.com\/portal\/wp-content\/uploads\/2026\/04\/CAPA-ENARE.jpg\",\"contentUrl\":\"https:\/\/med.estrategia.com\/portal\/wp-content\/uploads\/2026\/04\/CAPA-ENARE.jpg\",\"width\":1920,\"height\":1080},{\"@type\":\"BreadcrumbList\",\"@id\":\"https:\/\/med.estrategia.com\/portal\/noticias\/enare-2026-2027-inscritos-recorde\/#breadcrumb\",\"itemListElement\":[{\"@type\":\"ListItem\",\"position\":1,\"name\":\"Home\",\"item\":\"https:\/\/med.estrategia.com\/portal\/\"},{\"@type\":\"ListItem\",\"position\":2,\"name\":\"Not\u00edcias\",\"item\":\"https:\/\/med.estrategia.com\/portal\/noticias\/\"},{\"@type\":\"ListItem\",\"position\":3,\"name\":\"ENARE 2026\/2027: exame bate recordes; veja a evolu\u00e7\u00e3o de inscritos e vagas\"}]},{\"@type\":\"WebSite\",\"@id\":\"https:\/\/med.estrategia.com\/portal\/#website\",\"url\":\"https:\/\/med.estrategia.com\/portal\/\",\"name\":\"Estrat\u00e9gia MED\",\"description\":\"\",\"potentialAction\":[{\"@type\":\"SearchAction\",\"target\":{\"@type\":\"EntryPoint\",\"urlTemplate\":\"https:\/\/med.estrategia.com\/portal\/?s={search_term_string}\"},\"query-input\":{\"@type\":\"PropertyValueSpecification\",\"valueRequired\":true,\"valueName\":\"search_term_string\"}}],\"inLanguage\":\"pt-BR\"},{\"@type\":\"Person\",\"@id\":\"https:\/\/med.estrategia.com\/portal\/#\/schema\/person\/2f553adbb8e25fe39d145c5b2927f58c\",\"name\":\"Ana Carolina Damasceno\",\"image\":{\"@type\":\"ImageObject\",\"inLanguage\":\"pt-BR\",\"@id\":\"https:\/\/med.estrategia.com\/portal\/#\/schema\/person\/image\/\",\"url\":\"https:\/\/med.estrategia.com\/portal\/wp-content\/uploads\/2026\/07\/Sem-titulo-150x150.png\",\"contentUrl\":\"https:\/\/med.estrategia.com\/portal\/wp-content\/uploads\/2026\/07\/Sem-titulo-150x150.png\",\"caption\":\"Ana Carolina Damasceno\"},\"description\":\"Coordenadora de Jornalismo EMED. Comunicadora por natureza e forma\u00e7\u00e3o, que ama e perde a no\u00e7\u00e3o do tempo com m\u00fasica e s\u00e9rie.\",\"url\":\"https:\/\/med.estrategia.com\/portal\/author\/ana-carolina-damasceno\/\"}]}<\/script>\n<!-- \/ Yoast SEO Premium plugin. -->","yoast_head_json":{"title":"ENARE 2026\/2027: exame bate recordes; veja a evolu\u00e7\u00e3o de inscritos e vagas","description":"Edi\u00e7\u00e3o do ENARE 2026\/2027 alcan\u00e7a maior n\u00famero de inscritos da hist\u00f3ria no Acesso Direto e Pr\u00e9-Requisito!","robots":{"index":"index","follow":"follow","max-snippet":"max-snippet:-1","max-image-preview":"max-image-preview:large","max-video-preview":"max-video-preview:-1"},"canonical":"https:\/\/med.estrategia.com\/portal\/noticias\/enare-2026-2027-inscritos-recorde\/","og_locale":"pt_BR","og_type":"article","og_title":"ENARE 2026\/2027: exame bate recordes; veja a evolu\u00e7\u00e3o de inscritos e vagas","og_description":"Edi\u00e7\u00e3o do ENARE 2026\/2027 alcan\u00e7a maior n\u00famero de inscritos da hist\u00f3ria no Acesso Direto e Pr\u00e9-Requisito!","og_url":"https:\/\/med.estrategia.com\/portal\/noticias\/enare-2026-2027-inscritos-recorde\/","og_site_name":"Estrat\u00e9gia MED","article_publisher":"https:\/\/www.facebook.com\/estrategiamed1","article_published_time":"2026-07-17T01:10:15+00:00","article_modified_time":"2026-08-19T13:53:37+00:00","og_image":[{"width":1920,"height":1080,"url":"https:\/\/med.estrategia.com\/portal\/wp-content\/uploads\/2026\/04\/CAPA-ENARE.jpg","type":"image\/jpeg"}],"author":"Ana Carolina Damasceno","twitter_card":"summary_large_image","twitter_creator":"@estrategiamed_","twitter_site":"@estrategiamed_","twitter_misc":{"Escrito por":"Ana Carolina Damasceno","Est. tempo de leitura":"3 minutos"},"schema":{"@context":"https:\/\/schema.org","@graph":[{"@type":"WebPage","@id":"https:\/\/med.estrategia.com\/portal\/noticias\/enare-2026-2027-inscritos-recorde\/","url":"https:\/\/med.estrategia.com\/portal\/noticias\/enare-2026-2027-inscritos-recorde\/","name":"ENARE 2026\/2027: exame bate recordes; veja a evolu\u00e7\u00e3o de inscritos e vagas","isPartOf":{"@id":"https:\/\/med.estrategia.com\/portal\/#website"},"primaryImageOfPage":{"@id":"https:\/\/med.estrategia.com\/portal\/noticias\/enare-2026-2027-inscritos-recorde\/#primaryimage"},"image":{"@id":"https:\/\/med.estrategia.com\/portal\/noticias\/enare-2026-2027-inscritos-recorde\/#primaryimage"},"thumbnailUrl":"https:\/\/med.estrategia.com\/portal\/wp-content\/uploads\/2026\/04\/CAPA-ENARE.jpg","datePublished":"2026-07-17T01:10:15+00:00","dateModified":"2026-08-19T13:53:37+00:00","author":{"@id":"https:\/\/med.estrategia.com\/portal\/#\/schema\/person\/2f553adbb8e25fe39d145c5b2927f58c"},"description":"Edi\u00e7\u00e3o do ENARE 2026\/2027 alcan\u00e7a maior n\u00famero de inscritos da hist\u00f3ria no Acesso Direto e Pr\u00e9-Requisito!","breadcrumb":{"@id":"https:\/\/med.estrategia.com\/portal\/noticias\/enare-2026-2027-inscritos-recorde\/#breadcrumb"},"inLanguage":"pt-BR","potentialAction":[{"@type":"ReadAction","target":["https:\/\/med.estrategia.com\/portal\/noticias\/enare-2026-2027-inscritos-recorde\/"]}]},{"@type":"ImageObject","inLanguage":"pt-BR","@id":"https:\/\/med.estrategia.com\/portal\/noticias\/enare-2026-2027-inscritos-recorde\/#primaryimage","url":"https:\/\/med.estrategia.com\/portal\/wp-content\/uploads\/2026\/04\/CAPA-ENARE.jpg","contentUrl":"https:\/\/med.estrategia.com\/portal\/wp-content\/uploads\/2026\/04\/CAPA-ENARE.jpg","width":1920,"height":1080},{"@type":"BreadcrumbList","@id":"https:\/\/med.estrategia.com\/portal\/noticias\/enare-2026-2027-inscritos-recorde\/#breadcrumb","itemListElement":[{"@type":"ListItem","position":1,"name":"Home","item":"https:\/\/med.estrategia.com\/portal\/"},{"@type":"ListItem","position":2,"name":"Not\u00edcias","item":"https:\/\/med.estrategia.com\/portal\/noticias\/"},{"@type":"ListItem","position":3,"name":"ENARE 2026\/2027: exame bate recordes; veja a evolu\u00e7\u00e3o de inscritos e vagas"}]},{"@type":"WebSite","@id":"https:\/\/med.estrategia.com\/portal\/#website","url":"https:\/\/med.estrategia.com\/portal\/","name":"Estrat\u00e9gia MED","description":"","potentialAction":[{"@type":"SearchAction","target":{"@type":"EntryPoint","urlTemplate":"https:\/\/med.estrategia.com\/portal\/?s={search_term_string}"},"query-input":{"@type":"PropertyValueSpecification","valueRequired":true,"valueName":"search_term_string"}}],"inLanguage":"pt-BR"},{"@type":"Person","@id":"https:\/\/med.estrategia.com\/portal\/#\/schema\/person\/2f553adbb8e25fe39d145c5b2927f58c","name":"Ana Carolina Damasceno","image":{"@type":"ImageObject","inLanguage":"pt-BR","@id":"https:\/\/med.estrategia.com\/portal\/#\/schema\/person\/image\/","url":"https:\/\/med.estrategia.com\/portal\/wp-content\/uploads\/2026\/07\/Sem-titulo-150x150.png","contentUrl":"https:\/\/med.estrategia.com\/portal\/wp-content\/uploads\/2026\/07\/Sem-titulo-150x150.png","caption":"Ana Carolina Damasceno"},"description":"Coordenadora de Jornalismo EMED. Comunicadora por natureza e forma\u00e7\u00e3o, que ama e perde a no\u00e7\u00e3o do tempo com m\u00fasica e s\u00e9rie.","url":"https:\/\/med.estrategia.com\/portal\/author\/ana-carolina-damasceno\/"}]}},"_wl_alt_label":[],"wl:entity_url":"\/post\/enare-2026-2027-bate-novo-recorde-e-ultrapassa-x-mil-inscricoes-para-residencia-medica-111636","_links":{"self":[{"href":"https:\/\/med.estrategia.com\/portal\/wp-json\/wp\/v2\/posts\/111636","targetHints":{"allow":["GET"]}}],"collection":[{"href":"https:\/\/med.estrategia.com\/portal\/wp-json\/wp\/v2\/posts"}],"about":[{"href":"https:\/\/med.estrategia.com\/portal\/wp-json\/wp\/v2\/types\/post"}],"author":[{"embeddable":true,"href":"https:\/\/med.estrategia.com\/portal\/wp-json\/wp\/v2\/users\/39"}],"replies":[{"embeddable":true,"href":"https:\/\/med.estrategia.com\/portal\/wp-json\/wp\/v2\/comments?post=111636"}],"version-history":[{"count":18,"href":"https:\/\/med.estrategia.com\/portal\/wp-json\/wp\/v2\/posts\/111636\/revisions"}],"predecessor-version":[{"id":112927,"href":"https:\/\/med.estrategia.com\/portal\/wp-json\/wp\/v2\/posts\/111636\/revisions\/112927"}],"wp:featuredmedia":[{"embeddable":true,"href":"https:\/\/med.estrategia.com\/portal\/wp-json\/wp\/v2\/media\/110678"}],"wp:attachment":[{"href":"https:\/\/med.estrategia.com\/portal\/wp-json\/wp\/v2\/media?parent=111636"}],"wp:term":[{"taxonomy":"category","embeddable":true,"href":"https:\/\/med.estrategia.com\/portal\/wp-json\/wp\/v2\/categories?post=111636"},{"taxonomy":"post_tag","embeddable":true,"href":"https:\/\/med.estrategia.com\/portal\/wp-json\/wp\/v2\/tags?post=111636"},{"taxonomy":"wl_entity_type","embeddable":true,"href":"https:\/\/med.estrategia.com\/portal\/wp-json\/wp\/v2\/wl_entity_type?post=111636"}],"curies":[{"name":"wp","href":"https:\/\/api.w.org\/{rel}","templated":true}]}}