{"id":113180,"date":"2026-09-04T15:22:48","date_gmt":"2026-09-04T18:22:48","guid":{"rendered":"https:\/\/med.estrategia.com\/portal\/?p=113180"},"modified":"2026-09-04T15:36:17","modified_gmt":"2026-09-04T18:36:17","slug":"puc-sp-edital-residencia-medica-2027","status":"publish","type":"post","link":"https:\/\/med.estrategia.com\/portal\/noticias\/puc-sp-edital-residencia-medica-2027\/","title":{"rendered":"PUC-SP 2027: editais publicados para Resid\u00eancia M\u00e9dica"},"content":{"rendered":"<p class=\"wp-block-paragraph\">A <strong>Pontif&iacute;cia Universidade Cat&oacute;lica de S&atilde;o Paulo (<a href=\"https:\/\/med.estrategia.com\/portal\/residencia-medica\/puc-sp-residencia-medica\/\" target=\"_blank\">PUC-SP<\/a>)<\/strong> publicou nesta sexta-feira (4) os editais para ingresso em <strong>2027 na resid&ecirc;ncia m&eacute;dica<\/strong>, com vagas nos programas ofertados pela Faculdade de Ci&ecirc;ncias M&eacute;dicas e da Sa&uacute;de, em Sorocaba\/SP. Embora a sele&ccedil;&atilde;o tenha sido dividida em dois documentos &mdash; um para <strong>&aacute;reas b&aacute;sicas e acesso direto<\/strong> e outro para <strong>especialidades com pr&eacute;-requisito<\/strong> &mdash;, os candidatos seguir&atilde;o o mesmo cronograma, com inscri&ccedil;&otilde;es, prova e divulga&ccedil;&atilde;o dos resultados nas mesmas datas.<p class=\"wp-block-paragraph\">As inscri&ccedil;&otilde;es estar&atilde;o abertas de 21 de setembro a 20 de outubro de 2026, mediante pagamento da taxa de <strong>R$ 800,00<\/strong>. A sele&ccedil;&atilde;o ser&aacute; composta por <strong>duas fases<\/strong>, com prova objetiva no dia <strong>1&ordm; de novembro<\/strong>, em S&atilde;o Paulo (SP), seguida de avalia&ccedil;&atilde;o curricular dos candidatos classificados.<\/p><div id=\"ez-toc-container\" class=\"ez-toc-v2_0_86 counter-hierarchy ez-toc-counter ez-toc-transparent ez-toc-container-direction\">\n<div class=\"ez-toc-title-container\"><p class=\"ez-toc-title\" style=\"cursor:inherit\">Navegue pelo conte\u00fado<\/p>\n<\/div><nav><ul class='ez-toc-list ez-toc-list-level-1 ' ><li class='ez-toc-page-1 ez-toc-heading-level-2'><a class=\"ez-toc-link ez-toc-heading-1\" href=\"https:\/\/med.estrategia.com\/portal\/noticias\/puc-sp-edital-residencia-medica-2027\/#Principais-datas-e-edital-da-PUC-SP-2027\" >Principais datas e edital da PUC-SP 2027<\/a><\/li><li class='ez-toc-page-1 ez-toc-heading-level-2'><a class=\"ez-toc-link ez-toc-heading-2\" href=\"https:\/\/med.estrategia.com\/portal\/noticias\/puc-sp-edital-residencia-medica-2027\/#Quadro-de-Vagas\" >Quadro de Vagas<\/a><\/li><li class='ez-toc-page-1 ez-toc-heading-level-2'><a class=\"ez-toc-link ez-toc-heading-3\" href=\"https:\/\/med.estrategia.com\/portal\/noticias\/puc-sp-edital-residencia-medica-2027\/#Como-sera-o-processo-seletivo-da-PUC-SP\" >Como ser&aacute; o processo seletivo da PUC-SP?<\/a><\/li><li class='ez-toc-page-1 ez-toc-heading-level-2'><a class=\"ez-toc-link ez-toc-heading-4\" href=\"https:\/\/med.estrategia.com\/portal\/noticias\/puc-sp-edital-residencia-medica-2027\/#Confira-o-Calendario-de-Residencia-Medica-20262027\" >Confira o Calend&aacute;rio de Resid&ecirc;ncia M&eacute;dica 2026\/2027<\/a><\/li><\/ul><\/nav><\/div>\n<h2 id=\"h-principais-datas-e-edital-da-puc-sp-2027\" class=\"wp-block-heading\"><span class=\"ez-toc-section\" id=\"Principais-datas-e-edital-da-PUC-SP-2027\"><\/span>Principais datas e edital da PUC-SP 2027<span class=\"ez-toc-section-end\"><\/span><\/h2><figure class=\"wp-block-table\"><table class=\"has-fixed-layout\"><tbody><tr><td><strong>Per&iacute;odo de Inscri&ccedil;&otilde;es<\/strong><\/td><td class=\"has-text-align-center\" data-align=\"center\">21\/09 a 20\/10\/2026<\/td><\/tr><tr><td><strong>Prova Objetiva<\/strong><\/td><td class=\"has-text-align-center\" data-align=\"center\">01\/11\/2026<\/td><\/tr><tr><td><strong>Resultado 1&ordf; Fase<\/strong><\/td><td class=\"has-text-align-center\" data-align=\"center\">18\/11\/2026<\/td><\/tr><tr><td><strong>Envio do Curr&iacute;culo<\/strong><\/td><td class=\"has-text-align-center\" data-align=\"center\">19 a 26\/11\/2026<\/td><\/tr><tr><td><strong>Avalia&ccedil;&atilde;o Curricular<\/strong><\/td><td class=\"has-text-align-center\" data-align=\"center\">04 a 11\/12\/2026<\/td><\/tr><tr><td><strong>Resultado Final<\/strong><\/td><td class=\"has-text-align-center\" data-align=\"center\">26\/01\/2027<\/td><\/tr><\/tbody><\/table><\/figure><div class=\"wp-block-buttons is-content-justification-center is-layout-flex wp-container-core-buttons-is-layout-fe48e5de wp-block-buttons-is-layout-flex\">\n<div class=\"wp-block-button\"><a class=\"wp-block-button__link wp-element-button\" href=\"https:\/\/med.estrategia.com\/portal\/wp-content\/uploads\/2026\/09\/Edital-RM-2027-ABAD.pdf\" target=\"_blank\">edital puc-sp 2027 &ndash; acesso direto<\/a><\/div>\n\n\n\n<div class=\"wp-block-button\"><a class=\"wp-block-button__link wp-element-button\" href=\"https:\/\/med.estrategia.com\/portal\/wp-content\/uploads\/2026\/09\/Edital-RM-2027-Especialidades.pdf\" target=\"_blank\">edital puc-sp 2027 &ndash; pr&eacute;-requisito<\/a><\/div>\n<\/div><p class=\"wp-block-verse has-text-align-center\">&#9888;&#65039;&nbsp;<strong>Aten&ccedil;&atilde;o:<\/strong>&nbsp;Recomenda-se que os candidatos&nbsp;acompanhem regularmente a p&aacute;gina oficial do processo seletivo&nbsp;para verificar poss&iacute;veis retifica&ccedil;&otilde;es, atualiza&ccedil;&otilde;es no cronograma ou comunicados adicionais.<br><br><a href=\"https:\/\/www.nucvest.com.br\/pucsp\/residencia-medica\/2027\/abad\/index.html\" target=\"_blank\">Acesso Direto<\/a> \/ <a href=\"https:\/\/www.nucvest.com.br\/pucsp\/residencia-medica\/2027\/especialidades\/index.html\" target=\"_blank\">Pr&eacute;-Requisito<\/a><\/p><p>\n\n\n<div id=\"new-form\">\n\t<form id=\"forms_layout\">\n\t<input type=\"hidden\" id=\"chave_de\" name=\"chave_de\" value=\"01_EMED_LEADS_TOTAIS\" \/>\n\t\t<input type=\"hidden\" id=\"mid\" name=\"mid\" value=\"515009018\" \/>\n\t\t<input type=\"hidden\" id=\"Objetivo\" name=\"Objetivo\" value=\"Medicina\" \/>\n\t\t<input type=\"hidden\" id=\"Estado_de_Origem_do_IP\" name=\"Estado_de_Origem_do_IP\"  value=\"\" \/>\n\t\t<input type=\"hidden\" id=\"Cidade_de_Origem_do_IP\" name=\"Cidade_de_Origem_do_IP\" value=\"\" \/>\n\t\t<input type=\"hidden\" id=\"Modo_de_entrada\" name=\"Modo_de_entrada\" value=\"Portal\" \/>\n\t\t<input type=\"hidden\" id=\"Pagina_Origem\" name=\"Pagina_Origem\" value=\"\" \/>\n\n\t\t<div class=\"texto\">\n\t\t\t<h3 class=\"news\">Inscreva-se em nossa newsletter!<\/h3>\n\t\t\t<p>Receba not\u00edcias sobre resid\u00eancia m\u00e9dica, revalida\u00e7\u00e3o de diplomas e concursos m\u00e9dicos, al\u00e9m de materiais de estudo gratuitos e informa\u00e7\u00f5es relevantes do mundo da Medicina.<\/p>\n\t\t<\/div>\n\t\t<div class=\"campos\">\n\t\t\t<div class=\"first_name labels\">\n\t\t\t\t<input type=\"text\" class=\"input_labels\" id=\"first_name\" name=\"Nome_Completo\" placeholder=\"Nome\" required \/>\n\t\t\t<\/div>\n\t\t\t<div class=\"email labels\">\n\t\t\t\t<input type=\"email\" class=\"input_labels\" id=\"email\" name=\"Email\" placeholder=\"E-mail\" required \/>\n\t\t\t<\/div>\n\t\t\t<button type=\"submit\" class=\"button_layout\">\n\t\t\t\t<div id=\"lblBotao\">Inscreva-se<\/div>\n\t\t\t\t<span id=\"divSpiner\" class=\"loader\" role=\"status\" style=\"display: none;\"><\/span>\t\n\t\t\t<\/button>\n\t\t<\/div><!-- \/campos -->\n\t\t\n\t\t<label class=\"container_checkbox\">Voc\u00ea concorda com a nossa\n\t\t\t<a class=\"politics_privacy_ahref\" target=\"_blank\" href=\"https:\/\/gratis.estrategiaconcursos.com.br\/politica-de-privacidade\/\">Pol\u00edtica de Privacidade<\/a> e aceita receber informa\u00e7\u00f5es adicionais do Estrat\u00e9gia Educacional.\n\t\t\t<input id=\"checkbox_layout\" type=\"checkbox\" checked=\"checked\" required \/>\n\t\t\t<span class=\"checkbox\"><\/span>\n\t\t<\/label>\n\t\t<div id=\"msg\"><\/div>\n\t\t<div id=\"error\" class=\"error\">\n\t\t<\/div>\n\t<\/form>\n<\/div><!-- \/new-form -->\n\n\n\n<\/p><h2 id=\"h-quadro-de-vagas\" class=\"wp-block-heading\"><span class=\"ez-toc-section\" id=\"Quadro-de-Vagas\"><\/span>Quadro de Vagas<span class=\"ez-toc-section-end\"><\/span><\/h2><h3 id=\"h-acesso-direto\" class=\"wp-block-heading\">Acesso Direto<\/h3><figure class=\"wp-block-table\"><table class=\"has-fixed-layout\"><thead><tr><th>Especialidade<\/th><th class=\"has-text-align-center\" data-align=\"center\">Vagas Oferecidas<\/th><\/tr><\/thead><tbody><tr><td>Anestesiologia<\/td><td class=\"has-text-align-center\" data-align=\"center\">6<\/td><\/tr><tr><td>Cirurgia Geral<\/td><td class=\"has-text-align-center\" data-align=\"center\">6<\/td><\/tr><tr><td>Cl&iacute;nica M&eacute;dica<\/td><td class=\"has-text-align-center\" data-align=\"center\">20<\/td><\/tr><tr><td>Dermatologia<\/td><td class=\"has-text-align-center\" data-align=\"center\">2<\/td><\/tr><tr><td>Ginecologia e Obstetr&iacute;cia<\/td><td class=\"has-text-align-center\" data-align=\"center\">10<\/td><\/tr><tr><td>Infectologia<\/td><td class=\"has-text-align-center\" data-align=\"center\">2<\/td><\/tr><tr><td>Medicina de Fam&iacute;lia e Comunidade<\/td><td class=\"has-text-align-center\" data-align=\"center\">2<\/td><\/tr><tr><td>Ortopedia e Traumatologia<\/td><td class=\"has-text-align-center\" data-align=\"center\">7<\/td><\/tr><tr><td>Otorrinolaringologia<\/td><td class=\"has-text-align-center\" data-align=\"center\">2<\/td><\/tr><tr><td>Pediatria<\/td><td class=\"has-text-align-center\" data-align=\"center\">8<\/td><\/tr><tr><td>Psiquiatria<\/td><td class=\"has-text-align-center\" data-align=\"center\">3<\/td><\/tr><tr><td>Radiologia e Diagn&oacute;stico por Imagem<\/td><td class=\"has-text-align-center\" data-align=\"center\">3<\/td><\/tr><\/tbody><\/table><\/figure><h3 id=\"h-pre-requisito\" class=\"wp-block-heading\">Pr&eacute;-Requisito<\/h3><figure class=\"wp-block-table\"><table class=\"has-fixed-layout\"><thead><tr><th>Especialidade<\/th><th class=\"has-text-align-center\" data-align=\"center\">Vagas<\/th><\/tr><\/thead><tbody><tr><td>Cirurgia da M&atilde;o<\/td><td class=\"has-text-align-center\" data-align=\"center\">1<\/td><\/tr><tr><td>Cirurgia Pl&aacute;stica<\/td><td class=\"has-text-align-center\" data-align=\"center\">2<\/td><\/tr><tr><td>Cirurgia Vascular<\/td><td class=\"has-text-align-center\" data-align=\"center\">3<\/td><\/tr><tr><td>Endocrinologia e Metabologia<\/td><td class=\"has-text-align-center\" data-align=\"center\">2<\/td><\/tr><tr><td>Hematologia e Hemoterapia<\/td><td class=\"has-text-align-center\" data-align=\"center\">3<\/td><\/tr><tr><td>Medicina Intensiva Pedi&aacute;trica<\/td><td class=\"has-text-align-center\" data-align=\"center\">1<\/td><\/tr><tr><td>Nefrologia<\/td><td class=\"has-text-align-center\" data-align=\"center\">2<\/td><\/tr><tr><td>Neonatologia<\/td><td class=\"has-text-align-center\" data-align=\"center\">2<\/td><\/tr><tr><td>Oncologia Cl&iacute;nica<\/td><td class=\"has-text-align-center\" data-align=\"center\">3<\/td><\/tr><tr><td>Pneumologia<\/td><td class=\"has-text-align-center\" data-align=\"center\">1<\/td><\/tr><tr><td>Reumatologia<\/td><td class=\"has-text-align-center\" data-align=\"center\">2<\/td><\/tr><tr><td>Urologia<\/td><td class=\"has-text-align-center\" data-align=\"center\">2<\/td><\/tr><\/tbody><\/table><\/figure><h2 id=\"h-como-sera-o-processo-seletivo-da-puc-sp\" class=\"wp-block-heading\"><span class=\"ez-toc-section\" id=\"Como-sera-o-processo-seletivo-da-PUC-SP\"><\/span>Como ser&aacute; o processo seletivo da PUC-SP?<span class=\"ez-toc-section-end\"><\/span><\/h2><p class=\"wp-block-paragraph\">A sele&ccedil;&atilde;o ser&aacute; composta por <strong>duas fases<\/strong>, sendo a primeira uma prova objetiva de car&aacute;ter eliminat&oacute;rio e a segunda uma avalia&ccedil;&atilde;o curricular de car&aacute;ter classificat&oacute;rio. A nota final ser&aacute; formada pelo desempenho nas duas etapas: <strong>90% corresponder&atilde;o &agrave; prova objetiva e 10% &agrave; avalia&ccedil;&atilde;o curricular<\/strong>.<\/p><h3 id=\"h-prova-objetiva\" class=\"wp-block-heading\">Prova Objetiva<\/h3><p class=\"wp-block-paragraph\">Os candidatos aos programas de &aacute;rea b&aacute;sica e acesso direto responder&atilde;o a <strong>100 quest&otilde;es objetivas de m&uacute;ltipla escolha<\/strong>, sendo 20 para cada uma das cinco grandes &aacute;reas: Cl&iacute;nica M&eacute;dica, Cirurgia Geral, Ginecologia e Obstetr&iacute;cia, Pediatria e Medicina Preventiva e Social. O edital tamb&eacute;m prev&ecirc; conte&uacute;dos relacionados &agrave; Sa&uacute;de Mental e Medicina de Urg&ecirc;ncia. Para essa modalidade, a prova ter&aacute; dura&ccedil;&atilde;o de quatro horas.<\/p><p class=\"wp-block-paragraph\">J&aacute; a prova dos programas com pr&eacute;-requisito ser&aacute; composta por <strong>50 quest&otilde;es objetivas de m&uacute;ltipla escolha<\/strong>, com conte&uacute;do definido de acordo com a forma&ccedil;&atilde;o pr&eacute;via exigida pela especialidade escolhida, e dura&ccedil;&atilde;o de tr&ecirc;s horas.<\/p><h3 id=\"h-avaliacao-curricular\" class=\"wp-block-heading\">Avalia&ccedil;&atilde;o curricular<\/h3><p class=\"wp-block-paragraph\">A segunda fase <strong>ser&aacute; realizada entre 4 e 12 de dezembro de 2026<\/strong>, mas os candidatos classificados dever&atilde;o encaminhar previamente a documenta&ccedil;&atilde;o comprobat&oacute;ria entre <strong>19 e 26 de novembro<\/strong>.<\/p><p class=\"wp-block-paragraph\">A avalia&ccedil;&atilde;o utilizar&aacute; o <strong>Curriculum Lattes e os respectivos documentos comprobat&oacute;rios<\/strong>. Os crit&eacute;rios e pontua&ccedil;&otilde;es est&atilde;o detalhados separadamente nos editais, de acordo com a modalidade disputada.<\/p><p class=\"wp-block-paragraph\">Aproveite e n&atilde;o perca alguns dos artigos que preparamos e que podem ser &uacute;teis nesta reta final de prepara&ccedil;&atilde;o para a sele&ccedil;&atilde;o da PUC-SP que vem a&iacute;. Confira:<\/p><ul class=\"wp-block-list\">\n<li>Tudo sobre o processo seletivo:&nbsp;<a href=\"https:\/\/med.estrategia.com\/portal\/residencia-medica\/puc-sp-residencia-medica\/\" target=\"_blank\">Resid&ecirc;ncia M&eacute;dica PUC-SP: inscri&ccedil;&otilde;es, edital, vagas e mais!<\/a><\/li>\n\n\n\n<li>Concorr&ecirc;ncia: <a href=\"https:\/\/med.estrategia.com\/portal\/noticias\/puc-sp-divulga-concorrencia-de-seu-processo-seletivo-para-residencia-medica-2026\/\" target=\"_blank\">PUC-SP divulga concorr&ecirc;ncia de seu processo seletivo para resid&ecirc;ncia m&eacute;dica 2026<\/a><\/li>\n\n\n\n<li>Nota de Corte: <a href=\"https:\/\/med.estrategia.com\/portal\/residencia-medica\/notas-de-corte-para-residencia-medica-sao-paulo\/#Nota-de-Corte-da-PUC-SP\" target=\"_blank\">Notas de Corte para Resid&ecirc;ncia M&eacute;dica 2026: veja as notas m&iacute;nimas em S&atilde;o Paulo<\/a><\/li>\n<\/ul><h2 id=\"h-confira-o-calendario-de-residencia-medica-2026-2027\" class=\"wp-block-heading\"><span class=\"ez-toc-section\" id=\"Confira-o-Calendario-de-Residencia-Medica-20262027\"><\/span>Confira o Calend&aacute;rio de Resid&ecirc;ncia M&eacute;dica 2026\/2027<span class=\"ez-toc-section-end\"><\/span><\/h2><p class=\"wp-block-paragraph\">Est&aacute; se preparando para as provas de resid&ecirc;ncia m&eacute;dica e&nbsp;<strong>quer saber as datas das principais sele&ccedil;&otilde;es para ingresso em 2026?<\/strong>&nbsp;O Estrat&eacute;gia MED reuniu todas as informa&ccedil;&otilde;es essenciais no&nbsp;<strong>Calend&aacute;rio de Resid&ecirc;ncia M&eacute;dica 2026\/2027<\/strong>, que vai te ajudar a se planejar e acompanhar as etapas dessa jornada.<\/p><p class=\"wp-block-paragraph\">Confira as datas das provas, per&iacute;odo de inscri&ccedil;&otilde;es e status dos editais clicando no bot&atilde;o abaixo:<\/p><div class=\"wp-block-buttons is-content-justification-center is-layout-flex wp-container-core-buttons-is-layout-fe48e5de wp-block-buttons-is-layout-flex\">\n<div class=\"wp-block-button\"><a class=\"wp-block-button__link wp-element-button\" href=\"https:\/\/med.estrategia.com\/portal\/residencia-medica\/calendario-de-residencia-medica-confira-as-datas-das-proximas-provas\/\" target=\"_blank\">CALEND&Aacute;RIO DE RESID&Ecirc;NCIA M&Eacute;DICA 2026\/2027<\/a><\/div>\n<\/div><p class=\"wp-block-paragraph\"><a id=\"cta\" class=\"cta-imagem\" href=\"https:\/\/med.estrategia.com\/curso\/banco-de-questes-resumos-estrategicos-anual\/\" target=\"blank\">\n                <img decoding=\"async\" width=\"100%\" src=\"https:\/\/med.estrategia.com\/portal\/wp-content\/uploads\/2025\/08\/banco_questoes.png\" alt=\"banco_questoes\" title=\"banco_questoes\">\n        <\/a>\n\n\n\n<\/p><p class=\"wp-block-paragraph\"><\/p><\/p>\n","protected":false},"excerpt":{"rendered":"Sele\u00e7\u00e3o oferta 95 vagas em programas de acesso direto e com pr\u00e9-requisito; prova ser\u00e1 aplicada no dia 1\u00ba de novembro\n","protected":false},"author":39,"featured_media":113078,"comment_status":"closed","ping_status":"closed","sticky":false,"template":"","format":"standard","meta":{"footnotes":""},"categories":[300],"tags":[],"class_list":["post-113180","post","type-post","status-publish","format-standard","has-post-thumbnail","category-noticias"],"acf":[],"yoast_head":"<!-- This site is optimized with the Yoast SEO Premium plugin v26.6 (Yoast SEO v26.6) - https:\/\/yoast.com\/wordpress\/plugins\/seo\/ -->\n<title>PUC-SP 2027: editais publicados para Resid\u00eancia M\u00e9dica<\/title>\n<meta name=\"description\" content=\"PUC-SP Resid\u00eancia M\u00e9dica 2027: editais oferecem vagas em programas de acesso direto e com pr\u00e9-requisito; prova acontece em novembro.\" \/>\n<meta name=\"robots\" content=\"index, follow, max-snippet:-1, max-image-preview:large, max-video-preview:-1\" \/>\n<link rel=\"canonical\" href=\"https:\/\/med.estrategia.com\/portal\/noticias\/puc-sp-edital-residencia-medica-2027\/\" \/>\n<meta property=\"og:locale\" content=\"pt_BR\" \/>\n<meta property=\"og:type\" content=\"article\" \/>\n<meta property=\"og:title\" content=\"PUC-SP 2027: editais publicados para Resid\u00eancia M\u00e9dica\" \/>\n<meta property=\"og:description\" content=\"PUC-SP Resid\u00eancia M\u00e9dica 2027: editais oferecem vagas em programas de acesso direto e com pr\u00e9-requisito; prova acontece em novembro.\" \/>\n<meta property=\"og:url\" content=\"https:\/\/med.estrategia.com\/portal\/noticias\/puc-sp-edital-residencia-medica-2027\/\" \/>\n<meta property=\"og:site_name\" content=\"Estrat\u00e9gia MED\" \/>\n<meta property=\"article:publisher\" content=\"https:\/\/www.facebook.com\/estrategiamed1\" \/>\n<meta property=\"article:published_time\" content=\"2026-09-04T18:22:48+00:00\" \/>\n<meta property=\"article:modified_time\" content=\"2026-09-04T18:36:17+00:00\" \/>\n<meta property=\"og:image\" content=\"https:\/\/med.estrategia.com\/portal\/wp-content\/uploads\/2026\/08\/CAPA-PUC-SP.jpg\" \/>\n\t<meta property=\"og:image:width\" content=\"1280\" \/>\n\t<meta property=\"og:image:height\" content=\"720\" \/>\n\t<meta property=\"og:image:type\" content=\"image\/jpeg\" \/>\n<meta name=\"author\" content=\"Ana Carolina Damasceno\" \/>\n<meta name=\"twitter:card\" content=\"summary_large_image\" \/>\n<meta name=\"twitter:creator\" content=\"@estrategiamed_\" \/>\n<meta name=\"twitter:site\" content=\"@estrategiamed_\" \/>\n<meta name=\"twitter:label1\" content=\"Escrito por\" \/>\n\t<meta name=\"twitter:data1\" content=\"Ana Carolina Damasceno\" \/>\n\t<meta name=\"twitter:label2\" content=\"Est. tempo de leitura\" \/>\n\t<meta name=\"twitter:data2\" content=\"3 minutos\" \/>\n<script type=\"application\/ld+json\" class=\"yoast-schema-graph\">{\"@context\":\"https:\/\/schema.org\",\"@graph\":[{\"@type\":\"WebPage\",\"@id\":\"https:\/\/med.estrategia.com\/portal\/noticias\/puc-sp-edital-residencia-medica-2027\/\",\"url\":\"https:\/\/med.estrategia.com\/portal\/noticias\/puc-sp-edital-residencia-medica-2027\/\",\"name\":\"PUC-SP 2027: editais publicados para Resid\u00eancia M\u00e9dica\",\"isPartOf\":{\"@id\":\"https:\/\/med.estrategia.com\/portal\/#website\"},\"primaryImageOfPage\":{\"@id\":\"https:\/\/med.estrategia.com\/portal\/noticias\/puc-sp-edital-residencia-medica-2027\/#primaryimage\"},\"image\":{\"@id\":\"https:\/\/med.estrategia.com\/portal\/noticias\/puc-sp-edital-residencia-medica-2027\/#primaryimage\"},\"thumbnailUrl\":\"https:\/\/med.estrategia.com\/portal\/wp-content\/uploads\/2026\/08\/CAPA-PUC-SP.jpg\",\"datePublished\":\"2026-09-04T18:22:48+00:00\",\"dateModified\":\"2026-09-04T18:36:17+00:00\",\"author\":{\"@id\":\"https:\/\/med.estrategia.com\/portal\/#\/schema\/person\/2f553adbb8e25fe39d145c5b2927f58c\"},\"description\":\"PUC-SP Resid\u00eancia M\u00e9dica 2027: editais oferecem vagas em programas de acesso direto e com pr\u00e9-requisito; prova acontece em novembro.\",\"breadcrumb\":{\"@id\":\"https:\/\/med.estrategia.com\/portal\/noticias\/puc-sp-edital-residencia-medica-2027\/#breadcrumb\"},\"inLanguage\":\"pt-BR\",\"potentialAction\":[{\"@type\":\"ReadAction\",\"target\":[\"https:\/\/med.estrategia.com\/portal\/noticias\/puc-sp-edital-residencia-medica-2027\/\"]}]},{\"@type\":\"ImageObject\",\"inLanguage\":\"pt-BR\",\"@id\":\"https:\/\/med.estrategia.com\/portal\/noticias\/puc-sp-edital-residencia-medica-2027\/#primaryimage\",\"url\":\"https:\/\/med.estrategia.com\/portal\/wp-content\/uploads\/2026\/08\/CAPA-PUC-SP.jpg\",\"contentUrl\":\"https:\/\/med.estrategia.com\/portal\/wp-content\/uploads\/2026\/08\/CAPA-PUC-SP.jpg\",\"width\":1280,\"height\":720},{\"@type\":\"BreadcrumbList\",\"@id\":\"https:\/\/med.estrategia.com\/portal\/noticias\/puc-sp-edital-residencia-medica-2027\/#breadcrumb\",\"itemListElement\":[{\"@type\":\"ListItem\",\"position\":1,\"name\":\"Home\",\"item\":\"https:\/\/med.estrategia.com\/portal\/\"},{\"@type\":\"ListItem\",\"position\":2,\"name\":\"Not\u00edcias\",\"item\":\"https:\/\/med.estrategia.com\/portal\/noticias\/\"},{\"@type\":\"ListItem\",\"position\":3,\"name\":\"PUC-SP 2027: editais publicados para Resid\u00eancia M\u00e9dica\"}]},{\"@type\":\"WebSite\",\"@id\":\"https:\/\/med.estrategia.com\/portal\/#website\",\"url\":\"https:\/\/med.estrategia.com\/portal\/\",\"name\":\"Estrat\u00e9gia MED\",\"description\":\"\",\"potentialAction\":[{\"@type\":\"SearchAction\",\"target\":{\"@type\":\"EntryPoint\",\"urlTemplate\":\"https:\/\/med.estrategia.com\/portal\/?s={search_term_string}\"},\"query-input\":{\"@type\":\"PropertyValueSpecification\",\"valueRequired\":true,\"valueName\":\"search_term_string\"}}],\"inLanguage\":\"pt-BR\"},{\"@type\":\"Person\",\"@id\":\"https:\/\/med.estrategia.com\/portal\/#\/schema\/person\/2f553adbb8e25fe39d145c5b2927f58c\",\"name\":\"Ana Carolina Damasceno\",\"image\":{\"@type\":\"ImageObject\",\"inLanguage\":\"pt-BR\",\"@id\":\"https:\/\/med.estrategia.com\/portal\/#\/schema\/person\/image\/\",\"url\":\"https:\/\/med.estrategia.com\/portal\/wp-content\/uploads\/2026\/07\/Sem-titulo-150x150.png\",\"contentUrl\":\"https:\/\/med.estrategia.com\/portal\/wp-content\/uploads\/2026\/07\/Sem-titulo-150x150.png\",\"caption\":\"Ana Carolina Damasceno\"},\"description\":\"Coordenadora de Jornalismo EMED. Comunicadora por natureza e forma\u00e7\u00e3o, que ama e perde a no\u00e7\u00e3o do tempo com m\u00fasica e s\u00e9rie.\",\"url\":\"https:\/\/med.estrategia.com\/portal\/author\/ana-carolina-damasceno\/\"}]}<\/script>\n<!-- \/ Yoast SEO Premium plugin. -->","yoast_head_json":{"title":"PUC-SP 2027: editais publicados para Resid\u00eancia M\u00e9dica","description":"PUC-SP Resid\u00eancia M\u00e9dica 2027: editais oferecem vagas em programas de acesso direto e com pr\u00e9-requisito; prova acontece em novembro.","robots":{"index":"index","follow":"follow","max-snippet":"max-snippet:-1","max-image-preview":"max-image-preview:large","max-video-preview":"max-video-preview:-1"},"canonical":"https:\/\/med.estrategia.com\/portal\/noticias\/puc-sp-edital-residencia-medica-2027\/","og_locale":"pt_BR","og_type":"article","og_title":"PUC-SP 2027: editais publicados para Resid\u00eancia M\u00e9dica","og_description":"PUC-SP Resid\u00eancia M\u00e9dica 2027: editais oferecem vagas em programas de acesso direto e com pr\u00e9-requisito; prova acontece em novembro.","og_url":"https:\/\/med.estrategia.com\/portal\/noticias\/puc-sp-edital-residencia-medica-2027\/","og_site_name":"Estrat\u00e9gia MED","article_publisher":"https:\/\/www.facebook.com\/estrategiamed1","article_published_time":"2026-09-04T18:22:48+00:00","article_modified_time":"2026-09-04T18:36:17+00:00","og_image":[{"width":1280,"height":720,"url":"https:\/\/med.estrategia.com\/portal\/wp-content\/uploads\/2026\/08\/CAPA-PUC-SP.jpg","type":"image\/jpeg"}],"author":"Ana Carolina Damasceno","twitter_card":"summary_large_image","twitter_creator":"@estrategiamed_","twitter_site":"@estrategiamed_","twitter_misc":{"Escrito por":"Ana Carolina Damasceno","Est. tempo de leitura":"3 minutos"},"schema":{"@context":"https:\/\/schema.org","@graph":[{"@type":"WebPage","@id":"https:\/\/med.estrategia.com\/portal\/noticias\/puc-sp-edital-residencia-medica-2027\/","url":"https:\/\/med.estrategia.com\/portal\/noticias\/puc-sp-edital-residencia-medica-2027\/","name":"PUC-SP 2027: editais publicados para Resid\u00eancia M\u00e9dica","isPartOf":{"@id":"https:\/\/med.estrategia.com\/portal\/#website"},"primaryImageOfPage":{"@id":"https:\/\/med.estrategia.com\/portal\/noticias\/puc-sp-edital-residencia-medica-2027\/#primaryimage"},"image":{"@id":"https:\/\/med.estrategia.com\/portal\/noticias\/puc-sp-edital-residencia-medica-2027\/#primaryimage"},"thumbnailUrl":"https:\/\/med.estrategia.com\/portal\/wp-content\/uploads\/2026\/08\/CAPA-PUC-SP.jpg","datePublished":"2026-09-04T18:22:48+00:00","dateModified":"2026-09-04T18:36:17+00:00","author":{"@id":"https:\/\/med.estrategia.com\/portal\/#\/schema\/person\/2f553adbb8e25fe39d145c5b2927f58c"},"description":"PUC-SP Resid\u00eancia M\u00e9dica 2027: editais oferecem vagas em programas de acesso direto e com pr\u00e9-requisito; prova acontece em novembro.","breadcrumb":{"@id":"https:\/\/med.estrategia.com\/portal\/noticias\/puc-sp-edital-residencia-medica-2027\/#breadcrumb"},"inLanguage":"pt-BR","potentialAction":[{"@type":"ReadAction","target":["https:\/\/med.estrategia.com\/portal\/noticias\/puc-sp-edital-residencia-medica-2027\/"]}]},{"@type":"ImageObject","inLanguage":"pt-BR","@id":"https:\/\/med.estrategia.com\/portal\/noticias\/puc-sp-edital-residencia-medica-2027\/#primaryimage","url":"https:\/\/med.estrategia.com\/portal\/wp-content\/uploads\/2026\/08\/CAPA-PUC-SP.jpg","contentUrl":"https:\/\/med.estrategia.com\/portal\/wp-content\/uploads\/2026\/08\/CAPA-PUC-SP.jpg","width":1280,"height":720},{"@type":"BreadcrumbList","@id":"https:\/\/med.estrategia.com\/portal\/noticias\/puc-sp-edital-residencia-medica-2027\/#breadcrumb","itemListElement":[{"@type":"ListItem","position":1,"name":"Home","item":"https:\/\/med.estrategia.com\/portal\/"},{"@type":"ListItem","position":2,"name":"Not\u00edcias","item":"https:\/\/med.estrategia.com\/portal\/noticias\/"},{"@type":"ListItem","position":3,"name":"PUC-SP 2027: editais publicados para Resid\u00eancia M\u00e9dica"}]},{"@type":"WebSite","@id":"https:\/\/med.estrategia.com\/portal\/#website","url":"https:\/\/med.estrategia.com\/portal\/","name":"Estrat\u00e9gia MED","description":"","potentialAction":[{"@type":"SearchAction","target":{"@type":"EntryPoint","urlTemplate":"https:\/\/med.estrategia.com\/portal\/?s={search_term_string}"},"query-input":{"@type":"PropertyValueSpecification","valueRequired":true,"valueName":"search_term_string"}}],"inLanguage":"pt-BR"},{"@type":"Person","@id":"https:\/\/med.estrategia.com\/portal\/#\/schema\/person\/2f553adbb8e25fe39d145c5b2927f58c","name":"Ana Carolina Damasceno","image":{"@type":"ImageObject","inLanguage":"pt-BR","@id":"https:\/\/med.estrategia.com\/portal\/#\/schema\/person\/image\/","url":"https:\/\/med.estrategia.com\/portal\/wp-content\/uploads\/2026\/07\/Sem-titulo-150x150.png","contentUrl":"https:\/\/med.estrategia.com\/portal\/wp-content\/uploads\/2026\/07\/Sem-titulo-150x150.png","caption":"Ana Carolina Damasceno"},"description":"Coordenadora de Jornalismo EMED. Comunicadora por natureza e forma\u00e7\u00e3o, que ama e perde a no\u00e7\u00e3o do tempo com m\u00fasica e s\u00e9rie.","url":"https:\/\/med.estrategia.com\/portal\/author\/ana-carolina-damasceno\/"}]}},"_links":{"self":[{"href":"https:\/\/med.estrategia.com\/portal\/wp-json\/wp\/v2\/posts\/113180","targetHints":{"allow":["GET"]}}],"collection":[{"href":"https:\/\/med.estrategia.com\/portal\/wp-json\/wp\/v2\/posts"}],"about":[{"href":"https:\/\/med.estrategia.com\/portal\/wp-json\/wp\/v2\/types\/post"}],"author":[{"embeddable":true,"href":"https:\/\/med.estrategia.com\/portal\/wp-json\/wp\/v2\/users\/39"}],"replies":[{"embeddable":true,"href":"https:\/\/med.estrategia.com\/portal\/wp-json\/wp\/v2\/comments?post=113180"}],"version-history":[{"count":7,"href":"https:\/\/med.estrategia.com\/portal\/wp-json\/wp\/v2\/posts\/113180\/revisions"}],"predecessor-version":[{"id":113546,"href":"https:\/\/med.estrategia.com\/portal\/wp-json\/wp\/v2\/posts\/113180\/revisions\/113546"}],"wp:featuredmedia":[{"embeddable":true,"href":"https:\/\/med.estrategia.com\/portal\/wp-json\/wp\/v2\/media\/113078"}],"wp:attachment":[{"href":"https:\/\/med.estrategia.com\/portal\/wp-json\/wp\/v2\/media?parent=113180"}],"wp:term":[{"taxonomy":"category","embeddable":true,"href":"https:\/\/med.estrategia.com\/portal\/wp-json\/wp\/v2\/categories?post=113180"},{"taxonomy":"post_tag","embeddable":true,"href":"https:\/\/med.estrategia.com\/portal\/wp-json\/wp\/v2\/tags?post=113180"}],"curies":[{"name":"wp","href":"https:\/\/api.w.org\/{rel}","templated":true}]}}