{"id":113295,"date":"2026-09-02T10:00:00","date_gmt":"2026-09-02T13:00:00","guid":{"rendered":"https:\/\/med.estrategia.com\/portal\/?p=113295"},"modified":"2026-09-02T06:45:29","modified_gmt":"2026-09-02T09:45:29","slug":"uerj-inscricoes-residencia-medica-2027","status":"publish","type":"post","link":"https:\/\/med.estrategia.com\/portal\/noticias\/uerj-inscricoes-residencia-medica-2027\/","title":{"rendered":"UERJ abre inscri\u00e7\u00f5es para Resid\u00eancia M\u00e9dica 2027; veja como participar"},"content":{"rendered":"<p class=\"wp-block-paragraph\">A&nbsp;<strong>Universidade do Estado do Rio de Janeiro (<a href=\"https:\/\/med.estrategia.com\/portal\/residencia-medica\/uerj-residencia-medica\/\" target=\"_blank\">UERJ<\/a>)<\/strong>, abre&nbsp;nesta quarta-feira (02)&nbsp;as inscri&ccedil;&otilde;es para o processo seletivo dos programas de resid&ecirc;ncia m&eacute;dica com ingresso em 2027 no&nbsp;<strong>Hospital Universit&aacute;rio Pedro Ernesto (HUPE)<\/strong>. Os interessados&nbsp;<strong>poder&atilde;o <strong>se candidatar<\/strong><\/strong> <strong>a partir das 14h de hoje at&eacute; &agrave;s 23h59 de 1&ordm;<\/strong> <strong>de outubro de 2026<\/strong>, atrav&eacute;s da p&aacute;gina oficial da sele&ccedil;&atilde;o.<div class=\"wp-block-buttons is-content-justification-center is-layout-flex wp-container-core-buttons-is-layout-fe48e5de wp-block-buttons-is-layout-flex\">\n<div class=\"wp-block-button\"><a class=\"wp-block-button__link has-text-align-center wp-element-button\" href=\"https:\/\/www.cepuerj.uerj.br\/concursos2.php?concurso=S04597&amp;ano=2027\" target=\"_blank\">INSCREVA-SE AQUI!<\/a><\/div>\n<\/div><p class=\"wp-block-paragraph\">Para realizar a candidatura, os interessados devem realizar o pagamento da <strong>taxa de inscri&ccedil;&atilde;o, fixada em R$ 380,00<\/strong>. &nbsp;A inscri&ccedil;&atilde;o somente ser&aacute; validada ap&oacute;s o pagamento da taxa de acordo com as regras e os hor&aacute;rios estabelecidos no edital. O &uacute;ltimo dia para pagamento &eacute; <strong>2 de outubro, at&eacute; as 16h<\/strong>.<\/p><p class=\"wp-block-verse has-text-align-center\"><strong>Aten&ccedil;&atilde;o!<\/strong>&nbsp;&Eacute; de responsabilidade do candidato acompanhar eventuais retifica&ccedil;&otilde;es, atos e comunicados publicados ao longo do processo seletivo.<\/p><p>\n\n\n<div id=\"new-form\">\n\t<form id=\"forms_layout\">\n\t<input type=\"hidden\" id=\"chave_de\" name=\"chave_de\" value=\"01_EMED_LEADS_TOTAIS\" \/>\n\t\t<input type=\"hidden\" id=\"mid\" name=\"mid\" value=\"515009018\" \/>\n\t\t<input type=\"hidden\" id=\"Objetivo\" name=\"Objetivo\" value=\"Medicina\" \/>\n\t\t<input type=\"hidden\" id=\"Estado_de_Origem_do_IP\" name=\"Estado_de_Origem_do_IP\"  value=\"\" \/>\n\t\t<input type=\"hidden\" id=\"Cidade_de_Origem_do_IP\" name=\"Cidade_de_Origem_do_IP\" value=\"\" \/>\n\t\t<input type=\"hidden\" id=\"Modo_de_entrada\" name=\"Modo_de_entrada\" value=\"Portal\" \/>\n\t\t<input type=\"hidden\" id=\"Pagina_Origem\" name=\"Pagina_Origem\" value=\"\" \/>\n\n\t\t<div class=\"texto\">\n\t\t\t<h3 class=\"news\">Inscreva-se em nossa newsletter!<\/h3>\n\t\t\t<p>Receba not\u00edcias sobre resid\u00eancia m\u00e9dica, revalida\u00e7\u00e3o de diplomas e concursos m\u00e9dicos, al\u00e9m de materiais de estudo gratuitos e informa\u00e7\u00f5es relevantes do mundo da Medicina.<\/p>\n\t\t<\/div>\n\t\t<div class=\"campos\">\n\t\t\t<div class=\"first_name labels\">\n\t\t\t\t<input type=\"text\" class=\"input_labels\" id=\"first_name\" name=\"Nome_Completo\" placeholder=\"Nome\" required \/>\n\t\t\t<\/div>\n\t\t\t<div class=\"email labels\">\n\t\t\t\t<input type=\"email\" class=\"input_labels\" id=\"email\" name=\"Email\" placeholder=\"E-mail\" required \/>\n\t\t\t<\/div>\n\t\t\t<button type=\"submit\" class=\"button_layout\">\n\t\t\t\t<div id=\"lblBotao\">Inscreva-se<\/div>\n\t\t\t\t<span id=\"divSpiner\" class=\"loader\" role=\"status\" style=\"display: none;\"><\/span>\t\n\t\t\t<\/button>\n\t\t<\/div><!-- \/campos -->\n\t\t\n\t\t<label class=\"container_checkbox\">Voc\u00ea concorda com a nossa\n\t\t\t<a class=\"politics_privacy_ahref\" target=\"_blank\" href=\"https:\/\/gratis.estrategiaconcursos.com.br\/politica-de-privacidade\/\">Pol\u00edtica de Privacidade<\/a> e aceita receber informa\u00e7\u00f5es adicionais do Estrat\u00e9gia Educacional.\n\t\t\t<input id=\"checkbox_layout\" type=\"checkbox\" checked=\"checked\" required \/>\n\t\t\t<span class=\"checkbox\"><\/span>\n\t\t<\/label>\n\t\t<div id=\"msg\"><\/div>\n\t\t<div id=\"error\" class=\"error\">\n\t\t<\/div>\n\t<\/form>\n<\/div><!-- \/new-form -->\n\n\n\n<\/p><div id=\"ez-toc-container\" class=\"ez-toc-v2_0_86 counter-hierarchy ez-toc-counter ez-toc-transparent ez-toc-container-direction\">\n<div class=\"ez-toc-title-container\"><p class=\"ez-toc-title\" style=\"cursor:inherit\">Navegue pelo conte\u00fado<\/p>\n<\/div><nav><ul class='ez-toc-list ez-toc-list-level-1 ' ><li class='ez-toc-page-1 ez-toc-heading-level-2'><a class=\"ez-toc-link ez-toc-heading-1\" href=\"https:\/\/med.estrategia.com\/portal\/noticias\/uerj-inscricoes-residencia-medica-2027\/#Pedidos-de-isencao-da-taxa\" >Pedidos de isen&ccedil;&atilde;o da taxa<\/a><\/li><li class='ez-toc-page-1 ez-toc-heading-level-2'><a class=\"ez-toc-link ez-toc-heading-2\" href=\"https:\/\/med.estrategia.com\/portal\/noticias\/uerj-inscricoes-residencia-medica-2027\/#Reserva-de-Vagas-e-Atendimento-Especial\" >Reserva de Vagas e Atendimento Especial<\/a><\/li><li class='ez-toc-page-1 ez-toc-heading-level-2'><a class=\"ez-toc-link ez-toc-heading-3\" href=\"https:\/\/med.estrategia.com\/portal\/noticias\/uerj-inscricoes-residencia-medica-2027\/#Bonificacao-de-10-na-nota\" >Bonifica&ccedil;&atilde;o de 10% na nota<\/a><\/li><li class='ez-toc-page-1 ez-toc-heading-level-2'><a class=\"ez-toc-link ez-toc-heading-4\" href=\"https:\/\/med.estrategia.com\/portal\/noticias\/uerj-inscricoes-residencia-medica-2027\/#Saiba-mais-sobre-a-UERJ\" >Saiba mais sobre a UERJ<\/a><\/li><li class='ez-toc-page-1 ez-toc-heading-level-2'><a class=\"ez-toc-link ez-toc-heading-5\" href=\"https:\/\/med.estrategia.com\/portal\/noticias\/uerj-inscricoes-residencia-medica-2027\/#Prepare-se-para-a-UERJ-2027-com-o-Estrategia-MED\" >Prepare-se para a UERJ 2027 com o Estrat&eacute;gia MED<\/a><\/li><li class='ez-toc-page-1 ez-toc-heading-level-2'><a class=\"ez-toc-link ez-toc-heading-6\" href=\"https:\/\/med.estrategia.com\/portal\/noticias\/uerj-inscricoes-residencia-medica-2027\/#Calendario-de-Residencia-Medica-20262027\" >Calend&aacute;rio de Resid&ecirc;ncia M&eacute;dica 2026\/2027<\/a><\/li><\/ul><\/nav><\/div>\n<h2 id=\"h-pedidos-de-isencao-da-taxa\" class=\"wp-block-heading\"><span class=\"ez-toc-section\" id=\"Pedidos-de-isencao-da-taxa\"><\/span>Pedidos de isen&ccedil;&atilde;o da taxa<span class=\"ez-toc-section-end\"><\/span><\/h2><p class=\"wp-block-paragraph\">Os pedidos para isen&ccedil;&atilde;o da taxa de inscri&ccedil;&atilde;o poder&atilde;o ser feitos somente nos dias <strong>2 e 3 de setembro<\/strong>, a partir das 14h do primeiro dia. J&aacute; a documenta&ccedil;&atilde;o necess&aacute;ria para comprovar o direito ao benef&iacute;cio poder&aacute; ser enviada at&eacute; <strong>4 de setembro<\/strong>. O resultado dos pedidos ser&aacute; divulgado &agrave;s 18h de <strong>15 de setembro<\/strong>. <\/p><p class=\"wp-block-paragraph\">Candidatos que tiverem a solicita&ccedil;&atilde;o negada poder&atilde;o entrar com recurso entre os dias 15 e 16, com resultado previsto para <strong>22 de setembro, &agrave;s 18h<\/strong>. Como o prazo final para pagamento ser&aacute; somente em 2 de outubro, quem n&atilde;o conseguir o benef&iacute;cio ainda ter&aacute; tempo para quitar a taxa e confirmar a participa&ccedil;&atilde;o.<\/p><p class=\"wp-block-paragraph\">Os crit&eacute;rios e documentos necess&aacute;rios para obter a isen&ccedil;&atilde;o est&atilde;o reunidos no <strong><a href=\"https:\/\/www.cepuerj.uerj.br\/uploads\/concursos\/S04597_2027\/969aa151ba770c7ec9dfd70cc06e6e3374a85f838a8d45052f2a1c5b6283fdb6.pdf\" target=\"_blank\">Regulamento de Isen&ccedil;&atilde;o e Reserva de Vagas<\/a><\/strong>, disponibilizado separadamente pelo Cepuerj.<\/p><h2 id=\"h-reserva-de-vagas-e-atendimento-especial\" class=\"wp-block-heading\"><span class=\"ez-toc-section\" id=\"Reserva-de-Vagas-e-Atendimento-Especial\"><\/span>Reserva de Vagas e Atendimento Especial<span class=\"ez-toc-section-end\"><\/span><\/h2><p class=\"wp-block-paragraph\">A UERJ adota sistema de reserva de vagas na Resid&ecirc;ncia M&eacute;dica e a distribui&ccedil;&atilde;o prevista nos editais considera <strong>12% para candidatos negros e ind&iacute;genas, 12% para candidatos da rede p&uacute;blica e privada de ensino superior, e 6% para pessoas com defici&ecirc;ncia e filhos de policiais civis e militares, bombeiros militares e inspetores de seguran&ccedil;a e administra&ccedil;&atilde;o penitenci&aacute;ria mortos ou incapacitados em raz&atilde;o do servi&ccedil;o<\/strong>.<\/p><p class=\"wp-block-paragraph\">Quem tiver <strong>direito &agrave; reserva dever&aacute; fazer a solicita&ccedil;&atilde;o durante o per&iacute;odo de inscri&ccedil;&otilde;es<\/strong> e a documenta&ccedil;&atilde;o comprobat&oacute;ria poder&aacute; ser entregue ou enviada at&eacute; 2 de outubro.<\/p><p class=\"wp-block-paragraph\">Os candidatos inscritos pelas cotas<strong> tamb&eacute;m participam da ampla concorr&ecirc;ncia<\/strong>. Caso o candidato seja aprovado e esteja entre os selecionados nas duas listas, ser&aacute; convocado pela ampla concorr&ecirc;ncia, sem ocupar a respectiva vaga reservada.<\/p><p class=\"wp-block-paragraph\">A an&aacute;lise das condi&ccedil;&otilde;es para ingresso pelo sistema de cotas ocorre posteriormente. O cronograma prev&ecirc;, por exemplo, divulga&ccedil;&otilde;es das listagens de candidatos deferidos nas cotas, bem como o procedimento de valida&ccedil;&atilde;o da autodeclara&ccedil;&atilde;o para candidatos negros ao longo de novembro e dezembro.<\/p><p class=\"wp-block-paragraph\">Candidatos que precisarem de <strong>condi&ccedil;&otilde;es especiais para realizar a prova<\/strong> tamb&eacute;m dever&atilde;o registrar a solicita&ccedil;&atilde;o durante o per&iacute;odo de inscri&ccedil;&otilde;es, at&eacute; <strong>1&ordm; de outubro<\/strong>.<\/p><h2 id=\"h-bonificacao-de-10-na-nota\" class=\"wp-block-heading\"><span class=\"ez-toc-section\" id=\"Bonificacao-de-10-na-nota\"><\/span>Bonifica&ccedil;&atilde;o de 10% na nota<span class=\"ez-toc-section-end\"><\/span><\/h2><p class=\"wp-block-paragraph\">Candidatos que tenham direito &agrave; pontua&ccedil;&atilde;o adicional prevista para concluintes de <strong>Programa de Resid&ecirc;ncia M&eacute;dica em Medicina de Fam&iacute;lia e Comunidade (PRMFC)<\/strong> dever&atilde;o solicitar o benef&iacute;cio no pr&oacute;prio sistema de inscri&ccedil;&atilde;o. A bonifica&ccedil;&atilde;o corresponde a <strong>10% sobre a nota total da prova<\/strong>.<\/p><p class=\"wp-block-paragraph\">Para comprovar o direito, ser&atilde;o aceitos o certificado de conclus&atilde;o do PRMFC expedido por institui&ccedil;&atilde;o credenciada pela Comiss&atilde;o Nacional de Resid&ecirc;ncia M&eacute;dica (CNRM) ou uma declara&ccedil;&atilde;o oficial da institui&ccedil;&atilde;o respons&aacute;vel que comprove a conclus&atilde;o integral do programa dentro do prazo previsto.<\/p><p class=\"wp-block-paragraph\">Al&eacute;m desse comprovante, ser&aacute; necess&aacute;rio apresentar <strong>documento de identifica&ccedil;&atilde;o v&aacute;lido com foto e CPF<\/strong>. A documenta&ccedil;&atilde;o dever&aacute; ser reunida em <strong>um &uacute;nico arquivo PDF, de at&eacute; 20 MB<\/strong>, e encaminhada para o e-mail indicado pelo Cepuerj no <strong>item 4.4 do edital<\/strong>. O assunto da mensagem tamb&eacute;m deve seguir o padr&atilde;o estabelecido pela organiza&ccedil;&atilde;o: <em>PRMFC &ndash;<br>NOME COMPLETO &ndash; PROGRAMA NO QUAL SE INSCREVEU<\/em>. <strong>Os documentos tamb&eacute;m poder&atilde;o ser entregues pessoalmente pelo candidato conforme indica&ccedil;&atilde;o do item 4.4<\/strong>.<\/p><h2 id=\"h-saiba-mais-sobre-a-uerj\" class=\"wp-block-heading\"><span class=\"ez-toc-section\" id=\"Saiba-mais-sobre-a-UERJ\"><\/span>Saiba mais sobre a UERJ<span class=\"ez-toc-section-end\"><\/span><\/h2><p class=\"wp-block-paragraph\">O Hospital Universit&aacute;rio Pedro Ernesto (HUPE), campo de pr&aacute;tica m&eacute;dica da Universidade do Estado do Rio de Janeiro (UERJ), &eacute; um dos maiores e mais importantes complexos de sa&uacute;de do estado. Reconhecido por sua excel&ecirc;ncia acad&ecirc;mica e forte atua&ccedil;&atilde;o na rede p&uacute;blica, oferece um ambiente de aprendizado robusto e din&acirc;mico para os m&eacute;dicos residentes.<\/p><ul class=\"wp-block-list\">\n<li>Tudo sobre o processo seletivo: <a href=\"https:\/\/med.estrategia.com\/portal\/residencia-medica\/uerj-residencia-medica\/\" target=\"_blank\">Resid&ecirc;ncia M&eacute;dica UERJ: edital, cronograma, vagas e mais<\/a><\/li>\n\n\n\n<li>Concorr&ecirc;ncia da &uacute;ltima edi&ccedil;&atilde;o: <a href=\"https:\/\/med.estrategia.com\/portal\/noticias\/uerj-2026-confira-a-concorrencia-para-a-selecao-de-residencia-medica\/\" target=\"_blank\">UERJ 2026: confira a concorr&ecirc;ncia para a sele&ccedil;&atilde;o de resid&ecirc;ncia m&eacute;dica<\/a><\/li>\n\n\n\n<li>Nota de corte da &uacute;ltima edi&ccedil;&atilde;o: <a href=\"https:\/\/med.estrategia.com\/portal\/residencia-medica\/notas-de-corte-para-residencia-medica-rio-de-janeiro\/#Nota-de-Corte-da-UERJ\" target=\"_blank\">Notas de Corte para Resid&ecirc;ncia M&eacute;dica 2026: confira a rela&ccedil;&atilde;o no Rio de Janeiro<\/a><\/li>\n<\/ul><h2 id=\"h-prepare-se-para-a-uerj-2027-com-o-estrategia-med\" class=\"wp-block-heading\"><span class=\"ez-toc-section\" id=\"Prepare-se-para-a-UERJ-2027-com-o-Estrategia-MED\"><\/span>Prepare-se para a UERJ 2027 com o Estrat&eacute;gia MED<span class=\"ez-toc-section-end\"><\/span><\/h2><p class=\"wp-block-paragraph\">O Estrat&eacute;gia MED preparou uma&nbsp;<strong>revis&atilde;o completa para a reta final de prepara&ccedil;&atilde;o<\/strong>, com conte&uacute;dos espec&iacute;ficos e direcionados para a banca. Inscreva-se no&nbsp;<a href=\"https:\/\/www.youtube.com\/c\/Estrat%C3%A9giaMED\" target=\"_blank\">nosso canal do Youtube<\/a>&nbsp;e acompanhe as transmiss&otilde;es do&nbsp;<strong>Ato Final UERJ 2027<\/strong>. Confira a programa&ccedil;&atilde;o:<\/p><figure class=\"wp-block-table\"><table><thead><tr><th class=\"has-text-align-center\" data-align=\"center\">EVENTO<\/th><th class=\"has-text-align-center\" data-align=\"center\">DATA<\/th><th class=\"has-text-align-center\" data-align=\"center\">HOR&Aacute;RIO<\/th><\/tr><\/thead><tbody><tr><td class=\"has-text-align-center\" data-align=\"center\">Premoni&ccedil;&atilde;o UERJ<\/td><td class=\"has-text-align-center\" data-align=\"center\">25\/10\/2026<\/td><td class=\"has-text-align-center\" data-align=\"center\">8h &agrave;s 15h20<\/td><\/tr><tr><td class=\"has-text-align-center\" data-align=\"center\">Hora da Verdade &ndash; Ginecologia e Obstetr&iacute;cia<\/td><td class=\"has-text-align-center\" data-align=\"center\">26\/10\/2026<\/td><td class=\"has-text-align-center\" data-align=\"center\">19h &agrave;s 21h30<\/td><\/tr><tr><td class=\"has-text-align-center\" data-align=\"center\">Hora da Verdade &ndash; Pediatria<\/td><td class=\"has-text-align-center\" data-align=\"center\">27\/10\/2026<\/td><td class=\"has-text-align-center\" data-align=\"center\">19h &agrave;s 21h30<\/td><\/tr><tr><td class=\"has-text-align-center\" data-align=\"center\">Hora da Verdade &ndash; Cirurgia<\/td><td class=\"has-text-align-center\" data-align=\"center\">28\/10\/2026<\/td><td class=\"has-text-align-center\" data-align=\"center\">19h &agrave;s 21h30<\/td><\/tr><tr><td class=\"has-text-align-center\" data-align=\"center\">Hora da Verdade &ndash; Clinica M&eacute;dica<\/td><td class=\"has-text-align-center\" data-align=\"center\">29\/10\/2026<\/td><td class=\"has-text-align-center\" data-align=\"center\">19h &agrave;s 23h30<\/td><\/tr><tr><td class=\"has-text-align-center\" data-align=\"center\">Hora da Verdade &ndash; Medicina Preventiva<\/td><td class=\"has-text-align-center\" data-align=\"center\">30\/10\/2026<\/td><td class=\"has-text-align-center\" data-align=\"center\">19h &agrave;s 21h30<\/td><\/tr><tr><td class=\"has-text-align-center\" data-align=\"center\">Revis&atilde;o de V&eacute;spera<\/td><td class=\"has-text-align-center\" data-align=\"center\">31\/10\/2026<\/td><td class=\"has-text-align-center\" data-align=\"center\">8h &agrave;s 15h20<\/td><\/tr><tr><td class=\"has-text-align-center\" data-align=\"center\">Gabarito UERJ 2027<\/td><td class=\"has-text-align-center\" data-align=\"center\">02\/11\/2026<\/td><td class=\"has-text-align-center\" data-align=\"center\">a partir das 19h<\/td><\/tr><\/tbody><\/table><\/figure><h2 id=\"h-calendario-de-residencia-medica-2026-2027\" class=\"wp-block-heading\"><span class=\"ez-toc-section\" id=\"Calendario-de-Residencia-Medica-20262027\"><\/span>Calend&aacute;rio de Resid&ecirc;ncia M&eacute;dica 2026\/2027<span class=\"ez-toc-section-end\"><\/span><\/h2><p class=\"wp-block-paragraph\">Para garantir que voc&ecirc; n&atilde;o perca nenhuma data importante, o Estrat&eacute;gia MED mant&eacute;m um guia atualizado com os prazos de inscri&ccedil;&otilde;es, datas de provas e status dos editais das principais institui&ccedil;&otilde;es do Brasil.<\/p><div class=\"wp-block-buttons is-content-justification-center is-layout-flex wp-container-core-buttons-is-layout-fe48e5de wp-block-buttons-is-layout-flex\">\n<div class=\"wp-block-button\"><a class=\"wp-block-button__link wp-element-button\" href=\"https:\/\/med.estrategia.com\/portal\/residencia-medica\/calendario-de-residencia-medica-confira-as-datas-das-proximas-provas\/\" target=\"_blank\">confira aqui o calend&aacute;rio de resid&ecirc;ncia m&eacute;dica 2026\/2027<\/a><\/div>\n<\/div><p class=\"wp-block-paragraph\"><a id=\"cta\" class=\"cta-imagem\" href=\"https:\/\/med.estrategia.com\/cursos\/\" target=\"blank\">\n                <img decoding=\"async\" width=\"100%\" src=\"https:\/\/med.estrategia.com\/portal\/wp-content\/uploads\/2025\/08\/estrategia_geral.jpg\" alt=\"\" title=\"estrategia_geral\">\n        <\/a>\n\n\n\n<\/p><p class=\"wp-block-paragraph\"><\/p><\/p>\n","protected":false},"excerpt":{"rendered":"Inscri\u00e7\u00f5es come\u00e7am em 2 de setembro, com taxa de R$ 380; pedidos de isen\u00e7\u00e3o ter\u00e3o prazo de apenas dois dias\n","protected":false},"author":58,"featured_media":110691,"comment_status":"closed","ping_status":"closed","sticky":false,"template":"","format":"standard","meta":{"wl_entities_gutenberg":"","footnotes":""},"categories":[300],"tags":[],"wl_entity_type":[199],"class_list":["post-113295","post","type-post","status-publish","format-standard","has-post-thumbnail","category-noticias","wl_entity_type-article"],"acf":[],"yoast_head":"<!-- This site is optimized with the Yoast SEO Premium plugin v26.6 (Yoast SEO v26.6) - https:\/\/yoast.com\/wordpress\/plugins\/seo\/ -->\n<title>UERJ abre inscri\u00e7\u00f5es para Resid\u00eancia M\u00e9dica 2027; veja como participar<\/title>\n<meta name=\"description\" content=\"As inscri\u00e7\u00f5es para o processo seletivo de resid\u00eancia m\u00e9dica da UERJ ser\u00e3o realizadas entre 2 de setembro e 1\u00ba de outubro. Saiba como se inscrever!\" \/>\n<meta name=\"robots\" content=\"index, follow, max-snippet:-1, max-image-preview:large, max-video-preview:-1\" \/>\n<link rel=\"canonical\" href=\"https:\/\/med.estrategia.com\/portal\/noticias\/uerj-inscricoes-residencia-medica-2027\/\" \/>\n<meta property=\"og:locale\" content=\"pt_BR\" \/>\n<meta property=\"og:type\" content=\"article\" \/>\n<meta property=\"og:title\" content=\"UERJ abre inscri\u00e7\u00f5es para Resid\u00eancia M\u00e9dica 2027; veja como participar\" \/>\n<meta property=\"og:description\" content=\"As inscri\u00e7\u00f5es para o processo seletivo de resid\u00eancia m\u00e9dica da UERJ ser\u00e3o realizadas entre 2 de setembro e 1\u00ba de outubro. Saiba como se inscrever!\" \/>\n<meta property=\"og:url\" content=\"https:\/\/med.estrategia.com\/portal\/noticias\/uerj-inscricoes-residencia-medica-2027\/\" \/>\n<meta property=\"og:site_name\" content=\"Estrat\u00e9gia MED\" \/>\n<meta property=\"article:publisher\" content=\"https:\/\/www.facebook.com\/estrategiamed1\" \/>\n<meta property=\"article:published_time\" content=\"2026-09-02T13:00:00+00:00\" \/>\n<meta property=\"og:image\" content=\"https:\/\/med.estrategia.com\/portal\/wp-content\/uploads\/2026\/05\/CAPA-UERJ.jpg\" \/>\n\t<meta property=\"og:image:width\" content=\"1920\" \/>\n\t<meta property=\"og:image:height\" content=\"1080\" \/>\n\t<meta property=\"og:image:type\" content=\"image\/jpeg\" \/>\n<meta name=\"author\" content=\"Mariana Ornellas\" \/>\n<meta name=\"twitter:card\" content=\"summary_large_image\" \/>\n<meta name=\"twitter:creator\" content=\"@estrategiamed_\" \/>\n<meta name=\"twitter:site\" content=\"@estrategiamed_\" \/>\n<meta name=\"twitter:label1\" content=\"Escrito por\" \/>\n\t<meta name=\"twitter:data1\" content=\"Mariana Ornellas\" \/>\n\t<meta name=\"twitter:label2\" content=\"Est. tempo de leitura\" \/>\n\t<meta name=\"twitter:data2\" content=\"5 minutos\" \/>\n<script type=\"application\/ld+json\" class=\"yoast-schema-graph\">{\"@context\":\"https:\/\/schema.org\",\"@graph\":[{\"@type\":\"WebPage\",\"@id\":\"https:\/\/med.estrategia.com\/portal\/noticias\/uerj-inscricoes-residencia-medica-2027\/\",\"url\":\"https:\/\/med.estrategia.com\/portal\/noticias\/uerj-inscricoes-residencia-medica-2027\/\",\"name\":\"UERJ abre inscri\u00e7\u00f5es para Resid\u00eancia M\u00e9dica 2027; veja como participar\",\"isPartOf\":{\"@id\":\"https:\/\/med.estrategia.com\/portal\/#website\"},\"primaryImageOfPage\":{\"@id\":\"https:\/\/med.estrategia.com\/portal\/noticias\/uerj-inscricoes-residencia-medica-2027\/#primaryimage\"},\"image\":{\"@id\":\"https:\/\/med.estrategia.com\/portal\/noticias\/uerj-inscricoes-residencia-medica-2027\/#primaryimage\"},\"thumbnailUrl\":\"https:\/\/med.estrategia.com\/portal\/wp-content\/uploads\/2026\/05\/CAPA-UERJ.jpg\",\"datePublished\":\"2026-09-02T13:00:00+00:00\",\"author\":{\"@id\":\"https:\/\/med.estrategia.com\/portal\/#\/schema\/person\/ef9fb40880d6a5ecece8eb9b7054d83b\"},\"description\":\"As inscri\u00e7\u00f5es para o processo seletivo de resid\u00eancia m\u00e9dica da UERJ ser\u00e3o realizadas entre 2 de setembro e 1\u00ba de outubro. Saiba como se inscrever!\",\"breadcrumb\":{\"@id\":\"https:\/\/med.estrategia.com\/portal\/noticias\/uerj-inscricoes-residencia-medica-2027\/#breadcrumb\"},\"inLanguage\":\"pt-BR\",\"potentialAction\":[{\"@type\":\"ReadAction\",\"target\":[\"https:\/\/med.estrategia.com\/portal\/noticias\/uerj-inscricoes-residencia-medica-2027\/\"]}]},{\"@type\":\"ImageObject\",\"inLanguage\":\"pt-BR\",\"@id\":\"https:\/\/med.estrategia.com\/portal\/noticias\/uerj-inscricoes-residencia-medica-2027\/#primaryimage\",\"url\":\"https:\/\/med.estrategia.com\/portal\/wp-content\/uploads\/2026\/05\/CAPA-UERJ.jpg\",\"contentUrl\":\"https:\/\/med.estrategia.com\/portal\/wp-content\/uploads\/2026\/05\/CAPA-UERJ.jpg\",\"width\":1920,\"height\":1080},{\"@type\":\"BreadcrumbList\",\"@id\":\"https:\/\/med.estrategia.com\/portal\/noticias\/uerj-inscricoes-residencia-medica-2027\/#breadcrumb\",\"itemListElement\":[{\"@type\":\"ListItem\",\"position\":1,\"name\":\"Home\",\"item\":\"https:\/\/med.estrategia.com\/portal\/\"},{\"@type\":\"ListItem\",\"position\":2,\"name\":\"Not\u00edcias\",\"item\":\"https:\/\/med.estrategia.com\/portal\/noticias\/\"},{\"@type\":\"ListItem\",\"position\":3,\"name\":\"UERJ abre inscri\u00e7\u00f5es para Resid\u00eancia M\u00e9dica 2027; veja como participar\"}]},{\"@type\":\"WebSite\",\"@id\":\"https:\/\/med.estrategia.com\/portal\/#website\",\"url\":\"https:\/\/med.estrategia.com\/portal\/\",\"name\":\"Estrat\u00e9gia MED\",\"description\":\"\",\"potentialAction\":[{\"@type\":\"SearchAction\",\"target\":{\"@type\":\"EntryPoint\",\"urlTemplate\":\"https:\/\/med.estrategia.com\/portal\/?s={search_term_string}\"},\"query-input\":{\"@type\":\"PropertyValueSpecification\",\"valueRequired\":true,\"valueName\":\"search_term_string\"}}],\"inLanguage\":\"pt-BR\"},{\"@type\":\"Person\",\"@id\":\"https:\/\/med.estrategia.com\/portal\/#\/schema\/person\/ef9fb40880d6a5ecece8eb9b7054d83b\",\"name\":\"Mariana Ornellas\",\"image\":{\"@type\":\"ImageObject\",\"inLanguage\":\"pt-BR\",\"@id\":\"https:\/\/med.estrategia.com\/portal\/#\/schema\/person\/image\/\",\"url\":\"https:\/\/secure.gravatar.com\/avatar\/4c75fb090aa9c37e5142b39e911404faeaa377b2ebf711bbdbd3fc82b3cc8b99?s=96&d=mm&r=g\",\"contentUrl\":\"https:\/\/secure.gravatar.com\/avatar\/4c75fb090aa9c37e5142b39e911404faeaa377b2ebf711bbdbd3fc82b3cc8b99?s=96&d=mm&r=g\",\"caption\":\"Mariana Ornellas\"},\"url\":\"https:\/\/med.estrategia.com\/portal\/author\/mariana-ornellas\/\"}]}<\/script>\n<!-- \/ Yoast SEO Premium plugin. -->","yoast_head_json":{"title":"UERJ abre inscri\u00e7\u00f5es para Resid\u00eancia M\u00e9dica 2027; veja como participar","description":"As inscri\u00e7\u00f5es para o processo seletivo de resid\u00eancia m\u00e9dica da UERJ ser\u00e3o realizadas entre 2 de setembro e 1\u00ba de outubro. Saiba como se inscrever!","robots":{"index":"index","follow":"follow","max-snippet":"max-snippet:-1","max-image-preview":"max-image-preview:large","max-video-preview":"max-video-preview:-1"},"canonical":"https:\/\/med.estrategia.com\/portal\/noticias\/uerj-inscricoes-residencia-medica-2027\/","og_locale":"pt_BR","og_type":"article","og_title":"UERJ abre inscri\u00e7\u00f5es para Resid\u00eancia M\u00e9dica 2027; veja como participar","og_description":"As inscri\u00e7\u00f5es para o processo seletivo de resid\u00eancia m\u00e9dica da UERJ ser\u00e3o realizadas entre 2 de setembro e 1\u00ba de outubro. Saiba como se inscrever!","og_url":"https:\/\/med.estrategia.com\/portal\/noticias\/uerj-inscricoes-residencia-medica-2027\/","og_site_name":"Estrat\u00e9gia MED","article_publisher":"https:\/\/www.facebook.com\/estrategiamed1","article_published_time":"2026-09-02T13:00:00+00:00","og_image":[{"width":1920,"height":1080,"url":"https:\/\/med.estrategia.com\/portal\/wp-content\/uploads\/2026\/05\/CAPA-UERJ.jpg","type":"image\/jpeg"}],"author":"Mariana Ornellas","twitter_card":"summary_large_image","twitter_creator":"@estrategiamed_","twitter_site":"@estrategiamed_","twitter_misc":{"Escrito por":"Mariana Ornellas","Est. tempo de leitura":"5 minutos"},"schema":{"@context":"https:\/\/schema.org","@graph":[{"@type":"WebPage","@id":"https:\/\/med.estrategia.com\/portal\/noticias\/uerj-inscricoes-residencia-medica-2027\/","url":"https:\/\/med.estrategia.com\/portal\/noticias\/uerj-inscricoes-residencia-medica-2027\/","name":"UERJ abre inscri\u00e7\u00f5es para Resid\u00eancia M\u00e9dica 2027; veja como participar","isPartOf":{"@id":"https:\/\/med.estrategia.com\/portal\/#website"},"primaryImageOfPage":{"@id":"https:\/\/med.estrategia.com\/portal\/noticias\/uerj-inscricoes-residencia-medica-2027\/#primaryimage"},"image":{"@id":"https:\/\/med.estrategia.com\/portal\/noticias\/uerj-inscricoes-residencia-medica-2027\/#primaryimage"},"thumbnailUrl":"https:\/\/med.estrategia.com\/portal\/wp-content\/uploads\/2026\/05\/CAPA-UERJ.jpg","datePublished":"2026-09-02T13:00:00+00:00","author":{"@id":"https:\/\/med.estrategia.com\/portal\/#\/schema\/person\/ef9fb40880d6a5ecece8eb9b7054d83b"},"description":"As inscri\u00e7\u00f5es para o processo seletivo de resid\u00eancia m\u00e9dica da UERJ ser\u00e3o realizadas entre 2 de setembro e 1\u00ba de outubro. Saiba como se inscrever!","breadcrumb":{"@id":"https:\/\/med.estrategia.com\/portal\/noticias\/uerj-inscricoes-residencia-medica-2027\/#breadcrumb"},"inLanguage":"pt-BR","potentialAction":[{"@type":"ReadAction","target":["https:\/\/med.estrategia.com\/portal\/noticias\/uerj-inscricoes-residencia-medica-2027\/"]}]},{"@type":"ImageObject","inLanguage":"pt-BR","@id":"https:\/\/med.estrategia.com\/portal\/noticias\/uerj-inscricoes-residencia-medica-2027\/#primaryimage","url":"https:\/\/med.estrategia.com\/portal\/wp-content\/uploads\/2026\/05\/CAPA-UERJ.jpg","contentUrl":"https:\/\/med.estrategia.com\/portal\/wp-content\/uploads\/2026\/05\/CAPA-UERJ.jpg","width":1920,"height":1080},{"@type":"BreadcrumbList","@id":"https:\/\/med.estrategia.com\/portal\/noticias\/uerj-inscricoes-residencia-medica-2027\/#breadcrumb","itemListElement":[{"@type":"ListItem","position":1,"name":"Home","item":"https:\/\/med.estrategia.com\/portal\/"},{"@type":"ListItem","position":2,"name":"Not\u00edcias","item":"https:\/\/med.estrategia.com\/portal\/noticias\/"},{"@type":"ListItem","position":3,"name":"UERJ abre inscri\u00e7\u00f5es para Resid\u00eancia M\u00e9dica 2027; veja como participar"}]},{"@type":"WebSite","@id":"https:\/\/med.estrategia.com\/portal\/#website","url":"https:\/\/med.estrategia.com\/portal\/","name":"Estrat\u00e9gia MED","description":"","potentialAction":[{"@type":"SearchAction","target":{"@type":"EntryPoint","urlTemplate":"https:\/\/med.estrategia.com\/portal\/?s={search_term_string}"},"query-input":{"@type":"PropertyValueSpecification","valueRequired":true,"valueName":"search_term_string"}}],"inLanguage":"pt-BR"},{"@type":"Person","@id":"https:\/\/med.estrategia.com\/portal\/#\/schema\/person\/ef9fb40880d6a5ecece8eb9b7054d83b","name":"Mariana Ornellas","image":{"@type":"ImageObject","inLanguage":"pt-BR","@id":"https:\/\/med.estrategia.com\/portal\/#\/schema\/person\/image\/","url":"https:\/\/secure.gravatar.com\/avatar\/4c75fb090aa9c37e5142b39e911404faeaa377b2ebf711bbdbd3fc82b3cc8b99?s=96&d=mm&r=g","contentUrl":"https:\/\/secure.gravatar.com\/avatar\/4c75fb090aa9c37e5142b39e911404faeaa377b2ebf711bbdbd3fc82b3cc8b99?s=96&d=mm&r=g","caption":"Mariana Ornellas"},"url":"https:\/\/med.estrategia.com\/portal\/author\/mariana-ornellas\/"}]}},"_wl_alt_label":[],"wl:entity_url":"\/post\/uerj-abre-inscricoes-para-residencia-medica-2027-veja-como-participar-113295","_links":{"self":[{"href":"https:\/\/med.estrategia.com\/portal\/wp-json\/wp\/v2\/posts\/113295","targetHints":{"allow":["GET"]}}],"collection":[{"href":"https:\/\/med.estrategia.com\/portal\/wp-json\/wp\/v2\/posts"}],"about":[{"href":"https:\/\/med.estrategia.com\/portal\/wp-json\/wp\/v2\/types\/post"}],"author":[{"embeddable":true,"href":"https:\/\/med.estrategia.com\/portal\/wp-json\/wp\/v2\/users\/58"}],"replies":[{"embeddable":true,"href":"https:\/\/med.estrategia.com\/portal\/wp-json\/wp\/v2\/comments?post=113295"}],"version-history":[{"count":4,"href":"https:\/\/med.estrategia.com\/portal\/wp-json\/wp\/v2\/posts\/113295\/revisions"}],"predecessor-version":[{"id":113345,"href":"https:\/\/med.estrategia.com\/portal\/wp-json\/wp\/v2\/posts\/113295\/revisions\/113345"}],"wp:featuredmedia":[{"embeddable":true,"href":"https:\/\/med.estrategia.com\/portal\/wp-json\/wp\/v2\/media\/110691"}],"wp:attachment":[{"href":"https:\/\/med.estrategia.com\/portal\/wp-json\/wp\/v2\/media?parent=113295"}],"wp:term":[{"taxonomy":"category","embeddable":true,"href":"https:\/\/med.estrategia.com\/portal\/wp-json\/wp\/v2\/categories?post=113295"},{"taxonomy":"post_tag","embeddable":true,"href":"https:\/\/med.estrategia.com\/portal\/wp-json\/wp\/v2\/tags?post=113295"},{"taxonomy":"wl_entity_type","embeddable":true,"href":"https:\/\/med.estrategia.com\/portal\/wp-json\/wp\/v2\/wl_entity_type?post=113295"}],"curies":[{"name":"wp","href":"https:\/\/api.w.org\/{rel}","templated":true}]}}