{"id":113327,"date":"2026-09-01T04:49:10","date_gmt":"2026-09-01T07:49:10","guid":{"rendered":"https:\/\/med.estrategia.com\/portal\/?p=113327"},"modified":"2026-09-01T05:15:49","modified_gmt":"2026-09-01T08:15:49","slug":"famerp-edital-residencia-medica-2027","status":"publish","type":"post","link":"https:\/\/med.estrategia.com\/portal\/noticias\/famerp-edital-residencia-medica-2027\/","title":{"rendered":"FAMERP divulga editais para Resid\u00eancia M\u00e9dica 2027; prova \u00e9 prevista para 24\/11"},"content":{"rendered":"<p class=\"wp-block-paragraph\">A <strong>Faculdade de Medicina de S&atilde;o Jos&eacute; do Rio Preto (<a href=\"https:\/\/med.estrategia.com\/portal\/residencia-medica\/famerp-residencia-medica\/\" target=\"_blank\">FAMERP<\/a>)<\/strong> divulgou nesta ter&ccedil;a-feira (01), atrav&eacute;s do Di&aacute;rio Oficial do Estado de S&atilde;o Paulo, os editais de seu processo seletivo para <strong>ingresso nos programas de resid&ecirc;ncia m&eacute;dica em<\/strong> <strong>2027<\/strong>. A sele&ccedil;&atilde;o foi organizada em dois documentos: um voltado &agrave;s especialidades de <a href=\"https:\/\/www.doe.sp.gov.br\/executivo\/secretaria-de-ciencia-tecnologia-e-inovacao\/edital-gdg-n-032-de-26-de-agosto-de-2026-2026083113141662089835\" target=\"_blank\">acesso direto<\/a> e outro destinado aos programas que exigem <a href=\"https:\/\/www.doe.sp.gov.br\/executivo\/secretaria-de-ciencia-tecnologia-e-inovacao\/edital-gdg-n-033-de-26-de-agosto-de-2026-2026083113141662089842\" target=\"_blank\">pr&eacute;-requisito<\/a>, incluindo especialidades cl&iacute;nicas, cir&uacute;rgicas e &aacute;reas de atua&ccedil;&atilde;o.<p class=\"wp-block-paragraph\">Apesar da divis&atilde;o, os candidatos seguir&atilde;o o mesmo calend&aacute;rio e passar&atilde;o pelas mesmas duas etapas: <strong>prova objetiva e avalia&ccedil;&atilde;o curricular<\/strong>. As inscri&ccedil;&otilde;es come&ccedil;am em <strong>21 de setembro<\/strong> <strong>e v&atilde;o at&eacute; 21 de outubro<\/strong>, com taxa fixada em R$ 950,00. A primeira etapa est&aacute; marcada para <strong>24 de novembro <\/strong>deste ano, enquanto o resultado final ser&aacute; publicado em <strong>29 de janeiro de 2027<\/strong>. <\/p><div id=\"ez-toc-container\" class=\"ez-toc-v2_0_86 counter-hierarchy ez-toc-counter ez-toc-transparent ez-toc-container-direction\">\n<div class=\"ez-toc-title-container\"><p class=\"ez-toc-title\" style=\"cursor:inherit\">Navegue pelo conte\u00fado<\/p>\n<\/div><nav><ul class='ez-toc-list ez-toc-list-level-1 ' ><li class='ez-toc-page-1 ez-toc-heading-level-2'><a class=\"ez-toc-link ez-toc-heading-1\" href=\"https:\/\/med.estrategia.com\/portal\/noticias\/famerp-edital-residencia-medica-2027\/#Principais-datas-e-Edital-da-FAMERP-2027\" >Principais datas e Edital da FAMERP 2027<\/a><\/li><li class='ez-toc-page-1 ez-toc-heading-level-2'><a class=\"ez-toc-link ez-toc-heading-2\" href=\"https:\/\/med.estrategia.com\/portal\/noticias\/famerp-edital-residencia-medica-2027\/#Quadro-de-Vagas\" >Quadro de Vagas<\/a><\/li><li class='ez-toc-page-1 ez-toc-heading-level-2'><a class=\"ez-toc-link ez-toc-heading-3\" href=\"https:\/\/med.estrategia.com\/portal\/noticias\/famerp-edital-residencia-medica-2027\/#Como-sera-o-processo-seletivo-da-FAMERP\" >Como ser&aacute; o processo seletivo da FAMERP?<\/a><\/li><li class='ez-toc-page-1 ez-toc-heading-level-2'><a class=\"ez-toc-link ez-toc-heading-4\" href=\"https:\/\/med.estrategia.com\/portal\/noticias\/famerp-edital-residencia-medica-2027\/#Calendario-de-Residencia-Medica-20262027\" >Calend&aacute;rio de Resid&ecirc;ncia M&eacute;dica 2026\/2027<\/a><\/li><\/ul><\/nav><\/div>\n<h2 id=\"h-principais-datas-e-edital-da-famerp-2027\" class=\"wp-block-heading\"><span class=\"ez-toc-section\" id=\"Principais-datas-e-Edital-da-FAMERP-2027\"><\/span>Principais datas e Edital da FAMERP 2027<span class=\"ez-toc-section-end\"><\/span><\/h2><figure class=\"wp-block-table\"><table class=\"has-fixed-layout\"><tbody><tr><td><strong>Solicita&ccedil;&atilde;o de Isen&ccedil;&atilde;o\/Reduca&ccedil;&atilde;o da Taxa<\/strong><\/td><td class=\"has-text-align-center\" data-align=\"center\">08 e 09\/09\/2026<\/td><\/tr><tr><td><strong>Per&iacute;odo de Inscri&ccedil;&otilde;es<\/strong><\/td><td class=\"has-text-align-center\" data-align=\"center\">21\/09 a 21\/10\/2026<\/td><\/tr><tr><td><strong>Prova Objetiva<\/strong><\/td><td class=\"has-text-align-center\" data-align=\"center\">24\/11\/2026<\/td><\/tr><tr><td><strong>Convoca&ccedil;&atilde;o 2&ordf; Fase<\/strong><\/td><td class=\"has-text-align-center\" data-align=\"center\">11\/12\/2026<\/td><\/tr><tr><td><strong>Envio do Curr&iacute;culo<\/strong><\/td><td class=\"has-text-align-center\" data-align=\"center\">11 a 14\/12\/2026<\/td><\/tr><tr><td><strong>Resultado Final<\/strong><\/td><td class=\"has-text-align-center\" data-align=\"center\">29\/01\/2027<\/td><\/tr><\/tbody><\/table><\/figure><div class=\"wp-block-buttons is-content-justification-center is-layout-flex wp-container-core-buttons-is-layout-fe48e5de wp-block-buttons-is-layout-flex\">\n<div class=\"wp-block-button\"><a class=\"wp-block-button__link wp-element-button\" href=\"https:\/\/cdn.medblog.estrategiaeducacional.com.br\/wp-content\/uploads\/2026\/09\/famerp_acesso-direto_edital2027.pdf\" target=\"_blank\">edital famerp 2027 &ndash; acesso direto<\/a><\/div>\n\n\n\n<div class=\"wp-block-button\"><a class=\"wp-block-button__link wp-element-button\" href=\"https:\/\/cdn.medblog.estrategiaeducacional.com.br\/wp-content\/uploads\/2026\/09\/famerp_requisito_edital2027.pdf\" target=\"_blank\">edital famerp 2027 &ndash; pr&eacute;-requisito<\/a><\/div>\n<\/div><p class=\"wp-block-verse has-text-align-center\">&#9888;&#65039;&nbsp;<strong>Aten&ccedil;&atilde;o:<\/strong>&nbsp;&Eacute; de inteira responsabilidade do candidato acompanhar atentamente a publica&ccedil;&atilde;o de todos os atos, editais, comunicados e retifica&ccedil;&otilde;es referentes a este processo seletivo diretamente na&nbsp;<a href=\"https:\/\/www.famerp.br\/index.php\/diretoria-de-pos-graduacao\/coreme\/processo-seletivo-coreme-2027-acesso-direto-e-especialidades\/\" target=\"_blank\" rel=\"noopener noreferrer\">p&aacute;gina oficial da sele&ccedil;&atilde;o<\/a>.<\/p><p>\n\n\n<div id=\"new-form\">\n\t<form id=\"forms_layout\">\n\t<input type=\"hidden\" id=\"chave_de\" name=\"chave_de\" value=\"01_EMED_LEADS_TOTAIS\" \/>\n\t\t<input type=\"hidden\" id=\"mid\" name=\"mid\" value=\"515009018\" \/>\n\t\t<input type=\"hidden\" id=\"Objetivo\" name=\"Objetivo\" value=\"Medicina\" \/>\n\t\t<input type=\"hidden\" id=\"Estado_de_Origem_do_IP\" name=\"Estado_de_Origem_do_IP\"  value=\"\" \/>\n\t\t<input type=\"hidden\" id=\"Cidade_de_Origem_do_IP\" name=\"Cidade_de_Origem_do_IP\" value=\"\" \/>\n\t\t<input type=\"hidden\" id=\"Modo_de_entrada\" name=\"Modo_de_entrada\" value=\"Portal\" \/>\n\t\t<input type=\"hidden\" id=\"Pagina_Origem\" name=\"Pagina_Origem\" value=\"\" \/>\n\n\t\t<div class=\"texto\">\n\t\t\t<h3 class=\"news\">Inscreva-se em nossa newsletter!<\/h3>\n\t\t\t<p>Receba not\u00edcias sobre resid\u00eancia m\u00e9dica, revalida\u00e7\u00e3o de diplomas e concursos m\u00e9dicos, al\u00e9m de materiais de estudo gratuitos e informa\u00e7\u00f5es relevantes do mundo da Medicina.<\/p>\n\t\t<\/div>\n\t\t<div class=\"campos\">\n\t\t\t<div class=\"first_name labels\">\n\t\t\t\t<input type=\"text\" class=\"input_labels\" id=\"first_name\" name=\"Nome_Completo\" placeholder=\"Nome\" required \/>\n\t\t\t<\/div>\n\t\t\t<div class=\"email labels\">\n\t\t\t\t<input type=\"email\" class=\"input_labels\" id=\"email\" name=\"Email\" placeholder=\"E-mail\" required \/>\n\t\t\t<\/div>\n\t\t\t<button type=\"submit\" class=\"button_layout\">\n\t\t\t\t<div id=\"lblBotao\">Inscreva-se<\/div>\n\t\t\t\t<span id=\"divSpiner\" class=\"loader\" role=\"status\" style=\"display: none;\"><\/span>\t\n\t\t\t<\/button>\n\t\t<\/div><!-- \/campos -->\n\t\t\n\t\t<label class=\"container_checkbox\">Voc\u00ea concorda com a nossa\n\t\t\t<a class=\"politics_privacy_ahref\" target=\"_blank\" href=\"https:\/\/gratis.estrategiaconcursos.com.br\/politica-de-privacidade\/\">Pol\u00edtica de Privacidade<\/a> e aceita receber informa\u00e7\u00f5es adicionais do Estrat\u00e9gia Educacional.\n\t\t\t<input id=\"checkbox_layout\" type=\"checkbox\" checked=\"checked\" required \/>\n\t\t\t<span class=\"checkbox\"><\/span>\n\t\t<\/label>\n\t\t<div id=\"msg\"><\/div>\n\t\t<div id=\"error\" class=\"error\">\n\t\t<\/div>\n\t<\/form>\n<\/div><!-- \/new-form -->\n\n\n\n<\/p><h2 id=\"h-quadro-de-vagas\" class=\"wp-block-heading\"><span class=\"ez-toc-section\" id=\"Quadro-de-Vagas\"><\/span>Quadro de Vagas<span class=\"ez-toc-section-end\"><\/span><\/h2><h3 id=\"h-acesso-direto\" class=\"wp-block-heading\">Acesso Direto<\/h3><figure class=\"wp-block-table\"><table class=\"has-fixed-layout\"><thead><tr><th>ESPECIALIDADE<\/th><th class=\"has-text-align-center\" data-align=\"center\">VAGAS OFERECIDAS<\/th><\/tr><\/thead><tbody><tr><td>Acupuntura<\/td><td class=\"has-text-align-center\" data-align=\"center\">2<\/td><\/tr><tr><td>Anestesiologia<\/td><td class=\"has-text-align-center\" data-align=\"center\">14<\/td><\/tr><tr><td>Cirurgia Cardiovascular<\/td><td class=\"has-text-align-center\" data-align=\"center\">2<\/td><\/tr><tr><td>Cirurgia Geral<\/td><td class=\"has-text-align-center\" data-align=\"center\">14<\/td><\/tr><tr><td>Cl&iacute;nica M&eacute;dica<\/td><td class=\"has-text-align-center\" data-align=\"center\">35<\/td><\/tr><tr><td>Dermatologia<\/td><td class=\"has-text-align-center\" data-align=\"center\">6<\/td><\/tr><tr><td>Ginecologia e Obstetr&iacute;cia<\/td><td class=\"has-text-align-center\" data-align=\"center\">14<\/td><\/tr><tr><td>Infectologia<\/td><td class=\"has-text-align-center\" data-align=\"center\">3<\/td><\/tr><tr><td>Medicina de Emerg&ecirc;ncia<\/td><td class=\"has-text-align-center\" data-align=\"center\">4<\/td><\/tr><tr><td>Medicina de Fam&iacute;lia e Comunidade<\/td><td class=\"has-text-align-center\" data-align=\"center\">6<\/td><\/tr><tr><td>Medicina F&iacute;sica e Reabilita&ccedil;&atilde;o<\/td><td class=\"has-text-align-center\" data-align=\"center\">2<\/td><\/tr><tr><td>Medicina Intensiva<\/td><td class=\"has-text-align-center\" data-align=\"center\">5<\/td><\/tr><tr><td>Medicina Nuclear<\/td><td class=\"has-text-align-center\" data-align=\"center\">2<\/td><\/tr><tr><td>Neurocirurgia<\/td><td class=\"has-text-align-center\" data-align=\"center\">3<\/td><\/tr><tr><td>Neurologia<\/td><td class=\"has-text-align-center\" data-align=\"center\">6<\/td><\/tr><tr><td>Oftalmologia<\/td><td class=\"has-text-align-center\" data-align=\"center\">6<\/td><\/tr><tr><td>Ortopedia e Traumatologia<\/td><td class=\"has-text-align-center\" data-align=\"center\">6<\/td><\/tr><tr><td>Otorrinolaringologia<\/td><td class=\"has-text-align-center\" data-align=\"center\">4<\/td><\/tr><tr><td>Patologia<\/td><td class=\"has-text-align-center\" data-align=\"center\">3<\/td><\/tr><tr><td>Patologia Cl&iacute;nica\/Medicina Laboratorial<\/td><td class=\"has-text-align-center\" data-align=\"center\">1<\/td><\/tr><tr><td>Pediatria<\/td><td class=\"has-text-align-center\" data-align=\"center\">14<\/td><\/tr><tr><td>Psiquiatria<\/td><td class=\"has-text-align-center\" data-align=\"center\">6<\/td><\/tr><tr><td>Radiologia e Diagn&oacute;stico por Imagem<\/td><td class=\"has-text-align-center\" data-align=\"center\">9<\/td><\/tr><tr><td>Radioterapia<\/td><td class=\"has-text-align-center\" data-align=\"center\">1<\/td><\/tr><\/tbody><\/table><\/figure><h3 id=\"h-pre-requisito\" class=\"wp-block-heading\">Pr&eacute;-Requisito<\/h3><figure class=\"wp-block-table\"><table class=\"has-fixed-layout\"><thead><tr><th>ESPECIALIDADES<\/th><th class=\"has-text-align-center\" data-align=\"center\">VAGAS OFERECIDAS<\/th><\/tr><\/thead><tbody><tr><td>Alergia e Imunologia<\/td><td class=\"has-text-align-center\" data-align=\"center\">1<\/td><\/tr><tr><td>Alergia e Imunologia Pedi&aacute;trica<\/td><td class=\"has-text-align-center\" data-align=\"center\">2<\/td><\/tr><tr><td>Angiorradiologia e Cirurgia Endovascular<\/td><td class=\"has-text-align-center\" data-align=\"center\">2<\/td><\/tr><tr><td>Cardiologia<\/td><td class=\"has-text-align-center\" data-align=\"center\">14<\/td><\/tr><tr><td>Cardiologia Pedi&aacute;trica<\/td><td class=\"has-text-align-center\" data-align=\"center\">6<\/td><\/tr><tr><td>Cirurgia Bari&aacute;trica<\/td><td class=\"has-text-align-center\" data-align=\"center\">2<\/td><\/tr><tr><td>Cirurgia Cr&acirc;nio-maxilo-facial<\/td><td class=\"has-text-align-center\" data-align=\"center\">1<\/td><\/tr><tr><td>Cirurgia do Aparelho Digestivo<\/td><td class=\"has-text-align-center\" data-align=\"center\">3<\/td><\/tr><tr><td>Cirurgia do Trauma<\/td><td class=\"has-text-align-center\" data-align=\"center\">2<\/td><\/tr><tr><td>Cirurgia Oncol&oacute;gica<\/td><td class=\"has-text-align-center\" data-align=\"center\">2<\/td><\/tr><tr><td>Cirurgia Pedi&aacute;trica<\/td><td class=\"has-text-align-center\" data-align=\"center\">2<\/td><\/tr><tr><td>Cirurgia Pl&aacute;stica<\/td><td class=\"has-text-align-center\" data-align=\"center\">3<\/td><\/tr><tr><td>Cirurgia Tor&aacute;cica<\/td><td class=\"has-text-align-center\" data-align=\"center\">2<\/td><\/tr><tr><td>Cirurgia Vascular<\/td><td class=\"has-text-align-center\" data-align=\"center\">5<\/td><\/tr><tr><td>Coloproctologia<\/td><td class=\"has-text-align-center\" data-align=\"center\">4<\/td><\/tr><tr><td>Ecografia Vascular com Doppler<\/td><td class=\"has-text-align-center\" data-align=\"center\">2<\/td><\/tr><tr><td>Emerg&ecirc;ncia Pedi&aacute;trica<\/td><td class=\"has-text-align-center\" data-align=\"center\">2<\/td><\/tr><tr><td>Endocrinologia e Metabologia<\/td><td class=\"has-text-align-center\" data-align=\"center\">3<\/td><\/tr><tr><td>Endocrinologia Pedi&aacute;trica<\/td><td class=\"has-text-align-center\" data-align=\"center\">2<\/td><\/tr><tr><td>Endoscopia<\/td><td class=\"has-text-align-center\" data-align=\"center\">3<\/td><\/tr><tr><td>Gastroenterologia<\/td><td class=\"has-text-align-center\" data-align=\"center\">4<\/td><\/tr><tr><td>Geriatria<\/td><td class=\"has-text-align-center\" data-align=\"center\">6<\/td><\/tr><tr><td>Hematologia e Hemoterapia<\/td><td class=\"has-text-align-center\" data-align=\"center\">7<\/td><\/tr><tr><td>Hemodin&acirc;mica e Cardiologia Intervencionista<\/td><td class=\"has-text-align-center\" data-align=\"center\">1<\/td><\/tr><tr><td>Hepatologia<\/td><td class=\"has-text-align-center\" data-align=\"center\">1<\/td><\/tr><tr><td>Mastologia<\/td><td class=\"has-text-align-center\" data-align=\"center\">2<\/td><\/tr><tr><td>Medicina de Fam&iacute;lia e Comunidade &ndash; Gest&atilde;o e Preceptoria<\/td><td class=\"has-text-align-center\" data-align=\"center\">3<\/td><\/tr><tr><td>Medicina Fetal<\/td><td class=\"has-text-align-center\" data-align=\"center\">1<\/td><\/tr><tr><td>Medicina Intensiva Pedi&aacute;trica<\/td><td class=\"has-text-align-center\" data-align=\"center\">4<\/td><\/tr><tr><td>Medicina Paliativa<\/td><td class=\"has-text-align-center\" data-align=\"center\">4<\/td><\/tr><tr><td>Nefrologia<\/td><td class=\"has-text-align-center\" data-align=\"center\">12<\/td><\/tr><tr><td>Neonatologia<\/td><td class=\"has-text-align-center\" data-align=\"center\">6<\/td><\/tr><tr><td>Neurologia Pedi&aacute;trica<\/td><td class=\"has-text-align-center\" data-align=\"center\">2<\/td><\/tr><tr><td>Oncologia Cl&iacute;nica<\/td><td class=\"has-text-align-center\" data-align=\"center\">6<\/td><\/tr><tr><td>Pneumologia<\/td><td class=\"has-text-align-center\" data-align=\"center\">4<\/td><\/tr><tr><td>Pneumologia Pedi&aacute;trica<\/td><td class=\"has-text-align-center\" data-align=\"center\">2<\/td><\/tr><tr><td>Psiquiatria da Inf&acirc;ncia e Adolesc&ecirc;ncia<\/td><td class=\"has-text-align-center\" data-align=\"center\">1<\/td><\/tr><tr><td>Reumatologia<\/td><td class=\"has-text-align-center\" data-align=\"center\">4<\/td><\/tr><tr><td>Transplante de F&iacute;gado &ndash; Cirurgia do Aparelho Digestivo<\/td><td class=\"has-text-align-center\" data-align=\"center\">2<\/td><\/tr><tr><td>Transplante de Medula &Oacute;ssea<\/td><td class=\"has-text-align-center\" data-align=\"center\">2<\/td><\/tr><tr><td>Transplante de Rim &ndash; Nefrologia<\/td><td class=\"has-text-align-center\" data-align=\"center\">2<\/td><\/tr><tr><td>Ultrassonografia em Ginecologia e Obstetr&iacute;cia<\/td><td class=\"has-text-align-center\" data-align=\"center\">2<\/td><\/tr><tr><td>Urologia<\/td><td class=\"has-text-align-center\" data-align=\"center\">4<\/td><\/tr><\/tbody><\/table><\/figure><h2 class=\"wp-block-heading\"><span class=\"ez-toc-section\" id=\"Como-sera-o-processo-seletivo-da-FAMERP\"><\/span>Como ser&aacute; o processo seletivo da FAMERP?<span class=\"ez-toc-section-end\"><\/span><\/h2><p class=\"wp-block-paragraph\">Tanto o edital de acesso direto quanto o destinado &agrave;s especialidades com pr&eacute;-requisito estabelecem uma sele&ccedil;&atilde;o dividida em <strong>duas fases: prova objetiva e avalia&ccedil;&atilde;o curricular<\/strong>. A nota final ser&aacute; calculada considerando <strong>peso 9 para a prova e peso 1 para o curr&iacute;culo<\/strong>, totalizando dez pontos.<\/p><h3 class=\"wp-block-heading\">Prova objetiva<\/h3><p class=\"wp-block-paragraph\">A primeira fase ser&aacute; realizada em <strong>24 de novembro de 2026<\/strong>. Os locais, hor&aacute;rios e demais orienta&ccedil;&otilde;es para a aplica&ccedil;&atilde;o ser&atilde;o divulgados pela FAMERP em <strong>9 de novembro<\/strong>, juntamente com a rela&ccedil;&atilde;o candidato\/vaga por especialidade. O gabarito preliminar ser&aacute; disponibilizado no pr&oacute;prio dia da avalia&ccedil;&atilde;o, a partir das 19h.<\/p><h3 class=\"wp-block-heading\">Avalia&ccedil;&atilde;o curricular<\/h3><p class=\"wp-block-paragraph\">A segunda fase ser&aacute; conduzida por uma banca avaliadora designada pela Comiss&atilde;o Organizadora e seguir&aacute; os crit&eacute;rios e pesos apresentados nos anexos dos editais. As notas da an&aacute;lise ser&atilde;o disponibilizadas em <strong>20 de janeiro de 2027<\/strong>, com possibilidade de recurso no dia seguinte.<\/p><p class=\"wp-block-paragraph\">Para <strong>acesso direto<\/strong>, os convocados dever&atilde;o enviar o curr&iacute;culo e os documentos comprobat&oacute;rios <strong>entre 16h de<\/strong> <strong>11 de dezembro e 14h de 14 de dezembro<\/strong>. Al&eacute;m do curr&iacute;culo, dever&atilde;o ser apresentados RG, CPF e certificado de conclus&atilde;o da gradua&ccedil;&atilde;o em Medicina ou declara&ccedil;&atilde;o de que o curso ser&aacute; conclu&iacute;do at&eacute; 28 de fevereiro de 2027.<\/p><p class=\"wp-block-paragraph\">J&aacute; para as <strong>especialidades com pr&eacute;-requisito<\/strong>, o envio tamb&eacute;m come&ccedil;a <strong>&agrave;s 16h de 11 de dezembro e termina 9h de 14 de dezembro<\/strong>. Nesse caso, o candidato dever&aacute; apresentar a comprova&ccedil;&atilde;o da conclus&atilde;o do programa exigido como pr&eacute;-requisito ou declara&ccedil;&atilde;o de que o concluir&aacute; at&eacute; 28 de fevereiro. O edital admite ainda, nas condi&ccedil;&otilde;es previstas, RQE comprovando t&iacute;tulo de especialista correspondente ao pr&eacute;-requisito, emitido por sociedade vinculada &agrave; AMB.<\/p><p class=\"wp-block-paragraph\">Em ambos os editais, os <strong>itens a serem pontuados no curr&iacute;culo est&atilde;o dispostos no Anexo VI<\/strong>.<\/p><p class=\"wp-block-paragraph\">Quer saber ainda mais sobre o processo seletivo? Dispomos abaixo alguns artigos preparados exclusivamente para voc&ecirc;. N&atilde;o deixe de conferir!<\/p><ul class=\"wp-block-list\">\n<li>Tudo sobre o processo seletivo: <a href=\"https:\/\/med.estrategia.com\/portal\/residencia-medica\/famerp-residencia-medica\/\" target=\"_blank\">Resid&ecirc;ncia M&eacute;dica FAMERP edital, cronograma, vagas e mais<\/a><\/li>\n\n\n\n<li>Rela&ccedil;&atilde;o candidato\/vaga da &uacute;ltima edi&ccedil;&atilde;o: <a href=\"https:\/\/med.estrategia.com\/portal\/noticias\/famerp-bate-recorde-historico-de-inscritos-em-seu-seletivo-para-residencia-medica-2026-confira-as-especialidades-mais-concorridas\/\" target=\"_blank\">Famerp bate recorde de inscritos em seu seletivo para resid&ecirc;ncia m&eacute;dica 2026; veja as especialidades mais concorridas<\/a><\/li>\n\n\n\n<li>Notas de corte da &uacute;ltima edi&ccedil;&atilde;o: <a href=\"https:\/\/med.estrategia.com\/portal\/residencia-medica\/notas-de-corte-para-residencia-medica-sao-paulo\/#Nota-de-Corte-da-FAMERP\" target=\"_blank\">Notas de Corte para Resid&ecirc;ncia M&eacute;dica 2026: veja as notas m&iacute;nimas em S&atilde;o Paulo<\/a><\/li>\n<\/ul><h2 class=\"wp-block-heading\"><span class=\"ez-toc-section\" id=\"Calendario-de-Residencia-Medica-20262027\"><\/span>Calend&aacute;rio de Resid&ecirc;ncia M&eacute;dica 2026\/2027<span class=\"ez-toc-section-end\"><\/span><\/h2><p class=\"wp-block-paragraph\">A rotina de quem se prepara para a resid&ecirc;ncia &eacute; intensa, e o&nbsp;<strong>Estrat&eacute;gia MED<\/strong>&nbsp;<strong>mant&eacute;m um guia completo e atualizado constantemente&nbsp;<\/strong>com as principais sele&ccedil;&otilde;es de todo o Brasil. Confira datas de provas, editais publicados e previs&otilde;es.<\/p><p class=\"wp-block-paragraph\">Mantenha sua prepara&ccedil;&atilde;o organizada e n&atilde;o perca nenhum prazo importante. Acesse agora:<\/p><div class=\"wp-block-buttons is-content-justification-center is-layout-flex wp-container-core-buttons-is-layout-fe48e5de wp-block-buttons-is-layout-flex\">\n<div class=\"wp-block-button\"><a class=\"wp-block-button__link wp-element-button\" href=\"https:\/\/med.estrategia.com\/portal\/residencia-medica\/calendario-de-residencia-medica-confira-as-datas-das-proximas-provas\/\" target=\"_blank\">calend&aacute;rio de resid&ecirc;ncia m&eacute;dica 2026\/2027<\/a><\/div>\n<\/div><p class=\"wp-block-paragraph\"><a id=\"cta\" class=\"cta-imagem\" href=\"https:\/\/med.estrategia.com\/cursos\/\" target=\"blank\">\n                <img decoding=\"async\" width=\"100%\" src=\"https:\/\/med.estrategia.com\/portal\/wp-content\/uploads\/2025\/08\/estrategia_geral.jpg\" alt=\"\" title=\"estrategia_geral\">\n        <\/a>\n\n\n\n<\/p><p class=\"wp-block-paragraph\"><\/p><\/p>\n","protected":false},"excerpt":{"rendered":"Editais re\u00fanem mais de 300 vagas de acesso direto e com pr\u00e9-requisito; inscri\u00e7\u00f5es acontecem entre setembro e outubro\n","protected":false},"author":39,"featured_media":113075,"comment_status":"closed","ping_status":"closed","sticky":true,"template":"","format":"standard","meta":{"wl_entities_gutenberg":"","footnotes":""},"categories":[300],"tags":[],"wl_entity_type":[199],"class_list":["post-113327","post","type-post","status-publish","format-standard","has-post-thumbnail","category-noticias","wl_entity_type-article"],"acf":[],"yoast_head":"<!-- This site is optimized with the Yoast SEO Premium plugin v26.6 (Yoast SEO v26.6) - https:\/\/yoast.com\/wordpress\/plugins\/seo\/ -->\n<title>FAMERP divulga editais para Resid\u00eancia M\u00e9dica 2027<\/title>\n<meta name=\"description\" content=\"FAMERP Resid\u00eancia M\u00e9dica 2027: editais trazem vagas de acesso direto e pr\u00e9-requisito, inscri\u00e7\u00f5es de setembro a outubro e prova em novembro.\" \/>\n<meta name=\"robots\" content=\"index, follow, max-snippet:-1, max-image-preview:large, max-video-preview:-1\" \/>\n<link rel=\"canonical\" href=\"https:\/\/med.estrategia.com\/portal\/noticias\/famerp-edital-residencia-medica-2027\/\" \/>\n<meta property=\"og:locale\" content=\"pt_BR\" \/>\n<meta property=\"og:type\" content=\"article\" \/>\n<meta property=\"og:title\" content=\"FAMERP divulga editais para Resid\u00eancia M\u00e9dica 2027; prova \u00e9 prevista para 24\/11\" \/>\n<meta property=\"og:description\" content=\"FAMERP Resid\u00eancia M\u00e9dica 2027: editais trazem vagas de acesso direto e pr\u00e9-requisito, inscri\u00e7\u00f5es de setembro a outubro e prova em novembro.\" \/>\n<meta property=\"og:url\" content=\"https:\/\/med.estrategia.com\/portal\/noticias\/famerp-edital-residencia-medica-2027\/\" \/>\n<meta property=\"og:site_name\" content=\"Estrat\u00e9gia MED\" \/>\n<meta property=\"article:publisher\" content=\"https:\/\/www.facebook.com\/estrategiamed1\" \/>\n<meta property=\"article:published_time\" content=\"2026-09-01T07:49:10+00:00\" \/>\n<meta property=\"article:modified_time\" content=\"2026-09-01T08:15:49+00:00\" \/>\n<meta property=\"og:image\" content=\"https:\/\/med.estrategia.com\/portal\/wp-content\/uploads\/2026\/08\/CAPA-FAMERP.jpg\" \/>\n\t<meta property=\"og:image:width\" content=\"1280\" \/>\n\t<meta property=\"og:image:height\" content=\"720\" \/>\n\t<meta property=\"og:image:type\" content=\"image\/jpeg\" \/>\n<meta name=\"author\" content=\"Ana Carolina Damasceno\" \/>\n<meta name=\"twitter:card\" content=\"summary_large_image\" \/>\n<meta name=\"twitter:creator\" content=\"@estrategiamed_\" \/>\n<meta name=\"twitter:site\" content=\"@estrategiamed_\" \/>\n<meta name=\"twitter:label1\" content=\"Escrito por\" \/>\n\t<meta name=\"twitter:data1\" content=\"Ana Carolina Damasceno\" \/>\n\t<meta name=\"twitter:label2\" content=\"Est. tempo de leitura\" \/>\n\t<meta name=\"twitter:data2\" content=\"4 minutos\" \/>\n<script type=\"application\/ld+json\" class=\"yoast-schema-graph\">{\"@context\":\"https:\/\/schema.org\",\"@graph\":[{\"@type\":\"WebPage\",\"@id\":\"https:\/\/med.estrategia.com\/portal\/noticias\/famerp-edital-residencia-medica-2027\/\",\"url\":\"https:\/\/med.estrategia.com\/portal\/noticias\/famerp-edital-residencia-medica-2027\/\",\"name\":\"FAMERP divulga editais para Resid\u00eancia M\u00e9dica 2027\",\"isPartOf\":{\"@id\":\"https:\/\/med.estrategia.com\/portal\/#website\"},\"primaryImageOfPage\":{\"@id\":\"https:\/\/med.estrategia.com\/portal\/noticias\/famerp-edital-residencia-medica-2027\/#primaryimage\"},\"image\":{\"@id\":\"https:\/\/med.estrategia.com\/portal\/noticias\/famerp-edital-residencia-medica-2027\/#primaryimage\"},\"thumbnailUrl\":\"https:\/\/med.estrategia.com\/portal\/wp-content\/uploads\/2026\/08\/CAPA-FAMERP.jpg\",\"datePublished\":\"2026-09-01T07:49:10+00:00\",\"dateModified\":\"2026-09-01T08:15:49+00:00\",\"author\":{\"@id\":\"https:\/\/med.estrategia.com\/portal\/#\/schema\/person\/2f553adbb8e25fe39d145c5b2927f58c\"},\"description\":\"FAMERP Resid\u00eancia M\u00e9dica 2027: editais trazem vagas de acesso direto e pr\u00e9-requisito, inscri\u00e7\u00f5es de setembro a outubro e prova em novembro.\",\"breadcrumb\":{\"@id\":\"https:\/\/med.estrategia.com\/portal\/noticias\/famerp-edital-residencia-medica-2027\/#breadcrumb\"},\"inLanguage\":\"pt-BR\",\"potentialAction\":[{\"@type\":\"ReadAction\",\"target\":[\"https:\/\/med.estrategia.com\/portal\/noticias\/famerp-edital-residencia-medica-2027\/\"]}]},{\"@type\":\"ImageObject\",\"inLanguage\":\"pt-BR\",\"@id\":\"https:\/\/med.estrategia.com\/portal\/noticias\/famerp-edital-residencia-medica-2027\/#primaryimage\",\"url\":\"https:\/\/med.estrategia.com\/portal\/wp-content\/uploads\/2026\/08\/CAPA-FAMERP.jpg\",\"contentUrl\":\"https:\/\/med.estrategia.com\/portal\/wp-content\/uploads\/2026\/08\/CAPA-FAMERP.jpg\",\"width\":1280,\"height\":720},{\"@type\":\"BreadcrumbList\",\"@id\":\"https:\/\/med.estrategia.com\/portal\/noticias\/famerp-edital-residencia-medica-2027\/#breadcrumb\",\"itemListElement\":[{\"@type\":\"ListItem\",\"position\":1,\"name\":\"Home\",\"item\":\"https:\/\/med.estrategia.com\/portal\/\"},{\"@type\":\"ListItem\",\"position\":2,\"name\":\"Not\u00edcias\",\"item\":\"https:\/\/med.estrategia.com\/portal\/noticias\/\"},{\"@type\":\"ListItem\",\"position\":3,\"name\":\"FAMERP divulga editais para Resid\u00eancia M\u00e9dica 2027; prova \u00e9 prevista para 24\/11\"}]},{\"@type\":\"WebSite\",\"@id\":\"https:\/\/med.estrategia.com\/portal\/#website\",\"url\":\"https:\/\/med.estrategia.com\/portal\/\",\"name\":\"Estrat\u00e9gia MED\",\"description\":\"\",\"potentialAction\":[{\"@type\":\"SearchAction\",\"target\":{\"@type\":\"EntryPoint\",\"urlTemplate\":\"https:\/\/med.estrategia.com\/portal\/?s={search_term_string}\"},\"query-input\":{\"@type\":\"PropertyValueSpecification\",\"valueRequired\":true,\"valueName\":\"search_term_string\"}}],\"inLanguage\":\"pt-BR\"},{\"@type\":\"Person\",\"@id\":\"https:\/\/med.estrategia.com\/portal\/#\/schema\/person\/2f553adbb8e25fe39d145c5b2927f58c\",\"name\":\"Ana Carolina Damasceno\",\"image\":{\"@type\":\"ImageObject\",\"inLanguage\":\"pt-BR\",\"@id\":\"https:\/\/med.estrategia.com\/portal\/#\/schema\/person\/image\/\",\"url\":\"https:\/\/med.estrategia.com\/portal\/wp-content\/uploads\/2026\/07\/Sem-titulo-150x150.png\",\"contentUrl\":\"https:\/\/med.estrategia.com\/portal\/wp-content\/uploads\/2026\/07\/Sem-titulo-150x150.png\",\"caption\":\"Ana Carolina Damasceno\"},\"description\":\"Coordenadora de Jornalismo EMED. Comunicadora por natureza e forma\u00e7\u00e3o, que ama e perde a no\u00e7\u00e3o do tempo com m\u00fasica e s\u00e9rie.\",\"url\":\"https:\/\/med.estrategia.com\/portal\/author\/ana-carolina-damasceno\/\"}]}<\/script>\n<!-- \/ Yoast SEO Premium plugin. -->","yoast_head_json":{"title":"FAMERP divulga editais para Resid\u00eancia M\u00e9dica 2027","description":"FAMERP Resid\u00eancia M\u00e9dica 2027: editais trazem vagas de acesso direto e pr\u00e9-requisito, inscri\u00e7\u00f5es de setembro a outubro e prova em novembro.","robots":{"index":"index","follow":"follow","max-snippet":"max-snippet:-1","max-image-preview":"max-image-preview:large","max-video-preview":"max-video-preview:-1"},"canonical":"https:\/\/med.estrategia.com\/portal\/noticias\/famerp-edital-residencia-medica-2027\/","og_locale":"pt_BR","og_type":"article","og_title":"FAMERP divulga editais para Resid\u00eancia M\u00e9dica 2027; prova \u00e9 prevista para 24\/11","og_description":"FAMERP Resid\u00eancia M\u00e9dica 2027: editais trazem vagas de acesso direto e pr\u00e9-requisito, inscri\u00e7\u00f5es de setembro a outubro e prova em novembro.","og_url":"https:\/\/med.estrategia.com\/portal\/noticias\/famerp-edital-residencia-medica-2027\/","og_site_name":"Estrat\u00e9gia MED","article_publisher":"https:\/\/www.facebook.com\/estrategiamed1","article_published_time":"2026-09-01T07:49:10+00:00","article_modified_time":"2026-09-01T08:15:49+00:00","og_image":[{"width":1280,"height":720,"url":"https:\/\/med.estrategia.com\/portal\/wp-content\/uploads\/2026\/08\/CAPA-FAMERP.jpg","type":"image\/jpeg"}],"author":"Ana Carolina Damasceno","twitter_card":"summary_large_image","twitter_creator":"@estrategiamed_","twitter_site":"@estrategiamed_","twitter_misc":{"Escrito por":"Ana Carolina Damasceno","Est. tempo de leitura":"4 minutos"},"schema":{"@context":"https:\/\/schema.org","@graph":[{"@type":"WebPage","@id":"https:\/\/med.estrategia.com\/portal\/noticias\/famerp-edital-residencia-medica-2027\/","url":"https:\/\/med.estrategia.com\/portal\/noticias\/famerp-edital-residencia-medica-2027\/","name":"FAMERP divulga editais para Resid\u00eancia M\u00e9dica 2027","isPartOf":{"@id":"https:\/\/med.estrategia.com\/portal\/#website"},"primaryImageOfPage":{"@id":"https:\/\/med.estrategia.com\/portal\/noticias\/famerp-edital-residencia-medica-2027\/#primaryimage"},"image":{"@id":"https:\/\/med.estrategia.com\/portal\/noticias\/famerp-edital-residencia-medica-2027\/#primaryimage"},"thumbnailUrl":"https:\/\/med.estrategia.com\/portal\/wp-content\/uploads\/2026\/08\/CAPA-FAMERP.jpg","datePublished":"2026-09-01T07:49:10+00:00","dateModified":"2026-09-01T08:15:49+00:00","author":{"@id":"https:\/\/med.estrategia.com\/portal\/#\/schema\/person\/2f553adbb8e25fe39d145c5b2927f58c"},"description":"FAMERP Resid\u00eancia M\u00e9dica 2027: editais trazem vagas de acesso direto e pr\u00e9-requisito, inscri\u00e7\u00f5es de setembro a outubro e prova em novembro.","breadcrumb":{"@id":"https:\/\/med.estrategia.com\/portal\/noticias\/famerp-edital-residencia-medica-2027\/#breadcrumb"},"inLanguage":"pt-BR","potentialAction":[{"@type":"ReadAction","target":["https:\/\/med.estrategia.com\/portal\/noticias\/famerp-edital-residencia-medica-2027\/"]}]},{"@type":"ImageObject","inLanguage":"pt-BR","@id":"https:\/\/med.estrategia.com\/portal\/noticias\/famerp-edital-residencia-medica-2027\/#primaryimage","url":"https:\/\/med.estrategia.com\/portal\/wp-content\/uploads\/2026\/08\/CAPA-FAMERP.jpg","contentUrl":"https:\/\/med.estrategia.com\/portal\/wp-content\/uploads\/2026\/08\/CAPA-FAMERP.jpg","width":1280,"height":720},{"@type":"BreadcrumbList","@id":"https:\/\/med.estrategia.com\/portal\/noticias\/famerp-edital-residencia-medica-2027\/#breadcrumb","itemListElement":[{"@type":"ListItem","position":1,"name":"Home","item":"https:\/\/med.estrategia.com\/portal\/"},{"@type":"ListItem","position":2,"name":"Not\u00edcias","item":"https:\/\/med.estrategia.com\/portal\/noticias\/"},{"@type":"ListItem","position":3,"name":"FAMERP divulga editais para Resid\u00eancia M\u00e9dica 2027; prova \u00e9 prevista para 24\/11"}]},{"@type":"WebSite","@id":"https:\/\/med.estrategia.com\/portal\/#website","url":"https:\/\/med.estrategia.com\/portal\/","name":"Estrat\u00e9gia MED","description":"","potentialAction":[{"@type":"SearchAction","target":{"@type":"EntryPoint","urlTemplate":"https:\/\/med.estrategia.com\/portal\/?s={search_term_string}"},"query-input":{"@type":"PropertyValueSpecification","valueRequired":true,"valueName":"search_term_string"}}],"inLanguage":"pt-BR"},{"@type":"Person","@id":"https:\/\/med.estrategia.com\/portal\/#\/schema\/person\/2f553adbb8e25fe39d145c5b2927f58c","name":"Ana Carolina Damasceno","image":{"@type":"ImageObject","inLanguage":"pt-BR","@id":"https:\/\/med.estrategia.com\/portal\/#\/schema\/person\/image\/","url":"https:\/\/med.estrategia.com\/portal\/wp-content\/uploads\/2026\/07\/Sem-titulo-150x150.png","contentUrl":"https:\/\/med.estrategia.com\/portal\/wp-content\/uploads\/2026\/07\/Sem-titulo-150x150.png","caption":"Ana Carolina Damasceno"},"description":"Coordenadora de Jornalismo EMED. Comunicadora por natureza e forma\u00e7\u00e3o, que ama e perde a no\u00e7\u00e3o do tempo com m\u00fasica e s\u00e9rie.","url":"https:\/\/med.estrategia.com\/portal\/author\/ana-carolina-damasceno\/"}]}},"_wl_alt_label":[],"wl:entity_url":"\/post\/famerp-113327","_links":{"self":[{"href":"https:\/\/med.estrategia.com\/portal\/wp-json\/wp\/v2\/posts\/113327","targetHints":{"allow":["GET"]}}],"collection":[{"href":"https:\/\/med.estrategia.com\/portal\/wp-json\/wp\/v2\/posts"}],"about":[{"href":"https:\/\/med.estrategia.com\/portal\/wp-json\/wp\/v2\/types\/post"}],"author":[{"embeddable":true,"href":"https:\/\/med.estrategia.com\/portal\/wp-json\/wp\/v2\/users\/39"}],"replies":[{"embeddable":true,"href":"https:\/\/med.estrategia.com\/portal\/wp-json\/wp\/v2\/comments?post=113327"}],"version-history":[{"count":4,"href":"https:\/\/med.estrategia.com\/portal\/wp-json\/wp\/v2\/posts\/113327\/revisions"}],"predecessor-version":[{"id":113337,"href":"https:\/\/med.estrategia.com\/portal\/wp-json\/wp\/v2\/posts\/113327\/revisions\/113337"}],"wp:featuredmedia":[{"embeddable":true,"href":"https:\/\/med.estrategia.com\/portal\/wp-json\/wp\/v2\/media\/113075"}],"wp:attachment":[{"href":"https:\/\/med.estrategia.com\/portal\/wp-json\/wp\/v2\/media?parent=113327"}],"wp:term":[{"taxonomy":"category","embeddable":true,"href":"https:\/\/med.estrategia.com\/portal\/wp-json\/wp\/v2\/categories?post=113327"},{"taxonomy":"post_tag","embeddable":true,"href":"https:\/\/med.estrategia.com\/portal\/wp-json\/wp\/v2\/tags?post=113327"},{"taxonomy":"wl_entity_type","embeddable":true,"href":"https:\/\/med.estrategia.com\/portal\/wp-json\/wp\/v2\/wl_entity_type?post=113327"}],"curies":[{"name":"wp","href":"https:\/\/api.w.org\/{rel}","templated":true}]}}