{"id":113401,"date":"2026-09-02T05:46:52","date_gmt":"2026-09-02T08:46:52","guid":{"rendered":"https:\/\/med.estrategia.com\/portal\/?p=113401"},"modified":"2026-09-02T07:39:59","modified_gmt":"2026-09-02T10:39:59","slug":"unifesp-contrata-vunesp-residencia-medica-2027","status":"publish","type":"post","link":"https:\/\/med.estrategia.com\/portal\/noticias\/unifesp-contrata-vunesp-residencia-medica-2027\/","title":{"rendered":"Unifesp contrata Vunesp para processo seletivo de Resid\u00eancia M\u00e9dica 2027"},"content":{"rendered":"<p class=\"wp-block-paragraph\">A <strong>Universidade Federal de S&atilde;o Paulo (<a href=\"https:\/\/med.estrategia.com\/portal\/residencia-medica\/unifesp-residencia-medica\/\" target=\"_blank\">Unifesp<\/a>)<\/strong> contratou a Funda&ccedil;&atilde;o para o Vestibular da Universidade Estadual Paulista (Vunesp) para atuar no processo seletivo de Resid&ecirc;ncia M&eacute;dica 2026\/2027 da institui&ccedil;&atilde;o.<p class=\"wp-block-paragraph\">O extrato de contrato foi publicado na edi&ccedil;&atilde;o do Di&aacute;rio Oficial da Uni&atilde;o (DOU) desta quarta-feira, 2 de setembro, e prev&ecirc; a <strong>presta&ccedil;&atilde;o de servi&ccedil;os t&eacute;cnicos de planejamento, organiza&ccedil;&atilde;o e execu&ccedil;&atilde;o da primeira fase da sele&ccedil;&atilde;o<\/strong>. O edital com as regras e o cronograma do processo seletivo ainda &eacute; aguardado.<\/p><div class=\"wp-block-buttons is-content-justification-center is-layout-flex wp-container-core-buttons-is-layout-fe48e5de wp-block-buttons-is-layout-flex\">\n<div class=\"wp-block-button\"><a class=\"wp-block-button__link wp-element-button\" href=\"https:\/\/www.in.gov.br\/web\/dou\/-\/extrato-de-contrato-n-120\/2026-uasg-153031-729584415\" target=\"_blank\">extrato do contrato<\/a><\/div>\n<\/div><p class=\"wp-block-paragraph\">De acordo com o extrato, a contrata&ccedil;&atilde;o da Vunesp &eacute; <strong>destinada especificamente &agrave; primeira fase do processo seletivo<\/strong> conduzido pela Comiss&atilde;o de Resid&ecirc;ncia M&eacute;dica (Coreme) da Unifesp.<\/p><p class=\"wp-block-paragraph\">A publica&ccedil;&atilde;o, no entanto, <strong>n&atilde;o detalha quais atividades ser&atilde;o desempenhadas pela funda&ccedil;&atilde;o nesta etapa<\/strong>. Com isso, ainda n&atilde;o &eacute; poss&iacute;vel confirmar, por exemplo, se a Vunesp ficar&aacute; respons&aacute;vel pela elabora&ccedil;&atilde;o da prova.<\/p><h2 id=\"h-edital-da-unifesp-2027-ainda-sera-divulgado\" class=\"wp-block-heading\">Edital da Unifesp 2027 ainda ser&aacute; divulgado<\/h2><p class=\"wp-block-paragraph\">O edital para ingresso na resid&ecirc;ncia m&eacute;dica Unifesp 2027 trar&aacute; as regras completas do processo seletivo, al&eacute;m da rela&ccedil;&atilde;o de especialidades e vagas ofertadas, per&iacute;odo de inscri&ccedil;&otilde;es, etapas de avalia&ccedil;&atilde;o e demais datas do cronograma.<\/p><p class=\"wp-block-paragraph\">Na &uacute;ltima edi&ccedil;&atilde;o, o processo seletivo para ingresso na resid&ecirc;ncia m&eacute;dica da UNIFESP foi composto por&nbsp;<strong>duas etapas para todas as especialidades ofertadas<\/strong>: prova objetiva e an&aacute;lise curricular. Por&eacute;m, algumas especialidades contaram tamb&eacute;m com a aplica&ccedil;&atilde;o de uma prova pr&aacute;tica.<br><br>Na primeira delas, os candidatos inscritos foram avaliados a partir de uma&nbsp;<strong>prova te&oacute;rica<\/strong>, classificat&oacute;ria e eliminat&oacute;ria, com distin&ccedil;&atilde;o entre os programas. Para as especialidades de&nbsp;<strong>Acesso Direto<\/strong>, a prova foi composta por 100 quest&otilde;es objetivas baseadas nas grandes &aacute;reas da medicina: Cirurgia, Cl&iacute;nica M&eacute;dica, Obstetr&iacute;cia e Ginecologia, Medicina Preventiva e Social e Pediatria.&nbsp;J&aacute; para as especialidades com&nbsp;<strong>Pr&eacute;-Requisitos<\/strong>,<strong>&nbsp;programas de &aacute;reas de atua&ccedil;&atilde;o ou ano adicional<\/strong>, foram de 10 a 50 quest&otilde;es referentes aos conte&uacute;dos do pr&eacute;-requisito definido para ingresso no programa de Resid&ecirc;ncia M&eacute;dica.<\/p><p class=\"wp-block-paragraph\">Os candidatos classificados e convocados seguiram para a segunda &mdash; e terceira etapa, caso houvesse<\/p><ul class=\"wp-block-list\">\n<li>Tudo sobre o processo seletivo: <a href=\"https:\/\/med.estrategia.com\/portal\/residencia-medica\/unifesp-residencia-medica\/\" target=\"_blank\">Resid&ecirc;ncia M&eacute;dica UNIFESP: tudo sobre o processo seletivo!<\/a>.<\/li>\n<\/ul><p class=\"wp-block-paragraph\">Para n&atilde;o perder nenhuma atualiza&ccedil;&atilde;o no universo da medicina e ficar por dentro dos seletivos de Resid&ecirc;ncia M&eacute;dica, de revalida&ccedil;&atilde;o de diplomas e conte&uacute;dos t&eacute;cnicos, continue acessando o&nbsp;<a href=\"https:\/\/med.estrategia.com\/portal\/\" target=\"_blank\">Portal do Estrat&eacute;gia MED<\/a>!<\/p><p class=\"wp-block-paragraph\"><a id=\"cta\" class=\"cta-imagem\" href=\"https:\/\/med.estrategia.com\/cursos\/\" target=\"blank\">\n                <img decoding=\"async\" width=\"100%\" src=\"https:\/\/med.estrategia.com\/portal\/wp-content\/uploads\/2025\/08\/estrategia_geral.jpg\" alt=\"\" title=\"estrategia_geral\">\n        <\/a>\n<\/p><\/p>\n","protected":false},"excerpt":{"rendered":"Funda\u00e7\u00e3o prestar\u00e1 servi\u00e7os de planejamento, organiza\u00e7\u00e3o e execu\u00e7\u00e3o da primeira fase da sele\u00e7\u00e3o\n","protected":false},"author":39,"featured_media":110693,"comment_status":"closed","ping_status":"closed","sticky":true,"template":"","format":"standard","meta":{"wl_entities_gutenberg":"","footnotes":""},"categories":[300],"tags":[],"wl_entity_type":[199],"class_list":["post-113401","post","type-post","status-publish","format-standard","has-post-thumbnail","category-noticias","wl_entity_type-article"],"acf":[],"yoast_head":"<!-- This site is optimized with the Yoast SEO Premium plugin v26.6 (Yoast SEO v26.6) - https:\/\/yoast.com\/wordpress\/plugins\/seo\/ -->\n<title>Unifesp contrata Vunesp para processo seletivo de Resid\u00eancia M\u00e9dica 2027<\/title>\n<meta name=\"description\" content=\"Unifesp contrata Vunesp para atuar na primeira fase do processo seletivo de Resid\u00eancia M\u00e9dica 2027; edital ainda ser\u00e1 divulgado.\" \/>\n<meta name=\"robots\" content=\"index, follow, max-snippet:-1, max-image-preview:large, max-video-preview:-1\" \/>\n<link rel=\"canonical\" href=\"https:\/\/med.estrategia.com\/portal\/noticias\/unifesp-contrata-vunesp-residencia-medica-2027\/\" \/>\n<meta property=\"og:locale\" content=\"pt_BR\" \/>\n<meta property=\"og:type\" content=\"article\" \/>\n<meta property=\"og:title\" content=\"Unifesp contrata Vunesp para processo seletivo de Resid\u00eancia M\u00e9dica 2027\" \/>\n<meta property=\"og:description\" content=\"Unifesp contrata Vunesp para atuar na primeira fase do processo seletivo de Resid\u00eancia M\u00e9dica 2027; edital ainda ser\u00e1 divulgado.\" \/>\n<meta property=\"og:url\" content=\"https:\/\/med.estrategia.com\/portal\/noticias\/unifesp-contrata-vunesp-residencia-medica-2027\/\" \/>\n<meta property=\"og:site_name\" content=\"Estrat\u00e9gia MED\" \/>\n<meta property=\"article:publisher\" content=\"https:\/\/www.facebook.com\/estrategiamed1\" \/>\n<meta property=\"article:published_time\" content=\"2026-09-02T08:46:52+00:00\" \/>\n<meta property=\"article:modified_time\" content=\"2026-09-02T10:39:59+00:00\" \/>\n<meta property=\"og:image\" content=\"https:\/\/med.estrategia.com\/portal\/wp-content\/uploads\/2026\/05\/CAPA-UNIFESP.jpg\" \/>\n\t<meta property=\"og:image:width\" content=\"1920\" \/>\n\t<meta property=\"og:image:height\" content=\"1080\" \/>\n\t<meta property=\"og:image:type\" content=\"image\/jpeg\" \/>\n<meta name=\"author\" content=\"Ana Carolina Damasceno\" \/>\n<meta name=\"twitter:card\" content=\"summary_large_image\" \/>\n<meta name=\"twitter:creator\" content=\"@estrategiamed_\" \/>\n<meta name=\"twitter:site\" content=\"@estrategiamed_\" \/>\n<meta name=\"twitter:label1\" content=\"Escrito por\" \/>\n\t<meta name=\"twitter:data1\" content=\"Ana Carolina Damasceno\" \/>\n\t<meta name=\"twitter:label2\" content=\"Est. tempo de leitura\" \/>\n\t<meta name=\"twitter:data2\" content=\"2 minutos\" \/>\n<script type=\"application\/ld+json\" class=\"yoast-schema-graph\">{\"@context\":\"https:\/\/schema.org\",\"@graph\":[{\"@type\":\"WebPage\",\"@id\":\"https:\/\/med.estrategia.com\/portal\/noticias\/unifesp-contrata-vunesp-residencia-medica-2027\/\",\"url\":\"https:\/\/med.estrategia.com\/portal\/noticias\/unifesp-contrata-vunesp-residencia-medica-2027\/\",\"name\":\"Unifesp contrata Vunesp para processo seletivo de Resid\u00eancia M\u00e9dica 2027\",\"isPartOf\":{\"@id\":\"https:\/\/med.estrategia.com\/portal\/#website\"},\"primaryImageOfPage\":{\"@id\":\"https:\/\/med.estrategia.com\/portal\/noticias\/unifesp-contrata-vunesp-residencia-medica-2027\/#primaryimage\"},\"image\":{\"@id\":\"https:\/\/med.estrategia.com\/portal\/noticias\/unifesp-contrata-vunesp-residencia-medica-2027\/#primaryimage\"},\"thumbnailUrl\":\"https:\/\/med.estrategia.com\/portal\/wp-content\/uploads\/2026\/05\/CAPA-UNIFESP.jpg\",\"datePublished\":\"2026-09-02T08:46:52+00:00\",\"dateModified\":\"2026-09-02T10:39:59+00:00\",\"author\":{\"@id\":\"https:\/\/med.estrategia.com\/portal\/#\/schema\/person\/2f553adbb8e25fe39d145c5b2927f58c\"},\"description\":\"Unifesp contrata Vunesp para atuar na primeira fase do processo seletivo de Resid\u00eancia M\u00e9dica 2027; edital ainda ser\u00e1 divulgado.\",\"breadcrumb\":{\"@id\":\"https:\/\/med.estrategia.com\/portal\/noticias\/unifesp-contrata-vunesp-residencia-medica-2027\/#breadcrumb\"},\"inLanguage\":\"pt-BR\",\"potentialAction\":[{\"@type\":\"ReadAction\",\"target\":[\"https:\/\/med.estrategia.com\/portal\/noticias\/unifesp-contrata-vunesp-residencia-medica-2027\/\"]}]},{\"@type\":\"ImageObject\",\"inLanguage\":\"pt-BR\",\"@id\":\"https:\/\/med.estrategia.com\/portal\/noticias\/unifesp-contrata-vunesp-residencia-medica-2027\/#primaryimage\",\"url\":\"https:\/\/med.estrategia.com\/portal\/wp-content\/uploads\/2026\/05\/CAPA-UNIFESP.jpg\",\"contentUrl\":\"https:\/\/med.estrategia.com\/portal\/wp-content\/uploads\/2026\/05\/CAPA-UNIFESP.jpg\",\"width\":1920,\"height\":1080},{\"@type\":\"BreadcrumbList\",\"@id\":\"https:\/\/med.estrategia.com\/portal\/noticias\/unifesp-contrata-vunesp-residencia-medica-2027\/#breadcrumb\",\"itemListElement\":[{\"@type\":\"ListItem\",\"position\":1,\"name\":\"Home\",\"item\":\"https:\/\/med.estrategia.com\/portal\/\"},{\"@type\":\"ListItem\",\"position\":2,\"name\":\"Not\u00edcias\",\"item\":\"https:\/\/med.estrategia.com\/portal\/noticias\/\"},{\"@type\":\"ListItem\",\"position\":3,\"name\":\"Unifesp contrata Vunesp para processo seletivo de Resid\u00eancia M\u00e9dica 2027\"}]},{\"@type\":\"WebSite\",\"@id\":\"https:\/\/med.estrategia.com\/portal\/#website\",\"url\":\"https:\/\/med.estrategia.com\/portal\/\",\"name\":\"Estrat\u00e9gia MED\",\"description\":\"\",\"potentialAction\":[{\"@type\":\"SearchAction\",\"target\":{\"@type\":\"EntryPoint\",\"urlTemplate\":\"https:\/\/med.estrategia.com\/portal\/?s={search_term_string}\"},\"query-input\":{\"@type\":\"PropertyValueSpecification\",\"valueRequired\":true,\"valueName\":\"search_term_string\"}}],\"inLanguage\":\"pt-BR\"},{\"@type\":\"Person\",\"@id\":\"https:\/\/med.estrategia.com\/portal\/#\/schema\/person\/2f553adbb8e25fe39d145c5b2927f58c\",\"name\":\"Ana Carolina Damasceno\",\"image\":{\"@type\":\"ImageObject\",\"inLanguage\":\"pt-BR\",\"@id\":\"https:\/\/med.estrategia.com\/portal\/#\/schema\/person\/image\/\",\"url\":\"https:\/\/med.estrategia.com\/portal\/wp-content\/uploads\/2026\/07\/Sem-titulo-150x150.png\",\"contentUrl\":\"https:\/\/med.estrategia.com\/portal\/wp-content\/uploads\/2026\/07\/Sem-titulo-150x150.png\",\"caption\":\"Ana Carolina Damasceno\"},\"description\":\"Coordenadora de Jornalismo EMED. Comunicadora por natureza e forma\u00e7\u00e3o, que ama e perde a no\u00e7\u00e3o do tempo com m\u00fasica e s\u00e9rie.\",\"url\":\"https:\/\/med.estrategia.com\/portal\/author\/ana-carolina-damasceno\/\"}]}<\/script>\n<!-- \/ Yoast SEO Premium plugin. -->","yoast_head_json":{"title":"Unifesp contrata Vunesp para processo seletivo de Resid\u00eancia M\u00e9dica 2027","description":"Unifesp contrata Vunesp para atuar na primeira fase do processo seletivo de Resid\u00eancia M\u00e9dica 2027; edital ainda ser\u00e1 divulgado.","robots":{"index":"index","follow":"follow","max-snippet":"max-snippet:-1","max-image-preview":"max-image-preview:large","max-video-preview":"max-video-preview:-1"},"canonical":"https:\/\/med.estrategia.com\/portal\/noticias\/unifesp-contrata-vunesp-residencia-medica-2027\/","og_locale":"pt_BR","og_type":"article","og_title":"Unifesp contrata Vunesp para processo seletivo de Resid\u00eancia M\u00e9dica 2027","og_description":"Unifesp contrata Vunesp para atuar na primeira fase do processo seletivo de Resid\u00eancia M\u00e9dica 2027; edital ainda ser\u00e1 divulgado.","og_url":"https:\/\/med.estrategia.com\/portal\/noticias\/unifesp-contrata-vunesp-residencia-medica-2027\/","og_site_name":"Estrat\u00e9gia MED","article_publisher":"https:\/\/www.facebook.com\/estrategiamed1","article_published_time":"2026-09-02T08:46:52+00:00","article_modified_time":"2026-09-02T10:39:59+00:00","og_image":[{"width":1920,"height":1080,"url":"https:\/\/med.estrategia.com\/portal\/wp-content\/uploads\/2026\/05\/CAPA-UNIFESP.jpg","type":"image\/jpeg"}],"author":"Ana Carolina Damasceno","twitter_card":"summary_large_image","twitter_creator":"@estrategiamed_","twitter_site":"@estrategiamed_","twitter_misc":{"Escrito por":"Ana Carolina Damasceno","Est. tempo de leitura":"2 minutos"},"schema":{"@context":"https:\/\/schema.org","@graph":[{"@type":"WebPage","@id":"https:\/\/med.estrategia.com\/portal\/noticias\/unifesp-contrata-vunesp-residencia-medica-2027\/","url":"https:\/\/med.estrategia.com\/portal\/noticias\/unifesp-contrata-vunesp-residencia-medica-2027\/","name":"Unifesp contrata Vunesp para processo seletivo de Resid\u00eancia M\u00e9dica 2027","isPartOf":{"@id":"https:\/\/med.estrategia.com\/portal\/#website"},"primaryImageOfPage":{"@id":"https:\/\/med.estrategia.com\/portal\/noticias\/unifesp-contrata-vunesp-residencia-medica-2027\/#primaryimage"},"image":{"@id":"https:\/\/med.estrategia.com\/portal\/noticias\/unifesp-contrata-vunesp-residencia-medica-2027\/#primaryimage"},"thumbnailUrl":"https:\/\/med.estrategia.com\/portal\/wp-content\/uploads\/2026\/05\/CAPA-UNIFESP.jpg","datePublished":"2026-09-02T08:46:52+00:00","dateModified":"2026-09-02T10:39:59+00:00","author":{"@id":"https:\/\/med.estrategia.com\/portal\/#\/schema\/person\/2f553adbb8e25fe39d145c5b2927f58c"},"description":"Unifesp contrata Vunesp para atuar na primeira fase do processo seletivo de Resid\u00eancia M\u00e9dica 2027; edital ainda ser\u00e1 divulgado.","breadcrumb":{"@id":"https:\/\/med.estrategia.com\/portal\/noticias\/unifesp-contrata-vunesp-residencia-medica-2027\/#breadcrumb"},"inLanguage":"pt-BR","potentialAction":[{"@type":"ReadAction","target":["https:\/\/med.estrategia.com\/portal\/noticias\/unifesp-contrata-vunesp-residencia-medica-2027\/"]}]},{"@type":"ImageObject","inLanguage":"pt-BR","@id":"https:\/\/med.estrategia.com\/portal\/noticias\/unifesp-contrata-vunesp-residencia-medica-2027\/#primaryimage","url":"https:\/\/med.estrategia.com\/portal\/wp-content\/uploads\/2026\/05\/CAPA-UNIFESP.jpg","contentUrl":"https:\/\/med.estrategia.com\/portal\/wp-content\/uploads\/2026\/05\/CAPA-UNIFESP.jpg","width":1920,"height":1080},{"@type":"BreadcrumbList","@id":"https:\/\/med.estrategia.com\/portal\/noticias\/unifesp-contrata-vunesp-residencia-medica-2027\/#breadcrumb","itemListElement":[{"@type":"ListItem","position":1,"name":"Home","item":"https:\/\/med.estrategia.com\/portal\/"},{"@type":"ListItem","position":2,"name":"Not\u00edcias","item":"https:\/\/med.estrategia.com\/portal\/noticias\/"},{"@type":"ListItem","position":3,"name":"Unifesp contrata Vunesp para processo seletivo de Resid\u00eancia M\u00e9dica 2027"}]},{"@type":"WebSite","@id":"https:\/\/med.estrategia.com\/portal\/#website","url":"https:\/\/med.estrategia.com\/portal\/","name":"Estrat\u00e9gia MED","description":"","potentialAction":[{"@type":"SearchAction","target":{"@type":"EntryPoint","urlTemplate":"https:\/\/med.estrategia.com\/portal\/?s={search_term_string}"},"query-input":{"@type":"PropertyValueSpecification","valueRequired":true,"valueName":"search_term_string"}}],"inLanguage":"pt-BR"},{"@type":"Person","@id":"https:\/\/med.estrategia.com\/portal\/#\/schema\/person\/2f553adbb8e25fe39d145c5b2927f58c","name":"Ana Carolina Damasceno","image":{"@type":"ImageObject","inLanguage":"pt-BR","@id":"https:\/\/med.estrategia.com\/portal\/#\/schema\/person\/image\/","url":"https:\/\/med.estrategia.com\/portal\/wp-content\/uploads\/2026\/07\/Sem-titulo-150x150.png","contentUrl":"https:\/\/med.estrategia.com\/portal\/wp-content\/uploads\/2026\/07\/Sem-titulo-150x150.png","caption":"Ana Carolina Damasceno"},"description":"Coordenadora de Jornalismo EMED. Comunicadora por natureza e forma\u00e7\u00e3o, que ama e perde a no\u00e7\u00e3o do tempo com m\u00fasica e s\u00e9rie.","url":"https:\/\/med.estrategia.com\/portal\/author\/ana-carolina-damasceno\/"}]}},"_wl_alt_label":[],"wl:entity_url":"\/post\/unifesp-contrata-vunesp-para-processo-seletivo-de-residencia-medica-2027-113401","_links":{"self":[{"href":"https:\/\/med.estrategia.com\/portal\/wp-json\/wp\/v2\/posts\/113401","targetHints":{"allow":["GET"]}}],"collection":[{"href":"https:\/\/med.estrategia.com\/portal\/wp-json\/wp\/v2\/posts"}],"about":[{"href":"https:\/\/med.estrategia.com\/portal\/wp-json\/wp\/v2\/types\/post"}],"author":[{"embeddable":true,"href":"https:\/\/med.estrategia.com\/portal\/wp-json\/wp\/v2\/users\/39"}],"replies":[{"embeddable":true,"href":"https:\/\/med.estrategia.com\/portal\/wp-json\/wp\/v2\/comments?post=113401"}],"version-history":[{"count":4,"href":"https:\/\/med.estrategia.com\/portal\/wp-json\/wp\/v2\/posts\/113401\/revisions"}],"predecessor-version":[{"id":113414,"href":"https:\/\/med.estrategia.com\/portal\/wp-json\/wp\/v2\/posts\/113401\/revisions\/113414"}],"wp:featuredmedia":[{"embeddable":true,"href":"https:\/\/med.estrategia.com\/portal\/wp-json\/wp\/v2\/media\/110693"}],"wp:attachment":[{"href":"https:\/\/med.estrategia.com\/portal\/wp-json\/wp\/v2\/media?parent=113401"}],"wp:term":[{"taxonomy":"category","embeddable":true,"href":"https:\/\/med.estrategia.com\/portal\/wp-json\/wp\/v2\/categories?post=113401"},{"taxonomy":"post_tag","embeddable":true,"href":"https:\/\/med.estrategia.com\/portal\/wp-json\/wp\/v2\/tags?post=113401"},{"taxonomy":"wl_entity_type","embeddable":true,"href":"https:\/\/med.estrategia.com\/portal\/wp-json\/wp\/v2\/wl_entity_type?post=113401"}],"curies":[{"name":"wp","href":"https:\/\/api.w.org\/{rel}","templated":true}]}}