{"id":113405,"date":"2026-09-02T06:17:21","date_gmt":"2026-09-02T09:17:21","guid":{"rendered":"https:\/\/med.estrategia.com\/portal\/?p=113405"},"modified":"2026-09-02T06:20:05","modified_gmt":"2026-09-02T09:20:05","slug":"vacina-herpes-zoster-sus-senado","status":"publish","type":"post","link":"https:\/\/med.estrategia.com\/portal\/noticias\/vacina-herpes-zoster-sus-senado\/","title":{"rendered":"Vacina contra herpes-z\u00f3ster no SUS avan\u00e7a no Senado"},"content":{"rendered":"<p class=\"wp-block-paragraph\">A Comiss&atilde;o de Assuntos Sociais (CAS) do Senado aprovou nesta ter&ccedil;a-feira (1&ordm;) o <strong>projeto que prev&ecirc; a oferta da vacina contra herpes-z&oacute;ster pelo Sistema &Uacute;nico de Sa&uacute;de (SUS)<\/strong>. O texto aprovado amplia o p&uacute;blico inicialmente contemplado pela proposta e estabelece a <strong>vacina&ccedil;&atilde;o para pessoas com mais de 50 anos e adultos em condi&ccedil;&otilde;es espec&iacute;ficas de imunossupress&atilde;o<\/strong>.<p class=\"wp-block-paragraph\">Apesar da aprova&ccedil;&atilde;o do substitutivo ao <a href=\"https:\/\/www25.senado.leg.br\/web\/atividade\/materias\/-\/materia\/170295\" target=\"_blank\">Projeto de Lei n&ordm; 4.426\/2025<\/a>, a<strong> medida ainda n&atilde;o est&aacute; em vigor<\/strong>. A proposta passar&aacute; por turno suplementar na CAS antes de seguir sua tramita&ccedil;&atilde;o.<\/p><div id=\"ez-toc-container\" class=\"ez-toc-v2_0_86 counter-hierarchy ez-toc-counter ez-toc-transparent ez-toc-container-direction\">\n<div class=\"ez-toc-title-container\"><p class=\"ez-toc-title\" style=\"cursor:inherit\">Navegue pelo conte\u00fado<\/p>\n<\/div><nav><ul class='ez-toc-list ez-toc-list-level-1 ' ><li class='ez-toc-page-1 ez-toc-heading-level-2'><a class=\"ez-toc-link ez-toc-heading-1\" href=\"https:\/\/med.estrategia.com\/portal\/noticias\/vacina-herpes-zoster-sus-senado\/#Quem-podera-receber-a-vacina\" >Quem poder&aacute; receber a vacina<\/a><\/li><li class='ez-toc-page-1 ez-toc-heading-level-2'><a class=\"ez-toc-link ez-toc-heading-2\" href=\"https:\/\/med.estrategia.com\/portal\/noticias\/vacina-herpes-zoster-sus-senado\/#Projeto-ainda-passa-por-novo-turno-na-CAS\" >Projeto ainda passa por novo turno na CAS<\/a><\/li><li class='ez-toc-page-1 ez-toc-heading-level-2'><a class=\"ez-toc-link ez-toc-heading-3\" href=\"https:\/\/med.estrategia.com\/portal\/noticias\/vacina-herpes-zoster-sus-senado\/#O-que-e-Herpes-zoster\" >O que &eacute; Herpes-z&oacute;ster<\/a><\/li><\/ul><\/nav><\/div>\n<h2 id=\"h-quem-podera-receber-a-vacina\" class=\"wp-block-heading\"><span class=\"ez-toc-section\" id=\"Quem-podera-receber-a-vacina\"><\/span>Quem poder&aacute; receber a vacina<span class=\"ez-toc-section-end\"><\/span><\/h2><p class=\"wp-block-paragraph\">O texto aprovado pela CAS estabelece dois grupos que dever&atilde;o ser atendidos caso o projeto seja convertido em lei:<\/p><ul class=\"wp-block-list\">\n<li>pessoas com mais de 50 anos;<\/li>\n\n\n\n<li>maiores de 18 anos com imunossupress&atilde;o ou outra condi&ccedil;&atilde;o cl&iacute;nica que comprometa o sistema imunol&oacute;gico.<\/li>\n<\/ul><p class=\"wp-block-paragraph\">A proposta original, apresentada pela senadora Dra. Eud&oacute;cia (PL-AL), previa a vacina&ccedil;&atilde;o apenas para pessoas com mais de 60 anos. Durante a an&aacute;lise na Comiss&atilde;o de Direitos Humanos (CDH), a senadora Mara Gabrilli (PSD-SP) apresentou um substitutivo ampliando a abrang&ecirc;ncia da medida. Essa vers&atilde;o foi mantida pela relatora na CAS, senadora Damares Alves (Republicanos-DF).<\/p><h2 id=\"h-projeto-ainda-passa-por-novo-turno-na-cas\" class=\"wp-block-heading\"><span class=\"ez-toc-section\" id=\"Projeto-ainda-passa-por-novo-turno-na-CAS\"><\/span>Projeto ainda passa por novo turno na CAS<span class=\"ez-toc-section-end\"><\/span><\/h2><p class=\"wp-block-paragraph\">Apesar da aprova&ccedil;&atilde;o, a tramita&ccedil;&atilde;o no Senado ainda n&atilde;o terminou. Como a CAS aprovou um substitutivo,<strong> o texto ser&aacute; submetido a turno suplementar<\/strong> na pr&oacute;pria comiss&atilde;o. A p&aacute;gina oficial do projeto registra, nesta quarta-feira (2), prazo aberto para apresenta&ccedil;&atilde;o de emendas nessa etapa.<\/p><p class=\"wp-block-paragraph\">Conclu&iacute;do esse procedimento, a expectativa indicada pelo Senado &eacute; de que a proposta siga para an&aacute;lise da C&acirc;mara dos Deputados. <\/p><p>\n\n\n<div id=\"new-form\">\n\t<form id=\"forms_layout\">\n\t<input type=\"hidden\" id=\"chave_de\" name=\"chave_de\" value=\"01_EMED_LEADS_TOTAIS\" \/>\n\t\t<input type=\"hidden\" id=\"mid\" name=\"mid\" value=\"515009018\" \/>\n\t\t<input type=\"hidden\" id=\"Objetivo\" name=\"Objetivo\" value=\"Medicina\" \/>\n\t\t<input type=\"hidden\" id=\"Estado_de_Origem_do_IP\" name=\"Estado_de_Origem_do_IP\"  value=\"\" \/>\n\t\t<input type=\"hidden\" id=\"Cidade_de_Origem_do_IP\" name=\"Cidade_de_Origem_do_IP\" value=\"\" \/>\n\t\t<input type=\"hidden\" id=\"Modo_de_entrada\" name=\"Modo_de_entrada\" value=\"Portal\" \/>\n\t\t<input type=\"hidden\" id=\"Pagina_Origem\" name=\"Pagina_Origem\" value=\"\" \/>\n\n\t\t<div class=\"texto\">\n\t\t\t<h3 class=\"news\">Inscreva-se em nossa newsletter!<\/h3>\n\t\t\t<p>Receba not\u00edcias sobre resid\u00eancia m\u00e9dica, revalida\u00e7\u00e3o de diplomas e concursos m\u00e9dicos, al\u00e9m de materiais de estudo gratuitos e informa\u00e7\u00f5es relevantes do mundo da Medicina.<\/p>\n\t\t<\/div>\n\t\t<div class=\"campos\">\n\t\t\t<div class=\"first_name labels\">\n\t\t\t\t<input type=\"text\" class=\"input_labels\" id=\"first_name\" name=\"Nome_Completo\" placeholder=\"Nome\" required \/>\n\t\t\t<\/div>\n\t\t\t<div class=\"email labels\">\n\t\t\t\t<input type=\"email\" class=\"input_labels\" id=\"email\" name=\"Email\" placeholder=\"E-mail\" required \/>\n\t\t\t<\/div>\n\t\t\t<button type=\"submit\" class=\"button_layout\">\n\t\t\t\t<div id=\"lblBotao\">Inscreva-se<\/div>\n\t\t\t\t<span id=\"divSpiner\" class=\"loader\" role=\"status\" style=\"display: none;\"><\/span>\t\n\t\t\t<\/button>\n\t\t<\/div><!-- \/campos -->\n\t\t\n\t\t<label class=\"container_checkbox\">Voc\u00ea concorda com a nossa\n\t\t\t<a class=\"politics_privacy_ahref\" target=\"_blank\" href=\"https:\/\/gratis.estrategiaconcursos.com.br\/politica-de-privacidade\/\">Pol\u00edtica de Privacidade<\/a> e aceita receber informa\u00e7\u00f5es adicionais do Estrat\u00e9gia Educacional.\n\t\t\t<input id=\"checkbox_layout\" type=\"checkbox\" checked=\"checked\" required \/>\n\t\t\t<span class=\"checkbox\"><\/span>\n\t\t<\/label>\n\t\t<div id=\"msg\"><\/div>\n\t\t<div id=\"error\" class=\"error\">\n\t\t<\/div>\n\t<\/form>\n<\/div><!-- \/new-form -->\n\n\n\n<\/p><h2 id=\"h-o-que-e-herpes-zoster\" class=\"wp-block-heading\"><span class=\"ez-toc-section\" id=\"O-que-e-Herpes-zoster\"><\/span>O que &eacute; Herpes-z&oacute;ster<span class=\"ez-toc-section-end\"><\/span><\/h2><p class=\"wp-block-paragraph\">O herpes-z&oacute;ster &eacute; uma infec&ccedil;&atilde;o viral provocada pela reativa&ccedil;&atilde;o do mesmo v&iacute;rus respons&aacute;vel pela catapora. Ap&oacute;s a infec&ccedil;&atilde;o inicial, o v&iacute;rus pode permanecer no organismo e voltar a se manifestar posteriormente, especialmente em adultos e pessoas com comprometimento do sistema imunol&oacute;gico.<\/p><p class=\"wp-block-paragraph\">Entre as manifesta&ccedil;&otilde;es descritas est&atilde;o les&otilde;es na pele associadas a sintomas como dor, ardor, coceira, formigamento, cefaleia e febre.<\/p><p class=\"wp-block-paragraph\">Se voc&ecirc; quer ficar por dentro de mais conte&uacute;dos relevantes sobre a &aacute;rea m&eacute;dica, continue acompanhando o material preparado pelo Portal de Not&iacute;cias do Estrat&eacute;gia MED. Aqui, voc&ecirc; encontrar&aacute; informa&ccedil;&otilde;es atualizadas sobre resid&ecirc;ncias, carreira m&eacute;dica e muito mais.<\/p><p class=\"wp-block-paragraph\"><a id=\"cta\" class=\"cta-imagem\" href=\"https:\/\/med.estrategia.com\/cursos\/\" target=\"blank\">\n                <img decoding=\"async\" width=\"100%\" src=\"https:\/\/med.estrategia.com\/portal\/wp-content\/uploads\/2025\/08\/estrategia_geral.jpg\" alt=\"\" title=\"estrategia_geral\">\n        <\/a>\n<\/p><\/p>\n","protected":false},"excerpt":{"rendered":"Proposta prev\u00ea vacina\u00e7\u00e3o pelo SUS para maiores de 50 anos e adultos imunossuprimidos, mas ainda precisa cumprir novas etapas de tramita\u00e7\u00e3o\n","protected":false},"author":39,"featured_media":113406,"comment_status":"closed","ping_status":"closed","sticky":false,"template":"","format":"standard","meta":{"wl_entities_gutenberg":"","footnotes":""},"categories":[300],"tags":[],"wl_entity_type":[199],"class_list":["post-113405","post","type-post","status-publish","format-standard","has-post-thumbnail","category-noticias","wl_entity_type-article"],"acf":[],"yoast_head":"<!-- This site is optimized with the Yoast SEO Premium plugin v26.6 (Yoast SEO v26.6) - https:\/\/yoast.com\/wordpress\/plugins\/seo\/ -->\n<title>Vacina contra herpes-z\u00f3ster no SUS avan\u00e7a no Senado<\/title>\n<meta name=\"description\" content=\"CAS do Senado aprova projeto que prev\u00ea vacina contra herpes-z\u00f3ster no SUS para maiores de 50 anos e adultos com imunossupress\u00e3o.\" \/>\n<meta name=\"robots\" content=\"index, follow, max-snippet:-1, max-image-preview:large, max-video-preview:-1\" \/>\n<link rel=\"canonical\" href=\"https:\/\/med.estrategia.com\/portal\/noticias\/vacina-herpes-zoster-sus-senado\/\" \/>\n<meta property=\"og:locale\" content=\"pt_BR\" \/>\n<meta property=\"og:type\" content=\"article\" \/>\n<meta property=\"og:title\" content=\"Vacina contra herpes-z\u00f3ster no SUS avan\u00e7a no Senado\" \/>\n<meta property=\"og:description\" content=\"CAS do Senado aprova projeto que prev\u00ea vacina contra herpes-z\u00f3ster no SUS para maiores de 50 anos e adultos com imunossupress\u00e3o.\" \/>\n<meta property=\"og:url\" content=\"https:\/\/med.estrategia.com\/portal\/noticias\/vacina-herpes-zoster-sus-senado\/\" \/>\n<meta property=\"og:site_name\" content=\"Estrat\u00e9gia MED\" \/>\n<meta property=\"article:publisher\" content=\"https:\/\/www.facebook.com\/estrategiamed1\" \/>\n<meta property=\"article:published_time\" content=\"2026-09-02T09:17:21+00:00\" \/>\n<meta property=\"article:modified_time\" content=\"2026-09-02T09:20:05+00:00\" \/>\n<meta property=\"og:image\" content=\"https:\/\/med.estrategia.com\/portal\/wp-content\/uploads\/2026\/09\/55502216193_34f62f0705_o.jpg\" \/>\n\t<meta property=\"og:image:width\" content=\"1920\" \/>\n\t<meta property=\"og:image:height\" content=\"1280\" \/>\n\t<meta property=\"og:image:type\" content=\"image\/jpeg\" \/>\n<meta name=\"author\" content=\"Ana Carolina Damasceno\" \/>\n<meta name=\"twitter:card\" content=\"summary_large_image\" \/>\n<meta name=\"twitter:creator\" content=\"@estrategiamed_\" \/>\n<meta name=\"twitter:site\" content=\"@estrategiamed_\" \/>\n<meta name=\"twitter:label1\" content=\"Escrito por\" \/>\n\t<meta name=\"twitter:data1\" content=\"Ana Carolina Damasceno\" \/>\n\t<meta name=\"twitter:label2\" content=\"Est. tempo de leitura\" \/>\n\t<meta name=\"twitter:data2\" content=\"2 minutos\" \/>\n<script type=\"application\/ld+json\" class=\"yoast-schema-graph\">{\"@context\":\"https:\/\/schema.org\",\"@graph\":[{\"@type\":\"WebPage\",\"@id\":\"https:\/\/med.estrategia.com\/portal\/noticias\/vacina-herpes-zoster-sus-senado\/\",\"url\":\"https:\/\/med.estrategia.com\/portal\/noticias\/vacina-herpes-zoster-sus-senado\/\",\"name\":\"Vacina contra herpes-z\u00f3ster no SUS avan\u00e7a no Senado\",\"isPartOf\":{\"@id\":\"https:\/\/med.estrategia.com\/portal\/#website\"},\"primaryImageOfPage\":{\"@id\":\"https:\/\/med.estrategia.com\/portal\/noticias\/vacina-herpes-zoster-sus-senado\/#primaryimage\"},\"image\":{\"@id\":\"https:\/\/med.estrategia.com\/portal\/noticias\/vacina-herpes-zoster-sus-senado\/#primaryimage\"},\"thumbnailUrl\":\"https:\/\/med.estrategia.com\/portal\/wp-content\/uploads\/2026\/09\/55502216193_34f62f0705_o.jpg\",\"datePublished\":\"2026-09-02T09:17:21+00:00\",\"dateModified\":\"2026-09-02T09:20:05+00:00\",\"author\":{\"@id\":\"https:\/\/med.estrategia.com\/portal\/#\/schema\/person\/2f553adbb8e25fe39d145c5b2927f58c\"},\"description\":\"CAS do Senado aprova projeto que prev\u00ea vacina contra herpes-z\u00f3ster no SUS para maiores de 50 anos e adultos com imunossupress\u00e3o.\",\"breadcrumb\":{\"@id\":\"https:\/\/med.estrategia.com\/portal\/noticias\/vacina-herpes-zoster-sus-senado\/#breadcrumb\"},\"inLanguage\":\"pt-BR\",\"potentialAction\":[{\"@type\":\"ReadAction\",\"target\":[\"https:\/\/med.estrategia.com\/portal\/noticias\/vacina-herpes-zoster-sus-senado\/\"]}]},{\"@type\":\"ImageObject\",\"inLanguage\":\"pt-BR\",\"@id\":\"https:\/\/med.estrategia.com\/portal\/noticias\/vacina-herpes-zoster-sus-senado\/#primaryimage\",\"url\":\"https:\/\/med.estrategia.com\/portal\/wp-content\/uploads\/2026\/09\/55502216193_34f62f0705_o.jpg\",\"contentUrl\":\"https:\/\/med.estrategia.com\/portal\/wp-content\/uploads\/2026\/09\/55502216193_34f62f0705_o.jpg\",\"width\":1920,\"height\":1280,\"caption\":\"Foto: Geraldo Magela\/Ag\u00eancia Senado\"},{\"@type\":\"BreadcrumbList\",\"@id\":\"https:\/\/med.estrategia.com\/portal\/noticias\/vacina-herpes-zoster-sus-senado\/#breadcrumb\",\"itemListElement\":[{\"@type\":\"ListItem\",\"position\":1,\"name\":\"Home\",\"item\":\"https:\/\/med.estrategia.com\/portal\/\"},{\"@type\":\"ListItem\",\"position\":2,\"name\":\"Not\u00edcias\",\"item\":\"https:\/\/med.estrategia.com\/portal\/noticias\/\"},{\"@type\":\"ListItem\",\"position\":3,\"name\":\"Vacina contra herpes-z\u00f3ster no SUS avan\u00e7a no Senado\"}]},{\"@type\":\"WebSite\",\"@id\":\"https:\/\/med.estrategia.com\/portal\/#website\",\"url\":\"https:\/\/med.estrategia.com\/portal\/\",\"name\":\"Estrat\u00e9gia MED\",\"description\":\"\",\"potentialAction\":[{\"@type\":\"SearchAction\",\"target\":{\"@type\":\"EntryPoint\",\"urlTemplate\":\"https:\/\/med.estrategia.com\/portal\/?s={search_term_string}\"},\"query-input\":{\"@type\":\"PropertyValueSpecification\",\"valueRequired\":true,\"valueName\":\"search_term_string\"}}],\"inLanguage\":\"pt-BR\"},{\"@type\":\"Person\",\"@id\":\"https:\/\/med.estrategia.com\/portal\/#\/schema\/person\/2f553adbb8e25fe39d145c5b2927f58c\",\"name\":\"Ana Carolina Damasceno\",\"image\":{\"@type\":\"ImageObject\",\"inLanguage\":\"pt-BR\",\"@id\":\"https:\/\/med.estrategia.com\/portal\/#\/schema\/person\/image\/\",\"url\":\"https:\/\/med.estrategia.com\/portal\/wp-content\/uploads\/2026\/07\/Sem-titulo-150x150.png\",\"contentUrl\":\"https:\/\/med.estrategia.com\/portal\/wp-content\/uploads\/2026\/07\/Sem-titulo-150x150.png\",\"caption\":\"Ana Carolina Damasceno\"},\"description\":\"Coordenadora de Jornalismo EMED. Comunicadora por natureza e forma\u00e7\u00e3o, que ama e perde a no\u00e7\u00e3o do tempo com m\u00fasica e s\u00e9rie.\",\"url\":\"https:\/\/med.estrategia.com\/portal\/author\/ana-carolina-damasceno\/\"}]}<\/script>\n<!-- \/ Yoast SEO Premium plugin. -->","yoast_head_json":{"title":"Vacina contra herpes-z\u00f3ster no SUS avan\u00e7a no Senado","description":"CAS do Senado aprova projeto que prev\u00ea vacina contra herpes-z\u00f3ster no SUS para maiores de 50 anos e adultos com imunossupress\u00e3o.","robots":{"index":"index","follow":"follow","max-snippet":"max-snippet:-1","max-image-preview":"max-image-preview:large","max-video-preview":"max-video-preview:-1"},"canonical":"https:\/\/med.estrategia.com\/portal\/noticias\/vacina-herpes-zoster-sus-senado\/","og_locale":"pt_BR","og_type":"article","og_title":"Vacina contra herpes-z\u00f3ster no SUS avan\u00e7a no Senado","og_description":"CAS do Senado aprova projeto que prev\u00ea vacina contra herpes-z\u00f3ster no SUS para maiores de 50 anos e adultos com imunossupress\u00e3o.","og_url":"https:\/\/med.estrategia.com\/portal\/noticias\/vacina-herpes-zoster-sus-senado\/","og_site_name":"Estrat\u00e9gia MED","article_publisher":"https:\/\/www.facebook.com\/estrategiamed1","article_published_time":"2026-09-02T09:17:21+00:00","article_modified_time":"2026-09-02T09:20:05+00:00","og_image":[{"width":1920,"height":1280,"url":"https:\/\/med.estrategia.com\/portal\/wp-content\/uploads\/2026\/09\/55502216193_34f62f0705_o.jpg","type":"image\/jpeg"}],"author":"Ana Carolina Damasceno","twitter_card":"summary_large_image","twitter_creator":"@estrategiamed_","twitter_site":"@estrategiamed_","twitter_misc":{"Escrito por":"Ana Carolina Damasceno","Est. tempo de leitura":"2 minutos"},"schema":{"@context":"https:\/\/schema.org","@graph":[{"@type":"WebPage","@id":"https:\/\/med.estrategia.com\/portal\/noticias\/vacina-herpes-zoster-sus-senado\/","url":"https:\/\/med.estrategia.com\/portal\/noticias\/vacina-herpes-zoster-sus-senado\/","name":"Vacina contra herpes-z\u00f3ster no SUS avan\u00e7a no Senado","isPartOf":{"@id":"https:\/\/med.estrategia.com\/portal\/#website"},"primaryImageOfPage":{"@id":"https:\/\/med.estrategia.com\/portal\/noticias\/vacina-herpes-zoster-sus-senado\/#primaryimage"},"image":{"@id":"https:\/\/med.estrategia.com\/portal\/noticias\/vacina-herpes-zoster-sus-senado\/#primaryimage"},"thumbnailUrl":"https:\/\/med.estrategia.com\/portal\/wp-content\/uploads\/2026\/09\/55502216193_34f62f0705_o.jpg","datePublished":"2026-09-02T09:17:21+00:00","dateModified":"2026-09-02T09:20:05+00:00","author":{"@id":"https:\/\/med.estrategia.com\/portal\/#\/schema\/person\/2f553adbb8e25fe39d145c5b2927f58c"},"description":"CAS do Senado aprova projeto que prev\u00ea vacina contra herpes-z\u00f3ster no SUS para maiores de 50 anos e adultos com imunossupress\u00e3o.","breadcrumb":{"@id":"https:\/\/med.estrategia.com\/portal\/noticias\/vacina-herpes-zoster-sus-senado\/#breadcrumb"},"inLanguage":"pt-BR","potentialAction":[{"@type":"ReadAction","target":["https:\/\/med.estrategia.com\/portal\/noticias\/vacina-herpes-zoster-sus-senado\/"]}]},{"@type":"ImageObject","inLanguage":"pt-BR","@id":"https:\/\/med.estrategia.com\/portal\/noticias\/vacina-herpes-zoster-sus-senado\/#primaryimage","url":"https:\/\/med.estrategia.com\/portal\/wp-content\/uploads\/2026\/09\/55502216193_34f62f0705_o.jpg","contentUrl":"https:\/\/med.estrategia.com\/portal\/wp-content\/uploads\/2026\/09\/55502216193_34f62f0705_o.jpg","width":1920,"height":1280,"caption":"Foto: Geraldo Magela\/Ag\u00eancia Senado"},{"@type":"BreadcrumbList","@id":"https:\/\/med.estrategia.com\/portal\/noticias\/vacina-herpes-zoster-sus-senado\/#breadcrumb","itemListElement":[{"@type":"ListItem","position":1,"name":"Home","item":"https:\/\/med.estrategia.com\/portal\/"},{"@type":"ListItem","position":2,"name":"Not\u00edcias","item":"https:\/\/med.estrategia.com\/portal\/noticias\/"},{"@type":"ListItem","position":3,"name":"Vacina contra herpes-z\u00f3ster no SUS avan\u00e7a no Senado"}]},{"@type":"WebSite","@id":"https:\/\/med.estrategia.com\/portal\/#website","url":"https:\/\/med.estrategia.com\/portal\/","name":"Estrat\u00e9gia MED","description":"","potentialAction":[{"@type":"SearchAction","target":{"@type":"EntryPoint","urlTemplate":"https:\/\/med.estrategia.com\/portal\/?s={search_term_string}"},"query-input":{"@type":"PropertyValueSpecification","valueRequired":true,"valueName":"search_term_string"}}],"inLanguage":"pt-BR"},{"@type":"Person","@id":"https:\/\/med.estrategia.com\/portal\/#\/schema\/person\/2f553adbb8e25fe39d145c5b2927f58c","name":"Ana Carolina Damasceno","image":{"@type":"ImageObject","inLanguage":"pt-BR","@id":"https:\/\/med.estrategia.com\/portal\/#\/schema\/person\/image\/","url":"https:\/\/med.estrategia.com\/portal\/wp-content\/uploads\/2026\/07\/Sem-titulo-150x150.png","contentUrl":"https:\/\/med.estrategia.com\/portal\/wp-content\/uploads\/2026\/07\/Sem-titulo-150x150.png","caption":"Ana Carolina Damasceno"},"description":"Coordenadora de Jornalismo EMED. Comunicadora por natureza e forma\u00e7\u00e3o, que ama e perde a no\u00e7\u00e3o do tempo com m\u00fasica e s\u00e9rie.","url":"https:\/\/med.estrategia.com\/portal\/author\/ana-carolina-damasceno\/"}]}},"_wl_alt_label":[],"wl:entity_url":"\/post\/vacina-contra-herpes-zoster-no-sus-avanca-no-senado-113405","_links":{"self":[{"href":"https:\/\/med.estrategia.com\/portal\/wp-json\/wp\/v2\/posts\/113405","targetHints":{"allow":["GET"]}}],"collection":[{"href":"https:\/\/med.estrategia.com\/portal\/wp-json\/wp\/v2\/posts"}],"about":[{"href":"https:\/\/med.estrategia.com\/portal\/wp-json\/wp\/v2\/types\/post"}],"author":[{"embeddable":true,"href":"https:\/\/med.estrategia.com\/portal\/wp-json\/wp\/v2\/users\/39"}],"replies":[{"embeddable":true,"href":"https:\/\/med.estrategia.com\/portal\/wp-json\/wp\/v2\/comments?post=113405"}],"version-history":[{"count":2,"href":"https:\/\/med.estrategia.com\/portal\/wp-json\/wp\/v2\/posts\/113405\/revisions"}],"predecessor-version":[{"id":113408,"href":"https:\/\/med.estrategia.com\/portal\/wp-json\/wp\/v2\/posts\/113405\/revisions\/113408"}],"wp:featuredmedia":[{"embeddable":true,"href":"https:\/\/med.estrategia.com\/portal\/wp-json\/wp\/v2\/media\/113406"}],"wp:attachment":[{"href":"https:\/\/med.estrategia.com\/portal\/wp-json\/wp\/v2\/media?parent=113405"}],"wp:term":[{"taxonomy":"category","embeddable":true,"href":"https:\/\/med.estrategia.com\/portal\/wp-json\/wp\/v2\/categories?post=113405"},{"taxonomy":"post_tag","embeddable":true,"href":"https:\/\/med.estrategia.com\/portal\/wp-json\/wp\/v2\/tags?post=113405"},{"taxonomy":"wl_entity_type","embeddable":true,"href":"https:\/\/med.estrategia.com\/portal\/wp-json\/wp\/v2\/wl_entity_type?post=113405"}],"curies":[{"name":"wp","href":"https:\/\/api.w.org\/{rel}","templated":true}]}}