{"id":113423,"date":"2026-09-02T14:50:21","date_gmt":"2026-09-02T17:50:21","guid":{"rendered":"https:\/\/med.estrategia.com\/portal\/?p=113423"},"modified":"2026-09-02T14:52:52","modified_gmt":"2026-09-02T17:52:52","slug":"fmj-altera-datas-das-provas-de-residencia-medica-2027","status":"publish","type":"post","link":"https:\/\/med.estrategia.com\/portal\/noticias\/fmj-altera-datas-das-provas-de-residencia-medica-2027\/","title":{"rendered":"FMJ altera datas das provas de Resid\u00eancia M\u00e9dica 2027"},"content":{"rendered":"<p class=\"wp-block-paragraph\">A <strong>Faculdade de Medicina de Jundia&iacute; (<a href=\"https:\/\/med.estrategia.com\/portal\/residencia-medica\/fmj-residencia-medica\/\" target=\"_blank\">FMJ<\/a>)<\/strong> publicou, nesta quarta-feira, 2 de setembro, uma retifica&ccedil;&atilde;o do edital do <strong>processo seletivo de Resid&ecirc;ncia M&eacute;dica 2027<\/strong>, com mudan&ccedil;as nas datas das principais etapas da sele&ccedil;&atilde;o.<p class=\"wp-block-paragraph\">Entre as altera&ccedil;&otilde;es est&atilde;o a <strong>data da prova objetiva<\/strong>, aplicada a todos os candidatos, e da <strong>prova pr&aacute;tica<\/strong>, destinada &agrave;s especialidades de Acesso Direto. O per&iacute;odo para envio da documenta&ccedil;&atilde;o da an&aacute;lise curricular tamb&eacute;m foi modificado.<\/p><div id=\"ez-toc-container\" class=\"ez-toc-v2_0_86 counter-hierarchy ez-toc-counter ez-toc-transparent ez-toc-container-direction\">\n<div class=\"ez-toc-title-container\"><p class=\"ez-toc-title\" style=\"cursor:inherit\">Navegue pelo conte\u00fado<\/p>\n<\/div><nav><ul class='ez-toc-list ez-toc-list-level-1 ' ><li class='ez-toc-page-1 ez-toc-heading-level-2'><a class=\"ez-toc-link ez-toc-heading-1\" href=\"https:\/\/med.estrategia.com\/portal\/noticias\/fmj-altera-datas-das-provas-de-residencia-medica-2027\/#Novas-datas-FMJ-2027\" >Novas datas FMJ 2027<\/a><\/li><li class='ez-toc-page-1 ez-toc-heading-level-2'><a class=\"ez-toc-link ez-toc-heading-2\" href=\"https:\/\/med.estrategia.com\/portal\/noticias\/fmj-altera-datas-das-provas-de-residencia-medica-2027\/#Confira-o-Calendario-de-Residencia-Medica-20262027\" >Confira o Calend&aacute;rio de Resid&ecirc;ncia M&eacute;dica 2026\/2027<\/a><\/li><\/ul><\/nav><\/div>\n<h2 id=\"h-novas-datas-fmj-2027\" class=\"wp-block-heading\"><span class=\"ez-toc-section\" id=\"Novas-datas-FMJ-2027\"><\/span>Novas datas FMJ 2027<span class=\"ez-toc-section-end\"><\/span><\/h2><p class=\"wp-block-paragraph\">Com a retifica&ccedil;&atilde;o, a <strong>prova objetiva<\/strong> est&aacute; prevista para <strong>28 de novembro de 2026, no per&iacute;odo da tarde<\/strong>. J&aacute; a <strong>prova pr&aacute;tica, composta por caso cl&iacute;nico e destinada &agrave;s especialidades de Acesso Direto<\/strong>, ser&aacute; realizada em <strong>2 de dezembro<\/strong>.<\/p><p class=\"wp-block-paragraph\">O documento altera ainda o per&iacute;odo para envio dos documentos referentes &agrave; <strong>an&aacute;lise curricular<\/strong>, etapa prevista para os candidatos &agrave;s especialidades de Acesso Direto. A documenta&ccedil;&atilde;o dever&aacute; ser encaminhada digitalmente, por meio de upload, entre <strong>11 e 18 de dezembro de 2026<\/strong>.<\/p><p class=\"wp-block-paragraph\">Confira as principais datas atualizadas:<\/p><figure class=\"wp-block-table\"><table><thead><tr><th>Etapa<\/th><th class=\"has-text-align-center\" data-align=\"center\">Data<\/th><\/tr><\/thead><tbody><tr><td>Prova objetiva<\/td><td class=\"has-text-align-center\" data-align=\"center\">28\/11\/2026<\/td><\/tr><tr><td>Prova pr&aacute;tica &ndash; Acesso Direto<\/td><td class=\"has-text-align-center\" data-align=\"center\">02\/12\/2026<\/td><\/tr><tr><td>Divulga&ccedil;&atilde;o do gabarito<\/td><td class=\"has-text-align-center\" data-align=\"center\">02\/12\/2026<\/td><\/tr><tr><td>Recursos contra o gabarito<\/td><td class=\"has-text-align-center\" data-align=\"center\">03 e 04\/12\/2026<\/td><\/tr><tr><td>Envio dos documentos para an&aacute;lise curricular<\/td><td class=\"has-text-align-center\" data-align=\"center\">11 a 18\/12\/2026<\/td><\/tr><tr><td>Resultado dos recursos contra o gabarito e nota da prova objetiva<\/td><td class=\"has-text-align-center\" data-align=\"center\">23\/12\/2026<\/td><\/tr><tr><td>Divulga&ccedil;&atilde;o das notas das etapas e classifica&ccedil;&atilde;o pr&eacute;via<\/td><td class=\"has-text-align-center\" data-align=\"center\">22\/01\/2027<\/td><\/tr><tr><td>Recursos contra prova pr&aacute;tica, an&aacute;lise curricular e classifica&ccedil;&atilde;o pr&eacute;via<\/td><td class=\"has-text-align-center\" data-align=\"center\">26 e 27\/01\/2027<\/td><\/tr><tr><td>Classifica&ccedil;&atilde;o final e convoca&ccedil;&atilde;o para matr&iacute;cula<\/td><td class=\"has-text-align-center\" data-align=\"center\">19\/02\/2027<\/td><\/tr><\/tbody><\/table><\/figure><div class=\"wp-block-buttons is-content-justification-center is-layout-flex wp-container-core-buttons-is-layout-fe48e5de wp-block-buttons-is-layout-flex\">\n<div class=\"wp-block-button\"><a class=\"wp-block-button__link wp-element-button\" href=\"https:\/\/cdn.medblog.estrategiaeducacional.com.br\/wp-content\/uploads\/2026\/09\/FMJU2602_224_20260902112637.pdf.pdf\" target=\"_blank\">retifica&ccedil;&atilde;o 02\/09\/2026<\/a><\/div>\n<\/div><p class=\"wp-block-paragraph\">As demais regras do processo seletivo permanecem conforme estabelecido no edital de abertura. A pr&oacute;pria FMJ ressalta que as datas previstas no cronograma ainda poder&atilde;o sofrer altera&ccedil;&otilde;es, que dever&atilde;o ser comunicadas oficialmente aos candidatos.<\/p><h2 class=\"wp-block-heading\"><span class=\"ez-toc-section\" id=\"Confira-o-Calendario-de-Residencia-Medica-20262027\"><\/span>Confira o Calend&aacute;rio de Resid&ecirc;ncia M&eacute;dica 2026\/2027<span class=\"ez-toc-section-end\"><\/span><\/h2><p class=\"wp-block-paragraph\">Est&aacute; se preparando para as provas de resid&ecirc;ncia m&eacute;dica e&nbsp;<strong>quer saber as datas das principais sele&ccedil;&otilde;es para ingresso em 2026?<\/strong>&nbsp;O Estrat&eacute;gia MED reuniu todas as informa&ccedil;&otilde;es essenciais no&nbsp;<strong>Calend&aacute;rio de Resid&ecirc;ncia M&eacute;dica 2026\/2027<\/strong>, que vai te ajudar a se planejar e acompanhar as etapas dessa jornada.<\/p><p class=\"wp-block-paragraph\">Confira as datas das provas, per&iacute;odo de inscri&ccedil;&otilde;es e status dos editais clicando no bot&atilde;o abaixo:<\/p><div class=\"wp-block-buttons is-content-justification-center is-layout-flex wp-container-core-buttons-is-layout-fe48e5de wp-block-buttons-is-layout-flex\">\n<div class=\"wp-block-button\"><a class=\"wp-block-button__link wp-element-button\" href=\"https:\/\/med.estrategia.com\/portal\/residencia-medica\/calendario-de-residencia-medica-confira-as-datas-das-proximas-provas\/\" target=\"_blank\">calend&aacute;rio de resid&ecirc;ncia m&eacute;dica 2026\/2027<\/a><\/div>\n<\/div><p class=\"wp-block-paragraph\"><a id=\"cta\" class=\"cta-imagem\" href=\"https:\/\/med.estrategia.com\/cursos\/\" target=\"blank\">\n                <img decoding=\"async\" width=\"100%\" src=\"https:\/\/med.estrategia.com\/portal\/wp-content\/uploads\/2025\/08\/estrategia_geral.jpg\" alt=\"\" title=\"estrategia_geral\">\n        <\/a>\n\n\n\n<\/p><p class=\"wp-block-paragraph\"><\/p><\/p>\n","protected":false},"excerpt":{"rendered":"A Faculdade de Medicina de Jundia&iacute; (FMJ) publicou, nesta quarta-feira, 2 de setembro, uma retifica&ccedil;&atilde;o do edital do&hellip;\n","protected":false},"author":39,"featured_media":110839,"comment_status":"closed","ping_status":"closed","sticky":false,"template":"","format":"standard","meta":{"wl_entities_gutenberg":"","footnotes":""},"categories":[300],"tags":[],"wl_entity_type":[199],"class_list":["post-113423","post","type-post","status-publish","format-standard","has-post-thumbnail","category-noticias","wl_entity_type-article"],"acf":[],"yoast_head":"<!-- This site is optimized with the Yoast SEO Premium plugin v26.6 (Yoast SEO v26.6) - https:\/\/yoast.com\/wordpress\/plugins\/seo\/ -->\n<title>FMJ altera datas das provas de Resid\u00eancia M\u00e9dica 2027<\/title>\n<meta name=\"description\" content=\"FMJ retifica cronograma da Resid\u00eancia M\u00e9dica 2027 e altera datas das provas objetiva e pr\u00e1tica e do envio de documentos para an\u00e1lise curricular.\" \/>\n<meta name=\"robots\" content=\"index, follow, max-snippet:-1, max-image-preview:large, max-video-preview:-1\" \/>\n<link rel=\"canonical\" href=\"https:\/\/med.estrategia.com\/portal\/noticias\/fmj-altera-datas-das-provas-de-residencia-medica-2027\/\" \/>\n<meta property=\"og:locale\" content=\"pt_BR\" \/>\n<meta property=\"og:type\" content=\"article\" \/>\n<meta property=\"og:title\" content=\"FMJ altera datas das provas de Resid\u00eancia M\u00e9dica 2027\" \/>\n<meta property=\"og:description\" content=\"FMJ retifica cronograma da Resid\u00eancia M\u00e9dica 2027 e altera datas das provas objetiva e pr\u00e1tica e do envio de documentos para an\u00e1lise curricular.\" \/>\n<meta property=\"og:url\" content=\"https:\/\/med.estrategia.com\/portal\/noticias\/fmj-altera-datas-das-provas-de-residencia-medica-2027\/\" \/>\n<meta property=\"og:site_name\" content=\"Estrat\u00e9gia MED\" \/>\n<meta property=\"article:publisher\" content=\"https:\/\/www.facebook.com\/estrategiamed1\" \/>\n<meta property=\"article:published_time\" content=\"2026-09-02T17:50:21+00:00\" \/>\n<meta property=\"article:modified_time\" content=\"2026-09-02T17:52:52+00:00\" \/>\n<meta property=\"og:image\" content=\"https:\/\/med.estrategia.com\/portal\/wp-content\/uploads\/2026\/06\/CAPA-FMJ.jpg\" \/>\n\t<meta property=\"og:image:width\" content=\"1920\" \/>\n\t<meta property=\"og:image:height\" content=\"1080\" \/>\n\t<meta property=\"og:image:type\" content=\"image\/jpeg\" \/>\n<meta name=\"author\" content=\"Ana Carolina Damasceno\" \/>\n<meta name=\"twitter:card\" content=\"summary_large_image\" \/>\n<meta name=\"twitter:creator\" content=\"@estrategiamed_\" \/>\n<meta name=\"twitter:site\" content=\"@estrategiamed_\" \/>\n<meta name=\"twitter:label1\" content=\"Escrito por\" \/>\n\t<meta name=\"twitter:data1\" content=\"Ana Carolina Damasceno\" \/>\n\t<meta name=\"twitter:label2\" content=\"Est. tempo de leitura\" \/>\n\t<meta name=\"twitter:data2\" content=\"2 minutos\" \/>\n<script type=\"application\/ld+json\" class=\"yoast-schema-graph\">{\"@context\":\"https:\/\/schema.org\",\"@graph\":[{\"@type\":\"WebPage\",\"@id\":\"https:\/\/med.estrategia.com\/portal\/noticias\/fmj-altera-datas-das-provas-de-residencia-medica-2027\/\",\"url\":\"https:\/\/med.estrategia.com\/portal\/noticias\/fmj-altera-datas-das-provas-de-residencia-medica-2027\/\",\"name\":\"FMJ altera datas das provas de Resid\u00eancia M\u00e9dica 2027\",\"isPartOf\":{\"@id\":\"https:\/\/med.estrategia.com\/portal\/#website\"},\"primaryImageOfPage\":{\"@id\":\"https:\/\/med.estrategia.com\/portal\/noticias\/fmj-altera-datas-das-provas-de-residencia-medica-2027\/#primaryimage\"},\"image\":{\"@id\":\"https:\/\/med.estrategia.com\/portal\/noticias\/fmj-altera-datas-das-provas-de-residencia-medica-2027\/#primaryimage\"},\"thumbnailUrl\":\"https:\/\/med.estrategia.com\/portal\/wp-content\/uploads\/2026\/06\/CAPA-FMJ.jpg\",\"datePublished\":\"2026-09-02T17:50:21+00:00\",\"dateModified\":\"2026-09-02T17:52:52+00:00\",\"author\":{\"@id\":\"https:\/\/med.estrategia.com\/portal\/#\/schema\/person\/2f553adbb8e25fe39d145c5b2927f58c\"},\"description\":\"FMJ retifica cronograma da Resid\u00eancia M\u00e9dica 2027 e altera datas das provas objetiva e pr\u00e1tica e do envio de documentos para an\u00e1lise curricular.\",\"breadcrumb\":{\"@id\":\"https:\/\/med.estrategia.com\/portal\/noticias\/fmj-altera-datas-das-provas-de-residencia-medica-2027\/#breadcrumb\"},\"inLanguage\":\"pt-BR\",\"potentialAction\":[{\"@type\":\"ReadAction\",\"target\":[\"https:\/\/med.estrategia.com\/portal\/noticias\/fmj-altera-datas-das-provas-de-residencia-medica-2027\/\"]}]},{\"@type\":\"ImageObject\",\"inLanguage\":\"pt-BR\",\"@id\":\"https:\/\/med.estrategia.com\/portal\/noticias\/fmj-altera-datas-das-provas-de-residencia-medica-2027\/#primaryimage\",\"url\":\"https:\/\/med.estrategia.com\/portal\/wp-content\/uploads\/2026\/06\/CAPA-FMJ.jpg\",\"contentUrl\":\"https:\/\/med.estrategia.com\/portal\/wp-content\/uploads\/2026\/06\/CAPA-FMJ.jpg\",\"width\":1920,\"height\":1080},{\"@type\":\"BreadcrumbList\",\"@id\":\"https:\/\/med.estrategia.com\/portal\/noticias\/fmj-altera-datas-das-provas-de-residencia-medica-2027\/#breadcrumb\",\"itemListElement\":[{\"@type\":\"ListItem\",\"position\":1,\"name\":\"Home\",\"item\":\"https:\/\/med.estrategia.com\/portal\/\"},{\"@type\":\"ListItem\",\"position\":2,\"name\":\"Not\u00edcias\",\"item\":\"https:\/\/med.estrategia.com\/portal\/noticias\/\"},{\"@type\":\"ListItem\",\"position\":3,\"name\":\"FMJ altera datas das provas de Resid\u00eancia M\u00e9dica 2027\"}]},{\"@type\":\"WebSite\",\"@id\":\"https:\/\/med.estrategia.com\/portal\/#website\",\"url\":\"https:\/\/med.estrategia.com\/portal\/\",\"name\":\"Estrat\u00e9gia MED\",\"description\":\"\",\"potentialAction\":[{\"@type\":\"SearchAction\",\"target\":{\"@type\":\"EntryPoint\",\"urlTemplate\":\"https:\/\/med.estrategia.com\/portal\/?s={search_term_string}\"},\"query-input\":{\"@type\":\"PropertyValueSpecification\",\"valueRequired\":true,\"valueName\":\"search_term_string\"}}],\"inLanguage\":\"pt-BR\"},{\"@type\":\"Person\",\"@id\":\"https:\/\/med.estrategia.com\/portal\/#\/schema\/person\/2f553adbb8e25fe39d145c5b2927f58c\",\"name\":\"Ana Carolina Damasceno\",\"image\":{\"@type\":\"ImageObject\",\"inLanguage\":\"pt-BR\",\"@id\":\"https:\/\/med.estrategia.com\/portal\/#\/schema\/person\/image\/\",\"url\":\"https:\/\/med.estrategia.com\/portal\/wp-content\/uploads\/2026\/07\/Sem-titulo-150x150.png\",\"contentUrl\":\"https:\/\/med.estrategia.com\/portal\/wp-content\/uploads\/2026\/07\/Sem-titulo-150x150.png\",\"caption\":\"Ana Carolina Damasceno\"},\"description\":\"Coordenadora de Jornalismo EMED. Comunicadora por natureza e forma\u00e7\u00e3o, que ama e perde a no\u00e7\u00e3o do tempo com m\u00fasica e s\u00e9rie.\",\"url\":\"https:\/\/med.estrategia.com\/portal\/author\/ana-carolina-damasceno\/\"}]}<\/script>\n<!-- \/ Yoast SEO Premium plugin. -->","yoast_head_json":{"title":"FMJ altera datas das provas de Resid\u00eancia M\u00e9dica 2027","description":"FMJ retifica cronograma da Resid\u00eancia M\u00e9dica 2027 e altera datas das provas objetiva e pr\u00e1tica e do envio de documentos para an\u00e1lise curricular.","robots":{"index":"index","follow":"follow","max-snippet":"max-snippet:-1","max-image-preview":"max-image-preview:large","max-video-preview":"max-video-preview:-1"},"canonical":"https:\/\/med.estrategia.com\/portal\/noticias\/fmj-altera-datas-das-provas-de-residencia-medica-2027\/","og_locale":"pt_BR","og_type":"article","og_title":"FMJ altera datas das provas de Resid\u00eancia M\u00e9dica 2027","og_description":"FMJ retifica cronograma da Resid\u00eancia M\u00e9dica 2027 e altera datas das provas objetiva e pr\u00e1tica e do envio de documentos para an\u00e1lise curricular.","og_url":"https:\/\/med.estrategia.com\/portal\/noticias\/fmj-altera-datas-das-provas-de-residencia-medica-2027\/","og_site_name":"Estrat\u00e9gia MED","article_publisher":"https:\/\/www.facebook.com\/estrategiamed1","article_published_time":"2026-09-02T17:50:21+00:00","article_modified_time":"2026-09-02T17:52:52+00:00","og_image":[{"width":1920,"height":1080,"url":"https:\/\/med.estrategia.com\/portal\/wp-content\/uploads\/2026\/06\/CAPA-FMJ.jpg","type":"image\/jpeg"}],"author":"Ana Carolina Damasceno","twitter_card":"summary_large_image","twitter_creator":"@estrategiamed_","twitter_site":"@estrategiamed_","twitter_misc":{"Escrito por":"Ana Carolina Damasceno","Est. tempo de leitura":"2 minutos"},"schema":{"@context":"https:\/\/schema.org","@graph":[{"@type":"WebPage","@id":"https:\/\/med.estrategia.com\/portal\/noticias\/fmj-altera-datas-das-provas-de-residencia-medica-2027\/","url":"https:\/\/med.estrategia.com\/portal\/noticias\/fmj-altera-datas-das-provas-de-residencia-medica-2027\/","name":"FMJ altera datas das provas de Resid\u00eancia M\u00e9dica 2027","isPartOf":{"@id":"https:\/\/med.estrategia.com\/portal\/#website"},"primaryImageOfPage":{"@id":"https:\/\/med.estrategia.com\/portal\/noticias\/fmj-altera-datas-das-provas-de-residencia-medica-2027\/#primaryimage"},"image":{"@id":"https:\/\/med.estrategia.com\/portal\/noticias\/fmj-altera-datas-das-provas-de-residencia-medica-2027\/#primaryimage"},"thumbnailUrl":"https:\/\/med.estrategia.com\/portal\/wp-content\/uploads\/2026\/06\/CAPA-FMJ.jpg","datePublished":"2026-09-02T17:50:21+00:00","dateModified":"2026-09-02T17:52:52+00:00","author":{"@id":"https:\/\/med.estrategia.com\/portal\/#\/schema\/person\/2f553adbb8e25fe39d145c5b2927f58c"},"description":"FMJ retifica cronograma da Resid\u00eancia M\u00e9dica 2027 e altera datas das provas objetiva e pr\u00e1tica e do envio de documentos para an\u00e1lise curricular.","breadcrumb":{"@id":"https:\/\/med.estrategia.com\/portal\/noticias\/fmj-altera-datas-das-provas-de-residencia-medica-2027\/#breadcrumb"},"inLanguage":"pt-BR","potentialAction":[{"@type":"ReadAction","target":["https:\/\/med.estrategia.com\/portal\/noticias\/fmj-altera-datas-das-provas-de-residencia-medica-2027\/"]}]},{"@type":"ImageObject","inLanguage":"pt-BR","@id":"https:\/\/med.estrategia.com\/portal\/noticias\/fmj-altera-datas-das-provas-de-residencia-medica-2027\/#primaryimage","url":"https:\/\/med.estrategia.com\/portal\/wp-content\/uploads\/2026\/06\/CAPA-FMJ.jpg","contentUrl":"https:\/\/med.estrategia.com\/portal\/wp-content\/uploads\/2026\/06\/CAPA-FMJ.jpg","width":1920,"height":1080},{"@type":"BreadcrumbList","@id":"https:\/\/med.estrategia.com\/portal\/noticias\/fmj-altera-datas-das-provas-de-residencia-medica-2027\/#breadcrumb","itemListElement":[{"@type":"ListItem","position":1,"name":"Home","item":"https:\/\/med.estrategia.com\/portal\/"},{"@type":"ListItem","position":2,"name":"Not\u00edcias","item":"https:\/\/med.estrategia.com\/portal\/noticias\/"},{"@type":"ListItem","position":3,"name":"FMJ altera datas das provas de Resid\u00eancia M\u00e9dica 2027"}]},{"@type":"WebSite","@id":"https:\/\/med.estrategia.com\/portal\/#website","url":"https:\/\/med.estrategia.com\/portal\/","name":"Estrat\u00e9gia MED","description":"","potentialAction":[{"@type":"SearchAction","target":{"@type":"EntryPoint","urlTemplate":"https:\/\/med.estrategia.com\/portal\/?s={search_term_string}"},"query-input":{"@type":"PropertyValueSpecification","valueRequired":true,"valueName":"search_term_string"}}],"inLanguage":"pt-BR"},{"@type":"Person","@id":"https:\/\/med.estrategia.com\/portal\/#\/schema\/person\/2f553adbb8e25fe39d145c5b2927f58c","name":"Ana Carolina Damasceno","image":{"@type":"ImageObject","inLanguage":"pt-BR","@id":"https:\/\/med.estrategia.com\/portal\/#\/schema\/person\/image\/","url":"https:\/\/med.estrategia.com\/portal\/wp-content\/uploads\/2026\/07\/Sem-titulo-150x150.png","contentUrl":"https:\/\/med.estrategia.com\/portal\/wp-content\/uploads\/2026\/07\/Sem-titulo-150x150.png","caption":"Ana Carolina Damasceno"},"description":"Coordenadora de Jornalismo EMED. Comunicadora por natureza e forma\u00e7\u00e3o, que ama e perde a no\u00e7\u00e3o do tempo com m\u00fasica e s\u00e9rie.","url":"https:\/\/med.estrategia.com\/portal\/author\/ana-carolina-damasceno\/"}]}},"_wl_alt_label":[],"wl:entity_url":"\/post\/fmj-altera-datas-das-provas-de-residencia-medica-2027-113423","_links":{"self":[{"href":"https:\/\/med.estrategia.com\/portal\/wp-json\/wp\/v2\/posts\/113423","targetHints":{"allow":["GET"]}}],"collection":[{"href":"https:\/\/med.estrategia.com\/portal\/wp-json\/wp\/v2\/posts"}],"about":[{"href":"https:\/\/med.estrategia.com\/portal\/wp-json\/wp\/v2\/types\/post"}],"author":[{"embeddable":true,"href":"https:\/\/med.estrategia.com\/portal\/wp-json\/wp\/v2\/users\/39"}],"replies":[{"embeddable":true,"href":"https:\/\/med.estrategia.com\/portal\/wp-json\/wp\/v2\/comments?post=113423"}],"version-history":[{"count":2,"href":"https:\/\/med.estrategia.com\/portal\/wp-json\/wp\/v2\/posts\/113423\/revisions"}],"predecessor-version":[{"id":113425,"href":"https:\/\/med.estrategia.com\/portal\/wp-json\/wp\/v2\/posts\/113423\/revisions\/113425"}],"wp:attachment":[{"href":"https:\/\/med.estrategia.com\/portal\/wp-json\/wp\/v2\/media?parent=113423"}],"wp:term":[{"taxonomy":"category","embeddable":true,"href":"https:\/\/med.estrategia.com\/portal\/wp-json\/wp\/v2\/categories?post=113423"},{"taxonomy":"post_tag","embeddable":true,"href":"https:\/\/med.estrategia.com\/portal\/wp-json\/wp\/v2\/tags?post=113423"},{"taxonomy":"wl_entity_type","embeddable":true,"href":"https:\/\/med.estrategia.com\/portal\/wp-json\/wp\/v2\/wl_entity_type?post=113423"}],"curies":[{"name":"wp","href":"https:\/\/api.w.org\/{rel}","templated":true}]}}