{"id":113438,"date":"2026-09-03T10:03:12","date_gmt":"2026-09-03T13:03:12","guid":{"rendered":"https:\/\/med.estrategia.com\/portal\/?p=113438"},"modified":"2026-09-03T10:57:17","modified_gmt":"2026-09-03T13:57:17","slug":"amp-inscricoes-residencia-medica-2027","status":"publish","type":"post","link":"https:\/\/med.estrategia.com\/portal\/noticias\/amp-inscricoes-residencia-medica-2027\/","title":{"rendered":"Resid\u00eancia M\u00e9dica AMP 2027: inscri\u00e7\u00f5es come\u00e7am hoje (03); veja como participar"},"content":{"rendered":"<p class=\"wp-block-paragraph\">A Associa&ccedil;&atilde;o M&eacute;dica do Paran&aacute; (<a href=\"https:\/\/med.estrategia.com\/portal\/residencia-medica\/amp-residencia-medica\/\">AMP<\/a>) abre nesta <strong>quinta-feira, 3 de setembro<\/strong>, as inscri&ccedil;&otilde;es para o <strong>Exame AMP 2026<\/strong>, prova seletiva para ingresso nos programas de <strong>Resid&ecirc;ncia M&eacute;dica em 2027<\/strong> das institui&ccedil;&otilde;es participantes. Os interessados poder&atilde;o se inscrever at&eacute; as <strong>14h de 1&ordm; de outubro de 2026<\/strong>, exclusivamente pela internet. <div class=\"wp-block-buttons is-content-justification-center is-layout-flex wp-container-core-buttons-is-layout-fe48e5de wp-block-buttons-is-layout-flex\">\n<div class=\"wp-block-button\"><a class=\"wp-block-button__link has-text-align-center wp-element-button\" href=\"https:\/\/ucamp.org.br\/web\/residencia-medica\" target=\"_blank\" rel=\"noopener noreferrer\">inscreva-se<\/a><\/div>\n<\/div><p class=\"wp-block-paragraph\">Para realizar a candidatura, os interessados devem realizar o pagamento da&nbsp;<strong>taxa de inscri&ccedil;&atilde;o&nbsp;de R$ 625<\/strong>,<strong>00<\/strong>, acrescida das taxas cobradas pelas COREMEs dos hospitais selecionados. Para treineiros, o valor &eacute; o mesmo, por&eacute;m, sem cobran&ccedil;a de taxas da COREME.<\/p><p class=\"wp-block-paragraph\">A&nbsp;<strong>prova objetiva est&aacute; prevista para 1&ordm; de novembro de 2026<\/strong>. Diferentemente de sele&ccedil;&otilde;es independentes, o processo da&nbsp;<strong>AMP &eacute; composto por uma &uacute;nica prova<\/strong>&nbsp;aplicada de forma unificada para todas as institui&ccedil;&otilde;es participantes. Ap&oacute;s essa etapa,&nbsp;<strong>cada institui&ccedil;&atilde;o pode optar por realizar fases complementares pr&oacute;prias<\/strong>, geralmente constitu&iacute;das por an&aacute;lise curricular e\/ou prova pr&aacute;tica.<\/p><div id=\"ez-toc-container\" class=\"ez-toc-v2_0_86 counter-hierarchy ez-toc-counter ez-toc-transparent ez-toc-container-direction\">\n<div class=\"ez-toc-title-container\"><p class=\"ez-toc-title\" style=\"cursor:inherit\">Navegue pelo conte\u00fado<\/p>\n<\/div><nav><ul class='ez-toc-list ez-toc-list-level-1 ' ><li class='ez-toc-page-1 ez-toc-heading-level-2'><a class=\"ez-toc-link ez-toc-heading-1\" href=\"https:\/\/med.estrategia.com\/portal\/noticias\/amp-inscricoes-residencia-medica-2027\/#Isencao-da-taxa-de-inscricao\" >Isen&ccedil;&atilde;o da taxa de inscri&ccedil;&atilde;o<\/a><\/li><li class='ez-toc-page-1 ez-toc-heading-level-2'><a class=\"ez-toc-link ez-toc-heading-2\" href=\"https:\/\/med.estrategia.com\/portal\/noticias\/amp-inscricoes-residencia-medica-2027\/#Instituicoes-Participantes-da-AMP-2027\" >Institui&ccedil;&otilde;es Participantes da AMP 2027<\/a><\/li><li class='ez-toc-page-1 ez-toc-heading-level-2'><a class=\"ez-toc-link ez-toc-heading-3\" href=\"https:\/\/med.estrategia.com\/portal\/noticias\/amp-inscricoes-residencia-medica-2027\/#O-que-e-a-Associacao-Medica-do-Parana\" >O que &eacute; a Associa&ccedil;&atilde;o M&eacute;dica do Paran&aacute;?<\/a><\/li><li class='ez-toc-page-1 ez-toc-heading-level-2'><a class=\"ez-toc-link ez-toc-heading-4\" href=\"https:\/\/med.estrategia.com\/portal\/noticias\/amp-inscricoes-residencia-medica-2027\/#Prepare-se-para-a-AMP-2027-com-o-Estrategia-MED\" >Prepare-se para a AMP 2027 com o Estrat&eacute;gia MED<\/a><\/li><\/ul><\/nav><\/div>\n<h2 id=\"h-isencao-da-taxa-de-inscricao\" class=\"wp-block-heading\"><span class=\"ez-toc-section\" id=\"Isencao-da-taxa-de-inscricao\"><\/span>Isen&ccedil;&atilde;o da taxa de inscri&ccedil;&atilde;o<span class=\"ez-toc-section-end\"><\/span><\/h2><p class=\"wp-block-paragraph\">O edital prev&ecirc; isen&ccedil;&atilde;o da taxa da AMP para candidatos inscritos no <strong>Cad&Uacute;nico<\/strong> ou que comprovem condi&ccedil;&atilde;o de renda familiar mensal de at&eacute; tr&ecirc;s sal&aacute;rios m&iacute;nimos ou renda individual de at&eacute; dois sal&aacute;rios m&iacute;nimos<\/p><p class=\"wp-block-paragraph\">Os pedidos para isen&ccedil;&atilde;o da taxa de inscri&ccedil;&atilde;o poder&atilde;o ser feitos at&eacute; <strong>14h de 1&ordm; de outubro de 2026<\/strong>. As solicita&ccedil;&otilde;es devem ser enviadas para o e-mail indicado no edital acompanhado da documenta&ccedil;&atilde;o comprobat&oacute;ria. <strong>Treineiros n&atilde;o t&ecirc;m direito &agrave; isen&ccedil;&atilde;o.<\/strong> Confira o edital:<\/p><div class=\"wp-block-buttons is-content-justification-center is-layout-flex wp-container-core-buttons-is-layout-fe48e5de wp-block-buttons-is-layout-flex\">\n<div class=\"wp-block-button\"><a class=\"wp-block-button__link wp-element-button\" href=\"https:\/\/med.estrategia.com\/portal\/noticias\/amp-edital-residencia-medica-2027\/\" target=\"_blank\">EDITAL AMP 2026\/2027<\/a><\/div>\n<\/div><p class=\"has-text-align-center wp-block-paragraph\">&#9888;&#65039; <strong>Aten&ccedil;&atilde;o: Recomenda-se que os candidatos <a href=\"https:\/\/ucamp.org.br\/web\/residencia-medica\" target=\"_blank\">acompanhem regularmente a p&aacute;gina oficial do processo seletivo<\/a> para verificar poss&iacute;veis retifica&ccedil;&otilde;es, atualiza&ccedil;&otilde;es no cronograma ou comunicados adicionais.<\/strong> &#9888;&#65039;<\/p><p>\n\n\n<div id=\"new-form\">\n\t<form id=\"forms_layout\">\n\t<input type=\"hidden\" id=\"chave_de\" name=\"chave_de\" value=\"01_EMED_LEADS_TOTAIS\" \/>\n\t\t<input type=\"hidden\" id=\"mid\" name=\"mid\" value=\"515009018\" \/>\n\t\t<input type=\"hidden\" id=\"Objetivo\" name=\"Objetivo\" value=\"Medicina\" \/>\n\t\t<input type=\"hidden\" id=\"Estado_de_Origem_do_IP\" name=\"Estado_de_Origem_do_IP\"  value=\"\" \/>\n\t\t<input type=\"hidden\" id=\"Cidade_de_Origem_do_IP\" name=\"Cidade_de_Origem_do_IP\" value=\"\" \/>\n\t\t<input type=\"hidden\" id=\"Modo_de_entrada\" name=\"Modo_de_entrada\" value=\"Portal\" \/>\n\t\t<input type=\"hidden\" id=\"Pagina_Origem\" name=\"Pagina_Origem\" value=\"\" \/>\n\n\t\t<div class=\"texto\">\n\t\t\t<h3 class=\"news\">Inscreva-se em nossa newsletter!<\/h3>\n\t\t\t<p>Receba not\u00edcias sobre resid\u00eancia m\u00e9dica, revalida\u00e7\u00e3o de diplomas e concursos m\u00e9dicos, al\u00e9m de materiais de estudo gratuitos e informa\u00e7\u00f5es relevantes do mundo da Medicina.<\/p>\n\t\t<\/div>\n\t\t<div class=\"campos\">\n\t\t\t<div class=\"first_name labels\">\n\t\t\t\t<input type=\"text\" class=\"input_labels\" id=\"first_name\" name=\"Nome_Completo\" placeholder=\"Nome\" required \/>\n\t\t\t<\/div>\n\t\t\t<div class=\"email labels\">\n\t\t\t\t<input type=\"email\" class=\"input_labels\" id=\"email\" name=\"Email\" placeholder=\"E-mail\" required \/>\n\t\t\t<\/div>\n\t\t\t<button type=\"submit\" class=\"button_layout\">\n\t\t\t\t<div id=\"lblBotao\">Inscreva-se<\/div>\n\t\t\t\t<span id=\"divSpiner\" class=\"loader\" role=\"status\" style=\"display: none;\"><\/span>\t\n\t\t\t<\/button>\n\t\t<\/div><!-- \/campos -->\n\t\t\n\t\t<label class=\"container_checkbox\">Voc\u00ea concorda com a nossa\n\t\t\t<a class=\"politics_privacy_ahref\" target=\"_blank\" href=\"https:\/\/gratis.estrategiaconcursos.com.br\/politica-de-privacidade\/\">Pol\u00edtica de Privacidade<\/a> e aceita receber informa\u00e7\u00f5es adicionais do Estrat\u00e9gia Educacional.\n\t\t\t<input id=\"checkbox_layout\" type=\"checkbox\" checked=\"checked\" required \/>\n\t\t\t<span class=\"checkbox\"><\/span>\n\t\t<\/label>\n\t\t<div id=\"msg\"><\/div>\n\t\t<div id=\"error\" class=\"error\">\n\t\t<\/div>\n\t<\/form>\n<\/div><!-- \/new-form -->\n\n\n\n<\/p><h2 id=\"h-instituicoes-participantes-da-amp-2027\" class=\"wp-block-heading\"><span class=\"ez-toc-section\" id=\"Instituicoes-Participantes-da-AMP-2027\"><\/span>Institui&ccedil;&otilde;es Participantes da AMP 2027<span class=\"ez-toc-section-end\"><\/span><\/h2><figure class=\"wp-block-table\"><table><thead><tr><th>INSTITUI&Ccedil;&Atilde;O<\/th><th class=\"has-text-align-center\" data-align=\"center\">TOTAL DE VAGAS<\/th><\/tr><\/thead><tbody><tr><td>Associa&ccedil;&atilde;o Beneficente de Sa&uacute;de do Noroeste do Paran&aacute; &ndash; NOROSPAR<\/td><td class=\"has-text-align-center\" data-align=\"center\">14<\/td><\/tr><tr><td>Centro de Diabetes Curitiba<\/td><td class=\"has-text-align-center\" data-align=\"center\">3<\/td><\/tr><tr><td>CEPETI &ndash; Centro de Estudos e Pesquisas em Terapia Intensiva<\/td><td class=\"has-text-align-center\" data-align=\"center\">7<\/td><\/tr><tr><td>Escola de Sa&uacute;de de S&atilde;o Jos&eacute; dos Pinhais<\/td><td class=\"has-text-align-center\" data-align=\"center\">39<\/td><\/tr><tr><td>Funda&ccedil;&atilde;o de Sa&uacute;de Itaiguapy<\/td><td class=\"has-text-align-center\" data-align=\"center\">14<\/td><\/tr><tr><td>Hospitais Universit&aacute;rios da UEPG<\/td><td class=\"has-text-align-center\" data-align=\"center\">26<\/td><\/tr><tr><td>Hospital Adauto Botelho<\/td><td class=\"has-text-align-center\" data-align=\"center\">4<\/td><\/tr><tr><td>Hospital Cardiol&oacute;gico Costantini<\/td><td class=\"has-text-align-center\" data-align=\"center\">6<\/td><\/tr><tr><td>Hospital da Cruz Vermelha<\/td><td class=\"has-text-align-center\" data-align=\"center\">22<\/td><\/tr><tr><td>Hospital da Provid&ecirc;ncia<\/td><td class=\"has-text-align-center\" data-align=\"center\">18<\/td><\/tr><tr><td>Hospital da Vis&atilde;o<\/td><td class=\"has-text-align-center\" data-align=\"center\">4<\/td><\/tr><tr><td>Hospital de Dermatologia Sanit&aacute;ria do Paran&aacute;<\/td><td class=\"has-text-align-center\" data-align=\"center\">6<\/td><\/tr><tr><td>Hospital do C&acirc;ncer de Londrina<\/td><td class=\"has-text-align-center\" data-align=\"center\">6<\/td><\/tr><tr><td>Hospital do C&acirc;ncer UOPECCAN de Cascavel<\/td><td class=\"has-text-align-center\" data-align=\"center\">4<\/td><\/tr><tr><td>Hospital do C&acirc;ncer UOPECCAN de Umuarama<\/td><td class=\"has-text-align-center\" data-align=\"center\">8<\/td><\/tr><tr><td>Hospital do Centro<\/td><td class=\"has-text-align-center\" data-align=\"center\">4<\/td><\/tr><tr><td>Hospital do Rocio<\/td><td class=\"has-text-align-center\" data-align=\"center\">40<\/td><\/tr><tr><td>Hospital Dr. An&iacute;sio Figueiredo &ndash; Zona Norte de Londrina<\/td><td class=\"has-text-align-center\" data-align=\"center\">9<\/td><\/tr><tr><td>Hospital Dr. Eulalino Ign&aacute;cio de Andrade<\/td><td class=\"has-text-align-center\" data-align=\"center\">8<\/td><\/tr><tr><td>Hospital e Maternidade Santa Br&iacute;gida<\/td><td class=\"has-text-align-center\" data-align=\"center\">5<\/td><\/tr><tr><td>Hospital Erasto Gaertner<\/td><td class=\"has-text-align-center\" data-align=\"center\">17<\/td><\/tr><tr><td>Hospital Evang&eacute;lico de Londrina<\/td><td class=\"has-text-align-center\" data-align=\"center\">35<\/td><\/tr><tr><td>Hospital Heidelberg<\/td><td class=\"has-text-align-center\" data-align=\"center\">6<\/td><\/tr><tr><td>Hospital INC<\/td><td class=\"has-text-align-center\" data-align=\"center\">12<\/td><\/tr><tr><td>Hospital IPO<\/td><td class=\"has-text-align-center\" data-align=\"center\">1<\/td><\/tr><tr><td>Hospital M&eacute;dicos de Olhos<\/td><td class=\"has-text-align-center\" data-align=\"center\">2<\/td><\/tr><tr><td>Hospital Nossa Senhora das Gra&ccedil;as<\/td><td class=\"has-text-align-center\" data-align=\"center\">45<\/td><\/tr><tr><td>Hospital Policl&iacute;nica de Pato Branco<\/td><td class=\"has-text-align-center\" data-align=\"center\">13<\/td><\/tr><tr><td>Hospital Regional do Litoral<\/td><td class=\"has-text-align-center\" data-align=\"center\">2<\/td><\/tr><tr><td>Hospital Santa Casa de Curitiba<\/td><td class=\"has-text-align-center\" data-align=\"center\">46<\/td><\/tr><tr><td>Hospital Santa Casa de Ponta Grossa<\/td><td class=\"has-text-align-center\" data-align=\"center\">16<\/td><\/tr><tr><td>Hospital S&atilde;o Lucas de Pato Branco<\/td><td class=\"has-text-align-center\" data-align=\"center\">7<\/td><\/tr><tr><td>Hospital S&atilde;o Vicente &ndash; Curitiba<\/td><td class=\"has-text-align-center\" data-align=\"center\">3<\/td><\/tr><tr><td>Hospital Vita Curitiba<\/td><td class=\"has-text-align-center\" data-align=\"center\">4<\/td><\/tr><tr><td>Hospital XV<\/td><td class=\"has-text-align-center\" data-align=\"center\">4<\/td><\/tr><tr><td>Instituto M&eacute;dicos de Olhos<\/td><td class=\"has-text-align-center\" data-align=\"center\">3<\/td><\/tr><tr><td>Instituto Nossa Senhora Aparecida<\/td><td class=\"has-text-align-center\" data-align=\"center\">8<\/td><\/tr><tr><td>Irmandade Santa Casa de Londrina<\/td><td class=\"has-text-align-center\" data-align=\"center\">44<\/td><\/tr><tr><td>Maternidade e Cirurgia Nossa Senhora do Rocio<\/td><td class=\"has-text-align-center\" data-align=\"center\">5<\/td><\/tr><tr><td>Universidade Estadual do Centro-Oeste &ndash; UNICENTRO<\/td><td class=\"has-text-align-center\" data-align=\"center\">5<\/td><\/tr><tr><td>Universidade Estadual do Oeste do Paran&aacute; &ndash; Francisco Beltr&atilde;o<\/td><td class=\"has-text-align-center\" data-align=\"center\">8<\/td><\/tr><tr><td>Universidade Estadual do Oeste do Paran&aacute; &ndash; UNIOESTE Cascavel<\/td><td class=\"has-text-align-center\" data-align=\"center\">42<\/td><\/tr><\/tbody><\/table><\/figure><h2 id=\"h-o-que-e-a-associacao-medica-do-parana\" class=\"wp-block-heading\"><span class=\"ez-toc-section\" id=\"O-que-e-a-Associacao-Medica-do-Parana\"><\/span>O que &eacute; a Associa&ccedil;&atilde;o M&eacute;dica do Paran&aacute;?<span class=\"ez-toc-section-end\"><\/span><\/h2><p class=\"wp-block-paragraph\">A&nbsp;<strong>Associa&ccedil;&atilde;o M&eacute;dica do Paran&aacute; (<a href=\"https:\/\/ucamp.org.br\/residencia-medica\" target=\"_blank\">AMP<\/a>)<\/strong>&nbsp;foi criada em 1933 e representa a jun&ccedil;&atilde;o de tr&ecirc;s organiza&ccedil;&otilde;es: a&nbsp;<strong>Sociedade de Medicina<\/strong>, a&nbsp;<strong>Sociedade M&eacute;dica dos Hospitais<\/strong>&nbsp;e o&nbsp;<strong>Sindicato M&eacute;dico do Paran&aacute;<\/strong>.<\/p><p class=\"wp-block-paragraph\">Com o objetivo de auxiliar toda a classe m&eacute;dica do Paran&aacute;, a associa&ccedil;&atilde;o pode interferir em qualquer finalidade que inclua a&nbsp;<strong>sa&uacute;de p&uacute;blica,<\/strong>&nbsp;inclusive, a&nbsp;<a href=\"https:\/\/med.estrategia.com\/portal\/aluno-de-medicina\/residencia-medica\/\" target=\"_blank\">resid&ecirc;ncia m&eacute;dica<\/a>. Dentro da AMP existem<strong>&nbsp;mais duas organiza&ccedil;&otilde;es<\/strong>, o<strong>&nbsp;Sistema Nacional de Atendimento M&eacute;dico&nbsp;<\/strong>e a&nbsp;<strong>Universidade Corporativa<\/strong>, esta sendo a&nbsp;respons&aacute;vel por juntar e manter o conv&ecirc;nio com as escolas de medicina e assim supervisionar e divulgar os processos de resid&ecirc;ncia m&eacute;dica das institui&ccedil;&otilde;es filiadas.<\/p><p class=\"wp-block-paragraph\">Quer saber ainda mais sobre o processo seletivo? Dispomos abaixo alguns artigos preparados exclusivamente para voc&ecirc;. N&atilde;o deixe de conferir!<\/p><p class=\"wp-block-paragraph\">Tudo sobre o processo seletivo: <a href=\"https:\/\/med.estrategia.com\/portal\/residencia-medica\/amp-residencia-medica\/\" target=\"_blank\">Resid&ecirc;ncia M&eacute;dica Associa&ccedil;&atilde;o M&eacute;dica do Paran&aacute; (AMP): edital, vagas, concorr&ecirc;ncia e mais<\/a><\/p><p class=\"wp-block-paragraph\">Concorr&ecirc;ncia da &uacute;ltima edi&ccedil;&atilde;o: <a href=\"https:\/\/med.estrategia.com\/portal\/noticias\/amp-2025-2026-bate-recorde-de-inscritos-concorrencia-residencia-medica\/\">AMP 2025\/2026 bate recorde de inscritos; confira a concorr&ecirc;ncia para resid&ecirc;ncia m&eacute;dica<\/a><\/p><p class=\"wp-block-paragraph\">Calend&aacute;rio de Provas de resid&ecirc;ncia m&eacute;dica: <a href=\"https:\/\/med.estrategia.com\/portal\/residencia-medica\/calendario-de-residencia-medica-confira-as-datas-das-proximas-provas\/\" target=\"_blank\">Resid&ecirc;ncia M&eacute;dica 2026\/2027<\/a><\/p><h2 id=\"h-prepare-se-para-a-amp-2027-com-o-estrategia-med\" class=\"wp-block-heading\"><span class=\"ez-toc-section\" id=\"Prepare-se-para-a-AMP-2027-com-o-Estrategia-MED\"><\/span>Prepare-se para a AMP 2027 com o Estrat&eacute;gia MED<span class=\"ez-toc-section-end\"><\/span><\/h2><p class=\"wp-block-paragraph\">O Estrat&eacute;gia MED preparou uma&nbsp;<strong>revis&atilde;o completa para a reta final de prepara&ccedil;&atilde;o<\/strong>, com conte&uacute;dos espec&iacute;ficos e direcionados para a banca. Inscreva-se no&nbsp;<a href=\"https:\/\/www.youtube.com\/c\/Estrat%C3%A9giaMED\" target=\"_blank\">nosso canal do Youtube<\/a>&nbsp;e acompanhe as transmiss&otilde;es do&nbsp;<strong>Ato Final AMP 2027<\/strong>. Confira a programa&ccedil;&atilde;o:<\/p><figure class=\"wp-block-table\"><table><thead><tr><th class=\"has-text-align-center\" data-align=\"center\">EVENTO<\/th><th class=\"has-text-align-center\" data-align=\"center\">DATA<\/th><th class=\"has-text-align-center\" data-align=\"center\">HOR&Aacute;RIO<\/th><\/tr><\/thead><tbody><tr><td class=\"has-text-align-center\" data-align=\"center\">Premoni&ccedil;&atilde;o AMP<\/td><td class=\"has-text-align-center\" data-align=\"center\">25\/10\/2026<\/td><td class=\"has-text-align-center\" data-align=\"center\">8h &agrave;s 15h20<\/td><\/tr><tr><td class=\"has-text-align-center\" data-align=\"center\">Hora da Verdade &ndash; Ginecologia e Obstetr&iacute;cia<\/td><td class=\"has-text-align-center\" data-align=\"center\">26\/10\/2026<\/td><td class=\"has-text-align-center\" data-align=\"center\">19h &agrave;s 21h30<\/td><\/tr><tr><td class=\"has-text-align-center\" data-align=\"center\">Hora da Verdade &ndash; Pediatria<\/td><td class=\"has-text-align-center\" data-align=\"center\">27\/10\/2026<\/td><td class=\"has-text-align-center\" data-align=\"center\">19h &agrave;s 21h30<\/td><\/tr><tr><td class=\"has-text-align-center\" data-align=\"center\">Hora da Verdade &ndash; Cirurgia<\/td><td class=\"has-text-align-center\" data-align=\"center\">28\/10\/2026<\/td><td class=\"has-text-align-center\" data-align=\"center\">19h &agrave;s 21h30<\/td><\/tr><tr><td class=\"has-text-align-center\" data-align=\"center\">Hora da Verdade &ndash; Clinica M&eacute;dica<\/td><td class=\"has-text-align-center\" data-align=\"center\">29\/10\/2026<\/td><td class=\"has-text-align-center\" data-align=\"center\">19h &agrave;s 23h30<\/td><\/tr><tr><td class=\"has-text-align-center\" data-align=\"center\">Hora da Verdade &ndash; Medicina Preventiva<\/td><td class=\"has-text-align-center\" data-align=\"center\">30\/10\/2026<\/td><td class=\"has-text-align-center\" data-align=\"center\">19h &agrave;s 21h30<\/td><\/tr><tr><td class=\"has-text-align-center\" data-align=\"center\">Revis&atilde;o de V&eacute;spera<\/td><td class=\"has-text-align-center\" data-align=\"center\">31\/10\/2026<\/td><td class=\"has-text-align-center\" data-align=\"center\">8h &agrave;s 15h20<\/td><\/tr><tr><td class=\"has-text-align-center\" data-align=\"center\">Gabarito AMP 2027<\/td><td class=\"has-text-align-center\" data-align=\"center\">02\/11\/2026<\/td><td class=\"has-text-align-center\" data-align=\"center\">a partir das 19h<\/td><\/tr><\/tbody><\/table><\/figure><p class=\"wp-block-paragraph\">Se voc&ecirc; quer ficar por dentro de mais conte&uacute;dos relevantes sobre a &aacute;rea m&eacute;dica, continue acompanhando o material preparado pelo Portal de Not&iacute;cias do Estrat&eacute;gia MED. Aqui, voc&ecirc; encontrar&aacute; informa&ccedil;&otilde;es atualizadas sobre resid&ecirc;ncias, carreira m&eacute;dica e muito mais.<\/p><p class=\"wp-block-paragraph\"><a id=\"cta\" class=\"cta-imagem\" href=\"https:\/\/med.estrategia.com\/curso\/banco-de-questes-resumos-estrategicos-anual\/\" target=\"blank\">\n                <img decoding=\"async\" width=\"100%\" src=\"https:\/\/med.estrategia.com\/portal\/wp-content\/uploads\/2025\/08\/banco_questoes.png\" alt=\"banco_questoes\" title=\"banco_questoes\">\n        <\/a>\n<\/p><\/p>\n","protected":false},"excerpt":{"rendered":"Inscri\u00e7\u00f5es come\u00e7am em 3 de setembro, com taxa de R$ 650; Confira como se inscrever!\n","protected":false},"author":58,"featured_media":110679,"comment_status":"closed","ping_status":"closed","sticky":false,"template":"","format":"standard","meta":{"wl_entities_gutenberg":"","footnotes":""},"categories":[300],"tags":[],"wl_entity_type":[199],"class_list":["post-113438","post","type-post","status-publish","format-standard","has-post-thumbnail","category-noticias","wl_entity_type-article"],"acf":[],"yoast_head":"<!-- This site is optimized with the Yoast SEO Premium plugin v26.6 (Yoast SEO v26.6) - https:\/\/yoast.com\/wordpress\/plugins\/seo\/ -->\n<title>Resid\u00eancia M\u00e9dica AMP 2027: inscri\u00e7\u00f5es come\u00e7am hoje (03); veja como participar<\/title>\n<meta name=\"description\" content=\"Confira como se inscrever para o processo seletivo unificado da Associa\u00e7\u00e3o M\u00e9dica do Paran\u00e1!\" \/>\n<meta name=\"robots\" content=\"index, follow, max-snippet:-1, max-image-preview:large, max-video-preview:-1\" \/>\n<link rel=\"canonical\" href=\"https:\/\/med.estrategia.com\/portal\/noticias\/amp-inscricoes-residencia-medica-2027\/\" \/>\n<meta property=\"og:locale\" content=\"pt_BR\" \/>\n<meta property=\"og:type\" content=\"article\" \/>\n<meta property=\"og:title\" content=\"Resid\u00eancia M\u00e9dica AMP 2027: inscri\u00e7\u00f5es come\u00e7am hoje (03); veja como participar\" \/>\n<meta property=\"og:description\" content=\"Confira como se inscrever para o processo seletivo unificado da Associa\u00e7\u00e3o M\u00e9dica do Paran\u00e1!\" \/>\n<meta property=\"og:url\" content=\"https:\/\/med.estrategia.com\/portal\/noticias\/amp-inscricoes-residencia-medica-2027\/\" \/>\n<meta property=\"og:site_name\" content=\"Estrat\u00e9gia MED\" \/>\n<meta property=\"article:publisher\" content=\"https:\/\/www.facebook.com\/estrategiamed1\" \/>\n<meta property=\"article:published_time\" content=\"2026-09-03T13:03:12+00:00\" \/>\n<meta property=\"article:modified_time\" content=\"2026-09-03T13:57:17+00:00\" \/>\n<meta property=\"og:image\" content=\"https:\/\/med.estrategia.com\/portal\/wp-content\/uploads\/2026\/05\/CAPA-AMP.jpg\" \/>\n\t<meta property=\"og:image:width\" content=\"1920\" \/>\n\t<meta property=\"og:image:height\" content=\"1080\" \/>\n\t<meta property=\"og:image:type\" content=\"image\/jpeg\" \/>\n<meta name=\"author\" content=\"Mariana Ornellas\" \/>\n<meta name=\"twitter:card\" content=\"summary_large_image\" \/>\n<meta name=\"twitter:creator\" content=\"@estrategiamed_\" \/>\n<meta name=\"twitter:site\" content=\"@estrategiamed_\" \/>\n<meta name=\"twitter:label1\" content=\"Escrito por\" \/>\n\t<meta name=\"twitter:data1\" content=\"Mariana Ornellas\" \/>\n\t<meta name=\"twitter:label2\" content=\"Est. tempo de leitura\" \/>\n\t<meta name=\"twitter:data2\" content=\"5 minutos\" \/>\n<script type=\"application\/ld+json\" class=\"yoast-schema-graph\">{\"@context\":\"https:\/\/schema.org\",\"@graph\":[{\"@type\":\"WebPage\",\"@id\":\"https:\/\/med.estrategia.com\/portal\/noticias\/amp-inscricoes-residencia-medica-2027\/\",\"url\":\"https:\/\/med.estrategia.com\/portal\/noticias\/amp-inscricoes-residencia-medica-2027\/\",\"name\":\"Resid\u00eancia M\u00e9dica AMP 2027: inscri\u00e7\u00f5es come\u00e7am hoje (03); veja como participar\",\"isPartOf\":{\"@id\":\"https:\/\/med.estrategia.com\/portal\/#website\"},\"primaryImageOfPage\":{\"@id\":\"https:\/\/med.estrategia.com\/portal\/noticias\/amp-inscricoes-residencia-medica-2027\/#primaryimage\"},\"image\":{\"@id\":\"https:\/\/med.estrategia.com\/portal\/noticias\/amp-inscricoes-residencia-medica-2027\/#primaryimage\"},\"thumbnailUrl\":\"https:\/\/med.estrategia.com\/portal\/wp-content\/uploads\/2026\/05\/CAPA-AMP.jpg\",\"datePublished\":\"2026-09-03T13:03:12+00:00\",\"dateModified\":\"2026-09-03T13:57:17+00:00\",\"author\":{\"@id\":\"https:\/\/med.estrategia.com\/portal\/#\/schema\/person\/ef9fb40880d6a5ecece8eb9b7054d83b\"},\"description\":\"Confira como se inscrever para o processo seletivo unificado da Associa\u00e7\u00e3o M\u00e9dica do Paran\u00e1!\",\"breadcrumb\":{\"@id\":\"https:\/\/med.estrategia.com\/portal\/noticias\/amp-inscricoes-residencia-medica-2027\/#breadcrumb\"},\"inLanguage\":\"pt-BR\",\"potentialAction\":[{\"@type\":\"ReadAction\",\"target\":[\"https:\/\/med.estrategia.com\/portal\/noticias\/amp-inscricoes-residencia-medica-2027\/\"]}]},{\"@type\":\"ImageObject\",\"inLanguage\":\"pt-BR\",\"@id\":\"https:\/\/med.estrategia.com\/portal\/noticias\/amp-inscricoes-residencia-medica-2027\/#primaryimage\",\"url\":\"https:\/\/med.estrategia.com\/portal\/wp-content\/uploads\/2026\/05\/CAPA-AMP.jpg\",\"contentUrl\":\"https:\/\/med.estrategia.com\/portal\/wp-content\/uploads\/2026\/05\/CAPA-AMP.jpg\",\"width\":1920,\"height\":1080},{\"@type\":\"BreadcrumbList\",\"@id\":\"https:\/\/med.estrategia.com\/portal\/noticias\/amp-inscricoes-residencia-medica-2027\/#breadcrumb\",\"itemListElement\":[{\"@type\":\"ListItem\",\"position\":1,\"name\":\"Home\",\"item\":\"https:\/\/med.estrategia.com\/portal\/\"},{\"@type\":\"ListItem\",\"position\":2,\"name\":\"Not\u00edcias\",\"item\":\"https:\/\/med.estrategia.com\/portal\/noticias\/\"},{\"@type\":\"ListItem\",\"position\":3,\"name\":\"Resid\u00eancia M\u00e9dica AMP 2027: inscri\u00e7\u00f5es come\u00e7am hoje (03); veja como participar\"}]},{\"@type\":\"WebSite\",\"@id\":\"https:\/\/med.estrategia.com\/portal\/#website\",\"url\":\"https:\/\/med.estrategia.com\/portal\/\",\"name\":\"Estrat\u00e9gia MED\",\"description\":\"\",\"potentialAction\":[{\"@type\":\"SearchAction\",\"target\":{\"@type\":\"EntryPoint\",\"urlTemplate\":\"https:\/\/med.estrategia.com\/portal\/?s={search_term_string}\"},\"query-input\":{\"@type\":\"PropertyValueSpecification\",\"valueRequired\":true,\"valueName\":\"search_term_string\"}}],\"inLanguage\":\"pt-BR\"},{\"@type\":\"Person\",\"@id\":\"https:\/\/med.estrategia.com\/portal\/#\/schema\/person\/ef9fb40880d6a5ecece8eb9b7054d83b\",\"name\":\"Mariana Ornellas\",\"image\":{\"@type\":\"ImageObject\",\"inLanguage\":\"pt-BR\",\"@id\":\"https:\/\/med.estrategia.com\/portal\/#\/schema\/person\/image\/\",\"url\":\"https:\/\/secure.gravatar.com\/avatar\/4c75fb090aa9c37e5142b39e911404faeaa377b2ebf711bbdbd3fc82b3cc8b99?s=96&d=mm&r=g\",\"contentUrl\":\"https:\/\/secure.gravatar.com\/avatar\/4c75fb090aa9c37e5142b39e911404faeaa377b2ebf711bbdbd3fc82b3cc8b99?s=96&d=mm&r=g\",\"caption\":\"Mariana Ornellas\"},\"url\":\"https:\/\/med.estrategia.com\/portal\/author\/mariana-ornellas\/\"}]}<\/script>\n<!-- \/ Yoast SEO Premium plugin. -->","yoast_head_json":{"title":"Resid\u00eancia M\u00e9dica AMP 2027: inscri\u00e7\u00f5es come\u00e7am hoje (03); veja como participar","description":"Confira como se inscrever para o processo seletivo unificado da Associa\u00e7\u00e3o M\u00e9dica do Paran\u00e1!","robots":{"index":"index","follow":"follow","max-snippet":"max-snippet:-1","max-image-preview":"max-image-preview:large","max-video-preview":"max-video-preview:-1"},"canonical":"https:\/\/med.estrategia.com\/portal\/noticias\/amp-inscricoes-residencia-medica-2027\/","og_locale":"pt_BR","og_type":"article","og_title":"Resid\u00eancia M\u00e9dica AMP 2027: inscri\u00e7\u00f5es come\u00e7am hoje (03); veja como participar","og_description":"Confira como se inscrever para o processo seletivo unificado da Associa\u00e7\u00e3o M\u00e9dica do Paran\u00e1!","og_url":"https:\/\/med.estrategia.com\/portal\/noticias\/amp-inscricoes-residencia-medica-2027\/","og_site_name":"Estrat\u00e9gia MED","article_publisher":"https:\/\/www.facebook.com\/estrategiamed1","article_published_time":"2026-09-03T13:03:12+00:00","article_modified_time":"2026-09-03T13:57:17+00:00","og_image":[{"width":1920,"height":1080,"url":"https:\/\/med.estrategia.com\/portal\/wp-content\/uploads\/2026\/05\/CAPA-AMP.jpg","type":"image\/jpeg"}],"author":"Mariana Ornellas","twitter_card":"summary_large_image","twitter_creator":"@estrategiamed_","twitter_site":"@estrategiamed_","twitter_misc":{"Escrito por":"Mariana Ornellas","Est. tempo de leitura":"5 minutos"},"schema":{"@context":"https:\/\/schema.org","@graph":[{"@type":"WebPage","@id":"https:\/\/med.estrategia.com\/portal\/noticias\/amp-inscricoes-residencia-medica-2027\/","url":"https:\/\/med.estrategia.com\/portal\/noticias\/amp-inscricoes-residencia-medica-2027\/","name":"Resid\u00eancia M\u00e9dica AMP 2027: inscri\u00e7\u00f5es come\u00e7am hoje (03); veja como participar","isPartOf":{"@id":"https:\/\/med.estrategia.com\/portal\/#website"},"primaryImageOfPage":{"@id":"https:\/\/med.estrategia.com\/portal\/noticias\/amp-inscricoes-residencia-medica-2027\/#primaryimage"},"image":{"@id":"https:\/\/med.estrategia.com\/portal\/noticias\/amp-inscricoes-residencia-medica-2027\/#primaryimage"},"thumbnailUrl":"https:\/\/med.estrategia.com\/portal\/wp-content\/uploads\/2026\/05\/CAPA-AMP.jpg","datePublished":"2026-09-03T13:03:12+00:00","dateModified":"2026-09-03T13:57:17+00:00","author":{"@id":"https:\/\/med.estrategia.com\/portal\/#\/schema\/person\/ef9fb40880d6a5ecece8eb9b7054d83b"},"description":"Confira como se inscrever para o processo seletivo unificado da Associa\u00e7\u00e3o M\u00e9dica do Paran\u00e1!","breadcrumb":{"@id":"https:\/\/med.estrategia.com\/portal\/noticias\/amp-inscricoes-residencia-medica-2027\/#breadcrumb"},"inLanguage":"pt-BR","potentialAction":[{"@type":"ReadAction","target":["https:\/\/med.estrategia.com\/portal\/noticias\/amp-inscricoes-residencia-medica-2027\/"]}]},{"@type":"ImageObject","inLanguage":"pt-BR","@id":"https:\/\/med.estrategia.com\/portal\/noticias\/amp-inscricoes-residencia-medica-2027\/#primaryimage","url":"https:\/\/med.estrategia.com\/portal\/wp-content\/uploads\/2026\/05\/CAPA-AMP.jpg","contentUrl":"https:\/\/med.estrategia.com\/portal\/wp-content\/uploads\/2026\/05\/CAPA-AMP.jpg","width":1920,"height":1080},{"@type":"BreadcrumbList","@id":"https:\/\/med.estrategia.com\/portal\/noticias\/amp-inscricoes-residencia-medica-2027\/#breadcrumb","itemListElement":[{"@type":"ListItem","position":1,"name":"Home","item":"https:\/\/med.estrategia.com\/portal\/"},{"@type":"ListItem","position":2,"name":"Not\u00edcias","item":"https:\/\/med.estrategia.com\/portal\/noticias\/"},{"@type":"ListItem","position":3,"name":"Resid\u00eancia M\u00e9dica AMP 2027: inscri\u00e7\u00f5es come\u00e7am hoje (03); veja como participar"}]},{"@type":"WebSite","@id":"https:\/\/med.estrategia.com\/portal\/#website","url":"https:\/\/med.estrategia.com\/portal\/","name":"Estrat\u00e9gia MED","description":"","potentialAction":[{"@type":"SearchAction","target":{"@type":"EntryPoint","urlTemplate":"https:\/\/med.estrategia.com\/portal\/?s={search_term_string}"},"query-input":{"@type":"PropertyValueSpecification","valueRequired":true,"valueName":"search_term_string"}}],"inLanguage":"pt-BR"},{"@type":"Person","@id":"https:\/\/med.estrategia.com\/portal\/#\/schema\/person\/ef9fb40880d6a5ecece8eb9b7054d83b","name":"Mariana Ornellas","image":{"@type":"ImageObject","inLanguage":"pt-BR","@id":"https:\/\/med.estrategia.com\/portal\/#\/schema\/person\/image\/","url":"https:\/\/secure.gravatar.com\/avatar\/4c75fb090aa9c37e5142b39e911404faeaa377b2ebf711bbdbd3fc82b3cc8b99?s=96&d=mm&r=g","contentUrl":"https:\/\/secure.gravatar.com\/avatar\/4c75fb090aa9c37e5142b39e911404faeaa377b2ebf711bbdbd3fc82b3cc8b99?s=96&d=mm&r=g","caption":"Mariana Ornellas"},"url":"https:\/\/med.estrategia.com\/portal\/author\/mariana-ornellas\/"}]}},"_wl_alt_label":[],"wl:entity_url":"\/post\/residencia-medica-amp-2027-113438","_links":{"self":[{"href":"https:\/\/med.estrategia.com\/portal\/wp-json\/wp\/v2\/posts\/113438","targetHints":{"allow":["GET"]}}],"collection":[{"href":"https:\/\/med.estrategia.com\/portal\/wp-json\/wp\/v2\/posts"}],"about":[{"href":"https:\/\/med.estrategia.com\/portal\/wp-json\/wp\/v2\/types\/post"}],"author":[{"embeddable":true,"href":"https:\/\/med.estrategia.com\/portal\/wp-json\/wp\/v2\/users\/58"}],"replies":[{"embeddable":true,"href":"https:\/\/med.estrategia.com\/portal\/wp-json\/wp\/v2\/comments?post=113438"}],"version-history":[{"count":8,"href":"https:\/\/med.estrategia.com\/portal\/wp-json\/wp\/v2\/posts\/113438\/revisions"}],"predecessor-version":[{"id":113459,"href":"https:\/\/med.estrategia.com\/portal\/wp-json\/wp\/v2\/posts\/113438\/revisions\/113459"}],"wp:featuredmedia":[{"embeddable":true,"href":"https:\/\/med.estrategia.com\/portal\/wp-json\/wp\/v2\/media\/110679"}],"wp:attachment":[{"href":"https:\/\/med.estrategia.com\/portal\/wp-json\/wp\/v2\/media?parent=113438"}],"wp:term":[{"taxonomy":"category","embeddable":true,"href":"https:\/\/med.estrategia.com\/portal\/wp-json\/wp\/v2\/categories?post=113438"},{"taxonomy":"post_tag","embeddable":true,"href":"https:\/\/med.estrategia.com\/portal\/wp-json\/wp\/v2\/tags?post=113438"},{"taxonomy":"wl_entity_type","embeddable":true,"href":"https:\/\/med.estrategia.com\/portal\/wp-json\/wp\/v2\/wl_entity_type?post=113438"}],"curies":[{"name":"wp","href":"https:\/\/api.w.org\/{rel}","templated":true}]}}