{"id":113508,"date":"2026-09-04T11:50:10","date_gmt":"2026-09-04T14:50:10","guid":{"rendered":"https:\/\/med.estrategia.com\/portal\/?p=113508"},"modified":"2026-09-04T12:15:06","modified_gmt":"2026-09-04T15:15:06","slug":"locais-prova-enamed-2026-revalida-2026-2","status":"publish","type":"post","link":"https:\/\/med.estrategia.com\/portal\/noticias\/locais-prova-enamed-2026-revalida-2026-2\/","title":{"rendered":"Inep divulga locais de prova do Enamed 2026 e Revalida 2026.2"},"content":{"rendered":"<p class=\"wp-block-paragraph\">O Instituto Nacional de Estudos e Pesquisas Educacionais An&iacute;sio Teixeira (Inep) disponibilizou nesta sexta-feira, 4 de setembro, os <strong>locais de prova do Exame Nacional de Avalia&ccedil;&atilde;o da Forma&ccedil;&atilde;o M&eacute;dica (<a href=\"https:\/\/med.estrategia.com\/portal\/atualidades\/enamed-explicado-tudo-o-que-voce-precisa-saber\/\" target=\"_blank\">Enamed<\/a>) 2026<\/strong> e da <strong>1&ordf; etapa do <a href=\"https:\/\/med.estrategia.com\/portal\/revalida\/revalida-inep\/\" target=\"_blank\">Revalida INEP<\/a> 2026.2<\/strong>. As informa&ccedil;&otilde;es podem ser consultadas pelos participantes nos respectivos cart&otilde;es de confirma&ccedil;&atilde;o da inscri&ccedil;&atilde;o.<p class=\"wp-block-paragraph\">As provas dos dois exames ser&atilde;o aplicadas no pr&oacute;ximo <strong>domingo, 13 de setembro<\/strong>. No caso do Enamed, a aplica&ccedil;&atilde;o tamb&eacute;m interessa aos m&eacute;dicos inscritos no <strong>ENARE 2026\/2027 para programas de Resid&ecirc;ncia M&eacute;dica de Acesso Direto<\/strong>, que utilizar&atilde;o o desempenho no exame para concorrer &agrave;s vagas ofertadas nesta edi&ccedil;&atilde;o.<\/p><p class=\"wp-block-paragraph\">J&aacute; os candidatos do ENARE inscritos para <strong>especialidades com pr&eacute;-requisito (R+)<\/strong> realizam a prova elaborada pela banca contratada para a sele&ccedil;&atilde;o &mdash; Funda&ccedil;&atilde;o Get&uacute;lio Vargas (FGV). Para esse grupo, a <strong>divulga&ccedil;&atilde;o dos locais de prova est&aacute; prevista para a pr&oacute;xima segunda-feira, 7 de setembro<\/strong>, conforme o cronograma da sele&ccedil;&atilde;o.<\/p><div id=\"ez-toc-container\" class=\"ez-toc-v2_0_86 counter-hierarchy ez-toc-counter ez-toc-transparent ez-toc-container-direction\">\n<div class=\"ez-toc-title-container\"><p class=\"ez-toc-title\" style=\"cursor:inherit\">Navegue pelo conte\u00fado<\/p>\n<\/div><nav><ul class='ez-toc-list ez-toc-list-level-1 ' ><li class='ez-toc-page-1 ez-toc-heading-level-2'><a class=\"ez-toc-link ez-toc-heading-1\" href=\"https:\/\/med.estrategia.com\/portal\/noticias\/locais-prova-enamed-2026-revalida-2026-2\/#Como-consultar-os-locais-de-prova\" >Como consultar os locais de prova?<\/a><\/li><li class='ez-toc-page-1 ez-toc-heading-level-2'><a class=\"ez-toc-link ez-toc-heading-2\" href=\"https:\/\/med.estrategia.com\/portal\/noticias\/locais-prova-enamed-2026-revalida-2026-2\/#EnamedEnare-e-Revalida-serao-aplicados-em-13-de-setembro\" >Enamed\/Enare e Revalida ser&atilde;o aplicados em 13 de setembro<\/a><\/li><\/ul><\/nav><\/div>\n<h2 id=\"h-como-consultar-os-locais-de-prova\" class=\"wp-block-heading\"><span class=\"ez-toc-section\" id=\"Como-consultar-os-locais-de-prova\"><\/span>Como consultar os locais de prova?<span class=\"ez-toc-section-end\"><\/span><\/h2><p class=\"wp-block-paragraph\">Os participantes do <strong>Enamed 2026<\/strong> devem acessar o <a href=\"https:\/\/enamed.inep.gov.br\/\" target=\"_blank\">Sistema Enamed<\/a> para consultar o Cart&atilde;o de Confirma&ccedil;&atilde;o da Inscri&ccedil;&atilde;o. O documento re&uacute;ne informa&ccedil;&otilde;es como n&uacute;mero de inscri&ccedil;&atilde;o, data, hor&aacute;rio e endere&ccedil;o de realiza&ccedil;&atilde;o do exame, al&eacute;m de dados referentes a atendimento especializado e tratamento pelo nome social, quando solicitados e aprovados.<\/p><p class=\"wp-block-paragraph\">Para os inscritos na <strong>1&ordf; etapa do Revalida 2026\/2<\/strong>, a consulta deve ser realizada pelo <a href=\"https:\/\/revalida.inep.gov.br\/revalida\/\" target=\"_blank\">Sistema Revalida<\/a>, onde est&aacute; dispon&iacute;vel o respectivo cart&atilde;o com as informa&ccedil;&otilde;es necess&aacute;rias para a aplica&ccedil;&atilde;o.<\/p><p class=\"wp-block-paragraph\" id=\"h-\">O Inep recomenda que os participantes consultem o documento com anteced&ecirc;ncia e verifiquem o endere&ccedil;o onde far&atilde;o a prova.<\/p><p>\n\n\n<div id=\"new-form\">\n\t<form id=\"forms_layout\">\n\t<input type=\"hidden\" id=\"chave_de\" name=\"chave_de\" value=\"01_EMED_LEADS_TOTAIS\" \/>\n\t\t<input type=\"hidden\" id=\"mid\" name=\"mid\" value=\"515009018\" \/>\n\t\t<input type=\"hidden\" id=\"Objetivo\" name=\"Objetivo\" value=\"Medicina\" \/>\n\t\t<input type=\"hidden\" id=\"Estado_de_Origem_do_IP\" name=\"Estado_de_Origem_do_IP\"  value=\"\" \/>\n\t\t<input type=\"hidden\" id=\"Cidade_de_Origem_do_IP\" name=\"Cidade_de_Origem_do_IP\" value=\"\" \/>\n\t\t<input type=\"hidden\" id=\"Modo_de_entrada\" name=\"Modo_de_entrada\" value=\"Portal\" \/>\n\t\t<input type=\"hidden\" id=\"Pagina_Origem\" name=\"Pagina_Origem\" value=\"\" \/>\n\n\t\t<div class=\"texto\">\n\t\t\t<h3 class=\"news\">Inscreva-se em nossa newsletter!<\/h3>\n\t\t\t<p>Receba not\u00edcias sobre resid\u00eancia m\u00e9dica, revalida\u00e7\u00e3o de diplomas e concursos m\u00e9dicos, al\u00e9m de materiais de estudo gratuitos e informa\u00e7\u00f5es relevantes do mundo da Medicina.<\/p>\n\t\t<\/div>\n\t\t<div class=\"campos\">\n\t\t\t<div class=\"first_name labels\">\n\t\t\t\t<input type=\"text\" class=\"input_labels\" id=\"first_name\" name=\"Nome_Completo\" placeholder=\"Nome\" required \/>\n\t\t\t<\/div>\n\t\t\t<div class=\"email labels\">\n\t\t\t\t<input type=\"email\" class=\"input_labels\" id=\"email\" name=\"Email\" placeholder=\"E-mail\" required \/>\n\t\t\t<\/div>\n\t\t\t<button type=\"submit\" class=\"button_layout\">\n\t\t\t\t<div id=\"lblBotao\">Inscreva-se<\/div>\n\t\t\t\t<span id=\"divSpiner\" class=\"loader\" role=\"status\" style=\"display: none;\"><\/span>\t\n\t\t\t<\/button>\n\t\t<\/div><!-- \/campos -->\n\t\t\n\t\t<label class=\"container_checkbox\">Voc\u00ea concorda com a nossa\n\t\t\t<a class=\"politics_privacy_ahref\" target=\"_blank\" href=\"https:\/\/gratis.estrategiaconcursos.com.br\/politica-de-privacidade\/\">Pol\u00edtica de Privacidade<\/a> e aceita receber informa\u00e7\u00f5es adicionais do Estrat\u00e9gia Educacional.\n\t\t\t<input id=\"checkbox_layout\" type=\"checkbox\" checked=\"checked\" required \/>\n\t\t\t<span class=\"checkbox\"><\/span>\n\t\t<\/label>\n\t\t<div id=\"msg\"><\/div>\n\t\t<div id=\"error\" class=\"error\">\n\t\t<\/div>\n\t<\/form>\n<\/div><!-- \/new-form -->\n\n\n\n<\/p><h2 id=\"h-enamed-enare-e-revalida-serao-aplicados-em-13-de-setembro\" class=\"wp-block-heading\"><span class=\"ez-toc-section\" id=\"EnamedEnare-e-Revalida-serao-aplicados-em-13-de-setembro\"><\/span>Enamed\/Enare e Revalida ser&atilde;o aplicados em 13 de setembro<span class=\"ez-toc-section-end\"><\/span><\/h2><p class=\"wp-block-paragraph\">O <strong>Enamed 2026<\/strong> ser&aacute; aplicado no per&iacute;odo da tarde e contar&aacute; com quest&otilde;es voltadas &agrave; avalia&ccedil;&atilde;o da forma&ccedil;&atilde;o m&eacute;dica. Al&eacute;m de integrar a avalia&ccedil;&atilde;o dos estudantes de Medicina, o resultado do exame poder&aacute; ser utilizado pelos candidatos que concorrem &agrave;s vagas de <strong>Acesso Direto do ENARE 2026\/2027<\/strong>.<\/p><p class=\"wp-block-paragraph\">Na mesma data e hor&aacute;rio, acontece a <strong>1&ordf; etapa do Revalida 2026\/2<\/strong>, destinada &agrave; avalia&ccedil;&atilde;o dos m&eacute;dicos formados no exterior que buscam a revalida&ccedil;&atilde;o do diploma de Medicina no Brasil. A primeira etapa &eacute; composta por prova te&oacute;rica e antecede a etapa de habilidades cl&iacute;nicas prevista para os candidatos que alcan&ccedil;arem os crit&eacute;rios estabelecidos pelo Inep.<\/p><p class=\"wp-block-paragraph\">Vale ressaltar que &eacute; esperado que ambos os exames contenham as mesmas 100 quest&otilde;es de m&uacute;ltipla escolha aplicadas.<\/p><p class=\"wp-block-paragraph\"><a id=\"cta\" class=\"cta-imagem\" href=\"https:\/\/med.estrategia.com\/cursos\/\" target=\"blank\">\n                <img decoding=\"async\" width=\"100%\" src=\"https:\/\/med.estrategia.com\/portal\/wp-content\/uploads\/2025\/08\/estrategia_geral.jpg\" alt=\"\" title=\"estrategia_geral\">\n        <\/a>\n\n\n\n<\/p><p class=\"wp-block-paragraph\"><\/p><\/p>\n","protected":false},"excerpt":{"rendered":"Cart\u00f5es de confirma\u00e7\u00e3o foram disponibilizados nesta sexta-feira (4); provas dos dois exames ser\u00e3o aplicadas em 13 de setembro\n","protected":false},"author":39,"featured_media":59410,"comment_status":"closed","ping_status":"closed","sticky":true,"template":"","format":"standard","meta":{"footnotes":""},"categories":[300],"tags":[],"class_list":["post-113508","post","type-post","status-publish","format-standard","has-post-thumbnail","category-noticias"],"acf":[],"yoast_head":"<!-- This site is optimized with the Yoast SEO Premium plugin v26.6 (Yoast SEO v26.6) - https:\/\/yoast.com\/wordpress\/plugins\/seo\/ -->\n<title>Inep divulga locais de prova do Enamed 2026 e Revalida 2026.2<\/title>\n<meta name=\"description\" content=\"Inep divulga locais de prova do Enamed 2026 e da 1\u00aa etapa do Revalida 2026\/2. Exames ser\u00e3o aplicados em 13 de setembro.\" \/>\n<meta name=\"robots\" content=\"index, follow, max-snippet:-1, max-image-preview:large, max-video-preview:-1\" \/>\n<link rel=\"canonical\" href=\"https:\/\/med.estrategia.com\/portal\/noticias\/locais-prova-enamed-2026-revalida-2026-2\/\" \/>\n<meta property=\"og:locale\" content=\"pt_BR\" \/>\n<meta property=\"og:type\" content=\"article\" \/>\n<meta property=\"og:title\" content=\"Inep divulga locais de prova do Enamed 2026 e Revalida 2026.2\" \/>\n<meta property=\"og:description\" content=\"Inep divulga locais de prova do Enamed 2026 e da 1\u00aa etapa do Revalida 2026\/2. Exames ser\u00e3o aplicados em 13 de setembro.\" \/>\n<meta property=\"og:url\" content=\"https:\/\/med.estrategia.com\/portal\/noticias\/locais-prova-enamed-2026-revalida-2026-2\/\" \/>\n<meta property=\"og:site_name\" content=\"Estrat\u00e9gia MED\" \/>\n<meta property=\"article:publisher\" content=\"https:\/\/www.facebook.com\/estrategiamed1\" \/>\n<meta property=\"article:published_time\" content=\"2026-09-04T14:50:10+00:00\" \/>\n<meta property=\"article:modified_time\" content=\"2026-09-04T15:15:06+00:00\" \/>\n<meta property=\"og:image\" content=\"https:\/\/med.estrategia.com\/portal\/wp-content\/uploads\/2024\/03\/inep_mcamgo_abr_191120211818-4.jpg\" \/>\n\t<meta property=\"og:image:width\" content=\"1920\" \/>\n\t<meta property=\"og:image:height\" content=\"1280\" \/>\n\t<meta property=\"og:image:type\" content=\"image\/jpeg\" \/>\n<meta name=\"author\" content=\"Ana Carolina Damasceno\" \/>\n<meta name=\"twitter:card\" content=\"summary_large_image\" \/>\n<meta name=\"twitter:creator\" content=\"@estrategiamed_\" \/>\n<meta name=\"twitter:site\" content=\"@estrategiamed_\" \/>\n<meta name=\"twitter:label1\" content=\"Escrito por\" \/>\n\t<meta name=\"twitter:data1\" content=\"Ana Carolina Damasceno\" \/>\n\t<meta name=\"twitter:label2\" content=\"Est. tempo de leitura\" \/>\n\t<meta name=\"twitter:data2\" content=\"2 minutos\" \/>\n<script type=\"application\/ld+json\" class=\"yoast-schema-graph\">{\"@context\":\"https:\/\/schema.org\",\"@graph\":[{\"@type\":\"WebPage\",\"@id\":\"https:\/\/med.estrategia.com\/portal\/noticias\/locais-prova-enamed-2026-revalida-2026-2\/\",\"url\":\"https:\/\/med.estrategia.com\/portal\/noticias\/locais-prova-enamed-2026-revalida-2026-2\/\",\"name\":\"Inep divulga locais de prova do Enamed 2026 e Revalida 2026.2\",\"isPartOf\":{\"@id\":\"https:\/\/med.estrategia.com\/portal\/#website\"},\"primaryImageOfPage\":{\"@id\":\"https:\/\/med.estrategia.com\/portal\/noticias\/locais-prova-enamed-2026-revalida-2026-2\/#primaryimage\"},\"image\":{\"@id\":\"https:\/\/med.estrategia.com\/portal\/noticias\/locais-prova-enamed-2026-revalida-2026-2\/#primaryimage\"},\"thumbnailUrl\":\"https:\/\/med.estrategia.com\/portal\/wp-content\/uploads\/2024\/03\/inep_mcamgo_abr_191120211818-4.jpg\",\"datePublished\":\"2026-09-04T14:50:10+00:00\",\"dateModified\":\"2026-09-04T15:15:06+00:00\",\"author\":{\"@id\":\"https:\/\/med.estrategia.com\/portal\/#\/schema\/person\/2f553adbb8e25fe39d145c5b2927f58c\"},\"description\":\"Inep divulga locais de prova do Enamed 2026 e da 1\u00aa etapa do Revalida 2026\/2. Exames ser\u00e3o aplicados em 13 de setembro.\",\"breadcrumb\":{\"@id\":\"https:\/\/med.estrategia.com\/portal\/noticias\/locais-prova-enamed-2026-revalida-2026-2\/#breadcrumb\"},\"inLanguage\":\"pt-BR\",\"potentialAction\":[{\"@type\":\"ReadAction\",\"target\":[\"https:\/\/med.estrategia.com\/portal\/noticias\/locais-prova-enamed-2026-revalida-2026-2\/\"]}]},{\"@type\":\"ImageObject\",\"inLanguage\":\"pt-BR\",\"@id\":\"https:\/\/med.estrategia.com\/portal\/noticias\/locais-prova-enamed-2026-revalida-2026-2\/#primaryimage\",\"url\":\"https:\/\/med.estrategia.com\/portal\/wp-content\/uploads\/2024\/03\/inep_mcamgo_abr_191120211818-4.jpg\",\"contentUrl\":\"https:\/\/med.estrategia.com\/portal\/wp-content\/uploads\/2024\/03\/inep_mcamgo_abr_191120211818-4.jpg\",\"width\":1920,\"height\":1280,\"caption\":\"Edif\u00edcio sede do Instituto Nacional de Estudos e Pesquisas Educacionais An\u00edsio Teixeira (INEP). Foto: Marcelo Camargo\/Ag\u00eancia Brasil\"},{\"@type\":\"BreadcrumbList\",\"@id\":\"https:\/\/med.estrategia.com\/portal\/noticias\/locais-prova-enamed-2026-revalida-2026-2\/#breadcrumb\",\"itemListElement\":[{\"@type\":\"ListItem\",\"position\":1,\"name\":\"Home\",\"item\":\"https:\/\/med.estrategia.com\/portal\/\"},{\"@type\":\"ListItem\",\"position\":2,\"name\":\"Not\u00edcias\",\"item\":\"https:\/\/med.estrategia.com\/portal\/noticias\/\"},{\"@type\":\"ListItem\",\"position\":3,\"name\":\"Inep divulga locais de prova do Enamed 2026 e Revalida 2026.2\"}]},{\"@type\":\"WebSite\",\"@id\":\"https:\/\/med.estrategia.com\/portal\/#website\",\"url\":\"https:\/\/med.estrategia.com\/portal\/\",\"name\":\"Estrat\u00e9gia MED\",\"description\":\"\",\"potentialAction\":[{\"@type\":\"SearchAction\",\"target\":{\"@type\":\"EntryPoint\",\"urlTemplate\":\"https:\/\/med.estrategia.com\/portal\/?s={search_term_string}\"},\"query-input\":{\"@type\":\"PropertyValueSpecification\",\"valueRequired\":true,\"valueName\":\"search_term_string\"}}],\"inLanguage\":\"pt-BR\"},{\"@type\":\"Person\",\"@id\":\"https:\/\/med.estrategia.com\/portal\/#\/schema\/person\/2f553adbb8e25fe39d145c5b2927f58c\",\"name\":\"Ana Carolina Damasceno\",\"image\":{\"@type\":\"ImageObject\",\"inLanguage\":\"pt-BR\",\"@id\":\"https:\/\/med.estrategia.com\/portal\/#\/schema\/person\/image\/\",\"url\":\"https:\/\/med.estrategia.com\/portal\/wp-content\/uploads\/2026\/07\/Sem-titulo-150x150.png\",\"contentUrl\":\"https:\/\/med.estrategia.com\/portal\/wp-content\/uploads\/2026\/07\/Sem-titulo-150x150.png\",\"caption\":\"Ana Carolina Damasceno\"},\"description\":\"Coordenadora de Jornalismo EMED. Comunicadora por natureza e forma\u00e7\u00e3o, que ama e perde a no\u00e7\u00e3o do tempo com m\u00fasica e s\u00e9rie.\",\"url\":\"https:\/\/med.estrategia.com\/portal\/author\/ana-carolina-damasceno\/\"}]}<\/script>\n<!-- \/ Yoast SEO Premium plugin. -->","yoast_head_json":{"title":"Inep divulga locais de prova do Enamed 2026 e Revalida 2026.2","description":"Inep divulga locais de prova do Enamed 2026 e da 1\u00aa etapa do Revalida 2026\/2. Exames ser\u00e3o aplicados em 13 de setembro.","robots":{"index":"index","follow":"follow","max-snippet":"max-snippet:-1","max-image-preview":"max-image-preview:large","max-video-preview":"max-video-preview:-1"},"canonical":"https:\/\/med.estrategia.com\/portal\/noticias\/locais-prova-enamed-2026-revalida-2026-2\/","og_locale":"pt_BR","og_type":"article","og_title":"Inep divulga locais de prova do Enamed 2026 e Revalida 2026.2","og_description":"Inep divulga locais de prova do Enamed 2026 e da 1\u00aa etapa do Revalida 2026\/2. Exames ser\u00e3o aplicados em 13 de setembro.","og_url":"https:\/\/med.estrategia.com\/portal\/noticias\/locais-prova-enamed-2026-revalida-2026-2\/","og_site_name":"Estrat\u00e9gia MED","article_publisher":"https:\/\/www.facebook.com\/estrategiamed1","article_published_time":"2026-09-04T14:50:10+00:00","article_modified_time":"2026-09-04T15:15:06+00:00","og_image":[{"width":1920,"height":1280,"url":"https:\/\/med.estrategia.com\/portal\/wp-content\/uploads\/2024\/03\/inep_mcamgo_abr_191120211818-4.jpg","type":"image\/jpeg"}],"author":"Ana Carolina Damasceno","twitter_card":"summary_large_image","twitter_creator":"@estrategiamed_","twitter_site":"@estrategiamed_","twitter_misc":{"Escrito por":"Ana Carolina Damasceno","Est. tempo de leitura":"2 minutos"},"schema":{"@context":"https:\/\/schema.org","@graph":[{"@type":"WebPage","@id":"https:\/\/med.estrategia.com\/portal\/noticias\/locais-prova-enamed-2026-revalida-2026-2\/","url":"https:\/\/med.estrategia.com\/portal\/noticias\/locais-prova-enamed-2026-revalida-2026-2\/","name":"Inep divulga locais de prova do Enamed 2026 e Revalida 2026.2","isPartOf":{"@id":"https:\/\/med.estrategia.com\/portal\/#website"},"primaryImageOfPage":{"@id":"https:\/\/med.estrategia.com\/portal\/noticias\/locais-prova-enamed-2026-revalida-2026-2\/#primaryimage"},"image":{"@id":"https:\/\/med.estrategia.com\/portal\/noticias\/locais-prova-enamed-2026-revalida-2026-2\/#primaryimage"},"thumbnailUrl":"https:\/\/med.estrategia.com\/portal\/wp-content\/uploads\/2024\/03\/inep_mcamgo_abr_191120211818-4.jpg","datePublished":"2026-09-04T14:50:10+00:00","dateModified":"2026-09-04T15:15:06+00:00","author":{"@id":"https:\/\/med.estrategia.com\/portal\/#\/schema\/person\/2f553adbb8e25fe39d145c5b2927f58c"},"description":"Inep divulga locais de prova do Enamed 2026 e da 1\u00aa etapa do Revalida 2026\/2. Exames ser\u00e3o aplicados em 13 de setembro.","breadcrumb":{"@id":"https:\/\/med.estrategia.com\/portal\/noticias\/locais-prova-enamed-2026-revalida-2026-2\/#breadcrumb"},"inLanguage":"pt-BR","potentialAction":[{"@type":"ReadAction","target":["https:\/\/med.estrategia.com\/portal\/noticias\/locais-prova-enamed-2026-revalida-2026-2\/"]}]},{"@type":"ImageObject","inLanguage":"pt-BR","@id":"https:\/\/med.estrategia.com\/portal\/noticias\/locais-prova-enamed-2026-revalida-2026-2\/#primaryimage","url":"https:\/\/med.estrategia.com\/portal\/wp-content\/uploads\/2024\/03\/inep_mcamgo_abr_191120211818-4.jpg","contentUrl":"https:\/\/med.estrategia.com\/portal\/wp-content\/uploads\/2024\/03\/inep_mcamgo_abr_191120211818-4.jpg","width":1920,"height":1280,"caption":"Edif\u00edcio sede do Instituto Nacional de Estudos e Pesquisas Educacionais An\u00edsio Teixeira (INEP). Foto: Marcelo Camargo\/Ag\u00eancia Brasil"},{"@type":"BreadcrumbList","@id":"https:\/\/med.estrategia.com\/portal\/noticias\/locais-prova-enamed-2026-revalida-2026-2\/#breadcrumb","itemListElement":[{"@type":"ListItem","position":1,"name":"Home","item":"https:\/\/med.estrategia.com\/portal\/"},{"@type":"ListItem","position":2,"name":"Not\u00edcias","item":"https:\/\/med.estrategia.com\/portal\/noticias\/"},{"@type":"ListItem","position":3,"name":"Inep divulga locais de prova do Enamed 2026 e Revalida 2026.2"}]},{"@type":"WebSite","@id":"https:\/\/med.estrategia.com\/portal\/#website","url":"https:\/\/med.estrategia.com\/portal\/","name":"Estrat\u00e9gia MED","description":"","potentialAction":[{"@type":"SearchAction","target":{"@type":"EntryPoint","urlTemplate":"https:\/\/med.estrategia.com\/portal\/?s={search_term_string}"},"query-input":{"@type":"PropertyValueSpecification","valueRequired":true,"valueName":"search_term_string"}}],"inLanguage":"pt-BR"},{"@type":"Person","@id":"https:\/\/med.estrategia.com\/portal\/#\/schema\/person\/2f553adbb8e25fe39d145c5b2927f58c","name":"Ana Carolina Damasceno","image":{"@type":"ImageObject","inLanguage":"pt-BR","@id":"https:\/\/med.estrategia.com\/portal\/#\/schema\/person\/image\/","url":"https:\/\/med.estrategia.com\/portal\/wp-content\/uploads\/2026\/07\/Sem-titulo-150x150.png","contentUrl":"https:\/\/med.estrategia.com\/portal\/wp-content\/uploads\/2026\/07\/Sem-titulo-150x150.png","caption":"Ana Carolina Damasceno"},"description":"Coordenadora de Jornalismo EMED. Comunicadora por natureza e forma\u00e7\u00e3o, que ama e perde a no\u00e7\u00e3o do tempo com m\u00fasica e s\u00e9rie.","url":"https:\/\/med.estrategia.com\/portal\/author\/ana-carolina-damasceno\/"}]}},"_links":{"self":[{"href":"https:\/\/med.estrategia.com\/portal\/wp-json\/wp\/v2\/posts\/113508","targetHints":{"allow":["GET"]}}],"collection":[{"href":"https:\/\/med.estrategia.com\/portal\/wp-json\/wp\/v2\/posts"}],"about":[{"href":"https:\/\/med.estrategia.com\/portal\/wp-json\/wp\/v2\/types\/post"}],"author":[{"embeddable":true,"href":"https:\/\/med.estrategia.com\/portal\/wp-json\/wp\/v2\/users\/39"}],"replies":[{"embeddable":true,"href":"https:\/\/med.estrategia.com\/portal\/wp-json\/wp\/v2\/comments?post=113508"}],"version-history":[{"count":5,"href":"https:\/\/med.estrategia.com\/portal\/wp-json\/wp\/v2\/posts\/113508\/revisions"}],"predecessor-version":[{"id":113519,"href":"https:\/\/med.estrategia.com\/portal\/wp-json\/wp\/v2\/posts\/113508\/revisions\/113519"}],"wp:featuredmedia":[{"embeddable":true,"href":"https:\/\/med.estrategia.com\/portal\/wp-json\/wp\/v2\/media\/59410"}],"wp:attachment":[{"href":"https:\/\/med.estrategia.com\/portal\/wp-json\/wp\/v2\/media?parent=113508"}],"wp:term":[{"taxonomy":"category","embeddable":true,"href":"https:\/\/med.estrategia.com\/portal\/wp-json\/wp\/v2\/categories?post=113508"},{"taxonomy":"post_tag","embeddable":true,"href":"https:\/\/med.estrategia.com\/portal\/wp-json\/wp\/v2\/tags?post=113508"}],"curies":[{"name":"wp","href":"https:\/\/api.w.org\/{rel}","templated":true}]}}