{"id":11932,"date":"2021-10-15T15:57:02","date_gmt":"2021-10-15T18:57:02","guid":{"rendered":"https:\/\/med.estrategiaeducacional.com.br\/blog\/?p=11932"},"modified":"2022-06-09T20:32:58","modified_gmt":"2022-06-09T23:32:58","slug":"resumo-sobre-clamidia-manifestacoes-clinicas-diagnostico-tratamento-e-mais","status":"publish","type":"post","link":"https:\/\/med.estrategia.com\/portal\/conteudos-gratis\/doencas\/resumo-sobre-clamidia-manifestacoes-clinicas-diagnostico-tratamento-e-mais\/","title":{"rendered":"Resumo sobre Clam\u00eddia: manifesta\u00e7\u00f5es cl\u00ednicas, diagn\u00f3stico, tratamento e mais!"},"content":{"rendered":"<p>Quer saber mais sobre a clam&iacute;dia, quais os sintomas, como diagnosticar e tratar? Acompanhe o artigo que o Estrat&eacute;gia MED preparou especialmente para voc&ecirc;, futuro residente!<div id=\"ez-toc-container\" class=\"ez-toc-v2_0_79_2 counter-hierarchy ez-toc-counter ez-toc-transparent ez-toc-container-direction\">\n<div class=\"ez-toc-title-container\"><p class=\"ez-toc-title\" style=\"cursor:inherit\">Navegue pelo conte\u00fado<\/p>\n<\/div><nav><ul class='ez-toc-list ez-toc-list-level-1 ' ><li class='ez-toc-page-1 ez-toc-heading-level-2'><a class=\"ez-toc-link ez-toc-heading-1\" href=\"https:\/\/med.estrategia.com\/portal\/conteudos-gratis\/doencas\/resumo-sobre-clamidia-manifestacoes-clinicas-diagnostico-tratamento-e-mais\/#Dicas-do-Estrategia-para-provas\" >Dicas do Estrat&eacute;gia para provas<\/a><\/li><li class='ez-toc-page-1 ez-toc-heading-level-2'><a class=\"ez-toc-link ez-toc-heading-2\" href=\"https:\/\/med.estrategia.com\/portal\/conteudos-gratis\/doencas\/resumo-sobre-clamidia-manifestacoes-clinicas-diagnostico-tratamento-e-mais\/#Definicao-da-doenca\" >Defini&ccedil;&atilde;o da doen&ccedil;a<\/a><\/li><li class='ez-toc-page-1 ez-toc-heading-level-2'><a class=\"ez-toc-link ez-toc-heading-3\" href=\"https:\/\/med.estrategia.com\/portal\/conteudos-gratis\/doencas\/resumo-sobre-clamidia-manifestacoes-clinicas-diagnostico-tratamento-e-mais\/#Epidemiologia-e-fisiopatologia-da-Clamidia\" >Epidemiologia e fisiopatologia da Clam&iacute;dia<\/a><\/li><li class='ez-toc-page-1 ez-toc-heading-level-2'><a class=\"ez-toc-link ez-toc-heading-4\" href=\"https:\/\/med.estrategia.com\/portal\/conteudos-gratis\/doencas\/resumo-sobre-clamidia-manifestacoes-clinicas-diagnostico-tratamento-e-mais\/#Manifestacoes-clinicas-da-clamidia\" >Manifesta&ccedil;&otilde;es cl&iacute;nicas da clam&iacute;dia<\/a><\/li><li class='ez-toc-page-1 ez-toc-heading-level-2'><a class=\"ez-toc-link ez-toc-heading-5\" href=\"https:\/\/med.estrategia.com\/portal\/conteudos-gratis\/doencas\/resumo-sobre-clamidia-manifestacoes-clinicas-diagnostico-tratamento-e-mais\/#Diagnostico-de-clamidia\" >Diagn&oacute;stico de clam&iacute;dia<\/a><\/li><li class='ez-toc-page-1 ez-toc-heading-level-2'><a class=\"ez-toc-link ez-toc-heading-6\" href=\"https:\/\/med.estrategia.com\/portal\/conteudos-gratis\/doencas\/resumo-sobre-clamidia-manifestacoes-clinicas-diagnostico-tratamento-e-mais\/#Tratamento-da-clamidia\" >Tratamento da clam&iacute;dia<\/a><\/li><li class='ez-toc-page-1 ez-toc-heading-level-2'><a class=\"ez-toc-link ez-toc-heading-7\" href=\"https:\/\/med.estrategia.com\/portal\/conteudos-gratis\/doencas\/resumo-sobre-clamidia-manifestacoes-clinicas-diagnostico-tratamento-e-mais\/#Prevencao\" >Preven&ccedil;&atilde;o<\/a><\/li><li class='ez-toc-page-1 ez-toc-heading-level-2'><a class=\"ez-toc-link ez-toc-heading-8\" href=\"https:\/\/med.estrategia.com\/portal\/conteudos-gratis\/doencas\/resumo-sobre-clamidia-manifestacoes-clinicas-diagnostico-tratamento-e-mais\/#Veja-tambem\" >Veja tamb&eacute;m:<\/a><\/li><\/ul><\/nav><\/div>\n<h2 class=\"wp-block-heading\" id=\"h-dicas-do-estrategia-para-provas\"><span class=\"ez-toc-section\" id=\"Dicas-do-Estrategia-para-provas\"><\/span>Dicas do Estrat&eacute;gia para provas<span class=\"ez-toc-section-end\"><\/span><\/h2><p>Se precisar focar nos pontos principais,&nbsp;<\/p><ul class=\"wp-block-list\"><li>Causas da clam&iacute;dia<\/li><li>Quadro cl&iacute;nico<\/li><li>Tratamento<\/li><\/ul><h2 class=\"wp-block-heading\" id=\"h-definicao-da-doenca\"><span class=\"ez-toc-section\" id=\"Definicao-da-doenca\"><\/span>Defini&ccedil;&atilde;o da doen&ccedil;a<span class=\"ez-toc-section-end\"><\/span><\/h2><p>A clam&iacute;dia &eacute; uma <strong>infec&ccedil;&atilde;o sexualmente transmiss&iacute;vel causada pela <\/strong><strong><em>Chlamydia trachomatis<\/em><\/strong> que pode causar<strong> uretrite e epididimite em homens e vaginite, uretrite, cervicite e doen&ccedil;a inflamat&oacute;ria p&eacute;lvica em mulheres<\/strong>. Em ambos os sexos, pode causar, proctite, linfogranuloma ven&eacute;reo e artrite reativa.&nbsp;<\/p><p>Gestantes podem transmitir para os fetos a <em>Chlamydia trachomatis<\/em>, o que provoca nos rec&eacute;m-nascidos<strong> conjuntivite e pneumonia neonatal (pneumonia afebril do lactente)<\/strong>.<\/p><h2 class=\"wp-block-heading\" id=\"h-epidemiologia-e-fisiopatologia-da-clamidia\"><span class=\"ez-toc-section\" id=\"Epidemiologia-e-fisiopatologia-da-Clamidia\"><\/span>Epidemiologia e fisiopatologia da Clam&iacute;dia<span class=\"ez-toc-section-end\"><\/span><\/h2><p>A clam&iacute;dia &eacute; uma <strong>doen&ccedil;a muito presente em todo mundo<\/strong>. Nos EUA, &eacute; o segundo organismo mais prevalente entre todas as ISTs e &eacute; <strong>bastante comum entre jovens com menos de 25 anos<\/strong>.&nbsp;<\/p><p>Essa bact&eacute;ria &eacute; <strong>intracelular obrigat&oacute;ria<\/strong>, de modo que para sua sobreviv&ecirc;ncia depende do hospedeiro. Ela<strong> infecta c&eacute;lulas epiteliais<\/strong> e os sintomas refletem essa infec&ccedil;&atilde;o, resultando em <strong>descarga mucopurulenta ou secre&ccedil;&otilde;es<\/strong>. Esses tecidos podem tamb&eacute;m se apresentar edemaciados e hiperemiados.&nbsp;&nbsp;<\/p><h2 class=\"wp-block-heading\" id=\"h-manifestacoes-clinicas-da-clamidia\"><span class=\"ez-toc-section\" id=\"Manifestacoes-clinicas-da-clamidia\"><\/span>Manifesta&ccedil;&otilde;es cl&iacute;nicas da clam&iacute;dia<span class=\"ez-toc-section-end\"><\/span><\/h2><p>Em muitos casos, a <strong>clam&iacute;dia pode ser assintom&aacute;tica<\/strong>. Por&eacute;m, nos <strong>homens<\/strong>, a doen&ccedil;a pode se manifestar com <strong>dis&uacute;ria <\/strong>&ndash; dor ou ard&ecirc;ncia ao urinar -, <strong>corrimento uretral com secre&ccedil;&atilde;o purulenta<\/strong> e <strong>dor testicular<\/strong>.&nbsp;<\/p><p>Nas <strong>mulheres<\/strong>, os sintomas podem ser presen&ccedil;a de corrimento amarelado, <strong>sangramento uterino anormal<\/strong>, <strong>dispareunia<\/strong>, <strong>dis&uacute;ria <\/strong>e <strong>dor &agrave; mobiliza&ccedil;&atilde;o do colo uterino<\/strong>.&nbsp;<\/p><h2 class=\"wp-block-heading\" id=\"h-diagnostico-de-clamidia\"><span class=\"ez-toc-section\" id=\"Diagnostico-de-clamidia\"><\/span>Diagn&oacute;stico de clam&iacute;dia<span class=\"ez-toc-section-end\"><\/span><\/h2><p>O exame de escolha para detectar a infec&ccedil;&atilde;o por clam&iacute;dia &eacute; o<strong> NAAT &ndash; teste de amplifica&ccedil;&atilde;o de &aacute;cido nucleico<\/strong>. Deve ser feito em <strong>esfrega&ccedil;o vaginal<\/strong> nas mulheres ou em <strong>amostra de urina <\/strong>de homens. No caso de suspeita de proctite, dever&aacute; ser coletado esfrega&ccedil;o retal.<\/p><h2 class=\"wp-block-heading\" id=\"h-tratamento-da-clamidia\"><span class=\"ez-toc-section\" id=\"Tratamento-da-clamidia\"><\/span>Tratamento da clam&iacute;dia<span class=\"ez-toc-section-end\"><\/span><\/h2><p>O tratamento da infec&ccedil;&atilde;o por clam&iacute;dia &eacute; feito com antibi&oacute;ticos, sendo que pode ser escolhido algum dos <strong>esquemas terap&ecirc;uticos<\/strong> abaixo:<\/p><ol class=\"wp-block-list\"><li><strong>Azitromicina <\/strong>500 mg, 2 comprimidos, via oral, em dose &uacute;nica; ou<\/li><li><strong>Doxiciclina <\/strong>100 mg, via oral, 2 vezes ao dia, durante 7 dias (exceto em gestantes); ou<\/li><li><strong>Amoxicilina <\/strong>500 mg, via oral, 3 vezes ao dia, durante 7 dias.<\/li><\/ol><p>No caso da <strong>conjuntivite neonatal<\/strong>, &eacute; preciso que o tratamento seja feito de forma imediata, pois essa condi&ccedil;&atilde;o, se n&atilde;o tratada, pode levar &agrave; <strong>perda de vis&atilde;o<\/strong>. Recomenda-se o tratamento com <strong>eritromicina <\/strong>oral, em dose de 50 mg\/kg por dia durante 14 dias.&nbsp;<\/p><p>J&aacute; a <strong>pneumonia afebril do lactente<\/strong> pode ser tratada com o mesmo esquema da conjuntivite ou com <strong>azitromicina<\/strong> 20 mg\/kg por via oral ou intravenosa, uma vez ao dia, durante 3 dias.&nbsp;<\/p><p><\/p><h2 class=\"wp-block-heading\" id=\"h-prevencao\"><span class=\"ez-toc-section\" id=\"Prevencao\"><\/span>Preven&ccedil;&atilde;o<span class=\"ez-toc-section-end\"><\/span><\/h2><p>A principal forma de preven&ccedil;&atilde;o da infec&ccedil;&atilde;o por clam&iacute;dia &eacute; uso de <strong>preservativos nas rela&ccedil;&otilde;es sexuais<\/strong>. Para se evitar a transmiss&atilde;o vertical, &eacute; importante <strong>rastrear a infec&ccedil;&atilde;o por clam&iacute;dia<\/strong> em mulheres gestantes, em especial as com menos de 25 anos.&nbsp;<\/p><p><\/p><p><strong><a id=\"cta\" class=\"cta-imagem\" href=\"https:\/\/med.estrategia.com\/cursos\/extensivo-de-residncia-mdica\/\" target=\"blank\">\n                <img decoding=\"async\" width=\"100%\" src=\"https:\/\/med.estrategia.com\/portal\/wp-content\/uploads\/2025\/08\/extensivo_rm.jpg\" alt=\"Extensivo RM\" title=\"extensivo_rm\">\n        <\/a><\/strong><\/p><h2 class=\"wp-block-heading\"><span class=\"ez-toc-section\" id=\"Veja-tambem\"><\/span>Veja tamb&eacute;m:<span class=\"ez-toc-section-end\"><\/span><\/h2><ul class=\"wp-block-list\"><li><a href=\"https:\/\/med.estrategia.com\/portal\/profissoes-da-medicina\/ginecologia-e-obstetricia\/\">Ginecologia e Obstetr&iacute;cia<\/a><\/li><li><a href=\"https:\/\/med.estrategia.com\/portal\/aluno-de-medicina\/dicas-de-estudo\/inducao-do-trabalho-de-parto\/\">Resumo de Indu&ccedil;&atilde;o do Trabalho de Parto<\/a><\/li><li><a href=\"https:\/\/med.estrategia.com\/portal\/aluno-de-medicina\/dicas-de-estudo\/anatomia-e-embriologia-sistema-reprodutor-feminino\/\">Resumo de Anatomia e embriologia do sistema reprodutor feminino<\/a><\/li><li><a href=\"https:\/\/med.estrategia.com\/portal\/aluno-de-medicina\/dicas-de-estudo\/dor-pelvica-cronica-e-dismenorreia\/\">Resumo de dor p&eacute;lvica cr&ocirc;nica e Dismenorreia: fisiopatologia, diagn&oacute;stico, tratamento e mais<\/a><\/li><li><a href=\"https:\/\/med.estrategia.com\/portal\/aluno-de-medicina\/dicas-de-estudo\/puerperio\/\">Puerp&eacute;rio: o que &eacute; e muito mais<\/a><\/li><li><a href=\"https:\/\/med.estrategia.com\/portal\/aluno-de-medicina\/dicas-de-estudo\/candidiase\/\">Candid&iacute;ase: o que &eacute;, tipos e muito mais<\/a><\/li><li><a href=\"https:\/\/med.estrategia.com\/portal\/aluno-de-medicina\/gonorreia\/\">Gonorreia: sintomas, tratamentos e muito mais<\/a><\/li><li><a href=\"https:\/\/med.estrategia.com\/portal\/atualidades\/saude-da-mulher\/\">Sa&uacute;de da Mulher: import&acirc;ncia, doen&ccedil;as e mais<\/a><\/li><li><a href=\"https:\/\/med.estrategia.com\/portal\/aluno-de-medicina\/dicas-de-estudo\/dor-pelvica-cronica-e-dismenorreia\/\">Resumo de dor p&eacute;lvica cr&ocirc;nica e Dismenorreia: fisiopatologia, diagn&oacute;stico, tratamento e mais<\/a><\/li><li><a href=\"https:\/\/med.estrategia.com\/portal\/profissoes-da-medicina\/tudo-sobre-mastologia\/\">Mastologia: rotina, sal&aacute;rio resid&ecirc;ncia m&eacute;dica e mais<\/a><\/li><\/ul><h3 class=\"wp-block-heading\" id=\"h-referencias-bibliograficas\">Refer&ecirc;ncias bibliogr&aacute;ficas:<\/h3><ul class=\"wp-block-list\"><li>Ginecologia de Williams [recurso eletr&ocirc;nico] \/ Hoff man &hellip; [et al.] ; tradu&ccedil;&atilde;o: Ademar Valadares Fonseca &hellip; [et al.] ; [coordena&ccedil;&atilde;o t&eacute;cnica: Suzana Arenhart Pessini ; revis&atilde;o t&eacute;cnica: Ana Paula Moura Moreira &hellip; et al.]. &ndash; 2. ed. &ndash; Dados eletr&ocirc;nicos. &ndash; Porto Alegre : AMGH, 2014.<\/li><li><em>Chlamydia <\/em><a href=\"https:\/\/www.msdmanuals.com\/pt-br\/profissional\/doen%C3%A7as-infecciosas\/clam%C3%ADdias-e-micoplasmas\/chlamydia?query=Infec%C3%A7%C3%B5es%20por%20clam%C3%ADdia%20e%20outras%20infec%C3%A7%C3%B5es%20n%C3%A3o%20gonoc%C3%B3cicas\" target=\"_blank\" rel=\"noopener noreferrer\">https:\/\/www.msdmanuals.com\/pt-br\/profissional\/doen%C3%A7as-infecciosas\/clam%C3%ADdias-e-micoplasmas\/chlamydia<\/a><\/li><li>Clam&iacute;dia &ndash; Minist&eacute;rio da Sa&uacute;de <a href=\"https:\/\/antigo.saude.gov.br\/saude-de-a-z\/clamidia#:~:text=Clam%C3%ADdia%20%C3%A9%20uma%20Infec%C3%A7%C3%A3o%20Sexualmente,mulheres%20com%20vida%20sexual%20ativa\" target=\"_blank\" rel=\"noopener noreferrer\">https:\/\/antigo.saude.gov.br\/saude-de-a-z\/clamidia<\/a><\/li><li>Protocolo Cl&iacute;nico e Diretrizes Terap&ecirc;uticas (PCDT) &ndash; Aten&ccedil;&atilde;o Integral &agrave;s Pessoas com Infec&ccedil;&otilde;es Sexualmente Transmiss&iacute;veis (IST) <a href=\"https:\/\/bvsms.saude.gov.br\/bvs\/publicacoes\/protocolo_clinico_diretrizes_terapeutica_atencao_integral_pessoas_infeccoes_sexualmente_transmissiveis.pdf\" target=\"_blank\" rel=\"noopener noreferrer\">https:\/\/bvsms.saude.gov.br\/bvs\/publicacoes\/pcdt.pdf<\/a><\/li><\/ul><\/p>\n","protected":false},"excerpt":{"rendered":"Quer saber mais sobre a clam&iacute;dia, quais os sintomas, como diagnosticar e tratar? Acompanhe o artigo que o&hellip;\n","protected":false},"author":15,"featured_media":11933,"comment_status":"closed","ping_status":"closed","sticky":false,"template":"","format":"standard","meta":{"wl_entities_gutenberg":"","footnotes":""},"categories":[304],"tags":[],"wl_entity_type":[199],"class_list":{"0":"post-11932","1":"post","2":"type-post","3":"status-publish","4":"format-standard","5":"has-post-thumbnail","7":"category-doencas","8":"wl_entity_type-article"},"acf":[],"yoast_head":"<!-- This site is optimized with the Yoast SEO Premium plugin v26.6 (Yoast SEO v26.6) - https:\/\/yoast.com\/wordpress\/plugins\/seo\/ -->\n<title>Resumo sobre Clam\u00eddia: manifesta\u00e7\u00f5es, diagn\u00f3stico, tratamento e mais!<\/title>\n<meta name=\"description\" content=\"Quer entender melhor sobre a clam\u00eddia, o que \u00e9, quadro cl\u00ednico, como diagnostar e tratar? Acesse nosso artigo para essas informa\u00e7\u00f5es!\" \/>\n<meta name=\"robots\" content=\"index, follow, max-snippet:-1, max-image-preview:large, max-video-preview:-1\" \/>\n<link rel=\"canonical\" href=\"https:\/\/med.estrategia.com\/portal\/conteudos-gratis\/doencas\/resumo-sobre-clamidia-manifestacoes-clinicas-diagnostico-tratamento-e-mais\/\" \/>\n<meta property=\"og:locale\" content=\"pt_BR\" \/>\n<meta property=\"og:type\" content=\"article\" \/>\n<meta property=\"og:title\" content=\"Resumo sobre Clam\u00eddia: manifesta\u00e7\u00f5es cl\u00ednicas, diagn\u00f3stico, tratamento e mais!\" \/>\n<meta property=\"og:description\" content=\"Quer entender melhor sobre a clam\u00eddia, o que \u00e9, quadro cl\u00ednico, como diagnostar e tratar? Acesse nosso artigo para essas informa\u00e7\u00f5es!\" \/>\n<meta property=\"og:url\" content=\"https:\/\/med.estrategia.com\/portal\/conteudos-gratis\/doencas\/resumo-sobre-clamidia-manifestacoes-clinicas-diagnostico-tratamento-e-mais\/\" \/>\n<meta property=\"og:site_name\" content=\"Estrat\u00e9gia MED\" \/>\n<meta property=\"article:publisher\" content=\"https:\/\/www.facebook.com\/estrategiamed1\" \/>\n<meta property=\"article:published_time\" content=\"2021-10-15T18:57:02+00:00\" \/>\n<meta property=\"article:modified_time\" content=\"2022-06-09T23:32:58+00:00\" \/>\n<meta property=\"og:image\" content=\"https:\/\/cdn.medblog.estrategiaeducacional.com.br\/wp-content\/uploads\/2021\/10\/15155603\/microscope-in-a-laboratory.jpg\" \/>\n\t<meta property=\"og:image:width\" content=\"615\" \/>\n\t<meta property=\"og:image:height\" content=\"407\" \/>\n\t<meta property=\"og:image:type\" content=\"image\/jpeg\" \/>\n<meta name=\"author\" content=\"Gabriela Sarti\" \/>\n<meta name=\"twitter:card\" content=\"summary_large_image\" \/>\n<meta name=\"twitter:creator\" content=\"@estrategiamed_\" \/>\n<meta name=\"twitter:site\" content=\"@estrategiamed_\" \/>\n<meta name=\"twitter:label1\" content=\"Escrito por\" \/>\n\t<meta name=\"twitter:data1\" content=\"Gabriela Sarti\" \/>\n\t<meta name=\"twitter:label2\" content=\"Est. tempo de leitura\" \/>\n\t<meta name=\"twitter:data2\" content=\"4 minutos\" \/>\n<script type=\"application\/ld+json\" class=\"yoast-schema-graph\">{\"@context\":\"https:\/\/schema.org\",\"@graph\":[{\"@type\":\"WebPage\",\"@id\":\"https:\/\/med.estrategia.com\/portal\/conteudos-gratis\/doencas\/resumo-sobre-clamidia-manifestacoes-clinicas-diagnostico-tratamento-e-mais\/\",\"url\":\"https:\/\/med.estrategia.com\/portal\/conteudos-gratis\/doencas\/resumo-sobre-clamidia-manifestacoes-clinicas-diagnostico-tratamento-e-mais\/\",\"name\":\"Resumo sobre Clam\u00eddia: manifesta\u00e7\u00f5es, diagn\u00f3stico, tratamento e mais!\",\"isPartOf\":{\"@id\":\"https:\/\/med.estrategia.com\/portal\/#website\"},\"primaryImageOfPage\":{\"@id\":\"https:\/\/med.estrategia.com\/portal\/conteudos-gratis\/doencas\/resumo-sobre-clamidia-manifestacoes-clinicas-diagnostico-tratamento-e-mais\/#primaryimage\"},\"image\":{\"@id\":\"https:\/\/med.estrategia.com\/portal\/conteudos-gratis\/doencas\/resumo-sobre-clamidia-manifestacoes-clinicas-diagnostico-tratamento-e-mais\/#primaryimage\"},\"thumbnailUrl\":\"https:\/\/med.estrategia.com\/portal\/wp-content\/uploads\/2021\/10\/microscope-in-a-laboratory.jpg\",\"datePublished\":\"2021-10-15T18:57:02+00:00\",\"dateModified\":\"2022-06-09T23:32:58+00:00\",\"author\":{\"@id\":\"https:\/\/med.estrategia.com\/portal\/#\/schema\/person\/20cd8a0e3b5cc13c093b5c8ba6ebd3d9\"},\"description\":\"Quer entender melhor sobre a clam\u00eddia, o que \u00e9, quadro cl\u00ednico, como diagnostar e tratar? Acesse nosso artigo para essas informa\u00e7\u00f5es!\",\"breadcrumb\":{\"@id\":\"https:\/\/med.estrategia.com\/portal\/conteudos-gratis\/doencas\/resumo-sobre-clamidia-manifestacoes-clinicas-diagnostico-tratamento-e-mais\/#breadcrumb\"},\"inLanguage\":\"pt-BR\",\"potentialAction\":[{\"@type\":\"ReadAction\",\"target\":[\"https:\/\/med.estrategia.com\/portal\/conteudos-gratis\/doencas\/resumo-sobre-clamidia-manifestacoes-clinicas-diagnostico-tratamento-e-mais\/\"]}]},{\"@type\":\"ImageObject\",\"inLanguage\":\"pt-BR\",\"@id\":\"https:\/\/med.estrategia.com\/portal\/conteudos-gratis\/doencas\/resumo-sobre-clamidia-manifestacoes-clinicas-diagnostico-tratamento-e-mais\/#primaryimage\",\"url\":\"https:\/\/med.estrategia.com\/portal\/wp-content\/uploads\/2021\/10\/microscope-in-a-laboratory.jpg\",\"contentUrl\":\"https:\/\/med.estrategia.com\/portal\/wp-content\/uploads\/2021\/10\/microscope-in-a-laboratory.jpg\",\"width\":615,\"height\":407,\"caption\":\"clam\u00eddia\"},{\"@type\":\"BreadcrumbList\",\"@id\":\"https:\/\/med.estrategia.com\/portal\/conteudos-gratis\/doencas\/resumo-sobre-clamidia-manifestacoes-clinicas-diagnostico-tratamento-e-mais\/#breadcrumb\",\"itemListElement\":[{\"@type\":\"ListItem\",\"position\":1,\"name\":\"Home\",\"item\":\"https:\/\/med.estrategia.com\/portal\/\"},{\"@type\":\"ListItem\",\"position\":2,\"name\":\"Conte\u00fados Gr\u00e1tis\",\"item\":\"https:\/\/med.estrategia.com\/portal\/conteudos-gratis\/\"},{\"@type\":\"ListItem\",\"position\":3,\"name\":\"Doen\u00e7as\",\"item\":\"https:\/\/med.estrategia.com\/portal\/conteudos-gratis\/doencas\/\"},{\"@type\":\"ListItem\",\"position\":4,\"name\":\"Resumo sobre Clam\u00eddia: manifesta\u00e7\u00f5es cl\u00ednicas, diagn\u00f3stico, tratamento e mais!\"}]},{\"@type\":\"WebSite\",\"@id\":\"https:\/\/med.estrategia.com\/portal\/#website\",\"url\":\"https:\/\/med.estrategia.com\/portal\/\",\"name\":\"Estrat\u00e9gia MED\",\"description\":\"\",\"potentialAction\":[{\"@type\":\"SearchAction\",\"target\":{\"@type\":\"EntryPoint\",\"urlTemplate\":\"https:\/\/med.estrategia.com\/portal\/?s={search_term_string}\"},\"query-input\":{\"@type\":\"PropertyValueSpecification\",\"valueRequired\":true,\"valueName\":\"search_term_string\"}}],\"inLanguage\":\"pt-BR\"},{\"@type\":\"Person\",\"@id\":\"https:\/\/med.estrategia.com\/portal\/#\/schema\/person\/20cd8a0e3b5cc13c093b5c8ba6ebd3d9\",\"name\":\"Gabriela Sarti\",\"image\":{\"@type\":\"ImageObject\",\"inLanguage\":\"pt-BR\",\"@id\":\"https:\/\/med.estrategia.com\/portal\/#\/schema\/person\/image\/\",\"url\":\"https:\/\/secure.gravatar.com\/avatar\/f47abc1cb6c394d01508cb45e36a219b?s=96&d=mm&r=g\",\"contentUrl\":\"https:\/\/secure.gravatar.com\/avatar\/f47abc1cb6c394d01508cb45e36a219b?s=96&d=mm&r=g\",\"caption\":\"Gabriela Sarti\"},\"description\":\"Gabriela Sarti, estudante de Medicina na USP e formada em Direito pela mesma universidade. Sonho em fazer resid\u00eancia em cl\u00ednica m\u00e9dica. Sou apaixonada por gatos e por viajar!\",\"url\":\"https:\/\/med.estrategia.com\/portal\/author\/gabriela-sarti\/\"}]}<\/script>\n<!-- \/ Yoast SEO Premium plugin. -->","yoast_head_json":{"title":"Resumo sobre Clam\u00eddia: manifesta\u00e7\u00f5es, diagn\u00f3stico, tratamento e mais!","description":"Quer entender melhor sobre a clam\u00eddia, o que \u00e9, quadro cl\u00ednico, como diagnostar e tratar? Acesse nosso artigo para essas informa\u00e7\u00f5es!","robots":{"index":"index","follow":"follow","max-snippet":"max-snippet:-1","max-image-preview":"max-image-preview:large","max-video-preview":"max-video-preview:-1"},"canonical":"https:\/\/med.estrategia.com\/portal\/conteudos-gratis\/doencas\/resumo-sobre-clamidia-manifestacoes-clinicas-diagnostico-tratamento-e-mais\/","og_locale":"pt_BR","og_type":"article","og_title":"Resumo sobre Clam\u00eddia: manifesta\u00e7\u00f5es cl\u00ednicas, diagn\u00f3stico, tratamento e mais!","og_description":"Quer entender melhor sobre a clam\u00eddia, o que \u00e9, quadro cl\u00ednico, como diagnostar e tratar? Acesse nosso artigo para essas informa\u00e7\u00f5es!","og_url":"https:\/\/med.estrategia.com\/portal\/conteudos-gratis\/doencas\/resumo-sobre-clamidia-manifestacoes-clinicas-diagnostico-tratamento-e-mais\/","og_site_name":"Estrat\u00e9gia MED","article_publisher":"https:\/\/www.facebook.com\/estrategiamed1","article_published_time":"2021-10-15T18:57:02+00:00","article_modified_time":"2022-06-09T23:32:58+00:00","og_image":[{"width":615,"height":407,"url":"https:\/\/cdn.medblog.estrategiaeducacional.com.br\/wp-content\/uploads\/2021\/10\/15155603\/microscope-in-a-laboratory.jpg","type":"image\/jpeg"}],"author":"Gabriela Sarti","twitter_card":"summary_large_image","twitter_creator":"@estrategiamed_","twitter_site":"@estrategiamed_","twitter_misc":{"Escrito por":"Gabriela Sarti","Est. tempo de leitura":"4 minutos"},"schema":{"@context":"https:\/\/schema.org","@graph":[{"@type":"WebPage","@id":"https:\/\/med.estrategia.com\/portal\/conteudos-gratis\/doencas\/resumo-sobre-clamidia-manifestacoes-clinicas-diagnostico-tratamento-e-mais\/","url":"https:\/\/med.estrategia.com\/portal\/conteudos-gratis\/doencas\/resumo-sobre-clamidia-manifestacoes-clinicas-diagnostico-tratamento-e-mais\/","name":"Resumo sobre Clam\u00eddia: manifesta\u00e7\u00f5es, diagn\u00f3stico, tratamento e mais!","isPartOf":{"@id":"https:\/\/med.estrategia.com\/portal\/#website"},"primaryImageOfPage":{"@id":"https:\/\/med.estrategia.com\/portal\/conteudos-gratis\/doencas\/resumo-sobre-clamidia-manifestacoes-clinicas-diagnostico-tratamento-e-mais\/#primaryimage"},"image":{"@id":"https:\/\/med.estrategia.com\/portal\/conteudos-gratis\/doencas\/resumo-sobre-clamidia-manifestacoes-clinicas-diagnostico-tratamento-e-mais\/#primaryimage"},"thumbnailUrl":"https:\/\/med.estrategia.com\/portal\/wp-content\/uploads\/2021\/10\/microscope-in-a-laboratory.jpg","datePublished":"2021-10-15T18:57:02+00:00","dateModified":"2022-06-09T23:32:58+00:00","author":{"@id":"https:\/\/med.estrategia.com\/portal\/#\/schema\/person\/20cd8a0e3b5cc13c093b5c8ba6ebd3d9"},"description":"Quer entender melhor sobre a clam\u00eddia, o que \u00e9, quadro cl\u00ednico, como diagnostar e tratar? Acesse nosso artigo para essas informa\u00e7\u00f5es!","breadcrumb":{"@id":"https:\/\/med.estrategia.com\/portal\/conteudos-gratis\/doencas\/resumo-sobre-clamidia-manifestacoes-clinicas-diagnostico-tratamento-e-mais\/#breadcrumb"},"inLanguage":"pt-BR","potentialAction":[{"@type":"ReadAction","target":["https:\/\/med.estrategia.com\/portal\/conteudos-gratis\/doencas\/resumo-sobre-clamidia-manifestacoes-clinicas-diagnostico-tratamento-e-mais\/"]}]},{"@type":"ImageObject","inLanguage":"pt-BR","@id":"https:\/\/med.estrategia.com\/portal\/conteudos-gratis\/doencas\/resumo-sobre-clamidia-manifestacoes-clinicas-diagnostico-tratamento-e-mais\/#primaryimage","url":"https:\/\/med.estrategia.com\/portal\/wp-content\/uploads\/2021\/10\/microscope-in-a-laboratory.jpg","contentUrl":"https:\/\/med.estrategia.com\/portal\/wp-content\/uploads\/2021\/10\/microscope-in-a-laboratory.jpg","width":615,"height":407,"caption":"clam\u00eddia"},{"@type":"BreadcrumbList","@id":"https:\/\/med.estrategia.com\/portal\/conteudos-gratis\/doencas\/resumo-sobre-clamidia-manifestacoes-clinicas-diagnostico-tratamento-e-mais\/#breadcrumb","itemListElement":[{"@type":"ListItem","position":1,"name":"Home","item":"https:\/\/med.estrategia.com\/portal\/"},{"@type":"ListItem","position":2,"name":"Conte\u00fados Gr\u00e1tis","item":"https:\/\/med.estrategia.com\/portal\/conteudos-gratis\/"},{"@type":"ListItem","position":3,"name":"Doen\u00e7as","item":"https:\/\/med.estrategia.com\/portal\/conteudos-gratis\/doencas\/"},{"@type":"ListItem","position":4,"name":"Resumo sobre Clam\u00eddia: manifesta\u00e7\u00f5es cl\u00ednicas, diagn\u00f3stico, tratamento e mais!"}]},{"@type":"WebSite","@id":"https:\/\/med.estrategia.com\/portal\/#website","url":"https:\/\/med.estrategia.com\/portal\/","name":"Estrat\u00e9gia MED","description":"","potentialAction":[{"@type":"SearchAction","target":{"@type":"EntryPoint","urlTemplate":"https:\/\/med.estrategia.com\/portal\/?s={search_term_string}"},"query-input":{"@type":"PropertyValueSpecification","valueRequired":true,"valueName":"search_term_string"}}],"inLanguage":"pt-BR"},{"@type":"Person","@id":"https:\/\/med.estrategia.com\/portal\/#\/schema\/person\/20cd8a0e3b5cc13c093b5c8ba6ebd3d9","name":"Gabriela Sarti","image":{"@type":"ImageObject","inLanguage":"pt-BR","@id":"https:\/\/med.estrategia.com\/portal\/#\/schema\/person\/image\/","url":"https:\/\/secure.gravatar.com\/avatar\/f47abc1cb6c394d01508cb45e36a219b?s=96&d=mm&r=g","contentUrl":"https:\/\/secure.gravatar.com\/avatar\/f47abc1cb6c394d01508cb45e36a219b?s=96&d=mm&r=g","caption":"Gabriela Sarti"},"description":"Gabriela Sarti, estudante de Medicina na USP e formada em Direito pela mesma universidade. Sonho em fazer resid\u00eancia em cl\u00ednica m\u00e9dica. Sou apaixonada por gatos e por viajar!","url":"https:\/\/med.estrategia.com\/portal\/author\/gabriela-sarti\/"}]}},"_wl_alt_label":[],"wl:entity_url":"\/post\/resumo-sobre-clamidia-manifestacoes-clinicas-diagnostico-tratamento-e-mais","_links":{"self":[{"href":"https:\/\/med.estrategia.com\/portal\/wp-json\/wp\/v2\/posts\/11932","targetHints":{"allow":["GET"]}}],"collection":[{"href":"https:\/\/med.estrategia.com\/portal\/wp-json\/wp\/v2\/posts"}],"about":[{"href":"https:\/\/med.estrategia.com\/portal\/wp-json\/wp\/v2\/types\/post"}],"author":[{"embeddable":true,"href":"https:\/\/med.estrategia.com\/portal\/wp-json\/wp\/v2\/users\/15"}],"replies":[{"embeddable":true,"href":"https:\/\/med.estrategia.com\/portal\/wp-json\/wp\/v2\/comments?post=11932"}],"version-history":[{"count":6,"href":"https:\/\/med.estrategia.com\/portal\/wp-json\/wp\/v2\/posts\/11932\/revisions"}],"predecessor-version":[{"id":20767,"href":"https:\/\/med.estrategia.com\/portal\/wp-json\/wp\/v2\/posts\/11932\/revisions\/20767"}],"wp:featuredmedia":[{"embeddable":true,"href":"https:\/\/med.estrategia.com\/portal\/wp-json\/wp\/v2\/media\/11933"}],"wp:attachment":[{"href":"https:\/\/med.estrategia.com\/portal\/wp-json\/wp\/v2\/media?parent=11932"}],"wp:term":[{"taxonomy":"category","embeddable":true,"href":"https:\/\/med.estrategia.com\/portal\/wp-json\/wp\/v2\/categories?post=11932"},{"taxonomy":"post_tag","embeddable":true,"href":"https:\/\/med.estrategia.com\/portal\/wp-json\/wp\/v2\/tags?post=11932"},{"taxonomy":"wl_entity_type","embeddable":true,"href":"https:\/\/med.estrategia.com\/portal\/wp-json\/wp\/v2\/wl_entity_type?post=11932"}],"curies":[{"name":"wp","href":"https:\/\/api.w.org\/{rel}","templated":true}]}}