{"id":11976,"date":"2021-10-16T21:03:02","date_gmt":"2021-10-17T00:03:02","guid":{"rendered":"https:\/\/med.estrategiaeducacional.com.br\/blog\/?p=11976"},"modified":"2022-09-05T17:51:53","modified_gmt":"2022-09-05T20:51:53","slug":"reserva-de-vagas-para-as-forcas-armadas","status":"publish","type":"post","link":"https:\/\/med.estrategia.com\/portal\/residencia-medica\/reserva-de-vagas-para-as-forcas-armadas\/","title":{"rendered":"Reserva de vagas para as for\u00e7as armadas em programas de Resid\u00eancia M\u00e9dica: entenda como funciona!"},"content":{"rendered":"<p>Fala, futuro residente m&eacute;dico! Voc&ecirc; se alistou para o servi&ccedil;o militar, pensa em se alistar ou apenas quer saber o que significa as &ldquo;vagas para as for&ccedil;as armadas&rdquo; presentes nos diversos editais para <a href=\"https:\/\/med.estrategia.com\/portal\/category\/residencia-medica\/\" target=\"_blank\">Resid&ecirc;ncia M&eacute;dica<\/a>? Se a resposta para algumas dessas perguntas for sim, voc&ecirc; est&aacute; no lugar certo! Confira tudo sobre a resolu&ccedil;&atilde;o de 2011 envolvendo a reserva de vagas para os candidatos que se alistaram para o ex&eacute;rcito e entenda como todo esse processo funciona.<div id=\"ez-toc-container\" class=\"ez-toc-v2_0_79_2 counter-hierarchy ez-toc-counter ez-toc-transparent ez-toc-container-direction\">\n<div class=\"ez-toc-title-container\"><p class=\"ez-toc-title\" style=\"cursor:inherit\">Navegue pelo conte\u00fado<\/p>\n<\/div><nav><ul class='ez-toc-list ez-toc-list-level-1 ' ><li class='ez-toc-page-1 ez-toc-heading-level-2'><a class=\"ez-toc-link ez-toc-heading-1\" href=\"https:\/\/med.estrategia.com\/portal\/residencia-medica\/reserva-de-vagas-para-as-forcas-armadas\/#O-que-sao-as-vagas-reservadas-para-as-forcas-armadas\" >O que s&atilde;o as vagas reservadas para as for&ccedil;as armadas?<\/a><\/li><li class='ez-toc-page-1 ez-toc-heading-level-2'><a class=\"ez-toc-link ez-toc-heading-2\" href=\"https:\/\/med.estrategia.com\/portal\/residencia-medica\/reserva-de-vagas-para-as-forcas-armadas\/#Como-trancar-a-vaga-para-prestar-servico-militar\" >Como trancar a vaga para prestar servi&ccedil;o militar?<\/a><\/li><li class='ez-toc-page-1 ez-toc-heading-level-2'><a class=\"ez-toc-link ez-toc-heading-3\" href=\"https:\/\/med.estrategia.com\/portal\/residencia-medica\/reserva-de-vagas-para-as-forcas-armadas\/#O-residente-que-presta-servico-militar-continua-recebendo-bolsa\" >O residente que presta servi&ccedil;o militar continua recebendo bolsa?<\/a><\/li><li class='ez-toc-page-1 ez-toc-heading-level-2'><a class=\"ez-toc-link ez-toc-heading-4\" href=\"https:\/\/med.estrategia.com\/portal\/residencia-medica\/reserva-de-vagas-para-as-forcas-armadas\/#As-vagas-nao-poderao-ser-ocupadas-por-nenhum-outro-residente\" >As vagas n&atilde;o poder&atilde;o ser ocupadas por nenhum outro residente?<\/a><\/li><li class='ez-toc-page-1 ez-toc-heading-level-2'><a class=\"ez-toc-link ez-toc-heading-5\" href=\"https:\/\/med.estrategia.com\/portal\/residencia-medica\/reserva-de-vagas-para-as-forcas-armadas\/#Como-funciona-o-reingresso-do-residente-apos-prestar-servico-militar\" >Como funciona o reingresso do residente ap&oacute;s prestar servi&ccedil;o militar?<\/a><\/li><li class='ez-toc-page-1 ez-toc-heading-level-2'><a class=\"ez-toc-link ez-toc-heading-6\" href=\"https:\/\/med.estrategia.com\/portal\/residencia-medica\/reserva-de-vagas-para-as-forcas-armadas\/#Quantas-vagas-podem-ser-reservadas-para-as-forcas-armadas\" >Quantas vagas podem ser reservadas para as for&ccedil;as armadas?<\/a><\/li><li class='ez-toc-page-1 ez-toc-heading-level-2'><a class=\"ez-toc-link ez-toc-heading-7\" href=\"https:\/\/med.estrategia.com\/portal\/residencia-medica\/reserva-de-vagas-para-as-forcas-armadas\/#Vagas-reservadas-para-as-forcas-armadas-das-10-instituicoes-mais-concorridas\" >Vagas reservadas para as for&ccedil;as armadas das 10 institui&ccedil;&otilde;es mais concorridas<\/a><\/li><li class='ez-toc-page-1 ez-toc-heading-level-2'><a class=\"ez-toc-link ez-toc-heading-8\" href=\"https:\/\/med.estrategia.com\/portal\/residencia-medica\/reserva-de-vagas-para-as-forcas-armadas\/#Voce-tambem-pode-se-interessar-por\" >Voc&ecirc; tamb&eacute;m pode se interessar por:<\/a><\/li><\/ul><\/nav><\/div>\n<h2 class=\"wp-block-heading\" id=\"h-o-que-sao-as-vagas-reservadas-para-as-forcas-armadas\"><span class=\"ez-toc-section\" id=\"O-que-sao-as-vagas-reservadas-para-as-forcas-armadas\"><\/span>O que s&atilde;o as vagas reservadas para as for&ccedil;as armadas?<span class=\"ez-toc-section-end\"><\/span><\/h2><p>Em alguns processos seletivos para Resid&ecirc;ncia M&eacute;dica, o <strong>n&uacute;mero de vagas totais <\/strong>disponibilizadas <strong>destoa <\/strong>das que s&atilde;o ofertadas nos programas das especialidades. A explica&ccedil;&atilde;o para isso &eacute; relativamente simples: <strong>algumas das vagas s&atilde;o reservadas para as pessoas que precisam prestar o conhecido servi&ccedil;o militar.<\/strong><\/p><p>Al&eacute;m dos <strong>homens <\/strong>que completam <strong>18 anos de idade<\/strong>, alguns profissionais, como os <strong>m&eacute;dicos<\/strong> que est&atilde;o <strong>prestes a se formar<\/strong>, tamb&eacute;m s&atilde;o obrigados a realizar o alistamento, conforme o artigo n&uacute;mero <a href=\"https:\/\/www.jusbrasil.com.br\/topicos\/11727266\/artigo-4-da-lei-n-5292-de-08-de-junho-de-1967\" target=\"_blank\">4 <\/a>da Lei <a href=\"https:\/\/www.jusbrasil.com.br\/legislacao\/109796\/lei-5292-67\" target=\"_blank\">5.292<\/a>\/67 e Lei <a href=\"https:\/\/www.jusbrasil.com.br\/legislacao\/1025558\/lei-12336-10\" target=\"_blank\">12.336<\/a>\/10.<\/p><p><strong>Mas para qu&ecirc; servem as for&ccedil;as armadas?<\/strong> A resposta &eacute; que elas podem <strong>estimular o desenvolvimento pessoal <\/strong>do m&eacute;dico e proporcionar a ele <strong>experi&ecirc;ncias enriquecedoras<\/strong>, j&aacute; que incentivam o <strong>f&iacute;sico, intelectual e human&iacute;stico <\/strong>do militar atrav&eacute;s da participa&ccedil;&atilde;o em, por exemplo,<strong> miss&otilde;es humanit&aacute;rias<\/strong> &ndash; como os boinas azuis que fazem parte da for&ccedil;a de paz da ONU &ndash; e <strong>cursos na &aacute;rea m&eacute;dica<\/strong> durante o per&iacute;odo de <strong>um ano<\/strong>, o que pode chegar a 18 meses, caso haja interesse do participante.<\/p><p>E com a aprova&ccedil;&atilde;o, o m&eacute;dico pode <strong>escolher <\/strong>o ex&eacute;rcito que deseja ou &eacute; realocado, conforme a necessidade. Por conta do programa <strong>Mais M&eacute;dicos<\/strong>, a libera&ccedil;&atilde;o desse processo pode ser mais f&aacute;cil.<\/p><p>Conforme a <strong>resolu&ccedil;&atilde;o <\/strong>da Comiss&atilde;o Nacional de Resid&ecirc;ncia M&eacute;dica (CNRM) <strong>n&deg; 04, do dia 30 de setembro de 2011,<\/strong> se o profissional aprovado em algum programa de RM tiver que prestar servi&ccedil;o militar, poder&aacute; <strong>trancar a sua matr&iacute;cula por 1 ano<\/strong> para dedicar-se &agrave;s atividades no Ex&eacute;rcito.<\/p><p>Considerando a necessidade de regras para a reserva de vagas para o residente que precisa prestar o servi&ccedil;o militar, o <strong>presidente <\/strong>da CNRM estabeleceu algumas <strong>normas <\/strong>para que isso acontecesse, que est&atilde;o presentes nos<strong> artigos da resolu&ccedil;&atilde;o de 2011. <\/strong>Confira!<\/p><h2 class=\"wp-block-heading\" id=\"h-como-trancar-a-vaga-para-prestar-servico-militar\"><span class=\"ez-toc-section\" id=\"Como-trancar-a-vaga-para-prestar-servico-militar\"><\/span>Como trancar a vaga para prestar servi&ccedil;o militar?<span class=\"ez-toc-section-end\"><\/span><\/h2><p>Segundo o<strong> Art. 2&ordm;<\/strong> da resolu&ccedil;&atilde;o, o<strong> requerimento para o trancamento da matr&iacute;cula<\/strong> &ldquo;dever&aacute; ser formalizado na Comiss&atilde;o de Resid&ecirc;ncia M&eacute;dica &ndash; COREME da institui&ccedil;&atilde;o onde o m&eacute;dico est&aacute; matriculado, em at&eacute; 30 dias consecutivos ap&oacute;s o in&iacute;cio da Resid&ecirc;ncia M&eacute;dica&rdquo;.<\/p><p>Al&eacute;m do m&eacute;dico convocado s&oacute; conseguir solicitar a reserva de sua vaga no <strong>prazo de 30 dias ap&oacute;s o in&iacute;cio da especializa&ccedil;&atilde;o,<\/strong> a COREME dever&aacute; informar &agrave; CNRM o <strong>nome, CPF, programa de resid&ecirc;ncia, data da matr&iacute;cula e o local de incorpora&ccedil;&atilde;o <\/strong>dos residentes com o trancamento da matr&iacute;cula para os servi&ccedil;os militares, por <strong>escrito <\/strong>dentro do prazo para o encerramento das matr&iacute;culas. Al&eacute;m disso, esse pedido deve ser <strong>obrigatoriamente aceito pela institui&ccedil;&atilde;o<\/strong> do programa de resid&ecirc;ncia.<\/p><p>A <strong><a href=\"https:\/\/med.estrategia.com\/portal\/residencia-medica\/programa-de-residencia-medica\/unesp-residencia-medica\/\" target=\"_blank\">UNESP<\/a><\/strong> &eacute; um &oacute;timo exemplo disso, j&aacute;&nbsp; que o participante, para o seu afastamento militar, deve apresentar <strong>documentos de matr&iacute;cula, carta de solicita&ccedil;&atilde;o de afastamento, documento de identifica&ccedil;&atilde;o original e a c&oacute;pia da convoca&ccedil;&atilde;o das for&ccedil;as armadas.<\/strong><\/p><h2 class=\"wp-block-heading\" id=\"h-o-residente-que-presta-servico-militar-continua-recebendo-bolsa\"><span class=\"ez-toc-section\" id=\"O-residente-que-presta-servico-militar-continua-recebendo-bolsa\"><\/span>O residente que presta servi&ccedil;o militar continua recebendo bolsa?<span class=\"ez-toc-section-end\"><\/span><\/h2><p>Segundo o <strong>Art. 3&ordm;<\/strong>, o trancamento de matr&iacute;cula para a presta&ccedil;&atilde;o do servi&ccedil;o militar automaticamente faz com que o m&eacute;dico residente <strong>perca a sua bolsa<\/strong> no devido programa, por&eacute;m, apenas at&eacute; o seu <strong>retorno<\/strong>.&nbsp;<\/p><h2 class=\"wp-block-heading\" id=\"h-as-vagas-nao-poderao-ser-ocupadas-por-nenhum-outro-residente\"><span class=\"ez-toc-section\" id=\"As-vagas-nao-poderao-ser-ocupadas-por-nenhum-outro-residente\"><\/span>As vagas n&atilde;o poder&atilde;o ser ocupadas por nenhum outro residente?<span class=\"ez-toc-section-end\"><\/span><\/h2><p>Como diz o <strong>Art. 4&ordm;<\/strong>, &ldquo;A vaga aberta em decorr&ecirc;ncia do trancamento previsto nesta Resolu&ccedil;&atilde;o ser&aacute; preenchida sempre que houver candidato aprovado al&eacute;m do <strong>limite <\/strong>de vagas previstas em edital, no mesmo processo seletivo e para o mesmo Programa.&rdquo;<\/p><p>Essa condi&ccedil;&atilde;o observar&aacute; rigorosamente toda a classifica&ccedil;&atilde;o do seletivo e, em caso de <strong>desist&ecirc;ncia <\/strong>de algum candidato que reservou a sua vaga, ela ser&aacute; <strong>somada &agrave; quantidade de vagas totais<\/strong> do seletivo e preenchida de acordo com a classifica&ccedil;&atilde;o dos aprovados.<\/p><p>Segundo a <a href=\"http:\/\/www.11rm.eb.mil.br\/\" target=\"_blank\">11&ordm; Regi&atilde;o Militar<\/a>, o m&eacute;dico pode prestar resid&ecirc;ncia durante o servi&ccedil;o militar, caso ela seja <strong>realizada no hospital que ele for designado<\/strong> para as for&ccedil;as armadas. Al&eacute;m disso, o tempo de servi&ccedil;o para os m&eacute;dicos pode ser reduzido em at&eacute; <strong>dois meses<\/strong>, caso apresentem a matr&iacute;cula no curso de resid&ecirc;ncia m&eacute;dica e o <strong>comandante, chefe ou diretor<\/strong> da organiza&ccedil;&atilde;o militar esteja <strong>favor&aacute;vel <\/strong>quanto &agrave; decis&atilde;o.<\/p><h2 class=\"wp-block-heading\" id=\"h-como-funciona-o-reingresso-do-residente-apos-prestar-servico-militar\"><span class=\"ez-toc-section\" id=\"Como-funciona-o-reingresso-do-residente-apos-prestar-servico-militar\"><\/span>Como funciona o reingresso do residente ap&oacute;s prestar servi&ccedil;o militar?<span class=\"ez-toc-section-end\"><\/span><\/h2><p>Segundo o <strong>Art. 6&ordm;<\/strong>, &ldquo;O <strong>reingresso <\/strong>do m&eacute;dico residente com matr&iacute;cula trancada em decorr&ecirc;ncia de presta&ccedil;&atilde;o de Servi&ccedil;o Militar se dar&aacute; mediante <strong>requerimento <\/strong>&agrave; COREME, at&eacute; o dia 30 de julho do ano em que presta Servi&ccedil;o Militar &ndash; ou seja, do ano anterior ao ano de reintegra&ccedil;&atilde;o ao Programa de Resid&ecirc;ncia M&eacute;dica.&rdquo;&nbsp;<\/p><p>Ou seja, o residente poder&aacute; reingressar no programa que passou <strong>at&eacute; o dia 30 de julho do seu &uacute;ltimo ano de servi&ccedil;o militar<\/strong>, para que comece a atuar como residente logo no <strong>pr&oacute;ximo ano<\/strong>. Caso isso n&atilde;o aconte&ccedil;a, o candidato automaticamente <strong>perder&aacute; a sua vaga.<\/strong><\/p><p>J&aacute; para a <strong>rematr&iacute;cula<\/strong>, novamente com a <strong>UNESP <\/strong>de exemplo, o candidato precisa apresentar o <strong>comprovante de presta&ccedil;&atilde;o de servi&ccedil;o militar, quita&ccedil;&atilde;o com a justi&ccedil;a eleitoral, inscri&ccedil;&atilde;o no INSS e outros documentos<\/strong> solicitados pela institui&ccedil;&atilde;o.<\/p><h2 class=\"wp-block-heading\" id=\"h-quantas-vagas-podem-ser-reservadas-para-as-forcas-armadas\"><span class=\"ez-toc-section\" id=\"Quantas-vagas-podem-ser-reservadas-para-as-forcas-armadas\"><\/span>Quantas vagas podem ser reservadas para as for&ccedil;as armadas?<span class=\"ez-toc-section-end\"><\/span><\/h2><p>Conforme o <strong>Art. 1<\/strong> da resolu&ccedil;&atilde;o, &ldquo;todo m&eacute;dico convocado para servir as For&ccedil;as Armadas, matriculado no primeiro ano de Programa de Resid&ecirc;ncia M&eacute;dica credenciado pela Comiss&atilde;o Nacional de Resid&ecirc;ncia M&eacute;dica &ndash; CNRM, poder&aacute; requerer a reserva da vaga em <strong>apenas 1 programa<\/strong> de Resid&ecirc;ncia M&eacute;dica em todo o territ&oacute;rio nacional, pelo <strong>per&iacute;odo de 1 ano<\/strong>.&rdquo;<\/p><p>N&atilde;o h&aacute; problemas tanto para homens quanto mulheres que se alistarem voluntariamente ao servi&ccedil;o militar. Por&eacute;m, a <strong>reserva de vagas s&oacute; &eacute; aceita quando o alistamento &eacute; efetuado antes da matr&iacute;cula <\/strong>no programa de resid&ecirc;ncia m&eacute;dica.<\/p><p>O <strong>n&uacute;mero de vagas reservadas<\/strong> para essa quest&atilde;o n&atilde;o deve, de forma alguma, exceder o <strong>n&uacute;mero de vagas credenciadas <\/strong>para o PRM. Al&eacute;m disso, o candidato classificado em mais de um programa ter&aacute; sua vaga garantida <strong>apenas naquele em que se matricular <\/strong>e &eacute; considerado <strong>desistente <\/strong>pelos demais.<\/p><p>Tamb&eacute;m &eacute; importante ressaltar que, segundo o <strong>Art. 5&ordm;<\/strong>, &ldquo;nenhum programa de Resid&ecirc;ncia M&eacute;dica poder&aacute; ampliar o n&uacute;mero de vagas para reingresso de m&eacute;dico residente que tiver solicitado trancamento de matr&iacute;cula para fins de Servi&ccedil;o Militar.&rdquo;<\/p><p>Isso significa que <strong>a vaga reservada dever&aacute; ser subtra&iacute;da do total de vagas credenciadas e ofertadas.<\/strong> Por isso, esse ponto deve estar especificado no edital do seletivo, caso contr&aacute;rio, a institui&ccedil;&atilde;o sofrer&aacute; as <strong>consequ&ecirc;ncias pela infra&ccedil;&atilde;o<\/strong>, considerando a legisla&ccedil;&atilde;o em vigor.<\/p><h2 class=\"wp-block-heading\" id=\"h-vagas-reservadas-para-as-forcas-armadas-das-10-instituicoes-mais-concorridas\"><span class=\"ez-toc-section\" id=\"Vagas-reservadas-para-as-forcas-armadas-das-10-instituicoes-mais-concorridas\"><\/span>Vagas reservadas para as for&ccedil;as armadas das 10 institui&ccedil;&otilde;es mais concorridas<span class=\"ez-toc-section-end\"><\/span><\/h2><p>Em algumas institui&ccedil;&otilde;es, como a <strong><a href=\"https:\/\/med.estrategia.com\/portal\/residencia-medica\/programa-de-residencia-medica\/psu-mg-residencia-medica\/\" target=\"_blank\">PSU-MG<\/a><\/strong>, ao inv&eacute;s do n&uacute;mero de vagas reservadas para as for&ccedil;as armadas estar presente no edital, &eacute; aberto um r<strong>equerimento de confirma&ccedil;&atilde;o de interesse de vaga<\/strong> reservada para o pr&oacute;ximo processo seletivo, antes da libera&ccedil;&atilde;o do edital. Para a prova de <strong>2022<\/strong>, o documento para o <strong>pedido <\/strong>de vaga foi liberado em <strong>maio de 2021, enquanto o edital saiu apenas em setembro.<\/strong><\/p><p>O Estrat&eacute;gia MED preparou para voc&ecirc; uma tabela com a <strong>quantidade de vagas totais e reservadas <\/strong>de alguns dos <strong>principais seletivos para Resid&ecirc;ncia M&eacute;dica<\/strong>, que j&aacute; tiveram o edital de <strong>2022 <\/strong>liberado, confira!<\/p><figure class=\"wp-block-table is-style-stripes\"><table class=\"has-light-green-cyan-to-vivid-green-cyan-gradient-background has-background\"><thead><tr><th>Institui&ccedil;&otilde;es<\/th><th class=\"has-text-align-center\" data-align=\"center\">Vagas totais<\/th><th class=\"has-text-align-center\" data-align=\"center\">Vagas reserva militar<\/th><th class=\"has-text-align-center\" data-align=\"center\">Especialidades<\/th><\/tr><\/thead><tbody><tr><td>SES-DF<\/td><td class=\"has-text-align-center\" data-align=\"center\">521,00<\/td><td class=\"has-text-align-center\" data-align=\"center\">36,00<\/td><td class=\"has-text-align-center\" data-align=\"center\"><a href=\"https:\/\/med.estrategia.com\/portal\/profissoes-da-medicina\/medicina-intensiva-acesso-direto\/\" target=\"_blank\">Medicina Intensiva<\/a>, Medicina de Emerg&ecirc;ncia, Pediatria, Ortopedia e Traumatologia, Ginecologia e Obstetr&iacute;cia, Neurologia, Medicina da Fam&iacute;lia e Comunidade, Dermatologia, Cl&iacute;nica M&eacute;dica, Anestesiologia, Cirurgia Geral<\/td><\/tr><tr><td>SUS-BA<\/td><td class=\"has-text-align-center\" data-align=\"center\">724,00<\/td><td class=\"has-text-align-center\" data-align=\"center\">10,00<\/td><td class=\"has-text-align-center\" data-align=\"center\">Ortopedia e Traumatologia, Cl&iacute;nica M&eacute;dica, Cirurgia Geral, Endocrinologia e Metabologia<\/td><\/tr><tr><td>UERJ<\/td><td class=\"has-text-align-center\" data-align=\"center\">224,00<\/td><td class=\"has-text-align-center\" data-align=\"center\">16,00<\/td><td class=\"has-text-align-center\" data-align=\"center\">Anestesiologia. <a href=\"https:\/\/med.estrategia.com\/portal\/profissoes-da-medicina\/clinica-medica\/\" target=\"_blank\">Cl&iacute;nica M&eacute;dica<\/a>, Ginecologia e Obstetr&iacute;cia, Medicina da Fam&iacute;lia e Comunidade, Neurologia, Oftalmologia, Otorrinolaringologia, Pediatria, Urologia<\/td><\/tr><tr><td>AMRIGS<\/td><td class=\"has-text-align-center\" data-align=\"center\">1.622,00<\/td><td class=\"has-text-align-center\" data-align=\"center\">92,00<\/td><td class=\"has-text-align-center\" data-align=\"center\">Cl&iacute;nica M&eacute;dica, Ginecologia E Obstetr&iacute;cia, Medicina Intensiva, Radioterapia, Ortopedia e Traumatologia, Medicina de Emerg&ecirc;ncia, <a href=\"https:\/\/med.estrategia.com\/portal\/profissoes-da-medicina\/quanto-ganha-um-cirurgiao-geral\/\" target=\"_blank\">Cirurgia Geral<\/a>, Anestesiologia, Radiologia e Diagn&oacute;stico por Imagem, Psiquiatria, Pediatria, Oftalmologia, Medicina de Fam&iacute;lia e Comunidade, Medicina de Emerg&ecirc;ncia, Dermatologia<\/td><\/tr><tr><td>HIAE<\/td><td class=\"has-text-align-center\" data-align=\"center\">83,00<\/td><td class=\"has-text-align-center\" data-align=\"center\">5,00<\/td><td class=\"has-text-align-center\" data-align=\"center\">Cirurgia Geral, Cl&iacute;nica M&eacute;dica, Ginecologia e Obstetr&iacute;cia, Neurologia, Ortopedia e Traumatologia<\/td><\/tr><tr><td>SURCE<\/td><td class=\"has-text-align-center\" data-align=\"center\">562,00<\/td><td class=\"has-text-align-center\" data-align=\"center\">11,00<\/td><td class=\"has-text-align-center\" data-align=\"center\">Cl&iacute;nica M&eacute;dica, Medicina da Fam&iacute;lia e Comunidade, Ginecologia e Obstetr&iacute;cia, Ortopedia e Traumatologia, Psiquiatria, Cancerologia Cir&uacute;rgica, Mastologia, Neonatologia<\/td><\/tr><tr><td>ENARE<\/td><td class=\"has-text-align-center\" data-align=\"center\">2.474,00<\/td><td class=\"has-text-align-center\" data-align=\"center\">95<\/td><td class=\"has-text-align-center\" data-align=\"center\">Anestesiologia, Cirurgia B&aacute;sica, Cirurgia Geral, Cl&iacute;nica M&eacute;dica, Dermatologia, Gen&eacute;tica M&eacute;dica, Ginecologia, Infectologia, Medicina de Emerg&ecirc;ncia,  Medicina da Fam&iacute;lia e Comunidade, Medicina Intensiva, Neurocirurgia, Oftalmologia, Ortopedia e Traumatologia, <a href=\"https:\/\/med.estrategia.com\/portal\/profissoes-da-medicina\/otorrinolaringologia\/\" target=\"_blank\">Otorrinolaringologia<\/a>, Patologia, Pediatria, Programa de Pr&eacute;-Requisito em &Aacute;rea Cir&uacute;rgica B&aacute;sica, Psiquiatria, Radiologia e Diagn&oacute;stico por Imagem, Cardiologia, Cirurgia Do Aparelho Digestivo, Gastroenterologia, Nefrologia<\/td><\/tr><tr><td>UFRJ<\/td><td class=\"has-text-align-center\" data-align=\"center\">419,00<\/td><td class=\"has-text-align-center\" data-align=\"center\">24<\/td><td class=\"has-text-align-center\" data-align=\"center\"> Anestesiologia, &Aacute;rea Cir&uacute;rgica B&aacute;sica, Cirurgia Geral, Cl&iacute;nica M&eacute;dica, Infectologia, Neurocirurgia, Neurologia, Ginecologia e Obstetr&iacute;cia, Ortopedia e Traumatologia, Otorrinolaringologia, Pediatria, Psiquiatria,<\/td><\/tr><tr><td>UNIFESP<\/td><td class=\"has-text-align-center\" data-align=\"center\">212,00<\/td><td class=\"has-text-align-center\" data-align=\"center\">21<\/td><td class=\"has-text-align-center\" data-align=\"center\">  Anestesiologia, Cirurgia Geral, Cl&iacute;nica M&eacute;dica, Infectologia, Neurologia, Ginecologia e Obstetr&iacute;cia, Oftalmologia, Ortopedia e Traumatologia, Otorrinolaringologia, Radiologia e Diagn&oacute;stico por Imagem  <\/td><\/tr><tr><td>Unicamp<\/td><td class=\"has-text-align-center\" data-align=\"center\"><\/td><td class=\"has-text-align-center\" data-align=\"center\">16<\/td><td class=\"has-text-align-center\" data-align=\"center\">Cirurgia Geral, Cl&iacute;nica M&eacute;dica, <a href=\"https:\/\/med.estrategia.com\/portal\/profissoes-da-medicina\/quanto-ganha-um-neurocirurgiao\/\" target=\"_blank\">Neurocirurgia<\/a>, Ginecologia e Obstetr&iacute;cia, Pediatria, Psiquiatria, Radiologia e Diagn&oacute;stico por Imagem<\/td><\/tr><tr><td>USP SP<\/td><td class=\"has-text-align-center\" data-align=\"center\">732<\/td><td class=\"has-text-align-center\" data-align=\"center\">43<\/td><td class=\"has-text-align-center\" data-align=\"center\">Anestesiologia, Cirurgia Cardiovascular, Cirurgia Geral, Cl&iacute;nica M&eacute;dica, Medicina de Emerg&ecirc;ncia, Medicina Esportiva, Neurologia, Ginecologia e Obstetr&iacute;cia, Ortopedia e Traumatologia, Patologia, <a href=\"https:\/\/med.estrategia.com\/portal\/profissoes-da-medicina\/tudo-sobre-pediatria\/\" target=\"_blank\">Pediatria<\/a>, Radiologia e Diagn&oacute;stico por Imagem<\/td><\/tr><tr><td>USP RP<\/td><td class=\"has-text-align-center\" data-align=\"center\">360<\/td><td class=\"has-text-align-center\" data-align=\"center\"><\/td><td class=\"has-text-align-center\" data-align=\"center\">Cl&iacute;nica M&eacute;dica, Neurologia, Ginecologia e Obstetr&iacute;cia, Oftalmologia, Pediatria, Psiquiatria<\/td><\/tr><tr><td><\/td><td class=\"has-text-align-center\" data-align=\"center\"><\/td><td class=\"has-text-align-center\" data-align=\"center\"><\/td><td class=\"has-text-align-center\" data-align=\"center\"><\/td><\/tr><\/tbody><\/table><\/figure><p>Agora que voc&ecirc; j&aacute; sabe o que s&atilde;o as vagas reservadas presentes nos editais, pode ficar sabendo de ainda mais assuntos interessantes que envolvem a medicina! Para saber mais e conferir todos os nossos artigos, clique aqui e fique por dentro dos artigos que o Estrat&eacute;gia MED prepara para voc&ecirc;!<\/p><p><\/p><p><strong><a id=\"cta\" class=\"cta-imagem\" href=\"https:\/\/med.estrategia.com\/cursos\/extensivo-de-residncia-mdica\/\" target=\"blank\">\n                <img decoding=\"async\" width=\"100%\" src=\"https:\/\/med.estrategia.com\/portal\/wp-content\/uploads\/2025\/08\/extensivo_rm.jpg\" alt=\"Extensivo RM\" title=\"extensivo_rm\">\n        <\/a><\/strong><\/p><h2 class=\"wp-block-heading\" id=\"h-voce-tambem-pode-se-interessar-por\"><span class=\"ez-toc-section\" id=\"Voce-tambem-pode-se-interessar-por\"><\/span><strong>Voc&ecirc; tamb&eacute;m pode se interessar por:<\/strong><span class=\"ez-toc-section-end\"><\/span><\/h2><ul class=\"wp-block-list\"><li><a href=\"https:\/\/med.estrategia.com\/portal\/residencia-medica\/programa-de-residencia-medica\/edital-enare\/\">ENARE 2021: vagas, provas, institui&ccedil;&otilde;es, concorr&ecirc;ncia e mais!<\/a><\/li><li><a href=\"https:\/\/med.estrategia.com\/portal\/aluno-de-medicina\/dicas-de-estudo\/notas-de-corte-residencia-medica\/\" target=\"_blank\">Notas de corte das principais provas de resid&ecirc;ncia m&eacute;dica<\/a><\/li><li><a href=\"https:\/\/med.estrategia.com\/portal\/residencia-medica\/programa-de-residencia-medica\/usp-rp-residencia-medica\/\" target=\"_blank\">Resid&ecirc;ncia m&eacute;dica na USP RP<\/a><\/li><li><a href=\"https:\/\/med.estrategia.com\/portal\/residencia-medica\/programa-de-residencia-medica\/scmrp-residencia-medica\/\" target=\"_blank\">Resid&ecirc;ncia m&eacute;dica na SCMRP<\/a><\/li><li><a href=\"https:\/\/med.estrategia.com\/portal\/residencia-medica\/programa-de-residencia-medica\/sus-sp-residencia-medica\/\" target=\"_blank\">Resid&ecirc;ncia m&eacute;dica do SUS SP<\/a><\/li><\/ul><\/p>\n","protected":false},"excerpt":{"rendered":"Fala, futuro residente m&eacute;dico! Voc&ecirc; se alistou para o servi&ccedil;o militar, pensa em se alistar ou apenas quer&hellip;\n","protected":false},"author":23,"featured_media":11977,"comment_status":"closed","ping_status":"closed","sticky":false,"template":"","format":"standard","meta":{"wl_entities_gutenberg":"","footnotes":""},"categories":[24],"tags":[],"wl_entity_type":[199],"class_list":{"0":"post-11976","1":"post","2":"type-post","3":"status-publish","4":"format-standard","5":"has-post-thumbnail","7":"category-residencia-medica","8":"wl_entity_type-article"},"acf":[],"yoast_head":"<!-- This site is optimized with the Yoast SEO Premium plugin v26.6 (Yoast SEO v26.6) - https:\/\/yoast.com\/wordpress\/plugins\/seo\/ -->\n<title>Reserva de vagas para as for\u00e7as armadas em programas de Resid\u00eancia M\u00e9dica: entenda como funciona!<\/title>\n<meta name=\"description\" content=\"Voc\u00ea sabe o que significa a reserva de vagas para as for\u00e7as armadas nos editais para Resid\u00eancia M\u00e9dica? Saiba tudo sobre o assunto com o EMED\" \/>\n<meta name=\"robots\" content=\"index, follow, max-snippet:-1, max-image-preview:large, max-video-preview:-1\" \/>\n<link rel=\"canonical\" href=\"https:\/\/med.estrategia.com\/portal\/residencia-medica\/reserva-de-vagas-para-as-forcas-armadas\/\" \/>\n<meta property=\"og:locale\" content=\"pt_BR\" \/>\n<meta property=\"og:type\" content=\"article\" \/>\n<meta property=\"og:title\" content=\"Reserva de vagas para as for\u00e7as armadas em programas de Resid\u00eancia M\u00e9dica: entenda como funciona!\" \/>\n<meta property=\"og:description\" content=\"Voc\u00ea sabe o que significa a reserva de vagas para as for\u00e7as armadas nos editais para Resid\u00eancia M\u00e9dica? Saiba tudo sobre o assunto com o EMED\" \/>\n<meta property=\"og:url\" content=\"https:\/\/med.estrategia.com\/portal\/residencia-medica\/reserva-de-vagas-para-as-forcas-armadas\/\" \/>\n<meta property=\"og:site_name\" content=\"Estrat\u00e9gia MED\" \/>\n<meta property=\"article:publisher\" content=\"https:\/\/www.facebook.com\/estrategiamed1\" \/>\n<meta property=\"article:published_time\" content=\"2021-10-17T00:03:02+00:00\" \/>\n<meta property=\"article:modified_time\" content=\"2022-09-05T20:51:53+00:00\" \/>\n<meta property=\"og:image\" content=\"https:\/\/cdn.medblog.estrategiaeducacional.com.br\/wp-content\/uploads\/2021\/10\/15200927\/reserva-vagas-forcas-armadas-scaled.jpg\" \/>\n\t<meta property=\"og:image:width\" content=\"1920\" \/>\n\t<meta property=\"og:image:height\" content=\"1280\" \/>\n\t<meta property=\"og:image:type\" content=\"image\/jpeg\" \/>\n<meta name=\"author\" content=\"Giullyana Aya\" \/>\n<meta name=\"twitter:card\" content=\"summary_large_image\" \/>\n<meta name=\"twitter:creator\" content=\"@estrategiamed_\" \/>\n<meta name=\"twitter:site\" content=\"@estrategiamed_\" \/>\n<meta name=\"twitter:label1\" content=\"Escrito por\" \/>\n\t<meta name=\"twitter:data1\" content=\"Giullyana Aya\" \/>\n\t<meta name=\"twitter:label2\" content=\"Est. tempo de leitura\" \/>\n\t<meta name=\"twitter:data2\" content=\"8 minutos\" \/>\n<script type=\"application\/ld+json\" class=\"yoast-schema-graph\">{\"@context\":\"https:\/\/schema.org\",\"@graph\":[{\"@type\":\"WebPage\",\"@id\":\"https:\/\/med.estrategia.com\/portal\/residencia-medica\/reserva-de-vagas-para-as-forcas-armadas\/\",\"url\":\"https:\/\/med.estrategia.com\/portal\/residencia-medica\/reserva-de-vagas-para-as-forcas-armadas\/\",\"name\":\"Reserva de vagas para as for\u00e7as armadas em programas de Resid\u00eancia M\u00e9dica: entenda como funciona!\",\"isPartOf\":{\"@id\":\"https:\/\/med.estrategia.com\/portal\/#website\"},\"primaryImageOfPage\":{\"@id\":\"https:\/\/med.estrategia.com\/portal\/residencia-medica\/reserva-de-vagas-para-as-forcas-armadas\/#primaryimage\"},\"image\":{\"@id\":\"https:\/\/med.estrategia.com\/portal\/residencia-medica\/reserva-de-vagas-para-as-forcas-armadas\/#primaryimage\"},\"thumbnailUrl\":\"https:\/\/med.estrategia.com\/portal\/wp-content\/uploads\/2021\/10\/reserva-vagas-forcas-armadas-scaled.jpg\",\"datePublished\":\"2021-10-17T00:03:02+00:00\",\"dateModified\":\"2022-09-05T20:51:53+00:00\",\"author\":{\"@id\":\"https:\/\/med.estrategia.com\/portal\/#\/schema\/person\/39bc27121ff6871b2da6addc999c3042\"},\"description\":\"Voc\u00ea sabe o que significa a reserva de vagas para as for\u00e7as armadas nos editais para Resid\u00eancia M\u00e9dica? Saiba tudo sobre o assunto com o EMED\",\"breadcrumb\":{\"@id\":\"https:\/\/med.estrategia.com\/portal\/residencia-medica\/reserva-de-vagas-para-as-forcas-armadas\/#breadcrumb\"},\"inLanguage\":\"pt-BR\",\"potentialAction\":[{\"@type\":\"ReadAction\",\"target\":[\"https:\/\/med.estrategia.com\/portal\/residencia-medica\/reserva-de-vagas-para-as-forcas-armadas\/\"]}]},{\"@type\":\"ImageObject\",\"inLanguage\":\"pt-BR\",\"@id\":\"https:\/\/med.estrategia.com\/portal\/residencia-medica\/reserva-de-vagas-para-as-forcas-armadas\/#primaryimage\",\"url\":\"https:\/\/med.estrategia.com\/portal\/wp-content\/uploads\/2021\/10\/reserva-vagas-forcas-armadas-scaled.jpg\",\"contentUrl\":\"https:\/\/med.estrategia.com\/portal\/wp-content\/uploads\/2021\/10\/reserva-vagas-forcas-armadas-scaled.jpg\",\"width\":1920,\"height\":1280,\"caption\":\"reserva de vagas para as for\u00e7as armadas\"},{\"@type\":\"BreadcrumbList\",\"@id\":\"https:\/\/med.estrategia.com\/portal\/residencia-medica\/reserva-de-vagas-para-as-forcas-armadas\/#breadcrumb\",\"itemListElement\":[{\"@type\":\"ListItem\",\"position\":1,\"name\":\"Home\",\"item\":\"https:\/\/med.estrategia.com\/portal\/\"},{\"@type\":\"ListItem\",\"position\":2,\"name\":\"Resid\u00eancia M\u00e9dica\",\"item\":\"https:\/\/med.estrategia.com\/portal\/residencia-medica\/\"},{\"@type\":\"ListItem\",\"position\":3,\"name\":\"Reserva de vagas para as for\u00e7as armadas em programas de Resid\u00eancia M\u00e9dica: entenda como funciona!\"}]},{\"@type\":\"WebSite\",\"@id\":\"https:\/\/med.estrategia.com\/portal\/#website\",\"url\":\"https:\/\/med.estrategia.com\/portal\/\",\"name\":\"Estrat\u00e9gia MED\",\"description\":\"\",\"potentialAction\":[{\"@type\":\"SearchAction\",\"target\":{\"@type\":\"EntryPoint\",\"urlTemplate\":\"https:\/\/med.estrategia.com\/portal\/?s={search_term_string}\"},\"query-input\":{\"@type\":\"PropertyValueSpecification\",\"valueRequired\":true,\"valueName\":\"search_term_string\"}}],\"inLanguage\":\"pt-BR\"},{\"@type\":\"Person\",\"@id\":\"https:\/\/med.estrategia.com\/portal\/#\/schema\/person\/39bc27121ff6871b2da6addc999c3042\",\"name\":\"Giullyana Aya\",\"image\":{\"@type\":\"ImageObject\",\"inLanguage\":\"pt-BR\",\"@id\":\"https:\/\/med.estrategia.com\/portal\/#\/schema\/person\/image\/\",\"url\":\"https:\/\/secure.gravatar.com\/avatar\/e03c5e93a19836cdc3cf8665aeb365d2?s=96&d=mm&r=g\",\"contentUrl\":\"https:\/\/secure.gravatar.com\/avatar\/e03c5e93a19836cdc3cf8665aeb365d2?s=96&d=mm&r=g\",\"caption\":\"Giullyana Aya\"},\"description\":\"Giullyana, ou Giu, curso Jornalismo na Faculdade C\u00e1sper L\u00edbero e a minha maior paix\u00e3o \u00e9 me expressar atrav\u00e9s da escrita e a m\u00fasica.\",\"url\":\"https:\/\/med.estrategia.com\/portal\/author\/giullyana\/\"}]}<\/script>\n<!-- \/ Yoast SEO Premium plugin. -->","yoast_head_json":{"title":"Reserva de vagas para as for\u00e7as armadas em programas de Resid\u00eancia M\u00e9dica: entenda como funciona!","description":"Voc\u00ea sabe o que significa a reserva de vagas para as for\u00e7as armadas nos editais para Resid\u00eancia M\u00e9dica? Saiba tudo sobre o assunto com o EMED","robots":{"index":"index","follow":"follow","max-snippet":"max-snippet:-1","max-image-preview":"max-image-preview:large","max-video-preview":"max-video-preview:-1"},"canonical":"https:\/\/med.estrategia.com\/portal\/residencia-medica\/reserva-de-vagas-para-as-forcas-armadas\/","og_locale":"pt_BR","og_type":"article","og_title":"Reserva de vagas para as for\u00e7as armadas em programas de Resid\u00eancia M\u00e9dica: entenda como funciona!","og_description":"Voc\u00ea sabe o que significa a reserva de vagas para as for\u00e7as armadas nos editais para Resid\u00eancia M\u00e9dica? Saiba tudo sobre o assunto com o EMED","og_url":"https:\/\/med.estrategia.com\/portal\/residencia-medica\/reserva-de-vagas-para-as-forcas-armadas\/","og_site_name":"Estrat\u00e9gia MED","article_publisher":"https:\/\/www.facebook.com\/estrategiamed1","article_published_time":"2021-10-17T00:03:02+00:00","article_modified_time":"2022-09-05T20:51:53+00:00","og_image":[{"width":1920,"height":1280,"url":"https:\/\/cdn.medblog.estrategiaeducacional.com.br\/wp-content\/uploads\/2021\/10\/15200927\/reserva-vagas-forcas-armadas-scaled.jpg","type":"image\/jpeg"}],"author":"Giullyana Aya","twitter_card":"summary_large_image","twitter_creator":"@estrategiamed_","twitter_site":"@estrategiamed_","twitter_misc":{"Escrito por":"Giullyana Aya","Est. tempo de leitura":"8 minutos"},"schema":{"@context":"https:\/\/schema.org","@graph":[{"@type":"WebPage","@id":"https:\/\/med.estrategia.com\/portal\/residencia-medica\/reserva-de-vagas-para-as-forcas-armadas\/","url":"https:\/\/med.estrategia.com\/portal\/residencia-medica\/reserva-de-vagas-para-as-forcas-armadas\/","name":"Reserva de vagas para as for\u00e7as armadas em programas de Resid\u00eancia M\u00e9dica: entenda como funciona!","isPartOf":{"@id":"https:\/\/med.estrategia.com\/portal\/#website"},"primaryImageOfPage":{"@id":"https:\/\/med.estrategia.com\/portal\/residencia-medica\/reserva-de-vagas-para-as-forcas-armadas\/#primaryimage"},"image":{"@id":"https:\/\/med.estrategia.com\/portal\/residencia-medica\/reserva-de-vagas-para-as-forcas-armadas\/#primaryimage"},"thumbnailUrl":"https:\/\/med.estrategia.com\/portal\/wp-content\/uploads\/2021\/10\/reserva-vagas-forcas-armadas-scaled.jpg","datePublished":"2021-10-17T00:03:02+00:00","dateModified":"2022-09-05T20:51:53+00:00","author":{"@id":"https:\/\/med.estrategia.com\/portal\/#\/schema\/person\/39bc27121ff6871b2da6addc999c3042"},"description":"Voc\u00ea sabe o que significa a reserva de vagas para as for\u00e7as armadas nos editais para Resid\u00eancia M\u00e9dica? Saiba tudo sobre o assunto com o EMED","breadcrumb":{"@id":"https:\/\/med.estrategia.com\/portal\/residencia-medica\/reserva-de-vagas-para-as-forcas-armadas\/#breadcrumb"},"inLanguage":"pt-BR","potentialAction":[{"@type":"ReadAction","target":["https:\/\/med.estrategia.com\/portal\/residencia-medica\/reserva-de-vagas-para-as-forcas-armadas\/"]}]},{"@type":"ImageObject","inLanguage":"pt-BR","@id":"https:\/\/med.estrategia.com\/portal\/residencia-medica\/reserva-de-vagas-para-as-forcas-armadas\/#primaryimage","url":"https:\/\/med.estrategia.com\/portal\/wp-content\/uploads\/2021\/10\/reserva-vagas-forcas-armadas-scaled.jpg","contentUrl":"https:\/\/med.estrategia.com\/portal\/wp-content\/uploads\/2021\/10\/reserva-vagas-forcas-armadas-scaled.jpg","width":1920,"height":1280,"caption":"reserva de vagas para as for\u00e7as armadas"},{"@type":"BreadcrumbList","@id":"https:\/\/med.estrategia.com\/portal\/residencia-medica\/reserva-de-vagas-para-as-forcas-armadas\/#breadcrumb","itemListElement":[{"@type":"ListItem","position":1,"name":"Home","item":"https:\/\/med.estrategia.com\/portal\/"},{"@type":"ListItem","position":2,"name":"Resid\u00eancia M\u00e9dica","item":"https:\/\/med.estrategia.com\/portal\/residencia-medica\/"},{"@type":"ListItem","position":3,"name":"Reserva de vagas para as for\u00e7as armadas em programas de Resid\u00eancia M\u00e9dica: entenda como funciona!"}]},{"@type":"WebSite","@id":"https:\/\/med.estrategia.com\/portal\/#website","url":"https:\/\/med.estrategia.com\/portal\/","name":"Estrat\u00e9gia MED","description":"","potentialAction":[{"@type":"SearchAction","target":{"@type":"EntryPoint","urlTemplate":"https:\/\/med.estrategia.com\/portal\/?s={search_term_string}"},"query-input":{"@type":"PropertyValueSpecification","valueRequired":true,"valueName":"search_term_string"}}],"inLanguage":"pt-BR"},{"@type":"Person","@id":"https:\/\/med.estrategia.com\/portal\/#\/schema\/person\/39bc27121ff6871b2da6addc999c3042","name":"Giullyana Aya","image":{"@type":"ImageObject","inLanguage":"pt-BR","@id":"https:\/\/med.estrategia.com\/portal\/#\/schema\/person\/image\/","url":"https:\/\/secure.gravatar.com\/avatar\/e03c5e93a19836cdc3cf8665aeb365d2?s=96&d=mm&r=g","contentUrl":"https:\/\/secure.gravatar.com\/avatar\/e03c5e93a19836cdc3cf8665aeb365d2?s=96&d=mm&r=g","caption":"Giullyana Aya"},"description":"Giullyana, ou Giu, curso Jornalismo na Faculdade C\u00e1sper L\u00edbero e a minha maior paix\u00e3o \u00e9 me expressar atrav\u00e9s da escrita e a m\u00fasica.","url":"https:\/\/med.estrategia.com\/portal\/author\/giullyana\/"}]}},"_wl_alt_label":[],"wl:entity_url":"\/post\/reserva-de-vagas-para-as-forcas-armadas","_links":{"self":[{"href":"https:\/\/med.estrategia.com\/portal\/wp-json\/wp\/v2\/posts\/11976","targetHints":{"allow":["GET"]}}],"collection":[{"href":"https:\/\/med.estrategia.com\/portal\/wp-json\/wp\/v2\/posts"}],"about":[{"href":"https:\/\/med.estrategia.com\/portal\/wp-json\/wp\/v2\/types\/post"}],"author":[{"embeddable":true,"href":"https:\/\/med.estrategia.com\/portal\/wp-json\/wp\/v2\/users\/23"}],"replies":[{"embeddable":true,"href":"https:\/\/med.estrategia.com\/portal\/wp-json\/wp\/v2\/comments?post=11976"}],"version-history":[{"count":8,"href":"https:\/\/med.estrategia.com\/portal\/wp-json\/wp\/v2\/posts\/11976\/revisions"}],"predecessor-version":[{"id":25124,"href":"https:\/\/med.estrategia.com\/portal\/wp-json\/wp\/v2\/posts\/11976\/revisions\/25124"}],"wp:featuredmedia":[{"embeddable":true,"href":"https:\/\/med.estrategia.com\/portal\/wp-json\/wp\/v2\/media\/11977"}],"wp:attachment":[{"href":"https:\/\/med.estrategia.com\/portal\/wp-json\/wp\/v2\/media?parent=11976"}],"wp:term":[{"taxonomy":"category","embeddable":true,"href":"https:\/\/med.estrategia.com\/portal\/wp-json\/wp\/v2\/categories?post=11976"},{"taxonomy":"post_tag","embeddable":true,"href":"https:\/\/med.estrategia.com\/portal\/wp-json\/wp\/v2\/tags?post=11976"},{"taxonomy":"wl_entity_type","embeddable":true,"href":"https:\/\/med.estrategia.com\/portal\/wp-json\/wp\/v2\/wl_entity_type?post=11976"}],"curies":[{"name":"wp","href":"https:\/\/api.w.org\/{rel}","templated":true}]}}