{"id":13395,"date":"2021-11-08T14:58:33","date_gmt":"2021-11-08T17:58:33","guid":{"rendered":"https:\/\/med.estrategiaeducacional.com.br\/blog\/?p=13395"},"modified":"2022-09-13T10:54:17","modified_gmt":"2022-09-13T13:54:17","slug":"formol-em-alisantes-capilares","status":"publish","type":"post","link":"https:\/\/med.estrategia.com\/portal\/atualidades\/formol-em-alisantes-capilares\/","title":{"rendered":"O perigo do uso de formol em alisantes capilares"},"content":{"rendered":"<p>Desde 17 de junho de 2009, a Ag&ecirc;ncia Nacional de Vigil&acirc;ncia Sanit&aacute;ria (Anvisa) <a href=\"https:\/\/bvsms.saude.gov.br\/bvs\/saudelegis\/anvisa\/2009\/res0036_17_06_2009.html\" target=\"_blank\">proibiu o <strong>uso de formol em alisantes capilares<\/strong><\/a>. Ainda assim, no ano de 2021, na cidade de Ferraz de Vasconcelos, em S&atilde;o Paulo, <strong>uma garota de 9 anos passou 21 dias internada ap&oacute;s ser acometida pela progressiva com formol<\/strong>, como &eacute; popularmente chamada.<p>O Estrat&eacute;gia MED est&aacute; aqui para explicar da melhor forma poss&iacute;vel quais s&atilde;o os riscos que a subst&acirc;ncia traz &agrave; sa&uacute;de, al&eacute;m de elucidar qual &eacute; o seu prop&oacute;sito e o porqu&ecirc; da proibi&ccedil;&atilde;o de seu uso entre o ramo de cosm&eacute;ticos.&nbsp;<\/p><div id=\"ez-toc-container\" class=\"ez-toc-v2_0_79_2 counter-hierarchy ez-toc-counter ez-toc-transparent ez-toc-container-direction\">\n<div class=\"ez-toc-title-container\"><p class=\"ez-toc-title\" style=\"cursor:inherit\">Navegue pelo conte\u00fado<\/p>\n<\/div><nav><ul class='ez-toc-list ez-toc-list-level-1 ' ><li class='ez-toc-page-1 ez-toc-heading-level-2'><a class=\"ez-toc-link ez-toc-heading-1\" href=\"https:\/\/med.estrategia.com\/portal\/atualidades\/formol-em-alisantes-capilares\/#O-que-e-Formol\" >O que &eacute; Formol?<\/a><\/li><li class='ez-toc-page-1 ez-toc-heading-level-2'><a class=\"ez-toc-link ez-toc-heading-2\" href=\"https:\/\/med.estrategia.com\/portal\/atualidades\/formol-em-alisantes-capilares\/#Formol-em-produtos-capilares\" >Formol em produtos capilares<\/a><\/li><\/ul><\/nav><\/div>\n<h2 class=\"wp-block-heading\" id=\"h-o-que-e-formol\"><span class=\"ez-toc-section\" id=\"O-que-e-Formol\"><\/span>O que &eacute; Formol?<span class=\"ez-toc-section-end\"><\/span><\/h2><p>O Metanal, formalde&iacute;do, formalina ou formol, como &eacute; popularmente conhecido, nada mais &eacute; do que o menor <strong>alde&iacute;do<\/strong> &ndash; composto org&acirc;nico caracterizado pela presen&ccedil;a do grupo carbonila ligado a um hidrog&ecirc;nio &ndash;<strong> que existe atualmente, <\/strong>sua f&oacute;rmula molecular &eacute;:<strong> H<\/strong><strong><sub>2<\/sub><\/strong><strong>CO<\/strong>.&nbsp;<\/p><p>Mas, fique atento! S&oacute; chamamos o Formol por esse nome, quando o composto org&acirc;nico (Metanal) tem sua solu&ccedil;&atilde;o gasosa dissolvida em &aacute;gua a 45%.<\/p><p>Essa subst&acirc;ncia &eacute; <strong>altamente t&oacute;xica<\/strong>, al&eacute;m de ser <strong>muito inflam&aacute;vel<\/strong>. Dessa forma, ela consegue se juntar com facilidade a outros compostos org&acirc;nicos, o que gera outros poluentes e produtos qu&iacute;micos.<\/p><p>O Formol est&aacute; presente nos mais diversos produtos usados no dia a dia, como em adesivos, carpetes, cigarros, conservantes, cosm&eacute;ticos, desinfetantes, espelhos, explosivos, isolantes el&eacute;tricos, resinas sint&eacute;ticas, tintas, pl&aacute;sticos, vidros, materiais de constru&ccedil;&atilde;o, m&oacute;veis, entre outros. H&aacute; uma lista gigante de materiais que possuem essa subst&acirc;ncia, por&eacute;m nosso foco aqui &eacute; em <strong>cosm&eacute;ticos<\/strong>, mais precisamente naqueles usados em cabelos, como os produtos de <strong>alisamento capilar<\/strong>. Continue no texto para entender melhor a problem&aacute;tica do uso de formol na ind&uacute;stria da beleza.<\/p><h2 class=\"wp-block-heading\" id=\"h-formol-em-produtos-capilares\"><span class=\"ez-toc-section\" id=\"Formol-em-produtos-capilares\"><\/span>Formol em produtos capilares<span class=\"ez-toc-section-end\"><\/span><\/h2><p>Antes de tudo, precisamos entender como o formol age nos alisantes capilares, j&aacute; que essa subst&acirc;ncia faz com que a <strong>estrutura qu&iacute;mica capilar seja modificada<\/strong>. <strong>O professor do Estrat&eacute;gia MED e dermatologista, Bruno Souza<\/strong>, explica que o formol em si n&atilde;o alisa o cabelo, &eacute; necess&aacute;rio que ele seja aquecido, para a&nbsp; subst&acirc;ncia se <strong>polimerizar<\/strong>: <em>&ldquo;&eacute; como se ele virasse um pl&aacute;stico&rdquo;<\/em>, explica o professor.&nbsp;<\/p><p>Ou seja, o formol aquecido, ligado &agrave;s prote&iacute;nas da cut&iacute;cula e aos amino&aacute;cidos hidrolisados da solu&ccedil;&atilde;o de queratina, faz com que o fio fique &ldquo;plastificado&rdquo;, tornando-o imperme&aacute;vel (n&atilde;o sendo poss&iacute;vel nutrir o cabelo), r&iacute;gido, fr&aacute;gil e liso.&nbsp;<\/p><h3 class=\"wp-block-heading\" id=\"h-consequencia-do-uso-do-formol\">Consequ&ecirc;ncia do uso do formol<\/h3><p>O formalde&iacute;do &eacute; uma subst&acirc;ncia com elevado n&iacute;vel de toxicidade, uma vez que ele &eacute; facilmente absorvido pelo trato gastrointestinal, resp irat&oacute;rio e metab&oacute;lico. Al&eacute;m do seu uso ter sido proibido pela Anvisa (apenas 0,2% &eacute; liberado), em 2009, o Formol tamb&eacute;m foi considerado pela Organiza&ccedil;&atilde;o Mundial da Sa&uacute;de (OMS), em 2004, uma <strong>subst&acirc;ncia cancer&iacute;gena<\/strong>, relacionada com o aparecimento de <a href=\"https:\/\/med.estrategia.com\/portal\/aluno-de-medicina\/dicas-de-estudo\/cancer-de-boca\/\" target=\"_blank\">tumores na boca<\/a>, na faringe, na laringe, no nariz e na traqueia.&nbsp;<\/p><p>Dito isso, s&atilde;o in&uacute;meras as consequ&ecirc;ncias que essa subst&acirc;ncia pode causar no corpo humano. Vamos a algumas delas:<\/p><ul class=\"wp-block-list\"><li><strong>Ao entrar em contato com a pele:<\/strong> coceira, descama&ccedil;&atilde;o, dor, irrita&ccedil;&atilde;o, vermelhid&atilde;o e queimaduras.<\/li><li><strong>Ao entrar em contato com os olhos:<\/strong> dor, irrita&ccedil;&atilde;o, vermelhid&atilde;o, lacrimejamento, vis&atilde;o emba&ccedil;ada e at&eacute; mesmo danos irrevers&iacute;veis, quando o contato se d&aacute; em grande propor&ccedil;&atilde;o.<\/li><li><strong>Ao ser inalado:<\/strong> dor de cabe&ccedil;a, dor de garganta, enjoo, irrita&ccedil;&atilde;o no nariz, falta de ar, irrita&ccedil;&atilde;o e sensibiliza&ccedil;&atilde;o do trato respirat&oacute;rio. Fora isso, em casos mais graves pode-se encontrar ferimentos mais atenuados nas vias respirat&oacute;rias, podendo levar a um ao edema pulmonar ou pneumonia.<\/li><li><strong>Ao ser aplicado como alisante capilar:<\/strong> pode causar queda e quebra do cabelo, dependendo da concentra&ccedil;&atilde;o do produto.<\/li><li><strong>Contato Cr&ocirc;nico:<\/strong> se o indiv&iacute;duo est&aacute; em repetida exposi&ccedil;&atilde;o ao formol, pode-se ter, como consequ&ecirc;ncia, fragilidade da vis&atilde;o, rea&ccedil;&atilde;o al&eacute;rgica e aumento do f&iacute;gado. Em casos mais graves, pode levar ao <a href=\"https:\/\/med.estrategia.com\/portal\/aluno-de-medicina\/cancer-de-pulmao\/\" target=\"_blank\">c&acirc;ncer no sistema respirat&oacute;rio<\/a> e leucemia.<\/li><\/ul><p>Caso o paciente comece a sentir um desses sintomas, o professor do Estrat&eacute;gia MED alerta: <em>&ldquo;O uso do produto deve ser interrompido imediatamente. Em seguida, &eacute; necess&aacute;rio procurar um hospital para que o especialista investigue se est&aacute; ocorrendo uma rea&ccedil;&atilde;o al&eacute;rgica mais grave. N&atilde;o &eacute; recomendado nenhum tipo de automedica&ccedil;&atilde;o, j&aacute; que n&atilde;o se sabe que tipo de rea&ccedil;&atilde;o que o paciente est&aacute; sofrendo&rdquo;.<\/em><\/p><p>Al&eacute;m desses casos, &eacute; de extrema import&acirc;ncia lembrar que o <strong>uso de alisantes em crian&ccedil;as, mulheres gr&aacute;vidas ou em lactantes &eacute; estritamente proibido<\/strong>, j&aacute; que ainda n&atilde;o foram descobertos, por meio de estudos, todos os riscos que podem ser causados a esse p&uacute;blico.<\/p><p>Devido a essas consequ&ecirc;ncias, a <a href=\"https:\/\/www.sbd.org.br\/\" target=\"_blank\">Sociedade Brasileira de Dermatologia (SBD)<\/a> j&aacute; alegou que o uso do formol em procedimentos capilares &eacute; uma quest&atilde;o de <strong>Sa&uacute;de P&uacute;blica<\/strong>, uma vez que a popula&ccedil;&atilde;o est&aacute; inserida nesse mundo de alisamento capilar e utiliza&ccedil;&atilde;o de produtos qu&iacute;micos para alterar a forma do cabelo. Por isso, os especialistas alertam que &eacute; essencial que as pessoas saibam os riscos que correm ao passar por essas t&eacute;cnicas de alisamento.<\/p><h3 class=\"wp-block-heading\" id=\"h-como-se-prevenir-das-consequencias-do-formol\">Como se prevenir das consequ&ecirc;ncias do formol?<\/h3><p>&Eacute; importante ressaltar que diversos estabelecimentos que oferecem o servi&ccedil;o de alisamento capilar tentam enganar o cliente, utilizando os mais diversos nomes, para as pessoas pensarem que n&atilde;o h&aacute; formol no produto utilizado. Ent&atilde;o, n&atilde;o se engane, porque procedimentos como <strong>botox capilar, escova russa, escova marroquina, escova eg&iacute;pcia, escova de chocolate, selagem e blindagem possuem, em sua f&oacute;rmula, formol ou derivados<\/strong>. Por isso, preste muita aten&ccedil;&atilde;o nos sintomas que descrevemos acima quando estiver em contato com esses alisantes. O formol possui um cheiro bem forte e espec&iacute;fico, por isso, leia os r&oacute;tulos e pesquise sobre o produto que est&aacute; sendo usado.&nbsp;<\/p><p>Para te ajudar nessa preven&ccedil;&atilde;o, a SBD separou algumas das subst&acirc;ncias que s&atilde;o utilizadas em alisantes capilares e apontou qual &eacute; a sua situa&ccedil;&atilde;o diante da Anvisa. Confira os detalhes na tabela abaixo:<\/p><figure class=\"wp-block-table is-style-stripes\"><table class=\"has-background\" style=\"background-color:#d7eaec\"><thead><tr><th><strong>Subst&acirc;ncia<\/strong><\/th><th><strong>Nome que consta no r&oacute;tulo<\/strong><\/th><th><strong>Situa&ccedil;&atilde;o na Anvisa<\/strong><\/th><\/tr><\/thead><tbody><tr><td>&Aacute;cido Tioglic&oacute;lico, seus Sais e &Eacute;steres<\/td><td>p. ex. Thioglycolic Acid<\/td><td>Liberada<\/td><\/tr><tr><td>Hidr&oacute;xido de C&aacute;lcio + Sal de Guanidina<\/td><td>Calcium Hydroxide + Guanidine Carbonate<\/td><td>Liberada<\/td><\/tr><tr><td>Hidr&oacute;xido de S&oacute;dio, Pot&aacute;ssio ou L&iacute;tio<\/td><td>Sodium Hydroxide; Potassium Hydroxide; Lithium Hydroxide<\/td><td>Liberada<\/td><\/tr><tr><td>Sulfitos e Bissulfitos Inorg&acirc;nicos<\/td><td>Potassium Sulfite; Sodium Bissulfite<\/td><td>Liberada<\/td><\/tr><tr><td>Cisteamina HCL<\/td><td>Cysteamine HCL<\/td><td>Antes permitida, agora em an&aacute;lise<\/td><\/tr><tr><td>Ciste&iacute;na HCL<\/td><td>Cysteine HCL<\/td><td>Antes permitida, agora em an&aacute;lise<\/td><\/tr><tr><td>Glioxiloil de Amino&aacute;cidos da Queratina e Carbociste&iacute;na<\/td><td>Glyoxyloyl Carbocysteine + Glyoxyloyl Keratin Aminoacids<\/td><td>Antes permitida, agora em an&aacute;lise<\/td><\/tr><tr><td>&Aacute;cido Gliox&iacute;lico<\/td><td>Glyoxylic Acid<\/td><td>Em an&aacute;lise<\/td><\/tr><tr><td>Glioxiloil de Prote&iacute;na de Trigo Hidrolisada e Sericina<\/td><td>Glyoxyloyl Hydrolyzed Wheat Protein\/Sericin<\/td><td>Em an&aacute;lise<\/td><\/tr><tr><td>Pirogalol<\/td><td>Pyrogallol<\/td><td>Em an&aacute;lise como alisante, liberada como corante de oxida&ccedil;&atilde;o para cabelos<\/td><\/tr><tr><td>Formol<\/td><td>Formaldehyde<\/td><td>Proibido<\/td><\/tr><tr><td>Glutaralde&iacute;do<\/td><td>Gluratal<\/td><td>Proibido<\/td><\/tr><\/tbody><\/table><figcaption>Fonte: Sociedade Brasileira de Dermatologia, 2019<\/figcaption><\/figure><p>O professor Bruno Souza explica que essas primeiras subst&acirc;ncias s&atilde;o liberadas, primeiro, porque h&aacute; <strong>estudos que comprovam a inexist&ecirc;ncia de danos a longo prazo<\/strong>, al&eacute;m de elas n&atilde;o serem subst&acirc;ncias cancer&iacute;genas.<\/p><blockquote class=\"wp-block-quote is-style-default is-layout-flow wp-block-quote-is-layout-flow\"><p><em>&ldquo;O mecanismo de a&ccedil;&atilde;o dessas subst&acirc;ncias &eacute; diferente, elas n&atilde;o fazem essa plastifica&ccedil;&atilde;o do cabelo, o que elas fazem, principalmente o &Aacute;cido Tioglic&oacute;lico e os Hidr&oacute;xidos, &eacute; quebrar algumas estruturas que temos nos fios, chamamos de pontes de sulfeto &ndash; respons&aacute;veis por manter a estrutura do cabelo. Esses alisantes entram na camada mais externa, a cut&iacute;cula, e atingem a parte mais interna, o c&oacute;rtex, em seguida, quebram essas pontes, tornando o fio mais male&aacute;vel, o que nos possibilita mold&aacute;-lo na maneira desejada. Ap&oacute;s esse processo, &eacute; utilizado um shampoo &aacute;cido para fechar a cut&iacute;cula, mantendo o cabelo daquele formato&rdquo;.<\/em><\/p><\/blockquote><p>Por fim, mesmo que esses alisantes n&atilde;o sejam t&atilde;o prejudiciais &agrave; sa&uacute;de e ao cabelo, como o formol, especialistas, como o professor Bruno Souza, n&atilde;o aconselham nenhum m&eacute;todo de modifica&ccedil;&atilde;o do cabelo, inclusive os meios por fonte de calor, uma vez que eles enfraquecem o fio e podem causar danos irrevers&iacute;veis. Mas, nosso professor EMED explica:<\/p><blockquote class=\"wp-block-quote is-layout-flow wp-block-quote-is-layout-flow\"><p><em>&ldquo;N&atilde;o h&aacute; como falarmos de alisamento capilar e n&atilde;o associarmos ao padr&atilde;o de beleza, o que &eacute; imposto pela sociedade. Felizmente, isso vem mudando, muitos dos meus pacientes vem com o novo padr&atilde;o de cabelo, o natural, e eu os encorajo nesse processo&rdquo;.<\/em><\/p><\/blockquote><p>E ent&atilde;o, voc&ecirc; j&aacute; sabia quais eram os riscos trazidos pelo Formol em alisantes capilares? No blog do Estrat&eacute;gia MED voc&ecirc; encontra artigos como esse, que abordam os diversos temas da &aacute;rea da sa&uacute;de e suas atualidades, al&eacute;m de textos que falam sobre as Resid&ecirc;ncias M&eacute;dicas, o Revalida e os conte&uacute;dos t&eacute;cnicos. N&atilde;o perca mais tempo, vem ser coruja e fique cada vez mais pr&oacute;ximo de sua t&atilde;o sonhada aprova&ccedil;&atilde;o!<\/p><p><\/p><p><strong><a id=\"cta\" class=\"cta-imagem\" href=\"https:\/\/med.estrategia.com\/cursos\/extensivo-de-residncia-mdica\/\" target=\"blank\">\n                <img decoding=\"async\" width=\"100%\" src=\"https:\/\/med.estrategia.com\/portal\/wp-content\/uploads\/2025\/08\/extensivo_rm.jpg\" alt=\"Extensivo RM\" title=\"extensivo_rm\">\n        <\/a><\/strong><\/p><\/p>\n","protected":false},"excerpt":{"rendered":"Desde 17 de junho de 2009, a Ag&ecirc;ncia Nacional de Vigil&acirc;ncia Sanit&aacute;ria (Anvisa) proibiu o uso de formol&hellip;\n","protected":false},"author":10,"featured_media":13396,"comment_status":"closed","ping_status":"closed","sticky":false,"template":"","format":"standard","meta":{"wl_entities_gutenberg":"","footnotes":""},"categories":[32],"tags":[],"wl_entity_type":[199],"class_list":{"0":"post-13395","1":"post","2":"type-post","3":"status-publish","4":"format-standard","5":"has-post-thumbnail","7":"category-atualidades","8":"wl_entity_type-article"},"acf":[],"yoast_head":"<!-- This site is optimized with the Yoast SEO Premium plugin v26.6 (Yoast SEO v26.6) - https:\/\/yoast.com\/wordpress\/plugins\/seo\/ -->\n<title>O perigo do uso de formol em alisantes capilares<\/title>\n<meta name=\"description\" content=\"Voc\u00ea sabe o que \u00e9 o formol e quais s\u00e3o as consequ\u00eancias de seu uso em alisantes capilares? O Estrat\u00e9gia MED te explica tudo sobre o assunto!\" \/>\n<meta name=\"robots\" content=\"index, follow, max-snippet:-1, max-image-preview:large, max-video-preview:-1\" \/>\n<link rel=\"canonical\" href=\"https:\/\/med.estrategia.com\/portal\/atualidades\/formol-em-alisantes-capilares\/\" \/>\n<meta property=\"og:locale\" content=\"pt_BR\" \/>\n<meta property=\"og:type\" content=\"article\" \/>\n<meta property=\"og:title\" content=\"O perigo do uso de formol em alisantes capilares\" \/>\n<meta property=\"og:description\" content=\"Voc\u00ea sabe o que \u00e9 o formol e quais s\u00e3o as consequ\u00eancias de seu uso em alisantes capilares? O Estrat\u00e9gia MED te explica tudo sobre o assunto!\" \/>\n<meta property=\"og:url\" content=\"https:\/\/med.estrategia.com\/portal\/atualidades\/formol-em-alisantes-capilares\/\" \/>\n<meta property=\"og:site_name\" content=\"Estrat\u00e9gia MED\" \/>\n<meta property=\"article:publisher\" content=\"https:\/\/www.facebook.com\/estrategiamed1\" \/>\n<meta property=\"article:published_time\" content=\"2021-11-08T17:58:33+00:00\" \/>\n<meta property=\"article:modified_time\" content=\"2022-09-13T13:54:17+00:00\" \/>\n<meta property=\"og:image\" content=\"https:\/\/cdn.medblog.estrategiaeducacional.com.br\/wp-content\/uploads\/2021\/11\/05133509\/formol-em-alisantes-capilares.jpg\" \/>\n\t<meta property=\"og:image:width\" content=\"960\" \/>\n\t<meta property=\"og:image:height\" content=\"540\" \/>\n\t<meta property=\"og:image:type\" content=\"image\/jpeg\" \/>\n<meta name=\"author\" content=\"Beatriz Testa\" \/>\n<meta name=\"twitter:card\" content=\"summary_large_image\" \/>\n<meta name=\"twitter:creator\" content=\"@estrategiamed_\" \/>\n<meta name=\"twitter:site\" content=\"@estrategiamed_\" \/>\n<meta name=\"twitter:label1\" content=\"Escrito por\" \/>\n\t<meta name=\"twitter:data1\" content=\"Beatriz Testa\" \/>\n\t<meta name=\"twitter:label2\" content=\"Est. tempo de leitura\" \/>\n\t<meta name=\"twitter:data2\" content=\"7 minutos\" \/>\n<script type=\"application\/ld+json\" class=\"yoast-schema-graph\">{\"@context\":\"https:\/\/schema.org\",\"@graph\":[{\"@type\":\"WebPage\",\"@id\":\"https:\/\/med.estrategia.com\/portal\/atualidades\/formol-em-alisantes-capilares\/\",\"url\":\"https:\/\/med.estrategia.com\/portal\/atualidades\/formol-em-alisantes-capilares\/\",\"name\":\"O perigo do uso de formol em alisantes capilares\",\"isPartOf\":{\"@id\":\"https:\/\/med.estrategia.com\/portal\/#website\"},\"primaryImageOfPage\":{\"@id\":\"https:\/\/med.estrategia.com\/portal\/atualidades\/formol-em-alisantes-capilares\/#primaryimage\"},\"image\":{\"@id\":\"https:\/\/med.estrategia.com\/portal\/atualidades\/formol-em-alisantes-capilares\/#primaryimage\"},\"thumbnailUrl\":\"https:\/\/med.estrategia.com\/portal\/wp-content\/uploads\/2021\/11\/formol-em-alisantes-capilares.jpg\",\"datePublished\":\"2021-11-08T17:58:33+00:00\",\"dateModified\":\"2022-09-13T13:54:17+00:00\",\"author\":{\"@id\":\"https:\/\/med.estrategia.com\/portal\/#\/schema\/person\/b7dbcd5a280cfd98cc9f95fb82338fe3\"},\"description\":\"Voc\u00ea sabe o que \u00e9 o formol e quais s\u00e3o as consequ\u00eancias de seu uso em alisantes capilares? O Estrat\u00e9gia MED te explica tudo sobre o assunto!\",\"breadcrumb\":{\"@id\":\"https:\/\/med.estrategia.com\/portal\/atualidades\/formol-em-alisantes-capilares\/#breadcrumb\"},\"inLanguage\":\"pt-BR\",\"potentialAction\":[{\"@type\":\"ReadAction\",\"target\":[\"https:\/\/med.estrategia.com\/portal\/atualidades\/formol-em-alisantes-capilares\/\"]}]},{\"@type\":\"ImageObject\",\"inLanguage\":\"pt-BR\",\"@id\":\"https:\/\/med.estrategia.com\/portal\/atualidades\/formol-em-alisantes-capilares\/#primaryimage\",\"url\":\"https:\/\/med.estrategia.com\/portal\/wp-content\/uploads\/2021\/11\/formol-em-alisantes-capilares.jpg\",\"contentUrl\":\"https:\/\/med.estrategia.com\/portal\/wp-content\/uploads\/2021\/11\/formol-em-alisantes-capilares.jpg\",\"width\":960,\"height\":540,\"caption\":\"formol em alisantes capilares\"},{\"@type\":\"BreadcrumbList\",\"@id\":\"https:\/\/med.estrategia.com\/portal\/atualidades\/formol-em-alisantes-capilares\/#breadcrumb\",\"itemListElement\":[{\"@type\":\"ListItem\",\"position\":1,\"name\":\"Home\",\"item\":\"https:\/\/med.estrategia.com\/portal\/\"},{\"@type\":\"ListItem\",\"position\":2,\"name\":\"Atualidades\",\"item\":\"https:\/\/med.estrategia.com\/portal\/atualidades\/\"},{\"@type\":\"ListItem\",\"position\":3,\"name\":\"O perigo do uso de formol em alisantes capilares\"}]},{\"@type\":\"WebSite\",\"@id\":\"https:\/\/med.estrategia.com\/portal\/#website\",\"url\":\"https:\/\/med.estrategia.com\/portal\/\",\"name\":\"Estrat\u00e9gia MED\",\"description\":\"\",\"potentialAction\":[{\"@type\":\"SearchAction\",\"target\":{\"@type\":\"EntryPoint\",\"urlTemplate\":\"https:\/\/med.estrategia.com\/portal\/?s={search_term_string}\"},\"query-input\":{\"@type\":\"PropertyValueSpecification\",\"valueRequired\":true,\"valueName\":\"search_term_string\"}}],\"inLanguage\":\"pt-BR\"},{\"@type\":\"Person\",\"@id\":\"https:\/\/med.estrategia.com\/portal\/#\/schema\/person\/b7dbcd5a280cfd98cc9f95fb82338fe3\",\"name\":\"Beatriz Testa\",\"image\":{\"@type\":\"ImageObject\",\"inLanguage\":\"pt-BR\",\"@id\":\"https:\/\/med.estrategia.com\/portal\/#\/schema\/person\/image\/\",\"url\":\"https:\/\/secure.gravatar.com\/avatar\/e87f00de46242bcd24922a3678dae2b5?s=96&d=mm&r=g\",\"contentUrl\":\"https:\/\/secure.gravatar.com\/avatar\/e87f00de46242bcd24922a3678dae2b5?s=96&d=mm&r=g\",\"caption\":\"Beatriz Testa\"},\"description\":\"Beatriz, a santista que cursa jornalismo na grande S\u00e3o Paulo. Amo dan\u00e7ar e ler, mas minha grande paix\u00e3o \u00e9 a escrita. Quando n\u00e3o consigo me expressar na fala, \u00e9 a\u00ed escrita entra em cena.\",\"url\":\"https:\/\/med.estrategia.com\/portal\/author\/beatriz-testa\/\"}]}<\/script>\n<!-- \/ Yoast SEO Premium plugin. -->","yoast_head_json":{"title":"O perigo do uso de formol em alisantes capilares","description":"Voc\u00ea sabe o que \u00e9 o formol e quais s\u00e3o as consequ\u00eancias de seu uso em alisantes capilares? O Estrat\u00e9gia MED te explica tudo sobre o assunto!","robots":{"index":"index","follow":"follow","max-snippet":"max-snippet:-1","max-image-preview":"max-image-preview:large","max-video-preview":"max-video-preview:-1"},"canonical":"https:\/\/med.estrategia.com\/portal\/atualidades\/formol-em-alisantes-capilares\/","og_locale":"pt_BR","og_type":"article","og_title":"O perigo do uso de formol em alisantes capilares","og_description":"Voc\u00ea sabe o que \u00e9 o formol e quais s\u00e3o as consequ\u00eancias de seu uso em alisantes capilares? O Estrat\u00e9gia MED te explica tudo sobre o assunto!","og_url":"https:\/\/med.estrategia.com\/portal\/atualidades\/formol-em-alisantes-capilares\/","og_site_name":"Estrat\u00e9gia MED","article_publisher":"https:\/\/www.facebook.com\/estrategiamed1","article_published_time":"2021-11-08T17:58:33+00:00","article_modified_time":"2022-09-13T13:54:17+00:00","og_image":[{"width":960,"height":540,"url":"https:\/\/cdn.medblog.estrategiaeducacional.com.br\/wp-content\/uploads\/2021\/11\/05133509\/formol-em-alisantes-capilares.jpg","type":"image\/jpeg"}],"author":"Beatriz Testa","twitter_card":"summary_large_image","twitter_creator":"@estrategiamed_","twitter_site":"@estrategiamed_","twitter_misc":{"Escrito por":"Beatriz Testa","Est. tempo de leitura":"7 minutos"},"schema":{"@context":"https:\/\/schema.org","@graph":[{"@type":"WebPage","@id":"https:\/\/med.estrategia.com\/portal\/atualidades\/formol-em-alisantes-capilares\/","url":"https:\/\/med.estrategia.com\/portal\/atualidades\/formol-em-alisantes-capilares\/","name":"O perigo do uso de formol em alisantes capilares","isPartOf":{"@id":"https:\/\/med.estrategia.com\/portal\/#website"},"primaryImageOfPage":{"@id":"https:\/\/med.estrategia.com\/portal\/atualidades\/formol-em-alisantes-capilares\/#primaryimage"},"image":{"@id":"https:\/\/med.estrategia.com\/portal\/atualidades\/formol-em-alisantes-capilares\/#primaryimage"},"thumbnailUrl":"https:\/\/med.estrategia.com\/portal\/wp-content\/uploads\/2021\/11\/formol-em-alisantes-capilares.jpg","datePublished":"2021-11-08T17:58:33+00:00","dateModified":"2022-09-13T13:54:17+00:00","author":{"@id":"https:\/\/med.estrategia.com\/portal\/#\/schema\/person\/b7dbcd5a280cfd98cc9f95fb82338fe3"},"description":"Voc\u00ea sabe o que \u00e9 o formol e quais s\u00e3o as consequ\u00eancias de seu uso em alisantes capilares? O Estrat\u00e9gia MED te explica tudo sobre o assunto!","breadcrumb":{"@id":"https:\/\/med.estrategia.com\/portal\/atualidades\/formol-em-alisantes-capilares\/#breadcrumb"},"inLanguage":"pt-BR","potentialAction":[{"@type":"ReadAction","target":["https:\/\/med.estrategia.com\/portal\/atualidades\/formol-em-alisantes-capilares\/"]}]},{"@type":"ImageObject","inLanguage":"pt-BR","@id":"https:\/\/med.estrategia.com\/portal\/atualidades\/formol-em-alisantes-capilares\/#primaryimage","url":"https:\/\/med.estrategia.com\/portal\/wp-content\/uploads\/2021\/11\/formol-em-alisantes-capilares.jpg","contentUrl":"https:\/\/med.estrategia.com\/portal\/wp-content\/uploads\/2021\/11\/formol-em-alisantes-capilares.jpg","width":960,"height":540,"caption":"formol em alisantes capilares"},{"@type":"BreadcrumbList","@id":"https:\/\/med.estrategia.com\/portal\/atualidades\/formol-em-alisantes-capilares\/#breadcrumb","itemListElement":[{"@type":"ListItem","position":1,"name":"Home","item":"https:\/\/med.estrategia.com\/portal\/"},{"@type":"ListItem","position":2,"name":"Atualidades","item":"https:\/\/med.estrategia.com\/portal\/atualidades\/"},{"@type":"ListItem","position":3,"name":"O perigo do uso de formol em alisantes capilares"}]},{"@type":"WebSite","@id":"https:\/\/med.estrategia.com\/portal\/#website","url":"https:\/\/med.estrategia.com\/portal\/","name":"Estrat\u00e9gia MED","description":"","potentialAction":[{"@type":"SearchAction","target":{"@type":"EntryPoint","urlTemplate":"https:\/\/med.estrategia.com\/portal\/?s={search_term_string}"},"query-input":{"@type":"PropertyValueSpecification","valueRequired":true,"valueName":"search_term_string"}}],"inLanguage":"pt-BR"},{"@type":"Person","@id":"https:\/\/med.estrategia.com\/portal\/#\/schema\/person\/b7dbcd5a280cfd98cc9f95fb82338fe3","name":"Beatriz Testa","image":{"@type":"ImageObject","inLanguage":"pt-BR","@id":"https:\/\/med.estrategia.com\/portal\/#\/schema\/person\/image\/","url":"https:\/\/secure.gravatar.com\/avatar\/e87f00de46242bcd24922a3678dae2b5?s=96&d=mm&r=g","contentUrl":"https:\/\/secure.gravatar.com\/avatar\/e87f00de46242bcd24922a3678dae2b5?s=96&d=mm&r=g","caption":"Beatriz Testa"},"description":"Beatriz, a santista que cursa jornalismo na grande S\u00e3o Paulo. Amo dan\u00e7ar e ler, mas minha grande paix\u00e3o \u00e9 a escrita. Quando n\u00e3o consigo me expressar na fala, \u00e9 a\u00ed escrita entra em cena.","url":"https:\/\/med.estrategia.com\/portal\/author\/beatriz-testa\/"}]}},"_wl_alt_label":[],"wl:entity_url":"\/post\/formol-em-alisantes-capilares","_links":{"self":[{"href":"https:\/\/med.estrategia.com\/portal\/wp-json\/wp\/v2\/posts\/13395","targetHints":{"allow":["GET"]}}],"collection":[{"href":"https:\/\/med.estrategia.com\/portal\/wp-json\/wp\/v2\/posts"}],"about":[{"href":"https:\/\/med.estrategia.com\/portal\/wp-json\/wp\/v2\/types\/post"}],"author":[{"embeddable":true,"href":"https:\/\/med.estrategia.com\/portal\/wp-json\/wp\/v2\/users\/10"}],"replies":[{"embeddable":true,"href":"https:\/\/med.estrategia.com\/portal\/wp-json\/wp\/v2\/comments?post=13395"}],"version-history":[{"count":3,"href":"https:\/\/med.estrategia.com\/portal\/wp-json\/wp\/v2\/posts\/13395\/revisions"}],"predecessor-version":[{"id":25798,"href":"https:\/\/med.estrategia.com\/portal\/wp-json\/wp\/v2\/posts\/13395\/revisions\/25798"}],"wp:featuredmedia":[{"embeddable":true,"href":"https:\/\/med.estrategia.com\/portal\/wp-json\/wp\/v2\/media\/13396"}],"wp:attachment":[{"href":"https:\/\/med.estrategia.com\/portal\/wp-json\/wp\/v2\/media?parent=13395"}],"wp:term":[{"taxonomy":"category","embeddable":true,"href":"https:\/\/med.estrategia.com\/portal\/wp-json\/wp\/v2\/categories?post=13395"},{"taxonomy":"post_tag","embeddable":true,"href":"https:\/\/med.estrategia.com\/portal\/wp-json\/wp\/v2\/tags?post=13395"},{"taxonomy":"wl_entity_type","embeddable":true,"href":"https:\/\/med.estrategia.com\/portal\/wp-json\/wp\/v2\/wl_entity_type?post=13395"}],"curies":[{"name":"wp","href":"https:\/\/api.w.org\/{rel}","templated":true}]}}