{"id":15038,"date":"2021-11-30T17:02:10","date_gmt":"2021-11-30T20:02:10","guid":{"rendered":"https:\/\/med.estrategiaeducacional.com.br\/blog\/?p=15038"},"modified":"2023-06-26T16:19:51","modified_gmt":"2023-06-26T19:19:51","slug":"resumed-de-artrite-reumatoide","status":"publish","type":"post","link":"https:\/\/med.estrategia.com\/portal\/conteudos-gratis\/resumed\/resumed-de-artrite-reumatoide\/","title":{"rendered":"ResuMED de artrite reumatoide: epidemiologia, manifesta\u00e7\u00f5es, diagn\u00f3stico, tratamento e mais!"},"content":{"rendered":"<p>Fala, futuro Residente! Quer saber tudo sobre a artrite reumatoide? N&oacute;s do Estrat&eacute;gia MED preparamos um resumo exclusivo para voc&ecirc; arrasar nas provas de Resid&ecirc;ncia M&eacute;dica.&nbsp;<p>Hoje, quero assumir o compromisso com voc&ecirc;, vou tornar esse tema mais f&aacute;cil e compreens&iacute;vel. Ent&atilde;o, coruja, vem comigo que te darei os pontos essenciais para acertar qualquer quest&atilde;o!<\/p><p>Al&eacute;m do mais, na reumatologia o tema de artrite reumatoide &eacute; disparado um dos mais cobrados. Portanto, sugiro que domine o assunto.<\/p><div id=\"ez-toc-container\" class=\"ez-toc-v2_0_79_2 counter-hierarchy ez-toc-counter ez-toc-transparent ez-toc-container-direction\">\n<div class=\"ez-toc-title-container\"><p class=\"ez-toc-title\" style=\"cursor:inherit\">Navegue pelo conte\u00fado<\/p>\n<\/div><nav><ul class='ez-toc-list ez-toc-list-level-1 ' ><li class='ez-toc-page-1 ez-toc-heading-level-2'><a class=\"ez-toc-link ez-toc-heading-1\" href=\"https:\/\/med.estrategia.com\/portal\/conteudos-gratis\/resumed\/resumed-de-artrite-reumatoide\/#Definicao\" >Defini&ccedil;&atilde;o&nbsp;<\/a><\/li><li class='ez-toc-page-1 ez-toc-heading-level-2'><a class=\"ez-toc-link ez-toc-heading-2\" href=\"https:\/\/med.estrategia.com\/portal\/conteudos-gratis\/resumed\/resumed-de-artrite-reumatoide\/#Epidemiologia\" >Epidemiologia<\/a><\/li><li class='ez-toc-page-1 ez-toc-heading-level-2'><a class=\"ez-toc-link ez-toc-heading-3\" href=\"https:\/\/med.estrategia.com\/portal\/conteudos-gratis\/resumed\/resumed-de-artrite-reumatoide\/#Etiofisiopatologia\" >Etiofisiopatologia&nbsp;<\/a><\/li><li class='ez-toc-page-1 ez-toc-heading-level-2'><a class=\"ez-toc-link ez-toc-heading-4\" href=\"https:\/\/med.estrategia.com\/portal\/conteudos-gratis\/resumed\/resumed-de-artrite-reumatoide\/#Manifestacoes-articulares\" >Manifesta&ccedil;&otilde;es articulares&nbsp;<\/a><\/li><li class='ez-toc-page-1 ez-toc-heading-level-2'><a class=\"ez-toc-link ez-toc-heading-5\" href=\"https:\/\/med.estrategia.com\/portal\/conteudos-gratis\/resumed\/resumed-de-artrite-reumatoide\/#Manifestacoes-extra-articulares\" >Manifesta&ccedil;&otilde;es extra-articulares<\/a><\/li><li class='ez-toc-page-1 ez-toc-heading-level-2'><a class=\"ez-toc-link ez-toc-heading-6\" href=\"https:\/\/med.estrategia.com\/portal\/conteudos-gratis\/resumed\/resumed-de-artrite-reumatoide\/#Exames-complementares\" >Exames complementares&nbsp;<\/a><\/li><li class='ez-toc-page-1 ez-toc-heading-level-2'><a class=\"ez-toc-link ez-toc-heading-7\" href=\"https:\/\/med.estrategia.com\/portal\/conteudos-gratis\/resumed\/resumed-de-artrite-reumatoide\/#Diagnostico\" >Diagn&oacute;stico&nbsp;<\/a><\/li><li class='ez-toc-page-1 ez-toc-heading-level-2'><a class=\"ez-toc-link ez-toc-heading-8\" href=\"https:\/\/med.estrategia.com\/portal\/conteudos-gratis\/resumed\/resumed-de-artrite-reumatoide\/#Tratamento\" >Tratamento&nbsp;<\/a><\/li><li class='ez-toc-page-1 ez-toc-heading-level-2'><a class=\"ez-toc-link ez-toc-heading-9\" href=\"https:\/\/med.estrategia.com\/portal\/conteudos-gratis\/resumed\/resumed-de-artrite-reumatoide\/#Veja-tambem\" >Veja tamb&eacute;m:<\/a><\/li><\/ul><\/nav><\/div>\n<h2 class=\"wp-block-heading\" id=\"h-definicao\"><span class=\"ez-toc-section\" id=\"Definicao\"><\/span>Defini&ccedil;&atilde;o&nbsp;<span class=\"ez-toc-section-end\"><\/span><\/h2><p>A artrite reumatoide (AR) &eacute; uma <strong>doen&ccedil;a autoimune<\/strong> sist&ecirc;mica de car&aacute;ter <strong>inflamat&oacute;rio cr&ocirc;nico<\/strong> que acomete, primariamente, a <strong>sin&oacute;via<\/strong>, mas que tamb&eacute;m &eacute; associada a diversas manifesta&ccedil;&otilde;es extra-articulares.<\/p><p>\n\n\n<div id=\"new-form\">\n\t<form id=\"forms_layout\">\n\t<input type=\"hidden\" id=\"chave_de\" name=\"chave_de\" value=\"01_EMED_LEADS_TOTAIS\" \/>\n\t\t<input type=\"hidden\" id=\"mid\" name=\"mid\" value=\"515009018\" \/>\n\t\t<input type=\"hidden\" id=\"Objetivo\" name=\"Objetivo\" value=\"Medicina\" \/>\n\t\t<input type=\"hidden\" id=\"Estado_de_Origem_do_IP\" name=\"Estado_de_Origem_do_IP\"  value=\"\" \/>\n\t\t<input type=\"hidden\" id=\"Cidade_de_Origem_do_IP\" name=\"Cidade_de_Origem_do_IP\" value=\"\" \/>\n\t\t<input type=\"hidden\" id=\"Modo_de_entrada\" name=\"Modo_de_entrada\" value=\"Portal\" \/>\n\t\t<input type=\"hidden\" id=\"Pagina_Origem\" name=\"Pagina_Origem\" value=\"\" \/>\n\n\t\t<div class=\"texto\">\n\t\t\t<h3 class=\"news\">Inscreva-se em nossa newsletter!<\/h3>\n\t\t\t<p>Receba not\u00edcias sobre resid\u00eancia m\u00e9dica, revalida\u00e7\u00e3o de diplomas e concursos m\u00e9dicos, al\u00e9m de materiais de estudo gratuitos e informa\u00e7\u00f5es relevantes do mundo da Medicina.<\/p>\n\t\t<\/div>\n\t\t<div class=\"campos\">\n\t\t\t<div class=\"first_name labels\">\n\t\t\t\t<input type=\"text\" class=\"input_labels\" id=\"first_name\" name=\"Nome_Completo\" placeholder=\"Nome\" required \/>\n\t\t\t<\/div>\n\t\t\t<div class=\"email labels\">\n\t\t\t\t<input type=\"email\" class=\"input_labels\" id=\"email\" name=\"Email\" placeholder=\"E-mail\" required \/>\n\t\t\t<\/div>\n\t\t\t<button type=\"submit\" class=\"button_layout\">\n\t\t\t\t<div id=\"lblBotao\">Inscreva-se<\/div>\n\t\t\t\t<span id=\"divSpiner\" class=\"loader\" role=\"status\" style=\"display: none;\"><\/span>\t\n\t\t\t<\/button>\n\t\t<\/div><!-- \/campos -->\n\t\t\n\t\t<label class=\"container_checkbox\">Voc\u00ea concorda com a nossa\n\t\t\t<a class=\"politics_privacy_ahref\" target=\"_blank\" href=\"https:\/\/gratis.estrategiaconcursos.com.br\/politica-de-privacidade\/\">Pol\u00edtica de Privacidade<\/a> e aceita receber informa\u00e7\u00f5es adicionais do Estrat\u00e9gia Educacional.\n\t\t\t<input id=\"checkbox_layout\" type=\"checkbox\" checked=\"checked\" required \/>\n\t\t\t<span class=\"checkbox\"><\/span>\n\t\t<\/label>\n\t\t<div id=\"msg\"><\/div>\n\t\t<div id=\"error\" class=\"error\">\n\t\t<\/div>\n\t<\/form>\n<\/div><!-- \/new-form -->\n\n\n\n<\/p><h2 class=\"wp-block-heading\" id=\"h-epidemiologia\"><span class=\"ez-toc-section\" id=\"Epidemiologia\"><\/span>Epidemiologia<span class=\"ez-toc-section-end\"><\/span><\/h2><p>Possui uma preval&ecirc;ncia estimada de 0,5% a 1% da popula&ccedil;&atilde;o sendo mais frequente em mulheres de 30 aos 60 anos, nas quais h&aacute; aumento de preval&ecirc;ncia com o avan&ccedil;ar da idade. &nbsp;&nbsp;<\/p><h2 class=\"wp-block-heading\" id=\"h-etiofisiopatologia\"><span class=\"ez-toc-section\" id=\"Etiofisiopatologia\"><\/span>Etiofisiopatologia&nbsp;<span class=\"ez-toc-section-end\"><\/span><\/h2><p>Sua base fisiopatol&oacute;gica envolve mecanismo autoimune, devido basicamente &agrave; presen&ccedil;a de autoant&iacute;genos e intera&ccedil;&atilde;o entre fatores gen&eacute;ticos e ambientais.<\/p><p>Seu principal componente gen&eacute;tico est&aacute; associado ao polimorfismo do gene <strong>HLA-DRB1<\/strong>, respons&aacute;vel por codificar uma sequ&ecirc;ncia de amino&aacute;cidos espec&iacute;ficos chamado de <strong>&ldquo;epitopo compartilhado&rdquo;<\/strong>. Em pacientes portadores dessa sequ&ecirc;ncia, o processo de apresenta&ccedil;&atilde;o de ant&iacute;genos ao nosso sistema imunol&oacute;gico ocorre de forma aberrante, o que leva a hiperativa&ccedil;&atilde;o de linf&oacute;citos.&nbsp;<\/p><p>Outro fator muito associado &agrave; artrite reumatoide &eacute; o<strong> tabagismo<\/strong>, levando a citruliniza&ccedil;&atilde;o de pept&iacute;deos end&oacute;genos tornando-os <strong>non-self.<\/strong> Outros gatilhos conhecidos s&atilde;o:&nbsp;<\/p><ul class=\"wp-block-list\">\n<li>Infec&ccedil;&otilde;es periodontais como a Porphyromonas gingivalis;<\/li>\n\n\n\n<li>Influ&ecirc;ncia hormonal;<\/li>\n\n\n\n<li>Obesidade; e<\/li>\n\n\n\n<li>Consumo de carne vermelha e caf&eacute; tamb&eacute;m podem estar relacionados.<\/li>\n<\/ul><p>Portanto, justamente pelo sistema imune n&atilde;o reconhecer ant&iacute;genos self, eles passam a ser combatidos, o que desencadeia a cascata inflamat&oacute;ria respons&aacute;vel pelas manifesta&ccedil;&otilde;es cl&iacute;nicas da doen&ccedil;a. Resumindo, temos um cen&aacute;rio onde anticorpos e linf&oacute;citos T ativados, os quais exercem papel patol&oacute;gico caracterizado pela prolifera&ccedil;&atilde;o das c&eacute;lulas, que comp&otilde;em a sin&oacute;via e &agrave; produ&ccedil;&atilde;o de citocinas inflamat&oacute;rias como TNF e interleucina 6, resultando na cl&aacute;ssica sinovite. Cronicamente, a sinovite leva a comprometimento dos mecanismos de prote&ccedil;&atilde;o e sustenta&ccedil;&atilde;o da articula&ccedil;&atilde;o, dano &agrave; cartilagem e eros&atilde;o &oacute;ssea.&nbsp;<\/p><h2 class=\"wp-block-heading\" id=\"h-manifestacoes-articulares\"><span class=\"ez-toc-section\" id=\"Manifestacoes-articulares\"><\/span>Manifesta&ccedil;&otilde;es articulares&nbsp;<span class=\"ez-toc-section-end\"><\/span><\/h2><p>Seu padr&atilde;o de acometimento t&iacute;pico &eacute; uma <strong>poliartrite cr&ocirc;nica e sim&eacute;trica de pequenas e grandes articula&ccedil;&otilde;es, associadas &agrave; rigidez matinal com dura&ccedil;&atilde;o de 1 hora ou mais.&nbsp;<\/strong><\/p><p>Frequentemente, possui<strong> in&iacute;cio insidioso,<\/strong> acometendo as articula&ccedil;&otilde;es <strong>metacarpofalangeanas e interfalangeanas proximais e punhos, de car&aacute;ter aditivo<\/strong>, cuja dor piora com repouso e melhora com a atividade. Com o passar dos anos, pode levar a deformidades t&iacute;picas como o <strong>desvio ulnar dos dedos, subluxa&ccedil;&atilde;o de metacarpofalangeanas, dedo em pesco&ccedil;o de cisne <\/strong>(hiperextens&atilde;o das interfalangeanas proximais e flex&atilde;o das interfalangeanas distais) e <strong>dedo em botoeira <\/strong>(flex&atilde;o das interfalangeanas proximais e hiperextens&atilde;o distais).<\/p><p>Quando acomete o esqueleto axial, o segmento cervical afetado &eacute; a articula&ccedil;&atilde;o <strong>atlanto-axial <\/strong>(C1 e C2), podendo levar a instabilidade e eventualmente at&eacute; subluxa&ccedil;&atilde;o.&nbsp;<\/p><p>Uma dica extremamente valiosa em provas &eacute; que AR n&atilde;o possui car&aacute;ter de monoartrite ou oligoartrite, n&atilde;o acomete interfalangeana distal e nem&nbsp; coluna tor&aacute;cica, lombo-sacra ou sacroil&iacute;aca e n&atilde;o possui car&aacute;ter de artrite migrat&oacute;ria.&nbsp;<\/p><h2 class=\"wp-block-heading\" id=\"h-manifestacoes-extra-articulares\"><span class=\"ez-toc-section\" id=\"Manifestacoes-extra-articulares\"><\/span>Manifesta&ccedil;&otilde;es extra-articulares<span class=\"ez-toc-section-end\"><\/span><\/h2><p>As principais manifesta&ccedil;&otilde;es extra articulares cobradas em provas s&atilde;o:&nbsp;<\/p><ul class=\"wp-block-list\">\n<li>Fadiga;&nbsp;<\/li>\n\n\n\n<li>Mal-estar;<\/li>\n\n\n\n<li>Perda de peso;<\/li>\n\n\n\n<li>N&oacute;dulos reumatoides, pioderma gangrenoso;<\/li>\n\n\n\n<li>Ceratoconjuntivite seca, episclerite, esclerite;<\/li>\n\n\n\n<li>Pleurite, doen&ccedil;a intersticial pulmonar;<\/li>\n\n\n\n<li>Pericardite, aumento do risco cardiovascular;<\/li>\n\n\n\n<li>Hemorragias periungueais, infarto e gangrena;<\/li>\n\n\n\n<li>Mielopatia cervical, s&iacute;ndrome do t&uacute;nel do carpo, mononeurite m&uacute;ltipla;<\/li>\n\n\n\n<li>S&iacute;ndrome de Felty( artrite reumatoide, esplenomegalia e neutropenia);<\/li>\n\n\n\n<li>Amiloidose AA ou secund&aacute;ria; e<\/li>\n\n\n\n<li>Osteoporose.<\/li>\n<\/ul><p>Aten&ccedil;&atilde;o: os <strong>n&oacute;dulos reumatoides <\/strong>se localizam frequentemente em superf&iacute;cies extensoras, s&atilde;o fibroel&aacute;sticos, indolores, extremamente associados &agrave;<strong> positividade do fator reumatoide e a pior progn&oacute;stico.<\/strong> A ceratoconjuntivite seca &eacute; a manifesta&ccedil;&atilde;o ocular mais comum decorrente da s&iacute;ndrome de Sjogren secund&aacute;ria.&nbsp;<\/p><p>O derrame pleural da AR possui as seguintes caracter&iacute;sticas: <strong>exsudato unilateral com glicose baixa, prote&iacute;na e DHL aumentados com presen&ccedil;a de c&eacute;lulas gigantes multinucleadas<\/strong>. A s&iacute;ndrome nefr&oacute;tica mais comum associada a AR &eacute; decorrente de amiloidose AA (secund&aacute;ria).&nbsp;<\/p><h2 class=\"wp-block-heading\" id=\"h-exames-complementares\"><span class=\"ez-toc-section\" id=\"Exames-complementares\"><\/span>Exames complementares&nbsp;<span class=\"ez-toc-section-end\"><\/span><\/h2><p>Dentre os exames complementares da artrite reumatoide, as principais altera&ccedil;&otilde;es encontradas s&atilde;o: <strong>anemia normoc&iacute;tica e normocr&ocirc;mica, eleva&ccedil;&atilde;o de provas de atividade inflamat&oacute;ria (PCR e VHS) e FAN positivos. <\/strong>O fator reumatoide pode estar presente em 70 a 80% dos casos, entretanto sua aus&ecirc;ncia n&atilde;o descarta o diagn&oacute;stico e sua presen&ccedil;a n&atilde;o confirma, pois pode estar presente em outras infec&ccedil;&otilde;es cr&ocirc;nicas, neoplasias e em idosos. O <strong>anticorpo anti-CCp <\/strong>&eacute; o exame laboratorial mais<strong> espec&iacute;fico <\/strong>para o diagn&oacute;stico de artrite reumatoide.&nbsp;<\/p><p>Na radiografia de t&oacute;rax, podemos encontrar como achado mais precoce a <strong>osteopenia periarticular<\/strong> e, como achado mais tardio, a <strong>eros&atilde;o marginal<\/strong>. Outros achados que tamb&eacute;m podem ser encontrados s&atilde;o redu&ccedil;&atilde;o sim&eacute;trica do espa&ccedil;o articular e comprometimento do punho.&nbsp;<\/p><h2 class=\"wp-block-heading\" id=\"h-diagnostico\"><span class=\"ez-toc-section\" id=\"Diagnostico\"><\/span>Diagn&oacute;stico&nbsp;<span class=\"ez-toc-section-end\"><\/span><\/h2><p>O diagn&oacute;stico &eacute; baseado na <strong>anamnese e exame f&iacute;sicos sugestivos,<\/strong> com a solicita&ccedil;&atilde;o de exames complementares em casos duvidosos, seja para definir progn&oacute;stico ou avaliar diagn&oacute;sticos diferenciais. Para auxiliar o diagn&oacute;stico, podemos seguir duas cl&aacute;ssicas classifica&ccedil;&otilde;es abaixo:&nbsp;<\/p><p>Crit&eacute;rios classificat&oacute;rios para <strong><a href=\"https:\/\/www.scielo.br\/j\/rbr\/a\/Fmjnf9MHprBRrhsdwm5K5Vc\/?lang=pt\" target=\"_blank\">artrite reumatoide segundo o ACR (1987):<\/a><\/strong><\/p><ul class=\"wp-block-list\">\n<li>Rigidez matinal de pelo menos 1 hora;<\/li>\n\n\n\n<li>Artrite de tr&ecirc;s ou mais &aacute;reas articulares simultaneamente afetadas e observadas por um m&eacute;dico;<\/li>\n\n\n\n<li>Artrite das articula&ccedil;&otilde;es das m&atilde;os;<\/li>\n\n\n\n<li>Artrite sim&eacute;trica; n&oacute;dulos reumatoides;<\/li>\n\n\n\n<li>Fator reumatoide s&eacute;rico positivo; e<\/li>\n\n\n\n<li>Altera&ccedil;&otilde;es radiogr&aacute;ficas.<\/li>\n<\/ul><figure class=\"wp-block-image\"><img decoding=\"async\" src=\"https:\/\/lh3.googleusercontent.com\/dnbCR5PQEi8YPtc2XooOGHrAC6H4qvLGXVPYzNBP4-OfbeeDyW3sNFe9FXciUSfG_P3N-rdTHrwDa98cTJtmGgOTakoHMV81uYcybj5drUgA9GjI1jbpOgiOGH_OhfGTRK-LVIDe\" alt=\"\"><figcaption class=\"wp-element-caption\">Fonte: apostila Estrat&eacute;gia MED<\/figcaption><\/figure><h2 class=\"wp-block-heading\" id=\"h-tratamento\"><span class=\"ez-toc-section\" id=\"Tratamento\"><\/span>Tratamento&nbsp;<span class=\"ez-toc-section-end\"><\/span><\/h2><p>O tratamento da artrite reumatoide envolve <strong>cessa&ccedil;&atilde;o do tabagismo, controle de fatores de risco cardiovascular <\/strong>como a <strong>hipertens&atilde;o arterial, diabetes e dislipidemias.&nbsp;<\/strong><\/p><p>Realizado o diagn&oacute;stico de artrite reumatoide, iniciaremos medica&ccedil;&atilde;o pertencentes a dois grupos: as <strong>sintom&aacute;ticas <\/strong>e as famosas <strong>DMARDs <\/strong>(drogas antirreum&aacute;ticas modificadoras do curso da doen&ccedil;a).&nbsp;<\/p><p>Dentre os sintom&aacute;ticos podemos utilizar os <strong>anti-inflamat&oacute;rios n&atilde;o esteroidais (AINES) e os glicocortic&oacute;ides,<\/strong> por&eacute;m ambos n&atilde;o modificam a hist&oacute;ria natural da doen&ccedil;a.&nbsp;<\/p><p>J&aacute; os <strong>DMARDs,<\/strong> caracterizados por poderem <strong>evitar ou retardar o surgimento da eros&atilde;o &oacute;ssea <\/strong>e, consequentemente, <strong>deformidades e limita&ccedil;&atilde;o funcional.<\/strong> Dentro os mais utilizados temos duas classes:&nbsp;<\/p><p><strong>Sint&eacute;ticos convencionais: metotrexato, leflunomida, sulfassalazina, antimal&aacute;ricos (hidroxicloroquina, cloroquina).<\/strong><\/p><p><strong>Biologicos: Anti-TNF (infliximabe, adalimumabe, etanercept, golimumabe certolizumabe), antirreceptor da interleucina-6, modulador da coestimula&ccedil;&atilde;o de linf&oacute;citos (abatacept) e anti- CD20 (rituximabe).&nbsp;<\/strong><\/p><p>Desses, sugiro que grave que o <strong>metotrexato<\/strong> &eacute; a droga de escolha para o tratamento da artrite reumatoide e que o principal risco do uso dos anti-TNF &eacute; a poss&iacute;vel <strong>reativa&ccedil;&atilde;o de tuberculose latente,<\/strong> por isso sua investiga&ccedil;&atilde;o deve fazer parte do screening antes de prescreverem essas medica&ccedil;&otilde;es.&nbsp;<\/p><p>Chegamos ao fim, futuro residente, gostou desse conte&uacute;do e quer aprofundar mais no assunto? O blog Estrat&eacute;gia MED tem muito mais informa&ccedil;&otilde;es esperando por voc&ecirc;. <\/p><p>Certamente, com o&nbsp; nosso Banco de Quest&otilde;es MED e o Curso Extensivo MED voc&ecirc; ter&aacute; o diferencial necess&aacute;rio para atingir sua aprova&ccedil;&atilde;o na desejada vaga de Resid&ecirc;ncia M&eacute;dica ou Revalida. Vamos vencer juntos mais esse grande desafio. Vem ser Coruja!<\/p><p><strong><a id=\"cta\" class=\"cta-imagem\" href=\"https:\/\/med.estrategia.com\/cursos\/extensivo-de-residncia-mdica\/\" target=\"blank\">\n                <img decoding=\"async\" width=\"100%\" src=\"https:\/\/med.estrategia.com\/portal\/wp-content\/uploads\/2025\/08\/extensivo_rm.jpg\" alt=\"Extensivo RM\" title=\"extensivo_rm\">\n        <\/a><\/strong><\/p><h2 class=\"wp-block-heading\"><span class=\"ez-toc-section\" id=\"Veja-tambem\"><\/span>Veja tamb&eacute;m:<span class=\"ez-toc-section-end\"><\/span><\/h2><ul class=\"wp-block-list\">\n<li><a href=\"https:\/\/med.estrategia.com\/portal\/conteudos-gratis\/doencas\/resumo-de-cistos-sinoviais-de-punho-diagnostico-tratamento-e-mais\/\">Resumo de cistos sinoviais de punho: diagn&oacute;stico, tratamento e mais!<\/a><\/li>\n\n\n\n<li><a href=\"https:\/\/med.estrategia.com\/portal\/conteudos-gratis\/doencas\/resumo-de-lesoes-de-menisco-diagnostico-tratamento-e-mais\/\">Resumo de les&otilde;es de menisco: diagn&oacute;stico, tratamento e mais!<\/a>&nbsp;<\/li>\n\n\n\n<li><a href=\"https:\/\/med.estrategia.com\/portal\/conteudos-gratis\/doencas\/resumo-de-artrite-septica-aguda-diagnostico-tratamento-e-mais\/\">Resumo de artrite s&eacute;ptica aguda: diagn&oacute;stico, tratamento e mais!<\/a><\/li>\n\n\n\n<li><a href=\"https:\/\/med.estrategia.com\/portal\/conteudos-gratis\/doencas\/resumo-de-lesoes-do-manguito-rotador-diagnostico-tratamento-e-mais\/\">Resumo de les&otilde;es do manguito rotador: diagn&oacute;stico, tratamento e mais!&nbsp;<\/a><\/li>\n\n\n\n<li><a href=\"https:\/\/med.estrategia.com\/portal\/outros\/resumo-de-entorse-no-tornozelo-diagnostico-tratamento-e-mais\/\">Resumo de entorse no tornozelo: diagn&oacute;stico, tratamento e mais!<\/a><\/li>\n\n\n\n<li><a href=\"https:\/\/med.estrategia.com\/portal\/conteudos-gratis\/doencas\/resumo-de-lombalgia-diagnostico-tratamento-e-mais\/\">Resumo de lombalgia aguda: diagn&oacute;stico, tratamento e mais!<\/a><\/li>\n\n\n\n<li><a href=\"https:\/\/med.estrategia.com\/portal\/conteudos-gratis\/doencas\/resumo-de-costocondrite-diagnostico-tratamento-e-mais\/\">Resumo de costocondrite: diagn&oacute;stico, tratamento e mais!<\/a><\/li>\n\n\n\n<li><a href=\"https:\/\/med.estrategia.com\/portal\/conteudos-gratis\/doencas\/resumo-sobre-cisto-de-baker-diagnostico-tratamento-e-mais\/\">Resumo sobre cisto de Baker: diagn&oacute;stico, tratamento e mais!<\/a><\/li>\n\n\n\n<li><a href=\"https:\/\/med.estrategia.com\/portal\/conteudos-gratis\/doencas\/resumo-de-fratura-de-femur-proximal-diagnostico-tratamento-e-mais\/\">Resumo de fratura de f&ecirc;mur proximal: diagn&oacute;stico, tratamento e mais!<\/a><\/li>\n\n\n\n<li><a href=\"https:\/\/med.estrategia.com\/portal\/aluno-de-medicina\/dicas-de-estudo\/resumed-de-doencas-da-mao\/\">Resumo de doen&ccedil;as da m&atilde;o<\/a><\/li>\n\n\n\n<li><a href=\"https:\/\/med.estrategia.com\/portal\/aluno-de-medicina\/dicas-de-estudo\/resumed-de-doencas-da-coluna-vertebral\/\">Resumo de doen&ccedil;as da coluna vertebral<\/a><\/li>\n\n\n\n<li><a href=\"https:\/\/med.estrategia.com\/portal\/aluno-de-medicina\/dicas-de-estudo\/hernia-de-disco\/\">H&eacute;rnia de Disco: o que &eacute;, tipos e muito mais<\/a><\/li>\n\n\n\n<li><a href=\"https:\/\/med.estrategia.com\/portal\/residencia-medica\/programa-de-residencia-medica\/instituto-nacional-de-traumatologia-e-ortopedia-residencia-medica\/\">Instituto Nacional de Traumatologia e Ortopedia 2022: veja o resultado final<\/a><\/li>\n\n\n\n<li><a href=\"https:\/\/med.estrategia.com\/portal\/conteudos-gratis\/doencas\/resumo-de-disfuncao-temporomandibular-diagnostico-tratamento-e-mais\/\">Resumo de disfun&ccedil;&atilde;o temporomandibular: diagn&oacute;stico, tratamento e mais!<\/a>&nbsp;<\/li>\n<\/ul><\/p>\n","protected":false},"excerpt":{"rendered":"Fala, futuro Residente! Quer saber tudo sobre a artrite reumatoide? N&oacute;s do Estrat&eacute;gia MED preparamos um resumo exclusivo&hellip;\n","protected":false},"author":34,"featured_media":15039,"comment_status":"closed","ping_status":"closed","sticky":false,"template":"","format":"standard","meta":{"wl_entities_gutenberg":"","footnotes":""},"categories":[302],"tags":[],"wl_entity_type":[199],"class_list":{"0":"post-15038","1":"post","2":"type-post","3":"status-publish","4":"format-standard","5":"has-post-thumbnail","7":"category-resumed","8":"wl_entity_type-article"},"acf":[],"yoast_head":"<!-- This site is optimized with the Yoast SEO Premium plugin v26.6 (Yoast SEO v26.6) - https:\/\/yoast.com\/wordpress\/plugins\/seo\/ -->\n<title>ResuMED de artrite reumatoide: epidemiologia, manifesta\u00e7\u00f5es e mais!<\/title>\n<meta name=\"description\" content=\"Quer saber tudo sobre a artrite reumat\u00f3ide? Ent\u00e3o n\u00e3o deixe de conferir mais este resumo futuro residente!\" \/>\n<meta name=\"robots\" content=\"index, follow, max-snippet:-1, max-image-preview:large, max-video-preview:-1\" \/>\n<link rel=\"canonical\" href=\"https:\/\/med.estrategia.com\/portal\/conteudos-gratis\/resumed\/resumed-de-artrite-reumatoide\/\" \/>\n<meta property=\"og:locale\" content=\"pt_BR\" \/>\n<meta property=\"og:type\" content=\"article\" \/>\n<meta property=\"og:title\" content=\"ResuMED de artrite reumatoide: epidemiologia, manifesta\u00e7\u00f5es, diagn\u00f3stico, tratamento e mais!\" \/>\n<meta property=\"og:description\" content=\"Quer saber tudo sobre a artrite reumat\u00f3ide? Ent\u00e3o n\u00e3o deixe de conferir mais este resumo futuro residente!\" \/>\n<meta property=\"og:url\" content=\"https:\/\/med.estrategia.com\/portal\/conteudos-gratis\/resumed\/resumed-de-artrite-reumatoide\/\" \/>\n<meta property=\"og:site_name\" content=\"Estrat\u00e9gia MED\" \/>\n<meta property=\"article:publisher\" content=\"https:\/\/www.facebook.com\/estrategiamed1\" \/>\n<meta property=\"article:published_time\" content=\"2021-11-30T20:02:10+00:00\" \/>\n<meta property=\"article:modified_time\" content=\"2023-06-26T19:19:51+00:00\" \/>\n<meta property=\"og:image\" content=\"https:\/\/cdn.medblog.estrategiaeducacional.com.br\/wp-content\/uploads\/2021\/11\/28193757\/pexels-towfiqu-barbhuiya-8791795.jpg\" \/>\n\t<meta property=\"og:image:width\" content=\"1920\" \/>\n\t<meta property=\"og:image:height\" content=\"1280\" \/>\n\t<meta property=\"og:image:type\" content=\"image\/jpeg\" \/>\n<meta name=\"author\" content=\"Salmo Vasser\" \/>\n<meta name=\"twitter:card\" content=\"summary_large_image\" \/>\n<meta name=\"twitter:creator\" content=\"@estrategiamed_\" \/>\n<meta name=\"twitter:site\" content=\"@estrategiamed_\" \/>\n<meta name=\"twitter:label1\" content=\"Escrito por\" \/>\n\t<meta name=\"twitter:data1\" content=\"Salmo Vasser\" \/>\n\t<meta name=\"twitter:label2\" content=\"Est. tempo de leitura\" \/>\n\t<meta name=\"twitter:data2\" content=\"7 minutos\" \/>\n<script type=\"application\/ld+json\" class=\"yoast-schema-graph\">{\"@context\":\"https:\/\/schema.org\",\"@graph\":[{\"@type\":\"WebPage\",\"@id\":\"https:\/\/med.estrategia.com\/portal\/conteudos-gratis\/resumed\/resumed-de-artrite-reumatoide\/\",\"url\":\"https:\/\/med.estrategia.com\/portal\/conteudos-gratis\/resumed\/resumed-de-artrite-reumatoide\/\",\"name\":\"ResuMED de artrite reumatoide: epidemiologia, manifesta\u00e7\u00f5es e mais!\",\"isPartOf\":{\"@id\":\"https:\/\/med.estrategia.com\/portal\/#website\"},\"primaryImageOfPage\":{\"@id\":\"https:\/\/med.estrategia.com\/portal\/conteudos-gratis\/resumed\/resumed-de-artrite-reumatoide\/#primaryimage\"},\"image\":{\"@id\":\"https:\/\/med.estrategia.com\/portal\/conteudos-gratis\/resumed\/resumed-de-artrite-reumatoide\/#primaryimage\"},\"thumbnailUrl\":\"https:\/\/med.estrategia.com\/portal\/wp-content\/uploads\/2021\/11\/pexels-towfiqu-barbhuiya-8791795.jpg\",\"datePublished\":\"2021-11-30T20:02:10+00:00\",\"dateModified\":\"2023-06-26T19:19:51+00:00\",\"author\":{\"@id\":\"https:\/\/med.estrategia.com\/portal\/#\/schema\/person\/3456746ca481397582b5b447eb28a438\"},\"description\":\"Quer saber tudo sobre a artrite reumat\u00f3ide? Ent\u00e3o n\u00e3o deixe de conferir mais este resumo futuro residente!\",\"breadcrumb\":{\"@id\":\"https:\/\/med.estrategia.com\/portal\/conteudos-gratis\/resumed\/resumed-de-artrite-reumatoide\/#breadcrumb\"},\"inLanguage\":\"pt-BR\",\"potentialAction\":[{\"@type\":\"ReadAction\",\"target\":[\"https:\/\/med.estrategia.com\/portal\/conteudos-gratis\/resumed\/resumed-de-artrite-reumatoide\/\"]}]},{\"@type\":\"ImageObject\",\"inLanguage\":\"pt-BR\",\"@id\":\"https:\/\/med.estrategia.com\/portal\/conteudos-gratis\/resumed\/resumed-de-artrite-reumatoide\/#primaryimage\",\"url\":\"https:\/\/med.estrategia.com\/portal\/wp-content\/uploads\/2021\/11\/pexels-towfiqu-barbhuiya-8791795.jpg\",\"contentUrl\":\"https:\/\/med.estrategia.com\/portal\/wp-content\/uploads\/2021\/11\/pexels-towfiqu-barbhuiya-8791795.jpg\",\"width\":1920,\"height\":1280},{\"@type\":\"BreadcrumbList\",\"@id\":\"https:\/\/med.estrategia.com\/portal\/conteudos-gratis\/resumed\/resumed-de-artrite-reumatoide\/#breadcrumb\",\"itemListElement\":[{\"@type\":\"ListItem\",\"position\":1,\"name\":\"Home\",\"item\":\"https:\/\/med.estrategia.com\/portal\/\"},{\"@type\":\"ListItem\",\"position\":2,\"name\":\"Conte\u00fados Gr\u00e1tis\",\"item\":\"https:\/\/med.estrategia.com\/portal\/conteudos-gratis\/\"},{\"@type\":\"ListItem\",\"position\":3,\"name\":\"ResuMED\",\"item\":\"https:\/\/med.estrategia.com\/portal\/conteudos-gratis\/resumed\/\"},{\"@type\":\"ListItem\",\"position\":4,\"name\":\"ResuMED de artrite reumatoide: epidemiologia, manifesta\u00e7\u00f5es, diagn\u00f3stico, tratamento e mais!\"}]},{\"@type\":\"WebSite\",\"@id\":\"https:\/\/med.estrategia.com\/portal\/#website\",\"url\":\"https:\/\/med.estrategia.com\/portal\/\",\"name\":\"Estrat\u00e9gia MED\",\"description\":\"\",\"potentialAction\":[{\"@type\":\"SearchAction\",\"target\":{\"@type\":\"EntryPoint\",\"urlTemplate\":\"https:\/\/med.estrategia.com\/portal\/?s={search_term_string}\"},\"query-input\":{\"@type\":\"PropertyValueSpecification\",\"valueRequired\":true,\"valueName\":\"search_term_string\"}}],\"inLanguage\":\"pt-BR\"},{\"@type\":\"Person\",\"@id\":\"https:\/\/med.estrategia.com\/portal\/#\/schema\/person\/3456746ca481397582b5b447eb28a438\",\"name\":\"Salmo Vasser\",\"image\":{\"@type\":\"ImageObject\",\"inLanguage\":\"pt-BR\",\"@id\":\"https:\/\/med.estrategia.com\/portal\/#\/schema\/person\/image\/\",\"url\":\"https:\/\/med.estrategia.com\/portal\/wp-content\/uploads\/2021\/08\/Foto-perfil-Salmo-150x150.jpg\",\"contentUrl\":\"https:\/\/med.estrategia.com\/portal\/wp-content\/uploads\/2021\/08\/Foto-perfil-Salmo-150x150.jpg\",\"caption\":\"Salmo Vasser\"},\"description\":\"Fabricianense, acad\u00eamico de medicina da Univa\u00e7o, arranhador de viol\u00e3o e futuro praticante de artes marciais. Em constante aperfei\u00e7oamento, espero contribuir um pouco com todos voc\u00eas.\",\"url\":\"https:\/\/med.estrategia.com\/portal\/author\/salmo-oliveira\/\"}]}<\/script>\n<!-- \/ Yoast SEO Premium plugin. -->","yoast_head_json":{"title":"ResuMED de artrite reumatoide: epidemiologia, manifesta\u00e7\u00f5es e mais!","description":"Quer saber tudo sobre a artrite reumat\u00f3ide? Ent\u00e3o n\u00e3o deixe de conferir mais este resumo futuro residente!","robots":{"index":"index","follow":"follow","max-snippet":"max-snippet:-1","max-image-preview":"max-image-preview:large","max-video-preview":"max-video-preview:-1"},"canonical":"https:\/\/med.estrategia.com\/portal\/conteudos-gratis\/resumed\/resumed-de-artrite-reumatoide\/","og_locale":"pt_BR","og_type":"article","og_title":"ResuMED de artrite reumatoide: epidemiologia, manifesta\u00e7\u00f5es, diagn\u00f3stico, tratamento e mais!","og_description":"Quer saber tudo sobre a artrite reumat\u00f3ide? Ent\u00e3o n\u00e3o deixe de conferir mais este resumo futuro residente!","og_url":"https:\/\/med.estrategia.com\/portal\/conteudos-gratis\/resumed\/resumed-de-artrite-reumatoide\/","og_site_name":"Estrat\u00e9gia MED","article_publisher":"https:\/\/www.facebook.com\/estrategiamed1","article_published_time":"2021-11-30T20:02:10+00:00","article_modified_time":"2023-06-26T19:19:51+00:00","og_image":[{"width":1920,"height":1280,"url":"https:\/\/cdn.medblog.estrategiaeducacional.com.br\/wp-content\/uploads\/2021\/11\/28193757\/pexels-towfiqu-barbhuiya-8791795.jpg","type":"image\/jpeg"}],"author":"Salmo Vasser","twitter_card":"summary_large_image","twitter_creator":"@estrategiamed_","twitter_site":"@estrategiamed_","twitter_misc":{"Escrito por":"Salmo Vasser","Est. tempo de leitura":"7 minutos"},"schema":{"@context":"https:\/\/schema.org","@graph":[{"@type":"WebPage","@id":"https:\/\/med.estrategia.com\/portal\/conteudos-gratis\/resumed\/resumed-de-artrite-reumatoide\/","url":"https:\/\/med.estrategia.com\/portal\/conteudos-gratis\/resumed\/resumed-de-artrite-reumatoide\/","name":"ResuMED de artrite reumatoide: epidemiologia, manifesta\u00e7\u00f5es e mais!","isPartOf":{"@id":"https:\/\/med.estrategia.com\/portal\/#website"},"primaryImageOfPage":{"@id":"https:\/\/med.estrategia.com\/portal\/conteudos-gratis\/resumed\/resumed-de-artrite-reumatoide\/#primaryimage"},"image":{"@id":"https:\/\/med.estrategia.com\/portal\/conteudos-gratis\/resumed\/resumed-de-artrite-reumatoide\/#primaryimage"},"thumbnailUrl":"https:\/\/med.estrategia.com\/portal\/wp-content\/uploads\/2021\/11\/pexels-towfiqu-barbhuiya-8791795.jpg","datePublished":"2021-11-30T20:02:10+00:00","dateModified":"2023-06-26T19:19:51+00:00","author":{"@id":"https:\/\/med.estrategia.com\/portal\/#\/schema\/person\/3456746ca481397582b5b447eb28a438"},"description":"Quer saber tudo sobre a artrite reumat\u00f3ide? Ent\u00e3o n\u00e3o deixe de conferir mais este resumo futuro residente!","breadcrumb":{"@id":"https:\/\/med.estrategia.com\/portal\/conteudos-gratis\/resumed\/resumed-de-artrite-reumatoide\/#breadcrumb"},"inLanguage":"pt-BR","potentialAction":[{"@type":"ReadAction","target":["https:\/\/med.estrategia.com\/portal\/conteudos-gratis\/resumed\/resumed-de-artrite-reumatoide\/"]}]},{"@type":"ImageObject","inLanguage":"pt-BR","@id":"https:\/\/med.estrategia.com\/portal\/conteudos-gratis\/resumed\/resumed-de-artrite-reumatoide\/#primaryimage","url":"https:\/\/med.estrategia.com\/portal\/wp-content\/uploads\/2021\/11\/pexels-towfiqu-barbhuiya-8791795.jpg","contentUrl":"https:\/\/med.estrategia.com\/portal\/wp-content\/uploads\/2021\/11\/pexels-towfiqu-barbhuiya-8791795.jpg","width":1920,"height":1280},{"@type":"BreadcrumbList","@id":"https:\/\/med.estrategia.com\/portal\/conteudos-gratis\/resumed\/resumed-de-artrite-reumatoide\/#breadcrumb","itemListElement":[{"@type":"ListItem","position":1,"name":"Home","item":"https:\/\/med.estrategia.com\/portal\/"},{"@type":"ListItem","position":2,"name":"Conte\u00fados Gr\u00e1tis","item":"https:\/\/med.estrategia.com\/portal\/conteudos-gratis\/"},{"@type":"ListItem","position":3,"name":"ResuMED","item":"https:\/\/med.estrategia.com\/portal\/conteudos-gratis\/resumed\/"},{"@type":"ListItem","position":4,"name":"ResuMED de artrite reumatoide: epidemiologia, manifesta\u00e7\u00f5es, diagn\u00f3stico, tratamento e mais!"}]},{"@type":"WebSite","@id":"https:\/\/med.estrategia.com\/portal\/#website","url":"https:\/\/med.estrategia.com\/portal\/","name":"Estrat\u00e9gia MED","description":"","potentialAction":[{"@type":"SearchAction","target":{"@type":"EntryPoint","urlTemplate":"https:\/\/med.estrategia.com\/portal\/?s={search_term_string}"},"query-input":{"@type":"PropertyValueSpecification","valueRequired":true,"valueName":"search_term_string"}}],"inLanguage":"pt-BR"},{"@type":"Person","@id":"https:\/\/med.estrategia.com\/portal\/#\/schema\/person\/3456746ca481397582b5b447eb28a438","name":"Salmo Vasser","image":{"@type":"ImageObject","inLanguage":"pt-BR","@id":"https:\/\/med.estrategia.com\/portal\/#\/schema\/person\/image\/","url":"https:\/\/med.estrategia.com\/portal\/wp-content\/uploads\/2021\/08\/Foto-perfil-Salmo-150x150.jpg","contentUrl":"https:\/\/med.estrategia.com\/portal\/wp-content\/uploads\/2021\/08\/Foto-perfil-Salmo-150x150.jpg","caption":"Salmo Vasser"},"description":"Fabricianense, acad\u00eamico de medicina da Univa\u00e7o, arranhador de viol\u00e3o e futuro praticante de artes marciais. Em constante aperfei\u00e7oamento, espero contribuir um pouco com todos voc\u00eas.","url":"https:\/\/med.estrategia.com\/portal\/author\/salmo-oliveira\/"}]}},"_wl_alt_label":[],"wl:entity_url":"\/post\/resumed-de-artrite-reumatoide","_links":{"self":[{"href":"https:\/\/med.estrategia.com\/portal\/wp-json\/wp\/v2\/posts\/15038","targetHints":{"allow":["GET"]}}],"collection":[{"href":"https:\/\/med.estrategia.com\/portal\/wp-json\/wp\/v2\/posts"}],"about":[{"href":"https:\/\/med.estrategia.com\/portal\/wp-json\/wp\/v2\/types\/post"}],"author":[{"embeddable":true,"href":"https:\/\/med.estrategia.com\/portal\/wp-json\/wp\/v2\/users\/34"}],"replies":[{"embeddable":true,"href":"https:\/\/med.estrategia.com\/portal\/wp-json\/wp\/v2\/comments?post=15038"}],"version-history":[{"count":7,"href":"https:\/\/med.estrategia.com\/portal\/wp-json\/wp\/v2\/posts\/15038\/revisions"}],"predecessor-version":[{"id":41741,"href":"https:\/\/med.estrategia.com\/portal\/wp-json\/wp\/v2\/posts\/15038\/revisions\/41741"}],"wp:featuredmedia":[{"embeddable":true,"href":"https:\/\/med.estrategia.com\/portal\/wp-json\/wp\/v2\/media\/15039"}],"wp:attachment":[{"href":"https:\/\/med.estrategia.com\/portal\/wp-json\/wp\/v2\/media?parent=15038"}],"wp:term":[{"taxonomy":"category","embeddable":true,"href":"https:\/\/med.estrategia.com\/portal\/wp-json\/wp\/v2\/categories?post=15038"},{"taxonomy":"post_tag","embeddable":true,"href":"https:\/\/med.estrategia.com\/portal\/wp-json\/wp\/v2\/tags?post=15038"},{"taxonomy":"wl_entity_type","embeddable":true,"href":"https:\/\/med.estrategia.com\/portal\/wp-json\/wp\/v2\/wl_entity_type?post=15038"}],"curies":[{"name":"wp","href":"https:\/\/api.w.org\/{rel}","templated":true}]}}