{"id":15193,"date":"2021-11-30T20:44:16","date_gmt":"2021-11-30T23:44:16","guid":{"rendered":"https:\/\/med.estrategiaeducacional.com.br\/blog\/?p=15193"},"modified":"2022-06-30T18:01:40","modified_gmt":"2022-06-30T21:01:40","slug":"resumed-de-sifilis-na-gestacao","status":"publish","type":"post","link":"https:\/\/med.estrategia.com\/portal\/conteudos-gratis\/resumed\/resumed-de-sifilis-na-gestacao\/","title":{"rendered":"ResuMED de s\u00edfilis na gesta\u00e7\u00e3o: diagn\u00f3stico, tratamento e mais!"},"content":{"rendered":"<p>Como vai, futuro Residente? Procurando saber mais sobre <strong>s&iacute;filis na gesta&ccedil;&atilde;o <\/strong>para as provas de Resid&ecirc;ncia M&eacute;dica? Aqui nesse resumo exclusivo do <strong>Estrat&eacute;gia MED<\/strong> voc&ecirc; aprende sobre sua transmiss&atilde;o, diagn&oacute;sticos, tratamento e muito mais! Para saber mais, continue a leitura. Bons estudos!&nbsp;<div id=\"ez-toc-container\" class=\"ez-toc-v2_0_79_2 counter-hierarchy ez-toc-counter ez-toc-transparent ez-toc-container-direction\">\n<div class=\"ez-toc-title-container\"><p class=\"ez-toc-title\" style=\"cursor:inherit\">Navegue pelo conte\u00fado<\/p>\n<\/div><nav><ul class='ez-toc-list ez-toc-list-level-1 ' ><li class='ez-toc-page-1 ez-toc-heading-level-2'><a class=\"ez-toc-link ez-toc-heading-1\" href=\"https:\/\/med.estrategia.com\/portal\/conteudos-gratis\/resumed\/resumed-de-sifilis-na-gestacao\/#Introducao\" >Introdu&ccedil;&atilde;o<\/a><\/li><li class='ez-toc-page-1 ez-toc-heading-level-2'><a class=\"ez-toc-link ez-toc-heading-2\" href=\"https:\/\/med.estrategia.com\/portal\/conteudos-gratis\/resumed\/resumed-de-sifilis-na-gestacao\/#Transmissao\" >Transmiss&atilde;o<\/a><\/li><li class='ez-toc-page-1 ez-toc-heading-level-2'><a class=\"ez-toc-link ez-toc-heading-3\" href=\"https:\/\/med.estrategia.com\/portal\/conteudos-gratis\/resumed\/resumed-de-sifilis-na-gestacao\/#Manifestacoes-clinicas\" >Manifesta&ccedil;&otilde;es cl&iacute;nicas<\/a><\/li><li class='ez-toc-page-1 ez-toc-heading-level-2'><a class=\"ez-toc-link ez-toc-heading-4\" href=\"https:\/\/med.estrategia.com\/portal\/conteudos-gratis\/resumed\/resumed-de-sifilis-na-gestacao\/#Diagnostico\" >Diagn&oacute;stico<\/a><\/li><li class='ez-toc-page-1 ez-toc-heading-level-2'><a class=\"ez-toc-link ez-toc-heading-5\" href=\"https:\/\/med.estrategia.com\/portal\/conteudos-gratis\/resumed\/resumed-de-sifilis-na-gestacao\/#Tratamento\" >Tratamento<\/a><\/li><li class='ez-toc-page-1 ez-toc-heading-level-2'><a class=\"ez-toc-link ez-toc-heading-6\" href=\"https:\/\/med.estrategia.com\/portal\/conteudos-gratis\/resumed\/resumed-de-sifilis-na-gestacao\/#Veja-tambem\" >Veja tamb&eacute;m:<\/a><\/li><\/ul><\/nav><\/div>\n<h2 class=\"wp-block-heading\" id=\"h-introducao\"><span class=\"ez-toc-section\" id=\"Introducao\"><\/span><strong>Introdu&ccedil;&atilde;o<\/strong><span class=\"ez-toc-section-end\"><\/span><\/h2><p>A s&iacute;filis propriamente dita &eacute; uma doen&ccedil;a infectocontagiosa, sexualmente transmiss&iacute;vel, que acomete o indiv&iacute;duo de maneira sist&ecirc;mica e possui evolu&ccedil;&atilde;o cr&ocirc;nica. Vamos abordar aqui a s&iacute;filis na gesta&ccedil;&atilde;o, que pode ser transmitida para o feto e causar consequ&ecirc;ncias importantes como abortamento, malforma&ccedil;&otilde;es fetais, prematuridade e at&eacute; mesmo &oacute;bito fetal ou neonatal.&nbsp;<\/p><p>Causada pela bact&eacute;ria gram-negativa <strong><em>Treponema pallidum<\/em><\/strong>, um pat&oacute;geno exclusivo do ser humano contra&iacute;do por pequenas escoria&ccedil;&otilde;es causadas durante o ato sexual, &eacute; disseminada via hematog&ecirc;nica por diferentes &oacute;rg&atilde;os, onde se multiplica e sobrevive por muito tempo.&nbsp;<\/p><p>Por mais que seu tratamento seja eficaz e acess&iacute;vel, e sua transmiss&atilde;o control&aacute;vel, o &iacute;ndice de casos de s&iacute;filis aumentaram ao longo dos &uacute;ltimos anos. Por isso, sua <strong>notifica&ccedil;&atilde;o compuls&oacute;ria<\/strong> &eacute; obrigat&oacute;ria em todo territ&oacute;rio nacional, tanto da s&iacute;filis adquirida quanto da cong&ecirc;nita e na gesta&ccedil;&atilde;o.&nbsp;<\/p><p><\/p><p>\n\n\n<div id=\"new-form\">\n\t<form id=\"forms_layout\">\n\t<input type=\"hidden\" id=\"chave_de\" name=\"chave_de\" value=\"01_EMED_LEADS_TOTAIS\" \/>\n\t\t<input type=\"hidden\" id=\"mid\" name=\"mid\" value=\"515009018\" \/>\n\t\t<input type=\"hidden\" id=\"Objetivo\" name=\"Objetivo\" value=\"Medicina\" \/>\n\t\t<input type=\"hidden\" id=\"Estado_de_Origem_do_IP\" name=\"Estado_de_Origem_do_IP\"  value=\"\" \/>\n\t\t<input type=\"hidden\" id=\"Cidade_de_Origem_do_IP\" name=\"Cidade_de_Origem_do_IP\" value=\"\" \/>\n\t\t<input type=\"hidden\" id=\"Modo_de_entrada\" name=\"Modo_de_entrada\" value=\"Portal\" \/>\n\t\t<input type=\"hidden\" id=\"Pagina_Origem\" name=\"Pagina_Origem\" value=\"\" \/>\n\n\t\t<div class=\"texto\">\n\t\t\t<h3 class=\"news\">Inscreva-se em nossa newsletter!<\/h3>\n\t\t\t<p>Receba not\u00edcias sobre resid\u00eancia m\u00e9dica, revalida\u00e7\u00e3o de diplomas e concursos m\u00e9dicos, al\u00e9m de materiais de estudo gratuitos e informa\u00e7\u00f5es relevantes do mundo da Medicina.<\/p>\n\t\t<\/div>\n\t\t<div class=\"campos\">\n\t\t\t<div class=\"first_name labels\">\n\t\t\t\t<input type=\"text\" class=\"input_labels\" id=\"first_name\" name=\"Nome_Completo\" placeholder=\"Nome\" required \/>\n\t\t\t<\/div>\n\t\t\t<div class=\"email labels\">\n\t\t\t\t<input type=\"email\" class=\"input_labels\" id=\"email\" name=\"Email\" placeholder=\"E-mail\" required \/>\n\t\t\t<\/div>\n\t\t\t<button type=\"submit\" class=\"button_layout\">\n\t\t\t\t<div id=\"lblBotao\">Inscreva-se<\/div>\n\t\t\t\t<span id=\"divSpiner\" class=\"loader\" role=\"status\" style=\"display: none;\"><\/span>\t\n\t\t\t<\/button>\n\t\t<\/div><!-- \/campos -->\n\t\t\n\t\t<label class=\"container_checkbox\">Voc\u00ea concorda com a nossa\n\t\t\t<a class=\"politics_privacy_ahref\" target=\"_blank\" href=\"https:\/\/gratis.estrategiaconcursos.com.br\/politica-de-privacidade\/\">Pol\u00edtica de Privacidade<\/a> e aceita receber informa\u00e7\u00f5es adicionais do Estrat\u00e9gia Educacional.\n\t\t\t<input id=\"checkbox_layout\" type=\"checkbox\" checked=\"checked\" required \/>\n\t\t\t<span class=\"checkbox\"><\/span>\n\t\t<\/label>\n\t\t<div id=\"msg\"><\/div>\n\t\t<div id=\"error\" class=\"error\">\n\t\t<\/div>\n\t<\/form>\n<\/div><!-- \/new-form -->\n\n\n\n<\/p><h2 class=\"wp-block-heading\" id=\"h-transmissao\"><span class=\"ez-toc-section\" id=\"Transmissao\"><\/span><strong>Transmiss&atilde;o<\/strong><span class=\"ez-toc-section-end\"><\/span><\/h2><p>Como dito anteriormente, a s&iacute;filis &eacute; transmitida, majoritariamente, por via sexual, mas tamb&eacute;m pode ocorrer por transmiss&atilde;o vertical e transfus&atilde;o sangu&iacute;nea. Al&eacute;m disso, a chance de ser transmitida &eacute; maior nos est&aacute;gios iniciais da doen&ccedil;a, durante a s&iacute;filis prim&aacute;ria e secund&aacute;ria, e menor nos est&aacute;gios tardios, na s&iacute;filis latente tardia e terci&aacute;ria, por conta da presen&ccedil;a de espiroquetas nas les&otilde;es iniciais.<\/p><p>Na gesta&ccedil;&atilde;o, o risco do feto adquirir s&iacute;filis cong&ecirc;nita se d&aacute; pela transmiss&atilde;o vertical, com cerca de 80% de taxa de transmiss&atilde;o. Ela ocorre principalmente por <strong>via placent&aacute;ria, <\/strong>geralmente com maior comprometimento quando contra&iacute;da no in&iacute;cio da gesta&ccedil;&atilde;o e nos est&aacute;gios recentes da doen&ccedil;a. Ao final da gesta&ccedil;&atilde;o, apesar da maior permeabilidade da barreira placent&aacute;ria, o risco fetal &eacute; menor.<\/p><p>Durante o parto, sua transmiss&atilde;o &eacute; rara e ocorre somente se a paciente apresentar les&atilde;o sifil&iacute;tica no canal do parto, e na amamenta&ccedil;&atilde;o se houver les&atilde;o sifil&iacute;tica mam&aacute;ria. Por n&atilde;o existir vacina nem imunidade protetora por infec&ccedil;&atilde;o pr&eacute;via, a gestante pode se reinfectar cada vez que se expor ao pat&oacute;geno, portanto o rastreio recorrente durante a gesta&ccedil;&atilde;o &eacute; essencial para um tratamento r&aacute;pido e efetivo que evite a transmiss&atilde;o vertical.&nbsp;<\/p><h2 class=\"wp-block-heading\" id=\"h-manifestacoes-clinicas\"><span class=\"ez-toc-section\" id=\"Manifestacoes-clinicas\"><\/span><strong>Manifesta&ccedil;&otilde;es cl&iacute;nicas<\/strong><span class=\"ez-toc-section-end\"><\/span><\/h2><p>As manifesta&ccedil;&otilde;es cl&iacute;nicas da s&iacute;filis na gestante s&atilde;o semelhantes &agrave;s encontradas na popula&ccedil;&atilde;o geral com s&iacute;filis adquirida. Normalmente, s&atilde;o assintom&aacute;ticas ou apresentam cl&iacute;nica branda, por&eacute;m, quando n&atilde;o tratadas, podem evoluir para um quadro grave com comprometimento do sistema nervoso e cardiovascular.&nbsp;<\/p><p>Assim, com base nos achados cl&iacute;nicos &eacute; poss&iacute;vel dividir a s&iacute;filis em est&aacute;gios que auxiliam no direcionamento do tratamento da doen&ccedil;a:&nbsp;<\/p><p><strong>S&iacute;filis adquirida<\/strong><\/p><ul class=\"wp-block-list\"><li><strong>Recente (menos de 1 ano de evolu&ccedil;&atilde;o):<\/strong>&nbsp;<ul><li><strong>Prim&aacute;ria:<\/strong> cancro duro e linfadenopatia regional. Sintomatologia aparente 3 semanas ap&oacute;s o contato e desaparecem espontaneamente mesmo sem tratamento de 3 a 8 semanas.&nbsp;<\/li><li><strong>Secund&aacute;ria:<\/strong> les&otilde;es cutaneomucosas, micropoliadenopatia e sinais constitucionais. Sintomatologia aparente de 6 semanas a 6 meses ap&oacute;s desaparecer o cancro duro e desaparecem espontaneamente.<\/li><li><strong>Latente recorrente:<\/strong> assintom&aacute;tica.<\/li><\/ul><\/li><li><strong>Tardia (mais de 1 ano de evolu&ccedil;&atilde;o):&nbsp;<\/strong><ul><li><strong>Latente tardia:<\/strong> assintom&aacute;tica.<\/li><li><strong>Terci&aacute;ria:<\/strong> manifesta&ccedil;&otilde;es cut&acirc;neas (goma sifil&iacute;tica) e cardiovasculares (estenose de coron&aacute;rias, aorta e aneurisma da aorta).<\/li><li><strong>Neuros&iacute;filis:<\/strong> meningite, gomas do c&eacute;rebro ou na medula, atrofia do nervo &oacute;ptico, les&atilde;o do s&eacute;timo nervo craniano, manifesta&ccedil;&otilde;es psiqui&aacute;tricas, <em>tabes dorsalis<\/em><em> <\/em>e quadros demenciais, como o da paralisia geral.&nbsp;<\/li><\/ul><\/li><\/ul><p>A maioria das gestantes se encontram no est&aacute;gio de s&iacute;filis latente, o tempo cronol&oacute;gico da infec&ccedil;&atilde;o &eacute; dif&iacute;cil de ser determinado. Por isso, esses casos s&atilde;o classificados como s&iacute;filis latente tardia de dura&ccedil;&atilde;o ignorada.&nbsp;<\/p><h2 class=\"wp-block-heading\" id=\"h-diagnostico\"><span class=\"ez-toc-section\" id=\"Diagnostico\"><\/span><strong>Diagn&oacute;stico<\/strong><span class=\"ez-toc-section-end\"><\/span><\/h2><p>Os exames diagn&oacute;sticos para s&iacute;filis podem ser divididos em <strong>exames diretos e testes imunol&oacute;gicos.&nbsp;<\/strong><\/p><h3 class=\"wp-block-heading\" id=\"h-exames-diretos\"><strong>Exames diretos<\/strong><\/h3><p>S&atilde;o os que detectam a bact&eacute;ria diretamente na les&atilde;o suspeita, prim&aacute;ria e secund&aacute;ria, e podem ser feitos por <strong>exame em campo escuro ou pesquisa direta com material corado por imunofluoresc&ecirc;ncia direta. <\/strong>Os exames diretos positivam antes que os imunol&oacute;gicos, mas mesmo quando for negativo, os exames imunol&oacute;gicos devem ser requisitados.&nbsp;<\/p><h3 class=\"wp-block-heading\" id=\"h-testes-imunologicos\"><strong>Testes imunol&oacute;gicos&nbsp;<\/strong><\/h3><p>S&atilde;o os testes que identificam os anticorpos em amostra de sangue, soro ou plasma, e podem ser<strong> trepon&ecirc;micos ou n&atilde;o trepon&ecirc;micos.&nbsp;<\/strong><\/p><p>Os testes trepon&ecirc;mico detectam os anticorpos espec&iacute;ficos da bact&eacute;ria pat&oacute;gena e s&atilde;o os primeiros a ficarem reagentes, podendo permanecer positivos durante toda a vida, mesmo ap&oacute;s o tratamento e cura da doen&ccedil;a. Por isso, s&atilde;o considerados como primeiro teste diagn&oacute;stico, mas n&atilde;o servem para monitoriza&ccedil;&atilde;o.&nbsp;<\/p><p>J&aacute; os testes n&atilde;o trepon&ecirc;micos s&atilde;o os que detectam anticorpos anticardiolipina n&atilde;o espec&iacute;ficos para <em>Treponema pallidum<\/em>, como o <strong>VLR, RPR e USR. <\/strong>S&atilde;o utilizados para monitoriza&ccedil;&atilde;o da resposta ao tratamento e controle da cura, pois, por serem expressos em t&iacute;tulos, permitem a an&aacute;lise quantitativa e qualitativa.&nbsp;<\/p><p>Apesar de raros, podem ocorrer falsos positivos nos testes n&atilde;o trepon&ecirc;micos, pois outras doen&ccedil;as, como l&uacute;pus e Chagas, tamb&eacute;m produzem anticorpos da cardiolipina.<\/p><h3 class=\"wp-block-heading\" id=\"h-diagnostico-da-sifilis-na-gestacao\"><strong>Diagn&oacute;stico da s&iacute;filis na gesta&ccedil;&atilde;o<\/strong><\/h3><p>&Eacute; feito pela correla&ccedil;&atilde;o entre os achados cl&iacute;nicos, exames laboratoriais, hist&oacute;rico de infec&ccedil;&atilde;o passada e exposi&ccedil;&atilde;o recente. Para fazer o diagn&oacute;stico devem ser realizados um teste trepon&ecirc;mico e um n&atilde;o trepon&ecirc;mico. Ser&aacute; positivo quando ambos estiverem reagentes e for afastada a cicatriz sorol&oacute;gica.&nbsp;<\/p><p><strong>Lembre-se:<\/strong> qualquer titula&ccedil;&atilde;o do teste n&atilde;o trepon&ecirc;mico &eacute; considerada positiva para s&iacute;filis.&nbsp;<\/p><p>Nas consultas de pr&eacute;-natal, &eacute; obrigat&oacute;rio a realiza&ccedil;&atilde;o de exames para s&iacute;filis na primeira consulta, no in&iacute;cio do terceiro trimestre, no momento do parto ou aborto e a qualquer momento, ap&oacute;s exposi&ccedil;&atilde;o de risco\/viol&ecirc;ncia sexual. Ainda que s&oacute; um dos testes esteja positivo, o tratamento imediato &eacute; recomendado para as gestantes, a fim de evitar maior risco de infec&ccedil;&atilde;o para o concepto, mas n&atilde;o excluindo a realiza&ccedil;&atilde;o de outro teste.<\/p><h2 class=\"wp-block-heading\" id=\"h-tratamento\"><span class=\"ez-toc-section\" id=\"Tratamento\"><\/span><strong>Tratamento<\/strong><span class=\"ez-toc-section-end\"><\/span><\/h2><p>Na gesta&ccedil;&atilde;o, o &uacute;nico tratamento efetivo e seguro para s&iacute;filis e a <strong>benzilpenicilina benzatina intramuscular<\/strong>, pois &eacute; a &uacute;nica comprovadamente segura que passa pela barreira placent&aacute;ria e previne s&iacute;filis cong&ecirc;nita.Ssua dosagem depende do estadiamento da doen&ccedil;a. Observe:<\/p><ul class=\"wp-block-list\"><li><strong>S&iacute;filis recente:<\/strong> benzilpenicilina benzatina &ndash; 2,4 milh&otilde;es UI, IM, dose &uacute;nica (1,2 milh&atilde;o UI\/gl&uacute;teo)<\/li><li><strong>S&iacute;filis tardia: <\/strong>benzilpenicilina benzatina &ndash; 2,4 milh&otilde;es UI, IM, semanal (1,2 milh&atilde;o UI\/gl&uacute;teo, por tr&ecirc;s semanas), dose total 7,2 milh&otilde;es UI, IM; ou benzilpenicilina proca&iacute;na cristalina &ndash; 18-24 milh&otilde;es UI\/dia, EV (3-4 milh&otilde;es UI, 4\/4 horas ou infus&atilde;o cont&iacute;nua, por 14 dias)&nbsp;<\/li><\/ul><p>Caso a gestante possua alergia &agrave; penicilina, deve ser dessensibilizada com penicilina oral em ambiente hospitalar para ent&atilde;o ser tratada com penicilina benzatina em dose adequada.&nbsp;<\/p><p>Por ser uma infec&ccedil;&atilde;o sexualmente transmiss&iacute;vel, o(a)&nbsp; parceiro (a) tamb&eacute;m deve ser tratado concomitantemente &agrave; gestante. Quando o tratamento n&atilde;o &eacute; realizado adequadamente, o rec&eacute;m-nascido deve receber tratamento imediato para a s&iacute;filis cong&ecirc;nita e acompanhado de exames complementares.<\/p><p>Ap&oacute;s o&nbsp; tratamento, deve haver sua monitoriza&ccedil;&atilde;o mensal com teste n&atilde;o trepon&ecirc;mico, e trimestral ap&oacute;s o nascimento no primeiro ano e semestral no segundo. Considera-se resposta imunol&oacute;gica adequada se o teste n&atilde;o trepon&ecirc;mico for n&atilde;o reagente ou haver queda da titula&ccedil;&atilde;o em duas dilui&ccedil;&otilde;es dentro de seis meses para s&iacute;filis recente e at&eacute; 12 meses para a tardia na gesta&ccedil;&atilde;o.&nbsp;<\/p><p><strong>Gostou do conte&uacute;do? <\/strong>N&atilde;o deixe de fazer parte do time <strong>Estrat&eacute;gia MED <\/strong>e assinar a nossa plataforma! L&aacute; voc&ecirc; encontra diversos materiais exclusivos com tudo o que precisa para alcan&ccedil;ar sua vaga na Resid&ecirc;ncia M&eacute;dica, al&eacute;m de simulados, bancos de quest&otilde;es, mais resumos e muito mais!&nbsp;<\/p><p><strong><a id=\"cta\" class=\"cta-imagem\" href=\"https:\/\/med.estrategia.com\/cursos\/extensivo-de-residncia-mdica\/\" target=\"blank\">\n                <img decoding=\"async\" width=\"100%\" src=\"https:\/\/med.estrategia.com\/portal\/wp-content\/uploads\/2025\/08\/extensivo_rm.jpg\" alt=\"Extensivo RM\" title=\"extensivo_rm\">\n        <\/a><\/strong><\/p><h2 class=\"wp-block-heading\"><span class=\"ez-toc-section\" id=\"Veja-tambem\"><\/span>Veja tamb&eacute;m:<span class=\"ez-toc-section-end\"><\/span><\/h2><ul class=\"wp-block-list\"><li><a href=\"https:\/\/med.estrategia.com\/portal\/profissoes-da-medicina\/infectologia\/\">Resid&ecirc;ncia M&eacute;dica em Infectologia: rotina, sal&aacute;rio e mais<\/a><\/li><li><a href=\"https:\/\/med.estrategia.com\/portal\/aluno-de-medicina\/dicas-de-estudo\/gripe\/\">Gripe: o que &eacute;, sintomas e muito mais<\/a><\/li><li><a href=\"https:\/\/med.estrategia.com\/portal\/aluno-de-medicina\/febre-amarela\/\">Febre Amarela: transmiss&atilde;o, sintomas e muito mais<\/a><\/li><li><a href=\"https:\/\/med.estrategia.com\/portal\/aluno-de-medicina\/dicas-de-estudo\/resumed-de-malaria\/\">Resumo de Mal&aacute;ria: diagn&oacute;stico, tratamento, preven&ccedil;&atilde;o e muito mais<\/a><\/li><li><a href=\"https:\/\/med.estrategia.com\/portal\/aluno-de-medicina\/dicas-de-estudo\/rubeola\/\">Rub&eacute;ola: causas, sintomas e muito mais<\/a><\/li><li><a href=\"https:\/\/med.estrategia.com\/portal\/aluno-de-medicina\/hanseniase\/\">Hansen&iacute;ase: o que &eacute;, diagn&oacute;stico, tratamento e muito mais<\/a><\/li><li><a href=\"https:\/\/www.febrasgo.org.br\/pt\/\" target=\"_blank\">Federa&ccedil;&atilde;o Brasileira das Associa&ccedil;&otilde;es de Ginecologia e Obstetr&iacute;cia<\/a><\/li><\/ul><\/p>\n","protected":false},"excerpt":{"rendered":"Como vai, futuro Residente? Procurando saber mais sobre s&iacute;filis na gesta&ccedil;&atilde;o para as provas de Resid&ecirc;ncia M&eacute;dica? Aqui&hellip;\n","protected":false},"author":36,"featured_media":15195,"comment_status":"closed","ping_status":"closed","sticky":false,"template":"","format":"standard","meta":{"wl_entities_gutenberg":"","footnotes":""},"categories":[302],"tags":[78,51,40],"wl_entity_type":[199],"class_list":{"0":"post-15193","1":"post","2":"type-post","3":"status-publish","4":"format-standard","5":"has-post-thumbnail","7":"category-resumed","8":"tag-ginecologia-e-obstetricia","9":"tag-infectologia","10":"tag-pediatria","11":"wl_entity_type-article"},"acf":[],"yoast_head":"<!-- This site is optimized with the Yoast SEO Premium plugin v26.6 (Yoast SEO v26.6) - https:\/\/yoast.com\/wordpress\/plugins\/seo\/ -->\n<title>ResuMED de s\u00edfilis na gesta\u00e7\u00e3o: diagn\u00f3stico, tratamento e mais!<\/title>\n<meta name=\"description\" content=\"Quer saber tudo o que precisa sobre s\u00edfilis na gesta\u00e7\u00e3o para as provas de Resid\u00eancia M\u00e9dica? Confira o resumo exclusivo do Estrat\u00e9gia MED!\" \/>\n<meta name=\"robots\" content=\"index, follow, max-snippet:-1, max-image-preview:large, max-video-preview:-1\" \/>\n<link rel=\"canonical\" href=\"https:\/\/med.estrategia.com\/portal\/conteudos-gratis\/resumed\/resumed-de-sifilis-na-gestacao\/\" \/>\n<meta property=\"og:locale\" content=\"pt_BR\" \/>\n<meta property=\"og:type\" content=\"article\" \/>\n<meta property=\"og:title\" content=\"ResuMED de s\u00edfilis na gesta\u00e7\u00e3o: diagn\u00f3stico, tratamento e mais!\" \/>\n<meta property=\"og:description\" content=\"Quer saber tudo o que precisa sobre s\u00edfilis na gesta\u00e7\u00e3o para as provas de Resid\u00eancia M\u00e9dica? Confira o resumo exclusivo do Estrat\u00e9gia MED!\" \/>\n<meta property=\"og:url\" content=\"https:\/\/med.estrategia.com\/portal\/conteudos-gratis\/resumed\/resumed-de-sifilis-na-gestacao\/\" \/>\n<meta property=\"og:site_name\" content=\"Estrat\u00e9gia MED\" \/>\n<meta property=\"article:publisher\" content=\"https:\/\/www.facebook.com\/estrategiamed1\" \/>\n<meta property=\"article:published_time\" content=\"2021-11-30T23:44:16+00:00\" \/>\n<meta property=\"article:modified_time\" content=\"2022-06-30T21:01:40+00:00\" \/>\n<meta property=\"og:image\" content=\"https:\/\/cdn.medblog.estrategiaeducacional.com.br\/wp-content\/uploads\/2021\/11\/30204350\/pexels-photo-2220699.jpeg\" \/>\n\t<meta property=\"og:image:width\" content=\"1880\" \/>\n\t<meta property=\"og:image:height\" content=\"1253\" \/>\n\t<meta property=\"og:image:type\" content=\"image\/jpeg\" \/>\n<meta name=\"author\" content=\"Rafaela Andrade\" \/>\n<meta name=\"twitter:card\" content=\"summary_large_image\" \/>\n<meta name=\"twitter:creator\" content=\"@estrategiamed_\" \/>\n<meta name=\"twitter:site\" content=\"@estrategiamed_\" \/>\n<meta name=\"twitter:label1\" content=\"Escrito por\" \/>\n\t<meta name=\"twitter:data1\" content=\"Rafaela Andrade\" \/>\n\t<meta name=\"twitter:label2\" content=\"Est. tempo de leitura\" \/>\n\t<meta name=\"twitter:data2\" content=\"7 minutos\" \/>\n<script type=\"application\/ld+json\" class=\"yoast-schema-graph\">{\"@context\":\"https:\/\/schema.org\",\"@graph\":[{\"@type\":\"WebPage\",\"@id\":\"https:\/\/med.estrategia.com\/portal\/conteudos-gratis\/resumed\/resumed-de-sifilis-na-gestacao\/\",\"url\":\"https:\/\/med.estrategia.com\/portal\/conteudos-gratis\/resumed\/resumed-de-sifilis-na-gestacao\/\",\"name\":\"ResuMED de s\u00edfilis na gesta\u00e7\u00e3o: diagn\u00f3stico, tratamento e mais!\",\"isPartOf\":{\"@id\":\"https:\/\/med.estrategia.com\/portal\/#website\"},\"primaryImageOfPage\":{\"@id\":\"https:\/\/med.estrategia.com\/portal\/conteudos-gratis\/resumed\/resumed-de-sifilis-na-gestacao\/#primaryimage\"},\"image\":{\"@id\":\"https:\/\/med.estrategia.com\/portal\/conteudos-gratis\/resumed\/resumed-de-sifilis-na-gestacao\/#primaryimage\"},\"thumbnailUrl\":\"https:\/\/med.estrategia.com\/portal\/wp-content\/uploads\/2021\/11\/pexels-photo-2220699.jpeg\",\"datePublished\":\"2021-11-30T23:44:16+00:00\",\"dateModified\":\"2022-06-30T21:01:40+00:00\",\"author\":{\"@id\":\"https:\/\/med.estrategia.com\/portal\/#\/schema\/person\/609270a40e2dd9edb6da4517f0b0895d\"},\"description\":\"Quer saber tudo o que precisa sobre s\u00edfilis na gesta\u00e7\u00e3o para as provas de Resid\u00eancia M\u00e9dica? Confira o resumo exclusivo do Estrat\u00e9gia MED!\",\"breadcrumb\":{\"@id\":\"https:\/\/med.estrategia.com\/portal\/conteudos-gratis\/resumed\/resumed-de-sifilis-na-gestacao\/#breadcrumb\"},\"inLanguage\":\"pt-BR\",\"potentialAction\":[{\"@type\":\"ReadAction\",\"target\":[\"https:\/\/med.estrategia.com\/portal\/conteudos-gratis\/resumed\/resumed-de-sifilis-na-gestacao\/\"]}]},{\"@type\":\"ImageObject\",\"inLanguage\":\"pt-BR\",\"@id\":\"https:\/\/med.estrategia.com\/portal\/conteudos-gratis\/resumed\/resumed-de-sifilis-na-gestacao\/#primaryimage\",\"url\":\"https:\/\/med.estrategia.com\/portal\/wp-content\/uploads\/2021\/11\/pexels-photo-2220699.jpeg\",\"contentUrl\":\"https:\/\/med.estrategia.com\/portal\/wp-content\/uploads\/2021\/11\/pexels-photo-2220699.jpeg\",\"width\":1880,\"height\":1253},{\"@type\":\"BreadcrumbList\",\"@id\":\"https:\/\/med.estrategia.com\/portal\/conteudos-gratis\/resumed\/resumed-de-sifilis-na-gestacao\/#breadcrumb\",\"itemListElement\":[{\"@type\":\"ListItem\",\"position\":1,\"name\":\"Home\",\"item\":\"https:\/\/med.estrategia.com\/portal\/\"},{\"@type\":\"ListItem\",\"position\":2,\"name\":\"Conte\u00fados Gr\u00e1tis\",\"item\":\"https:\/\/med.estrategia.com\/portal\/conteudos-gratis\/\"},{\"@type\":\"ListItem\",\"position\":3,\"name\":\"ResuMED\",\"item\":\"https:\/\/med.estrategia.com\/portal\/conteudos-gratis\/resumed\/\"},{\"@type\":\"ListItem\",\"position\":4,\"name\":\"ResuMED de s\u00edfilis na gesta\u00e7\u00e3o: diagn\u00f3stico, tratamento e mais!\"}]},{\"@type\":\"WebSite\",\"@id\":\"https:\/\/med.estrategia.com\/portal\/#website\",\"url\":\"https:\/\/med.estrategia.com\/portal\/\",\"name\":\"Estrat\u00e9gia MED\",\"description\":\"\",\"potentialAction\":[{\"@type\":\"SearchAction\",\"target\":{\"@type\":\"EntryPoint\",\"urlTemplate\":\"https:\/\/med.estrategia.com\/portal\/?s={search_term_string}\"},\"query-input\":{\"@type\":\"PropertyValueSpecification\",\"valueRequired\":true,\"valueName\":\"search_term_string\"}}],\"inLanguage\":\"pt-BR\"},{\"@type\":\"Person\",\"@id\":\"https:\/\/med.estrategia.com\/portal\/#\/schema\/person\/609270a40e2dd9edb6da4517f0b0895d\",\"name\":\"Rafaela Andrade\",\"image\":{\"@type\":\"ImageObject\",\"inLanguage\":\"pt-BR\",\"@id\":\"https:\/\/med.estrategia.com\/portal\/#\/schema\/person\/image\/\",\"url\":\"https:\/\/med.estrategia.com\/portal\/wp-content\/uploads\/2021\/09\/ProfilePicturePhoto.jpg\",\"contentUrl\":\"https:\/\/med.estrategia.com\/portal\/wp-content\/uploads\/2021\/09\/ProfilePicturePhoto.jpg\",\"caption\":\"Rafaela Andrade\"},\"description\":\"Cai\u00e7ara, acad\u00eamica de medicina da Universidade Metropolitana de Santos e apaixonada pela arte de cuidar, ouvir e ensinar.\",\"url\":\"https:\/\/med.estrategia.com\/portal\/author\/rafaela-andrade\/\"}]}<\/script>\n<!-- \/ Yoast SEO Premium plugin. -->","yoast_head_json":{"title":"ResuMED de s\u00edfilis na gesta\u00e7\u00e3o: diagn\u00f3stico, tratamento e mais!","description":"Quer saber tudo o que precisa sobre s\u00edfilis na gesta\u00e7\u00e3o para as provas de Resid\u00eancia M\u00e9dica? Confira o resumo exclusivo do Estrat\u00e9gia MED!","robots":{"index":"index","follow":"follow","max-snippet":"max-snippet:-1","max-image-preview":"max-image-preview:large","max-video-preview":"max-video-preview:-1"},"canonical":"https:\/\/med.estrategia.com\/portal\/conteudos-gratis\/resumed\/resumed-de-sifilis-na-gestacao\/","og_locale":"pt_BR","og_type":"article","og_title":"ResuMED de s\u00edfilis na gesta\u00e7\u00e3o: diagn\u00f3stico, tratamento e mais!","og_description":"Quer saber tudo o que precisa sobre s\u00edfilis na gesta\u00e7\u00e3o para as provas de Resid\u00eancia M\u00e9dica? Confira o resumo exclusivo do Estrat\u00e9gia MED!","og_url":"https:\/\/med.estrategia.com\/portal\/conteudos-gratis\/resumed\/resumed-de-sifilis-na-gestacao\/","og_site_name":"Estrat\u00e9gia MED","article_publisher":"https:\/\/www.facebook.com\/estrategiamed1","article_published_time":"2021-11-30T23:44:16+00:00","article_modified_time":"2022-06-30T21:01:40+00:00","og_image":[{"width":1880,"height":1253,"url":"https:\/\/cdn.medblog.estrategiaeducacional.com.br\/wp-content\/uploads\/2021\/11\/30204350\/pexels-photo-2220699.jpeg","type":"image\/jpeg"}],"author":"Rafaela Andrade","twitter_card":"summary_large_image","twitter_creator":"@estrategiamed_","twitter_site":"@estrategiamed_","twitter_misc":{"Escrito por":"Rafaela Andrade","Est. tempo de leitura":"7 minutos"},"schema":{"@context":"https:\/\/schema.org","@graph":[{"@type":"WebPage","@id":"https:\/\/med.estrategia.com\/portal\/conteudos-gratis\/resumed\/resumed-de-sifilis-na-gestacao\/","url":"https:\/\/med.estrategia.com\/portal\/conteudos-gratis\/resumed\/resumed-de-sifilis-na-gestacao\/","name":"ResuMED de s\u00edfilis na gesta\u00e7\u00e3o: diagn\u00f3stico, tratamento e mais!","isPartOf":{"@id":"https:\/\/med.estrategia.com\/portal\/#website"},"primaryImageOfPage":{"@id":"https:\/\/med.estrategia.com\/portal\/conteudos-gratis\/resumed\/resumed-de-sifilis-na-gestacao\/#primaryimage"},"image":{"@id":"https:\/\/med.estrategia.com\/portal\/conteudos-gratis\/resumed\/resumed-de-sifilis-na-gestacao\/#primaryimage"},"thumbnailUrl":"https:\/\/med.estrategia.com\/portal\/wp-content\/uploads\/2021\/11\/pexels-photo-2220699.jpeg","datePublished":"2021-11-30T23:44:16+00:00","dateModified":"2022-06-30T21:01:40+00:00","author":{"@id":"https:\/\/med.estrategia.com\/portal\/#\/schema\/person\/609270a40e2dd9edb6da4517f0b0895d"},"description":"Quer saber tudo o que precisa sobre s\u00edfilis na gesta\u00e7\u00e3o para as provas de Resid\u00eancia M\u00e9dica? Confira o resumo exclusivo do Estrat\u00e9gia MED!","breadcrumb":{"@id":"https:\/\/med.estrategia.com\/portal\/conteudos-gratis\/resumed\/resumed-de-sifilis-na-gestacao\/#breadcrumb"},"inLanguage":"pt-BR","potentialAction":[{"@type":"ReadAction","target":["https:\/\/med.estrategia.com\/portal\/conteudos-gratis\/resumed\/resumed-de-sifilis-na-gestacao\/"]}]},{"@type":"ImageObject","inLanguage":"pt-BR","@id":"https:\/\/med.estrategia.com\/portal\/conteudos-gratis\/resumed\/resumed-de-sifilis-na-gestacao\/#primaryimage","url":"https:\/\/med.estrategia.com\/portal\/wp-content\/uploads\/2021\/11\/pexels-photo-2220699.jpeg","contentUrl":"https:\/\/med.estrategia.com\/portal\/wp-content\/uploads\/2021\/11\/pexels-photo-2220699.jpeg","width":1880,"height":1253},{"@type":"BreadcrumbList","@id":"https:\/\/med.estrategia.com\/portal\/conteudos-gratis\/resumed\/resumed-de-sifilis-na-gestacao\/#breadcrumb","itemListElement":[{"@type":"ListItem","position":1,"name":"Home","item":"https:\/\/med.estrategia.com\/portal\/"},{"@type":"ListItem","position":2,"name":"Conte\u00fados Gr\u00e1tis","item":"https:\/\/med.estrategia.com\/portal\/conteudos-gratis\/"},{"@type":"ListItem","position":3,"name":"ResuMED","item":"https:\/\/med.estrategia.com\/portal\/conteudos-gratis\/resumed\/"},{"@type":"ListItem","position":4,"name":"ResuMED de s\u00edfilis na gesta\u00e7\u00e3o: diagn\u00f3stico, tratamento e mais!"}]},{"@type":"WebSite","@id":"https:\/\/med.estrategia.com\/portal\/#website","url":"https:\/\/med.estrategia.com\/portal\/","name":"Estrat\u00e9gia MED","description":"","potentialAction":[{"@type":"SearchAction","target":{"@type":"EntryPoint","urlTemplate":"https:\/\/med.estrategia.com\/portal\/?s={search_term_string}"},"query-input":{"@type":"PropertyValueSpecification","valueRequired":true,"valueName":"search_term_string"}}],"inLanguage":"pt-BR"},{"@type":"Person","@id":"https:\/\/med.estrategia.com\/portal\/#\/schema\/person\/609270a40e2dd9edb6da4517f0b0895d","name":"Rafaela Andrade","image":{"@type":"ImageObject","inLanguage":"pt-BR","@id":"https:\/\/med.estrategia.com\/portal\/#\/schema\/person\/image\/","url":"https:\/\/med.estrategia.com\/portal\/wp-content\/uploads\/2021\/09\/ProfilePicturePhoto.jpg","contentUrl":"https:\/\/med.estrategia.com\/portal\/wp-content\/uploads\/2021\/09\/ProfilePicturePhoto.jpg","caption":"Rafaela Andrade"},"description":"Cai\u00e7ara, acad\u00eamica de medicina da Universidade Metropolitana de Santos e apaixonada pela arte de cuidar, ouvir e ensinar.","url":"https:\/\/med.estrategia.com\/portal\/author\/rafaela-andrade\/"}]}},"_wl_alt_label":[],"wl:entity_url":"\/post\/resumed-de-sifilis-na-gestacao","_links":{"self":[{"href":"https:\/\/med.estrategia.com\/portal\/wp-json\/wp\/v2\/posts\/15193","targetHints":{"allow":["GET"]}}],"collection":[{"href":"https:\/\/med.estrategia.com\/portal\/wp-json\/wp\/v2\/posts"}],"about":[{"href":"https:\/\/med.estrategia.com\/portal\/wp-json\/wp\/v2\/types\/post"}],"author":[{"embeddable":true,"href":"https:\/\/med.estrategia.com\/portal\/wp-json\/wp\/v2\/users\/36"}],"replies":[{"embeddable":true,"href":"https:\/\/med.estrategia.com\/portal\/wp-json\/wp\/v2\/comments?post=15193"}],"version-history":[{"count":4,"href":"https:\/\/med.estrategia.com\/portal\/wp-json\/wp\/v2\/posts\/15193\/revisions"}],"predecessor-version":[{"id":21473,"href":"https:\/\/med.estrategia.com\/portal\/wp-json\/wp\/v2\/posts\/15193\/revisions\/21473"}],"wp:featuredmedia":[{"embeddable":true,"href":"https:\/\/med.estrategia.com\/portal\/wp-json\/wp\/v2\/media\/15195"}],"wp:attachment":[{"href":"https:\/\/med.estrategia.com\/portal\/wp-json\/wp\/v2\/media?parent=15193"}],"wp:term":[{"taxonomy":"category","embeddable":true,"href":"https:\/\/med.estrategia.com\/portal\/wp-json\/wp\/v2\/categories?post=15193"},{"taxonomy":"post_tag","embeddable":true,"href":"https:\/\/med.estrategia.com\/portal\/wp-json\/wp\/v2\/tags?post=15193"},{"taxonomy":"wl_entity_type","embeddable":true,"href":"https:\/\/med.estrategia.com\/portal\/wp-json\/wp\/v2\/wl_entity_type?post=15193"}],"curies":[{"name":"wp","href":"https:\/\/api.w.org\/{rel}","templated":true}]}}