{"id":16166,"date":"2021-12-16T10:32:02","date_gmt":"2021-12-16T13:32:02","guid":{"rendered":"https:\/\/med.estrategia.com\/portal\/?p=16166"},"modified":"2022-09-13T11:03:01","modified_gmt":"2022-09-13T14:03:01","slug":"aumento-da-bolsa-de-residencia-medica","status":"publish","type":"post","link":"https:\/\/med.estrategia.com\/portal\/atualidades\/aumento-da-bolsa-de-residencia-medica\/","title":{"rendered":"Projeto de lei que prev\u00ea aumento da bolsa de resid\u00eancia m\u00e9dica para 11 mil reais \u00e9 aprovado pela CSSF"},"content":{"rendered":"<p>O deputado Dr. Luizinho (PP-RJ) teve seu projeto de lei, que<strong> aumenta em 289% a bolsa para m&eacute;dicos residentes<\/strong>, aprovado pela Comiss&atilde;o de Seguridade Social e Fam&iacute;lia da C&acirc;mara (CSSF) na &uacute;ltima ter&ccedil;a-feira, 14 de dezembro de 2021.<p>A<strong> justificativa para o aumento<\/strong> se baseia no valor que j&aacute; &eacute; pago para m&eacute;dicos no <strong>Programa M&eacute;dicos Pelo Brasil<\/strong>, que substituiu o Programa Mais M&eacute;dicos, iniciativa que prop&otilde;e levar m&eacute;dicos da Aten&ccedil;&atilde;o B&aacute;sica, em sua maioria generalistas, para &aacute;reas vulner&aacute;veis. Atualmente, <strong>m&eacute;dicos vinculados ao programa recebem R$ 11.865,00<\/strong>, enquanto <strong>m&eacute;dicos residentes recebem uma bolsa mensal de R$ 3.330,43<\/strong>.<\/p><p>Por&eacute;m, no dia 14 de outubro de 2021, os Ministros da Educa&ccedil;&atilde;o e da Sa&uacute;de, Milton Ribeiro e Marcelo Queiroga, respectivamente, assinaram a <strong>Portaria Interministerial que reajusta oficialmente o valor m&iacute;nimo das bolsas de Resid&ecirc;ncia<\/strong>, que passam para <strong>R$ 4.106,09 mensal a partir de janeiro de 2022<\/strong>. A <a href=\"https:\/\/www.in.gov.br\/en\/web\/dou\/-\/portaria-interministerial-n-9-de-13-de-outubro-de-2021-352332739\" target=\"_blank\">portaria est&aacute; dispon&iacute;vel no Di&aacute;rio Oficial da Uni&atilde;o<\/a>. Entretanto, mesmo com o recente aumento na bolsa de resid&ecirc;ncia,<strong> o valor ainda &eacute; 2,9 vezes menor<\/strong> se comparado com o montante recebido no Programa M&eacute;dicos Pelo Brasil.<\/p><p>Agora, a proposta n&ordm; <a href=\"https:\/\/www.camara.leg.br\/proposicoesWeb\/fichadetramitacao?idProposicao=2201753\" target=\"_blank\">2803\/2019<\/a> ir&aacute; para a <strong>Comiss&atilde;o de Finan&ccedil;as e Tributa&ccedil;&atilde;o da C&acirc;mara<\/strong>, depois seguir&aacute; para a<strong> Comiss&atilde;o de Constitui&ccedil;&atilde;o e Justi&ccedil;a<\/strong>. Se for aprovada em ambas, o projeto de lei ser&aacute; analisado pelas <strong>comiss&otilde;es do Senado<\/strong> e n&atilde;o ter&aacute; necessidade de passar por <strong>vota&ccedil;&atilde;o em plen&aacute;rio<\/strong>. Por fim, caso seja completamente aprovada em todas as etapas citadas, o projeto <strong>aumentar&aacute; a bolsa dos residentes m&eacute;dicos em 289%<\/strong>, o que acarreta em <strong>R$ 11.865,00 mensais<\/strong>.<\/p><p>Gostou desse conte&uacute;do do Estrat&eacute;gia MED? Ent&atilde;o, fique de olho no nosso portal, estamos sempre trazendo novidades do mundo da sa&uacute;de para voc&ecirc;!&nbsp;<\/p><p><\/p><p><strong><a id=\"cta\" class=\"cta-imagem\" href=\"https:\/\/med.estrategia.com\/cursos\/extensivo-de-residncia-mdica\/\" target=\"blank\">\n                <img decoding=\"async\" width=\"100%\" src=\"https:\/\/med.estrategia.com\/portal\/wp-content\/uploads\/2025\/08\/extensivo_rm.jpg\" alt=\"Extensivo RM\" title=\"extensivo_rm\">\n        <\/a><\/strong><\/p><h3 class=\"wp-block-heading\" id=\"voce-tambem-pode-se-interessar-por\">Voc&ecirc; tamb&eacute;m pode se interessar por:<\/h3><ul class=\"wp-block-list\"><li><a href=\"https:\/\/med.estrategia.com\/portal\/aluno-de-medicina\/dicas-de-estudo\/notas-de-corte-residencia-medica\/\" target=\"_blank\">Notas de corte das principais provas de resid&ecirc;ncias m&eacute;dicas<\/a><\/li><li><a href=\"https:\/\/med.estrategia.com\/portal\/residencia-medica\/provas-e-editais\/psu-mg-2021-provas-e-editais\/\" target=\"_blank\">Seletivo de Resid&ecirc;ncia m&eacute;dica do PSU-MG<\/a><\/li><li><a href=\"https:\/\/med.estrategia.com\/portal\/aluno-de-medicina\/proximas-provas-residencia-medica\/\" target=\"_blank\">Calend&aacute;rio de Resid&ecirc;ncias M&eacute;dicas: confira as datas das pr&oacute;ximas provas!<\/a><\/li><li><a href=\"https:\/\/med.estrategia.com\/portal\/residencia-medica\/provas-e-editais\/unesc-es-2021-provas-e-editais\/\" target=\"_blank\">Resid&ecirc;ncia m&eacute;dica na PUC RS<\/a><\/li><li><a href=\"https:\/\/med.estrategia.com\/portal\/atualidades\/terceira-dose-covid-19\/\" target=\"_blank\">Terceira dose da vacina contra a Covid-19: p&uacute;blico-alvo, quais s&atilde;o as vacinas utilizadas e muito mais!<\/a><\/li><li><a href=\"https:\/\/med.estrategia.com\/portal\/atualidades\/vacina-para-hiv\/\" target=\"_blank\">Vacina para HIV cada vez mais pr&oacute;xima!<\/a><\/li><\/ul><p><br><\/p><\/p>\n","protected":false},"excerpt":{"rendered":"O deputado Dr. Luizinho (PP-RJ) teve seu projeto de lei, que aumenta em 289% a bolsa para m&eacute;dicos&hellip;\n","protected":false},"author":22,"featured_media":16167,"comment_status":"closed","ping_status":"closed","sticky":false,"template":"","format":"standard","meta":{"wl_entities_gutenberg":"","footnotes":""},"categories":[32],"tags":[],"wl_entity_type":[199],"class_list":{"0":"post-16166","1":"post","2":"type-post","3":"status-publish","4":"format-standard","5":"has-post-thumbnail","7":"category-atualidades","8":"wl_entity_type-article"},"acf":[],"yoast_head":"<!-- This site is optimized with the Yoast SEO Premium plugin v26.6 (Yoast SEO v26.6) - https:\/\/yoast.com\/wordpress\/plugins\/seo\/ -->\n<title>Projeto de lei para aumento da bolsa de resid\u00eancia m\u00e9dica \u00e9 aprovado<\/title>\n<meta name=\"description\" content=\"Aumento da bolsa de resid\u00eancia m\u00e9dica pode atingir os 289% com PL aprovado pela Comiss\u00e3o de Seguridade Social e Fam\u00edlia da C\u00e2mara (CSSF).\" \/>\n<meta name=\"robots\" content=\"index, follow, max-snippet:-1, max-image-preview:large, max-video-preview:-1\" \/>\n<link rel=\"canonical\" href=\"https:\/\/med.estrategia.com\/portal\/atualidades\/aumento-da-bolsa-de-residencia-medica\/\" \/>\n<meta property=\"og:locale\" content=\"pt_BR\" \/>\n<meta property=\"og:type\" content=\"article\" \/>\n<meta property=\"og:title\" content=\"Projeto de lei que prev\u00ea aumento da bolsa de resid\u00eancia m\u00e9dica para 11 mil reais \u00e9 aprovado pela CSSF\" \/>\n<meta property=\"og:description\" content=\"Aumento da bolsa de resid\u00eancia m\u00e9dica pode atingir os 289% com PL aprovado pela Comiss\u00e3o de Seguridade Social e Fam\u00edlia da C\u00e2mara (CSSF).\" \/>\n<meta property=\"og:url\" content=\"https:\/\/med.estrategia.com\/portal\/atualidades\/aumento-da-bolsa-de-residencia-medica\/\" \/>\n<meta property=\"og:site_name\" content=\"Estrat\u00e9gia MED\" \/>\n<meta property=\"article:publisher\" content=\"https:\/\/www.facebook.com\/estrategiamed1\" \/>\n<meta property=\"article:published_time\" content=\"2021-12-16T13:32:02+00:00\" \/>\n<meta property=\"article:modified_time\" content=\"2022-09-13T14:03:01+00:00\" \/>\n<meta property=\"og:image\" content=\"https:\/\/cdn.medblog.estrategiaeducacional.com.br\/wp-content\/uploads\/2021\/12\/viki-mohamad-hYcSP6SpoK0-unsplash.jpg\" \/>\n\t<meta property=\"og:image:width\" content=\"640\" \/>\n\t<meta property=\"og:image:height\" content=\"512\" \/>\n\t<meta property=\"og:image:type\" content=\"image\/jpeg\" \/>\n<meta name=\"author\" content=\"Erika Coelho\" \/>\n<meta name=\"twitter:card\" content=\"summary_large_image\" \/>\n<meta name=\"twitter:creator\" content=\"@estrategiamed_\" \/>\n<meta name=\"twitter:site\" content=\"@estrategiamed_\" \/>\n<meta name=\"twitter:label1\" content=\"Escrito por\" \/>\n\t<meta name=\"twitter:data1\" content=\"Erika Coelho\" \/>\n\t<meta name=\"twitter:label2\" content=\"Est. tempo de leitura\" \/>\n\t<meta name=\"twitter:data2\" content=\"2 minutos\" \/>\n<script type=\"application\/ld+json\" class=\"yoast-schema-graph\">{\"@context\":\"https:\/\/schema.org\",\"@graph\":[{\"@type\":\"WebPage\",\"@id\":\"https:\/\/med.estrategia.com\/portal\/atualidades\/aumento-da-bolsa-de-residencia-medica\/\",\"url\":\"https:\/\/med.estrategia.com\/portal\/atualidades\/aumento-da-bolsa-de-residencia-medica\/\",\"name\":\"Projeto de lei para aumento da bolsa de resid\u00eancia m\u00e9dica \u00e9 aprovado\",\"isPartOf\":{\"@id\":\"https:\/\/med.estrategia.com\/portal\/#website\"},\"primaryImageOfPage\":{\"@id\":\"https:\/\/med.estrategia.com\/portal\/atualidades\/aumento-da-bolsa-de-residencia-medica\/#primaryimage\"},\"image\":{\"@id\":\"https:\/\/med.estrategia.com\/portal\/atualidades\/aumento-da-bolsa-de-residencia-medica\/#primaryimage\"},\"thumbnailUrl\":\"https:\/\/med.estrategia.com\/portal\/wp-content\/uploads\/2021\/12\/viki-mohamad-hYcSP6SpoK0-unsplash.jpg\",\"datePublished\":\"2021-12-16T13:32:02+00:00\",\"dateModified\":\"2022-09-13T14:03:01+00:00\",\"author\":{\"@id\":\"https:\/\/med.estrategia.com\/portal\/#\/schema\/person\/8e7c9b2f53f2eede3b8880ad86ff20a3\"},\"description\":\"Aumento da bolsa de resid\u00eancia m\u00e9dica pode atingir os 289% com PL aprovado pela Comiss\u00e3o de Seguridade Social e Fam\u00edlia da C\u00e2mara (CSSF).\",\"breadcrumb\":{\"@id\":\"https:\/\/med.estrategia.com\/portal\/atualidades\/aumento-da-bolsa-de-residencia-medica\/#breadcrumb\"},\"inLanguage\":\"pt-BR\",\"potentialAction\":[{\"@type\":\"ReadAction\",\"target\":[\"https:\/\/med.estrategia.com\/portal\/atualidades\/aumento-da-bolsa-de-residencia-medica\/\"]}]},{\"@type\":\"ImageObject\",\"inLanguage\":\"pt-BR\",\"@id\":\"https:\/\/med.estrategia.com\/portal\/atualidades\/aumento-da-bolsa-de-residencia-medica\/#primaryimage\",\"url\":\"https:\/\/med.estrategia.com\/portal\/wp-content\/uploads\/2021\/12\/viki-mohamad-hYcSP6SpoK0-unsplash.jpg\",\"contentUrl\":\"https:\/\/med.estrategia.com\/portal\/wp-content\/uploads\/2021\/12\/viki-mohamad-hYcSP6SpoK0-unsplash.jpg\",\"width\":640,\"height\":512,\"caption\":\"aumento da bolsa de resid\u00eancia m\u00e9dica\"},{\"@type\":\"BreadcrumbList\",\"@id\":\"https:\/\/med.estrategia.com\/portal\/atualidades\/aumento-da-bolsa-de-residencia-medica\/#breadcrumb\",\"itemListElement\":[{\"@type\":\"ListItem\",\"position\":1,\"name\":\"Home\",\"item\":\"https:\/\/med.estrategia.com\/portal\/\"},{\"@type\":\"ListItem\",\"position\":2,\"name\":\"Atualidades\",\"item\":\"https:\/\/med.estrategia.com\/portal\/atualidades\/\"},{\"@type\":\"ListItem\",\"position\":3,\"name\":\"Projeto de lei que prev\u00ea aumento da bolsa de resid\u00eancia m\u00e9dica para 11 mil reais \u00e9 aprovado pela CSSF\"}]},{\"@type\":\"WebSite\",\"@id\":\"https:\/\/med.estrategia.com\/portal\/#website\",\"url\":\"https:\/\/med.estrategia.com\/portal\/\",\"name\":\"Estrat\u00e9gia MED\",\"description\":\"\",\"potentialAction\":[{\"@type\":\"SearchAction\",\"target\":{\"@type\":\"EntryPoint\",\"urlTemplate\":\"https:\/\/med.estrategia.com\/portal\/?s={search_term_string}\"},\"query-input\":{\"@type\":\"PropertyValueSpecification\",\"valueRequired\":true,\"valueName\":\"search_term_string\"}}],\"inLanguage\":\"pt-BR\"},{\"@type\":\"Person\",\"@id\":\"https:\/\/med.estrategia.com\/portal\/#\/schema\/person\/8e7c9b2f53f2eede3b8880ad86ff20a3\",\"name\":\"Erika Coelho\",\"image\":{\"@type\":\"ImageObject\",\"inLanguage\":\"pt-BR\",\"@id\":\"https:\/\/med.estrategia.com\/portal\/#\/schema\/person\/image\/\",\"url\":\"https:\/\/secure.gravatar.com\/avatar\/8ef9ff2e2fa53829c640cca8d1a45178?s=96&d=mm&r=g\",\"contentUrl\":\"https:\/\/secure.gravatar.com\/avatar\/8ef9ff2e2fa53829c640cca8d1a45178?s=96&d=mm&r=g\",\"caption\":\"Erika Coelho\"},\"description\":\"Jornalista pela Universidade Presbiteriana Mackenzie, escrevo sobre educa\u00e7\u00e3o, sa\u00fade e pol\u00edticas p\u00fablicas\",\"url\":\"https:\/\/med.estrategia.com\/portal\/author\/erika\/\"}]}<\/script>\n<!-- \/ Yoast SEO Premium plugin. -->","yoast_head_json":{"title":"Projeto de lei para aumento da bolsa de resid\u00eancia m\u00e9dica \u00e9 aprovado","description":"Aumento da bolsa de resid\u00eancia m\u00e9dica pode atingir os 289% com PL aprovado pela Comiss\u00e3o de Seguridade Social e Fam\u00edlia da C\u00e2mara (CSSF).","robots":{"index":"index","follow":"follow","max-snippet":"max-snippet:-1","max-image-preview":"max-image-preview:large","max-video-preview":"max-video-preview:-1"},"canonical":"https:\/\/med.estrategia.com\/portal\/atualidades\/aumento-da-bolsa-de-residencia-medica\/","og_locale":"pt_BR","og_type":"article","og_title":"Projeto de lei que prev\u00ea aumento da bolsa de resid\u00eancia m\u00e9dica para 11 mil reais \u00e9 aprovado pela CSSF","og_description":"Aumento da bolsa de resid\u00eancia m\u00e9dica pode atingir os 289% com PL aprovado pela Comiss\u00e3o de Seguridade Social e Fam\u00edlia da C\u00e2mara (CSSF).","og_url":"https:\/\/med.estrategia.com\/portal\/atualidades\/aumento-da-bolsa-de-residencia-medica\/","og_site_name":"Estrat\u00e9gia MED","article_publisher":"https:\/\/www.facebook.com\/estrategiamed1","article_published_time":"2021-12-16T13:32:02+00:00","article_modified_time":"2022-09-13T14:03:01+00:00","og_image":[{"width":640,"height":512,"url":"https:\/\/cdn.medblog.estrategiaeducacional.com.br\/wp-content\/uploads\/2021\/12\/viki-mohamad-hYcSP6SpoK0-unsplash.jpg","type":"image\/jpeg"}],"author":"Erika Coelho","twitter_card":"summary_large_image","twitter_creator":"@estrategiamed_","twitter_site":"@estrategiamed_","twitter_misc":{"Escrito por":"Erika Coelho","Est. tempo de leitura":"2 minutos"},"schema":{"@context":"https:\/\/schema.org","@graph":[{"@type":"WebPage","@id":"https:\/\/med.estrategia.com\/portal\/atualidades\/aumento-da-bolsa-de-residencia-medica\/","url":"https:\/\/med.estrategia.com\/portal\/atualidades\/aumento-da-bolsa-de-residencia-medica\/","name":"Projeto de lei para aumento da bolsa de resid\u00eancia m\u00e9dica \u00e9 aprovado","isPartOf":{"@id":"https:\/\/med.estrategia.com\/portal\/#website"},"primaryImageOfPage":{"@id":"https:\/\/med.estrategia.com\/portal\/atualidades\/aumento-da-bolsa-de-residencia-medica\/#primaryimage"},"image":{"@id":"https:\/\/med.estrategia.com\/portal\/atualidades\/aumento-da-bolsa-de-residencia-medica\/#primaryimage"},"thumbnailUrl":"https:\/\/med.estrategia.com\/portal\/wp-content\/uploads\/2021\/12\/viki-mohamad-hYcSP6SpoK0-unsplash.jpg","datePublished":"2021-12-16T13:32:02+00:00","dateModified":"2022-09-13T14:03:01+00:00","author":{"@id":"https:\/\/med.estrategia.com\/portal\/#\/schema\/person\/8e7c9b2f53f2eede3b8880ad86ff20a3"},"description":"Aumento da bolsa de resid\u00eancia m\u00e9dica pode atingir os 289% com PL aprovado pela Comiss\u00e3o de Seguridade Social e Fam\u00edlia da C\u00e2mara (CSSF).","breadcrumb":{"@id":"https:\/\/med.estrategia.com\/portal\/atualidades\/aumento-da-bolsa-de-residencia-medica\/#breadcrumb"},"inLanguage":"pt-BR","potentialAction":[{"@type":"ReadAction","target":["https:\/\/med.estrategia.com\/portal\/atualidades\/aumento-da-bolsa-de-residencia-medica\/"]}]},{"@type":"ImageObject","inLanguage":"pt-BR","@id":"https:\/\/med.estrategia.com\/portal\/atualidades\/aumento-da-bolsa-de-residencia-medica\/#primaryimage","url":"https:\/\/med.estrategia.com\/portal\/wp-content\/uploads\/2021\/12\/viki-mohamad-hYcSP6SpoK0-unsplash.jpg","contentUrl":"https:\/\/med.estrategia.com\/portal\/wp-content\/uploads\/2021\/12\/viki-mohamad-hYcSP6SpoK0-unsplash.jpg","width":640,"height":512,"caption":"aumento da bolsa de resid\u00eancia m\u00e9dica"},{"@type":"BreadcrumbList","@id":"https:\/\/med.estrategia.com\/portal\/atualidades\/aumento-da-bolsa-de-residencia-medica\/#breadcrumb","itemListElement":[{"@type":"ListItem","position":1,"name":"Home","item":"https:\/\/med.estrategia.com\/portal\/"},{"@type":"ListItem","position":2,"name":"Atualidades","item":"https:\/\/med.estrategia.com\/portal\/atualidades\/"},{"@type":"ListItem","position":3,"name":"Projeto de lei que prev\u00ea aumento da bolsa de resid\u00eancia m\u00e9dica para 11 mil reais \u00e9 aprovado pela CSSF"}]},{"@type":"WebSite","@id":"https:\/\/med.estrategia.com\/portal\/#website","url":"https:\/\/med.estrategia.com\/portal\/","name":"Estrat\u00e9gia MED","description":"","potentialAction":[{"@type":"SearchAction","target":{"@type":"EntryPoint","urlTemplate":"https:\/\/med.estrategia.com\/portal\/?s={search_term_string}"},"query-input":{"@type":"PropertyValueSpecification","valueRequired":true,"valueName":"search_term_string"}}],"inLanguage":"pt-BR"},{"@type":"Person","@id":"https:\/\/med.estrategia.com\/portal\/#\/schema\/person\/8e7c9b2f53f2eede3b8880ad86ff20a3","name":"Erika Coelho","image":{"@type":"ImageObject","inLanguage":"pt-BR","@id":"https:\/\/med.estrategia.com\/portal\/#\/schema\/person\/image\/","url":"https:\/\/secure.gravatar.com\/avatar\/8ef9ff2e2fa53829c640cca8d1a45178?s=96&d=mm&r=g","contentUrl":"https:\/\/secure.gravatar.com\/avatar\/8ef9ff2e2fa53829c640cca8d1a45178?s=96&d=mm&r=g","caption":"Erika Coelho"},"description":"Jornalista pela Universidade Presbiteriana Mackenzie, escrevo sobre educa\u00e7\u00e3o, sa\u00fade e pol\u00edticas p\u00fablicas","url":"https:\/\/med.estrategia.com\/portal\/author\/erika\/"}]}},"_wl_alt_label":[],"wl:entity_url":"\/post\/aumento-da-bolsa-de-residencia-medica","_links":{"self":[{"href":"https:\/\/med.estrategia.com\/portal\/wp-json\/wp\/v2\/posts\/16166","targetHints":{"allow":["GET"]}}],"collection":[{"href":"https:\/\/med.estrategia.com\/portal\/wp-json\/wp\/v2\/posts"}],"about":[{"href":"https:\/\/med.estrategia.com\/portal\/wp-json\/wp\/v2\/types\/post"}],"author":[{"embeddable":true,"href":"https:\/\/med.estrategia.com\/portal\/wp-json\/wp\/v2\/users\/22"}],"replies":[{"embeddable":true,"href":"https:\/\/med.estrategia.com\/portal\/wp-json\/wp\/v2\/comments?post=16166"}],"version-history":[{"count":3,"href":"https:\/\/med.estrategia.com\/portal\/wp-json\/wp\/v2\/posts\/16166\/revisions"}],"predecessor-version":[{"id":25808,"href":"https:\/\/med.estrategia.com\/portal\/wp-json\/wp\/v2\/posts\/16166\/revisions\/25808"}],"wp:featuredmedia":[{"embeddable":true,"href":"https:\/\/med.estrategia.com\/portal\/wp-json\/wp\/v2\/media\/16167"}],"wp:attachment":[{"href":"https:\/\/med.estrategia.com\/portal\/wp-json\/wp\/v2\/media?parent=16166"}],"wp:term":[{"taxonomy":"category","embeddable":true,"href":"https:\/\/med.estrategia.com\/portal\/wp-json\/wp\/v2\/categories?post=16166"},{"taxonomy":"post_tag","embeddable":true,"href":"https:\/\/med.estrategia.com\/portal\/wp-json\/wp\/v2\/tags?post=16166"},{"taxonomy":"wl_entity_type","embeddable":true,"href":"https:\/\/med.estrategia.com\/portal\/wp-json\/wp\/v2\/wl_entity_type?post=16166"}],"curies":[{"name":"wp","href":"https:\/\/api.w.org\/{rel}","templated":true}]}}