{"id":17231,"date":"2022-01-19T21:11:34","date_gmt":"2022-01-20T00:11:34","guid":{"rendered":"https:\/\/med.estrategia.com\/portal\/?p=17231"},"modified":"2022-07-04T15:35:08","modified_gmt":"2022-07-04T18:35:08","slug":"resumo-de-colelitiase","status":"publish","type":"post","link":"https:\/\/med.estrategia.com\/portal\/conteudos-gratis\/doencas\/resumo-de-colelitiase\/","title":{"rendered":"Resumo de colelit\u00edase: manifesta\u00e7\u00f5es cl\u00ednicas, diagn\u00f3stico, tratamento e mais!"},"content":{"rendered":"<p>Quer aprender sobre colelit&iacute;ase, condi&ccedil;&atilde;o bastante presente na pr&aacute;tica cl&iacute;nica e que &eacute; cobrada nas provas de resid&ecirc;ncia m&eacute;dica? Leia esse artigo que o Estrat&eacute;gia MED preparou especialmente para voc&ecirc;, futuro residente!<div id=\"ez-toc-container\" class=\"ez-toc-v2_0_79_2 counter-hierarchy ez-toc-counter ez-toc-transparent ez-toc-container-direction\">\n<div class=\"ez-toc-title-container\"><p class=\"ez-toc-title\" style=\"cursor:inherit\">Navegue pelo conte\u00fado<\/p>\n<\/div><nav><ul class='ez-toc-list ez-toc-list-level-1 ' ><li class='ez-toc-page-1 ez-toc-heading-level-2'><a class=\"ez-toc-link ez-toc-heading-1\" href=\"https:\/\/med.estrategia.com\/portal\/conteudos-gratis\/doencas\/resumo-de-colelitiase\/#Dicas-do-Estrategia-MED-para-provas\" >Dicas do Estrat&eacute;gia MED para provas<\/a><\/li><li class='ez-toc-page-1 ez-toc-heading-level-2'><a class=\"ez-toc-link ez-toc-heading-2\" href=\"https:\/\/med.estrategia.com\/portal\/conteudos-gratis\/doencas\/resumo-de-colelitiase\/#Definicao-da-colelitiase\" >Defini&ccedil;&atilde;o da colelit&iacute;ase<\/a><\/li><li class='ez-toc-page-1 ez-toc-heading-level-2'><a class=\"ez-toc-link ez-toc-heading-3\" href=\"https:\/\/med.estrategia.com\/portal\/conteudos-gratis\/doencas\/resumo-de-colelitiase\/#Epidemiologia-e-fisiopatologia-da-colelitiase\" >Epidemiologia e fisiopatologia da colelit&iacute;ase<\/a><\/li><li class='ez-toc-page-1 ez-toc-heading-level-2'><a class=\"ez-toc-link ez-toc-heading-4\" href=\"https:\/\/med.estrategia.com\/portal\/conteudos-gratis\/doencas\/resumo-de-colelitiase\/#Manifestacoes-clinicas-da-colelitiase\" >Manifesta&ccedil;&otilde;es cl&iacute;nicas da colelit&iacute;ase<\/a><\/li><li class='ez-toc-page-1 ez-toc-heading-level-2'><a class=\"ez-toc-link ez-toc-heading-5\" href=\"https:\/\/med.estrategia.com\/portal\/conteudos-gratis\/doencas\/resumo-de-colelitiase\/#Diagnostico\" >Diagn&oacute;stico&nbsp;<\/a><\/li><li class='ez-toc-page-1 ez-toc-heading-level-2'><a class=\"ez-toc-link ez-toc-heading-6\" href=\"https:\/\/med.estrategia.com\/portal\/conteudos-gratis\/doencas\/resumo-de-colelitiase\/#Tratamento-da-colelitiase\" >Tratamento da colelit&iacute;ase<\/a><\/li><li class='ez-toc-page-1 ez-toc-heading-level-2'><a class=\"ez-toc-link ez-toc-heading-7\" href=\"https:\/\/med.estrategia.com\/portal\/conteudos-gratis\/doencas\/resumo-de-colelitiase\/#Veja-tambem\" >Veja tamb&eacute;m:<\/a><\/li><\/ul><\/nav><\/div>\n<h2 class=\"wp-block-heading\" id=\"h-dicas-do-estrategia-med-para-provas\"><span class=\"ez-toc-section\" id=\"Dicas-do-Estrategia-MED-para-provas\"><\/span>Dicas do Estrat&eacute;gia MED para provas<span class=\"ez-toc-section-end\"><\/span><\/h2><p>Sugerimos que voc&ecirc; foque nos t&oacute;picos seguintes, caso precise maximizar seu tempo:<\/p><ul class=\"wp-block-list\"><li>Quadro cl&iacute;nico da colelit&iacute;ase<\/li><li>Diagn&oacute;stico<\/li><li>Tratamento da colelit&iacute;ase<\/li><\/ul><p><\/p><p>\n\n\n<div id=\"new-form\">\n\t<form id=\"forms_layout\">\n\t<input type=\"hidden\" id=\"chave_de\" name=\"chave_de\" value=\"01_EMED_LEADS_TOTAIS\" \/>\n\t\t<input type=\"hidden\" id=\"mid\" name=\"mid\" value=\"515009018\" \/>\n\t\t<input type=\"hidden\" id=\"Objetivo\" name=\"Objetivo\" value=\"Medicina\" \/>\n\t\t<input type=\"hidden\" id=\"Estado_de_Origem_do_IP\" name=\"Estado_de_Origem_do_IP\"  value=\"\" \/>\n\t\t<input type=\"hidden\" id=\"Cidade_de_Origem_do_IP\" name=\"Cidade_de_Origem_do_IP\" value=\"\" \/>\n\t\t<input type=\"hidden\" id=\"Modo_de_entrada\" name=\"Modo_de_entrada\" value=\"Portal\" \/>\n\t\t<input type=\"hidden\" id=\"Pagina_Origem\" name=\"Pagina_Origem\" value=\"\" \/>\n\n\t\t<div class=\"texto\">\n\t\t\t<h3 class=\"news\">Inscreva-se em nossa newsletter!<\/h3>\n\t\t\t<p>Receba not\u00edcias sobre resid\u00eancia m\u00e9dica, revalida\u00e7\u00e3o de diplomas e concursos m\u00e9dicos, al\u00e9m de materiais de estudo gratuitos e informa\u00e7\u00f5es relevantes do mundo da Medicina.<\/p>\n\t\t<\/div>\n\t\t<div class=\"campos\">\n\t\t\t<div class=\"first_name labels\">\n\t\t\t\t<input type=\"text\" class=\"input_labels\" id=\"first_name\" name=\"Nome_Completo\" placeholder=\"Nome\" required \/>\n\t\t\t<\/div>\n\t\t\t<div class=\"email labels\">\n\t\t\t\t<input type=\"email\" class=\"input_labels\" id=\"email\" name=\"Email\" placeholder=\"E-mail\" required \/>\n\t\t\t<\/div>\n\t\t\t<button type=\"submit\" class=\"button_layout\">\n\t\t\t\t<div id=\"lblBotao\">Inscreva-se<\/div>\n\t\t\t\t<span id=\"divSpiner\" class=\"loader\" role=\"status\" style=\"display: none;\"><\/span>\t\n\t\t\t<\/button>\n\t\t<\/div><!-- \/campos -->\n\t\t\n\t\t<label class=\"container_checkbox\">Voc\u00ea concorda com a nossa\n\t\t\t<a class=\"politics_privacy_ahref\" target=\"_blank\" href=\"https:\/\/gratis.estrategiaconcursos.com.br\/politica-de-privacidade\/\">Pol\u00edtica de Privacidade<\/a> e aceita receber informa\u00e7\u00f5es adicionais do Estrat\u00e9gia Educacional.\n\t\t\t<input id=\"checkbox_layout\" type=\"checkbox\" checked=\"checked\" required \/>\n\t\t\t<span class=\"checkbox\"><\/span>\n\t\t<\/label>\n\t\t<div id=\"msg\"><\/div>\n\t\t<div id=\"error\" class=\"error\">\n\t\t<\/div>\n\t<\/form>\n<\/div><!-- \/new-form -->\n\n\n\n<\/p><h2 class=\"wp-block-heading\" id=\"h-definicao-da-colelitiase\"><span class=\"ez-toc-section\" id=\"Definicao-da-colelitiase\"><\/span>Defini&ccedil;&atilde;o da colelit&iacute;ase<span class=\"ez-toc-section-end\"><\/span><\/h2><p>Colelit&iacute;ase &eacute; a presen&ccedil;a de <strong>c&aacute;lculos biliares na ves&iacute;cula biliar<\/strong>. &Eacute; a doen&ccedil;a biliar mais comum na maioria dos pa&iacute;ses ocidentais. Pode evoluir para <strong>colecistite<\/strong>, <strong>coledocolit&iacute;ase<\/strong>, <strong>colangite <\/strong>ou <strong>pancreatite <\/strong>biliar.&nbsp;<\/p><h2 class=\"wp-block-heading\" id=\"h-epidemiologia-e-fisiopatologia-da-colelitiase\"><span class=\"ez-toc-section\" id=\"Epidemiologia-e-fisiopatologia-da-colelitiase\"><\/span>Epidemiologia e fisiopatologia da colelit&iacute;ase<span class=\"ez-toc-section-end\"><\/span><\/h2><p>No Brasil, cerca de <strong>9,3% da popula&ccedil;&atilde;o com mais de 20 anos de idade<\/strong>, sendo que 30% das mulheres e 20% dos homens acima de 50 anos, apresentam colelit&iacute;ase. &Eacute; uma doen&ccedil;a <strong>incomum entre crian&ccedil;as e adolescentes<\/strong>.<\/p><p>Os principais <strong>fatores de risco<\/strong> para essa doen&ccedil;a s&atilde;o <strong>sexo feminino<\/strong>, <strong>obesidade<\/strong>, <strong>idade <\/strong>avan&ccedil;ada, algumas etnias, como amer&iacute;ndios, <strong>dieta <\/strong>ocidental, perda ponderal r&aacute;pida e antecedente familiar.<\/p><p>A forma&ccedil;&atilde;o dos c&aacute;lculos pode se iniciar com o <strong>barro biliar<\/strong>, formado por estase da ves&iacute;cula biliar, que ocorre em determinadas condi&ccedil;&otilde;es, como a gesta&ccedil;&atilde;o. Essa subst&acirc;ncia &eacute; formada por <strong>bilirrubinato de c&aacute;lcio<\/strong>, microcristais de <strong>colesterol <\/strong>e <strong>mucina<\/strong>.<\/p><p>Na hip&oacute;tese de este barro biliar n&atilde;o desaparecer espontaneamente, pode converter-se em <strong>c&aacute;lculos e migrar para as vias biliares<\/strong>, causando os sintomas caracter&iacute;sticos da colelit&iacute;ase.<\/p><p>Os <strong>c&aacute;lculos <\/strong>podem ser de <strong>colesterol<\/strong>, correspondentes a 80% do total, c&aacute;lculos <strong>negros<\/strong>, s&atilde;o compostos por colesterol, bilirrubina n&atilde;o conjugada e mucina, ou <strong>marrons<\/strong>, formados por bilirrubinato de c&aacute;lcio, sais de c&aacute;lcio, colesterol e &aacute;cidos graxos.<\/p><p>Os c&aacute;lculos <strong>negros <\/strong>se associam a <strong>doen&ccedil;as hemol&iacute;ticas<\/strong> e <strong>doen&ccedil;a hep&aacute;tica alco&oacute;lica<\/strong>, j&aacute; os <strong>marrons <\/strong>est&atilde;o relacionados a <strong>processos infecciosos, inflamat&oacute;rios e infesta&ccedil;&otilde;es por parasitas<\/strong>.&nbsp;<\/p><h2 class=\"wp-block-heading\" id=\"h-manifestacoes-clinicas-da-colelitiase\"><span class=\"ez-toc-section\" id=\"Manifestacoes-clinicas-da-colelitiase\"><\/span>Manifesta&ccedil;&otilde;es cl&iacute;nicas da colelit&iacute;ase<span class=\"ez-toc-section-end\"><\/span><\/h2><p>A <strong>maioria <\/strong>dos portadores de c&aacute;lculos biliares s&atilde;o <strong>assintom&aacute;ticos<\/strong>. Entre os sintomas, o principal &eacute; a <strong>c&oacute;lica biliar<\/strong>, que se inicia repentinamente, geralmente no hipoc&ocirc;ndrio direito, aumenta gradualmente na primeira hora e perdura por algumas horas.<\/p><p><strong>Outros sintomas<\/strong> que podem ser citados s&atilde;o <strong>n&aacute;useas e v&ocirc;mitos<\/strong>, dor &agrave; palpa&ccedil;&atilde;o no hipoc&ocirc;ndrio direito e epig&aacute;strio. Entre os epis&oacute;dios das c&oacute;licas, o paciente se sente bem.<\/p><h2 class=\"wp-block-heading\" id=\"h-diagnostico\"><span class=\"ez-toc-section\" id=\"Diagnostico\"><\/span>Diagn&oacute;stico&nbsp;<span class=\"ez-toc-section-end\"><\/span><\/h2><p id=\"h-na-presenca-de-colica-biliar-a-colelitiase-deve-ser-sempre-suspeitada-na-maior-parte-dos-casos-os-exames-laboratoriais-nao-sao-bons-para-esclarecimento-diagnostico-o-melhor-exame-complementar-e-a-ultrassonografia-abdominal-com-sensibilidade-e-especificidade-de-95-para-calculos-biliares\">Na presen&ccedil;a de <strong>c&oacute;lica biliar<\/strong>, a colelit&iacute;ase deve ser sempre suspeitada. Na maior parte dos casos, os exames laboratoriais n&atilde;o s&atilde;o bons para esclarecimento diagn&oacute;stico. O melhor exame complementar &eacute; a <strong>ultrassonografia abdominal<\/strong>, com sensibilidade e especificidade de 95% para c&aacute;lculos biliares.<\/p><h2 class=\"wp-block-heading\" id=\"h-tratamento-da-colelitiase\"><span class=\"ez-toc-section\" id=\"Tratamento-da-colelitiase\"><\/span>Tratamento da colelit&iacute;ase<span class=\"ez-toc-section-end\"><\/span><\/h2><p>A colelit&iacute;ase <strong>assintom&aacute;tica <\/strong>geralmente tem conduta <strong>expectante<\/strong>, entretanto alguns grupos podem ser submetidos &agrave; <strong>cirurgia profil&aacute;tica<\/strong>, de acordo com World Gastroenterology Organization Practice Guidelines, como:<\/p><ol class=\"wp-block-list\"><li><strong>Residentes em locais remotos<\/strong>, que poderia dificultar o atendimento em complica&ccedil;&otilde;es;<\/li><li>Grupos de risco para colangiocarcinoma, como <strong>pacientes oriundos do Chile, Bol&iacute;via e &Iacute;ndia<\/strong>;&nbsp;<\/li><li>Pessoas <strong>imunossuprimidas <\/strong>e\/ou em uso de quimioter&aacute;picos como <strong>ciclosporina A e tacrolimus<\/strong>, devido a seu papel litog&ecirc;nico;<\/li><li>Diab&eacute;ticos <strong>insulinodependentes<\/strong>, pelo maior risco de infec&ccedil;&otilde;es; e&nbsp;<\/li><li>Portadores de<strong> ves&iacute;cula em &ldquo;porcelana&rdquo;<\/strong> pelo risco aumentado de desenvolvimento de c&acirc;ncer.<\/li><\/ol><p>J&aacute; as <strong>colelit&iacute;ases sintom&aacute;ticas<\/strong>, o tratamento de escolha &eacute; a <strong>colecistectomia<\/strong>, que pode ser realizada por videolaparoscopia &ndash; forma mais comum atualmente &ndash; minilaparotomia e cirurgia convencional.<\/p><p>Caso haja <strong>contraindica&ccedil;&atilde;o formal<\/strong> para realiza&ccedil;&atilde;o da cirurgia, os principais medicamentos utilizados para reduzir o tamanho dos c&aacute;lculos e evitar a forma&ccedil;&atilde;o de novos s&atilde;o o <strong>&aacute;cido ursodeoxic&oacute;lico<\/strong> e o <strong>ezetimiba, <\/strong>embora seu uso seja infrequente.&nbsp;<\/p><p>Se voc&ecirc; est&aacute; se preparando para as<strong> provas de resid&ecirc;ncia de todo o Brasil<\/strong>, o <strong>Estrat&eacute;gia MED &eacute; seu melhor aliado<\/strong>! Na plataforma voc&ecirc; tem acesso a aulas, materiais atualizados e milhares de quest&otilde;es para estudar para os exames mais concorridos! Clique no banner abaixo para mais informa&ccedil;&otilde;es!<\/p><p><strong><a id=\"cta\" class=\"cta-imagem\" href=\"https:\/\/med.estrategia.com\/cursos\/extensivo-de-residncia-mdica\/\" target=\"blank\">\n                <img decoding=\"async\" width=\"100%\" src=\"https:\/\/med.estrategia.com\/portal\/wp-content\/uploads\/2025\/08\/extensivo_rm.jpg\" alt=\"Extensivo RM\" title=\"extensivo_rm\">\n        <\/a><\/strong><\/p><h2 class=\"wp-block-heading\"><span class=\"ez-toc-section\" id=\"Veja-tambem\"><\/span>Veja tamb&eacute;m:<span class=\"ez-toc-section-end\"><\/span><\/h2><ul class=\"wp-block-list\"><li><a href=\"https:\/\/med.estrategia.com\/portal\/aluno-de-medicina\/dicas-de-estudo\/febre-neutropenia-febril-febre-de-origem-indeterminada\/\">Resumo de neutropenia febril e febre de origem indeterminada, tratamento, etiologia<\/a><\/li><li><a href=\"https:\/\/med.estrategia.com\/portal\/aluno-de-medicina\/dicas-de-estudo\/amebiase\/\">Resumo de ameb&iacute;ase: manifesta&ccedil;&otilde;es cl&iacute;nicas, diagn&oacute;stico, tratamento e mais<\/a><\/li><li><a href=\"https:\/\/med.estrategia.com\/portal\/aluno-de-medicina\/dicas-de-estudo\/dermatoses-infecciosas\/\">Resumo: dermatoses infecciosas: principais tipos<\/a><\/li><li><a href=\"https:\/\/med.estrategia.com\/portal\/aluno-de-medicina\/dicas-de-estudo\/epidemiologia-doencas-infecciosas\/\">Resumo de epidemiologia das doen&ccedil;as infecciosas: principais t&oacute;picos<\/a><\/li><li><a href=\"https:\/\/med.estrategia.com\/portal\/aluno-de-medicina\/dicas-de-estudo\/cisticercose\/\">Resumo de cisticercose: manifesta&ccedil;&otilde;es cl&iacute;nicas, diagn&oacute;stico, tratamento e mais<\/a><\/li><li><a href=\"https:\/\/med.estrategia.com\/portal\/aluno-de-medicina\/dicas-de-estudo\/pneumonia\/\">Resumo de pneumonia: manifesta&ccedil;&otilde;es cl&iacute;nicas, diagn&oacute;stico, tratamento e mais<\/a><\/li><li><a href=\"https:\/\/med.estrategia.com\/portal\/aluno-de-medicina\/dicas-de-estudo\/amebiase\/\">Resumo de ameb&iacute;ase: manifesta&ccedil;&otilde;es cl&iacute;nicas, diagn&oacute;stico, tratamento e mais<\/a><\/li><\/ul><h3 class=\"wp-block-heading\" id=\"h-referencias-bibliograficas\">Refer&ecirc;ncias bibliogr&aacute;ficas:<\/h3><ul class=\"wp-block-list\"><li><a href=\"https:\/\/www.msdmanuals.com\/pt-br\/profissional\/dist%C3%BArbios-hep%C3%A1ticos-e-biliares\/dist%C3%BArbios-da-ves%C3%ADcula-biliar-e-ductos-biliares\/colelit%C3%ADase\" target=\"_blank\" rel=\"noopener noreferrer\">MSD Manuals &ndash; Colelit&iacute;ase &ndash; Vers&atilde;o de profissionais de sa&uacute;de<\/a><\/li><li>Tratado de gastroenterologia : da gradua&ccedil;&atilde;o &agrave; p&oacute;s-gradua&ccedil;&atilde;o \/ editores Schlioma Zaterka, Jaime Natan Eisig. &mdash; 2. ed. &mdash; S&atilde;o Paulo : Editora Atheneu, 2016.<\/li><\/ul><\/p>\n","protected":false},"excerpt":{"rendered":"Quer aprender sobre colelit&iacute;ase, condi&ccedil;&atilde;o bastante presente na pr&aacute;tica cl&iacute;nica e que &eacute; cobrada nas provas de resid&ecirc;ncia&hellip;\n","protected":false},"author":15,"featured_media":21557,"comment_status":"closed","ping_status":"closed","sticky":false,"template":"","format":"standard","meta":{"wl_entities_gutenberg":"","footnotes":""},"categories":[304],"tags":[39],"wl_entity_type":[199],"class_list":{"0":"post-17231","1":"post","2":"type-post","3":"status-publish","4":"format-standard","5":"has-post-thumbnail","7":"category-doencas","8":"tag-gastroenterologia","9":"wl_entity_type-article"},"acf":[],"yoast_head":"<!-- This site is optimized with the Yoast SEO Premium plugin v26.6 (Yoast SEO v26.6) - https:\/\/yoast.com\/wordpress\/plugins\/seo\/ -->\n<title>Resumo de colelit\u00edase: manifesta\u00e7\u00f5es cl\u00ednicas, diagn\u00f3stico e mais!<\/title>\n<meta name=\"description\" content=\"Quer saber mais sobre a colelit\u00edase, como quadro cl\u00ednico, diagn\u00f3stico e tratamento? Acesse o artigo que preparamos para voc\u00ea!\" \/>\n<meta name=\"robots\" content=\"index, follow, max-snippet:-1, max-image-preview:large, max-video-preview:-1\" \/>\n<link rel=\"canonical\" href=\"https:\/\/med.estrategia.com\/portal\/conteudos-gratis\/doencas\/resumo-de-colelitiase\/\" \/>\n<meta property=\"og:locale\" content=\"pt_BR\" \/>\n<meta property=\"og:type\" content=\"article\" \/>\n<meta property=\"og:title\" content=\"Resumo de colelit\u00edase: manifesta\u00e7\u00f5es cl\u00ednicas, diagn\u00f3stico, tratamento e mais!\" \/>\n<meta property=\"og:description\" content=\"Quer saber mais sobre a colelit\u00edase, como quadro cl\u00ednico, diagn\u00f3stico e tratamento? Acesse o artigo que preparamos para voc\u00ea!\" \/>\n<meta property=\"og:url\" content=\"https:\/\/med.estrategia.com\/portal\/conteudos-gratis\/doencas\/resumo-de-colelitiase\/\" \/>\n<meta property=\"og:site_name\" content=\"Estrat\u00e9gia MED\" \/>\n<meta property=\"article:publisher\" content=\"https:\/\/www.facebook.com\/estrategiamed1\" \/>\n<meta property=\"article:published_time\" content=\"2022-01-20T00:11:34+00:00\" \/>\n<meta property=\"article:modified_time\" content=\"2022-07-04T18:35:08+00:00\" \/>\n<meta property=\"og:image\" content=\"https:\/\/cdn.medblog.estrategiaeducacional.com.br\/wp-content\/uploads\/2022\/01\/coleliti%CC%81ase.jpg\" \/>\n\t<meta property=\"og:image:width\" content=\"1920\" \/>\n\t<meta property=\"og:image:height\" content=\"1280\" \/>\n\t<meta property=\"og:image:type\" content=\"image\/jpeg\" \/>\n<meta name=\"author\" content=\"Gabriela Sarti\" \/>\n<meta name=\"twitter:card\" content=\"summary_large_image\" \/>\n<meta name=\"twitter:creator\" content=\"@estrategiamed_\" \/>\n<meta name=\"twitter:site\" content=\"@estrategiamed_\" \/>\n<meta name=\"twitter:label1\" content=\"Escrito por\" \/>\n\t<meta name=\"twitter:data1\" content=\"Gabriela Sarti\" \/>\n\t<meta name=\"twitter:label2\" content=\"Est. tempo de leitura\" \/>\n\t<meta name=\"twitter:data2\" content=\"4 minutos\" \/>\n<script type=\"application\/ld+json\" class=\"yoast-schema-graph\">{\"@context\":\"https:\/\/schema.org\",\"@graph\":[{\"@type\":\"WebPage\",\"@id\":\"https:\/\/med.estrategia.com\/portal\/conteudos-gratis\/doencas\/resumo-de-colelitiase\/\",\"url\":\"https:\/\/med.estrategia.com\/portal\/conteudos-gratis\/doencas\/resumo-de-colelitiase\/\",\"name\":\"Resumo de colelit\u00edase: manifesta\u00e7\u00f5es cl\u00ednicas, diagn\u00f3stico e mais!\",\"isPartOf\":{\"@id\":\"https:\/\/med.estrategia.com\/portal\/#website\"},\"primaryImageOfPage\":{\"@id\":\"https:\/\/med.estrategia.com\/portal\/conteudos-gratis\/doencas\/resumo-de-colelitiase\/#primaryimage\"},\"image\":{\"@id\":\"https:\/\/med.estrategia.com\/portal\/conteudos-gratis\/doencas\/resumo-de-colelitiase\/#primaryimage\"},\"thumbnailUrl\":\"https:\/\/med.estrategia.com\/portal\/wp-content\/uploads\/2022\/01\/coleliti\u0301ase.jpg\",\"datePublished\":\"2022-01-20T00:11:34+00:00\",\"dateModified\":\"2022-07-04T18:35:08+00:00\",\"author\":{\"@id\":\"https:\/\/med.estrategia.com\/portal\/#\/schema\/person\/20cd8a0e3b5cc13c093b5c8ba6ebd3d9\"},\"description\":\"Quer saber mais sobre a colelit\u00edase, como quadro cl\u00ednico, diagn\u00f3stico e tratamento? Acesse o artigo que preparamos para voc\u00ea!\",\"breadcrumb\":{\"@id\":\"https:\/\/med.estrategia.com\/portal\/conteudos-gratis\/doencas\/resumo-de-colelitiase\/#breadcrumb\"},\"inLanguage\":\"pt-BR\",\"potentialAction\":[{\"@type\":\"ReadAction\",\"target\":[\"https:\/\/med.estrategia.com\/portal\/conteudos-gratis\/doencas\/resumo-de-colelitiase\/\"]}]},{\"@type\":\"ImageObject\",\"inLanguage\":\"pt-BR\",\"@id\":\"https:\/\/med.estrategia.com\/portal\/conteudos-gratis\/doencas\/resumo-de-colelitiase\/#primaryimage\",\"url\":\"https:\/\/med.estrategia.com\/portal\/wp-content\/uploads\/2022\/01\/coleliti\u0301ase.jpg\",\"contentUrl\":\"https:\/\/med.estrategia.com\/portal\/wp-content\/uploads\/2022\/01\/coleliti\u0301ase.jpg\",\"width\":1920,\"height\":1280,\"caption\":\"colelit\u00edase\"},{\"@type\":\"BreadcrumbList\",\"@id\":\"https:\/\/med.estrategia.com\/portal\/conteudos-gratis\/doencas\/resumo-de-colelitiase\/#breadcrumb\",\"itemListElement\":[{\"@type\":\"ListItem\",\"position\":1,\"name\":\"Home\",\"item\":\"https:\/\/med.estrategia.com\/portal\/\"},{\"@type\":\"ListItem\",\"position\":2,\"name\":\"Conte\u00fados Gr\u00e1tis\",\"item\":\"https:\/\/med.estrategia.com\/portal\/conteudos-gratis\/\"},{\"@type\":\"ListItem\",\"position\":3,\"name\":\"Doen\u00e7as\",\"item\":\"https:\/\/med.estrategia.com\/portal\/conteudos-gratis\/doencas\/\"},{\"@type\":\"ListItem\",\"position\":4,\"name\":\"Resumo de colelit\u00edase: manifesta\u00e7\u00f5es cl\u00ednicas, diagn\u00f3stico, tratamento e mais!\"}]},{\"@type\":\"WebSite\",\"@id\":\"https:\/\/med.estrategia.com\/portal\/#website\",\"url\":\"https:\/\/med.estrategia.com\/portal\/\",\"name\":\"Estrat\u00e9gia MED\",\"description\":\"\",\"potentialAction\":[{\"@type\":\"SearchAction\",\"target\":{\"@type\":\"EntryPoint\",\"urlTemplate\":\"https:\/\/med.estrategia.com\/portal\/?s={search_term_string}\"},\"query-input\":{\"@type\":\"PropertyValueSpecification\",\"valueRequired\":true,\"valueName\":\"search_term_string\"}}],\"inLanguage\":\"pt-BR\"},{\"@type\":\"Person\",\"@id\":\"https:\/\/med.estrategia.com\/portal\/#\/schema\/person\/20cd8a0e3b5cc13c093b5c8ba6ebd3d9\",\"name\":\"Gabriela Sarti\",\"image\":{\"@type\":\"ImageObject\",\"inLanguage\":\"pt-BR\",\"@id\":\"https:\/\/med.estrategia.com\/portal\/#\/schema\/person\/image\/\",\"url\":\"https:\/\/secure.gravatar.com\/avatar\/f47abc1cb6c394d01508cb45e36a219b?s=96&d=mm&r=g\",\"contentUrl\":\"https:\/\/secure.gravatar.com\/avatar\/f47abc1cb6c394d01508cb45e36a219b?s=96&d=mm&r=g\",\"caption\":\"Gabriela Sarti\"},\"description\":\"Gabriela Sarti, estudante de Medicina na USP e formada em Direito pela mesma universidade. Sonho em fazer resid\u00eancia em cl\u00ednica m\u00e9dica. Sou apaixonada por gatos e por viajar!\",\"url\":\"https:\/\/med.estrategia.com\/portal\/author\/gabriela-sarti\/\"}]}<\/script>\n<!-- \/ Yoast SEO Premium plugin. -->","yoast_head_json":{"title":"Resumo de colelit\u00edase: manifesta\u00e7\u00f5es cl\u00ednicas, diagn\u00f3stico e mais!","description":"Quer saber mais sobre a colelit\u00edase, como quadro cl\u00ednico, diagn\u00f3stico e tratamento? Acesse o artigo que preparamos para voc\u00ea!","robots":{"index":"index","follow":"follow","max-snippet":"max-snippet:-1","max-image-preview":"max-image-preview:large","max-video-preview":"max-video-preview:-1"},"canonical":"https:\/\/med.estrategia.com\/portal\/conteudos-gratis\/doencas\/resumo-de-colelitiase\/","og_locale":"pt_BR","og_type":"article","og_title":"Resumo de colelit\u00edase: manifesta\u00e7\u00f5es cl\u00ednicas, diagn\u00f3stico, tratamento e mais!","og_description":"Quer saber mais sobre a colelit\u00edase, como quadro cl\u00ednico, diagn\u00f3stico e tratamento? Acesse o artigo que preparamos para voc\u00ea!","og_url":"https:\/\/med.estrategia.com\/portal\/conteudos-gratis\/doencas\/resumo-de-colelitiase\/","og_site_name":"Estrat\u00e9gia MED","article_publisher":"https:\/\/www.facebook.com\/estrategiamed1","article_published_time":"2022-01-20T00:11:34+00:00","article_modified_time":"2022-07-04T18:35:08+00:00","og_image":[{"width":1920,"height":1280,"url":"https:\/\/cdn.medblog.estrategiaeducacional.com.br\/wp-content\/uploads\/2022\/01\/coleliti%CC%81ase.jpg","type":"image\/jpeg"}],"author":"Gabriela Sarti","twitter_card":"summary_large_image","twitter_creator":"@estrategiamed_","twitter_site":"@estrategiamed_","twitter_misc":{"Escrito por":"Gabriela Sarti","Est. tempo de leitura":"4 minutos"},"schema":{"@context":"https:\/\/schema.org","@graph":[{"@type":"WebPage","@id":"https:\/\/med.estrategia.com\/portal\/conteudos-gratis\/doencas\/resumo-de-colelitiase\/","url":"https:\/\/med.estrategia.com\/portal\/conteudos-gratis\/doencas\/resumo-de-colelitiase\/","name":"Resumo de colelit\u00edase: manifesta\u00e7\u00f5es cl\u00ednicas, diagn\u00f3stico e mais!","isPartOf":{"@id":"https:\/\/med.estrategia.com\/portal\/#website"},"primaryImageOfPage":{"@id":"https:\/\/med.estrategia.com\/portal\/conteudos-gratis\/doencas\/resumo-de-colelitiase\/#primaryimage"},"image":{"@id":"https:\/\/med.estrategia.com\/portal\/conteudos-gratis\/doencas\/resumo-de-colelitiase\/#primaryimage"},"thumbnailUrl":"https:\/\/med.estrategia.com\/portal\/wp-content\/uploads\/2022\/01\/coleliti\u0301ase.jpg","datePublished":"2022-01-20T00:11:34+00:00","dateModified":"2022-07-04T18:35:08+00:00","author":{"@id":"https:\/\/med.estrategia.com\/portal\/#\/schema\/person\/20cd8a0e3b5cc13c093b5c8ba6ebd3d9"},"description":"Quer saber mais sobre a colelit\u00edase, como quadro cl\u00ednico, diagn\u00f3stico e tratamento? Acesse o artigo que preparamos para voc\u00ea!","breadcrumb":{"@id":"https:\/\/med.estrategia.com\/portal\/conteudos-gratis\/doencas\/resumo-de-colelitiase\/#breadcrumb"},"inLanguage":"pt-BR","potentialAction":[{"@type":"ReadAction","target":["https:\/\/med.estrategia.com\/portal\/conteudos-gratis\/doencas\/resumo-de-colelitiase\/"]}]},{"@type":"ImageObject","inLanguage":"pt-BR","@id":"https:\/\/med.estrategia.com\/portal\/conteudos-gratis\/doencas\/resumo-de-colelitiase\/#primaryimage","url":"https:\/\/med.estrategia.com\/portal\/wp-content\/uploads\/2022\/01\/coleliti\u0301ase.jpg","contentUrl":"https:\/\/med.estrategia.com\/portal\/wp-content\/uploads\/2022\/01\/coleliti\u0301ase.jpg","width":1920,"height":1280,"caption":"colelit\u00edase"},{"@type":"BreadcrumbList","@id":"https:\/\/med.estrategia.com\/portal\/conteudos-gratis\/doencas\/resumo-de-colelitiase\/#breadcrumb","itemListElement":[{"@type":"ListItem","position":1,"name":"Home","item":"https:\/\/med.estrategia.com\/portal\/"},{"@type":"ListItem","position":2,"name":"Conte\u00fados Gr\u00e1tis","item":"https:\/\/med.estrategia.com\/portal\/conteudos-gratis\/"},{"@type":"ListItem","position":3,"name":"Doen\u00e7as","item":"https:\/\/med.estrategia.com\/portal\/conteudos-gratis\/doencas\/"},{"@type":"ListItem","position":4,"name":"Resumo de colelit\u00edase: manifesta\u00e7\u00f5es cl\u00ednicas, diagn\u00f3stico, tratamento e mais!"}]},{"@type":"WebSite","@id":"https:\/\/med.estrategia.com\/portal\/#website","url":"https:\/\/med.estrategia.com\/portal\/","name":"Estrat\u00e9gia MED","description":"","potentialAction":[{"@type":"SearchAction","target":{"@type":"EntryPoint","urlTemplate":"https:\/\/med.estrategia.com\/portal\/?s={search_term_string}"},"query-input":{"@type":"PropertyValueSpecification","valueRequired":true,"valueName":"search_term_string"}}],"inLanguage":"pt-BR"},{"@type":"Person","@id":"https:\/\/med.estrategia.com\/portal\/#\/schema\/person\/20cd8a0e3b5cc13c093b5c8ba6ebd3d9","name":"Gabriela Sarti","image":{"@type":"ImageObject","inLanguage":"pt-BR","@id":"https:\/\/med.estrategia.com\/portal\/#\/schema\/person\/image\/","url":"https:\/\/secure.gravatar.com\/avatar\/f47abc1cb6c394d01508cb45e36a219b?s=96&d=mm&r=g","contentUrl":"https:\/\/secure.gravatar.com\/avatar\/f47abc1cb6c394d01508cb45e36a219b?s=96&d=mm&r=g","caption":"Gabriela Sarti"},"description":"Gabriela Sarti, estudante de Medicina na USP e formada em Direito pela mesma universidade. Sonho em fazer resid\u00eancia em cl\u00ednica m\u00e9dica. Sou apaixonada por gatos e por viajar!","url":"https:\/\/med.estrategia.com\/portal\/author\/gabriela-sarti\/"}]}},"_wl_alt_label":[],"wl:entity_url":"\/post\/resumo-de-colelitiase","_links":{"self":[{"href":"https:\/\/med.estrategia.com\/portal\/wp-json\/wp\/v2\/posts\/17231","targetHints":{"allow":["GET"]}}],"collection":[{"href":"https:\/\/med.estrategia.com\/portal\/wp-json\/wp\/v2\/posts"}],"about":[{"href":"https:\/\/med.estrategia.com\/portal\/wp-json\/wp\/v2\/types\/post"}],"author":[{"embeddable":true,"href":"https:\/\/med.estrategia.com\/portal\/wp-json\/wp\/v2\/users\/15"}],"replies":[{"embeddable":true,"href":"https:\/\/med.estrategia.com\/portal\/wp-json\/wp\/v2\/comments?post=17231"}],"version-history":[{"count":2,"href":"https:\/\/med.estrategia.com\/portal\/wp-json\/wp\/v2\/posts\/17231\/revisions"}],"predecessor-version":[{"id":21496,"href":"https:\/\/med.estrategia.com\/portal\/wp-json\/wp\/v2\/posts\/17231\/revisions\/21496"}],"wp:featuredmedia":[{"embeddable":true,"href":"https:\/\/med.estrategia.com\/portal\/wp-json\/wp\/v2\/media\/21557"}],"wp:attachment":[{"href":"https:\/\/med.estrategia.com\/portal\/wp-json\/wp\/v2\/media?parent=17231"}],"wp:term":[{"taxonomy":"category","embeddable":true,"href":"https:\/\/med.estrategia.com\/portal\/wp-json\/wp\/v2\/categories?post=17231"},{"taxonomy":"post_tag","embeddable":true,"href":"https:\/\/med.estrategia.com\/portal\/wp-json\/wp\/v2\/tags?post=17231"},{"taxonomy":"wl_entity_type","embeddable":true,"href":"https:\/\/med.estrategia.com\/portal\/wp-json\/wp\/v2\/wl_entity_type?post=17231"}],"curies":[{"name":"wp","href":"https:\/\/api.w.org\/{rel}","templated":true}]}}