{"id":18024,"date":"2022-02-17T16:39:50","date_gmt":"2022-02-17T19:39:50","guid":{"rendered":"https:\/\/med.estrategia.com\/portal\/?p=18024"},"modified":"2022-10-07T14:48:14","modified_gmt":"2022-10-07T17:48:14","slug":"inscritos-medicos-pelo-brasil","status":"publish","type":"post","link":"https:\/\/med.estrategia.com\/portal\/atualidades\/inscritos-medicos-pelo-brasil\/","title":{"rendered":"Programa M\u00e9dicos Pelo Brasil recebe mais de 16 mil inscritos em sua primeira edi\u00e7\u00e3o"},"content":{"rendered":"<p><em>O <a href=\"https:\/\/www.gov.br\/saude\/pt-br\" target=\"_blank\">Minist&eacute;rio da Sa&uacute;de<\/a> divulgou nessa semana o n&uacute;mero de inscritos no processo seletivo do M&eacute;dicos Pelo Brasil, programa substituto do Mais M&eacute;dicos.<\/em><p>Em menos de dois meses de inscri&ccedil;&otilde;es, o <a href=\"https:\/\/med.estrategia.com\/portal\/residencia-medica\/medicos-pelo-brasil\/\" target=\"_blank\">M&eacute;dicos Pelo Brasil<\/a> recebeu <strong>16.357 inscritos<\/strong>. Desses, <strong>14.485<\/strong> candidatos se inscreveram para as vagas de <strong>m&eacute;dico bolsista<\/strong> e <strong>1.872<\/strong>&nbsp; para o cargo de <strong>tutor m&eacute;dico<\/strong>.<\/p><p>Confira abaixo a distribui&ccedil;&atilde;o de inscritos por todo o pa&iacute;s:<\/p><figure class=\"wp-block-table is-style-stripes\"><table><thead><tr><th><strong>Regi&atilde;o<\/strong><\/th><th class=\"has-text-align-center\" data-align=\"center\"><strong>UF<\/strong><\/th><th class=\"has-text-align-center\" data-align=\"center\"><strong>Inscritos<\/strong><\/th><th class=\"has-text-align-center\" data-align=\"center\"><strong>Vagas<\/strong><\/th><th class=\"has-text-align-center\" data-align=\"center\"><strong>%<\/strong><\/th><\/tr><\/thead><tbody><tr><td>Nordeste<\/td><td class=\"has-text-align-center\" data-align=\"center\">BA<\/td><td class=\"has-text-align-center\" data-align=\"center\">1.904<\/td><td class=\"has-text-align-center\" data-align=\"center\">624<\/td><td class=\"has-text-align-center\" data-align=\"center\">11,64%<\/td><\/tr><tr><td>Nordeste<\/td><td class=\"has-text-align-center\" data-align=\"center\">CE<\/td><td class=\"has-text-align-center\" data-align=\"center\">1.875<\/td><td class=\"has-text-align-center\" data-align=\"center\">501<\/td><td class=\"has-text-align-center\" data-align=\"center\">11,46%<\/td><\/tr><tr><td>Nordeste<\/td><td class=\"has-text-align-center\" data-align=\"center\">PE<\/td><td class=\"has-text-align-center\" data-align=\"center\">1.274<\/td><td class=\"has-text-align-center\" data-align=\"center\">303<\/td><td class=\"has-text-align-center\" data-align=\"center\">7,79%<\/td><\/tr><tr><td>Sudeste<\/td><td class=\"has-text-align-center\" data-align=\"center\">SP<\/td><td class=\"has-text-align-center\" data-align=\"center\">1.262<\/td><td class=\"has-text-align-center\" data-align=\"center\">546<\/td><td class=\"has-text-align-center\" data-align=\"center\">7,72%<\/td><\/tr><tr><td>Sudeste<\/td><td class=\"has-text-align-center\" data-align=\"center\">MG<\/td><td class=\"has-text-align-center\" data-align=\"center\">1.261<\/td><td class=\"has-text-align-center\" data-align=\"center\">217<\/td><td class=\"has-text-align-center\" data-align=\"center\">7,71%<\/td><\/tr><tr><td>Nordeste<\/td><td class=\"has-text-align-center\" data-align=\"center\">PB<\/td><td class=\"has-text-align-center\" data-align=\"center\">1.057<\/td><td class=\"has-text-align-center\" data-align=\"center\">74<\/td><td class=\"has-text-align-center\" data-align=\"center\">6,46%<\/td><\/tr><tr><td>Nordeste<\/td><td class=\"has-text-align-center\" data-align=\"center\">MA<\/td><td class=\"has-text-align-center\" data-align=\"center\">830<\/td><td class=\"has-text-align-center\" data-align=\"center\">244<\/td><td class=\"has-text-align-center\" data-align=\"center\">5,07%<\/td><\/tr><tr><td>Sul<\/td><td class=\"has-text-align-center\" data-align=\"center\">PR<\/td><td class=\"has-text-align-center\" data-align=\"center\">730<\/td><td class=\"has-text-align-center\" data-align=\"center\">279<\/td><td class=\"has-text-align-center\" data-align=\"center\">4,46%<\/td><\/tr><tr><td>Centro-Oeste<\/td><td class=\"has-text-align-center\" data-align=\"center\">GO<\/td><td class=\"has-text-align-center\" data-align=\"center\">640<\/td><td class=\"has-text-align-center\" data-align=\"center\">105<\/td><td class=\"has-text-align-center\" data-align=\"center\">3,91%<\/td><\/tr><tr><td>Sul<\/td><td class=\"has-text-align-center\" data-align=\"center\">SC<\/td><td class=\"has-text-align-center\" data-align=\"center\">555<\/td><td class=\"has-text-align-center\" data-align=\"center\">165<\/td><td class=\"has-text-align-center\" data-align=\"center\">3,39%<\/td><\/tr><tr><td>Sudeste<\/td><td class=\"has-text-align-center\" data-align=\"center\">ES<\/td><td class=\"has-text-align-center\" data-align=\"center\">520<\/td><td class=\"has-text-align-center\" data-align=\"center\">156<\/td><td class=\"has-text-align-center\" data-align=\"center\">3,18%<\/td><\/tr><tr><td>Nordeste<\/td><td class=\"has-text-align-center\" data-align=\"center\">PI<\/td><td class=\"has-text-align-center\" data-align=\"center\">497<\/td><td class=\"has-text-align-center\" data-align=\"center\">96<\/td><td class=\"has-text-align-center\" data-align=\"center\">3,04%<\/td><\/tr><tr><td>Nordeste<\/td><td class=\"has-text-align-center\" data-align=\"center\">RN<\/td><td class=\"has-text-align-center\" data-align=\"center\">496<\/td><td class=\"has-text-align-center\" data-align=\"center\">86<\/td><td class=\"has-text-align-center\" data-align=\"center\">3,03%<\/td><\/tr><tr><td>Sudeste<\/td><td class=\"has-text-align-center\" data-align=\"center\">RJ<\/td><td class=\"has-text-align-center\" data-align=\"center\">493<\/td><td class=\"has-text-align-center\" data-align=\"center\">116<\/td><td class=\"has-text-align-center\" data-align=\"center\">3,01%<\/td><\/tr><tr><td>Sul<\/td><td class=\"has-text-align-center\" data-align=\"center\">RS<\/td><td class=\"has-text-align-center\" data-align=\"center\">453<\/td><td class=\"has-text-align-center\" data-align=\"center\">397<\/td><td class=\"has-text-align-center\" data-align=\"center\">2,77%<\/td><\/tr><tr><td>Norte<\/td><td class=\"has-text-align-center\" data-align=\"center\">PA<\/td><td class=\"has-text-align-center\" data-align=\"center\">405<\/td><td class=\"has-text-align-center\" data-align=\"center\">195<\/td><td class=\"has-text-align-center\" data-align=\"center\">2,48%<\/td><\/tr><tr><td>Norte<\/td><td class=\"has-text-align-center\" data-align=\"center\">RO<\/td><td class=\"has-text-align-center\" data-align=\"center\">299<\/td><td class=\"has-text-align-center\" data-align=\"center\">61<\/td><td class=\"has-text-align-center\" data-align=\"center\">1,83%<\/td><\/tr><tr><td>Nordeste<\/td><td class=\"has-text-align-center\" data-align=\"center\">SE<\/td><td class=\"has-text-align-center\" data-align=\"center\">280<\/td><td class=\"has-text-align-center\" data-align=\"center\">84<\/td><td class=\"has-text-align-center\" data-align=\"center\">1,71%<\/td><\/tr><tr><td>Nordeste<\/td><td class=\"has-text-align-center\" data-align=\"center\">AL<\/td><td class=\"has-text-align-center\" data-align=\"center\">270<\/td><td class=\"has-text-align-center\" data-align=\"center\">54<\/td><td class=\"has-text-align-center\" data-align=\"center\">1,65%<\/td><\/tr><tr><td>Centro-Oeste<\/td><td class=\"has-text-align-center\" data-align=\"center\">DF<\/td><td class=\"has-text-align-center\" data-align=\"center\">229<\/td><td class=\"has-text-align-center\" data-align=\"center\">9<\/td><td class=\"has-text-align-center\" data-align=\"center\">1,40%<\/td><\/tr><tr><td>Centro-Oeste<\/td><td class=\"has-text-align-center\" data-align=\"center\">MT<\/td><td class=\"has-text-align-center\" data-align=\"center\">224<\/td><td class=\"has-text-align-center\" data-align=\"center\">54<\/td><td class=\"has-text-align-center\" data-align=\"center\">1,37%<\/td><\/tr><tr><td>Centro-Oeste<\/td><td class=\"has-text-align-center\" data-align=\"center\">MS<\/td><td class=\"has-text-align-center\" data-align=\"center\">171<\/td><td class=\"has-text-align-center\" data-align=\"center\">27<\/td><td class=\"has-text-align-center\" data-align=\"center\">1,05%<\/td><\/tr><tr><td>Centro-Oeste<\/td><td class=\"has-text-align-center\" data-align=\"center\">TO<\/td><td class=\"has-text-align-center\" data-align=\"center\">171<\/td><td class=\"has-text-align-center\" data-align=\"center\">43<\/td><td class=\"has-text-align-center\" data-align=\"center\">1,05%<\/td><\/tr><tr><td>Norte<\/td><td class=\"has-text-align-center\" data-align=\"center\">AM<\/td><td class=\"has-text-align-center\" data-align=\"center\">152<\/td><td class=\"has-text-align-center\" data-align=\"center\">101<\/td><td class=\"has-text-align-center\" data-align=\"center\">0,93%<\/td><\/tr><tr><td>Norte<\/td><td class=\"has-text-align-center\" data-align=\"center\">AC<\/td><td class=\"has-text-align-center\" data-align=\"center\">127<\/td><td class=\"has-text-align-center\" data-align=\"center\">21<\/td><td class=\"has-text-align-center\" data-align=\"center\">0,78%<\/td><\/tr><tr><td>Norte<\/td><td class=\"has-text-align-center\" data-align=\"center\">RR<\/td><td class=\"has-text-align-center\" data-align=\"center\">109<\/td><td class=\"has-text-align-center\" data-align=\"center\">52<\/td><td class=\"has-text-align-center\" data-align=\"center\">0,67%<\/td><\/tr><tr><td>Norte<\/td><td class=\"has-text-align-center\" data-align=\"center\">AP<\/td><td class=\"has-text-align-center\" data-align=\"center\">73<\/td><td class=\"has-text-align-center\" data-align=\"center\">42<\/td><td class=\"has-text-align-center\" data-align=\"center\">0,45%<\/td><\/tr><\/tbody><\/table><\/figure><p>De longe, a regi&atilde;o Nordeste recebeu mais inscri&ccedil;&otilde;es, uma vez que o n&uacute;mero de vagas para essa regi&atilde;o tamb&eacute;m &eacute; maior. Para voc&ecirc; ir al&eacute;m do exposto pelo Minist&eacute;rio da Sa&uacute;de, o Portal do Estrat&eacute;gia MED preparou um gr&aacute;fico para voc&ecirc; conferir a porcentagem de inscritos por regi&atilde;o, veja a seguir:<\/p><div class=\"wp-block-image\"><figure class=\"aligncenter size-large\"><img decoding=\"async\" width=\"1024\" height=\"576\" src=\"https:\/\/med.estrategia.com\/portal\/wp-content\/uploads\/2022\/02\/inscritos-medicos-pelo-brasil-1-1024x576.jpg\" alt=\"\" class=\"wp-image-18026\" srcset=\"https:\/\/med.estrategia.com\/portal\/wp-content\/uploads\/2022\/02\/inscritos-medicos-pelo-brasil-1-1024x576.jpg 1024w, https:\/\/med.estrategia.com\/portal\/wp-content\/uploads\/2022\/02\/inscritos-medicos-pelo-brasil-1-768x432.jpg 768w, https:\/\/med.estrategia.com\/portal\/wp-content\/uploads\/2022\/02\/inscritos-medicos-pelo-brasil-1-1536x864.jpg 1536w, https:\/\/med.estrategia.com\/portal\/wp-content\/uploads\/2022\/02\/inscritos-medicos-pelo-brasil-1-800x450.jpg 800w, https:\/\/med.estrategia.com\/portal\/wp-content\/uploads\/2022\/02\/inscritos-medicos-pelo-brasil-1-1160x653.jpg 1160w, https:\/\/med.estrategia.com\/portal\/wp-content\/uploads\/2022\/02\/inscritos-medicos-pelo-brasil-1-1200x675.jpg 1200w, https:\/\/med.estrategia.com\/portal\/wp-content\/uploads\/2022\/02\/inscritos-medicos-pelo-brasil-1.jpg 1920w\" sizes=\"(max-width: 1024px) 100vw, 1024px\" \/><\/figure><\/div><p>Para receber mais conte&uacute;dos como esse, j&aacute; se inscreva na Newsletter do Portal de EMED!<\/p><\/p>\n","protected":false},"excerpt":{"rendered":"O Minist&eacute;rio da Sa&uacute;de divulgou nessa semana o n&uacute;mero de inscritos no processo seletivo do M&eacute;dicos Pelo Brasil,&hellip;\n","protected":false},"author":10,"featured_media":18025,"comment_status":"closed","ping_status":"closed","sticky":false,"template":"","format":"standard","meta":{"wl_entities_gutenberg":"","footnotes":""},"categories":[32],"tags":[],"wl_entity_type":[199],"class_list":{"0":"post-18024","1":"post","2":"type-post","3":"status-publish","4":"format-standard","5":"has-post-thumbnail","7":"category-atualidades","8":"wl_entity_type-article"},"acf":[],"yoast_head":"<!-- This site is optimized with the Yoast SEO Premium plugin v26.6 (Yoast SEO v26.6) - https:\/\/yoast.com\/wordpress\/plugins\/seo\/ -->\n<title>Programa M\u00e9dicos Pelo Brasil recebe mais de 16 mil inscritos<\/title>\n<meta name=\"description\" content=\"As inscri\u00e7\u00f5es do Programa M\u00e9dicos Pelo Brasil finalizaram no dia 6 de fevereiro. O Portal do EMED traz aqui o n\u00famero de inscritos, confira!\" \/>\n<meta name=\"robots\" content=\"index, follow, max-snippet:-1, max-image-preview:large, max-video-preview:-1\" \/>\n<link rel=\"canonical\" href=\"https:\/\/med.estrategia.com\/portal\/atualidades\/inscritos-medicos-pelo-brasil\/\" \/>\n<meta property=\"og:locale\" content=\"pt_BR\" \/>\n<meta property=\"og:type\" content=\"article\" \/>\n<meta property=\"og:title\" content=\"Programa M\u00e9dicos Pelo Brasil recebe mais de 16 mil inscritos em sua primeira edi\u00e7\u00e3o\" \/>\n<meta property=\"og:description\" content=\"As inscri\u00e7\u00f5es do Programa M\u00e9dicos Pelo Brasil finalizaram no dia 6 de fevereiro. O Portal do EMED traz aqui o n\u00famero de inscritos, confira!\" \/>\n<meta property=\"og:url\" content=\"https:\/\/med.estrategia.com\/portal\/atualidades\/inscritos-medicos-pelo-brasil\/\" \/>\n<meta property=\"og:site_name\" content=\"Estrat\u00e9gia MED\" \/>\n<meta property=\"article:publisher\" content=\"https:\/\/www.facebook.com\/estrategiamed1\" \/>\n<meta property=\"article:published_time\" content=\"2022-02-17T19:39:50+00:00\" \/>\n<meta property=\"article:modified_time\" content=\"2022-10-07T17:48:14+00:00\" \/>\n<meta property=\"og:image\" content=\"https:\/\/cdn.medblog.estrategiaeducacional.com.br\/wp-content\/uploads\/2022\/02\/inscritos-medicos-pelo-brasil.jpg\" \/>\n\t<meta property=\"og:image:width\" content=\"500\" \/>\n\t<meta property=\"og:image:height\" content=\"300\" \/>\n\t<meta property=\"og:image:type\" content=\"image\/jpeg\" \/>\n<meta name=\"author\" content=\"Beatriz Testa\" \/>\n<meta name=\"twitter:card\" content=\"summary_large_image\" \/>\n<meta name=\"twitter:creator\" content=\"@estrategiamed_\" \/>\n<meta name=\"twitter:site\" content=\"@estrategiamed_\" \/>\n<meta name=\"twitter:label1\" content=\"Escrito por\" \/>\n\t<meta name=\"twitter:data1\" content=\"Beatriz Testa\" \/>\n\t<meta name=\"twitter:label2\" content=\"Est. tempo de leitura\" \/>\n\t<meta name=\"twitter:data2\" content=\"2 minutos\" \/>\n<script type=\"application\/ld+json\" class=\"yoast-schema-graph\">{\"@context\":\"https:\/\/schema.org\",\"@graph\":[{\"@type\":\"WebPage\",\"@id\":\"https:\/\/med.estrategia.com\/portal\/atualidades\/inscritos-medicos-pelo-brasil\/\",\"url\":\"https:\/\/med.estrategia.com\/portal\/atualidades\/inscritos-medicos-pelo-brasil\/\",\"name\":\"Programa M\u00e9dicos Pelo Brasil recebe mais de 16 mil inscritos\",\"isPartOf\":{\"@id\":\"https:\/\/med.estrategia.com\/portal\/#website\"},\"primaryImageOfPage\":{\"@id\":\"https:\/\/med.estrategia.com\/portal\/atualidades\/inscritos-medicos-pelo-brasil\/#primaryimage\"},\"image\":{\"@id\":\"https:\/\/med.estrategia.com\/portal\/atualidades\/inscritos-medicos-pelo-brasil\/#primaryimage\"},\"thumbnailUrl\":\"https:\/\/med.estrategia.com\/portal\/wp-content\/uploads\/2022\/02\/inscritos-medicos-pelo-brasil.jpg\",\"datePublished\":\"2022-02-17T19:39:50+00:00\",\"dateModified\":\"2022-10-07T17:48:14+00:00\",\"author\":{\"@id\":\"https:\/\/med.estrategia.com\/portal\/#\/schema\/person\/b7dbcd5a280cfd98cc9f95fb82338fe3\"},\"description\":\"As inscri\u00e7\u00f5es do Programa M\u00e9dicos Pelo Brasil finalizaram no dia 6 de fevereiro. O Portal do EMED traz aqui o n\u00famero de inscritos, confira!\",\"breadcrumb\":{\"@id\":\"https:\/\/med.estrategia.com\/portal\/atualidades\/inscritos-medicos-pelo-brasil\/#breadcrumb\"},\"inLanguage\":\"pt-BR\",\"potentialAction\":[{\"@type\":\"ReadAction\",\"target\":[\"https:\/\/med.estrategia.com\/portal\/atualidades\/inscritos-medicos-pelo-brasil\/\"]}]},{\"@type\":\"ImageObject\",\"inLanguage\":\"pt-BR\",\"@id\":\"https:\/\/med.estrategia.com\/portal\/atualidades\/inscritos-medicos-pelo-brasil\/#primaryimage\",\"url\":\"https:\/\/med.estrategia.com\/portal\/wp-content\/uploads\/2022\/02\/inscritos-medicos-pelo-brasil.jpg\",\"contentUrl\":\"https:\/\/med.estrategia.com\/portal\/wp-content\/uploads\/2022\/02\/inscritos-medicos-pelo-brasil.jpg\",\"width\":500,\"height\":300,\"caption\":\"gabaritos m\u00e9dicos pelo brasil\"},{\"@type\":\"BreadcrumbList\",\"@id\":\"https:\/\/med.estrategia.com\/portal\/atualidades\/inscritos-medicos-pelo-brasil\/#breadcrumb\",\"itemListElement\":[{\"@type\":\"ListItem\",\"position\":1,\"name\":\"Home\",\"item\":\"https:\/\/med.estrategia.com\/portal\/\"},{\"@type\":\"ListItem\",\"position\":2,\"name\":\"Atualidades\",\"item\":\"https:\/\/med.estrategia.com\/portal\/atualidades\/\"},{\"@type\":\"ListItem\",\"position\":3,\"name\":\"Programa M\u00e9dicos Pelo Brasil recebe mais de 16 mil inscritos em sua primeira edi\u00e7\u00e3o\"}]},{\"@type\":\"WebSite\",\"@id\":\"https:\/\/med.estrategia.com\/portal\/#website\",\"url\":\"https:\/\/med.estrategia.com\/portal\/\",\"name\":\"Estrat\u00e9gia MED\",\"description\":\"\",\"potentialAction\":[{\"@type\":\"SearchAction\",\"target\":{\"@type\":\"EntryPoint\",\"urlTemplate\":\"https:\/\/med.estrategia.com\/portal\/?s={search_term_string}\"},\"query-input\":{\"@type\":\"PropertyValueSpecification\",\"valueRequired\":true,\"valueName\":\"search_term_string\"}}],\"inLanguage\":\"pt-BR\"},{\"@type\":\"Person\",\"@id\":\"https:\/\/med.estrategia.com\/portal\/#\/schema\/person\/b7dbcd5a280cfd98cc9f95fb82338fe3\",\"name\":\"Beatriz Testa\",\"image\":{\"@type\":\"ImageObject\",\"inLanguage\":\"pt-BR\",\"@id\":\"https:\/\/med.estrategia.com\/portal\/#\/schema\/person\/image\/\",\"url\":\"https:\/\/secure.gravatar.com\/avatar\/e87f00de46242bcd24922a3678dae2b5?s=96&d=mm&r=g\",\"contentUrl\":\"https:\/\/secure.gravatar.com\/avatar\/e87f00de46242bcd24922a3678dae2b5?s=96&d=mm&r=g\",\"caption\":\"Beatriz Testa\"},\"description\":\"Beatriz, a santista que cursa jornalismo na grande S\u00e3o Paulo. Amo dan\u00e7ar e ler, mas minha grande paix\u00e3o \u00e9 a escrita. Quando n\u00e3o consigo me expressar na fala, \u00e9 a\u00ed escrita entra em cena.\",\"url\":\"https:\/\/med.estrategia.com\/portal\/author\/beatriz-testa\/\"}]}<\/script>\n<!-- \/ Yoast SEO Premium plugin. -->","yoast_head_json":{"title":"Programa M\u00e9dicos Pelo Brasil recebe mais de 16 mil inscritos","description":"As inscri\u00e7\u00f5es do Programa M\u00e9dicos Pelo Brasil finalizaram no dia 6 de fevereiro. O Portal do EMED traz aqui o n\u00famero de inscritos, confira!","robots":{"index":"index","follow":"follow","max-snippet":"max-snippet:-1","max-image-preview":"max-image-preview:large","max-video-preview":"max-video-preview:-1"},"canonical":"https:\/\/med.estrategia.com\/portal\/atualidades\/inscritos-medicos-pelo-brasil\/","og_locale":"pt_BR","og_type":"article","og_title":"Programa M\u00e9dicos Pelo Brasil recebe mais de 16 mil inscritos em sua primeira edi\u00e7\u00e3o","og_description":"As inscri\u00e7\u00f5es do Programa M\u00e9dicos Pelo Brasil finalizaram no dia 6 de fevereiro. O Portal do EMED traz aqui o n\u00famero de inscritos, confira!","og_url":"https:\/\/med.estrategia.com\/portal\/atualidades\/inscritos-medicos-pelo-brasil\/","og_site_name":"Estrat\u00e9gia MED","article_publisher":"https:\/\/www.facebook.com\/estrategiamed1","article_published_time":"2022-02-17T19:39:50+00:00","article_modified_time":"2022-10-07T17:48:14+00:00","og_image":[{"width":500,"height":300,"url":"https:\/\/cdn.medblog.estrategiaeducacional.com.br\/wp-content\/uploads\/2022\/02\/inscritos-medicos-pelo-brasil.jpg","type":"image\/jpeg"}],"author":"Beatriz Testa","twitter_card":"summary_large_image","twitter_creator":"@estrategiamed_","twitter_site":"@estrategiamed_","twitter_misc":{"Escrito por":"Beatriz Testa","Est. tempo de leitura":"2 minutos"},"schema":{"@context":"https:\/\/schema.org","@graph":[{"@type":"WebPage","@id":"https:\/\/med.estrategia.com\/portal\/atualidades\/inscritos-medicos-pelo-brasil\/","url":"https:\/\/med.estrategia.com\/portal\/atualidades\/inscritos-medicos-pelo-brasil\/","name":"Programa M\u00e9dicos Pelo Brasil recebe mais de 16 mil inscritos","isPartOf":{"@id":"https:\/\/med.estrategia.com\/portal\/#website"},"primaryImageOfPage":{"@id":"https:\/\/med.estrategia.com\/portal\/atualidades\/inscritos-medicos-pelo-brasil\/#primaryimage"},"image":{"@id":"https:\/\/med.estrategia.com\/portal\/atualidades\/inscritos-medicos-pelo-brasil\/#primaryimage"},"thumbnailUrl":"https:\/\/med.estrategia.com\/portal\/wp-content\/uploads\/2022\/02\/inscritos-medicos-pelo-brasil.jpg","datePublished":"2022-02-17T19:39:50+00:00","dateModified":"2022-10-07T17:48:14+00:00","author":{"@id":"https:\/\/med.estrategia.com\/portal\/#\/schema\/person\/b7dbcd5a280cfd98cc9f95fb82338fe3"},"description":"As inscri\u00e7\u00f5es do Programa M\u00e9dicos Pelo Brasil finalizaram no dia 6 de fevereiro. O Portal do EMED traz aqui o n\u00famero de inscritos, confira!","breadcrumb":{"@id":"https:\/\/med.estrategia.com\/portal\/atualidades\/inscritos-medicos-pelo-brasil\/#breadcrumb"},"inLanguage":"pt-BR","potentialAction":[{"@type":"ReadAction","target":["https:\/\/med.estrategia.com\/portal\/atualidades\/inscritos-medicos-pelo-brasil\/"]}]},{"@type":"ImageObject","inLanguage":"pt-BR","@id":"https:\/\/med.estrategia.com\/portal\/atualidades\/inscritos-medicos-pelo-brasil\/#primaryimage","url":"https:\/\/med.estrategia.com\/portal\/wp-content\/uploads\/2022\/02\/inscritos-medicos-pelo-brasil.jpg","contentUrl":"https:\/\/med.estrategia.com\/portal\/wp-content\/uploads\/2022\/02\/inscritos-medicos-pelo-brasil.jpg","width":500,"height":300,"caption":"gabaritos m\u00e9dicos pelo brasil"},{"@type":"BreadcrumbList","@id":"https:\/\/med.estrategia.com\/portal\/atualidades\/inscritos-medicos-pelo-brasil\/#breadcrumb","itemListElement":[{"@type":"ListItem","position":1,"name":"Home","item":"https:\/\/med.estrategia.com\/portal\/"},{"@type":"ListItem","position":2,"name":"Atualidades","item":"https:\/\/med.estrategia.com\/portal\/atualidades\/"},{"@type":"ListItem","position":3,"name":"Programa M\u00e9dicos Pelo Brasil recebe mais de 16 mil inscritos em sua primeira edi\u00e7\u00e3o"}]},{"@type":"WebSite","@id":"https:\/\/med.estrategia.com\/portal\/#website","url":"https:\/\/med.estrategia.com\/portal\/","name":"Estrat\u00e9gia MED","description":"","potentialAction":[{"@type":"SearchAction","target":{"@type":"EntryPoint","urlTemplate":"https:\/\/med.estrategia.com\/portal\/?s={search_term_string}"},"query-input":{"@type":"PropertyValueSpecification","valueRequired":true,"valueName":"search_term_string"}}],"inLanguage":"pt-BR"},{"@type":"Person","@id":"https:\/\/med.estrategia.com\/portal\/#\/schema\/person\/b7dbcd5a280cfd98cc9f95fb82338fe3","name":"Beatriz Testa","image":{"@type":"ImageObject","inLanguage":"pt-BR","@id":"https:\/\/med.estrategia.com\/portal\/#\/schema\/person\/image\/","url":"https:\/\/secure.gravatar.com\/avatar\/e87f00de46242bcd24922a3678dae2b5?s=96&d=mm&r=g","contentUrl":"https:\/\/secure.gravatar.com\/avatar\/e87f00de46242bcd24922a3678dae2b5?s=96&d=mm&r=g","caption":"Beatriz Testa"},"description":"Beatriz, a santista que cursa jornalismo na grande S\u00e3o Paulo. Amo dan\u00e7ar e ler, mas minha grande paix\u00e3o \u00e9 a escrita. Quando n\u00e3o consigo me expressar na fala, \u00e9 a\u00ed escrita entra em cena.","url":"https:\/\/med.estrategia.com\/portal\/author\/beatriz-testa\/"}]}},"_wl_alt_label":[],"wl:entity_url":"\/post\/inscritos-medicos-pelo-brasil","_links":{"self":[{"href":"https:\/\/med.estrategia.com\/portal\/wp-json\/wp\/v2\/posts\/18024","targetHints":{"allow":["GET"]}}],"collection":[{"href":"https:\/\/med.estrategia.com\/portal\/wp-json\/wp\/v2\/posts"}],"about":[{"href":"https:\/\/med.estrategia.com\/portal\/wp-json\/wp\/v2\/types\/post"}],"author":[{"embeddable":true,"href":"https:\/\/med.estrategia.com\/portal\/wp-json\/wp\/v2\/users\/10"}],"replies":[{"embeddable":true,"href":"https:\/\/med.estrategia.com\/portal\/wp-json\/wp\/v2\/comments?post=18024"}],"version-history":[{"count":3,"href":"https:\/\/med.estrategia.com\/portal\/wp-json\/wp\/v2\/posts\/18024\/revisions"}],"predecessor-version":[{"id":27700,"href":"https:\/\/med.estrategia.com\/portal\/wp-json\/wp\/v2\/posts\/18024\/revisions\/27700"}],"wp:featuredmedia":[{"embeddable":true,"href":"https:\/\/med.estrategia.com\/portal\/wp-json\/wp\/v2\/media\/18025"}],"wp:attachment":[{"href":"https:\/\/med.estrategia.com\/portal\/wp-json\/wp\/v2\/media?parent=18024"}],"wp:term":[{"taxonomy":"category","embeddable":true,"href":"https:\/\/med.estrategia.com\/portal\/wp-json\/wp\/v2\/categories?post=18024"},{"taxonomy":"post_tag","embeddable":true,"href":"https:\/\/med.estrategia.com\/portal\/wp-json\/wp\/v2\/tags?post=18024"},{"taxonomy":"wl_entity_type","embeddable":true,"href":"https:\/\/med.estrategia.com\/portal\/wp-json\/wp\/v2\/wl_entity_type?post=18024"}],"curies":[{"name":"wp","href":"https:\/\/api.w.org\/{rel}","templated":true}]}}