{"id":19404,"date":"2022-04-20T09:54:31","date_gmt":"2022-04-20T12:54:31","guid":{"rendered":"https:\/\/med.estrategia.com\/portal\/?p=19404"},"modified":"2022-04-22T16:56:48","modified_gmt":"2022-04-22T19:56:48","slug":"erros-divulgacao-resultado-revalida","status":"publish","type":"post","link":"https:\/\/med.estrategia.com\/portal\/revalida\/erros-divulgacao-resultado-revalida\/","title":{"rendered":"Erros na divulga\u00e7\u00e3o de resultado do Revalida 2022.1 causam indigna\u00e7\u00e3o"},"content":{"rendered":"<p>Ontem, dia 19 de abril, indigna&ccedil;&atilde;o e reclama&ccedil;&otilde;es tomaram conta das redes sociais devido a divulga&ccedil;&atilde;o do resultado preliminar da prova discursiva do Revalida 2022.1.<br><br>O que era para ter sido um momento de comemora&ccedil;&atilde;o para muitos, se tornou um pesadelo para todos, a partir do momento em que relatos sobre erros na nota da prova discursiva foram tomando conta. Os m&eacute;dicos participantes da edi&ccedil;&atilde;o, indignados ap&oacute;s notarem tal falha, acusaram o Inep de erros e cobraram respostas, que at&eacute; o momento n&atilde;o foram respondidas.<br><br>A <a href=\"https:\/\/med.estrategia.com\/portal\/revalida\/resultado-primeira-fase-revalida\/\" target=\"_blank\">divulga&ccedil;&atilde;o feita no final da noite da &uacute;ltima segunda<\/a>, 18, e disponibilizada no Sistema Revalida para todos os candidatos da edi&ccedil;&atilde;o consultarem, contava com o resultado definitivo da prova te&oacute;rica e preliminar da discursiva. Os erros apontados se devem a este segundo, onde a nota n&atilde;o fazia sentido ao exceder o m&aacute;ximo de 50 pontos, junto a somat&oacute;ria com a te&oacute;rica que em muitos casos tamb&eacute;m excederam a pontua&ccedil;&atilde;o total da primeira etapa.<br><p>\n\n\n<div id=\"new-form\">\n\t<form id=\"forms_layout\">\n\t<input type=\"hidden\" id=\"chave_de\" name=\"chave_de\" value=\"01_EMED_LEADS_TOTAIS\" \/>\n\t\t<input type=\"hidden\" id=\"mid\" name=\"mid\" value=\"515009018\" \/>\n\t\t<input type=\"hidden\" id=\"Objetivo\" name=\"Objetivo\" value=\"Medicina\" \/>\n\t\t<input type=\"hidden\" id=\"Estado_de_Origem_do_IP\" name=\"Estado_de_Origem_do_IP\"  value=\"\" \/>\n\t\t<input type=\"hidden\" id=\"Cidade_de_Origem_do_IP\" name=\"Cidade_de_Origem_do_IP\" value=\"\" \/>\n\t\t<input type=\"hidden\" id=\"Modo_de_entrada\" name=\"Modo_de_entrada\" value=\"Portal\" \/>\n\t\t<input type=\"hidden\" id=\"Pagina_Origem\" name=\"Pagina_Origem\" value=\"\" \/>\n\n\t\t<div class=\"texto\">\n\t\t\t<h3 class=\"news\">Inscreva-se em nossa newsletter!<\/h3>\n\t\t\t<p>Receba not\u00edcias sobre resid\u00eancia m\u00e9dica, revalida\u00e7\u00e3o de diplomas e concursos m\u00e9dicos, al\u00e9m de materiais de estudo gratuitos e informa\u00e7\u00f5es relevantes do mundo da Medicina.<\/p>\n\t\t<\/div>\n\t\t<div class=\"campos\">\n\t\t\t<div class=\"first_name labels\">\n\t\t\t\t<input type=\"text\" class=\"input_labels\" id=\"first_name\" name=\"Nome_Completo\" placeholder=\"Nome\" required \/>\n\t\t\t<\/div>\n\t\t\t<div class=\"email labels\">\n\t\t\t\t<input type=\"email\" class=\"input_labels\" id=\"email\" name=\"Email\" placeholder=\"E-mail\" required \/>\n\t\t\t<\/div>\n\t\t\t<button type=\"submit\" class=\"button_layout\">\n\t\t\t\t<div id=\"lblBotao\">Inscreva-se<\/div>\n\t\t\t\t<span id=\"divSpiner\" class=\"loader\" role=\"status\" style=\"display: none;\"><\/span>\t\n\t\t\t<\/button>\n\t\t<\/div><!-- \/campos -->\n\t\t\n\t\t<label class=\"container_checkbox\">Voc\u00ea concorda com a nossa\n\t\t\t<a class=\"politics_privacy_ahref\" target=\"_blank\" href=\"https:\/\/gratis.estrategiaconcursos.com.br\/politica-de-privacidade\/\">Pol\u00edtica de Privacidade<\/a> e aceita receber informa\u00e7\u00f5es adicionais do Estrat\u00e9gia Educacional.\n\t\t\t<input id=\"checkbox_layout\" type=\"checkbox\" checked=\"checked\" required \/>\n\t\t\t<span class=\"checkbox\"><\/span>\n\t\t<\/label>\n\t\t<div id=\"msg\"><\/div>\n\t\t<div id=\"error\" class=\"error\">\n\t\t<\/div>\n\t<\/form>\n<\/div><!-- \/new-form -->\n\n\n\n<\/p><p><br>Com a corre&ccedil;&atilde;o do resultado, muitos dos que apareceram como aprovados por conta dos excessos nas notas, infelizmente n&atilde;o se encontram mais com o resultado positivo, devendo recorrer aos recursos, o que gerou frustra&ccedil;&atilde;o e muitos coment&aacute;rios negativos. <br><br><em>&ldquo;&Eacute; um completo desrespeito o que aconteceu! &Eacute; inadmiss&iacute;vel o erro! Absurdo total e falta de respeito por todos que fizeram as provas e aqueles que receberam um resultado, e quando acordaram era outro! &Eacute; lament&aacute;vel! Desrespeito total!<\/em>&ldquo;, comentou uma seguidora na <a href=\"https:\/\/www.instagram.com\/p\/CchEV1eusvG\/\" target=\"_blank\">postagem<\/a>  feita no Instagram do Instituto.<\/p><p>Sem nenhum posicionamento por parte do Inep at&eacute; o momento, o prazo de recursos segue at&eacute; o dia 23 de abril, com o <strong>resultado final definitivo<\/strong> da primeira fase estando previsto para o dia <strong>11 de maio<\/strong>. <\/p><p><strong><\/strong><\/p><\/p>\n","protected":false},"excerpt":{"rendered":"Ontem, dia 19 de abril, indigna&ccedil;&atilde;o e reclama&ccedil;&otilde;es tomaram conta das redes sociais devido a divulga&ccedil;&atilde;o do resultado&hellip;\n","protected":false},"author":39,"featured_media":18009,"comment_status":"closed","ping_status":"closed","sticky":false,"template":"","format":"standard","meta":{"wl_entities_gutenberg":"","footnotes":""},"categories":[44],"tags":[],"wl_entity_type":[199],"class_list":{"0":"post-19404","1":"post","2":"type-post","3":"status-publish","4":"format-standard","5":"has-post-thumbnail","7":"category-revalida","8":"wl_entity_type-article"},"acf":[],"yoast_head":"<!-- This site is optimized with the Yoast SEO Premium plugin v26.6 (Yoast SEO v26.6) - https:\/\/yoast.com\/wordpress\/plugins\/seo\/ -->\n<title>Erros na divulga\u00e7\u00e3o de resultado do Revalida 2022.1 causam indigna\u00e7\u00e3o<\/title>\n<meta name=\"description\" content=\"Erros foram apontados ap\u00f3s a divulga\u00e7\u00e3o do resultado preliminar da prova discursiva do Revalida 2022.1 e causou indigna\u00e7\u00e3o na web, confira!\" \/>\n<meta name=\"robots\" content=\"index, follow, max-snippet:-1, max-image-preview:large, max-video-preview:-1\" \/>\n<link rel=\"canonical\" href=\"https:\/\/med.estrategia.com\/portal\/revalida\/erros-divulgacao-resultado-revalida\/\" \/>\n<meta property=\"og:locale\" content=\"pt_BR\" \/>\n<meta property=\"og:type\" content=\"article\" \/>\n<meta property=\"og:title\" content=\"Erros na divulga\u00e7\u00e3o de resultado do Revalida 2022.1 causam indigna\u00e7\u00e3o\" \/>\n<meta property=\"og:description\" content=\"Erros foram apontados ap\u00f3s a divulga\u00e7\u00e3o do resultado preliminar da prova discursiva do Revalida 2022.1 e causou indigna\u00e7\u00e3o na web, confira!\" \/>\n<meta property=\"og:url\" content=\"https:\/\/med.estrategia.com\/portal\/revalida\/erros-divulgacao-resultado-revalida\/\" \/>\n<meta property=\"og:site_name\" content=\"Estrat\u00e9gia MED\" \/>\n<meta property=\"article:publisher\" content=\"https:\/\/www.facebook.com\/estrategiamed1\" \/>\n<meta property=\"article:published_time\" content=\"2022-04-20T12:54:31+00:00\" \/>\n<meta property=\"article:modified_time\" content=\"2022-04-22T19:56:48+00:00\" \/>\n<meta property=\"og:image\" content=\"https:\/\/cdn.medblog.estrategiaeducacional.com.br\/wp-content\/uploads\/2022\/02\/50330757146_e03ba0367b_c.jpg\" \/>\n\t<meta property=\"og:image:width\" content=\"800\" \/>\n\t<meta property=\"og:image:height\" content=\"335\" \/>\n\t<meta property=\"og:image:type\" content=\"image\/jpeg\" \/>\n<meta name=\"author\" content=\"Ana Carolina Damasceno\" \/>\n<meta name=\"twitter:card\" content=\"summary_large_image\" \/>\n<meta name=\"twitter:creator\" content=\"@estrategiamed_\" \/>\n<meta name=\"twitter:site\" content=\"@estrategiamed_\" \/>\n<meta name=\"twitter:label1\" content=\"Escrito por\" \/>\n\t<meta name=\"twitter:data1\" content=\"Ana Carolina Damasceno\" \/>\n\t<meta name=\"twitter:label2\" content=\"Est. tempo de leitura\" \/>\n\t<meta name=\"twitter:data2\" content=\"2 minutos\" \/>\n<script type=\"application\/ld+json\" class=\"yoast-schema-graph\">{\"@context\":\"https:\/\/schema.org\",\"@graph\":[{\"@type\":\"WebPage\",\"@id\":\"https:\/\/med.estrategia.com\/portal\/revalida\/erros-divulgacao-resultado-revalida\/\",\"url\":\"https:\/\/med.estrategia.com\/portal\/revalida\/erros-divulgacao-resultado-revalida\/\",\"name\":\"Erros na divulga\u00e7\u00e3o de resultado do Revalida 2022.1 causam indigna\u00e7\u00e3o\",\"isPartOf\":{\"@id\":\"https:\/\/med.estrategia.com\/portal\/#website\"},\"primaryImageOfPage\":{\"@id\":\"https:\/\/med.estrategia.com\/portal\/revalida\/erros-divulgacao-resultado-revalida\/#primaryimage\"},\"image\":{\"@id\":\"https:\/\/med.estrategia.com\/portal\/revalida\/erros-divulgacao-resultado-revalida\/#primaryimage\"},\"thumbnailUrl\":\"https:\/\/med.estrategia.com\/portal\/wp-content\/uploads\/2022\/02\/50330757146_e03ba0367b_c.jpg\",\"datePublished\":\"2022-04-20T12:54:31+00:00\",\"dateModified\":\"2022-04-22T19:56:48+00:00\",\"author\":{\"@id\":\"https:\/\/med.estrategia.com\/portal\/#\/schema\/person\/2f553adbb8e25fe39d145c5b2927f58c\"},\"description\":\"Erros foram apontados ap\u00f3s a divulga\u00e7\u00e3o do resultado preliminar da prova discursiva do Revalida 2022.1 e causou indigna\u00e7\u00e3o na web, confira!\",\"breadcrumb\":{\"@id\":\"https:\/\/med.estrategia.com\/portal\/revalida\/erros-divulgacao-resultado-revalida\/#breadcrumb\"},\"inLanguage\":\"pt-BR\",\"potentialAction\":[{\"@type\":\"ReadAction\",\"target\":[\"https:\/\/med.estrategia.com\/portal\/revalida\/erros-divulgacao-resultado-revalida\/\"]}]},{\"@type\":\"ImageObject\",\"inLanguage\":\"pt-BR\",\"@id\":\"https:\/\/med.estrategia.com\/portal\/revalida\/erros-divulgacao-resultado-revalida\/#primaryimage\",\"url\":\"https:\/\/med.estrategia.com\/portal\/wp-content\/uploads\/2022\/02\/50330757146_e03ba0367b_c.jpg\",\"contentUrl\":\"https:\/\/med.estrategia.com\/portal\/wp-content\/uploads\/2022\/02\/50330757146_e03ba0367b_c.jpg\",\"width\":800,\"height\":335,\"caption\":\"Cr\u00e9ditos: Divulga\u00e7\u00e3o - Instituto Nacional de Pesquisas Educacionais An\u00edsio Teixeira.\"},{\"@type\":\"BreadcrumbList\",\"@id\":\"https:\/\/med.estrategia.com\/portal\/revalida\/erros-divulgacao-resultado-revalida\/#breadcrumb\",\"itemListElement\":[{\"@type\":\"ListItem\",\"position\":1,\"name\":\"Home\",\"item\":\"https:\/\/med.estrategia.com\/portal\/\"},{\"@type\":\"ListItem\",\"position\":2,\"name\":\"Revalida\",\"item\":\"https:\/\/med.estrategia.com\/portal\/revalida\/\"},{\"@type\":\"ListItem\",\"position\":3,\"name\":\"Erros na divulga\u00e7\u00e3o de resultado do Revalida 2022.1 causam indigna\u00e7\u00e3o\"}]},{\"@type\":\"WebSite\",\"@id\":\"https:\/\/med.estrategia.com\/portal\/#website\",\"url\":\"https:\/\/med.estrategia.com\/portal\/\",\"name\":\"Estrat\u00e9gia MED\",\"description\":\"\",\"potentialAction\":[{\"@type\":\"SearchAction\",\"target\":{\"@type\":\"EntryPoint\",\"urlTemplate\":\"https:\/\/med.estrategia.com\/portal\/?s={search_term_string}\"},\"query-input\":{\"@type\":\"PropertyValueSpecification\",\"valueRequired\":true,\"valueName\":\"search_term_string\"}}],\"inLanguage\":\"pt-BR\"},{\"@type\":\"Person\",\"@id\":\"https:\/\/med.estrategia.com\/portal\/#\/schema\/person\/2f553adbb8e25fe39d145c5b2927f58c\",\"name\":\"Ana Carolina Damasceno\",\"image\":{\"@type\":\"ImageObject\",\"inLanguage\":\"pt-BR\",\"@id\":\"https:\/\/med.estrategia.com\/portal\/#\/schema\/person\/image\/\",\"url\":\"https:\/\/med.estrategia.com\/portal\/wp-content\/uploads\/2021\/09\/WhatsApp-Image-2023-08-18-at-16.46.43-150x150.jpeg\",\"contentUrl\":\"https:\/\/med.estrategia.com\/portal\/wp-content\/uploads\/2021\/09\/WhatsApp-Image-2023-08-18-at-16.46.43-150x150.jpeg\",\"caption\":\"Ana Carolina Damasceno\"},\"description\":\"Coordenadora de Jornalismo EMED. Comunicadora por natureza e forma\u00e7\u00e3o, que ama e perde a no\u00e7\u00e3o do tempo com m\u00fasica e s\u00e9rie.\",\"url\":\"https:\/\/med.estrategia.com\/portal\/author\/ana-carolina-damasceno\/\"}]}<\/script>\n<!-- \/ Yoast SEO Premium plugin. -->","yoast_head_json":{"title":"Erros na divulga\u00e7\u00e3o de resultado do Revalida 2022.1 causam indigna\u00e7\u00e3o","description":"Erros foram apontados ap\u00f3s a divulga\u00e7\u00e3o do resultado preliminar da prova discursiva do Revalida 2022.1 e causou indigna\u00e7\u00e3o na web, confira!","robots":{"index":"index","follow":"follow","max-snippet":"max-snippet:-1","max-image-preview":"max-image-preview:large","max-video-preview":"max-video-preview:-1"},"canonical":"https:\/\/med.estrategia.com\/portal\/revalida\/erros-divulgacao-resultado-revalida\/","og_locale":"pt_BR","og_type":"article","og_title":"Erros na divulga\u00e7\u00e3o de resultado do Revalida 2022.1 causam indigna\u00e7\u00e3o","og_description":"Erros foram apontados ap\u00f3s a divulga\u00e7\u00e3o do resultado preliminar da prova discursiva do Revalida 2022.1 e causou indigna\u00e7\u00e3o na web, confira!","og_url":"https:\/\/med.estrategia.com\/portal\/revalida\/erros-divulgacao-resultado-revalida\/","og_site_name":"Estrat\u00e9gia MED","article_publisher":"https:\/\/www.facebook.com\/estrategiamed1","article_published_time":"2022-04-20T12:54:31+00:00","article_modified_time":"2022-04-22T19:56:48+00:00","og_image":[{"width":800,"height":335,"url":"https:\/\/cdn.medblog.estrategiaeducacional.com.br\/wp-content\/uploads\/2022\/02\/50330757146_e03ba0367b_c.jpg","type":"image\/jpeg"}],"author":"Ana Carolina Damasceno","twitter_card":"summary_large_image","twitter_creator":"@estrategiamed_","twitter_site":"@estrategiamed_","twitter_misc":{"Escrito por":"Ana Carolina Damasceno","Est. tempo de leitura":"2 minutos"},"schema":{"@context":"https:\/\/schema.org","@graph":[{"@type":"WebPage","@id":"https:\/\/med.estrategia.com\/portal\/revalida\/erros-divulgacao-resultado-revalida\/","url":"https:\/\/med.estrategia.com\/portal\/revalida\/erros-divulgacao-resultado-revalida\/","name":"Erros na divulga\u00e7\u00e3o de resultado do Revalida 2022.1 causam indigna\u00e7\u00e3o","isPartOf":{"@id":"https:\/\/med.estrategia.com\/portal\/#website"},"primaryImageOfPage":{"@id":"https:\/\/med.estrategia.com\/portal\/revalida\/erros-divulgacao-resultado-revalida\/#primaryimage"},"image":{"@id":"https:\/\/med.estrategia.com\/portal\/revalida\/erros-divulgacao-resultado-revalida\/#primaryimage"},"thumbnailUrl":"https:\/\/med.estrategia.com\/portal\/wp-content\/uploads\/2022\/02\/50330757146_e03ba0367b_c.jpg","datePublished":"2022-04-20T12:54:31+00:00","dateModified":"2022-04-22T19:56:48+00:00","author":{"@id":"https:\/\/med.estrategia.com\/portal\/#\/schema\/person\/2f553adbb8e25fe39d145c5b2927f58c"},"description":"Erros foram apontados ap\u00f3s a divulga\u00e7\u00e3o do resultado preliminar da prova discursiva do Revalida 2022.1 e causou indigna\u00e7\u00e3o na web, confira!","breadcrumb":{"@id":"https:\/\/med.estrategia.com\/portal\/revalida\/erros-divulgacao-resultado-revalida\/#breadcrumb"},"inLanguage":"pt-BR","potentialAction":[{"@type":"ReadAction","target":["https:\/\/med.estrategia.com\/portal\/revalida\/erros-divulgacao-resultado-revalida\/"]}]},{"@type":"ImageObject","inLanguage":"pt-BR","@id":"https:\/\/med.estrategia.com\/portal\/revalida\/erros-divulgacao-resultado-revalida\/#primaryimage","url":"https:\/\/med.estrategia.com\/portal\/wp-content\/uploads\/2022\/02\/50330757146_e03ba0367b_c.jpg","contentUrl":"https:\/\/med.estrategia.com\/portal\/wp-content\/uploads\/2022\/02\/50330757146_e03ba0367b_c.jpg","width":800,"height":335,"caption":"Cr\u00e9ditos: Divulga\u00e7\u00e3o - Instituto Nacional de Pesquisas Educacionais An\u00edsio Teixeira."},{"@type":"BreadcrumbList","@id":"https:\/\/med.estrategia.com\/portal\/revalida\/erros-divulgacao-resultado-revalida\/#breadcrumb","itemListElement":[{"@type":"ListItem","position":1,"name":"Home","item":"https:\/\/med.estrategia.com\/portal\/"},{"@type":"ListItem","position":2,"name":"Revalida","item":"https:\/\/med.estrategia.com\/portal\/revalida\/"},{"@type":"ListItem","position":3,"name":"Erros na divulga\u00e7\u00e3o de resultado do Revalida 2022.1 causam indigna\u00e7\u00e3o"}]},{"@type":"WebSite","@id":"https:\/\/med.estrategia.com\/portal\/#website","url":"https:\/\/med.estrategia.com\/portal\/","name":"Estrat\u00e9gia MED","description":"","potentialAction":[{"@type":"SearchAction","target":{"@type":"EntryPoint","urlTemplate":"https:\/\/med.estrategia.com\/portal\/?s={search_term_string}"},"query-input":{"@type":"PropertyValueSpecification","valueRequired":true,"valueName":"search_term_string"}}],"inLanguage":"pt-BR"},{"@type":"Person","@id":"https:\/\/med.estrategia.com\/portal\/#\/schema\/person\/2f553adbb8e25fe39d145c5b2927f58c","name":"Ana Carolina Damasceno","image":{"@type":"ImageObject","inLanguage":"pt-BR","@id":"https:\/\/med.estrategia.com\/portal\/#\/schema\/person\/image\/","url":"https:\/\/med.estrategia.com\/portal\/wp-content\/uploads\/2021\/09\/WhatsApp-Image-2023-08-18-at-16.46.43-150x150.jpeg","contentUrl":"https:\/\/med.estrategia.com\/portal\/wp-content\/uploads\/2021\/09\/WhatsApp-Image-2023-08-18-at-16.46.43-150x150.jpeg","caption":"Ana Carolina Damasceno"},"description":"Coordenadora de Jornalismo EMED. Comunicadora por natureza e forma\u00e7\u00e3o, que ama e perde a no\u00e7\u00e3o do tempo com m\u00fasica e s\u00e9rie.","url":"https:\/\/med.estrategia.com\/portal\/author\/ana-carolina-damasceno\/"}]}},"_wl_alt_label":[],"wl:entity_url":"\/post\/erros-divulgacao-resultado-revalida","_links":{"self":[{"href":"https:\/\/med.estrategia.com\/portal\/wp-json\/wp\/v2\/posts\/19404","targetHints":{"allow":["GET"]}}],"collection":[{"href":"https:\/\/med.estrategia.com\/portal\/wp-json\/wp\/v2\/posts"}],"about":[{"href":"https:\/\/med.estrategia.com\/portal\/wp-json\/wp\/v2\/types\/post"}],"author":[{"embeddable":true,"href":"https:\/\/med.estrategia.com\/portal\/wp-json\/wp\/v2\/users\/39"}],"replies":[{"embeddable":true,"href":"https:\/\/med.estrategia.com\/portal\/wp-json\/wp\/v2\/comments?post=19404"}],"version-history":[{"count":8,"href":"https:\/\/med.estrategia.com\/portal\/wp-json\/wp\/v2\/posts\/19404\/revisions"}],"predecessor-version":[{"id":19537,"href":"https:\/\/med.estrategia.com\/portal\/wp-json\/wp\/v2\/posts\/19404\/revisions\/19537"}],"wp:featuredmedia":[{"embeddable":true,"href":"https:\/\/med.estrategia.com\/portal\/wp-json\/wp\/v2\/media\/18009"}],"wp:attachment":[{"href":"https:\/\/med.estrategia.com\/portal\/wp-json\/wp\/v2\/media?parent=19404"}],"wp:term":[{"taxonomy":"category","embeddable":true,"href":"https:\/\/med.estrategia.com\/portal\/wp-json\/wp\/v2\/categories?post=19404"},{"taxonomy":"post_tag","embeddable":true,"href":"https:\/\/med.estrategia.com\/portal\/wp-json\/wp\/v2\/tags?post=19404"},{"taxonomy":"wl_entity_type","embeddable":true,"href":"https:\/\/med.estrategia.com\/portal\/wp-json\/wp\/v2\/wl_entity_type?post=19404"}],"curies":[{"name":"wp","href":"https:\/\/api.w.org\/{rel}","templated":true}]}}