{"id":20272,"date":"2022-06-07T08:01:46","date_gmt":"2022-06-07T11:01:46","guid":{"rendered":"https:\/\/med.estrategia.com\/portal\/?p=20272"},"modified":"2023-09-05T18:54:30","modified_gmt":"2023-09-05T21:54:30","slug":"revalida-inep-2","status":"publish","type":"post","link":"https:\/\/med.estrategia.com\/portal\/revalida\/revalida-inep-2\/","title":{"rendered":"Revalida 2023.1: saiu o edital da 1\u00aa etapa!"},"content":{"rendered":"<p>Foi divulgado no dia 4 de janeiro de 2023 o <strong>edital para a 1&ordf; etapa da segunda edi&ccedil;&atilde;o<\/strong> do <a href=\"https:\/\/med.estrategia.com\/portal\/residencia-medica\/o-que-e-revalida\/\">Exame Nacional de Revalida&ccedil;&atilde;o de Diplomas M&eacute;dicos Expedidos por Institui&ccedil;&atilde;o de Ensino Superior Estrangeira (Revalida)<\/a> de 2023.<p>Publicado no Di&aacute;rio Oficial da Uni&atilde;o, o Edital n&ordm; 2, de 3 de janeiro de 2023, conta com<strong> todas as informa&ccedil;&otilde;es<\/strong> <strong>sobre a segunda etapa<\/strong> do processo e seu <strong>cronograma<\/strong>.<\/p><p>\n\n\n<div id=\"new-form\">\n\t<form id=\"forms_layout\">\n\t<input type=\"hidden\" id=\"chave_de\" name=\"chave_de\" value=\"01_EMED_LEADS_TOTAIS\" \/>\n\t\t<input type=\"hidden\" id=\"mid\" name=\"mid\" value=\"515009018\" \/>\n\t\t<input type=\"hidden\" id=\"Objetivo\" name=\"Objetivo\" value=\"Medicina\" \/>\n\t\t<input type=\"hidden\" id=\"Estado_de_Origem_do_IP\" name=\"Estado_de_Origem_do_IP\"  value=\"\" \/>\n\t\t<input type=\"hidden\" id=\"Cidade_de_Origem_do_IP\" name=\"Cidade_de_Origem_do_IP\" value=\"\" \/>\n\t\t<input type=\"hidden\" id=\"Modo_de_entrada\" name=\"Modo_de_entrada\" value=\"Portal\" \/>\n\t\t<input type=\"hidden\" id=\"Pagina_Origem\" name=\"Pagina_Origem\" value=\"\" \/>\n\n\t\t<div class=\"texto\">\n\t\t\t<h3 class=\"news\">Inscreva-se em nossa newsletter!<\/h3>\n\t\t\t<p>Receba not\u00edcias sobre resid\u00eancia m\u00e9dica, revalida\u00e7\u00e3o de diplomas e concursos m\u00e9dicos, al\u00e9m de materiais de estudo gratuitos e informa\u00e7\u00f5es relevantes do mundo da Medicina.<\/p>\n\t\t<\/div>\n\t\t<div class=\"campos\">\n\t\t\t<div class=\"first_name labels\">\n\t\t\t\t<input type=\"text\" class=\"input_labels\" id=\"first_name\" name=\"Nome_Completo\" placeholder=\"Nome\" required \/>\n\t\t\t<\/div>\n\t\t\t<div class=\"email labels\">\n\t\t\t\t<input type=\"email\" class=\"input_labels\" id=\"email\" name=\"Email\" placeholder=\"E-mail\" required \/>\n\t\t\t<\/div>\n\t\t\t<button type=\"submit\" class=\"button_layout\">\n\t\t\t\t<div id=\"lblBotao\">Inscreva-se<\/div>\n\t\t\t\t<span id=\"divSpiner\" class=\"loader\" role=\"status\" style=\"display: none;\"><\/span>\t\n\t\t\t<\/button>\n\t\t<\/div><!-- \/campos -->\n\t\t\n\t\t<label class=\"container_checkbox\">Voc\u00ea concorda com a nossa\n\t\t\t<a class=\"politics_privacy_ahref\" target=\"_blank\" href=\"https:\/\/gratis.estrategiaconcursos.com.br\/politica-de-privacidade\/\">Pol\u00edtica de Privacidade<\/a> e aceita receber informa\u00e7\u00f5es adicionais do Estrat\u00e9gia Educacional.\n\t\t\t<input id=\"checkbox_layout\" type=\"checkbox\" checked=\"checked\" required \/>\n\t\t\t<span class=\"checkbox\"><\/span>\n\t\t<\/label>\n\t\t<div id=\"msg\"><\/div>\n\t\t<div id=\"error\" class=\"error\">\n\t\t<\/div>\n\t<\/form>\n<\/div><!-- \/new-form -->\n\n\n\n<\/p><div id=\"ez-toc-container\" class=\"ez-toc-v2_0_79_2 counter-hierarchy ez-toc-counter ez-toc-transparent ez-toc-container-direction\">\n<div class=\"ez-toc-title-container\"><p class=\"ez-toc-title\" style=\"cursor:inherit\">Navegue pelo conte\u00fado<\/p>\n<\/div><nav><ul class='ez-toc-list ez-toc-list-level-1 ' ><li class='ez-toc-page-1 ez-toc-heading-level-2'><a class=\"ez-toc-link ez-toc-heading-1\" href=\"https:\/\/med.estrategia.com\/portal\/revalida\/revalida-inep-2\/#Sobre-o-Revalida-20231\" >Sobre o Revalida 2023.1<\/a><\/li><li class='ez-toc-page-1 ez-toc-heading-level-2'><a class=\"ez-toc-link ez-toc-heading-2\" href=\"https:\/\/med.estrategia.com\/portal\/revalida\/revalida-inep-2\/#Edital-Revalida-20231-%E2%80%93-1a-Etapa\" >Edital Revalida 2023.1 &ndash; 1&ordf; Etapa<\/a><\/li><li class='ez-toc-page-1 ez-toc-heading-level-2'><a class=\"ez-toc-link ez-toc-heading-3\" href=\"https:\/\/med.estrategia.com\/portal\/revalida\/revalida-inep-2\/#Cronograma-1a-Etapa-%E2%80%93-Revalida-INEP-20231\" >Cronograma 1&ordf; Etapa &ndash; Revalida INEP 2023.1<\/a><\/li><li class='ez-toc-page-1 ez-toc-heading-level-2'><a class=\"ez-toc-link ez-toc-heading-4\" href=\"https:\/\/med.estrategia.com\/portal\/revalida\/revalida-inep-2\/#Inscricoes-Revalida-INEP-20231-%E2%80%93-1a-Etapa\" >Inscri&ccedil;&otilde;es Revalida INEP 2023.1 &ndash; 1&ordf; Etapa<\/a><\/li><li class='ez-toc-page-1 ez-toc-heading-level-2'><a class=\"ez-toc-link ez-toc-heading-5\" href=\"https:\/\/med.estrategia.com\/portal\/revalida\/revalida-inep-2\/#Provas-da-1a-Etapa\" >Provas da 1&ordf; Etapa<\/a><\/li><li class='ez-toc-page-1 ez-toc-heading-level-2'><a class=\"ez-toc-link ez-toc-heading-6\" href=\"https:\/\/med.estrategia.com\/portal\/revalida\/revalida-inep-2\/#Resultado-da-1a-Etapa\" >Resultado da 1&ordf; Etapa<\/a><\/li><li class='ez-toc-page-1 ez-toc-heading-level-2'><a class=\"ez-toc-link ez-toc-heading-7\" href=\"https:\/\/med.estrategia.com\/portal\/revalida\/revalida-inep-2\/#Estudando-para-o-Revalida-INEP\" >Estudando para o Revalida INEP<\/a><\/li><li class='ez-toc-page-1 ez-toc-heading-level-2'><a class=\"ez-toc-link ez-toc-heading-8\" href=\"https:\/\/med.estrategia.com\/portal\/revalida\/revalida-inep-2\/#Veja-tambem\" >Veja tamb&eacute;m:<\/a><\/li><\/ul><\/nav><\/div>\n<h2 class=\"wp-block-heading\" id=\"h-sobre-o-revalida-2023-1\"><span class=\"ez-toc-section\" id=\"Sobre-o-Revalida-20231\"><\/span>Sobre o Revalida 2023.1 <span class=\"ez-toc-section-end\"><\/span><\/h2><p>Para que o participante tenha o seu diploma em medicina validado no Brasil, &eacute; necess&aacute;rio realizar e ser aprovado nas <strong>duas etapas <\/strong>do exame.<br><br>A 1&ordf; etapa do processo ser&aacute; dividida entre a <strong>prova objetiva (P1)<\/strong>, composta por 100 quest&otilde;es de m&uacute;ltipla escolha, e a<strong> prova discursiva (P2)<\/strong>, composta por 5 quest&otilde;es discursivas.&nbsp;<\/p><figure class=\"wp-block-table\"><table><tbody><tr><td><strong>Prova<\/strong><\/td><td><strong>N&ordm; de Quest&otilde;es<\/strong><\/td><td><strong>Nota M&aacute;xima<\/strong><\/td><\/tr><tr><td>Prova Objetiva (P1)<\/td><td>100 quest&otilde;es<\/td><td>100 pontos<\/td><\/tr><tr><td>Prova Discursiva (P2)<\/td><td>5 quest&otilde;es<\/td><td>50 pontos<\/td><\/tr><\/tbody><\/table><\/figure><p>J&aacute; a 2&ordf; etapa, <a href=\"https:\/\/med.estrategia.com\/portal\/revalida\/revalida-2022-2\/\" target=\"_blank\">prevista para acontecer nos dias 24 e 25 de junho de 2023<\/a>, &eacute; constitu&iacute;da por uma <strong>prova de habilidades cl&iacute;nicas<\/strong> composta por dez esta&ccedil;&otilde;es, divididas pelas cinco grandes &aacute;reas da medicina:<\/p><ul class=\"wp-block-list\">\n<li>Cl&iacute;nica M&eacute;dica;<\/li>\n\n\n\n<li>Cirurgia;<\/li>\n\n\n\n<li>Ginecologia e Obstetr&iacute;cia;<\/li>\n\n\n\n<li>Pediatria; e<\/li>\n\n\n\n<li>Medicina da Fam&iacute;lia e Comunidade.<\/li>\n<\/ul><p>Em cada esta&ccedil;&atilde;o, os candidatos ser&atilde;o pontuados em at&eacute; 10 pontos, totalizando 100 pontos m&aacute;ximos.<br><br>Ap&oacute;s aprova&ccedil;&atilde;o nas duas etapas, o candidato dever&aacute; selecionar uma das universidades inscritas no sistema do Exame e que tenha um curso de mesmo n&iacute;vel e &aacute;rea do que aquele que cursou no exterior. A universidade escolhida ser&aacute; respons&aacute;vel por validar o diploma do profissional.<\/p><h2 class=\"wp-block-heading\" id=\"h-edital-revalida-2023-1-1&ordf;-etapa\"><span class=\"ez-toc-section\" id=\"Edital-Revalida-20231-%E2%80%93-1a-Etapa\"><\/span>Edital Revalida 2023.1 &ndash; 1&ordf; Etapa<span class=\"ez-toc-section-end\"><\/span><\/h2><p>O <strong>edital completo<\/strong> para a 1&ordf; Etapa da primeira edi&ccedil;&atilde;o de 2023 do Revalida pode ser conferido clicando no bot&atilde;o abaixo:<\/p><div class=\"wp-block-buttons is-horizontal is-content-justification-center is-layout-flex wp-container-core-buttons-is-layout-1 wp-block-buttons-is-layout-flex\">\n<div class=\"wp-block-button\"><a class=\"wp-block-button__link has-light-green-cyan-to-vivid-green-cyan-gradient-background has-background wp-element-button\" href=\"https:\/\/med.estrategia.com\/portal\/wp-content\/uploads\/2023\/01\/EDITAL-No-2-DE-3-DE-JANEIRO-DE-2023-EDITAL-No-2-DE-3-DE-JANEIRO-DE-2023-DOU-Imprensa-Nacional.pdf\" target=\"_blank\">Edital 1&ordf; Etapa &ndash; Revalida 2023.1<\/a><\/div>\n<\/div><p>Acompanhe tamb&eacute;m a transmiss&atilde;o com dicas e coment&aacute;rios sobre o processo de revalida&ccedil;&atilde;o do INEP.<\/p><figure class=\"wp-block-embed is-type-video is-provider-youtube wp-block-embed-youtube wp-embed-aspect-16-9 wp-has-aspect-ratio\"><div class=\"wp-block-embed__wrapper\">\n<div class=\"cs-embed cs-embed-responsive\"><iframe title=\"Edital Revalida INEP 2023: Dicas e coment&aacute;rios\" width=\"1200\" height=\"675\" src=\"https:\/\/www.youtube.com\/embed\/jHs5FrGjjjE?feature=oembed\" frameborder=\"0\" allow=\"accelerometer; autoplay; clipboard-write; encrypted-media; gyroscope; picture-in-picture; web-share\" allowfullscreen><\/iframe><\/div>\n<\/div><\/figure><h2 class=\"wp-block-heading\" id=\"h-cronograma-1&ordf;-etapa-revalida-inep-2023-1\"><span class=\"ez-toc-section\" id=\"Cronograma-1a-Etapa-%E2%80%93-Revalida-INEP-20231\"><\/span>Cronograma 1&ordf; Etapa &ndash; Revalida INEP 2023.1<span class=\"ez-toc-section-end\"><\/span><\/h2><ul class=\"wp-block-list\">\n<li><strong>Inscri&ccedil;&otilde;es:&nbsp;<\/strong>16 a 20\/01\/2023;<\/li>\n\n\n\n<li><strong>Envio do Diploma:<\/strong>&nbsp;16 a 20\/01\/2023;<\/li>\n\n\n\n<li><strong>Solicita&ccedil;&atilde;o de atendimento especializado:&nbsp;<\/strong>16 a 20\/01\/2023;<\/li>\n\n\n\n<li><strong>Pagamento da taxa de inscri&ccedil;&atilde;o:&nbsp;<\/strong>16 a 26\/01\/2023;<\/li>\n\n\n\n<li><strong>Resultado da An&aacute;lise do Diploma:<\/strong>&nbsp;23\/01\/2023;<\/li>\n\n\n\n<li><strong>Recurso contra resultado da An&aacute;lise:<\/strong>&nbsp;23 a 27\/01\/2023;<\/li>\n\n\n\n<li><strong>Resultado do Recurso:<\/strong>&nbsp;02\/02\/2023;<\/li>\n\n\n\n<li><strong>Divulga&ccedil;&atilde;o da nota de corte da 1&ordf; Etapa:&nbsp;<\/strong>13\/02\/2023;<\/li>\n\n\n\n<li><strong>Divulga&ccedil;&atilde;o do cart&atilde;o de confirma&ccedil;&atilde;o de inscri&ccedil;&atilde;o:<\/strong>&nbsp;23\/02\/2023;<\/li>\n\n\n\n<li><strong>Aplica&ccedil;&atilde;o:<\/strong>&nbsp;05\/03\/2023;<\/li>\n\n\n\n<li><strong>Gabarito preliminar da prova objetiva objetiva (P1) e do padr&atilde;o de resposta da prova escrita discursiva (P2):&nbsp;<\/strong>08\/03\/2023;<\/li>\n\n\n\n<li><strong>Recurso ao gabarito preliminar:&nbsp;<\/strong>08 a 14\/03\/2023;<\/li>\n\n\n\n<li><strong>Resultados do recurso e gabarito definitivo:&nbsp;<\/strong>11\/04\/2023;<\/li>\n\n\n\n<li><strong>Resultado Definitivo Prova Objetiva (P1):<\/strong>&nbsp;11\/04\/2023;<\/li>\n\n\n\n<li><strong>Resultado preliminar Prova Escrita Discursiva (P2):<\/strong>&nbsp;11\/04\/2023;&nbsp;&nbsp;<\/li>\n\n\n\n<li><strong>Recurso contra Resultado preliminar (P2):<\/strong>&nbsp; 11 a 17\/04\/2023; e<\/li>\n\n\n\n<li><strong>Divulga&ccedil;&atilde;o dos resultados finais da 1&ordf; Etapa:&nbsp;<\/strong>08\/05\/2023.<\/li>\n<\/ul><p>Al&eacute;m disso,&nbsp;<strong>algumas datas da 2&ordf; etapa<\/strong>&nbsp;do Revalida 2023\/1 tamb&eacute;m j&aacute; foram divulgadas pelo Inep. Confira:<\/p><ul class=\"wp-block-list\">\n<li><strong>Per&iacute;odo de Inscri&ccedil;&otilde;es da 2&ordf; Etapa:<\/strong>&nbsp;15 a 19\/05\/2023;<\/li>\n\n\n\n<li><strong>Aplica&ccedil;&atilde;o da prova pr&aacute;tica:<\/strong>&nbsp;24 e 25\/06\/2023;<\/li>\n\n\n\n<li><strong>Divulga&ccedil;&atilde;o do gabarito:<\/strong>&nbsp;28\/06\/2023; e<\/li>\n\n\n\n<li><strong>Divulga&ccedil;&atilde;o dos resultados:<\/strong>&nbsp;29\/09\/2023.<\/li>\n<\/ul><h2 class=\"wp-block-heading\" id=\"h-inscricoes-revalida-inep-2023-1-1&ordf;-etapa\"><span class=\"ez-toc-section\" id=\"Inscricoes-Revalida-INEP-20231-%E2%80%93-1a-Etapa\"><\/span>Inscri&ccedil;&otilde;es Revalida INEP 2023.1 &ndash; 1&ordf; Etapa<span class=\"ez-toc-section-end\"><\/span><\/h2><p>As <strong>inscri&ccedil;&otilde;es do Revalida 2023.1<\/strong> acontecem entre os dias<strong> 16 e 20 de janeiro de 2023<\/strong>, por meio do <a href=\"http:\/\/revalida.inep.gov.br\/revalida\/\" target=\"_blank\">Sistema Revalida<\/a>, e ser&aacute; necess&aacute;rio enviar uma c&oacute;pia digitalizada frente e verso do diploma no momento da inscri&ccedil;&atilde;o, em formato PDF, PNG ou JPG, com tamanho m&aacute;ximo de 2MB.<\/p><p>Para se <a href=\"https:\/\/med.estrategia.com\/portal\/revalida\/inscricao-revalida-2020\/\">inscrever<\/a>, o candidato precisa cumprir alguns requisitos:&nbsp;<\/p><ul class=\"wp-block-list\">\n<li>Ser brasileiro ou estrangeiro e residir no Brasil de forma legal; e<\/li>\n\n\n\n<li>Possuir diploma de gradua&ccedil;&atilde;o em medicina expedido por Institui&ccedil;&atilde;o de Educa&ccedil;&atilde;o Superior Estrangeira, reconhecida no pa&iacute;s de origem pelo Minist&eacute;rio da Educa&ccedil;&atilde;o ou &oacute;rg&atilde;o equivalente, autenticado pela autoridade consular brasileira ou pelo processo da Conven&ccedil;&atilde;o sobre a Elimina&ccedil;&atilde;o da Exig&ecirc;ncia de Legaliza&ccedil;&atilde;o de Documentos P&uacute;blicos Estrangeiros, promulgado pelo Decreto n&ordm; 8.660, de 29 de janeiro de 2016.<\/li>\n<\/ul><p>A <strong>taxa de inscri&ccedil;&atilde;o<\/strong> no valor de <strong>R$410,00<\/strong> deve ser <strong>paga at&eacute; o dia 26 de janeiro<\/strong>.<br><br>O candidato dever&aacute; indicar no ato de inscri&ccedil;&atilde;o a cidade onde deseja realizar a primeira etapa. S&atilde;o elas: Bras&iacute;lia\/DF, Campo Grande\/MS, Curitiba\/PR, Porto Alegre\/RS, Recife\/PE, Rio Branco\/AC, Salvador\/BA e S&atilde;o Paulo\/SP<\/p><h2 class=\"wp-block-heading\" id=\"h-provas-da-1&ordf;-etapa\"><span class=\"ez-toc-section\" id=\"Provas-da-1a-Etapa\"><\/span>Provas da 1&ordf; Etapa<span class=\"ez-toc-section-end\"><\/span><\/h2><p>As <strong>provas da 1&ordf; etapa<\/strong> do Revalida INEP 2023.1 ser&atilde;o aplicadas no mesmo dia, <strong>5 de mar&ccedil;o de 2023<\/strong>. A etapa &eacute; dividida entre a&nbsp;<strong>prova objetiva (P1)<\/strong>, composta por 100 quest&otilde;es de m&uacute;ltipla escolha, e a<strong>&nbsp;prova discursiva (P2)<\/strong>, composta por cinco quest&otilde;es discursivas.&nbsp;<\/p><figure class=\"wp-block-table\"><table><tbody><tr><td><strong>Prova<\/strong><\/td><td><strong>N&ordm; de Quest&otilde;es<\/strong><\/td><td><strong>Nota M&aacute;xima<\/strong><\/td><\/tr><tr><td>Prova Objetiva (P1)<\/td><td>100 quest&otilde;es<\/td><td>100 pontos<\/td><\/tr><tr><td>Prova Discursiva (P2)<\/td><td>5 quest&otilde;es<\/td><td>50 pontos<\/td><\/tr><\/tbody><\/table><\/figure><p>A prova objetiva (P1) ser&aacute; realizada durante 5 horas, das 8h &agrave;s 13h e a discursiva (P2) em 4 horas, das 15h30 &agrave;s 19h30.<\/p><p>No dia de aplica&ccedil;&atilde;o da prova, os candidatos precisam chegar com anteced&ecirc;ncia m&iacute;nima de 1 horas e levar um documento de identifica&ccedil;&atilde;o obrigat&oacute;rio. Os documentos que ser&atilde;o aceitos pelo Inep s&atilde;o:<\/p><ul class=\"wp-block-list\">\n<li>C&eacute;dulas de Identidade expedidas por institui&ccedil;&otilde;es como SSP, pol&iacute;cias Militar e Federal ou pelas For&ccedil;as Armadas;<\/li>\n\n\n\n<li>Identidade expedida pelo Minist&eacute;rio da Justi&ccedil;a para estrangeiros, tamb&eacute;m no caso de reconhecidos como refugiados;<\/li>\n\n\n\n<li>Carteira de Registro Nacional Migrat&oacute;rio;<\/li>\n\n\n\n<li>Documento Provis&oacute;rio de Registro Nacional Migrat&oacute;rio;<\/li>\n\n\n\n<li>Identifica&ccedil;&atilde;o fornecida por ordens ou conselhos de classes que tenha validade como documento de identidade;<\/li>\n\n\n\n<li>Passaporte;<\/li>\n\n\n\n<li>Carteira Nacional de Habilita&ccedil;&atilde;o (CNH);<\/li>\n\n\n\n<li>Carteira de Trabalho (impressa e expedida ap&oacute;s 27 de janeiro de 1997); e<\/li>\n\n\n\n<li>Previd&ecirc;ncia Social (impressa e expedida ap&oacute;s 27 de janeiro de 1997).<\/li>\n<\/ul><p>Al&eacute;m dos documentos acima, o Inep recomenda que o participante leve o cart&atilde;o de confirma&ccedil;&atilde;o no dia da aplica&ccedil;&atilde;o do exame. O cart&atilde;o de confirma&ccedil;&atilde;o de inscri&ccedil;&atilde;o ser&aacute; disponibilizado no Sistema Revalida e cont&eacute;m informa&ccedil;&otilde;es importantes, como o local de prova.<br><br>Os gabaritos preliminares das provas (P1 e P2) ser&atilde;o divulgados no dia 8 de mar&ccedil;o e recebem recursos entre os dias 8 e 14 de mar&ccedil;o.<br><br><strong>Os candidatos que atingirem a nota de corte estabelecida e divulgada no dia 13 de fevereiro de 2023 poder&atilde;o participar da 2&ordf; etapa do Revalida<\/strong>. Nesta, ser&aacute; poss&iacute;vel tamb&eacute;m a participa&ccedil;&atilde;o dos candidatos aprovados na primeira etapa da edi&ccedil;&otilde;es do processo de 2022, mas reprovados na prova pr&aacute;tica.<\/p><h2 class=\"wp-block-heading\" id=\"h-resultado-da-1&ordf;-etapa\"><span class=\"ez-toc-section\" id=\"Resultado-da-1a-Etapa\"><\/span>Resultado da 1&ordf; Etapa<span class=\"ez-toc-section-end\"><\/span><\/h2><p>Segundo o cronograma do processo, <strong>ap&oacute;s a divulga&ccedil;&atilde;o<\/strong> de gabaritos e resultados preliminares, o participante ter&aacute; a <strong>oportunidade de apresentar recursos<\/strong>, caso necess&aacute;rio, em tr&ecirc;s momentos distintos: contra o resultado da an&aacute;lise do diploma, contra o gabarito preliminar da prova objetiva (P1) e contra o resultado preliminar da prova discursiva (P2).<br><br>O <strong>resultado final da 1&ordf; etapa<\/strong> do Revalida 2023.1 est&aacute; previsto para ser divulgado no dia <strong>8 de maio de 2023<\/strong>.&nbsp;<\/p><h2 class=\"wp-block-heading\" id=\"h-estudando-para-o-revalida-inep\"><span class=\"ez-toc-section\" id=\"Estudando-para-o-Revalida-INEP\"><\/span>Estudando para o Revalida INEP<span class=\"ez-toc-section-end\"><\/span><\/h2><p>Com o Revalida Exclusive, voc&ecirc; ter&aacute; &agrave; disposi&ccedil;&atilde;o o curso perfeito para garantir a sua aprova&ccedil;&atilde;o nesta etapa. Preparado para otimizar seu tempo de estudos, sendo direcionado ao modelo da prova do Revalida.<br><br>Aproveite e se prepare de forma produtiva, far&aacute; toda a diferen&ccedil;a. Vem ser coruja!<\/p><p>\n\n\n\n\n\n\n\n<\/p><h2 class=\"wp-block-heading\"><span class=\"ez-toc-section\" id=\"Veja-tambem\"><\/span>Veja tamb&eacute;m:<span class=\"ez-toc-section-end\"><\/span><\/h2><ul class=\"wp-block-list\">\n<li><a href=\"https:\/\/med.estrategia.com\/portal\/eventos\/evento-emed-salas-vip-revalida\/\">Evento EMED: Salas VIP Revalida<\/a><\/li>\n\n\n\n<li><a href=\"https:\/\/med.estrategia.com\/portal\/revalida\/resultado-final-revalida-2021\/\">Revalida Inep 2021: resultado final na pr&oacute;xima segunda<\/a><\/li>\n\n\n\n<li><a href=\"https:\/\/med.estrategia.com\/portal\/revalida\/prova-revalida-tudo-sobre\/\">Prova Revalida: o que &eacute;, nota de corte e mais<\/a><\/li>\n\n\n\n<li><a href=\"https:\/\/med.estrategia.com\/portal\/revalida\/pep-reaplicacao-revalida\/\">Inep divulga o padr&atilde;o esperado de procedimentos da reaplica&ccedil;&atilde;o da segunda fase do Revalida 2021<\/a><\/li>\n\n\n\n<li><a href=\"https:\/\/med.estrategia.com\/portal\/revalida\/duvidas-sobre-o-revalida\/\">As 10 principais d&uacute;vidas sobre o Revalida<\/a><\/li>\n<\/ul><\/p>\n","protected":false},"excerpt":{"rendered":"Foi divulgado no dia 4 de janeiro de 2023 o edital para a 1&ordf; etapa da segunda edi&ccedil;&atilde;o&hellip;\n","protected":false},"author":39,"featured_media":33325,"comment_status":"closed","ping_status":"closed","sticky":false,"template":"","format":"standard","meta":{"wl_entities_gutenberg":"","footnotes":""},"categories":[44],"tags":[],"wl_entity_type":[199],"class_list":{"0":"post-20272","1":"post","2":"type-post","3":"status-publish","4":"format-standard","5":"has-post-thumbnail","7":"category-revalida","8":"wl_entity_type-article"},"acf":[],"yoast_head":"<!-- This site is optimized with the Yoast SEO Premium plugin v26.6 (Yoast SEO v26.6) - https:\/\/yoast.com\/wordpress\/plugins\/seo\/ -->\n<title>Revalida 2023.1: saiu o edital da 1\u00aa etapa!<\/title>\n<meta name=\"description\" content=\"Confira agora mesmo com o Estrat\u00e9gia MED todas as informa\u00e7\u00f5es para a 2\u00aa Etapa da segunda edi\u00e7\u00e3o de 2022 do Revalida INEP!\" \/>\n<meta name=\"robots\" content=\"index, follow, max-snippet:-1, max-image-preview:large, max-video-preview:-1\" \/>\n<link rel=\"canonical\" href=\"https:\/\/med.estrategia.com\/portal\/revalida\/revalida-inep-2\/\" \/>\n<meta property=\"og:locale\" content=\"pt_BR\" \/>\n<meta property=\"og:type\" content=\"article\" \/>\n<meta property=\"og:title\" content=\"Revalida 2023.1: saiu o edital da 1\u00aa etapa!\" \/>\n<meta property=\"og:description\" content=\"Confira agora mesmo com o Estrat\u00e9gia MED todas as informa\u00e7\u00f5es para a 2\u00aa Etapa da segunda edi\u00e7\u00e3o de 2022 do Revalida INEP!\" \/>\n<meta property=\"og:url\" content=\"https:\/\/med.estrategia.com\/portal\/revalida\/revalida-inep-2\/\" \/>\n<meta property=\"og:site_name\" content=\"Estrat\u00e9gia MED\" \/>\n<meta property=\"article:publisher\" content=\"https:\/\/www.facebook.com\/estrategiamed1\" \/>\n<meta property=\"article:published_time\" content=\"2022-06-07T11:01:46+00:00\" \/>\n<meta property=\"article:modified_time\" content=\"2023-09-05T21:54:30+00:00\" \/>\n<meta property=\"og:image\" content=\"https:\/\/cdn.medblog.estrategiaeducacional.com.br\/wp-content\/uploads\/2022\/06\/coverWP_publica_bgfoto_logo-1.jpg\" \/>\n\t<meta property=\"og:image:width\" content=\"1200\" \/>\n\t<meta property=\"og:image:height\" content=\"800\" \/>\n\t<meta property=\"og:image:type\" content=\"image\/jpeg\" \/>\n<meta name=\"author\" content=\"Ana Carolina Damasceno\" \/>\n<meta name=\"twitter:card\" content=\"summary_large_image\" \/>\n<meta name=\"twitter:creator\" content=\"@estrategiamed_\" \/>\n<meta name=\"twitter:site\" content=\"@estrategiamed_\" \/>\n<meta name=\"twitter:label1\" content=\"Escrito por\" \/>\n\t<meta name=\"twitter:data1\" content=\"Ana Carolina Damasceno\" \/>\n\t<meta name=\"twitter:label2\" content=\"Est. tempo de leitura\" \/>\n\t<meta name=\"twitter:data2\" content=\"6 minutos\" \/>\n<script type=\"application\/ld+json\" class=\"yoast-schema-graph\">{\"@context\":\"https:\/\/schema.org\",\"@graph\":[{\"@type\":\"WebPage\",\"@id\":\"https:\/\/med.estrategia.com\/portal\/revalida\/revalida-inep-2\/\",\"url\":\"https:\/\/med.estrategia.com\/portal\/revalida\/revalida-inep-2\/\",\"name\":\"Revalida 2023.1: saiu o edital da 1\u00aa etapa!\",\"isPartOf\":{\"@id\":\"https:\/\/med.estrategia.com\/portal\/#website\"},\"primaryImageOfPage\":{\"@id\":\"https:\/\/med.estrategia.com\/portal\/revalida\/revalida-inep-2\/#primaryimage\"},\"image\":{\"@id\":\"https:\/\/med.estrategia.com\/portal\/revalida\/revalida-inep-2\/#primaryimage\"},\"thumbnailUrl\":\"https:\/\/med.estrategia.com\/portal\/wp-content\/uploads\/2022\/06\/coverWP_publica_bgfoto_logo-1.jpg\",\"datePublished\":\"2022-06-07T11:01:46+00:00\",\"dateModified\":\"2023-09-05T21:54:30+00:00\",\"author\":{\"@id\":\"https:\/\/med.estrategia.com\/portal\/#\/schema\/person\/2f553adbb8e25fe39d145c5b2927f58c\"},\"description\":\"Confira agora mesmo com o Estrat\u00e9gia MED todas as informa\u00e7\u00f5es para a 2\u00aa Etapa da segunda edi\u00e7\u00e3o de 2022 do Revalida INEP!\",\"breadcrumb\":{\"@id\":\"https:\/\/med.estrategia.com\/portal\/revalida\/revalida-inep-2\/#breadcrumb\"},\"inLanguage\":\"pt-BR\",\"potentialAction\":[{\"@type\":\"ReadAction\",\"target\":[\"https:\/\/med.estrategia.com\/portal\/revalida\/revalida-inep-2\/\"]}]},{\"@type\":\"ImageObject\",\"inLanguage\":\"pt-BR\",\"@id\":\"https:\/\/med.estrategia.com\/portal\/revalida\/revalida-inep-2\/#primaryimage\",\"url\":\"https:\/\/med.estrategia.com\/portal\/wp-content\/uploads\/2022\/06\/coverWP_publica_bgfoto_logo-1.jpg\",\"contentUrl\":\"https:\/\/med.estrategia.com\/portal\/wp-content\/uploads\/2022\/06\/coverWP_publica_bgfoto_logo-1.jpg\",\"width\":1200,\"height\":800,\"caption\":\"Cr\u00e9ditos: Estrat\u00e9gia MED e INEP\"},{\"@type\":\"BreadcrumbList\",\"@id\":\"https:\/\/med.estrategia.com\/portal\/revalida\/revalida-inep-2\/#breadcrumb\",\"itemListElement\":[{\"@type\":\"ListItem\",\"position\":1,\"name\":\"Home\",\"item\":\"https:\/\/med.estrategia.com\/portal\/\"},{\"@type\":\"ListItem\",\"position\":2,\"name\":\"Revalida\",\"item\":\"https:\/\/med.estrategia.com\/portal\/revalida\/\"},{\"@type\":\"ListItem\",\"position\":3,\"name\":\"Revalida 2023.1: saiu o edital da 1\u00aa etapa!\"}]},{\"@type\":\"WebSite\",\"@id\":\"https:\/\/med.estrategia.com\/portal\/#website\",\"url\":\"https:\/\/med.estrategia.com\/portal\/\",\"name\":\"Estrat\u00e9gia MED\",\"description\":\"\",\"potentialAction\":[{\"@type\":\"SearchAction\",\"target\":{\"@type\":\"EntryPoint\",\"urlTemplate\":\"https:\/\/med.estrategia.com\/portal\/?s={search_term_string}\"},\"query-input\":{\"@type\":\"PropertyValueSpecification\",\"valueRequired\":true,\"valueName\":\"search_term_string\"}}],\"inLanguage\":\"pt-BR\"},{\"@type\":\"Person\",\"@id\":\"https:\/\/med.estrategia.com\/portal\/#\/schema\/person\/2f553adbb8e25fe39d145c5b2927f58c\",\"name\":\"Ana Carolina Damasceno\",\"image\":{\"@type\":\"ImageObject\",\"inLanguage\":\"pt-BR\",\"@id\":\"https:\/\/med.estrategia.com\/portal\/#\/schema\/person\/image\/\",\"url\":\"https:\/\/med.estrategia.com\/portal\/wp-content\/uploads\/2021\/09\/WhatsApp-Image-2023-08-18-at-16.46.43-150x150.jpeg\",\"contentUrl\":\"https:\/\/med.estrategia.com\/portal\/wp-content\/uploads\/2021\/09\/WhatsApp-Image-2023-08-18-at-16.46.43-150x150.jpeg\",\"caption\":\"Ana Carolina Damasceno\"},\"description\":\"Coordenadora de Jornalismo EMED. Comunicadora por natureza e forma\u00e7\u00e3o, que ama e perde a no\u00e7\u00e3o do tempo com m\u00fasica e s\u00e9rie.\",\"url\":\"https:\/\/med.estrategia.com\/portal\/author\/ana-carolina-damasceno\/\"}]}<\/script>\n<!-- \/ Yoast SEO Premium plugin. -->","yoast_head_json":{"title":"Revalida 2023.1: saiu o edital da 1\u00aa etapa!","description":"Confira agora mesmo com o Estrat\u00e9gia MED todas as informa\u00e7\u00f5es para a 2\u00aa Etapa da segunda edi\u00e7\u00e3o de 2022 do Revalida INEP!","robots":{"index":"index","follow":"follow","max-snippet":"max-snippet:-1","max-image-preview":"max-image-preview:large","max-video-preview":"max-video-preview:-1"},"canonical":"https:\/\/med.estrategia.com\/portal\/revalida\/revalida-inep-2\/","og_locale":"pt_BR","og_type":"article","og_title":"Revalida 2023.1: saiu o edital da 1\u00aa etapa!","og_description":"Confira agora mesmo com o Estrat\u00e9gia MED todas as informa\u00e7\u00f5es para a 2\u00aa Etapa da segunda edi\u00e7\u00e3o de 2022 do Revalida INEP!","og_url":"https:\/\/med.estrategia.com\/portal\/revalida\/revalida-inep-2\/","og_site_name":"Estrat\u00e9gia MED","article_publisher":"https:\/\/www.facebook.com\/estrategiamed1","article_published_time":"2022-06-07T11:01:46+00:00","article_modified_time":"2023-09-05T21:54:30+00:00","og_image":[{"width":1200,"height":800,"url":"https:\/\/cdn.medblog.estrategiaeducacional.com.br\/wp-content\/uploads\/2022\/06\/coverWP_publica_bgfoto_logo-1.jpg","type":"image\/jpeg"}],"author":"Ana Carolina Damasceno","twitter_card":"summary_large_image","twitter_creator":"@estrategiamed_","twitter_site":"@estrategiamed_","twitter_misc":{"Escrito por":"Ana Carolina Damasceno","Est. tempo de leitura":"6 minutos"},"schema":{"@context":"https:\/\/schema.org","@graph":[{"@type":"WebPage","@id":"https:\/\/med.estrategia.com\/portal\/revalida\/revalida-inep-2\/","url":"https:\/\/med.estrategia.com\/portal\/revalida\/revalida-inep-2\/","name":"Revalida 2023.1: saiu o edital da 1\u00aa etapa!","isPartOf":{"@id":"https:\/\/med.estrategia.com\/portal\/#website"},"primaryImageOfPage":{"@id":"https:\/\/med.estrategia.com\/portal\/revalida\/revalida-inep-2\/#primaryimage"},"image":{"@id":"https:\/\/med.estrategia.com\/portal\/revalida\/revalida-inep-2\/#primaryimage"},"thumbnailUrl":"https:\/\/med.estrategia.com\/portal\/wp-content\/uploads\/2022\/06\/coverWP_publica_bgfoto_logo-1.jpg","datePublished":"2022-06-07T11:01:46+00:00","dateModified":"2023-09-05T21:54:30+00:00","author":{"@id":"https:\/\/med.estrategia.com\/portal\/#\/schema\/person\/2f553adbb8e25fe39d145c5b2927f58c"},"description":"Confira agora mesmo com o Estrat\u00e9gia MED todas as informa\u00e7\u00f5es para a 2\u00aa Etapa da segunda edi\u00e7\u00e3o de 2022 do Revalida INEP!","breadcrumb":{"@id":"https:\/\/med.estrategia.com\/portal\/revalida\/revalida-inep-2\/#breadcrumb"},"inLanguage":"pt-BR","potentialAction":[{"@type":"ReadAction","target":["https:\/\/med.estrategia.com\/portal\/revalida\/revalida-inep-2\/"]}]},{"@type":"ImageObject","inLanguage":"pt-BR","@id":"https:\/\/med.estrategia.com\/portal\/revalida\/revalida-inep-2\/#primaryimage","url":"https:\/\/med.estrategia.com\/portal\/wp-content\/uploads\/2022\/06\/coverWP_publica_bgfoto_logo-1.jpg","contentUrl":"https:\/\/med.estrategia.com\/portal\/wp-content\/uploads\/2022\/06\/coverWP_publica_bgfoto_logo-1.jpg","width":1200,"height":800,"caption":"Cr\u00e9ditos: Estrat\u00e9gia MED e INEP"},{"@type":"BreadcrumbList","@id":"https:\/\/med.estrategia.com\/portal\/revalida\/revalida-inep-2\/#breadcrumb","itemListElement":[{"@type":"ListItem","position":1,"name":"Home","item":"https:\/\/med.estrategia.com\/portal\/"},{"@type":"ListItem","position":2,"name":"Revalida","item":"https:\/\/med.estrategia.com\/portal\/revalida\/"},{"@type":"ListItem","position":3,"name":"Revalida 2023.1: saiu o edital da 1\u00aa etapa!"}]},{"@type":"WebSite","@id":"https:\/\/med.estrategia.com\/portal\/#website","url":"https:\/\/med.estrategia.com\/portal\/","name":"Estrat\u00e9gia MED","description":"","potentialAction":[{"@type":"SearchAction","target":{"@type":"EntryPoint","urlTemplate":"https:\/\/med.estrategia.com\/portal\/?s={search_term_string}"},"query-input":{"@type":"PropertyValueSpecification","valueRequired":true,"valueName":"search_term_string"}}],"inLanguage":"pt-BR"},{"@type":"Person","@id":"https:\/\/med.estrategia.com\/portal\/#\/schema\/person\/2f553adbb8e25fe39d145c5b2927f58c","name":"Ana Carolina Damasceno","image":{"@type":"ImageObject","inLanguage":"pt-BR","@id":"https:\/\/med.estrategia.com\/portal\/#\/schema\/person\/image\/","url":"https:\/\/med.estrategia.com\/portal\/wp-content\/uploads\/2021\/09\/WhatsApp-Image-2023-08-18-at-16.46.43-150x150.jpeg","contentUrl":"https:\/\/med.estrategia.com\/portal\/wp-content\/uploads\/2021\/09\/WhatsApp-Image-2023-08-18-at-16.46.43-150x150.jpeg","caption":"Ana Carolina Damasceno"},"description":"Coordenadora de Jornalismo EMED. Comunicadora por natureza e forma\u00e7\u00e3o, que ama e perde a no\u00e7\u00e3o do tempo com m\u00fasica e s\u00e9rie.","url":"https:\/\/med.estrategia.com\/portal\/author\/ana-carolina-damasceno\/"}]}},"_wl_alt_label":[],"wl:entity_url":"\/post\/revalida-inep-2","_links":{"self":[{"href":"https:\/\/med.estrategia.com\/portal\/wp-json\/wp\/v2\/posts\/20272","targetHints":{"allow":["GET"]}}],"collection":[{"href":"https:\/\/med.estrategia.com\/portal\/wp-json\/wp\/v2\/posts"}],"about":[{"href":"https:\/\/med.estrategia.com\/portal\/wp-json\/wp\/v2\/types\/post"}],"author":[{"embeddable":true,"href":"https:\/\/med.estrategia.com\/portal\/wp-json\/wp\/v2\/users\/39"}],"replies":[{"embeddable":true,"href":"https:\/\/med.estrategia.com\/portal\/wp-json\/wp\/v2\/comments?post=20272"}],"version-history":[{"count":45,"href":"https:\/\/med.estrategia.com\/portal\/wp-json\/wp\/v2\/posts\/20272\/revisions"}],"predecessor-version":[{"id":46372,"href":"https:\/\/med.estrategia.com\/portal\/wp-json\/wp\/v2\/posts\/20272\/revisions\/46372"}],"wp:featuredmedia":[{"embeddable":true,"href":"https:\/\/med.estrategia.com\/portal\/wp-json\/wp\/v2\/media\/33325"}],"wp:attachment":[{"href":"https:\/\/med.estrategia.com\/portal\/wp-json\/wp\/v2\/media?parent=20272"}],"wp:term":[{"taxonomy":"category","embeddable":true,"href":"https:\/\/med.estrategia.com\/portal\/wp-json\/wp\/v2\/categories?post=20272"},{"taxonomy":"post_tag","embeddable":true,"href":"https:\/\/med.estrategia.com\/portal\/wp-json\/wp\/v2\/tags?post=20272"},{"taxonomy":"wl_entity_type","embeddable":true,"href":"https:\/\/med.estrategia.com\/portal\/wp-json\/wp\/v2\/wl_entity_type?post=20272"}],"curies":[{"name":"wp","href":"https:\/\/api.w.org\/{rel}","templated":true}]}}