{"id":21561,"date":"2022-07-05T17:53:36","date_gmt":"2022-07-05T20:53:36","guid":{"rendered":"https:\/\/med.estrategia.com\/portal\/?p=21561"},"modified":"2023-01-18T10:48:18","modified_gmt":"2023-01-18T13:48:18","slug":"analise-de-diplomas-revalida-2022-2","status":"publish","type":"post","link":"https:\/\/med.estrategia.com\/portal\/revalida\/analise-de-diplomas-revalida-2022-2\/","title":{"rendered":"Resultado da An\u00e1lise de Diplomas do Revalida 2022.2 foi adiado para 8 de julho"},"content":{"rendered":"<p>O cronograma oficial da 1&ordf; etapa do Revalida 2022.2 foi alterado hoje, dia <strong>5 de julho<\/strong>, data antes prevista para a divulga&ccedil;&atilde;o do resultado da an&aacute;lise dos diplomas. Agora, o resultado ser&aacute; divulgado no dia<strong> 8 de julho<\/strong> e os candidatos poder&atilde;o <strong>conferir o resultado <\/strong>por meio do Sistema Revalida, na <a href=\"http:\/\/sso.inep.gov.br\/auth\/realms\/Producao\/protocol\/openid-connect\/auth?client_id=revalida&amp;redirect_uri=http%3A%2F%2Frevalida.inep.gov.br%2Frevalida%2F%2Finicio&amp;state=fbfefa3a-f120-459d-b73f-37c4df339cb3&amp;nonce=43c467fb-4994-4ebf-8d10-6a3f89ca0c36&amp;response_mode=fragment&amp;response_type=code&amp;scope=openid\" target=\"_blank\">P&aacute;gina do Participante<\/a>. Caso haja necessidade, as novas datas para interposi&ccedil;&atilde;o de <strong>recursos ser&atilde;o de 8 a 14 de julho<\/strong> e o resultado estar&aacute; dispon&iacute;vel em <strong>18 de julho<\/strong>.<p>O <strong>envio dos diplomas<\/strong> de medicina expedidos por institui&ccedil;&otilde;es de ensino estrangeiras p&ocirc;de ser feito entre <strong>21 e 27 de junho de 2022<\/strong>. Essa &eacute; uma <strong>etapa obrigat&oacute;ria<\/strong> para a confirma&ccedil;&atilde;o da inscri&ccedil;&atilde;o no Revalida e participa&ccedil;&atilde;o da prova escrita, que aconteceu no dia 7 de agosto de 2022.<\/p><p>Lembrando que o diploma, para ser aceito, deve estar em conformidade com os seguintes crit&eacute;rios:<\/p><ul class=\"wp-block-list\">\n<li>Ser expedido por Institui&ccedil;&atilde;o de Educa&ccedil;&atilde;o Superior Estrangeira, reconhecida no pa&iacute;s de origem pelo Minist&eacute;rio da Educa&ccedil;&atilde;o ou algum &oacute;rg&atilde;o equivalente no territ&oacute;rio;<\/li>\n\n\n\n<li>Estar autenticado pela autoridade consular brasileira ou pelo processo da Conven&ccedil;&atilde;o sobre a Elimina&ccedil;&atilde;o da Exig&ecirc;ncia de Legaliza&ccedil;&atilde;o de Documentos P&uacute;blicos Estrangeiros (Conven&ccedil;&atilde;o da Apostila da Haia); e<\/li>\n\n\n\n<li>Anexado e enviado em formato PDF, PNG ou JPG, frente e verso, com o tamanho m&aacute;ximo de 2MB.<\/li>\n<\/ul><div id=\"ez-toc-container\" class=\"ez-toc-v2_0_79_2 counter-hierarchy ez-toc-counter ez-toc-transparent ez-toc-container-direction\">\n<div class=\"ez-toc-title-container\"><p class=\"ez-toc-title\" style=\"cursor:inherit\">Navegue pelo conte\u00fado<\/p>\n<\/div><nav><ul class='ez-toc-list ez-toc-list-level-1 ' ><li class='ez-toc-page-1 ez-toc-heading-level-2'><a class=\"ez-toc-link ez-toc-heading-1\" href=\"https:\/\/med.estrategia.com\/portal\/revalida\/analise-de-diplomas-revalida-2022-2\/#Diploma-Recusado\" >Diploma Recusado<\/a><\/li><li class='ez-toc-page-1 ez-toc-heading-level-2'><a class=\"ez-toc-link ez-toc-heading-2\" href=\"https:\/\/med.estrategia.com\/portal\/revalida\/analise-de-diplomas-revalida-2022-2\/#Cronograma-Revalida-INEP-20222-1a-etapa\" >Cronograma Revalida INEP 2022.2 (1&ordf; etapa)<\/a><\/li><li class='ez-toc-page-1 ez-toc-heading-level-2'><a class=\"ez-toc-link ez-toc-heading-3\" href=\"https:\/\/med.estrategia.com\/portal\/revalida\/analise-de-diplomas-revalida-2022-2\/#Prepare-se-para-o-Revalida-20222\" >Prepare-se para o Revalida 2022.2<\/a><\/li><\/ul><\/nav><\/div>\n<h2 class=\"wp-block-heading\" id=\"h-diploma-recusado\"><span class=\"ez-toc-section\" id=\"Diploma-Recusado\"><\/span>Diploma Recusado<span class=\"ez-toc-section-end\"><\/span><\/h2><p>Boa parte dos diplomas enviados j&aacute; haviam sido respondidos no Sistema Revalida e muitos candidatos relataram<strong> erro na an&aacute;lise dos diplomas<\/strong>, que mesmo estando<strong> legalizado <\/strong>e atendendo os <strong>requisitos exigidos pelo Revalida em seu edital<\/strong>, foram <strong>recusados<\/strong>. No <a href=\"https:\/\/www.instagram.com\/p\/CfmEy7Cjuxh\/\" target=\"_blank\">Instagram oficial do Estrat&eacute;gia MED<\/a>, voc&ecirc; pode acompanhar um breve tutorial para o recurso desta an&aacute;lise, al&eacute;m de mais informa&ccedil;&otilde;es &uacute;teis para lidar com o erro.&nbsp;<\/p><p>Outro problema visto &eacute; a <strong>aba de recursos que ainda n&atilde;o aparecia dispon&iacute;vel <\/strong>para a maioria dos candidatos afetados com o erro e nem a <strong>op&ccedil;&atilde;o de reenviar o diploma<\/strong>, mesmo o prazo para recursos estando previsto para iniciar hoje (05). Por conta das reclama&ccedil;&otilde;es, o <a href=\"https:\/\/www.instagram.com\/p\/CfpYD7gs5M3\/\" target=\"_blank\">Inep se manifestou oficialmente em suas redes sociais<\/a> adiando algumas datas do cronograma do Revalida 2022.2. <\/p><h2 class=\"wp-block-heading\" id=\"h-cronograma-revalida-inep-2022-2-1&ordf;-etapa\"><span class=\"ez-toc-section\" id=\"Cronograma-Revalida-INEP-20222-1a-etapa\"><\/span>Cronograma Revalida INEP 2022.2 (1&ordf; etapa)<span class=\"ez-toc-section-end\"><\/span><\/h2><p>Confira os pr&oacute;ximos passos da 1&ordf; etapa do Revalida INEP 2022.2, de acordo com o cronograma oficial, agora <a href=\"https:\/\/www.in.gov.br\/web\/dou\/-\/retificacao-412881899\" target=\"_blank\">retificado<\/a>:<\/p><ul class=\"wp-block-list\">\n<li><strong>Resultado da An&aacute;lise do Diploma: <\/strong>08\/07\/2022;<\/li>\n\n\n\n<li><strong>Recurso contra resultado da An&aacute;lise:<\/strong> 08 a 14\/07\/2022;<\/li>\n\n\n\n<li><strong>Resultado do Recurso: <\/strong>18\/07\/2022;<\/li>\n\n\n\n<li><strong>Aplica&ccedil;&atilde;o 1&ordf; Etapa: <\/strong>07\/08\/2022;<\/li>\n\n\n\n<li><strong>Gabarito preliminar da P1 e padr&atilde;o de resposta da P2: <\/strong>10\/08\/2022;<\/li>\n\n\n\n<li><strong>Recurso contra o gabarito preliminar: <\/strong>10 a 16\/08\/2022;<\/li>\n\n\n\n<li><strong>Divulga&ccedil;&atilde;o do Gabarito Definitivo:<\/strong> 13\/09\/2022;<\/li>\n\n\n\n<li><strong>Resultado definitivo da P1 e resultado preliminar da P2: <\/strong>13\/09\/2022;<\/li>\n\n\n\n<li><strong>Recurso contra Resultado preliminar (P2):<\/strong> 13 a 19\/09\/2022; e<\/li>\n\n\n\n<li><strong>Resultado Final da 1&ordf; etapa:<\/strong> 07\/10\/2022.<\/li>\n<\/ul><h2 class=\"wp-block-heading\" id=\"h-prepare-se-para-o-revalida-2022-2\"><span class=\"ez-toc-section\" id=\"Prepare-se-para-o-Revalida-20222\"><\/span>Prepare-se para o Revalida 2022.2<span class=\"ez-toc-section-end\"><\/span><\/h2><p>Ainda d&aacute; tempo de se preparar e chegar confiante para dar mais um passo em dire&ccedil;&atilde;o a <strong>revalida&ccedil;&atilde;o do seu diploma em medicina<\/strong>. Com o <strong>Revalida Exclusive<\/strong>, voc&ecirc; ter&aacute; &agrave; disposi&ccedil;&atilde;o o curso perfeito para garantir a sua aprova&ccedil;&atilde;o nesta etapa. Preparado para otimizar seu tempo de estudos, o curso &eacute; direcionado ao modelo da prova do Revalida.<\/p><p>Vem ser coruja e se prepare de uma forma mais produtiva!<br><\/p><p>Se voc&ecirc; quer ficar por dentro de mais conte&uacute;dos relevantes sobre a &aacute;rea m&eacute;dica, continue acompanhando o material preparado pelo <a href=\"https:\/\/med.estrategia.com\/portal\/\" target=\"_blank\">Portal de Not&iacute;cias do Estrat&eacute;gia MED<\/a>. Aqui, voc&ecirc; encontrar&aacute; informa&ccedil;&otilde;es atualizadas sobre resid&ecirc;ncias, carreira m&eacute;dica e muito mais.<\/p><p><strong><a id=\"cta\" class=\"cta-imagem\" href=\"https:\/\/med.estrategia.com\/cursos\/revalida-exclusive\/\" target=\"blank\">\n                <img decoding=\"async\" width=\"100%\" src=\"https:\/\/med.estrategia.com\/portal\/wp-content\/uploads\/2025\/08\/revalida_exclusive.jpg\" alt=\"revalida_exclusive\" title=\"revalida_exclusive\">\n        <\/a><\/strong><\/p><\/p>\n","protected":false},"excerpt":{"rendered":"O cronograma oficial da 1&ordf; etapa do Revalida 2022.2 foi alterado hoje, dia 5 de julho, data antes&hellip;\n","protected":false},"author":22,"featured_media":21008,"comment_status":"closed","ping_status":"closed","sticky":false,"template":"","format":"standard","meta":{"wl_entities_gutenberg":"","footnotes":""},"categories":[44],"tags":[],"wl_entity_type":[199],"class_list":{"0":"post-21561","1":"post","2":"type-post","3":"status-publish","4":"format-standard","5":"has-post-thumbnail","7":"category-revalida","8":"wl_entity_type-article"},"acf":[],"yoast_head":"<!-- This site is optimized with the Yoast SEO Premium plugin v26.6 (Yoast SEO v26.6) - https:\/\/yoast.com\/wordpress\/plugins\/seo\/ -->\n<title>Resultado da An\u00e1lise de Diplomas do Revalida 2022.2 foi adiado para 8\/07<\/title>\n<meta name=\"description\" content=\"O resultado da An\u00e1lise de Diplomas do Revalida 2022.2 foi adiado, bem como o per\u00edodo de recursos. Confira as novas datas com o EMED!\" \/>\n<meta name=\"robots\" content=\"index, follow, max-snippet:-1, max-image-preview:large, max-video-preview:-1\" \/>\n<link rel=\"canonical\" href=\"https:\/\/med.estrategia.com\/portal\/revalida\/analise-de-diplomas-revalida-2022-2\/\" \/>\n<meta property=\"og:locale\" content=\"pt_BR\" \/>\n<meta property=\"og:type\" content=\"article\" \/>\n<meta property=\"og:title\" content=\"Resultado da An\u00e1lise de Diplomas do Revalida 2022.2 foi adiado para 8 de julho\" \/>\n<meta property=\"og:description\" content=\"O resultado da An\u00e1lise de Diplomas do Revalida 2022.2 foi adiado, bem como o per\u00edodo de recursos. Confira as novas datas com o EMED!\" \/>\n<meta property=\"og:url\" content=\"https:\/\/med.estrategia.com\/portal\/revalida\/analise-de-diplomas-revalida-2022-2\/\" \/>\n<meta property=\"og:site_name\" content=\"Estrat\u00e9gia MED\" \/>\n<meta property=\"article:publisher\" content=\"https:\/\/www.facebook.com\/estrategiamed1\" \/>\n<meta property=\"article:published_time\" content=\"2022-07-05T20:53:36+00:00\" \/>\n<meta property=\"article:modified_time\" content=\"2023-01-18T13:48:18+00:00\" \/>\n<meta property=\"og:image\" content=\"https:\/\/cdn.medblog.estrategiaeducacional.com.br\/wp-content\/uploads\/2022\/06\/coverWP_publica_bgfoto_logo.jpg\" \/>\n\t<meta property=\"og:image:width\" content=\"1200\" \/>\n\t<meta property=\"og:image:height\" content=\"800\" \/>\n\t<meta property=\"og:image:type\" content=\"image\/jpeg\" \/>\n<meta name=\"author\" content=\"Erika Coelho\" \/>\n<meta name=\"twitter:card\" content=\"summary_large_image\" \/>\n<meta name=\"twitter:creator\" content=\"@estrategiamed_\" \/>\n<meta name=\"twitter:site\" content=\"@estrategiamed_\" \/>\n<meta name=\"twitter:label1\" content=\"Escrito por\" \/>\n\t<meta name=\"twitter:data1\" content=\"Erika Coelho\" \/>\n\t<meta name=\"twitter:label2\" content=\"Est. tempo de leitura\" \/>\n\t<meta name=\"twitter:data2\" content=\"3 minutos\" \/>\n<script type=\"application\/ld+json\" class=\"yoast-schema-graph\">{\"@context\":\"https:\/\/schema.org\",\"@graph\":[{\"@type\":\"WebPage\",\"@id\":\"https:\/\/med.estrategia.com\/portal\/revalida\/analise-de-diplomas-revalida-2022-2\/\",\"url\":\"https:\/\/med.estrategia.com\/portal\/revalida\/analise-de-diplomas-revalida-2022-2\/\",\"name\":\"Resultado da An\u00e1lise de Diplomas do Revalida 2022.2 foi adiado para 8\/07\",\"isPartOf\":{\"@id\":\"https:\/\/med.estrategia.com\/portal\/#website\"},\"primaryImageOfPage\":{\"@id\":\"https:\/\/med.estrategia.com\/portal\/revalida\/analise-de-diplomas-revalida-2022-2\/#primaryimage\"},\"image\":{\"@id\":\"https:\/\/med.estrategia.com\/portal\/revalida\/analise-de-diplomas-revalida-2022-2\/#primaryimage\"},\"thumbnailUrl\":\"https:\/\/med.estrategia.com\/portal\/wp-content\/uploads\/2022\/06\/coverWP_publica_bgfoto_logo.jpg\",\"datePublished\":\"2022-07-05T20:53:36+00:00\",\"dateModified\":\"2023-01-18T13:48:18+00:00\",\"author\":{\"@id\":\"https:\/\/med.estrategia.com\/portal\/#\/schema\/person\/8e7c9b2f53f2eede3b8880ad86ff20a3\"},\"description\":\"O resultado da An\u00e1lise de Diplomas do Revalida 2022.2 foi adiado, bem como o per\u00edodo de recursos. Confira as novas datas com o EMED!\",\"breadcrumb\":{\"@id\":\"https:\/\/med.estrategia.com\/portal\/revalida\/analise-de-diplomas-revalida-2022-2\/#breadcrumb\"},\"inLanguage\":\"pt-BR\",\"potentialAction\":[{\"@type\":\"ReadAction\",\"target\":[\"https:\/\/med.estrategia.com\/portal\/revalida\/analise-de-diplomas-revalida-2022-2\/\"]}]},{\"@type\":\"ImageObject\",\"inLanguage\":\"pt-BR\",\"@id\":\"https:\/\/med.estrategia.com\/portal\/revalida\/analise-de-diplomas-revalida-2022-2\/#primaryimage\",\"url\":\"https:\/\/med.estrategia.com\/portal\/wp-content\/uploads\/2022\/06\/coverWP_publica_bgfoto_logo.jpg\",\"contentUrl\":\"https:\/\/med.estrategia.com\/portal\/wp-content\/uploads\/2022\/06\/coverWP_publica_bgfoto_logo.jpg\",\"width\":1200,\"height\":800,\"caption\":\"Cr\u00e9ditos: Divulga\u00e7\u00e3o Inep\/Estrat\u00e9gia MED\"},{\"@type\":\"BreadcrumbList\",\"@id\":\"https:\/\/med.estrategia.com\/portal\/revalida\/analise-de-diplomas-revalida-2022-2\/#breadcrumb\",\"itemListElement\":[{\"@type\":\"ListItem\",\"position\":1,\"name\":\"Home\",\"item\":\"https:\/\/med.estrategia.com\/portal\/\"},{\"@type\":\"ListItem\",\"position\":2,\"name\":\"Revalida\",\"item\":\"https:\/\/med.estrategia.com\/portal\/revalida\/\"},{\"@type\":\"ListItem\",\"position\":3,\"name\":\"Resultado da An\u00e1lise de Diplomas do Revalida 2022.2 foi adiado para 8 de julho\"}]},{\"@type\":\"WebSite\",\"@id\":\"https:\/\/med.estrategia.com\/portal\/#website\",\"url\":\"https:\/\/med.estrategia.com\/portal\/\",\"name\":\"Estrat\u00e9gia MED\",\"description\":\"\",\"potentialAction\":[{\"@type\":\"SearchAction\",\"target\":{\"@type\":\"EntryPoint\",\"urlTemplate\":\"https:\/\/med.estrategia.com\/portal\/?s={search_term_string}\"},\"query-input\":{\"@type\":\"PropertyValueSpecification\",\"valueRequired\":true,\"valueName\":\"search_term_string\"}}],\"inLanguage\":\"pt-BR\"},{\"@type\":\"Person\",\"@id\":\"https:\/\/med.estrategia.com\/portal\/#\/schema\/person\/8e7c9b2f53f2eede3b8880ad86ff20a3\",\"name\":\"Erika Coelho\",\"image\":{\"@type\":\"ImageObject\",\"inLanguage\":\"pt-BR\",\"@id\":\"https:\/\/med.estrategia.com\/portal\/#\/schema\/person\/image\/\",\"url\":\"https:\/\/secure.gravatar.com\/avatar\/8ef9ff2e2fa53829c640cca8d1a45178?s=96&d=mm&r=g\",\"contentUrl\":\"https:\/\/secure.gravatar.com\/avatar\/8ef9ff2e2fa53829c640cca8d1a45178?s=96&d=mm&r=g\",\"caption\":\"Erika Coelho\"},\"description\":\"Jornalista pela Universidade Presbiteriana Mackenzie, escrevo sobre educa\u00e7\u00e3o, sa\u00fade e pol\u00edticas p\u00fablicas\",\"url\":\"https:\/\/med.estrategia.com\/portal\/author\/erika\/\"}]}<\/script>\n<!-- \/ Yoast SEO Premium plugin. -->","yoast_head_json":{"title":"Resultado da An\u00e1lise de Diplomas do Revalida 2022.2 foi adiado para 8\/07","description":"O resultado da An\u00e1lise de Diplomas do Revalida 2022.2 foi adiado, bem como o per\u00edodo de recursos. Confira as novas datas com o EMED!","robots":{"index":"index","follow":"follow","max-snippet":"max-snippet:-1","max-image-preview":"max-image-preview:large","max-video-preview":"max-video-preview:-1"},"canonical":"https:\/\/med.estrategia.com\/portal\/revalida\/analise-de-diplomas-revalida-2022-2\/","og_locale":"pt_BR","og_type":"article","og_title":"Resultado da An\u00e1lise de Diplomas do Revalida 2022.2 foi adiado para 8 de julho","og_description":"O resultado da An\u00e1lise de Diplomas do Revalida 2022.2 foi adiado, bem como o per\u00edodo de recursos. Confira as novas datas com o EMED!","og_url":"https:\/\/med.estrategia.com\/portal\/revalida\/analise-de-diplomas-revalida-2022-2\/","og_site_name":"Estrat\u00e9gia MED","article_publisher":"https:\/\/www.facebook.com\/estrategiamed1","article_published_time":"2022-07-05T20:53:36+00:00","article_modified_time":"2023-01-18T13:48:18+00:00","og_image":[{"width":1200,"height":800,"url":"https:\/\/cdn.medblog.estrategiaeducacional.com.br\/wp-content\/uploads\/2022\/06\/coverWP_publica_bgfoto_logo.jpg","type":"image\/jpeg"}],"author":"Erika Coelho","twitter_card":"summary_large_image","twitter_creator":"@estrategiamed_","twitter_site":"@estrategiamed_","twitter_misc":{"Escrito por":"Erika Coelho","Est. tempo de leitura":"3 minutos"},"schema":{"@context":"https:\/\/schema.org","@graph":[{"@type":"WebPage","@id":"https:\/\/med.estrategia.com\/portal\/revalida\/analise-de-diplomas-revalida-2022-2\/","url":"https:\/\/med.estrategia.com\/portal\/revalida\/analise-de-diplomas-revalida-2022-2\/","name":"Resultado da An\u00e1lise de Diplomas do Revalida 2022.2 foi adiado para 8\/07","isPartOf":{"@id":"https:\/\/med.estrategia.com\/portal\/#website"},"primaryImageOfPage":{"@id":"https:\/\/med.estrategia.com\/portal\/revalida\/analise-de-diplomas-revalida-2022-2\/#primaryimage"},"image":{"@id":"https:\/\/med.estrategia.com\/portal\/revalida\/analise-de-diplomas-revalida-2022-2\/#primaryimage"},"thumbnailUrl":"https:\/\/med.estrategia.com\/portal\/wp-content\/uploads\/2022\/06\/coverWP_publica_bgfoto_logo.jpg","datePublished":"2022-07-05T20:53:36+00:00","dateModified":"2023-01-18T13:48:18+00:00","author":{"@id":"https:\/\/med.estrategia.com\/portal\/#\/schema\/person\/8e7c9b2f53f2eede3b8880ad86ff20a3"},"description":"O resultado da An\u00e1lise de Diplomas do Revalida 2022.2 foi adiado, bem como o per\u00edodo de recursos. Confira as novas datas com o EMED!","breadcrumb":{"@id":"https:\/\/med.estrategia.com\/portal\/revalida\/analise-de-diplomas-revalida-2022-2\/#breadcrumb"},"inLanguage":"pt-BR","potentialAction":[{"@type":"ReadAction","target":["https:\/\/med.estrategia.com\/portal\/revalida\/analise-de-diplomas-revalida-2022-2\/"]}]},{"@type":"ImageObject","inLanguage":"pt-BR","@id":"https:\/\/med.estrategia.com\/portal\/revalida\/analise-de-diplomas-revalida-2022-2\/#primaryimage","url":"https:\/\/med.estrategia.com\/portal\/wp-content\/uploads\/2022\/06\/coverWP_publica_bgfoto_logo.jpg","contentUrl":"https:\/\/med.estrategia.com\/portal\/wp-content\/uploads\/2022\/06\/coverWP_publica_bgfoto_logo.jpg","width":1200,"height":800,"caption":"Cr\u00e9ditos: Divulga\u00e7\u00e3o Inep\/Estrat\u00e9gia MED"},{"@type":"BreadcrumbList","@id":"https:\/\/med.estrategia.com\/portal\/revalida\/analise-de-diplomas-revalida-2022-2\/#breadcrumb","itemListElement":[{"@type":"ListItem","position":1,"name":"Home","item":"https:\/\/med.estrategia.com\/portal\/"},{"@type":"ListItem","position":2,"name":"Revalida","item":"https:\/\/med.estrategia.com\/portal\/revalida\/"},{"@type":"ListItem","position":3,"name":"Resultado da An\u00e1lise de Diplomas do Revalida 2022.2 foi adiado para 8 de julho"}]},{"@type":"WebSite","@id":"https:\/\/med.estrategia.com\/portal\/#website","url":"https:\/\/med.estrategia.com\/portal\/","name":"Estrat\u00e9gia MED","description":"","potentialAction":[{"@type":"SearchAction","target":{"@type":"EntryPoint","urlTemplate":"https:\/\/med.estrategia.com\/portal\/?s={search_term_string}"},"query-input":{"@type":"PropertyValueSpecification","valueRequired":true,"valueName":"search_term_string"}}],"inLanguage":"pt-BR"},{"@type":"Person","@id":"https:\/\/med.estrategia.com\/portal\/#\/schema\/person\/8e7c9b2f53f2eede3b8880ad86ff20a3","name":"Erika Coelho","image":{"@type":"ImageObject","inLanguage":"pt-BR","@id":"https:\/\/med.estrategia.com\/portal\/#\/schema\/person\/image\/","url":"https:\/\/secure.gravatar.com\/avatar\/8ef9ff2e2fa53829c640cca8d1a45178?s=96&d=mm&r=g","contentUrl":"https:\/\/secure.gravatar.com\/avatar\/8ef9ff2e2fa53829c640cca8d1a45178?s=96&d=mm&r=g","caption":"Erika Coelho"},"description":"Jornalista pela Universidade Presbiteriana Mackenzie, escrevo sobre educa\u00e7\u00e3o, sa\u00fade e pol\u00edticas p\u00fablicas","url":"https:\/\/med.estrategia.com\/portal\/author\/erika\/"}]}},"_wl_alt_label":[],"wl:entity_url":"\/post\/analise-de-diplomas-revalida-2022-2","_links":{"self":[{"href":"https:\/\/med.estrategia.com\/portal\/wp-json\/wp\/v2\/posts\/21561","targetHints":{"allow":["GET"]}}],"collection":[{"href":"https:\/\/med.estrategia.com\/portal\/wp-json\/wp\/v2\/posts"}],"about":[{"href":"https:\/\/med.estrategia.com\/portal\/wp-json\/wp\/v2\/types\/post"}],"author":[{"embeddable":true,"href":"https:\/\/med.estrategia.com\/portal\/wp-json\/wp\/v2\/users\/22"}],"replies":[{"embeddable":true,"href":"https:\/\/med.estrategia.com\/portal\/wp-json\/wp\/v2\/comments?post=21561"}],"version-history":[{"count":13,"href":"https:\/\/med.estrategia.com\/portal\/wp-json\/wp\/v2\/posts\/21561\/revisions"}],"predecessor-version":[{"id":34084,"href":"https:\/\/med.estrategia.com\/portal\/wp-json\/wp\/v2\/posts\/21561\/revisions\/34084"}],"wp:featuredmedia":[{"embeddable":true,"href":"https:\/\/med.estrategia.com\/portal\/wp-json\/wp\/v2\/media\/21008"}],"wp:attachment":[{"href":"https:\/\/med.estrategia.com\/portal\/wp-json\/wp\/v2\/media?parent=21561"}],"wp:term":[{"taxonomy":"category","embeddable":true,"href":"https:\/\/med.estrategia.com\/portal\/wp-json\/wp\/v2\/categories?post=21561"},{"taxonomy":"post_tag","embeddable":true,"href":"https:\/\/med.estrategia.com\/portal\/wp-json\/wp\/v2\/tags?post=21561"},{"taxonomy":"wl_entity_type","embeddable":true,"href":"https:\/\/med.estrategia.com\/portal\/wp-json\/wp\/v2\/wl_entity_type?post=21561"}],"curies":[{"name":"wp","href":"https:\/\/api.w.org\/{rel}","templated":true}]}}