{"id":21820,"date":"2022-07-20T18:30:27","date_gmt":"2022-07-20T21:30:27","guid":{"rendered":"https:\/\/med.estrategia.com\/portal\/?p=21820"},"modified":"2022-08-24T15:10:26","modified_gmt":"2022-08-24T18:10:26","slug":"divulgado-o-cronograma-para-o-enare-2022-2023","status":"publish","type":"post","link":"https:\/\/med.estrategia.com\/portal\/noticias\/divulgado-o-cronograma-para-o-enare-2022-2023\/","title":{"rendered":"Divulgado o cronograma do Enare 2022\/2023"},"content":{"rendered":"<p>Agora com o edital j&aacute; publicado, o Enare 2022 ter&aacute; prova aplicada no dia <strong>6 de novembro de 2022<\/strong> e prev&ecirc; o ingresso dos residentes em mar&ccedil;o de 2023. Confira mais datas abaixo!<p>\n\n\n<div id=\"new-form\">\n\t<form id=\"forms_layout\">\n\t<input type=\"hidden\" id=\"chave_de\" name=\"chave_de\" value=\"01_EMED_LEADS_TOTAIS\" \/>\n\t\t<input type=\"hidden\" id=\"mid\" name=\"mid\" value=\"515009018\" \/>\n\t\t<input type=\"hidden\" id=\"Objetivo\" name=\"Objetivo\" value=\"Medicina\" \/>\n\t\t<input type=\"hidden\" id=\"Estado_de_Origem_do_IP\" name=\"Estado_de_Origem_do_IP\"  value=\"\" \/>\n\t\t<input type=\"hidden\" id=\"Cidade_de_Origem_do_IP\" name=\"Cidade_de_Origem_do_IP\" value=\"\" \/>\n\t\t<input type=\"hidden\" id=\"Modo_de_entrada\" name=\"Modo_de_entrada\" value=\"Portal\" \/>\n\t\t<input type=\"hidden\" id=\"Pagina_Origem\" name=\"Pagina_Origem\" value=\"\" \/>\n\n\t\t<div class=\"texto\">\n\t\t\t<h3 class=\"news\">Inscreva-se em nossa newsletter!<\/h3>\n\t\t\t<p>Receba not\u00edcias sobre resid\u00eancia m\u00e9dica, revalida\u00e7\u00e3o de diplomas e concursos m\u00e9dicos, al\u00e9m de materiais de estudo gratuitos e informa\u00e7\u00f5es relevantes do mundo da Medicina.<\/p>\n\t\t<\/div>\n\t\t<div class=\"campos\">\n\t\t\t<div class=\"first_name labels\">\n\t\t\t\t<input type=\"text\" class=\"input_labels\" id=\"first_name\" name=\"Nome_Completo\" placeholder=\"Nome\" required \/>\n\t\t\t<\/div>\n\t\t\t<div class=\"email labels\">\n\t\t\t\t<input type=\"email\" class=\"input_labels\" id=\"email\" name=\"Email\" placeholder=\"E-mail\" required \/>\n\t\t\t<\/div>\n\t\t\t<button type=\"submit\" class=\"button_layout\">\n\t\t\t\t<div id=\"lblBotao\">Inscreva-se<\/div>\n\t\t\t\t<span id=\"divSpiner\" class=\"loader\" role=\"status\" style=\"display: none;\"><\/span>\t\n\t\t\t<\/button>\n\t\t<\/div><!-- \/campos -->\n\t\t\n\t\t<label class=\"container_checkbox\">Voc\u00ea concorda com a nossa\n\t\t\t<a class=\"politics_privacy_ahref\" target=\"_blank\" href=\"https:\/\/gratis.estrategiaconcursos.com.br\/politica-de-privacidade\/\">Pol\u00edtica de Privacidade<\/a> e aceita receber informa\u00e7\u00f5es adicionais do Estrat\u00e9gia Educacional.\n\t\t\t<input id=\"checkbox_layout\" type=\"checkbox\" checked=\"checked\" required \/>\n\t\t\t<span class=\"checkbox\"><\/span>\n\t\t<\/label>\n\t\t<div id=\"msg\"><\/div>\n\t\t<div id=\"error\" class=\"error\">\n\t\t<\/div>\n\t<\/form>\n<\/div><!-- \/new-form -->\n\n\n\n<\/p><div id=\"ez-toc-container\" class=\"ez-toc-v2_0_79_2 counter-hierarchy ez-toc-counter ez-toc-transparent ez-toc-container-direction\">\n<div class=\"ez-toc-title-container\"><p class=\"ez-toc-title\" style=\"cursor:inherit\">Navegue pelo conte\u00fado<\/p>\n<\/div><nav><ul class='ez-toc-list ez-toc-list-level-1 ' ><li class='ez-toc-page-1 ez-toc-heading-level-2'><a class=\"ez-toc-link ez-toc-heading-1\" href=\"https:\/\/med.estrategia.com\/portal\/noticias\/divulgado-o-cronograma-para-o-enare-2022-2023\/#Cronograma-ENARE-20222023\" >Cronograma ENARE 2022\/2023<\/a><\/li><li class='ez-toc-page-1 ez-toc-heading-level-2'><a class=\"ez-toc-link ez-toc-heading-2\" href=\"https:\/\/med.estrategia.com\/portal\/noticias\/divulgado-o-cronograma-para-o-enare-2022-2023\/#Inscricoes-ENARE\" >Inscri&ccedil;&otilde;es ENARE<\/a><\/li><li class='ez-toc-page-1 ez-toc-heading-level-2'><a class=\"ez-toc-link ez-toc-heading-3\" href=\"https:\/\/med.estrategia.com\/portal\/noticias\/divulgado-o-cronograma-para-o-enare-2022-2023\/#ENARE-%E2%80%93-Exame-Nacional-de-Residencia-Medica-Ebserh\" >ENARE &ndash; Exame Nacional de Resid&ecirc;ncia M&eacute;dica Ebserh<\/a><\/li><\/ul><\/nav><\/div>\n<h2 class=\"wp-block-heading\" id=\"h-cronograma-enare-2022-2023\"><span class=\"ez-toc-section\" id=\"Cronograma-ENARE-20222023\"><\/span>Cronograma ENARE 2022\/2023<span class=\"ez-toc-section-end\"><\/span><\/h2><ul class=\"wp-block-list\"><li><strong style=\"color: initial;\">Ades&atilde;o das institui&ccedil;&otilde;es: <\/strong><span style=\"color: initial;\">20\/07 a 11\/08\/2022;<\/span><\/li><li><strong>Publica&ccedil;&atilde;o do Edital:<\/strong>&nbsp;23\/08\/2022;<\/li><li><strong>Solicita&ccedil;&atilde;o de isen&ccedil;&atilde;o: <\/strong>12\/09 a 15\/09\/2022;<\/li><li><strong>Resultado isen&ccedil;&otilde;es: <\/strong>21\/9\/2022;<\/li><li><strong>Per&iacute;odo de Inscri&ccedil;&atilde;o para os Candidatos:&nbsp;<\/strong>12\/09 a 03\/10\/2022;<\/li><li><strong>Envio dos documentos para an&aacute;lise curricular: <\/strong>15\/09 a 05\/10\/2022;<\/li><li><strong>1&ordf; Etapa (Prova Objetiva):<\/strong>&nbsp;06\/11\/2022;<\/li><li><strong>Resultado final da 1&ordf; etapa: <\/strong>19\/12\/2022;<\/li><li><strong>Gabarito Definitivo:<\/strong> 19\/12\/2022;<\/li><li><strong>Resultado preliminar da an&aacute;lise curricular (2&ordf; Etapa):&nbsp;<\/strong>19\/12\/2022;<\/li><li><strong>Resultado final da an&aacute;lise curricular:<\/strong>&nbsp;27\/12\/2022;<\/li><li><strong>Nota final e classifica&ccedil;&atilde;o geral dos candidatos:<\/strong>&nbsp;27\/12\/2022;<\/li><li><strong>Escolha das vagas &ndash; 1&ordf; oportunidade: <\/strong>02\/01 a 06\/01\/2023;<\/li><li><strong>Resultado final, ap&oacute;s a escolha de vagas:<\/strong> 09\/01\/2023;<\/li><li><strong>2&ordf; oportunidade de escolha de vagas: <\/strong>10\/01 a 12\/01\/2023;<\/li><li><strong>Registro e Matr&iacute;cula:<\/strong>&nbsp;10\/02 a 31\/03\/2023; e<\/li><li><strong>In&iacute;cio dos programas: <\/strong>mar&ccedil;o de 2023 (previs&atilde;o).<\/li><\/ul><p>As demais datas foram definidas e divulgadas junto ao edital oficial, divulgado no dia <strong>23 de agosto de 2022<\/strong>. A not&iacute;cia completa e com os principais detalhes <a href=\"https:\/\/med.estrategia.com\/portal\/noticias\/edital-do-enare-2022-2023-para-residencia-medica-foi-divulgado\/\" target=\"_blank\">voc&ecirc; pode conferir clicando aqui<\/a>!<br><br>Caso prefira, preparamos um material completo sobre o processo seletivo com tudo o que voc&ecirc; precisa saber! Para conferir como ser&aacute; a sele&ccedil;&atilde;o, vagas e mais, &eacute; s&oacute; clicar nos bot&otilde;es abaixo:<\/p><div class=\"wp-block-buttons is-content-justification-center is-layout-flex wp-block-buttons-is-layout-flex\">\n<div class=\"wp-block-button\"><a class=\"wp-block-button__link\" href=\"https:\/\/med.estrategia.com\/portal\/residencia-medica\/enare-vagas-cronograma-provas-edital\/\" target=\"_blank\">Tudo sobre o ENARE 2022\/2023<\/a><\/div>\n<\/div><div class=\"wp-block-buttons is-content-justification-center is-layout-flex wp-block-buttons-is-layout-flex\">\n<div class=\"wp-block-button\"><a class=\"wp-block-button__link\" href=\"https:\/\/med.estrategia.com\/portal\/residencia-medica\/enare-instituicoes\/\" target=\"_blank\">Institui&ccedil;&otilde;es Participantes ENARE 2022\/2023<\/a><\/div>\n<\/div><h2 class=\"wp-block-heading\"><span class=\"ez-toc-section\" id=\"Inscricoes-ENARE\"><\/span>Inscri&ccedil;&otilde;es ENARE<span class=\"ez-toc-section-end\"><\/span><\/h2><p>As inscri&ccedil;&otilde;es para o ENARE 2022 ser&atilde;o realizadas atrav&eacute;s do&nbsp;<a href=\"https:\/\/enare.ebserh.gov.br\/enare2022\/index.jsp\" target=\"_blank\">site oficial do exame<\/a>, durante o per&iacute;odo de&nbsp;<strong>12 de setembro a 3 de outubro de 2022<\/strong>. Ainda durante esse prazo, o candidato dever&aacute; sinalizar a especialidade a qual ir&aacute; concorrer.&nbsp;<\/p><p>Para formalizar a inscri&ccedil;&atilde;o, o candidato dever&aacute;&nbsp;<strong>pagar uma taxa de inscri&ccedil;&atilde;o de R$ 270,00.<\/strong>&nbsp;Al&eacute;m disso, tamb&eacute;m haver&aacute; como realizar a&nbsp;<strong>solicita&ccedil;&atilde;o de isen&ccedil;&atilde;o da taxa de inscri&ccedil;&atilde;o<\/strong>. &nbsp;<\/p><p>Dos&nbsp;<strong>benef&iacute;cios do ENARE para os candidatos<\/strong>, est&atilde;o:&nbsp;<\/p><ul class=\"wp-block-list\"><li><strong>Data &uacute;nica<\/strong>&nbsp;de realiza&ccedil;&atilde;o do exame de acesso para v&aacute;rias institui&ccedil;&otilde;es;<\/li><li><strong>Transpar&ecirc;ncia<\/strong>&nbsp;no processo: maior, nacional e amplo;<\/li><li><strong>Conte&uacute;do program&aacute;tico unificado<\/strong>&nbsp;&ndash; mesmas refer&ecirc;ncias bibliogr&aacute;ficas e protocolos&nbsp; para todas as institui&ccedil;&otilde;es participantes;<\/li><li><strong>Democratiza&ccedil;&atilde;o&nbsp;<\/strong>do acesso aos Programas de Resid&ecirc;ncia M&eacute;dica de grandes institui&ccedil;&otilde;es;&nbsp;<\/li><li>Sele&ccedil;&atilde;o de acordo com&nbsp;<strong>crit&eacute;rios meritocr&aacute;ticos<\/strong>&nbsp;e;<\/li><li><strong>Menor custo<\/strong>&nbsp;para concorrer &agrave;s vagas dos Programas de Resid&ecirc;ncia M&eacute;dica.&nbsp;<\/li><\/ul><h2 class=\"wp-block-heading\" id=\"h-enare-exame-nacional-de-residencia-medica-ebserh\"><span class=\"ez-toc-section\" id=\"ENARE-%E2%80%93-Exame-Nacional-de-Residencia-Medica-Ebserh\"><\/span>ENARE &ndash; Exame Nacional de Resid&ecirc;ncia M&eacute;dica Ebserh<span class=\"ez-toc-section-end\"><\/span><\/h2><p>Considerado o&nbsp;<strong>ENEM da Resid&ecirc;ncia M&eacute;dica<\/strong>, o Exame Nacional de Resid&ecirc;ncia M&eacute;dica (ENARE) foi elaborado pela&nbsp;<strong>Ebserh<\/strong>, em parceria com o&nbsp;<strong><a href=\"https:\/\/med.estrategia.com\/portal\/entidade\/ministerio-da-educacao-2\/\">Minist&eacute;rio da Educa&ccedil;&atilde;o<\/a>&nbsp;(MEC)<\/strong>, com o objetivo de otimizar a forma de selecionar os residentes m&eacute;dicos, melhorando a experi&ecirc;ncia tantos das institui&ccedil;&otilde;es quanto dos candidatos.&nbsp;<\/p><p>Atualmente, o modelo de sele&ccedil;&atilde;o da maioria dos programas de Resid&ecirc;ncia M&eacute;dica atende a cronogramas e crit&eacute;rios particulares de cada institui&ccedil;&atilde;o. Mas com o ENARE &ndash; Ebserh, a tend&ecirc;ncia &eacute;&nbsp;<strong>unificar os exames e os procedimentos de avalia&ccedil;&atilde;o e candidatura<\/strong>, permitindo que mais candidatos concorram a vagas de seu interesse, independentemente das condi&ccedil;&otilde;es, como localiza&ccedil;&atilde;o geogr&aacute;fica ou limita&ccedil;&atilde;o financeira do candidato.&nbsp;<\/p><p>\n\n\n\n\n\n<a id=\"cta\" class=\"cta-imagem\" href=\"https:\/\/med.estrategia.com\/curso\/banco-de-questes-resumos-estrategicos-anual\/\" target=\"blank\">\n                <img decoding=\"async\" width=\"100%\" src=\"https:\/\/med.estrategia.com\/portal\/wp-content\/uploads\/2025\/08\/banco_questoes.png\" alt=\"banco_questoes\" title=\"banco_questoes\">\n        <\/a>\n<\/p><\/p>\n","protected":false},"excerpt":{"rendered":"Agora com o edital j&aacute; publicado, o Enare 2022 ter&aacute; prova aplicada no dia 6 de novembro de&hellip;\n","protected":false},"author":22,"featured_media":21834,"comment_status":"closed","ping_status":"closed","sticky":false,"template":"","format":"standard","meta":{"wl_entities_gutenberg":"","footnotes":""},"categories":[300],"tags":[],"wl_entity_type":[199],"class_list":{"0":"post-21820","1":"post","2":"type-post","3":"status-publish","4":"format-standard","5":"has-post-thumbnail","7":"category-noticias","8":"wl_entity_type-article"},"acf":[],"yoast_head":"<!-- This site is optimized with the Yoast SEO Premium plugin v26.6 (Yoast SEO v26.6) - https:\/\/yoast.com\/wordpress\/plugins\/seo\/ -->\n<title>Divulgado o cronograma do Enare 2022\/2023<\/title>\n<meta name=\"description\" content=\"Confira as datas j\u00e1 divulgadas para o Enare 2022, com ingresso dos residentes em 2023. A prova ser\u00e1 aplicada no dia 6 de novembro. Veja mais!\" \/>\n<meta name=\"robots\" content=\"index, follow, max-snippet:-1, max-image-preview:large, max-video-preview:-1\" \/>\n<link rel=\"canonical\" href=\"https:\/\/med.estrategia.com\/portal\/noticias\/divulgado-o-cronograma-para-o-enare-2022-2023\/\" \/>\n<meta property=\"og:locale\" content=\"pt_BR\" \/>\n<meta property=\"og:type\" content=\"article\" \/>\n<meta property=\"og:title\" content=\"Divulgado o cronograma do Enare 2022\/2023\" \/>\n<meta property=\"og:description\" content=\"Confira as datas j\u00e1 divulgadas para o Enare 2022, com ingresso dos residentes em 2023. A prova ser\u00e1 aplicada no dia 6 de novembro. Veja mais!\" \/>\n<meta property=\"og:url\" content=\"https:\/\/med.estrategia.com\/portal\/noticias\/divulgado-o-cronograma-para-o-enare-2022-2023\/\" \/>\n<meta property=\"og:site_name\" content=\"Estrat\u00e9gia MED\" \/>\n<meta property=\"article:publisher\" content=\"https:\/\/www.facebook.com\/estrategiamed1\" \/>\n<meta property=\"article:published_time\" content=\"2022-07-20T21:30:27+00:00\" \/>\n<meta property=\"article:modified_time\" content=\"2022-08-24T18:10:26+00:00\" \/>\n<meta property=\"og:image\" content=\"https:\/\/cdn.medblog.estrategiaeducacional.com.br\/wp-content\/uploads\/2022\/07\/coverWP_publica_bgfoto_logo-1.png\" \/>\n\t<meta property=\"og:image:width\" content=\"1200\" \/>\n\t<meta property=\"og:image:height\" content=\"800\" \/>\n\t<meta property=\"og:image:type\" content=\"image\/png\" \/>\n<meta name=\"author\" content=\"Erika Coelho\" \/>\n<meta name=\"twitter:card\" content=\"summary_large_image\" \/>\n<meta name=\"twitter:creator\" content=\"@estrategiamed_\" \/>\n<meta name=\"twitter:site\" content=\"@estrategiamed_\" \/>\n<meta name=\"twitter:label1\" content=\"Escrito por\" \/>\n\t<meta name=\"twitter:data1\" content=\"Erika Coelho\" \/>\n\t<meta name=\"twitter:label2\" content=\"Est. tempo de leitura\" \/>\n\t<meta name=\"twitter:data2\" content=\"3 minutos\" \/>\n<script type=\"application\/ld+json\" class=\"yoast-schema-graph\">{\"@context\":\"https:\/\/schema.org\",\"@graph\":[{\"@type\":\"WebPage\",\"@id\":\"https:\/\/med.estrategia.com\/portal\/noticias\/divulgado-o-cronograma-para-o-enare-2022-2023\/\",\"url\":\"https:\/\/med.estrategia.com\/portal\/noticias\/divulgado-o-cronograma-para-o-enare-2022-2023\/\",\"name\":\"Divulgado o cronograma do Enare 2022\/2023\",\"isPartOf\":{\"@id\":\"https:\/\/med.estrategia.com\/portal\/#website\"},\"primaryImageOfPage\":{\"@id\":\"https:\/\/med.estrategia.com\/portal\/noticias\/divulgado-o-cronograma-para-o-enare-2022-2023\/#primaryimage\"},\"image\":{\"@id\":\"https:\/\/med.estrategia.com\/portal\/noticias\/divulgado-o-cronograma-para-o-enare-2022-2023\/#primaryimage\"},\"thumbnailUrl\":\"https:\/\/med.estrategia.com\/portal\/wp-content\/uploads\/2022\/07\/coverWP_publica_bgfoto_logo-1.png\",\"datePublished\":\"2022-07-20T21:30:27+00:00\",\"dateModified\":\"2022-08-24T18:10:26+00:00\",\"author\":{\"@id\":\"https:\/\/med.estrategia.com\/portal\/#\/schema\/person\/8e7c9b2f53f2eede3b8880ad86ff20a3\"},\"description\":\"Confira as datas j\u00e1 divulgadas para o Enare 2022, com ingresso dos residentes em 2023. A prova ser\u00e1 aplicada no dia 6 de novembro. Veja mais!\",\"breadcrumb\":{\"@id\":\"https:\/\/med.estrategia.com\/portal\/noticias\/divulgado-o-cronograma-para-o-enare-2022-2023\/#breadcrumb\"},\"inLanguage\":\"pt-BR\",\"potentialAction\":[{\"@type\":\"ReadAction\",\"target\":[\"https:\/\/med.estrategia.com\/portal\/noticias\/divulgado-o-cronograma-para-o-enare-2022-2023\/\"]}]},{\"@type\":\"ImageObject\",\"inLanguage\":\"pt-BR\",\"@id\":\"https:\/\/med.estrategia.com\/portal\/noticias\/divulgado-o-cronograma-para-o-enare-2022-2023\/#primaryimage\",\"url\":\"https:\/\/med.estrategia.com\/portal\/wp-content\/uploads\/2022\/07\/coverWP_publica_bgfoto_logo-1.png\",\"contentUrl\":\"https:\/\/med.estrategia.com\/portal\/wp-content\/uploads\/2022\/07\/coverWP_publica_bgfoto_logo-1.png\",\"width\":1200,\"height\":800,\"caption\":\"Cr\u00e9ditos: Estrat\u00e9gia MED e Ebserh\"},{\"@type\":\"BreadcrumbList\",\"@id\":\"https:\/\/med.estrategia.com\/portal\/noticias\/divulgado-o-cronograma-para-o-enare-2022-2023\/#breadcrumb\",\"itemListElement\":[{\"@type\":\"ListItem\",\"position\":1,\"name\":\"Home\",\"item\":\"https:\/\/med.estrategia.com\/portal\/\"},{\"@type\":\"ListItem\",\"position\":2,\"name\":\"Not\u00edcias\",\"item\":\"https:\/\/med.estrategia.com\/portal\/noticias\/\"},{\"@type\":\"ListItem\",\"position\":3,\"name\":\"Divulgado o cronograma do Enare 2022\/2023\"}]},{\"@type\":\"WebSite\",\"@id\":\"https:\/\/med.estrategia.com\/portal\/#website\",\"url\":\"https:\/\/med.estrategia.com\/portal\/\",\"name\":\"Estrat\u00e9gia MED\",\"description\":\"\",\"potentialAction\":[{\"@type\":\"SearchAction\",\"target\":{\"@type\":\"EntryPoint\",\"urlTemplate\":\"https:\/\/med.estrategia.com\/portal\/?s={search_term_string}\"},\"query-input\":{\"@type\":\"PropertyValueSpecification\",\"valueRequired\":true,\"valueName\":\"search_term_string\"}}],\"inLanguage\":\"pt-BR\"},{\"@type\":\"Person\",\"@id\":\"https:\/\/med.estrategia.com\/portal\/#\/schema\/person\/8e7c9b2f53f2eede3b8880ad86ff20a3\",\"name\":\"Erika Coelho\",\"image\":{\"@type\":\"ImageObject\",\"inLanguage\":\"pt-BR\",\"@id\":\"https:\/\/med.estrategia.com\/portal\/#\/schema\/person\/image\/\",\"url\":\"https:\/\/secure.gravatar.com\/avatar\/8ef9ff2e2fa53829c640cca8d1a45178?s=96&d=mm&r=g\",\"contentUrl\":\"https:\/\/secure.gravatar.com\/avatar\/8ef9ff2e2fa53829c640cca8d1a45178?s=96&d=mm&r=g\",\"caption\":\"Erika Coelho\"},\"description\":\"Jornalista pela Universidade Presbiteriana Mackenzie, escrevo sobre educa\u00e7\u00e3o, sa\u00fade e pol\u00edticas p\u00fablicas\",\"url\":\"https:\/\/med.estrategia.com\/portal\/author\/erika\/\"}]}<\/script>\n<!-- \/ Yoast SEO Premium plugin. -->","yoast_head_json":{"title":"Divulgado o cronograma do Enare 2022\/2023","description":"Confira as datas j\u00e1 divulgadas para o Enare 2022, com ingresso dos residentes em 2023. A prova ser\u00e1 aplicada no dia 6 de novembro. Veja mais!","robots":{"index":"index","follow":"follow","max-snippet":"max-snippet:-1","max-image-preview":"max-image-preview:large","max-video-preview":"max-video-preview:-1"},"canonical":"https:\/\/med.estrategia.com\/portal\/noticias\/divulgado-o-cronograma-para-o-enare-2022-2023\/","og_locale":"pt_BR","og_type":"article","og_title":"Divulgado o cronograma do Enare 2022\/2023","og_description":"Confira as datas j\u00e1 divulgadas para o Enare 2022, com ingresso dos residentes em 2023. A prova ser\u00e1 aplicada no dia 6 de novembro. Veja mais!","og_url":"https:\/\/med.estrategia.com\/portal\/noticias\/divulgado-o-cronograma-para-o-enare-2022-2023\/","og_site_name":"Estrat\u00e9gia MED","article_publisher":"https:\/\/www.facebook.com\/estrategiamed1","article_published_time":"2022-07-20T21:30:27+00:00","article_modified_time":"2022-08-24T18:10:26+00:00","og_image":[{"width":1200,"height":800,"url":"https:\/\/cdn.medblog.estrategiaeducacional.com.br\/wp-content\/uploads\/2022\/07\/coverWP_publica_bgfoto_logo-1.png","type":"image\/png"}],"author":"Erika Coelho","twitter_card":"summary_large_image","twitter_creator":"@estrategiamed_","twitter_site":"@estrategiamed_","twitter_misc":{"Escrito por":"Erika Coelho","Est. tempo de leitura":"3 minutos"},"schema":{"@context":"https:\/\/schema.org","@graph":[{"@type":"WebPage","@id":"https:\/\/med.estrategia.com\/portal\/noticias\/divulgado-o-cronograma-para-o-enare-2022-2023\/","url":"https:\/\/med.estrategia.com\/portal\/noticias\/divulgado-o-cronograma-para-o-enare-2022-2023\/","name":"Divulgado o cronograma do Enare 2022\/2023","isPartOf":{"@id":"https:\/\/med.estrategia.com\/portal\/#website"},"primaryImageOfPage":{"@id":"https:\/\/med.estrategia.com\/portal\/noticias\/divulgado-o-cronograma-para-o-enare-2022-2023\/#primaryimage"},"image":{"@id":"https:\/\/med.estrategia.com\/portal\/noticias\/divulgado-o-cronograma-para-o-enare-2022-2023\/#primaryimage"},"thumbnailUrl":"https:\/\/med.estrategia.com\/portal\/wp-content\/uploads\/2022\/07\/coverWP_publica_bgfoto_logo-1.png","datePublished":"2022-07-20T21:30:27+00:00","dateModified":"2022-08-24T18:10:26+00:00","author":{"@id":"https:\/\/med.estrategia.com\/portal\/#\/schema\/person\/8e7c9b2f53f2eede3b8880ad86ff20a3"},"description":"Confira as datas j\u00e1 divulgadas para o Enare 2022, com ingresso dos residentes em 2023. A prova ser\u00e1 aplicada no dia 6 de novembro. Veja mais!","breadcrumb":{"@id":"https:\/\/med.estrategia.com\/portal\/noticias\/divulgado-o-cronograma-para-o-enare-2022-2023\/#breadcrumb"},"inLanguage":"pt-BR","potentialAction":[{"@type":"ReadAction","target":["https:\/\/med.estrategia.com\/portal\/noticias\/divulgado-o-cronograma-para-o-enare-2022-2023\/"]}]},{"@type":"ImageObject","inLanguage":"pt-BR","@id":"https:\/\/med.estrategia.com\/portal\/noticias\/divulgado-o-cronograma-para-o-enare-2022-2023\/#primaryimage","url":"https:\/\/med.estrategia.com\/portal\/wp-content\/uploads\/2022\/07\/coverWP_publica_bgfoto_logo-1.png","contentUrl":"https:\/\/med.estrategia.com\/portal\/wp-content\/uploads\/2022\/07\/coverWP_publica_bgfoto_logo-1.png","width":1200,"height":800,"caption":"Cr\u00e9ditos: Estrat\u00e9gia MED e Ebserh"},{"@type":"BreadcrumbList","@id":"https:\/\/med.estrategia.com\/portal\/noticias\/divulgado-o-cronograma-para-o-enare-2022-2023\/#breadcrumb","itemListElement":[{"@type":"ListItem","position":1,"name":"Home","item":"https:\/\/med.estrategia.com\/portal\/"},{"@type":"ListItem","position":2,"name":"Not\u00edcias","item":"https:\/\/med.estrategia.com\/portal\/noticias\/"},{"@type":"ListItem","position":3,"name":"Divulgado o cronograma do Enare 2022\/2023"}]},{"@type":"WebSite","@id":"https:\/\/med.estrategia.com\/portal\/#website","url":"https:\/\/med.estrategia.com\/portal\/","name":"Estrat\u00e9gia MED","description":"","potentialAction":[{"@type":"SearchAction","target":{"@type":"EntryPoint","urlTemplate":"https:\/\/med.estrategia.com\/portal\/?s={search_term_string}"},"query-input":{"@type":"PropertyValueSpecification","valueRequired":true,"valueName":"search_term_string"}}],"inLanguage":"pt-BR"},{"@type":"Person","@id":"https:\/\/med.estrategia.com\/portal\/#\/schema\/person\/8e7c9b2f53f2eede3b8880ad86ff20a3","name":"Erika Coelho","image":{"@type":"ImageObject","inLanguage":"pt-BR","@id":"https:\/\/med.estrategia.com\/portal\/#\/schema\/person\/image\/","url":"https:\/\/secure.gravatar.com\/avatar\/8ef9ff2e2fa53829c640cca8d1a45178?s=96&d=mm&r=g","contentUrl":"https:\/\/secure.gravatar.com\/avatar\/8ef9ff2e2fa53829c640cca8d1a45178?s=96&d=mm&r=g","caption":"Erika Coelho"},"description":"Jornalista pela Universidade Presbiteriana Mackenzie, escrevo sobre educa\u00e7\u00e3o, sa\u00fade e pol\u00edticas p\u00fablicas","url":"https:\/\/med.estrategia.com\/portal\/author\/erika\/"}]}},"_wl_alt_label":[],"wl:entity_url":"\/post\/divulgado-o-cronograma-para-o-enare-2022-2023","_links":{"self":[{"href":"https:\/\/med.estrategia.com\/portal\/wp-json\/wp\/v2\/posts\/21820","targetHints":{"allow":["GET"]}}],"collection":[{"href":"https:\/\/med.estrategia.com\/portal\/wp-json\/wp\/v2\/posts"}],"about":[{"href":"https:\/\/med.estrategia.com\/portal\/wp-json\/wp\/v2\/types\/post"}],"author":[{"embeddable":true,"href":"https:\/\/med.estrategia.com\/portal\/wp-json\/wp\/v2\/users\/22"}],"replies":[{"embeddable":true,"href":"https:\/\/med.estrategia.com\/portal\/wp-json\/wp\/v2\/comments?post=21820"}],"version-history":[{"count":17,"href":"https:\/\/med.estrategia.com\/portal\/wp-json\/wp\/v2\/posts\/21820\/revisions"}],"predecessor-version":[{"id":24166,"href":"https:\/\/med.estrategia.com\/portal\/wp-json\/wp\/v2\/posts\/21820\/revisions\/24166"}],"wp:featuredmedia":[{"embeddable":true,"href":"https:\/\/med.estrategia.com\/portal\/wp-json\/wp\/v2\/media\/21834"}],"wp:attachment":[{"href":"https:\/\/med.estrategia.com\/portal\/wp-json\/wp\/v2\/media?parent=21820"}],"wp:term":[{"taxonomy":"category","embeddable":true,"href":"https:\/\/med.estrategia.com\/portal\/wp-json\/wp\/v2\/categories?post=21820"},{"taxonomy":"post_tag","embeddable":true,"href":"https:\/\/med.estrategia.com\/portal\/wp-json\/wp\/v2\/tags?post=21820"},{"taxonomy":"wl_entity_type","embeddable":true,"href":"https:\/\/med.estrategia.com\/portal\/wp-json\/wp\/v2\/wl_entity_type?post=21820"}],"curies":[{"name":"wp","href":"https:\/\/api.w.org\/{rel}","templated":true}]}}