{"id":22073,"date":"2022-07-27T19:12:11","date_gmt":"2022-07-27T22:12:11","guid":{"rendered":"https:\/\/med.estrategia.com\/portal\/?p=22073"},"modified":"2022-09-13T11:00:44","modified_gmt":"2022-09-13T14:00:44","slug":"casos-ainda-nao-solucionados-pela-medicina","status":"publish","type":"post","link":"https:\/\/med.estrategia.com\/portal\/atualidades\/casos-ainda-nao-solucionados-pela-medicina\/","title":{"rendered":"5 casos ainda n\u00e3o solucionados pela medicina"},"content":{"rendered":"<p>A busca pela solu&ccedil;&atilde;o de mist&eacute;rios na medicina constantemente impulsiona as pesquisas cient&iacute;ficas na &aacute;rea, al&eacute;m de sempre gerar resultados muito &uacute;teis &agrave; sociedade, como maneiras de diminuir a mortalidade infantil, as sensa&ccedil;&otilde;es de dor e at&eacute; mesmo impedir infec&ccedil;&otilde;es.&nbsp;<p>Um dos casos mais not&oacute;rios na hist&oacute;ria da medicina foi a descoberta de Louis Pasteur, que no s&eacute;culo XIX come&ccedil;ou a investigar as causas de doen&ccedil;as quando se deparou com o principal culpado: os germes. Gra&ccedil;as a sua descoberta, algumas das primeiras vacinas foram desenvolvidas, como a antirr&aacute;bica, reduzindo drasticamente a mortalidade que assolava a popula&ccedil;&atilde;o do per&iacute;odo.<\/p><p>Pensando em incentivar descobertas e inova&ccedil;&otilde;es como essas, foi criado o Pr&ecirc;mio Nobel em 1901, homenageando personalidades que realizassem grandes contribui&ccedil;&otilde;es nas &aacute;reas da Qu&iacute;mica, F&iacute;sica, Medicina, Literatura e no ativismo pela paz mundial. A descoberta mais marcante de 2021 na medicina, ganhadora do Nobel, teve como tema &ldquo;a intera&ccedil;&atilde;o do sistema nervoso com est&iacute;mulos de toque e temperatura&rdquo;. Tratam-se de duas pesquisas que ajudaram a responder algo que vinha intrigando m&eacute;dicos e cientistas de todo o mundo: <strong>como experimentamos e sentimos o mundo ao nosso redor?&nbsp;<\/strong><\/p><p>Por&eacute;m, alguns casos intrigantes ainda n&atilde;o foram esclarecidos pela ci&ecirc;ncia e podem render &oacute;timas pesquisas cient&iacute;ficas e estudos de caso. Confira abaixo 5 casos n&atilde;o solucionados pela medicina.<\/p><div id=\"ez-toc-container\" class=\"ez-toc-v2_0_79_2 counter-hierarchy ez-toc-counter ez-toc-transparent ez-toc-container-direction\">\n<div class=\"ez-toc-title-container\"><p class=\"ez-toc-title\" style=\"cursor:inherit\">Navegue pelo conte\u00fado<\/p>\n<\/div><nav><ul class='ez-toc-list ez-toc-list-level-1 ' ><li class='ez-toc-page-1 ez-toc-heading-level-2'><a class=\"ez-toc-link ez-toc-heading-1\" href=\"https:\/\/med.estrategia.com\/portal\/atualidades\/casos-ainda-nao-solucionados-pela-medicina\/#1-%E2%80%93-Morte-subita-de-bebes\" >1 &ndash; Morte s&uacute;bita de beb&ecirc;s<\/a><\/li><li class='ez-toc-page-1 ez-toc-heading-level-2'><a class=\"ez-toc-link ez-toc-heading-2\" href=\"https:\/\/med.estrategia.com\/portal\/atualidades\/casos-ainda-nao-solucionados-pela-medicina\/#2-%E2%80%93-Alergia-a-agua\" >2 &ndash; Alergia &agrave; &aacute;gua<\/a><\/li><li class='ez-toc-page-1 ez-toc-heading-level-2'><a class=\"ez-toc-link ez-toc-heading-3\" href=\"https:\/\/med.estrategia.com\/portal\/atualidades\/casos-ainda-nao-solucionados-pela-medicina\/#3-%E2%80%93-Origem-do-autismo-e-da-esquizofrenia\" >3 &ndash; Origem do autismo e da esquizofrenia<\/a><\/li><li class='ez-toc-page-1 ez-toc-heading-level-2'><a class=\"ez-toc-link ez-toc-heading-4\" href=\"https:\/\/med.estrategia.com\/portal\/atualidades\/casos-ainda-nao-solucionados-pela-medicina\/#4-%E2%80%93-Sindrome-de-Morgellons\" >4 &ndash; S&iacute;ndrome de Morgellons<\/a><\/li><li class='ez-toc-page-1 ez-toc-heading-level-2'><a class=\"ez-toc-link ez-toc-heading-5\" href=\"https:\/\/med.estrategia.com\/portal\/atualidades\/casos-ainda-nao-solucionados-pela-medicina\/#5-%E2%80%93-Hepatite-de-causa-desconhecida\" >5 &ndash; Hepatite de causa desconhecida&nbsp;<\/a><\/li><\/ul><\/nav><\/div>\n<h2 class=\"wp-block-heading\" id=\"h-1-morte-subita-de-bebes\"><span class=\"ez-toc-section\" id=\"1-%E2%80%93-Morte-subita-de-bebes\"><\/span>1 &ndash; Morte s&uacute;bita de beb&ecirc;s<span class=\"ez-toc-section-end\"><\/span><\/h2><p>A S&iacute;ndrome da Morte S&uacute;bita do Lactente (SMSL) &ndash; ou SIDS, na sigla em ingl&ecirc;s, ainda &eacute; um mist&eacute;rio para a medicina. Geralmente, os beb&ecirc;s s&atilde;o colocados para dormir totalmente saud&aacute;veis e normais, por&eacute;m n&atilde;o acordam no dia seguinte. Quando s&atilde;o levados para o hospital, j&aacute; sem vida, at&eacute; hoje nenhum m&eacute;dico &eacute; capaz de dar uma explica&ccedil;&atilde;o concreta para a causa da morte, ent&atilde;o diagnosticando como S&iacute;ndrome da Morte S&uacute;bita do Lactente.&nbsp;<\/p><p>A maioria dos casos desta s&iacute;ndrome acontece <strong>durante o sono<\/strong> entre lactentes que n&atilde;o aparentam problemas de sa&uacute;de, mas trata-se de um tipo de morte <strong>considerado raro<\/strong>. O DataSUS, banco de dados brasileiro em sa&uacute;de, contabilizou<strong> 155 casos de SMSL em 2020<\/strong> no pa&iacute;s.<\/p><p>O motivo das mortes que se enquadram no SMSL ainda n&atilde;o &eacute; compreendido, embora teorias apontem que os beb&ecirc;s possam ter dificuldade em regular seus batimentos card&iacute;acos, respira&ccedil;&atilde;o e temperatura corporal. J&aacute; outra hip&oacute;tese relaciona a dificuldade de despertar de alguns beb&ecirc;s &agrave; morte s&uacute;bita na inf&acirc;ncia, isso porque a aus&ecirc;ncia de n&iacute;veis adequados da enzima BChE pode impossibilitar alguns beb&ecirc;s de desenvolver a &ldquo;habilidade de acordar&rdquo; diante de uma amea&ccedil;a, como falta de ar durante o sono &mdash; que pode causar morte s&uacute;bita.<\/p><p>Por enquanto, existem apenas hip&oacute;teses, que poder&atilde;o ser validadas por pesquisas cient&iacute;ficas para, assim, a s&iacute;ndrome deixar de ser um mist&eacute;rio m&eacute;dico. Embora ainda n&atilde;o se entenda plenamente o que causa a s&iacute;ndrome e como preveni-la, estudos recentes apontam alguns h&aacute;bitos que <strong>reduzem os riscos de SMSL<\/strong>, como a <strong>amamenta&ccedil;&atilde;o<\/strong>, pois beb&ecirc;s que mamam no peito aparentam mais facilidade em acordar, al&eacute;m de possu&iacute;rem mais anticorpos, que s&atilde;o adquiridos por meio do leite materno.<\/p><p>Al&eacute;m disso,<strong> o risco de SMSL &eacute; maior entre beb&ecirc;s prematuros<\/strong>, que possuem baixo peso e aqueles com pais fumantes. Isso acontece por conta da vulnerabilidade a infec&ccedil;&otilde;es nesses casos, bem como a capacidade dos res&iacute;duos da fuma&ccedil;a em bloquear as vias respirat&oacute;rias. Ainda, pesquisas apontam maior incid&ecirc;ncia de S&iacute;ndrome da Morte S&uacute;bita em lactentes que dormem na cama dos pais.<\/p><p>A S&iacute;ndrome da Morte S&uacute;bita do Lactente (SMSL) acomete beb&ecirc;s de at&eacute; 12 meses e, ainda, possui uma varia&ccedil;&atilde;o: a morte s&uacute;bita inexplic&aacute;vel na primeira inf&acirc;ncia, que atinge maiores de 1 ano de idade.&nbsp;<\/p><h2 class=\"wp-block-heading\" id=\"h-2-alergia-a-agua\"><span class=\"ez-toc-section\" id=\"2-%E2%80%93-Alergia-a-agua\"><\/span>2 &ndash; Alergia &agrave; &aacute;gua<span class=\"ez-toc-section-end\"><\/span><\/h2><p>A urtic&aacute;ria aquag&ecirc;nica &eacute; uma condi&ccedil;&atilde;o m&eacute;dica rara popularmente chamada de &ldquo;alergia &agrave; &aacute;gua&rdquo;. O paciente acometido pela doen&ccedil;a n&atilde;o pode deixar &aacute;gua se aproximar da pele, caso contr&aacute;rio, ocorrer&aacute; erup&ccedil;&atilde;o cut&acirc;nea grave. Aparentemente, entre os sintomas imediatos, h&aacute; uma coceira, dor e irrita&ccedil;&atilde;o na regi&atilde;o, que pode chegar a formar verg&otilde;es e a sangrar, caso o paciente friccione a &aacute;rea afetada, sinais que geralmente desaparecem ap&oacute;s 60 minutos do contato.<\/p><p>A urtic&aacute;ria aquag&ecirc;nica foi descrita na literatura m&eacute;dica pela primeira vez em 1964 e na maioria dos casos ocorre entre o sexo feminino e durante a puberdade &ndash; o motivo disso ainda n&atilde;o &eacute; conhecido. A doen&ccedil;a at&eacute; ent&atilde;o est&aacute; longe de ser solucionada pelos cientistas, mas, aparentemente, a urtic&aacute;ria aquag&ecirc;nica n&atilde;o &eacute; uma alergia e sim uma prov&aacute;vel rea&ccedil;&atilde;o imunol&oacute;gica ao identificar uma subst&acirc;ncia considerada estranha. Para se proteger, o sistema imunol&oacute;gico produz anticorpos e, diante do est&iacute;mulo, as c&eacute;lulas da pele liberam subst&acirc;ncias qu&iacute;micas, em grande parte histamina, assim dilatando os vasos sangu&iacute;neos, que causam os sintomas j&aacute; citados.<\/p><p>Alguns dos pacientes que sofrem com a condi&ccedil;&atilde;o alegam que at&eacute; mesmo beber um copo de &aacute;gua gera inc&ocirc;modo na pele e no corpo, assim como chorar, suar e salivar. J&aacute; outros precisam apenas evitar o contato f&iacute;sico com a &aacute;gua, independentemente da temperatura ou de sua origem, mas ainda podem consumir qualquer coisa derivada da subst&acirc;ncia para hidrata&ccedil;&atilde;o, sem rea&ccedil;&atilde;o nas mucosas da boca e no trato digestivo.<\/p><p>O que causa a patologia, bem como quais seriam suas manifesta&ccedil;&otilde;es mais recorrentes, ainda n&atilde;o foram totalmente descobertos pela medicina, j&aacute; que o fato de menos de 100 pessoas no mundo manifestarem a doen&ccedil;a dificulta o seu estudo. Isso por tratar-se de um n&uacute;mero insuficiente para grandes testes cl&iacute;nicos para definir um medicamento ou uma cura. Estima-se que apenas uma em cada 230 milh&otilde;es de pessoas no mundo sofram da doen&ccedil;a.&nbsp;<\/p><p>Existem algumas teorias que tentam definir como a &ldquo;alergia &agrave; &aacute;gua&rdquo; ocorre, como:<\/p><ul class=\"wp-block-list\"><li>A urtic&aacute;ria seria uma resposta t&oacute;xica ao toque da &aacute;gua na pele por conta da extrema sensibilidade desta aos &iacute;ons que a subst&acirc;ncia carrega;<\/li><li>A &aacute;gua dissolveria as subst&acirc;ncias presentes na camada de c&eacute;lulas mortas da pele, podendo liberar compostos t&oacute;xicos, levando a uma rea&ccedil;&atilde;o imunol&oacute;gica quando eles penetram em camadas mais profundas;<\/li><li>A rea&ccedil;&atilde;o aconteceria pelas diferen&ccedil;as de press&atilde;o repentina que acionam o alarme imunol&oacute;gico por osmose decorrente da sa&iacute;da da &aacute;gua da pele; e<\/li><li>A &aacute;gua reagiria com as gl&acirc;ndulas seb&aacute;ceas formando uma subst&acirc;ncia t&oacute;xica que estimularia a degranula&ccedil;&atilde;o do mast&oacute;cito com libera&ccedil;&atilde;o de histamina, resultando na forma&ccedil;&atilde;o das les&otilde;es.&nbsp;<\/li><\/ul><p>Al&eacute;m disso, m&eacute;dicos e cientistas tentam investigar se a patologia decorre de alguma altera&ccedil;&atilde;o gen&eacute;tica, mas nenhum gene espec&iacute;fico foi identificado at&eacute; o momento. Por enquanto, o tratamento da condi&ccedil;&atilde;o &eacute; feito &agrave; base do uso de anti-histam&iacute;nicos, ainda sem chance de cura, mas os sintomas podem ser razoavelmente controlados. Infelizmente, pela raridade da condi&ccedil;&atilde;o n&atilde;o h&aacute; motiva&ccedil;&atilde;o para desvendar essa doen&ccedil;a misteriosa.<\/p><h2 class=\"wp-block-heading\" id=\"h-3-origem-do-autismo-e-da-esquizofrenia\"><span class=\"ez-toc-section\" id=\"3-%E2%80%93-Origem-do-autismo-e-da-esquizofrenia\"><\/span>3 &ndash; Origem do autismo e da esquizofrenia<span class=\"ez-toc-section-end\"><\/span><\/h2><p>Tanto a causa do autismo como a da esquizofrenia n&atilde;o &eacute; conhecida, bem como n&atilde;o se sabe ao certo o porqu&ecirc; das condi&ccedil;&otilde;es acometer, em sua maioria e de maneira mais grave, indiv&iacute;duos do sexo masculino.<\/p><p>Ambos tratam-se de problemas psiqui&aacute;tricos. A esquizofrenia ocorre quando h&aacute; uma altera&ccedil;&atilde;o cerebral que dificulta o julgamento correto da realidade &ndash; psicose, al&eacute;m de alucina&ccedil;&otilde;es e del&iacute;rios, sintomas que surgem na passagem da adolesc&ecirc;ncia para a vida adulta. J&aacute; o autismo geralmente &eacute; diagnosticado na inf&acirc;ncia e costuma afetar a comunica&ccedil;&atilde;o, a capacidade de aprendizado e adapta&ccedil;&atilde;o da crian&ccedil;a.&nbsp;<\/p><p>At&eacute; ent&atilde;o, tudo o que existe s&atilde;o suposi&ccedil;&otilde;es sobre suas origens. Pesquisadores alegam que a predisposi&ccedil;&atilde;o gen&eacute;tica, as mudan&ccedil;as qu&iacute;micas do c&eacute;rebro, poss&iacute;veis infec&ccedil;&otilde;es durante a gravidez e influ&ecirc;ncias do meio ambiente podem estimular o desenvolvimento desses dist&uacute;rbios. Por se tratarem de condi&ccedil;&otilde;es cr&ocirc;nicas, saber o que de fato as causa poderia ajudar na preven&ccedil;&atilde;o e tratamento.<\/p><p>Acerca do autismo, a explica&ccedil;&atilde;o mais aceita para definir sua causa &eacute; algum tipo de muta&ccedil;&atilde;o nas prote&iacute;nas neuroliginas e neurexinas, cuja intera&ccedil;&atilde;o &ndash; que ocorre nas sinapses &ndash; &eacute; crucial para o equil&iacute;brio entre os sinais excitat&oacute;rios e inibit&oacute;rios que trafegam entre os neur&ocirc;nios. Altera&ccedil;&otilde;es nestas prote&iacute;nas poderiam gerar desequil&iacute;brio entre as fun&ccedil;&otilde;es antag&ocirc;nicas e afetariam o aprendizado, linguagem, capacidade social e mem&oacute;ria, principais sintomas do Transtorno do Espectro do Autismo (TEA).<\/p><p>Quanto &agrave; esquizofrenia, sabe-se da import&acirc;ncia dos fatores heredit&aacute;rios, como familiares que j&aacute; manifestaram a doen&ccedil;a, e dos fatores ambientais, referentes a complica&ccedil;&otilde;es da gravidez e do parto, condi&ccedil;&otilde;es socioecon&ocirc;micas desfavor&aacute;veis e o uso de drogas psicoativas ou psicotr&oacute;picas. Al&eacute;m disso, o que se sabe sobre sua causa &eacute;:<strong> pacientes com o dist&uacute;rbio tendem a ter diferen&ccedil;as nas subst&acirc;ncias qu&iacute;micas do c&eacute;rebro chamadas neurotransmissores<\/strong>, como a dopamina e o glutamato. Eles s&atilde;o respons&aacute;veis por controlar a comunica&ccedil;&atilde;o cerebral e, naqueles que sofrem com a condi&ccedil;&atilde;o, costumam ser ou muito ativos ou n&atilde;o suficientemente ativos.&nbsp;<\/p><p>Al&eacute;m das condi&ccedil;&otilde;es acima, diversas outras patologias muito comuns ainda n&atilde;o possuem explica&ccedil;&otilde;es definitivas. Este &eacute; o caso da endometriose, que at&eacute; o momento acredita-se possuir origem multifatorial, mas as hip&oacute;teses ainda precisam ser validadas por estudos mais elaborados. De qualquer forma, chegar &agrave; causa concreta de qualquer doen&ccedil;a &eacute; um pilar essencial para alcan&ccedil;ar o tratamento mais efetivo da enfermidade e at&eacute; a uma poss&iacute;vel cura.&nbsp;<\/p><h2 class=\"wp-block-heading\" id=\"h-4-sindrome-de-morgellons\"><span class=\"ez-toc-section\" id=\"4-%E2%80%93-Sindrome-de-Morgellons\"><\/span>4 &ndash; S&iacute;ndrome de Morgellons<span class=\"ez-toc-section-end\"><\/span><\/h2><p>A doen&ccedil;a &ndash; ou s&iacute;ndrome &ndash; de Morgellons trata-se de uma <strong>condi&ccedil;&atilde;o dermatol&oacute;gica de car&aacute;ter contradit&oacute;rio, inexplicada e sem consenso cient&iacute;fico<\/strong>. Entre as manifesta&ccedil;&otilde;es mais comuns da doen&ccedil;a est&atilde;o feridas pelo corpo, sensa&ccedil;&otilde;es de ter algo rastejando sobre e sob a pele, formigamento, erup&ccedil;&otilde;es cut&acirc;neas, filamentos de fibras &ndash; de origem e car&aacute;ter desconhecido &ndash; a emergir pelas feridas, al&eacute;m de fadiga extrema, dores musculares e articulares, queda de cabelo e dentes, entre outros.<\/p><p>A condi&ccedil;&atilde;o n&atilde;o &eacute; comum e a etiologia da doen&ccedil;a ainda n&atilde;o est&aacute; explicada, bem como n&atilde;o &eacute; sabido se a doen&ccedil;a &eacute; uma <strong>infec&ccedil;&atilde;o parasit&aacute;ria ou uma dermopatia desconhecida<\/strong>. Ainda, existem estudos que atestam que os pacientes que possuem a s&iacute;ndrome est&atilde;o sob influ&ecirc;ncia de alguma psicose ou transtorno delirante, ou seja, a <strong>condi&ccedil;&atilde;o seria psicol&oacute;gica.<\/strong>&nbsp;<\/p><p>Por conta dessa suspeita, algumas hip&oacute;teses sobre o surgimento dessas fibras na pele afirmam que estas s&atilde;o apenas resqu&iacute;cios de roupas ou de alimentos que permanecem na ferida, enquanto outras teorias afirmam que as fibras resultam de um processo infeccioso nas c&eacute;lulas cut&acirc;neas.<\/p><p>Al&eacute;m disso, investigadores dos <a href=\"https:\/\/www.cdc.gov\/\" target=\"_blank\">Centros de Controle e Preven&ccedil;&atilde;o de Doen&ccedil;as (CDC)<\/a> notaram a semelhan&ccedil;a entre certos sinais da s&iacute;ndrome de Morgellons aos de doen&ccedil;as mentais, envolvidas por falsas cren&ccedil;as acerca da infesta&ccedil;&atilde;o por parasitas, apoiando certas suspeitas relacionando a s&iacute;ndrome a um <strong>del&iacute;rio coletivo<\/strong>.<\/p><p>Como at&eacute; o momento n&atilde;o h&aacute; etiologia definida, ent&atilde;o n&atilde;o existe protocolo correto para diagnosticar e tratar a doen&ccedil;a, que segue muito controversa, necessitando de muito mais estudos. Por&eacute;m, os sintomas s&atilde;o reais e inc&ocirc;modos para os pacientes e precisam ser tratados. At&eacute; ent&atilde;o, mesmo n&atilde;o havendo consenso se a doen&ccedil;a se enquadra em psicol&oacute;gica, dermatol&oacute;gica ou infecciosa, &eacute; recomendado realizar os <strong>exames poss&iacute;veis para investiga&ccedil;&atilde;o<\/strong>, embora os testes para detectar alguma infec&ccedil;&atilde;o por bact&eacute;rias ou parasitas geralmente acabem negativos. Al&eacute;m disso, direcionar o paciente para <strong>tratamento que envolva outras condi&ccedil;&otilde;es, como sa&uacute;de mental<\/strong>, pode ajudar.&nbsp;<\/p><h2 class=\"wp-block-heading\" id=\"h-5-hepatite-de-causa-desconhecida\"><span class=\"ez-toc-section\" id=\"5-%E2%80%93-Hepatite-de-causa-desconhecida\"><\/span>5 &ndash; Hepatite de causa desconhecida&nbsp;<span class=\"ez-toc-section-end\"><\/span><\/h2><p>Recentemente, pelo menos mil crian&ccedil;as em 35 pa&iacute;ses do mundo foram diagnosticadas com <strong>hepatite sem etiologia conhecida<\/strong>. A maioria dos pacientes possui menos de cinco anos de idade e alguns necessitaram de um transplante de f&iacute;gado para conter a doen&ccedil;a. No Brasil, dezenas de casos suspeitos foram investigados pelo Minist&eacute;rio da Sa&uacute;de e, at&eacute; o momento, s&atilde;o sete mortes confirmadas por conta dessa patologia.<\/p><p>O que mais espanta os especialistas &eacute; que nessa hepatite misteriosa, embora se assemelhe &agrave; doen&ccedil;a tradicional em sintomas, aparentemente n&atilde;o s&atilde;o identificados os v&iacute;rus da hepatite viral aguda (A, B, C, D e E) nos casos diagnosticados, mas sim a presen&ccedil;a dos v&iacute;rus adenov&iacute;rus F tipo 41 e o SARS-CoV-2.&nbsp;<\/p><p>Ainda, a doen&ccedil;a se manifesta de maneira aguda, ou seja, causa inflama&ccedil;&atilde;o hep&aacute;tica abrupta, principalmente em crian&ccedil;as, com alta letalidade e sintomas graves. Al&eacute;m disso, a doen&ccedil;a n&atilde;o possui explica&ccedil;&atilde;o etiol&oacute;gica at&eacute; o momento, preocupando a classe m&eacute;dica, que n&atilde;o sabe se o transplante se faz necess&aacute;rio.&nbsp;&nbsp;<\/p><p>Diversos estudos est&atilde;o sendo realizados no momento. Recentemente, a descoberta mais interessante foi a realizada na Inglaterra e Esc&oacute;cia, que pode explicar porque alguns pacientes desenvolveram complica&ccedil;&otilde;es hep&aacute;ticas incomuns e preocupantes. A pesquisa aponta que<strong> beb&ecirc;s expostos ao mundo externo mais tarde do que o normal por conta das restri&ccedil;&otilde;es da pandemia perderam n&iacute;veis de imunidade precoce<\/strong> a alguns v&iacute;rus. S&atilde;o eles o <strong>adenov&iacute;rus<\/strong>, respons&aacute;vel por resfriados e dores de est&ocirc;mago, e o <strong>v&iacute;rus adeno-associado dois (AAV2)<\/strong>, que se combinado a outro v&iacute;rus pode causar doen&ccedil;as.&nbsp;<\/p><p>Outras pesquisas est&atilde;o sendo realizadas para se chegar a um veredito nesta doen&ccedil;a misteriosa, por&eacute;m, os cientistas j&aacute; descartaram qualquer conex&atilde;o com vacinas contra a Covid-19 ou pr&oacute;pria infec&ccedil;&atilde;o pelo v&iacute;rus. Al&eacute;m disso, os casos aparentam estar diminuindo, mas os especialistas ainda se mant&ecirc;m em alerta para novos quadros.<\/p><p><a href=\"https:\/\/med.estrategia.com\/portal\/conteudos-gratis\/doencas\/hepatite-de-etiologia-conhecida-hepatite-misteriosa\/\" target=\"_blank\">Clique aqui e saiba mais sobre a Hepatite Aguda de Etiologia Desconhecida!<\/a><\/p><p>\n\n\n<div id=\"new-form\">\n\t<form id=\"forms_layout\">\n\t<input type=\"hidden\" id=\"chave_de\" name=\"chave_de\" value=\"01_EMED_LEADS_TOTAIS\" \/>\n\t\t<input type=\"hidden\" id=\"mid\" name=\"mid\" value=\"515009018\" \/>\n\t\t<input type=\"hidden\" id=\"Objetivo\" name=\"Objetivo\" value=\"Medicina\" \/>\n\t\t<input type=\"hidden\" id=\"Estado_de_Origem_do_IP\" name=\"Estado_de_Origem_do_IP\"  value=\"\" \/>\n\t\t<input type=\"hidden\" id=\"Cidade_de_Origem_do_IP\" name=\"Cidade_de_Origem_do_IP\" value=\"\" \/>\n\t\t<input type=\"hidden\" id=\"Modo_de_entrada\" name=\"Modo_de_entrada\" value=\"Portal\" \/>\n\t\t<input type=\"hidden\" id=\"Pagina_Origem\" name=\"Pagina_Origem\" value=\"\" \/>\n\n\t\t<div class=\"texto\">\n\t\t\t<h3 class=\"news\">Inscreva-se em nossa newsletter!<\/h3>\n\t\t\t<p>Receba not\u00edcias sobre resid\u00eancia m\u00e9dica, revalida\u00e7\u00e3o de diplomas e concursos m\u00e9dicos, al\u00e9m de materiais de estudo gratuitos e informa\u00e7\u00f5es relevantes do mundo da Medicina.<\/p>\n\t\t<\/div>\n\t\t<div class=\"campos\">\n\t\t\t<div class=\"first_name labels\">\n\t\t\t\t<input type=\"text\" class=\"input_labels\" id=\"first_name\" name=\"Nome_Completo\" placeholder=\"Nome\" required \/>\n\t\t\t<\/div>\n\t\t\t<div class=\"email labels\">\n\t\t\t\t<input type=\"email\" class=\"input_labels\" id=\"email\" name=\"Email\" placeholder=\"E-mail\" required \/>\n\t\t\t<\/div>\n\t\t\t<button type=\"submit\" class=\"button_layout\">\n\t\t\t\t<div id=\"lblBotao\">Inscreva-se<\/div>\n\t\t\t\t<span id=\"divSpiner\" class=\"loader\" role=\"status\" style=\"display: none;\"><\/span>\t\n\t\t\t<\/button>\n\t\t<\/div><!-- \/campos -->\n\t\t\n\t\t<label class=\"container_checkbox\">Voc\u00ea concorda com a nossa\n\t\t\t<a class=\"politics_privacy_ahref\" target=\"_blank\" href=\"https:\/\/gratis.estrategiaconcursos.com.br\/politica-de-privacidade\/\">Pol\u00edtica de Privacidade<\/a> e aceita receber informa\u00e7\u00f5es adicionais do Estrat\u00e9gia Educacional.\n\t\t\t<input id=\"checkbox_layout\" type=\"checkbox\" checked=\"checked\" required \/>\n\t\t\t<span class=\"checkbox\"><\/span>\n\t\t<\/label>\n\t\t<div id=\"msg\"><\/div>\n\t\t<div id=\"error\" class=\"error\">\n\t\t<\/div>\n\t<\/form>\n<\/div><!-- \/new-form -->\n\n\n\n<\/p><p>Pesquisas cient&iacute;ficas possuem uma grande import&acirc;ncia na vida dos m&eacute;dicos rec&eacute;m-formados. Isso porque realizar <strong>publica&ccedil;&otilde;es em revistas e congressos<\/strong>, al&eacute;m de <strong>inicia&ccedil;&atilde;o cient&iacute;fica<\/strong> podem a<strong>umentar as pontua&ccedil;&otilde;es do candidato na hora da entrevista<\/strong> e <a href=\"https:\/\/med.estrategia.com\/portal\/residencia-medica\/entrevista\/\" target=\"_blank\">an&aacute;lise curricular<\/a> nos seletivos de Resid&ecirc;ncia M&eacute;dica.&nbsp;<\/p><p>Al&eacute;m disso, demonstrar o seu conhecimento sobre a publica&ccedil;&atilde;o e o interesse em fazer mais s&atilde;o aspectos importantes, tanto tendo como inspira&ccedil;&atilde;o algum dos mist&eacute;rios m&eacute;dicos dispostos acima quanto alguma &aacute;rea ou caso que voc&ecirc; possua interesse em entender melhor. Alguns dos pedidos mais frequentes na etapa de entrevista nos seletivos s&atilde;o:&nbsp;<\/p><ul class=\"wp-block-list\"><li>Se voc&ecirc; tem um trabalho interessante no curr&iacute;culo, conte um pouco sobre ele; e<\/li><li>Se voc&ecirc; fez monitoria ou inicia&ccedil;&atilde;o cient&iacute;fica, fale um pouco sobre elas.<\/li><\/ul><p>Ent&atilde;o, n&atilde;o descarte de cara a possibilidade de ingressar na carreira de pesquisador e garanta pontos extras nos processos seletivos!<\/p><p>Para ficar por dentro de mais dicas e conte&uacute;dos como esse, al&eacute;m das novidades sobre seletivos de Resid&ecirc;ncia M&eacute;dica, de revalida&ccedil;&atilde;o de diplomas e conte&uacute;dos t&eacute;cnicos, continue acessando o Portal do Estrat&eacute;gia MED!&nbsp;<\/p><p><\/p><p><strong><a id=\"cta\" class=\"cta-imagem\" href=\"https:\/\/med.estrategia.com\/cursos\/extensivo-de-residncia-mdica\/\" target=\"blank\">\n                <img decoding=\"async\" width=\"100%\" src=\"https:\/\/med.estrategia.com\/portal\/wp-content\/uploads\/2025\/08\/extensivo_rm.jpg\" alt=\"Extensivo RM\" title=\"extensivo_rm\">\n        <\/a><\/strong><\/p><\/p>\n","protected":false},"excerpt":{"rendered":"A busca pela solu&ccedil;&atilde;o de mist&eacute;rios na medicina constantemente impulsiona as pesquisas cient&iacute;ficas na &aacute;rea, al&eacute;m de sempre&hellip;\n","protected":false},"author":22,"featured_media":22074,"comment_status":"closed","ping_status":"closed","sticky":false,"template":"","format":"standard","meta":{"wl_entities_gutenberg":"","footnotes":""},"categories":[32,304],"tags":[],"wl_entity_type":[199],"class_list":{"0":"post-22073","1":"post","2":"type-post","3":"status-publish","4":"format-standard","5":"has-post-thumbnail","7":"category-atualidades","8":"category-doencas","9":"wl_entity_type-article"},"acf":[],"yoast_head":"<!-- This site is optimized with the Yoast SEO Premium plugin v26.6 (Yoast SEO v26.6) - https:\/\/yoast.com\/wordpress\/plugins\/seo\/ -->\n<title>5 casos ainda n\u00e3o solucionados pela medicina<\/title>\n<meta name=\"description\" content=\"Confira aqui alguns dos casos que ainda n\u00e3o foram solucionados pela medicina, incluindo a recente Hepatite de Causa Desconhecida.\" \/>\n<meta name=\"robots\" content=\"index, follow, max-snippet:-1, max-image-preview:large, max-video-preview:-1\" \/>\n<link rel=\"canonical\" href=\"https:\/\/med.estrategia.com\/portal\/atualidades\/casos-ainda-nao-solucionados-pela-medicina\/\" \/>\n<meta property=\"og:locale\" content=\"pt_BR\" \/>\n<meta property=\"og:type\" content=\"article\" \/>\n<meta property=\"og:title\" content=\"5 casos ainda n\u00e3o solucionados pela medicina\" \/>\n<meta property=\"og:description\" content=\"Confira aqui alguns dos casos que ainda n\u00e3o foram solucionados pela medicina, incluindo a recente Hepatite de Causa Desconhecida.\" \/>\n<meta property=\"og:url\" content=\"https:\/\/med.estrategia.com\/portal\/atualidades\/casos-ainda-nao-solucionados-pela-medicina\/\" \/>\n<meta property=\"og:site_name\" content=\"Estrat\u00e9gia MED\" \/>\n<meta property=\"article:publisher\" content=\"https:\/\/www.facebook.com\/estrategiamed1\" \/>\n<meta property=\"article:published_time\" content=\"2022-07-27T22:12:11+00:00\" \/>\n<meta property=\"article:modified_time\" content=\"2022-09-13T14:00:44+00:00\" \/>\n<meta property=\"og:image\" content=\"https:\/\/cdn.medblog.estrategiaeducacional.com.br\/wp-content\/uploads\/2022\/07\/casos-ainda-nao-solucionados-pela-medicina.jpg\" \/>\n\t<meta property=\"og:image:width\" content=\"1280\" \/>\n\t<meta property=\"og:image:height\" content=\"720\" \/>\n\t<meta property=\"og:image:type\" content=\"image\/jpeg\" \/>\n<meta name=\"author\" content=\"Erika Coelho\" \/>\n<meta name=\"twitter:card\" content=\"summary_large_image\" \/>\n<meta name=\"twitter:creator\" content=\"@estrategiamed_\" \/>\n<meta name=\"twitter:site\" content=\"@estrategiamed_\" \/>\n<meta name=\"twitter:label1\" content=\"Escrito por\" \/>\n\t<meta name=\"twitter:data1\" content=\"Erika Coelho\" \/>\n\t<meta name=\"twitter:label2\" content=\"Est. tempo de leitura\" \/>\n\t<meta name=\"twitter:data2\" content=\"13 minutos\" \/>\n<script type=\"application\/ld+json\" class=\"yoast-schema-graph\">{\"@context\":\"https:\/\/schema.org\",\"@graph\":[{\"@type\":\"WebPage\",\"@id\":\"https:\/\/med.estrategia.com\/portal\/atualidades\/casos-ainda-nao-solucionados-pela-medicina\/\",\"url\":\"https:\/\/med.estrategia.com\/portal\/atualidades\/casos-ainda-nao-solucionados-pela-medicina\/\",\"name\":\"5 casos ainda n\u00e3o solucionados pela medicina\",\"isPartOf\":{\"@id\":\"https:\/\/med.estrategia.com\/portal\/#website\"},\"primaryImageOfPage\":{\"@id\":\"https:\/\/med.estrategia.com\/portal\/atualidades\/casos-ainda-nao-solucionados-pela-medicina\/#primaryimage\"},\"image\":{\"@id\":\"https:\/\/med.estrategia.com\/portal\/atualidades\/casos-ainda-nao-solucionados-pela-medicina\/#primaryimage\"},\"thumbnailUrl\":\"https:\/\/med.estrategia.com\/portal\/wp-content\/uploads\/2022\/07\/casos-ainda-nao-solucionados-pela-medicina.jpg\",\"datePublished\":\"2022-07-27T22:12:11+00:00\",\"dateModified\":\"2022-09-13T14:00:44+00:00\",\"author\":{\"@id\":\"https:\/\/med.estrategia.com\/portal\/#\/schema\/person\/8e7c9b2f53f2eede3b8880ad86ff20a3\"},\"description\":\"Confira aqui alguns dos casos que ainda n\u00e3o foram solucionados pela medicina, incluindo a recente Hepatite de Causa Desconhecida.\",\"breadcrumb\":{\"@id\":\"https:\/\/med.estrategia.com\/portal\/atualidades\/casos-ainda-nao-solucionados-pela-medicina\/#breadcrumb\"},\"inLanguage\":\"pt-BR\",\"potentialAction\":[{\"@type\":\"ReadAction\",\"target\":[\"https:\/\/med.estrategia.com\/portal\/atualidades\/casos-ainda-nao-solucionados-pela-medicina\/\"]}]},{\"@type\":\"ImageObject\",\"inLanguage\":\"pt-BR\",\"@id\":\"https:\/\/med.estrategia.com\/portal\/atualidades\/casos-ainda-nao-solucionados-pela-medicina\/#primaryimage\",\"url\":\"https:\/\/med.estrategia.com\/portal\/wp-content\/uploads\/2022\/07\/casos-ainda-nao-solucionados-pela-medicina.jpg\",\"contentUrl\":\"https:\/\/med.estrategia.com\/portal\/wp-content\/uploads\/2022\/07\/casos-ainda-nao-solucionados-pela-medicina.jpg\",\"width\":1280,\"height\":720,\"caption\":\"Cr\u00e9ditos: Shutterstock\"},{\"@type\":\"BreadcrumbList\",\"@id\":\"https:\/\/med.estrategia.com\/portal\/atualidades\/casos-ainda-nao-solucionados-pela-medicina\/#breadcrumb\",\"itemListElement\":[{\"@type\":\"ListItem\",\"position\":1,\"name\":\"Home\",\"item\":\"https:\/\/med.estrategia.com\/portal\/\"},{\"@type\":\"ListItem\",\"position\":2,\"name\":\"Atualidades\",\"item\":\"https:\/\/med.estrategia.com\/portal\/atualidades\/\"},{\"@type\":\"ListItem\",\"position\":3,\"name\":\"5 casos ainda n\u00e3o solucionados pela medicina\"}]},{\"@type\":\"WebSite\",\"@id\":\"https:\/\/med.estrategia.com\/portal\/#website\",\"url\":\"https:\/\/med.estrategia.com\/portal\/\",\"name\":\"Estrat\u00e9gia MED\",\"description\":\"\",\"potentialAction\":[{\"@type\":\"SearchAction\",\"target\":{\"@type\":\"EntryPoint\",\"urlTemplate\":\"https:\/\/med.estrategia.com\/portal\/?s={search_term_string}\"},\"query-input\":{\"@type\":\"PropertyValueSpecification\",\"valueRequired\":true,\"valueName\":\"search_term_string\"}}],\"inLanguage\":\"pt-BR\"},{\"@type\":\"Person\",\"@id\":\"https:\/\/med.estrategia.com\/portal\/#\/schema\/person\/8e7c9b2f53f2eede3b8880ad86ff20a3\",\"name\":\"Erika Coelho\",\"image\":{\"@type\":\"ImageObject\",\"inLanguage\":\"pt-BR\",\"@id\":\"https:\/\/med.estrategia.com\/portal\/#\/schema\/person\/image\/\",\"url\":\"https:\/\/secure.gravatar.com\/avatar\/8ef9ff2e2fa53829c640cca8d1a45178?s=96&d=mm&r=g\",\"contentUrl\":\"https:\/\/secure.gravatar.com\/avatar\/8ef9ff2e2fa53829c640cca8d1a45178?s=96&d=mm&r=g\",\"caption\":\"Erika Coelho\"},\"description\":\"Jornalista pela Universidade Presbiteriana Mackenzie, escrevo sobre educa\u00e7\u00e3o, sa\u00fade e pol\u00edticas p\u00fablicas\",\"url\":\"https:\/\/med.estrategia.com\/portal\/author\/erika\/\"}]}<\/script>\n<!-- \/ Yoast SEO Premium plugin. -->","yoast_head_json":{"title":"5 casos ainda n\u00e3o solucionados pela medicina","description":"Confira aqui alguns dos casos que ainda n\u00e3o foram solucionados pela medicina, incluindo a recente Hepatite de Causa Desconhecida.","robots":{"index":"index","follow":"follow","max-snippet":"max-snippet:-1","max-image-preview":"max-image-preview:large","max-video-preview":"max-video-preview:-1"},"canonical":"https:\/\/med.estrategia.com\/portal\/atualidades\/casos-ainda-nao-solucionados-pela-medicina\/","og_locale":"pt_BR","og_type":"article","og_title":"5 casos ainda n\u00e3o solucionados pela medicina","og_description":"Confira aqui alguns dos casos que ainda n\u00e3o foram solucionados pela medicina, incluindo a recente Hepatite de Causa Desconhecida.","og_url":"https:\/\/med.estrategia.com\/portal\/atualidades\/casos-ainda-nao-solucionados-pela-medicina\/","og_site_name":"Estrat\u00e9gia MED","article_publisher":"https:\/\/www.facebook.com\/estrategiamed1","article_published_time":"2022-07-27T22:12:11+00:00","article_modified_time":"2022-09-13T14:00:44+00:00","og_image":[{"width":1280,"height":720,"url":"https:\/\/cdn.medblog.estrategiaeducacional.com.br\/wp-content\/uploads\/2022\/07\/casos-ainda-nao-solucionados-pela-medicina.jpg","type":"image\/jpeg"}],"author":"Erika Coelho","twitter_card":"summary_large_image","twitter_creator":"@estrategiamed_","twitter_site":"@estrategiamed_","twitter_misc":{"Escrito por":"Erika Coelho","Est. tempo de leitura":"13 minutos"},"schema":{"@context":"https:\/\/schema.org","@graph":[{"@type":"WebPage","@id":"https:\/\/med.estrategia.com\/portal\/atualidades\/casos-ainda-nao-solucionados-pela-medicina\/","url":"https:\/\/med.estrategia.com\/portal\/atualidades\/casos-ainda-nao-solucionados-pela-medicina\/","name":"5 casos ainda n\u00e3o solucionados pela medicina","isPartOf":{"@id":"https:\/\/med.estrategia.com\/portal\/#website"},"primaryImageOfPage":{"@id":"https:\/\/med.estrategia.com\/portal\/atualidades\/casos-ainda-nao-solucionados-pela-medicina\/#primaryimage"},"image":{"@id":"https:\/\/med.estrategia.com\/portal\/atualidades\/casos-ainda-nao-solucionados-pela-medicina\/#primaryimage"},"thumbnailUrl":"https:\/\/med.estrategia.com\/portal\/wp-content\/uploads\/2022\/07\/casos-ainda-nao-solucionados-pela-medicina.jpg","datePublished":"2022-07-27T22:12:11+00:00","dateModified":"2022-09-13T14:00:44+00:00","author":{"@id":"https:\/\/med.estrategia.com\/portal\/#\/schema\/person\/8e7c9b2f53f2eede3b8880ad86ff20a3"},"description":"Confira aqui alguns dos casos que ainda n\u00e3o foram solucionados pela medicina, incluindo a recente Hepatite de Causa Desconhecida.","breadcrumb":{"@id":"https:\/\/med.estrategia.com\/portal\/atualidades\/casos-ainda-nao-solucionados-pela-medicina\/#breadcrumb"},"inLanguage":"pt-BR","potentialAction":[{"@type":"ReadAction","target":["https:\/\/med.estrategia.com\/portal\/atualidades\/casos-ainda-nao-solucionados-pela-medicina\/"]}]},{"@type":"ImageObject","inLanguage":"pt-BR","@id":"https:\/\/med.estrategia.com\/portal\/atualidades\/casos-ainda-nao-solucionados-pela-medicina\/#primaryimage","url":"https:\/\/med.estrategia.com\/portal\/wp-content\/uploads\/2022\/07\/casos-ainda-nao-solucionados-pela-medicina.jpg","contentUrl":"https:\/\/med.estrategia.com\/portal\/wp-content\/uploads\/2022\/07\/casos-ainda-nao-solucionados-pela-medicina.jpg","width":1280,"height":720,"caption":"Cr\u00e9ditos: Shutterstock"},{"@type":"BreadcrumbList","@id":"https:\/\/med.estrategia.com\/portal\/atualidades\/casos-ainda-nao-solucionados-pela-medicina\/#breadcrumb","itemListElement":[{"@type":"ListItem","position":1,"name":"Home","item":"https:\/\/med.estrategia.com\/portal\/"},{"@type":"ListItem","position":2,"name":"Atualidades","item":"https:\/\/med.estrategia.com\/portal\/atualidades\/"},{"@type":"ListItem","position":3,"name":"5 casos ainda n\u00e3o solucionados pela medicina"}]},{"@type":"WebSite","@id":"https:\/\/med.estrategia.com\/portal\/#website","url":"https:\/\/med.estrategia.com\/portal\/","name":"Estrat\u00e9gia MED","description":"","potentialAction":[{"@type":"SearchAction","target":{"@type":"EntryPoint","urlTemplate":"https:\/\/med.estrategia.com\/portal\/?s={search_term_string}"},"query-input":{"@type":"PropertyValueSpecification","valueRequired":true,"valueName":"search_term_string"}}],"inLanguage":"pt-BR"},{"@type":"Person","@id":"https:\/\/med.estrategia.com\/portal\/#\/schema\/person\/8e7c9b2f53f2eede3b8880ad86ff20a3","name":"Erika Coelho","image":{"@type":"ImageObject","inLanguage":"pt-BR","@id":"https:\/\/med.estrategia.com\/portal\/#\/schema\/person\/image\/","url":"https:\/\/secure.gravatar.com\/avatar\/8ef9ff2e2fa53829c640cca8d1a45178?s=96&d=mm&r=g","contentUrl":"https:\/\/secure.gravatar.com\/avatar\/8ef9ff2e2fa53829c640cca8d1a45178?s=96&d=mm&r=g","caption":"Erika Coelho"},"description":"Jornalista pela Universidade Presbiteriana Mackenzie, escrevo sobre educa\u00e7\u00e3o, sa\u00fade e pol\u00edticas p\u00fablicas","url":"https:\/\/med.estrategia.com\/portal\/author\/erika\/"}]}},"_wl_alt_label":[],"wl:entity_url":"\/post\/casos-ainda-nao-solucionados-pela-medicina","_links":{"self":[{"href":"https:\/\/med.estrategia.com\/portal\/wp-json\/wp\/v2\/posts\/22073","targetHints":{"allow":["GET"]}}],"collection":[{"href":"https:\/\/med.estrategia.com\/portal\/wp-json\/wp\/v2\/posts"}],"about":[{"href":"https:\/\/med.estrategia.com\/portal\/wp-json\/wp\/v2\/types\/post"}],"author":[{"embeddable":true,"href":"https:\/\/med.estrategia.com\/portal\/wp-json\/wp\/v2\/users\/22"}],"replies":[{"embeddable":true,"href":"https:\/\/med.estrategia.com\/portal\/wp-json\/wp\/v2\/comments?post=22073"}],"version-history":[{"count":2,"href":"https:\/\/med.estrategia.com\/portal\/wp-json\/wp\/v2\/posts\/22073\/revisions"}],"predecessor-version":[{"id":25805,"href":"https:\/\/med.estrategia.com\/portal\/wp-json\/wp\/v2\/posts\/22073\/revisions\/25805"}],"wp:featuredmedia":[{"embeddable":true,"href":"https:\/\/med.estrategia.com\/portal\/wp-json\/wp\/v2\/media\/22074"}],"wp:attachment":[{"href":"https:\/\/med.estrategia.com\/portal\/wp-json\/wp\/v2\/media?parent=22073"}],"wp:term":[{"taxonomy":"category","embeddable":true,"href":"https:\/\/med.estrategia.com\/portal\/wp-json\/wp\/v2\/categories?post=22073"},{"taxonomy":"post_tag","embeddable":true,"href":"https:\/\/med.estrategia.com\/portal\/wp-json\/wp\/v2\/tags?post=22073"},{"taxonomy":"wl_entity_type","embeddable":true,"href":"https:\/\/med.estrategia.com\/portal\/wp-json\/wp\/v2\/wl_entity_type?post=22073"}],"curies":[{"name":"wp","href":"https:\/\/api.w.org\/{rel}","templated":true}]}}