{"id":22145,"date":"2022-07-28T17:52:11","date_gmt":"2022-07-28T20:52:11","guid":{"rendered":"https:\/\/med.estrategia.com\/portal\/?p=22145"},"modified":"2022-10-07T14:51:55","modified_gmt":"2022-10-07T17:51:55","slug":"programa-mais-medicos-para-o-brasil","status":"publish","type":"post","link":"https:\/\/med.estrategia.com\/portal\/atualidades\/programa-mais-medicos-para-o-brasil\/","title":{"rendered":"Programa Mais M\u00e9dicos para o Brasil convoca DSEI\u2019s e profissionais com interesse em Sa\u00fade Ind\u00edgena"},"content":{"rendered":"<p>Edital convoca m&eacute;dicos formados no Brasil e no exterior para atua&ccedil;&atilde;o por 1 ano em DSEI&rsquo;s&nbsp;<p>Foi publicado ontem (27) no Di&aacute;rio Oficial da Uni&atilde;o o edital de chamamento de Distritos Sanit&aacute;rios Especiais Ind&iacute;genas &ndash; DSEI&rsquo;s &ndash; interessadas em aderir ao Projeto Mais M&eacute;dicos para o Brasil &ndash; PMMB. Al&eacute;m da convoca&ccedil;&atilde;o das institui&ccedil;&otilde;es, o Programa tamb&eacute;m selecionar&aacute; m&eacute;dicos para atuar nos DSEI por 1 ano.&nbsp;<\/p><p>No documento, ainda &eacute; sinalizado quais profissionais poder&atilde;o se apresentar para servi&ccedil;o nos distritos ind&iacute;genas. A publica&ccedil;&atilde;o aconteceu alguns dias ap&oacute;s a trag&eacute;dia que levou l&iacute;deres dos povos origin&aacute;rios a reivindicarem m&eacute;dicos em diversos DSEI&rsquo;s.<\/p><div class=\"wp-block-buttons is-content-justification-center is-layout-flex wp-block-buttons-is-layout-flex\">\n<div class=\"wp-block-button\"><a class=\"wp-block-button__link\" href=\"https:\/\/med.estrategia.com\/portal\/wp-content\/uploads\/2022\/07\/EDITAL-SAPS_MS-No-12-DE-25-DE-JULHO-DE-2022-EDITAL-SAPS_MS-No-12-DE-25-DE-JULHO-DE-2022-DOU-Imprensa-Nacional.pdf\" target=\"_blank\">Confira aqui o edital<\/a><\/div>\n<\/div><p>A princ&iacute;pio, a convoca&ccedil;&atilde;o e as atividades far&atilde;o parte do <strong>Programa Mais M&eacute;dicos para o Brasil (PMMB)<\/strong>, respons&aacute;vel por conceder aos participantes uma bolsa-forma&ccedil;&atilde;o com valor mensal de <strong>R$ 12.386,50,<\/strong> que ser&aacute; paga por, no m&aacute;ximo, um ano. Al&eacute;m disso, o Minist&eacute;rio da Sa&uacute;de conceder&aacute; <strong>ajuda de custo para as despesas provenientes da instala&ccedil;&atilde;o <\/strong>do profissional que n&atilde;o residir no DSEI em que for alocado, bem como passagens do participante e de at&eacute; dois dependentes deste.  <\/p><p>\n\n\n<div id=\"new-form\">\n\t<form id=\"forms_layout\">\n\t<input type=\"hidden\" id=\"chave_de\" name=\"chave_de\" value=\"01_EMED_LEADS_TOTAIS\" \/>\n\t\t<input type=\"hidden\" id=\"mid\" name=\"mid\" value=\"515009018\" \/>\n\t\t<input type=\"hidden\" id=\"Objetivo\" name=\"Objetivo\" value=\"Medicina\" \/>\n\t\t<input type=\"hidden\" id=\"Estado_de_Origem_do_IP\" name=\"Estado_de_Origem_do_IP\"  value=\"\" \/>\n\t\t<input type=\"hidden\" id=\"Cidade_de_Origem_do_IP\" name=\"Cidade_de_Origem_do_IP\" value=\"\" \/>\n\t\t<input type=\"hidden\" id=\"Modo_de_entrada\" name=\"Modo_de_entrada\" value=\"Portal\" \/>\n\t\t<input type=\"hidden\" id=\"Pagina_Origem\" name=\"Pagina_Origem\" value=\"\" \/>\n\n\t\t<div class=\"texto\">\n\t\t\t<h3 class=\"news\">Inscreva-se em nossa newsletter!<\/h3>\n\t\t\t<p>Receba not\u00edcias sobre resid\u00eancia m\u00e9dica, revalida\u00e7\u00e3o de diplomas e concursos m\u00e9dicos, al\u00e9m de materiais de estudo gratuitos e informa\u00e7\u00f5es relevantes do mundo da Medicina.<\/p>\n\t\t<\/div>\n\t\t<div class=\"campos\">\n\t\t\t<div class=\"first_name labels\">\n\t\t\t\t<input type=\"text\" class=\"input_labels\" id=\"first_name\" name=\"Nome_Completo\" placeholder=\"Nome\" required \/>\n\t\t\t<\/div>\n\t\t\t<div class=\"email labels\">\n\t\t\t\t<input type=\"email\" class=\"input_labels\" id=\"email\" name=\"Email\" placeholder=\"E-mail\" required \/>\n\t\t\t<\/div>\n\t\t\t<button type=\"submit\" class=\"button_layout\">\n\t\t\t\t<div id=\"lblBotao\">Inscreva-se<\/div>\n\t\t\t\t<span id=\"divSpiner\" class=\"loader\" role=\"status\" style=\"display: none;\"><\/span>\t\n\t\t\t<\/button>\n\t\t<\/div><!-- \/campos -->\n\t\t\n\t\t<label class=\"container_checkbox\">Voc\u00ea concorda com a nossa\n\t\t\t<a class=\"politics_privacy_ahref\" target=\"_blank\" href=\"https:\/\/gratis.estrategiaconcursos.com.br\/politica-de-privacidade\/\">Pol\u00edtica de Privacidade<\/a> e aceita receber informa\u00e7\u00f5es adicionais do Estrat\u00e9gia Educacional.\n\t\t\t<input id=\"checkbox_layout\" type=\"checkbox\" checked=\"checked\" required \/>\n\t\t\t<span class=\"checkbox\"><\/span>\n\t\t<\/label>\n\t\t<div id=\"msg\"><\/div>\n\t\t<div id=\"error\" class=\"error\">\n\t\t<\/div>\n\t<\/form>\n<\/div><!-- \/new-form -->\n\n\n\n<\/p><div id=\"ez-toc-container\" class=\"ez-toc-v2_0_79_2 counter-hierarchy ez-toc-counter ez-toc-transparent ez-toc-container-direction\">\n<div class=\"ez-toc-title-container\"><p class=\"ez-toc-title\" style=\"cursor:inherit\">Navegue pelo conte\u00fado<\/p>\n<\/div><nav><ul class='ez-toc-list ez-toc-list-level-1 ' ><li class='ez-toc-page-1 ez-toc-heading-level-2'><a class=\"ez-toc-link ez-toc-heading-1\" href=\"https:\/\/med.estrategia.com\/portal\/atualidades\/programa-mais-medicos-para-o-brasil\/#Quais-medicos-poderao-participar\" >Quais m&eacute;dicos poder&atilde;o participar?<\/a><\/li><li class='ez-toc-page-1 ez-toc-heading-level-2'><a class=\"ez-toc-link ez-toc-heading-2\" href=\"https:\/\/med.estrategia.com\/portal\/atualidades\/programa-mais-medicos-para-o-brasil\/#Inscricao-e-vagas\" >Inscri&ccedil;&atilde;o&nbsp;e vagas<\/a><\/li><li class='ez-toc-page-1 ez-toc-heading-level-2'><a class=\"ez-toc-link ez-toc-heading-3\" href=\"https:\/\/med.estrategia.com\/portal\/atualidades\/programa-mais-medicos-para-o-brasil\/#Como-sera-a-selecao\" >Como ser&aacute; a sele&ccedil;&atilde;o?<\/a><\/li><li class='ez-toc-page-1 ez-toc-heading-level-2'><a class=\"ez-toc-link ez-toc-heading-4\" href=\"https:\/\/med.estrategia.com\/portal\/atualidades\/programa-mais-medicos-para-o-brasil\/#Distritos-Sanitarios-Especiais-Indigenas-DSEIs\" >Distritos Sanit&aacute;rios Especiais Ind&iacute;genas (DSEI&rsquo;s)<\/a><\/li><li class='ez-toc-page-1 ez-toc-heading-level-2'><a class=\"ez-toc-link ez-toc-heading-5\" href=\"https:\/\/med.estrategia.com\/portal\/atualidades\/programa-mais-medicos-para-o-brasil\/#Saiba-mais-sobre-o-Programa-Medicos-pelo-Brasil\" >Saiba mais sobre o Programa M&eacute;dicos pelo Brasil<\/a><\/li><li class='ez-toc-page-1 ez-toc-heading-level-2'><a class=\"ez-toc-link ez-toc-heading-6\" href=\"https:\/\/med.estrategia.com\/portal\/atualidades\/programa-mais-medicos-para-o-brasil\/#Ver-mais\" >Ver mais:<\/a><\/li><\/ul><\/nav><\/div>\n<h2 class=\"wp-block-heading\" id=\"h-quais-medicos-poderao-participar\"><span class=\"ez-toc-section\" id=\"Quais-medicos-poderao-participar\"><\/span>Quais m&eacute;dicos poder&atilde;o participar?<span class=\"ez-toc-section-end\"><\/span><\/h2><p>Poder&atilde;o participar <strong>m&eacute;dicos graduados em institui&ccedil;&otilde;es brasileiras<\/strong>, <strong>m&eacute;dicos com diploma revalidado no Brasil <\/strong>e <strong>profissionais brasileiros formados em medicina por institui&ccedil;&otilde;es estrangeiras<\/strong>, mesmo <strong>sem diploma revalidado<\/strong>, por&eacute;m &eacute; necess&aacute;rio possuir conhecimentos na l&iacute;ngua portuguesa.<\/p><p>As chamadas obedecer&atilde;o a <strong>seguinte ordem de prefer&ecirc;ncia<\/strong>, caso o n&uacute;mero de profissionais extrapole o n&uacute;mero de vagas dispon&iacute;veis:<\/p><ol class=\"wp-block-list\"><li>M&eacute;dicos com CRM ativo no pa&iacute;s, caso dos formados em institui&ccedil;&atilde;o brasileira de ensino superior e m&eacute;dicos revalidados; e<\/li><li>M&eacute;dicos formados em institui&ccedil;&atilde;o estrangeira sem diploma revalidado no Brasil.<\/li><\/ol><p>Ainda, vale ressaltar que a contrata&ccedil;&atilde;o dos diplomados no exterior &ndash; sem <a class=\"wl-entity-page-link\" title=\"Exame Nacional de Revalida&ccedil;&atilde;o de Diplomas M&eacute;dicos\" href=\"https:\/\/med.estrategia.com\/portal\/entidade\/revalida\/\" data-id=\"\/entity\/revalida;https:\/\/pt.wikipedia.org\/wiki\/Exame_Nacional_de_Revalida&ccedil;&atilde;o_de_Diplomas_M&eacute;dicos;https:\/\/www.wikidata.org\/wiki\/Q256698;https:\/\/data.wordlift.io\/wl106637\/entity\/revalida-18038\">Revalida<\/a> &ndash; possui per&iacute;odo estipulado, bem como haver&aacute; <strong>supervis&atilde;o<\/strong> de profissional atuante no pa&iacute;s. A participa&ccedil;&atilde;o no projeto n&atilde;o exclui a obriga&ccedil;&atilde;o de prestar a prova de revalida&ccedil;&atilde;o de diplomas caso o profissional formado no exterior deseje atuar em outra esfera no territ&oacute;rio brasileiro assim que encerrar seu v&iacute;nculo com o PMMB.&nbsp;<\/p><h2 class=\"wp-block-heading\" id=\"h-inscricao-e-vagas\"><span class=\"ez-toc-section\" id=\"Inscricao-e-vagas\"><\/span>Inscri&ccedil;&atilde;o&nbsp;e vagas<span class=\"ez-toc-section-end\"><\/span><\/h2><p>A inscri&ccedil;&atilde;o dos profissionais ser&aacute; efetuada por meio do <a href=\"https:\/\/maismedicos.saude.gov.br\/\" target=\"_blank\">site do Sistema de Gerenciamento de Programas (SGP)<\/a>.&nbsp;<\/p><p>Como ainda est&aacute; em <strong>fase de cadastramento de DSEI&rsquo;s<\/strong>, o projeto ainda n&atilde;o determinou o n&uacute;mero de vagas e nem os locais dispon&iacute;veis para atua&ccedil;&atilde;o, por&eacute;m o Conselho Nacional de Secret&aacute;rios de Sa&uacute;de (Conass) tornou p&uacute;blico o teto de vagas que podem ser oferecidos pelos DSEI&rsquo;s e quais s&atilde;o eles. <\/p><figure class=\"wp-block-table is-style-stripes\"><table><thead><tr><th class=\"has-text-align-center\" data-align=\"center\"> ESTADO <\/th><th class=\"has-text-align-center\" data-align=\"center\"> DSEI&rsquo;s <\/th><th class=\"has-text-align-center\" data-align=\"center\"> N&Uacute;MERO M&Aacute;XIMO DE VAGAS <\/th><\/tr><\/thead><tbody><tr><td class=\"has-text-align-center\" data-align=\"center\">RO<\/td><td class=\"has-text-align-center\" data-align=\"center\">DISTRITO SANITARIO ESPECIAL INDIGENA VILHENA<\/td><td class=\"has-text-align-center\" data-align=\"center\">5<\/td><\/tr><tr><td class=\"has-text-align-center\" data-align=\"center\">MT<\/td><td class=\"has-text-align-center\" data-align=\"center\">DISTRITO SANITARIO ESPECIAL INDIGENA KAIAPO DO MATO GROSSO<\/td><td class=\"has-text-align-center\" data-align=\"center\">5<\/td><\/tr><tr><td class=\"has-text-align-center\" data-align=\"center\">MT<\/td><td class=\"has-text-align-center\" data-align=\"center\">DISTRITO SANITARIO ESPECIAL INDIGENA CUIABA<\/td><td class=\"has-text-align-center\" data-align=\"center\">6<\/td><\/tr><tr><td class=\"has-text-align-center\" data-align=\"center\">RO<\/td><td class=\"has-text-align-center\" data-align=\"center\">DISTRITO SANITARIO ESPECIAL INDIGENA PORTO VELHO<\/td><td class=\"has-text-align-center\" data-align=\"center\">9<\/td><\/tr><tr><td class=\"has-text-align-center\" data-align=\"center\">PA<\/td><td class=\"has-text-align-center\" data-align=\"center\">DISTRITO SANITARIO ESPECIAL INDIGENA GUAMA-TO<\/td><td class=\"has-text-align-center\" data-align=\"center\">14<\/td><\/tr><tr><td class=\"has-text-align-center\" data-align=\"center\">PA<\/td><td class=\"has-text-align-center\" data-align=\"center\">DISTRITO SANITARIO ESPECIAL INDIGENA RIO TAPAJOS<\/td><td class=\"has-text-align-center\" data-align=\"center\">11<\/td><\/tr><tr><td class=\"has-text-align-center\" data-align=\"center\">PA<\/td><td class=\"has-text-align-center\" data-align=\"center\">DISTRITO SANITARIO ESPECIAL INDIGENA ALTAMIRA<\/td><td class=\"has-text-align-center\" data-align=\"center\">4<\/td><\/tr><tr><td class=\"has-text-align-center\" data-align=\"center\">AP<\/td><td class=\"has-text-align-center\" data-align=\"center\">DISTRITO SANITARIO ESPECIAL INDIGENA AMAPA E NORTE DO PARA<\/td><td class=\"has-text-align-center\" data-align=\"center\">9<\/td><\/tr><tr><td class=\"has-text-align-center\" data-align=\"center\">AM<\/td><td class=\"has-text-align-center\" data-align=\"center\">DISTRITO SANITARIO ESPECIAL INDIGENA VALE DO JAVARI<\/td><td class=\"has-text-align-center\" data-align=\"center\">6<\/td><\/tr><tr><td class=\"has-text-align-center\" data-align=\"center\">AM<\/td><td class=\"has-text-align-center\" data-align=\"center\">DISTRITO SANITARIO ESPECIAL INDIGENA MEDIO RIO SOLIMOES E AFLUENTES<\/td><td class=\"has-text-align-center\" data-align=\"center\">18<\/td><\/tr><tr><td class=\"has-text-align-center\" data-align=\"center\">PA<\/td><td class=\"has-text-align-center\" data-align=\"center\">DISTRITO SANITARIO ESPECIAL INDIGENA KAIAPO DO PARA<\/td><td class=\"has-text-align-center\" data-align=\"center\">5<\/td><\/tr><tr><td class=\"has-text-align-center\" data-align=\"center\">AM<\/td><td class=\"has-text-align-center\" data-align=\"center\">DISTRITO SANITARIO ESPECIAL INDIGENA MEDIO RIO PURUS<\/td><td class=\"has-text-align-center\" data-align=\"center\">7<\/td><\/tr><tr><td class=\"has-text-align-center\" data-align=\"center\">MT<\/td><td class=\"has-text-align-center\" data-align=\"center\">DISTRITO SANITARIO ESPECIAL INDIGENA ARAGUAIA<\/td><td class=\"has-text-align-center\" data-align=\"center\">5<\/td><\/tr><tr><td class=\"has-text-align-center\" data-align=\"center\">TO<\/td><td class=\"has-text-align-center\" data-align=\"center\">DISTRITO SANITARIO ESPECIAL INDIGENA TOCANTINS<\/td><td class=\"has-text-align-center\" data-align=\"center\">9<\/td><\/tr><tr><td class=\"has-text-align-center\" data-align=\"center\">AC<\/td><td class=\"has-text-align-center\" data-align=\"center\">DISTRITO SANITARIO ESPECIAL INDIGENA ALTO RIO PURUS<\/td><td class=\"has-text-align-center\" data-align=\"center\">10<\/td><\/tr><tr><td class=\"has-text-align-center\" data-align=\"center\">AM<\/td><td class=\"has-text-align-center\" data-align=\"center\">DISTRITO SANITARIO ESPECIAL INDIGENA MANAUS<\/td><td class=\"has-text-align-center\" data-align=\"center\">15<\/td><\/tr><tr><td class=\"has-text-align-center\" data-align=\"center\">MT<\/td><td class=\"has-text-align-center\" data-align=\"center\">DISTRITO SANITARIO ESPECIAL INDIGENA XINGU<\/td><td class=\"has-text-align-center\" data-align=\"center\">5<\/td><\/tr><tr><td class=\"has-text-align-center\" data-align=\"center\">MG<\/td><td class=\"has-text-align-center\" data-align=\"center\">DISTRITO SANITARIO ESPECIAL INDIGENA MINAS GERAIS E ESPIRITO SANTO<\/td><td class=\"has-text-align-center\" data-align=\"center\">7<\/td><\/tr><tr><td class=\"has-text-align-center\" data-align=\"center\">PR<\/td><td class=\"has-text-align-center\" data-align=\"center\">DISTRITO SANITARIO ESPECIAL INDIGENA LITORAL SUL<\/td><td class=\"has-text-align-center\" data-align=\"center\">10<\/td><\/tr><tr><td class=\"has-text-align-center\" data-align=\"center\">BA<\/td><td class=\"has-text-align-center\" data-align=\"center\">DISTRITO SANITARIO ESPECIAL INDIGENA BAHIA<\/td><td class=\"has-text-align-center\" data-align=\"center\">13<\/td><\/tr><tr><td class=\"has-text-align-center\" data-align=\"center\">AM<\/td><td class=\"has-text-align-center\" data-align=\"center\">DISTRITO SANITARIO ESPECIAL INDIGENA ALTO RIO NEGRO<\/td><td class=\"has-text-align-center\" data-align=\"center\">16<\/td><\/tr><tr><td class=\"has-text-align-center\" data-align=\"center\">AC<\/td><td class=\"has-text-align-center\" data-align=\"center\">DISTRITO SANITARIO ESPECIAL INDIGENA ALTO RIO JURUA<\/td><td class=\"has-text-align-center\" data-align=\"center\">11<\/td><\/tr><tr><td class=\"has-text-align-center\" data-align=\"center\">RR<\/td><td class=\"has-text-align-center\" data-align=\"center\">DISTRITO SANITARIO ESPECIAL INDIGENA YANOMAMI<\/td><td class=\"has-text-align-center\" data-align=\"center\">28<\/td><\/tr><tr><td class=\"has-text-align-center\" data-align=\"center\">SC<\/td><td class=\"has-text-align-center\" data-align=\"center\">DISTRITO SANITARIO ESPECIAL INDIGENA INTERIOR SUL<\/td><td class=\"has-text-align-center\" data-align=\"center\">17<\/td><\/tr><tr><td class=\"has-text-align-center\" data-align=\"center\">MT<\/td><td class=\"has-text-align-center\" data-align=\"center\">DISTRITO SANITARIO ESPECIAL INDIGENA XAVANTE<\/td><td class=\"has-text-align-center\" data-align=\"center\">12<\/td><\/tr><tr><td class=\"has-text-align-center\" data-align=\"center\">AM<\/td><td class=\"has-text-align-center\" data-align=\"center\">DISTRITO SANITARIO ESPECIAL INDIGENA PARINTINS<\/td><td class=\"has-text-align-center\" data-align=\"center\">9<\/td><\/tr><tr><td class=\"has-text-align-center\" data-align=\"center\">MS<\/td><td class=\"has-text-align-center\" data-align=\"center\">DISTRITO SANITARIO ESPECIAL INDIGENA MATO GROSSO DO SUL<\/td><td class=\"has-text-align-center\" data-align=\"center\">11<\/td><\/tr><tr><td class=\"has-text-align-center\" data-align=\"center\">AL<\/td><td class=\"has-text-align-center\" data-align=\"center\">DISTRITO SANITARIO ESPECIAL INDIGENA ALAGOAS E SERGIPE<\/td><td class=\"has-text-align-center\" data-align=\"center\">6<\/td><\/tr><tr><td class=\"has-text-align-center\" data-align=\"center\">MA<\/td><td class=\"has-text-align-center\" data-align=\"center\">DISTRITO SANITARIO ESPECIAL INDIGENA MARANHAO<\/td><td class=\"has-text-align-center\" data-align=\"center\">17<\/td><\/tr><tr><td class=\"has-text-align-center\" data-align=\"center\">RR<\/td><td class=\"has-text-align-center\" data-align=\"center\">DISTRITO SANITARIO ESPECIAL INDIGENA LESTE DE RORAIMA<\/td><td class=\"has-text-align-center\" data-align=\"center\">21<\/td><\/tr><tr><td class=\"has-text-align-center\" data-align=\"center\">CE<\/td><td class=\"has-text-align-center\" data-align=\"center\">DISTRITO SANITARIO ESPECIAL INDIGENA CEARA<\/td><td class=\"has-text-align-center\" data-align=\"center\">11<\/td><\/tr><tr><td class=\"has-text-align-center\" data-align=\"center\">AM<\/td><td class=\"has-text-align-center\" data-align=\"center\">DISTRITO SANITARIO ESPECIAL INDIGENA ALTO RIO SOLIMOES<\/td><td class=\"has-text-align-center\" data-align=\"center\">21<\/td><\/tr><tr><td class=\"has-text-align-center\" data-align=\"center\">PB<\/td><td class=\"has-text-align-center\" data-align=\"center\">DISTRITO SANITARIO ESPECIAL INDIGENA POTIGUARA<\/td><td class=\"has-text-align-center\" data-align=\"center\">6<\/td><\/tr><tr><td class=\"has-text-align-center\" data-align=\"center\">PE<\/td><td class=\"has-text-align-center\" data-align=\"center\">DISTRITO SANITARIO ESPECIAL INDIGENA PERNAMBUCO<\/td><td class=\"has-text-align-center\" data-align=\"center\">13<\/td><\/tr><\/tbody><tfoot><tr><td class=\"has-text-align-center\" data-align=\"center\"><\/td><td class=\"has-text-align-center\" data-align=\"center\"><\/td><td class=\"has-text-align-center\" data-align=\"center\"><strong> TOTAL: 372 <\/strong><\/td><\/tr><\/tfoot><\/table><\/figure><p>O <strong>n&uacute;mero de vagas e os DSEI&rsquo;s participantes ainda ser&atilde;o confirmados oficialmente <\/strong>ap&oacute;s o encerramento do per&iacute;odo de cadastramento dos Distritos Ind&iacute;genas, um dos focos do edital rec&eacute;m-publicado do PMMB. <\/p><p>Os locais de atua&ccedil;&atilde;o poder&atilde;o ser escolhidos pelo candidato no prazo indicado pelo <strong>cronograma do processo seletivo<\/strong>, cuja divulga&ccedil;&atilde;o estava prevista para dia 26 de julho, dia do lan&ccedil;amento do edital, mas que ainda n&atilde;o aconteceu. A publica&ccedil;&atilde;o ocorrer&aacute;, futuramente, por meio do <a href=\"http:\/\/maismedicos.gov.br\/cronogramas\" target=\"_blank\">site do projeto<\/a>.&nbsp;<\/p><h2 class=\"wp-block-heading\" id=\"h-como-sera-a-selecao\"><span class=\"ez-toc-section\" id=\"Como-sera-a-selecao\"><\/span>Como ser&aacute; a sele&ccedil;&atilde;o?<span class=\"ez-toc-section-end\"><\/span><\/h2><p>A sele&ccedil;&atilde;o ser&aacute; por <strong>an&aacute;lise curricular <\/strong>e acontecer&aacute; em <strong>duas chamadas<\/strong>: a primeira para candidatos cuja forma&ccedil;&atilde;o em medicina se deu no Brasil e m&eacute;dicos formados no exterior com diploma revalidado<strong> (Perfil I)<\/strong>, e a segunda chamada para m&eacute;dicos brasileiros que se formaram no exterior e ainda n&atilde;o possuem revalida&ccedil;&atilde;o do diploma no Brasil <strong>(Perfil II)<\/strong>. A segunda chamada somente ser&aacute; realizada caso existam vagas ociosas ap&oacute;s a primeira convoca&ccedil;&atilde;o.<\/p><p><strong>Para crit&eacute;rios de pontua&ccedil;&atilde;o na an&aacute;lise curricular, ser&atilde;o adotadas as seguintes normas para os candidatos do Perfil I:<\/strong><\/p><figure class=\"wp-block-image size-full\"><img decoding=\"async\" width=\"847\" height=\"321\" src=\"https:\/\/med.estrategia.com\/portal\/wp-content\/uploads\/2022\/07\/pontuacoes.png\" alt=\"crit&eacute;rios de pontua&ccedil;&atilde;o DSEI's\" class=\"wp-image-22147\" srcset=\"https:\/\/med.estrategia.com\/portal\/wp-content\/uploads\/2022\/07\/pontuacoes.png 847w, https:\/\/med.estrategia.com\/portal\/wp-content\/uploads\/2022\/07\/pontuacoes-768x291.png 768w, https:\/\/med.estrategia.com\/portal\/wp-content\/uploads\/2022\/07\/pontuacoes-800x303.png 800w\" sizes=\"(max-width: 847px) 100vw, 847px\" \/><figcaption>Fonte: Edital oficial de chamamento &ndash; DOU<\/figcaption><\/figure><p>A determina&ccedil;&atilde;o do local de atua&ccedil;&atilde;o se dar&aacute; conforme disponibilidade de vagas e ter&aacute; como prioridade a maior pontua&ccedil;&atilde;o obtida na concorr&ecirc;ncia entre os candidatos dentro de cada op&ccedil;&atilde;o de atua&ccedil;&atilde;o (DSEI) escolhida.<\/p><p>Em caso de <strong>empate na pontua&ccedil;&atilde;o<\/strong>, ser&atilde;o considerados os seguintes crit&eacute;rios de desempate, nesta ordem:<\/p><ol class=\"wp-block-list\"><li>Candidatos que tenham optado por DSEI de atua&ccedil;&atilde;o no mesmo munic&iacute;pio do local do seu domic&iacute;lio de resid&ecirc;ncia, considerado o endere&ccedil;o informado no ato da inscri&ccedil;&atilde;o;<\/li><li>Candidatos que tenham optado por DSEI de atua&ccedil;&atilde;o de mesma UF do munic&iacute;pio de seu nascimento, conforme registrado no documento de identifica&ccedil;&atilde;o;&nbsp;<\/li><li>Candidatos que tenham optado por DSEI de atua&ccedil;&atilde;o de mesma UF da institui&ccedil;&atilde;o de ensino superior onde graduou-se em medicina;&nbsp;<\/li><li>Candidatos com maior tempo de forma&ccedil;&atilde;o em medicina, considerando o dia, o m&ecirc;s e o ano; e<\/li><li>Candidato que possuir maior idade, considerados o dia, m&ecirc;s e ano de nascimento.<\/li><\/ol><p><strong>J&aacute; para os candidatos do Perfil II, os crit&eacute;rios de prioridade na classifica&ccedil;&atilde;o geral se dar&atilde;o da seguinte forma, em ordem:<\/strong><\/p><ol class=\"wp-block-list\"><li>Candidatos que estejam ativos no PMMB, alocados em DSEI&rsquo;s, entre agosto de 2022 a 31 de janeiro de 2023 e que a op&ccedil;&atilde;o de escolha de DSEI seja a mesma no qual ele est&aacute; alocado;&nbsp;<\/li><li>Candidato que j&aacute; participou do Projeto desenvolvendo suas atividades em DSEI&rsquo;s e que resida no munic&iacute;pio onde est&aacute; localizado o DSEI escolhido*;<\/li><li>Candidato que j&aacute; participou previamente do Projeto em uma DSEI e que resida no Estado onde est&aacute; localizado o DSEI escolhido*;<\/li><li>Candidato que j&aacute; participou previamente do Projeto em uma DSEI, mesmo residindo fora do munic&iacute;pio do DSEI escolhido*;&nbsp;<\/li><li>Candidato que j&aacute; participou do projeto*; e<\/li><li>Candidatos com maior tempo de forma&ccedil;&atilde;o em medicina, considerando o dia, o m&ecirc;s e o ano.<\/li><\/ol><p><em>*Para estes candidatos, a sua participa&ccedil;&atilde;o pr&eacute;via no projeto n&atilde;o pode ter sido cancelada por motivos de descumprimento de deveres e obriga&ccedil;&otilde;es.<\/em><\/p><p>Em caso de <strong>empate na pontua&ccedil;&atilde;o<\/strong>, ser&atilde;o considerados os seguintes crit&eacute;rios de desempate, em ordem:<\/p><ol class=\"wp-block-list\"><li>Candidatos que tenham optado por DSEI de atua&ccedil;&atilde;o de mesma UF do local do seu domic&iacute;lio de resid&ecirc;ncia, considerado o endere&ccedil;o informado no ato da inscri&ccedil;&atilde;o;<\/li><li>Candidatos que tenham optado por DSEI de atua&ccedil;&atilde;o de mesma UF do munic&iacute;pio de seu nascimento, conforme registrado no documento de identifica&ccedil;&atilde;o;<\/li><li>Candidatos que tenham optado por DSEI de atua&ccedil;&atilde;o de mesma UF da institui&ccedil;&atilde;o de ensino superior onde graduou-se em medicina; e<\/li><li>Candidato que possuir maior idade, considerados o dia, m&ecirc;s e ano de nascimento.<\/li><\/ol><p>Lembrando que os candidatos deste perfil apenas ser&atilde;o convocados caso existam vagas remanescentes provenientes da 1&ordf; chamada.<\/p><h2 class=\"wp-block-heading\" id=\"h-distritos-sanitarios-especiais-indigenas-dsei-s\"><span class=\"ez-toc-section\" id=\"Distritos-Sanitarios-Especiais-Indigenas-DSEIs\"><\/span>Distritos Sanit&aacute;rios Especiais Ind&iacute;genas (DSEI&rsquo;s)<span class=\"ez-toc-section-end\"><\/span><\/h2><p>O <strong>Distrito Sanit&aacute;rio Especial Ind&iacute;gena (DSEI)<\/strong> &eacute; a unidade gestora descentralizada do <strong>Subsistema de Aten&ccedil;&atilde;o &agrave; Sa&uacute;de Ind&iacute;gena (SasiSUS). <\/strong>Trata-se de um modelo de organiza&ccedil;&atilde;o de servi&ccedil;os, contemplando diversas atividades t&eacute;cnicas com o objetivo de&nbsp;melhorar a <strong>aten&ccedil;&atilde;o &agrave; sa&uacute;de<\/strong>, contando &ndash; muitas vezes &ndash; com a ajuda do Controle Social. A estrutura de atendimento de um DSEI conta com <strong>unidades b&aacute;sicas de sa&uacute;de ind&iacute;genas, p&oacute;los base e as Casas de Sa&uacute;de Ind&iacute;gena (CASAI).<\/strong><\/p><p>De acordo com a Secretaria Especial de Sa&uacute;de Ind&iacute;gena (SESAI) e o Minist&eacute;rio da Sa&uacute;de, atualmente, existem <strong>34 DSEI&rsquo;s <\/strong>espalhadas pelo Brasil. Os distritos s&atilde;o divididos estrategicamente por crit&eacute;rios territoriais, tendo como base a ocupa&ccedil;&atilde;o geogr&aacute;fica das comunidades ind&iacute;genas, que geralmente n&atilde;o seguem os limites dos estados.&nbsp;<\/p><p>Recentemente, a <strong>falta de assist&ecirc;ncia m&eacute;dica<\/strong> foi tema recorrente nas<strong> reclama&ccedil;&otilde;es das aldeias ind&iacute;genas ao Minist&eacute;rio P&uacute;blico<\/strong>. Na Ilha do Bananal, que faz parte do DSEI-Araguaia, duas crian&ccedil;as morreram em um intervalo de 10 dias. A fam&iacute;lia de uma das v&iacute;timas, que possu&iacute;a apenas 1 ano, aguardou mais de duas horas para que a crian&ccedil;a fosse levada para o hospital. Segundo diversas tribos, o atendimento dos profissionais e a assist&ecirc;ncia &agrave; sa&uacute;de das DSEI&rsquo;s anda escassa e prec&aacute;ria.&nbsp;<\/p><h2 class=\"wp-block-heading\" id=\"h-saiba-mais-sobre-o-programa-medicos-pelo-brasil\"><span class=\"ez-toc-section\" id=\"Saiba-mais-sobre-o-Programa-Medicos-pelo-Brasil\"><\/span>Saiba mais sobre o Programa M&eacute;dicos pelo Brasil<span class=\"ez-toc-section-end\"><\/span><\/h2><p>Embora o edital rec&eacute;m-lan&ccedil;ado fa&ccedil;a parte do Programa Mais M&eacute;dicos para o Brasil (PMMB), o projeto &eacute; de responsabilidade do<a href=\"https:\/\/med.estrategia.com\/portal\/residencia-medica\/medicos-pelo-brasil\/\" target=\"_blank\"> Programa M&eacute;dicos pelo Brasil<\/a>, substituto do antigo Mais M&eacute;dicos.&nbsp;<\/p><p>O programa visa atender, por meio do SUS, as r<strong>egi&otilde;es mais vulner&aacute;veis do pa&iacute;s<\/strong>, onde o atendimento &eacute; falho e h&aacute; falta de profissionais. Ainda, o M&eacute;dicos Pelo Brasil d&aacute; a especializa&ccedil;&atilde;o necess&aacute;ria aos m&eacute;dicos aprovados, para que assim consigam realizar, posteriormente, um atendimento de maior qualidade.<\/p><p>Confira abaixo tudo sobre a &uacute;ltima sele&ccedil;&atilde;o do programa com os nossos professores especialistas!<\/p><figure class=\"wp-block-embed is-type-video is-provider-youtube wp-block-embed-youtube wp-embed-aspect-16-9 wp-has-aspect-ratio\"><div class=\"wp-block-embed__wrapper\">\n<div class=\"cs-embed cs-embed-responsive\"><iframe title=\"Edital M&eacute;dicos pelo Brasil: Saiba tudo!\" width=\"1200\" height=\"675\" src=\"https:\/\/www.youtube.com\/embed\/lKQ8xcy6RVo?feature=oembed\" frameborder=\"0\" allow=\"accelerometer; autoplay; clipboard-write; encrypted-media; gyroscope; picture-in-picture; web-share\" allowfullscreen><\/iframe><\/div>\n<\/div><\/figure><h3 class=\"wp-block-heading\" id=\"h-programa-mais-medicos-para-o-brasil-pmmb\">Programa Mais M&eacute;dicos para o Brasil (PMMB)<\/h3><p>O Projeto se desenvolve nas linhas de <strong>provimento emergencial de m&eacute;dicos <\/strong>para atua&ccedil;&atilde;o em Unidades de Aten&ccedil;&atilde;o B&aacute;sica &agrave; Sa&uacute;de. Al&eacute;m disso, ele visa prover uma qualifica&ccedil;&atilde;o adicional dos profissionais participantes para atividades voltadas ao ensino-servi&ccedil;o, como processos de aperfei&ccedil;oamento profissional.<\/p><p>Para n&atilde;o perder nenhuma atualiza&ccedil;&atilde;o no universo da medicina e ficar por dentro dos seletivos de <a class=\"wl-entity-page-link\" title=\"residentes\" href=\"https:\/\/med.estrategia.com\/portal\/entidade\/residencia-medica\/\" data-id=\"\/entity\/residencia-medica;http:\/\/dbpedia.org\/resource\/Residency_(medicine);http:\/\/en.dbpedia.org\/resource\/Residency_(medicine);http:\/\/nl.dbpedia.org\/resource\/Arts-assistent;http:\/\/de.dbpedia.org\/resource\/&Auml;rztliche_Weiterbildung;http:\/\/fr.dbpedia.org\/resource\/R&eacute;sidence_(m&eacute;decine);http:\/\/lt.dbpedia.org\/resource\/Rezident&#363;ra_(studijos);http:\/\/pt.dbpedia.org\/resource\/Resid&ecirc;ncia_m&eacute;dica;http:\/\/ru.dbpedia.org\/resource\/&#1050;&#1083;&#1080;&#1085;&#1080;&#1095;&#1077;&#1089;&#1082;&#1072;&#1103;_&#1086;&#1088;&#1076;&#1080;&#1085;&#1072;&#1090;&#1091;&#1088;&#1072;;http:\/\/uk.dbpedia.org\/resource\/&#1054;&#1088;&#1076;&#1080;&#1085;&#1072;&#1090;&#1091;&#1088;&#1072;_&#1082;&#1083;&#1110;&#1085;&#1110;&#1095;&#1085;&#1072;;https:\/\/data.wordlift.io\/wl106637\/entity\/residencia-medica\">Resid&ecirc;ncia M&eacute;dica<\/a>, de revalida&ccedil;&atilde;o de diplomas e conte&uacute;dos t&eacute;cnicos, continue acessando o Portal do Estrat&eacute;gia MED!&nbsp;<\/p><p>Se voc&ecirc; quer ficar por dentro de mais conte&uacute;dos relevantes sobre a &aacute;rea m&eacute;dica, continue acompanhando o material preparado pelo <a href=\"https:\/\/med.estrategia.com\/portal\/\" target=\"_blank\">Portal de Not&iacute;cias do Estrat&eacute;gia MED<\/a>. Aqui, voc&ecirc; encontrar&aacute; informa&ccedil;&otilde;es atualizadas sobre resid&ecirc;ncias, carreira m&eacute;dica e muito mais.<\/p><p><strong><a id=\"cta\" class=\"cta-imagem\" href=\"https:\/\/med.estrategia.com\/cursos\/revalida-exclusive\/\" target=\"blank\">\n                <img decoding=\"async\" width=\"100%\" src=\"https:\/\/med.estrategia.com\/portal\/wp-content\/uploads\/2025\/08\/revalida_exclusive.jpg\" alt=\"revalida_exclusive\" title=\"revalida_exclusive\">\n        <\/a><\/strong><\/p><h2 class=\"wp-block-heading\"><span class=\"ez-toc-section\" id=\"Ver-mais\"><\/span>Ver mais:<span class=\"ez-toc-section-end\"><\/span><\/h2><ul class=\"wp-block-latest-posts__list wp-block-latest-posts\"><li><a class=\"wp-block-latest-posts__post-title\" href=\"https:\/\/med.estrategia.com\/portal\/conteudos-gratis\/doencas\/resumo-sobre-pneumonia-em-organizacao-criptogenica-definicao-manifestacoes-clinicas-e-mais\/\">Resumo sobre Pneumonia em organiza&ccedil;&atilde;o criptog&ecirc;nica: defini&ccedil;&atilde;o, manifesta&ccedil;&otilde;es cl&iacute;nicas e mais!<\/a><\/li>\n<li><a class=\"wp-block-latest-posts__post-title\" href=\"https:\/\/med.estrategia.com\/portal\/concursos\/prefeitura-de-minacu-go-abre-concurso-medico-com-etapa-unica-e-salario-de-r-217-mil\/\">Prefeitura de Mina&ccedil;u\/GO abre concurso m&eacute;dico com etapa &uacute;nica e sal&aacute;rio de R$ 21,7 mil<\/a><\/li>\n<li><a class=\"wp-block-latest-posts__post-title\" href=\"https:\/\/med.estrategia.com\/portal\/conteudos-gratis\/doencas\/resumo-sobre-lesao-pulmonar-associada-a-transfusao-definicao-fisiopatologia-e-mais\/\">Resumo sobre Les&atilde;o pulmonar associada &agrave; transfus&atilde;o: defini&ccedil;&atilde;o, fisiopatologia e mais!<\/a><\/li>\n<li><a class=\"wp-block-latest-posts__post-title\" href=\"https:\/\/med.estrategia.com\/portal\/conteudos-gratis\/doencas\/resumo-sobre-urticaria-ao-frio-definicao-manifestacoes-clinicas-e-mais\/\">Resumo sobre Urtic&aacute;ria ao frio: defini&ccedil;&atilde;o, manifesta&ccedil;&otilde;es cl&iacute;nicas e mais!<\/a><\/li>\n<li><a class=\"wp-block-latest-posts__post-title\" href=\"https:\/\/med.estrategia.com\/portal\/conteudos-gratis\/doencas\/resumo-sobre-angina-de-prinzmetal-definicao-manifestacoes-clinicas-e-mais\/\">Resumo sobre Angina de Prinzmetal: defini&ccedil;&atilde;o, manifesta&ccedil;&otilde;es cl&iacute;nicas e mais!<\/a><\/li>\n<\/ul><\/p>\n","protected":false},"excerpt":{"rendered":"Edital convoca m&eacute;dicos formados no Brasil e no exterior para atua&ccedil;&atilde;o por 1 ano em DSEI&rsquo;s&nbsp; Foi publicado&hellip;\n","protected":false},"author":22,"featured_media":22146,"comment_status":"closed","ping_status":"closed","sticky":false,"template":"","format":"standard","meta":{"wl_entities_gutenberg":"","footnotes":""},"categories":[32],"tags":[],"wl_entity_type":[199],"class_list":{"0":"post-22145","1":"post","2":"type-post","3":"status-publish","4":"format-standard","5":"has-post-thumbnail","7":"category-atualidades","8":"wl_entity_type-article"},"acf":[],"yoast_head":"<!-- This site is optimized with the Yoast SEO Premium plugin v26.6 (Yoast SEO v26.6) - https:\/\/yoast.com\/wordpress\/plugins\/seo\/ -->\n<title>Programa Mais M\u00e9dicos para o Brasil convoca DSEI\u2019s<\/title>\n<meta name=\"description\" content=\"Saiba tudo sobre o \u00faltimo edital publicado para o Programa Mais M\u00e9dicos para o Brasil, que visa, tamb\u00e9m, cadastramentos de DSEI&#039;s.\" \/>\n<meta name=\"robots\" content=\"index, follow, max-snippet:-1, max-image-preview:large, max-video-preview:-1\" \/>\n<link rel=\"canonical\" href=\"https:\/\/med.estrategia.com\/portal\/atualidades\/programa-mais-medicos-para-o-brasil\/\" \/>\n<meta property=\"og:locale\" content=\"pt_BR\" \/>\n<meta property=\"og:type\" content=\"article\" \/>\n<meta property=\"og:title\" content=\"Programa Mais M\u00e9dicos para o Brasil convoca DSEI\u2019s e profissionais com interesse em Sa\u00fade Ind\u00edgena\" \/>\n<meta property=\"og:description\" content=\"Saiba tudo sobre o \u00faltimo edital publicado para o Programa Mais M\u00e9dicos para o Brasil, que visa, tamb\u00e9m, cadastramentos de DSEI&#039;s.\" \/>\n<meta property=\"og:url\" content=\"https:\/\/med.estrategia.com\/portal\/atualidades\/programa-mais-medicos-para-o-brasil\/\" \/>\n<meta property=\"og:site_name\" content=\"Estrat\u00e9gia MED\" \/>\n<meta property=\"article:publisher\" content=\"https:\/\/www.facebook.com\/estrategiamed1\" \/>\n<meta property=\"article:published_time\" content=\"2022-07-28T20:52:11+00:00\" \/>\n<meta property=\"article:modified_time\" content=\"2022-10-07T17:51:55+00:00\" \/>\n<meta property=\"og:image\" content=\"https:\/\/cdn.medblog.estrategiaeducacional.com.br\/wp-content\/uploads\/2022\/07\/cober_saudeindigena-1.jpg\" \/>\n\t<meta property=\"og:image:width\" content=\"1920\" \/>\n\t<meta property=\"og:image:height\" content=\"1080\" \/>\n\t<meta property=\"og:image:type\" content=\"image\/jpeg\" \/>\n<meta name=\"author\" content=\"Erika Coelho\" \/>\n<meta name=\"twitter:card\" content=\"summary_large_image\" \/>\n<meta name=\"twitter:creator\" content=\"@estrategiamed_\" \/>\n<meta name=\"twitter:site\" content=\"@estrategiamed_\" \/>\n<meta name=\"twitter:label1\" content=\"Escrito por\" \/>\n\t<meta name=\"twitter:data1\" content=\"Erika Coelho\" \/>\n\t<meta name=\"twitter:label2\" content=\"Est. tempo de leitura\" \/>\n\t<meta name=\"twitter:data2\" content=\"9 minutos\" \/>\n<script type=\"application\/ld+json\" class=\"yoast-schema-graph\">{\"@context\":\"https:\/\/schema.org\",\"@graph\":[{\"@type\":\"WebPage\",\"@id\":\"https:\/\/med.estrategia.com\/portal\/atualidades\/programa-mais-medicos-para-o-brasil\/\",\"url\":\"https:\/\/med.estrategia.com\/portal\/atualidades\/programa-mais-medicos-para-o-brasil\/\",\"name\":\"Programa Mais M\u00e9dicos para o Brasil convoca DSEI\u2019s\",\"isPartOf\":{\"@id\":\"https:\/\/med.estrategia.com\/portal\/#website\"},\"primaryImageOfPage\":{\"@id\":\"https:\/\/med.estrategia.com\/portal\/atualidades\/programa-mais-medicos-para-o-brasil\/#primaryimage\"},\"image\":{\"@id\":\"https:\/\/med.estrategia.com\/portal\/atualidades\/programa-mais-medicos-para-o-brasil\/#primaryimage\"},\"thumbnailUrl\":\"https:\/\/med.estrategia.com\/portal\/wp-content\/uploads\/2022\/07\/cober_saudeindigena-1.jpg\",\"datePublished\":\"2022-07-28T20:52:11+00:00\",\"dateModified\":\"2022-10-07T17:51:55+00:00\",\"author\":{\"@id\":\"https:\/\/med.estrategia.com\/portal\/#\/schema\/person\/8e7c9b2f53f2eede3b8880ad86ff20a3\"},\"description\":\"Saiba tudo sobre o \u00faltimo edital publicado para o Programa Mais M\u00e9dicos para o Brasil, que visa, tamb\u00e9m, cadastramentos de DSEI's.\",\"breadcrumb\":{\"@id\":\"https:\/\/med.estrategia.com\/portal\/atualidades\/programa-mais-medicos-para-o-brasil\/#breadcrumb\"},\"inLanguage\":\"pt-BR\",\"potentialAction\":[{\"@type\":\"ReadAction\",\"target\":[\"https:\/\/med.estrategia.com\/portal\/atualidades\/programa-mais-medicos-para-o-brasil\/\"]}]},{\"@type\":\"ImageObject\",\"inLanguage\":\"pt-BR\",\"@id\":\"https:\/\/med.estrategia.com\/portal\/atualidades\/programa-mais-medicos-para-o-brasil\/#primaryimage\",\"url\":\"https:\/\/med.estrategia.com\/portal\/wp-content\/uploads\/2022\/07\/cober_saudeindigena-1.jpg\",\"contentUrl\":\"https:\/\/med.estrategia.com\/portal\/wp-content\/uploads\/2022\/07\/cober_saudeindigena-1.jpg\",\"width\":1920,\"height\":1080,\"caption\":\"Cr\u00e9ditos: Estrat\u00e9gia MED\/Conselho Nacional de Secretarias Municipais de Sa\u00fade e SESAI\"},{\"@type\":\"BreadcrumbList\",\"@id\":\"https:\/\/med.estrategia.com\/portal\/atualidades\/programa-mais-medicos-para-o-brasil\/#breadcrumb\",\"itemListElement\":[{\"@type\":\"ListItem\",\"position\":1,\"name\":\"Home\",\"item\":\"https:\/\/med.estrategia.com\/portal\/\"},{\"@type\":\"ListItem\",\"position\":2,\"name\":\"Atualidades\",\"item\":\"https:\/\/med.estrategia.com\/portal\/atualidades\/\"},{\"@type\":\"ListItem\",\"position\":3,\"name\":\"Programa Mais M\u00e9dicos para o Brasil convoca DSEI\u2019s e profissionais com interesse em Sa\u00fade Ind\u00edgena\"}]},{\"@type\":\"WebSite\",\"@id\":\"https:\/\/med.estrategia.com\/portal\/#website\",\"url\":\"https:\/\/med.estrategia.com\/portal\/\",\"name\":\"Estrat\u00e9gia MED\",\"description\":\"\",\"potentialAction\":[{\"@type\":\"SearchAction\",\"target\":{\"@type\":\"EntryPoint\",\"urlTemplate\":\"https:\/\/med.estrategia.com\/portal\/?s={search_term_string}\"},\"query-input\":{\"@type\":\"PropertyValueSpecification\",\"valueRequired\":true,\"valueName\":\"search_term_string\"}}],\"inLanguage\":\"pt-BR\"},{\"@type\":\"Person\",\"@id\":\"https:\/\/med.estrategia.com\/portal\/#\/schema\/person\/8e7c9b2f53f2eede3b8880ad86ff20a3\",\"name\":\"Erika Coelho\",\"image\":{\"@type\":\"ImageObject\",\"inLanguage\":\"pt-BR\",\"@id\":\"https:\/\/med.estrategia.com\/portal\/#\/schema\/person\/image\/\",\"url\":\"https:\/\/secure.gravatar.com\/avatar\/8ef9ff2e2fa53829c640cca8d1a45178?s=96&d=mm&r=g\",\"contentUrl\":\"https:\/\/secure.gravatar.com\/avatar\/8ef9ff2e2fa53829c640cca8d1a45178?s=96&d=mm&r=g\",\"caption\":\"Erika Coelho\"},\"description\":\"Jornalista pela Universidade Presbiteriana Mackenzie, escrevo sobre educa\u00e7\u00e3o, sa\u00fade e pol\u00edticas p\u00fablicas\",\"url\":\"https:\/\/med.estrategia.com\/portal\/author\/erika\/\"}]}<\/script>\n<!-- \/ Yoast SEO Premium plugin. -->","yoast_head_json":{"title":"Programa Mais M\u00e9dicos para o Brasil convoca DSEI\u2019s","description":"Saiba tudo sobre o \u00faltimo edital publicado para o Programa Mais M\u00e9dicos para o Brasil, que visa, tamb\u00e9m, cadastramentos de DSEI's.","robots":{"index":"index","follow":"follow","max-snippet":"max-snippet:-1","max-image-preview":"max-image-preview:large","max-video-preview":"max-video-preview:-1"},"canonical":"https:\/\/med.estrategia.com\/portal\/atualidades\/programa-mais-medicos-para-o-brasil\/","og_locale":"pt_BR","og_type":"article","og_title":"Programa Mais M\u00e9dicos para o Brasil convoca DSEI\u2019s e profissionais com interesse em Sa\u00fade Ind\u00edgena","og_description":"Saiba tudo sobre o \u00faltimo edital publicado para o Programa Mais M\u00e9dicos para o Brasil, que visa, tamb\u00e9m, cadastramentos de DSEI's.","og_url":"https:\/\/med.estrategia.com\/portal\/atualidades\/programa-mais-medicos-para-o-brasil\/","og_site_name":"Estrat\u00e9gia MED","article_publisher":"https:\/\/www.facebook.com\/estrategiamed1","article_published_time":"2022-07-28T20:52:11+00:00","article_modified_time":"2022-10-07T17:51:55+00:00","og_image":[{"width":1920,"height":1080,"url":"https:\/\/cdn.medblog.estrategiaeducacional.com.br\/wp-content\/uploads\/2022\/07\/cober_saudeindigena-1.jpg","type":"image\/jpeg"}],"author":"Erika Coelho","twitter_card":"summary_large_image","twitter_creator":"@estrategiamed_","twitter_site":"@estrategiamed_","twitter_misc":{"Escrito por":"Erika Coelho","Est. tempo de leitura":"9 minutos"},"schema":{"@context":"https:\/\/schema.org","@graph":[{"@type":"WebPage","@id":"https:\/\/med.estrategia.com\/portal\/atualidades\/programa-mais-medicos-para-o-brasil\/","url":"https:\/\/med.estrategia.com\/portal\/atualidades\/programa-mais-medicos-para-o-brasil\/","name":"Programa Mais M\u00e9dicos para o Brasil convoca DSEI\u2019s","isPartOf":{"@id":"https:\/\/med.estrategia.com\/portal\/#website"},"primaryImageOfPage":{"@id":"https:\/\/med.estrategia.com\/portal\/atualidades\/programa-mais-medicos-para-o-brasil\/#primaryimage"},"image":{"@id":"https:\/\/med.estrategia.com\/portal\/atualidades\/programa-mais-medicos-para-o-brasil\/#primaryimage"},"thumbnailUrl":"https:\/\/med.estrategia.com\/portal\/wp-content\/uploads\/2022\/07\/cober_saudeindigena-1.jpg","datePublished":"2022-07-28T20:52:11+00:00","dateModified":"2022-10-07T17:51:55+00:00","author":{"@id":"https:\/\/med.estrategia.com\/portal\/#\/schema\/person\/8e7c9b2f53f2eede3b8880ad86ff20a3"},"description":"Saiba tudo sobre o \u00faltimo edital publicado para o Programa Mais M\u00e9dicos para o Brasil, que visa, tamb\u00e9m, cadastramentos de DSEI's.","breadcrumb":{"@id":"https:\/\/med.estrategia.com\/portal\/atualidades\/programa-mais-medicos-para-o-brasil\/#breadcrumb"},"inLanguage":"pt-BR","potentialAction":[{"@type":"ReadAction","target":["https:\/\/med.estrategia.com\/portal\/atualidades\/programa-mais-medicos-para-o-brasil\/"]}]},{"@type":"ImageObject","inLanguage":"pt-BR","@id":"https:\/\/med.estrategia.com\/portal\/atualidades\/programa-mais-medicos-para-o-brasil\/#primaryimage","url":"https:\/\/med.estrategia.com\/portal\/wp-content\/uploads\/2022\/07\/cober_saudeindigena-1.jpg","contentUrl":"https:\/\/med.estrategia.com\/portal\/wp-content\/uploads\/2022\/07\/cober_saudeindigena-1.jpg","width":1920,"height":1080,"caption":"Cr\u00e9ditos: Estrat\u00e9gia MED\/Conselho Nacional de Secretarias Municipais de Sa\u00fade e SESAI"},{"@type":"BreadcrumbList","@id":"https:\/\/med.estrategia.com\/portal\/atualidades\/programa-mais-medicos-para-o-brasil\/#breadcrumb","itemListElement":[{"@type":"ListItem","position":1,"name":"Home","item":"https:\/\/med.estrategia.com\/portal\/"},{"@type":"ListItem","position":2,"name":"Atualidades","item":"https:\/\/med.estrategia.com\/portal\/atualidades\/"},{"@type":"ListItem","position":3,"name":"Programa Mais M\u00e9dicos para o Brasil convoca DSEI\u2019s e profissionais com interesse em Sa\u00fade Ind\u00edgena"}]},{"@type":"WebSite","@id":"https:\/\/med.estrategia.com\/portal\/#website","url":"https:\/\/med.estrategia.com\/portal\/","name":"Estrat\u00e9gia MED","description":"","potentialAction":[{"@type":"SearchAction","target":{"@type":"EntryPoint","urlTemplate":"https:\/\/med.estrategia.com\/portal\/?s={search_term_string}"},"query-input":{"@type":"PropertyValueSpecification","valueRequired":true,"valueName":"search_term_string"}}],"inLanguage":"pt-BR"},{"@type":"Person","@id":"https:\/\/med.estrategia.com\/portal\/#\/schema\/person\/8e7c9b2f53f2eede3b8880ad86ff20a3","name":"Erika Coelho","image":{"@type":"ImageObject","inLanguage":"pt-BR","@id":"https:\/\/med.estrategia.com\/portal\/#\/schema\/person\/image\/","url":"https:\/\/secure.gravatar.com\/avatar\/8ef9ff2e2fa53829c640cca8d1a45178?s=96&d=mm&r=g","contentUrl":"https:\/\/secure.gravatar.com\/avatar\/8ef9ff2e2fa53829c640cca8d1a45178?s=96&d=mm&r=g","caption":"Erika Coelho"},"description":"Jornalista pela Universidade Presbiteriana Mackenzie, escrevo sobre educa\u00e7\u00e3o, sa\u00fade e pol\u00edticas p\u00fablicas","url":"https:\/\/med.estrategia.com\/portal\/author\/erika\/"}]}},"_wl_alt_label":[],"wl:entity_url":"\/post\/programa-mais-medicos-para-o-brasil","_links":{"self":[{"href":"https:\/\/med.estrategia.com\/portal\/wp-json\/wp\/v2\/posts\/22145","targetHints":{"allow":["GET"]}}],"collection":[{"href":"https:\/\/med.estrategia.com\/portal\/wp-json\/wp\/v2\/posts"}],"about":[{"href":"https:\/\/med.estrategia.com\/portal\/wp-json\/wp\/v2\/types\/post"}],"author":[{"embeddable":true,"href":"https:\/\/med.estrategia.com\/portal\/wp-json\/wp\/v2\/users\/22"}],"replies":[{"embeddable":true,"href":"https:\/\/med.estrategia.com\/portal\/wp-json\/wp\/v2\/comments?post=22145"}],"version-history":[{"count":11,"href":"https:\/\/med.estrategia.com\/portal\/wp-json\/wp\/v2\/posts\/22145\/revisions"}],"predecessor-version":[{"id":34608,"href":"https:\/\/med.estrategia.com\/portal\/wp-json\/wp\/v2\/posts\/22145\/revisions\/34608"}],"wp:featuredmedia":[{"embeddable":true,"href":"https:\/\/med.estrategia.com\/portal\/wp-json\/wp\/v2\/media\/22146"}],"wp:attachment":[{"href":"https:\/\/med.estrategia.com\/portal\/wp-json\/wp\/v2\/media?parent=22145"}],"wp:term":[{"taxonomy":"category","embeddable":true,"href":"https:\/\/med.estrategia.com\/portal\/wp-json\/wp\/v2\/categories?post=22145"},{"taxonomy":"post_tag","embeddable":true,"href":"https:\/\/med.estrategia.com\/portal\/wp-json\/wp\/v2\/tags?post=22145"},{"taxonomy":"wl_entity_type","embeddable":true,"href":"https:\/\/med.estrategia.com\/portal\/wp-json\/wp\/v2\/wl_entity_type?post=22145"}],"curies":[{"name":"wp","href":"https:\/\/api.w.org\/{rel}","templated":true}]}}