{"id":25473,"date":"2022-09-12T08:42:16","date_gmt":"2022-09-12T11:42:16","guid":{"rendered":"https:\/\/med.estrategia.com\/portal\/?p=25473"},"modified":"2023-02-02T16:07:41","modified_gmt":"2023-02-02T19:07:41","slug":"edital-de-residencia-medica-ses-go-2023-e-divulgado","status":"publish","type":"post","link":"https:\/\/med.estrategia.com\/portal\/noticias\/edital-de-residencia-medica-ses-go-2023-e-divulgado\/","title":{"rendered":"Edital de resid\u00eancia m\u00e9dica SES-GO 2023 \u00e9 divulgado"},"content":{"rendered":"<p>Foi divulgado na &uacute;ltima sexta-feira (9) o edital da edi&ccedil;&atilde;o 2023 do processo seletivo para Resid&ecirc;ncia M&eacute;dica da&nbsp;Secretaria de Estado da Sa&uacute;de de Goi&aacute;s (SES-GO), sob responsabilidade do Instituto Verbena da Universidade Federal de Goi&aacute;s (UFG). O processo oferece vagas para atua&ccedil;&atilde;o em oito institui&ccedil;&otilde;es do estado. Confira os principais detalhes abaixo.&nbsp;<div id=\"ez-toc-container\" class=\"ez-toc-v2_0_79_2 counter-hierarchy ez-toc-counter ez-toc-transparent ez-toc-container-direction\">\n<div class=\"ez-toc-title-container\"><p class=\"ez-toc-title\" style=\"cursor:inherit\">Navegue pelo conte\u00fado<\/p>\n<\/div><nav><ul class='ez-toc-list ez-toc-list-level-1 ' ><li class='ez-toc-page-1 ez-toc-heading-level-2'><a class=\"ez-toc-link ez-toc-heading-1\" href=\"https:\/\/med.estrategia.com\/portal\/noticias\/edital-de-residencia-medica-ses-go-2023-e-divulgado\/#Resumo-Edital-SES-GO-2023\" >Resumo Edital SES-GO 2023<\/a><\/li><li class='ez-toc-page-1 ez-toc-heading-level-2'><a class=\"ez-toc-link ez-toc-heading-2\" href=\"https:\/\/med.estrategia.com\/portal\/noticias\/edital-de-residencia-medica-ses-go-2023-e-divulgado\/#Edital-SES-GO-2023\" >Edital SES-GO 2023<\/a><\/li><li class='ez-toc-page-1 ez-toc-heading-level-2'><a class=\"ez-toc-link ez-toc-heading-3\" href=\"https:\/\/med.estrategia.com\/portal\/noticias\/edital-de-residencia-medica-ses-go-2023-e-divulgado\/#A-SES-GO\" >A SES-GO<\/a><\/li><\/ul><\/nav><\/div>\n<h2 class=\"wp-block-heading\" id=\"h-resumo-edital-ses-go-2023\"><span class=\"ez-toc-section\" id=\"Resumo-Edital-SES-GO-2023\"><\/span>Resumo Edital SES-GO 2023<span class=\"ez-toc-section-end\"><\/span><\/h2><figure class=\"wp-block-table is-style-stripes\"><table class=\"has-fixed-layout\"><tbody><tr><td class=\"has-text-align-left\" data-align=\"left\"><strong>Vagas ofertadas<\/strong><\/td><td class=\"has-text-align-center\" data-align=\"center\">108 (AD) + 41 (PR)<\/td><\/tr><tr><td class=\"has-text-align-left\" data-align=\"left\"><strong>Unidades de Sa&uacute;de participantes<\/strong><\/td><td class=\"has-text-align-center\" data-align=\"center\">8<\/td><\/tr><tr><td class=\"has-text-align-left\" data-align=\"left\"><strong>Inscri&ccedil;&otilde;es<\/strong><\/td><td class=\"has-text-align-center\" data-align=\"center\">23\/09 a 11\/10\/2022<\/td><\/tr><tr><td class=\"has-text-align-left\" data-align=\"left\"><strong>Taxa de inscri&ccedil;&atilde;o<\/strong><\/td><td class=\"has-text-align-center\" data-align=\"center\">R$500,00<\/td><\/tr><tr><td class=\"has-text-align-left\" data-align=\"left\"><strong>Solicita&ccedil;&atilde;o de isen&ccedil;&atilde;o<\/strong><\/td><td class=\"has-text-align-center\" data-align=\"center\">23\/09 e 26\/09\/2022<\/td><\/tr><tr><td class=\"has-text-align-left\" data-align=\"left\"><strong>Composi&ccedil;&atilde;o do processo seletivo<\/strong><\/td><td class=\"has-text-align-center\" data-align=\"center\">1&ordf; Fase: Prova Objetiva (Peso 9) + 2&ordf; Fase: An&aacute;lise Curricular (Peso 1)<\/td><\/tr><tr><td class=\"has-text-align-left\" data-align=\"left\"><strong>Local de prova<\/strong><\/td><td class=\"has-text-align-center\" data-align=\"center\">Goi&acirc;nia\/GO<\/td><\/tr><tr><td class=\"has-text-align-left\" data-align=\"left\"><strong>Data da Prova<\/strong> <strong>Objetiva<\/strong><\/td><td class=\"has-text-align-center\" data-align=\"center\">05\/11\/2022<\/td><\/tr><tr><td class=\"has-text-align-left\" data-align=\"left\"><strong>Gabarito preliminar<\/strong><\/td><td class=\"has-text-align-center\" data-align=\"center\">07\/11\/2022<\/td><\/tr><tr><td class=\"has-text-align-left\" data-align=\"left\"><strong>Gabarito Definitivo<\/strong><\/td><td class=\"has-text-align-center\" data-align=\"center\">22\/11\/2022<\/td><\/tr><tr><td class=\"has-text-align-left\" data-align=\"left\"><strong>Resultado Preliminar<\/strong> <strong>da Prova<\/strong><\/td><td class=\"has-text-align-center\" data-align=\"center\">23\/11\/2022<\/td><\/tr><tr><td class=\"has-text-align-left\" data-align=\"left\"><strong>Resultado Final da Prova<\/strong> <strong>+ Convoca&ccedil;&atilde;o dos candidatos aptos a An&aacute;lise Curricular<\/strong><\/td><td class=\"has-text-align-center\" data-align=\"center\">02\/12\/2022<\/td><\/tr><tr><td class=\"has-text-align-left\" data-align=\"left\"><strong>Envio do curr&iacute;culo<\/strong><\/td><td class=\"has-text-align-center\" data-align=\"center\">07 a 12\/12\/2022<\/td><\/tr><tr><td class=\"has-text-align-left\" data-align=\"left\"><strong>Resultado Preliminar da An&aacute;lise Curricular<\/strong><\/td><td class=\"has-text-align-center\" data-align=\"center\">04\/01\/2023<\/td><\/tr><tr><td class=\"has-text-align-left\" data-align=\"left\"><strong>Resultado Final da An&aacute;lise Curricular<\/strong><\/td><td class=\"has-text-align-center\" data-align=\"center\">11\/01\/2023<\/td><\/tr><tr><td class=\"has-text-align-left\" data-align=\"left\"><strong>Convoca&ccedil;&atilde;o para a Per&iacute;cia M&eacute;dica e Procedimento de heteroidentifica&ccedil;&atilde;o<\/strong><\/td><td class=\"has-text-align-center\" data-align=\"center\">12\/01\/2023<\/td><\/tr><tr><td class=\"has-text-align-left\" data-align=\"left\"><strong>Realiza&ccedil;&atilde;o da Per&iacute;cia M&eacute;dica e Procedimento de heteroidentifica&ccedil;&atilde;o<\/strong><\/td><td class=\"has-text-align-center\" data-align=\"center\">16 e 17\/01\/2023<\/td><\/tr><tr><td class=\"has-text-align-left\" data-align=\"left\"><strong>Resultado Preliminar da Per&iacute;cia e do Procedimento<\/strong><\/td><td class=\"has-text-align-center\" data-align=\"center\">19\/01\/2023<\/td><\/tr><tr><td class=\"has-text-align-left\" data-align=\"left\"><strong>Resultado Final da Per&iacute;cia e do Procedimento<\/strong><\/td><td class=\"has-text-align-center\" data-align=\"center\">26\/01\/2023<\/td><\/tr><tr><td class=\"has-text-align-left\" data-align=\"left\"><strong>Resultado Preliminar do Processo Seletivo<\/strong><\/td><td class=\"has-text-align-center\" data-align=\"center\">27\/01\/2023<\/td><\/tr><tr><td class=\"has-text-align-left\" data-align=\"left\"><strong>Resultado Final do Processo Seletivo<\/strong><\/td><td class=\"has-text-align-center\" data-align=\"center\">03\/02\/2023<\/td><\/tr><tr><td class=\"has-text-align-left\" data-align=\"left\"><strong>Chamada P&uacute;blica Remota para escolha da Unidade de Sa&uacute;de<\/strong><\/td><td class=\"has-text-align-center\" data-align=\"center\">07 a 10\/02\/2023<\/td><\/tr><tr><td class=\"has-text-align-left\" data-align=\"left\"><strong>Primeira Chamada<\/strong><\/td><td class=\"has-text-align-center\" data-align=\"center\">14\/02\/2023<\/td><\/tr><tr><td class=\"has-text-align-left\" data-align=\"left\"><strong>In&iacute;cio dos programas<\/strong><\/td><td class=\"has-text-align-center\" data-align=\"center\">Mar&ccedil;o de 2023<\/td><\/tr><\/tbody><\/table><\/figure><p>Quer saber em detalhes tudo sobre o processo seletivo para resid&ecirc;ncia m&eacute;dica da SES-GO?&nbsp;<a href=\"https:\/\/med.estrategia.com\/portal\/residencia-medica\/ses-go-residencia-medica\" target=\"_blank\">Clique aqui e confira o texto exclusivo<\/a>&nbsp;que preparamos para auxiliar voc&ecirc; a entender como funciona a inscri&ccedil;&atilde;o, prova, vagas ofertadas e mais da SES-GO 2023 para Resid&ecirc;ncia M&eacute;dica, bem como a lista de institui&ccedil;&otilde;es aderentes!&nbsp;<\/p><p>Quer ser o primeiro a receber informa&ccedil;&otilde;es sobre os editais 2023? Ent&atilde;o&nbsp;<a href=\"https:\/\/news.google.com\/search?q=estrat%C3%A9gia%20med&amp;hl=pt-BR&amp;gl=BR&amp;ceid=BR%3Apt-419\" target=\"_blank\">siga o Portal do Estrat&eacute;gia MED no Google News,<\/a>&nbsp;clicando na&nbsp;<strong>estrela do lado direito<\/strong>. Al&eacute;m disso, n&atilde;o deixe de assinar a nossa Newsletter para receber essas atualiza&ccedil;&otilde;es diretamente no seu e-mail:<\/p><p>\n\n\n<div id=\"new-form\">\n\t<form id=\"forms_layout\">\n\t<input type=\"hidden\" id=\"chave_de\" name=\"chave_de\" value=\"01_EMED_LEADS_TOTAIS\" \/>\n\t\t<input type=\"hidden\" id=\"mid\" name=\"mid\" value=\"515009018\" \/>\n\t\t<input type=\"hidden\" id=\"Objetivo\" name=\"Objetivo\" value=\"Medicina\" \/>\n\t\t<input type=\"hidden\" id=\"Estado_de_Origem_do_IP\" name=\"Estado_de_Origem_do_IP\"  value=\"\" \/>\n\t\t<input type=\"hidden\" id=\"Cidade_de_Origem_do_IP\" name=\"Cidade_de_Origem_do_IP\" value=\"\" \/>\n\t\t<input type=\"hidden\" id=\"Modo_de_entrada\" name=\"Modo_de_entrada\" value=\"Portal\" \/>\n\t\t<input type=\"hidden\" id=\"Pagina_Origem\" name=\"Pagina_Origem\" value=\"\" \/>\n\n\t\t<div class=\"texto\">\n\t\t\t<h3 class=\"news\">Inscreva-se em nossa newsletter!<\/h3>\n\t\t\t<p>Receba not\u00edcias sobre resid\u00eancia m\u00e9dica, revalida\u00e7\u00e3o de diplomas e concursos m\u00e9dicos, al\u00e9m de materiais de estudo gratuitos e informa\u00e7\u00f5es relevantes do mundo da Medicina.<\/p>\n\t\t<\/div>\n\t\t<div class=\"campos\">\n\t\t\t<div class=\"first_name labels\">\n\t\t\t\t<input type=\"text\" class=\"input_labels\" id=\"first_name\" name=\"Nome_Completo\" placeholder=\"Nome\" required \/>\n\t\t\t<\/div>\n\t\t\t<div class=\"email labels\">\n\t\t\t\t<input type=\"email\" class=\"input_labels\" id=\"email\" name=\"Email\" placeholder=\"E-mail\" required \/>\n\t\t\t<\/div>\n\t\t\t<button type=\"submit\" class=\"button_layout\">\n\t\t\t\t<div id=\"lblBotao\">Inscreva-se<\/div>\n\t\t\t\t<span id=\"divSpiner\" class=\"loader\" role=\"status\" style=\"display: none;\"><\/span>\t\n\t\t\t<\/button>\n\t\t<\/div><!-- \/campos -->\n\t\t\n\t\t<label class=\"container_checkbox\">Voc\u00ea concorda com a nossa\n\t\t\t<a class=\"politics_privacy_ahref\" target=\"_blank\" href=\"https:\/\/gratis.estrategiaconcursos.com.br\/politica-de-privacidade\/\">Pol\u00edtica de Privacidade<\/a> e aceita receber informa\u00e7\u00f5es adicionais do Estrat\u00e9gia Educacional.\n\t\t\t<input id=\"checkbox_layout\" type=\"checkbox\" checked=\"checked\" required \/>\n\t\t\t<span class=\"checkbox\"><\/span>\n\t\t<\/label>\n\t\t<div id=\"msg\"><\/div>\n\t\t<div id=\"error\" class=\"error\">\n\t\t<\/div>\n\t<\/form>\n<\/div><!-- \/new-form -->\n\n\n\n<\/p><h2 class=\"wp-block-heading\" id=\"h-edital-ses-go-2023\"><span class=\"ez-toc-section\" id=\"Edital-SES-GO-2023\"><\/span>Edital SES-GO 2023<span class=\"ez-toc-section-end\"><\/span><\/h2><p>O edital completo da SES-GO para ingresso dos residentes em 2023 foi divulgado no dia 9 de setembro de 2022 no&nbsp;<a href=\"https:\/\/sistemas.institutoverbena.ufg.br\/2022\/ses-coreme\/\" target=\"_blank\">site do processo seletivo<\/a>. Confira o documento clicando no bot&atilde;o abaixo:<\/p><div class=\"wp-block-buttons is-horizontal is-content-justification-center is-layout-flex wp-container-core-buttons-is-layout-1 wp-block-buttons-is-layout-flex\">\n<div class=\"wp-block-button\"><a class=\"wp-block-button__link wp-element-button\" href=\"https:\/\/med.estrategia.com\/portal\/wp-content\/uploads\/2022\/09\/ses-goeditalemed2023.pdf\" target=\"_blank\">Edital SES-GO 2023<\/a><\/div>\n<\/div><h2 class=\"wp-block-heading\" id=\"h-a-ses-go\"><span class=\"ez-toc-section\" id=\"A-SES-GO\"><\/span>A SES-GO<span class=\"ez-toc-section-end\"><\/span><\/h2><p>A SES-GO&nbsp;&eacute; a Secretaria de Estado de Sa&uacute;de do Governo do Estado de Goi&aacute;s, que promove, anualmente, um dos maiores processos seletivos de Goi&aacute;s para Resid&ecirc;ncia M&eacute;dica.<\/p><p>Para o processo seletivo deste ano, com ingresso dos residentes em 2023, a SES-GO est&aacute; ofertando centenas de vagas, divididas entre especialidades m&eacute;dicas de acesso direto e com pr&eacute;-requisitos.&nbsp;<a href=\"https:\/\/med.estrategia.com\/portal\/residencia-medica\/ses-go-residencia-medica\" target=\"_blank\">Clique aqui<\/a>&nbsp;e confira a distribui&ccedil;&atilde;o das vagas, al&eacute;m de mais informa&ccedil;&otilde;es sobre a sele&ccedil;&atilde;o!&nbsp;<\/p><p>Para n&atilde;o perder nenhuma atualiza&ccedil;&atilde;o no universo da medicina e ficar por dentro dos seletivos de Resid&ecirc;ncia M&eacute;dica, de revalida&ccedil;&atilde;o de diplomas e conte&uacute;dos t&eacute;cnicos, continue acessando o&nbsp;Portal do Estrat&eacute;gia MED!&nbsp;<\/p><p><strong><a id=\"cta\" class=\"cta-imagem\" href=\"https:\/\/med.estrategia.com\/cursos\/extensivo-de-residncia-mdica\/\" target=\"blank\">\n                <img decoding=\"async\" width=\"100%\" src=\"https:\/\/med.estrategia.com\/portal\/wp-content\/uploads\/2025\/08\/extensivo_rm.jpg\" alt=\"Extensivo RM\" title=\"extensivo_rm\">\n        <\/a><\/strong><\/p><\/p>\n","protected":false},"excerpt":{"rendered":"Processo seletivo conta com vagas distribu\u00eddas em oito unidades de Sa\u00fade do estado de Goi\u00e1s\n","protected":false},"author":39,"featured_media":25479,"comment_status":"closed","ping_status":"closed","sticky":false,"template":"","format":"standard","meta":{"wl_entities_gutenberg":"","footnotes":""},"categories":[300],"tags":[147],"wl_entity_type":[199],"class_list":{"0":"post-25473","1":"post","2":"type-post","3":"status-publish","4":"format-standard","5":"has-post-thumbnail","7":"category-noticias","8":"tag-ses-go","9":"wl_entity_type-article"},"acf":[],"yoast_head":"<!-- This site is optimized with the Yoast SEO Premium plugin v26.6 (Yoast SEO v26.6) - https:\/\/yoast.com\/wordpress\/plugins\/seo\/ -->\n<title>Edital de resid\u00eancia m\u00e9dica SES-GO 2023 \u00e9 divulgado<\/title>\n<meta name=\"description\" content=\"Saiu o edital de resid\u00eancia m\u00e9dica da SES-GO 2023! Confira agora mesmo os principais detalhes com o Estrat\u00e9gia MED.\" \/>\n<meta name=\"robots\" content=\"index, follow, max-snippet:-1, max-image-preview:large, max-video-preview:-1\" \/>\n<link rel=\"canonical\" href=\"https:\/\/med.estrategia.com\/portal\/noticias\/edital-de-residencia-medica-ses-go-2023-e-divulgado\/\" \/>\n<meta property=\"og:locale\" content=\"pt_BR\" \/>\n<meta property=\"og:type\" content=\"article\" \/>\n<meta property=\"og:title\" content=\"Edital de resid\u00eancia m\u00e9dica SES-GO 2023 \u00e9 divulgado\" \/>\n<meta property=\"og:description\" content=\"Saiu o edital de resid\u00eancia m\u00e9dica da SES-GO 2023! Confira agora mesmo os principais detalhes com o Estrat\u00e9gia MED.\" \/>\n<meta property=\"og:url\" content=\"https:\/\/med.estrategia.com\/portal\/noticias\/edital-de-residencia-medica-ses-go-2023-e-divulgado\/\" \/>\n<meta property=\"og:site_name\" content=\"Estrat\u00e9gia MED\" \/>\n<meta property=\"article:publisher\" content=\"https:\/\/www.facebook.com\/estrategiamed1\" \/>\n<meta property=\"article:published_time\" content=\"2022-09-12T11:42:16+00:00\" \/>\n<meta property=\"article:modified_time\" content=\"2023-02-02T19:07:41+00:00\" \/>\n<meta property=\"og:image\" content=\"https:\/\/cdn.medblog.estrategiaeducacional.com.br\/wp-content\/uploads\/2022\/09\/coverWP_publica_bgfoto_logo-2.jpg\" \/>\n\t<meta property=\"og:image:width\" content=\"1200\" \/>\n\t<meta property=\"og:image:height\" content=\"800\" \/>\n\t<meta property=\"og:image:type\" content=\"image\/jpeg\" \/>\n<meta name=\"author\" content=\"Ana Carolina Damasceno\" \/>\n<meta name=\"twitter:card\" content=\"summary_large_image\" \/>\n<meta name=\"twitter:creator\" content=\"@estrategiamed_\" \/>\n<meta name=\"twitter:site\" content=\"@estrategiamed_\" \/>\n<meta name=\"twitter:label1\" content=\"Escrito por\" \/>\n\t<meta name=\"twitter:data1\" content=\"Ana Carolina Damasceno\" \/>\n\t<meta name=\"twitter:label2\" content=\"Est. tempo de leitura\" \/>\n\t<meta name=\"twitter:data2\" content=\"2 minutos\" \/>\n<script type=\"application\/ld+json\" class=\"yoast-schema-graph\">{\"@context\":\"https:\/\/schema.org\",\"@graph\":[{\"@type\":\"WebPage\",\"@id\":\"https:\/\/med.estrategia.com\/portal\/noticias\/edital-de-residencia-medica-ses-go-2023-e-divulgado\/\",\"url\":\"https:\/\/med.estrategia.com\/portal\/noticias\/edital-de-residencia-medica-ses-go-2023-e-divulgado\/\",\"name\":\"Edital de resid\u00eancia m\u00e9dica SES-GO 2023 \u00e9 divulgado\",\"isPartOf\":{\"@id\":\"https:\/\/med.estrategia.com\/portal\/#website\"},\"primaryImageOfPage\":{\"@id\":\"https:\/\/med.estrategia.com\/portal\/noticias\/edital-de-residencia-medica-ses-go-2023-e-divulgado\/#primaryimage\"},\"image\":{\"@id\":\"https:\/\/med.estrategia.com\/portal\/noticias\/edital-de-residencia-medica-ses-go-2023-e-divulgado\/#primaryimage\"},\"thumbnailUrl\":\"https:\/\/med.estrategia.com\/portal\/wp-content\/uploads\/2022\/09\/coverWP_publica_bgfoto_logo-2.jpg\",\"datePublished\":\"2022-09-12T11:42:16+00:00\",\"dateModified\":\"2023-02-02T19:07:41+00:00\",\"author\":{\"@id\":\"https:\/\/med.estrategia.com\/portal\/#\/schema\/person\/2f553adbb8e25fe39d145c5b2927f58c\"},\"description\":\"Saiu o edital de resid\u00eancia m\u00e9dica da SES-GO 2023! Confira agora mesmo os principais detalhes com o Estrat\u00e9gia MED.\",\"breadcrumb\":{\"@id\":\"https:\/\/med.estrategia.com\/portal\/noticias\/edital-de-residencia-medica-ses-go-2023-e-divulgado\/#breadcrumb\"},\"inLanguage\":\"pt-BR\",\"potentialAction\":[{\"@type\":\"ReadAction\",\"target\":[\"https:\/\/med.estrategia.com\/portal\/noticias\/edital-de-residencia-medica-ses-go-2023-e-divulgado\/\"]}]},{\"@type\":\"ImageObject\",\"inLanguage\":\"pt-BR\",\"@id\":\"https:\/\/med.estrategia.com\/portal\/noticias\/edital-de-residencia-medica-ses-go-2023-e-divulgado\/#primaryimage\",\"url\":\"https:\/\/med.estrategia.com\/portal\/wp-content\/uploads\/2022\/09\/coverWP_publica_bgfoto_logo-2.jpg\",\"contentUrl\":\"https:\/\/med.estrategia.com\/portal\/wp-content\/uploads\/2022\/09\/coverWP_publica_bgfoto_logo-2.jpg\",\"width\":1200,\"height\":800,\"caption\":\"Cr\u00e9ditos: Estrat\u00e9gia MED e SES-GO\"},{\"@type\":\"BreadcrumbList\",\"@id\":\"https:\/\/med.estrategia.com\/portal\/noticias\/edital-de-residencia-medica-ses-go-2023-e-divulgado\/#breadcrumb\",\"itemListElement\":[{\"@type\":\"ListItem\",\"position\":1,\"name\":\"Home\",\"item\":\"https:\/\/med.estrategia.com\/portal\/\"},{\"@type\":\"ListItem\",\"position\":2,\"name\":\"Not\u00edcias\",\"item\":\"https:\/\/med.estrategia.com\/portal\/noticias\/\"},{\"@type\":\"ListItem\",\"position\":3,\"name\":\"Edital de resid\u00eancia m\u00e9dica SES-GO 2023 \u00e9 divulgado\"}]},{\"@type\":\"WebSite\",\"@id\":\"https:\/\/med.estrategia.com\/portal\/#website\",\"url\":\"https:\/\/med.estrategia.com\/portal\/\",\"name\":\"Estrat\u00e9gia MED\",\"description\":\"\",\"potentialAction\":[{\"@type\":\"SearchAction\",\"target\":{\"@type\":\"EntryPoint\",\"urlTemplate\":\"https:\/\/med.estrategia.com\/portal\/?s={search_term_string}\"},\"query-input\":{\"@type\":\"PropertyValueSpecification\",\"valueRequired\":true,\"valueName\":\"search_term_string\"}}],\"inLanguage\":\"pt-BR\"},{\"@type\":\"Person\",\"@id\":\"https:\/\/med.estrategia.com\/portal\/#\/schema\/person\/2f553adbb8e25fe39d145c5b2927f58c\",\"name\":\"Ana Carolina Damasceno\",\"image\":{\"@type\":\"ImageObject\",\"inLanguage\":\"pt-BR\",\"@id\":\"https:\/\/med.estrategia.com\/portal\/#\/schema\/person\/image\/\",\"url\":\"https:\/\/med.estrategia.com\/portal\/wp-content\/uploads\/2021\/09\/WhatsApp-Image-2023-08-18-at-16.46.43-150x150.jpeg\",\"contentUrl\":\"https:\/\/med.estrategia.com\/portal\/wp-content\/uploads\/2021\/09\/WhatsApp-Image-2023-08-18-at-16.46.43-150x150.jpeg\",\"caption\":\"Ana Carolina Damasceno\"},\"description\":\"Coordenadora de Jornalismo EMED. Comunicadora por natureza e forma\u00e7\u00e3o, que ama e perde a no\u00e7\u00e3o do tempo com m\u00fasica e s\u00e9rie.\",\"url\":\"https:\/\/med.estrategia.com\/portal\/author\/ana-carolina-damasceno\/\"}]}<\/script>\n<!-- \/ Yoast SEO Premium plugin. -->","yoast_head_json":{"title":"Edital de resid\u00eancia m\u00e9dica SES-GO 2023 \u00e9 divulgado","description":"Saiu o edital de resid\u00eancia m\u00e9dica da SES-GO 2023! Confira agora mesmo os principais detalhes com o Estrat\u00e9gia MED.","robots":{"index":"index","follow":"follow","max-snippet":"max-snippet:-1","max-image-preview":"max-image-preview:large","max-video-preview":"max-video-preview:-1"},"canonical":"https:\/\/med.estrategia.com\/portal\/noticias\/edital-de-residencia-medica-ses-go-2023-e-divulgado\/","og_locale":"pt_BR","og_type":"article","og_title":"Edital de resid\u00eancia m\u00e9dica SES-GO 2023 \u00e9 divulgado","og_description":"Saiu o edital de resid\u00eancia m\u00e9dica da SES-GO 2023! Confira agora mesmo os principais detalhes com o Estrat\u00e9gia MED.","og_url":"https:\/\/med.estrategia.com\/portal\/noticias\/edital-de-residencia-medica-ses-go-2023-e-divulgado\/","og_site_name":"Estrat\u00e9gia MED","article_publisher":"https:\/\/www.facebook.com\/estrategiamed1","article_published_time":"2022-09-12T11:42:16+00:00","article_modified_time":"2023-02-02T19:07:41+00:00","og_image":[{"width":1200,"height":800,"url":"https:\/\/cdn.medblog.estrategiaeducacional.com.br\/wp-content\/uploads\/2022\/09\/coverWP_publica_bgfoto_logo-2.jpg","type":"image\/jpeg"}],"author":"Ana Carolina Damasceno","twitter_card":"summary_large_image","twitter_creator":"@estrategiamed_","twitter_site":"@estrategiamed_","twitter_misc":{"Escrito por":"Ana Carolina Damasceno","Est. tempo de leitura":"2 minutos"},"schema":{"@context":"https:\/\/schema.org","@graph":[{"@type":"WebPage","@id":"https:\/\/med.estrategia.com\/portal\/noticias\/edital-de-residencia-medica-ses-go-2023-e-divulgado\/","url":"https:\/\/med.estrategia.com\/portal\/noticias\/edital-de-residencia-medica-ses-go-2023-e-divulgado\/","name":"Edital de resid\u00eancia m\u00e9dica SES-GO 2023 \u00e9 divulgado","isPartOf":{"@id":"https:\/\/med.estrategia.com\/portal\/#website"},"primaryImageOfPage":{"@id":"https:\/\/med.estrategia.com\/portal\/noticias\/edital-de-residencia-medica-ses-go-2023-e-divulgado\/#primaryimage"},"image":{"@id":"https:\/\/med.estrategia.com\/portal\/noticias\/edital-de-residencia-medica-ses-go-2023-e-divulgado\/#primaryimage"},"thumbnailUrl":"https:\/\/med.estrategia.com\/portal\/wp-content\/uploads\/2022\/09\/coverWP_publica_bgfoto_logo-2.jpg","datePublished":"2022-09-12T11:42:16+00:00","dateModified":"2023-02-02T19:07:41+00:00","author":{"@id":"https:\/\/med.estrategia.com\/portal\/#\/schema\/person\/2f553adbb8e25fe39d145c5b2927f58c"},"description":"Saiu o edital de resid\u00eancia m\u00e9dica da SES-GO 2023! Confira agora mesmo os principais detalhes com o Estrat\u00e9gia MED.","breadcrumb":{"@id":"https:\/\/med.estrategia.com\/portal\/noticias\/edital-de-residencia-medica-ses-go-2023-e-divulgado\/#breadcrumb"},"inLanguage":"pt-BR","potentialAction":[{"@type":"ReadAction","target":["https:\/\/med.estrategia.com\/portal\/noticias\/edital-de-residencia-medica-ses-go-2023-e-divulgado\/"]}]},{"@type":"ImageObject","inLanguage":"pt-BR","@id":"https:\/\/med.estrategia.com\/portal\/noticias\/edital-de-residencia-medica-ses-go-2023-e-divulgado\/#primaryimage","url":"https:\/\/med.estrategia.com\/portal\/wp-content\/uploads\/2022\/09\/coverWP_publica_bgfoto_logo-2.jpg","contentUrl":"https:\/\/med.estrategia.com\/portal\/wp-content\/uploads\/2022\/09\/coverWP_publica_bgfoto_logo-2.jpg","width":1200,"height":800,"caption":"Cr\u00e9ditos: Estrat\u00e9gia MED e SES-GO"},{"@type":"BreadcrumbList","@id":"https:\/\/med.estrategia.com\/portal\/noticias\/edital-de-residencia-medica-ses-go-2023-e-divulgado\/#breadcrumb","itemListElement":[{"@type":"ListItem","position":1,"name":"Home","item":"https:\/\/med.estrategia.com\/portal\/"},{"@type":"ListItem","position":2,"name":"Not\u00edcias","item":"https:\/\/med.estrategia.com\/portal\/noticias\/"},{"@type":"ListItem","position":3,"name":"Edital de resid\u00eancia m\u00e9dica SES-GO 2023 \u00e9 divulgado"}]},{"@type":"WebSite","@id":"https:\/\/med.estrategia.com\/portal\/#website","url":"https:\/\/med.estrategia.com\/portal\/","name":"Estrat\u00e9gia MED","description":"","potentialAction":[{"@type":"SearchAction","target":{"@type":"EntryPoint","urlTemplate":"https:\/\/med.estrategia.com\/portal\/?s={search_term_string}"},"query-input":{"@type":"PropertyValueSpecification","valueRequired":true,"valueName":"search_term_string"}}],"inLanguage":"pt-BR"},{"@type":"Person","@id":"https:\/\/med.estrategia.com\/portal\/#\/schema\/person\/2f553adbb8e25fe39d145c5b2927f58c","name":"Ana Carolina Damasceno","image":{"@type":"ImageObject","inLanguage":"pt-BR","@id":"https:\/\/med.estrategia.com\/portal\/#\/schema\/person\/image\/","url":"https:\/\/med.estrategia.com\/portal\/wp-content\/uploads\/2021\/09\/WhatsApp-Image-2023-08-18-at-16.46.43-150x150.jpeg","contentUrl":"https:\/\/med.estrategia.com\/portal\/wp-content\/uploads\/2021\/09\/WhatsApp-Image-2023-08-18-at-16.46.43-150x150.jpeg","caption":"Ana Carolina Damasceno"},"description":"Coordenadora de Jornalismo EMED. Comunicadora por natureza e forma\u00e7\u00e3o, que ama e perde a no\u00e7\u00e3o do tempo com m\u00fasica e s\u00e9rie.","url":"https:\/\/med.estrategia.com\/portal\/author\/ana-carolina-damasceno\/"}]}},"_wl_alt_label":[],"wl:entity_url":"\/post\/edital-de-residencia-medica-ses-go-2023-e-divulgado","_links":{"self":[{"href":"https:\/\/med.estrategia.com\/portal\/wp-json\/wp\/v2\/posts\/25473","targetHints":{"allow":["GET"]}}],"collection":[{"href":"https:\/\/med.estrategia.com\/portal\/wp-json\/wp\/v2\/posts"}],"about":[{"href":"https:\/\/med.estrategia.com\/portal\/wp-json\/wp\/v2\/types\/post"}],"author":[{"embeddable":true,"href":"https:\/\/med.estrategia.com\/portal\/wp-json\/wp\/v2\/users\/39"}],"replies":[{"embeddable":true,"href":"https:\/\/med.estrategia.com\/portal\/wp-json\/wp\/v2\/comments?post=25473"}],"version-history":[{"count":5,"href":"https:\/\/med.estrategia.com\/portal\/wp-json\/wp\/v2\/posts\/25473\/revisions"}],"predecessor-version":[{"id":34996,"href":"https:\/\/med.estrategia.com\/portal\/wp-json\/wp\/v2\/posts\/25473\/revisions\/34996"}],"wp:featuredmedia":[{"embeddable":true,"href":"https:\/\/med.estrategia.com\/portal\/wp-json\/wp\/v2\/media\/25479"}],"wp:attachment":[{"href":"https:\/\/med.estrategia.com\/portal\/wp-json\/wp\/v2\/media?parent=25473"}],"wp:term":[{"taxonomy":"category","embeddable":true,"href":"https:\/\/med.estrategia.com\/portal\/wp-json\/wp\/v2\/categories?post=25473"},{"taxonomy":"post_tag","embeddable":true,"href":"https:\/\/med.estrategia.com\/portal\/wp-json\/wp\/v2\/tags?post=25473"},{"taxonomy":"wl_entity_type","embeddable":true,"href":"https:\/\/med.estrategia.com\/portal\/wp-json\/wp\/v2\/wl_entity_type?post=25473"}],"curies":[{"name":"wp","href":"https:\/\/api.w.org\/{rel}","templated":true}]}}