{"id":25475,"date":"2020-11-09T08:31:17","date_gmt":"2020-11-09T11:31:17","guid":{"rendered":"https:\/\/med.estrategia.com\/portal\/?p=25475"},"modified":"2022-09-12T09:55:15","modified_gmt":"2022-09-12T12:55:15","slug":"residencia-medica-ses-go-2022-tudo-sobre-a-edicao","status":"publish","type":"post","link":"https:\/\/med.estrategia.com\/portal\/residencia-medica\/residencia-medica-ses-go-2022-tudo-sobre-a-edicao\/","title":{"rendered":"Resid\u00eancia M\u00e9dica SES-GO 2022: tudo sobre a edi\u00e7\u00e3o!"},"content":{"rendered":"<p>Agora que o edital 2022 da <a class=\"wl-entity-page-link\" href=\"https:\/\/med.estrategia.com\/portal\/entidade\/ses-go-2\/\" data-id=\"\/entity\/ses-go-2;https:\/\/data.wordlift.io\/wl106637\/entity\/ses-go\">SES-GO<\/a> para <a class=\"wl-entity-page-link\" title=\"resid&ecirc;ncia\" href=\"https:\/\/med.estrategia.com\/portal\/entidade\/residencia-medica\/\" data-id=\"\/entity\/residencia-medica;http:\/\/dbpedia.org\/resource\/Residency_(medicine);http:\/\/en.dbpedia.org\/resource\/Residency_(medicine);http:\/\/nl.dbpedia.org\/resource\/Arts-assistent;http:\/\/de.dbpedia.org\/resource\/&Auml;rztliche_Weiterbildung;http:\/\/fr.dbpedia.org\/resource\/R&eacute;sidence_(m&eacute;decine);http:\/\/lt.dbpedia.org\/resource\/Rezident&#363;ra_(studijos);http:\/\/pt.dbpedia.org\/resource\/Resid&ecirc;ncia_m&eacute;dica;http:\/\/ru.dbpedia.org\/resource\/&#1050;&#1083;&#1080;&#1085;&#1080;&#1095;&#1077;&#1089;&#1082;&#1072;&#1103;_&#1086;&#1088;&#1076;&#1080;&#1085;&#1072;&#1090;&#1091;&#1088;&#1072;;http:\/\/uk.dbpedia.org\/resource\/&#1054;&#1088;&#1076;&#1080;&#1085;&#1072;&#1090;&#1091;&#1088;&#1072;_&#1082;&#1083;&#1110;&#1085;&#1110;&#1095;&#1085;&#1072;;https:\/\/data.wordlift.io\/wl106637\/entity\/residencia-medica\">Resid&ecirc;ncia M&eacute;dica<\/a> saiu, o <a class=\"wl-entity-page-link\" href=\"https:\/\/med.estrategia.com\/portal\/entidade\/estrategia-med-2\/\" data-id=\"\/entity\/estrategia-med-2;https:\/\/data.wordlift.io\/wl106637\/entity\/estrategia_med\">Estrat&eacute;gia MED<\/a> separou tudo que voc&ecirc; precisa saber sobre o seletivo! Confira o texto e saiba de todas as novidades!<div id=\"ez-toc-container\" class=\"ez-toc-v2_0_79_2 counter-hierarchy ez-toc-counter ez-toc-transparent ez-toc-container-direction\">\n<div class=\"ez-toc-title-container\"><p class=\"ez-toc-title\" style=\"cursor:inherit\">Navegue pelo conte\u00fado<\/p>\n<\/div><nav><ul class='ez-toc-list ez-toc-list-level-1 ' ><li class='ez-toc-page-1 ez-toc-heading-level-2'><a class=\"ez-toc-link ez-toc-heading-1\" href=\"https:\/\/med.estrategia.com\/portal\/residencia-medica\/residencia-medica-ses-go-2022-tudo-sobre-a-edicao\/#O-que-e-SES-GO\" >O que &eacute; SES-GO?<\/a><\/li><li class='ez-toc-page-1 ez-toc-heading-level-2'><a class=\"ez-toc-link ez-toc-heading-2\" href=\"https:\/\/med.estrategia.com\/portal\/residencia-medica\/residencia-medica-ses-go-2022-tudo-sobre-a-edicao\/#Cronograma-da-SES-GO-Residencia-Medica-2022\" >Cronograma da SES-GO Resid&ecirc;ncia M&eacute;dica 2022<\/a><\/li><li class='ez-toc-page-1 ez-toc-heading-level-2'><a class=\"ez-toc-link ez-toc-heading-3\" href=\"https:\/\/med.estrategia.com\/portal\/residencia-medica\/residencia-medica-ses-go-2022-tudo-sobre-a-edicao\/#Inscricoes-SES-GO-2022\" >Inscri&ccedil;&otilde;es SES-GO 2022<\/a><\/li><li class='ez-toc-page-1 ez-toc-heading-level-2'><a class=\"ez-toc-link ez-toc-heading-4\" href=\"https:\/\/med.estrategia.com\/portal\/residencia-medica\/residencia-medica-ses-go-2022-tudo-sobre-a-edicao\/#Concorrencia-SES-GO-2022\" >Concorr&ecirc;ncia SES-GO 2022<\/a><\/li><li class='ez-toc-page-1 ez-toc-heading-level-2'><a class=\"ez-toc-link ez-toc-heading-5\" href=\"https:\/\/med.estrategia.com\/portal\/residencia-medica\/residencia-medica-ses-go-2022-tudo-sobre-a-edicao\/#Edital-SES-GO-Residencia-Medica-2022\" >Edital SES-GO Resid&ecirc;ncia M&eacute;dica 2022<\/a><\/li><li class='ez-toc-page-1 ez-toc-heading-level-2'><a class=\"ez-toc-link ez-toc-heading-6\" href=\"https:\/\/med.estrategia.com\/portal\/residencia-medica\/residencia-medica-ses-go-2022-tudo-sobre-a-edicao\/#Instituicoes-da-SES-GO-Residencia-Medica-2022\" >Institui&ccedil;&otilde;es da SES-GO Resid&ecirc;ncia M&eacute;dica 2022<\/a><\/li><li class='ez-toc-page-1 ez-toc-heading-level-2'><a class=\"ez-toc-link ez-toc-heading-7\" href=\"https:\/\/med.estrategia.com\/portal\/residencia-medica\/residencia-medica-ses-go-2022-tudo-sobre-a-edicao\/#Especialidades-e-Vagas-2022\" >Especialidades e Vagas 2022<\/a><\/li><li class='ez-toc-page-1 ez-toc-heading-level-2'><a class=\"ez-toc-link ez-toc-heading-8\" href=\"https:\/\/med.estrategia.com\/portal\/residencia-medica\/residencia-medica-ses-go-2022-tudo-sobre-a-edicao\/#Processo-Seletivo-da-SES-GO-Residencia-Medica-2022\" >Processo Seletivo da SES-GO Resid&ecirc;ncia M&eacute;dica 2022<\/a><\/li><li class='ez-toc-page-1 ez-toc-heading-level-2'><a class=\"ez-toc-link ez-toc-heading-9\" href=\"https:\/\/med.estrategia.com\/portal\/residencia-medica\/residencia-medica-ses-go-2022-tudo-sobre-a-edicao\/#Resultado-final\" >Resultado final<\/a><\/li><li class='ez-toc-page-1 ez-toc-heading-level-2'><a class=\"ez-toc-link ez-toc-heading-10\" href=\"https:\/\/med.estrategia.com\/portal\/residencia-medica\/residencia-medica-ses-go-2022-tudo-sobre-a-edicao\/#Nota-de-Corte-da-SES-GO-Residencia-Medica-2021\" >Nota de Corte da SES-GO Resid&ecirc;ncia M&eacute;dica 2021<\/a><\/li><li class='ez-toc-page-1 ez-toc-heading-level-2'><a class=\"ez-toc-link ez-toc-heading-11\" href=\"https:\/\/med.estrategia.com\/portal\/residencia-medica\/residencia-medica-ses-go-2022-tudo-sobre-a-edicao\/#Veja-tambem\" >Veja tamb&eacute;m:<\/a><\/li><\/ul><\/nav><\/div>\n<h2 class=\"wp-block-heading\"><span class=\"ez-toc-section\" id=\"O-que-e-SES-GO\"><\/span>O que &eacute; SES-GO?<span class=\"ez-toc-section-end\"><\/span><\/h2><p><strong>SES-GO<\/strong> &eacute; a Secretaria de Estado de Sa&uacute;de do Governo do Estado de Goi&aacute;s, que promove, anualmente, um dos maiores processos seletivos de Goi&aacute;s para Resid&ecirc;ncia M&eacute;dica.<\/p><div class=\"wp-block-image\"><figure class=\"aligncenter size-large is-resized\"><img decoding=\"async\" src=\"https:\/\/med.estrategia.com\/portal\/wp-content\/uploads\/2020\/11\/Hospital-Estadual-Geral-de-Goiania-Dr.-Alberto-Rassi-HGG.jpg\" alt=\"SES-GO Resid&ecirc;ncia M&eacute;dica\" class=\"wp-image-8449\" width=\"-94\" height=\"-34\" srcset=\"https:\/\/med.estrategia.com\/portal\/wp-content\/uploads\/2020\/11\/Hospital-Estadual-Geral-de-Goiania-Dr.-Alberto-Rassi-HGG.jpg 900w, https:\/\/med.estrategia.com\/portal\/wp-content\/uploads\/2020\/11\/Hospital-Estadual-Geral-de-Goiania-Dr.-Alberto-Rassi-HGG-300x112.jpg 300w, https:\/\/med.estrategia.com\/portal\/wp-content\/uploads\/2020\/11\/Hospital-Estadual-Geral-de-Goiania-Dr.-Alberto-Rassi-HGG-768x286.jpg 768w, https:\/\/med.estrategia.com\/portal\/wp-content\/uploads\/2020\/11\/Hospital-Estadual-Geral-de-Goiania-Dr.-Alberto-Rassi-HGG-380x141.jpg 380w, https:\/\/med.estrategia.com\/portal\/wp-content\/uploads\/2020\/11\/Hospital-Estadual-Geral-de-Goiania-Dr.-Alberto-Rassi-HGG-800x298.jpg 800w\" sizes=\"(max-width: 900px) 100vw, 900px\" \/><figcaption>Hospital Estadual Geral de Goi&acirc;nia Dr. Alberto Rassi (HGG), uma das unidades da SES-GO. Foto: Divulga&ccedil;&atilde;o Secretaria de Estado de Sa&uacute;de do Governo do Estado de Goi&aacute;s <\/figcaption><\/figure><\/div><h2 class=\"wp-block-heading\"><span class=\"ez-toc-section\" id=\"Cronograma-da-SES-GO-Residencia-Medica-2022\"><\/span><strong>Cronograma da SES-GO Resid&ecirc;ncia M&eacute;dica 2022<\/strong><span class=\"ez-toc-section-end\"><\/span><\/h2><ul class=\"wp-block-list\"><li><strong>Publica&ccedil;&atilde;o do edital:<\/strong> 13\/09\/2021;<\/li><li><strong>Solicita&ccedil;&atilde;o de Isen&ccedil;&atilde;o:<\/strong> 27 a 29\/09\/2021;<\/li><li><strong>Taxa de Inscri&ccedil;&atilde;o: <\/strong>R$ 500,00;<\/li><li><strong>Per&iacute;odo de inscri&ccedil;&atilde;o: <\/strong>27\/09 a 20\/10\/2021;<\/li><li><strong>Local de prova: <\/strong>09\/11\/2021;<\/li><li><strong>Prova Objetiva (1&ordf; fase): <\/strong>14\/11\/2021;<\/li><li><strong>Gabarito preliminar: <\/strong>16\/11\/2021;<\/li><li><strong>Recursos contra o gabarito: <\/strong>17 e 18\/11\/2021;<\/li><li><strong>Gabarito Oficial: <\/strong>06\/12\/2021;<\/li><li><strong>Resultado Final da Prova Objetiva: <\/strong>14\/12\/2021;<\/li><li><strong>Envio do Curr&iacute;culo (2&ordf; fase):<\/strong> 16 a 21\/12\/2021;<\/li><li><strong>Resultado final da An&aacute;lise Curricular (2&ordf; fase): <\/strong>19\/01\/2022;<\/li><li><strong>Resultado preliminar do Processo Seletivo:<\/strong> 19\/01\/2022;<\/li><li><strong>Recursos contra o resultado: <\/strong>20 e 21\/01\/2022;&nbsp;<\/li><li><strong>Resultado final: <\/strong>03\/02\/2022;&nbsp;<\/li><li><strong>Escolha da Unidade de Sa&uacute;de:<\/strong> 08 a 10\/02\/2022; e<\/li><li><strong>Matr&iacute;cula: <\/strong>14\/02\/2022.<\/li><\/ul><h2 class=\"wp-block-heading\" id=\"h-inscricoes-ses-go-2022\"><span class=\"ez-toc-section\" id=\"Inscricoes-SES-GO-2022\"><\/span><strong>Inscri&ccedil;&otilde;es SES-GO 2022<\/strong><span class=\"ez-toc-section-end\"><\/span><\/h2><p>As&nbsp;<strong>inscri&ccedil;&otilde;es&nbsp;<\/strong>ficaram abertas entre o dia&nbsp;<strong>27 de setembro e o dia 20 de outubro de 2021. O candidato teve que se inscrever pelo <a href=\"https:\/\/cs.ufg.br\/\" target=\"_blank\">site<\/a><\/strong> <strong>da institui&ccedil;&atilde;o<\/strong>. O candidato p&ocirc;de solicitar a <strong>taxa de isen&ccedil;&atilde;o da inscri&ccedil;&atilde;o<\/strong> do per&iacute;odo do dia <strong>27 a 29 de setembro de 2021.<\/strong><\/p><h2 class=\"wp-block-heading\" id=\"h-concorrencia-ses-go-2022\"><span class=\"ez-toc-section\" id=\"Concorrencia-SES-GO-2022\"><\/span><strong>Concorr&ecirc;ncia SES-GO 2022<\/strong><span class=\"ez-toc-section-end\"><\/span><\/h2><p>No dia <strong>09 de novembro de 2021<\/strong> saiu a<strong> rela&ccedil;&atilde;o candidato\/vaga <\/strong>do seletivo, que conta com <strong>1.541 inscritos<\/strong>. Confira a seguir!<\/p><figure class=\"wp-block-table is-style-stripes\"><table class=\"has-fixed-layout\"><thead><tr><th>Especialidades<\/th><th class=\"has-text-align-center\" data-align=\"center\">Inscritos<\/th><th class=\"has-text-align-center\" data-align=\"center\">Vagas<\/th><th class=\"has-text-align-center\" data-align=\"center\">Rela&ccedil;&atilde;o candidato\/vaga<\/th><\/tr><\/thead><tbody><tr><td>Dermatologia<\/td><td class=\"has-text-align-center\" data-align=\"center\">62<\/td><td class=\"has-text-align-center\" data-align=\"center\">2<\/td><td class=\"has-text-align-center\" data-align=\"center\">31<\/td><\/tr><tr><td>Psiquiatria<\/td><td class=\"has-text-align-center\" data-align=\"center\">80<\/td><td class=\"has-text-align-center\" data-align=\"center\">3<\/td><td class=\"has-text-align-center\" data-align=\"center\">26,67<\/td><\/tr><tr><td>Neurocirurgia<\/td><td class=\"has-text-align-center\" data-align=\"center\">24<\/td><td class=\"has-text-align-center\" data-align=\"center\">1<\/td><td class=\"has-text-align-center\" data-align=\"center\">24<\/td><\/tr><tr><td>Ginecologia e Obstetr&iacute;cia<\/td><td class=\"has-text-align-center\" data-align=\"center\">131<\/td><td class=\"has-text-align-center\" data-align=\"center\">6<\/td><td class=\"has-text-align-center\" data-align=\"center\">21,83<\/td><\/tr><tr><td>Otorrinolaringologia<\/td><td class=\"has-text-align-center\" data-align=\"center\">54<\/td><td class=\"has-text-align-center\" data-align=\"center\">3<\/td><td class=\"has-text-align-center\" data-align=\"center\">18<\/td><\/tr><tr><td>Cirurgia Geral<\/td><td class=\"has-text-align-center\" data-align=\"center\">231<\/td><td class=\"has-text-align-center\" data-align=\"center\">15<\/td><td class=\"has-text-align-center\" data-align=\"center\">15,4<\/td><\/tr><tr><td>Anestesiologia<\/td><td class=\"has-text-align-center\" data-align=\"center\">150<\/td><td class=\"has-text-align-center\" data-align=\"center\">10<\/td><td class=\"has-text-align-center\" data-align=\"center\">15<\/td><\/tr><tr><td>Pediatria<\/td><td class=\"has-text-align-center\" data-align=\"center\">132<\/td><td class=\"has-text-align-center\" data-align=\"center\">9<\/td><td class=\"has-text-align-center\" data-align=\"center\">14,67<\/td><\/tr><tr><td>Cirurgia Pl&aacute;stica<\/td><td class=\"has-text-align-center\" data-align=\"center\">29<\/td><td class=\"has-text-align-center\" data-align=\"center\">2<\/td><td class=\"has-text-align-center\" data-align=\"center\">14,5<\/td><\/tr><tr><td>Neurologia<\/td><td class=\"has-text-align-center\" data-align=\"center\">58<\/td><td class=\"has-text-align-center\" data-align=\"center\">4<\/td><td class=\"has-text-align-center\" data-align=\"center\">14,5<\/td><\/tr><tr><td>Endocrinologia<\/td><td class=\"has-text-align-center\" data-align=\"center\">26<\/td><td class=\"has-text-align-center\" data-align=\"center\">2<\/td><td class=\"has-text-align-center\" data-align=\"center\">13<\/td><\/tr><tr><td>Coloproctologia<\/td><td class=\"has-text-align-center\" data-align=\"center\">10<\/td><td class=\"has-text-align-center\" data-align=\"center\">1<\/td><td class=\"has-text-align-center\" data-align=\"center\">10<\/td><\/tr><tr><td>Cl&iacute;nica M&eacute;dica<\/td><td class=\"has-text-align-center\" data-align=\"center\">260<\/td><td class=\"has-text-align-center\" data-align=\"center\">29<\/td><td class=\"has-text-align-center\" data-align=\"center\">8,97<\/td><\/tr><tr><td>Radiologia e Diagn&oacute;stico por Imagem<\/td><td class=\"has-text-align-center\" data-align=\"center\">41<\/td><td class=\"has-text-align-center\" data-align=\"center\">5<\/td><td class=\"has-text-align-center\" data-align=\"center\">8,2<\/td><\/tr><tr><td>Ortopedia e Traumatologia<\/td><td class=\"has-text-align-center\" data-align=\"center\">66<\/td><td class=\"has-text-align-center\" data-align=\"center\">10<\/td><td class=\"has-text-align-center\" data-align=\"center\">6,6<\/td><\/tr><tr><td>Endoscopia Ginecol&oacute;gica<\/td><td class=\"has-text-align-center\" data-align=\"center\">6<\/td><td class=\"has-text-align-center\" data-align=\"center\">1<\/td><td class=\"has-text-align-center\" data-align=\"center\">6<\/td><\/tr><tr><td>Gastroenterologia<\/td><td class=\"has-text-align-center\" data-align=\"center\">12<\/td><td class=\"has-text-align-center\" data-align=\"center\">2<\/td><td class=\"has-text-align-center\" data-align=\"center\">6<\/td><\/tr><tr><td>Infectologia<\/td><td class=\"has-text-align-center\" data-align=\"center\">18<\/td><td class=\"has-text-align-center\" data-align=\"center\">3<\/td><td class=\"has-text-align-center\" data-align=\"center\">6<\/td><\/tr><tr><td>Nefrologia<\/td><td class=\"has-text-align-center\" data-align=\"center\">11<\/td><td class=\"has-text-align-center\" data-align=\"center\">2<\/td><td class=\"has-text-align-center\" data-align=\"center\">5,5<\/td><\/tr><tr><td>Medicina Intensiva<\/td><td class=\"has-text-align-center\" data-align=\"center\">31<\/td><td class=\"has-text-align-center\" data-align=\"center\">6<\/td><td class=\"has-text-align-center\" data-align=\"center\">5,17<\/td><\/tr><tr><td>Cirurgia do Aparelho Digestivo<\/td><td class=\"has-text-align-center\" data-align=\"center\">10<\/td><td class=\"has-text-align-center\" data-align=\"center\">2<\/td><td class=\"has-text-align-center\" data-align=\"center\">5<\/td><\/tr><tr><td>Cardiologia<\/td><td class=\"has-text-align-center\" data-align=\"center\">19<\/td><td class=\"has-text-align-center\" data-align=\"center\">4<\/td><td class=\"has-text-align-center\" data-align=\"center\">4,75<\/td><\/tr><tr><td>Pneumologia<\/td><td class=\"has-text-align-center\" data-align=\"center\">9<\/td><td class=\"has-text-align-center\" data-align=\"center\">2<\/td><td class=\"has-text-align-center\" data-align=\"center\">4,5<\/td><\/tr><tr><td>Cirurgia Vascular<\/td><td class=\"has-text-align-center\" data-align=\"center\">8<\/td><td class=\"has-text-align-center\" data-align=\"center\">2<\/td><td class=\"has-text-align-center\" data-align=\"center\">4<\/td><\/tr><tr><td>Geriatria<\/td><td class=\"has-text-align-center\" data-align=\"center\">16<\/td><td class=\"has-text-align-center\" data-align=\"center\">4<\/td><td class=\"has-text-align-center\" data-align=\"center\">4<\/td><\/tr><tr><td>Reumatologia<\/td><td class=\"has-text-align-center\" data-align=\"center\">4<\/td><td class=\"has-text-align-center\" data-align=\"center\">1<\/td><td class=\"has-text-align-center\" data-align=\"center\">4<\/td><\/tr><tr><td>Urologia<\/td><td class=\"has-text-align-center\" data-align=\"center\">8<\/td><td class=\"has-text-align-center\" data-align=\"center\">2<\/td><td class=\"has-text-align-center\" data-align=\"center\">4<\/td><\/tr><tr><td>Endoscopia<\/td><td class=\"has-text-align-center\" data-align=\"center\">3<\/td><td class=\"has-text-align-center\" data-align=\"center\">1<\/td><td class=\"has-text-align-center\" data-align=\"center\">3<\/td><\/tr><tr><td>Mastologia<\/td><td class=\"has-text-align-center\" data-align=\"center\">6<\/td><td class=\"has-text-align-center\" data-align=\"center\">2<\/td><td class=\"has-text-align-center\" data-align=\"center\">3<\/td><\/tr><tr><td>Medicina F&iacute;sica e Reabilita&ccedil;&atilde;o<\/td><td class=\"has-text-align-center\" data-align=\"center\">9<\/td><td class=\"has-text-align-center\" data-align=\"center\">3<\/td><td class=\"has-text-align-center\" data-align=\"center\">3<\/td><\/tr><tr><td>Medicina Intensiva Pedi&aacute;trica<\/td><td class=\"has-text-align-center\" data-align=\"center\">5<\/td><td class=\"has-text-align-center\" data-align=\"center\">2<\/td><td class=\"has-text-align-center\" data-align=\"center\">2,5<\/td><\/tr><tr><td>Neonatologia<\/td><td class=\"has-text-align-center\" data-align=\"center\">5<\/td><td class=\"has-text-align-center\" data-align=\"center\">3<\/td><td class=\"has-text-align-center\" data-align=\"center\">1,67<\/td><\/tr><tr><td>Infectologia Pedi&aacute;trica<\/td><td class=\"has-text-align-center\" data-align=\"center\">3<\/td><td class=\"has-text-align-center\" data-align=\"center\">2<\/td><td class=\"has-text-align-center\" data-align=\"center\">1,5<\/td><\/tr><tr><td>Ultrassonografia em Ginecologia e Obstetr&iacute;cia<\/td><td class=\"has-text-align-center\" data-align=\"center\">3<\/td><td class=\"has-text-align-center\" data-align=\"center\">2<\/td><td class=\"has-text-align-center\" data-align=\"center\">1,5<\/td><\/tr><tr><td>Cirurgia do Trauma<\/td><td class=\"has-text-align-center\" data-align=\"center\">1<\/td><td class=\"has-text-align-center\" data-align=\"center\">2<\/td><td class=\"has-text-align-center\" data-align=\"center\">0,5<\/td><\/tr><tr><td><strong>Total<\/strong><\/td><td class=\"has-text-align-center\" data-align=\"center\">1541<\/td><td class=\"has-text-align-center\" data-align=\"center\"><\/td><td class=\"has-text-align-center\" data-align=\"center\"><\/td><\/tr><\/tbody><\/table><\/figure><h2 class=\"wp-block-heading\"><span class=\"ez-toc-section\" id=\"Edital-SES-GO-Residencia-Medica-2022\"><\/span><strong>Edital SES-GO Resid&ecirc;ncia M&eacute;dica 2022<\/strong><span class=\"ez-toc-section-end\"><\/span><\/h2><p>Confira aqui o edital completo do seletivo para ingresso em 2022:<\/p><div class=\"wp-block-buttons is-content-justification-center is-layout-flex wp-block-buttons-is-layout-flex\">\n<div class=\"wp-block-button\"><a class=\"wp-block-button__link has-light-green-cyan-to-vivid-green-cyan-gradient-background has-background\" href=\"https:\/\/med.estrategia.com\/portal\/wp-content\/uploads\/2021\/09\/EDITAL_ABERTURA_COREME_SES_2022.pdf\" target=\"_blank\"><strong>Edital SES-GO 2022<\/strong><\/a><\/div>\n<\/div><h2 class=\"wp-block-heading\"><span class=\"ez-toc-section\" id=\"Instituicoes-da-SES-GO-Residencia-Medica-2022\"><\/span>Institui&ccedil;&otilde;es da SES-GO Resid&ecirc;ncia M&eacute;dica 2022<span class=\"ez-toc-section-end\"><\/span><\/h2><p>Os programas de resid&ecirc;ncia na &aacute;rea profissional da sa&uacute;de ser&atilde;o realizados em <strong>sete unidades<\/strong> das SES-GO. Confira os hospitais:<\/p><ul class=\"wp-block-list\"><li>Centro Estadual de Reabilita&ccedil;&atilde;o e Readapta&ccedil;&atilde;o Dr. Henrique Santillo (CRER);<\/li><li>Hospital Estadual de Doen&ccedil;as Tropicais Dr. Anuar Auad (HDT);<\/li><li>Hospital Estadual de Aparecida de Goi&acirc;nia Caio Louzada (HEAPA);<\/li><li>Hospital Estadual Geral de Goi&acirc;nia Dr. Alberto Rassi (HGG);&nbsp;<\/li><li>Hospital Estadual de Urg&ecirc;ncias de Goi&acirc;nia Dr. Valdemiro Cruz (HUGO);&nbsp;<\/li><li>Hospital Estadual Materno-Infantil Dr. Jurandir do Nascimento (HMI); e<\/li><li>Hospital Estadual de Urg&ecirc;ncias da Regi&atilde;o Noroeste de Goi&acirc;nia Governador Ot&aacute;vio Lage de Siqueira (HUGOL).<\/li><\/ul><h2 class=\"wp-block-heading\"><span class=\"ez-toc-section\" id=\"Especialidades-e-Vagas-2022\"><\/span><strong>Especialidades e Vagas 2022<\/strong><span class=\"ez-toc-section-end\"><\/span><\/h2><p>S&atilde;o, ao todo, <strong>152 vagas<\/strong> para especialidades de acesso direto e com pr&eacute;-requisito. Confira:<\/p><h3 class=\"wp-block-heading\"><strong>Acesso Direto<\/strong><\/h3><figure class=\"wp-block-table is-style-stripes\"><table class=\"has-light-green-cyan-to-vivid-green-cyan-gradient-background has-background has-fixed-layout\"><thead><tr><th> <strong>Especialidade<\/strong> <\/th><th class=\"has-text-align-center\" data-align=\"center\"> <strong>Vagas<\/strong> <\/th><\/tr><\/thead><tbody><tr><td>Anestesiologia<\/td><td class=\"has-text-align-center\" data-align=\"center\">10<\/td><\/tr><tr><td>Cirurgia Geral<\/td><td class=\"has-text-align-center\" data-align=\"center\">15<\/td><\/tr><tr><td>Cl&iacute;nica M&eacute;dica<\/td><td class=\"has-text-align-center\" data-align=\"center\">29<\/td><\/tr><tr><td>Dermatologia<\/td><td class=\"has-text-align-center\" data-align=\"center\">2<\/td><\/tr><tr><td>Ginecologia e Obstetr&iacute;cia<\/td><td class=\"has-text-align-center\" data-align=\"center\">6<\/td><\/tr><tr><td>Infectologia<\/td><td class=\"has-text-align-center\" data-align=\"center\">3<\/td><\/tr><tr><td>Medicina F&iacute;sica e Reabilita&ccedil;&atilde;o<\/td><td class=\"has-text-align-center\" data-align=\"center\">3<\/td><\/tr><tr><td>Medicina Intensiva<\/td><td class=\"has-text-align-center\" data-align=\"center\">5<\/td><\/tr><tr><td>Neurocirurgia<\/td><td class=\"has-text-align-center\" data-align=\"center\">1<\/td><\/tr><tr><td>Neurologia<\/td><td class=\"has-text-align-center\" data-align=\"center\">4<\/td><\/tr><tr><td>Ortopedia e Traumatologia*<\/td><td class=\"has-text-align-center\" data-align=\"center\">11<\/td><\/tr><tr><td>Otorrinolaringologia<\/td><td class=\"has-text-align-center\" data-align=\"center\">3<\/td><\/tr><tr><td>Pediatria*<\/td><td class=\"has-text-align-center\" data-align=\"center\">10<\/td><\/tr><tr><td>Psiquiatria<\/td><td class=\"has-text-align-center\" data-align=\"center\">3<\/td><\/tr><tr><td>Radiologia e Diagn&oacute;stico por Imagem<\/td><td class=\"has-text-align-center\" data-align=\"center\">5<\/td><\/tr><\/tbody><\/table><figcaption>* Do total, 1 vaga est&aacute; reservada.<\/figcaption><\/figure><h3 class=\"wp-block-heading\"><strong>Pr&eacute;-Requisito<\/strong><\/h3><figure class=\"wp-block-table is-style-stripes\"><table class=\"has-light-green-cyan-to-vivid-green-cyan-gradient-background has-background has-fixed-layout\"><thead><tr><th> <strong>Especialidade<\/strong> <\/th><th class=\"has-text-align-center\" data-align=\"center\"> <strong>Vagas<\/strong> <\/th><\/tr><\/thead><tbody><tr><td>Cardiologia<\/td><td class=\"has-text-align-center\" data-align=\"center\">4<\/td><\/tr><tr><td>Cirurgia do Aparelho Digestivo<\/td><td class=\"has-text-align-center\" data-align=\"center\">2<\/td><\/tr><tr><td>Cirurgia do Trauma<\/td><td class=\"has-text-align-center\" data-align=\"center\">2<\/td><\/tr><tr><td>Cirurgia Pl&aacute;stica<\/td><td class=\"has-text-align-center\" data-align=\"center\">2<\/td><\/tr><tr><td>Cirurgia Vascular<\/td><td class=\"has-text-align-center\" data-align=\"center\">2<\/td><\/tr><tr><td>Coloproctologia<\/td><td class=\"has-text-align-center\" data-align=\"center\">1<\/td><\/tr><tr><td>Endocrinologia<\/td><td class=\"has-text-align-center\" data-align=\"center\">2<\/td><\/tr><tr><td>Endoscopia<\/td><td class=\"has-text-align-center\" data-align=\"center\">2<\/td><\/tr><tr><td>Endoscopia Ginecol&oacute;gica<\/td><td class=\"has-text-align-center\" data-align=\"center\">1<\/td><\/tr><tr><td>Gastroenterologia<\/td><td class=\"has-text-align-center\" data-align=\"center\">2<\/td><\/tr><tr><td>Geriatria<\/td><td class=\"has-text-align-center\" data-align=\"center\">4<\/td><\/tr><tr><td>Infectologia Pedi&aacute;trica<\/td><td class=\"has-text-align-center\" data-align=\"center\">2<\/td><\/tr><tr><td>Mastologia<\/td><td class=\"has-text-align-center\" data-align=\"center\">2<\/td><\/tr><tr><td>Medicina Intensiva Pedi&aacute;trica<\/td><td class=\"has-text-align-center\" data-align=\"center\">2<\/td><\/tr><tr><td>Nefrologia<\/td><td class=\"has-text-align-center\" data-align=\"center\">2<\/td><\/tr><tr><td>Neonatologia<\/td><td class=\"has-text-align-center\" data-align=\"center\">3<\/td><\/tr><tr><td>Neurofisiologia Cl&iacute;nica<\/td><td class=\"has-text-align-center\" data-align=\"center\">1<\/td><\/tr><tr><td>Pneumologia<\/td><td class=\"has-text-align-center\" data-align=\"center\">2<\/td><\/tr><tr><td>Reumatologia<\/td><td class=\"has-text-align-center\" data-align=\"center\">1<\/td><\/tr><tr><td>Ultrassonografia em Ginecologia e Obstetr&iacute;cia<\/td><td class=\"has-text-align-center\" data-align=\"center\">2<\/td><\/tr><tr><td>Urologia<\/td><td class=\"has-text-align-center\" data-align=\"center\">2<\/td><\/tr><\/tbody><\/table><\/figure><h2 class=\"wp-block-heading\"><span class=\"ez-toc-section\" id=\"Processo-Seletivo-da-SES-GO-Residencia-Medica-2022\"><\/span><strong>Processo Seletivo da SES-GO Resid&ecirc;ncia M&eacute;dica 2022<\/strong><span class=\"ez-toc-section-end\"><\/span><\/h2><p>Ser&atilde;o duas fases: prova objetiva e an&aacute;lise curricular. Confira os detalhes de cada uma abaixo!<\/p><h3 class=\"wp-block-heading\"><strong>Prova Objetiva (1&ordf; fase)<\/strong><\/h3><p>A prova aconteceu no dia <strong>14 de novembro de 2021 <\/strong>e ser&aacute; equivalente a 90% da pontua&ccedil;&atilde;o final, com peso de 100 pontos. O exame foi de m&uacute;ltipla escolha, no modelo ABCD, com dura&ccedil;&atilde;o de 4 horas. <\/p><p>Para as especialidades de <strong>Acesso Direto<\/strong>, foram 100 quest&otilde;es e o conte&uacute;do da prova foi definido a partir das seguintes &aacute;reas:<\/p><ul class=\"wp-block-list\"><li>Cl&iacute;nica Cir&uacute;rgica;<\/li><li>Cl&iacute;nica M&eacute;dica;<\/li><li>Medicina Preventiva e Social;<\/li><li>Medicina Geral de Fam&iacute;lia e Comunidade;<\/li><li>Ginecologia e Obstetr&iacute;cia; e<\/li><li>Pediatria.<\/li><\/ul><p>J&aacute; para as especialidades com <strong>Pr&eacute;-Requisito<\/strong>, foram 50 quest&otilde;es que versaram sobre o conte&uacute;do da especialidade exigida como pr&eacute;-requisito para ingresso no programa. <\/p><h4 class=\"wp-block-heading\"><strong>No dia da prova<\/strong><\/h4><ul class=\"wp-block-list\"><li>Foi obrigat&oacute;ria a apresenta&ccedil;&atilde;o de um Documento de Identidade Original para entrar no local;<\/li><li>S&oacute; foi permitido assinalar as respostas no Cart&atilde;o-Resposta com caneta esferogr&aacute;fica de tinta azul ou preta e de material transparente; e<\/li><li>O candidato p&ocirc;de sair do local de realiza&ccedil;&atilde;o da prova ap&oacute;s terem se passado 2 horas de prova, podendo levar o Caderno de Quest&otilde;es.<\/li><\/ul><p>No dia <strong>16 de novembro de 2021<\/strong> foram liberadas as<strong> provas e gabaritos preliminares<\/strong> da SES-GO. O<strong> prazo para a interposi&ccedil;&atilde;o de recursos<\/strong> vai at&eacute; o dia <strong>18 de novembro de 2021<\/strong>. Confira!<\/p><div class=\"wp-block-buttons is-content-justification-center is-layout-flex wp-block-buttons-is-layout-flex\">\n<div class=\"wp-block-button\"><a class=\"wp-block-button__link has-light-green-cyan-background-color has-background\" href=\"https:\/\/centrodeselecao.ufg.br\/2022\/coreme-ses\/sistema\/provas_gabaritos\/provas\/ACESSO_DIRETO.pdf\" target=\"_blank\">Baixe aqui a prova de Acesso Direto!<\/a><\/div>\n<\/div><div class=\"wp-block-buttons is-content-justification-center is-layout-flex wp-block-buttons-is-layout-flex\">\n<div class=\"wp-block-button\"><a class=\"wp-block-button__link has-light-green-cyan-background-color has-background\" href=\"https:\/\/med.estrategia.com\/portal\/wp-content\/uploads\/2021\/12\/gabaritos-ses-go.zip\" target=\"_blank\">Gabaritos definitivos SES-GO 2022<\/a><\/div>\n<\/div><div class=\"wp-block-buttons is-content-justification-center is-layout-flex wp-block-buttons-is-layout-flex\">\n<div class=\"wp-block-button\"><a class=\"wp-block-button__link\" href=\"https:\/\/med.estrategia.com\/portal\/wp-content\/uploads\/2021\/12\/2021_12_14_COREMESES2022_Resultado_Final_PO.pdf\" target=\"_blank\">Confira o resultado final da prova!<\/a><\/div>\n<\/div><h3 class=\"wp-block-heading\"><strong>An&aacute;lise Curricular (2&ordf; fase)<\/strong><\/h3><p>Os alunos que forem aprovados na prova objetiva do processo seletivo ser&atilde;o convocados a enviar o seu <a href=\"https:\/\/med.estrategia.com\/portal\/residencia-medica\/analise-curricular\/analise-curricular-residencia-medica\/\" target=\"_blank\">Curriculum Vitae para an&aacute;lise<\/a>. Essa fase tamb&eacute;m ter&aacute; pontua&ccedil;&atilde;o m&aacute;xima de 100 pontos.<\/p><p>Confira abaixo os crit&eacute;rios de pontua&ccedil;&atilde;o:<\/p><figure class=\"wp-block-table is-style-stripes\"><table class=\"has-light-green-cyan-to-vivid-green-cyan-gradient-background has-background has-fixed-layout\"><thead><tr><th> <strong>CRIT&Eacute;RIO<\/strong> <\/th><th class=\"has-text-align-center\" data-align=\"center\"> <strong>PONTUA&Ccedil;&Atilde;O M&Aacute;XIMA<\/strong> <\/th><\/tr><\/thead><tbody><tr><td>Hist&oacute;rico Escolar do Curso de Medicina<\/td><td class=\"has-text-align-center\" data-align=\"center\">25,00<\/td><\/tr><tr><td>Institui&ccedil;&atilde;o de Ensino de Origem<\/td><td class=\"has-text-align-center\" data-align=\"center\">12,00<\/td><\/tr><tr><td>Programa Oficial de Estudo, Pesquisa ou Extens&atilde;o<\/td><td class=\"has-text-align-center\" data-align=\"center\">10,00<\/td><\/tr><tr><td>Monitoria<\/td><td class=\"has-text-align-center\" data-align=\"center\">5,00<\/td><\/tr><tr><td>Publica&ccedil;&otilde;es de Artigos Completos em Peri&oacute;dicos com Corpo Editorial ou Cap&iacute;tulo de Livro em Editora com Conselho Editorial<\/td><td class=\"has-text-align-center\" data-align=\"center\">10,00<\/td><\/tr><tr><td>Trabalhos Cient&iacute;ficos<\/td><td class=\"has-text-align-center\" data-align=\"center\">6,00<\/td><\/tr><tr><td>Participa&ccedil;&atilde;o em Associa&ccedil;&otilde;es e Representa&ccedil;&otilde;es<\/td><td class=\"has-text-align-center\" data-align=\"center\">5,00<\/td><\/tr><tr><td>Participa&ccedil;&atilde;o em Eventos Cient&iacute;ficos<\/td><td class=\"has-text-align-center\" data-align=\"center\">5,00<\/td><\/tr><tr><td>Participa&ccedil;&atilde;o e Aprova&ccedil;&atilde;o em Curso de Suporte Avan&ccedil;ado &agrave; Vida<\/td><td class=\"has-text-align-center\" data-align=\"center\">4,00<\/td><\/tr><tr><td>Atividade de Extens&atilde;o e Extracurriculares<\/td><td class=\"has-text-align-center\" data-align=\"center\">10,00<\/td><\/tr><tr><td>Est&aacute;gio<\/td><td class=\"has-text-align-center\" data-align=\"center\">3,00<\/td><\/tr><tr><td>Teste de Egresso<\/td><td class=\"has-text-align-center\" data-align=\"center\">5,00<\/td><\/tr><\/tbody><\/table><\/figure><div class=\"wp-block-buttons is-content-justification-center is-layout-flex wp-block-buttons-is-layout-flex\">\n<div class=\"wp-block-button\"><a class=\"wp-block-button__link\" href=\"https:\/\/med.estrategia.com\/portal\/wp-content\/uploads\/2022\/01\/2022_01_19_COREMESES2022_Resultado_Final_da_ACV.pdf\" target=\"_blank\">Confira o resultado final da 2&ordf; fase!<\/a><\/div>\n<\/div><h2 class=\"wp-block-heading\"><span class=\"ez-toc-section\" id=\"Resultado-final\"><\/span><strong>Resultado final<\/strong><span class=\"ez-toc-section-end\"><\/span><\/h2><p>A Pontua&ccedil;&atilde;o final (PF) dos candidatos ser&aacute; obtida por meio da m&eacute;dia ponderada dos pontos obtidos na Prova Objetiva, com peso 9 (nove), e na An&aacute;lise do Curriculum Vitae, com peso 1 (um), ou seja, por meio da seguinte f&oacute;rmula:<\/p><p class=\"has-text-align-center\"><strong>PF = (9*PO + 1*CV)\/10<\/strong><\/p><p>Em que:<\/p><p>PF = Pontua&ccedil;&atilde;o Final<\/p><p>PO = Nota da Prova Objetiva<\/p><p>CV = Pontua&ccedil;&atilde;o do Curriculum Vitae<\/p><div class=\"wp-block-buttons is-content-justification-center is-layout-flex wp-block-buttons-is-layout-flex\">\n<div class=\"wp-block-button\"><a class=\"wp-block-button__link\" href=\"https:\/\/med.estrategia.com\/portal\/wp-content\/uploads\/2022\/02\/2022_02_03_COREMESES2022_Resultado_Final_do_PS.pdf\" target=\"_blank\">Confira o resultado final!<\/a><\/div>\n<\/div><p>J&aacute; em <strong>caso de empate<\/strong>, foram considerados os seguintes crit&eacute;rios:<\/p><ol class=\"wp-block-list\"><li>Maior nota na Prova Objetiva;&nbsp;<\/li><li>Maior nota na An&aacute;lise do Curriculum Vitae;&nbsp;ou<\/li><li>Maior idade.<\/li><\/ol><h2 class=\"wp-block-heading\"><span class=\"ez-toc-section\" id=\"Nota-de-Corte-da-SES-GO-Residencia-Medica-2021\"><\/span><strong>Nota de Corte da SES-GO Resid&ecirc;ncia M&eacute;dica 2021<\/strong><span class=\"ez-toc-section-end\"><\/span><\/h2><p>O seletivo da SES-GO para Resid&ecirc;ncia M&eacute;dica em 2021 recebeu 1.606 inscritos. Se voc&ecirc; est&aacute; se preparando para a edi&ccedil;&atilde;o de 2022 da SES-GO, n&atilde;o deixe de conferir quais foram as notas de corte do seletivo 2021!<\/p><figure class=\"wp-block-table is-style-stripes\"><table class=\"has-light-green-cyan-to-vivid-green-cyan-gradient-background has-background has-fixed-layout\"><thead><tr><th> <strong>Especialidades<\/strong> <\/th><th class=\"has-text-align-center\" data-align=\"center\"> <strong>Nota<\/strong> <\/th><\/tr><\/thead><tbody><tr><td>Anestesiologia<\/td><td class=\"has-text-align-center\" data-align=\"center\">50<\/td><\/tr><tr><td>&Aacute;rea Cir&uacute;rgica B&aacute;sica<\/td><td class=\"has-text-align-center\" data-align=\"center\">50<\/td><\/tr><tr><td>Cirurgia Geral<\/td><td class=\"has-text-align-center\" data-align=\"center\">50<\/td><\/tr><tr><td>Cl&iacute;nica M&eacute;dica<\/td><td class=\"has-text-align-center\" data-align=\"center\">50<\/td><\/tr><tr><td>Dermatologia<\/td><td class=\"has-text-align-center\" data-align=\"center\">51<\/td><\/tr><tr><td>Infectologia<\/td><td class=\"has-text-align-center\" data-align=\"center\">50<\/td><\/tr><tr><td>Medicina F&iacute;sica e Reabilita&ccedil;&atilde;o<\/td><td class=\"has-text-align-center\" data-align=\"center\">51<\/td><\/tr><tr><td>Neurocirurgia<\/td><td class=\"has-text-align-center\" data-align=\"center\">50<\/td><\/tr><tr><td>Neurologia<\/td><td class=\"has-text-align-center\" data-align=\"center\">50<\/td><\/tr><tr><td>Obstetr&iacute;cia e Ginecologia<\/td><td class=\"has-text-align-center\" data-align=\"center\">50<\/td><\/tr><tr><td>Ortopedia e Traumatologia<\/td><td class=\"has-text-align-center\" data-align=\"center\">50<\/td><\/tr><tr><td>Otorrinolaringologia<\/td><td class=\"has-text-align-center\" data-align=\"center\">51<\/td><\/tr><tr><td>Pediatria<\/td><td class=\"has-text-align-center\" data-align=\"center\">50<\/td><\/tr><tr><td>Psiquiatria<\/td><td class=\"has-text-align-center\" data-align=\"center\">50<\/td><\/tr><tr><td>Radiologia e Diagn&oacute;stico por Imagem<\/td><td class=\"has-text-align-center\" data-align=\"center\">50<\/td><\/tr><\/tbody><\/table><figcaption>As notas acima s&atilde;o equivalentes &agrave; pontua&ccedil;&atilde;o dos &uacute;ltimos candidatos classificados na prova objetiva.<\/figcaption><\/figure><p>Gostou de saber mais sobre o seletivo da SES-GO Resid&ecirc;ncia M&eacute;dica? N&atilde;o deixe de conferir, tamb&eacute;m, os outros textos sobre os seletivos para Resid&ecirc;ncia M&eacute;dica das demais institui&ccedil;&otilde;es do Brasil!<\/p><p><\/p><p><strong><a id=\"cta\" class=\"cta-imagem\" href=\"https:\/\/med.estrategia.com\/cursos\/extensivo-de-residncia-mdica\/\" target=\"blank\">\n                <img decoding=\"async\" width=\"100%\" src=\"https:\/\/med.estrategia.com\/portal\/wp-content\/uploads\/2025\/08\/extensivo_rm.jpg\" alt=\"Extensivo RM\" title=\"extensivo_rm\">\n        <\/a><\/strong><\/p><h2 class=\"wp-block-heading\"><span class=\"ez-toc-section\" id=\"Veja-tambem\"><\/span>Veja tamb&eacute;m:<span class=\"ez-toc-section-end\"><\/span><\/h2><ul class=\"wp-block-list\"><li><a href=\"https:\/\/med.estrategia.com\/portal\/residencia-medica\/provas\/ses-go-provas-e-editais\/\">Provas de resid&ecirc;ncia m&eacute;dica SES-GO 2021<\/a><\/li><li><a href=\"https:\/\/med.estrategia.com\/portal\/residencia-medica\/ses-df-residencia-medica\/\">Resid&ecirc;ncia M&eacute;dica SES-DF<\/a><\/li><li><a href=\"https:\/\/med.estrategia.com\/portal\/residencia-medica\/hfa-residencia-medica\/\">Resid&ecirc;ncia M&eacute;dica HFA-DF<\/a><\/li><li><a href=\"https:\/\/med.estrategia.com\/portal\/residencia-medica\/hc-ufg-residencia-medica\/\">Resid&ecirc;ncia M&eacute;dica HC-UFG<\/a><\/li><li><a href=\"https:\/\/med.estrategia.com\/portal\/residencia-medica\/ufmt-residencia-medica\/\">Resid&ecirc;ncia M&eacute;dica UFMT<\/a><\/li><li><a href=\"https:\/\/med.estrategia.com\/portal\/residencia-medica\/ses-mt-residencia-medica\/\">Resid&ecirc;ncia M&eacute;dica SES-MT<\/a><\/li><li><a href=\"https:\/\/med.estrategia.com\/portal\/residencia-medica\/ufgd-residencia-medica\/\">Resid&ecirc;ncia M&eacute;dica UFGD<\/a><\/li><li><a href=\"https:\/\/med.estrategia.com\/portal\/residencia-medica\/especialidades\/10-residencias-medicas-com-mais-vagas-por-especialidade\/\">10 Resid&ecirc;ncias M&eacute;dicas com mais vagas por especialidade<\/a><\/li><li><a href=\"https:\/\/med.estrategia.com\/portal\/residencia-medica\/residencias-medicas-mais-concorridos\/\">10 Resid&ecirc;ncias M&eacute;dicas mais concorridas<\/a><\/li><li><a href=\"https:\/\/med.estrategia.com\/portal\/residencia-medica\/usp-sp-residencia-medica\/\">Resid&ecirc;ncia M&eacute;dica USP SP<\/a><\/li><li><a href=\"https:\/\/med.estrategia.com\/portal\/residencia-medica\/enare-vagas-cronograma-provas-edital\/\">Resid&ecirc;ncia M&eacute;dica ENARE<\/a><\/li><\/ul><\/p>\n","protected":false},"excerpt":{"rendered":"Agora que o edital 2022 da SES-GO para Resid&ecirc;ncia M&eacute;dica saiu, o Estrat&eacute;gia MED separou tudo que voc&ecirc;&hellip;\n","protected":false},"author":29,"featured_media":8448,"comment_status":"open","ping_status":"open","sticky":false,"template":"","format":"standard","meta":{"wl_entities_gutenberg":"","footnotes":""},"categories":[24],"tags":[149,147],"wl_entity_type":[199],"class_list":{"0":"post-25475","1":"post","2":"type-post","3":"status-publish","4":"format-standard","5":"has-post-thumbnail","7":"category-residencia-medica","8":"tag-ses-go-residencia-medica","9":"tag-ses-go","10":"wl_entity_type-article"},"acf":[],"yoast_head":"<!-- This site is optimized with the Yoast SEO Premium plugin v26.6 (Yoast SEO v26.6) - https:\/\/yoast.com\/wordpress\/plugins\/seo\/ -->\n<title>Resid\u00eancia M\u00e9dica SES-GO 2022: tudo sobre a edi\u00e7\u00e3o!<\/title>\n<meta name=\"description\" content=\"Saiba tudo sobre o processo seletivo 2022 da SES-GO para Resid\u00eancia M\u00e9dica. Cronograma, nota de corte, vagas e muito mais voc\u00ea encontra aqui!\" \/>\n<meta name=\"robots\" content=\"index, follow, max-snippet:-1, max-image-preview:large, max-video-preview:-1\" \/>\n<link rel=\"canonical\" href=\"https:\/\/med.estrategia.com\/portal\/residencia-medica\/residencia-medica-ses-go-2022-tudo-sobre-a-edicao\/\" \/>\n<meta property=\"og:locale\" content=\"pt_BR\" \/>\n<meta property=\"og:type\" content=\"article\" \/>\n<meta property=\"og:title\" content=\"Resid\u00eancia M\u00e9dica SES-GO 2022: tudo sobre a edi\u00e7\u00e3o!\" \/>\n<meta property=\"og:description\" content=\"Saiba tudo sobre o processo seletivo 2022 da SES-GO para Resid\u00eancia M\u00e9dica. Cronograma, nota de corte, vagas e muito mais voc\u00ea encontra aqui!\" \/>\n<meta property=\"og:url\" content=\"https:\/\/med.estrategia.com\/portal\/residencia-medica\/residencia-medica-ses-go-2022-tudo-sobre-a-edicao\/\" \/>\n<meta property=\"og:site_name\" content=\"Estrat\u00e9gia MED\" \/>\n<meta property=\"article:publisher\" content=\"https:\/\/www.facebook.com\/estrategiamed1\" \/>\n<meta property=\"article:published_time\" content=\"2020-11-09T11:31:17+00:00\" \/>\n<meta property=\"article:modified_time\" content=\"2022-09-12T12:55:15+00:00\" \/>\n<meta property=\"og:image\" content=\"https:\/\/cdn.medblog.estrategiaeducacional.com.br\/wp-content\/uploads\/2020\/11\/18084822\/Provao-de-bolsas-2.jpg\" \/>\n\t<meta property=\"og:image:width\" content=\"1920\" \/>\n\t<meta property=\"og:image:height\" content=\"1080\" \/>\n\t<meta property=\"og:image:type\" content=\"image\/jpeg\" \/>\n<meta name=\"author\" content=\"Reda\u00e7\u00e3o - Estrat\u00e9gia MED\" \/>\n<meta name=\"twitter:card\" content=\"summary_large_image\" \/>\n<meta name=\"twitter:creator\" content=\"@estrategiamed_\" \/>\n<meta name=\"twitter:site\" content=\"@estrategiamed_\" \/>\n<meta name=\"twitter:label1\" content=\"Escrito por\" \/>\n\t<meta name=\"twitter:data1\" content=\"Reda\u00e7\u00e3o - Estrat\u00e9gia MED\" \/>\n\t<meta name=\"twitter:label2\" content=\"Est. tempo de leitura\" \/>\n\t<meta name=\"twitter:data2\" content=\"8 minutos\" \/>\n<script type=\"application\/ld+json\" class=\"yoast-schema-graph\">{\"@context\":\"https:\/\/schema.org\",\"@graph\":[{\"@type\":\"WebPage\",\"@id\":\"https:\/\/med.estrategia.com\/portal\/residencia-medica\/residencia-medica-ses-go-2022-tudo-sobre-a-edicao\/\",\"url\":\"https:\/\/med.estrategia.com\/portal\/residencia-medica\/residencia-medica-ses-go-2022-tudo-sobre-a-edicao\/\",\"name\":\"Resid\u00eancia M\u00e9dica SES-GO 2022: tudo sobre a edi\u00e7\u00e3o!\",\"isPartOf\":{\"@id\":\"https:\/\/med.estrategia.com\/portal\/#website\"},\"primaryImageOfPage\":{\"@id\":\"https:\/\/med.estrategia.com\/portal\/residencia-medica\/residencia-medica-ses-go-2022-tudo-sobre-a-edicao\/#primaryimage\"},\"image\":{\"@id\":\"https:\/\/med.estrategia.com\/portal\/residencia-medica\/residencia-medica-ses-go-2022-tudo-sobre-a-edicao\/#primaryimage\"},\"thumbnailUrl\":\"https:\/\/med.estrategia.com\/portal\/wp-content\/uploads\/2020\/11\/Provao-de-bolsas-2.jpg\",\"datePublished\":\"2020-11-09T11:31:17+00:00\",\"dateModified\":\"2022-09-12T12:55:15+00:00\",\"author\":{\"@id\":\"https:\/\/med.estrategia.com\/portal\/#\/schema\/person\/08697bdf5b568f54e7cb36a85b30bfb3\"},\"description\":\"Saiba tudo sobre o processo seletivo 2022 da SES-GO para Resid\u00eancia M\u00e9dica. Cronograma, nota de corte, vagas e muito mais voc\u00ea encontra aqui!\",\"breadcrumb\":{\"@id\":\"https:\/\/med.estrategia.com\/portal\/residencia-medica\/residencia-medica-ses-go-2022-tudo-sobre-a-edicao\/#breadcrumb\"},\"inLanguage\":\"pt-BR\",\"potentialAction\":[{\"@type\":\"ReadAction\",\"target\":[\"https:\/\/med.estrategia.com\/portal\/residencia-medica\/residencia-medica-ses-go-2022-tudo-sobre-a-edicao\/\"]}]},{\"@type\":\"ImageObject\",\"inLanguage\":\"pt-BR\",\"@id\":\"https:\/\/med.estrategia.com\/portal\/residencia-medica\/residencia-medica-ses-go-2022-tudo-sobre-a-edicao\/#primaryimage\",\"url\":\"https:\/\/med.estrategia.com\/portal\/wp-content\/uploads\/2020\/11\/Provao-de-bolsas-2.jpg\",\"contentUrl\":\"https:\/\/med.estrategia.com\/portal\/wp-content\/uploads\/2020\/11\/Provao-de-bolsas-2.jpg\",\"width\":1920,\"height\":1080,\"caption\":\"SES GO Resid\u00eancia M\u00e9dica\"},{\"@type\":\"BreadcrumbList\",\"@id\":\"https:\/\/med.estrategia.com\/portal\/residencia-medica\/residencia-medica-ses-go-2022-tudo-sobre-a-edicao\/#breadcrumb\",\"itemListElement\":[{\"@type\":\"ListItem\",\"position\":1,\"name\":\"Home\",\"item\":\"https:\/\/med.estrategia.com\/portal\/\"},{\"@type\":\"ListItem\",\"position\":2,\"name\":\"Resid\u00eancia M\u00e9dica\",\"item\":\"https:\/\/med.estrategia.com\/portal\/residencia-medica\/\"},{\"@type\":\"ListItem\",\"position\":3,\"name\":\"Resid\u00eancia M\u00e9dica SES-GO 2022: tudo sobre a edi\u00e7\u00e3o!\"}]},{\"@type\":\"WebSite\",\"@id\":\"https:\/\/med.estrategia.com\/portal\/#website\",\"url\":\"https:\/\/med.estrategia.com\/portal\/\",\"name\":\"Estrat\u00e9gia MED\",\"description\":\"\",\"potentialAction\":[{\"@type\":\"SearchAction\",\"target\":{\"@type\":\"EntryPoint\",\"urlTemplate\":\"https:\/\/med.estrategia.com\/portal\/?s={search_term_string}\"},\"query-input\":{\"@type\":\"PropertyValueSpecification\",\"valueRequired\":true,\"valueName\":\"search_term_string\"}}],\"inLanguage\":\"pt-BR\"},{\"@type\":\"Person\",\"@id\":\"https:\/\/med.estrategia.com\/portal\/#\/schema\/person\/08697bdf5b568f54e7cb36a85b30bfb3\",\"name\":\"Reda\u00e7\u00e3o - Estrat\u00e9gia MED\",\"image\":{\"@type\":\"ImageObject\",\"inLanguage\":\"pt-BR\",\"@id\":\"https:\/\/med.estrategia.com\/portal\/#\/schema\/person\/image\/\",\"url\":\"https:\/\/med.estrategia.com\/portal\/wp-content\/uploads\/2021\/08\/WhatsApp-Image-2021-08-05-at-22.32.07-1-150x150.webp\",\"contentUrl\":\"https:\/\/med.estrategia.com\/portal\/wp-content\/uploads\/2021\/08\/WhatsApp-Image-2021-08-05-at-22.32.07-1-150x150.webp\",\"caption\":\"Reda\u00e7\u00e3o - Estrat\u00e9gia MED\"},\"url\":\"https:\/\/med.estrategia.com\/portal\/author\/redacaoemed\/\"}]}<\/script>\n<!-- \/ Yoast SEO Premium plugin. -->","yoast_head_json":{"title":"Resid\u00eancia M\u00e9dica SES-GO 2022: tudo sobre a edi\u00e7\u00e3o!","description":"Saiba tudo sobre o processo seletivo 2022 da SES-GO para Resid\u00eancia M\u00e9dica. Cronograma, nota de corte, vagas e muito mais voc\u00ea encontra aqui!","robots":{"index":"index","follow":"follow","max-snippet":"max-snippet:-1","max-image-preview":"max-image-preview:large","max-video-preview":"max-video-preview:-1"},"canonical":"https:\/\/med.estrategia.com\/portal\/residencia-medica\/residencia-medica-ses-go-2022-tudo-sobre-a-edicao\/","og_locale":"pt_BR","og_type":"article","og_title":"Resid\u00eancia M\u00e9dica SES-GO 2022: tudo sobre a edi\u00e7\u00e3o!","og_description":"Saiba tudo sobre o processo seletivo 2022 da SES-GO para Resid\u00eancia M\u00e9dica. Cronograma, nota de corte, vagas e muito mais voc\u00ea encontra aqui!","og_url":"https:\/\/med.estrategia.com\/portal\/residencia-medica\/residencia-medica-ses-go-2022-tudo-sobre-a-edicao\/","og_site_name":"Estrat\u00e9gia MED","article_publisher":"https:\/\/www.facebook.com\/estrategiamed1","article_published_time":"2020-11-09T11:31:17+00:00","article_modified_time":"2022-09-12T12:55:15+00:00","og_image":[{"width":1920,"height":1080,"url":"https:\/\/cdn.medblog.estrategiaeducacional.com.br\/wp-content\/uploads\/2020\/11\/18084822\/Provao-de-bolsas-2.jpg","type":"image\/jpeg"}],"author":"Reda\u00e7\u00e3o - Estrat\u00e9gia MED","twitter_card":"summary_large_image","twitter_creator":"@estrategiamed_","twitter_site":"@estrategiamed_","twitter_misc":{"Escrito por":"Reda\u00e7\u00e3o - Estrat\u00e9gia MED","Est. tempo de leitura":"8 minutos"},"schema":{"@context":"https:\/\/schema.org","@graph":[{"@type":"WebPage","@id":"https:\/\/med.estrategia.com\/portal\/residencia-medica\/residencia-medica-ses-go-2022-tudo-sobre-a-edicao\/","url":"https:\/\/med.estrategia.com\/portal\/residencia-medica\/residencia-medica-ses-go-2022-tudo-sobre-a-edicao\/","name":"Resid\u00eancia M\u00e9dica SES-GO 2022: tudo sobre a edi\u00e7\u00e3o!","isPartOf":{"@id":"https:\/\/med.estrategia.com\/portal\/#website"},"primaryImageOfPage":{"@id":"https:\/\/med.estrategia.com\/portal\/residencia-medica\/residencia-medica-ses-go-2022-tudo-sobre-a-edicao\/#primaryimage"},"image":{"@id":"https:\/\/med.estrategia.com\/portal\/residencia-medica\/residencia-medica-ses-go-2022-tudo-sobre-a-edicao\/#primaryimage"},"thumbnailUrl":"https:\/\/med.estrategia.com\/portal\/wp-content\/uploads\/2020\/11\/Provao-de-bolsas-2.jpg","datePublished":"2020-11-09T11:31:17+00:00","dateModified":"2022-09-12T12:55:15+00:00","author":{"@id":"https:\/\/med.estrategia.com\/portal\/#\/schema\/person\/08697bdf5b568f54e7cb36a85b30bfb3"},"description":"Saiba tudo sobre o processo seletivo 2022 da SES-GO para Resid\u00eancia M\u00e9dica. Cronograma, nota de corte, vagas e muito mais voc\u00ea encontra aqui!","breadcrumb":{"@id":"https:\/\/med.estrategia.com\/portal\/residencia-medica\/residencia-medica-ses-go-2022-tudo-sobre-a-edicao\/#breadcrumb"},"inLanguage":"pt-BR","potentialAction":[{"@type":"ReadAction","target":["https:\/\/med.estrategia.com\/portal\/residencia-medica\/residencia-medica-ses-go-2022-tudo-sobre-a-edicao\/"]}]},{"@type":"ImageObject","inLanguage":"pt-BR","@id":"https:\/\/med.estrategia.com\/portal\/residencia-medica\/residencia-medica-ses-go-2022-tudo-sobre-a-edicao\/#primaryimage","url":"https:\/\/med.estrategia.com\/portal\/wp-content\/uploads\/2020\/11\/Provao-de-bolsas-2.jpg","contentUrl":"https:\/\/med.estrategia.com\/portal\/wp-content\/uploads\/2020\/11\/Provao-de-bolsas-2.jpg","width":1920,"height":1080,"caption":"SES GO Resid\u00eancia M\u00e9dica"},{"@type":"BreadcrumbList","@id":"https:\/\/med.estrategia.com\/portal\/residencia-medica\/residencia-medica-ses-go-2022-tudo-sobre-a-edicao\/#breadcrumb","itemListElement":[{"@type":"ListItem","position":1,"name":"Home","item":"https:\/\/med.estrategia.com\/portal\/"},{"@type":"ListItem","position":2,"name":"Resid\u00eancia M\u00e9dica","item":"https:\/\/med.estrategia.com\/portal\/residencia-medica\/"},{"@type":"ListItem","position":3,"name":"Resid\u00eancia M\u00e9dica SES-GO 2022: tudo sobre a edi\u00e7\u00e3o!"}]},{"@type":"WebSite","@id":"https:\/\/med.estrategia.com\/portal\/#website","url":"https:\/\/med.estrategia.com\/portal\/","name":"Estrat\u00e9gia MED","description":"","potentialAction":[{"@type":"SearchAction","target":{"@type":"EntryPoint","urlTemplate":"https:\/\/med.estrategia.com\/portal\/?s={search_term_string}"},"query-input":{"@type":"PropertyValueSpecification","valueRequired":true,"valueName":"search_term_string"}}],"inLanguage":"pt-BR"},{"@type":"Person","@id":"https:\/\/med.estrategia.com\/portal\/#\/schema\/person\/08697bdf5b568f54e7cb36a85b30bfb3","name":"Reda\u00e7\u00e3o - Estrat\u00e9gia MED","image":{"@type":"ImageObject","inLanguage":"pt-BR","@id":"https:\/\/med.estrategia.com\/portal\/#\/schema\/person\/image\/","url":"https:\/\/med.estrategia.com\/portal\/wp-content\/uploads\/2021\/08\/WhatsApp-Image-2021-08-05-at-22.32.07-1-150x150.webp","contentUrl":"https:\/\/med.estrategia.com\/portal\/wp-content\/uploads\/2021\/08\/WhatsApp-Image-2021-08-05-at-22.32.07-1-150x150.webp","caption":"Reda\u00e7\u00e3o - Estrat\u00e9gia MED"},"url":"https:\/\/med.estrategia.com\/portal\/author\/redacaoemed\/"}]}},"_wl_alt_label":[],"wl:entity_url":"\/post\/residencia-medica-ses-go-2022-tudo-sobre-a-edicao","_links":{"self":[{"href":"https:\/\/med.estrategia.com\/portal\/wp-json\/wp\/v2\/posts\/25475","targetHints":{"allow":["GET"]}}],"collection":[{"href":"https:\/\/med.estrategia.com\/portal\/wp-json\/wp\/v2\/posts"}],"about":[{"href":"https:\/\/med.estrategia.com\/portal\/wp-json\/wp\/v2\/types\/post"}],"author":[{"embeddable":true,"href":"https:\/\/med.estrategia.com\/portal\/wp-json\/wp\/v2\/users\/29"}],"replies":[{"embeddable":true,"href":"https:\/\/med.estrategia.com\/portal\/wp-json\/wp\/v2\/comments?post=25475"}],"version-history":[{"count":1,"href":"https:\/\/med.estrategia.com\/portal\/wp-json\/wp\/v2\/posts\/25475\/revisions"}],"predecessor-version":[{"id":25476,"href":"https:\/\/med.estrategia.com\/portal\/wp-json\/wp\/v2\/posts\/25475\/revisions\/25476"}],"wp:featuredmedia":[{"embeddable":true,"href":"https:\/\/med.estrategia.com\/portal\/wp-json\/wp\/v2\/media\/8448"}],"wp:attachment":[{"href":"https:\/\/med.estrategia.com\/portal\/wp-json\/wp\/v2\/media?parent=25475"}],"wp:term":[{"taxonomy":"category","embeddable":true,"href":"https:\/\/med.estrategia.com\/portal\/wp-json\/wp\/v2\/categories?post=25475"},{"taxonomy":"post_tag","embeddable":true,"href":"https:\/\/med.estrategia.com\/portal\/wp-json\/wp\/v2\/tags?post=25475"},{"taxonomy":"wl_entity_type","embeddable":true,"href":"https:\/\/med.estrategia.com\/portal\/wp-json\/wp\/v2\/wl_entity_type?post=25475"}],"curies":[{"name":"wp","href":"https:\/\/api.w.org\/{rel}","templated":true}]}}