{"id":25815,"date":"2022-09-15T10:51:41","date_gmt":"2022-09-15T13:51:41","guid":{"rendered":"https:\/\/med.estrategia.com\/portal\/?p=25815"},"modified":"2022-09-20T09:34:23","modified_gmt":"2022-09-20T12:34:23","slug":"hospital-pequeno-principe-2023-editais-divulgados","status":"publish","type":"post","link":"https:\/\/med.estrategia.com\/portal\/noticias\/hospital-pequeno-principe-2023-editais-divulgados\/","title":{"rendered":"Hospital Pequeno Pr\u00edncipe 2023: editais divulgados!"},"content":{"rendered":"<p>Nesta quinta-feira (15) os editais da edi&ccedil;&atilde;o 2023 do processo seletivo para Resid&ecirc;ncia M&eacute;dica do Hospital Pequeno Pr&iacute;ncipe foram divulgados atrav&eacute;s do site da Faculdades Pequeno Pr&iacute;ncipe. O processo seletivo oferece vagas para atua&ccedil;&atilde;o em especialidades de acesso direto e em especialidades com Pediatria como pr&eacute;-requisito, e as <a href=\"https:\/\/faculdadespequenoprincipe.edu.br\/residencias\/residencia-medica\/\" target=\"_blank\">inscri&ccedil;&otilde;es est&atilde;o abertas<\/a>! Confira os principais detalhes abaixo.&nbsp;<div id=\"ez-toc-container\" class=\"ez-toc-v2_0_79_2 counter-hierarchy ez-toc-counter ez-toc-transparent ez-toc-container-direction\">\n<div class=\"ez-toc-title-container\"><p class=\"ez-toc-title\" style=\"cursor:inherit\">Navegue pelo conte\u00fado<\/p>\n<\/div><nav><ul class='ez-toc-list ez-toc-list-level-1 ' ><li class='ez-toc-page-1 ez-toc-heading-level-2'><a class=\"ez-toc-link ez-toc-heading-1\" href=\"https:\/\/med.estrategia.com\/portal\/noticias\/hospital-pequeno-principe-2023-editais-divulgados\/#Resumo-Edital-Residencia-Medica-HPP-2023\" >Resumo Edital Resid&ecirc;ncia M&eacute;dica HPP 2023<\/a><\/li><li class='ez-toc-page-1 ez-toc-heading-level-2'><a class=\"ez-toc-link ez-toc-heading-2\" href=\"https:\/\/med.estrategia.com\/portal\/noticias\/hospital-pequeno-principe-2023-editais-divulgados\/#Resumo-Edital-Medicina-de-Familia-e-Comunidade-HPP-2023\" >Resumo Edital Medicina de Fam&iacute;lia e Comunidade HPP 2023<\/a><\/li><li class='ez-toc-page-1 ez-toc-heading-level-2'><a class=\"ez-toc-link ez-toc-heading-3\" href=\"https:\/\/med.estrategia.com\/portal\/noticias\/hospital-pequeno-principe-2023-editais-divulgados\/#Resumo-Edital-Areas-de-Atuacao-HPP-2023\" >Resumo Edital &Aacute;reas de Atua&ccedil;&atilde;o HPP 2023<\/a><\/li><li class='ez-toc-page-1 ez-toc-heading-level-2'><a class=\"ez-toc-link ez-toc-heading-4\" href=\"https:\/\/med.estrategia.com\/portal\/noticias\/hospital-pequeno-principe-2023-editais-divulgados\/#Resumo-Edital-Especialidades-em-Saude-da-Crianca-e-do-Adolescente-HPP-2023\" >Resumo Edital Especialidades em Sa&uacute;de da Crian&ccedil;a e do Adolescente HPP 2023<\/a><\/li><li class='ez-toc-page-1 ez-toc-heading-level-2'><a class=\"ez-toc-link ez-toc-heading-5\" href=\"https:\/\/med.estrategia.com\/portal\/noticias\/hospital-pequeno-principe-2023-editais-divulgados\/#Edital-Hospital-Pequeno-Principe-2023\" >Edital Hospital Pequeno Pr&iacute;ncipe 2023<\/a><\/li><li class='ez-toc-page-1 ez-toc-heading-level-2'><a class=\"ez-toc-link ez-toc-heading-6\" href=\"https:\/\/med.estrategia.com\/portal\/noticias\/hospital-pequeno-principe-2023-editais-divulgados\/#O-Hospital-Pequeno-Principe\" >O Hospital Pequeno Pr&iacute;ncipe<\/a><\/li><\/ul><\/nav><\/div>\n<h2 class=\"wp-block-heading\" id=\"h-resumo-edital-residencia-medica-hpp-2023\"><span class=\"ez-toc-section\" id=\"Resumo-Edital-Residencia-Medica-HPP-2023\"><\/span>Resumo Edital Resid&ecirc;ncia M&eacute;dica HPP 2023<span class=\"ez-toc-section-end\"><\/span><\/h2><figure class=\"wp-block-table is-style-stripes\"><table class=\"has-fixed-layout\"><tbody><tr><td><strong>Vagas ofertadas<\/strong><\/td><td class=\"has-text-align-center\" data-align=\"center\">25 (AD) + 6 (PR)<\/td><\/tr><tr><td><strong>Inscri&ccedil;&otilde;es<\/strong><\/td><td class=\"has-text-align-center\" data-align=\"center\">15\/09 a 31\/10\/2022<\/td><\/tr><tr><td><strong>Taxa de inscri&ccedil;&atilde;o<\/strong><\/td><td class=\"has-text-align-center\" data-align=\"center\">R$450,00<\/td><\/tr><tr><td><strong>Composi&ccedil;&atilde;o do processo seletivo<\/strong><\/td><td class=\"has-text-align-center\" data-align=\"center\">1&ordf; Fase: Prova Objetiva (Peso 9) + 2&ordf; Fase: Argui&ccedil;&atilde;o, An&aacute;lise e Defesa de Curr&iacute;culo e Prova Pr&aacute;tica (Peso 1)<\/td><\/tr><tr><td><strong>Data da Prova Objetiva<\/strong><\/td><td class=\"has-text-align-center\" data-align=\"center\">27\/11\/2022 &ndash; 8h<\/td><\/tr><tr><td><strong>2&ordf; Fase &ndash; Oncologia Pedi&aacute;trica e Psiquiatria<\/strong><\/td><td class=\"has-text-align-center\" data-align=\"center\">27\/11\/2022 &ndash; 14h<br>Obs: Prova Pr&aacute;tica ser&aacute; aplicada apenas para os candidatos de Oncologia Pedi&aacute;trica<\/td><\/tr><tr><td><strong>Gabarito Preliminar<\/strong><\/td><td class=\"has-text-align-center\" data-align=\"center\">28\/11\/2022<\/td><\/tr><tr><td><strong>Recursos ao Gabarito<\/strong><\/td><td class=\"has-text-align-center\" data-align=\"center\">28 e 29\/11\/2022<\/td><\/tr><tr><td><strong>Gabarito Definitivo<\/strong><\/td><td class=\"has-text-align-center\" data-align=\"center\">07\/12\/2022<\/td><\/tr><tr><td><strong>Classifica&ccedil;&atilde;o Preliminar<\/strong>&nbsp;<strong>da 1&ordf; Fase<\/strong> <strong>+ Classifica&ccedil;&atilde;o Preliminar da 2&ordf; Fase (Oncologia e Psiquiatria<\/strong><\/td><td class=\"has-text-align-center\" data-align=\"center\">07\/12\/2022<\/td><\/tr><tr><td><strong>Recursos contra classifica&ccedil;&atilde;o preliminar <\/strong><\/td><td class=\"has-text-align-center\" data-align=\"center\">07 e 08\/12\/2022<\/td><\/tr><tr><td><strong>2&ordf; Fase &ndash; Demais Especialidades<\/strong> <strong>(sem prova pr&aacute;tica)<\/strong><\/td><td class=\"has-text-align-center\" data-align=\"center\">13\/12\/2022<\/td><\/tr><tr><td><strong>Classifica&ccedil;&atilde;o Preliminar da 2&ordf; Fase (Demais Especialidades)<\/strong><\/td><td class=\"has-text-align-center\" data-align=\"center\">15\/12\/202<\/td><\/tr><tr><td><strong>Recursos contra Classifica&ccedil;&atilde;o Preliminar<\/strong><\/td><td class=\"has-text-align-center\" data-align=\"center\">15 e 16\/12\/2022<\/td><\/tr><tr><td><strong>Resultado Preliminar da sele&ccedil;&atilde;o<\/strong><\/td><td class=\"has-text-align-center\" data-align=\"center\">12\/12\/2022<\/td><\/tr><tr><td><strong>Resultado Final &ndash; Oncologia Pedi&aacute;trica e Psiquiatria<\/strong><\/td><td class=\"has-text-align-center\" data-align=\"center\">16\/12\/2022<\/td><\/tr><tr><td><strong>Per&iacute;odo de Matr&iacute;culas &ndash; Oncologia Pedi&aacute;trica e Psiquiatria<\/strong><\/td><td class=\"has-text-align-center\" data-align=\"center\">19 e 20\/12\/2022<\/td><\/tr><tr><td><strong>Resultado Final<\/strong> <strong>&ndash; Demais Especialidades<\/strong><\/td><td class=\"has-text-align-center\" data-align=\"center\">21\/12\/2022<\/td><\/tr><tr><td><strong>Per&iacute;odo de Matr&iacute;culas<\/strong> &ndash; Demais Especialidades<\/td><td class=\"has-text-align-center\" data-align=\"center\">22 e 23\/12\/2022<\/td><\/tr><tr><td><strong>In&iacute;cio dos programas<\/strong><\/td><td class=\"has-text-align-center\" data-align=\"center\">Mar&ccedil;o de 2023<\/td><\/tr><\/tbody><\/table><\/figure><h2 class=\"wp-block-heading\" id=\"h-resumo-edital-medicina-de-familia-e-comunidade-hpp-2023\"><span class=\"ez-toc-section\" id=\"Resumo-Edital-Medicina-de-Familia-e-Comunidade-HPP-2023\"><\/span>Resumo Edital Medicina de Fam&iacute;lia e Comunidade HPP 2023<span class=\"ez-toc-section-end\"><\/span><\/h2><figure class=\"wp-block-table is-style-stripes\"><table><tbody><tr><td><strong>Vagas ofertadas<\/strong><\/td><td class=\"has-text-align-center\" data-align=\"center\">12 vagas<\/td><\/tr><tr><td><strong>Inscri&ccedil;&otilde;es<\/strong><\/td><td class=\"has-text-align-center\" data-align=\"center\">15\/09 a 31\/10\/2022<\/td><\/tr><tr><td><strong>Taxa de inscri&ccedil;&atilde;o<\/strong><\/td><td class=\"has-text-align-center\" data-align=\"center\">R$450,00<\/td><\/tr><tr><td><strong>Composi&ccedil;&atilde;o do processo seletivo<\/strong><\/td><td class=\"has-text-align-center\" data-align=\"center\">1&ordf; Fase: Prova Objetiva (Peso 9) + 2&ordf; Fase: Argui&ccedil;&atilde;o, An&aacute;lise e Defesa de Curr&iacute;culo (Peso 1)<\/td><\/tr><tr><td><strong>Data e hor&aacute;rios da 1&ordf; e 2&ordf; Fase<\/strong><\/td><td class=\"has-text-align-center\" data-align=\"center\">27\/11\/2022<br>1&ordf; Fase 8h \/ 2&ordf; Fase: 14h<\/td><\/tr><tr><td><strong>Gabarito Preliminar<\/strong><\/td><td class=\"has-text-align-center\" data-align=\"center\">28\/11\/2022<\/td><\/tr><tr><td><strong>Recursos ao Gabarito<\/strong><\/td><td class=\"has-text-align-center\" data-align=\"center\">28 e 29\/11\/2022<\/td><\/tr><tr><td><strong>Gabarito Definitivo<\/strong><\/td><td class=\"has-text-align-center\" data-align=\"center\">07\/12\/2022<\/td><\/tr><tr><td><strong>Classifica&ccedil;&atilde;o Preliminar<\/strong>&nbsp;<strong>da 1&ordf; Fase<\/strong> <strong>+ Classifica&ccedil;&atilde;o Preliminar da 2&ordf; Fase<\/strong><\/td><td class=\"has-text-align-center\" data-align=\"center\">07\/12\/2022<\/td><\/tr><tr><td><strong>Recursos contra classifica&ccedil;&atilde;o preliminar de ambas as fases<\/strong><\/td><td class=\"has-text-align-center\" data-align=\"center\">07 e 08\/12\/2022<\/td><\/tr><tr><td><strong>Resultado Preliminar da sele&ccedil;&atilde;o<\/strong><\/td><td class=\"has-text-align-center\" data-align=\"center\">12\/12\/2022<\/td><\/tr><tr><td><strong>Recursos contra Resultado Preliminar<\/strong><\/td><td class=\"has-text-align-center\" data-align=\"center\">12 e 12\/12\/2022<\/td><\/tr><tr><td><strong>Resultado Final<\/strong><\/td><td class=\"has-text-align-center\" data-align=\"center\">16\/12\/2022<\/td><\/tr><tr><td><strong>Per&iacute;odo de Matr&iacute;culas<\/strong><\/td><td class=\"has-text-align-center\" data-align=\"center\">19 e 20\/12\/2022<\/td><\/tr><tr><td><strong>In&iacute;cio dos programas<\/strong><\/td><td class=\"has-text-align-center\" data-align=\"center\">Mar&ccedil;o de 2023<\/td><\/tr><\/tbody><\/table><\/figure><h2 class=\"wp-block-heading\" id=\"h-resumo-edital-areas-de-atuacao-hpp-2023\"><span class=\"ez-toc-section\" id=\"Resumo-Edital-Areas-de-Atuacao-HPP-2023\"><\/span>Resumo Edital &Aacute;reas de Atua&ccedil;&atilde;o HPP 2023<span class=\"ez-toc-section-end\"><\/span><\/h2><figure class=\"wp-block-table is-style-stripes\"><table><tbody><tr><td><strong>Vagas ofertadas<\/strong><\/td><td class=\"has-text-align-center\" data-align=\"center\">24 vagas<\/td><\/tr><tr><td><strong>Inscri&ccedil;&otilde;es<\/strong><\/td><td class=\"has-text-align-center\" data-align=\"center\">15\/09 a 31\/10\/2022<\/td><\/tr><tr><td><strong>Taxa de inscri&ccedil;&atilde;o<\/strong><\/td><td class=\"has-text-align-center\" data-align=\"center\">R$450,00<\/td><\/tr><tr><td><strong>Composi&ccedil;&atilde;o do processo seletivo<\/strong><\/td><td class=\"has-text-align-center\" data-align=\"center\">1&ordf; Fase: Prova Objetiva (Peso 9) + 2&ordf; Fase: Argui&ccedil;&atilde;o, An&aacute;lise e Defesa de Curr&iacute;culo e Prova Pr&aacute;tica (Peso 1)<\/td><\/tr><tr><td><strong>Data e hor&aacute;rios da 1&ordf; e 2&ordf; Fase<\/strong><\/td><td class=\"has-text-align-center\" data-align=\"center\">27\/11\/2022<br>1&ordf; Fase 8h \/ 2&ordf; Fase: 14h<\/td><\/tr><tr><td><strong>Gabarito Preliminar<\/strong><\/td><td class=\"has-text-align-center\" data-align=\"center\">28\/11\/2022<\/td><\/tr><tr><td><strong>Recursos ao Gabarito<\/strong><\/td><td class=\"has-text-align-center\" data-align=\"center\">28 e 29\/11\/2022<\/td><\/tr><tr><td><strong>Gabarito Definitivo<\/strong><\/td><td class=\"has-text-align-center\" data-align=\"center\">07\/12\/2022<\/td><\/tr><tr><td><strong>Classifica&ccedil;&atilde;o Preliminar<\/strong>&nbsp;<strong>da 1&ordf; Fase<\/strong> <strong>+ Classifica&ccedil;&atilde;o Preliminar da 2&ordf; Fase<\/strong><\/td><td class=\"has-text-align-center\" data-align=\"center\">07\/12\/2022<\/td><\/tr><tr><td><strong>Recursos contra classifica&ccedil;&atilde;o preliminar de ambas as fases<\/strong><\/td><td class=\"has-text-align-center\" data-align=\"center\">07 e 08\/12\/2022<\/td><\/tr><tr><td><strong>Resultado Preliminar da sele&ccedil;&atilde;o<\/strong><\/td><td class=\"has-text-align-center\" data-align=\"center\">12\/12\/2022<\/td><\/tr><tr><td><strong>Recursos contra Resultado Preliminar<\/strong><\/td><td class=\"has-text-align-center\" data-align=\"center\">12 e 12\/12\/2022<\/td><\/tr><tr><td><strong>Resultado Final<\/strong><\/td><td class=\"has-text-align-center\" data-align=\"center\">16\/12\/2022<\/td><\/tr><tr><td><strong>Per&iacute;odo de Matr&iacute;culas<\/strong><\/td><td class=\"has-text-align-center\" data-align=\"center\">19 e 20\/12\/2022<\/td><\/tr><tr><td><strong>In&iacute;cio dos programas<\/strong><\/td><td class=\"has-text-align-center\" data-align=\"center\">Mar&ccedil;o de 2023<\/td><\/tr><\/tbody><\/table><\/figure><h2 class=\"wp-block-heading\" id=\"h-resumo-edital-especialidades-em-saude-da-crianca-e-do-adolescente-hpp-2023\"><span class=\"ez-toc-section\" id=\"Resumo-Edital-Especialidades-em-Saude-da-Crianca-e-do-Adolescente-HPP-2023\"><\/span>Resumo Edital Especialidades em Sa&uacute;de da Crian&ccedil;a e do Adolescente HPP 2023<span class=\"ez-toc-section-end\"><\/span><\/h2><figure class=\"wp-block-table is-style-stripes\"><table><tbody><tr><td><strong>Vagas ofertadas<\/strong><\/td><td class=\"has-text-align-center\" data-align=\"center\">14 vagas<\/td><\/tr><tr><td><strong>Inscri&ccedil;&otilde;es<\/strong><\/td><td class=\"has-text-align-center\" data-align=\"center\">15\/09 a 31\/10\/2022<\/td><\/tr><tr><td><strong>Taxa de inscri&ccedil;&atilde;o<\/strong><\/td><td class=\"has-text-align-center\" data-align=\"center\">R$450,00<\/td><\/tr><tr><td><strong>Composi&ccedil;&atilde;o do processo seletivo<\/strong><\/td><td class=\"has-text-align-center\" data-align=\"center\">1&ordf; Fase: Prova Objetiva (Peso 9) + 2&ordf; Fase: Argui&ccedil;&atilde;o, An&aacute;lise e Defesa de Curr&iacute;culo e Prova Pr&aacute;tica (Peso 1)<\/td><\/tr><tr><td><strong>Data e hor&aacute;rios da 1&ordf; e 2&ordf; Fase<\/strong><\/td><td class=\"has-text-align-center\" data-align=\"center\">27\/11\/2022<br>1&ordf; Fase 8h \/ 2&ordf; Fase: 14h<br>Prova Pr&aacute;tica ser&aacute; aplicada apenas para os candidatos de Radiologia Pedi&aacute;trica<\/td><\/tr><tr><td><strong>Gabarito Preliminar<\/strong><\/td><td class=\"has-text-align-center\" data-align=\"center\">28\/11\/2022<\/td><\/tr><tr><td><strong>Recursos ao Gabarito<\/strong><\/td><td class=\"has-text-align-center\" data-align=\"center\">28 e 29\/11\/2022<\/td><\/tr><tr><td><strong>Gabarito Definitivo<\/strong><\/td><td class=\"has-text-align-center\" data-align=\"center\">07\/12\/2022<\/td><\/tr><tr><td><strong>Classifica&ccedil;&atilde;o Preliminar<\/strong>&nbsp;<strong>da 1&ordf; Fase<\/strong> <strong>+ Classifica&ccedil;&atilde;o Preliminar da 2&ordf; Fase<\/strong><\/td><td class=\"has-text-align-center\" data-align=\"center\">07\/12\/2022<\/td><\/tr><tr><td><strong>Recursos contra classifica&ccedil;&atilde;o preliminar de ambas as fases<\/strong><\/td><td class=\"has-text-align-center\" data-align=\"center\">07 e 08\/12\/2022<\/td><\/tr><tr><td><strong>Resultado Preliminar da sele&ccedil;&atilde;o<\/strong><\/td><td class=\"has-text-align-center\" data-align=\"center\">12\/12\/2022<\/td><\/tr><tr><td><strong>Recursos contra Resultado Preliminar<\/strong><\/td><td class=\"has-text-align-center\" data-align=\"center\">12 e 12\/12\/2022<\/td><\/tr><tr><td><strong>Resultado Final<\/strong><\/td><td class=\"has-text-align-center\" data-align=\"center\">16\/12\/2022<\/td><\/tr><tr><td><strong>Per&iacute;odo de Matr&iacute;culas<\/strong><\/td><td class=\"has-text-align-center\" data-align=\"center\">19 e 20\/12\/2022<\/td><\/tr><tr><td><strong>In&iacute;cio dos programas<\/strong><\/td><td class=\"has-text-align-center\" data-align=\"center\">Mar&ccedil;o de 2023<\/td><\/tr><\/tbody><\/table><\/figure><p>Quer saber em detalhes tudo sobre o processo seletivo para resid&ecirc;ncia m&eacute;dica do Hospital Pequeno Pr&iacute;ncipe?&nbsp;<a href=\"https:\/\/med.estrategia.com\/portal\/residencia-medica\/hpp-resicencia-medica\/\" target=\"_blank\">Clique aqui e confira o texto exclusivo<\/a>&nbsp;que preparamos para auxiliar voc&ecirc; a entender como funciona a inscri&ccedil;&atilde;o, prova, vagas ofertadas e mais do Hospital Pequeno Pr&iacute;ncipe 2023 para Resid&ecirc;ncia M&eacute;dica.<\/p><p>Quer ser o primeiro a receber informa&ccedil;&otilde;es sobre os editais 2023? Ent&atilde;o&nbsp;<a href=\"https:\/\/news.google.com\/search?q=estrat%C3%A9gia%20med&amp;hl=pt-BR&amp;gl=BR&amp;ceid=BR%3Apt-419\" target=\"_blank\">siga o Portal do Estrat&eacute;gia MED no Google News,<\/a>&nbsp;clicando na&nbsp;<strong>estrela do lado direito<\/strong>. Al&eacute;m disso, n&atilde;o deixe de assinar a nossa Newsletter para receber essas atualiza&ccedil;&otilde;es diretamente no seu e-mail:<\/p><p>\n\n\n<div id=\"new-form\">\n\t<form id=\"forms_layout\">\n\t<input type=\"hidden\" id=\"chave_de\" name=\"chave_de\" value=\"01_EMED_LEADS_TOTAIS\" \/>\n\t\t<input type=\"hidden\" id=\"mid\" name=\"mid\" value=\"515009018\" \/>\n\t\t<input type=\"hidden\" id=\"Objetivo\" name=\"Objetivo\" value=\"Medicina\" \/>\n\t\t<input type=\"hidden\" id=\"Estado_de_Origem_do_IP\" name=\"Estado_de_Origem_do_IP\"  value=\"\" \/>\n\t\t<input type=\"hidden\" id=\"Cidade_de_Origem_do_IP\" name=\"Cidade_de_Origem_do_IP\" value=\"\" \/>\n\t\t<input type=\"hidden\" id=\"Modo_de_entrada\" name=\"Modo_de_entrada\" value=\"Portal\" \/>\n\t\t<input type=\"hidden\" id=\"Pagina_Origem\" name=\"Pagina_Origem\" value=\"\" \/>\n\n\t\t<div class=\"texto\">\n\t\t\t<h3 class=\"news\">Inscreva-se em nossa newsletter!<\/h3>\n\t\t\t<p>Receba not\u00edcias sobre resid\u00eancia m\u00e9dica, revalida\u00e7\u00e3o de diplomas e concursos m\u00e9dicos, al\u00e9m de materiais de estudo gratuitos e informa\u00e7\u00f5es relevantes do mundo da Medicina.<\/p>\n\t\t<\/div>\n\t\t<div class=\"campos\">\n\t\t\t<div class=\"first_name labels\">\n\t\t\t\t<input type=\"text\" class=\"input_labels\" id=\"first_name\" name=\"Nome_Completo\" placeholder=\"Nome\" required \/>\n\t\t\t<\/div>\n\t\t\t<div class=\"email labels\">\n\t\t\t\t<input type=\"email\" class=\"input_labels\" id=\"email\" name=\"Email\" placeholder=\"E-mail\" required \/>\n\t\t\t<\/div>\n\t\t\t<button type=\"submit\" class=\"button_layout\">\n\t\t\t\t<div id=\"lblBotao\">Inscreva-se<\/div>\n\t\t\t\t<span id=\"divSpiner\" class=\"loader\" role=\"status\" style=\"display: none;\"><\/span>\t\n\t\t\t<\/button>\n\t\t<\/div><!-- \/campos -->\n\t\t\n\t\t<label class=\"container_checkbox\">Voc\u00ea concorda com a nossa\n\t\t\t<a class=\"politics_privacy_ahref\" target=\"_blank\" href=\"https:\/\/gratis.estrategiaconcursos.com.br\/politica-de-privacidade\/\">Pol\u00edtica de Privacidade<\/a> e aceita receber informa\u00e7\u00f5es adicionais do Estrat\u00e9gia Educacional.\n\t\t\t<input id=\"checkbox_layout\" type=\"checkbox\" checked=\"checked\" required \/>\n\t\t\t<span class=\"checkbox\"><\/span>\n\t\t<\/label>\n\t\t<div id=\"msg\"><\/div>\n\t\t<div id=\"error\" class=\"error\">\n\t\t<\/div>\n\t<\/form>\n<\/div><!-- \/new-form -->\n\n\n\n<\/p><h2 class=\"wp-block-heading\" id=\"h-edital-hospital-pequeno-principe-2023\"><span class=\"ez-toc-section\" id=\"Edital-Hospital-Pequeno-Principe-2023\"><\/span>Edital Hospital Pequeno Pr&iacute;ncipe 2023<span class=\"ez-toc-section-end\"><\/span><\/h2><p>Os editais completos do Hospital Pequeno Pr&iacute;ncipe para ingresso dos residentes em 2023 foram divulgados no dia 15 de setembro de 2022 na&nbsp;<a href=\"https:\/\/faculdadespequenoprincipe.edu.br\/residencia\/\" target=\"_blank\">p&aacute;gina da Faculdades Pequeno Pr&iacute;ncipe<\/a>. Confira os documentos clicando nos bot&otilde;es abaixo:<\/p><div class=\"wp-block-buttons is-content-justification-center is-layout-flex wp-block-buttons-is-layout-flex\">\n<div class=\"wp-block-button\"><a class=\"wp-block-button__link\" href=\"https:\/\/med.estrategia.com\/portal\/wp-content\/uploads\/2022\/09\/editalhpp_rm2023.pdf\" target=\"_blank\">Resid&ecirc;ncia M&eacute;dica &ndash; Hospital Pequeno Pr&iacute;ncipe 2023<\/a><\/div>\n\n\n\n<div class=\"wp-block-button\"><a class=\"wp-block-button__link\" href=\"https:\/\/med.estrategia.com\/portal\/wp-content\/uploads\/2022\/09\/editalhpp_mfc2023.pdf\" target=\"_blank\">Medicina de Fam&iacute;lia e Comunidade &ndash; Hospital Pequeno Principe 2023<\/a><\/div>\n\n\n\n<div class=\"wp-block-button\"><a class=\"wp-block-button__link\" href=\"https:\/\/med.estrategia.com\/portal\/wp-content\/uploads\/2022\/09\/editalhpp_aa2023.pdf\" target=\"_blank\">&Aacute;reas de Atua&ccedil;&atilde;o &ndash; Hospital Pequeno Pr&iacute;ncipe 2023<\/a><\/div>\n\n\n\n<div class=\"wp-block-button\"><a class=\"wp-block-button__link\" href=\"https:\/\/med.estrategia.com\/portal\/wp-content\/uploads\/2022\/09\/editalhpp_esp2023.pdf\" target=\"_blank\">Especialidades M&eacute;dicas em Sa&uacute;de da Crian&ccedil;a e do Adolescente &ndash; Hospital Pequeno Pr&iacute;ncipe 2023<\/a><\/div>\n<\/div><h2 class=\"wp-block-heading\" id=\"h-o-hospital-pequeno-principe\"><span class=\"ez-toc-section\" id=\"O-Hospital-Pequeno-Principe\"><\/span>O Hospital Pequeno Pr&iacute;ncipe<span class=\"ez-toc-section-end\"><\/span><\/h2><p>O Hospital Pequeno Pr&iacute;ncipe (HPP) &eacute; uma das estruturas integrantes da Faculdades Pequeno Pr&iacute;ncipe (FPP). Localizado no Paran&aacute;, o HPP &eacute; a unidade voltada para a &aacute;rea da sa&uacute;de do Complexo Pequeno Pr&iacute;ncipe. <br><br>A institui&ccedil;&atilde;o oferece o programa de&nbsp;Resid&ecirc;ncia M&eacute;dica,&nbsp;al&eacute;m de cursos de medicina, biomedicina, enfermagem, farm&aacute;cia e psicologia. S&atilde;o oferecidos tamb&eacute;m cursos de p&oacute;s-gradua&ccedil;&atilde;o Stricto e Latu Sensu.<\/p><p>Para o processo seletivo deste ano, com ingresso dos residentes em 2023, o Hospital Pequeno Pr&iacute;ncipe est&aacute; ofertando vagas divididas entre especialidades m&eacute;dicas de acesso direto e com pr&eacute;-requisitos.&nbsp;<a href=\"https:\/\/med.estrategia.com\/portal\/residencia-medica\/hpp-resicencia-medica\/\" target=\"_blank\">Clique aqui<\/a>&nbsp;e confira a distribui&ccedil;&atilde;o das vagas, al&eacute;m de mais informa&ccedil;&otilde;es sobre a sele&ccedil;&atilde;o!&nbsp;<\/p><p>Para n&atilde;o perder nenhuma atualiza&ccedil;&atilde;o no universo da medicina e ficar por dentro dos seletivos de Resid&ecirc;ncia M&eacute;dica, de revalida&ccedil;&atilde;o de diplomas e conte&uacute;dos t&eacute;cnicos, continue acessando o&nbsp;<a href=\"https:\/\/med.estrategia.com\/portal\/\" target=\"_blank\">Portal do Estrat&eacute;gia MED<\/a>!&nbsp;<\/p><p>\n\n\n\n\n\n<a id=\"cta\" class=\"cta-imagem\" href=\"https:\/\/med.estrategia.com\/curso\/banco-de-questes-resumos-estrategicos-anual\/\" target=\"blank\">\n                <img decoding=\"async\" width=\"100%\" src=\"https:\/\/med.estrategia.com\/portal\/wp-content\/uploads\/2025\/08\/banco_questoes.png\" alt=\"banco_questoes\" title=\"banco_questoes\">\n        <\/a>\n<\/p><\/p>\n","protected":false},"excerpt":{"rendered":"O Hospital Pequeno Pr\u00edncipe \u00e9 o \u00fanico do Brasil com 35 especialidades pedi\u00e1tricas\n","protected":false},"author":39,"featured_media":25813,"comment_status":"closed","ping_status":"closed","sticky":false,"template":"","format":"standard","meta":{"wl_entities_gutenberg":"","footnotes":""},"categories":[300],"tags":[339,421,95],"wl_entity_type":[199],"class_list":{"0":"post-25815","1":"post","2":"type-post","3":"status-publish","4":"format-standard","5":"has-post-thumbnail","7":"category-noticias","8":"tag-hospital-pequeno-principe","9":"tag-hpp","10":"tag-residencia-medica","11":"wl_entity_type-article"},"acf":[],"yoast_head":"<!-- This site is optimized with the Yoast SEO Premium plugin v26.6 (Yoast SEO v26.6) - https:\/\/yoast.com\/wordpress\/plugins\/seo\/ -->\n<title>Hospital Pequeno Pr\u00edncipe 2023: editais divulgados!<\/title>\n<meta name=\"description\" content=\"Aos futuros residentes, foram divulgados os editais do Hospital Pequeno Pr\u00edncipe! Vem dar uma olhada nas principais informa\u00e7\u00f5es agora mesmo.\" \/>\n<meta name=\"robots\" content=\"index, follow, max-snippet:-1, max-image-preview:large, max-video-preview:-1\" \/>\n<link rel=\"canonical\" href=\"https:\/\/med.estrategia.com\/portal\/noticias\/hospital-pequeno-principe-2023-editais-divulgados\/\" \/>\n<meta property=\"og:locale\" content=\"pt_BR\" \/>\n<meta property=\"og:type\" content=\"article\" \/>\n<meta property=\"og:title\" content=\"Hospital Pequeno Pr\u00edncipe 2023: editais divulgados!\" \/>\n<meta property=\"og:description\" content=\"Aos futuros residentes, foram divulgados os editais do Hospital Pequeno Pr\u00edncipe! Vem dar uma olhada nas principais informa\u00e7\u00f5es agora mesmo.\" \/>\n<meta property=\"og:url\" content=\"https:\/\/med.estrategia.com\/portal\/noticias\/hospital-pequeno-principe-2023-editais-divulgados\/\" \/>\n<meta property=\"og:site_name\" content=\"Estrat\u00e9gia MED\" \/>\n<meta property=\"article:publisher\" content=\"https:\/\/www.facebook.com\/estrategiamed1\" \/>\n<meta property=\"article:published_time\" content=\"2022-09-15T13:51:41+00:00\" \/>\n<meta property=\"article:modified_time\" content=\"2022-09-20T12:34:23+00:00\" \/>\n<meta property=\"og:image\" content=\"https:\/\/cdn.medblog.estrategiaeducacional.com.br\/wp-content\/uploads\/2022\/09\/cover_WP_editais-16.jpg\" \/>\n\t<meta property=\"og:image:width\" content=\"1920\" \/>\n\t<meta property=\"og:image:height\" content=\"1080\" \/>\n\t<meta property=\"og:image:type\" content=\"image\/jpeg\" \/>\n<meta name=\"author\" content=\"Ana Carolina Damasceno\" \/>\n<meta name=\"twitter:card\" content=\"summary_large_image\" \/>\n<meta name=\"twitter:creator\" content=\"@estrategiamed_\" \/>\n<meta name=\"twitter:site\" content=\"@estrategiamed_\" \/>\n<meta name=\"twitter:label1\" content=\"Escrito por\" \/>\n\t<meta name=\"twitter:data1\" content=\"Ana Carolina Damasceno\" \/>\n\t<meta name=\"twitter:label2\" content=\"Est. tempo de leitura\" \/>\n\t<meta name=\"twitter:data2\" content=\"5 minutos\" \/>\n<script type=\"application\/ld+json\" class=\"yoast-schema-graph\">{\"@context\":\"https:\/\/schema.org\",\"@graph\":[{\"@type\":\"WebPage\",\"@id\":\"https:\/\/med.estrategia.com\/portal\/noticias\/hospital-pequeno-principe-2023-editais-divulgados\/\",\"url\":\"https:\/\/med.estrategia.com\/portal\/noticias\/hospital-pequeno-principe-2023-editais-divulgados\/\",\"name\":\"Hospital Pequeno Pr\u00edncipe 2023: editais divulgados!\",\"isPartOf\":{\"@id\":\"https:\/\/med.estrategia.com\/portal\/#website\"},\"primaryImageOfPage\":{\"@id\":\"https:\/\/med.estrategia.com\/portal\/noticias\/hospital-pequeno-principe-2023-editais-divulgados\/#primaryimage\"},\"image\":{\"@id\":\"https:\/\/med.estrategia.com\/portal\/noticias\/hospital-pequeno-principe-2023-editais-divulgados\/#primaryimage\"},\"thumbnailUrl\":\"https:\/\/med.estrategia.com\/portal\/wp-content\/uploads\/2022\/09\/cover_WP_editais-16.jpg\",\"datePublished\":\"2022-09-15T13:51:41+00:00\",\"dateModified\":\"2022-09-20T12:34:23+00:00\",\"author\":{\"@id\":\"https:\/\/med.estrategia.com\/portal\/#\/schema\/person\/2f553adbb8e25fe39d145c5b2927f58c\"},\"description\":\"Aos futuros residentes, foram divulgados os editais do Hospital Pequeno Pr\u00edncipe! Vem dar uma olhada nas principais informa\u00e7\u00f5es agora mesmo.\",\"breadcrumb\":{\"@id\":\"https:\/\/med.estrategia.com\/portal\/noticias\/hospital-pequeno-principe-2023-editais-divulgados\/#breadcrumb\"},\"inLanguage\":\"pt-BR\",\"potentialAction\":[{\"@type\":\"ReadAction\",\"target\":[\"https:\/\/med.estrategia.com\/portal\/noticias\/hospital-pequeno-principe-2023-editais-divulgados\/\"]}]},{\"@type\":\"ImageObject\",\"inLanguage\":\"pt-BR\",\"@id\":\"https:\/\/med.estrategia.com\/portal\/noticias\/hospital-pequeno-principe-2023-editais-divulgados\/#primaryimage\",\"url\":\"https:\/\/med.estrategia.com\/portal\/wp-content\/uploads\/2022\/09\/cover_WP_editais-16.jpg\",\"contentUrl\":\"https:\/\/med.estrategia.com\/portal\/wp-content\/uploads\/2022\/09\/cover_WP_editais-16.jpg\",\"width\":1920,\"height\":1080,\"caption\":\"Cr\u00e9ditos: Estrat\u00e9gia MED e HPP\"},{\"@type\":\"BreadcrumbList\",\"@id\":\"https:\/\/med.estrategia.com\/portal\/noticias\/hospital-pequeno-principe-2023-editais-divulgados\/#breadcrumb\",\"itemListElement\":[{\"@type\":\"ListItem\",\"position\":1,\"name\":\"Home\",\"item\":\"https:\/\/med.estrategia.com\/portal\/\"},{\"@type\":\"ListItem\",\"position\":2,\"name\":\"Not\u00edcias\",\"item\":\"https:\/\/med.estrategia.com\/portal\/noticias\/\"},{\"@type\":\"ListItem\",\"position\":3,\"name\":\"Hospital Pequeno Pr\u00edncipe 2023: editais divulgados!\"}]},{\"@type\":\"WebSite\",\"@id\":\"https:\/\/med.estrategia.com\/portal\/#website\",\"url\":\"https:\/\/med.estrategia.com\/portal\/\",\"name\":\"Estrat\u00e9gia MED\",\"description\":\"\",\"potentialAction\":[{\"@type\":\"SearchAction\",\"target\":{\"@type\":\"EntryPoint\",\"urlTemplate\":\"https:\/\/med.estrategia.com\/portal\/?s={search_term_string}\"},\"query-input\":{\"@type\":\"PropertyValueSpecification\",\"valueRequired\":true,\"valueName\":\"search_term_string\"}}],\"inLanguage\":\"pt-BR\"},{\"@type\":\"Person\",\"@id\":\"https:\/\/med.estrategia.com\/portal\/#\/schema\/person\/2f553adbb8e25fe39d145c5b2927f58c\",\"name\":\"Ana Carolina Damasceno\",\"image\":{\"@type\":\"ImageObject\",\"inLanguage\":\"pt-BR\",\"@id\":\"https:\/\/med.estrategia.com\/portal\/#\/schema\/person\/image\/\",\"url\":\"https:\/\/med.estrategia.com\/portal\/wp-content\/uploads\/2021\/09\/WhatsApp-Image-2023-08-18-at-16.46.43-150x150.jpeg\",\"contentUrl\":\"https:\/\/med.estrategia.com\/portal\/wp-content\/uploads\/2021\/09\/WhatsApp-Image-2023-08-18-at-16.46.43-150x150.jpeg\",\"caption\":\"Ana Carolina Damasceno\"},\"description\":\"Coordenadora de Jornalismo EMED. Comunicadora por natureza e forma\u00e7\u00e3o, que ama e perde a no\u00e7\u00e3o do tempo com m\u00fasica e s\u00e9rie.\",\"url\":\"https:\/\/med.estrategia.com\/portal\/author\/ana-carolina-damasceno\/\"}]}<\/script>\n<!-- \/ Yoast SEO Premium plugin. -->","yoast_head_json":{"title":"Hospital Pequeno Pr\u00edncipe 2023: editais divulgados!","description":"Aos futuros residentes, foram divulgados os editais do Hospital Pequeno Pr\u00edncipe! Vem dar uma olhada nas principais informa\u00e7\u00f5es agora mesmo.","robots":{"index":"index","follow":"follow","max-snippet":"max-snippet:-1","max-image-preview":"max-image-preview:large","max-video-preview":"max-video-preview:-1"},"canonical":"https:\/\/med.estrategia.com\/portal\/noticias\/hospital-pequeno-principe-2023-editais-divulgados\/","og_locale":"pt_BR","og_type":"article","og_title":"Hospital Pequeno Pr\u00edncipe 2023: editais divulgados!","og_description":"Aos futuros residentes, foram divulgados os editais do Hospital Pequeno Pr\u00edncipe! Vem dar uma olhada nas principais informa\u00e7\u00f5es agora mesmo.","og_url":"https:\/\/med.estrategia.com\/portal\/noticias\/hospital-pequeno-principe-2023-editais-divulgados\/","og_site_name":"Estrat\u00e9gia MED","article_publisher":"https:\/\/www.facebook.com\/estrategiamed1","article_published_time":"2022-09-15T13:51:41+00:00","article_modified_time":"2022-09-20T12:34:23+00:00","og_image":[{"width":1920,"height":1080,"url":"https:\/\/cdn.medblog.estrategiaeducacional.com.br\/wp-content\/uploads\/2022\/09\/cover_WP_editais-16.jpg","type":"image\/jpeg"}],"author":"Ana Carolina Damasceno","twitter_card":"summary_large_image","twitter_creator":"@estrategiamed_","twitter_site":"@estrategiamed_","twitter_misc":{"Escrito por":"Ana Carolina Damasceno","Est. tempo de leitura":"5 minutos"},"schema":{"@context":"https:\/\/schema.org","@graph":[{"@type":"WebPage","@id":"https:\/\/med.estrategia.com\/portal\/noticias\/hospital-pequeno-principe-2023-editais-divulgados\/","url":"https:\/\/med.estrategia.com\/portal\/noticias\/hospital-pequeno-principe-2023-editais-divulgados\/","name":"Hospital Pequeno Pr\u00edncipe 2023: editais divulgados!","isPartOf":{"@id":"https:\/\/med.estrategia.com\/portal\/#website"},"primaryImageOfPage":{"@id":"https:\/\/med.estrategia.com\/portal\/noticias\/hospital-pequeno-principe-2023-editais-divulgados\/#primaryimage"},"image":{"@id":"https:\/\/med.estrategia.com\/portal\/noticias\/hospital-pequeno-principe-2023-editais-divulgados\/#primaryimage"},"thumbnailUrl":"https:\/\/med.estrategia.com\/portal\/wp-content\/uploads\/2022\/09\/cover_WP_editais-16.jpg","datePublished":"2022-09-15T13:51:41+00:00","dateModified":"2022-09-20T12:34:23+00:00","author":{"@id":"https:\/\/med.estrategia.com\/portal\/#\/schema\/person\/2f553adbb8e25fe39d145c5b2927f58c"},"description":"Aos futuros residentes, foram divulgados os editais do Hospital Pequeno Pr\u00edncipe! Vem dar uma olhada nas principais informa\u00e7\u00f5es agora mesmo.","breadcrumb":{"@id":"https:\/\/med.estrategia.com\/portal\/noticias\/hospital-pequeno-principe-2023-editais-divulgados\/#breadcrumb"},"inLanguage":"pt-BR","potentialAction":[{"@type":"ReadAction","target":["https:\/\/med.estrategia.com\/portal\/noticias\/hospital-pequeno-principe-2023-editais-divulgados\/"]}]},{"@type":"ImageObject","inLanguage":"pt-BR","@id":"https:\/\/med.estrategia.com\/portal\/noticias\/hospital-pequeno-principe-2023-editais-divulgados\/#primaryimage","url":"https:\/\/med.estrategia.com\/portal\/wp-content\/uploads\/2022\/09\/cover_WP_editais-16.jpg","contentUrl":"https:\/\/med.estrategia.com\/portal\/wp-content\/uploads\/2022\/09\/cover_WP_editais-16.jpg","width":1920,"height":1080,"caption":"Cr\u00e9ditos: Estrat\u00e9gia MED e HPP"},{"@type":"BreadcrumbList","@id":"https:\/\/med.estrategia.com\/portal\/noticias\/hospital-pequeno-principe-2023-editais-divulgados\/#breadcrumb","itemListElement":[{"@type":"ListItem","position":1,"name":"Home","item":"https:\/\/med.estrategia.com\/portal\/"},{"@type":"ListItem","position":2,"name":"Not\u00edcias","item":"https:\/\/med.estrategia.com\/portal\/noticias\/"},{"@type":"ListItem","position":3,"name":"Hospital Pequeno Pr\u00edncipe 2023: editais divulgados!"}]},{"@type":"WebSite","@id":"https:\/\/med.estrategia.com\/portal\/#website","url":"https:\/\/med.estrategia.com\/portal\/","name":"Estrat\u00e9gia MED","description":"","potentialAction":[{"@type":"SearchAction","target":{"@type":"EntryPoint","urlTemplate":"https:\/\/med.estrategia.com\/portal\/?s={search_term_string}"},"query-input":{"@type":"PropertyValueSpecification","valueRequired":true,"valueName":"search_term_string"}}],"inLanguage":"pt-BR"},{"@type":"Person","@id":"https:\/\/med.estrategia.com\/portal\/#\/schema\/person\/2f553adbb8e25fe39d145c5b2927f58c","name":"Ana Carolina Damasceno","image":{"@type":"ImageObject","inLanguage":"pt-BR","@id":"https:\/\/med.estrategia.com\/portal\/#\/schema\/person\/image\/","url":"https:\/\/med.estrategia.com\/portal\/wp-content\/uploads\/2021\/09\/WhatsApp-Image-2023-08-18-at-16.46.43-150x150.jpeg","contentUrl":"https:\/\/med.estrategia.com\/portal\/wp-content\/uploads\/2021\/09\/WhatsApp-Image-2023-08-18-at-16.46.43-150x150.jpeg","caption":"Ana Carolina Damasceno"},"description":"Coordenadora de Jornalismo EMED. Comunicadora por natureza e forma\u00e7\u00e3o, que ama e perde a no\u00e7\u00e3o do tempo com m\u00fasica e s\u00e9rie.","url":"https:\/\/med.estrategia.com\/portal\/author\/ana-carolina-damasceno\/"}]}},"_wl_alt_label":[],"wl:entity_url":"\/post\/hospital-pequeno-principe-2023-editais-divulgados","_links":{"self":[{"href":"https:\/\/med.estrategia.com\/portal\/wp-json\/wp\/v2\/posts\/25815","targetHints":{"allow":["GET"]}}],"collection":[{"href":"https:\/\/med.estrategia.com\/portal\/wp-json\/wp\/v2\/posts"}],"about":[{"href":"https:\/\/med.estrategia.com\/portal\/wp-json\/wp\/v2\/types\/post"}],"author":[{"embeddable":true,"href":"https:\/\/med.estrategia.com\/portal\/wp-json\/wp\/v2\/users\/39"}],"replies":[{"embeddable":true,"href":"https:\/\/med.estrategia.com\/portal\/wp-json\/wp\/v2\/comments?post=25815"}],"version-history":[{"count":9,"href":"https:\/\/med.estrategia.com\/portal\/wp-json\/wp\/v2\/posts\/25815\/revisions"}],"predecessor-version":[{"id":47025,"href":"https:\/\/med.estrategia.com\/portal\/wp-json\/wp\/v2\/posts\/25815\/revisions\/47025"}],"wp:featuredmedia":[{"embeddable":true,"href":"https:\/\/med.estrategia.com\/portal\/wp-json\/wp\/v2\/media\/25813"}],"wp:attachment":[{"href":"https:\/\/med.estrategia.com\/portal\/wp-json\/wp\/v2\/media?parent=25815"}],"wp:term":[{"taxonomy":"category","embeddable":true,"href":"https:\/\/med.estrategia.com\/portal\/wp-json\/wp\/v2\/categories?post=25815"},{"taxonomy":"post_tag","embeddable":true,"href":"https:\/\/med.estrategia.com\/portal\/wp-json\/wp\/v2\/tags?post=25815"},{"taxonomy":"wl_entity_type","embeddable":true,"href":"https:\/\/med.estrategia.com\/portal\/wp-json\/wp\/v2\/wl_entity_type?post=25815"}],"curies":[{"name":"wp","href":"https:\/\/api.w.org\/{rel}","templated":true}]}}