{"id":25950,"date":"2022-09-19T12:00:00","date_gmt":"2022-09-19T15:00:00","guid":{"rendered":"https:\/\/med.estrategia.com\/portal\/?p=25950"},"modified":"2022-09-17T14:55:52","modified_gmt":"2022-09-17T17:55:52","slug":"resumo-de-impetigo-diagnostico-tratamento-e-mais","status":"publish","type":"post","link":"https:\/\/med.estrategia.com\/portal\/conteudos-gratis\/doencas\/resumo-de-impetigo-diagnostico-tratamento-e-mais\/","title":{"rendered":"Resumo de impetigo: diagn\u00f3stico, tratamento e mais!"},"content":{"rendered":"<p>O impetigo &eacute; uma doen&ccedil;a infecciosa bacteriana da pele comum em crian&ccedil;as e adultos, sendo esta condi&ccedil;&atilde;o &eacute; frequente nos consult&oacute;rios da aten&ccedil;&atilde;o b&aacute;sica. Confira os principais aspectos referentes &agrave; impetigo, que aparecem nos atendimentos e como s&atilde;o cobrados nas provas de resid&ecirc;ncia m&eacute;dica!<div id=\"ez-toc-container\" class=\"ez-toc-v2_0_79_2 counter-hierarchy ez-toc-counter ez-toc-transparent ez-toc-container-direction\">\n<div class=\"ez-toc-title-container\"><p class=\"ez-toc-title\" style=\"cursor:inherit\">Navegue pelo conte\u00fado<\/p>\n<\/div><nav><ul class='ez-toc-list ez-toc-list-level-1 ' ><li class='ez-toc-page-1 ez-toc-heading-level-2'><a class=\"ez-toc-link ez-toc-heading-1\" href=\"https:\/\/med.estrategia.com\/portal\/conteudos-gratis\/doencas\/resumo-de-impetigo-diagnostico-tratamento-e-mais\/#Dicas-do-Estrategia-para-provas\" >Dicas do Estrat&eacute;gia para provas<\/a><\/li><li class='ez-toc-page-1 ez-toc-heading-level-2'><a class=\"ez-toc-link ez-toc-heading-2\" href=\"https:\/\/med.estrategia.com\/portal\/conteudos-gratis\/doencas\/resumo-de-impetigo-diagnostico-tratamento-e-mais\/#Definicao-da-doenca\" >Defini&ccedil;&atilde;o da doen&ccedil;a<\/a><\/li><li class='ez-toc-page-1 ez-toc-heading-level-2'><a class=\"ez-toc-link ez-toc-heading-3\" href=\"https:\/\/med.estrategia.com\/portal\/conteudos-gratis\/doencas\/resumo-de-impetigo-diagnostico-tratamento-e-mais\/#Epidemiologia-e-fisiopatologia-de-impetigo\" >Epidemiologia e fisiopatologia de impetigo<\/a><\/li><li class='ez-toc-page-1 ez-toc-heading-level-2'><a class=\"ez-toc-link ez-toc-heading-4\" href=\"https:\/\/med.estrategia.com\/portal\/conteudos-gratis\/doencas\/resumo-de-impetigo-diagnostico-tratamento-e-mais\/#Impetigo-bolhoso\" >Impetigo bolhoso&nbsp;&nbsp;<\/a><\/li><li class='ez-toc-page-1 ez-toc-heading-level-2'><a class=\"ez-toc-link ez-toc-heading-5\" href=\"https:\/\/med.estrategia.com\/portal\/conteudos-gratis\/doencas\/resumo-de-impetigo-diagnostico-tratamento-e-mais\/#Manifestacoes-clinicas-de-impetigo\" >Manifesta&ccedil;&otilde;es cl&iacute;nicas de impetigo<\/a><\/li><li class='ez-toc-page-1 ez-toc-heading-level-2'><a class=\"ez-toc-link ez-toc-heading-6\" href=\"https:\/\/med.estrategia.com\/portal\/conteudos-gratis\/doencas\/resumo-de-impetigo-diagnostico-tratamento-e-mais\/#Diagnostico-de-impetigo\" >Diagn&oacute;stico de impetigo<\/a><\/li><li class='ez-toc-page-1 ez-toc-heading-level-2'><a class=\"ez-toc-link ez-toc-heading-7\" href=\"https:\/\/med.estrategia.com\/portal\/conteudos-gratis\/doencas\/resumo-de-impetigo-diagnostico-tratamento-e-mais\/#Tratamento-de-impetigo\" >Tratamento de impetigo<\/a><\/li><li class='ez-toc-page-1 ez-toc-heading-level-2'><a class=\"ez-toc-link ez-toc-heading-8\" href=\"https:\/\/med.estrategia.com\/portal\/conteudos-gratis\/doencas\/resumo-de-impetigo-diagnostico-tratamento-e-mais\/#Prevencao\" >Preven&ccedil;&atilde;o<\/a><\/li><\/ul><\/nav><\/div>\n<h2 class=\"wp-block-heading\" id=\"h-dicas-do-estrategia-para-provas\"><span class=\"ez-toc-section\" id=\"Dicas-do-Estrategia-para-provas\"><\/span>Dicas do Estrat&eacute;gia para provas<span class=\"ez-toc-section-end\"><\/span><\/h2><p>Seu tempo &eacute; precioso e sabemos disso. Se for muito escasso neste momento, veja abaixo os principais t&oacute;picos referentes &agrave; impetigo.<\/p><ul class=\"wp-block-list\"><li>&Eacute; a doen&ccedil;a infecciosa da pele mais comum, principalmente em crian&ccedil;as.<\/li><li>Causado principalmente por Staphylo e Streptococcus.<\/li><li>Classificado em crostoso ou bolhoso, de acordo com as caracter&iacute;sticas cl&iacute;nicas.&nbsp;<\/li><li>Limpeza e retirada das crostas fazem parte do tratamento.<\/li><li>Antibi&oacute;ticos t&oacute;picos, como mupirocina, retapamulina ou gentamicina, s&atilde;o usados.&nbsp;<\/li><li>Antibioticoterapia sist&ecirc;mica quando h&aacute; mais de um local anat&ocirc;mico acometido ou sinais de infec&ccedil;&atilde;o sist&ecirc;mica.&nbsp;<\/li><\/ul><p><\/p><p>\n\n\n<div id=\"new-form\">\n\t<form id=\"forms_layout\">\n\t<input type=\"hidden\" id=\"chave_de\" name=\"chave_de\" value=\"01_EMED_LEADS_TOTAIS\" \/>\n\t\t<input type=\"hidden\" id=\"mid\" name=\"mid\" value=\"515009018\" \/>\n\t\t<input type=\"hidden\" id=\"Objetivo\" name=\"Objetivo\" value=\"Medicina\" \/>\n\t\t<input type=\"hidden\" id=\"Estado_de_Origem_do_IP\" name=\"Estado_de_Origem_do_IP\"  value=\"\" \/>\n\t\t<input type=\"hidden\" id=\"Cidade_de_Origem_do_IP\" name=\"Cidade_de_Origem_do_IP\" value=\"\" \/>\n\t\t<input type=\"hidden\" id=\"Modo_de_entrada\" name=\"Modo_de_entrada\" value=\"Portal\" \/>\n\t\t<input type=\"hidden\" id=\"Pagina_Origem\" name=\"Pagina_Origem\" value=\"\" \/>\n\n\t\t<div class=\"texto\">\n\t\t\t<h3 class=\"news\">Inscreva-se em nossa newsletter!<\/h3>\n\t\t\t<p>Receba not\u00edcias sobre resid\u00eancia m\u00e9dica, revalida\u00e7\u00e3o de diplomas e concursos m\u00e9dicos, al\u00e9m de materiais de estudo gratuitos e informa\u00e7\u00f5es relevantes do mundo da Medicina.<\/p>\n\t\t<\/div>\n\t\t<div class=\"campos\">\n\t\t\t<div class=\"first_name labels\">\n\t\t\t\t<input type=\"text\" class=\"input_labels\" id=\"first_name\" name=\"Nome_Completo\" placeholder=\"Nome\" required \/>\n\t\t\t<\/div>\n\t\t\t<div class=\"email labels\">\n\t\t\t\t<input type=\"email\" class=\"input_labels\" id=\"email\" name=\"Email\" placeholder=\"E-mail\" required \/>\n\t\t\t<\/div>\n\t\t\t<button type=\"submit\" class=\"button_layout\">\n\t\t\t\t<div id=\"lblBotao\">Inscreva-se<\/div>\n\t\t\t\t<span id=\"divSpiner\" class=\"loader\" role=\"status\" style=\"display: none;\"><\/span>\t\n\t\t\t<\/button>\n\t\t<\/div><!-- \/campos -->\n\t\t\n\t\t<label class=\"container_checkbox\">Voc\u00ea concorda com a nossa\n\t\t\t<a class=\"politics_privacy_ahref\" target=\"_blank\" href=\"https:\/\/gratis.estrategiaconcursos.com.br\/politica-de-privacidade\/\">Pol\u00edtica de Privacidade<\/a> e aceita receber informa\u00e7\u00f5es adicionais do Estrat\u00e9gia Educacional.\n\t\t\t<input id=\"checkbox_layout\" type=\"checkbox\" checked=\"checked\" required \/>\n\t\t\t<span class=\"checkbox\"><\/span>\n\t\t<\/label>\n\t\t<div id=\"msg\"><\/div>\n\t\t<div id=\"error\" class=\"error\">\n\t\t<\/div>\n\t<\/form>\n<\/div><!-- \/new-form -->\n\n\n\n<\/p><h2 class=\"wp-block-heading\" id=\"h-definicao-da-doenca\"><span class=\"ez-toc-section\" id=\"Definicao-da-doenca\"><\/span>Defini&ccedil;&atilde;o da doen&ccedil;a<span class=\"ez-toc-section-end\"><\/span><\/h2><p>O impetigo &eacute; uma infec&ccedil;&atilde;o cut&acirc;nea contagiosa, causado historicamente<em> <\/em>por <em>estreptococos<\/em> &beta;-hemol&iacute;ticos do grupo A ou <em>Staphylococcus aureus<\/em>, observado especialmente em crian&ccedil;as.&nbsp;<\/p><p>O impetigo prim&aacute;rio ocorre quando h&aacute; invas&atilde;o bacteriana direta da pele previamente normal. J&aacute; o impetigo secund&aacute;rio &eacute; a infec&ccedil;&atilde;o em locais onde ocorrem pequenos traumas na pele, como no eczema, picadas de insetos e pequenos traumas cortocontusos.&nbsp;<\/p><p>Al&eacute;m disso, &eacute; classificada de acordo com a apresenta&ccedil;&atilde;o cl&iacute;nica em impetigo n&atilde;o bolhoso ou crostoso e o impetigo bolhoso.&nbsp;<\/p><p>#Ponto importante: Muitas vezes a pioderma e o impetigo contagioso s&atilde;o algumas vezes usados &#8203;&#8203;como sin&ocirc;nimos de impetigo prim&aacute;rio.&nbsp;<\/p><h2 class=\"wp-block-heading\" id=\"h-epidemiologia-e-fisiopatologia-de-impetigo\"><span class=\"ez-toc-section\" id=\"Epidemiologia-e-fisiopatologia-de-impetigo\"><\/span>Epidemiologia e fisiopatologia de impetigo<span class=\"ez-toc-section-end\"><\/span><\/h2><p>&Eacute; a doen&ccedil;a infecciosa de pele mais comum. A faixa et&aacute;ria mais acometida &eacute; em crian&ccedil;as entre 2 e 5 anos de idade, mas acomete adultos e adolescentes com alta frequ&ecirc;ncia tamb&eacute;m.&nbsp;&nbsp;<\/p><h3 class=\"wp-block-heading\" id=\"h-impetigo-crostoso\">Impetigo crostoso&nbsp;<\/h3><p>Representa cerca de 70% dos casos de impetigo. O <em>S. aureus<\/em>, sozinho ou em combina&ccedil;&atilde;o com o <em>estreptococo beta-hemol&iacute;tico<\/em> do grupo A, &eacute; respons&aacute;vel pela quase totalidade dos casos. A forma mais comum &eacute; a secund&aacute;ria, principalmente em crian&ccedil;as com dermatose pr&eacute;via, como dermatite at&oacute;pica. Higiene inadequada e desnutri&ccedil;&atilde;o para favorecer o desenvolvimento da doen&ccedil;a.&nbsp;<\/p><h2 class=\"wp-block-heading\" id=\"h-impetigo-bolhoso\"><span class=\"ez-toc-section\" id=\"Impetigo-bolhoso\"><\/span>Impetigo bolhoso&nbsp;&nbsp;<span class=\"ez-toc-section-end\"><\/span><\/h2><p>Respons&aacute;vel por cerca de 30% dos casos, &eacute; o mais comum entre as crian&ccedil;as menores de 5 anos. Causado exclusivamente pelo <em>S. aureus<\/em>, pois a repercuss&atilde;o cl&iacute;nica &eacute; derivada da produ&ccedil;&atilde;o de uma toxina epidermol&iacute;tica por essa bact&eacute;ria, sendo considerado por alguns autores uma forma localizada de s&iacute;ndrome da pele escaldada.&nbsp;<\/p><h2 class=\"wp-block-heading\" id=\"h-manifestacoes-clinicas-de-impetigo\"><span class=\"ez-toc-section\" id=\"Manifestacoes-clinicas-de-impetigo\"><\/span>Manifesta&ccedil;&otilde;es cl&iacute;nicas de impetigo<span class=\"ez-toc-section-end\"><\/span><\/h2><h3 class=\"wp-block-heading\" id=\"h-impetigo-crostoso-1\">Impetigo crostoso&nbsp;<\/h3><p>A les&atilde;o segue uma evolu&ccedil;&atilde;o cl&iacute;nica. Inicia-se com ves&iacute;culas, bolhas ou p&uacute;stulas sobre uma base eritematosa,que se rompem rapidamente formando &aacute;reas erosadas com as t&iacute;picas crostas de colora&ccedil;&atilde;o amarelada, conhecida como crosta &ldquo;melic&eacute;rica&rdquo;.&nbsp;<\/p><p>A localiza&ccedil;&atilde;o t&iacute;pica envolve a face, principalmente ao redor da boca e nariz. Bra&ccedil;os, pernas e n&aacute;degas tamb&eacute;m podem ser envolvidos. As les&otilde;es do impetigo duram dias ou semanas. Pode haver linfadenomegalia regional e febre associada. Quando n&atilde;o tratadas podem envolver a derme o que constitui o ectima, les&otilde;es com ulcera&ccedil;&atilde;o extensa e crosta hemorr&aacute;gica.&nbsp;<\/p><div class=\"wp-block-image\"><figure class=\"aligncenter is-resized\"><img decoding=\"async\" src=\"https:\/\/lh5.googleusercontent.com\/LEspe_ZcQpo76gFlTcKQBUZNNNEI3vVU6-n3GZGEr_nUbEY5FXuUt_iuVT3dM5ROut_fx6qSoFJC6dWsW9yKPSnmrw0WdrgDRRMX-4X1MBTf4FDBKRRNrRHHeShWZYsig7yr9TWiOrC-aFqXevwbZqgaqM7k0G5qo1J81pqd6OS7R-3YElkIQ7i4Xg\" alt=\"\" width=\"431\" height=\"368\"><figcaption>Cr&eacute;dito: <a href=\"https:\/\/commons.wikimedia.org\/wiki\/File:Impetigo2020.jpg\" target=\"_blank\" rel=\"noopener noreferrer\">Wikipedia<\/a><\/figcaption><\/figure><\/div><h3 class=\"wp-block-heading\" id=\"h-impetigo-bolhoso-1\">Impetigo Bolhoso&nbsp;<\/h3><p>Inicia-se com ves&iacute;culas, que se transformam em bolhas de conte&uacute;do claro inicialmente, mas que se tornam turvas, sem eritema ao redor. As bolhas de conte&uacute;do seroso ou sero-purulento rompem facilmente, permanecendo uma eros&atilde;o rasa rodeada por restos da bolha (colarete), e a conflu&ecirc;ncia de bolhas leva &agrave; forma&ccedil;&atilde;o de figuras polic&iacute;clicas.&nbsp;<\/p><p>A face &eacute; o local mais afetado, mas tronco, m&atilde;os, &aacute;reas intertriginosas, tornozelo ou dorso dos p&eacute;s, coxas e n&aacute;degas podem ser afetados. &nbsp;Quando n&atilde;o tratada tem tend&ecirc;ncia &agrave; dissemina&ccedil;&atilde;o.&nbsp;<\/p><p>Diferente do impetigo crostoso, a linfadenomegalia regional n&atilde;o &eacute; comum e est&aacute; mais associada &agrave; presen&ccedil;a de infec&ccedil;&atilde;o por <em>Streptococcus pyogenes.<\/em> Este subtipo pode ocorrer no per&iacute;odo neonatal ap&oacute;s a 2&ordf; semana de vida, geralmente como consequ&ecirc;ncia da ruptura prematura de membranas.&nbsp;<\/p><p>#Ponto importante: Em at&eacute; 5% dos casos podem desenvolver glomerulonefrite p&oacute;s-estreptoc&oacute;cica (GNPE).&nbsp;<\/p><div class=\"wp-block-image\"><figure class=\"aligncenter is-resized\"><img decoding=\"async\" src=\"https:\/\/lh4.googleusercontent.com\/AvoP2u_Tkh282F3Js5uDODlEwlcqxbYSjtcz5LmOBENNHyZHyY8pJE94VASZDZry40zTGWSkkk1Rv2wkEUlwBjJ7MGFpcl1dutGRZs9KJT1pcvQMwCc2U8vnVyE0vySTT1CYTq_39QOLViNUykLHM76FiLFIMzsPSjecbw_uFf4XIzp1PMYVIqSfKg\" alt=\"\" width=\"328\" height=\"583\"><figcaption>Cr&eacute;dito: <a href=\"https:\/\/commons.wikimedia.org\/wiki\/File:Impetigo_contagusum_,bulbous_impetigo_new_photo_for_diagnosis.jpg\" target=\"_blank\" rel=\"noopener noreferrer\">Commons.Wikimedia<\/a><\/figcaption><\/figure><\/div><div class=\"wp-block-image\"><figure class=\"aligncenter is-resized\"><img decoding=\"async\" src=\"https:\/\/lh6.googleusercontent.com\/HzOkb6WOlGNdNs_dz7-95ZoOJhYf8OQu5QfHaKBzv3epcccqYtxIy2PVCoUFXrQFoUJIsO_gV1ug7xngunATEuCppPQwzsdUWjFTEo--kpOpm3gCuv8xEXI9Ltj-jHlyNeAagzTBuQha5riaWGLYxoEAajpZaMN_2q1gtYaTFaFPDCOhzBCp9055yA\" alt=\"\" width=\"433\" height=\"275\"><figcaption>Impetigo bolhoso ap&oacute;s rompimento. Cr&eacute;dito: <a href=\"https:\/\/commons.wikimedia.org\/wiki\/File:Bullous_impetigo1.jpg\" target=\"_blank\" rel=\"noopener noreferrer\">Commons.Wikimedia<\/a>.&nbsp;<\/figcaption><\/figure><\/div><h2 class=\"wp-block-heading\" id=\"h-diagnostico-de-impetigo\"><span class=\"ez-toc-section\" id=\"Diagnostico-de-impetigo\"><\/span>Diagn&oacute;stico de impetigo<span class=\"ez-toc-section-end\"><\/span><\/h2><p>O diagn&oacute;stico &eacute; cl&iacute;nico, baseado nas epidemiologia favor&aacute;vel e ectoscopia adequada das les&otilde;es, sendo o tratamento indicado sem necessidade de exames adicionais.&nbsp;<\/p><h2 class=\"wp-block-heading\" id=\"h-tratamento-de-impetigo\"><span class=\"ez-toc-section\" id=\"Tratamento-de-impetigo\"><\/span>Tratamento de impetigo<span class=\"ez-toc-section-end\"><\/span><\/h2><p>Como vimos, s&atilde;o doen&ccedil;as com duas apresenta&ccedil;&otilde;es cl&iacute;nicas distintas, por&eacute;m, possuem tratamento similar. O essencial &eacute; a realiza&ccedil;&atilde;o de limpeza com remo&ccedil;&atilde;o das crostas e restos das bolhas para evitar que a doen&ccedil;a se espalhe, duas a tr&ecirc;s vezes ao dia. Pode ser feito com &aacute;gua e sab&atilde;o, &aacute;gua Dalibour, permanganato de pot&aacute;ssio ou &aacute;gua boricada a 2%.<\/p><p>O uso de antibi&oacute;ticos t&oacute;picos pode ser eficaz quando existe um pequeno n&uacute;mero de les&otilde;es, ou quando apenas uma regi&atilde;o topogr&aacute;fica est&aacute; acometida. A<strong> mupirocina, retapamulina ou gentamicina<\/strong> s&atilde;o antibi&oacute;ticos eficientes contra <em>Staphylococcus e Streptococcus<\/em>. A neomicina, creme muito utilizado em associa&ccedil;&atilde;o com a bacitracina, o famoso Nebacetin, apresenta menor efic&aacute;cia, al&eacute;m de maior risco de rea&ccedil;&otilde;es al&eacute;rgicas.&nbsp;<\/p><p>Em casos disseminados, com sinais de infec&ccedil;&atilde;o sist&ecirc;mica, como febre e linfadenomegalia, al&eacute;m de pacientes com duas ou mais regi&otilde;es acometidas, se faz necess&aacute;rio introduzir antibioticoterapia sist&ecirc;mica. A <strong>cefalexina ou amoxicilina <\/strong>associadas ao &aacute;cido clavul&acirc;nico s&atilde;o os antibi&oacute;ticos mais indicados. Os macrol&iacute;deos, como <strong>azitromicina, claritromicina e eritromicina<\/strong>, s&atilde;o op&ccedil;&otilde;es ao tratamento na impossibilidade dos esquemas acima.&nbsp;<\/p><h2 class=\"wp-block-heading\" id=\"h-prevencao\"><span class=\"ez-toc-section\" id=\"Prevencao\"><\/span>Preven&ccedil;&atilde;o<span class=\"ez-toc-section-end\"><\/span><\/h2><p>Higiene pessoal, em especial lavagem de m&atilde;os, melhor medida para se evitar transmiss&atilde;o. H&aacute; uma recomenda&ccedil;&atilde;o de que a crian&ccedil;a seja afastada por pelo menos 24 horas das atividades ap&oacute;s in&iacute;cio do tratamento adequado.&nbsp;&nbsp;<\/p><p><\/p><p><strong><a id=\"cta\" class=\"cta-imagem\" href=\"https:\/\/med.estrategia.com\/cursos\/extensivo-de-residncia-mdica\/\" target=\"blank\">\n                <img decoding=\"async\" width=\"100%\" src=\"https:\/\/med.estrategia.com\/portal\/wp-content\/uploads\/2025\/08\/extensivo_rm.jpg\" alt=\"Extensivo RM\" title=\"extensivo_rm\">\n        <\/a><\/strong><\/p><h3 class=\"wp-block-heading\" id=\"h-referencias-bibliograficas\">Refer&ecirc;ncias bibliogr&aacute;ficas:<\/h3><ul class=\"wp-block-list\"><li>Brasil. Minist&eacute;rio da Sa&uacute;de. Secretaria de Pol&iacute;ticas de Sa&uacute;de. Departamento de Aten&ccedil;&atilde;o B&aacute;sica. <strong>Dermatologia na Aten&ccedil;&atilde;o B&aacute;sica. <\/strong>1&ordf; edi&ccedil;&atilde;o. &ndash; Bras&iacute;lia: Minist&eacute;rio da Sa&uacute;de, 2002.<\/li><li>Sociedade Brasileira de Pediatria (SBP). <strong>Tratado de Pediatria<\/strong>, 4&ordf; edi&ccedil;&atilde;o, Barueri, SP: Manole, 2017.&nbsp;<\/li><li>Cr&eacute;dito capa: <a href=\"https:\/\/pixabay.com\/pt\/vectors\/acne-rosto-garota-pele-espinha-6107540\/\" target=\"_blank\" rel=\"noopener noreferrer\">Pixabay<\/a><\/li><\/ul><\/p>\n","protected":false},"excerpt":{"rendered":"O impetigo &eacute; uma doen&ccedil;a infecciosa bacteriana da pele comum em crian&ccedil;as e adultos, sendo esta condi&ccedil;&atilde;o &eacute;&hellip;\n","protected":false},"author":43,"featured_media":25952,"comment_status":"closed","ping_status":"closed","sticky":false,"template":"","format":"standard","meta":{"wl_entities_gutenberg":"","footnotes":""},"categories":[304],"tags":[],"wl_entity_type":[199],"class_list":{"0":"post-25950","1":"post","2":"type-post","3":"status-publish","4":"format-standard","5":"has-post-thumbnail","7":"category-doencas","8":"wl_entity_type-article"},"acf":[],"yoast_head":"<!-- This site is optimized with the Yoast SEO Premium plugin v26.6 (Yoast SEO v26.6) - https:\/\/yoast.com\/wordpress\/plugins\/seo\/ -->\n<title>Resumo de impetigo: diagn\u00f3stico, tratamento e mais!<\/title>\n<meta name=\"description\" content=\"O impetigo \u00e9 uma doen\u00e7a infecciosa bacteriana da pele comum em crian\u00e7as e adultos, sendo esta condi\u00e7\u00e3o frequente nos atendimentos.\" \/>\n<meta name=\"robots\" content=\"index, follow, max-snippet:-1, max-image-preview:large, max-video-preview:-1\" \/>\n<link rel=\"canonical\" href=\"https:\/\/med.estrategia.com\/portal\/conteudos-gratis\/doencas\/resumo-de-impetigo-diagnostico-tratamento-e-mais\/\" \/>\n<meta property=\"og:locale\" content=\"pt_BR\" \/>\n<meta property=\"og:type\" content=\"article\" \/>\n<meta property=\"og:title\" content=\"Resumo de impetigo: diagn\u00f3stico, tratamento e mais!\" \/>\n<meta property=\"og:description\" content=\"O impetigo \u00e9 uma doen\u00e7a infecciosa bacteriana da pele comum em crian\u00e7as e adultos, sendo esta condi\u00e7\u00e3o frequente nos atendimentos.\" \/>\n<meta property=\"og:url\" content=\"https:\/\/med.estrategia.com\/portal\/conteudos-gratis\/doencas\/resumo-de-impetigo-diagnostico-tratamento-e-mais\/\" \/>\n<meta property=\"og:site_name\" content=\"Estrat\u00e9gia MED\" \/>\n<meta property=\"article:publisher\" content=\"https:\/\/www.facebook.com\/estrategiamed1\" \/>\n<meta property=\"article:published_time\" content=\"2022-09-19T15:00:00+00:00\" \/>\n<meta property=\"og:image\" content=\"https:\/\/cdn.medblog.estrategiaeducacional.com.br\/wp-content\/uploads\/2022\/09\/acne-g80dd63dc0_1280.png\" \/>\n\t<meta property=\"og:image:width\" content=\"1280\" \/>\n\t<meta property=\"og:image:height\" content=\"869\" \/>\n\t<meta property=\"og:image:type\" content=\"image\/png\" \/>\n<meta name=\"author\" content=\"Marcos Vinicius Santos\" \/>\n<meta name=\"twitter:card\" content=\"summary_large_image\" \/>\n<meta name=\"twitter:creator\" content=\"@estrategiamed_\" \/>\n<meta name=\"twitter:site\" content=\"@estrategiamed_\" \/>\n<meta name=\"twitter:label1\" content=\"Escrito por\" \/>\n\t<meta name=\"twitter:data1\" content=\"Marcos Vinicius Santos\" \/>\n\t<meta name=\"twitter:label2\" content=\"Est. tempo de leitura\" \/>\n\t<meta name=\"twitter:data2\" content=\"5 minutos\" \/>\n<script type=\"application\/ld+json\" class=\"yoast-schema-graph\">{\"@context\":\"https:\/\/schema.org\",\"@graph\":[{\"@type\":\"WebPage\",\"@id\":\"https:\/\/med.estrategia.com\/portal\/conteudos-gratis\/doencas\/resumo-de-impetigo-diagnostico-tratamento-e-mais\/\",\"url\":\"https:\/\/med.estrategia.com\/portal\/conteudos-gratis\/doencas\/resumo-de-impetigo-diagnostico-tratamento-e-mais\/\",\"name\":\"Resumo de impetigo: diagn\u00f3stico, tratamento e mais!\",\"isPartOf\":{\"@id\":\"https:\/\/med.estrategia.com\/portal\/#website\"},\"primaryImageOfPage\":{\"@id\":\"https:\/\/med.estrategia.com\/portal\/conteudos-gratis\/doencas\/resumo-de-impetigo-diagnostico-tratamento-e-mais\/#primaryimage\"},\"image\":{\"@id\":\"https:\/\/med.estrategia.com\/portal\/conteudos-gratis\/doencas\/resumo-de-impetigo-diagnostico-tratamento-e-mais\/#primaryimage\"},\"thumbnailUrl\":\"https:\/\/med.estrategia.com\/portal\/wp-content\/uploads\/2022\/09\/acne-g80dd63dc0_1280.png\",\"datePublished\":\"2022-09-19T15:00:00+00:00\",\"author\":{\"@id\":\"https:\/\/med.estrategia.com\/portal\/#\/schema\/person\/31b4375b6f7230a3bb3e53ff71cde149\"},\"description\":\"O impetigo \u00e9 uma doen\u00e7a infecciosa bacteriana da pele comum em crian\u00e7as e adultos, sendo esta condi\u00e7\u00e3o frequente nos atendimentos.\",\"breadcrumb\":{\"@id\":\"https:\/\/med.estrategia.com\/portal\/conteudos-gratis\/doencas\/resumo-de-impetigo-diagnostico-tratamento-e-mais\/#breadcrumb\"},\"inLanguage\":\"pt-BR\",\"potentialAction\":[{\"@type\":\"ReadAction\",\"target\":[\"https:\/\/med.estrategia.com\/portal\/conteudos-gratis\/doencas\/resumo-de-impetigo-diagnostico-tratamento-e-mais\/\"]}]},{\"@type\":\"ImageObject\",\"inLanguage\":\"pt-BR\",\"@id\":\"https:\/\/med.estrategia.com\/portal\/conteudos-gratis\/doencas\/resumo-de-impetigo-diagnostico-tratamento-e-mais\/#primaryimage\",\"url\":\"https:\/\/med.estrategia.com\/portal\/wp-content\/uploads\/2022\/09\/acne-g80dd63dc0_1280.png\",\"contentUrl\":\"https:\/\/med.estrategia.com\/portal\/wp-content\/uploads\/2022\/09\/acne-g80dd63dc0_1280.png\",\"width\":1280,\"height\":869},{\"@type\":\"BreadcrumbList\",\"@id\":\"https:\/\/med.estrategia.com\/portal\/conteudos-gratis\/doencas\/resumo-de-impetigo-diagnostico-tratamento-e-mais\/#breadcrumb\",\"itemListElement\":[{\"@type\":\"ListItem\",\"position\":1,\"name\":\"Home\",\"item\":\"https:\/\/med.estrategia.com\/portal\/\"},{\"@type\":\"ListItem\",\"position\":2,\"name\":\"Conte\u00fados Gr\u00e1tis\",\"item\":\"https:\/\/med.estrategia.com\/portal\/conteudos-gratis\/\"},{\"@type\":\"ListItem\",\"position\":3,\"name\":\"Doen\u00e7as\",\"item\":\"https:\/\/med.estrategia.com\/portal\/conteudos-gratis\/doencas\/\"},{\"@type\":\"ListItem\",\"position\":4,\"name\":\"Resumo de impetigo: diagn\u00f3stico, tratamento e mais!\"}]},{\"@type\":\"WebSite\",\"@id\":\"https:\/\/med.estrategia.com\/portal\/#website\",\"url\":\"https:\/\/med.estrategia.com\/portal\/\",\"name\":\"Estrat\u00e9gia MED\",\"description\":\"\",\"potentialAction\":[{\"@type\":\"SearchAction\",\"target\":{\"@type\":\"EntryPoint\",\"urlTemplate\":\"https:\/\/med.estrategia.com\/portal\/?s={search_term_string}\"},\"query-input\":{\"@type\":\"PropertyValueSpecification\",\"valueRequired\":true,\"valueName\":\"search_term_string\"}}],\"inLanguage\":\"pt-BR\"},{\"@type\":\"Person\",\"@id\":\"https:\/\/med.estrategia.com\/portal\/#\/schema\/person\/31b4375b6f7230a3bb3e53ff71cde149\",\"name\":\"Marcos Vinicius Santos\",\"image\":{\"@type\":\"ImageObject\",\"inLanguage\":\"pt-BR\",\"@id\":\"https:\/\/med.estrategia.com\/portal\/#\/schema\/person\/image\/\",\"url\":\"https:\/\/med.estrategia.com\/portal\/wp-content\/uploads\/2022\/08\/Marcos-Vinicius-1-150x150.jpeg\",\"contentUrl\":\"https:\/\/med.estrategia.com\/portal\/wp-content\/uploads\/2022\/08\/Marcos-Vinicius-1-150x150.jpeg\",\"caption\":\"Marcos Vinicius Santos\"},\"description\":\"Sou interno de medicina da Universidade Federal do Rec\u00f4ncavo da Bahia (UFRB), atualmente no \u00faltimo ano da faculdade e no est\u00e1gio em pediatria. Escolhi medicina somente no ensino m\u00e9dio de forma espont\u00e2nea (ou quem sabe influenciado por Grey's Anatomy rs). Pretendo prestar resid\u00eancia em S\u00e3o Paulo para cirurgia geral e me especializar em aparelho digestivo. Torcedor fiel do Santos, nas horas vagas tenho como h\u00e1bito a pr\u00e1tica de esporte e como hobbies assistir o meu time de cora\u00e7\u00e3o jogar e tocar viol\u00e3o.\",\"url\":\"https:\/\/med.estrategia.com\/portal\/author\/marcos-viniciusestrategia-com\/\"}]}<\/script>\n<!-- \/ Yoast SEO Premium plugin. -->","yoast_head_json":{"title":"Resumo de impetigo: diagn\u00f3stico, tratamento e mais!","description":"O impetigo \u00e9 uma doen\u00e7a infecciosa bacteriana da pele comum em crian\u00e7as e adultos, sendo esta condi\u00e7\u00e3o frequente nos atendimentos.","robots":{"index":"index","follow":"follow","max-snippet":"max-snippet:-1","max-image-preview":"max-image-preview:large","max-video-preview":"max-video-preview:-1"},"canonical":"https:\/\/med.estrategia.com\/portal\/conteudos-gratis\/doencas\/resumo-de-impetigo-diagnostico-tratamento-e-mais\/","og_locale":"pt_BR","og_type":"article","og_title":"Resumo de impetigo: diagn\u00f3stico, tratamento e mais!","og_description":"O impetigo \u00e9 uma doen\u00e7a infecciosa bacteriana da pele comum em crian\u00e7as e adultos, sendo esta condi\u00e7\u00e3o frequente nos atendimentos.","og_url":"https:\/\/med.estrategia.com\/portal\/conteudos-gratis\/doencas\/resumo-de-impetigo-diagnostico-tratamento-e-mais\/","og_site_name":"Estrat\u00e9gia MED","article_publisher":"https:\/\/www.facebook.com\/estrategiamed1","article_published_time":"2022-09-19T15:00:00+00:00","og_image":[{"width":1280,"height":869,"url":"https:\/\/cdn.medblog.estrategiaeducacional.com.br\/wp-content\/uploads\/2022\/09\/acne-g80dd63dc0_1280.png","type":"image\/png"}],"author":"Marcos Vinicius Santos","twitter_card":"summary_large_image","twitter_creator":"@estrategiamed_","twitter_site":"@estrategiamed_","twitter_misc":{"Escrito por":"Marcos Vinicius Santos","Est. tempo de leitura":"5 minutos"},"schema":{"@context":"https:\/\/schema.org","@graph":[{"@type":"WebPage","@id":"https:\/\/med.estrategia.com\/portal\/conteudos-gratis\/doencas\/resumo-de-impetigo-diagnostico-tratamento-e-mais\/","url":"https:\/\/med.estrategia.com\/portal\/conteudos-gratis\/doencas\/resumo-de-impetigo-diagnostico-tratamento-e-mais\/","name":"Resumo de impetigo: diagn\u00f3stico, tratamento e mais!","isPartOf":{"@id":"https:\/\/med.estrategia.com\/portal\/#website"},"primaryImageOfPage":{"@id":"https:\/\/med.estrategia.com\/portal\/conteudos-gratis\/doencas\/resumo-de-impetigo-diagnostico-tratamento-e-mais\/#primaryimage"},"image":{"@id":"https:\/\/med.estrategia.com\/portal\/conteudos-gratis\/doencas\/resumo-de-impetigo-diagnostico-tratamento-e-mais\/#primaryimage"},"thumbnailUrl":"https:\/\/med.estrategia.com\/portal\/wp-content\/uploads\/2022\/09\/acne-g80dd63dc0_1280.png","datePublished":"2022-09-19T15:00:00+00:00","author":{"@id":"https:\/\/med.estrategia.com\/portal\/#\/schema\/person\/31b4375b6f7230a3bb3e53ff71cde149"},"description":"O impetigo \u00e9 uma doen\u00e7a infecciosa bacteriana da pele comum em crian\u00e7as e adultos, sendo esta condi\u00e7\u00e3o frequente nos atendimentos.","breadcrumb":{"@id":"https:\/\/med.estrategia.com\/portal\/conteudos-gratis\/doencas\/resumo-de-impetigo-diagnostico-tratamento-e-mais\/#breadcrumb"},"inLanguage":"pt-BR","potentialAction":[{"@type":"ReadAction","target":["https:\/\/med.estrategia.com\/portal\/conteudos-gratis\/doencas\/resumo-de-impetigo-diagnostico-tratamento-e-mais\/"]}]},{"@type":"ImageObject","inLanguage":"pt-BR","@id":"https:\/\/med.estrategia.com\/portal\/conteudos-gratis\/doencas\/resumo-de-impetigo-diagnostico-tratamento-e-mais\/#primaryimage","url":"https:\/\/med.estrategia.com\/portal\/wp-content\/uploads\/2022\/09\/acne-g80dd63dc0_1280.png","contentUrl":"https:\/\/med.estrategia.com\/portal\/wp-content\/uploads\/2022\/09\/acne-g80dd63dc0_1280.png","width":1280,"height":869},{"@type":"BreadcrumbList","@id":"https:\/\/med.estrategia.com\/portal\/conteudos-gratis\/doencas\/resumo-de-impetigo-diagnostico-tratamento-e-mais\/#breadcrumb","itemListElement":[{"@type":"ListItem","position":1,"name":"Home","item":"https:\/\/med.estrategia.com\/portal\/"},{"@type":"ListItem","position":2,"name":"Conte\u00fados Gr\u00e1tis","item":"https:\/\/med.estrategia.com\/portal\/conteudos-gratis\/"},{"@type":"ListItem","position":3,"name":"Doen\u00e7as","item":"https:\/\/med.estrategia.com\/portal\/conteudos-gratis\/doencas\/"},{"@type":"ListItem","position":4,"name":"Resumo de impetigo: diagn\u00f3stico, tratamento e mais!"}]},{"@type":"WebSite","@id":"https:\/\/med.estrategia.com\/portal\/#website","url":"https:\/\/med.estrategia.com\/portal\/","name":"Estrat\u00e9gia MED","description":"","potentialAction":[{"@type":"SearchAction","target":{"@type":"EntryPoint","urlTemplate":"https:\/\/med.estrategia.com\/portal\/?s={search_term_string}"},"query-input":{"@type":"PropertyValueSpecification","valueRequired":true,"valueName":"search_term_string"}}],"inLanguage":"pt-BR"},{"@type":"Person","@id":"https:\/\/med.estrategia.com\/portal\/#\/schema\/person\/31b4375b6f7230a3bb3e53ff71cde149","name":"Marcos Vinicius Santos","image":{"@type":"ImageObject","inLanguage":"pt-BR","@id":"https:\/\/med.estrategia.com\/portal\/#\/schema\/person\/image\/","url":"https:\/\/med.estrategia.com\/portal\/wp-content\/uploads\/2022\/08\/Marcos-Vinicius-1-150x150.jpeg","contentUrl":"https:\/\/med.estrategia.com\/portal\/wp-content\/uploads\/2022\/08\/Marcos-Vinicius-1-150x150.jpeg","caption":"Marcos Vinicius Santos"},"description":"Sou interno de medicina da Universidade Federal do Rec\u00f4ncavo da Bahia (UFRB), atualmente no \u00faltimo ano da faculdade e no est\u00e1gio em pediatria. Escolhi medicina somente no ensino m\u00e9dio de forma espont\u00e2nea (ou quem sabe influenciado por Grey's Anatomy rs). Pretendo prestar resid\u00eancia em S\u00e3o Paulo para cirurgia geral e me especializar em aparelho digestivo. Torcedor fiel do Santos, nas horas vagas tenho como h\u00e1bito a pr\u00e1tica de esporte e como hobbies assistir o meu time de cora\u00e7\u00e3o jogar e tocar viol\u00e3o.","url":"https:\/\/med.estrategia.com\/portal\/author\/marcos-viniciusestrategia-com\/"}]}},"_wl_alt_label":[],"wl:entity_url":"\/post\/resumo-de-impetigo-diagnostico-tratamento-e-mais","_links":{"self":[{"href":"https:\/\/med.estrategia.com\/portal\/wp-json\/wp\/v2\/posts\/25950","targetHints":{"allow":["GET"]}}],"collection":[{"href":"https:\/\/med.estrategia.com\/portal\/wp-json\/wp\/v2\/posts"}],"about":[{"href":"https:\/\/med.estrategia.com\/portal\/wp-json\/wp\/v2\/types\/post"}],"author":[{"embeddable":true,"href":"https:\/\/med.estrategia.com\/portal\/wp-json\/wp\/v2\/users\/43"}],"replies":[{"embeddable":true,"href":"https:\/\/med.estrategia.com\/portal\/wp-json\/wp\/v2\/comments?post=25950"}],"version-history":[{"count":4,"href":"https:\/\/med.estrategia.com\/portal\/wp-json\/wp\/v2\/posts\/25950\/revisions"}],"predecessor-version":[{"id":26220,"href":"https:\/\/med.estrategia.com\/portal\/wp-json\/wp\/v2\/posts\/25950\/revisions\/26220"}],"wp:featuredmedia":[{"embeddable":true,"href":"https:\/\/med.estrategia.com\/portal\/wp-json\/wp\/v2\/media\/25952"}],"wp:attachment":[{"href":"https:\/\/med.estrategia.com\/portal\/wp-json\/wp\/v2\/media?parent=25950"}],"wp:term":[{"taxonomy":"category","embeddable":true,"href":"https:\/\/med.estrategia.com\/portal\/wp-json\/wp\/v2\/categories?post=25950"},{"taxonomy":"post_tag","embeddable":true,"href":"https:\/\/med.estrategia.com\/portal\/wp-json\/wp\/v2\/tags?post=25950"},{"taxonomy":"wl_entity_type","embeddable":true,"href":"https:\/\/med.estrategia.com\/portal\/wp-json\/wp\/v2\/wl_entity_type?post=25950"}],"curies":[{"name":"wp","href":"https:\/\/api.w.org\/{rel}","templated":true}]}}