{"id":26765,"date":"2022-09-26T15:19:23","date_gmt":"2022-09-26T18:19:23","guid":{"rendered":"https:\/\/med.estrategia.com\/portal\/?p=26765"},"modified":"2026-07-29T11:39:59","modified_gmt":"2026-07-29T14:39:59","slug":"residencia-medica-cermam-2022-saiba-tudo-sobre-a-ultima-edicao","status":"publish","type":"post","link":"https:\/\/med.estrategia.com\/portal\/residencia-medica\/residencia-medica-cermam-2022-saiba-tudo-sobre-a-ultima-edicao\/","title":{"rendered":"Resid\u00eancia M\u00e9dica CERMAM 2022: saiba tudo sobre essa edi\u00e7\u00e3o!"},"content":{"rendered":"<p class=\"wp-block-paragraph\">Vai prestar prova para <span id=\"urn:enhancement-a4302600-f381-40ad-af03-331d3f96944a\" class=\"textannotation disambiguated wl-thing\" itemid=\"\/entity\/residencia-medica\">Resid&ecirc;ncia M&eacute;dica<\/span> no Amazonas e quer conhecer melhor o processo seletivo da CERMAM? Confira este texto sobre a edi&ccedil;&atilde;o 2021\/2022 e n&atilde;o perca nenhum detalhe!<div id=\"ez-toc-container\" class=\"ez-toc-v2_0_86 counter-hierarchy ez-toc-counter ez-toc-transparent ez-toc-container-direction\">\n<div class=\"ez-toc-title-container\"><p class=\"ez-toc-title\" style=\"cursor:inherit\">Navegue pelo conte\u00fado<\/p>\n<\/div><nav><ul class='ez-toc-list ez-toc-list-level-1 ' ><li class='ez-toc-page-1 ez-toc-heading-level-2'><a class=\"ez-toc-link ez-toc-heading-1\" href=\"https:\/\/med.estrategia.com\/portal\/residencia-medica\/residencia-medica-cermam-2022-saiba-tudo-sobre-a-ultima-edicao\/#A-CERMAM\" >A CERMAM<\/a><\/li><li class='ez-toc-page-1 ez-toc-heading-level-2'><a class=\"ez-toc-link ez-toc-heading-2\" href=\"https:\/\/med.estrategia.com\/portal\/residencia-medica\/residencia-medica-cermam-2022-saiba-tudo-sobre-a-ultima-edicao\/#Edital-CERMAM-2022\" >Edital CERMAM 2022<\/a><\/li><li class='ez-toc-page-1 ez-toc-heading-level-2'><a class=\"ez-toc-link ez-toc-heading-3\" href=\"https:\/\/med.estrategia.com\/portal\/residencia-medica\/residencia-medica-cermam-2022-saiba-tudo-sobre-a-ultima-edicao\/#Inscricoes-CERMAM-2022\" >Inscri&ccedil;&otilde;es CERMAM 2022<\/a><\/li><li class='ez-toc-page-1 ez-toc-heading-level-2'><a class=\"ez-toc-link ez-toc-heading-4\" href=\"https:\/\/med.estrategia.com\/portal\/residencia-medica\/residencia-medica-cermam-2022-saiba-tudo-sobre-a-ultima-edicao\/#Cronograma-CERMAM-2022\" >Cronograma CERMAM 2022<\/a><\/li><li class='ez-toc-page-1 ez-toc-heading-level-2'><a class=\"ez-toc-link ez-toc-heading-5\" href=\"https:\/\/med.estrategia.com\/portal\/residencia-medica\/residencia-medica-cermam-2022-saiba-tudo-sobre-a-ultima-edicao\/#Vagas-CERMAM-2022\" >Vagas CERMAM 2022<\/a><\/li><li class='ez-toc-page-1 ez-toc-heading-level-2'><a class=\"ez-toc-link ez-toc-heading-6\" href=\"https:\/\/med.estrategia.com\/portal\/residencia-medica\/residencia-medica-cermam-2022-saiba-tudo-sobre-a-ultima-edicao\/#Instituicoes-participantes-da-CERMAM-2022\" >Institui&ccedil;&otilde;es participantes da CERMAM 2022<\/a><\/li><li class='ez-toc-page-1 ez-toc-heading-level-2'><a class=\"ez-toc-link ez-toc-heading-7\" href=\"https:\/\/med.estrategia.com\/portal\/residencia-medica\/residencia-medica-cermam-2022-saiba-tudo-sobre-a-ultima-edicao\/#Processo-Seletivo-CERMAM-2022\" >Processo Seletivo CERMAM 2022<\/a><\/li><li class='ez-toc-page-1 ez-toc-heading-level-2'><a class=\"ez-toc-link ez-toc-heading-8\" href=\"https:\/\/med.estrategia.com\/portal\/residencia-medica\/residencia-medica-cermam-2022-saiba-tudo-sobre-a-ultima-edicao\/#Resultado-Final-CERMAM-2022\" >Resultado Final CERMAM 2022<\/a><\/li><li class='ez-toc-page-1 ez-toc-heading-level-2'><a class=\"ez-toc-link ez-toc-heading-9\" href=\"https:\/\/med.estrategia.com\/portal\/residencia-medica\/residencia-medica-cermam-2022-saiba-tudo-sobre-a-ultima-edicao\/#Matricula-CERMAM-2022\" >Matr&iacute;cula CERMAM 2022<\/a><\/li><li class='ez-toc-page-1 ez-toc-heading-level-2'><a class=\"ez-toc-link ez-toc-heading-10\" href=\"https:\/\/med.estrategia.com\/portal\/residencia-medica\/residencia-medica-cermam-2022-saiba-tudo-sobre-a-ultima-edicao\/#Estudar-por-Questoes\" >Estudar por Quest&otilde;es<\/a><\/li><li class='ez-toc-page-1 ez-toc-heading-level-2'><a class=\"ez-toc-link ez-toc-heading-11\" href=\"https:\/\/med.estrategia.com\/portal\/residencia-medica\/residencia-medica-cermam-2022-saiba-tudo-sobre-a-ultima-edicao\/#Veja-tambem\" >Veja tamb&eacute;m:<\/a><\/li><\/ul><\/nav><\/div>\n<h2 class=\"wp-block-heading\" id=\"h-a-cermam\"><span class=\"ez-toc-section\" id=\"A-CERMAM\"><\/span>A CERMAM<span class=\"ez-toc-section-end\"><\/span><\/h2><p class=\"wp-block-paragraph\">A <a href=\"https:\/\/www.cermam.com.br\/\" target=\"_blank\">Comiss&atilde;o Estadual de Resid&ecirc;ncia M&eacute;dica do Amazonas<\/a> (<strong><span id=\"urn:enhancement-2defe7a9-cfb4-41cc-b476-d1f3cd3260da\" class=\"textannotation disambiguated wl-organization\" itemid=\"\/entity\/cermam-am-2\">CERMAM-AM<\/span>)<\/strong> &eacute; a institui&ccedil;&atilde;o que oferece o processo seletivo de <span id=\"urn:enhancement-accf2ec8-cea5-42f8-a9ba-e86281d825e4\" class=\"textannotation disambiguated wl-thing\" itemid=\"\/entity\/residencia-medica\">Resid&ecirc;ncia M&eacute;dica<\/span> mais concorrido do estado.<\/p><p class=\"wp-block-paragraph\">A gest&atilde;o da Comiss&atilde;o Estadual busca a <strong>cria&ccedil;&atilde;o de novos Programas de <span id=\"urn:enhancement-873444fb-0572-4f13-834a-a6949a236f43\" class=\"textannotation disambiguated wl-thing\" itemid=\"\/entity\/residencia-medica\">Resid&ecirc;ncia M&eacute;dica<\/span><\/strong> que satisfa&ccedil;am as necessidades da popula&ccedil;&atilde;o do Amazonas e que possuam a qualidade exigida pela Comiss&atilde;o Nacional de <span id=\"urn:enhancement-a9757584-ba94-4e4f-9dba-909c8d083a29\" class=\"textannotation disambiguated wl-thing\" itemid=\"\/entity\/residencia-medica\">Resid&ecirc;ncia M&eacute;dica<\/span>.<\/p><div class=\"wp-block-image\">\n<figure class=\"aligncenter size-full is-resized\"><img decoding=\"async\" width=\"350\" height=\"200\" src=\"https:\/\/med.estrategia.com\/portal\/wp-content\/uploads\/2021\/02\/uea.jpg\" alt=\"cermam\" class=\"wp-image-10852\" style=\"width:484px;height:276px\"><figcaption class=\"wp-element-caption\">UEA, institui&ccedil;&atilde;o participante do seletivo da CERMAM. Foto:<a href=\"http:\/\/www.abeneventos.com.br\/11semana-uea\/local.html\" target=\"_blank\"> Arquivo Universidade Estadual do Amazonas<\/a><\/figcaption><\/figure>\n<\/div><h2 class=\"wp-block-heading\" id=\"h-edital-cermam-2022\"><span class=\"ez-toc-section\" id=\"Edital-CERMAM-2022\"><\/span>Edital CERMAM 2022<span class=\"ez-toc-section-end\"><\/span><\/h2><p class=\"wp-block-paragraph\">Confira os editais para o seletivo de <span id=\"urn:enhancement-8b95eb77-10ee-4104-91a7-77a5ee7d4263\" class=\"textannotation disambiguated wl-thing\" itemid=\"\/entity\/residencia-medica\">Resid&ecirc;ncia M&eacute;dica<\/span> de Acesso Direto e com Pr&eacute;-Requisito da CERMAM:<\/p><div class=\"wp-block-buttons is-horizontal is-content-justification-center is-layout-flex wp-container-core-buttons-is-layout-7d812b4c wp-block-buttons-is-layout-flex\">\n<div class=\"wp-block-button\"><a class=\"wp-block-button__link has-light-green-cyan-to-vivid-green-cyan-gradient-background has-background wp-element-button\" href=\"https:\/\/med.estrategia.com\/portal\/wp-content\/uploads\/2021\/09\/EDITAL-01-DA-CERMAM-2022-ACESSO-DIRETO.pdf\" target=\"_blank\"><strong>Edital 2022 CERMAM Acesso Direto<\/strong><\/a><\/div>\n<\/div><div class=\"wp-block-buttons is-horizontal is-content-justification-center is-layout-flex wp-container-core-buttons-is-layout-7d812b4c wp-block-buttons-is-layout-flex\">\n<div class=\"wp-block-button\"><a class=\"wp-block-button__link has-light-green-cyan-to-vivid-green-cyan-gradient-background has-background wp-element-button\" href=\"https:\/\/med.estrategia.com\/portal\/wp-content\/uploads\/2021\/09\/EDITAL-02-DA-CERMAM-2022-PRE-REQUISITO-E-ANO-ADICIONAL.pdf\" target=\"_blank\"><strong>Edital 2022 CERMAM Pr&eacute;-Requisito<\/strong><\/a><\/div>\n<\/div><h2 class=\"wp-block-heading\" id=\"h-inscricoes-cermam-2022\"><span class=\"ez-toc-section\" id=\"Inscricoes-CERMAM-2022\"><\/span><strong>Inscri&ccedil;&otilde;es CERMAM 2022<\/strong><span class=\"ez-toc-section-end\"><\/span><\/h2><p class=\"wp-block-paragraph\">As&nbsp;<strong>inscri&ccedil;&otilde;es&nbsp;<\/strong>da CERMAM ficaram dispon&iacute;veis entre os dias&nbsp;<strong>11 de outubro a 05 de novembro de 2021. O candidato teve que se inscrever pelo&nbsp;<a href=\"https:\/\/www.cermam.com.br\/\" target=\"_blank\">site<\/a><\/strong>&nbsp;<strong>da institui&ccedil;&atilde;o<\/strong> e a <strong>solicita&ccedil;&atilde;o de isen&ccedil;&atilde;o <\/strong>no valor da taxa ficou aberta para os candidatos no <strong>mesmo per&iacute;odo<\/strong> das inscri&ccedil;&otilde;es.<\/p><p class=\"wp-block-paragraph\">No dia <strong>9 de novembro de 2021<\/strong> saiu o&nbsp;<a target=\"_blank\" href=\"https:\/\/www.cermam.com.br\/files\/pdf20211109\/Resultado%20da%20Solicita%C3%A7%C3%A3o%20de%20Isen%C3%A7%C3%A3o%20de%20taxas.pdf\"><strong>Resultado da Solicita&ccedil;&atilde;o de Isen&ccedil;&atilde;o de Taxas<\/strong><\/a>, confira!<\/p><h2 class=\"wp-block-heading\" id=\"h-cronograma-cermam-2022\"><span class=\"ez-toc-section\" id=\"Cronograma-CERMAM-2022\"><\/span><strong>Cronograma CERMAM 2022<\/strong><span class=\"ez-toc-section-end\"><\/span><\/h2><ul class=\"wp-block-list\">\n<li><strong>Per&iacute;odo de Inscri&ccedil;&atilde;o e solicita&ccedil;&atilde;o de isen&ccedil;&atilde;o: <\/strong>11\/10 a 05\/11\/2021;<\/li>\n\n\n\n<li><strong>Valor da inscri&ccedil;&atilde;o:<\/strong> R$ 500,00;<\/li>\n\n\n\n<li><strong>Locais de prova:<\/strong> 15\/11\/2021;<\/li>\n\n\n\n<li><strong>Prova Te&oacute;rica (1&ordf; etapa)<\/strong>: 28\/11\/2021;<\/li>\n\n\n\n<li><strong>Gabarito preliminar:<\/strong> 28\/11\/2021;<\/li>\n\n\n\n<li><strong>Recurso ao Gabarito:<\/strong> 29\/11\/2021;<\/li>\n\n\n\n<li><strong>Resultado final da 1&ordf; etapa:<\/strong> 03\/12\/2021;<\/li>\n\n\n\n<li><strong>Envio do Curr&iacute;culo: <\/strong>06\/12\/21, at&eacute; &agrave;s 16h;<\/li>\n\n\n\n<li><strong>Resultado da An&aacute;lise Curricular:<\/strong> 16\/12\/2021;<\/li>\n\n\n\n<li><strong>Resultado final: <\/strong>20\/12\/2021;<\/li>\n\n\n\n<li><strong>Escolha da Institui&ccedil;&atilde;o:<\/strong> 27\/12\/2021;<\/li>\n\n\n\n<li><strong>Matr&iacute;cula:<\/strong> 29\/12\/2021; e<\/li>\n\n\n\n<li><strong>In&iacute;cio do programa:<\/strong> 01\/03\/2022.<\/li>\n<\/ul><h2 class=\"wp-block-heading\" id=\"h-vagas-cermam-2022\"><span class=\"ez-toc-section\" id=\"Vagas-CERMAM-2022\"><\/span>Vagas CERMAM 2022<span class=\"ez-toc-section-end\"><\/span><\/h2><p class=\"wp-block-paragraph\">O processo seletivo da<strong> CERMAM de 2022<\/strong> ofereceu, ao todo,&nbsp;<strong>137 vagas<\/strong>, sendo <strong>17<\/strong> delas de <strong>reserva militar<\/strong> ou para <strong>PcD<\/strong>. Elas foram distribu&iacute;das entre as especialidades de<strong> acesso direto, com pr&eacute;-requisito e ano adicional!<\/strong> Confira:<\/p><h3 class=\"wp-block-heading\" id=\"h-acesso-direto\">Acesso Direto<\/h3><figure class=\"wp-block-table is-style-stripes\"><table class=\"has-light-green-cyan-to-vivid-green-cyan-gradient-background has-background\"><thead><tr><th>Especialidades<\/th><th class=\"has-text-align-center\" data-align=\"center\">Vagas<\/th><th class=\"has-text-align-center\" data-align=\"center\">Vagas reserva militar<\/th><th class=\"has-text-align-center\" data-align=\"center\">Vagas para PcD<\/th><\/tr><\/thead><tbody><tr><td>Anestesiologia<\/td><td class=\"has-text-align-center\" data-align=\"center\">7,00<\/td><td class=\"has-text-align-center\" data-align=\"center\">&ndash;<\/td><td class=\"has-text-align-center\" data-align=\"center\">&ndash;<\/td><\/tr><tr><td>Cirurgia Cardiovascular<\/td><td class=\"has-text-align-center\" data-align=\"center\">2,00<\/td><td class=\"has-text-align-center\" data-align=\"center\">&ndash;<\/td><td class=\"has-text-align-center\" data-align=\"center\">&ndash;<\/td><\/tr><tr><td>Cirurgia Geral<\/td><td class=\"has-text-align-center\" data-align=\"center\">9,00<\/td><td class=\"has-text-align-center\" data-align=\"center\">1,00<\/td><td class=\"has-text-align-center\" data-align=\"center\">&ndash;<\/td><\/tr><tr><td>Cl&iacute;nica M&eacute;dica<\/td><td class=\"has-text-align-center\" data-align=\"center\">18,00<\/td><td class=\"has-text-align-center\" data-align=\"center\">&ndash;<\/td><td class=\"has-text-align-center\" data-align=\"center\">3,00<\/td><\/tr><tr><td>Dermatologia<\/td><td class=\"has-text-align-center\" data-align=\"center\">5,00<\/td><td class=\"has-text-align-center\" data-align=\"center\">&ndash;<\/td><td class=\"has-text-align-center\" data-align=\"center\">&ndash;<\/td><\/tr><tr><td>Infectologia<\/td><td class=\"has-text-align-center\" data-align=\"center\">5,00<\/td><td class=\"has-text-align-center\" data-align=\"center\">&ndash;<\/td><td class=\"has-text-align-center\" data-align=\"center\">&ndash;<\/td><\/tr><tr><td>Medicina da Fam&iacute;lia e Comunidade<\/td><td class=\"has-text-align-center\" data-align=\"center\">23,00<\/td><td class=\"has-text-align-center\" data-align=\"center\">4,00<\/td><td class=\"has-text-align-center\" data-align=\"center\">3,00<\/td><\/tr><tr><td>Medicina Intensiva<\/td><td class=\"has-text-align-center\" data-align=\"center\">&ndash;<\/td><td class=\"has-text-align-center\" data-align=\"center\">3,00<\/td><td class=\"has-text-align-center\" data-align=\"center\">&ndash;<\/td><\/tr><tr><td>Ginecologia e Obstetr&iacute;cia<\/td><td class=\"has-text-align-center\" data-align=\"center\">7,00<\/td><td class=\"has-text-align-center\" data-align=\"center\">&ndash;<\/td><td class=\"has-text-align-center\" data-align=\"center\">&ndash;<\/td><\/tr><tr><td>Oftalmologia<\/td><td class=\"has-text-align-center\" data-align=\"center\">3,00<\/td><td class=\"has-text-align-center\" data-align=\"center\">1,00<\/td><td class=\"has-text-align-center\" data-align=\"center\">&ndash;<\/td><\/tr><tr><td>Ortopedia e Traumatologia<\/td><td class=\"has-text-align-center\" data-align=\"center\">4,00<\/td><td class=\"has-text-align-center\" data-align=\"center\">&ndash;<\/td><td class=\"has-text-align-center\" data-align=\"center\">&ndash;<\/td><\/tr><tr><td>Otorrinolaringologia<\/td><td class=\"has-text-align-center\" data-align=\"center\">2,00<\/td><td class=\"has-text-align-center\" data-align=\"center\">&ndash;<\/td><td class=\"has-text-align-center\" data-align=\"center\">&ndash;<\/td><\/tr><tr><td>Pediatria<\/td><td class=\"has-text-align-center\" data-align=\"center\">12,00<\/td><td class=\"has-text-align-center\" data-align=\"center\">&ndash;<\/td><td class=\"has-text-align-center\" data-align=\"center\">1,00<\/td><\/tr><tr><td>Psiquiatria<\/td><td class=\"has-text-align-center\" data-align=\"center\">1,00<\/td><td class=\"has-text-align-center\" data-align=\"center\">1,00<\/td><td class=\"has-text-align-center\" data-align=\"center\">&ndash;<\/td><\/tr><tr><td>Radiologia e Diagn&oacute;stico por Imagem<\/td><td class=\"has-text-align-center\" data-align=\"center\">4,00<\/td><td class=\"has-text-align-center\" data-align=\"center\">&ndash;<\/td><td class=\"has-text-align-center\" data-align=\"center\">&ndash;<\/td><\/tr><tr><td><strong>TOTAL<\/strong><\/td><td class=\"has-text-align-center\" data-align=\"center\"><strong>102,00<\/strong><\/td><td class=\"has-text-align-center\" data-align=\"center\"><strong>10,00<\/strong><\/td><td class=\"has-text-align-center\" data-align=\"center\"><strong>7,00<\/strong><\/td><\/tr><\/tbody><\/table><\/figure><h3 class=\"wp-block-heading\" id=\"h-pre-requisito-e-ano-adicional\">Pr&eacute;-Requisito e Ano Adicional<\/h3><figure class=\"wp-block-table is-style-stripes\"><table class=\"has-light-green-cyan-to-vivid-green-cyan-gradient-background has-background has-fixed-layout\"><thead><tr><th>Especialidades<\/th><th class=\"has-text-align-center\" data-align=\"center\">Vagas<\/th><\/tr><\/thead><tbody><tr><td>Cirurgia Oncol&oacute;gica<\/td><td class=\"has-text-align-center\" data-align=\"center\">2,00<\/td><\/tr><tr><td>Hepatologia<\/td><td class=\"has-text-align-center\" data-align=\"center\">2,00<\/td><\/tr><tr><td>Hematologia e Hemoterapia<\/td><td class=\"has-text-align-center\" data-align=\"center\">2,00<\/td><\/tr><tr><td>Medicina Tropical<\/td><td class=\"has-text-align-center\" data-align=\"center\">2,00<\/td><\/tr><tr><td>Neurologia Pedi&aacute;trica<\/td><td class=\"has-text-align-center\" data-align=\"center\">2,00<\/td><\/tr><tr><td>Neonatologia<\/td><td class=\"has-text-align-center\" data-align=\"center\">3,00<\/td><\/tr><tr><td>Oncologia Cl&iacute;nica<\/td><td class=\"has-text-align-center\" data-align=\"center\">2,00<\/td><\/tr><tr><td><strong>TOTAL<\/strong><\/td><td class=\"has-text-align-center\" data-align=\"center\"><strong>15,00<\/strong><\/td><\/tr><\/tbody><\/table><\/figure><h2 class=\"wp-block-heading\" id=\"h-instituicoes-participantes-da-cermam-2022\"><span class=\"ez-toc-section\" id=\"Instituicoes-participantes-da-CERMAM-2022\"><\/span><strong>Institui&ccedil;&otilde;es participantes da CERMAM 2022<\/strong><span class=\"ez-toc-section-end\"><\/span><\/h2><p class=\"wp-block-paragraph\">Foram <strong>14 institui&ccedil;&otilde;es aderentes<\/strong> ao processo seletivo. Confira quais s&atilde;o:<\/p><ol class=\"wp-block-list\">\n<li>Associa&ccedil;&atilde;o Adventista Norte Brasileira de Preven&ccedil;&atilde;o e Assist&ecirc;ncia &agrave; Sa&uacute;de<\/li>\n\n\n\n<li>Complexo Hospitalar Nilton Lins LTDA<\/li>\n\n\n\n<li>Funda&ccedil;&atilde;o Centro de Controle de Oncologia do Estado do Amazonas &ndash; FCECON <\/li>\n\n\n\n<li>Funda&ccedil;&atilde;o de Dermatologia Tropical e Venereologia Alfredo da Matta<\/li>\n\n\n\n<li>Funda&ccedil;&atilde;o de Hematologia Hemoterapia do Amazonas &ndash; HEMOAM&nbsp;<\/li>\n\n\n\n<li>Funda&ccedil;&atilde;o de Medicina Tropical Doutor Heitor Vieira Dourado&nbsp;<\/li>\n\n\n\n<li>Funda&ccedil;&atilde;o Hospital Adriano Jorge<\/li>\n\n\n\n<li>Instituto de Oftalmologia de Manaus<\/li>\n\n\n\n<li>Secretaria Municipal de Sa&uacute;de de Manaus&nbsp;<\/li>\n\n\n\n<li>Universidade do Estado do Amazonas<\/li>\n\n\n\n<li>Vision Cl&iacute;nica de Olhos Limitada&nbsp;<\/li>\n\n\n\n<li>Hospital SAMEL<\/li>\n\n\n\n<li>Sociedade Portuguesa Beneficente do Amazonas&nbsp;<\/li>\n\n\n\n<li>PRODIMAGEM<\/li>\n<\/ol><h2 class=\"wp-block-heading\" id=\"h-processo-seletivo-cermam-2022\"><span class=\"ez-toc-section\" id=\"Processo-Seletivo-CERMAM-2022\"><\/span><strong>Processo Seletivo CERMAM 2022<\/strong><span class=\"ez-toc-section-end\"><\/span><\/h2><p class=\"wp-block-paragraph\">Tanto para as especialidades de Acesso Direto, quanto para as com Pr&eacute;-Requisito, o Processo Seletivo foi composto por uma<strong> prova escrita <\/strong>de car&aacute;ter eliminat&oacute;rio e classificat&oacute;rio, com <strong>peso 90% e uma an&aacute;lise curricular, que tamb&eacute;m possui <\/strong>car&aacute;ter classificat&oacute;rio, mas possui <strong>peso de 10%.<\/strong> <\/p><h3 class=\"wp-block-heading\" id=\"h-prova-teorica-1&ordf;-fase\"><strong>Prova Te&oacute;rica (1&ordf; Fase)<\/strong><\/h3><p class=\"wp-block-paragraph\">A prova te&oacute;rica foi aplicada no dia<strong> 28 de novembro de 2021<\/strong> e teve in&iacute;cio &agrave;s 8h. Clique <a href=\"https:\/\/www.cermam.com.br\/files\/pdf20211115\/Local%20de%20Prova%20Teo%CC%81rica.pdf\" target=\"_blank\">aqui<\/a> para conferir o local da prova CERMAM 2022.<\/p><p class=\"wp-block-paragraph\">Para as <strong>especialidades de Acesso Direto,<\/strong> a avalia&ccedil;&atilde;o foi composta de <strong>100 quest&otilde;es de m&uacute;ltipla escolha, modelo ABCD, <\/strong>com o tempo m&aacute;ximo para a realiza&ccedil;&atilde;o de <strong>4 horas.<\/strong> Cada quest&atilde;o vale 1 ponto e os enunciados abordaram o conte&uacute;do das seguintes &aacute;reas:<\/p><ul class=\"wp-block-list\">\n<li>Cl&iacute;nica M&eacute;dica;<\/li>\n\n\n\n<li>Cirurgia Geral;<\/li>\n\n\n\n<li>Pediatria;<\/li>\n\n\n\n<li>Obstetr&iacute;cia e Ginecologia; e<\/li>\n\n\n\n<li>Medicina Preventiva e Social (Sa&uacute;de Coletiva e Medicina Geral de Fam&iacute;lia e Comunidade).<\/li>\n<\/ul><p class=\"wp-block-paragraph\">J&aacute; na prova para as especialidades com <strong>Pr&eacute;-Requisito<\/strong>, os candidatos tiveram <strong>3 horas <\/strong>para a realiza&ccedil;&atilde;o de <strong>25 quest&otilde;es de m&uacute;ltipla escolha, tamb&eacute;m no modelo ABCD. <\/strong>Cada quest&atilde;o <strong>vale 2 pontos.&nbsp;<\/strong><\/p><p class=\"wp-block-paragraph\">Ser&atilde;o classificados para a 2&ordf; etapa desta sele&ccedil;&atilde;o o participante que obtiver, no m&iacute;nimo, <strong>50% de acerto nesta etapa<\/strong>.<\/p><p class=\"wp-block-paragraph\"><strong>N&atilde;o foi permitido<\/strong> que o candidato saia do local de aplica&ccedil;&atilde;o da prova com o <strong>caderno de quest&otilde;es<\/strong>.<\/p><div class=\"wp-block-buttons is-horizontal is-content-justification-center is-layout-flex wp-container-core-buttons-is-layout-7d812b4c wp-block-buttons-is-layout-flex\">\n<div class=\"wp-block-button\"><a class=\"wp-block-button__link wp-element-button\" href=\"https:\/\/med.estrategia.com\/portal\/wp-content\/uploads\/2021\/11\/PROVAO-CERMAM-2022_1_impressao.pdf\" target=\"_blank\">Baixe aqui a prova de Acesso Direto<\/a><\/div>\n\n\n\n<div class=\"wp-block-button\"><a class=\"wp-block-button__link wp-element-button\" href=\"https:\/\/med.estrategia.com\/portal\/wp-content\/uploads\/2021\/12\/gabarito_r1_cermam2021-alterado.pdf\" target=\"_blank\">Confira o gabarito final de acesso direto<\/a><\/div>\n<\/div><div class=\"wp-block-buttons is-horizontal is-content-justification-center is-layout-flex wp-container-core-buttons-is-layout-7d812b4c wp-block-buttons-is-layout-flex\">\n<div class=\"wp-block-button\"><a class=\"wp-block-button__link wp-element-button\" href=\"https:\/\/med.estrategia.com\/portal\/wp-content\/uploads\/2021\/12\/Resultado_RM2201_R1_col_col_v1.pdf\" target=\"_blank\">Veja o resultado final da 1&ordf; fase!<\/a><\/div>\n<\/div><p class=\"wp-block-paragraph\">Para conferir o resultado final da 1&ordf; fase para as especialidades com Pr&eacute;-Requisito, <a href=\"https:\/\/med.estrategia.com\/portal\/wp-content\/uploads\/2021\/12\/Resultado_RM2202_R3_col_col_v1.pdf\" target=\"_blank\">clique aqui!<\/a><\/p><h3 class=\"wp-block-heading\" id=\"h-analise-curricular-2&ordf;-fase\"><strong>An&aacute;lise Curricular (2&ordf; Fase)<\/strong><\/h3><p class=\"wp-block-paragraph\">Foi obrigat&oacute;rio possuir o curr&iacute;culo cadastrado e atualizado na <a href=\"http:\/\/lattes.cnpq.br\" target=\"_blank\">Plataforma Lattes<\/a>. Ap&oacute;s isso, apenas restou ao candidato<strong> encaminhar as c&oacute;pias autenticadas em cart&oacute;rio dos documentos comprobat&oacute;rios ou os originais <\/strong>para a etapa de An&aacute;lise do Curr&iacute;culo. O prazo para envio foi <strong>at&eacute; &agrave;s 16h do dia 6 de dezembro de 2021, <\/strong>no site da COREME do processo seletivo.&nbsp;<\/p><p class=\"wp-block-paragraph\">Confira o <a href=\"https:\/\/www.cermam.com.br\/files\/pdf20210926\/Manual%20do%20Candidato%20CERMAM%202022.pdf\" target=\"_blank\">Manual do Candidato<\/a> divulgado pela CERMAM sobre essa etapa!<\/p><p class=\"wp-block-paragraph\">Ainda tem d&uacute;vidas sobre essa fase? O <span id=\"urn:enhancement-066c3aa1-b91f-4b24-af6e-2d15d4701f71\" class=\"textannotation disambiguated wl-organization\" itemid=\"\/entity\/estrategia-med-2\">Estrat&eacute;gia MED<\/span> possui um<strong> artigo espec&iacute;fico <\/strong>sobre a an&aacute;lise de curr&iacute;culo, confira e saiba mais<a href=\"https:\/\/med.estrategia.com\/portal\/residencia-medica\/analise-curricular\/analise-curricular-residencia-medica\/\" target=\"_blank\"> clicando aqui!<\/a><\/p><div class=\"wp-block-buttons is-horizontal is-content-justification-center is-layout-flex wp-container-core-buttons-is-layout-7d812b4c wp-block-buttons-is-layout-flex\">\n<div class=\"wp-block-button\"><a class=\"wp-block-button__link wp-element-button\" href=\"https:\/\/med.estrategia.com\/portal\/wp-content\/uploads\/2021\/12\/RESULTADO-DA-PROVA-DE-TITULOS-ACESSO-DIRETO.pdf\" target=\"_blank\">Confira o resultado da 2&ordf; fase!<\/a><\/div>\n<\/div><h2 class=\"wp-block-heading\" id=\"h-resultado-final-cermam-2022\"><span class=\"ez-toc-section\" id=\"Resultado-Final-CERMAM-2022\"><\/span><strong>Resultado Final CERMAM 2022<\/strong><span class=\"ez-toc-section-end\"><\/span><\/h2><p class=\"wp-block-paragraph\">O resultado final do processo seletivo foi divulgado no dia <strong>20 de dezembro de 2021. <\/strong>Caso ocorresse empate de classifica&ccedil;&atilde;o em qualquer uma das etapas, o desempate <strong>seguiu os crit&eacute;rios abaixo:<\/strong><\/p><ol class=\"wp-block-list\">\n<li>Maior nota na Prova Te&oacute;rica;<\/li>\n\n\n\n<li>Maior nota na An&aacute;lise de Curr&iacute;culo; ou<\/li>\n\n\n\n<li>Maior idade.<\/li>\n<\/ol><div class=\"wp-block-buttons is-horizontal is-content-justification-center is-layout-flex wp-container-core-buttons-is-layout-7d812b4c wp-block-buttons-is-layout-flex\">\n<div class=\"wp-block-button\"><a class=\"wp-block-button__link wp-element-button\" href=\"https:\/\/med.estrategia.com\/portal\/wp-content\/uploads\/2021\/12\/Resultado-Final-do-Acesso-Direto.pdf\" target=\"_blank\">Confira aqui o resultado final!<\/a><\/div>\n<\/div><h2 class=\"wp-block-heading\" id=\"h-matricula-cermam-2022\"><span class=\"ez-toc-section\" id=\"Matricula-CERMAM-2022\"><\/span><strong>Matr&iacute;cula CERMAM 2022<\/strong><span class=\"ez-toc-section-end\"><\/span><\/h2><p class=\"wp-block-paragraph\">No dia <strong>27 de dezembro de 2021<\/strong>, o candidato p&ocirc;de indicar qual a institui&ccedil;&atilde;o escolhida para realizar a <span id=\"urn:enhancement-5a4dae7a-bd98-48f0-8064-f7cf5b8f11ba\" class=\"textannotation disambiguated wl-thing\" itemid=\"\/entity\/residencia-medica\">Resid&ecirc;ncia M&eacute;dica<\/span>. Confira aqui o <a href=\"https:\/\/med.estrategia.com\/portal\/wp-content\/uploads\/2021\/12\/Local-da-escolha.pdf\" target=\"_blank\">local de escolha<\/a> e os <a href=\"https:\/\/med.estrategia.com\/portal\/wp-content\/uploads\/2021\/12\/Relacao-dos-aprovados-para-escolha-da-instituicao.pdf\" target=\"_blank\">candidatos convocados para escolha<\/a>.<br>Ap&oacute;s isso, iniciou-se a matr&iacute;cula na institui&ccedil;&atilde;o indicada, que aconteceu no <strong>dia 29 de dezembro de 2021. <\/strong>O candidato deveria apresentar os seguintes documentos:<\/p><ul class=\"wp-block-list\">\n<li>1 c&oacute;pia do CPF;<\/li>\n\n\n\n<li>1 c&oacute;pia do RG;<\/li>\n\n\n\n<li>1 c&oacute;pia da Carteira do Minist&eacute;rio do Trabalho;<\/li>\n\n\n\n<li>1 c&oacute;pia do T&iacute;tulo de Eleitor e comprovante da &uacute;ltima elei&ccedil;&atilde;o;<\/li>\n\n\n\n<li>1 c&oacute;pia do N&uacute;mero do PIS ou PASEP;<\/li>\n\n\n\n<li>1 c&oacute;pia do Comprovante de quita&ccedil;&atilde;o com o servi&ccedil;o militar;<\/li>\n\n\n\n<li>1 c&oacute;pia do Comprovante de endere&ccedil;o atual;<\/li>\n\n\n\n<li>1 c&oacute;pia autenticada do Diploma ou Comprovante de conclus&atilde;o do curso de Medicina;<\/li>\n\n\n\n<li>1 c&oacute;pia autenticada do Hist&oacute;rico do curso de Medicina;<\/li>\n\n\n\n<li>1 c&oacute;pia do Comprovante da realiza&ccedil;&atilde;o do(s) pr&eacute;-requisito(s) de <span id=\"urn:enhancement-27227834-642a-4100-8394-0ea196703f24\" class=\"textannotation disambiguated wl-thing\" itemid=\"\/entity\/residencia-medica\">Resid&ecirc;ncia M&eacute;dica<\/span>;<\/li>\n\n\n\n<li>1 c&oacute;pia do Registro do Conselho Regional de Medicina;<\/li>\n\n\n\n<li>Seguro de Vida e Morte por qualquer causa e Acidente de Trabalho;<\/li>\n\n\n\n<li>3 fotos 3&times;4 id&ecirc;nticas e atuais;<\/li>\n\n\n\n<li>Tipagem Sangu&iacute;nea; <\/li>\n\n\n\n<li>1 c&oacute;pia dos dados banc&aacute;rios;<\/li>\n\n\n\n<li>Declara&ccedil;&atilde;o de quita&ccedil;&atilde;o com Tribunal Eleitoral;<\/li>\n\n\n\n<li>Declara&ccedil;&atilde;o de quita&ccedil;&atilde;o do Conselho Regional de Medicina (CRM-AM); e<\/li>\n\n\n\n<li>Visto de perman&ecirc;ncia no Pa&iacute;s, para estrangeiro.<\/li>\n<\/ul><p class=\"wp-block-paragraph\">No dia 3 de janeiro de 2022 saiu a&nbsp;<strong><a target=\"_blank\" href=\"https:\/\/www.cermam.com.br\/files\/pdf20220103\/LISTA%20DA%201%C2%AA%20CHAMADA.pdf\">lista da 1&ordf; chamada<\/a><\/strong>&nbsp;para Matr&iacute;cula da&nbsp;<strong>CERMAM<\/strong>!<\/p><p class=\"wp-block-paragraph\">Confira os editais, o caderno de prova, os gabaritos e resultados do CERMAM 2021! O <span id=\"urn:enhancement-d3c09441-bcd6-4129-ba1c-b25ecff0ef99\" class=\"textannotation disambiguated wl-organization\" itemid=\"\/entity\/estrategia-med-2\">Estrat&eacute;gia MED<\/span> possui uma p&aacute;gina espec&iacute;fica de<a href=\"https:\/\/med.estrategia.com\/portal\/residencia-medica\/provas-e-editais\/cermam-2021-provas-e-editais\/\" target=\"_blank\"> Provas e Editais da CERMAM.<\/a> Nela, voc&ecirc; consegue<strong> baixar gratuitamente os PDFs<\/strong>. N&atilde;o perca essa oportunidade!<\/p><h2 class=\"wp-block-heading\" id=\"h-estudar-por-questoes\"><span class=\"ez-toc-section\" id=\"Estudar-por-Questoes\"><\/span><strong>Estudar por Quest&otilde;es<\/strong><span class=\"ez-toc-section-end\"><\/span><\/h2><p class=\"wp-block-paragraph\">A melhor forma de treinar os seus aprendizados e analisar seus erros e acertos &eacute; por meio da resolu&ccedil;&atilde;o de quest&otilde;es! Ent&atilde;o, se voc&ecirc; est&aacute; se preparando para algum processo seletivo de <span id=\"urn:enhancement-b9125205-84c2-4d5d-941a-c11daebc783c\" class=\"textannotation disambiguated wl-thing\" itemid=\"\/entity\/residencia-medica\">Resid&ecirc;ncia M&eacute;dica<\/span>, conhe&ccedil;a o <strong>Banco de Quest&otilde;es MED<\/strong>!&nbsp;<\/p><p class=\"wp-block-paragraph\">O BQMED possui <strong>milhares de quest&otilde;es cadastradas<\/strong> e <strong>comentadas <\/strong>pelos nossos professores. Al&eacute;m disso, ajuda os estudantes a se sentirem mais seguros nas avalia&ccedil;&otilde;es e a treinarem seu tempo de resolu&ccedil;&atilde;o.<\/p><p class=\"wp-block-paragraph\"><\/p><p class=\"wp-block-paragraph\"><strong><a id=\"cta\" class=\"cta-imagem\" href=\"https:\/\/med.estrategia.com\/cursos\/extensivo-de-residncia-mdica\/\" target=\"blank\">\n                <img decoding=\"async\" width=\"100%\" src=\"https:\/\/med.estrategia.com\/portal\/wp-content\/uploads\/2025\/08\/extensivo_rm.jpg\" alt=\"Extensivo RM\" title=\"extensivo_rm\">\n        <\/a><\/strong><\/p><h2 class=\"wp-block-heading\"><span class=\"ez-toc-section\" id=\"Veja-tambem\"><\/span>Veja tamb&eacute;m:<span class=\"ez-toc-section-end\"><\/span><\/h2><ul class=\"wp-block-list\">\n<li><a href=\"https:\/\/med.estrategia.com\/portal\/residencia-medica\/provas\/cermam-2021-provas-e-editais\/\">Prova de Resid&ecirc;ncia M&eacute;dica CERMAM<\/a><\/li>\n\n\n\n<li><a href=\"https:\/\/med.estrategia.com\/portal\/residencia-medica\/fundhacre-residencia-medica\/\">Resid&ecirc;ncia M&eacute;dica FUNDHACRE<\/a><\/li>\n\n\n\n<li><a href=\"https:\/\/med.estrategia.com\/portal\/residencia-medica\/especialidades\/10-residencias-medicas-com-mais-vagas-por-especialidade\/\">10 Resid&ecirc;ncias M&eacute;dicas com mais vagas por especialidade<\/a><\/li>\n\n\n\n<li><a href=\"https:\/\/med.estrategia.com\/portal\/residencia-medica\/residencias-medicas-mais-concorridos\/\">10 Resid&ecirc;ncias M&eacute;dicas mais concorridas<\/a><\/li>\n\n\n\n<li><a href=\"https:\/\/med.estrategia.com\/portal\/residencia-medica\/usp-sp-residencia-medica\/\">Resid&ecirc;ncia M&eacute;dica USP SP<\/a><\/li>\n\n\n\n<li><a href=\"https:\/\/med.estrategia.com\/portal\/residencia-medica\/enare-vagas-cronograma-provas-edital\/\">Resid&ecirc;ncia M&eacute;dica ENARE<\/a><\/li>\n<\/ul><\/p>\n","protected":false},"excerpt":{"rendered":"Vai prestar prova para Resid&ecirc;ncia M&eacute;dica no Amazonas e quer conhecer melhor o processo seletivo da CERMAM? Confira&hellip;\n","protected":false},"author":29,"featured_media":6477,"comment_status":"open","ping_status":"open","sticky":false,"template":"","format":"standard","meta":{"footnotes":""},"categories":[24],"tags":[],"class_list":["post-26765","post","type-post","status-publish","format-standard","has-post-thumbnail","category-residencia-medica"],"acf":[],"yoast_head":"<!-- This site is optimized with the Yoast SEO Premium plugin v26.6 (Yoast SEO v26.6) - https:\/\/yoast.com\/wordpress\/plugins\/seo\/ -->\n<title>Resid\u00eancia M\u00e9dica CERMAM 2022: saiba tudo sobre essa edi\u00e7\u00e3o!<\/title>\n<meta name=\"description\" content=\"Saiba tudo sobre o processo seletivo da CERMAM 2022. Aqui voc\u00ea encontra informa\u00e7\u00f5es sobre a prova, cronograma e muito mais. Confira!\" \/>\n<meta name=\"robots\" content=\"index, follow, max-snippet:-1, max-image-preview:large, max-video-preview:-1\" \/>\n<link rel=\"canonical\" href=\"https:\/\/med.estrategia.com\/portal\/residencia-medica\/residencia-medica-cermam-2022-saiba-tudo-sobre-a-ultima-edicao\/\" \/>\n<meta property=\"og:locale\" content=\"pt_BR\" \/>\n<meta property=\"og:type\" content=\"article\" \/>\n<meta property=\"og:title\" content=\"Resid\u00eancia M\u00e9dica CERMAM 2022: saiba tudo sobre essa edi\u00e7\u00e3o!\" \/>\n<meta property=\"og:description\" content=\"Saiba tudo sobre o processo seletivo da CERMAM 2022. Aqui voc\u00ea encontra informa\u00e7\u00f5es sobre a prova, cronograma e muito mais. Confira!\" \/>\n<meta property=\"og:url\" content=\"https:\/\/med.estrategia.com\/portal\/residencia-medica\/residencia-medica-cermam-2022-saiba-tudo-sobre-a-ultima-edicao\/\" \/>\n<meta property=\"og:site_name\" content=\"Estrat\u00e9gia MED\" \/>\n<meta property=\"article:publisher\" content=\"https:\/\/www.facebook.com\/estrategiamed1\" \/>\n<meta property=\"article:published_time\" content=\"2022-09-26T18:19:23+00:00\" \/>\n<meta property=\"article:modified_time\" content=\"2026-07-29T14:39:59+00:00\" \/>\n<meta property=\"og:image\" content=\"https:\/\/med.estrategia.com\/portal\/wp-content\/uploads\/2021\/02\/30.jpg\" \/>\n\t<meta property=\"og:image:width\" content=\"1920\" \/>\n\t<meta property=\"og:image:height\" content=\"1080\" \/>\n\t<meta property=\"og:image:type\" content=\"image\/jpeg\" \/>\n<meta name=\"author\" content=\"Reda\u00e7\u00e3o - Estrat\u00e9gia MED\" \/>\n<meta name=\"twitter:card\" content=\"summary_large_image\" \/>\n<meta name=\"twitter:creator\" content=\"@estrategiamed_\" \/>\n<meta name=\"twitter:site\" content=\"@estrategiamed_\" \/>\n<meta name=\"twitter:label1\" content=\"Escrito por\" \/>\n\t<meta name=\"twitter:data1\" content=\"Reda\u00e7\u00e3o - Estrat\u00e9gia MED\" \/>\n\t<meta name=\"twitter:label2\" content=\"Est. tempo de leitura\" \/>\n\t<meta name=\"twitter:data2\" content=\"8 minutos\" \/>\n<script type=\"application\/ld+json\" class=\"yoast-schema-graph\">{\"@context\":\"https:\/\/schema.org\",\"@graph\":[{\"@type\":\"WebPage\",\"@id\":\"https:\/\/med.estrategia.com\/portal\/residencia-medica\/residencia-medica-cermam-2022-saiba-tudo-sobre-a-ultima-edicao\/\",\"url\":\"https:\/\/med.estrategia.com\/portal\/residencia-medica\/residencia-medica-cermam-2022-saiba-tudo-sobre-a-ultima-edicao\/\",\"name\":\"Resid\u00eancia M\u00e9dica CERMAM 2022: saiba tudo sobre essa edi\u00e7\u00e3o!\",\"isPartOf\":{\"@id\":\"https:\/\/med.estrategia.com\/portal\/#website\"},\"primaryImageOfPage\":{\"@id\":\"https:\/\/med.estrategia.com\/portal\/residencia-medica\/residencia-medica-cermam-2022-saiba-tudo-sobre-a-ultima-edicao\/#primaryimage\"},\"image\":{\"@id\":\"https:\/\/med.estrategia.com\/portal\/residencia-medica\/residencia-medica-cermam-2022-saiba-tudo-sobre-a-ultima-edicao\/#primaryimage\"},\"thumbnailUrl\":\"https:\/\/med.estrategia.com\/portal\/wp-content\/uploads\/2021\/02\/30.jpg\",\"datePublished\":\"2022-09-26T18:19:23+00:00\",\"dateModified\":\"2026-07-29T14:39:59+00:00\",\"author\":{\"@id\":\"https:\/\/med.estrategia.com\/portal\/#\/schema\/person\/08697bdf5b568f54e7cb36a85b30bfb3\"},\"description\":\"Saiba tudo sobre o processo seletivo da CERMAM 2022. Aqui voc\u00ea encontra informa\u00e7\u00f5es sobre a prova, cronograma e muito mais. Confira!\",\"breadcrumb\":{\"@id\":\"https:\/\/med.estrategia.com\/portal\/residencia-medica\/residencia-medica-cermam-2022-saiba-tudo-sobre-a-ultima-edicao\/#breadcrumb\"},\"inLanguage\":\"pt-BR\",\"potentialAction\":[{\"@type\":\"ReadAction\",\"target\":[\"https:\/\/med.estrategia.com\/portal\/residencia-medica\/residencia-medica-cermam-2022-saiba-tudo-sobre-a-ultima-edicao\/\"]}]},{\"@type\":\"ImageObject\",\"inLanguage\":\"pt-BR\",\"@id\":\"https:\/\/med.estrategia.com\/portal\/residencia-medica\/residencia-medica-cermam-2022-saiba-tudo-sobre-a-ultima-edicao\/#primaryimage\",\"url\":\"https:\/\/med.estrategia.com\/portal\/wp-content\/uploads\/2021\/02\/30.jpg\",\"contentUrl\":\"https:\/\/med.estrategia.com\/portal\/wp-content\/uploads\/2021\/02\/30.jpg\",\"width\":1920,\"height\":1080,\"caption\":\"CERMAM residencia medica\"},{\"@type\":\"BreadcrumbList\",\"@id\":\"https:\/\/med.estrategia.com\/portal\/residencia-medica\/residencia-medica-cermam-2022-saiba-tudo-sobre-a-ultima-edicao\/#breadcrumb\",\"itemListElement\":[{\"@type\":\"ListItem\",\"position\":1,\"name\":\"Home\",\"item\":\"https:\/\/med.estrategia.com\/portal\/\"},{\"@type\":\"ListItem\",\"position\":2,\"name\":\"Resid\u00eancia M\u00e9dica\",\"item\":\"https:\/\/med.estrategia.com\/portal\/residencia-medica\/\"},{\"@type\":\"ListItem\",\"position\":3,\"name\":\"Resid\u00eancia M\u00e9dica CERMAM 2022: saiba tudo sobre essa edi\u00e7\u00e3o!\"}]},{\"@type\":\"WebSite\",\"@id\":\"https:\/\/med.estrategia.com\/portal\/#website\",\"url\":\"https:\/\/med.estrategia.com\/portal\/\",\"name\":\"Estrat\u00e9gia MED\",\"description\":\"\",\"potentialAction\":[{\"@type\":\"SearchAction\",\"target\":{\"@type\":\"EntryPoint\",\"urlTemplate\":\"https:\/\/med.estrategia.com\/portal\/?s={search_term_string}\"},\"query-input\":{\"@type\":\"PropertyValueSpecification\",\"valueRequired\":true,\"valueName\":\"search_term_string\"}}],\"inLanguage\":\"pt-BR\"},{\"@type\":\"Person\",\"@id\":\"https:\/\/med.estrategia.com\/portal\/#\/schema\/person\/08697bdf5b568f54e7cb36a85b30bfb3\",\"name\":\"Reda\u00e7\u00e3o - Estrat\u00e9gia MED\",\"image\":{\"@type\":\"ImageObject\",\"inLanguage\":\"pt-BR\",\"@id\":\"https:\/\/med.estrategia.com\/portal\/#\/schema\/person\/image\/\",\"url\":\"https:\/\/med.estrategia.com\/portal\/wp-content\/uploads\/2021\/08\/WhatsApp-Image-2021-08-05-at-22.32.07-1-150x150.webp\",\"contentUrl\":\"https:\/\/med.estrategia.com\/portal\/wp-content\/uploads\/2021\/08\/WhatsApp-Image-2021-08-05-at-22.32.07-1-150x150.webp\",\"caption\":\"Reda\u00e7\u00e3o - Estrat\u00e9gia MED\"},\"url\":\"https:\/\/med.estrategia.com\/portal\/author\/redacaoemed\/\"}]}<\/script>\n<!-- \/ Yoast SEO Premium plugin. -->","yoast_head_json":{"title":"Resid\u00eancia M\u00e9dica CERMAM 2022: saiba tudo sobre essa edi\u00e7\u00e3o!","description":"Saiba tudo sobre o processo seletivo da CERMAM 2022. Aqui voc\u00ea encontra informa\u00e7\u00f5es sobre a prova, cronograma e muito mais. Confira!","robots":{"index":"index","follow":"follow","max-snippet":"max-snippet:-1","max-image-preview":"max-image-preview:large","max-video-preview":"max-video-preview:-1"},"canonical":"https:\/\/med.estrategia.com\/portal\/residencia-medica\/residencia-medica-cermam-2022-saiba-tudo-sobre-a-ultima-edicao\/","og_locale":"pt_BR","og_type":"article","og_title":"Resid\u00eancia M\u00e9dica CERMAM 2022: saiba tudo sobre essa edi\u00e7\u00e3o!","og_description":"Saiba tudo sobre o processo seletivo da CERMAM 2022. Aqui voc\u00ea encontra informa\u00e7\u00f5es sobre a prova, cronograma e muito mais. Confira!","og_url":"https:\/\/med.estrategia.com\/portal\/residencia-medica\/residencia-medica-cermam-2022-saiba-tudo-sobre-a-ultima-edicao\/","og_site_name":"Estrat\u00e9gia MED","article_publisher":"https:\/\/www.facebook.com\/estrategiamed1","article_published_time":"2022-09-26T18:19:23+00:00","article_modified_time":"2026-07-29T14:39:59+00:00","og_image":[{"width":1920,"height":1080,"url":"https:\/\/med.estrategia.com\/portal\/wp-content\/uploads\/2021\/02\/30.jpg","type":"image\/jpeg"}],"author":"Reda\u00e7\u00e3o - Estrat\u00e9gia MED","twitter_card":"summary_large_image","twitter_creator":"@estrategiamed_","twitter_site":"@estrategiamed_","twitter_misc":{"Escrito por":"Reda\u00e7\u00e3o - Estrat\u00e9gia MED","Est. tempo de leitura":"8 minutos"},"schema":{"@context":"https:\/\/schema.org","@graph":[{"@type":"WebPage","@id":"https:\/\/med.estrategia.com\/portal\/residencia-medica\/residencia-medica-cermam-2022-saiba-tudo-sobre-a-ultima-edicao\/","url":"https:\/\/med.estrategia.com\/portal\/residencia-medica\/residencia-medica-cermam-2022-saiba-tudo-sobre-a-ultima-edicao\/","name":"Resid\u00eancia M\u00e9dica CERMAM 2022: saiba tudo sobre essa edi\u00e7\u00e3o!","isPartOf":{"@id":"https:\/\/med.estrategia.com\/portal\/#website"},"primaryImageOfPage":{"@id":"https:\/\/med.estrategia.com\/portal\/residencia-medica\/residencia-medica-cermam-2022-saiba-tudo-sobre-a-ultima-edicao\/#primaryimage"},"image":{"@id":"https:\/\/med.estrategia.com\/portal\/residencia-medica\/residencia-medica-cermam-2022-saiba-tudo-sobre-a-ultima-edicao\/#primaryimage"},"thumbnailUrl":"https:\/\/med.estrategia.com\/portal\/wp-content\/uploads\/2021\/02\/30.jpg","datePublished":"2022-09-26T18:19:23+00:00","dateModified":"2026-07-29T14:39:59+00:00","author":{"@id":"https:\/\/med.estrategia.com\/portal\/#\/schema\/person\/08697bdf5b568f54e7cb36a85b30bfb3"},"description":"Saiba tudo sobre o processo seletivo da CERMAM 2022. Aqui voc\u00ea encontra informa\u00e7\u00f5es sobre a prova, cronograma e muito mais. Confira!","breadcrumb":{"@id":"https:\/\/med.estrategia.com\/portal\/residencia-medica\/residencia-medica-cermam-2022-saiba-tudo-sobre-a-ultima-edicao\/#breadcrumb"},"inLanguage":"pt-BR","potentialAction":[{"@type":"ReadAction","target":["https:\/\/med.estrategia.com\/portal\/residencia-medica\/residencia-medica-cermam-2022-saiba-tudo-sobre-a-ultima-edicao\/"]}]},{"@type":"ImageObject","inLanguage":"pt-BR","@id":"https:\/\/med.estrategia.com\/portal\/residencia-medica\/residencia-medica-cermam-2022-saiba-tudo-sobre-a-ultima-edicao\/#primaryimage","url":"https:\/\/med.estrategia.com\/portal\/wp-content\/uploads\/2021\/02\/30.jpg","contentUrl":"https:\/\/med.estrategia.com\/portal\/wp-content\/uploads\/2021\/02\/30.jpg","width":1920,"height":1080,"caption":"CERMAM residencia medica"},{"@type":"BreadcrumbList","@id":"https:\/\/med.estrategia.com\/portal\/residencia-medica\/residencia-medica-cermam-2022-saiba-tudo-sobre-a-ultima-edicao\/#breadcrumb","itemListElement":[{"@type":"ListItem","position":1,"name":"Home","item":"https:\/\/med.estrategia.com\/portal\/"},{"@type":"ListItem","position":2,"name":"Resid\u00eancia M\u00e9dica","item":"https:\/\/med.estrategia.com\/portal\/residencia-medica\/"},{"@type":"ListItem","position":3,"name":"Resid\u00eancia M\u00e9dica CERMAM 2022: saiba tudo sobre essa edi\u00e7\u00e3o!"}]},{"@type":"WebSite","@id":"https:\/\/med.estrategia.com\/portal\/#website","url":"https:\/\/med.estrategia.com\/portal\/","name":"Estrat\u00e9gia MED","description":"","potentialAction":[{"@type":"SearchAction","target":{"@type":"EntryPoint","urlTemplate":"https:\/\/med.estrategia.com\/portal\/?s={search_term_string}"},"query-input":{"@type":"PropertyValueSpecification","valueRequired":true,"valueName":"search_term_string"}}],"inLanguage":"pt-BR"},{"@type":"Person","@id":"https:\/\/med.estrategia.com\/portal\/#\/schema\/person\/08697bdf5b568f54e7cb36a85b30bfb3","name":"Reda\u00e7\u00e3o - Estrat\u00e9gia MED","image":{"@type":"ImageObject","inLanguage":"pt-BR","@id":"https:\/\/med.estrategia.com\/portal\/#\/schema\/person\/image\/","url":"https:\/\/med.estrategia.com\/portal\/wp-content\/uploads\/2021\/08\/WhatsApp-Image-2021-08-05-at-22.32.07-1-150x150.webp","contentUrl":"https:\/\/med.estrategia.com\/portal\/wp-content\/uploads\/2021\/08\/WhatsApp-Image-2021-08-05-at-22.32.07-1-150x150.webp","caption":"Reda\u00e7\u00e3o - Estrat\u00e9gia MED"},"url":"https:\/\/med.estrategia.com\/portal\/author\/redacaoemed\/"}]}},"_links":{"self":[{"href":"https:\/\/med.estrategia.com\/portal\/wp-json\/wp\/v2\/posts\/26765","targetHints":{"allow":["GET"]}}],"collection":[{"href":"https:\/\/med.estrategia.com\/portal\/wp-json\/wp\/v2\/posts"}],"about":[{"href":"https:\/\/med.estrategia.com\/portal\/wp-json\/wp\/v2\/types\/post"}],"author":[{"embeddable":true,"href":"https:\/\/med.estrategia.com\/portal\/wp-json\/wp\/v2\/users\/29"}],"replies":[{"embeddable":true,"href":"https:\/\/med.estrategia.com\/portal\/wp-json\/wp\/v2\/comments?post=26765"}],"version-history":[{"count":3,"href":"https:\/\/med.estrategia.com\/portal\/wp-json\/wp\/v2\/posts\/26765\/revisions"}],"predecessor-version":[{"id":112085,"href":"https:\/\/med.estrategia.com\/portal\/wp-json\/wp\/v2\/posts\/26765\/revisions\/112085"}],"wp:featuredmedia":[{"embeddable":true,"href":"https:\/\/med.estrategia.com\/portal\/wp-json\/wp\/v2\/media\/6477"}],"wp:attachment":[{"href":"https:\/\/med.estrategia.com\/portal\/wp-json\/wp\/v2\/media?parent=26765"}],"wp:term":[{"taxonomy":"category","embeddable":true,"href":"https:\/\/med.estrategia.com\/portal\/wp-json\/wp\/v2\/categories?post=26765"},{"taxonomy":"post_tag","embeddable":true,"href":"https:\/\/med.estrategia.com\/portal\/wp-json\/wp\/v2\/tags?post=26765"}],"curies":[{"name":"wp","href":"https:\/\/api.w.org\/{rel}","templated":true}]}}