{"id":26952,"date":"2020-09-28T15:18:31","date_gmt":"2020-09-28T18:18:31","guid":{"rendered":"https:\/\/med.estrategia.com\/portal\/?p=26952"},"modified":"2026-07-30T18:05:27","modified_gmt":"2026-07-30T21:05:27","slug":"hsja-2022-tudo-sobre-o-processo-seletivo-para-residencia-medica","status":"publish","type":"post","link":"https:\/\/med.estrategia.com\/portal\/residencia-medica\/hsja-2022-tudo-sobre-o-processo-seletivo-para-residencia-medica\/","title":{"rendered":"HSJA 2022: tudo sobre o processo seletivo para Resid\u00eancia M\u00e9dica!"},"content":{"rendered":"<p class=\"wp-block-paragraph\">Confira todas as informa&ccedil;&otilde;es sobre a &uacute;ltima edi&ccedil;&atilde;o deste seletivo com o <span id=\"urn:enhancement-b7745c86-746b-4ccc-ad0f-0ebf37829b87\" class=\"textannotation disambiguated wl-organization\" itemid=\"\/entity\/estrategia-med-2\">Estrat&eacute;gia MED<\/span>.<div id=\"ez-toc-container\" class=\"ez-toc-v2_0_86 counter-hierarchy ez-toc-counter ez-toc-transparent ez-toc-container-direction\">\n<div class=\"ez-toc-title-container\"><p class=\"ez-toc-title\" style=\"cursor:inherit\">Navegue pelo conte\u00fado<\/p>\n<\/div><nav><ul class='ez-toc-list ez-toc-list-level-1 ' ><li class='ez-toc-page-1 ez-toc-heading-level-2'><a class=\"ez-toc-link ez-toc-heading-1\" href=\"https:\/\/med.estrategia.com\/portal\/residencia-medica\/hsja-2022-tudo-sobre-o-processo-seletivo-para-residencia-medica\/#O-Hospital-Sao-Jose-do-Avai-HSJA\" >O Hospital S&atilde;o Jos&eacute; do Ava&iacute; (HSJA)<\/a><\/li><li class='ez-toc-page-1 ez-toc-heading-level-2'><a class=\"ez-toc-link ez-toc-heading-2\" href=\"https:\/\/med.estrategia.com\/portal\/residencia-medica\/hsja-2022-tudo-sobre-o-processo-seletivo-para-residencia-medica\/#Cronograma-HSJA-2022\" >Cronograma HSJA 2022<\/a><\/li><li class='ez-toc-page-1 ez-toc-heading-level-2'><a class=\"ez-toc-link ez-toc-heading-3\" href=\"https:\/\/med.estrategia.com\/portal\/residencia-medica\/hsja-2022-tudo-sobre-o-processo-seletivo-para-residencia-medica\/#Especialidades-e-Vagas\" >Especialidades e Vagas&nbsp;<\/a><\/li><li class='ez-toc-page-1 ez-toc-heading-level-2'><a class=\"ez-toc-link ez-toc-heading-4\" href=\"https:\/\/med.estrategia.com\/portal\/residencia-medica\/hsja-2022-tudo-sobre-o-processo-seletivo-para-residencia-medica\/#Edital-HSJA-2022\" >Edital HSJA 2022<\/a><\/li><li class='ez-toc-page-1 ez-toc-heading-level-2'><a class=\"ez-toc-link ez-toc-heading-5\" href=\"https:\/\/med.estrategia.com\/portal\/residencia-medica\/hsja-2022-tudo-sobre-o-processo-seletivo-para-residencia-medica\/#Sobre-a-Prova-Objetiva-1a-fase\" >Sobre a Prova Objetiva (1&ordf; fase)<\/a><\/li><li class='ez-toc-page-1 ez-toc-heading-level-2'><a class=\"ez-toc-link ez-toc-heading-6\" href=\"https:\/\/med.estrategia.com\/portal\/residencia-medica\/hsja-2022-tudo-sobre-o-processo-seletivo-para-residencia-medica\/#Prova-Discursiva-2a-fase\" >Prova Discursiva (2&ordf; fase)<\/a><\/li><li class='ez-toc-page-1 ez-toc-heading-level-2'><a class=\"ez-toc-link ez-toc-heading-7\" href=\"https:\/\/med.estrategia.com\/portal\/residencia-medica\/hsja-2022-tudo-sobre-o-processo-seletivo-para-residencia-medica\/#Avaliacao-Curricular\" >Avalia&ccedil;&atilde;o Curricular&nbsp;<\/a><\/li><li class='ez-toc-page-1 ez-toc-heading-level-2'><a class=\"ez-toc-link ez-toc-heading-8\" href=\"https:\/\/med.estrategia.com\/portal\/residencia-medica\/hsja-2022-tudo-sobre-o-processo-seletivo-para-residencia-medica\/#Resultado-Final\" >Resultado Final<\/a><\/li><\/ul><\/nav><\/div>\n<h2 class=\"wp-block-heading\"><span class=\"ez-toc-section\" id=\"O-Hospital-Sao-Jose-do-Avai-HSJA\"><\/span><strong>O<\/strong> <strong>Hospital S&atilde;o Jos&eacute; do Ava&iacute;<\/strong> (<strong>HSJA<\/strong>) <span class=\"ez-toc-section-end\"><\/span><\/h2><p class=\"wp-block-paragraph\">A institui&ccedil;&atilde;o &eacute; um <strong>modelo mundial<\/strong> em cirurgia de emboliza&ccedil;&atilde;o, v&iacute;deo-cirurgia, <a href=\"https:\/\/med.estrategia.com\/portal\/aluno-de-medicina\/dicas-de-estudo\/cirurgia-vascular\/\" target=\"_blank\">cirurgia vascular<\/a> e refer&ecirc;ncia em <a href=\"https:\/\/med.estrategia.com\/portal\/profissoes-da-medicina\/tudo-sobre-cardiologia\/\" target=\"_blank\">cardiologia<\/a> pelo <span id=\"urn:enhancement-b38be215-a894-4b1b-accf-ee2cb4fb4904\" class=\"textannotation disambiguated wl-organization\" itemid=\"\/entity\/ministerio-da-saude\">Minist&eacute;rio da Sa&uacute;de<\/span>. O Hospital realiza cerca de 10 mil atendimentos por m&ecirc;s &ndash; aproximadamente 60% pelo <span id=\"urn:enhancement-a949ea9d-cfb1-471a-b70c-7ba5b4d04ceb\" class=\"textannotation disambiguated wl-thing\" itemid=\"\/entity\/sistema-unico-de-saude\">SUS<\/span> &ndash; e emprega diretamente cerca de 1.150 pessoas.<\/p><p class=\"wp-block-paragraph\">Atualmente &eacute; uma das mais importantes refer&ecirc;ncias de alta tecnologia na &aacute;rea de sa&uacute;de em todo o territ&oacute;rio nacional.<\/p><div class=\"wp-block-image\">\n<figure class=\"aligncenter size-large\"><img decoding=\"async\" width=\"984\" height=\"656\" src=\"https:\/\/med.estrategia.com\/portal\/wp-content\/uploads\/2021\/06\/hsja.jpg\" alt=\"HSJA - Hospital S&atilde;o Jos&eacute; do Ava&iacute; \" class=\"wp-image-6134\" srcset=\"https:\/\/med.estrategia.com\/portal\/wp-content\/uploads\/2021\/06\/hsja.jpg 984w, https:\/\/med.estrategia.com\/portal\/wp-content\/uploads\/2021\/06\/hsja-300x200.jpg 300w, https:\/\/med.estrategia.com\/portal\/wp-content\/uploads\/2021\/06\/hsja-768x512.jpg 768w, https:\/\/med.estrategia.com\/portal\/wp-content\/uploads\/2021\/06\/hsja-380x253.jpg 380w, https:\/\/med.estrategia.com\/portal\/wp-content\/uploads\/2021\/06\/hsja-800x533.jpg 800w\" sizes=\"(max-width: 984px) 100vw, 984px\" \/><figcaption class=\"wp-element-caption\">Foto: Reprodu&ccedil;&atilde;o HSJA<\/figcaption><\/figure>\n<\/div><h2 class=\"wp-block-heading\"><span class=\"ez-toc-section\" id=\"Cronograma-HSJA-2022\"><\/span><strong>Cronograma HSJA 2022<\/strong><span class=\"ez-toc-section-end\"><\/span><\/h2><ul class=\"wp-block-list\">\n<li><strong>Per&iacute;odo de Inscri&ccedil;&otilde;es<\/strong>: 01\/10 a 19\/11\/2021;<\/li>\n\n\n\n<li><strong>Taxa de Inscri&ccedil;&atilde;o<\/strong>: R$300,00;<\/li>\n\n\n\n<li><strong>Prova Objetiva<\/strong>: 26\/11\/2021;<\/li>\n\n\n\n<li><strong>Gabarito Preliminar:<\/strong> 26\/11\/2021;<\/li>\n\n\n\n<li><strong>Segunda Fase:<\/strong> 27\/11\/2021;<\/li>\n\n\n\n<li><strong>Gabarito preliminar 2&ordf; fase:<\/strong> 29\/11\/2021;<\/li>\n\n\n\n<li><strong>Pontua&ccedil;&atilde;o na 2&ordf; fase:<\/strong> 06\/12\/2021;<\/li>\n\n\n\n<li><strong>Resultado Final: <\/strong>06\/12\/2021;<\/li>\n\n\n\n<li><strong>Matr&iacute;cula<\/strong>: 17\/01 a 07\/02\/2022; e<\/li>\n\n\n\n<li><strong>In&iacute;cio da Resid&ecirc;ncia M&eacute;dica<\/strong>: 01\/03\/2022.<\/li>\n<\/ul><h2 class=\"wp-block-heading\"><span class=\"ez-toc-section\" id=\"Especialidades-e-Vagas\"><\/span><strong>Especialidades e Vagas&nbsp;<\/strong><span class=\"ez-toc-section-end\"><\/span><\/h2><h3 class=\"wp-block-heading\">Acesso Direto<\/h3><figure class=\"wp-block-table is-style-stripes\"><table class=\"has-light-green-cyan-to-vivid-green-cyan-gradient-background has-background has-fixed-layout\"><thead><tr><th> <strong>Especialidades<\/strong> <\/th><th class=\"has-text-align-center\" data-align=\"center\"> <strong>N&ordm; de vagas<\/strong> <\/th><\/tr><\/thead><tbody><tr><td><span id=\"urn:enhancement-9110506e-d6e2-410f-bf8f-708504553d4f\" class=\"textannotation disambiguated wl-thing\" itemid=\"\/entity\/cirurgia-geral\">Cirurgia Geral<\/span><\/td><td class=\"has-text-align-center\" data-align=\"center\">3*<\/td><\/tr><tr><td><span id=\"urn:enhancement-adce16bb-3e71-41d9-afd8-fea52452d4a2\" class=\"textannotation disambiguated wl-thing\" itemid=\"\/entity\/cirurgia-cardiovascular\">Cirurgia Cardiovascular<\/span><\/td><td class=\"has-text-align-center\" data-align=\"center\">1<\/td><\/tr><tr><td><span id=\"urn:enhancement-89f26307-3f8d-473d-b690-1f0603c084bd\" class=\"textannotation disambiguated wl-thing\" itemid=\"\/entity\/clinica-medica\">Cl&iacute;nica M&eacute;dica<\/span><\/td><td class=\"has-text-align-center\" data-align=\"center\">4*<\/td><\/tr><tr><td><span id=\"urn:enhancement-a435aa9d-5028-45dc-abc6-7e3eabf97480\" class=\"textannotation disambiguated wl-thing\" itemid=\"\/entity\/ginecologia-e-obstetricia\">Ginecologia e Obstetr&iacute;cia<\/span><\/td><td class=\"has-text-align-center\" data-align=\"center\">2<\/td><\/tr><tr><td><span id=\"urn:enhancement-9273afc9-a4da-4e2e-aafd-c41a74f31233\" class=\"textannotation disambiguated wl-thing\" itemid=\"\/entity\/pediatria\">Pediatria<\/span><\/td><td class=\"has-text-align-center\" data-align=\"center\">2<\/td><\/tr><tr><td><span id=\"urn:enhancement-efe422b8-63f0-4ee9-9224-920ddef83c9e\" class=\"textannotation disambiguated wl-thing\" itemid=\"\/entity\/otorrinolaringologia\">Otorrinolaringologia<\/span><\/td><td class=\"has-text-align-center\" data-align=\"center\">1<\/td><\/tr><tr><td><span id=\"urn:enhancement-e6b52b76-4d27-4b9c-abc4-e7b56c05c6b3\" class=\"textannotation disambiguated wl-thing\" itemid=\"\/entity\/anestesiologia\">Anestesiologia<\/span><\/td><td class=\"has-text-align-center\" data-align=\"center\">3<\/td><\/tr><tr><td><span id=\"urn:enhancement-26f62dc1-c99d-4792-9f99-9403ff261ab2\" class=\"textannotation disambiguated wl-thing\" itemid=\"\/entity\/ortopedia-e-traumatologia\">Ortopedia e Traumatologia<\/span><\/td><td class=\"has-text-align-center\" data-align=\"center\">2<\/td><\/tr><tr><td><span id=\"urn:enhancement-d5a344b4-ae6d-4242-8485-d577bef8c80e\" class=\"textannotation disambiguated wl-thing\" itemid=\"\/entity\/neurocirurgia\">Neurocirurgia<\/span><\/td><td class=\"has-text-align-center\" data-align=\"center\">1<\/td><\/tr><\/tbody><\/table><figcaption class=\"wp-element-caption\">* Possui 1 vaga reservada.<\/figcaption><\/figure><h3 class=\"wp-block-heading\">Pr&eacute;-Requisito<\/h3><figure class=\"wp-block-table is-style-stripes\"><table class=\"has-light-green-cyan-to-vivid-green-cyan-gradient-background has-background has-fixed-layout\"><thead><tr><th> <strong>Especialidades<\/strong> <\/th><th class=\"has-text-align-center\" data-align=\"center\"> <strong>N&ordm; de vagas<\/strong> <\/th><\/tr><\/thead><tbody><tr><td><span id=\"urn:enhancement-1471f704-9b2b-4c09-9ba6-3c93cdc0c61e\" class=\"textannotation disambiguated wl-thing\" itemid=\"\/entity\/cardiologia\">Cardiologia<\/span><\/td><td class=\"has-text-align-center\" data-align=\"center\">2<\/td><\/tr><tr><td><span id=\"urn:enhancement-30079545-face-4467-8f76-f792d779d9ff\" class=\"textannotation disambiguated wl-thing\" itemid=\"\/entity\/cirurgia-vascular\">Cirurgia Vascular<\/span><\/td><td class=\"has-text-align-center\" data-align=\"center\">1<\/td><\/tr><tr><td>Cirurgia Endovascular<\/td><td class=\"has-text-align-center\" data-align=\"center\">1<\/td><\/tr><tr><td>Neonatologia<\/td><td class=\"has-text-align-center\" data-align=\"center\">3<\/td><\/tr><tr><td><span id=\"urn:enhancement-cb71b596-f6aa-4dc9-8805-f0e6d384a26d\" class=\"textannotation disambiguated wl-creative-work\" itemid=\"\/entity\/urologia\">Urologia<\/span><\/td><td class=\"has-text-align-center\" data-align=\"center\">1<\/td><\/tr><\/tbody><\/table><\/figure><h2 class=\"wp-block-heading\"><span class=\"ez-toc-section\" id=\"Edital-HSJA-2022\"><\/span>Edital HSJA 2022<span class=\"ez-toc-section-end\"><\/span><\/h2><p class=\"wp-block-paragraph\">Confira o edital completo do <strong>Hospital S&atilde;o Jos&eacute; do Ava&iacute;<\/strong> para 2022:<\/p><div class=\"wp-block-buttons is-horizontal is-content-justification-center is-layout-flex wp-container-core-buttons-is-layout-7d812b4c wp-block-buttons-is-layout-flex\">\n<div class=\"wp-block-button\"><a class=\"wp-block-button__link has-light-green-cyan-to-vivid-green-cyan-gradient-background has-background wp-element-button\" href=\"https:\/\/med.estrategia.com\/portal\/wp-content\/uploads\/2021\/09\/edital_hsja_2022.pdf\" target=\"_blank\"><strong>Edital HSJA<\/strong> <strong>2022<\/strong><\/a><\/div>\n<\/div><h2 class=\"wp-block-heading\"><span class=\"ez-toc-section\" id=\"Sobre-a-Prova-Objetiva-1a-fase\"><\/span>Sobre a Prova Objetiva (1&ordf; fase)<span class=\"ez-toc-section-end\"><\/span><\/h2><h3 class=\"wp-block-heading\"><strong>Acesso Direto<\/strong><\/h3><p class=\"wp-block-paragraph\">A prova para as especialidades de Acesso Direto foi realizada no dia 26 de novembro de 2021, das 8h &agrave;s 11h. A fase possui car&aacute;ter <strong>eliminat&oacute;rio<\/strong> e vale <strong>50 pontos. <\/strong>Foram 50 quest&otilde;es de 4 alternativas cada, igualmente distribu&iacute;das nas &aacute;reas de <span id=\"urn:enhancement-1ce09b6c-a2c4-434d-9f3c-2cb77e1a3a09\" class=\"textannotation disambiguated wl-thing\" itemid=\"\/entity\/clinica-medica\">Cl&iacute;nica M&eacute;dica<\/span>, <span id=\"urn:enhancement-26220680-cf1e-4855-9434-da94b7f2402d\" class=\"textannotation disambiguated wl-thing\" itemid=\"\/entity\/cirurgia-geral\">Cirurgia Geral<\/span>, <span id=\"urn:enhancement-8505341a-21c6-4e76-9948-d40d21130080\" class=\"textannotation disambiguated wl-thing\" itemid=\"\/entity\/ginecologia-e-obstetricia\">Ginecologia e Obstetr&iacute;cia<\/span>, <span id=\"urn:enhancement-39a90a5a-62f9-444e-9dcb-2f092dd3adef\" class=\"textannotation disambiguated wl-thing\" itemid=\"\/entity\/pediatria\">Pediatria<\/span> e <span id=\"urn:enhancement-13d8eecb-fd49-43cc-89ab-22c66910f11a\" class=\"textannotation disambiguated wl-thing\" itemid=\"\/entity\/medicina-preventiva\">Medicina Preventiva<\/span>.<\/p><p class=\"wp-block-paragraph\">Nessa etapa, foi <strong>eliminado <\/strong>o candidato que obteve a pontua&ccedil;&atilde;o <strong>inferior a 50%<\/strong> dos pontos e, apenas foram convocados para a <strong>segunda fase<\/strong> quem obteve a pontua&ccedil;&atilde;o <strong>igual <\/strong>ou <strong>superior a 50%.<\/strong><\/p><h3 class=\"wp-block-heading\"><strong>Pr&eacute;-Requisito<\/strong><\/h3><p class=\"wp-block-paragraph\">Foi aplicada tamb&eacute;m no dia<strong> <\/strong>26 de novembro, das 8h &agrave;s 11h. Por&eacute;m, foram 50 quest&otilde;es de 4 alternativas com o conte&uacute;do da prova sobre seus <strong>respectivos pr&eacute;-requisitos<\/strong>.<\/p><h3 class=\"wp-block-heading\">No dia da prova<\/h3><p class=\"wp-block-paragraph\">Foi importante que o candidato comparecesse aos locais da prova usando <strong>m&aacute;scara facial, <\/strong>evitando o cont&aacute;gio e prolifera&ccedil;&atilde;o do novo coronav&iacute;rus.<\/p><p class=\"wp-block-paragraph\"><strong>N&atilde;o <\/strong>foi <strong>permitido<\/strong> a entrada de bolsas, mochilas, celulares, computadores, fones de ouvido e rel&oacute;gios. Al&eacute;m disso, n&atilde;o foi permitida a entrada trajando &oacute;culos de sol, bermudas, chinelos, camisetas e\/ou bon&eacute;s.<\/p><p class=\"wp-block-paragraph\">O cart&atilde;o resposta deveria ser preenchido com <strong>caneta azul ou preta<\/strong>. O candidato <strong>n&atilde;o <\/strong>p&ocirc;de <strong>levar o caderno de quest&otilde;es<\/strong>, este devendo ser <strong>devolvido <\/strong>no t&eacute;rmino da prova.&nbsp;<\/p><h2 class=\"wp-block-heading\"><span class=\"ez-toc-section\" id=\"Prova-Discursiva-2a-fase\"><\/span><strong>Prova Discursiva (2&ordf; fase)<\/strong><span class=\"ez-toc-section-end\"><\/span><\/h2><h3 class=\"wp-block-heading\"><strong>Acesso Direto<\/strong><\/h3><p class=\"wp-block-paragraph\">Essa prova foi aplicada no dia<strong> <\/strong>27 de novembro de 2021, das 8h &agrave;s 10h. Foi uma fase de car&aacute;ter <strong>classificat&oacute;rio e <\/strong>vale 40 pontos.<\/p><p class=\"wp-block-paragraph\"><strong>A Prova Discursiva<\/strong> foi composta de 4 quest&otilde;es, cada uma valendo 10 pontos. As quest&otilde;es abordaram assuntos pr&aacute;ticos das quatro grandes &aacute;reas:&nbsp;<\/p><ul class=\"wp-block-list\">\n<li>Cl&iacute;nica M&eacute;dica;<\/li>\n\n\n\n<li>Cirurgia Geral;<\/li>\n\n\n\n<li>Ginecologia e Obstetr&iacute;cia; e&nbsp;<\/li>\n\n\n\n<li>Pediatria.<\/li>\n<\/ul><h3 class=\"wp-block-heading\"><strong>Pr&eacute;-Requisito<\/strong><\/h3><p class=\"wp-block-paragraph\"><strong>Foi aplicada no mesmo dia, <\/strong>27 de novembro. Por&eacute;m, as 4 quest&otilde;es abordaram assuntos pr&aacute;ticos das &aacute;reas dos respectivos pr&eacute;-requisitos estabelecidos para os programas de <span id=\"urn:enhancement-ea7fc816-70c8-4ba9-a374-e9ca570b7dfa\" class=\"textannotation disambiguated wl-thing\" itemid=\"\/entity\/residencia-medica\">resid&ecirc;ncia m&eacute;dica<\/span>.<\/p><h2 class=\"wp-block-heading\"><span class=\"ez-toc-section\" id=\"Avaliacao-Curricular\"><\/span><strong>Avalia&ccedil;&atilde;o Curricular&nbsp;<\/strong><span class=\"ez-toc-section-end\"><\/span><\/h2><p class=\"wp-block-paragraph\">O candidato foi avaliado e pontuado de acordo com as informa&ccedil;&otilde;es presentes no curr&iacute;culo, que deveria conter <strong>dados pessoais, forma&ccedil;&atilde;o acad&ecirc;mica, produ&ccedil;&atilde;o cient&iacute;fica, atividades did&aacute;ticas, bolsas e concursos p&uacute;blicos<\/strong>.<\/p><p class=\"wp-block-paragraph\">A avalia&ccedil;&atilde;o curricular aconteceu junto a 2&ordf; etapa, no dia 27 de novembro de 2021, das 10h30 &agrave;s 12h. Foi uma etapa <strong>classificat&oacute;ria<\/strong> e vale 10 pontos.<\/p><p class=\"wp-block-paragraph\">Tem d&uacute;vidas sobre a <a href=\"https:\/\/med.estrategia.com\/portal\/residencia-medica\/analise-curricular\/entrevista\/\" target=\"_blank\">avalia&ccedil;&atilde;o curricular<\/a>? O <span id=\"urn:enhancement-4eb1fda0-125c-42b4-9a8c-021eff2eaaae\" class=\"textannotation disambiguated wl-organization\" itemid=\"\/entity\/estrategia-med-2\">Estrat&eacute;gia MED<\/span> possui um artigo explicando tudo que voc&ecirc; precisa saber e dicas para ir bem na avalia&ccedil;&atilde;o curricular.<\/p><h2 class=\"wp-block-heading\"><span class=\"ez-toc-section\" id=\"Resultado-Final\"><\/span><strong>Resultado Final<\/strong><span class=\"ez-toc-section-end\"><\/span><\/h2><p class=\"wp-block-paragraph\">A divulga&ccedil;&atilde;o do <strong>resultado final <\/strong>ser&aacute; no dia <strong>06 de dezembro de 2021<\/strong>, a partir das 17h, no<a href=\"https:\/\/www.hsja.com.br\/atividades-educacionais\/residencia-medica\/\" target=\"_blank\" rel=\"noopener noreferrer\"> site do HSJA<\/a>.<\/p><p class=\"wp-block-paragraph\">O preenchimento das vagas para os programas ser&aacute; por ordem decrescente, sendo calculado a partir da soma das notas da prova objetiva, da discursiva e da avalia&ccedil;&atilde;o curricular.<\/p><p class=\"wp-block-paragraph\">O desempate entre os candidatos obedecer&aacute; aos seguintes crit&eacute;rios, pela ordem:&nbsp;<\/p><p class=\"wp-block-paragraph\">1) Maior pontua&ccedil;&atilde;o na primeira fase;&nbsp;<\/p><p class=\"wp-block-paragraph\">2) Maior pontua&ccedil;&atilde;o na segunda fase; e<\/p><p class=\"wp-block-paragraph\">3) Maior idade.<\/p><p class=\"wp-block-paragraph\">Gostou do conte&uacute;do e quer saber mais sobre os processos seletivos da <span id=\"urn:enhancement-6785d987-57e5-4e55-92e4-527af4c21187\" class=\"textannotation disambiguated wl-creative-work\" itemid=\"\/entity\/medicina\">medicina<\/span>? Clique&nbsp;<a href=\"https:\/\/med.estrategia.com\/portal\/\" target=\"_blank\">aqui<\/a>&nbsp;e confira os textos que o <span id=\"urn:enhancement-f23c7ef1-4fa1-4eb4-bb40-22a7353c2b92\" class=\"textannotation disambiguated wl-organization\" itemid=\"\/entity\/estrategia-med-2\">Estrat&eacute;gia MED<\/span> separou sobre diversas institui&ccedil;&otilde;es!<\/p><p class=\"wp-block-paragraph\"><strong><a id=\"cta\" class=\"cta-imagem\" href=\"https:\/\/med.estrategia.com\/cursos\/extensivo-de-residncia-mdica\/\" target=\"blank\">\n                <img decoding=\"async\" width=\"100%\" src=\"https:\/\/med.estrategia.com\/portal\/wp-content\/uploads\/2025\/08\/extensivo_rm.jpg\" alt=\"Extensivo RM\" title=\"extensivo_rm\">\n        <\/a><\/strong><\/p><h3 class=\"wp-block-heading\" id=\"voce-tambem-pode-se-interessar-por\">Voc&ecirc; tamb&eacute;m pode se interessar por:<\/h3><ul class=\"wp-block-list\">\n<li><a href=\"https:\/\/med.estrategia.com\/portal\/aluno-de-medicina\/dicas-de-estudo\/notas-de-corte-residencia-medica\/\" target=\"_blank\">Notas de corte das principais provas de resid&ecirc;ncia m&eacute;dica<\/a><\/li>\n\n\n\n<li><a href=\"https:\/\/med.estrategia.com\/portal\/residencia-medica\/programa-de-residencia-medica\/usp-sp-residencia-medica\/\" target=\"_blank\">Resid&ecirc;ncia m&eacute;dica na USP<\/a><\/li>\n\n\n\n<li><a href=\"https:\/\/med.estrategia.com\/portal\/residencia-medica\/programa-de-residencia-medica\/surce-residencia-medica\/\" target=\"_blank\">Resid&ecirc;ncia m&eacute;dica na SURCE<\/a><\/li>\n\n\n\n<li><a href=\"https:\/\/med.estrategia.com\/portal\/residencia-medica\/programa-de-residencia-medica\/sus-ba-residencia-medica\/\" target=\"_blank\">Resid&ecirc;ncia m&eacute;dica na SUS BA<\/a><\/li>\n\n\n\n<li><a href=\"https:\/\/med.estrategia.com\/portal\/residencia-medica\/programa-de-residencia-medica\/sus-sp-residencia-medica\/\" target=\"_blank\">Resid&ecirc;ncia m&eacute;dica do SUS SP<\/a><\/li>\n<\/ul><p class=\"wp-block-paragraph\"><strong>Por: Nath&aacute;lia Diniz<\/strong><\/p><div class=\"wp-block-image\">\n<figure class=\"aligncenter size-large\"><a href=\"http:\/\/med.estrategiaeducacional.com.br\/\" target=\"_blank\" rel=\"noopener noreferrer\"><img decoding=\"async\" width=\"1024\" height=\"256\" src=\"https:\/\/cdn.medblog.estrategiaeducacional.com.br\/wp-content\/uploads\/2020\/11\/BANNER_EMED_eletr_part1-1024x256.jpg\" alt=\"Banner Estrat&eacute;gia MED\" class=\"wp-image-2687\" srcset=\"https:\/\/med.estrategia.com\/portal\/wp-content\/uploads\/2020\/11\/BANNER_EMED_eletr_part1-1024x256.jpg 1024w, https:\/\/med.estrategia.com\/portal\/wp-content\/uploads\/2020\/11\/BANNER_EMED_eletr_part1-300x75.jpg 300w, https:\/\/med.estrategia.com\/portal\/wp-content\/uploads\/2020\/11\/BANNER_EMED_eletr_part1-768x192.jpg 768w, https:\/\/med.estrategia.com\/portal\/wp-content\/uploads\/2020\/11\/BANNER_EMED_eletr_part1-1536x384.jpg 1536w, https:\/\/med.estrategia.com\/portal\/wp-content\/uploads\/2020\/11\/BANNER_EMED_eletr_part1-380x95.jpg 380w, https:\/\/med.estrategia.com\/portal\/wp-content\/uploads\/2020\/11\/BANNER_EMED_eletr_part1-800x200.jpg 800w, https:\/\/med.estrategia.com\/portal\/wp-content\/uploads\/2020\/11\/BANNER_EMED_eletr_part1-1160x290.jpg 1160w, https:\/\/med.estrategia.com\/portal\/wp-content\/uploads\/2020\/11\/BANNER_EMED_eletr_part1.jpg 1920w\" sizes=\"(max-width: 1024px) 100vw, 1024px\" \/><\/a><\/figure>\n<\/div><\/p>\n","protected":false},"excerpt":{"rendered":"Confira todas as informa&ccedil;&otilde;es sobre a &uacute;ltima edi&ccedil;&atilde;o deste seletivo com o Estrat&eacute;gia MED. O Hospital S&atilde;o Jos&eacute;&hellip;\n","protected":false},"author":29,"featured_media":7175,"comment_status":"open","ping_status":"open","sticky":false,"template":"","format":"standard","meta":{"footnotes":""},"categories":[24],"tags":[],"class_list":["post-26952","post","type-post","status-publish","format-standard","has-post-thumbnail","category-residencia-medica"],"acf":[],"yoast_head":"<!-- This site is optimized with the Yoast SEO Premium plugin v26.6 (Yoast SEO v26.6) - https:\/\/yoast.com\/wordpress\/plugins\/seo\/ -->\n<title>HSJA 2022: tudo sobre o processo seletivo para Resid\u00eancia M\u00e9dica!<\/title>\n<meta name=\"description\" content=\"Fique por dentro do processo seletivo do Hospital S\u00e3o Jos\u00e9 do Ava\u00ed- HSJA, o Estrat\u00e9gia MED trouxe todas as informa\u00e7\u00f5es. Confira!\" \/>\n<meta name=\"robots\" content=\"index, follow, max-snippet:-1, max-image-preview:large, max-video-preview:-1\" \/>\n<link rel=\"canonical\" href=\"https:\/\/med.estrategia.com\/portal\/residencia-medica\/hsja-2022-tudo-sobre-o-processo-seletivo-para-residencia-medica\/\" \/>\n<meta property=\"og:locale\" content=\"pt_BR\" \/>\n<meta property=\"og:type\" content=\"article\" \/>\n<meta property=\"og:title\" content=\"HSJA 2022: tudo sobre o processo seletivo para Resid\u00eancia M\u00e9dica!\" \/>\n<meta property=\"og:description\" content=\"Fique por dentro do processo seletivo do Hospital S\u00e3o Jos\u00e9 do Ava\u00ed- HSJA, o Estrat\u00e9gia MED trouxe todas as informa\u00e7\u00f5es. Confira!\" \/>\n<meta property=\"og:url\" content=\"https:\/\/med.estrategia.com\/portal\/residencia-medica\/hsja-2022-tudo-sobre-o-processo-seletivo-para-residencia-medica\/\" \/>\n<meta property=\"og:site_name\" content=\"Estrat\u00e9gia MED\" \/>\n<meta property=\"article:publisher\" content=\"https:\/\/www.facebook.com\/estrategiamed1\" \/>\n<meta property=\"article:published_time\" content=\"2020-09-28T18:18:31+00:00\" \/>\n<meta property=\"article:modified_time\" content=\"2026-07-30T21:05:27+00:00\" \/>\n<meta property=\"og:image\" content=\"https:\/\/med.estrategia.com\/portal\/wp-content\/uploads\/2020\/11\/HSJA.jpg\" \/>\n\t<meta property=\"og:image:width\" content=\"1920\" \/>\n\t<meta property=\"og:image:height\" content=\"1080\" \/>\n\t<meta property=\"og:image:type\" content=\"image\/jpeg\" \/>\n<meta name=\"author\" content=\"Reda\u00e7\u00e3o - Estrat\u00e9gia MED\" \/>\n<meta name=\"twitter:card\" content=\"summary_large_image\" \/>\n<meta name=\"twitter:creator\" content=\"@estrategiamed_\" \/>\n<meta name=\"twitter:site\" content=\"@estrategiamed_\" \/>\n<meta name=\"twitter:label1\" content=\"Escrito por\" \/>\n\t<meta name=\"twitter:data1\" content=\"Reda\u00e7\u00e3o - Estrat\u00e9gia MED\" \/>\n\t<meta name=\"twitter:label2\" content=\"Est. tempo de leitura\" \/>\n\t<meta name=\"twitter:data2\" content=\"4 minutos\" \/>\n<script type=\"application\/ld+json\" class=\"yoast-schema-graph\">{\"@context\":\"https:\/\/schema.org\",\"@graph\":[{\"@type\":\"WebPage\",\"@id\":\"https:\/\/med.estrategia.com\/portal\/residencia-medica\/hsja-2022-tudo-sobre-o-processo-seletivo-para-residencia-medica\/\",\"url\":\"https:\/\/med.estrategia.com\/portal\/residencia-medica\/hsja-2022-tudo-sobre-o-processo-seletivo-para-residencia-medica\/\",\"name\":\"HSJA 2022: tudo sobre o processo seletivo para Resid\u00eancia M\u00e9dica!\",\"isPartOf\":{\"@id\":\"https:\/\/med.estrategia.com\/portal\/#website\"},\"primaryImageOfPage\":{\"@id\":\"https:\/\/med.estrategia.com\/portal\/residencia-medica\/hsja-2022-tudo-sobre-o-processo-seletivo-para-residencia-medica\/#primaryimage\"},\"image\":{\"@id\":\"https:\/\/med.estrategia.com\/portal\/residencia-medica\/hsja-2022-tudo-sobre-o-processo-seletivo-para-residencia-medica\/#primaryimage\"},\"thumbnailUrl\":\"https:\/\/med.estrategia.com\/portal\/wp-content\/uploads\/2020\/11\/HSJA.jpg\",\"datePublished\":\"2020-09-28T18:18:31+00:00\",\"dateModified\":\"2026-07-30T21:05:27+00:00\",\"author\":{\"@id\":\"https:\/\/med.estrategia.com\/portal\/#\/schema\/person\/08697bdf5b568f54e7cb36a85b30bfb3\"},\"description\":\"Fique por dentro do processo seletivo do Hospital S\u00e3o Jos\u00e9 do Ava\u00ed- HSJA, o Estrat\u00e9gia MED trouxe todas as informa\u00e7\u00f5es. Confira!\",\"breadcrumb\":{\"@id\":\"https:\/\/med.estrategia.com\/portal\/residencia-medica\/hsja-2022-tudo-sobre-o-processo-seletivo-para-residencia-medica\/#breadcrumb\"},\"inLanguage\":\"pt-BR\",\"potentialAction\":[{\"@type\":\"ReadAction\",\"target\":[\"https:\/\/med.estrategia.com\/portal\/residencia-medica\/hsja-2022-tudo-sobre-o-processo-seletivo-para-residencia-medica\/\"]}]},{\"@type\":\"ImageObject\",\"inLanguage\":\"pt-BR\",\"@id\":\"https:\/\/med.estrategia.com\/portal\/residencia-medica\/hsja-2022-tudo-sobre-o-processo-seletivo-para-residencia-medica\/#primaryimage\",\"url\":\"https:\/\/med.estrategia.com\/portal\/wp-content\/uploads\/2020\/11\/HSJA.jpg\",\"contentUrl\":\"https:\/\/med.estrategia.com\/portal\/wp-content\/uploads\/2020\/11\/HSJA.jpg\",\"width\":1920,\"height\":1080,\"caption\":\"HSJA residencia medica\"},{\"@type\":\"BreadcrumbList\",\"@id\":\"https:\/\/med.estrategia.com\/portal\/residencia-medica\/hsja-2022-tudo-sobre-o-processo-seletivo-para-residencia-medica\/#breadcrumb\",\"itemListElement\":[{\"@type\":\"ListItem\",\"position\":1,\"name\":\"Home\",\"item\":\"https:\/\/med.estrategia.com\/portal\/\"},{\"@type\":\"ListItem\",\"position\":2,\"name\":\"Resid\u00eancia M\u00e9dica\",\"item\":\"https:\/\/med.estrategia.com\/portal\/residencia-medica\/\"},{\"@type\":\"ListItem\",\"position\":3,\"name\":\"HSJA 2022: tudo sobre o processo seletivo para Resid\u00eancia M\u00e9dica!\"}]},{\"@type\":\"WebSite\",\"@id\":\"https:\/\/med.estrategia.com\/portal\/#website\",\"url\":\"https:\/\/med.estrategia.com\/portal\/\",\"name\":\"Estrat\u00e9gia MED\",\"description\":\"\",\"potentialAction\":[{\"@type\":\"SearchAction\",\"target\":{\"@type\":\"EntryPoint\",\"urlTemplate\":\"https:\/\/med.estrategia.com\/portal\/?s={search_term_string}\"},\"query-input\":{\"@type\":\"PropertyValueSpecification\",\"valueRequired\":true,\"valueName\":\"search_term_string\"}}],\"inLanguage\":\"pt-BR\"},{\"@type\":\"Person\",\"@id\":\"https:\/\/med.estrategia.com\/portal\/#\/schema\/person\/08697bdf5b568f54e7cb36a85b30bfb3\",\"name\":\"Reda\u00e7\u00e3o - Estrat\u00e9gia MED\",\"image\":{\"@type\":\"ImageObject\",\"inLanguage\":\"pt-BR\",\"@id\":\"https:\/\/med.estrategia.com\/portal\/#\/schema\/person\/image\/\",\"url\":\"https:\/\/med.estrategia.com\/portal\/wp-content\/uploads\/2021\/08\/WhatsApp-Image-2021-08-05-at-22.32.07-1-150x150.webp\",\"contentUrl\":\"https:\/\/med.estrategia.com\/portal\/wp-content\/uploads\/2021\/08\/WhatsApp-Image-2021-08-05-at-22.32.07-1-150x150.webp\",\"caption\":\"Reda\u00e7\u00e3o - Estrat\u00e9gia MED\"},\"url\":\"https:\/\/med.estrategia.com\/portal\/author\/redacaoemed\/\"}]}<\/script>\n<!-- \/ Yoast SEO Premium plugin. -->","yoast_head_json":{"title":"HSJA 2022: tudo sobre o processo seletivo para Resid\u00eancia M\u00e9dica!","description":"Fique por dentro do processo seletivo do Hospital S\u00e3o Jos\u00e9 do Ava\u00ed- HSJA, o Estrat\u00e9gia MED trouxe todas as informa\u00e7\u00f5es. Confira!","robots":{"index":"index","follow":"follow","max-snippet":"max-snippet:-1","max-image-preview":"max-image-preview:large","max-video-preview":"max-video-preview:-1"},"canonical":"https:\/\/med.estrategia.com\/portal\/residencia-medica\/hsja-2022-tudo-sobre-o-processo-seletivo-para-residencia-medica\/","og_locale":"pt_BR","og_type":"article","og_title":"HSJA 2022: tudo sobre o processo seletivo para Resid\u00eancia M\u00e9dica!","og_description":"Fique por dentro do processo seletivo do Hospital S\u00e3o Jos\u00e9 do Ava\u00ed- HSJA, o Estrat\u00e9gia MED trouxe todas as informa\u00e7\u00f5es. Confira!","og_url":"https:\/\/med.estrategia.com\/portal\/residencia-medica\/hsja-2022-tudo-sobre-o-processo-seletivo-para-residencia-medica\/","og_site_name":"Estrat\u00e9gia MED","article_publisher":"https:\/\/www.facebook.com\/estrategiamed1","article_published_time":"2020-09-28T18:18:31+00:00","article_modified_time":"2026-07-30T21:05:27+00:00","og_image":[{"width":1920,"height":1080,"url":"https:\/\/med.estrategia.com\/portal\/wp-content\/uploads\/2020\/11\/HSJA.jpg","type":"image\/jpeg"}],"author":"Reda\u00e7\u00e3o - Estrat\u00e9gia MED","twitter_card":"summary_large_image","twitter_creator":"@estrategiamed_","twitter_site":"@estrategiamed_","twitter_misc":{"Escrito por":"Reda\u00e7\u00e3o - Estrat\u00e9gia MED","Est. tempo de leitura":"4 minutos"},"schema":{"@context":"https:\/\/schema.org","@graph":[{"@type":"WebPage","@id":"https:\/\/med.estrategia.com\/portal\/residencia-medica\/hsja-2022-tudo-sobre-o-processo-seletivo-para-residencia-medica\/","url":"https:\/\/med.estrategia.com\/portal\/residencia-medica\/hsja-2022-tudo-sobre-o-processo-seletivo-para-residencia-medica\/","name":"HSJA 2022: tudo sobre o processo seletivo para Resid\u00eancia M\u00e9dica!","isPartOf":{"@id":"https:\/\/med.estrategia.com\/portal\/#website"},"primaryImageOfPage":{"@id":"https:\/\/med.estrategia.com\/portal\/residencia-medica\/hsja-2022-tudo-sobre-o-processo-seletivo-para-residencia-medica\/#primaryimage"},"image":{"@id":"https:\/\/med.estrategia.com\/portal\/residencia-medica\/hsja-2022-tudo-sobre-o-processo-seletivo-para-residencia-medica\/#primaryimage"},"thumbnailUrl":"https:\/\/med.estrategia.com\/portal\/wp-content\/uploads\/2020\/11\/HSJA.jpg","datePublished":"2020-09-28T18:18:31+00:00","dateModified":"2026-07-30T21:05:27+00:00","author":{"@id":"https:\/\/med.estrategia.com\/portal\/#\/schema\/person\/08697bdf5b568f54e7cb36a85b30bfb3"},"description":"Fique por dentro do processo seletivo do Hospital S\u00e3o Jos\u00e9 do Ava\u00ed- HSJA, o Estrat\u00e9gia MED trouxe todas as informa\u00e7\u00f5es. Confira!","breadcrumb":{"@id":"https:\/\/med.estrategia.com\/portal\/residencia-medica\/hsja-2022-tudo-sobre-o-processo-seletivo-para-residencia-medica\/#breadcrumb"},"inLanguage":"pt-BR","potentialAction":[{"@type":"ReadAction","target":["https:\/\/med.estrategia.com\/portal\/residencia-medica\/hsja-2022-tudo-sobre-o-processo-seletivo-para-residencia-medica\/"]}]},{"@type":"ImageObject","inLanguage":"pt-BR","@id":"https:\/\/med.estrategia.com\/portal\/residencia-medica\/hsja-2022-tudo-sobre-o-processo-seletivo-para-residencia-medica\/#primaryimage","url":"https:\/\/med.estrategia.com\/portal\/wp-content\/uploads\/2020\/11\/HSJA.jpg","contentUrl":"https:\/\/med.estrategia.com\/portal\/wp-content\/uploads\/2020\/11\/HSJA.jpg","width":1920,"height":1080,"caption":"HSJA residencia medica"},{"@type":"BreadcrumbList","@id":"https:\/\/med.estrategia.com\/portal\/residencia-medica\/hsja-2022-tudo-sobre-o-processo-seletivo-para-residencia-medica\/#breadcrumb","itemListElement":[{"@type":"ListItem","position":1,"name":"Home","item":"https:\/\/med.estrategia.com\/portal\/"},{"@type":"ListItem","position":2,"name":"Resid\u00eancia M\u00e9dica","item":"https:\/\/med.estrategia.com\/portal\/residencia-medica\/"},{"@type":"ListItem","position":3,"name":"HSJA 2022: tudo sobre o processo seletivo para Resid\u00eancia M\u00e9dica!"}]},{"@type":"WebSite","@id":"https:\/\/med.estrategia.com\/portal\/#website","url":"https:\/\/med.estrategia.com\/portal\/","name":"Estrat\u00e9gia MED","description":"","potentialAction":[{"@type":"SearchAction","target":{"@type":"EntryPoint","urlTemplate":"https:\/\/med.estrategia.com\/portal\/?s={search_term_string}"},"query-input":{"@type":"PropertyValueSpecification","valueRequired":true,"valueName":"search_term_string"}}],"inLanguage":"pt-BR"},{"@type":"Person","@id":"https:\/\/med.estrategia.com\/portal\/#\/schema\/person\/08697bdf5b568f54e7cb36a85b30bfb3","name":"Reda\u00e7\u00e3o - Estrat\u00e9gia MED","image":{"@type":"ImageObject","inLanguage":"pt-BR","@id":"https:\/\/med.estrategia.com\/portal\/#\/schema\/person\/image\/","url":"https:\/\/med.estrategia.com\/portal\/wp-content\/uploads\/2021\/08\/WhatsApp-Image-2021-08-05-at-22.32.07-1-150x150.webp","contentUrl":"https:\/\/med.estrategia.com\/portal\/wp-content\/uploads\/2021\/08\/WhatsApp-Image-2021-08-05-at-22.32.07-1-150x150.webp","caption":"Reda\u00e7\u00e3o - Estrat\u00e9gia MED"},"url":"https:\/\/med.estrategia.com\/portal\/author\/redacaoemed\/"}]}},"_links":{"self":[{"href":"https:\/\/med.estrategia.com\/portal\/wp-json\/wp\/v2\/posts\/26952","targetHints":{"allow":["GET"]}}],"collection":[{"href":"https:\/\/med.estrategia.com\/portal\/wp-json\/wp\/v2\/posts"}],"about":[{"href":"https:\/\/med.estrategia.com\/portal\/wp-json\/wp\/v2\/types\/post"}],"author":[{"embeddable":true,"href":"https:\/\/med.estrategia.com\/portal\/wp-json\/wp\/v2\/users\/29"}],"replies":[{"embeddable":true,"href":"https:\/\/med.estrategia.com\/portal\/wp-json\/wp\/v2\/comments?post=26952"}],"version-history":[{"count":4,"href":"https:\/\/med.estrategia.com\/portal\/wp-json\/wp\/v2\/posts\/26952\/revisions"}],"predecessor-version":[{"id":112172,"href":"https:\/\/med.estrategia.com\/portal\/wp-json\/wp\/v2\/posts\/26952\/revisions\/112172"}],"wp:featuredmedia":[{"embeddable":true,"href":"https:\/\/med.estrategia.com\/portal\/wp-json\/wp\/v2\/media\/7175"}],"wp:attachment":[{"href":"https:\/\/med.estrategia.com\/portal\/wp-json\/wp\/v2\/media?parent=26952"}],"wp:term":[{"taxonomy":"category","embeddable":true,"href":"https:\/\/med.estrategia.com\/portal\/wp-json\/wp\/v2\/categories?post=26952"},{"taxonomy":"post_tag","embeddable":true,"href":"https:\/\/med.estrategia.com\/portal\/wp-json\/wp\/v2\/tags?post=26952"}],"curies":[{"name":"wp","href":"https:\/\/api.w.org\/{rel}","templated":true}]}}