{"id":27328,"date":"2022-10-19T19:10:07","date_gmt":"2022-10-19T22:10:07","guid":{"rendered":"https:\/\/med.estrategia.com\/portal\/?p=27328"},"modified":"2023-09-07T17:35:43","modified_gmt":"2023-09-07T20:35:43","slug":"residencia-medica-usp-sp-2022-tudo-sobre-a-ultima-edicao","status":"publish","type":"post","link":"https:\/\/med.estrategia.com\/portal\/residencia-medica\/residencia-medica-usp-sp-2022-tudo-sobre-a-ultima-edicao\/","title":{"rendered":"Resid\u00eancia M\u00e9dica USP SP 2022: tudo sobre a \u00faltima edi\u00e7\u00e3o!"},"content":{"rendered":"<p>Quer saber tudo sobre o processo seletivo para <a class=\"wl-entity-page-link\" title=\"Resid&ecirc;ncia\" href=\"https:\/\/med.estrategia.com\/portal\/entidade\/residencia-medica\/\" data-id=\"\/entity\/residencia-medica;http:\/\/dbpedia.org\/resource\/Residency_(medicine);http:\/\/en.dbpedia.org\/resource\/Residency_(medicine);http:\/\/nl.dbpedia.org\/resource\/Arts-assistent;http:\/\/de.dbpedia.org\/resource\/&Auml;rztliche_Weiterbildung;http:\/\/fr.dbpedia.org\/resource\/R&eacute;sidence_(m&eacute;decine);http:\/\/lt.dbpedia.org\/resource\/Rezident&#363;ra_(studijos);http:\/\/pt.dbpedia.org\/resource\/Resid&ecirc;ncia_m&eacute;dica;http:\/\/ru.dbpedia.org\/resource\/&#1050;&#1083;&#1080;&#1085;&#1080;&#1095;&#1077;&#1089;&#1082;&#1072;&#1103;_&#1086;&#1088;&#1076;&#1080;&#1085;&#1072;&#1090;&#1091;&#1088;&#1072;;http:\/\/uk.dbpedia.org\/resource\/&#1054;&#1088;&#1076;&#1080;&#1085;&#1072;&#1090;&#1091;&#1088;&#1072;_&#1082;&#1083;&#1110;&#1085;&#1110;&#1095;&#1085;&#1072;;https:\/\/data.wordlift.io\/wl106637\/entity\/residencia-medica\">Resid&ecirc;ncia M&eacute;dica<\/a> da USP SP 2022? Ent&atilde;o, n&atilde;o perca o que o <a class=\"wl-entity-page-link\" href=\"https:\/\/med.estrategia.com\/portal\/entidade\/estrategia-med-2\/\" data-id=\"\/entity\/estrategia-med-2;https:\/\/data.wordlift.io\/wl106637\/entity\/estrategia_med\">Estrat&eacute;gia MED<\/a> preparou para voc&ecirc; nesse texto! <div id=\"ez-toc-container\" class=\"ez-toc-v2_0_79_2 counter-hierarchy ez-toc-counter ez-toc-transparent ez-toc-container-direction\">\n<div class=\"ez-toc-title-container\"><p class=\"ez-toc-title\" style=\"cursor:inherit\">Navegue pelo conte\u00fado<\/p>\n<\/div><nav><ul class='ez-toc-list ez-toc-list-level-1 ' ><li class='ez-toc-page-1 ez-toc-heading-level-2'><a class=\"ez-toc-link ez-toc-heading-1\" href=\"https:\/\/med.estrategia.com\/portal\/residencia-medica\/residencia-medica-usp-sp-2022-tudo-sobre-a-ultima-edicao\/#Conheca-a-USP-SP\" >Conhe&ccedil;a a USP SP<\/a><\/li><li class='ez-toc-page-1 ez-toc-heading-level-2'><a class=\"ez-toc-link ez-toc-heading-2\" href=\"https:\/\/med.estrategia.com\/portal\/residencia-medica\/residencia-medica-usp-sp-2022-tudo-sobre-a-ultima-edicao\/#Edital-de-residencia-medica-USP-SP-2022\" >Edital de resid&ecirc;ncia m&eacute;dica USP SP 2022<\/a><\/li><li class='ez-toc-page-1 ez-toc-heading-level-2'><a class=\"ez-toc-link ez-toc-heading-3\" href=\"https:\/\/med.estrategia.com\/portal\/residencia-medica\/residencia-medica-usp-sp-2022-tudo-sobre-a-ultima-edicao\/#Cronograma\" >Cronograma<\/a><\/li><li class='ez-toc-page-1 ez-toc-heading-level-2'><a class=\"ez-toc-link ez-toc-heading-4\" href=\"https:\/\/med.estrategia.com\/portal\/residencia-medica\/residencia-medica-usp-sp-2022-tudo-sobre-a-ultima-edicao\/#Especialidades-e-vagas-da-Residencia-Medica-USP-SP-2022\" >Especialidades e vagas da Resid&ecirc;ncia M&eacute;dica USP SP 2022<\/a><\/li><li class='ez-toc-page-1 ez-toc-heading-level-2'><a class=\"ez-toc-link ez-toc-heading-5\" href=\"https:\/\/med.estrategia.com\/portal\/residencia-medica\/residencia-medica-usp-sp-2022-tudo-sobre-a-ultima-edicao\/#Inscricoes-para-Residencia-Medica-USP-SP-2022\" >Inscri&ccedil;&otilde;es para Resid&ecirc;ncia M&eacute;dica USP SP 2022<\/a><\/li><li class='ez-toc-page-1 ez-toc-heading-level-2'><a class=\"ez-toc-link ez-toc-heading-6\" href=\"https:\/\/med.estrategia.com\/portal\/residencia-medica\/residencia-medica-usp-sp-2022-tudo-sobre-a-ultima-edicao\/#Concorrencia-na-Residencia-Medica-USP-SP-2022\" >Concorr&ecirc;ncia na Resid&ecirc;ncia M&eacute;dica USP-SP 2022<\/a><\/li><li class='ez-toc-page-1 ez-toc-heading-level-2'><a class=\"ez-toc-link ez-toc-heading-7\" href=\"https:\/\/med.estrategia.com\/portal\/residencia-medica\/residencia-medica-usp-sp-2022-tudo-sobre-a-ultima-edicao\/#Processo-Seletivo-da-Residencia-USP-SP-2022\" >Processo Seletivo da Resid&ecirc;ncia USP SP 2022<\/a><\/li><li class='ez-toc-page-1 ez-toc-heading-level-2'><a class=\"ez-toc-link ez-toc-heading-8\" href=\"https:\/\/med.estrategia.com\/portal\/residencia-medica\/residencia-medica-usp-sp-2022-tudo-sobre-a-ultima-edicao\/#Resultado-Final-da-Residencia-Medica-USP-SP-2022\" >Resultado Final da Resid&ecirc;ncia M&eacute;dica USP-SP 2022<\/a><\/li><li class='ez-toc-page-1 ez-toc-heading-level-2'><a class=\"ez-toc-link ez-toc-heading-9\" href=\"https:\/\/med.estrategia.com\/portal\/residencia-medica\/residencia-medica-usp-sp-2022-tudo-sobre-a-ultima-edicao\/#Estudando-para-a-residencia-medica-na-USP-SP-2023\" >Estudando para a resid&ecirc;ncia m&eacute;dica na USP SP 2023<\/a><\/li><li class='ez-toc-page-1 ez-toc-heading-level-2'><a class=\"ez-toc-link ez-toc-heading-10\" href=\"https:\/\/med.estrategia.com\/portal\/residencia-medica\/residencia-medica-usp-sp-2022-tudo-sobre-a-ultima-edicao\/#Veja-tambem\" >Veja tamb&eacute;m:<\/a><\/li><\/ul><\/nav><\/div>\n<h2 class=\"wp-block-heading\" id=\"h-conheca-a-usp-sp\"><span class=\"ez-toc-section\" id=\"Conheca-a-USP-SP\"><\/span>Conhe&ccedil;a a USP SP<span class=\"ez-toc-section-end\"><\/span><\/h2><p>Fundada em 1934, a <a href=\"https:\/\/www.fm.usp.br\/coreme\/residencia-medica\/programas-de-residencia-medica\" target=\"_blank\">Universidade de S&atilde;o Paulo <\/a>(USP) &eacute; uma <strong>universidade p&uacute;blica.<\/strong> Mantida pelo <strong>Estado de S&atilde;o Paulo<\/strong>, a USP SP tamb&eacute;m est&aacute; ligada &agrave; Secretaria de Desenvolvimento Econ&ocirc;mico.&nbsp;<\/p><p>O <strong>campus da cidade de S&atilde;o Paulo<\/strong> &eacute; <strong>mantido <\/strong>pela<strong> Prefeitura do Campus USP da Capital (PUSP-C)<\/strong>, criada em <strong>1969<\/strong> e, desde ent&atilde;o, rege a <strong>Cidade Universit&aacute;ria Armando de Salles Oliveira (CUASO)<\/strong>.<\/p><div class=\"wp-block-image\">\n<figure class=\"aligncenter size-large is-resized\"><img decoding=\"async\" src=\"https:\/\/med.estrategia.com\/portal\/wp-content\/uploads\/2020\/12\/usp-sp-1.jpg\" alt=\"usp sp resid&ecirc;ncia m&eacute;dica\" class=\"wp-image-7795\" width=\"-3\" height=\"-2\" srcset=\"https:\/\/med.estrategia.com\/portal\/wp-content\/uploads\/2020\/12\/usp-sp-1.jpg 567w, https:\/\/med.estrategia.com\/portal\/wp-content\/uploads\/2020\/12\/usp-sp-1-300x173.jpg 300w, https:\/\/med.estrategia.com\/portal\/wp-content\/uploads\/2020\/12\/usp-sp-1-380x219.jpg 380w\" sizes=\"(max-width: 567px) 100vw, 567px\" \/><figcaption class=\"wp-element-caption\">Fachada da Faculdade de Medicina da USP. Foto: <a href=\"https:\/\/www.fm.usp.br\/fmusp\/noticias\/pandemia-de-covid-19-e-urgente-agirmos-juntos-e-ja---manifesto-do-colegiado-dos-professores-titulares-da-fmusp\" target=\"_blank\">Divulga&ccedil;&atilde;o FMUSP<\/a><\/figcaption><\/figure><\/div><p><\/p><p>\n\n\n<div id=\"new-form\">\n\t<form id=\"forms_layout\">\n\t<input type=\"hidden\" id=\"chave_de\" name=\"chave_de\" value=\"01_EMED_LEADS_TOTAIS\" \/>\n\t\t<input type=\"hidden\" id=\"mid\" name=\"mid\" value=\"515009018\" \/>\n\t\t<input type=\"hidden\" id=\"Objetivo\" name=\"Objetivo\" value=\"Medicina\" \/>\n\t\t<input type=\"hidden\" id=\"Estado_de_Origem_do_IP\" name=\"Estado_de_Origem_do_IP\"  value=\"\" \/>\n\t\t<input type=\"hidden\" id=\"Cidade_de_Origem_do_IP\" name=\"Cidade_de_Origem_do_IP\" value=\"\" \/>\n\t\t<input type=\"hidden\" id=\"Modo_de_entrada\" name=\"Modo_de_entrada\" value=\"Portal\" \/>\n\t\t<input type=\"hidden\" id=\"Pagina_Origem\" name=\"Pagina_Origem\" value=\"\" \/>\n\n\t\t<div class=\"texto\">\n\t\t\t<h3 class=\"news\">Inscreva-se em nossa newsletter!<\/h3>\n\t\t\t<p>Receba not\u00edcias sobre resid\u00eancia m\u00e9dica, revalida\u00e7\u00e3o de diplomas e concursos m\u00e9dicos, al\u00e9m de materiais de estudo gratuitos e informa\u00e7\u00f5es relevantes do mundo da Medicina.<\/p>\n\t\t<\/div>\n\t\t<div class=\"campos\">\n\t\t\t<div class=\"first_name labels\">\n\t\t\t\t<input type=\"text\" class=\"input_labels\" id=\"first_name\" name=\"Nome_Completo\" placeholder=\"Nome\" required \/>\n\t\t\t<\/div>\n\t\t\t<div class=\"email labels\">\n\t\t\t\t<input type=\"email\" class=\"input_labels\" id=\"email\" name=\"Email\" placeholder=\"E-mail\" required \/>\n\t\t\t<\/div>\n\t\t\t<button type=\"submit\" class=\"button_layout\">\n\t\t\t\t<div id=\"lblBotao\">Inscreva-se<\/div>\n\t\t\t\t<span id=\"divSpiner\" class=\"loader\" role=\"status\" style=\"display: none;\"><\/span>\t\n\t\t\t<\/button>\n\t\t<\/div><!-- \/campos -->\n\t\t\n\t\t<label class=\"container_checkbox\">Voc\u00ea concorda com a nossa\n\t\t\t<a class=\"politics_privacy_ahref\" target=\"_blank\" href=\"https:\/\/gratis.estrategiaconcursos.com.br\/politica-de-privacidade\/\">Pol\u00edtica de Privacidade<\/a> e aceita receber informa\u00e7\u00f5es adicionais do Estrat\u00e9gia Educacional.\n\t\t\t<input id=\"checkbox_layout\" type=\"checkbox\" checked=\"checked\" required \/>\n\t\t\t<span class=\"checkbox\"><\/span>\n\t\t<\/label>\n\t\t<div id=\"msg\"><\/div>\n\t\t<div id=\"error\" class=\"error\">\n\t\t<\/div>\n\t<\/form>\n<\/div><!-- \/new-form -->\n\n\n\n<\/p><h2 class=\"wp-block-heading\" id=\"h-edital-de-residencia-medica-usp-sp-2022\"><span class=\"ez-toc-section\" id=\"Edital-de-residencia-medica-USP-SP-2022\"><\/span><strong>Edital de resid&ecirc;ncia m&eacute;dica <strong>USP SP<\/strong><\/strong> <strong>2022<\/strong><span class=\"ez-toc-section-end\"><\/span><\/h2><p>Em 2021, a USP SP publicou cinco editais referentes ao processo seletivo para resid&ecirc;ncia m&eacute;dica 2022. Cada um &eacute; voltado para especialidades m&eacute;dicas diferentes. Confira todos os arquivos no bot&atilde;o abaixo:<\/p><div class=\"wp-block-buttons is-horizontal is-content-justification-center is-layout-flex wp-container-core-buttons-is-layout-1 wp-block-buttons-is-layout-flex\">\n<div class=\"wp-block-button\"><a class=\"wp-block-button__link has-light-green-cyan-to-vivid-green-cyan-gradient-background has-background wp-element-button\" href=\"https:\/\/med.estrategia.com\/portal\/wp-content\/uploads\/2021\/09\/EDITAIS-USP-2022.zip\" target=\"_blank\"><strong>Editais USP SP 2022<\/strong><\/a><\/div>\n<\/div><p>Mais sobre os editais da USP SP Resid&ecirc;ncia M&eacute;dica voc&ecirc; encontra <a href=\"https:\/\/med.estrategia.com\/portal\/residencia-medica\/provas-e-editais\/usp-sp-provas-e-editais\/\">nesse texto<\/a> do Estrat&eacute;gia MED. Confira!<\/p><figure class=\"wp-block-embed is-type-video is-provider-youtube wp-block-embed-youtube wp-embed-aspect-16-9 wp-has-aspect-ratio\"><div class=\"wp-block-embed__wrapper\">\n<div class=\"cs-embed cs-embed-responsive\"><iframe title=\"Saiu Edital USP-SP 2022: Saiba tudo! - CorujaMED News - Resid&ecirc;ncia M&eacute;dica\" width=\"1200\" height=\"675\" src=\"https:\/\/www.youtube.com\/embed\/ZFp8Qki6Nmo?feature=oembed\" frameborder=\"0\" allow=\"accelerometer; autoplay; clipboard-write; encrypted-media; gyroscope; picture-in-picture; web-share\" referrerpolicy=\"strict-origin-when-cross-origin\" allowfullscreen><\/iframe><\/div>\n<\/div><\/figure><h2 class=\"wp-block-heading\" id=\"h-cronograma\"><span class=\"ez-toc-section\" id=\"Cronograma\"><\/span><strong>Cronograma <\/strong><span class=\"ez-toc-section-end\"><\/span><\/h2><ul class=\"wp-block-list\">\n<li><strong>Divulga&ccedil;&atilde;o do edital: <\/strong>22\/09\/2021;<\/li>\n\n\n\n<li><strong>Taxa de inscri&ccedil;&atilde;o: <\/strong>R$ 620,00;<\/li>\n\n\n\n<li><strong>Pr&eacute;-inscri&ccedil;&atilde;o (solicita&ccedil;&atilde;o de isen&ccedil;&atilde;o): <\/strong>28\/09\/2021, das 9h &agrave;s 15h30;<\/li>\n\n\n\n<li><strong>Per&iacute;odo de Inscri&ccedil;&otilde;es:&nbsp;<\/strong>07\/10\/2021 a 26\/10\/2021;<\/li>\n\n\n\n<li><strong>Resultado dos pedidos de isen&ccedil;&atilde;o: <\/strong>30\/09\/2021;<\/li>\n\n\n\n<li><strong>Local de prova:<\/strong> 12\/11\/2021;<\/li>\n\n\n\n<li><strong>Prova Objetiva (1&ordf; fase): <\/strong>27\/11\/2021;<\/li>\n\n\n\n<li><strong>Divulga&ccedil;&atilde;o do Gabarito Pr&eacute;-Recurso:&nbsp;<\/strong>28\/11\/2021;<\/li>\n\n\n\n<li><strong>Prazo final para recurso do gabarito: <\/strong>29\/11\/2021, &agrave;s 14h;<\/li>\n\n\n\n<li><strong>Divulga&ccedil;&atilde;o da nota da 1&ordf; fase:&nbsp;<\/strong>02\/12\/2021;<\/li>\n\n\n\n<li><strong>Prazo final para solicitar recurso: <\/strong>06\/12\/2021, &agrave;s 12h;<\/li>\n\n\n\n<li><strong>Convocados para a 2&ordf; fase:<\/strong> 07\/12\/2021;<\/li>\n\n\n\n<li><strong>Prova Multim&iacute;dia (2&ordf; fase):<\/strong> 19\/12\/2021;<\/li>\n\n\n\n<li><strong>Envio do curr&iacute;culo (2&ordf; fase): <\/strong>08\/12\/2021 a 03\/01\/2022;<\/li>\n\n\n\n<li><strong>Entrevistas (2&ordf; fase):<\/strong>&nbsp;10 a 14\/01\/2022;<\/li>\n\n\n\n<li><strong>Divulga&ccedil;&atilde;o da nota da 2&ordf; fase: <\/strong>20\/01\/2022;&nbsp;<\/li>\n\n\n\n<li><strong>Prazo final para solicitar recurso: <\/strong>24\/01\/2022 &agrave;s 12h;<\/li>\n\n\n\n<li><strong>Resultado final:<\/strong> 03\/02\/2022;<\/li>\n\n\n\n<li><strong>Matr&iacute;culas: <\/strong>08 a 10\/02\/2022; e<\/li>\n\n\n\n<li><strong>In&iacute;cio do programa:<\/strong> 01\/03\/2022.<\/li>\n<\/ul><h2 class=\"wp-block-heading\" id=\"h-especialidades-e-vagas-da-residencia-medica-usp-sp-2022\"><span class=\"ez-toc-section\" id=\"Especialidades-e-vagas-da-Residencia-Medica-USP-SP-2022\"><\/span><strong>Especialidades e vagas da Resid&ecirc;ncia M&eacute;dica USP SP<\/strong> <strong>2022<\/strong><span class=\"ez-toc-section-end\"><\/span><\/h2><p>O processo seletivo da USP SP Resid&ecirc;ncia M&eacute;dica 2022 ofereceu, ao todo, <strong>732 vagas<\/strong>, com 43 vagas reservadas. Elas foram distribu&iacute;das nas especialidades de acesso direto, com pr&eacute;-requisito, de &aacute;reas de atua&ccedil;&atilde;o e especialidades de anos adicionais. Confira:<\/p><h3 class=\"wp-block-heading\" id=\"h-acesso-direto\"><strong>Acesso Direto<\/strong><\/h3><figure class=\"wp-block-table is-style-stripes\"><table class=\"has-light-green-cyan-to-vivid-green-cyan-gradient-background has-background has-fixed-layout\"><thead><tr><th> <strong>Especialidades<\/strong> <\/th><th class=\"has-text-align-center\" data-align=\"center\"> <strong>Vagas Previstas<\/strong> <\/th><th class=\"has-text-align-center\" data-align=\"center\"> <strong>Vagas &ndash; For&ccedil;as Armadas<\/strong> <\/th><\/tr><\/thead><tbody><tr><td>Acupuntura<\/td><td class=\"has-text-align-center\" data-align=\"center\">1<\/td><td class=\"has-text-align-center\" data-align=\"center\">&ndash;<\/td><\/tr><tr><td>Anestesiologia<\/td><td class=\"has-text-align-center\" data-align=\"center\">32<\/td><td class=\"has-text-align-center\" data-align=\"center\">3<\/td><\/tr><tr><td>Cirurgia Cardiovascular<\/td><td class=\"has-text-align-center\" data-align=\"center\">3 + 1*<\/td><td class=\"has-text-align-center\" data-align=\"center\">1+1*<\/td><\/tr><tr><td>Cirurgia Geral<\/td><td class=\"has-text-align-center\" data-align=\"center\">12<\/td><td class=\"has-text-align-center\" data-align=\"center\">12<\/td><\/tr><tr><td>Cl&iacute;nica M&eacute;dica<\/td><td class=\"has-text-align-center\" data-align=\"center\">42+12*<\/td><td class=\"has-text-align-center\" data-align=\"center\">6<\/td><\/tr><tr><td>Dermatologia<\/td><td class=\"has-text-align-center\" data-align=\"center\">10<\/td><td class=\"has-text-align-center\" data-align=\"center\">&ndash;<\/td><\/tr><tr><td>Gen&eacute;tica M&eacute;dica<\/td><td class=\"has-text-align-center\" data-align=\"center\">2 + 3*<\/td><td class=\"has-text-align-center\" data-align=\"center\">&ndash;<\/td><\/tr><tr><td>Infectologia<\/td><td class=\"has-text-align-center\" data-align=\"center\">8<\/td><td class=\"has-text-align-center\" data-align=\"center\">&ndash;<\/td><\/tr><tr><td>Medicina de Emerg&ecirc;ncia<\/td><td class=\"has-text-align-center\" data-align=\"center\">20*<\/td><td class=\"has-text-align-center\" data-align=\"center\">4*<\/td><\/tr><tr><td>Medicina de Fam&iacute;lia e Comunidade<\/td><td class=\"has-text-align-center\" data-align=\"center\">10<\/td><td class=\"has-text-align-center\" data-align=\"center\">&ndash;<\/td><\/tr><tr><td>Medicina do Trabalho<\/td><td class=\"has-text-align-center\" data-align=\"center\">2<\/td><td class=\"has-text-align-center\" data-align=\"center\">&ndash;<\/td><\/tr><tr><td>Medicina Esportiva<\/td><td class=\"has-text-align-center\" data-align=\"center\">5<\/td><td class=\"has-text-align-center\" data-align=\"center\">1<\/td><\/tr><tr><td>Medicina F&iacute;sica e Reabilita&ccedil;&atilde;o<\/td><td class=\"has-text-align-center\" data-align=\"center\">10<\/td><td class=\"has-text-align-center\" data-align=\"center\">&ndash;<\/td><\/tr><tr><td>Medicina Legal e Per&iacute;cia M&eacute;dica<\/td><td class=\"has-text-align-center\" data-align=\"center\">2 + 3*<\/td><td class=\"has-text-align-center\" data-align=\"center\">&ndash;<\/td><\/tr><tr><td>Medicina Nuclear<\/td><td class=\"has-text-align-center\" data-align=\"center\">5<\/td><td class=\"has-text-align-center\" data-align=\"center\">&ndash;<\/td><\/tr><tr><td>Medicina Preventiva e Social<\/td><td class=\"has-text-align-center\" data-align=\"center\">5<\/td><td class=\"has-text-align-center\" data-align=\"center\">&ndash;<\/td><\/tr><tr><td>Neurocirurgia<\/td><td class=\"has-text-align-center\" data-align=\"center\">4<\/td><td class=\"has-text-align-center\" data-align=\"center\">&ndash;<\/td><\/tr><tr><td>Neurologia<\/td><td class=\"has-text-align-center\" data-align=\"center\">11<\/td><td class=\"has-text-align-center\" data-align=\"center\">1<\/td><\/tr><tr><td>Obstetr&iacute;cia e Ginecologia<\/td><td class=\"has-text-align-center\" data-align=\"center\">14<\/td><td class=\"has-text-align-center\" data-align=\"center\">2<\/td><\/tr><tr><td>Oftalmologia<\/td><td class=\"has-text-align-center\" data-align=\"center\">14<\/td><td class=\"has-text-align-center\" data-align=\"center\">&ndash;<\/td><\/tr><tr><td>Ortopedia e Traumatologia<\/td><td class=\"has-text-align-center\" data-align=\"center\">14<\/td><td class=\"has-text-align-center\" data-align=\"center\">4<\/td><\/tr><tr><td>Otorrinolaringologia<\/td><td class=\"has-text-align-center\" data-align=\"center\">6<\/td><td class=\"has-text-align-center\" data-align=\"center\">&ndash;<\/td><\/tr><tr><td>Patologia<\/td><td class=\"has-text-align-center\" data-align=\"center\">9<\/td><td class=\"has-text-align-center\" data-align=\"center\">1<\/td><\/tr><tr><td>Patologia Cl&iacute;nica\/Medicina Laboratorial<\/td><td class=\"has-text-align-center\" data-align=\"center\">2<\/td><td class=\"has-text-align-center\" data-align=\"center\">&ndash;<\/td><\/tr><tr><td>Pediatria<\/td><td class=\"has-text-align-center\" data-align=\"center\">35<\/td><td class=\"has-text-align-center\" data-align=\"center\">5<\/td><\/tr><tr><td>Psiquiatria<\/td><td class=\"has-text-align-center\" data-align=\"center\">19<\/td><td class=\"has-text-align-center\" data-align=\"center\">&ndash;<\/td><\/tr><tr><td>Radiologia e Diagn&oacute;stico por Imagem<\/td><td class=\"has-text-align-center\" data-align=\"center\">20<\/td><td class=\"has-text-align-center\" data-align=\"center\">2<\/td><\/tr><tr><td>Radioterapia<\/td><td class=\"has-text-align-center\" data-align=\"center\">4<\/td><td class=\"has-text-align-center\" data-align=\"center\">&ndash;<\/td><\/tr><tr><td><strong>TOTAL<\/strong><\/td><td class=\"has-text-align-center\" data-align=\"center\"><strong>340<\/strong><\/td><td class=\"has-text-align-center\" data-align=\"center\"><strong>43<\/strong><\/td><\/tr><\/tbody><\/table><figcaption class=\"wp-element-caption\">Segundo o Edital: <em>&ldquo;* Previs&atilde;o de bolsas provenientes do Minist&eacute;rio da Sa&uacute;de&rdquo;<\/em><\/figcaption><\/figure><h3 class=\"wp-block-heading\" id=\"h-pre-requisito-em-clinica-medica-e-cirurgia-geral\"><strong>Pr&eacute;-Requisito em Cl&iacute;nica M&eacute;dica e Cirurgia Geral<\/strong><\/h3><figure class=\"wp-block-table is-style-stripes\"><table class=\"has-light-green-cyan-to-vivid-green-cyan-gradient-background has-background has-fixed-layout\"><thead><tr><th> <strong>Especialidades<\/strong> <\/th><th class=\"has-text-align-center\" data-align=\"center\"> <strong>Vagas Previstas<\/strong> <\/th><\/tr><\/thead><tbody><tr><td>Alergia e Imunologia<\/td><td class=\"has-text-align-center\" data-align=\"center\">2 + 1*<\/td><\/tr><tr><td>Cardiologia<\/td><td class=\"has-text-align-center\" data-align=\"center\">48 + 4*<\/td><\/tr><tr><td>Cirurgia do Aparelho Digestivo<\/td><td class=\"has-text-align-center\" data-align=\"center\">7<\/td><\/tr><tr><td>Cirurgia Pedi&aacute;trica<\/td><td class=\"has-text-align-center\" data-align=\"center\">1<\/td><\/tr><tr><td>Cirurgia Pl&aacute;stica<\/td><td class=\"has-text-align-center\" data-align=\"center\">7<\/td><\/tr><tr><td>Cirurgia Tor&aacute;cica<\/td><td class=\"has-text-align-center\" data-align=\"center\">4 + 2*<\/td><\/tr><tr><td>Cirurgia Vascular<\/td><td class=\"has-text-align-center\" data-align=\"center\">5<\/td><\/tr><tr><td>Coloproctologia<\/td><td class=\"has-text-align-center\" data-align=\"center\">1<\/td><\/tr><tr><td>Endocrinologia<\/td><td class=\"has-text-align-center\" data-align=\"center\">10<\/td><\/tr><tr><td>Gastroenterologia<\/td><td class=\"has-text-align-center\" data-align=\"center\">4 + 4*<\/td><\/tr><tr><td>Geriatria<\/td><td class=\"has-text-align-center\" data-align=\"center\">10 + 6*<\/td><\/tr><tr><td>Hematologia e Hemoterapia<\/td><td class=\"has-text-align-center\" data-align=\"center\">6 + 6*<\/td><\/tr><tr><td>Nefrologia<\/td><td class=\"has-text-align-center\" data-align=\"center\">12<\/td><\/tr><tr><td>Oncologia Cl&iacute;nica<\/td><td class=\"has-text-align-center\" data-align=\"center\">14<\/td><\/tr><tr><td>Pneumologia<\/td><td class=\"has-text-align-center\" data-align=\"center\">5 + 4*<\/td><\/tr><tr><td>Reumatologia<\/td><td class=\"has-text-align-center\" data-align=\"center\">12<\/td><\/tr><tr><td>Urologia<\/td><td class=\"has-text-align-center\" data-align=\"center\">5<\/td><\/tr><tr><td><strong>TOTAL<\/strong><\/td><td class=\"has-text-align-center\" data-align=\"center\"><strong>176<\/strong><\/td><\/tr><\/tbody><\/table><figcaption class=\"wp-element-caption\">Segundo o Edital: <em>&ldquo;* Previs&atilde;o de bolsas provenientes do Minist&eacute;rio da Sa&uacute;de&rdquo;<\/em><\/figcaption><\/figure><p>Nessa separa&ccedil;&atilde;o tamb&eacute;m temos a especialidade de Ano Adicional de Cl&iacute;nica m&eacute;dica, com 1 vaga.<\/p><h3 class=\"wp-block-heading\" id=\"h-especialidades-com-outros-pre-requisitos\"><strong>Especialidades com outros Pr&eacute;-Requisitos<\/strong><\/h3><figure class=\"wp-block-table is-style-stripes\"><table class=\"has-light-green-cyan-to-vivid-green-cyan-gradient-background has-background has-fixed-layout\"><thead><tr><th> <strong>Especialidades<\/strong> <\/th><th class=\"has-text-align-center\" data-align=\"center\"> <strong>Vagas<\/strong> <\/th><\/tr><\/thead><tbody><tr><td>Cirurgia de Cabe&ccedil;a e Pesco&ccedil;o<\/td><td class=\"has-text-align-center\" data-align=\"center\">5<\/td><\/tr><tr><td>Cirurgia da M&atilde;o<\/td><td class=\"has-text-align-center\" data-align=\"center\">4<\/td><\/tr><tr><td>Endoscopia<\/td><td class=\"has-text-align-center\" data-align=\"center\">4+4*<\/td><\/tr><tr><td>Mastologia<\/td><td class=\"has-text-align-center\" data-align=\"center\">5<\/td><\/tr><tr><td>Nutrologia<\/td><td class=\"has-text-align-center\" data-align=\"center\">2<\/td><\/tr><tr><td><strong>TOTAL<\/strong><\/td><td class=\"has-text-align-center\" data-align=\"center\"><strong>24<\/strong><\/td><\/tr><\/tbody><\/table><figcaption class=\"wp-element-caption\">Segundo o Edital: <em>&ldquo;* Previs&atilde;o de bolsas provenientes do Minist&eacute;rio da Sa&uacute;de&rdquo;<\/em><\/figcaption><\/figure><h3 class=\"wp-block-heading\" id=\"h-areas-de-atuacao\"><strong>&Aacute;reas de Atua&ccedil;&atilde;o<\/strong><\/h3><figure class=\"wp-block-table is-style-stripes\"><table class=\"has-light-green-cyan-to-vivid-green-cyan-gradient-background has-background has-fixed-layout\"><thead><tr><th> <strong>Especialidades<\/strong> <\/th><th class=\"has-text-align-center\" data-align=\"center\"> <strong>Vagas<\/strong> <\/th><\/tr><\/thead><tbody><tr><td>Cirurgia Geral &ndash; Programa Avan&ccedil;ado<\/td><td class=\"has-text-align-center\" data-align=\"center\">4<\/td><\/tr><tr><td>Endoscopia Digestiva<\/td><td class=\"has-text-align-center\" data-align=\"center\">1+1*<\/td><\/tr><tr><td>Endoscopia Ginecol&oacute;gica<\/td><td class=\"has-text-align-center\" data-align=\"center\">1+1*<\/td><\/tr><tr><td>Hepatologia&nbsp;<\/td><td class=\"has-text-align-center\" data-align=\"center\">3*<\/td><\/tr><tr><td>Medicina do Sono&nbsp;<\/td><td class=\"has-text-align-center\" data-align=\"center\">2+4*<\/td><\/tr><tr><td>Medicina Fetal<\/td><td class=\"has-text-align-center\" data-align=\"center\">2+2*<\/td><\/tr><tr><td>Medicina Paliativa<\/td><td class=\"has-text-align-center\" data-align=\"center\">2+6*<\/td><\/tr><tr><td>Medicina Tropical<\/td><td class=\"has-text-align-center\" data-align=\"center\">2*<\/td><\/tr><tr><td>Neurorradiologia<\/td><td class=\"has-text-align-center\" data-align=\"center\">1*<\/td><\/tr><tr><td>Psicogeriatria<\/td><td class=\"has-text-align-center\" data-align=\"center\">3<\/td><\/tr><tr><td>Psicoterapia<\/td><td class=\"has-text-align-center\" data-align=\"center\">3<\/td><\/tr><tr><td>Psiquiatria da Inf&acirc;ncia e da Adolesc&ecirc;ncia<\/td><td class=\"has-text-align-center\" data-align=\"center\">6<\/td><\/tr><tr><td>Psiquiatria Forense<\/td><td class=\"has-text-align-center\" data-align=\"center\">1<\/td><\/tr><tr><td>Transplante de Cora&ccedil;&atilde;o<\/td><td class=\"has-text-align-center\" data-align=\"center\">3*<\/td><\/tr><tr><td>Transplante de Cora&ccedil;&atilde;o<\/td><td class=\"has-text-align-center\" data-align=\"center\">2*<\/td><\/tr><tr><td>Transplante de F&iacute;gado<\/td><td class=\"has-text-align-center\" data-align=\"center\">2*<\/td><\/tr><tr><td>Transplante de F&iacute;gado<\/td><td class=\"has-text-align-center\" data-align=\"center\">1*<\/td><\/tr><tr><td>Transplante de F&iacute;gado<\/td><td class=\"has-text-align-center\" data-align=\"center\">2*<\/td><\/tr><tr><td>Transplante de Medula &Oacute;ssea<\/td><td class=\"has-text-align-center\" data-align=\"center\">2*<\/td><\/tr><tr><td>Transplante de Pulm&atilde;o<\/td><td class=\"has-text-align-center\" data-align=\"center\">1*<\/td><\/tr><tr><td>Transplante de Pulm&atilde;o<\/td><td class=\"has-text-align-center\" data-align=\"center\">1*<\/td><\/tr><tr><td>Transplante de Rim<\/td><td class=\"has-text-align-center\" data-align=\"center\">2*<\/td><\/tr><tr><td>Transplante de Rim<\/td><td class=\"has-text-align-center\" data-align=\"center\">2*<\/td><\/tr><tr><td><strong>TOTAL<\/strong><\/td><td class=\"has-text-align-center\" data-align=\"center\"><strong>63<\/strong><\/td><\/tr><\/tbody><\/table><figcaption class=\"wp-element-caption\">Segundo o Edital: <em>&ldquo;* Previs&atilde;o de bolsas provenientes do Minist&eacute;rio da Sa&uacute;de&rdquo;<\/em><\/figcaption><\/figure><h3 class=\"wp-block-heading\" id=\"h-anos-adicionais\"><strong>Anos Adicionais&nbsp;<\/strong><\/h3><figure class=\"wp-block-table is-style-stripes\"><table class=\"has-light-green-cyan-to-vivid-green-cyan-gradient-background has-background has-fixed-layout\"><thead><tr><th> <strong>Especialidades<\/strong> <\/th><th class=\"has-text-align-center\" data-align=\"center\"> <strong>Vagas<\/strong> <\/th><\/tr><\/thead><tbody><tr><td>Alergia e Imunologia<\/td><td class=\"has-text-align-center\" data-align=\"center\">1<\/td><\/tr><tr><td>Endocrinologia<\/td><td class=\"has-text-align-center\" data-align=\"center\">1<\/td><\/tr><tr><td>Medicina Nuclear<\/td><td class=\"has-text-align-center\" data-align=\"center\">3*<\/td><\/tr><tr><td>Obstetr&iacute;cia e Ginecologia<\/td><td class=\"has-text-align-center\" data-align=\"center\">1<\/td><\/tr><tr><td>Patologia Cl&iacute;nica\/Medicina Laboratorial<\/td><td class=\"has-text-align-center\" data-align=\"center\">1<\/td><\/tr><tr><td>Psiquiatria<\/td><td class=\"has-text-align-center\" data-align=\"center\">1<\/td><\/tr><tr><td><strong>TOTAL<\/strong><\/td><td class=\"has-text-align-center\" data-align=\"center\"><strong>8<\/strong><\/td><\/tr><\/tbody><\/table><figcaption class=\"wp-element-caption\"> Segundo o Edital: <em>&ldquo;* Previs&atilde;o de bolsas provenientes do Minist&eacute;rio da Sa&uacute;de&rdquo;<\/em> <\/figcaption><\/figure><h3 class=\"wp-block-heading\" id=\"h-areas-de-atuacao-da-pediatria\"><strong>&Aacute;reas de Atua&ccedil;&atilde;o da Pediatria<\/strong><\/h3><figure class=\"wp-block-table is-style-stripes\"><table class=\"has-light-green-cyan-to-vivid-green-cyan-gradient-background has-background has-fixed-layout\"><thead><tr><th> <strong>Especialidades<\/strong> <\/th><th class=\"has-text-align-center\" data-align=\"center\"> <strong>Vagas<\/strong> <\/th><\/tr><\/thead><tbody><tr><td>Alergia e Imunologia Pedi&aacute;trica<\/td><td class=\"has-text-align-center\" data-align=\"center\">1+1*<\/td><\/tr><tr><td>Cardiologia Pedi&aacute;trica<\/td><td class=\"has-text-align-center\" data-align=\"center\">5+7*<\/td><\/tr><tr><td>Emerg&ecirc;ncia Pedi&aacute;trica<\/td><td class=\"has-text-align-center\" data-align=\"center\">5*<\/td><\/tr><tr><td>Endocrinologia Pedi&aacute;trica<\/td><td class=\"has-text-align-center\" data-align=\"center\">2*<\/td><\/tr><tr><td>Gastroenterologia Pedi&aacute;trica<\/td><td class=\"has-text-align-center\" data-align=\"center\">2*<\/td><\/tr><tr><td>Hematologia-Hemoterapia Pedi&aacute;trica<\/td><td class=\"has-text-align-center\" data-align=\"center\">1+1*<\/td><\/tr><tr><td>Infectologia Pedi&aacute;trica<\/td><td class=\"has-text-align-center\" data-align=\"center\">3*<\/td><\/tr><tr><td>Medicina do Adolescente&nbsp;<\/td><td class=\"has-text-align-center\" data-align=\"center\">1*<\/td><\/tr><tr><td>Medicina Intensiva Pedi&aacute;trica<\/td><td class=\"has-text-align-center\" data-align=\"center\">4+2*<\/td><\/tr><tr><td>Nefrologia Pedi&aacute;trica<\/td><td class=\"has-text-align-center\" data-align=\"center\">2+5*<\/td><\/tr><tr><td>Neonatologia<\/td><td class=\"has-text-align-center\" data-align=\"center\">9+11*<\/td><\/tr><tr><td>Neurologia Pedi&aacute;trica<\/td><td class=\"has-text-align-center\" data-align=\"center\">5<\/td><\/tr><tr><td>Oncologia Pedi&aacute;trica<\/td><td class=\"has-text-align-center\" data-align=\"center\">5<\/td><\/tr><tr><td>Pneumologia Pedi&aacute;trica<\/td><td class=\"has-text-align-center\" data-align=\"center\">3*<\/td><\/tr><tr><td>Reumatologia Pedi&aacute;trica<\/td><td class=\"has-text-align-center\" data-align=\"center\">1<\/td><\/tr><tr><td>Transplante de Rim<\/td><td class=\"has-text-align-center\" data-align=\"center\">2*<\/td><\/tr><tr><td><strong>TOTAL<\/strong><\/td><td class=\"has-text-align-center\" data-align=\"center\"><strong>78<\/strong><\/td><\/tr><\/tbody><\/table><figcaption class=\"wp-element-caption\">Segundo o Edital: <em>&ldquo;* Previs&atilde;o de bolsas provenientes do Minist&eacute;rio da Sa&uacute;de&rdquo;<\/em><\/figcaption><\/figure><h2 class=\"wp-block-heading\" id=\"h-inscricoes-para-residencia-medica-usp-sp-2022\"><span class=\"ez-toc-section\" id=\"Inscricoes-para-Residencia-Medica-USP-SP-2022\"><\/span><strong>Inscri&ccedil;&otilde;es para <strong>Resid&ecirc;ncia M&eacute;dica<\/strong><\/strong> <strong>USP SP 2022<\/strong><span class=\"ez-toc-section-end\"><\/span><\/h2><p>O processo de inscri&ccedil;&atilde;o da USP SP foi feito por meio do site da <a href=\"https:\/\/www.tekyou.com.br\/fmusp\/selecao2022\/\" target=\"_blank\">Tekyou Solu&ccedil;&otilde;es<\/a>, entre os dias <strong>7 e 26 de outubro de 2021<\/strong>. Ap&oacute;s preencher o formul&aacute;rio de inscri&ccedil;&atilde;o, o candidato deveria pagar uma <strong>taxa de inscri&ccedil;&atilde;o de R$620,00.<\/strong> <\/p><p>Os candidatos que necessitassem de<strong> atendimento especial<\/strong>, deveriam<strong> informar sua condi&ccedil;&atilde;o na ficha de inscri&ccedil;&atilde;o e indicar os recursos especiais necess&aacute;rios<\/strong>. Al&eacute;m disso, foi necess&aacute;rio enviar um <strong>laudo m&eacute;dico e um atestado, provando e qualificando a solicita&ccedil;&atilde;o<\/strong>, at&eacute; o final do per&iacute;odo de inscri&ccedil;&otilde;es.<\/p><p>Por conta da anula&ccedil;&atilde;o da Prova Multim&iacute;dia do Processo Seletivo da USP-SP, a institui&ccedil;&atilde;o disponibilizou<a href=\"https:\/\/www.tekyou.com.br\/fmusp\/selecao2022\/login_candidato1.php\" target=\"_blank\"> um formul&aacute;rio <\/a>para os candidatos habilitados na 1&ordf; fase que desejam desistir do  processo seletivo, bem como reaver a quantia de <strong>R$620,00<\/strong>, paga como taxa de inscri&ccedil;&atilde;o.<\/p><h3 class=\"wp-block-heading\" id=\"h-solicitacao-de-isencao-da-taxa\">Solicita&ccedil;&atilde;o de Isen&ccedil;&atilde;o da Taxa<\/h3><p>Por&eacute;m, para esse seletivo, houve a possibilidade de<strong> solicita&ccedil;&atilde;o da isen&ccedil;&atilde;o ou redu&ccedil;&atilde;o da taxa de inscri&ccedil;&atilde;o<\/strong>, que p&ocirc;de ser feita no dia<strong> 28 de setembro de 2021, das 9h &agrave;s 15h30.<\/strong><\/p><p>Para isso, o candidato teve que acessar o<strong> site da USP SP ou da Tekyou<\/strong> e preencher, imprimir e assinar o <strong>formul&aacute;rio de isen&ccedil;&atilde;o da taxa<\/strong>. Ap&oacute;s isso, o formul&aacute;rio deveria ser<strong> entregue pessoalmente na Faculdade de Medicina da USP, em S&atilde;o Paulo<\/strong>, juntamente &agrave;s c&oacute;pias leg&iacute;veis com data recente para <strong>comprovar um dos seguintes casos<\/strong>:<\/p><p><br><strong>No caso de solicita&ccedil;&atilde;o de redu&ccedil;&atilde;o de 50%<\/strong> <strong>na condi&ccedil;&atilde;o de estudante <\/strong><\/p><ul class=\"wp-block-list\">\n<li>Certid&atilde;o ou declara&ccedil;&atilde;o de matricula expedida por institui&ccedil;&atilde;o de ensino p&uacute;blica ou privada, a partir de agosto de 2021, ou com a data de validade vigente; ou<\/li>\n\n\n\n<li>Carteira de identidade estudantil ou documento similar, expedido por institui&ccedil;&atilde;o de ensino p&uacute;blica ou privada, ou por entidade de representa&ccedil;&atilde;o discente, com foto e data de validade vigente.<\/li>\n<\/ul><p><strong>No caso de isen&ccedil;&atilde;o da taxa de inscri&ccedil;&atilde;o<\/strong><\/p><p>Condi&ccedil;&otilde;es:<\/p><ol class=\"wp-block-list\">\n<li>Taxa de inscri&ccedil;&atilde;o for superior a 30% do sal&aacute;rio mensal do candidato, quando n&atilde;o tiver dependente; <\/li>\n\n\n\n<li>Taxa superior a 20% do sal&aacute;rio mensal do candidato e o mesmo possuir at&eacute; dois dependentes; <\/li>\n\n\n\n<li>Taxa for superior a 10% do sal&aacute;rio mensal do candidato e o mesmo tiver mais de dois dependentes; <\/li>\n\n\n\n<li>O candidato declarar-se impossibilitado de arcar com o pagamento da taxa de inscri&ccedil;&atilde;o e comprovar renda familiar mensal igual ou inferior a tr&ecirc;s sal&aacute;rios m&iacute;nimos ou renda individual igual ou inferior a dois sal&aacute;rios m&iacute;nimos; <\/li>\n\n\n\n<li>Inscri&ccedil;&atilde;o no Cadastro &Uacute;nico para Programas Sociais do Governo Federal (Cad&Uacute;nico), devendo indicar o N&uacute;mero de Identifica&ccedil;&atilde;o Social &ndash; NIS; ou<\/li>\n\n\n\n<li>Comprovar ser membro de fam&iacute;lia de baixa renda, nos termos do Decreto n&ordm; 6.135\/2007.<\/li>\n<\/ol><p>Em qualquer das situa&ccedil;&otilde;es acima o candidato precisou <strong>comprovar que n&atilde;o custeou, com recursos pr&oacute;prios, curso preparat&oacute;rio para o processo seletivo de resid&ecirc;ncia m&eacute;dica<\/strong> e, ainda, ter realizado a gradua&ccedil;&atilde;o em Medicina em uma<strong> institui&ccedil;&atilde;o p&uacute;blica<\/strong> ou ter sido <strong>aluno bolsista<\/strong> de bolsa de estudo oficial.<\/p><p>Para conferir o&nbsp;<strong>resultado da pr&eacute;-inscri&ccedil;&atilde;o<\/strong>&nbsp;(<strong>solicita&ccedil;&atilde;o de isen&ccedil;&atilde;o<\/strong>) para o seletivo da&nbsp;<strong>USP SP<\/strong>, o candidato deve inserir o CPF&nbsp;<a target=\"_blank\" href=\"https:\/\/www.tekyou.com.br\/fmusp\/selecao2022\/pre-inscricao_consulta1.php\">no site de consultas<\/a>&nbsp;da Plataforma Tekyou e confirmar se sua solicita&ccedil;&atilde;o foi aceita.<\/p><h2 class=\"wp-block-heading\" id=\"h-concorrencia-na-residencia-medica-usp-sp-2022\"><span class=\"ez-toc-section\" id=\"Concorrencia-na-Residencia-Medica-USP-SP-2022\"><\/span>Concorr&ecirc;ncia na Resid&ecirc;ncia M&eacute;dica USP-SP 2022<span class=\"ez-toc-section-end\"><\/span><\/h2><p>O seletivo para Resid&ecirc;ncia M&eacute;dica da USP-SP 2022 conta com um total de <strong>8.042 inscritos<\/strong>, desse n&uacute;mero, <strong>6.142 est&atilde;o concorrendo &agrave;s especialidades de Acesso Direto<\/strong>. Confira a rela&ccedil;&atilde;o candidato\/vaga das especialidades da USP-SP 2022:<\/p><h3 class=\"wp-block-heading\" id=\"h-acesso-direto-1\">Acesso Direto<\/h3><figure class=\"wp-block-table is-style-stripes\"><table class=\"has-light-green-cyan-to-vivid-green-cyan-gradient-background has-background\"><tbody><tr><td class=\"has-text-align-left\" data-align=\"left\"><strong>Especialidade<\/strong><\/td><td><strong>Inscritos<\/strong><\/td><td><strong>Vagas<\/strong><\/td><td><strong>Concorr&ecirc;ncia<\/strong><\/td><\/tr><tr><td class=\"has-text-align-left\" data-align=\"left\">NEUROCIRURGIA<\/td><td>195<\/td><td>4<\/td><td>48,75<\/td><\/tr><tr><td class=\"has-text-align-left\" data-align=\"left\">OTORRINOLARINGOLOGIA<\/td><td>213<\/td><td>6<\/td><td>35,5<\/td><\/tr><tr><td class=\"has-text-align-left\" data-align=\"left\">OBSTETRICIA E GINECOLOGIA<\/td><td>496<\/td><td>14<\/td><td>35,43<\/td><\/tr><tr><td class=\"has-text-align-left\" data-align=\"left\">DERMATOLOGIA<\/td><td>317<\/td><td>10<\/td><td>31,7<\/td><\/tr><tr><td class=\"has-text-align-left\" data-align=\"left\">PSIQUIATRIA<\/td><td>471<\/td><td>19<\/td><td>24,79<\/td><\/tr><tr><td class=\"has-text-align-left\" data-align=\"left\">CIRURGIA CARDIOVASCULAR<\/td><td>97<\/td><td>4<\/td><td>24,25<\/td><\/tr><tr><td class=\"has-text-align-left\" data-align=\"left\">NEUROLOGIA<\/td><td>251<\/td><td>11<\/td><td>22,82<\/td><\/tr><tr><td class=\"has-text-align-left\" data-align=\"left\">MEDICINA ESPORTIVA<\/td><td>107<\/td><td>5<\/td><td>21,4<\/td><\/tr><tr><td class=\"has-text-align-left\" data-align=\"left\">OFTALMOLOGIA<\/td><td>279<\/td><td>14<\/td><td>19,93<\/td><\/tr><tr><td class=\"has-text-align-left\" data-align=\"left\">CLINICA MEDICA<\/td><td>1040<\/td><td>54<\/td><td>19,26<\/td><\/tr><tr><td class=\"has-text-align-left\" data-align=\"left\">MEDICINA INTENSIVA<\/td><td>152<\/td><td>10<\/td><td>15,2<\/td><\/tr><tr><td class=\"has-text-align-left\" data-align=\"left\">ANESTESIOLOGIA<\/td><td>480<\/td><td>32<\/td><td>15<\/td><\/tr><tr><td class=\"has-text-align-left\" data-align=\"left\">ORTOPEDIA E TRAUMATOLOGIA<\/td><td>176<\/td><td>14<\/td><td>12,57<\/td><\/tr><tr><td class=\"has-text-align-left\" data-align=\"left\">INFECTOLOGIA<\/td><td>91<\/td><td>8<\/td><td>11,38<\/td><\/tr><tr><td class=\"has-text-align-left\" data-align=\"left\">PEDIATRIA<\/td><td>357<\/td><td>35<\/td><td>10,2<\/td><\/tr><tr><td class=\"has-text-align-left\" data-align=\"left\">RADIOLOGIA E DIAGNOSTICO POR IMAGEM<\/td><td>201<\/td><td>20<\/td><td>10,05<\/td><\/tr><tr><td class=\"has-text-align-left\" data-align=\"left\">MEDICINA DE EMERGENCIA<\/td><td>188<\/td><td>20<\/td><td>9,4<\/td><\/tr><tr><td class=\"has-text-align-left\" data-align=\"left\">MEDICINA DE FAMILIA E COMUNIDADE<\/td><td>94<\/td><td>10<\/td><td>9,4<\/td><\/tr><tr><td class=\"has-text-align-left\" data-align=\"left\">ACUPUNTURA<\/td><td>9<\/td><td>1<\/td><td>9<\/td><\/tr><tr><td class=\"has-text-align-left\" data-align=\"left\">GENETICA MEDICA<\/td><td>40<\/td><td>5<\/td><td>8<\/td><\/tr><tr><td class=\"has-text-align-left\" data-align=\"left\">MEDICINA PREVENTIVA E SOCIAL<\/td><td>39<\/td><td>5<\/td><td>7,8<\/td><\/tr><tr><td class=\"has-text-align-left\" data-align=\"left\">MEDICINA DO TRABALHO<\/td><td>15<\/td><td>2<\/td><td>7,5<\/td><\/tr><tr><td class=\"has-text-align-left\" data-align=\"left\">PATOLOGIA<\/td><td>47<\/td><td>8<\/td><td>5,88<\/td><\/tr><tr><td class=\"has-text-align-left\" data-align=\"left\">MEDICINA LEGAL E PERICIA MEDICA<\/td><td>20<\/td><td>5<\/td><td>4<\/td><\/tr><tr><td class=\"has-text-align-left\" data-align=\"left\">MEDICINA FISICA E REABILITACAO<\/td><td>39<\/td><td>10<\/td><td>3,9<\/td><\/tr><tr><td class=\"has-text-align-left\" data-align=\"left\">MEDICINA NUCLEAR<\/td><td>15<\/td><td>5<\/td><td>3<\/td><\/tr><tr><td class=\"has-text-align-left\" data-align=\"left\">RADIOTERAPIA<\/td><td>11<\/td><td>4<\/td><td>2,75<\/td><\/tr><tr><td class=\"has-text-align-left\" data-align=\"left\">PATOLOGIA CLINICA \/ MEDICINA LABORATORIAL<\/td><td>4<\/td><td>2<\/td><td>2<\/td><\/tr><tr><td class=\"has-text-align-left\" data-align=\"left\"><\/td><td>4<\/td><td>2<\/td><td>2<\/td><\/tr><\/tbody><\/table><\/figure><p>Uma novidade para 2022: a especialidade de <strong>Medicina Esportiva<\/strong> entrou no<strong> top 10 de especialidades mais concorridas da USP-SP<\/strong> e agora ocupa o <strong>9&ordm; lugar<\/strong>, acima at&eacute; mesmo de <strong>Cirurgia Pl&aacute;stica<\/strong>. Essa mudan&ccedil;a fez com que a especialidade de<strong> Cl&iacute;nica M&eacute;dica sa&iacute;sse da lista das 10 especialidades mais concorridas<\/strong> da institui&ccedil;&atilde;o.<\/p><h3 class=\"wp-block-heading\" id=\"h-especialidades-clinicas\">Especialidades Cl&iacute;nicas<\/h3><figure class=\"wp-block-table is-style-stripes\"><table class=\"has-light-green-cyan-to-vivid-green-cyan-gradient-background has-background\"><thead><tr><th> Especialidade <\/th><th class=\"has-text-align-center\" data-align=\"center\"> Inscritos <\/th><th class=\"has-text-align-center\" data-align=\"center\"> Vagas <\/th><th class=\"has-text-align-center\" data-align=\"center\"> Rela&ccedil;&atilde;o <\/th><\/tr><\/thead><tbody><tr><td>GASTROENTEROLOGIA<\/td><td class=\"has-text-align-center\" data-align=\"center\">77<\/td><td class=\"has-text-align-center\" data-align=\"center\">8<\/td><td class=\"has-text-align-center\" data-align=\"center\">9,63<\/td><\/tr><tr><td>ENDOCRINOLOGIA<\/td><td class=\"has-text-align-center\" data-align=\"center\">93<\/td><td class=\"has-text-align-center\" data-align=\"center\">10<\/td><td class=\"has-text-align-center\" data-align=\"center\">9,3<\/td><\/tr><tr><td>NEFROLOGIA<\/td><td class=\"has-text-align-center\" data-align=\"center\">89<\/td><td class=\"has-text-align-center\" data-align=\"center\">12<\/td><td class=\"has-text-align-center\" data-align=\"center\">7,42<\/td><\/tr><tr><td>ONCOLOGIA CLINICA<\/td><td class=\"has-text-align-center\" data-align=\"center\">97<\/td><td class=\"has-text-align-center\" data-align=\"center\">14<\/td><td class=\"has-text-align-center\" data-align=\"center\">6,93<\/td><\/tr><tr><td>GERIATRIA<\/td><td class=\"has-text-align-center\" data-align=\"center\">102<\/td><td class=\"has-text-align-center\" data-align=\"center\">16<\/td><td class=\"has-text-align-center\" data-align=\"center\">6,38<\/td><\/tr><tr><td>HEMATOLOGIA E HEMOTERAPIA<\/td><td class=\"has-text-align-center\" data-align=\"center\">74<\/td><td class=\"has-text-align-center\" data-align=\"center\">12<\/td><td class=\"has-text-align-center\" data-align=\"center\">6,17<\/td><\/tr><tr><td>CARDIOLOGIA<\/td><td class=\"has-text-align-center\" data-align=\"center\">248<\/td><td class=\"has-text-align-center\" data-align=\"center\">52<\/td><td class=\"has-text-align-center\" data-align=\"center\">4,77<\/td><\/tr><tr><td>PNEUMOLOGIA<\/td><td class=\"has-text-align-center\" data-align=\"center\">41<\/td><td class=\"has-text-align-center\" data-align=\"center\">9<\/td><td class=\"has-text-align-center\" data-align=\"center\">4,56<\/td><\/tr><tr><td>REUMATOLOGIA<\/td><td class=\"has-text-align-center\" data-align=\"center\">40<\/td><td class=\"has-text-align-center\" data-align=\"center\">12<\/td><td class=\"has-text-align-center\" data-align=\"center\">3,33<\/td><\/tr><tr><td>CLINICA MEDICA &ndash; ANO ADICIONAL<\/td><td class=\"has-text-align-center\" data-align=\"center\">26<\/td><td class=\"has-text-align-center\" data-align=\"center\">10<\/td><td class=\"has-text-align-center\" data-align=\"center\">2,6<\/td><\/tr><tr><td>ALERGIA E IMUNOLOGIA<\/td><td class=\"has-text-align-center\" data-align=\"center\">5<\/td><td class=\"has-text-align-center\" data-align=\"center\">3<\/td><td class=\"has-text-align-center\" data-align=\"center\">1,67<\/td><\/tr><\/tbody><\/table><\/figure><h3 class=\"wp-block-heading\" id=\"h-especialidades-cirurgicas\">Especialidades Cir&uacute;rgicas<\/h3><figure class=\"wp-block-table is-style-stripes\"><table class=\"has-light-green-cyan-to-vivid-green-cyan-gradient-background has-background\"><thead><tr><th> Especialidade <\/th><th class=\"has-text-align-center\" data-align=\"center\"> Inscritos <\/th><th class=\"has-text-align-center\" data-align=\"center\"> Vagas <\/th><th class=\"has-text-align-center\" data-align=\"center\"> Rela&ccedil;&atilde;o <\/th><\/tr><\/thead><tbody><tr><td>CIRURGIA PLASTICA<\/td><td class=\"has-text-align-center\" data-align=\"center\">145<\/td><td class=\"has-text-align-center\" data-align=\"center\">7<\/td><td class=\"has-text-align-center\" data-align=\"center\">20,71<\/td><\/tr><tr><td>CIRURGIA PEDIATRICA<\/td><td class=\"has-text-align-center\" data-align=\"center\">17<\/td><td class=\"has-text-align-center\" data-align=\"center\">1<\/td><td class=\"has-text-align-center\" data-align=\"center\">17<\/td><\/tr><tr><td>COLOPROCTOLOGIA<\/td><td class=\"has-text-align-center\" data-align=\"center\">15<\/td><td class=\"has-text-align-center\" data-align=\"center\">1<\/td><td class=\"has-text-align-center\" data-align=\"center\">15<\/td><\/tr><tr><td>CIRURGIA VASCULAR<\/td><td class=\"has-text-align-center\" data-align=\"center\">53<\/td><td class=\"has-text-align-center\" data-align=\"center\">4<\/td><td class=\"has-text-align-center\" data-align=\"center\">13,25<\/td><\/tr><tr><td>UROLOGIA<\/td><td class=\"has-text-align-center\" data-align=\"center\">58<\/td><td class=\"has-text-align-center\" data-align=\"center\">5<\/td><td class=\"has-text-align-center\" data-align=\"center\">11,6<\/td><\/tr><tr><td>CIRURGIA DO APARELHO DIGESTIVO<\/td><td class=\"has-text-align-center\" data-align=\"center\">77<\/td><td class=\"has-text-align-center\" data-align=\"center\">7<\/td><td class=\"has-text-align-center\" data-align=\"center\">11<\/td><\/tr><tr><td>CIRURGIA TORACICA<\/td><td class=\"has-text-align-center\" data-align=\"center\">38<\/td><td class=\"has-text-align-center\" data-align=\"center\">6<\/td><td class=\"has-text-align-center\" data-align=\"center\">8,33<\/td><\/tr><\/tbody><\/table><\/figure><h3 class=\"wp-block-heading\" id=\"h-especialidades-pediatricas\">Especialidades Pedi&aacute;tricas<\/h3><figure class=\"wp-block-table is-style-stripes\"><table class=\"has-light-green-cyan-to-vivid-green-cyan-gradient-background has-background\"><thead><tr><th> Especialidade <\/th><th class=\"has-text-align-center\" data-align=\"center\"> Inscritos <\/th><th class=\"has-text-align-center\" data-align=\"center\"> Vagas <\/th><th class=\"has-text-align-center\" data-align=\"center\"> Rela&ccedil;&atilde;o <\/th><\/tr><\/thead><tbody><tr><td>ENDOCRINOLOGIA PEDIATRICA<\/td><td class=\"has-text-align-center\" data-align=\"center\">23<\/td><td class=\"has-text-align-center\" data-align=\"center\">2<\/td><td class=\"has-text-align-center\" data-align=\"center\">11,5<\/td><\/tr><tr><td>REUMATOLOGIA PEDIATRICA<\/td><td class=\"has-text-align-center\" data-align=\"center\">10<\/td><td class=\"has-text-align-center\" data-align=\"center\">1<\/td><td class=\"has-text-align-center\" data-align=\"center\">10<\/td><\/tr><tr><td>MEDICINA DO ADOLESCENTE<\/td><td class=\"has-text-align-center\" data-align=\"center\">7<\/td><td class=\"has-text-align-center\" data-align=\"center\">1<\/td><td class=\"has-text-align-center\" data-align=\"center\">7<\/td><\/tr><tr><td>NEUROLOGIA PEDIATRICA<\/td><td class=\"has-text-align-center\" data-align=\"center\">31<\/td><td class=\"has-text-align-center\" data-align=\"center\">5<\/td><td class=\"has-text-align-center\" data-align=\"center\">6,2<\/td><\/tr><tr><td>MEDICINA INTENSIVA PEDIATRICA<\/td><td class=\"has-text-align-center\" data-align=\"center\">24<\/td><td class=\"has-text-align-center\" data-align=\"center\">6<\/td><td class=\"has-text-align-center\" data-align=\"center\">4<\/td><\/tr><tr><td>ONCOLOGIA PEDIATRICA<\/td><td class=\"has-text-align-center\" data-align=\"center\">19<\/td><td class=\"has-text-align-center\" data-align=\"center\">5<\/td><td class=\"has-text-align-center\" data-align=\"center\">3,8<\/td><\/tr><tr><td>ALERGIA E IMUNOLOGIA PEDIATRICA<\/td><td class=\"has-text-align-center\" data-align=\"center\">7<\/td><td class=\"has-text-align-center\" data-align=\"center\">2<\/td><td class=\"has-text-align-center\" data-align=\"center\">3,5<\/td><\/tr><tr><td>CARDIOLOGIA PEDIATRICA<\/td><td class=\"has-text-align-center\" data-align=\"center\">39<\/td><td class=\"has-text-align-center\" data-align=\"center\">12<\/td><td class=\"has-text-align-center\" data-align=\"center\">3,25<\/td><\/tr><tr><td>HEMATOLOGIA-HEMOTERAPIA PEDIATRICA<\/td><td class=\"has-text-align-center\" data-align=\"center\">6<\/td><td class=\"has-text-align-center\" data-align=\"center\">2<\/td><td class=\"has-text-align-center\" data-align=\"center\">3<\/td><\/tr><tr><td>GASTROENTEROLOGIA PEDIATRICA<\/td><td class=\"has-text-align-center\" data-align=\"center\">5<\/td><td class=\"has-text-align-center\" data-align=\"center\">2<\/td><td class=\"has-text-align-center\" data-align=\"center\">2,5<\/td><\/tr><tr><td>NEONATOLOGIA<\/td><td class=\"has-text-align-center\" data-align=\"center\">34<\/td><td class=\"has-text-align-center\" data-align=\"center\">20<\/td><td class=\"has-text-align-center\" data-align=\"center\">1,7<\/td><\/tr><tr><td>INFECTOLOGIA PEDIATRICA<\/td><td class=\"has-text-align-center\" data-align=\"center\">5<\/td><td class=\"has-text-align-center\" data-align=\"center\">3<\/td><td class=\"has-text-align-center\" data-align=\"center\">1,67<\/td><\/tr><tr><td>NEFROLOGIA PEDIATRICA<\/td><td class=\"has-text-align-center\" data-align=\"center\">11<\/td><td class=\"has-text-align-center\" data-align=\"center\">7<\/td><td class=\"has-text-align-center\" data-align=\"center\">1,57<\/td><\/tr><tr><td>EMERGENCIA PEDIATRICA<\/td><td class=\"has-text-align-center\" data-align=\"center\">7<\/td><td class=\"has-text-align-center\" data-align=\"center\">5<\/td><td class=\"has-text-align-center\" data-align=\"center\">1,4<\/td><\/tr><tr><td>TRANSPLANTE DE RIM<\/td><td class=\"has-text-align-center\" data-align=\"center\">2<\/td><td class=\"has-text-align-center\" data-align=\"center\">2<\/td><td class=\"has-text-align-center\" data-align=\"center\">1<\/td><\/tr><tr><td>PNEUMOLOGIA PEDIATRICA<\/td><td class=\"has-text-align-center\" data-align=\"center\">1<\/td><td class=\"has-text-align-center\" data-align=\"center\">3<\/td><td class=\"has-text-align-center\" data-align=\"center\">0,33<\/td><\/tr><\/tbody><\/table><\/figure><h3 class=\"wp-block-heading\" id=\"h-demais-especialidades\">Demais Especialidades<\/h3><figure class=\"wp-block-table is-style-stripes\"><table class=\"has-light-green-cyan-to-vivid-green-cyan-gradient-background has-background\"><thead><tr><th> Especialidade <\/th><th class=\"has-text-align-center\" data-align=\"center\"> Inscritos <\/th><th class=\"has-text-align-center\" data-align=\"center\"> Vagas <\/th><th class=\"has-text-align-center\" data-align=\"center\"> Rela&ccedil;&atilde;o <\/th><\/tr><\/thead><tbody><tr><td>CIRURGIA DA MAO<\/td><td class=\"has-text-align-center\" data-align=\"center\">41<\/td><td class=\"has-text-align-center\" data-align=\"center\">4<\/td><td class=\"has-text-align-center\" data-align=\"center\">10,25<\/td><\/tr><tr><td>ENDOSCOPIA<\/td><td class=\"has-text-align-center\" data-align=\"center\">42<\/td><td class=\"has-text-align-center\" data-align=\"center\">8<\/td><td class=\"has-text-align-center\" data-align=\"center\">5,25<\/td><\/tr><tr><td>CIRURGIA DE CABECA E PESCOCO<\/td><td class=\"has-text-align-center\" data-align=\"center\">23<\/td><td class=\"has-text-align-center\" data-align=\"center\">5<\/td><td class=\"has-text-align-center\" data-align=\"center\">4,6<\/td><\/tr><tr><td>NUTROLOGIA<\/td><td class=\"has-text-align-center\" data-align=\"center\">8<\/td><td class=\"has-text-align-center\" data-align=\"center\">2<\/td><td class=\"has-text-align-center\" data-align=\"center\">4<\/td><\/tr><tr><td>MASTOLOGIA<\/td><td class=\"has-text-align-center\" data-align=\"center\">12<\/td><td class=\"has-text-align-center\" data-align=\"center\">5<\/td><td class=\"has-text-align-center\" data-align=\"center\">2,4<\/td><\/tr><\/tbody><\/table><\/figure><h3 class=\"wp-block-heading\" id=\"h-anos-adicionais-e-areas-de-atuacao\">Anos Adicionais e &Aacute;reas de Atua&ccedil;&atilde;o<\/h3><figure class=\"wp-block-table is-style-stripes\"><table class=\"has-light-green-cyan-to-vivid-green-cyan-gradient-background has-background\"><thead><tr><th> Especialidade <\/th><th class=\"has-text-align-center\" data-align=\"center\"> Inscritos <\/th><th class=\"has-text-align-center\" data-align=\"center\"> Vagas <\/th><th class=\"has-text-align-center\" data-align=\"center\"> Rela&ccedil;&atilde;o <\/th><\/tr><\/thead><tbody><tr><td>NEURORRADIOLOGIA<\/td><td class=\"has-text-align-center\" data-align=\"center\">12<\/td><td class=\"has-text-align-center\" data-align=\"center\">1<\/td><td class=\"has-text-align-center\" data-align=\"center\">12<\/td><\/tr><tr><td>ENDOSCOPIA GINECOLOGICA<\/td><td class=\"has-text-align-center\" data-align=\"center\">20<\/td><td class=\"has-text-align-center\" data-align=\"center\">2<\/td><td class=\"has-text-align-center\" data-align=\"center\">10<\/td><\/tr><tr><td>MEDICINA FETAL<\/td><td class=\"has-text-align-center\" data-align=\"center\">33<\/td><td class=\"has-text-align-center\" data-align=\"center\">4<\/td><td class=\"has-text-align-center\" data-align=\"center\">8,25<\/td><\/tr><tr><td>OBSTETRICIA E GINECOLOGIA &ndash; ANO ADICIONAL<\/td><td class=\"has-text-align-center\" data-align=\"center\">7<\/td><td class=\"has-text-align-center\" data-align=\"center\">1<\/td><td class=\"has-text-align-center\" data-align=\"center\">7<\/td><\/tr><tr><td>TRANSPLANTE DE MEDULA OSSEA<\/td><td class=\"has-text-align-center\" data-align=\"center\">11<\/td><td class=\"has-text-align-center\" data-align=\"center\">2<\/td><td class=\"has-text-align-center\" data-align=\"center\">5,5<\/td><\/tr><tr><td>PSIQUIATRIA DA INFANCIA E ADOLESCENCIA<\/td><td class=\"has-text-align-center\" data-align=\"center\">32<\/td><td class=\"has-text-align-center\" data-align=\"center\">6<\/td><td class=\"has-text-align-center\" data-align=\"center\">5,33<\/td><\/tr><tr><td>ENDOCRINOLOGIA &ndash; ANO ADICIONAL<\/td><td class=\"has-text-align-center\" data-align=\"center\">5<\/td><td class=\"has-text-align-center\" data-align=\"center\">1<\/td><td class=\"has-text-align-center\" data-align=\"center\">5<\/td><\/tr><tr><td>PSICOGERIATRIA<\/td><td class=\"has-text-align-center\" data-align=\"center\">15<\/td><td class=\"has-text-align-center\" data-align=\"center\">3<\/td><td class=\"has-text-align-center\" data-align=\"center\">5<\/td><\/tr><tr><td>PSIQUIATRIA &ndash; ANO ADICIONAL<\/td><td class=\"has-text-align-center\" data-align=\"center\">5<\/td><td class=\"has-text-align-center\" data-align=\"center\">1<\/td><td class=\"has-text-align-center\" data-align=\"center\">5<\/td><\/tr><tr><td>PSIQUIATRIA FORENSE<\/td><td class=\"has-text-align-center\" data-align=\"center\">5<\/td><td class=\"has-text-align-center\" data-align=\"center\">1<\/td><td class=\"has-text-align-center\" data-align=\"center\">5<\/td><\/tr><tr><td>MEDICINA PALIATIVA<\/td><td class=\"has-text-align-center\" data-align=\"center\">34<\/td><td class=\"has-text-align-center\" data-align=\"center\">8<\/td><td class=\"has-text-align-center\" data-align=\"center\">4,25<\/td><\/tr><tr><td>CIRURGIA GERAL &ndash; AVANCADO<\/td><td class=\"has-text-align-center\" data-align=\"center\">14<\/td><td class=\"has-text-align-center\" data-align=\"center\">4<\/td><td class=\"has-text-align-center\" data-align=\"center\">3,5<\/td><\/tr><tr><td>ENDOSCOPIA DIGESTIVA<\/td><td class=\"has-text-align-center\" data-align=\"center\">7<\/td><td class=\"has-text-align-center\" data-align=\"center\">2<\/td><td class=\"has-text-align-center\" data-align=\"center\">3,5<\/td><\/tr><tr><td>PSICOTERAPIA<\/td><td class=\"has-text-align-center\" data-align=\"center\">9<\/td><td class=\"has-text-align-center\" data-align=\"center\">3<\/td><td class=\"has-text-align-center\" data-align=\"center\">3<\/td><\/tr><tr><td>TRANSPLANTE DE CORACAO (CARDIOLOGIA)<\/td><td class=\"has-text-align-center\" data-align=\"center\">9<\/td><td class=\"has-text-align-center\" data-align=\"center\">3<\/td><td class=\"has-text-align-center\" data-align=\"center\">3<\/td><\/tr><tr><td>TRANSPLANTE DE PULMAO (CIR TORACICA)<\/td><td class=\"has-text-align-center\" data-align=\"center\">3<\/td><td class=\"has-text-align-center\" data-align=\"center\">1<\/td><td class=\"has-text-align-center\" data-align=\"center\">3<\/td><\/tr><tr><td>PATOLOGIA CLINICA \/ MEDICINA LABORATORIAL &ndash; ANO ADICIONAL<\/td><td class=\"has-text-align-center\" data-align=\"center\">2<\/td><td class=\"has-text-align-center\" data-align=\"center\">1<\/td><td class=\"has-text-align-center\" data-align=\"center\">2<\/td><\/tr><tr><td>TRANSPLANTE DE FIGADO (CIR DO AP DIGEST)<\/td><td class=\"has-text-align-center\" data-align=\"center\">4<\/td><td class=\"has-text-align-center\" data-align=\"center\">2<\/td><td class=\"has-text-align-center\" data-align=\"center\">2<\/td><\/tr><tr><td>TRANSPLANTE DE PULMAO (PNEUMOLOGIA)<\/td><td class=\"has-text-align-center\" data-align=\"center\">2<\/td><td class=\"has-text-align-center\" data-align=\"center\">1<\/td><td class=\"has-text-align-center\" data-align=\"center\">2<\/td><\/tr><tr><td>MEDICINA DO SONO<\/td><td class=\"has-text-align-center\" data-align=\"center\">11<\/td><td class=\"has-text-align-center\" data-align=\"center\">6<\/td><td class=\"has-text-align-center\" data-align=\"center\">1,83<\/td><\/tr><tr><td>TRANSPLANTE DE RIM (NEFROLOGIA)<\/td><td class=\"has-text-align-center\" data-align=\"center\">3<\/td><td class=\"has-text-align-center\" data-align=\"center\">2<\/td><td class=\"has-text-align-center\" data-align=\"center\">1,5<\/td><\/tr><tr><td>ALERGIA E IMUNOLOGIA &ndash; ANO ADICIONAL<\/td><td class=\"has-text-align-center\" data-align=\"center\">1<\/td><td class=\"has-text-align-center\" data-align=\"center\">1<\/td><td class=\"has-text-align-center\" data-align=\"center\">1<\/td><\/tr><tr><td>MEDICINA TROPICAL<\/td><td class=\"has-text-align-center\" data-align=\"center\">2<\/td><td class=\"has-text-align-center\" data-align=\"center\">2<\/td><td class=\"has-text-align-center\" data-align=\"center\">1<\/td><\/tr><tr><td>TRANSPLANTE DE FIGADO (CIR PEDIATRICA)<\/td><td class=\"has-text-align-center\" data-align=\"center\">1<\/td><td class=\"has-text-align-center\" data-align=\"center\">1<\/td><td class=\"has-text-align-center\" data-align=\"center\">1<\/td><\/tr><tr><td>HEPATOLOGIA<\/td><td class=\"has-text-align-center\" data-align=\"center\">1<\/td><td class=\"has-text-align-center\" data-align=\"center\">3<\/td><td class=\"has-text-align-center\" data-align=\"center\">0,33<\/td><\/tr><tr><td>MEDICINA NUCLEAR &ndash; ANO ADICIONAL<\/td><td class=\"has-text-align-center\" data-align=\"center\">0<\/td><td class=\"has-text-align-center\" data-align=\"center\">3<\/td><td class=\"has-text-align-center\" data-align=\"center\">0<\/td><\/tr><tr><td>TRANSPLANTE DE CORACAO (CIR CARDIOVASC)<\/td><td class=\"has-text-align-center\" data-align=\"center\">0<\/td><td class=\"has-text-align-center\" data-align=\"center\">2<\/td><td class=\"has-text-align-center\" data-align=\"center\">0<\/td><\/tr><tr><td>TRANSPLANTE DE FIGADO (GASTROENTEROLOG)<\/td><td class=\"has-text-align-center\" data-align=\"center\">0<\/td><td class=\"has-text-align-center\" data-align=\"center\">2<\/td><td class=\"has-text-align-center\" data-align=\"center\">0<\/td><\/tr><tr><td>TRANSPLANTE DE RIM (UROLOGIA)<\/td><td class=\"has-text-align-center\" data-align=\"center\">0<\/td><td class=\"has-text-align-center\" data-align=\"center\">2<\/td><td class=\"has-text-align-center\" data-align=\"center\">0<\/td><\/tr><\/tbody><\/table><\/figure><p>Veja tamb&eacute;m: <a href=\"https:\/\/med.estrategia.com\/portal\/residencia-medica\/especialidades-medicas-mais-concorridas-top-10\/\" target=\"_blank\">Top 10 especialidades m&eacute;dicas mais concorridas!<\/a><\/p><h2 class=\"wp-block-heading\" id=\"h-processo-seletivo-da-residencia-usp-sp-2022\"><span class=\"ez-toc-section\" id=\"Processo-Seletivo-da-Residencia-USP-SP-2022\"><\/span><strong>Processo Seletivo da Resid&ecirc;ncia USP SP 2022<\/strong><span class=\"ez-toc-section-end\"><\/span><\/h2><p>O seletivo foi composto de <strong>duas fases<\/strong>. A <strong>1&ordf; fase constitu&iacute;da pela Prova Objetiva <\/strong>e a <strong>2&ordf;<\/strong> <strong>fase<\/strong> composta pela<strong> An&aacute;lise Curricular e Entrevista<\/strong>. Confira mais detalhes de cada uma:<\/p><h3 class=\"wp-block-heading\" id=\"h-prova-objetiva-1&ordf;-fase\"><strong>Prova Objetiva (1&ordf; fase)<\/strong><\/h3><p>A prova objetiva da USP SP &eacute; a 1&ordf; fase do processo seletivo e aconteceu no dia <strong>27 de novembro de 2021<\/strong>. Essa etapa possui <strong>car&aacute;ter classificat&oacute;rio e eliminat&oacute;rio<\/strong>, al&eacute;m de ser pontuada entre <strong>0 e 100 e ter peso 9 na nota final<\/strong>.<\/p><p>A prova foi composta de <strong>100 quest&otilde;es de m&uacute;ltipla escolha<\/strong> para as<strong> especialidades de acesso direto e pr&eacute;-requisito. <\/strong>J&aacute; para as<strong> especialidades de anos adicionais e &aacute;reas de atua&ccedil;&atilde;o, a prova contou com 20 quest&otilde;es<\/strong>. Todas as quest&otilde;es possu&iacute;am<strong> 4 alternativas, modelo ABCD<\/strong> e apenas 1 correta.<\/p><p>Confira abaixo o tempo de dura&ccedil;&atilde;o das provas e o tempo m&iacute;nimo que o candidato ficou na sala:<\/p><figure class=\"wp-block-table is-style-stripes\"><table class=\"has-light-green-cyan-to-vivid-green-cyan-gradient-background has-background has-fixed-layout\"><thead><tr><th class=\"has-text-align-center\" data-align=\"center\"> <strong>Especialidade<\/strong> <\/th><th class=\"has-text-align-center\" data-align=\"center\"> <strong>Dura&ccedil;&atilde;o da Prova<\/strong> <\/th><th class=\"has-text-align-center\" data-align=\"center\"> <strong>Tempo M&iacute;nimo<\/strong> <\/th><\/tr><\/thead><tbody><tr><td class=\"has-text-align-center\" data-align=\"center\">Acesso Direto<\/td><td class=\"has-text-align-center\" data-align=\"center\">4 horas<\/td><td class=\"has-text-align-center\" data-align=\"center\">2 horas<\/td><\/tr><tr><td class=\"has-text-align-center\" data-align=\"center\">Pr&eacute;-Requisito<\/td><td class=\"has-text-align-center\" data-align=\"center\">4 horas<\/td><td class=\"has-text-align-center\" data-align=\"center\">2 horas<\/td><\/tr><tr><td class=\"has-text-align-center\" data-align=\"center\">&Aacute;reas de Atua&ccedil;&atilde;o<\/td><td class=\"has-text-align-center\" data-align=\"center\">2 horas<\/td><td class=\"has-text-align-center\" data-align=\"center\">1 hora<\/td><\/tr><tr><td class=\"has-text-align-center\" data-align=\"center\">Anos Adicionais<\/td><td class=\"has-text-align-center\" data-align=\"center\">2 horas<\/td><td class=\"has-text-align-center\" data-align=\"center\">1 hora<\/td><\/tr><\/tbody><\/table><\/figure><p>Apenas puderam <strong>sair com o caderno de quest&otilde;es<\/strong> os candidatos que ficaram at&eacute; <strong>o hor&aacute;rio oficial de encerramento da prova.<\/strong><\/p><p>Para a Prova Objetiva, os port&otilde;es foram abertos &agrave;s <strong>11h30 e fechados &agrave;s 12h50<\/strong>. J&aacute; a prova teve in&iacute;cio &agrave;s <strong>13h<\/strong>. No dia <strong>11 de novembro de 2021<\/strong> foi divulgado o <a target=\"_blank\" href=\"https:\/\/www.tekyou.com.br\/fmusp\/selecao2022\/login_candidato1.php\"><strong>local de prova<\/strong><\/a> dos candidatos.<\/p><div class=\"wp-block-buttons is-horizontal is-content-justification-center is-layout-flex wp-container-core-buttons-is-layout-2 wp-block-buttons-is-layout-flex\">\n<div class=\"wp-block-button\"><a class=\"wp-block-button__link has-light-green-cyan-to-vivid-green-cyan-gradient-background has-background wp-element-button\" href=\"https:\/\/med.estrategia.com\/portal\/wp-content\/uploads\/2021\/12\/FMUSP22-Acesso_Direto-gabarito.pdf\" target=\"_blank\">Confira aqui o gabarito definitivo de Acesso Direto!<\/a><\/div>\n<\/div><div class=\"wp-block-buttons is-horizontal is-content-justification-center is-layout-flex wp-container-core-buttons-is-layout-3 wp-block-buttons-is-layout-flex\">\n<div class=\"wp-block-button\"><a class=\"wp-block-button__link has-light-green-cyan-to-vivid-green-cyan-gradient-background has-background wp-element-button\" href=\"https:\/\/med.estrategia.com\/portal\/wp-content\/uploads\/2021\/11\/FMUSP22-Acesso_Direto-prova.pdf\" target=\"_blank\">Baixe a prova de acesso direto!<\/a><\/div>\n<\/div><p>O candidato teve 1 dia &uacute;til ap&oacute;s a divulga&ccedil;&atilde;o do gabarito para interpor recursos. Os&nbsp;<strong>professores do Estrat&eacute;gia MED&nbsp;<\/strong>prepararam&nbsp;<strong>modelos de recurso<\/strong>&nbsp;para os candidatos que prestaram o seletivo.&nbsp;<strong>Clique no bot&atilde;o<\/strong>&nbsp;a seguir e confira!<\/p><div class=\"wp-block-buttons is-horizontal is-content-justification-center is-layout-flex wp-container-core-buttons-is-layout-4 wp-block-buttons-is-layout-flex\">\n<div class=\"wp-block-button\"><a class=\"wp-block-button__link has-light-green-cyan-to-vivid-green-cyan-gradient-background has-background wp-element-button\" href=\"https:\/\/med.estrategia.com\/portal\/wp-content\/uploads\/2021\/11\/recursos-usp.zip\" target=\"_blank\">Recursos USP-SP 2022 EMED <\/a><\/div>\n<\/div><p>Ap&oacute;s recursos contra o gabarito preliminar e contra o resultado preliminar, <strong>foi divulgado no dia 7 de dezembro o resultado final da primeira fase<\/strong>! Confira os convocados para a 2&ordf; etapa<strong> clicando no bot&atilde;o<\/strong> abaixo!<\/p><div class=\"wp-block-buttons is-horizontal is-content-justification-center is-layout-flex wp-container-core-buttons-is-layout-5 wp-block-buttons-is-layout-flex\">\n<div class=\"wp-block-button\"><a class=\"wp-block-button__link has-light-green-cyan-to-vivid-green-cyan-gradient-background has-background wp-element-button\" href=\"https:\/\/med.estrategia.com\/portal\/wp-content\/uploads\/2021\/12\/FMUSP22-Resultado_1aFase-R1-pos_recursos.pdf\" target=\"_blank\">Resultado final 1&ordf; Fase &ndash; Acesso Direto<\/a><\/div>\n\n\n\n<div class=\"wp-block-button\"><a class=\"wp-block-button__link has-light-green-cyan-to-vivid-green-cyan-gradient-background has-background wp-element-button\" href=\"https:\/\/www.tekyou.com.br\/fmusp\/selecao2022\/primeira-fase-resultado-pos-recursos.php\" target=\"_blank\">Resultado 1&ordf; Fase &ndash; Outras Especialidades<\/a><\/div>\n<\/div><h3 class=\"wp-block-heading\" id=\"h-analise-curricular-e-entrevista-2&ordf;-fase\"><strong>An&aacute;lise Curricular e Entrevista (2&ordf; fase)<\/strong><\/h3><p>A <strong>An&aacute;lise Curricular e a Entrevista aconteceram entre os dias 10 e 14 de janeiro de 2022 <\/strong>de <strong>maneira presencial<\/strong> ou <strong>online<\/strong>, tendo como <strong>peso total 1<\/strong>. O <strong>Curriculum Vitae do participante deveria ser obrigatoriamente enviado<\/strong> entre os dias <strong>8 de dezembro de 2021 a 3 de janeiro de 2022, at&eacute; &agrave;s 16h.<\/strong>&nbsp;<\/p><h4 class=\"wp-block-heading\" id=\"h-a-prova-multimidia-anulada\"><strong>A Prova Multim&iacute;dia anulada<\/strong><\/h4><p>A 2&ordf; fase do processo seletivo, antes, era composta <strong>tanto pela Prova Multim&iacute;dia, quanto pela An&aacute;lise Curricular e Entrevista<\/strong>.<\/p><p>A <strong>Prova Multim&iacute;dia foi realizada no dia 19 de dezembro de 2021<\/strong> e <strong>possu&iacute;a peso 4<\/strong>. O exame foi constitu&iacute;do por <strong>10 quest&otilde;es audiovisuais<\/strong> que foram realizadas em computador no per&iacute;odo de 2 horas. As quest&otilde;es foram compostas por <strong>casos cl&iacute;nicos<\/strong> que deveriam ser analisados em <strong>respostas curtas<\/strong>.<\/p><p>Entretanto, a aplica&ccedil;&atilde;o da Prova Multim&iacute;dia foi falha e <strong>diversos candidatos foram prejudicados<\/strong>. O desempenho dos computadores utilizados pelos candidatos no momento do exame n&atilde;o foi adequado, al&eacute;m de existirem fortes ind&iacute;cios de fraudes na aplica&ccedil;&atilde;o da Prova Multim&iacute;dia. Por ambos os motivos, a USP-SP decidiu <strong>anular a Prova Multim&iacute;dia<\/strong> (<a href=\"https:\/\/www.tekyou.com.br\/fmusp\/selecao2022\/Edital_Cancelamento_da_Prova-COREME.pdf\" target=\"_blank\">confira o comunicado oficial<\/a>).<\/p><p>Ap&oacute;s a decis&atilde;o, a institui&ccedil;&atilde;o disponibilizou um formul&aacute;rio para que os candidatos possam sinalizar caso optem em desistir do processo seletivo e, em seguida, estes tiveram a taxa de inscri&ccedil;&atilde;o devolvida.<\/p><h3 class=\"wp-block-heading\" id=\"h-prova-pratica-2&ordf;-fase-para-anos-adicionais-e-areas-de-atuacao\">Prova pr&aacute;tica (2&ordf; fase para Anos Adicionais e &Aacute;reas de Atua&ccedil;&atilde;o)<\/h3><p>A 2&ordf; fase do seletivo para<strong> algumas das especialidades de Anos Adicionais e &Aacute;reas de Atua&ccedil;&atilde;o <\/strong>foi <strong>diferente<\/strong>. Ela contou com uma <strong>prova pr&aacute;tica<\/strong>, com peso <strong>4<\/strong>. A <strong>classifica&ccedil;&atilde;o <\/strong>dos candidatos que passaram para essa etapa foi disponibilizada no site da <a href=\"https:\/\/www.fm.usp.br\/fmusp\/portal\/\" target=\"_blank\">USP<\/a> e do <a href=\"https:\/\/www.tekyou.com.br\/home\/index.php\" target=\"_blank\">Tekyou<\/a> no dia <strong>7 de dezembro de 2021.<\/strong><\/p><p>A fase pr&aacute;tica foi documentada por meios<strong> gr&aacute;ficos ou eletr&ocirc;nicos<\/strong>. Confira, abaixo, os detalhes das especialidades e mais informa&ccedil;&otilde;es:<\/p><figure class=\"wp-block-table is-style-stripes\"><table class=\"has-light-green-cyan-to-vivid-green-cyan-gradient-background has-background has-fixed-layout\"><thead><tr><th>Especialidades<\/th><th class=\"has-text-align-center\" data-align=\"center\">Data, hora e local<\/th><\/tr><\/thead><tbody><tr><td>Medicina Paliativa<\/td><td class=\"has-text-align-center\" data-align=\"center\">13\/01\/2022, &agrave;s 08h30, via Google Meet<\/td><\/tr><tr><td>Psicogeriatria<\/td><td class=\"has-text-align-center\" data-align=\"center\">13\/01\/2022, &agrave;s 08h30, presencial<\/td><\/tr><tr><td>Psiquiatria da Inf&acirc;ncia e da Adolesc&ecirc;ncia<\/td><td class=\"has-text-align-center\" data-align=\"center\">10\/01\/2022, &agrave;s 08h30, presencial<\/td><\/tr><\/tbody><\/table><\/figure><h2 class=\"wp-block-heading\" id=\"h-resultado-final-da-residencia-medica-usp-sp-2022\"><span class=\"ez-toc-section\" id=\"Resultado-Final-da-Residencia-Medica-USP-SP-2022\"><\/span>Resultado Final da Resid&ecirc;ncia M&eacute;dica USP-SP 2022<span class=\"ez-toc-section-end\"><\/span><\/h2><p>O resultado final foi divulgado no dia <strong>3 de fevereiro de 2022<\/strong> e os candidatos podem conferir a sua classifica&ccedil;&atilde;o na&nbsp;<a target=\"_blank\" href=\"https:\/\/www.tekyou.com.br\/fmusp\/selecao2022\/login_candidato1.php\">&Aacute;rea do Participante.<\/a> Confira os aprovados em 1&ordf; chamada por ordem decrescente da nota final:<\/p><div class=\"wp-block-buttons is-horizontal is-content-justification-center is-layout-flex wp-container-core-buttons-is-layout-6 wp-block-buttons-is-layout-flex\">\n<div class=\"wp-block-button\"><a class=\"wp-block-button__link wp-element-button\">Resultado final USP-SP 2022<\/a><\/div>\n<\/div><p>Em caso de <strong>empate na nota<\/strong>, foram utilizados como crit&eacute;rios de desempate:<\/p><ol class=\"wp-block-list\">\n<li>A nota na 1&ordf; fase;<\/li>\n\n\n\n<li>A nota na 2&ordf; fase; ou<\/li>\n\n\n\n<li>A idade, com privil&eacute;gio para o mais velho.<\/li>\n<\/ol><h2 class=\"wp-block-heading\" id=\"h-estudando-para-a-residencia-medica-na-usp-sp-2023\"><span class=\"ez-toc-section\" id=\"Estudando-para-a-residencia-medica-na-USP-SP-2023\"><\/span>Estudando para a resid&ecirc;ncia m&eacute;dica na USP SP 2023<span class=\"ez-toc-section-end\"><\/span><\/h2><p>Um meio para aproveitar seus estudos &eacute; <strong>estudar por meio de <a href=\"https:\/\/med.estrategia.com\/portal\/simulados\/simulado-usp-sp-emed\/\" target=\"_blank\">resolu&ccedil;&otilde;es de quest&otilde;es<\/a><\/strong>. A partir delas que os <strong>candidatos conhecem as provas<\/strong>, <strong>praticam as teorias<\/strong> estudadas e conseguem praticar o tempo gasto para resolver cada uma das quest&otilde;es.<\/p><p>Por isso, se voc&ecirc; est&aacute; se <strong>preparando para uma prova de resid&ecirc;ncia m&eacute;dica<\/strong>, j&aacute; conhe&ccedil;a o <strong>Banco de Quest&otilde;es do Estrat&eacute;gia MED<\/strong>. S&atilde;o milhares de<strong> quest&otilde;es<\/strong> cadastradas para voc&ecirc; estudar, treinar muito, e ainda com corre&ccedil;&otilde;es exclusivas da nossa equipe de professores!<\/p><p>\n\n\n\n<a id=\"cta\" class=\"cta-imagem\" href=\"https:\/\/med.estrategia.com\/curso\/curso-intensivo-para-residencia-medica\/\" target=\"blank\">\n                <img decoding=\"async\" width=\"100%\" src=\"https:\/\/med.estrategia.com\/portal\/wp-content\/uploads\/2025\/08\/intensivo_rm.jpg\" alt=\"intensivo_rm\" title=\"intensivo_rm\">\n        <\/a>\n\n\n\n\n\n<\/p><h2 class=\"wp-block-heading\" id=\"h-veja-tambem\"><span class=\"ez-toc-section\" id=\"Veja-tambem\"><\/span>Veja tamb&eacute;m:<span class=\"ez-toc-section-end\"><\/span><\/h2><ul class=\"wp-block-list\">\n<li><a style='font-family: -apple-system, BlinkMacSystemFont, \"Segoe UI\", Roboto, Oxygen-Sans, Ubuntu, Cantarell, \"Helvetica Neue\", sans-serif;' href=\"https:\/\/med.estrategia.com\/portal\/residencia-medica\/usp-rp-residencia-medica\/\">Resid&ecirc;ncia M&eacute;dica USP RP<\/a><\/li>\n\n\n\n<li><a href=\"https:\/\/med.estrategia.com\/portal\/residencia-medica\/sus-sp-residencia-medica\/\">Resid&ecirc;ncia M&eacute;dica SUS SP<\/a><\/li>\n\n\n\n<li><a href=\"https:\/\/med.estrategia.com\/portal\/residencia-medica\/sms-sp-residencia-medica\/\">Resid&ecirc;ncia M&eacute;dica SMS SP (Susinho)<\/a><\/li>\n\n\n\n<li><a href=\"https:\/\/med.estrategia.com\/portal\/residencia-medica\/iamspe-residencia-medica\/\">Resid&ecirc;ncia M&eacute;dica IAMSPE<\/a><\/li>\n\n\n\n<li><a href=\"https:\/\/med.estrategia.com\/portal\/residencia-medica\/residencia-medica-unicamp\/\">Resid&ecirc;ncia M&eacute;dica Unicamp<\/a><\/li>\n\n\n\n<li><a href=\"https:\/\/med.estrategia.com\/portal\/residencia-medica\/unesp-residencia-medica\/\">Resid&ecirc;ncia M&eacute;dica Unesp<\/a><\/li>\n\n\n\n<li><a href=\"https:\/\/med.estrategia.com\/portal\/residencia-medica\/unifesp-residencia-medica\/\">Resid&ecirc;ncia M&eacute;dica Unifesp<\/a><\/li>\n\n\n\n<li><a href=\"https:\/\/med.estrategia.com\/portal\/residencia-medica\/especialidades\/10-residencias-medicas-com-mais-vagas-por-especialidade\/\">10 Resid&ecirc;ncias M&eacute;dicas com mais vagas por especialidade<\/a><\/li>\n\n\n\n<li><a href=\"https:\/\/med.estrategia.com\/portal\/residencia-medica\/residencias-medicas-mais-concorridos\/\">10 Resid&ecirc;ncias M&eacute;dicas mais concorridas<\/a><\/li>\n\n\n\n<li><a href=\"https:\/\/med.estrategia.com\/portal\/residencia-medica\/enare-vagas-cronograma-provas-edital\/\">Resid&ecirc;ncia M&eacute;dica ENARE<\/a><\/li>\n<\/ul><\/p>\n","protected":false},"excerpt":{"rendered":"Quer saber tudo sobre o processo seletivo para Resid&ecirc;ncia M&eacute;dica da USP SP 2022? Ent&atilde;o, n&atilde;o perca o&hellip;\n","protected":false},"author":10,"featured_media":9848,"comment_status":"open","ping_status":"open","sticky":false,"template":"","format":"standard","meta":{"wl_entities_gutenberg":"","footnotes":""},"categories":[24],"tags":[],"wl_entity_type":[199],"class_list":{"0":"post-27328","1":"post","2":"type-post","3":"status-publish","4":"format-standard","5":"has-post-thumbnail","7":"category-residencia-medica","8":"wl_entity_type-article"},"acf":[],"yoast_head":"<!-- This site is optimized with the Yoast SEO Premium plugin v26.6 (Yoast SEO v26.6) - https:\/\/yoast.com\/wordpress\/plugins\/seo\/ -->\n<title>Resid\u00eancia M\u00e9dica USP SP 2022: tudo sobre a \u00faltima edi\u00e7\u00e3o!<\/title>\n<meta name=\"description\" content=\"Saiba mais sobre o processo seletivo para Resid\u00eancia M\u00e9dica da USP SP e n\u00e3o perca o que o Estrat\u00e9gia MED preparou para voc\u00ea! Confira!\" \/>\n<meta name=\"robots\" content=\"index, follow, max-snippet:-1, max-image-preview:large, max-video-preview:-1\" \/>\n<link rel=\"canonical\" href=\"https:\/\/med.estrategia.com\/portal\/residencia-medica\/residencia-medica-usp-sp-2022-tudo-sobre-a-ultima-edicao\/\" \/>\n<meta property=\"og:locale\" content=\"pt_BR\" \/>\n<meta property=\"og:type\" content=\"article\" \/>\n<meta property=\"og:title\" content=\"Resid\u00eancia M\u00e9dica USP SP 2022: tudo sobre a \u00faltima edi\u00e7\u00e3o!\" \/>\n<meta property=\"og:description\" content=\"Saiba mais sobre o processo seletivo para Resid\u00eancia M\u00e9dica da USP SP e n\u00e3o perca o que o Estrat\u00e9gia MED preparou para voc\u00ea! Confira!\" \/>\n<meta property=\"og:url\" content=\"https:\/\/med.estrategia.com\/portal\/residencia-medica\/residencia-medica-usp-sp-2022-tudo-sobre-a-ultima-edicao\/\" \/>\n<meta property=\"og:site_name\" content=\"Estrat\u00e9gia MED\" \/>\n<meta property=\"article:publisher\" content=\"https:\/\/www.facebook.com\/estrategiamed1\" \/>\n<meta property=\"article:published_time\" content=\"2022-10-19T22:10:07+00:00\" \/>\n<meta property=\"article:modified_time\" content=\"2023-09-07T20:35:43+00:00\" \/>\n<meta property=\"og:image\" content=\"https:\/\/cdn.medblog.estrategiaeducacional.com.br\/wp-content\/uploads\/2020\/12\/08105958\/Provao-de-bolsas-2.jpg\" \/>\n\t<meta property=\"og:image:width\" content=\"1920\" \/>\n\t<meta property=\"og:image:height\" content=\"1080\" \/>\n\t<meta property=\"og:image:type\" content=\"image\/jpeg\" \/>\n<meta name=\"author\" content=\"Beatriz Testa\" \/>\n<meta name=\"twitter:card\" content=\"summary_large_image\" \/>\n<meta name=\"twitter:creator\" content=\"@estrategiamed_\" \/>\n<meta name=\"twitter:site\" content=\"@estrategiamed_\" \/>\n<meta name=\"twitter:label1\" content=\"Escrito por\" \/>\n\t<meta name=\"twitter:data1\" content=\"Beatriz Testa\" \/>\n\t<meta name=\"twitter:label2\" content=\"Est. tempo de leitura\" \/>\n\t<meta name=\"twitter:data2\" content=\"17 minutos\" \/>\n<script type=\"application\/ld+json\" class=\"yoast-schema-graph\">{\"@context\":\"https:\/\/schema.org\",\"@graph\":[{\"@type\":\"WebPage\",\"@id\":\"https:\/\/med.estrategia.com\/portal\/residencia-medica\/residencia-medica-usp-sp-2022-tudo-sobre-a-ultima-edicao\/\",\"url\":\"https:\/\/med.estrategia.com\/portal\/residencia-medica\/residencia-medica-usp-sp-2022-tudo-sobre-a-ultima-edicao\/\",\"name\":\"Resid\u00eancia M\u00e9dica USP SP 2022: tudo sobre a \u00faltima edi\u00e7\u00e3o!\",\"isPartOf\":{\"@id\":\"https:\/\/med.estrategia.com\/portal\/#website\"},\"primaryImageOfPage\":{\"@id\":\"https:\/\/med.estrategia.com\/portal\/residencia-medica\/residencia-medica-usp-sp-2022-tudo-sobre-a-ultima-edicao\/#primaryimage\"},\"image\":{\"@id\":\"https:\/\/med.estrategia.com\/portal\/residencia-medica\/residencia-medica-usp-sp-2022-tudo-sobre-a-ultima-edicao\/#primaryimage\"},\"thumbnailUrl\":\"https:\/\/med.estrategia.com\/portal\/wp-content\/uploads\/2020\/12\/Provao-de-bolsas-2.jpg\",\"datePublished\":\"2022-10-19T22:10:07+00:00\",\"dateModified\":\"2023-09-07T20:35:43+00:00\",\"author\":{\"@id\":\"https:\/\/med.estrategia.com\/portal\/#\/schema\/person\/b7dbcd5a280cfd98cc9f95fb82338fe3\"},\"description\":\"Saiba mais sobre o processo seletivo para Resid\u00eancia M\u00e9dica da USP SP e n\u00e3o perca o que o Estrat\u00e9gia MED preparou para voc\u00ea! Confira!\",\"breadcrumb\":{\"@id\":\"https:\/\/med.estrategia.com\/portal\/residencia-medica\/residencia-medica-usp-sp-2022-tudo-sobre-a-ultima-edicao\/#breadcrumb\"},\"inLanguage\":\"pt-BR\",\"potentialAction\":[{\"@type\":\"ReadAction\",\"target\":[\"https:\/\/med.estrategia.com\/portal\/residencia-medica\/residencia-medica-usp-sp-2022-tudo-sobre-a-ultima-edicao\/\"]}]},{\"@type\":\"ImageObject\",\"inLanguage\":\"pt-BR\",\"@id\":\"https:\/\/med.estrategia.com\/portal\/residencia-medica\/residencia-medica-usp-sp-2022-tudo-sobre-a-ultima-edicao\/#primaryimage\",\"url\":\"https:\/\/med.estrategia.com\/portal\/wp-content\/uploads\/2020\/12\/Provao-de-bolsas-2.jpg\",\"contentUrl\":\"https:\/\/med.estrategia.com\/portal\/wp-content\/uploads\/2020\/12\/Provao-de-bolsas-2.jpg\",\"width\":1920,\"height\":1080,\"caption\":\"USP SP Resid\u00eancia M\u00e9dica - Estrat\u00e9gia MED\"},{\"@type\":\"BreadcrumbList\",\"@id\":\"https:\/\/med.estrategia.com\/portal\/residencia-medica\/residencia-medica-usp-sp-2022-tudo-sobre-a-ultima-edicao\/#breadcrumb\",\"itemListElement\":[{\"@type\":\"ListItem\",\"position\":1,\"name\":\"Home\",\"item\":\"https:\/\/med.estrategia.com\/portal\/\"},{\"@type\":\"ListItem\",\"position\":2,\"name\":\"Resid\u00eancia M\u00e9dica\",\"item\":\"https:\/\/med.estrategia.com\/portal\/residencia-medica\/\"},{\"@type\":\"ListItem\",\"position\":3,\"name\":\"Resid\u00eancia M\u00e9dica USP SP 2022: tudo sobre a \u00faltima edi\u00e7\u00e3o!\"}]},{\"@type\":\"WebSite\",\"@id\":\"https:\/\/med.estrategia.com\/portal\/#website\",\"url\":\"https:\/\/med.estrategia.com\/portal\/\",\"name\":\"Estrat\u00e9gia MED\",\"description\":\"\",\"potentialAction\":[{\"@type\":\"SearchAction\",\"target\":{\"@type\":\"EntryPoint\",\"urlTemplate\":\"https:\/\/med.estrategia.com\/portal\/?s={search_term_string}\"},\"query-input\":{\"@type\":\"PropertyValueSpecification\",\"valueRequired\":true,\"valueName\":\"search_term_string\"}}],\"inLanguage\":\"pt-BR\"},{\"@type\":\"Person\",\"@id\":\"https:\/\/med.estrategia.com\/portal\/#\/schema\/person\/b7dbcd5a280cfd98cc9f95fb82338fe3\",\"name\":\"Beatriz Testa\",\"image\":{\"@type\":\"ImageObject\",\"inLanguage\":\"pt-BR\",\"@id\":\"https:\/\/med.estrategia.com\/portal\/#\/schema\/person\/image\/\",\"url\":\"https:\/\/secure.gravatar.com\/avatar\/e87f00de46242bcd24922a3678dae2b5?s=96&d=mm&r=g\",\"contentUrl\":\"https:\/\/secure.gravatar.com\/avatar\/e87f00de46242bcd24922a3678dae2b5?s=96&d=mm&r=g\",\"caption\":\"Beatriz Testa\"},\"description\":\"Beatriz, a santista que cursa jornalismo na grande S\u00e3o Paulo. Amo dan\u00e7ar e ler, mas minha grande paix\u00e3o \u00e9 a escrita. Quando n\u00e3o consigo me expressar na fala, \u00e9 a\u00ed escrita entra em cena.\",\"url\":\"https:\/\/med.estrategia.com\/portal\/author\/beatriz-testa\/\"}]}<\/script>\n<!-- \/ Yoast SEO Premium plugin. -->","yoast_head_json":{"title":"Resid\u00eancia M\u00e9dica USP SP 2022: tudo sobre a \u00faltima edi\u00e7\u00e3o!","description":"Saiba mais sobre o processo seletivo para Resid\u00eancia M\u00e9dica da USP SP e n\u00e3o perca o que o Estrat\u00e9gia MED preparou para voc\u00ea! Confira!","robots":{"index":"index","follow":"follow","max-snippet":"max-snippet:-1","max-image-preview":"max-image-preview:large","max-video-preview":"max-video-preview:-1"},"canonical":"https:\/\/med.estrategia.com\/portal\/residencia-medica\/residencia-medica-usp-sp-2022-tudo-sobre-a-ultima-edicao\/","og_locale":"pt_BR","og_type":"article","og_title":"Resid\u00eancia M\u00e9dica USP SP 2022: tudo sobre a \u00faltima edi\u00e7\u00e3o!","og_description":"Saiba mais sobre o processo seletivo para Resid\u00eancia M\u00e9dica da USP SP e n\u00e3o perca o que o Estrat\u00e9gia MED preparou para voc\u00ea! Confira!","og_url":"https:\/\/med.estrategia.com\/portal\/residencia-medica\/residencia-medica-usp-sp-2022-tudo-sobre-a-ultima-edicao\/","og_site_name":"Estrat\u00e9gia MED","article_publisher":"https:\/\/www.facebook.com\/estrategiamed1","article_published_time":"2022-10-19T22:10:07+00:00","article_modified_time":"2023-09-07T20:35:43+00:00","og_image":[{"width":1920,"height":1080,"url":"https:\/\/cdn.medblog.estrategiaeducacional.com.br\/wp-content\/uploads\/2020\/12\/08105958\/Provao-de-bolsas-2.jpg","type":"image\/jpeg"}],"author":"Beatriz Testa","twitter_card":"summary_large_image","twitter_creator":"@estrategiamed_","twitter_site":"@estrategiamed_","twitter_misc":{"Escrito por":"Beatriz Testa","Est. tempo de leitura":"17 minutos"},"schema":{"@context":"https:\/\/schema.org","@graph":[{"@type":"WebPage","@id":"https:\/\/med.estrategia.com\/portal\/residencia-medica\/residencia-medica-usp-sp-2022-tudo-sobre-a-ultima-edicao\/","url":"https:\/\/med.estrategia.com\/portal\/residencia-medica\/residencia-medica-usp-sp-2022-tudo-sobre-a-ultima-edicao\/","name":"Resid\u00eancia M\u00e9dica USP SP 2022: tudo sobre a \u00faltima edi\u00e7\u00e3o!","isPartOf":{"@id":"https:\/\/med.estrategia.com\/portal\/#website"},"primaryImageOfPage":{"@id":"https:\/\/med.estrategia.com\/portal\/residencia-medica\/residencia-medica-usp-sp-2022-tudo-sobre-a-ultima-edicao\/#primaryimage"},"image":{"@id":"https:\/\/med.estrategia.com\/portal\/residencia-medica\/residencia-medica-usp-sp-2022-tudo-sobre-a-ultima-edicao\/#primaryimage"},"thumbnailUrl":"https:\/\/med.estrategia.com\/portal\/wp-content\/uploads\/2020\/12\/Provao-de-bolsas-2.jpg","datePublished":"2022-10-19T22:10:07+00:00","dateModified":"2023-09-07T20:35:43+00:00","author":{"@id":"https:\/\/med.estrategia.com\/portal\/#\/schema\/person\/b7dbcd5a280cfd98cc9f95fb82338fe3"},"description":"Saiba mais sobre o processo seletivo para Resid\u00eancia M\u00e9dica da USP SP e n\u00e3o perca o que o Estrat\u00e9gia MED preparou para voc\u00ea! Confira!","breadcrumb":{"@id":"https:\/\/med.estrategia.com\/portal\/residencia-medica\/residencia-medica-usp-sp-2022-tudo-sobre-a-ultima-edicao\/#breadcrumb"},"inLanguage":"pt-BR","potentialAction":[{"@type":"ReadAction","target":["https:\/\/med.estrategia.com\/portal\/residencia-medica\/residencia-medica-usp-sp-2022-tudo-sobre-a-ultima-edicao\/"]}]},{"@type":"ImageObject","inLanguage":"pt-BR","@id":"https:\/\/med.estrategia.com\/portal\/residencia-medica\/residencia-medica-usp-sp-2022-tudo-sobre-a-ultima-edicao\/#primaryimage","url":"https:\/\/med.estrategia.com\/portal\/wp-content\/uploads\/2020\/12\/Provao-de-bolsas-2.jpg","contentUrl":"https:\/\/med.estrategia.com\/portal\/wp-content\/uploads\/2020\/12\/Provao-de-bolsas-2.jpg","width":1920,"height":1080,"caption":"USP SP Resid\u00eancia M\u00e9dica - Estrat\u00e9gia MED"},{"@type":"BreadcrumbList","@id":"https:\/\/med.estrategia.com\/portal\/residencia-medica\/residencia-medica-usp-sp-2022-tudo-sobre-a-ultima-edicao\/#breadcrumb","itemListElement":[{"@type":"ListItem","position":1,"name":"Home","item":"https:\/\/med.estrategia.com\/portal\/"},{"@type":"ListItem","position":2,"name":"Resid\u00eancia M\u00e9dica","item":"https:\/\/med.estrategia.com\/portal\/residencia-medica\/"},{"@type":"ListItem","position":3,"name":"Resid\u00eancia M\u00e9dica USP SP 2022: tudo sobre a \u00faltima edi\u00e7\u00e3o!"}]},{"@type":"WebSite","@id":"https:\/\/med.estrategia.com\/portal\/#website","url":"https:\/\/med.estrategia.com\/portal\/","name":"Estrat\u00e9gia MED","description":"","potentialAction":[{"@type":"SearchAction","target":{"@type":"EntryPoint","urlTemplate":"https:\/\/med.estrategia.com\/portal\/?s={search_term_string}"},"query-input":{"@type":"PropertyValueSpecification","valueRequired":true,"valueName":"search_term_string"}}],"inLanguage":"pt-BR"},{"@type":"Person","@id":"https:\/\/med.estrategia.com\/portal\/#\/schema\/person\/b7dbcd5a280cfd98cc9f95fb82338fe3","name":"Beatriz Testa","image":{"@type":"ImageObject","inLanguage":"pt-BR","@id":"https:\/\/med.estrategia.com\/portal\/#\/schema\/person\/image\/","url":"https:\/\/secure.gravatar.com\/avatar\/e87f00de46242bcd24922a3678dae2b5?s=96&d=mm&r=g","contentUrl":"https:\/\/secure.gravatar.com\/avatar\/e87f00de46242bcd24922a3678dae2b5?s=96&d=mm&r=g","caption":"Beatriz Testa"},"description":"Beatriz, a santista que cursa jornalismo na grande S\u00e3o Paulo. Amo dan\u00e7ar e ler, mas minha grande paix\u00e3o \u00e9 a escrita. Quando n\u00e3o consigo me expressar na fala, \u00e9 a\u00ed escrita entra em cena.","url":"https:\/\/med.estrategia.com\/portal\/author\/beatriz-testa\/"}]}},"_wl_alt_label":[],"wl:entity_url":"\/post\/residencia-medica-usp-sp-2022-tudo-sobre-a-ultima-edicao","_links":{"self":[{"href":"https:\/\/med.estrategia.com\/portal\/wp-json\/wp\/v2\/posts\/27328","targetHints":{"allow":["GET"]}}],"collection":[{"href":"https:\/\/med.estrategia.com\/portal\/wp-json\/wp\/v2\/posts"}],"about":[{"href":"https:\/\/med.estrategia.com\/portal\/wp-json\/wp\/v2\/types\/post"}],"author":[{"embeddable":true,"href":"https:\/\/med.estrategia.com\/portal\/wp-json\/wp\/v2\/users\/10"}],"replies":[{"embeddable":true,"href":"https:\/\/med.estrategia.com\/portal\/wp-json\/wp\/v2\/comments?post=27328"}],"version-history":[{"count":6,"href":"https:\/\/med.estrategia.com\/portal\/wp-json\/wp\/v2\/posts\/27328\/revisions"}],"predecessor-version":[{"id":75778,"href":"https:\/\/med.estrategia.com\/portal\/wp-json\/wp\/v2\/posts\/27328\/revisions\/75778"}],"wp:featuredmedia":[{"embeddable":true,"href":"https:\/\/med.estrategia.com\/portal\/wp-json\/wp\/v2\/media\/9848"}],"wp:attachment":[{"href":"https:\/\/med.estrategia.com\/portal\/wp-json\/wp\/v2\/media?parent=27328"}],"wp:term":[{"taxonomy":"category","embeddable":true,"href":"https:\/\/med.estrategia.com\/portal\/wp-json\/wp\/v2\/categories?post=27328"},{"taxonomy":"post_tag","embeddable":true,"href":"https:\/\/med.estrategia.com\/portal\/wp-json\/wp\/v2\/tags?post=27328"},{"taxonomy":"wl_entity_type","embeddable":true,"href":"https:\/\/med.estrategia.com\/portal\/wp-json\/wp\/v2\/wl_entity_type?post=27328"}],"curies":[{"name":"wp","href":"https:\/\/api.w.org\/{rel}","templated":true}]}}